{"id":250865,"date":"2022-07-14T17:20:40","date_gmt":"2022-07-14T13:20:40","guid":{"rendered":"https:\/\/www.meydan.tv\/?p=250865"},"modified":"2022-07-14T17:20:42","modified_gmt":"2022-07-14T13:20:42","slug":"avropa-ittifaqi-azerbaycandan-sertsiz-qaz-almagi-planlasdirir","status":"publish","type":"post","link":"https:\/\/www.meydan.tv\/az\/article\/avropa-ittifaqi-azerbaycandan-sertsiz-qaz-almagi-planlasdirir\/","title":{"rendered":"Avropa \u0130ttifaq\u0131 Az\u0259rbaycandan \u015f\u0259rtsiz qaz alma\u011f\u0131 planla\u015fd\u0131r\u0131r"},"content":{"rendered":"\n<p><\/p>\n\n\n\n<p><em>Ekspert: \u201cBu layih\u0259 Az\u0259rbaycan\u0131n neftd\u0259n qaza transferini g\u0259lir bax\u0131m\u0131ndan \u0259v\u0259zl\u0259y\u0259c\u0259k&#8221;<\/em><\/p>\n\n\n\n<p>Avropa \u0130ttifaq\u0131 Rusiyadan as\u0131l\u0131l\u0131\u011f\u0131 azaltmaq \u00fc\u00e7\u00fcn Az\u0259rbaycanla qaz idxal\u0131 haqq\u0131nda qeyd-\u015f\u0259rtsiz sazi\u015f imzalama\u011fa haz\u0131rla\u015f\u0131r.<\/p>\n\n\n\n<p>Bu, A\u0130 v\u0259 Az\u0259rbaycan aras\u0131nda &#8220;Strateji t\u0259r\u0259fda\u015fl\u0131q X\u0259z\u0259rd\u0259n t\u0259bii qaz\u0131n Avropa \u0130ttifaq\u0131na v\u0259 ola bil\u0259r ki, Balkanlara t\u0259dar\u00fck\u00fcn\u00fc&#8221; n\u0259z\u0259rd\u0259 tutur.<\/p>\n\n\n\n<p>Bu bar\u0259d\u0259 &#8220;Turan&#8221; &#8220;EUobserver&#8221; n\u0259\u015frin\u0259 istinad\u0259n m\u0259lumat <a href=\"https:\/\/turan.az\/ext\/news\/2022\/7\/free\/politics_news\/az\/7083.htm\" target=\"_blank\" rel=\"noreferrer noopener\">yay\u0131b<\/a>.<\/p>\n\n\n\n<p>Bildirilib ki, sazi\u015fd\u0259 2027-ci ild\u0259 20 milyard kubmetr qaz t\u0259dar\u00fck\u00fc n\u0259z\u0259rd\u0259 tutulur:<\/p>\n\n\n\n<p>&#8220;Bunun \u00fc\u00e7\u00fcn b\u00f6y\u00fck investisiyalar yat\u0131r\u0131lacaq v\u0259 C\u0259nub Qaz D\u0259hlizi \u015f\u0259b\u0259k\u0259si geni\u015fl\u0259ndiril\u0259c\u0259k&#8221;.<\/p>\n\n\n\n<p>&#8220;Sazi\u015f layih\u0259sind\u0259 Az\u0259rbaycan\u0131n Erm\u0259nistanla &#8220;dondurulmu\u015f m\u00fcnaqi\u015f\u0259sin\u0259&#8221; toxunulur v\u0259 &#8220;bir-birinin \u0259razi b\u00fct\u00f6vl\u00fcy\u00fcn\u0259, beyn\u0259lxalq s\u0259rh\u0259dl\u0259rinin toxunulmazl\u0131\u011f\u0131na h\u00f6rm\u0259t v\u0259 d\u0259st\u0259k&#8221; ifad\u0259 olunur&#8221;,-dey\u0259 vur\u011fulan\u0131b.<\/p>\n\n\n\n<p>A\u0130 n\u00fcmay\u0259nd\u0259l\u0259ri memorandumun n\u0259 zaman imzalana bil\u0259c\u0259yini a\u00e7\u0131qlamasa da, qurumun energetika \u00fczr\u0259 komissar\u0131 Kadri Simson bu ay\u0131n sonunda Bak\u0131ya g\u0259l\u0259c\u0259k.<\/p>\n\n\n\n<p>\u0130yulun 19-da is\u0259 Br\u00fcsseld\u0259 t\u0259r\u0259fl\u0259r aras\u0131nda dan\u0131\u015f\u0131qlar\u0131n apar\u0131laca\u011f\u0131 bildirilir.<\/p>\n\n\n\n<p>Neft Ara\u015fd\u0131rmalar\u0131 M\u0259rk\u0259zinin r\u0259hb\u0259ri \u0130lham \u015eaban m\u0259lumat\u0131 Meydan TV-y\u0259 \u015f\u0259rh ed\u0259rk\u0259n xat\u0131rlad\u0131b ki, 2018-ci ild\u0259 Az\u0259rbaycan &#8220;\u015eahd\u0259niz 2&#8221; layih\u0259si \u00fczr\u0259 qaz\u0131n\u0131 bazara \u00e7\u0131xar\u0131b:<\/p>\n\n\n\n<p>&#8220;Bundan sonrak\u0131 m\u0259rh\u0259l\u0259d\u0259 &#8220;\u015eahd\u0259niz 2&#8243; qaz\u0131n\u0131n Avropa bazar\u0131na \u00e7\u0131xar\u0131lmas\u0131 2020-ci ilin dekar\u0131n 31-d\u0259 ba\u015f tutdu. N\u00f6vb\u0259ti m\u0259rh\u0259l\u0259d\u0259 is\u0259 2013-c\u00fc ild\u0259ki raz\u0131la\u015fmaya \u0259sas\u0259n Avropada Az\u0259rbaycan qaz\u0131n\u0131 da\u015f\u0131yan Trans Adiratik Boru (TAP) k\u0259m\u0259rinin burax\u0131l\u0131caq g\u00fcc\u00fcn\u00fcn 2 d\u0259f\u0259 art\u0131r\u0131lmas\u0131 g\u00fcnd\u0259m\u0259 g\u0259ldi. O vaxtdan b\u0259ri 2021-2022-ci ill\u0259r d\u0259 daxil olmaqla Bak\u0131 v\u0259 Br\u00fcssel aras\u0131nda raz\u0131la\u015fman\u0131n kommersiya sazi\u015fin\u0259 \u00e7evrilm\u0259si \u00fcz\u0259rind\u0259 dan\u0131\u015f\u0131qlar gedir. Bir ne\u00e7\u0259 aydan sonra bunun kommersiya sazi\u015fin\u0259 \u00e7evrilm\u0259sini m\u00fc\u015fahid\u0259 ed\u0259 bil\u0259rik&#8221;.<\/p>\n\n\n\n<figure class=\"wp-block-image size-large\"><img decoding=\"async\" width=\"1200\" height=\"659\" data-src=\"https:\/\/www.meydan.tv\/wp-content\/uploads\/45209-1200x659.jpg\" alt=\"\u0130lham \u015eaban\" class=\"wp-image-113493 lazyload\" src=\"data:image\/svg+xml;base64,PHN2ZyB3aWR0aD0iMSIgaGVpZ2h0PSIxIiB4bWxucz0iaHR0cDovL3d3dy53My5vcmcvMjAwMC9zdmciPjwvc3ZnPg==\" style=\"--smush-placeholder-width: 1200px; --smush-placeholder-aspect-ratio: 1200\/659;\" \/><figcaption>\u0130lham \u015eaban. M\u0259nb\u0259: &#8220;Turan&#8221;<\/figcaption><\/figure>\n\n\n\n<p>\u0130lham \u015eaban\u0131n s\u00f6zl\u0259rin\u0259 g\u00f6r\u0259, imzalanacaq sazi\u015f s\u0131radan bir s\u0259n\u0259d deyil:<\/p>\n\n\n\n<p>&#8220;S\u0259n\u0259d imzalanandan sonra Avropa Birliyinin \u00fczv \u00f6k\u0259l\u0259rinin h\u0259r biri bunu ratifikasiya ed\u0259c\u0259k. Bu, Bak\u0131 il\u0259 Br\u00fcssel aras\u0131nda indiy\u0259 q\u0259d\u0259r m\u00f6vcud olmu\u015f sazi\u015fl\u0259rd\u0259n iqtisadi bax\u0131mdan \u00e7ox b\u00f6y\u00fck \u00f6n\u0259m da\u015f\u0131y\u0131r&#8221;.<\/p>\n\n\n\n<p>Ekspert s\u0259n\u0259din Az\u0259rbaycan \u00fc\u00e7\u00fcn hans\u0131 \u00fcst\u00fcnl\u00fckl\u0259ri olaca\u011f\u0131 bar\u0259d\u0259 suala bel\u0259 cavab verib:<\/p>\n\n\n\n<p>&#8220;T\u0259s\u0259vv\u00fcr edin ki, &#8220;\u015eahd\u0259niz&#8221;d\u0259n sonra ikinci b\u00f6y\u00fck qaz yata\u011f\u0131m\u0131z &#8220;Ab\u015feron&#8221;dur. Bu yataqdan 350 milyard kubmetr qaz \u00e7\u0131xar\u0131la bil\u0259r ki, bunun 50 milyard kubmetri daxili bazar \u00fc\u00e7\u00fcn n\u0259z\u0259rd\u0259 tutulub. Qalan\u0131 xarici bazarda sat\u0131lacaq. \u0130ndiy\u0259 q\u0259d\u0259r h\u0259min yata\u011f\u0131n i\u015fl\u0259nm\u0259si sual alt\u0131nda qal\u0131rd\u0131. Y\u0259ni hans\u0131 h\u0259cmd\u0259 v\u0259 hans\u0131 m\u00fcdd\u0259t\u0259 suallar\u0131 haqda qaz\u0131n al\u0131c\u0131lar\u0131ndan x\u0259b\u0259r yox idi\u201d.<\/p>\n\n\n\n<p>\u201cNec\u0259 ki, vaxtil\u0259 &#8220;\u015eahd\u0259niz 2&#8221; yata\u011f\u0131 b\u00f6y\u00fck bazarlara \u00e7\u0131xar\u0131ld\u0131, indi ikinci b\u00f6y\u00fck qaz yata\u011f\u0131 olan &#8220;Ab\u015feron&#8221;un tam i\u015fl\u0259nm\u0259si g\u00fcnd\u0259m\u0259 g\u0259lir. Avropadan s\u0131zan m\u0259lumatlara g\u00f6r\u0259 2027-ci ild\u0259 geni\u015fl\u0259ndirilmi\u015f C\u0259nub-Qaz D\u0259hlizi il\u0259 Az\u0259rbaycandan h\u0259r hans\u0131 \u015f\u0259rt ir\u0259li s\u00fcrm\u0259d\u0259n qaz almaq niyy\u0259tini ortaya qoyub. S\u00f6hb\u0259t 10 milyard kubmetrd\u0259n \u00e7ox qazdan gedir\u201d, &#8211; \u0130lham \u015eaban deyib.<\/p>\n\n\n\n<p>Ekspertin fikrinc\u0259, \u00e7ox maraql\u0131 m\u0259qam odur ki, \u00fc\u00e7\u00fcnc\u00fc enerji paketin\u0259 g\u00f6r\u0259 Avropan\u0131n \u0259razisin\u0259 daxil olan boru k\u0259m\u0259ri 50 faizd\u0259n \u00e7ox bir t\u0259chizat\u00e7\u0131n\u0131n inhisar\u0131nda ola bilm\u0259z:<\/p>\n\n\n\n<p>\u201cBel\u0259likl\u0259, yax\u0131n 35-40 il \u00fc\u00e7\u00fcn neft g\u0259lirl\u0259rini m\u00fc\u0259yy\u0259n q\u0259d\u0259r \u0259v\u0259zl\u0259y\u0259c\u0259k bir layih\u0259nin olaca\u011f\u0131n\u0131 dem\u0259k olar. Y\u0259ni bu layih\u0259 Az\u0259rbaycan\u0131n neftd\u0259n qaza transferini g\u0259lir bax\u0131m\u0131ndan \u0259v\u0259zl\u0259y\u0259c\u0259k&#8221;.<\/p>\n","protected":false},"excerpt":{"rendered":"<p>Ekspert: \u201cBu layih\u0259 Az\u0259rbaycan\u0131n neftd\u0259n qaza transferini g\u0259lir bax\u0131m\u0131ndan \u0259v\u0259zl\u0259y\u0259c\u0259k&#8221; &#8230; <\/p>\n<p class=\"read-more-container\"><a title=\"Avropa \u0130ttifaq\u0131 Az\u0259rbaycandan \u015f\u0259rtsiz qaz alma\u011f\u0131 planla\u015fd\u0131r\u0131r\" class=\"read-more button\" href=\"https:\/\/www.meydan.tv\/az\/article\/avropa-ittifaqi-azerbaycandan-sertsiz-qaz-almagi-planlasdirir\/#more-250865\" aria-label=\"Read more about Avropa \u0130ttifaq\u0131 Az\u0259rbaycandan \u015f\u0259rtsiz qaz alma\u011f\u0131 planla\u015fd\u0131r\u0131r\">Davam\u0131<\/a><\/p>\n","protected":false},"author":8,"featured_media":250868,"comment_status":"closed","ping_status":"closed","sticky":false,"template":"","format":"standard","meta":{"_acf_changed":false,"_sitemap_exclude":false,"_sitemap_priority":"","_sitemap_frequency":"","footnotes":""},"categories":[53,79,56],"tags":[],"class_list":["post-250865","post","type-post","status-publish","format-standard","has-post-thumbnail","hentry","category-iqtisadiyyat","category-featured","category-xeberler","infinite-scroll-item","generate-columns","tablet-grid-50","mobile-grid-100","grid-parent","grid-33","no-featured-image-padding"],"acf":[],"yoast_head":"<!-- This site is optimized with the Yoast SEO plugin v27.5 - https:\/\/yoast.com\/product\/yoast-seo-wordpress\/ -->\n<title>Avropa \u0130ttifaq\u0131 Az\u0259rbaycandan \u015f\u0259rtsiz qaz alma\u011f\u0131 planla\u015fd\u0131r\u0131r - MEYDAN.TV<\/title>\n<meta name=\"robots\" content=\"index, follow, max-snippet:-1, max-image-preview:large, max-video-preview:-1\" \/>\n<link rel=\"canonical\" href=\"https:\/\/www.meydan.tv\/az\/article\/avropa-ittifaqi-azerbaycandan-sertsiz-qaz-almagi-planlasdirir\/\" \/>\n<meta property=\"og:locale\" content=\"az_AZ\" \/>\n<meta property=\"og:type\" content=\"article\" \/>\n<meta property=\"og:title\" content=\"Avropa \u0130ttifaq\u0131 Az\u0259rbaycandan \u015f\u0259rtsiz qaz alma\u011f\u0131 planla\u015fd\u0131r\u0131r - MEYDAN.TV\" \/>\n<meta property=\"og:description\" content=\"Ekspert: \u201cBu layih\u0259 Az\u0259rbaycan\u0131n neftd\u0259n qaza transferini g\u0259lir bax\u0131m\u0131ndan \u0259v\u0259zl\u0259y\u0259c\u0259k&#8221; ... Davam\u0131\" \/>\n<meta property=\"og:url\" content=\"https:\/\/www.meydan.tv\/az\/article\/avropa-ittifaqi-azerbaycandan-sertsiz-qaz-almagi-planlasdirir\/\" \/>\n<meta property=\"og:site_name\" content=\"MEYDAN.TV\" \/>\n<meta property=\"article:published_time\" content=\"2022-07-14T13:20:40+00:00\" \/>\n<meta property=\"article:modified_time\" content=\"2022-07-14T13:20:42+00:00\" \/>\n<meta property=\"og:image\" content=\"https:\/\/www.meydan.tv\/wp-content\/uploads\/shutterstock_2118521900.jpg\" \/>\n\t<meta property=\"og:image:width\" content=\"1200\" \/>\n\t<meta property=\"og:image:height\" content=\"600\" \/>\n\t<meta property=\"og:image:type\" content=\"image\/jpeg\" \/>\n<meta name=\"author\" content=\"elli\" \/>\n<meta name=\"twitter:card\" content=\"summary_large_image\" \/>\n<meta name=\"twitter:creator\" content=\"@elli\" \/>\n<script type=\"application\/ld+json\" class=\"yoast-schema-graph\">{\"@context\":\"https:\\\/\\\/schema.org\",\"@graph\":[{\"@type\":\"Article\",\"@id\":\"https:\\\/\\\/www.meydan.tv\\\/az\\\/article\\\/avropa-ittifaqi-azerbaycandan-sertsiz-qaz-almagi-planlasdirir\\\/#article\",\"isPartOf\":{\"@id\":\"https:\\\/\\\/www.meydan.tv\\\/az\\\/article\\\/avropa-ittifaqi-azerbaycandan-sertsiz-qaz-almagi-planlasdirir\\\/\"},\"author\":{\"name\":\"elli\",\"@id\":\"https:\\\/\\\/www.meydan.tv\\\/az\\\/#\\\/schema\\\/person\\\/9cdbecf90d17180ce1dfbd95b08dcf47\"},\"headline\":\"Avropa \u0130ttifaq\u0131 Az\u0259rbaycandan \u015f\u0259rtsiz qaz alma\u011f\u0131 planla\u015fd\u0131r\u0131r\",\"datePublished\":\"2022-07-14T13:20:40+00:00\",\"dateModified\":\"2022-07-14T13:20:42+00:00\",\"mainEntityOfPage\":{\"@id\":\"https:\\\/\\\/www.meydan.tv\\\/az\\\/article\\\/avropa-ittifaqi-azerbaycandan-sertsiz-qaz-almagi-planlasdirir\\\/\"},\"wordCount\":732,\"publisher\":{\"@id\":\"https:\\\/\\\/www.meydan.tv\\\/az\\\/#organization\"},\"image\":{\"@id\":\"https:\\\/\\\/www.meydan.tv\\\/az\\\/article\\\/avropa-ittifaqi-azerbaycandan-sertsiz-qaz-almagi-planlasdirir\\\/#primaryimage\"},\"thumbnailUrl\":\"https:\\\/\\\/www.meydan.tv\\\/wp-content\\\/uploads\\\/shutterstock_2118521900.jpg\",\"articleSection\":[\"\u0130qtisadiyyat\",\"T\u00f6vsiy\u0259\",\"X\u0259b\u0259rl\u0259r\"],\"inLanguage\":\"az\"},{\"@type\":\"WebPage\",\"@id\":\"https:\\\/\\\/www.meydan.tv\\\/az\\\/article\\\/avropa-ittifaqi-azerbaycandan-sertsiz-qaz-almagi-planlasdirir\\\/\",\"url\":\"https:\\\/\\\/www.meydan.tv\\\/az\\\/article\\\/avropa-ittifaqi-azerbaycandan-sertsiz-qaz-almagi-planlasdirir\\\/\",\"name\":\"Avropa \u0130ttifaq\u0131 Az\u0259rbaycandan \u015f\u0259rtsiz qaz alma\u011f\u0131 planla\u015fd\u0131r\u0131r - MEYDAN.TV\",\"isPartOf\":{\"@id\":\"https:\\\/\\\/www.meydan.tv\\\/az\\\/#website\"},\"primaryImageOfPage\":{\"@id\":\"https:\\\/\\\/www.meydan.tv\\\/az\\\/article\\\/avropa-ittifaqi-azerbaycandan-sertsiz-qaz-almagi-planlasdirir\\\/#primaryimage\"},\"image\":{\"@id\":\"https:\\\/\\\/www.meydan.tv\\\/az\\\/article\\\/avropa-ittifaqi-azerbaycandan-sertsiz-qaz-almagi-planlasdirir\\\/#primaryimage\"},\"thumbnailUrl\":\"https:\\\/\\\/www.meydan.tv\\\/wp-content\\\/uploads\\\/shutterstock_2118521900.jpg\",\"datePublished\":\"2022-07-14T13:20:40+00:00\",\"dateModified\":\"2022-07-14T13:20:42+00:00\",\"breadcrumb\":{\"@id\":\"https:\\\/\\\/www.meydan.tv\\\/az\\\/article\\\/avropa-ittifaqi-azerbaycandan-sertsiz-qaz-almagi-planlasdirir\\\/#breadcrumb\"},\"inLanguage\":\"az\",\"potentialAction\":[{\"@type\":\"ReadAction\",\"target\":[\"https:\\\/\\\/www.meydan.tv\\\/az\\\/article\\\/avropa-ittifaqi-azerbaycandan-sertsiz-qaz-almagi-planlasdirir\\\/\"]}]},{\"@type\":\"ImageObject\",\"inLanguage\":\"az\",\"@id\":\"https:\\\/\\\/www.meydan.tv\\\/az\\\/article\\\/avropa-ittifaqi-azerbaycandan-sertsiz-qaz-almagi-planlasdirir\\\/#primaryimage\",\"url\":\"https:\\\/\\\/www.meydan.tv\\\/wp-content\\\/uploads\\\/shutterstock_2118521900.jpg\",\"contentUrl\":\"https:\\\/\\\/www.meydan.tv\\\/wp-content\\\/uploads\\\/shutterstock_2118521900.jpg\",\"width\":1200,\"height\":600,\"caption\":\"Az\u0259rbaycan qaz\u0131 v\u0259 Avropa. M\u0259nb\u0259: Aksabir\\\/shutterstock\"},{\"@type\":\"BreadcrumbList\",\"@id\":\"https:\\\/\\\/www.meydan.tv\\\/az\\\/article\\\/avropa-ittifaqi-azerbaycandan-sertsiz-qaz-almagi-planlasdirir\\\/#breadcrumb\",\"itemListElement\":[{\"@type\":\"ListItem\",\"position\":1,\"name\":\"Ana s\u0259hif\u0259\",\"item\":\"https:\\\/\\\/www.meydan.tv\\\/az\\\/\"},{\"@type\":\"ListItem\",\"position\":2,\"name\":\"\u0130qtisadiyyat\",\"item\":\"https:\\\/\\\/www.meydan.tv\\\/az\\\/section\\\/iqtisadiyyat\\\/\"},{\"@type\":\"ListItem\",\"position\":3,\"name\":\"Avropa \u0130ttifaq\u0131 Az\u0259rbaycandan \u015f\u0259rtsiz qaz alma\u011f\u0131 planla\u015fd\u0131r\u0131r\"}]},{\"@type\":\"WebSite\",\"@id\":\"https:\\\/\\\/www.meydan.tv\\\/az\\\/#website\",\"url\":\"https:\\\/\\\/www.meydan.tv\\\/az\\\/\",\"name\":\"MEYDAN.TV\",\"description\":\"Meydan TV Az\u0259rbaycan\u0131n media m\u0259kan\u0131ndak\u0131 alternativ s\u0259sidir\",\"publisher\":{\"@id\":\"https:\\\/\\\/www.meydan.tv\\\/az\\\/#organization\"},\"potentialAction\":[{\"@type\":\"SearchAction\",\"target\":{\"@type\":\"EntryPoint\",\"urlTemplate\":\"https:\\\/\\\/www.meydan.tv\\\/az\\\/?s={search_term_string}\"},\"query-input\":{\"@type\":\"PropertyValueSpecification\",\"valueRequired\":true,\"valueName\":\"search_term_string\"}}],\"inLanguage\":\"az\"},{\"@type\":\"Organization\",\"@id\":\"https:\\\/\\\/www.meydan.tv\\\/az\\\/#organization\",\"name\":\"Meydan TV\",\"url\":\"https:\\\/\\\/www.meydan.tv\\\/az\\\/\",\"logo\":{\"@type\":\"ImageObject\",\"inLanguage\":\"az\",\"@id\":\"https:\\\/\\\/www.meydan.tv\\\/az\\\/#\\\/schema\\\/logo\\\/image\\\/\",\"url\":\"https:\\\/\\\/www.meydan.tv\\\/wp-content\\\/uploads\\\/2021\\\/07\\\/meydan-logo.svg\",\"contentUrl\":\"https:\\\/\\\/www.meydan.tv\\\/wp-content\\\/uploads\\\/2021\\\/07\\\/meydan-logo.svg\",\"width\":195,\"height\":46,\"caption\":\"Meydan TV\"},\"image\":{\"@id\":\"https:\\\/\\\/www.meydan.tv\\\/az\\\/#\\\/schema\\\/logo\\\/image\\\/\"}},{\"@type\":\"Person\",\"@id\":\"https:\\\/\\\/www.meydan.tv\\\/az\\\/#\\\/schema\\\/person\\\/9cdbecf90d17180ce1dfbd95b08dcf47\",\"name\":\"elli\",\"sameAs\":[\"https:\\\/\\\/x.com\\\/elli\"]}]}<\/script>\n<!-- \/ Yoast SEO plugin. -->","yoast_head_json":{"title":"Avropa \u0130ttifaq\u0131 Az\u0259rbaycandan \u015f\u0259rtsiz qaz alma\u011f\u0131 planla\u015fd\u0131r\u0131r - MEYDAN.TV","robots":{"index":"index","follow":"follow","max-snippet":"max-snippet:-1","max-image-preview":"max-image-preview:large","max-video-preview":"max-video-preview:-1"},"canonical":"https:\/\/www.meydan.tv\/az\/article\/avropa-ittifaqi-azerbaycandan-sertsiz-qaz-almagi-planlasdirir\/","og_locale":"az_AZ","og_type":"article","og_title":"Avropa \u0130ttifaq\u0131 Az\u0259rbaycandan \u015f\u0259rtsiz qaz alma\u011f\u0131 planla\u015fd\u0131r\u0131r - MEYDAN.TV","og_description":"Ekspert: \u201cBu layih\u0259 Az\u0259rbaycan\u0131n neftd\u0259n qaza transferini g\u0259lir bax\u0131m\u0131ndan \u0259v\u0259zl\u0259y\u0259c\u0259k&#8221; ... Davam\u0131","og_url":"https:\/\/www.meydan.tv\/az\/article\/avropa-ittifaqi-azerbaycandan-sertsiz-qaz-almagi-planlasdirir\/","og_site_name":"MEYDAN.TV","article_published_time":"2022-07-14T13:20:40+00:00","article_modified_time":"2022-07-14T13:20:42+00:00","og_image":[{"width":1200,"height":600,"url":"https:\/\/www.meydan.tv\/wp-content\/uploads\/shutterstock_2118521900.jpg","type":"image\/jpeg"}],"author":"elli","twitter_card":"summary_large_image","twitter_creator":"@elli","schema":{"@context":"https:\/\/schema.org","@graph":[{"@type":"Article","@id":"https:\/\/www.meydan.tv\/az\/article\/avropa-ittifaqi-azerbaycandan-sertsiz-qaz-almagi-planlasdirir\/#article","isPartOf":{"@id":"https:\/\/www.meydan.tv\/az\/article\/avropa-ittifaqi-azerbaycandan-sertsiz-qaz-almagi-planlasdirir\/"},"author":{"name":"elli","@id":"https:\/\/www.meydan.tv\/az\/#\/schema\/person\/9cdbecf90d17180ce1dfbd95b08dcf47"},"headline":"Avropa \u0130ttifaq\u0131 Az\u0259rbaycandan \u015f\u0259rtsiz qaz alma\u011f\u0131 planla\u015fd\u0131r\u0131r","datePublished":"2022-07-14T13:20:40+00:00","dateModified":"2022-07-14T13:20:42+00:00","mainEntityOfPage":{"@id":"https:\/\/www.meydan.tv\/az\/article\/avropa-ittifaqi-azerbaycandan-sertsiz-qaz-almagi-planlasdirir\/"},"wordCount":732,"publisher":{"@id":"https:\/\/www.meydan.tv\/az\/#organization"},"image":{"@id":"https:\/\/www.meydan.tv\/az\/article\/avropa-ittifaqi-azerbaycandan-sertsiz-qaz-almagi-planlasdirir\/#primaryimage"},"thumbnailUrl":"https:\/\/www.meydan.tv\/wp-content\/uploads\/shutterstock_2118521900.jpg","articleSection":["\u0130qtisadiyyat","T\u00f6vsiy\u0259","X\u0259b\u0259rl\u0259r"],"inLanguage":"az"},{"@type":"WebPage","@id":"https:\/\/www.meydan.tv\/az\/article\/avropa-ittifaqi-azerbaycandan-sertsiz-qaz-almagi-planlasdirir\/","url":"https:\/\/www.meydan.tv\/az\/article\/avropa-ittifaqi-azerbaycandan-sertsiz-qaz-almagi-planlasdirir\/","name":"Avropa \u0130ttifaq\u0131 Az\u0259rbaycandan \u015f\u0259rtsiz qaz alma\u011f\u0131 planla\u015fd\u0131r\u0131r - MEYDAN.TV","isPartOf":{"@id":"https:\/\/www.meydan.tv\/az\/#website"},"primaryImageOfPage":{"@id":"https:\/\/www.meydan.tv\/az\/article\/avropa-ittifaqi-azerbaycandan-sertsiz-qaz-almagi-planlasdirir\/#primaryimage"},"image":{"@id":"https:\/\/www.meydan.tv\/az\/article\/avropa-ittifaqi-azerbaycandan-sertsiz-qaz-almagi-planlasdirir\/#primaryimage"},"thumbnailUrl":"https:\/\/www.meydan.tv\/wp-content\/uploads\/shutterstock_2118521900.jpg","datePublished":"2022-07-14T13:20:40+00:00","dateModified":"2022-07-14T13:20:42+00:00","breadcrumb":{"@id":"https:\/\/www.meydan.tv\/az\/article\/avropa-ittifaqi-azerbaycandan-sertsiz-qaz-almagi-planlasdirir\/#breadcrumb"},"inLanguage":"az","potentialAction":[{"@type":"ReadAction","target":["https:\/\/www.meydan.tv\/az\/article\/avropa-ittifaqi-azerbaycandan-sertsiz-qaz-almagi-planlasdirir\/"]}]},{"@type":"ImageObject","inLanguage":"az","@id":"https:\/\/www.meydan.tv\/az\/article\/avropa-ittifaqi-azerbaycandan-sertsiz-qaz-almagi-planlasdirir\/#primaryimage","url":"https:\/\/www.meydan.tv\/wp-content\/uploads\/shutterstock_2118521900.jpg","contentUrl":"https:\/\/www.meydan.tv\/wp-content\/uploads\/shutterstock_2118521900.jpg","width":1200,"height":600,"caption":"Az\u0259rbaycan qaz\u0131 v\u0259 Avropa. M\u0259nb\u0259: Aksabir\/shutterstock"},{"@type":"BreadcrumbList","@id":"https:\/\/www.meydan.tv\/az\/article\/avropa-ittifaqi-azerbaycandan-sertsiz-qaz-almagi-planlasdirir\/#breadcrumb","itemListElement":[{"@type":"ListItem","position":1,"name":"Ana s\u0259hif\u0259","item":"https:\/\/www.meydan.tv\/az\/"},{"@type":"ListItem","position":2,"name":"\u0130qtisadiyyat","item":"https:\/\/www.meydan.tv\/az\/section\/iqtisadiyyat\/"},{"@type":"ListItem","position":3,"name":"Avropa \u0130ttifaq\u0131 Az\u0259rbaycandan \u015f\u0259rtsiz qaz alma\u011f\u0131 planla\u015fd\u0131r\u0131r"}]},{"@type":"WebSite","@id":"https:\/\/www.meydan.tv\/az\/#website","url":"https:\/\/www.meydan.tv\/az\/","name":"MEYDAN.TV","description":"Meydan TV Az\u0259rbaycan\u0131n media m\u0259kan\u0131ndak\u0131 alternativ s\u0259sidir","publisher":{"@id":"https:\/\/www.meydan.tv\/az\/#organization"},"potentialAction":[{"@type":"SearchAction","target":{"@type":"EntryPoint","urlTemplate":"https:\/\/www.meydan.tv\/az\/?s={search_term_string}"},"query-input":{"@type":"PropertyValueSpecification","valueRequired":true,"valueName":"search_term_string"}}],"inLanguage":"az"},{"@type":"Organization","@id":"https:\/\/www.meydan.tv\/az\/#organization","name":"Meydan TV","url":"https:\/\/www.meydan.tv\/az\/","logo":{"@type":"ImageObject","inLanguage":"az","@id":"https:\/\/www.meydan.tv\/az\/#\/schema\/logo\/image\/","url":"https:\/\/www.meydan.tv\/wp-content\/uploads\/2021\/07\/meydan-logo.svg","contentUrl":"https:\/\/www.meydan.tv\/wp-content\/uploads\/2021\/07\/meydan-logo.svg","width":195,"height":46,"caption":"Meydan TV"},"image":{"@id":"https:\/\/www.meydan.tv\/az\/#\/schema\/logo\/image\/"}},{"@type":"Person","@id":"https:\/\/www.meydan.tv\/az\/#\/schema\/person\/9cdbecf90d17180ce1dfbd95b08dcf47","name":"elli","sameAs":["https:\/\/x.com\/elli"]}]}},"_links":{"self":[{"href":"https:\/\/www.meydan.tv\/az\/wp-json\/wp\/v2\/posts\/250865","targetHints":{"allow":["GET"]}}],"collection":[{"href":"https:\/\/www.meydan.tv\/az\/wp-json\/wp\/v2\/posts"}],"about":[{"href":"https:\/\/www.meydan.tv\/az\/wp-json\/wp\/v2\/types\/post"}],"author":[{"embeddable":true,"href":"https:\/\/www.meydan.tv\/az\/wp-json\/wp\/v2\/users\/8"}],"replies":[{"embeddable":true,"href":"https:\/\/www.meydan.tv\/az\/wp-json\/wp\/v2\/comments?post=250865"}],"version-history":[{"count":1,"href":"https:\/\/www.meydan.tv\/az\/wp-json\/wp\/v2\/posts\/250865\/revisions"}],"predecessor-version":[{"id":250871,"href":"https:\/\/www.meydan.tv\/az\/wp-json\/wp\/v2\/posts\/250865\/revisions\/250871"}],"wp:featuredmedia":[{"embeddable":true,"href":"https:\/\/www.meydan.tv\/az\/wp-json\/wp\/v2\/media\/250868"}],"wp:attachment":[{"href":"https:\/\/www.meydan.tv\/az\/wp-json\/wp\/v2\/media?parent=250865"}],"wp:term":[{"taxonomy":"category","embeddable":true,"href":"https:\/\/www.meydan.tv\/az\/wp-json\/wp\/v2\/categories?post=250865"},{"taxonomy":"post_tag","embeddable":true,"href":"https:\/\/www.meydan.tv\/az\/wp-json\/wp\/v2\/tags?post=250865"}],"curies":[{"name":"wp","href":"https:\/\/api.w.org\/{rel}","templated":true}]}}