{"id":250861,"date":"2022-07-14T16:19:36","date_gmt":"2022-07-14T12:19:36","guid":{"rendered":"https:\/\/www.meydan.tv\/?p=250861"},"modified":"2022-07-14T16:19:38","modified_gmt":"2022-07-14T12:19:38","slug":"ukrayna-ordusuna-qosulan-senetci-ad-gununu-sengerde-qeyd-edib","status":"publish","type":"post","link":"https:\/\/www.meydan.tv\/az\/article\/ukrayna-ordusuna-qosulan-senetci-ad-gununu-sengerde-qeyd-edib\/","title":{"rendered":"Ukrayna ordusuna qo\u015fulan s\u0259n\u0259t\u00e7i ad g\u00fcn\u00fcn\u00fc s\u0259ng\u0259rd\u0259 qeyd edib"},"content":{"rendered":"\n<p>&#8220;<em>Ukraynan\u0131n t\u0259cav\u00fcz\u0259 qar\u015f\u0131 m\u00fcbariz\u0259 apara bil\u0259c\u0259k c\u0259sur xalq\u0131 var&#8221;<\/em><\/p>\n\n\n\n<p>K\u00f6n\u00fcll\u00fc olaraq Ukrayna ordusuna qo\u015fulmu\u015f kinorejissor Oleq Sentsov 46 ya\u015f\u0131n\u0131 s\u0259ng\u0259rd\u0259 qeyd edib.<\/p>\n\n\n\n<p>Rejissor deyib ki, Rusiya h\u0259rbi \u0259m\u0259liyyyatlar ke\u00e7irm\u0259kl\u0259 k\u00f6hn\u0259 m\u00fcst\u0259ml\u0259k\u0259si olmu\u015f Ukraynan\u0131 geri qaytarmaq ist\u0259yir.<\/p>\n\n\n\n<p>\u201cAmma Ukrayna m\u00fcst\u0259ml\u0259k\u0259 deyil, m\u00fcst\u0259qil \u00f6lk\u0259dir v\u0259 ist\u0259nil\u0259n t\u0259cav\u00fcz\u0259 qar\u015f\u0131 m\u00fcbariz\u0259 apara bil\u0259c\u0259k \u00e7ox c\u0259sur xalq\u0131 var\u201d, &#8211; Sentsov <a href=\"https:\/\/ru.euronews.com\/2022\/07\/14\/films-to-frontline\" target=\"_blank\" rel=\"noreferrer noopener\">bildirib.<\/a> <\/p>\n\n\n\n<p>Kinorejissor 2014-c\u00fc ild\u0259 Kr\u0131m\u0131n ilhaq\u0131na qar\u015f\u0131 \u00e7\u0131xd\u0131\u011f\u0131 \u00fc\u00e7\u00fcn h\u0259bs edilmi\u015fdi.<\/p>\n\n\n\n<p>Rusiya m\u0259hk\u0259m\u0259si onu \u201cterror aktlar\u0131 planla\u015fd\u0131rmaq\u201d ittiham\u0131 il\u0259 20 il h\u0259bs c\u0259zas\u0131 k\u0259smi\u015fdi.<\/p>\n\n\n\n<p>Sentsov ittiham edildiyi cinay\u0259tl\u0259rd\u0259 \u00f6z\u00fcn\u00fc t\u0259qsirli bilm\u0259mi\u015fdi.<\/p>\n\n\n\n<p>Ona qar\u015f\u0131 t\u0259tbiq edilmi\u015f i\u015fg\u0259nc\u0259l\u0259r bar\u0259d\u0259 b\u0259yan\u0259t vermi\u015fdi. H\u0259m\u00e7inin cinay\u0259t i\u015fini siyasi v\u0259 uydurma adland\u0131rm\u0131\u015fd\u0131.<\/p>\n\n\n\n<p>Kinorejissoru bir s\u0131ra beyn\u0259lxalq insan h\u00fcquqlar\u0131 v\u0259 kinematoqrafiya t\u0259\u015fkilatlar\u0131 d\u0259st\u0259kl\u0259mi\u015fdil\u0259r.<\/p>\n\n\n\n<p>O, 2019-cu il sentyabr\u0131n 7-d\u0259, h\u0259bsind\u0259n be\u015f il sonra Avropa Kino Akademiyas\u0131, \u201cAmnesty International\u201d, Avropa Parlamenti, habel\u0259 Ken Lou\u00e7, Pedro Almodovar v\u0259 Aqne\u015fka Holland kimi kino xadiml\u0259rinin s\u0259yl\u0259ri n\u0259tic\u0259sind\u0259 azadl\u0131\u011fa burax\u0131l\u0131b.<\/p>\n\n\n\n<p>\u201cRusiya h\u0259bsxanas\u0131nda bir az dinc\u0259ldim, sonra kinoya qay\u0131td\u0131m, indi d\u0259 h\u0259rbi xidm\u0259td\u0259y\u0259m. H\u0259yat\u0131m\u0131 d\u0259f\u0259l\u0259rl\u0259 d\u0259yi\u015fdiyim\u0259 g\u00f6r\u0259 on il sonra n\u0259 ed\u0259c\u0259yimi bilmir\u0259m\u201d, &#8211; Sentsov d\u00f6y\u00fc\u015fl\u0259r\u0259 qo\u015fulmas\u0131ndan dan\u0131\u015fark\u0259n deyib.<\/p>\n\n\n\n<p>Sentsovun \u00f6t\u0259n il ekranla\u015fd\u0131rd\u0131\u011f\u0131 \u201cK\u0259rg\u0259dan\u201d (Rhino) kriminal dram\u0131 Venesiya Kinofestival\u0131nda n\u00fcmayi\u015f olunub.<\/p>\n\n\n\n<p>Film 1990-c\u0131 ill\u0259rin \u0259vv\u0259ll\u0259rind\u0259, SSR\u0130-nin da\u011f\u0131lmas\u0131ndan d\u0259rhal sonra Ukraynada kriminal qruplar v\u0259 qanqsterl\u0259r \u00f6lk\u0259y\u0259 n\u0259zar\u0259ti \u0259l\u0259 ke\u00e7irm\u0259sind\u0259n b\u0259hs edir.<\/p>\n\n\n\n<p>\u201cK\u0259rg\u0259dan\u201d real hadis\u0259l\u0259r \u0259sas\u0131nda \u00e7\u0259kilib. Hadis\u0259l\u0259 Sentsovun bir dostunun ba\u015f\u0131na g\u0259lib.<\/p>\n\n\n\n<p>Rejissorun ilk b\u0259dii i\u015fi \u201cQamer\u201d (\u201cGamer\u201d), ikinci filmi is\u0259 \u201cN\u00f6mr\u0259l\u0259r\u201ddir (Numbers).<\/p>\n\n\n\n<p>Rusiya Prezidenti Vladimir Putin Ukraynan\u0131n \u015f\u0259rqind\u0259ki separat\u00e7\u0131 qurumlar\u0131 tan\u0131d\u0131\u011f\u0131n\u0131 b\u0259yan etdikd\u0259n iki g\u00fcn sonra, 2022-ci il fevral\u0131n 24-d\u0259 Ukraynaya qar\u015f\u0131 m\u00fcharib\u0259y\u0259 ba\u015flay\u0131b.<\/p>\n\n\n\n<p>D\u00fcnyan\u0131n \u0259ks\u0259r \u00f6lk\u0259si Rusiyan\u0131n h\u00fccumunu pisl\u0259yib.<\/p>\n\n\n\n<p>Bundan sonra Avropa Birliyi \u00f6lk\u0259l\u0259ri, el\u0259c\u0259 d\u0259 AB\u015e Rusiyaya qar\u015f\u0131 sanksiyalar t\u0259tbiq edib.<\/p>\n\n\n\n<p>Rusiyada t\u0259\u015fkil olunacaq yar\u0131\u015flar t\u0259xir\u0259 sal\u0131n\u0131b, bu \u00f6lk\u0259nin ad\u0131 m\u00fch\u00fcm t\u0259dbirl\u0259rd\u0259n v\u0259 t\u0259\u015fkilatlardan \u00e7\u0131xar\u0131l\u0131b.<\/p>\n","protected":false},"excerpt":{"rendered":"<p>&#8220;Ukraynan\u0131n t\u0259cav\u00fcz\u0259 qar\u015f\u0131 m\u00fcbariz\u0259 apara bil\u0259c\u0259k c\u0259sur xalq\u0131 var&#8221; K\u00f6n\u00fcll\u00fc &#8230; <\/p>\n<p class=\"read-more-container\"><a title=\"Ukrayna ordusuna qo\u015fulan s\u0259n\u0259t\u00e7i ad g\u00fcn\u00fcn\u00fc s\u0259ng\u0259rd\u0259 qeyd edib\" class=\"read-more button\" href=\"https:\/\/www.meydan.tv\/az\/article\/ukrayna-ordusuna-qosulan-senetci-ad-gununu-sengerde-qeyd-edib\/#more-250861\" aria-label=\"Read more about Ukrayna ordusuna qo\u015fulan s\u0259n\u0259t\u00e7i ad g\u00fcn\u00fcn\u00fc s\u0259ng\u0259rd\u0259 qeyd edib\">Davam\u0131<\/a><\/p>\n","protected":false},"author":8,"featured_media":250855,"comment_status":"closed","ping_status":"closed","sticky":false,"template":"","format":"standard","meta":{"_acf_changed":false,"_sitemap_exclude":false,"_sitemap_priority":"","_sitemap_frequency":"","footnotes":""},"categories":[52,56],"tags":[],"class_list":["post-250861","post","type-post","status-publish","format-standard","has-post-thumbnail","hentry","category-medeniyyet","category-xeberler","infinite-scroll-item","generate-columns","tablet-grid-50","mobile-grid-100","grid-parent","grid-33","no-featured-image-padding"],"acf":[],"yoast_head":"<!-- This site is optimized with the Yoast SEO plugin v27.5 - https:\/\/yoast.com\/product\/yoast-seo-wordpress\/ -->\n<title>Ukrayna ordusuna qo\u015fulan s\u0259n\u0259t\u00e7i ad g\u00fcn\u00fcn\u00fc s\u0259ng\u0259rd\u0259 qeyd edib - MEYDAN.TV<\/title>\n<meta name=\"robots\" content=\"index, follow, max-snippet:-1, max-image-preview:large, max-video-preview:-1\" \/>\n<link rel=\"canonical\" href=\"https:\/\/www.meydan.tv\/az\/article\/ukrayna-ordusuna-qosulan-senetci-ad-gununu-sengerde-qeyd-edib\/\" \/>\n<meta property=\"og:locale\" content=\"az_AZ\" \/>\n<meta property=\"og:type\" content=\"article\" \/>\n<meta property=\"og:title\" content=\"Ukrayna ordusuna qo\u015fulan s\u0259n\u0259t\u00e7i ad g\u00fcn\u00fcn\u00fc s\u0259ng\u0259rd\u0259 qeyd edib - MEYDAN.TV\" \/>\n<meta property=\"og:description\" content=\"&#8220;Ukraynan\u0131n t\u0259cav\u00fcz\u0259 qar\u015f\u0131 m\u00fcbariz\u0259 apara bil\u0259c\u0259k c\u0259sur xalq\u0131 var&#8221; K\u00f6n\u00fcll\u00fc ... Davam\u0131\" \/>\n<meta property=\"og:url\" content=\"https:\/\/www.meydan.tv\/az\/article\/ukrayna-ordusuna-qosulan-senetci-ad-gununu-sengerde-qeyd-edib\/\" \/>\n<meta property=\"og:site_name\" content=\"MEYDAN.TV\" \/>\n<meta property=\"article:published_time\" content=\"2022-07-14T12:19:36+00:00\" \/>\n<meta property=\"article:modified_time\" content=\"2022-07-14T12:19:38+00:00\" \/>\n<meta property=\"og:image\" content=\"https:\/\/www.meydan.tv\/wp-content\/uploads\/35b228c_170035709-v4b9693-e1657799747702.jpg\" \/>\n\t<meta property=\"og:image:width\" content=\"1200\" \/>\n\t<meta property=\"og:image:height\" content=\"465\" \/>\n\t<meta property=\"og:image:type\" content=\"image\/jpeg\" \/>\n<meta name=\"author\" content=\"elli\" \/>\n<meta name=\"twitter:card\" content=\"summary_large_image\" \/>\n<meta name=\"twitter:creator\" content=\"@elli\" \/>\n<script type=\"application\/ld+json\" class=\"yoast-schema-graph\">{\"@context\":\"https:\\\/\\\/schema.org\",\"@graph\":[{\"@type\":\"Article\",\"@id\":\"https:\\\/\\\/www.meydan.tv\\\/az\\\/article\\\/ukrayna-ordusuna-qosulan-senetci-ad-gununu-sengerde-qeyd-edib\\\/#article\",\"isPartOf\":{\"@id\":\"https:\\\/\\\/www.meydan.tv\\\/az\\\/article\\\/ukrayna-ordusuna-qosulan-senetci-ad-gununu-sengerde-qeyd-edib\\\/\"},\"author\":{\"name\":\"elli\",\"@id\":\"https:\\\/\\\/www.meydan.tv\\\/az\\\/#\\\/schema\\\/person\\\/9cdbecf90d17180ce1dfbd95b08dcf47\"},\"headline\":\"Ukrayna ordusuna qo\u015fulan s\u0259n\u0259t\u00e7i ad g\u00fcn\u00fcn\u00fc s\u0259ng\u0259rd\u0259 qeyd edib\",\"datePublished\":\"2022-07-14T12:19:36+00:00\",\"dateModified\":\"2022-07-14T12:19:38+00:00\",\"mainEntityOfPage\":{\"@id\":\"https:\\\/\\\/www.meydan.tv\\\/az\\\/article\\\/ukrayna-ordusuna-qosulan-senetci-ad-gununu-sengerde-qeyd-edib\\\/\"},\"wordCount\":486,\"publisher\":{\"@id\":\"https:\\\/\\\/www.meydan.tv\\\/az\\\/#organization\"},\"image\":{\"@id\":\"https:\\\/\\\/www.meydan.tv\\\/az\\\/article\\\/ukrayna-ordusuna-qosulan-senetci-ad-gununu-sengerde-qeyd-edib\\\/#primaryimage\"},\"thumbnailUrl\":\"https:\\\/\\\/www.meydan.tv\\\/wp-content\\\/uploads\\\/35b228c_170035709-v4b9693-e1657799747702.jpg\",\"articleSection\":[\"M\u0259d\u0259niyy\u0259t\",\"X\u0259b\u0259rl\u0259r\"],\"inLanguage\":\"az\"},{\"@type\":\"WebPage\",\"@id\":\"https:\\\/\\\/www.meydan.tv\\\/az\\\/article\\\/ukrayna-ordusuna-qosulan-senetci-ad-gununu-sengerde-qeyd-edib\\\/\",\"url\":\"https:\\\/\\\/www.meydan.tv\\\/az\\\/article\\\/ukrayna-ordusuna-qosulan-senetci-ad-gununu-sengerde-qeyd-edib\\\/\",\"name\":\"Ukrayna ordusuna qo\u015fulan s\u0259n\u0259t\u00e7i ad g\u00fcn\u00fcn\u00fc s\u0259ng\u0259rd\u0259 qeyd edib - MEYDAN.TV\",\"isPartOf\":{\"@id\":\"https:\\\/\\\/www.meydan.tv\\\/az\\\/#website\"},\"primaryImageOfPage\":{\"@id\":\"https:\\\/\\\/www.meydan.tv\\\/az\\\/article\\\/ukrayna-ordusuna-qosulan-senetci-ad-gununu-sengerde-qeyd-edib\\\/#primaryimage\"},\"image\":{\"@id\":\"https:\\\/\\\/www.meydan.tv\\\/az\\\/article\\\/ukrayna-ordusuna-qosulan-senetci-ad-gununu-sengerde-qeyd-edib\\\/#primaryimage\"},\"thumbnailUrl\":\"https:\\\/\\\/www.meydan.tv\\\/wp-content\\\/uploads\\\/35b228c_170035709-v4b9693-e1657799747702.jpg\",\"datePublished\":\"2022-07-14T12:19:36+00:00\",\"dateModified\":\"2022-07-14T12:19:38+00:00\",\"breadcrumb\":{\"@id\":\"https:\\\/\\\/www.meydan.tv\\\/az\\\/article\\\/ukrayna-ordusuna-qosulan-senetci-ad-gununu-sengerde-qeyd-edib\\\/#breadcrumb\"},\"inLanguage\":\"az\",\"potentialAction\":[{\"@type\":\"ReadAction\",\"target\":[\"https:\\\/\\\/www.meydan.tv\\\/az\\\/article\\\/ukrayna-ordusuna-qosulan-senetci-ad-gununu-sengerde-qeyd-edib\\\/\"]}]},{\"@type\":\"ImageObject\",\"inLanguage\":\"az\",\"@id\":\"https:\\\/\\\/www.meydan.tv\\\/az\\\/article\\\/ukrayna-ordusuna-qosulan-senetci-ad-gununu-sengerde-qeyd-edib\\\/#primaryimage\",\"url\":\"https:\\\/\\\/www.meydan.tv\\\/wp-content\\\/uploads\\\/35b228c_170035709-v4b9693-e1657799747702.jpg\",\"contentUrl\":\"https:\\\/\\\/www.meydan.tv\\\/wp-content\\\/uploads\\\/35b228c_170035709-v4b9693-e1657799747702.jpg\",\"width\":1200,\"height\":465,\"caption\":\"M\u0259nb\u0259: \\\"lemonde.fr\\\"\"},{\"@type\":\"BreadcrumbList\",\"@id\":\"https:\\\/\\\/www.meydan.tv\\\/az\\\/article\\\/ukrayna-ordusuna-qosulan-senetci-ad-gununu-sengerde-qeyd-edib\\\/#breadcrumb\",\"itemListElement\":[{\"@type\":\"ListItem\",\"position\":1,\"name\":\"Ana s\u0259hif\u0259\",\"item\":\"https:\\\/\\\/www.meydan.tv\\\/az\\\/\"},{\"@type\":\"ListItem\",\"position\":2,\"name\":\"M\u0259d\u0259niyy\u0259t\",\"item\":\"https:\\\/\\\/www.meydan.tv\\\/az\\\/section\\\/medeniyyet\\\/\"},{\"@type\":\"ListItem\",\"position\":3,\"name\":\"Ukrayna ordusuna qo\u015fulan s\u0259n\u0259t\u00e7i ad g\u00fcn\u00fcn\u00fc s\u0259ng\u0259rd\u0259 qeyd edib\"}]},{\"@type\":\"WebSite\",\"@id\":\"https:\\\/\\\/www.meydan.tv\\\/az\\\/#website\",\"url\":\"https:\\\/\\\/www.meydan.tv\\\/az\\\/\",\"name\":\"MEYDAN.TV\",\"description\":\"Meydan TV Az\u0259rbaycan\u0131n media m\u0259kan\u0131ndak\u0131 alternativ s\u0259sidir\",\"publisher\":{\"@id\":\"https:\\\/\\\/www.meydan.tv\\\/az\\\/#organization\"},\"potentialAction\":[{\"@type\":\"SearchAction\",\"target\":{\"@type\":\"EntryPoint\",\"urlTemplate\":\"https:\\\/\\\/www.meydan.tv\\\/az\\\/?s={search_term_string}\"},\"query-input\":{\"@type\":\"PropertyValueSpecification\",\"valueRequired\":true,\"valueName\":\"search_term_string\"}}],\"inLanguage\":\"az\"},{\"@type\":\"Organization\",\"@id\":\"https:\\\/\\\/www.meydan.tv\\\/az\\\/#organization\",\"name\":\"Meydan TV\",\"url\":\"https:\\\/\\\/www.meydan.tv\\\/az\\\/\",\"logo\":{\"@type\":\"ImageObject\",\"inLanguage\":\"az\",\"@id\":\"https:\\\/\\\/www.meydan.tv\\\/az\\\/#\\\/schema\\\/logo\\\/image\\\/\",\"url\":\"https:\\\/\\\/www.meydan.tv\\\/wp-content\\\/uploads\\\/2021\\\/07\\\/meydan-logo.svg\",\"contentUrl\":\"https:\\\/\\\/www.meydan.tv\\\/wp-content\\\/uploads\\\/2021\\\/07\\\/meydan-logo.svg\",\"width\":195,\"height\":46,\"caption\":\"Meydan TV\"},\"image\":{\"@id\":\"https:\\\/\\\/www.meydan.tv\\\/az\\\/#\\\/schema\\\/logo\\\/image\\\/\"}},{\"@type\":\"Person\",\"@id\":\"https:\\\/\\\/www.meydan.tv\\\/az\\\/#\\\/schema\\\/person\\\/9cdbecf90d17180ce1dfbd95b08dcf47\",\"name\":\"elli\",\"sameAs\":[\"https:\\\/\\\/x.com\\\/elli\"]}]}<\/script>\n<!-- \/ Yoast SEO plugin. -->","yoast_head_json":{"title":"Ukrayna ordusuna qo\u015fulan s\u0259n\u0259t\u00e7i ad g\u00fcn\u00fcn\u00fc s\u0259ng\u0259rd\u0259 qeyd edib - MEYDAN.TV","robots":{"index":"index","follow":"follow","max-snippet":"max-snippet:-1","max-image-preview":"max-image-preview:large","max-video-preview":"max-video-preview:-1"},"canonical":"https:\/\/www.meydan.tv\/az\/article\/ukrayna-ordusuna-qosulan-senetci-ad-gununu-sengerde-qeyd-edib\/","og_locale":"az_AZ","og_type":"article","og_title":"Ukrayna ordusuna qo\u015fulan s\u0259n\u0259t\u00e7i ad g\u00fcn\u00fcn\u00fc s\u0259ng\u0259rd\u0259 qeyd edib - MEYDAN.TV","og_description":"&#8220;Ukraynan\u0131n t\u0259cav\u00fcz\u0259 qar\u015f\u0131 m\u00fcbariz\u0259 apara bil\u0259c\u0259k c\u0259sur xalq\u0131 var&#8221; K\u00f6n\u00fcll\u00fc ... Davam\u0131","og_url":"https:\/\/www.meydan.tv\/az\/article\/ukrayna-ordusuna-qosulan-senetci-ad-gununu-sengerde-qeyd-edib\/","og_site_name":"MEYDAN.TV","article_published_time":"2022-07-14T12:19:36+00:00","article_modified_time":"2022-07-14T12:19:38+00:00","og_image":[{"width":1200,"height":465,"url":"https:\/\/www.meydan.tv\/wp-content\/uploads\/35b228c_170035709-v4b9693-e1657799747702.jpg","type":"image\/jpeg"}],"author":"elli","twitter_card":"summary_large_image","twitter_creator":"@elli","schema":{"@context":"https:\/\/schema.org","@graph":[{"@type":"Article","@id":"https:\/\/www.meydan.tv\/az\/article\/ukrayna-ordusuna-qosulan-senetci-ad-gununu-sengerde-qeyd-edib\/#article","isPartOf":{"@id":"https:\/\/www.meydan.tv\/az\/article\/ukrayna-ordusuna-qosulan-senetci-ad-gununu-sengerde-qeyd-edib\/"},"author":{"name":"elli","@id":"https:\/\/www.meydan.tv\/az\/#\/schema\/person\/9cdbecf90d17180ce1dfbd95b08dcf47"},"headline":"Ukrayna ordusuna qo\u015fulan s\u0259n\u0259t\u00e7i ad g\u00fcn\u00fcn\u00fc s\u0259ng\u0259rd\u0259 qeyd edib","datePublished":"2022-07-14T12:19:36+00:00","dateModified":"2022-07-14T12:19:38+00:00","mainEntityOfPage":{"@id":"https:\/\/www.meydan.tv\/az\/article\/ukrayna-ordusuna-qosulan-senetci-ad-gununu-sengerde-qeyd-edib\/"},"wordCount":486,"publisher":{"@id":"https:\/\/www.meydan.tv\/az\/#organization"},"image":{"@id":"https:\/\/www.meydan.tv\/az\/article\/ukrayna-ordusuna-qosulan-senetci-ad-gununu-sengerde-qeyd-edib\/#primaryimage"},"thumbnailUrl":"https:\/\/www.meydan.tv\/wp-content\/uploads\/35b228c_170035709-v4b9693-e1657799747702.jpg","articleSection":["M\u0259d\u0259niyy\u0259t","X\u0259b\u0259rl\u0259r"],"inLanguage":"az"},{"@type":"WebPage","@id":"https:\/\/www.meydan.tv\/az\/article\/ukrayna-ordusuna-qosulan-senetci-ad-gununu-sengerde-qeyd-edib\/","url":"https:\/\/www.meydan.tv\/az\/article\/ukrayna-ordusuna-qosulan-senetci-ad-gununu-sengerde-qeyd-edib\/","name":"Ukrayna ordusuna qo\u015fulan s\u0259n\u0259t\u00e7i ad g\u00fcn\u00fcn\u00fc s\u0259ng\u0259rd\u0259 qeyd edib - MEYDAN.TV","isPartOf":{"@id":"https:\/\/www.meydan.tv\/az\/#website"},"primaryImageOfPage":{"@id":"https:\/\/www.meydan.tv\/az\/article\/ukrayna-ordusuna-qosulan-senetci-ad-gununu-sengerde-qeyd-edib\/#primaryimage"},"image":{"@id":"https:\/\/www.meydan.tv\/az\/article\/ukrayna-ordusuna-qosulan-senetci-ad-gununu-sengerde-qeyd-edib\/#primaryimage"},"thumbnailUrl":"https:\/\/www.meydan.tv\/wp-content\/uploads\/35b228c_170035709-v4b9693-e1657799747702.jpg","datePublished":"2022-07-14T12:19:36+00:00","dateModified":"2022-07-14T12:19:38+00:00","breadcrumb":{"@id":"https:\/\/www.meydan.tv\/az\/article\/ukrayna-ordusuna-qosulan-senetci-ad-gununu-sengerde-qeyd-edib\/#breadcrumb"},"inLanguage":"az","potentialAction":[{"@type":"ReadAction","target":["https:\/\/www.meydan.tv\/az\/article\/ukrayna-ordusuna-qosulan-senetci-ad-gununu-sengerde-qeyd-edib\/"]}]},{"@type":"ImageObject","inLanguage":"az","@id":"https:\/\/www.meydan.tv\/az\/article\/ukrayna-ordusuna-qosulan-senetci-ad-gununu-sengerde-qeyd-edib\/#primaryimage","url":"https:\/\/www.meydan.tv\/wp-content\/uploads\/35b228c_170035709-v4b9693-e1657799747702.jpg","contentUrl":"https:\/\/www.meydan.tv\/wp-content\/uploads\/35b228c_170035709-v4b9693-e1657799747702.jpg","width":1200,"height":465,"caption":"M\u0259nb\u0259: \"lemonde.fr\""},{"@type":"BreadcrumbList","@id":"https:\/\/www.meydan.tv\/az\/article\/ukrayna-ordusuna-qosulan-senetci-ad-gununu-sengerde-qeyd-edib\/#breadcrumb","itemListElement":[{"@type":"ListItem","position":1,"name":"Ana s\u0259hif\u0259","item":"https:\/\/www.meydan.tv\/az\/"},{"@type":"ListItem","position":2,"name":"M\u0259d\u0259niyy\u0259t","item":"https:\/\/www.meydan.tv\/az\/section\/medeniyyet\/"},{"@type":"ListItem","position":3,"name":"Ukrayna ordusuna qo\u015fulan s\u0259n\u0259t\u00e7i ad g\u00fcn\u00fcn\u00fc s\u0259ng\u0259rd\u0259 qeyd edib"}]},{"@type":"WebSite","@id":"https:\/\/www.meydan.tv\/az\/#website","url":"https:\/\/www.meydan.tv\/az\/","name":"MEYDAN.TV","description":"Meydan TV Az\u0259rbaycan\u0131n media m\u0259kan\u0131ndak\u0131 alternativ s\u0259sidir","publisher":{"@id":"https:\/\/www.meydan.tv\/az\/#organization"},"potentialAction":[{"@type":"SearchAction","target":{"@type":"EntryPoint","urlTemplate":"https:\/\/www.meydan.tv\/az\/?s={search_term_string}"},"query-input":{"@type":"PropertyValueSpecification","valueRequired":true,"valueName":"search_term_string"}}],"inLanguage":"az"},{"@type":"Organization","@id":"https:\/\/www.meydan.tv\/az\/#organization","name":"Meydan TV","url":"https:\/\/www.meydan.tv\/az\/","logo":{"@type":"ImageObject","inLanguage":"az","@id":"https:\/\/www.meydan.tv\/az\/#\/schema\/logo\/image\/","url":"https:\/\/www.meydan.tv\/wp-content\/uploads\/2021\/07\/meydan-logo.svg","contentUrl":"https:\/\/www.meydan.tv\/wp-content\/uploads\/2021\/07\/meydan-logo.svg","width":195,"height":46,"caption":"Meydan TV"},"image":{"@id":"https:\/\/www.meydan.tv\/az\/#\/schema\/logo\/image\/"}},{"@type":"Person","@id":"https:\/\/www.meydan.tv\/az\/#\/schema\/person\/9cdbecf90d17180ce1dfbd95b08dcf47","name":"elli","sameAs":["https:\/\/x.com\/elli"]}]}},"_links":{"self":[{"href":"https:\/\/www.meydan.tv\/az\/wp-json\/wp\/v2\/posts\/250861","targetHints":{"allow":["GET"]}}],"collection":[{"href":"https:\/\/www.meydan.tv\/az\/wp-json\/wp\/v2\/posts"}],"about":[{"href":"https:\/\/www.meydan.tv\/az\/wp-json\/wp\/v2\/types\/post"}],"author":[{"embeddable":true,"href":"https:\/\/www.meydan.tv\/az\/wp-json\/wp\/v2\/users\/8"}],"replies":[{"embeddable":true,"href":"https:\/\/www.meydan.tv\/az\/wp-json\/wp\/v2\/comments?post=250861"}],"version-history":[{"count":1,"href":"https:\/\/www.meydan.tv\/az\/wp-json\/wp\/v2\/posts\/250861\/revisions"}],"predecessor-version":[{"id":250862,"href":"https:\/\/www.meydan.tv\/az\/wp-json\/wp\/v2\/posts\/250861\/revisions\/250862"}],"wp:featuredmedia":[{"embeddable":true,"href":"https:\/\/www.meydan.tv\/az\/wp-json\/wp\/v2\/media\/250855"}],"wp:attachment":[{"href":"https:\/\/www.meydan.tv\/az\/wp-json\/wp\/v2\/media?parent=250861"}],"wp:term":[{"taxonomy":"category","embeddable":true,"href":"https:\/\/www.meydan.tv\/az\/wp-json\/wp\/v2\/categories?post=250861"},{"taxonomy":"post_tag","embeddable":true,"href":"https:\/\/www.meydan.tv\/az\/wp-json\/wp\/v2\/tags?post=250861"}],"curies":[{"name":"wp","href":"https:\/\/api.w.org\/{rel}","templated":true}]}}