{"id":250823,"date":"2022-07-14T13:47:24","date_gmt":"2022-07-14T09:47:24","guid":{"rendered":"https:\/\/www.meydan.tv\/?p=250823"},"modified":"2022-07-14T13:47:26","modified_gmt":"2022-07-14T09:47:26","slug":"mehkeme-ember-herdin-sikayetini-redd-edib","status":"publish","type":"post","link":"https:\/\/www.meydan.tv\/az\/article\/mehkeme-ember-herdin-sikayetini-redd-edib\/","title":{"rendered":"M\u0259hk\u0259m\u0259 Ember Herdin \u015fikay\u0259tini r\u0259dd edib"},"content":{"rendered":"\n<p><\/p>\n\n\n\n<p><em>Aktrisa t\u0259zminat\u0131n m\u0259bl\u0259\u011fin\u0259 etiraz edir<\/em><\/p>\n\n\n\n<p>\u0130yunun \u0259vv\u0259lind\u0259 ke\u00e7mi\u015f \u0259ri, 59 ya\u015fl\u0131 aktyor Conni Depp\u0259 m\u0259hk\u0259m\u0259 \u00e7\u0259ki\u015fm\u0259sind\u0259 m\u0259\u011flub olan 36 ya\u015fl\u0131 aktrisa Ember Herd \u00e7\u0131xar\u0131lan q\u0259rarla raz\u0131la\u015fmay\u0131b.<\/p>\n\n\n\n<p>Aktirsan\u0131n v\u0259kill\u0259ri t\u0259krar Virciniya m\u0259hk\u0259m\u0259sin\u0259 m\u00fcraci\u0259t ed\u0259r\u0259k t\u0259zminat\u0131n l\u0259\u011fvin\u0259 c\u0259hd <a href=\"https:\/\/nypost.com\/2022\/07\/13\/judge-denies-amber-heards-bid-for-new-trial-in-johnny-depp-case\/\" target=\"_blank\" rel=\"noreferrer noopener\">edibl\u0259r<\/a>.<\/p>\n\n\n\n<p>Onlar\u0131n fikrinc\u0259, g\u00f6st\u0259ril\u0259n m\u0259bl\u0259\u011f \u00e7ox y\u00fcks\u0259kdir.<\/p>\n\n\n\n<p>Virciniya m\u0259hk\u0259m\u0259sinin q\u0259rar\u0131na \u0259sas\u0259n, Herd Depp\u0259 10 milyon dollar t\u0259zminat \u00f6d\u0259m\u0259lidir.<\/p>\n\n\n\n<p>Herdin v\u0259kill\u0259ri m\u0259hk\u0259m\u0259 zaman\u0131 dindiril\u0259nl\u0259rin yalandan \u015fahid qismind\u0259 dan\u0131\u015fd\u0131qlar\u0131n\u0131 iddia edibl\u0259r.<\/p>\n\n\n\n<p>M\u0259hk\u0259m\u0259 aktrisan\u0131n diffamasiya i\u015fi il\u0259 ba\u011fl\u0131 yeni m\u0259hk\u0259m\u0259 prosesinin ke\u00e7irilm\u0259si t\u0259l\u0259bini r\u0259dd edib.<\/p>\n\n\n\n<p>\u0130yunun 2-d\u0259 amerikal\u0131 aktrisa Ember Herd v\u0259 ke\u00e7mi\u015f \u0259ri, aktyor Conni Depp aras\u0131ndak\u0131 diffamasiya iddias\u0131 (\u015f\u0259r\u0259f v\u0259 l\u0259yaq\u0259ti al\u00e7aldaraq t\u0259hqir etm\u0259k, uydurma x\u0259b\u0259rl\u0259ri k\u00fctl\u0259vi formada yaymaq) ba\u015fa \u00e7at\u0131b.<\/p>\n\n\n\n<p>H\u0259ft\u0259l\u0259rdir davam ed\u0259n m\u0259hk\u0259m\u0259 Conni Depin xeyrin\u0259 yekunla\u015f\u0131b.<\/p>\n\n\n\n<p>H\u0259ft\u0259l\u0259rl\u0259 davam ed\u0259n s\u0259s-k\u00fcyl\u00fc m\u0259hk\u0259m\u0259 prosesi zaman\u0131 Ember Herd ke\u00e7mi\u015f \u0259ri Conni Deppi zorak\u0131l\u0131q hallar\u0131nda g\u00fcnahland\u0131rsa da, bununla ba\u011fl\u0131 he\u00e7 bir d\u0259lil t\u0259qdim etm\u0259yib.<\/p>\n\n\n\n<p>M\u0259hk\u0259m\u0259 yekunla\u015fandan bir ne\u00e7\u0259 g\u00fcn sonra Deppin v\u0259kill\u0259ri a\u00e7\u0131qlama veribl\u0259r ki, aktyor ke\u00e7mi\u015f h\u0259yat yolda\u015f\u0131na t\u0259zminat\u0131 apelyasiya \u015fikay\u0259ti etm\u0259diyi t\u0259qdird\u0259 ba\u011f\u0131\u015flaya <a href=\"https:\/\/d9mc3ts4czbpr.cloudfront.net\/az\/article\/aktyor-heyat-yoldasinin-uduzdugu-15-milyon-dollari-bagislaya-biler\/\" target=\"_blank\" rel=\"noreferrer noopener\">bil\u0259r.<\/a><\/p>\n\n\n\n<p>Aktyor Conni Depp v\u0259 aktrisa Ember Herd 2015-ci ild\u0259 evl\u0259nibl\u0259r, bir il sonra bo\u015fan\u0131blar.<\/p>\n\n\n\n<p>Bo\u015fanma zaman\u0131 Herd \u0259rini m\u0259i\u015f\u0259t zorak\u0131l\u0131\u011f\u0131nda ittiham edib.<\/p>\n\n\n\n<p>Aktyor ittihamlar\u0131 r\u0259dd edib, lakin qalmaqal onun karyeras\u0131na ciddi x\u0259l\u0259l yetirib.<\/p>\n\n\n\n<p>2019-cu ild\u0259 Ember Herd, Conni Deppi \u201cThe Washington Post\u201d q\u0259zetind\u0259ki yaz\u0131da \u201cm\u0259i\u015f\u0259t zorak\u0131l\u0131\u011f\u0131n\u0131 t\u0259msil ed\u0259n ictimai xadim\u201d kimi xarakteriz\u0259 edib.<\/p>\n\n\n\n<p>H\u0259min materialdan sonra Depp Herdi m\u0259hk\u0259m\u0259y\u0259 ver\u0259r\u0259k, 50 milyon dollar t\u0259zminat t\u0259l\u0259b edib.<\/p>\n\n\n\n<p>2020-ci ild\u0259 is\u0259 Herd \u0259ks h\u0259r\u0259k\u0259t\u0259 ke\u00e7\u0259r\u0259k Depp\u0259 qar\u015f\u0131 100 milyon dollarl\u0131q t\u0259zminat iddias\u0131 qald\u0131r\u0131b.<\/p>\n\n\n\n<p>Depp v\u0259 Herd aras\u0131nda m\u0259hk\u0259m\u0259 \u00e7\u0259ki\u015fm\u0259si 2022-ci ilin aprelind\u0259 ba\u015flay\u0131b.<\/p>\n","protected":false},"excerpt":{"rendered":"<p>Aktrisa t\u0259zminat\u0131n m\u0259bl\u0259\u011fin\u0259 etiraz edir \u0130yunun \u0259vv\u0259lind\u0259 ke\u00e7mi\u015f \u0259ri, 59 &#8230; <\/p>\n<p class=\"read-more-container\"><a title=\"M\u0259hk\u0259m\u0259 Ember Herdin \u015fikay\u0259tini r\u0259dd edib\" class=\"read-more button\" href=\"https:\/\/www.meydan.tv\/az\/article\/mehkeme-ember-herdin-sikayetini-redd-edib\/#more-250823\" aria-label=\"Read more about M\u0259hk\u0259m\u0259 Ember Herdin \u015fikay\u0259tini r\u0259dd edib\">Davam\u0131<\/a><\/p>\n","protected":false},"author":8,"featured_media":250826,"comment_status":"closed","ping_status":"closed","sticky":false,"template":"","format":"standard","meta":{"_acf_changed":false,"_sitemap_exclude":false,"_sitemap_priority":"","_sitemap_frequency":"","footnotes":""},"categories":[52,56],"tags":[],"class_list":["post-250823","post","type-post","status-publish","format-standard","has-post-thumbnail","hentry","category-medeniyyet","category-xeberler","infinite-scroll-item","generate-columns","tablet-grid-50","mobile-grid-100","grid-parent","grid-33","no-featured-image-padding"],"acf":[],"yoast_head":"<!-- This site is optimized with the Yoast SEO plugin v27.5 - https:\/\/yoast.com\/product\/yoast-seo-wordpress\/ -->\n<title>M\u0259hk\u0259m\u0259 Ember Herdin \u015fikay\u0259tini r\u0259dd edib - MEYDAN.TV<\/title>\n<meta name=\"robots\" content=\"index, follow, max-snippet:-1, max-image-preview:large, max-video-preview:-1\" \/>\n<link rel=\"canonical\" href=\"https:\/\/www.meydan.tv\/az\/article\/mehkeme-ember-herdin-sikayetini-redd-edib\/\" \/>\n<meta property=\"og:locale\" content=\"az_AZ\" \/>\n<meta property=\"og:type\" content=\"article\" \/>\n<meta property=\"og:title\" content=\"M\u0259hk\u0259m\u0259 Ember Herdin \u015fikay\u0259tini r\u0259dd edib - MEYDAN.TV\" \/>\n<meta property=\"og:description\" content=\"Aktrisa t\u0259zminat\u0131n m\u0259bl\u0259\u011fin\u0259 etiraz edir \u0130yunun \u0259vv\u0259lind\u0259 ke\u00e7mi\u015f \u0259ri, 59 ... Davam\u0131\" \/>\n<meta property=\"og:url\" content=\"https:\/\/www.meydan.tv\/az\/article\/mehkeme-ember-herdin-sikayetini-redd-edib\/\" \/>\n<meta property=\"og:site_name\" content=\"MEYDAN.TV\" \/>\n<meta property=\"article:published_time\" content=\"2022-07-14T09:47:24+00:00\" \/>\n<meta property=\"article:modified_time\" content=\"2022-07-14T09:47:26+00:00\" \/>\n<meta property=\"og:image\" content=\"https:\/\/www.meydan.tv\/wp-content\/uploads\/aktyor-heyat-yoldasinin-uduzdugu-15-milyon-dollari-bagislaya-biler-780x470-1-e1657791398128.jpeg\" \/>\n\t<meta property=\"og:image:width\" content=\"1200\" \/>\n\t<meta property=\"og:image:height\" content=\"513\" \/>\n\t<meta property=\"og:image:type\" content=\"image\/jpeg\" \/>\n<meta name=\"author\" content=\"elli\" \/>\n<meta name=\"twitter:card\" content=\"summary_large_image\" \/>\n<meta name=\"twitter:creator\" content=\"@elli\" \/>\n<script type=\"application\/ld+json\" class=\"yoast-schema-graph\">{\"@context\":\"https:\\\/\\\/schema.org\",\"@graph\":[{\"@type\":\"Article\",\"@id\":\"https:\\\/\\\/www.meydan.tv\\\/az\\\/article\\\/mehkeme-ember-herdin-sikayetini-redd-edib\\\/#article\",\"isPartOf\":{\"@id\":\"https:\\\/\\\/www.meydan.tv\\\/az\\\/article\\\/mehkeme-ember-herdin-sikayetini-redd-edib\\\/\"},\"author\":{\"name\":\"elli\",\"@id\":\"https:\\\/\\\/www.meydan.tv\\\/az\\\/#\\\/schema\\\/person\\\/9cdbecf90d17180ce1dfbd95b08dcf47\"},\"headline\":\"M\u0259hk\u0259m\u0259 Ember Herdin \u015fikay\u0259tini r\u0259dd edib\",\"datePublished\":\"2022-07-14T09:47:24+00:00\",\"dateModified\":\"2022-07-14T09:47:26+00:00\",\"mainEntityOfPage\":{\"@id\":\"https:\\\/\\\/www.meydan.tv\\\/az\\\/article\\\/mehkeme-ember-herdin-sikayetini-redd-edib\\\/\"},\"wordCount\":432,\"publisher\":{\"@id\":\"https:\\\/\\\/www.meydan.tv\\\/az\\\/#organization\"},\"image\":{\"@id\":\"https:\\\/\\\/www.meydan.tv\\\/az\\\/article\\\/mehkeme-ember-herdin-sikayetini-redd-edib\\\/#primaryimage\"},\"thumbnailUrl\":\"https:\\\/\\\/www.meydan.tv\\\/wp-content\\\/uploads\\\/aktyor-heyat-yoldasinin-uduzdugu-15-milyon-dollari-bagislaya-biler-780x470-1-e1657791398128.jpeg\",\"articleSection\":[\"M\u0259d\u0259niyy\u0259t\",\"X\u0259b\u0259rl\u0259r\"],\"inLanguage\":\"az\"},{\"@type\":\"WebPage\",\"@id\":\"https:\\\/\\\/www.meydan.tv\\\/az\\\/article\\\/mehkeme-ember-herdin-sikayetini-redd-edib\\\/\",\"url\":\"https:\\\/\\\/www.meydan.tv\\\/az\\\/article\\\/mehkeme-ember-herdin-sikayetini-redd-edib\\\/\",\"name\":\"M\u0259hk\u0259m\u0259 Ember Herdin \u015fikay\u0259tini r\u0259dd edib - MEYDAN.TV\",\"isPartOf\":{\"@id\":\"https:\\\/\\\/www.meydan.tv\\\/az\\\/#website\"},\"primaryImageOfPage\":{\"@id\":\"https:\\\/\\\/www.meydan.tv\\\/az\\\/article\\\/mehkeme-ember-herdin-sikayetini-redd-edib\\\/#primaryimage\"},\"image\":{\"@id\":\"https:\\\/\\\/www.meydan.tv\\\/az\\\/article\\\/mehkeme-ember-herdin-sikayetini-redd-edib\\\/#primaryimage\"},\"thumbnailUrl\":\"https:\\\/\\\/www.meydan.tv\\\/wp-content\\\/uploads\\\/aktyor-heyat-yoldasinin-uduzdugu-15-milyon-dollari-bagislaya-biler-780x470-1-e1657791398128.jpeg\",\"datePublished\":\"2022-07-14T09:47:24+00:00\",\"dateModified\":\"2022-07-14T09:47:26+00:00\",\"breadcrumb\":{\"@id\":\"https:\\\/\\\/www.meydan.tv\\\/az\\\/article\\\/mehkeme-ember-herdin-sikayetini-redd-edib\\\/#breadcrumb\"},\"inLanguage\":\"az\",\"potentialAction\":[{\"@type\":\"ReadAction\",\"target\":[\"https:\\\/\\\/www.meydan.tv\\\/az\\\/article\\\/mehkeme-ember-herdin-sikayetini-redd-edib\\\/\"]}]},{\"@type\":\"ImageObject\",\"inLanguage\":\"az\",\"@id\":\"https:\\\/\\\/www.meydan.tv\\\/az\\\/article\\\/mehkeme-ember-herdin-sikayetini-redd-edib\\\/#primaryimage\",\"url\":\"https:\\\/\\\/www.meydan.tv\\\/wp-content\\\/uploads\\\/aktyor-heyat-yoldasinin-uduzdugu-15-milyon-dollari-bagislaya-biler-780x470-1-e1657791398128.jpeg\",\"contentUrl\":\"https:\\\/\\\/www.meydan.tv\\\/wp-content\\\/uploads\\\/aktyor-heyat-yoldasinin-uduzdugu-15-milyon-dollari-bagislaya-biler-780x470-1-e1657791398128.jpeg\",\"width\":1200,\"height\":513,\"caption\":\"Ember Herd v\u0259 Conni Depp. Foto: arxiv\"},{\"@type\":\"BreadcrumbList\",\"@id\":\"https:\\\/\\\/www.meydan.tv\\\/az\\\/article\\\/mehkeme-ember-herdin-sikayetini-redd-edib\\\/#breadcrumb\",\"itemListElement\":[{\"@type\":\"ListItem\",\"position\":1,\"name\":\"Ana s\u0259hif\u0259\",\"item\":\"https:\\\/\\\/www.meydan.tv\\\/az\\\/\"},{\"@type\":\"ListItem\",\"position\":2,\"name\":\"M\u0259d\u0259niyy\u0259t\",\"item\":\"https:\\\/\\\/www.meydan.tv\\\/az\\\/section\\\/medeniyyet\\\/\"},{\"@type\":\"ListItem\",\"position\":3,\"name\":\"M\u0259hk\u0259m\u0259 Ember Herdin \u015fikay\u0259tini r\u0259dd edib\"}]},{\"@type\":\"WebSite\",\"@id\":\"https:\\\/\\\/www.meydan.tv\\\/az\\\/#website\",\"url\":\"https:\\\/\\\/www.meydan.tv\\\/az\\\/\",\"name\":\"MEYDAN.TV\",\"description\":\"Meydan TV Az\u0259rbaycan\u0131n media m\u0259kan\u0131ndak\u0131 alternativ s\u0259sidir\",\"publisher\":{\"@id\":\"https:\\\/\\\/www.meydan.tv\\\/az\\\/#organization\"},\"potentialAction\":[{\"@type\":\"SearchAction\",\"target\":{\"@type\":\"EntryPoint\",\"urlTemplate\":\"https:\\\/\\\/www.meydan.tv\\\/az\\\/?s={search_term_string}\"},\"query-input\":{\"@type\":\"PropertyValueSpecification\",\"valueRequired\":true,\"valueName\":\"search_term_string\"}}],\"inLanguage\":\"az\"},{\"@type\":\"Organization\",\"@id\":\"https:\\\/\\\/www.meydan.tv\\\/az\\\/#organization\",\"name\":\"Meydan TV\",\"url\":\"https:\\\/\\\/www.meydan.tv\\\/az\\\/\",\"logo\":{\"@type\":\"ImageObject\",\"inLanguage\":\"az\",\"@id\":\"https:\\\/\\\/www.meydan.tv\\\/az\\\/#\\\/schema\\\/logo\\\/image\\\/\",\"url\":\"https:\\\/\\\/www.meydan.tv\\\/wp-content\\\/uploads\\\/2021\\\/07\\\/meydan-logo.svg\",\"contentUrl\":\"https:\\\/\\\/www.meydan.tv\\\/wp-content\\\/uploads\\\/2021\\\/07\\\/meydan-logo.svg\",\"width\":195,\"height\":46,\"caption\":\"Meydan TV\"},\"image\":{\"@id\":\"https:\\\/\\\/www.meydan.tv\\\/az\\\/#\\\/schema\\\/logo\\\/image\\\/\"}},{\"@type\":\"Person\",\"@id\":\"https:\\\/\\\/www.meydan.tv\\\/az\\\/#\\\/schema\\\/person\\\/9cdbecf90d17180ce1dfbd95b08dcf47\",\"name\":\"elli\",\"sameAs\":[\"https:\\\/\\\/x.com\\\/elli\"]}]}<\/script>\n<!-- \/ Yoast SEO plugin. -->","yoast_head_json":{"title":"M\u0259hk\u0259m\u0259 Ember Herdin \u015fikay\u0259tini r\u0259dd edib - MEYDAN.TV","robots":{"index":"index","follow":"follow","max-snippet":"max-snippet:-1","max-image-preview":"max-image-preview:large","max-video-preview":"max-video-preview:-1"},"canonical":"https:\/\/www.meydan.tv\/az\/article\/mehkeme-ember-herdin-sikayetini-redd-edib\/","og_locale":"az_AZ","og_type":"article","og_title":"M\u0259hk\u0259m\u0259 Ember Herdin \u015fikay\u0259tini r\u0259dd edib - MEYDAN.TV","og_description":"Aktrisa t\u0259zminat\u0131n m\u0259bl\u0259\u011fin\u0259 etiraz edir \u0130yunun \u0259vv\u0259lind\u0259 ke\u00e7mi\u015f \u0259ri, 59 ... Davam\u0131","og_url":"https:\/\/www.meydan.tv\/az\/article\/mehkeme-ember-herdin-sikayetini-redd-edib\/","og_site_name":"MEYDAN.TV","article_published_time":"2022-07-14T09:47:24+00:00","article_modified_time":"2022-07-14T09:47:26+00:00","og_image":[{"width":1200,"height":513,"url":"https:\/\/www.meydan.tv\/wp-content\/uploads\/aktyor-heyat-yoldasinin-uduzdugu-15-milyon-dollari-bagislaya-biler-780x470-1-e1657791398128.jpeg","type":"image\/jpeg"}],"author":"elli","twitter_card":"summary_large_image","twitter_creator":"@elli","schema":{"@context":"https:\/\/schema.org","@graph":[{"@type":"Article","@id":"https:\/\/www.meydan.tv\/az\/article\/mehkeme-ember-herdin-sikayetini-redd-edib\/#article","isPartOf":{"@id":"https:\/\/www.meydan.tv\/az\/article\/mehkeme-ember-herdin-sikayetini-redd-edib\/"},"author":{"name":"elli","@id":"https:\/\/www.meydan.tv\/az\/#\/schema\/person\/9cdbecf90d17180ce1dfbd95b08dcf47"},"headline":"M\u0259hk\u0259m\u0259 Ember Herdin \u015fikay\u0259tini r\u0259dd edib","datePublished":"2022-07-14T09:47:24+00:00","dateModified":"2022-07-14T09:47:26+00:00","mainEntityOfPage":{"@id":"https:\/\/www.meydan.tv\/az\/article\/mehkeme-ember-herdin-sikayetini-redd-edib\/"},"wordCount":432,"publisher":{"@id":"https:\/\/www.meydan.tv\/az\/#organization"},"image":{"@id":"https:\/\/www.meydan.tv\/az\/article\/mehkeme-ember-herdin-sikayetini-redd-edib\/#primaryimage"},"thumbnailUrl":"https:\/\/www.meydan.tv\/wp-content\/uploads\/aktyor-heyat-yoldasinin-uduzdugu-15-milyon-dollari-bagislaya-biler-780x470-1-e1657791398128.jpeg","articleSection":["M\u0259d\u0259niyy\u0259t","X\u0259b\u0259rl\u0259r"],"inLanguage":"az"},{"@type":"WebPage","@id":"https:\/\/www.meydan.tv\/az\/article\/mehkeme-ember-herdin-sikayetini-redd-edib\/","url":"https:\/\/www.meydan.tv\/az\/article\/mehkeme-ember-herdin-sikayetini-redd-edib\/","name":"M\u0259hk\u0259m\u0259 Ember Herdin \u015fikay\u0259tini r\u0259dd edib - MEYDAN.TV","isPartOf":{"@id":"https:\/\/www.meydan.tv\/az\/#website"},"primaryImageOfPage":{"@id":"https:\/\/www.meydan.tv\/az\/article\/mehkeme-ember-herdin-sikayetini-redd-edib\/#primaryimage"},"image":{"@id":"https:\/\/www.meydan.tv\/az\/article\/mehkeme-ember-herdin-sikayetini-redd-edib\/#primaryimage"},"thumbnailUrl":"https:\/\/www.meydan.tv\/wp-content\/uploads\/aktyor-heyat-yoldasinin-uduzdugu-15-milyon-dollari-bagislaya-biler-780x470-1-e1657791398128.jpeg","datePublished":"2022-07-14T09:47:24+00:00","dateModified":"2022-07-14T09:47:26+00:00","breadcrumb":{"@id":"https:\/\/www.meydan.tv\/az\/article\/mehkeme-ember-herdin-sikayetini-redd-edib\/#breadcrumb"},"inLanguage":"az","potentialAction":[{"@type":"ReadAction","target":["https:\/\/www.meydan.tv\/az\/article\/mehkeme-ember-herdin-sikayetini-redd-edib\/"]}]},{"@type":"ImageObject","inLanguage":"az","@id":"https:\/\/www.meydan.tv\/az\/article\/mehkeme-ember-herdin-sikayetini-redd-edib\/#primaryimage","url":"https:\/\/www.meydan.tv\/wp-content\/uploads\/aktyor-heyat-yoldasinin-uduzdugu-15-milyon-dollari-bagislaya-biler-780x470-1-e1657791398128.jpeg","contentUrl":"https:\/\/www.meydan.tv\/wp-content\/uploads\/aktyor-heyat-yoldasinin-uduzdugu-15-milyon-dollari-bagislaya-biler-780x470-1-e1657791398128.jpeg","width":1200,"height":513,"caption":"Ember Herd v\u0259 Conni Depp. Foto: arxiv"},{"@type":"BreadcrumbList","@id":"https:\/\/www.meydan.tv\/az\/article\/mehkeme-ember-herdin-sikayetini-redd-edib\/#breadcrumb","itemListElement":[{"@type":"ListItem","position":1,"name":"Ana s\u0259hif\u0259","item":"https:\/\/www.meydan.tv\/az\/"},{"@type":"ListItem","position":2,"name":"M\u0259d\u0259niyy\u0259t","item":"https:\/\/www.meydan.tv\/az\/section\/medeniyyet\/"},{"@type":"ListItem","position":3,"name":"M\u0259hk\u0259m\u0259 Ember Herdin \u015fikay\u0259tini r\u0259dd edib"}]},{"@type":"WebSite","@id":"https:\/\/www.meydan.tv\/az\/#website","url":"https:\/\/www.meydan.tv\/az\/","name":"MEYDAN.TV","description":"Meydan TV Az\u0259rbaycan\u0131n media m\u0259kan\u0131ndak\u0131 alternativ s\u0259sidir","publisher":{"@id":"https:\/\/www.meydan.tv\/az\/#organization"},"potentialAction":[{"@type":"SearchAction","target":{"@type":"EntryPoint","urlTemplate":"https:\/\/www.meydan.tv\/az\/?s={search_term_string}"},"query-input":{"@type":"PropertyValueSpecification","valueRequired":true,"valueName":"search_term_string"}}],"inLanguage":"az"},{"@type":"Organization","@id":"https:\/\/www.meydan.tv\/az\/#organization","name":"Meydan TV","url":"https:\/\/www.meydan.tv\/az\/","logo":{"@type":"ImageObject","inLanguage":"az","@id":"https:\/\/www.meydan.tv\/az\/#\/schema\/logo\/image\/","url":"https:\/\/www.meydan.tv\/wp-content\/uploads\/2021\/07\/meydan-logo.svg","contentUrl":"https:\/\/www.meydan.tv\/wp-content\/uploads\/2021\/07\/meydan-logo.svg","width":195,"height":46,"caption":"Meydan TV"},"image":{"@id":"https:\/\/www.meydan.tv\/az\/#\/schema\/logo\/image\/"}},{"@type":"Person","@id":"https:\/\/www.meydan.tv\/az\/#\/schema\/person\/9cdbecf90d17180ce1dfbd95b08dcf47","name":"elli","sameAs":["https:\/\/x.com\/elli"]}]}},"_links":{"self":[{"href":"https:\/\/www.meydan.tv\/az\/wp-json\/wp\/v2\/posts\/250823","targetHints":{"allow":["GET"]}}],"collection":[{"href":"https:\/\/www.meydan.tv\/az\/wp-json\/wp\/v2\/posts"}],"about":[{"href":"https:\/\/www.meydan.tv\/az\/wp-json\/wp\/v2\/types\/post"}],"author":[{"embeddable":true,"href":"https:\/\/www.meydan.tv\/az\/wp-json\/wp\/v2\/users\/8"}],"replies":[{"embeddable":true,"href":"https:\/\/www.meydan.tv\/az\/wp-json\/wp\/v2\/comments?post=250823"}],"version-history":[{"count":3,"href":"https:\/\/www.meydan.tv\/az\/wp-json\/wp\/v2\/posts\/250823\/revisions"}],"predecessor-version":[{"id":250837,"href":"https:\/\/www.meydan.tv\/az\/wp-json\/wp\/v2\/posts\/250823\/revisions\/250837"}],"wp:featuredmedia":[{"embeddable":true,"href":"https:\/\/www.meydan.tv\/az\/wp-json\/wp\/v2\/media\/250826"}],"wp:attachment":[{"href":"https:\/\/www.meydan.tv\/az\/wp-json\/wp\/v2\/media?parent=250823"}],"wp:term":[{"taxonomy":"category","embeddable":true,"href":"https:\/\/www.meydan.tv\/az\/wp-json\/wp\/v2\/categories?post=250823"},{"taxonomy":"post_tag","embeddable":true,"href":"https:\/\/www.meydan.tv\/az\/wp-json\/wp\/v2\/tags?post=250823"}],"curies":[{"name":"wp","href":"https:\/\/api.w.org\/{rel}","templated":true}]}}