{"id":250812,"date":"2022-07-14T12:44:18","date_gmt":"2022-07-14T08:44:18","guid":{"rendered":"https:\/\/www.meydan.tv\/?p=250812"},"modified":"2022-07-14T12:44:19","modified_gmt":"2022-07-14T08:44:19","slug":"prokurorluq-gomruk-sobesinin-reis-muavini-intihar-edib","status":"publish","type":"post","link":"https:\/\/www.meydan.tv\/az\/article\/prokurorluq-gomruk-sobesinin-reis-muavini-intihar-edib\/","title":{"rendered":"Prokurorluq: G\u00f6mr\u00fck \u015f\u00f6b\u0259sinin r\u0259is m\u00fcavini intihar edib"},"content":{"rendered":"\n<p><\/p>\n\n\n\n<p><em>Araz Cahangirli qarda\u015f\u0131n\u0131n hans\u0131 s\u0259b\u0259bd\u0259n intihar etdiyini bilm\u0259diyini deyir<\/em><\/p>\n\n\n\n<p>D\u00f6vl\u0259t G\u00f6mr\u00fck Komit\u0259sinin C\u0259nub \u018frazi Ba\u015f G\u00f6mr\u00fck idar\u0259sinin mobil g\u00f6mr\u00fck \u015f\u00f6b\u0259sinin r\u0259is m\u00fcavini \u018fli Cahangirlinin intihar etdiyi bildirilir. Hadis\u0259 iyulun 13-d\u0259 Astara rayonunun R\u00fcd\u0259k\u0259nar k\u0259ndind\u0259 ya\u015fad\u0131\u011f\u0131 evd\u0259 ba\u015f verib.<\/p>\n\n\n\n<p>Ba\u015f Prokurorlu\u011fun m\u0259tbuat xidm\u0259ti d\u0259 intihar fakt\u0131n\u0131 t\u0259sdiql\u0259yib.<\/p>\n\n\n\n<p>\u201cFaktla ba\u011fl\u0131 Astara Rayon Prokurorlu\u011funda ara\u015fd\u0131rma apar\u0131l\u0131r\u201d, &#8211; Ba\u015f Prokurorluqdan bildirilib.<\/p>\n\n\n\n<p>1986-c\u0131 il t\u0259v\u0259ll\u00fcdl\u00fc \u018fli Cahangirli tarix\u00e7i N\u0259c\u0259fal\u0131 Cahangirlinin o\u011fludur.<\/p>\n\n\n\n<p>M\u0259rhumun qarda\u015f\u0131 Araz Cahangirli onun hans\u0131 s\u0259b\u0259bd\u0259n \u00f6z\u00fcn\u0259 q\u0259sd etdiyini bilm\u0259dikl\u0259rini deyib. O \u0259lav\u0259 edib ki, qarda\u015f\u0131 Nax\u00e7\u0131van\u0131n Nehr\u0259m q\u0259s\u0259b\u0259 q\u0259bristanl\u0131\u011f\u0131nda torpa\u011fa tap\u015f\u0131r\u0131lacaq.<\/p>\n\n\n\n<p><\/p>\n","protected":false},"excerpt":{"rendered":"<p>Araz Cahangirli qarda\u015f\u0131n\u0131n hans\u0131 s\u0259b\u0259bd\u0259n intihar etdiyini bilm\u0259diyini deyir D\u00f6vl\u0259t &#8230; <\/p>\n<p class=\"read-more-container\"><a title=\"Prokurorluq: G\u00f6mr\u00fck \u015f\u00f6b\u0259sinin r\u0259is m\u00fcavini intihar edib\" class=\"read-more button\" href=\"https:\/\/www.meydan.tv\/az\/article\/prokurorluq-gomruk-sobesinin-reis-muavini-intihar-edib\/#more-250812\" aria-label=\"Read more about Prokurorluq: G\u00f6mr\u00fck \u015f\u00f6b\u0259sinin r\u0259is m\u00fcavini intihar edib\">Davam\u0131<\/a><\/p>\n","protected":false},"author":8,"featured_media":250809,"comment_status":"closed","ping_status":"closed","sticky":false,"template":"","format":"standard","meta":{"_acf_changed":false,"_sitemap_exclude":false,"_sitemap_priority":"","_sitemap_frequency":"","footnotes":""},"categories":[60,79,56],"tags":[],"class_list":["post-250812","post","type-post","status-publish","format-standard","has-post-thumbnail","hentry","category-bolge","category-featured","category-xeberler","infinite-scroll-item","generate-columns","tablet-grid-50","mobile-grid-100","grid-parent","grid-33","no-featured-image-padding"],"acf":[],"yoast_head":"<!-- This site is optimized with the Yoast SEO plugin v27.5 - https:\/\/yoast.com\/product\/yoast-seo-wordpress\/ -->\n<title>Prokurorluq: G\u00f6mr\u00fck \u015f\u00f6b\u0259sinin r\u0259is m\u00fcavini intihar edib - MEYDAN.TV<\/title>\n<meta name=\"robots\" content=\"index, follow, max-snippet:-1, max-image-preview:large, max-video-preview:-1\" \/>\n<link rel=\"canonical\" href=\"https:\/\/www.meydan.tv\/az\/article\/prokurorluq-gomruk-sobesinin-reis-muavini-intihar-edib\/\" \/>\n<meta property=\"og:locale\" content=\"az_AZ\" \/>\n<meta property=\"og:type\" content=\"article\" \/>\n<meta property=\"og:title\" content=\"Prokurorluq: G\u00f6mr\u00fck \u015f\u00f6b\u0259sinin r\u0259is m\u00fcavini intihar edib - MEYDAN.TV\" \/>\n<meta property=\"og:description\" content=\"Araz Cahangirli qarda\u015f\u0131n\u0131n hans\u0131 s\u0259b\u0259bd\u0259n intihar etdiyini bilm\u0259diyini deyir D\u00f6vl\u0259t ... Davam\u0131\" \/>\n<meta property=\"og:url\" content=\"https:\/\/www.meydan.tv\/az\/article\/prokurorluq-gomruk-sobesinin-reis-muavini-intihar-edib\/\" \/>\n<meta property=\"og:site_name\" content=\"MEYDAN.TV\" \/>\n<meta property=\"article:published_time\" content=\"2022-07-14T08:44:18+00:00\" \/>\n<meta property=\"article:modified_time\" content=\"2022-07-14T08:44:19+00:00\" \/>\n<meta property=\"og:image\" content=\"https:\/\/www.meydan.tv\/wp-content\/uploads\/1657782741_293816262_5394565680602944_9069303500439499993_n-e1657788245996.jpg\" \/>\n\t<meta property=\"og:image:width\" content=\"1200\" \/>\n\t<meta property=\"og:image:height\" content=\"570\" \/>\n\t<meta property=\"og:image:type\" content=\"image\/jpeg\" \/>\n<meta name=\"author\" content=\"elli\" \/>\n<meta name=\"twitter:card\" content=\"summary_large_image\" \/>\n<meta name=\"twitter:creator\" content=\"@elli\" \/>\n<script type=\"application\/ld+json\" class=\"yoast-schema-graph\">{\"@context\":\"https:\\\/\\\/schema.org\",\"@graph\":[{\"@type\":\"Article\",\"@id\":\"https:\\\/\\\/www.meydan.tv\\\/az\\\/article\\\/prokurorluq-gomruk-sobesinin-reis-muavini-intihar-edib\\\/#article\",\"isPartOf\":{\"@id\":\"https:\\\/\\\/www.meydan.tv\\\/az\\\/article\\\/prokurorluq-gomruk-sobesinin-reis-muavini-intihar-edib\\\/\"},\"author\":{\"name\":\"elli\",\"@id\":\"https:\\\/\\\/www.meydan.tv\\\/az\\\/#\\\/schema\\\/person\\\/9cdbecf90d17180ce1dfbd95b08dcf47\"},\"headline\":\"Prokurorluq: G\u00f6mr\u00fck \u015f\u00f6b\u0259sinin r\u0259is m\u00fcavini intihar edib\",\"datePublished\":\"2022-07-14T08:44:18+00:00\",\"dateModified\":\"2022-07-14T08:44:19+00:00\",\"mainEntityOfPage\":{\"@id\":\"https:\\\/\\\/www.meydan.tv\\\/az\\\/article\\\/prokurorluq-gomruk-sobesinin-reis-muavini-intihar-edib\\\/\"},\"wordCount\":163,\"publisher\":{\"@id\":\"https:\\\/\\\/www.meydan.tv\\\/az\\\/#organization\"},\"image\":{\"@id\":\"https:\\\/\\\/www.meydan.tv\\\/az\\\/article\\\/prokurorluq-gomruk-sobesinin-reis-muavini-intihar-edib\\\/#primaryimage\"},\"thumbnailUrl\":\"https:\\\/\\\/www.meydan.tv\\\/wp-content\\\/uploads\\\/1657782741_293816262_5394565680602944_9069303500439499993_n-e1657788245996.jpg\",\"articleSection\":[\"B\u00f6lg\u0259\",\"T\u00f6vsiy\u0259\",\"X\u0259b\u0259rl\u0259r\"],\"inLanguage\":\"az\"},{\"@type\":\"WebPage\",\"@id\":\"https:\\\/\\\/www.meydan.tv\\\/az\\\/article\\\/prokurorluq-gomruk-sobesinin-reis-muavini-intihar-edib\\\/\",\"url\":\"https:\\\/\\\/www.meydan.tv\\\/az\\\/article\\\/prokurorluq-gomruk-sobesinin-reis-muavini-intihar-edib\\\/\",\"name\":\"Prokurorluq: G\u00f6mr\u00fck \u015f\u00f6b\u0259sinin r\u0259is m\u00fcavini intihar edib - MEYDAN.TV\",\"isPartOf\":{\"@id\":\"https:\\\/\\\/www.meydan.tv\\\/az\\\/#website\"},\"primaryImageOfPage\":{\"@id\":\"https:\\\/\\\/www.meydan.tv\\\/az\\\/article\\\/prokurorluq-gomruk-sobesinin-reis-muavini-intihar-edib\\\/#primaryimage\"},\"image\":{\"@id\":\"https:\\\/\\\/www.meydan.tv\\\/az\\\/article\\\/prokurorluq-gomruk-sobesinin-reis-muavini-intihar-edib\\\/#primaryimage\"},\"thumbnailUrl\":\"https:\\\/\\\/www.meydan.tv\\\/wp-content\\\/uploads\\\/1657782741_293816262_5394565680602944_9069303500439499993_n-e1657788245996.jpg\",\"datePublished\":\"2022-07-14T08:44:18+00:00\",\"dateModified\":\"2022-07-14T08:44:19+00:00\",\"breadcrumb\":{\"@id\":\"https:\\\/\\\/www.meydan.tv\\\/az\\\/article\\\/prokurorluq-gomruk-sobesinin-reis-muavini-intihar-edib\\\/#breadcrumb\"},\"inLanguage\":\"az\",\"potentialAction\":[{\"@type\":\"ReadAction\",\"target\":[\"https:\\\/\\\/www.meydan.tv\\\/az\\\/article\\\/prokurorluq-gomruk-sobesinin-reis-muavini-intihar-edib\\\/\"]}]},{\"@type\":\"ImageObject\",\"inLanguage\":\"az\",\"@id\":\"https:\\\/\\\/www.meydan.tv\\\/az\\\/article\\\/prokurorluq-gomruk-sobesinin-reis-muavini-intihar-edib\\\/#primaryimage\",\"url\":\"https:\\\/\\\/www.meydan.tv\\\/wp-content\\\/uploads\\\/1657782741_293816262_5394565680602944_9069303500439499993_n-e1657788245996.jpg\",\"contentUrl\":\"https:\\\/\\\/www.meydan.tv\\\/wp-content\\\/uploads\\\/1657782741_293816262_5394565680602944_9069303500439499993_n-e1657788245996.jpg\",\"width\":1200,\"height\":570,\"caption\":\"\u018fli Cahangirli. Foto: \\\"Facebook\\\"\"},{\"@type\":\"BreadcrumbList\",\"@id\":\"https:\\\/\\\/www.meydan.tv\\\/az\\\/article\\\/prokurorluq-gomruk-sobesinin-reis-muavini-intihar-edib\\\/#breadcrumb\",\"itemListElement\":[{\"@type\":\"ListItem\",\"position\":1,\"name\":\"Ana s\u0259hif\u0259\",\"item\":\"https:\\\/\\\/www.meydan.tv\\\/az\\\/\"},{\"@type\":\"ListItem\",\"position\":2,\"name\":\"B\u00f6lg\u0259\",\"item\":\"https:\\\/\\\/www.meydan.tv\\\/az\\\/section\\\/bolge\\\/\"},{\"@type\":\"ListItem\",\"position\":3,\"name\":\"Prokurorluq: G\u00f6mr\u00fck \u015f\u00f6b\u0259sinin r\u0259is m\u00fcavini intihar edib\"}]},{\"@type\":\"WebSite\",\"@id\":\"https:\\\/\\\/www.meydan.tv\\\/az\\\/#website\",\"url\":\"https:\\\/\\\/www.meydan.tv\\\/az\\\/\",\"name\":\"MEYDAN.TV\",\"description\":\"Meydan TV Az\u0259rbaycan\u0131n media m\u0259kan\u0131ndak\u0131 alternativ s\u0259sidir\",\"publisher\":{\"@id\":\"https:\\\/\\\/www.meydan.tv\\\/az\\\/#organization\"},\"potentialAction\":[{\"@type\":\"SearchAction\",\"target\":{\"@type\":\"EntryPoint\",\"urlTemplate\":\"https:\\\/\\\/www.meydan.tv\\\/az\\\/?s={search_term_string}\"},\"query-input\":{\"@type\":\"PropertyValueSpecification\",\"valueRequired\":true,\"valueName\":\"search_term_string\"}}],\"inLanguage\":\"az\"},{\"@type\":\"Organization\",\"@id\":\"https:\\\/\\\/www.meydan.tv\\\/az\\\/#organization\",\"name\":\"Meydan TV\",\"url\":\"https:\\\/\\\/www.meydan.tv\\\/az\\\/\",\"logo\":{\"@type\":\"ImageObject\",\"inLanguage\":\"az\",\"@id\":\"https:\\\/\\\/www.meydan.tv\\\/az\\\/#\\\/schema\\\/logo\\\/image\\\/\",\"url\":\"https:\\\/\\\/www.meydan.tv\\\/wp-content\\\/uploads\\\/2021\\\/07\\\/meydan-logo.svg\",\"contentUrl\":\"https:\\\/\\\/www.meydan.tv\\\/wp-content\\\/uploads\\\/2021\\\/07\\\/meydan-logo.svg\",\"width\":195,\"height\":46,\"caption\":\"Meydan TV\"},\"image\":{\"@id\":\"https:\\\/\\\/www.meydan.tv\\\/az\\\/#\\\/schema\\\/logo\\\/image\\\/\"}},{\"@type\":\"Person\",\"@id\":\"https:\\\/\\\/www.meydan.tv\\\/az\\\/#\\\/schema\\\/person\\\/9cdbecf90d17180ce1dfbd95b08dcf47\",\"name\":\"elli\",\"sameAs\":[\"https:\\\/\\\/x.com\\\/elli\"]}]}<\/script>\n<!-- \/ Yoast SEO plugin. -->","yoast_head_json":{"title":"Prokurorluq: G\u00f6mr\u00fck \u015f\u00f6b\u0259sinin r\u0259is m\u00fcavini intihar edib - MEYDAN.TV","robots":{"index":"index","follow":"follow","max-snippet":"max-snippet:-1","max-image-preview":"max-image-preview:large","max-video-preview":"max-video-preview:-1"},"canonical":"https:\/\/www.meydan.tv\/az\/article\/prokurorluq-gomruk-sobesinin-reis-muavini-intihar-edib\/","og_locale":"az_AZ","og_type":"article","og_title":"Prokurorluq: G\u00f6mr\u00fck \u015f\u00f6b\u0259sinin r\u0259is m\u00fcavini intihar edib - MEYDAN.TV","og_description":"Araz Cahangirli qarda\u015f\u0131n\u0131n hans\u0131 s\u0259b\u0259bd\u0259n intihar etdiyini bilm\u0259diyini deyir D\u00f6vl\u0259t ... Davam\u0131","og_url":"https:\/\/www.meydan.tv\/az\/article\/prokurorluq-gomruk-sobesinin-reis-muavini-intihar-edib\/","og_site_name":"MEYDAN.TV","article_published_time":"2022-07-14T08:44:18+00:00","article_modified_time":"2022-07-14T08:44:19+00:00","og_image":[{"width":1200,"height":570,"url":"https:\/\/www.meydan.tv\/wp-content\/uploads\/1657782741_293816262_5394565680602944_9069303500439499993_n-e1657788245996.jpg","type":"image\/jpeg"}],"author":"elli","twitter_card":"summary_large_image","twitter_creator":"@elli","schema":{"@context":"https:\/\/schema.org","@graph":[{"@type":"Article","@id":"https:\/\/www.meydan.tv\/az\/article\/prokurorluq-gomruk-sobesinin-reis-muavini-intihar-edib\/#article","isPartOf":{"@id":"https:\/\/www.meydan.tv\/az\/article\/prokurorluq-gomruk-sobesinin-reis-muavini-intihar-edib\/"},"author":{"name":"elli","@id":"https:\/\/www.meydan.tv\/az\/#\/schema\/person\/9cdbecf90d17180ce1dfbd95b08dcf47"},"headline":"Prokurorluq: G\u00f6mr\u00fck \u015f\u00f6b\u0259sinin r\u0259is m\u00fcavini intihar edib","datePublished":"2022-07-14T08:44:18+00:00","dateModified":"2022-07-14T08:44:19+00:00","mainEntityOfPage":{"@id":"https:\/\/www.meydan.tv\/az\/article\/prokurorluq-gomruk-sobesinin-reis-muavini-intihar-edib\/"},"wordCount":163,"publisher":{"@id":"https:\/\/www.meydan.tv\/az\/#organization"},"image":{"@id":"https:\/\/www.meydan.tv\/az\/article\/prokurorluq-gomruk-sobesinin-reis-muavini-intihar-edib\/#primaryimage"},"thumbnailUrl":"https:\/\/www.meydan.tv\/wp-content\/uploads\/1657782741_293816262_5394565680602944_9069303500439499993_n-e1657788245996.jpg","articleSection":["B\u00f6lg\u0259","T\u00f6vsiy\u0259","X\u0259b\u0259rl\u0259r"],"inLanguage":"az"},{"@type":"WebPage","@id":"https:\/\/www.meydan.tv\/az\/article\/prokurorluq-gomruk-sobesinin-reis-muavini-intihar-edib\/","url":"https:\/\/www.meydan.tv\/az\/article\/prokurorluq-gomruk-sobesinin-reis-muavini-intihar-edib\/","name":"Prokurorluq: G\u00f6mr\u00fck \u015f\u00f6b\u0259sinin r\u0259is m\u00fcavini intihar edib - MEYDAN.TV","isPartOf":{"@id":"https:\/\/www.meydan.tv\/az\/#website"},"primaryImageOfPage":{"@id":"https:\/\/www.meydan.tv\/az\/article\/prokurorluq-gomruk-sobesinin-reis-muavini-intihar-edib\/#primaryimage"},"image":{"@id":"https:\/\/www.meydan.tv\/az\/article\/prokurorluq-gomruk-sobesinin-reis-muavini-intihar-edib\/#primaryimage"},"thumbnailUrl":"https:\/\/www.meydan.tv\/wp-content\/uploads\/1657782741_293816262_5394565680602944_9069303500439499993_n-e1657788245996.jpg","datePublished":"2022-07-14T08:44:18+00:00","dateModified":"2022-07-14T08:44:19+00:00","breadcrumb":{"@id":"https:\/\/www.meydan.tv\/az\/article\/prokurorluq-gomruk-sobesinin-reis-muavini-intihar-edib\/#breadcrumb"},"inLanguage":"az","potentialAction":[{"@type":"ReadAction","target":["https:\/\/www.meydan.tv\/az\/article\/prokurorluq-gomruk-sobesinin-reis-muavini-intihar-edib\/"]}]},{"@type":"ImageObject","inLanguage":"az","@id":"https:\/\/www.meydan.tv\/az\/article\/prokurorluq-gomruk-sobesinin-reis-muavini-intihar-edib\/#primaryimage","url":"https:\/\/www.meydan.tv\/wp-content\/uploads\/1657782741_293816262_5394565680602944_9069303500439499993_n-e1657788245996.jpg","contentUrl":"https:\/\/www.meydan.tv\/wp-content\/uploads\/1657782741_293816262_5394565680602944_9069303500439499993_n-e1657788245996.jpg","width":1200,"height":570,"caption":"\u018fli Cahangirli. Foto: \"Facebook\""},{"@type":"BreadcrumbList","@id":"https:\/\/www.meydan.tv\/az\/article\/prokurorluq-gomruk-sobesinin-reis-muavini-intihar-edib\/#breadcrumb","itemListElement":[{"@type":"ListItem","position":1,"name":"Ana s\u0259hif\u0259","item":"https:\/\/www.meydan.tv\/az\/"},{"@type":"ListItem","position":2,"name":"B\u00f6lg\u0259","item":"https:\/\/www.meydan.tv\/az\/section\/bolge\/"},{"@type":"ListItem","position":3,"name":"Prokurorluq: G\u00f6mr\u00fck \u015f\u00f6b\u0259sinin r\u0259is m\u00fcavini intihar edib"}]},{"@type":"WebSite","@id":"https:\/\/www.meydan.tv\/az\/#website","url":"https:\/\/www.meydan.tv\/az\/","name":"MEYDAN.TV","description":"Meydan TV Az\u0259rbaycan\u0131n media m\u0259kan\u0131ndak\u0131 alternativ s\u0259sidir","publisher":{"@id":"https:\/\/www.meydan.tv\/az\/#organization"},"potentialAction":[{"@type":"SearchAction","target":{"@type":"EntryPoint","urlTemplate":"https:\/\/www.meydan.tv\/az\/?s={search_term_string}"},"query-input":{"@type":"PropertyValueSpecification","valueRequired":true,"valueName":"search_term_string"}}],"inLanguage":"az"},{"@type":"Organization","@id":"https:\/\/www.meydan.tv\/az\/#organization","name":"Meydan TV","url":"https:\/\/www.meydan.tv\/az\/","logo":{"@type":"ImageObject","inLanguage":"az","@id":"https:\/\/www.meydan.tv\/az\/#\/schema\/logo\/image\/","url":"https:\/\/www.meydan.tv\/wp-content\/uploads\/2021\/07\/meydan-logo.svg","contentUrl":"https:\/\/www.meydan.tv\/wp-content\/uploads\/2021\/07\/meydan-logo.svg","width":195,"height":46,"caption":"Meydan TV"},"image":{"@id":"https:\/\/www.meydan.tv\/az\/#\/schema\/logo\/image\/"}},{"@type":"Person","@id":"https:\/\/www.meydan.tv\/az\/#\/schema\/person\/9cdbecf90d17180ce1dfbd95b08dcf47","name":"elli","sameAs":["https:\/\/x.com\/elli"]}]}},"_links":{"self":[{"href":"https:\/\/www.meydan.tv\/az\/wp-json\/wp\/v2\/posts\/250812","targetHints":{"allow":["GET"]}}],"collection":[{"href":"https:\/\/www.meydan.tv\/az\/wp-json\/wp\/v2\/posts"}],"about":[{"href":"https:\/\/www.meydan.tv\/az\/wp-json\/wp\/v2\/types\/post"}],"author":[{"embeddable":true,"href":"https:\/\/www.meydan.tv\/az\/wp-json\/wp\/v2\/users\/8"}],"replies":[{"embeddable":true,"href":"https:\/\/www.meydan.tv\/az\/wp-json\/wp\/v2\/comments?post=250812"}],"version-history":[{"count":1,"href":"https:\/\/www.meydan.tv\/az\/wp-json\/wp\/v2\/posts\/250812\/revisions"}],"predecessor-version":[{"id":250813,"href":"https:\/\/www.meydan.tv\/az\/wp-json\/wp\/v2\/posts\/250812\/revisions\/250813"}],"wp:featuredmedia":[{"embeddable":true,"href":"https:\/\/www.meydan.tv\/az\/wp-json\/wp\/v2\/media\/250809"}],"wp:attachment":[{"href":"https:\/\/www.meydan.tv\/az\/wp-json\/wp\/v2\/media?parent=250812"}],"wp:term":[{"taxonomy":"category","embeddable":true,"href":"https:\/\/www.meydan.tv\/az\/wp-json\/wp\/v2\/categories?post=250812"},{"taxonomy":"post_tag","embeddable":true,"href":"https:\/\/www.meydan.tv\/az\/wp-json\/wp\/v2\/tags?post=250812"}],"curies":[{"name":"wp","href":"https:\/\/api.w.org\/{rel}","templated":true}]}}