{"id":250780,"date":"2022-07-13T19:25:30","date_gmt":"2022-07-13T15:25:30","guid":{"rendered":"https:\/\/www.meydan.tv\/?p=250780"},"modified":"2022-07-13T21:11:57","modified_gmt":"2022-07-13T17:11:57","slug":"terter-hadiselerini-arasdiran-apariciya-hokm-oxundu","status":"publish","type":"post","link":"https:\/\/www.meydan.tv\/az\/article\/terter-hadiselerini-arasdiran-apariciya-hokm-oxundu\/","title":{"rendered":"\u201cT\u0259rt\u0259r hadis\u0259l\u0259ri\u201dni ara\u015fd\u0131ran apar\u0131c\u0131ya h\u00f6km oxundu"},"content":{"rendered":"\n<figure class=\"wp-block-embed is-type-video is-provider-youtube wp-block-embed-youtube wp-embed-aspect-16-9 wp-has-aspect-ratio\"><div class=\"wp-block-embed__wrapper\">\n<iframe title=\"\u201cBak\u0131 Birlik T\u0259\u015fkilat\u0131\u201d \u0130ctimai Birliyinin s\u0259dri Abid Qafarovun m\u0259hk\u0259m\u0259 prosesi ke\u00e7irilir\" width=\"1200\" height=\"675\" data-src=\"https:\/\/www.youtube.com\/embed\/doIqMSBfKzY?feature=oembed\" frameborder=\"0\" allow=\"accelerometer; autoplay; clipboard-write; encrypted-media; gyroscope; picture-in-picture\" allowfullscreen src=\"data:image\/svg+xml;base64,PHN2ZyB3aWR0aD0iMSIgaGVpZ2h0PSIxIiB4bWxucz0iaHR0cDovL3d3dy53My5vcmcvMjAwMC9zdmciPjwvc3ZnPg==\" class=\"lazyload\" data-load-mode=\"1\"><\/iframe>\n<\/div><\/figure>\n\n\n\n<!--more-->\n\n\n\n<p>H\u0259r bir madd\u0259 \u00fczr\u0259 ona 6 ay h\u0259bs c\u0259zas\u0131 t\u0259yin edilib<\/p>\n\n\n\n<p>\u201cBak\u0131 Birlik T\u0259\u015fkilat\u0131\u201d \u0130ctimai Birliyinin s\u0259dri, \u201cYoutube\u201ddak\u0131 \u201cKimTV\u201d kanal\u0131n\u0131n apar\u0131c\u0131s\u0131 Abid Qafarov 1 il azadl\u0131qdan m\u0259hrum edilib. \u0130yulun 13-d\u0259 Yasamal Rayon M\u0259hk\u0259m\u0259sind\u0259 hakim Rauf Da\u015fd\u0259mirovun s\u0259drliyil\u0259 \u00e7\u0131xar\u0131lan h\u00f6km\u0259 \u0259sas\u0259n, Abid Qafarov Cinay\u0259t M\u0259c\u0259ll\u0259sinin 147 (b\u00f6htan) v\u0259 148-ci (t\u0259hqir) madd\u0259l\u0259ril\u0259 t\u0259qsirli bilinib. H\u0259r bir madd\u0259 \u00fczr\u0259 ona 6 ay h\u0259bs c\u0259zas\u0131 t\u0259yin edilib.<\/p>\n\n\n\n<p>Abid Qafarova qar\u015f\u0131 m\u0259hk\u0259m\u0259d\u0259 x\u00fcsusi ittiham qaydas\u0131nda iddia qald\u0131ran 7 n\u0259f\u0259r m\u00fcharib\u0259 veteran\u0131ndan 4-\u00fc sonradan \u015fikay\u0259tini geri g\u00f6t\u00fcr\u00fcb. Dig\u0259rl\u0259ri is\u0259 \u0259riz\u0259d\u0259 iddia edib ki, Abid Qafarov qazil\u0259ri t\u0259hqir edib, onlar\u0131 \u201cm\u00fcti\u201d adland\u0131r\u0131b.<\/p>\n\n\n\n<figure class=\"wp-block-embed is-type-video is-provider-youtube wp-block-embed-youtube wp-embed-aspect-16-9 wp-has-aspect-ratio\"><div class=\"wp-block-embed__wrapper\">\n<iframe title=\"Siyasi-ictimai f\u0259al Abid Qafarov 1 il m\u00fcdd\u0259tin\u0259 azadl\u0131qdan m\u0259hrum edildi.\" width=\"1200\" height=\"675\" data-src=\"https:\/\/www.youtube.com\/embed\/Nu8oXphGo8g?feature=oembed\" frameborder=\"0\" allow=\"accelerometer; autoplay; clipboard-write; encrypted-media; gyroscope; picture-in-picture\" allowfullscreen src=\"data:image\/svg+xml;base64,PHN2ZyB3aWR0aD0iMSIgaGVpZ2h0PSIxIiB4bWxucz0iaHR0cDovL3d3dy53My5vcmcvMjAwMC9zdmciPjwvc3ZnPg==\" class=\"lazyload\" data-load-mode=\"1\"><\/iframe>\n<\/div><\/figure>\n\n\n\n<p>Abid Qafarov is\u0259 bu iddian\u0131 \u0259sass\u0131z say\u0131r. O, h\u0259bsind\u0259n \u00f6nc\u0259 m\u0259hk\u0259m\u0259nin binas\u0131 qar\u015f\u0131s\u0131nda jurnalistl\u0259r\u0259 a\u00e7\u0131qlamas\u0131nda bildirib ki, \u00e7\u0131x\u0131\u015f\u0131nda qazil\u0259ri t\u0259hqir etm\u0259yib, kims\u0259nin ad\u0131n\u0131 \u00e7\u0259km\u0259yib. \u018fksin\u0259, m\u00fcharib\u0259 i\u015ftirak\u00e7\u0131lar\u0131n\u0131n h\u00fcquqlar\u0131n\u0131n pozulmamas\u0131yla ba\u011fl\u0131 ist\u0259yini dil\u0259 g\u0259tirib. O hesab edir ki, T\u0259rt\u0259r hadis\u0259l\u0259ril\u0259 ba\u011fl\u0131 ara\u015fd\u0131rmalar\u0131na g\u00f6r\u0259 c\u0259zaland\u0131r\u0131l\u0131r v\u0259 bu m\u0259qs\u0259dl\u0259 qazil\u0259rd\u0259n istifad\u0259 olunur:<\/p>\n\n\n\n<p>\u201cBunu ed\u0259nl\u0259r d\u0259 T\u0259rt\u0259r cinay\u0259tl\u0259rind\u0259 \u0259li olan m\u0259murlard\u0131r\u201d.<\/p>\n\n\n\n<p>Abid Qafarovun v\u0259kili El\u00e7in Sad\u0131qov bildirib ki, h\u00f6kmd\u0259n apelyasiya \u015fikay\u0259ti veril\u0259c\u0259k:<\/p>\n\n\n\n<p>\u201cN\u0259 m\u0259n\u0259 m\u00fcdafi\u0259 \u00e7\u0131x\u0131\u015f\u0131na haz\u0131rla\u015fma\u011fa imkan verildi, n\u0259 Abid Qafarovun \u00f6z\u00fcn\u0259 son s\u00f6z dem\u0259y\u0259 \u015f\u0259rait yarad\u0131ld\u0131. T\u0259l\u0259sik h\u00f6km oxundu. Ekspertiza r\u0259yi d\u0259 iki g\u00fcn\u00fcn i\u00e7ind\u0259 &#8211; t\u0259l\u0259m-t\u0259l\u0259sik haz\u0131rlan\u0131b. Hesab edirik ki, bu da sifari\u015fin n\u0259tic\u0259sidir\u201d.<\/p>\n\n\n\n<p>\u0130yulun 6-da ke\u00e7iril\u0259n m\u0259hk\u0259m\u0259 iclas\u0131nda ekspertiza ke\u00e7irilm\u0259sin\u0259 q\u0259rar verilmi\u015fdi. Ekspertiza n\u0259tic\u0259sind\u0259 m\u00fc\u0259yy\u0259nl\u0259\u015fm\u0259liydi ki, Abid Qafarovun \u00e7\u0131x\u0131\u015f\u0131nda t\u0259hqir var, yoxsa yox.<\/p>\n","protected":false},"excerpt":{"rendered":"","protected":false},"author":14,"featured_media":250781,"comment_status":"closed","ping_status":"closed","sticky":false,"template":"","format":"standard","meta":{"_acf_changed":false,"_sitemap_exclude":false,"_sitemap_priority":"","_sitemap_frequency":"","footnotes":""},"categories":[79,63,56],"tags":[],"class_list":["post-250780","post","type-post","status-publish","format-standard","has-post-thumbnail","hentry","category-featured","category-video-2","category-xeberler","infinite-scroll-item","generate-columns","tablet-grid-50","mobile-grid-100","grid-parent","grid-33","no-featured-image-padding"],"acf":[],"yoast_head":"<!-- This site is optimized with the Yoast SEO plugin v27.5 - https:\/\/yoast.com\/product\/yoast-seo-wordpress\/ -->\n<title>\u201cT\u0259rt\u0259r hadis\u0259l\u0259ri\u201dni ara\u015fd\u0131ran apar\u0131c\u0131ya h\u00f6km oxundu - MEYDAN.TV<\/title>\n<meta name=\"robots\" content=\"index, follow, max-snippet:-1, max-image-preview:large, max-video-preview:-1\" \/>\n<link rel=\"canonical\" href=\"https:\/\/www.meydan.tv\/az\/article\/terter-hadiselerini-arasdiran-apariciya-hokm-oxundu\/\" \/>\n<meta property=\"og:locale\" content=\"az_AZ\" \/>\n<meta property=\"og:type\" content=\"article\" \/>\n<meta property=\"og:title\" content=\"\u201cT\u0259rt\u0259r hadis\u0259l\u0259ri\u201dni ara\u015fd\u0131ran apar\u0131c\u0131ya h\u00f6km oxundu - MEYDAN.TV\" \/>\n<meta property=\"og:url\" content=\"https:\/\/www.meydan.tv\/az\/article\/terter-hadiselerini-arasdiran-apariciya-hokm-oxundu\/\" \/>\n<meta property=\"og:site_name\" content=\"MEYDAN.TV\" \/>\n<meta property=\"article:published_time\" content=\"2022-07-13T15:25:30+00:00\" \/>\n<meta property=\"article:modified_time\" content=\"2022-07-13T17:11:57+00:00\" \/>\n<meta property=\"og:image\" content=\"https:\/\/www.meydan.tv\/wp-content\/uploads\/screenshot-2022-07-13-at-14.25.49.png\" \/>\n\t<meta property=\"og:image:width\" content=\"1500\" \/>\n\t<meta property=\"og:image:height\" content=\"839\" \/>\n\t<meta property=\"og:image:type\" content=\"image\/png\" \/>\n<meta name=\"author\" content=\"roma\" \/>\n<meta name=\"twitter:card\" content=\"summary_large_image\" \/>\n<script type=\"application\/ld+json\" class=\"yoast-schema-graph\">{\"@context\":\"https:\\\/\\\/schema.org\",\"@graph\":[{\"@type\":\"Article\",\"@id\":\"https:\\\/\\\/www.meydan.tv\\\/az\\\/article\\\/terter-hadiselerini-arasdiran-apariciya-hokm-oxundu\\\/#article\",\"isPartOf\":{\"@id\":\"https:\\\/\\\/www.meydan.tv\\\/az\\\/article\\\/terter-hadiselerini-arasdiran-apariciya-hokm-oxundu\\\/\"},\"author\":{\"name\":\"roma\",\"@id\":\"https:\\\/\\\/www.meydan.tv\\\/az\\\/#\\\/schema\\\/person\\\/8f23e01c4de63326c13c319fb65ee65d\"},\"headline\":\"\u201cT\u0259rt\u0259r hadis\u0259l\u0259ri\u201dni ara\u015fd\u0131ran apar\u0131c\u0131ya h\u00f6km oxundu\",\"datePublished\":\"2022-07-13T15:25:30+00:00\",\"dateModified\":\"2022-07-13T17:11:57+00:00\",\"mainEntityOfPage\":{\"@id\":\"https:\\\/\\\/www.meydan.tv\\\/az\\\/article\\\/terter-hadiselerini-arasdiran-apariciya-hokm-oxundu\\\/\"},\"wordCount\":403,\"publisher\":{\"@id\":\"https:\\\/\\\/www.meydan.tv\\\/az\\\/#organization\"},\"image\":{\"@id\":\"https:\\\/\\\/www.meydan.tv\\\/az\\\/article\\\/terter-hadiselerini-arasdiran-apariciya-hokm-oxundu\\\/#primaryimage\"},\"thumbnailUrl\":\"https:\\\/\\\/www.meydan.tv\\\/wp-content\\\/uploads\\\/screenshot-2022-07-13-at-14.25.49.png\",\"articleSection\":[\"T\u00f6vsiy\u0259\",\"Video\",\"X\u0259b\u0259rl\u0259r\"],\"inLanguage\":\"az\"},{\"@type\":\"WebPage\",\"@id\":\"https:\\\/\\\/www.meydan.tv\\\/az\\\/article\\\/terter-hadiselerini-arasdiran-apariciya-hokm-oxundu\\\/\",\"url\":\"https:\\\/\\\/www.meydan.tv\\\/az\\\/article\\\/terter-hadiselerini-arasdiran-apariciya-hokm-oxundu\\\/\",\"name\":\"\u201cT\u0259rt\u0259r hadis\u0259l\u0259ri\u201dni ara\u015fd\u0131ran apar\u0131c\u0131ya h\u00f6km oxundu - MEYDAN.TV\",\"isPartOf\":{\"@id\":\"https:\\\/\\\/www.meydan.tv\\\/az\\\/#website\"},\"primaryImageOfPage\":{\"@id\":\"https:\\\/\\\/www.meydan.tv\\\/az\\\/article\\\/terter-hadiselerini-arasdiran-apariciya-hokm-oxundu\\\/#primaryimage\"},\"image\":{\"@id\":\"https:\\\/\\\/www.meydan.tv\\\/az\\\/article\\\/terter-hadiselerini-arasdiran-apariciya-hokm-oxundu\\\/#primaryimage\"},\"thumbnailUrl\":\"https:\\\/\\\/www.meydan.tv\\\/wp-content\\\/uploads\\\/screenshot-2022-07-13-at-14.25.49.png\",\"datePublished\":\"2022-07-13T15:25:30+00:00\",\"dateModified\":\"2022-07-13T17:11:57+00:00\",\"breadcrumb\":{\"@id\":\"https:\\\/\\\/www.meydan.tv\\\/az\\\/article\\\/terter-hadiselerini-arasdiran-apariciya-hokm-oxundu\\\/#breadcrumb\"},\"inLanguage\":\"az\",\"potentialAction\":[{\"@type\":\"ReadAction\",\"target\":[\"https:\\\/\\\/www.meydan.tv\\\/az\\\/article\\\/terter-hadiselerini-arasdiran-apariciya-hokm-oxundu\\\/\"]}]},{\"@type\":\"ImageObject\",\"inLanguage\":\"az\",\"@id\":\"https:\\\/\\\/www.meydan.tv\\\/az\\\/article\\\/terter-hadiselerini-arasdiran-apariciya-hokm-oxundu\\\/#primaryimage\",\"url\":\"https:\\\/\\\/www.meydan.tv\\\/wp-content\\\/uploads\\\/screenshot-2022-07-13-at-14.25.49.png\",\"contentUrl\":\"https:\\\/\\\/www.meydan.tv\\\/wp-content\\\/uploads\\\/screenshot-2022-07-13-at-14.25.49.png\",\"width\":1500,\"height\":839,\"caption\":\"\u201cBak\u0131 Birlik T\u0259\u015fkilat\u0131\u201d \u0130ctimai Birliyinin s\u0259dri, \u201cYoutube\u201ddak\u0131 \u201cKimTV\u201d kanal\u0131n\u0131n apar\u0131c\u0131s\u0131 Abid Qafarov\"},{\"@type\":\"BreadcrumbList\",\"@id\":\"https:\\\/\\\/www.meydan.tv\\\/az\\\/article\\\/terter-hadiselerini-arasdiran-apariciya-hokm-oxundu\\\/#breadcrumb\",\"itemListElement\":[{\"@type\":\"ListItem\",\"position\":1,\"name\":\"Ana s\u0259hif\u0259\",\"item\":\"https:\\\/\\\/www.meydan.tv\\\/az\\\/\"},{\"@type\":\"ListItem\",\"position\":2,\"name\":\"X\u0259b\u0259rl\u0259r\",\"item\":\"https:\\\/\\\/www.meydan.tv\\\/az\\\/section\\\/xeberler\\\/\"},{\"@type\":\"ListItem\",\"position\":3,\"name\":\"\u201cT\u0259rt\u0259r hadis\u0259l\u0259ri\u201dni ara\u015fd\u0131ran apar\u0131c\u0131ya h\u00f6km oxundu\"}]},{\"@type\":\"WebSite\",\"@id\":\"https:\\\/\\\/www.meydan.tv\\\/az\\\/#website\",\"url\":\"https:\\\/\\\/www.meydan.tv\\\/az\\\/\",\"name\":\"MEYDAN.TV\",\"description\":\"Meydan TV Az\u0259rbaycan\u0131n media m\u0259kan\u0131ndak\u0131 alternativ s\u0259sidir\",\"publisher\":{\"@id\":\"https:\\\/\\\/www.meydan.tv\\\/az\\\/#organization\"},\"potentialAction\":[{\"@type\":\"SearchAction\",\"target\":{\"@type\":\"EntryPoint\",\"urlTemplate\":\"https:\\\/\\\/www.meydan.tv\\\/az\\\/?s={search_term_string}\"},\"query-input\":{\"@type\":\"PropertyValueSpecification\",\"valueRequired\":true,\"valueName\":\"search_term_string\"}}],\"inLanguage\":\"az\"},{\"@type\":\"Organization\",\"@id\":\"https:\\\/\\\/www.meydan.tv\\\/az\\\/#organization\",\"name\":\"Meydan TV\",\"url\":\"https:\\\/\\\/www.meydan.tv\\\/az\\\/\",\"logo\":{\"@type\":\"ImageObject\",\"inLanguage\":\"az\",\"@id\":\"https:\\\/\\\/www.meydan.tv\\\/az\\\/#\\\/schema\\\/logo\\\/image\\\/\",\"url\":\"https:\\\/\\\/www.meydan.tv\\\/wp-content\\\/uploads\\\/2021\\\/07\\\/meydan-logo.svg\",\"contentUrl\":\"https:\\\/\\\/www.meydan.tv\\\/wp-content\\\/uploads\\\/2021\\\/07\\\/meydan-logo.svg\",\"width\":195,\"height\":46,\"caption\":\"Meydan TV\"},\"image\":{\"@id\":\"https:\\\/\\\/www.meydan.tv\\\/az\\\/#\\\/schema\\\/logo\\\/image\\\/\"}},{\"@type\":\"Person\",\"@id\":\"https:\\\/\\\/www.meydan.tv\\\/az\\\/#\\\/schema\\\/person\\\/8f23e01c4de63326c13c319fb65ee65d\",\"name\":\"roma\"}]}<\/script>\n<!-- \/ Yoast SEO plugin. -->","yoast_head_json":{"title":"\u201cT\u0259rt\u0259r hadis\u0259l\u0259ri\u201dni ara\u015fd\u0131ran apar\u0131c\u0131ya h\u00f6km oxundu - MEYDAN.TV","robots":{"index":"index","follow":"follow","max-snippet":"max-snippet:-1","max-image-preview":"max-image-preview:large","max-video-preview":"max-video-preview:-1"},"canonical":"https:\/\/www.meydan.tv\/az\/article\/terter-hadiselerini-arasdiran-apariciya-hokm-oxundu\/","og_locale":"az_AZ","og_type":"article","og_title":"\u201cT\u0259rt\u0259r hadis\u0259l\u0259ri\u201dni ara\u015fd\u0131ran apar\u0131c\u0131ya h\u00f6km oxundu - MEYDAN.TV","og_url":"https:\/\/www.meydan.tv\/az\/article\/terter-hadiselerini-arasdiran-apariciya-hokm-oxundu\/","og_site_name":"MEYDAN.TV","article_published_time":"2022-07-13T15:25:30+00:00","article_modified_time":"2022-07-13T17:11:57+00:00","og_image":[{"width":1500,"height":839,"url":"https:\/\/www.meydan.tv\/wp-content\/uploads\/screenshot-2022-07-13-at-14.25.49.png","type":"image\/png"}],"author":"roma","twitter_card":"summary_large_image","schema":{"@context":"https:\/\/schema.org","@graph":[{"@type":"Article","@id":"https:\/\/www.meydan.tv\/az\/article\/terter-hadiselerini-arasdiran-apariciya-hokm-oxundu\/#article","isPartOf":{"@id":"https:\/\/www.meydan.tv\/az\/article\/terter-hadiselerini-arasdiran-apariciya-hokm-oxundu\/"},"author":{"name":"roma","@id":"https:\/\/www.meydan.tv\/az\/#\/schema\/person\/8f23e01c4de63326c13c319fb65ee65d"},"headline":"\u201cT\u0259rt\u0259r hadis\u0259l\u0259ri\u201dni ara\u015fd\u0131ran apar\u0131c\u0131ya h\u00f6km oxundu","datePublished":"2022-07-13T15:25:30+00:00","dateModified":"2022-07-13T17:11:57+00:00","mainEntityOfPage":{"@id":"https:\/\/www.meydan.tv\/az\/article\/terter-hadiselerini-arasdiran-apariciya-hokm-oxundu\/"},"wordCount":403,"publisher":{"@id":"https:\/\/www.meydan.tv\/az\/#organization"},"image":{"@id":"https:\/\/www.meydan.tv\/az\/article\/terter-hadiselerini-arasdiran-apariciya-hokm-oxundu\/#primaryimage"},"thumbnailUrl":"https:\/\/www.meydan.tv\/wp-content\/uploads\/screenshot-2022-07-13-at-14.25.49.png","articleSection":["T\u00f6vsiy\u0259","Video","X\u0259b\u0259rl\u0259r"],"inLanguage":"az"},{"@type":"WebPage","@id":"https:\/\/www.meydan.tv\/az\/article\/terter-hadiselerini-arasdiran-apariciya-hokm-oxundu\/","url":"https:\/\/www.meydan.tv\/az\/article\/terter-hadiselerini-arasdiran-apariciya-hokm-oxundu\/","name":"\u201cT\u0259rt\u0259r hadis\u0259l\u0259ri\u201dni ara\u015fd\u0131ran apar\u0131c\u0131ya h\u00f6km oxundu - MEYDAN.TV","isPartOf":{"@id":"https:\/\/www.meydan.tv\/az\/#website"},"primaryImageOfPage":{"@id":"https:\/\/www.meydan.tv\/az\/article\/terter-hadiselerini-arasdiran-apariciya-hokm-oxundu\/#primaryimage"},"image":{"@id":"https:\/\/www.meydan.tv\/az\/article\/terter-hadiselerini-arasdiran-apariciya-hokm-oxundu\/#primaryimage"},"thumbnailUrl":"https:\/\/www.meydan.tv\/wp-content\/uploads\/screenshot-2022-07-13-at-14.25.49.png","datePublished":"2022-07-13T15:25:30+00:00","dateModified":"2022-07-13T17:11:57+00:00","breadcrumb":{"@id":"https:\/\/www.meydan.tv\/az\/article\/terter-hadiselerini-arasdiran-apariciya-hokm-oxundu\/#breadcrumb"},"inLanguage":"az","potentialAction":[{"@type":"ReadAction","target":["https:\/\/www.meydan.tv\/az\/article\/terter-hadiselerini-arasdiran-apariciya-hokm-oxundu\/"]}]},{"@type":"ImageObject","inLanguage":"az","@id":"https:\/\/www.meydan.tv\/az\/article\/terter-hadiselerini-arasdiran-apariciya-hokm-oxundu\/#primaryimage","url":"https:\/\/www.meydan.tv\/wp-content\/uploads\/screenshot-2022-07-13-at-14.25.49.png","contentUrl":"https:\/\/www.meydan.tv\/wp-content\/uploads\/screenshot-2022-07-13-at-14.25.49.png","width":1500,"height":839,"caption":"\u201cBak\u0131 Birlik T\u0259\u015fkilat\u0131\u201d \u0130ctimai Birliyinin s\u0259dri, \u201cYoutube\u201ddak\u0131 \u201cKimTV\u201d kanal\u0131n\u0131n apar\u0131c\u0131s\u0131 Abid Qafarov"},{"@type":"BreadcrumbList","@id":"https:\/\/www.meydan.tv\/az\/article\/terter-hadiselerini-arasdiran-apariciya-hokm-oxundu\/#breadcrumb","itemListElement":[{"@type":"ListItem","position":1,"name":"Ana s\u0259hif\u0259","item":"https:\/\/www.meydan.tv\/az\/"},{"@type":"ListItem","position":2,"name":"X\u0259b\u0259rl\u0259r","item":"https:\/\/www.meydan.tv\/az\/section\/xeberler\/"},{"@type":"ListItem","position":3,"name":"\u201cT\u0259rt\u0259r hadis\u0259l\u0259ri\u201dni ara\u015fd\u0131ran apar\u0131c\u0131ya h\u00f6km oxundu"}]},{"@type":"WebSite","@id":"https:\/\/www.meydan.tv\/az\/#website","url":"https:\/\/www.meydan.tv\/az\/","name":"MEYDAN.TV","description":"Meydan TV Az\u0259rbaycan\u0131n media m\u0259kan\u0131ndak\u0131 alternativ s\u0259sidir","publisher":{"@id":"https:\/\/www.meydan.tv\/az\/#organization"},"potentialAction":[{"@type":"SearchAction","target":{"@type":"EntryPoint","urlTemplate":"https:\/\/www.meydan.tv\/az\/?s={search_term_string}"},"query-input":{"@type":"PropertyValueSpecification","valueRequired":true,"valueName":"search_term_string"}}],"inLanguage":"az"},{"@type":"Organization","@id":"https:\/\/www.meydan.tv\/az\/#organization","name":"Meydan TV","url":"https:\/\/www.meydan.tv\/az\/","logo":{"@type":"ImageObject","inLanguage":"az","@id":"https:\/\/www.meydan.tv\/az\/#\/schema\/logo\/image\/","url":"https:\/\/www.meydan.tv\/wp-content\/uploads\/2021\/07\/meydan-logo.svg","contentUrl":"https:\/\/www.meydan.tv\/wp-content\/uploads\/2021\/07\/meydan-logo.svg","width":195,"height":46,"caption":"Meydan TV"},"image":{"@id":"https:\/\/www.meydan.tv\/az\/#\/schema\/logo\/image\/"}},{"@type":"Person","@id":"https:\/\/www.meydan.tv\/az\/#\/schema\/person\/8f23e01c4de63326c13c319fb65ee65d","name":"roma"}]}},"_links":{"self":[{"href":"https:\/\/www.meydan.tv\/az\/wp-json\/wp\/v2\/posts\/250780","targetHints":{"allow":["GET"]}}],"collection":[{"href":"https:\/\/www.meydan.tv\/az\/wp-json\/wp\/v2\/posts"}],"about":[{"href":"https:\/\/www.meydan.tv\/az\/wp-json\/wp\/v2\/types\/post"}],"author":[{"embeddable":true,"href":"https:\/\/www.meydan.tv\/az\/wp-json\/wp\/v2\/users\/14"}],"replies":[{"embeddable":true,"href":"https:\/\/www.meydan.tv\/az\/wp-json\/wp\/v2\/comments?post=250780"}],"version-history":[{"count":2,"href":"https:\/\/www.meydan.tv\/az\/wp-json\/wp\/v2\/posts\/250780\/revisions"}],"predecessor-version":[{"id":250801,"href":"https:\/\/www.meydan.tv\/az\/wp-json\/wp\/v2\/posts\/250780\/revisions\/250801"}],"wp:featuredmedia":[{"embeddable":true,"href":"https:\/\/www.meydan.tv\/az\/wp-json\/wp\/v2\/media\/250781"}],"wp:attachment":[{"href":"https:\/\/www.meydan.tv\/az\/wp-json\/wp\/v2\/media?parent=250780"}],"wp:term":[{"taxonomy":"category","embeddable":true,"href":"https:\/\/www.meydan.tv\/az\/wp-json\/wp\/v2\/categories?post=250780"},{"taxonomy":"post_tag","embeddable":true,"href":"https:\/\/www.meydan.tv\/az\/wp-json\/wp\/v2\/tags?post=250780"}],"curies":[{"name":"wp","href":"https:\/\/api.w.org\/{rel}","templated":true}]}}