{"id":250751,"date":"2022-07-13T14:43:53","date_gmt":"2022-07-13T10:43:53","guid":{"rendered":"https:\/\/www.meydan.tv\/?p=250751"},"modified":"2022-07-13T14:56:02","modified_gmt":"2022-07-13T10:56:02","slug":"prokurorluq-qazinin-intihari-ile-bagli-arasdirma-aparilir","status":"publish","type":"post","link":"https:\/\/www.meydan.tv\/az\/article\/prokurorluq-qazinin-intihari-ile-bagli-arasdirma-aparilir\/","title":{"rendered":"Prokurorluq: Qazinin intihar\u0131 il\u0259 ba\u011fl\u0131 ara\u015fd\u0131rma apar\u0131l\u0131r"},"content":{"rendered":"\n<p><\/p>\n\n\n\n<p><em>Qarda\u015f\u0131: &#8220;\u0130ki ay idi ki, t\u0259qa\u00fcd\u00fc s\u0259b\u0259b g\u00f6st\u0259rilm\u0259d\u0259n l\u0259\u011fv edilmi\u015fdi&#8221;<\/em><\/p>\n\n\n\n<p>Sabirabad Rayon Prokurorlu\u011funda II Qaraba\u011f m\u00fcharib\u0259si veteran\u0131 Elvin C\u0259f\u0259rovun intihar etm\u0259si il\u0259 ba\u011fl\u0131 ara\u015fd\u0131rma apar\u0131l\u0131r.<\/p>\n\n\n\n<p>M\u0259lumat\u0131 Ba\u015f Prokurorluq <a href=\"https:\/\/genprosecutor.gov.az\/az\/post\/5368\" target=\"_blank\" rel=\"noreferrer noopener\">yay\u0131b<\/a>.<\/p>\n\n\n\n<p>Elvin C\u0259f\u0259rov iyulun 10-da Sabirabad Rayon \u0130cra Hakimiyy\u0259tinin binas\u0131n\u0131n qar\u015f\u0131s\u0131nda \u00f6z\u00fcn\u00fc yand\u0131r\u0131b.<\/p>\n\n\n\n<p>1987-ci il t\u0259v\u0259ll\u00fcdl\u00fc, Qala\u011fay\u0131n k\u0259nd sakini Elvin C\u0259f\u0259rovun \u0259vv\u0259lc\u0259 Sabirabad Rayon M\u0259rk\u0259zi X\u0259st\u0259xanas\u0131na g\u00f6t\u00fcr\u00fcld\u00fcy\u00fc bildirilib.<\/p>\n\n\n\n<p>Ancaq v\u0259ziyy\u0259tinin a\u011f\u0131r oldu\u011fundan ax\u015fam saatlar\u0131nda onu Bak\u0131ya \u2013 5 sayl\u0131 Birl\u0259\u015fmi\u015f \u015e\u0259h\u0259r X\u0259st\u0259xanas\u0131n\u0131n yan\u0131q \u015f\u00f6b\u0259sin\u0259 g\u00f6nd\u0259rildiyi m\u0259lumat\u0131 yay\u0131l\u0131b.<\/p>\n\n\n\n<p>Elvin C\u0259f\u0259rovun intihar etm\u0259sin\u0259 s\u0259b\u0259b 2 ay \u0259vv\u0259l t\u0259qa\u00fcd\u00fcn\u00fcn s\u0259b\u0259b g\u00f6st\u0259rilm\u0259d\u0259n l\u0259\u011fv olunmas\u0131 olub.<\/p>\n\n\n\n<p>Bu bar\u0259d\u0259 onun qarda\u015f\u0131 Elnur C\u0259f\u0259rov deyib.<\/p>\n\n\n\n<p>&#8220;M\u00fcharib\u0259d\u0259n \u0259vv\u0259l g\u00fcn\u0259muzd i\u015fl\u0259yib ail\u0259sini doland\u0131r\u0131rm\u0131\u015f. Ancaq m\u00fcharib\u0259d\u0259n travmalarla qay\u0131d\u0131b v\u0259 \u0259m\u0259k f\u0259aliyy\u0259tiyl\u0259 m\u0259\u015f\u011ful ola bilm\u0259yib. Ona kontuziyaya g\u00f6r\u0259 \u00fc\u00e7\u00fcnc\u00fc qrup \u0259lillik t\u0259yin edilib, 420 manat \u0259lillik t\u0259qa\u00fcd\u00fc al\u0131rm\u0131\u015f. \u0130ki ay idi ki, t\u0259qa\u00fcd s\u0259b\u0259b g\u00f6st\u0259rilm\u0259d\u0259n l\u0259\u011fv edilmi\u015fdi&#8221;, &#8211; qarda\u015f\u0131 bel\u0259 s\u00f6yl\u0259yib.<\/p>\n\n\n\n<p>Elnur C\u0259f\u0259rovun s\u00f6zl\u0259rin\u0259 g\u00f6r\u0259, qazi qarda\u015f\u0131n\u0131n iki aydan bir al\u0131nan d\u0259rmanlar\u0131n\u0131n pulunu o, i\u015fl\u0259yib \u00f6d\u0259yib:<\/p>\n\n\n\n<p> &#8220;Bu m\u0259bl\u0259\u011fs\u0259 700 manat\u0131 a\u015f\u0131r. Elvin C\u0259f\u0259rov \u00f6z\u00fcn\u00fc yand\u0131rmam\u0131\u015fdan \u0259vv\u0259l \u0259lillik t\u0259qa\u00fcd\u00fcn\u00fcn k\u0259silm\u0259siyl\u0259 \u0259laq\u0259dar aidiyy\u0259ti qurumlara m\u00fcraci\u0259t ets\u0259 d\u0259, cavab ala bilm\u0259yib. N\u0259hay\u0259t, o, icra hakimiyy\u0259tin\u0259 gedib, ancaq d\u0259f\u0259l\u0259rl\u0259 c\u0259hd etm\u0259sin\u0259 baxmayaraq, onu q\u0259bul edib, dinl\u0259y\u0259n olmay\u0131b. Elvin C\u0259f\u0259rov icra hakimiyy\u0259tinin qap\u0131s\u0131nda saatlarla g\u00f6zl\u0259dikd\u0259n sonra qurumda i\u015f vaxt\u0131n\u0131n bitm\u0259sin\u0259 az qalm\u0131\u015f el\u0259 oradaca \u00f6z\u00fcn\u00fc yand\u0131r\u0131b&#8221;.<\/p>\n\n\n\n<p>&#8220;H\u0259tta \u00f6z\u00fcn\u00fc yand\u0131randan sonra da qurumun v\u0259zif\u0259lil\u0259ri \u00e7\u00f6l\u0259 \u00e7\u0131xmay\u0131b v\u0259 onun v\u0259ziyy\u0259tiyl\u0259 maraqlanmay\u0131b&#8221;, &#8211; bunu da qarda\u015f\u0131 <a href=\"https:\/\/www.meydan.tv\/az\/article\/ozunu-yandiran-qazinin-qardasi-veziyyeti-agirdir-hec-kim-maraqlanmir\/\" target=\"_blank\" rel=\"noreferrer noopener\">bildirib<\/a>.<\/p>\n","protected":false},"excerpt":{"rendered":"<p>Qarda\u015f\u0131: &#8220;\u0130ki ay idi ki, t\u0259qa\u00fcd\u00fc s\u0259b\u0259b g\u00f6st\u0259rilm\u0259d\u0259n l\u0259\u011fv edilmi\u015fdi&#8221; &#8230; <\/p>\n<p class=\"read-more-container\"><a title=\"Prokurorluq: Qazinin intihar\u0131 il\u0259 ba\u011fl\u0131 ara\u015fd\u0131rma apar\u0131l\u0131r\" class=\"read-more button\" href=\"https:\/\/www.meydan.tv\/az\/article\/prokurorluq-qazinin-intihari-ile-bagli-arasdirma-aparilir\/#more-250751\" aria-label=\"Read more about Prokurorluq: Qazinin intihar\u0131 il\u0259 ba\u011fl\u0131 ara\u015fd\u0131rma apar\u0131l\u0131r\">Davam\u0131<\/a><\/p>\n","protected":false},"author":8,"featured_media":250752,"comment_status":"closed","ping_status":"closed","sticky":false,"template":"","format":"standard","meta":{"_acf_changed":false,"_sitemap_exclude":false,"_sitemap_priority":"","_sitemap_frequency":"","footnotes":""},"categories":[60,56],"tags":[],"class_list":["post-250751","post","type-post","status-publish","format-standard","has-post-thumbnail","hentry","category-bolge","category-xeberler","infinite-scroll-item","generate-columns","tablet-grid-50","mobile-grid-100","grid-parent","grid-33","no-featured-image-padding"],"acf":[],"yoast_head":"<!-- This site is optimized with the Yoast SEO plugin v27.5 - https:\/\/yoast.com\/product\/yoast-seo-wordpress\/ -->\n<title>Prokurorluq: Qazinin intihar\u0131 il\u0259 ba\u011fl\u0131 ara\u015fd\u0131rma apar\u0131l\u0131r - MEYDAN.TV<\/title>\n<meta name=\"robots\" content=\"index, follow, max-snippet:-1, max-image-preview:large, max-video-preview:-1\" \/>\n<link rel=\"canonical\" href=\"https:\/\/www.meydan.tv\/az\/article\/prokurorluq-qazinin-intihari-ile-bagli-arasdirma-aparilir\/\" \/>\n<meta property=\"og:locale\" content=\"az_AZ\" \/>\n<meta property=\"og:type\" content=\"article\" \/>\n<meta property=\"og:title\" content=\"Prokurorluq: Qazinin intihar\u0131 il\u0259 ba\u011fl\u0131 ara\u015fd\u0131rma apar\u0131l\u0131r - MEYDAN.TV\" \/>\n<meta property=\"og:description\" content=\"Qarda\u015f\u0131: &#8220;\u0130ki ay idi ki, t\u0259qa\u00fcd\u00fc s\u0259b\u0259b g\u00f6st\u0259rilm\u0259d\u0259n l\u0259\u011fv edilmi\u015fdi&#8221; ... Davam\u0131\" \/>\n<meta property=\"og:url\" content=\"https:\/\/www.meydan.tv\/az\/article\/prokurorluq-qazinin-intihari-ile-bagli-arasdirma-aparilir\/\" \/>\n<meta property=\"og:site_name\" content=\"MEYDAN.TV\" \/>\n<meta property=\"article:published_time\" content=\"2022-07-13T10:43:53+00:00\" \/>\n<meta property=\"article:modified_time\" content=\"2022-07-13T10:56:02+00:00\" \/>\n<meta property=\"og:image\" content=\"https:\/\/www.meydan.tv\/wp-content\/uploads\/edbxuu8xgaeq3tv-e1657709013698.jpg\" \/>\n\t<meta property=\"og:image:width\" content=\"1200\" \/>\n\t<meta property=\"og:image:height\" content=\"990\" \/>\n\t<meta property=\"og:image:type\" content=\"image\/jpeg\" \/>\n<meta name=\"author\" content=\"elli\" \/>\n<meta name=\"twitter:card\" content=\"summary_large_image\" \/>\n<meta name=\"twitter:creator\" content=\"@elli\" \/>\n<script type=\"application\/ld+json\" class=\"yoast-schema-graph\">{\"@context\":\"https:\\\/\\\/schema.org\",\"@graph\":[{\"@type\":\"Article\",\"@id\":\"https:\\\/\\\/www.meydan.tv\\\/az\\\/article\\\/prokurorluq-qazinin-intihari-ile-bagli-arasdirma-aparilir\\\/#article\",\"isPartOf\":{\"@id\":\"https:\\\/\\\/www.meydan.tv\\\/az\\\/article\\\/prokurorluq-qazinin-intihari-ile-bagli-arasdirma-aparilir\\\/\"},\"author\":{\"name\":\"elli\",\"@id\":\"https:\\\/\\\/www.meydan.tv\\\/az\\\/#\\\/schema\\\/person\\\/9cdbecf90d17180ce1dfbd95b08dcf47\"},\"headline\":\"Prokurorluq: Qazinin intihar\u0131 il\u0259 ba\u011fl\u0131 ara\u015fd\u0131rma apar\u0131l\u0131r\",\"datePublished\":\"2022-07-13T10:43:53+00:00\",\"dateModified\":\"2022-07-13T10:56:02+00:00\",\"mainEntityOfPage\":{\"@id\":\"https:\\\/\\\/www.meydan.tv\\\/az\\\/article\\\/prokurorluq-qazinin-intihari-ile-bagli-arasdirma-aparilir\\\/\"},\"wordCount\":432,\"publisher\":{\"@id\":\"https:\\\/\\\/www.meydan.tv\\\/az\\\/#organization\"},\"image\":{\"@id\":\"https:\\\/\\\/www.meydan.tv\\\/az\\\/article\\\/prokurorluq-qazinin-intihari-ile-bagli-arasdirma-aparilir\\\/#primaryimage\"},\"thumbnailUrl\":\"https:\\\/\\\/www.meydan.tv\\\/wp-content\\\/uploads\\\/edbxuu8xgaeq3tv-e1657709013698.jpg\",\"articleSection\":[\"B\u00f6lg\u0259\",\"X\u0259b\u0259rl\u0259r\"],\"inLanguage\":\"az\"},{\"@type\":\"WebPage\",\"@id\":\"https:\\\/\\\/www.meydan.tv\\\/az\\\/article\\\/prokurorluq-qazinin-intihari-ile-bagli-arasdirma-aparilir\\\/\",\"url\":\"https:\\\/\\\/www.meydan.tv\\\/az\\\/article\\\/prokurorluq-qazinin-intihari-ile-bagli-arasdirma-aparilir\\\/\",\"name\":\"Prokurorluq: Qazinin intihar\u0131 il\u0259 ba\u011fl\u0131 ara\u015fd\u0131rma apar\u0131l\u0131r - MEYDAN.TV\",\"isPartOf\":{\"@id\":\"https:\\\/\\\/www.meydan.tv\\\/az\\\/#website\"},\"primaryImageOfPage\":{\"@id\":\"https:\\\/\\\/www.meydan.tv\\\/az\\\/article\\\/prokurorluq-qazinin-intihari-ile-bagli-arasdirma-aparilir\\\/#primaryimage\"},\"image\":{\"@id\":\"https:\\\/\\\/www.meydan.tv\\\/az\\\/article\\\/prokurorluq-qazinin-intihari-ile-bagli-arasdirma-aparilir\\\/#primaryimage\"},\"thumbnailUrl\":\"https:\\\/\\\/www.meydan.tv\\\/wp-content\\\/uploads\\\/edbxuu8xgaeq3tv-e1657709013698.jpg\",\"datePublished\":\"2022-07-13T10:43:53+00:00\",\"dateModified\":\"2022-07-13T10:56:02+00:00\",\"breadcrumb\":{\"@id\":\"https:\\\/\\\/www.meydan.tv\\\/az\\\/article\\\/prokurorluq-qazinin-intihari-ile-bagli-arasdirma-aparilir\\\/#breadcrumb\"},\"inLanguage\":\"az\",\"potentialAction\":[{\"@type\":\"ReadAction\",\"target\":[\"https:\\\/\\\/www.meydan.tv\\\/az\\\/article\\\/prokurorluq-qazinin-intihari-ile-bagli-arasdirma-aparilir\\\/\"]}]},{\"@type\":\"ImageObject\",\"inLanguage\":\"az\",\"@id\":\"https:\\\/\\\/www.meydan.tv\\\/az\\\/article\\\/prokurorluq-qazinin-intihari-ile-bagli-arasdirma-aparilir\\\/#primaryimage\",\"url\":\"https:\\\/\\\/www.meydan.tv\\\/wp-content\\\/uploads\\\/edbxuu8xgaeq3tv-e1657709013698.jpg\",\"contentUrl\":\"https:\\\/\\\/www.meydan.tv\\\/wp-content\\\/uploads\\\/edbxuu8xgaeq3tv-e1657709013698.jpg\",\"width\":1200,\"height\":990,\"caption\":\"Sabirabad Rayon Prokurorlu\u011fu. Foto: Twitter\"},{\"@type\":\"BreadcrumbList\",\"@id\":\"https:\\\/\\\/www.meydan.tv\\\/az\\\/article\\\/prokurorluq-qazinin-intihari-ile-bagli-arasdirma-aparilir\\\/#breadcrumb\",\"itemListElement\":[{\"@type\":\"ListItem\",\"position\":1,\"name\":\"Ana s\u0259hif\u0259\",\"item\":\"https:\\\/\\\/www.meydan.tv\\\/az\\\/\"},{\"@type\":\"ListItem\",\"position\":2,\"name\":\"B\u00f6lg\u0259\",\"item\":\"https:\\\/\\\/www.meydan.tv\\\/az\\\/section\\\/bolge\\\/\"},{\"@type\":\"ListItem\",\"position\":3,\"name\":\"Prokurorluq: Qazinin intihar\u0131 il\u0259 ba\u011fl\u0131 ara\u015fd\u0131rma apar\u0131l\u0131r\"}]},{\"@type\":\"WebSite\",\"@id\":\"https:\\\/\\\/www.meydan.tv\\\/az\\\/#website\",\"url\":\"https:\\\/\\\/www.meydan.tv\\\/az\\\/\",\"name\":\"MEYDAN.TV\",\"description\":\"Meydan TV Az\u0259rbaycan\u0131n media m\u0259kan\u0131ndak\u0131 alternativ s\u0259sidir\",\"publisher\":{\"@id\":\"https:\\\/\\\/www.meydan.tv\\\/az\\\/#organization\"},\"potentialAction\":[{\"@type\":\"SearchAction\",\"target\":{\"@type\":\"EntryPoint\",\"urlTemplate\":\"https:\\\/\\\/www.meydan.tv\\\/az\\\/?s={search_term_string}\"},\"query-input\":{\"@type\":\"PropertyValueSpecification\",\"valueRequired\":true,\"valueName\":\"search_term_string\"}}],\"inLanguage\":\"az\"},{\"@type\":\"Organization\",\"@id\":\"https:\\\/\\\/www.meydan.tv\\\/az\\\/#organization\",\"name\":\"Meydan TV\",\"url\":\"https:\\\/\\\/www.meydan.tv\\\/az\\\/\",\"logo\":{\"@type\":\"ImageObject\",\"inLanguage\":\"az\",\"@id\":\"https:\\\/\\\/www.meydan.tv\\\/az\\\/#\\\/schema\\\/logo\\\/image\\\/\",\"url\":\"https:\\\/\\\/www.meydan.tv\\\/wp-content\\\/uploads\\\/2021\\\/07\\\/meydan-logo.svg\",\"contentUrl\":\"https:\\\/\\\/www.meydan.tv\\\/wp-content\\\/uploads\\\/2021\\\/07\\\/meydan-logo.svg\",\"width\":195,\"height\":46,\"caption\":\"Meydan TV\"},\"image\":{\"@id\":\"https:\\\/\\\/www.meydan.tv\\\/az\\\/#\\\/schema\\\/logo\\\/image\\\/\"}},{\"@type\":\"Person\",\"@id\":\"https:\\\/\\\/www.meydan.tv\\\/az\\\/#\\\/schema\\\/person\\\/9cdbecf90d17180ce1dfbd95b08dcf47\",\"name\":\"elli\",\"sameAs\":[\"https:\\\/\\\/x.com\\\/elli\"]}]}<\/script>\n<!-- \/ Yoast SEO plugin. -->","yoast_head_json":{"title":"Prokurorluq: Qazinin intihar\u0131 il\u0259 ba\u011fl\u0131 ara\u015fd\u0131rma apar\u0131l\u0131r - MEYDAN.TV","robots":{"index":"index","follow":"follow","max-snippet":"max-snippet:-1","max-image-preview":"max-image-preview:large","max-video-preview":"max-video-preview:-1"},"canonical":"https:\/\/www.meydan.tv\/az\/article\/prokurorluq-qazinin-intihari-ile-bagli-arasdirma-aparilir\/","og_locale":"az_AZ","og_type":"article","og_title":"Prokurorluq: Qazinin intihar\u0131 il\u0259 ba\u011fl\u0131 ara\u015fd\u0131rma apar\u0131l\u0131r - MEYDAN.TV","og_description":"Qarda\u015f\u0131: &#8220;\u0130ki ay idi ki, t\u0259qa\u00fcd\u00fc s\u0259b\u0259b g\u00f6st\u0259rilm\u0259d\u0259n l\u0259\u011fv edilmi\u015fdi&#8221; ... Davam\u0131","og_url":"https:\/\/www.meydan.tv\/az\/article\/prokurorluq-qazinin-intihari-ile-bagli-arasdirma-aparilir\/","og_site_name":"MEYDAN.TV","article_published_time":"2022-07-13T10:43:53+00:00","article_modified_time":"2022-07-13T10:56:02+00:00","og_image":[{"width":1200,"height":990,"url":"https:\/\/www.meydan.tv\/wp-content\/uploads\/edbxuu8xgaeq3tv-e1657709013698.jpg","type":"image\/jpeg"}],"author":"elli","twitter_card":"summary_large_image","twitter_creator":"@elli","schema":{"@context":"https:\/\/schema.org","@graph":[{"@type":"Article","@id":"https:\/\/www.meydan.tv\/az\/article\/prokurorluq-qazinin-intihari-ile-bagli-arasdirma-aparilir\/#article","isPartOf":{"@id":"https:\/\/www.meydan.tv\/az\/article\/prokurorluq-qazinin-intihari-ile-bagli-arasdirma-aparilir\/"},"author":{"name":"elli","@id":"https:\/\/www.meydan.tv\/az\/#\/schema\/person\/9cdbecf90d17180ce1dfbd95b08dcf47"},"headline":"Prokurorluq: Qazinin intihar\u0131 il\u0259 ba\u011fl\u0131 ara\u015fd\u0131rma apar\u0131l\u0131r","datePublished":"2022-07-13T10:43:53+00:00","dateModified":"2022-07-13T10:56:02+00:00","mainEntityOfPage":{"@id":"https:\/\/www.meydan.tv\/az\/article\/prokurorluq-qazinin-intihari-ile-bagli-arasdirma-aparilir\/"},"wordCount":432,"publisher":{"@id":"https:\/\/www.meydan.tv\/az\/#organization"},"image":{"@id":"https:\/\/www.meydan.tv\/az\/article\/prokurorluq-qazinin-intihari-ile-bagli-arasdirma-aparilir\/#primaryimage"},"thumbnailUrl":"https:\/\/www.meydan.tv\/wp-content\/uploads\/edbxuu8xgaeq3tv-e1657709013698.jpg","articleSection":["B\u00f6lg\u0259","X\u0259b\u0259rl\u0259r"],"inLanguage":"az"},{"@type":"WebPage","@id":"https:\/\/www.meydan.tv\/az\/article\/prokurorluq-qazinin-intihari-ile-bagli-arasdirma-aparilir\/","url":"https:\/\/www.meydan.tv\/az\/article\/prokurorluq-qazinin-intihari-ile-bagli-arasdirma-aparilir\/","name":"Prokurorluq: Qazinin intihar\u0131 il\u0259 ba\u011fl\u0131 ara\u015fd\u0131rma apar\u0131l\u0131r - MEYDAN.TV","isPartOf":{"@id":"https:\/\/www.meydan.tv\/az\/#website"},"primaryImageOfPage":{"@id":"https:\/\/www.meydan.tv\/az\/article\/prokurorluq-qazinin-intihari-ile-bagli-arasdirma-aparilir\/#primaryimage"},"image":{"@id":"https:\/\/www.meydan.tv\/az\/article\/prokurorluq-qazinin-intihari-ile-bagli-arasdirma-aparilir\/#primaryimage"},"thumbnailUrl":"https:\/\/www.meydan.tv\/wp-content\/uploads\/edbxuu8xgaeq3tv-e1657709013698.jpg","datePublished":"2022-07-13T10:43:53+00:00","dateModified":"2022-07-13T10:56:02+00:00","breadcrumb":{"@id":"https:\/\/www.meydan.tv\/az\/article\/prokurorluq-qazinin-intihari-ile-bagli-arasdirma-aparilir\/#breadcrumb"},"inLanguage":"az","potentialAction":[{"@type":"ReadAction","target":["https:\/\/www.meydan.tv\/az\/article\/prokurorluq-qazinin-intihari-ile-bagli-arasdirma-aparilir\/"]}]},{"@type":"ImageObject","inLanguage":"az","@id":"https:\/\/www.meydan.tv\/az\/article\/prokurorluq-qazinin-intihari-ile-bagli-arasdirma-aparilir\/#primaryimage","url":"https:\/\/www.meydan.tv\/wp-content\/uploads\/edbxuu8xgaeq3tv-e1657709013698.jpg","contentUrl":"https:\/\/www.meydan.tv\/wp-content\/uploads\/edbxuu8xgaeq3tv-e1657709013698.jpg","width":1200,"height":990,"caption":"Sabirabad Rayon Prokurorlu\u011fu. Foto: Twitter"},{"@type":"BreadcrumbList","@id":"https:\/\/www.meydan.tv\/az\/article\/prokurorluq-qazinin-intihari-ile-bagli-arasdirma-aparilir\/#breadcrumb","itemListElement":[{"@type":"ListItem","position":1,"name":"Ana s\u0259hif\u0259","item":"https:\/\/www.meydan.tv\/az\/"},{"@type":"ListItem","position":2,"name":"B\u00f6lg\u0259","item":"https:\/\/www.meydan.tv\/az\/section\/bolge\/"},{"@type":"ListItem","position":3,"name":"Prokurorluq: Qazinin intihar\u0131 il\u0259 ba\u011fl\u0131 ara\u015fd\u0131rma apar\u0131l\u0131r"}]},{"@type":"WebSite","@id":"https:\/\/www.meydan.tv\/az\/#website","url":"https:\/\/www.meydan.tv\/az\/","name":"MEYDAN.TV","description":"Meydan TV Az\u0259rbaycan\u0131n media m\u0259kan\u0131ndak\u0131 alternativ s\u0259sidir","publisher":{"@id":"https:\/\/www.meydan.tv\/az\/#organization"},"potentialAction":[{"@type":"SearchAction","target":{"@type":"EntryPoint","urlTemplate":"https:\/\/www.meydan.tv\/az\/?s={search_term_string}"},"query-input":{"@type":"PropertyValueSpecification","valueRequired":true,"valueName":"search_term_string"}}],"inLanguage":"az"},{"@type":"Organization","@id":"https:\/\/www.meydan.tv\/az\/#organization","name":"Meydan TV","url":"https:\/\/www.meydan.tv\/az\/","logo":{"@type":"ImageObject","inLanguage":"az","@id":"https:\/\/www.meydan.tv\/az\/#\/schema\/logo\/image\/","url":"https:\/\/www.meydan.tv\/wp-content\/uploads\/2021\/07\/meydan-logo.svg","contentUrl":"https:\/\/www.meydan.tv\/wp-content\/uploads\/2021\/07\/meydan-logo.svg","width":195,"height":46,"caption":"Meydan TV"},"image":{"@id":"https:\/\/www.meydan.tv\/az\/#\/schema\/logo\/image\/"}},{"@type":"Person","@id":"https:\/\/www.meydan.tv\/az\/#\/schema\/person\/9cdbecf90d17180ce1dfbd95b08dcf47","name":"elli","sameAs":["https:\/\/x.com\/elli"]}]}},"_links":{"self":[{"href":"https:\/\/www.meydan.tv\/az\/wp-json\/wp\/v2\/posts\/250751","targetHints":{"allow":["GET"]}}],"collection":[{"href":"https:\/\/www.meydan.tv\/az\/wp-json\/wp\/v2\/posts"}],"about":[{"href":"https:\/\/www.meydan.tv\/az\/wp-json\/wp\/v2\/types\/post"}],"author":[{"embeddable":true,"href":"https:\/\/www.meydan.tv\/az\/wp-json\/wp\/v2\/users\/8"}],"replies":[{"embeddable":true,"href":"https:\/\/www.meydan.tv\/az\/wp-json\/wp\/v2\/comments?post=250751"}],"version-history":[{"count":2,"href":"https:\/\/www.meydan.tv\/az\/wp-json\/wp\/v2\/posts\/250751\/revisions"}],"predecessor-version":[{"id":250756,"href":"https:\/\/www.meydan.tv\/az\/wp-json\/wp\/v2\/posts\/250751\/revisions\/250756"}],"wp:featuredmedia":[{"embeddable":true,"href":"https:\/\/www.meydan.tv\/az\/wp-json\/wp\/v2\/media\/250752"}],"wp:attachment":[{"href":"https:\/\/www.meydan.tv\/az\/wp-json\/wp\/v2\/media?parent=250751"}],"wp:term":[{"taxonomy":"category","embeddable":true,"href":"https:\/\/www.meydan.tv\/az\/wp-json\/wp\/v2\/categories?post=250751"},{"taxonomy":"post_tag","embeddable":true,"href":"https:\/\/www.meydan.tv\/az\/wp-json\/wp\/v2\/tags?post=250751"}],"curies":[{"name":"wp","href":"https:\/\/api.w.org\/{rel}","templated":true}]}}