{"id":250722,"date":"2022-07-13T10:57:12","date_gmt":"2022-07-13T06:57:12","guid":{"rendered":"https:\/\/www.meydan.tv\/?p=250722"},"modified":"2022-07-13T12:44:43","modified_gmt":"2022-07-13T08:44:43","slug":"agsu-sakini-meni-sobede-anamin-gozunun-qabaginda-doyduler","status":"publish","type":"post","link":"https:\/\/www.meydan.tv\/az\/article\/agsu-sakini-meni-sobede-anamin-gozunun-qabaginda-doyduler\/","title":{"rendered":"A\u011fsu sakini: \u201cM\u0259ni \u015f\u00f6b\u0259d\u0259 anam\u0131n g\u00f6z\u00fcn\u00fcn qaba\u011f\u0131nda d\u00f6yd\u00fcl\u0259r\u201d"},"content":{"rendered":"\n<p><\/p>\n\n\n\n<p><em>D\u0130N i\u015fg\u0259nc\u0259 il\u0259 ba\u011fl\u0131 iddialar\u0131 t\u0259kzib edir<\/em><\/p>\n\n\n\n<figure class=\"wp-block-audio\"><audio controls src=\"https:\/\/www.meydan.tv\/wp-content\/uploads\/agsuda-doyulen.mp3\"><\/audio><figcaption>\u015eikay\u0259t\u00e7inin \u00f6z s\u0259si il\u0259<\/figcaption><\/figure>\n\n\n\n<p>\u201cM\u0259ni \u015f\u00f6b\u0259nin d\u0259hlizind\u0259 &#8211; anam\u0131n g\u00f6z\u00fcn\u00fcn qaba\u011f\u0131nda d\u00f6yd\u00fcl\u0259r. \u00c7\u00fcnki s\u00f6z\u00fcm onlar\u0131n xo\u015funa g\u0259lm\u0259mi\u015fdi. Demi\u015fdim ki, h\u0259r\u0259niz bir-iki dana sat\u0131b, polis olmusunuz, k\u0259ndd\u0259 d\u0259 qo\u00e7uluq edirsiniz. \u0130nzibati protokol t\u0259rtib edib m\u0259ni m\u0259hk\u0259m\u0259y\u0259 apard\u0131lar. Guya s\u0259rxo\u015f v\u0259ziyy\u0259td\u0259 ictimai asayi\u015fi pozmu\u015fam\u201d.<\/p>\n\n\n\n<p>Bunu Meydan TV-y\u0259 A\u011fsunun Qaraqa\u015fl\u0131 k\u0259nd sakini, 25 ya\u015fl\u0131 G\u00fclxan Quliyev deyir.<\/p>\n\n\n\n<p>Onun s\u00f6zl\u0259rin\u0259 g\u00f6r\u0259, iyulun 4-d\u0259 k\u0259nd \u0259razisind\u0259 bir u\u015fa\u011f\u0131n avtomobill\u0259 vuruldu\u011funu e\u015fidib, ba\u015fqa k\u0259nd sakinl\u0259ri kimi o da hadis\u0259 yerin\u0259 gedib.<\/p>\n\n\n\n<p>Geri qay\u0131dark\u0259n yax\u0131nl\u0131\u011f\u0131nda \u201cJiquli\u201d markal\u0131 avtomobil saxlay\u0131b. S\u00fcr\u00fcc\u00fc ondan avtomobil q\u0259zas\u0131 ba\u015f ver\u0259n yeri soru\u015fub.<\/p>\n\n\n\n<p>G\u00fclxan Quliyevin dediyin\u0259 g\u00f6r\u0259, s\u00fcr\u00fcc\u00fc onunla kobud dan\u0131\u015f\u0131b, o da s\u00fcr\u00fcc\u00fcy\u0259 eyni t\u0259rzd\u0259 cavab verib.<\/p>\n\n\n\n<p><strong>&#8220;\u018fvv\u0259l onlar\u0131n polis oldu\u011funu bilm\u0259dim\u2026&#8221;<\/strong><\/p>\n\n\n\n<p>El\u0259 h\u0259r \u015fey d\u0259 bundan ba\u015flay\u0131b: <\/p>\n\n\n\n<p>\u201cM\u0259n \u0259vv\u0259l onlar\u0131n polis olduqlar\u0131n\u0131 bilmirdim. M\u0259niml\u0259 kobud dan\u0131\u015f\u0131b, cavab\u0131n\u0131 alandan sonra ma\u015f\u0131n\u0131n arxa salonundan iki polis i\u015f\u00e7isi d\u00fc\u015fd\u00fc. S\u00fcr\u00fcc\u00fc v\u0259 yan\u0131nda oturan m\u00fclki geyimd\u0259 olsalar da, ma\u015f\u0131n\u0131n arxa salonundan d\u00fc\u015f\u0259nl\u0259r polis geyimind\u0259ydil\u0259r&#8221;.<\/p>\n\n\n\n<p>&#8220;M\u0259niml\u0259 kobud dan\u0131\u015f\u0131qlar\u0131n\u0131 davam etdir\u0259nd\u0259 dedim ki, v\u0259t\u0259nda\u015fla normal dan\u0131\u015f\u0131q t\u0259rziniz d\u0259 yoxdur. M\u0259ni s\u00fcr\u00fcy\u00fcb ma\u015f\u0131na mindirm\u0259k ist\u0259yirdil\u0259r. Dedim, m\u0259n he\u00e7 kimin \u015f\u0259xsi ma\u015f\u0131n\u0131na minmir\u0259m, Post Patrul Xidm\u0259ti g\u0259lm\u0259s\u0259, sizinl\u0259 he\u00e7 yer\u0259 getm\u0259y\u0259c\u0259y\u0259m\u201d, &#8211; dey\u0259 o bildirib.<\/p>\n\n\n\n<p>G\u00fclxan Quliyev deyir ki, onu \u015f\u00f6b\u0259y\u0259 aparanlar V\u00fcsal H\u0259s\u0259nov, V\u00fcqar Q\u0259dirov, \u018fli v\u0259 Seymur adl\u0131 polis i\u015f\u00e7il\u0259ri olub.<\/p>\n\n\n\n<p>H\u0259min polisl\u0259r A\u011fsu Rayon Polis \u015e\u00f6b\u0259sind\u0259 onu d\u00f6y\u00fcbl\u0259r. S\u0259rxo\u015f v\u0259ziyy\u0259td\u0259 ictimai asayi\u015fi pozmas\u0131na dair inzibati protokol t\u0259rtib ed\u0259r\u0259k m\u0259hk\u0259m\u0259y\u0259 apar\u0131blar.<\/p>\n\n\n\n<figure class=\"wp-block-image size-full\"><img decoding=\"async\" width=\"1200\" height=\"800\" data-src=\"https:\/\/www.meydan.tv\/wp-content\/uploads\/untitled-design-49.jpg\" alt=\"\" class=\"wp-image-250705 lazyload\" src=\"data:image\/svg+xml;base64,PHN2ZyB3aWR0aD0iMSIgaGVpZ2h0PSIxIiB4bWxucz0iaHR0cDovL3d3dy53My5vcmcvMjAwMC9zdmciPjwvc3ZnPg==\" style=\"--smush-placeholder-width: 1200px; --smush-placeholder-aspect-ratio: 1200\/800;\" \/><figcaption> G\u00fclxan Quliyev. Foto: Meydan TV<\/figcaption><\/figure>\n\n\n\n<p>M\u0259hk\u0259m\u0259 G\u00fclxan Quliyev\u0259 200 manat c\u0259rim\u0259 k\u0259sib.<\/p>\n\n\n\n<p>Sosial \u015f\u0259b\u0259k\u0259l\u0259rd\u0259 \u015f\u0259hid qarda\u015f\u0131n\u0131n polisl\u0259r t\u0259r\u0259find\u0259n d\u00f6y\u00fclm\u0259si q\u0131naqla qar\u015f\u0131lan\u0131b.<\/p>\n\n\n\n<p><strong>D\u0130N G\u00fclxan Quliyevin s\u0259rxo\u015f oldu\u011funu deyir\u2026<\/strong><\/p>\n\n\n\n<p>Daxili \u0130\u015fl\u0259r Nazirliyinin (D\u0130N) M\u0259tbuat Xidm\u0259tinin b\u00f6lm\u0259 r\u0259isi Zeyni H\u00fcseynov \u00f6z sosial \u015f\u0259b\u0259k\u0259 hesab\u0131nda qurumun hadis\u0259y\u0259 m\u00fcnasib\u0259tini a\u00e7\u0131qlay\u0131b.<\/p>\n\n\n\n<p>Nazirlik r\u0259smisi yaz\u0131b ki, G\u00fclxan Quliyev s\u0259rxo\u015f v\u0259ziyy\u0259td\u0259, ucadan nalayiq ifad\u0259l\u0259r i\u015fl\u0259dib, bu da \u0259trafdak\u0131lar\u0131n naraz\u0131l\u0131\u011f\u0131na s\u0259b\u0259b olub: <\/p>\n\n\n\n<p>&#8220;O, nizam-intizama d\u0259v\u0259t edils\u0259 d\u0259, buna m\u0259h\u0259l qoymay\u0131b v\u0259 x\u0131rda xuliqanl\u0131q h\u0259r\u0259k\u0259tl\u0259rini davam etdir\u0259r\u0259k polis \u0259m\u0259kda\u015f\u0131na m\u0259xsus avtomobil\u0259 z\u0259r\u0259r yetirib. G\u00fclxan Quliyev \u015f\u00f6b\u0259y\u0259 d\u0259v\u0259t edilib v\u0259 bar\u0259sind\u0259 protokol t\u0259rtib edil\u0259r\u0259k m\u0259hk\u0259m\u0259y\u0259 g\u00f6nd\u0259rilib. M\u0259hk\u0259m\u0259nin d\u0259 q\u0259rar\u0131 il\u0259 o, 200 manat c\u0259rim\u0259 edilib&#8221;.<\/p>\n\n\n\n<figure class=\"wp-block-image size-large\"><img decoding=\"async\" width=\"835\" height=\"821\" data-src=\"https:\/\/www.meydan.tv\/wp-content\/uploads\/whatsapp-image-2022-07-12-at-15.59.13-835x821.jpeg\" alt=\"\" class=\"wp-image-250729 lazyload\" src=\"data:image\/svg+xml;base64,PHN2ZyB3aWR0aD0iMSIgaGVpZ2h0PSIxIiB4bWxucz0iaHR0cDovL3d3dy53My5vcmcvMjAwMC9zdmciPjwvc3ZnPg==\" style=\"--smush-placeholder-width: 835px; --smush-placeholder-aspect-ratio: 835\/821;\" \/><\/figure>\n\n\n\n<p><strong>&#8220;\u00c7\u0131xar\u0131b 200 manat verdil\u0259r ki, \u015f\u0259hid qarda\u015f\u0131 oldu\u011funu bilm\u0259mi\u015fik&#8221;<\/strong><\/p>\n\n\n\n<p>G\u00fclxan Quliyevs\u0259 t\u0259rtib olunmu\u015f protokolun saxtal\u0131\u011f\u0131ndan dan\u0131\u015f\u0131r: <\/p>\n\n\n\n<p>\u201cOrda ham\u0131 g\u00f6rd\u00fc ki, polisl\u0259r qo\u00e7uluq edir. H\u0259tta bir n\u0259f\u0259r onlara irad tutdu, polisl\u0259rd\u0259n biri d\u00f6n\u00fcb onu da \u015f\u00f6b\u0259y\u0259 aparaca\u011f\u0131 il\u0259 h\u0259d\u0259l\u0259di. M\u0259ns\u0259 dediyim kimi, m\u00fclki ma\u015f\u0131na minm\u0259kd\u0259n imtina el\u0259dim, Polis Patrul Xidm\u0259tinin ma\u015f\u0131n\u0131n\u0131 t\u0259l\u0259b etdim. \u0130\u00e7kili olma\u011f\u0131mla ba\u011fl\u0131 deyil\u0259n\u0259 g\u0259linc\u0259, \u015f\u00f6b\u0259d\u0259 yoxlad\u0131lar, n\u0259f\u0259simd\u0259n spirt \u00e7\u0131xmad\u0131. D\u00f6rd d\u0259f\u0259 yoxlad\u0131lar, d\u00f6rd\u00fcnc\u00fcd\u0259 yalandan dedil\u0259r ki, n\u0259f\u0259simd\u0259n 10 faiz spirt \u00e7\u0131x\u0131b. Halbuki m\u0259n \u00f6t\u0259n ilin dekabr\u0131ndan spirtli i\u00e7ki q\u0259bul etmir\u0259m&#8221;.<\/p>\n\n\n\n<p>&#8220;D\u00fczd\u00fcr, \u0259vv\u0259ll\u0259r bir az davakar olmu\u015fam, ancaq g\u0259nc qarda\u015f\u0131m\u0131n \u00f6l\u00fcm\u00fcnd\u0259n sonra m\u0259n tamamil\u0259 ba\u015fqa adama \u00e7evrilmi\u015f\u0259m. M\u00fcharib\u0259d\u0259n sa\u011f-salamat qay\u0131dan dostuma s\u00f6z ver\u0259nd\u0259n sonra spirtli i\u00e7kil\u0259rd\u0259n uzaqla\u015fm\u0131\u015fam. Gedib onun-bunun otunu bi\u00e7ir\u0259m, yerini qaz\u0131ram, n\u00f6k\u0259r\u00e7ilik edib, g\u00fcnd\u0259lik 5-6 manat\u0131m\u0131 qazan\u0131ram. C\u0259rim\u0259y\u0259 g\u0259linc\u0259, m\u0259n\u0259 yazd\u0131qlar\u0131 c\u0259rim\u0259ni el\u0259 \u00f6zl\u0259ri \u00e7\u0131xar\u0131b verdil\u0259r\u2026 \u015e\u00f6b\u0259d\u0259n burax\u0131landa V\u00fcsal H\u0259s\u0259nov m\u0259n\u0259 200 manat verdi. Dedi ki, \u015f\u0259hid qarda\u015f\u0131 oldu\u011funu bilm\u0259mi\u015fik\u201d, &#8211; dey\u0259 o bildirib.<\/p>\n\n\n\n<p>D\u0130N G\u00fclxan Quliyevin d\u00f6y\u00fclm\u0259sini inkar edir. Qurum bildirir ki, v\u0259t\u0259nda\u015f ya y\u0131x\u0131laraq, ya da ba\u015fqas\u0131yla sava\u015faraq h\u0259min x\u0259sar\u0259tl\u0259ri al\u0131b.<\/p>\n\n\n\n<p>G\u00fclxan Quliyev is\u0259 deyir ki, \u0259lind\u0259 i\u015fg\u0259nc\u0259 izl\u0259rini \u0259ks etdir\u0259n fotolar var v\u0259 bunlar sosial \u015f\u0259b\u0259k\u0259l\u0259rd\u0259 d\u0259 yay\u0131l\u0131b: <\/p>\n\n\n\n<p>\u201cTutaq ki, m\u0259n yalan dan\u0131\u015f\u0131ram, anam da yalan dan\u0131\u015f\u0131r? M\u0259ni N\u00f6vb\u0259t\u00e7i hiss\u0259nin qaba\u011f\u0131nda \u2013 anam\u0131n g\u00f6z\u00fc g\u00f6r\u0259-g\u00f6r\u0259 d\u00f6y\u00fcrd\u00fcl\u0259r. \u00dcz\u00fcm\u0259 vurduqlar\u0131na g\u00f6r\u0259 \u0259ll\u0259riml\u0259 \u00fcz\u00fcm\u00fc qapatma\u011fa \u00e7al\u0131\u015f\u0131rd\u0131m. El\u0259 bilirdim ki, d\u00f6y\u0259nl\u0259r m\u0259ni t\u0259kc\u0259 \u015f\u00f6b\u0259y\u0259 aparanlard\u0131r. Ev\u0259 g\u0259l\u0259nd\u0259n sonra anam dedi ki, t\u0259k onlar deyildi, ba\u015fqalar\u0131 da s\u0259ni d\u00f6y\u0259nl\u0259r\u0259 qo\u015fulmu\u015fdu\u201d.<\/p>\n\n\n\n<p>G\u00fclxan Quliyev Bak\u0131ya g\u0259l\u0259r\u0259k Ba\u015f Prokurorluqda q\u0259bulda olub.<\/p>\n\n\n\n<p>Ona bildirilib ki, \u015fikay\u0259ti n\u0259zar\u0259t\u0259 g\u00f6t\u00fcr\u00fcl\u00fcb v\u0259 A\u011fsu Rayon Prokurorlu\u011fu m\u0259s\u0259l\u0259ni ara\u015fd\u0131r\u0131r.<\/p>\n","protected":false},"excerpt":{"rendered":"<p>D\u0130N i\u015fg\u0259nc\u0259 il\u0259 ba\u011fl\u0131 iddialar\u0131 t\u0259kzib edir \u201cM\u0259ni \u015f\u00f6b\u0259nin d\u0259hlizind\u0259 &#8230; <\/p>\n<p class=\"read-more-container\"><a title=\"A\u011fsu sakini: \u201cM\u0259ni \u015f\u00f6b\u0259d\u0259 anam\u0131n g\u00f6z\u00fcn\u00fcn qaba\u011f\u0131nda d\u00f6yd\u00fcl\u0259r\u201d\" class=\"read-more button\" href=\"https:\/\/www.meydan.tv\/az\/article\/agsu-sakini-meni-sobede-anamin-gozunun-qabaginda-doyduler\/#more-250722\" aria-label=\"Read more about A\u011fsu sakini: \u201cM\u0259ni \u015f\u00f6b\u0259d\u0259 anam\u0131n g\u00f6z\u00fcn\u00fcn qaba\u011f\u0131nda d\u00f6yd\u00fcl\u0259r\u201d\">Davam\u0131<\/a><\/p>\n","protected":false},"author":8,"featured_media":250699,"comment_status":"closed","ping_status":"closed","sticky":false,"template":"","format":"standard","meta":{"_acf_changed":false,"_sitemap_exclude":false,"_sitemap_priority":"","_sitemap_frequency":"","footnotes":""},"categories":[60,79,56],"tags":[],"class_list":["post-250722","post","type-post","status-publish","format-standard","has-post-thumbnail","hentry","category-bolge","category-featured","category-xeberler","infinite-scroll-item","generate-columns","tablet-grid-50","mobile-grid-100","grid-parent","grid-33","no-featured-image-padding"],"acf":[],"yoast_head":"<!-- This site is optimized with the Yoast SEO plugin v27.5 - https:\/\/yoast.com\/product\/yoast-seo-wordpress\/ -->\n<title>A\u011fsu sakini: \u201cM\u0259ni \u015f\u00f6b\u0259d\u0259 anam\u0131n g\u00f6z\u00fcn\u00fcn qaba\u011f\u0131nda d\u00f6yd\u00fcl\u0259r\u201d - MEYDAN.TV<\/title>\n<meta name=\"robots\" content=\"index, follow, max-snippet:-1, max-image-preview:large, max-video-preview:-1\" \/>\n<link rel=\"canonical\" href=\"https:\/\/www.meydan.tv\/az\/article\/agsu-sakini-meni-sobede-anamin-gozunun-qabaginda-doyduler\/\" \/>\n<meta property=\"og:locale\" content=\"az_AZ\" \/>\n<meta property=\"og:type\" content=\"article\" \/>\n<meta property=\"og:title\" content=\"A\u011fsu sakini: \u201cM\u0259ni \u015f\u00f6b\u0259d\u0259 anam\u0131n g\u00f6z\u00fcn\u00fcn qaba\u011f\u0131nda d\u00f6yd\u00fcl\u0259r\u201d - MEYDAN.TV\" \/>\n<meta property=\"og:description\" content=\"D\u0130N i\u015fg\u0259nc\u0259 il\u0259 ba\u011fl\u0131 iddialar\u0131 t\u0259kzib edir \u201cM\u0259ni \u015f\u00f6b\u0259nin d\u0259hlizind\u0259 ... Davam\u0131\" \/>\n<meta property=\"og:url\" content=\"https:\/\/www.meydan.tv\/az\/article\/agsu-sakini-meni-sobede-anamin-gozunun-qabaginda-doyduler\/\" \/>\n<meta property=\"og:site_name\" content=\"MEYDAN.TV\" \/>\n<meta property=\"article:published_time\" content=\"2022-07-13T06:57:12+00:00\" \/>\n<meta property=\"article:modified_time\" content=\"2022-07-13T08:44:43+00:00\" \/>\n<meta property=\"og:image\" content=\"https:\/\/www.meydan.tv\/wp-content\/uploads\/gulxan_quliyev1.jpeg\" \/>\n\t<meta property=\"og:image:width\" content=\"1200\" \/>\n\t<meta property=\"og:image:height\" content=\"1057\" \/>\n\t<meta property=\"og:image:type\" content=\"image\/jpeg\" \/>\n<meta name=\"author\" content=\"elli\" \/>\n<meta name=\"twitter:card\" content=\"summary_large_image\" \/>\n<meta name=\"twitter:creator\" content=\"@elli\" \/>\n<script type=\"application\/ld+json\" class=\"yoast-schema-graph\">{\"@context\":\"https:\\\/\\\/schema.org\",\"@graph\":[{\"@type\":\"Article\",\"@id\":\"https:\\\/\\\/www.meydan.tv\\\/az\\\/article\\\/agsu-sakini-meni-sobede-anamin-gozunun-qabaginda-doyduler\\\/#article\",\"isPartOf\":{\"@id\":\"https:\\\/\\\/www.meydan.tv\\\/az\\\/article\\\/agsu-sakini-meni-sobede-anamin-gozunun-qabaginda-doyduler\\\/\"},\"author\":{\"name\":\"elli\",\"@id\":\"https:\\\/\\\/www.meydan.tv\\\/az\\\/#\\\/schema\\\/person\\\/9cdbecf90d17180ce1dfbd95b08dcf47\"},\"headline\":\"A\u011fsu sakini: \u201cM\u0259ni \u015f\u00f6b\u0259d\u0259 anam\u0131n g\u00f6z\u00fcn\u00fcn qaba\u011f\u0131nda d\u00f6yd\u00fcl\u0259r\u201d\",\"datePublished\":\"2022-07-13T06:57:12+00:00\",\"dateModified\":\"2022-07-13T08:44:43+00:00\",\"mainEntityOfPage\":{\"@id\":\"https:\\\/\\\/www.meydan.tv\\\/az\\\/article\\\/agsu-sakini-meni-sobede-anamin-gozunun-qabaginda-doyduler\\\/\"},\"wordCount\":1061,\"publisher\":{\"@id\":\"https:\\\/\\\/www.meydan.tv\\\/az\\\/#organization\"},\"image\":{\"@id\":\"https:\\\/\\\/www.meydan.tv\\\/az\\\/article\\\/agsu-sakini-meni-sobede-anamin-gozunun-qabaginda-doyduler\\\/#primaryimage\"},\"thumbnailUrl\":\"https:\\\/\\\/www.meydan.tv\\\/wp-content\\\/uploads\\\/gulxan_quliyev1.jpeg\",\"articleSection\":[\"B\u00f6lg\u0259\",\"T\u00f6vsiy\u0259\",\"X\u0259b\u0259rl\u0259r\"],\"inLanguage\":\"az\"},{\"@type\":\"WebPage\",\"@id\":\"https:\\\/\\\/www.meydan.tv\\\/az\\\/article\\\/agsu-sakini-meni-sobede-anamin-gozunun-qabaginda-doyduler\\\/\",\"url\":\"https:\\\/\\\/www.meydan.tv\\\/az\\\/article\\\/agsu-sakini-meni-sobede-anamin-gozunun-qabaginda-doyduler\\\/\",\"name\":\"A\u011fsu sakini: \u201cM\u0259ni \u015f\u00f6b\u0259d\u0259 anam\u0131n g\u00f6z\u00fcn\u00fcn qaba\u011f\u0131nda d\u00f6yd\u00fcl\u0259r\u201d - MEYDAN.TV\",\"isPartOf\":{\"@id\":\"https:\\\/\\\/www.meydan.tv\\\/az\\\/#website\"},\"primaryImageOfPage\":{\"@id\":\"https:\\\/\\\/www.meydan.tv\\\/az\\\/article\\\/agsu-sakini-meni-sobede-anamin-gozunun-qabaginda-doyduler\\\/#primaryimage\"},\"image\":{\"@id\":\"https:\\\/\\\/www.meydan.tv\\\/az\\\/article\\\/agsu-sakini-meni-sobede-anamin-gozunun-qabaginda-doyduler\\\/#primaryimage\"},\"thumbnailUrl\":\"https:\\\/\\\/www.meydan.tv\\\/wp-content\\\/uploads\\\/gulxan_quliyev1.jpeg\",\"datePublished\":\"2022-07-13T06:57:12+00:00\",\"dateModified\":\"2022-07-13T08:44:43+00:00\",\"breadcrumb\":{\"@id\":\"https:\\\/\\\/www.meydan.tv\\\/az\\\/article\\\/agsu-sakini-meni-sobede-anamin-gozunun-qabaginda-doyduler\\\/#breadcrumb\"},\"inLanguage\":\"az\",\"potentialAction\":[{\"@type\":\"ReadAction\",\"target\":[\"https:\\\/\\\/www.meydan.tv\\\/az\\\/article\\\/agsu-sakini-meni-sobede-anamin-gozunun-qabaginda-doyduler\\\/\"]}]},{\"@type\":\"ImageObject\",\"inLanguage\":\"az\",\"@id\":\"https:\\\/\\\/www.meydan.tv\\\/az\\\/article\\\/agsu-sakini-meni-sobede-anamin-gozunun-qabaginda-doyduler\\\/#primaryimage\",\"url\":\"https:\\\/\\\/www.meydan.tv\\\/wp-content\\\/uploads\\\/gulxan_quliyev1.jpeg\",\"contentUrl\":\"https:\\\/\\\/www.meydan.tv\\\/wp-content\\\/uploads\\\/gulxan_quliyev1.jpeg\",\"width\":1200,\"height\":1057,\"caption\":\"G\u00fclxan Quliyev. Foto: Meydan TV\"},{\"@type\":\"BreadcrumbList\",\"@id\":\"https:\\\/\\\/www.meydan.tv\\\/az\\\/article\\\/agsu-sakini-meni-sobede-anamin-gozunun-qabaginda-doyduler\\\/#breadcrumb\",\"itemListElement\":[{\"@type\":\"ListItem\",\"position\":1,\"name\":\"Ana s\u0259hif\u0259\",\"item\":\"https:\\\/\\\/www.meydan.tv\\\/az\\\/\"},{\"@type\":\"ListItem\",\"position\":2,\"name\":\"B\u00f6lg\u0259\",\"item\":\"https:\\\/\\\/www.meydan.tv\\\/az\\\/section\\\/bolge\\\/\"},{\"@type\":\"ListItem\",\"position\":3,\"name\":\"A\u011fsu sakini: \u201cM\u0259ni \u015f\u00f6b\u0259d\u0259 anam\u0131n g\u00f6z\u00fcn\u00fcn qaba\u011f\u0131nda d\u00f6yd\u00fcl\u0259r\u201d\"}]},{\"@type\":\"WebSite\",\"@id\":\"https:\\\/\\\/www.meydan.tv\\\/az\\\/#website\",\"url\":\"https:\\\/\\\/www.meydan.tv\\\/az\\\/\",\"name\":\"MEYDAN.TV\",\"description\":\"Meydan TV Az\u0259rbaycan\u0131n media m\u0259kan\u0131ndak\u0131 alternativ s\u0259sidir\",\"publisher\":{\"@id\":\"https:\\\/\\\/www.meydan.tv\\\/az\\\/#organization\"},\"potentialAction\":[{\"@type\":\"SearchAction\",\"target\":{\"@type\":\"EntryPoint\",\"urlTemplate\":\"https:\\\/\\\/www.meydan.tv\\\/az\\\/?s={search_term_string}\"},\"query-input\":{\"@type\":\"PropertyValueSpecification\",\"valueRequired\":true,\"valueName\":\"search_term_string\"}}],\"inLanguage\":\"az\"},{\"@type\":\"Organization\",\"@id\":\"https:\\\/\\\/www.meydan.tv\\\/az\\\/#organization\",\"name\":\"Meydan TV\",\"url\":\"https:\\\/\\\/www.meydan.tv\\\/az\\\/\",\"logo\":{\"@type\":\"ImageObject\",\"inLanguage\":\"az\",\"@id\":\"https:\\\/\\\/www.meydan.tv\\\/az\\\/#\\\/schema\\\/logo\\\/image\\\/\",\"url\":\"https:\\\/\\\/www.meydan.tv\\\/wp-content\\\/uploads\\\/2021\\\/07\\\/meydan-logo.svg\",\"contentUrl\":\"https:\\\/\\\/www.meydan.tv\\\/wp-content\\\/uploads\\\/2021\\\/07\\\/meydan-logo.svg\",\"width\":195,\"height\":46,\"caption\":\"Meydan TV\"},\"image\":{\"@id\":\"https:\\\/\\\/www.meydan.tv\\\/az\\\/#\\\/schema\\\/logo\\\/image\\\/\"}},{\"@type\":\"Person\",\"@id\":\"https:\\\/\\\/www.meydan.tv\\\/az\\\/#\\\/schema\\\/person\\\/9cdbecf90d17180ce1dfbd95b08dcf47\",\"name\":\"elli\",\"sameAs\":[\"https:\\\/\\\/x.com\\\/elli\"]}]}<\/script>\n<!-- \/ Yoast SEO plugin. -->","yoast_head_json":{"title":"A\u011fsu sakini: \u201cM\u0259ni \u015f\u00f6b\u0259d\u0259 anam\u0131n g\u00f6z\u00fcn\u00fcn qaba\u011f\u0131nda d\u00f6yd\u00fcl\u0259r\u201d - MEYDAN.TV","robots":{"index":"index","follow":"follow","max-snippet":"max-snippet:-1","max-image-preview":"max-image-preview:large","max-video-preview":"max-video-preview:-1"},"canonical":"https:\/\/www.meydan.tv\/az\/article\/agsu-sakini-meni-sobede-anamin-gozunun-qabaginda-doyduler\/","og_locale":"az_AZ","og_type":"article","og_title":"A\u011fsu sakini: \u201cM\u0259ni \u015f\u00f6b\u0259d\u0259 anam\u0131n g\u00f6z\u00fcn\u00fcn qaba\u011f\u0131nda d\u00f6yd\u00fcl\u0259r\u201d - MEYDAN.TV","og_description":"D\u0130N i\u015fg\u0259nc\u0259 il\u0259 ba\u011fl\u0131 iddialar\u0131 t\u0259kzib edir \u201cM\u0259ni \u015f\u00f6b\u0259nin d\u0259hlizind\u0259 ... Davam\u0131","og_url":"https:\/\/www.meydan.tv\/az\/article\/agsu-sakini-meni-sobede-anamin-gozunun-qabaginda-doyduler\/","og_site_name":"MEYDAN.TV","article_published_time":"2022-07-13T06:57:12+00:00","article_modified_time":"2022-07-13T08:44:43+00:00","og_image":[{"width":1200,"height":1057,"url":"https:\/\/www.meydan.tv\/wp-content\/uploads\/gulxan_quliyev1.jpeg","type":"image\/jpeg"}],"author":"elli","twitter_card":"summary_large_image","twitter_creator":"@elli","schema":{"@context":"https:\/\/schema.org","@graph":[{"@type":"Article","@id":"https:\/\/www.meydan.tv\/az\/article\/agsu-sakini-meni-sobede-anamin-gozunun-qabaginda-doyduler\/#article","isPartOf":{"@id":"https:\/\/www.meydan.tv\/az\/article\/agsu-sakini-meni-sobede-anamin-gozunun-qabaginda-doyduler\/"},"author":{"name":"elli","@id":"https:\/\/www.meydan.tv\/az\/#\/schema\/person\/9cdbecf90d17180ce1dfbd95b08dcf47"},"headline":"A\u011fsu sakini: \u201cM\u0259ni \u015f\u00f6b\u0259d\u0259 anam\u0131n g\u00f6z\u00fcn\u00fcn qaba\u011f\u0131nda d\u00f6yd\u00fcl\u0259r\u201d","datePublished":"2022-07-13T06:57:12+00:00","dateModified":"2022-07-13T08:44:43+00:00","mainEntityOfPage":{"@id":"https:\/\/www.meydan.tv\/az\/article\/agsu-sakini-meni-sobede-anamin-gozunun-qabaginda-doyduler\/"},"wordCount":1061,"publisher":{"@id":"https:\/\/www.meydan.tv\/az\/#organization"},"image":{"@id":"https:\/\/www.meydan.tv\/az\/article\/agsu-sakini-meni-sobede-anamin-gozunun-qabaginda-doyduler\/#primaryimage"},"thumbnailUrl":"https:\/\/www.meydan.tv\/wp-content\/uploads\/gulxan_quliyev1.jpeg","articleSection":["B\u00f6lg\u0259","T\u00f6vsiy\u0259","X\u0259b\u0259rl\u0259r"],"inLanguage":"az"},{"@type":"WebPage","@id":"https:\/\/www.meydan.tv\/az\/article\/agsu-sakini-meni-sobede-anamin-gozunun-qabaginda-doyduler\/","url":"https:\/\/www.meydan.tv\/az\/article\/agsu-sakini-meni-sobede-anamin-gozunun-qabaginda-doyduler\/","name":"A\u011fsu sakini: \u201cM\u0259ni \u015f\u00f6b\u0259d\u0259 anam\u0131n g\u00f6z\u00fcn\u00fcn qaba\u011f\u0131nda d\u00f6yd\u00fcl\u0259r\u201d - MEYDAN.TV","isPartOf":{"@id":"https:\/\/www.meydan.tv\/az\/#website"},"primaryImageOfPage":{"@id":"https:\/\/www.meydan.tv\/az\/article\/agsu-sakini-meni-sobede-anamin-gozunun-qabaginda-doyduler\/#primaryimage"},"image":{"@id":"https:\/\/www.meydan.tv\/az\/article\/agsu-sakini-meni-sobede-anamin-gozunun-qabaginda-doyduler\/#primaryimage"},"thumbnailUrl":"https:\/\/www.meydan.tv\/wp-content\/uploads\/gulxan_quliyev1.jpeg","datePublished":"2022-07-13T06:57:12+00:00","dateModified":"2022-07-13T08:44:43+00:00","breadcrumb":{"@id":"https:\/\/www.meydan.tv\/az\/article\/agsu-sakini-meni-sobede-anamin-gozunun-qabaginda-doyduler\/#breadcrumb"},"inLanguage":"az","potentialAction":[{"@type":"ReadAction","target":["https:\/\/www.meydan.tv\/az\/article\/agsu-sakini-meni-sobede-anamin-gozunun-qabaginda-doyduler\/"]}]},{"@type":"ImageObject","inLanguage":"az","@id":"https:\/\/www.meydan.tv\/az\/article\/agsu-sakini-meni-sobede-anamin-gozunun-qabaginda-doyduler\/#primaryimage","url":"https:\/\/www.meydan.tv\/wp-content\/uploads\/gulxan_quliyev1.jpeg","contentUrl":"https:\/\/www.meydan.tv\/wp-content\/uploads\/gulxan_quliyev1.jpeg","width":1200,"height":1057,"caption":"G\u00fclxan Quliyev. Foto: Meydan TV"},{"@type":"BreadcrumbList","@id":"https:\/\/www.meydan.tv\/az\/article\/agsu-sakini-meni-sobede-anamin-gozunun-qabaginda-doyduler\/#breadcrumb","itemListElement":[{"@type":"ListItem","position":1,"name":"Ana s\u0259hif\u0259","item":"https:\/\/www.meydan.tv\/az\/"},{"@type":"ListItem","position":2,"name":"B\u00f6lg\u0259","item":"https:\/\/www.meydan.tv\/az\/section\/bolge\/"},{"@type":"ListItem","position":3,"name":"A\u011fsu sakini: \u201cM\u0259ni \u015f\u00f6b\u0259d\u0259 anam\u0131n g\u00f6z\u00fcn\u00fcn qaba\u011f\u0131nda d\u00f6yd\u00fcl\u0259r\u201d"}]},{"@type":"WebSite","@id":"https:\/\/www.meydan.tv\/az\/#website","url":"https:\/\/www.meydan.tv\/az\/","name":"MEYDAN.TV","description":"Meydan TV Az\u0259rbaycan\u0131n media m\u0259kan\u0131ndak\u0131 alternativ s\u0259sidir","publisher":{"@id":"https:\/\/www.meydan.tv\/az\/#organization"},"potentialAction":[{"@type":"SearchAction","target":{"@type":"EntryPoint","urlTemplate":"https:\/\/www.meydan.tv\/az\/?s={search_term_string}"},"query-input":{"@type":"PropertyValueSpecification","valueRequired":true,"valueName":"search_term_string"}}],"inLanguage":"az"},{"@type":"Organization","@id":"https:\/\/www.meydan.tv\/az\/#organization","name":"Meydan TV","url":"https:\/\/www.meydan.tv\/az\/","logo":{"@type":"ImageObject","inLanguage":"az","@id":"https:\/\/www.meydan.tv\/az\/#\/schema\/logo\/image\/","url":"https:\/\/www.meydan.tv\/wp-content\/uploads\/2021\/07\/meydan-logo.svg","contentUrl":"https:\/\/www.meydan.tv\/wp-content\/uploads\/2021\/07\/meydan-logo.svg","width":195,"height":46,"caption":"Meydan TV"},"image":{"@id":"https:\/\/www.meydan.tv\/az\/#\/schema\/logo\/image\/"}},{"@type":"Person","@id":"https:\/\/www.meydan.tv\/az\/#\/schema\/person\/9cdbecf90d17180ce1dfbd95b08dcf47","name":"elli","sameAs":["https:\/\/x.com\/elli"]}]}},"_links":{"self":[{"href":"https:\/\/www.meydan.tv\/az\/wp-json\/wp\/v2\/posts\/250722","targetHints":{"allow":["GET"]}}],"collection":[{"href":"https:\/\/www.meydan.tv\/az\/wp-json\/wp\/v2\/posts"}],"about":[{"href":"https:\/\/www.meydan.tv\/az\/wp-json\/wp\/v2\/types\/post"}],"author":[{"embeddable":true,"href":"https:\/\/www.meydan.tv\/az\/wp-json\/wp\/v2\/users\/8"}],"replies":[{"embeddable":true,"href":"https:\/\/www.meydan.tv\/az\/wp-json\/wp\/v2\/comments?post=250722"}],"version-history":[{"count":4,"href":"https:\/\/www.meydan.tv\/az\/wp-json\/wp\/v2\/posts\/250722\/revisions"}],"predecessor-version":[{"id":250737,"href":"https:\/\/www.meydan.tv\/az\/wp-json\/wp\/v2\/posts\/250722\/revisions\/250737"}],"wp:featuredmedia":[{"embeddable":true,"href":"https:\/\/www.meydan.tv\/az\/wp-json\/wp\/v2\/media\/250699"}],"wp:attachment":[{"href":"https:\/\/www.meydan.tv\/az\/wp-json\/wp\/v2\/media?parent=250722"}],"wp:term":[{"taxonomy":"category","embeddable":true,"href":"https:\/\/www.meydan.tv\/az\/wp-json\/wp\/v2\/categories?post=250722"},{"taxonomy":"post_tag","embeddable":true,"href":"https:\/\/www.meydan.tv\/az\/wp-json\/wp\/v2\/tags?post=250722"}],"curies":[{"name":"wp","href":"https:\/\/api.w.org\/{rel}","templated":true}]}}