{"id":250619,"date":"2022-07-11T17:58:19","date_gmt":"2022-07-11T13:58:19","guid":{"rendered":"https:\/\/www.meydan.tv\/?p=250619"},"modified":"2022-07-11T17:58:21","modified_gmt":"2022-07-11T13:58:21","slug":"ozunu-yandiran-qazinin-qardasi-veziyyeti-agirdir-hec-kim-maraqlanmir","status":"publish","type":"post","link":"https:\/\/www.meydan.tv\/az\/article\/ozunu-yandiran-qazinin-qardasi-veziyyeti-agirdir-hec-kim-maraqlanmir\/","title":{"rendered":"\u00d6z\u00fcn\u00fc yand\u0131ran qazinin qarda\u015f\u0131: \u201cV\u0259ziyy\u0259ti a\u011f\u0131rd\u0131r, he\u00e7 kim maraqlanm\u0131r\u201d"},"content":{"rendered":"\n<p><strong><em>\u201c3 g\u00fcn \u0259rzind\u0259 h\u0259yatda qalsa, sonra da 14 g\u00fcn \u0259rzind\u0259 b\u0259d\u0259nd\u0259 ged\u0259n z\u0259h\u0259rl\u0259nm\u0259 prosesi izl\u0259n\u0259c\u0259k\u201d<\/em><\/strong><\/p>\n\n\n\n<p>\u201c\u0130cra ba\u015f\u00e7\u0131s\u0131 yax\u015f\u0131 a\u011fac \u0259k\u0259, suvara bil\u0259r, ancaq bu, onun yax\u015f\u0131 insan, yax\u015f\u0131 m\u0259mur olmas\u0131ndan x\u0259b\u0259r vermir. Ka\u015f ki, a\u011faca g\u00f6st\u0259rdiyi say\u011f\u0131n\u0131n c\u00fczi his\u0259sini insana y\u00f6n\u0259ld\u0259ydi. Ka\u015f ki, qarda\u015f\u0131m onun p\u0259nc\u0259r\u0259sinin alt\u0131nda \u201cm\u0259ni bezdirmisiniz, art\u0131q ya\u015famaq ist\u0259mir\u0259m, \u00f6z\u00fcm\u00fc yand\u0131racam\u201d deyib ah-nal\u0259 ed\u0259nd\u0259, o icra ba\u015f\u00e7\u0131s\u0131 p\u0259nc\u0259r\u0259sind\u0259n boylanayd\u0131, i\u015f\u00e7isini g\u00f6nd\u0259r\u0259ydi, dey\u0259ydi, \u00e7\u0131x\u0131n, g\u0259tirin i\u00e7\u0259ri, g\u00f6r\u0259k, bu adam\u0131n d\u0259rdi n\u0259dir\u201d.&nbsp;<\/p>\n\n\n\n<p>Bunu Meydan TV-y\u0259 haz\u0131rda x\u0259st\u0259xanada \u00f6l\u00fcml\u0259 olum aras\u0131nda qalm\u0131\u015f qazi, Sabirabad rayonu, Qala\u011fan k\u0259nd sakini Elvin C\u0259f\u0259rovun qarda\u015f\u0131 Elnur C\u0259f\u0259rov deyir.&nbsp;<\/p>\n\n\n\n<p><strong>B\u0259d\u0259nin 70 faizi yan\u0131b, b\u00f6yr\u0259kl\u0259r s\u0131radan \u00e7\u0131x\u0131b<\/strong><\/p>\n\n\n\n<p>Elvin C\u0259f\u0259rov \u0130kinci Qaraba\u011f M\u00fcharib\u0259si qazisidir, o, iyulun 10-da Sabirabad\u0131n icra hakimiyy\u0259ti binas\u0131n\u0131n qar\u015fs\u0131nda \u00f6z\u00fcn\u00fc yand\u0131r\u0131b. \u018fvv\u0259lc\u0259 Sabirabad Rayon M\u0259rk\u0259zi X\u0259st\u0259xanas\u0131na g\u00f6t\u00fcr\u00fcl\u00fcb. Ancaq v\u0259ziyy\u0259ti a\u011f\u0131r oldu\u011fundan ax\u015fam saatlar\u0131nda Bak\u0131ya \u2013 5 sayl\u0131 Birl\u0259\u015fmi\u015f \u015e\u0259h\u0259r X\u0259st\u0259xanas\u0131n\u0131n yan\u0131q \u015f\u00f6b\u0259sin\u0259 g\u00f6nd\u0259rilib.<\/p>\n\n\n\n<figure class=\"wp-block-image size-full\"><img decoding=\"async\" width=\"1000\" height=\"565\" data-src=\"https:\/\/www.meydan.tv\/wp-content\/uploads\/1606253834_0e605755-6086-4266-a6f4-4f91f9bc563d.jpeg\" alt=\"\" class=\"wp-image-250623 lazyload\" src=\"data:image\/svg+xml;base64,PHN2ZyB3aWR0aD0iMSIgaGVpZ2h0PSIxIiB4bWxucz0iaHR0cDovL3d3dy53My5vcmcvMjAwMC9zdmciPjwvc3ZnPg==\" style=\"--smush-placeholder-width: 1000px; --smush-placeholder-aspect-ratio: 1000\/565;\" \/><figcaption>\u0130kinci Qaraba\u011f M\u00fcharib\u0259si qazisi Elvin C\u0259f\u0259rov &#8211; XeberT\u0131me<\/figcaption><\/figure>\n\n\n\n<p><strong>Qarda\u015f\u0131 Elnur C\u0259f\u0259rov onun durumunun a\u011f\u0131r oldu\u011funu deyir:<\/strong><\/p>\n\n\n\n<p>\u201cB\u0259d\u0259ninin 70 faizi yan\u0131b. B\u00f6yr\u0259kl\u0259ri tamam s\u0131radan \u00e7\u0131x\u0131b. H\u0259kiml\u0259r deyir, 3 g\u00fcn g\u00f6zl\u0259y\u0259k. 3 g\u00fcn \u0259rzind\u0259 h\u0259yatda qalsa, sonra da 14 g\u00fcn \u0259rzind\u0259 b\u0259d\u0259nd\u0259 ged\u0259n z\u0259h\u0259rl\u0259nm\u0259 prosesi izl\u0259n\u0259c\u0259k. Daxili orqanlar\u0131 stabil \u00e7al\u0131\u015f\u0131b b\u0259d\u0259nd\u0259ki z\u0259h\u0259ri ifraz ed\u0259 bils\u0259, h\u0259yatda qalma \u015fans\u0131 olacaq. Ancaq indiki durumda h\u0259kiml\u0259r konkret bir s\u00f6z dey\u0259 bilmir\u201d.<\/p>\n\n\n\n<p><strong>Qazi n\u0259y\u0259 etiraz etmi\u015fdi?<\/strong><\/p>\n\n\n\n<p>M\u0259s\u0259l\u0259 ondan ibar\u0259tdir ki, Elvin C\u0259f\u0259rov m\u00fcharib\u0259d\u0259n \u0259vv\u0259l g\u00fcn\u0259muzd i\u015fl\u0259yib ail\u0259sini doland\u0131r\u0131rm\u0131\u015f. Ancaq m\u00fcharib\u0259d\u0259n travmalarla qay\u0131d\u0131b v\u0259 \u0259m\u0259k f\u0259aliyy\u0259tiyl\u0259 m\u0259\u015f\u011ful ola bilm\u0259yib. Ona kontuziyaya g\u00f6r\u0259 \u00fc\u00e7\u00fcnc\u00fc qrup \u0259lillik t\u0259yin edilib, 420 manat \u0259lillik t\u0259qa\u00fcd\u00fc al\u0131rm\u0131\u015f. \u0130ki ayd\u0131r ki, t\u0259qa\u00fcd s\u0259b\u0259b g\u00f6st\u0259rilm\u0259d\u0259n l\u0259\u011fv edilib. Qarda\u015f\u0131 dan\u0131\u015f\u0131r:<\/p>\n\n\n\n<figure class=\"wp-block-image size-full\"><img decoding=\"async\" width=\"1000\" height=\"750\" data-src=\"https:\/\/www.meydan.tv\/wp-content\/uploads\/1606253849_34c1905a-9765-4012-8841-bca8e9c2aeff.jpeg\" alt=\"\" class=\"wp-image-250626 lazyload\" src=\"data:image\/svg+xml;base64,PHN2ZyB3aWR0aD0iMSIgaGVpZ2h0PSIxIiB4bWxucz0iaHR0cDovL3d3dy53My5vcmcvMjAwMC9zdmciPjwvc3ZnPg==\" style=\"--smush-placeholder-width: 1000px; --smush-placeholder-aspect-ratio: 1000\/750;\" \/><figcaption>\u0130kinci Qaraba\u011f M\u00fcharib\u0259si qazisi Elvin C\u0259f\u0259rov &#8211; XeberT\u0131me<\/figcaption><\/figure>\n\n\n\n<p>\u201cElvinin evind\u0259 9 v\u0259 11 ya\u015fl\u0131 o\u011flanlar b\u00f6y\u00fcy\u00fcr. Elvin onlar\u0131 v\u0259t\u0259np\u0259rv\u0259r ruhda t\u0259rbiy\u0259 edir, sabah b\u00f6y\u00fcy\u00fcb, gedib v\u0259t\u0259nin ke\u015fiyind\u0259 dayanacaqlar. Ancaq bu g\u00fcn m\u0259murlar atan\u0131 o u\u015faqlar\u0131n g\u00f6z\u00fcn\u00fcn qar\u015f\u0131s\u0131nda \u00f6z\u00fcn\u00fc \u00f6ld\u00fcrm\u0259k h\u0259ddin\u0259 \u00e7atd\u0131r\u0131blar. M\u0259n\u0259 t\u0259sir ed\u0259n odur ki, d\u00fcn\u0259n ax\u015famdan qarda\u015f\u0131m\u0131 Bak\u0131ya \u2013 x\u0259st\u0259xanaya g\u0259tirmi\u015fik, ancaq bir qurum, bir m\u0259mur onun v\u0259ziyy\u0259tiyl\u0259 maraqlanmay\u0131b. Deputat\u0131m\u0131z\u0131n k\u00f6m\u0259k\u00e7isin\u0259 z\u0259ng vururam, z\u0259ngimi r\u0259dd edir\u201d.<\/p>\n\n\n\n<p><strong>D\u0259rmanlar\u0131n\u0131 qarda\u015f\u0131 al\u0131r<\/strong><\/p>\n\n\n\n<p>Elnur C\u0259f\u0259rov deyir, qazi qarda\u015f\u0131n\u0131n iki aydan bir al\u0131nan d\u0259rmanlar\u0131n\u0131n pulunu o, i\u015fl\u0259yib \u00f6d\u0259yir. Bu m\u0259bl\u0259\u011fs\u0259 700 manat\u0131 a\u015f\u0131r.&nbsp;<\/p>\n\n\n\n<p>Elvin C\u0259f\u0259rov \u00f6z\u00fcn\u00fc yand\u0131rmam\u0131\u015fdan \u0259vv\u0259l \u0259lillik t\u0259qa\u00fcd\u00fcn\u00fcn k\u0259silm\u0259siyl\u0259 \u0259laq\u0259dar aidiyy\u0259ti qurumlara m\u00fcraci\u0259t ets\u0259 d\u0259, cavab ala bilm\u0259yib. N\u0259hay\u0259t, o, icra hakimiyy\u0259tin\u0259 gedib, ancaq d\u0259f\u0259l\u0259rl\u0259 c\u0259hd etm\u0259sin\u0259 baxmayaraq, onu q\u0259bul edib dinl\u0259y\u0259n olmay\u0131b. Elvin C\u0259f\u0259rov icra hakimiyy\u0259tinin qap\u0131s\u0131nda saatlarla g\u00f6zl\u0259dikd\u0259n sonra qurumda i\u015f vaxt\u0131n\u0131n bitm\u0259sin\u0259 az qalm\u0131\u015f el\u0259 oradaca \u00f6z\u00fcn\u00fc yand\u0131r\u0131b. Qarda\u015f\u0131n\u0131n dem\u0259sin\u0259 g\u00f6r\u0259, h\u0259tta \u00f6z\u00fcn\u00fc yand\u0131randan sonra da qurumun v\u0259zif\u0259lil\u0259ri \u00e7\u00f6l\u0259 \u00e7\u0131xmay\u0131b v\u0259 onun v\u0259ziyy\u0259tiyl\u0259 maraqlanmay\u0131b.<\/p>\n\n\n\n<figure class=\"wp-block-image size-large is-resized\"><img decoding=\"async\" data-src=\"https:\/\/www.meydan.tv\/wp-content\/uploads\/183d5718-b808-4f36-979a-1a96b28a81b8-1200x555.png\" alt=\"\" class=\"wp-image-250582 lazyload\" width=\"798\" height=\"369\" src=\"data:image\/svg+xml;base64,PHN2ZyB3aWR0aD0iMSIgaGVpZ2h0PSIxIiB4bWxucz0iaHR0cDovL3d3dy53My5vcmcvMjAwMC9zdmciPjwvc3ZnPg==\" style=\"--smush-placeholder-width: 798px; --smush-placeholder-aspect-ratio: 798\/369;\" \/><figcaption>\u0130kinci Qaraba\u011f M\u00fcharib\u0259si qazisi Elvin C\u0259f\u0259rov<\/figcaption><\/figure>\n\n\n\n<p><strong>\u0130cra hakimiyy\u0259ti deyir ki&#8230;<\/strong><\/p>\n\n\n\n<p>Sabirabad Rayon \u0130cra Hakimiyy\u0259tind\u0259n m\u0259s\u0259l\u0259y\u0259 r\u0259smi a\u00e7\u0131qlama verilib. A\u00e7\u0131qlamada qeyd olunur ki, Elvin C\u0259f\u0259rov \u00f6z\u00fcn\u00fc Sabirabad Rayon M\u0259d\u0259niyy\u0259t M\u0259rk\u0259zinin qar\u015f\u0131s\u0131nda yand\u0131raraq intihara c\u0259hd edib. Sabirabad Rayon M\u0259rk\u0259zi X\u0259st\u0259xanas\u0131nda ona ilkin tibbi yard\u0131m g\u00f6st\u0259rilib, m\u00fcalic\u0259sini davam etdirm\u0259k \u00fc\u00e7\u00fcn Bak\u0131 \u015f\u0259h\u0259rin\u0259 g\u00f6nd\u0259rilib: \u201cElvin C\u0259f\u0259rov haz\u0131rda 400 manatdan \u00e7ox pensiya al\u0131r. Sabirabad Rayon \u0130cra Hakimiyy\u0259tinin t\u0259\u015f\u0259bb\u00fcs\u00fc il\u0259 o, 2021-ci ild\u0259n \u201cDOST \u0130\u015f M\u0259rk\u0259zi\u201d MMC-d\u0259 300 manat ayl\u0131q \u00f6d\u0259nilm\u0259kl\u0259 ictimai i\u015fl\u0259r\u0259 c\u0259lb olunub. Anas\u0131 Ruqiyy\u0259 C\u0259f\u0259rova \u0131 is\u0259 \u201c\u018fmin\u201d marketl\u0259r \u015f\u0259b\u0259k\u0259sind\u0259 ayl\u0131q \u0259m\u0259k haqq\u0131 300 manat olmaqla m\u00fcnasib i\u015fl\u0259 t\u0259min edilib. Bundan \u0259lav\u0259, ail\u0259y\u0259 m\u00fcxt\u0259lif vaxtlarda rayon icra hakimiyy\u0259ti t\u0259r\u0259find\u0259n \u00fcmumilikd\u0259 700 manat maddi yard\u0131m \u00f6d\u0259nilib. 300 manat d\u0259y\u0259rind\u0259 \u0259rzaq m\u0259hsullar\u0131 verilib. Ayr\u0131-ayr\u0131 d\u00f6vl\u0259t orqanlar\u0131n\u0131n n\u00fcmay\u0259nd\u0259l\u0259ri v\u0259 i\u015f adamlar\u0131 da ail\u0259y\u0259 m\u00fct\u0259madi olaraq maddi k\u00f6m\u0259klikl\u0259r g\u00f6st\u0259rir. Elvin C\u0259f\u0259rovun m\u0259nzil n\u00f6vb\u0259sin\u0259 g\u00f6t\u00fcr\u00fclm\u0259si il\u0259 ba\u011fl\u0131 haz\u0131rda rayon icra hakimiyy\u0259tind\u0259 s\u0259n\u0259dl\u0259\u015fm\u0259 i\u015fl\u0259ri apar\u0131l\u0131r\u201d.<\/p>\n\n\n\n<p>Qurumdan o da bildirilib ki, Qala\u011fay\u0131n k\u0259nd inzibati \u0259razi dair\u0259si \u00fczr\u0259 icra n\u00fcmay\u0259nd\u0259liyi \u00f6t\u0259n h\u0259ft\u0259 \u0259lav\u0259 pensiya t\u0259minat\u0131 il\u0259 ba\u011fl\u0131 Elvin C\u0259f\u0259rovun m\u0259lumatlar\u0131n\u0131n sistem\u0259 \u00f6t\u00fcr\u00fclm\u0259sind\u0259 ona k\u00f6m\u0259klik g\u00f6st\u0259rib.<\/p>\n","protected":false},"excerpt":{"rendered":"<p>\u201c3 g\u00fcn \u0259rzind\u0259 h\u0259yatda qalsa, sonra da 14 g\u00fcn \u0259rzind\u0259 &#8230; <\/p>\n<p class=\"read-more-container\"><a title=\"\u00d6z\u00fcn\u00fc yand\u0131ran qazinin qarda\u015f\u0131: \u201cV\u0259ziyy\u0259ti a\u011f\u0131rd\u0131r, he\u00e7 kim maraqlanm\u0131r\u201d\" class=\"read-more button\" href=\"https:\/\/www.meydan.tv\/az\/article\/ozunu-yandiran-qazinin-qardasi-veziyyeti-agirdir-hec-kim-maraqlanmir\/#more-250619\" aria-label=\"Read more about \u00d6z\u00fcn\u00fc yand\u0131ran qazinin qarda\u015f\u0131: \u201cV\u0259ziyy\u0259ti a\u011f\u0131rd\u0131r, he\u00e7 kim maraqlanm\u0131r\u201d\">Davam\u0131<\/a><\/p>\n","protected":false},"author":14,"featured_media":250629,"comment_status":"closed","ping_status":"closed","sticky":false,"template":"","format":"standard","meta":{"_acf_changed":false,"_sitemap_exclude":false,"_sitemap_priority":"","_sitemap_frequency":"","footnotes":""},"categories":[88,56],"tags":[],"class_list":["post-250619","post","type-post","status-publish","format-standard","has-post-thumbnail","hentry","category-redaktor-secimi","category-xeberler","infinite-scroll-item","generate-columns","tablet-grid-50","mobile-grid-100","grid-parent","grid-33","no-featured-image-padding"],"acf":[],"yoast_head":"<!-- This site is optimized with the Yoast SEO plugin v27.5 - https:\/\/yoast.com\/product\/yoast-seo-wordpress\/ -->\n<title>\u00d6z\u00fcn\u00fc yand\u0131ran qazinin qarda\u015f\u0131: \u201cV\u0259ziyy\u0259ti a\u011f\u0131rd\u0131r, he\u00e7 kim maraqlanm\u0131r\u201d - MEYDAN.TV<\/title>\n<meta name=\"robots\" content=\"index, follow, max-snippet:-1, max-image-preview:large, max-video-preview:-1\" \/>\n<link rel=\"canonical\" href=\"https:\/\/www.meydan.tv\/az\/article\/ozunu-yandiran-qazinin-qardasi-veziyyeti-agirdir-hec-kim-maraqlanmir\/\" \/>\n<meta property=\"og:locale\" content=\"az_AZ\" \/>\n<meta property=\"og:type\" content=\"article\" \/>\n<meta property=\"og:title\" content=\"\u00d6z\u00fcn\u00fc yand\u0131ran qazinin qarda\u015f\u0131: \u201cV\u0259ziyy\u0259ti a\u011f\u0131rd\u0131r, he\u00e7 kim maraqlanm\u0131r\u201d - MEYDAN.TV\" \/>\n<meta property=\"og:description\" content=\"\u201c3 g\u00fcn \u0259rzind\u0259 h\u0259yatda qalsa, sonra da 14 g\u00fcn \u0259rzind\u0259 ... Davam\u0131\" \/>\n<meta property=\"og:url\" content=\"https:\/\/www.meydan.tv\/az\/article\/ozunu-yandiran-qazinin-qardasi-veziyyeti-agirdir-hec-kim-maraqlanmir\/\" \/>\n<meta property=\"og:site_name\" content=\"MEYDAN.TV\" \/>\n<meta property=\"article:published_time\" content=\"2022-07-11T13:58:19+00:00\" \/>\n<meta property=\"article:modified_time\" content=\"2022-07-11T13:58:21+00:00\" \/>\n<meta property=\"og:image\" content=\"https:\/\/www.meydan.tv\/wp-content\/uploads\/untitled-design-32.png\" \/>\n\t<meta property=\"og:image:width\" content=\"2000\" \/>\n\t<meta property=\"og:image:height\" content=\"1000\" \/>\n\t<meta property=\"og:image:type\" content=\"image\/png\" \/>\n<meta name=\"author\" content=\"roma\" \/>\n<meta name=\"twitter:card\" content=\"summary_large_image\" \/>\n<script type=\"application\/ld+json\" class=\"yoast-schema-graph\">{\"@context\":\"https:\\\/\\\/schema.org\",\"@graph\":[{\"@type\":\"Article\",\"@id\":\"https:\\\/\\\/www.meydan.tv\\\/az\\\/article\\\/ozunu-yandiran-qazinin-qardasi-veziyyeti-agirdir-hec-kim-maraqlanmir\\\/#article\",\"isPartOf\":{\"@id\":\"https:\\\/\\\/www.meydan.tv\\\/az\\\/article\\\/ozunu-yandiran-qazinin-qardasi-veziyyeti-agirdir-hec-kim-maraqlanmir\\\/\"},\"author\":{\"name\":\"roma\",\"@id\":\"https:\\\/\\\/www.meydan.tv\\\/az\\\/#\\\/schema\\\/person\\\/8f23e01c4de63326c13c319fb65ee65d\"},\"headline\":\"\u00d6z\u00fcn\u00fc yand\u0131ran qazinin qarda\u015f\u0131: \u201cV\u0259ziyy\u0259ti a\u011f\u0131rd\u0131r, he\u00e7 kim maraqlanm\u0131r\u201d\",\"datePublished\":\"2022-07-11T13:58:19+00:00\",\"dateModified\":\"2022-07-11T13:58:21+00:00\",\"mainEntityOfPage\":{\"@id\":\"https:\\\/\\\/www.meydan.tv\\\/az\\\/article\\\/ozunu-yandiran-qazinin-qardasi-veziyyeti-agirdir-hec-kim-maraqlanmir\\\/\"},\"wordCount\":1061,\"publisher\":{\"@id\":\"https:\\\/\\\/www.meydan.tv\\\/az\\\/#organization\"},\"image\":{\"@id\":\"https:\\\/\\\/www.meydan.tv\\\/az\\\/article\\\/ozunu-yandiran-qazinin-qardasi-veziyyeti-agirdir-hec-kim-maraqlanmir\\\/#primaryimage\"},\"thumbnailUrl\":\"https:\\\/\\\/www.meydan.tv\\\/wp-content\\\/uploads\\\/untitled-design-32.png\",\"articleSection\":[\"Redaktor se\u00e7imi\",\"X\u0259b\u0259rl\u0259r\"],\"inLanguage\":\"az\"},{\"@type\":\"WebPage\",\"@id\":\"https:\\\/\\\/www.meydan.tv\\\/az\\\/article\\\/ozunu-yandiran-qazinin-qardasi-veziyyeti-agirdir-hec-kim-maraqlanmir\\\/\",\"url\":\"https:\\\/\\\/www.meydan.tv\\\/az\\\/article\\\/ozunu-yandiran-qazinin-qardasi-veziyyeti-agirdir-hec-kim-maraqlanmir\\\/\",\"name\":\"\u00d6z\u00fcn\u00fc yand\u0131ran qazinin qarda\u015f\u0131: \u201cV\u0259ziyy\u0259ti a\u011f\u0131rd\u0131r, he\u00e7 kim maraqlanm\u0131r\u201d - MEYDAN.TV\",\"isPartOf\":{\"@id\":\"https:\\\/\\\/www.meydan.tv\\\/az\\\/#website\"},\"primaryImageOfPage\":{\"@id\":\"https:\\\/\\\/www.meydan.tv\\\/az\\\/article\\\/ozunu-yandiran-qazinin-qardasi-veziyyeti-agirdir-hec-kim-maraqlanmir\\\/#primaryimage\"},\"image\":{\"@id\":\"https:\\\/\\\/www.meydan.tv\\\/az\\\/article\\\/ozunu-yandiran-qazinin-qardasi-veziyyeti-agirdir-hec-kim-maraqlanmir\\\/#primaryimage\"},\"thumbnailUrl\":\"https:\\\/\\\/www.meydan.tv\\\/wp-content\\\/uploads\\\/untitled-design-32.png\",\"datePublished\":\"2022-07-11T13:58:19+00:00\",\"dateModified\":\"2022-07-11T13:58:21+00:00\",\"breadcrumb\":{\"@id\":\"https:\\\/\\\/www.meydan.tv\\\/az\\\/article\\\/ozunu-yandiran-qazinin-qardasi-veziyyeti-agirdir-hec-kim-maraqlanmir\\\/#breadcrumb\"},\"inLanguage\":\"az\",\"potentialAction\":[{\"@type\":\"ReadAction\",\"target\":[\"https:\\\/\\\/www.meydan.tv\\\/az\\\/article\\\/ozunu-yandiran-qazinin-qardasi-veziyyeti-agirdir-hec-kim-maraqlanmir\\\/\"]}]},{\"@type\":\"ImageObject\",\"inLanguage\":\"az\",\"@id\":\"https:\\\/\\\/www.meydan.tv\\\/az\\\/article\\\/ozunu-yandiran-qazinin-qardasi-veziyyeti-agirdir-hec-kim-maraqlanmir\\\/#primaryimage\",\"url\":\"https:\\\/\\\/www.meydan.tv\\\/wp-content\\\/uploads\\\/untitled-design-32.png\",\"contentUrl\":\"https:\\\/\\\/www.meydan.tv\\\/wp-content\\\/uploads\\\/untitled-design-32.png\",\"width\":2000,\"height\":1000,\"caption\":\"\u0130kinci Qaraba\u011f M\u00fcharib\u0259si qazisi Elvin C\u0259f\u0259rov\"},{\"@type\":\"BreadcrumbList\",\"@id\":\"https:\\\/\\\/www.meydan.tv\\\/az\\\/article\\\/ozunu-yandiran-qazinin-qardasi-veziyyeti-agirdir-hec-kim-maraqlanmir\\\/#breadcrumb\",\"itemListElement\":[{\"@type\":\"ListItem\",\"position\":1,\"name\":\"Ana s\u0259hif\u0259\",\"item\":\"https:\\\/\\\/www.meydan.tv\\\/az\\\/\"},{\"@type\":\"ListItem\",\"position\":2,\"name\":\"X\u0259b\u0259rl\u0259r\",\"item\":\"https:\\\/\\\/www.meydan.tv\\\/az\\\/section\\\/xeberler\\\/\"},{\"@type\":\"ListItem\",\"position\":3,\"name\":\"\u00d6z\u00fcn\u00fc yand\u0131ran qazinin qarda\u015f\u0131: \u201cV\u0259ziyy\u0259ti a\u011f\u0131rd\u0131r, he\u00e7 kim maraqlanm\u0131r\u201d\"}]},{\"@type\":\"WebSite\",\"@id\":\"https:\\\/\\\/www.meydan.tv\\\/az\\\/#website\",\"url\":\"https:\\\/\\\/www.meydan.tv\\\/az\\\/\",\"name\":\"MEYDAN.TV\",\"description\":\"Meydan TV Az\u0259rbaycan\u0131n media m\u0259kan\u0131ndak\u0131 alternativ s\u0259sidir\",\"publisher\":{\"@id\":\"https:\\\/\\\/www.meydan.tv\\\/az\\\/#organization\"},\"potentialAction\":[{\"@type\":\"SearchAction\",\"target\":{\"@type\":\"EntryPoint\",\"urlTemplate\":\"https:\\\/\\\/www.meydan.tv\\\/az\\\/?s={search_term_string}\"},\"query-input\":{\"@type\":\"PropertyValueSpecification\",\"valueRequired\":true,\"valueName\":\"search_term_string\"}}],\"inLanguage\":\"az\"},{\"@type\":\"Organization\",\"@id\":\"https:\\\/\\\/www.meydan.tv\\\/az\\\/#organization\",\"name\":\"Meydan TV\",\"url\":\"https:\\\/\\\/www.meydan.tv\\\/az\\\/\",\"logo\":{\"@type\":\"ImageObject\",\"inLanguage\":\"az\",\"@id\":\"https:\\\/\\\/www.meydan.tv\\\/az\\\/#\\\/schema\\\/logo\\\/image\\\/\",\"url\":\"https:\\\/\\\/www.meydan.tv\\\/wp-content\\\/uploads\\\/2021\\\/07\\\/meydan-logo.svg\",\"contentUrl\":\"https:\\\/\\\/www.meydan.tv\\\/wp-content\\\/uploads\\\/2021\\\/07\\\/meydan-logo.svg\",\"width\":195,\"height\":46,\"caption\":\"Meydan TV\"},\"image\":{\"@id\":\"https:\\\/\\\/www.meydan.tv\\\/az\\\/#\\\/schema\\\/logo\\\/image\\\/\"}},{\"@type\":\"Person\",\"@id\":\"https:\\\/\\\/www.meydan.tv\\\/az\\\/#\\\/schema\\\/person\\\/8f23e01c4de63326c13c319fb65ee65d\",\"name\":\"roma\"}]}<\/script>\n<!-- \/ Yoast SEO plugin. -->","yoast_head_json":{"title":"\u00d6z\u00fcn\u00fc yand\u0131ran qazinin qarda\u015f\u0131: \u201cV\u0259ziyy\u0259ti a\u011f\u0131rd\u0131r, he\u00e7 kim maraqlanm\u0131r\u201d - MEYDAN.TV","robots":{"index":"index","follow":"follow","max-snippet":"max-snippet:-1","max-image-preview":"max-image-preview:large","max-video-preview":"max-video-preview:-1"},"canonical":"https:\/\/www.meydan.tv\/az\/article\/ozunu-yandiran-qazinin-qardasi-veziyyeti-agirdir-hec-kim-maraqlanmir\/","og_locale":"az_AZ","og_type":"article","og_title":"\u00d6z\u00fcn\u00fc yand\u0131ran qazinin qarda\u015f\u0131: \u201cV\u0259ziyy\u0259ti a\u011f\u0131rd\u0131r, he\u00e7 kim maraqlanm\u0131r\u201d - MEYDAN.TV","og_description":"\u201c3 g\u00fcn \u0259rzind\u0259 h\u0259yatda qalsa, sonra da 14 g\u00fcn \u0259rzind\u0259 ... Davam\u0131","og_url":"https:\/\/www.meydan.tv\/az\/article\/ozunu-yandiran-qazinin-qardasi-veziyyeti-agirdir-hec-kim-maraqlanmir\/","og_site_name":"MEYDAN.TV","article_published_time":"2022-07-11T13:58:19+00:00","article_modified_time":"2022-07-11T13:58:21+00:00","og_image":[{"width":2000,"height":1000,"url":"https:\/\/www.meydan.tv\/wp-content\/uploads\/untitled-design-32.png","type":"image\/png"}],"author":"roma","twitter_card":"summary_large_image","schema":{"@context":"https:\/\/schema.org","@graph":[{"@type":"Article","@id":"https:\/\/www.meydan.tv\/az\/article\/ozunu-yandiran-qazinin-qardasi-veziyyeti-agirdir-hec-kim-maraqlanmir\/#article","isPartOf":{"@id":"https:\/\/www.meydan.tv\/az\/article\/ozunu-yandiran-qazinin-qardasi-veziyyeti-agirdir-hec-kim-maraqlanmir\/"},"author":{"name":"roma","@id":"https:\/\/www.meydan.tv\/az\/#\/schema\/person\/8f23e01c4de63326c13c319fb65ee65d"},"headline":"\u00d6z\u00fcn\u00fc yand\u0131ran qazinin qarda\u015f\u0131: \u201cV\u0259ziyy\u0259ti a\u011f\u0131rd\u0131r, he\u00e7 kim maraqlanm\u0131r\u201d","datePublished":"2022-07-11T13:58:19+00:00","dateModified":"2022-07-11T13:58:21+00:00","mainEntityOfPage":{"@id":"https:\/\/www.meydan.tv\/az\/article\/ozunu-yandiran-qazinin-qardasi-veziyyeti-agirdir-hec-kim-maraqlanmir\/"},"wordCount":1061,"publisher":{"@id":"https:\/\/www.meydan.tv\/az\/#organization"},"image":{"@id":"https:\/\/www.meydan.tv\/az\/article\/ozunu-yandiran-qazinin-qardasi-veziyyeti-agirdir-hec-kim-maraqlanmir\/#primaryimage"},"thumbnailUrl":"https:\/\/www.meydan.tv\/wp-content\/uploads\/untitled-design-32.png","articleSection":["Redaktor se\u00e7imi","X\u0259b\u0259rl\u0259r"],"inLanguage":"az"},{"@type":"WebPage","@id":"https:\/\/www.meydan.tv\/az\/article\/ozunu-yandiran-qazinin-qardasi-veziyyeti-agirdir-hec-kim-maraqlanmir\/","url":"https:\/\/www.meydan.tv\/az\/article\/ozunu-yandiran-qazinin-qardasi-veziyyeti-agirdir-hec-kim-maraqlanmir\/","name":"\u00d6z\u00fcn\u00fc yand\u0131ran qazinin qarda\u015f\u0131: \u201cV\u0259ziyy\u0259ti a\u011f\u0131rd\u0131r, he\u00e7 kim maraqlanm\u0131r\u201d - MEYDAN.TV","isPartOf":{"@id":"https:\/\/www.meydan.tv\/az\/#website"},"primaryImageOfPage":{"@id":"https:\/\/www.meydan.tv\/az\/article\/ozunu-yandiran-qazinin-qardasi-veziyyeti-agirdir-hec-kim-maraqlanmir\/#primaryimage"},"image":{"@id":"https:\/\/www.meydan.tv\/az\/article\/ozunu-yandiran-qazinin-qardasi-veziyyeti-agirdir-hec-kim-maraqlanmir\/#primaryimage"},"thumbnailUrl":"https:\/\/www.meydan.tv\/wp-content\/uploads\/untitled-design-32.png","datePublished":"2022-07-11T13:58:19+00:00","dateModified":"2022-07-11T13:58:21+00:00","breadcrumb":{"@id":"https:\/\/www.meydan.tv\/az\/article\/ozunu-yandiran-qazinin-qardasi-veziyyeti-agirdir-hec-kim-maraqlanmir\/#breadcrumb"},"inLanguage":"az","potentialAction":[{"@type":"ReadAction","target":["https:\/\/www.meydan.tv\/az\/article\/ozunu-yandiran-qazinin-qardasi-veziyyeti-agirdir-hec-kim-maraqlanmir\/"]}]},{"@type":"ImageObject","inLanguage":"az","@id":"https:\/\/www.meydan.tv\/az\/article\/ozunu-yandiran-qazinin-qardasi-veziyyeti-agirdir-hec-kim-maraqlanmir\/#primaryimage","url":"https:\/\/www.meydan.tv\/wp-content\/uploads\/untitled-design-32.png","contentUrl":"https:\/\/www.meydan.tv\/wp-content\/uploads\/untitled-design-32.png","width":2000,"height":1000,"caption":"\u0130kinci Qaraba\u011f M\u00fcharib\u0259si qazisi Elvin C\u0259f\u0259rov"},{"@type":"BreadcrumbList","@id":"https:\/\/www.meydan.tv\/az\/article\/ozunu-yandiran-qazinin-qardasi-veziyyeti-agirdir-hec-kim-maraqlanmir\/#breadcrumb","itemListElement":[{"@type":"ListItem","position":1,"name":"Ana s\u0259hif\u0259","item":"https:\/\/www.meydan.tv\/az\/"},{"@type":"ListItem","position":2,"name":"X\u0259b\u0259rl\u0259r","item":"https:\/\/www.meydan.tv\/az\/section\/xeberler\/"},{"@type":"ListItem","position":3,"name":"\u00d6z\u00fcn\u00fc yand\u0131ran qazinin qarda\u015f\u0131: \u201cV\u0259ziyy\u0259ti a\u011f\u0131rd\u0131r, he\u00e7 kim maraqlanm\u0131r\u201d"}]},{"@type":"WebSite","@id":"https:\/\/www.meydan.tv\/az\/#website","url":"https:\/\/www.meydan.tv\/az\/","name":"MEYDAN.TV","description":"Meydan TV Az\u0259rbaycan\u0131n media m\u0259kan\u0131ndak\u0131 alternativ s\u0259sidir","publisher":{"@id":"https:\/\/www.meydan.tv\/az\/#organization"},"potentialAction":[{"@type":"SearchAction","target":{"@type":"EntryPoint","urlTemplate":"https:\/\/www.meydan.tv\/az\/?s={search_term_string}"},"query-input":{"@type":"PropertyValueSpecification","valueRequired":true,"valueName":"search_term_string"}}],"inLanguage":"az"},{"@type":"Organization","@id":"https:\/\/www.meydan.tv\/az\/#organization","name":"Meydan TV","url":"https:\/\/www.meydan.tv\/az\/","logo":{"@type":"ImageObject","inLanguage":"az","@id":"https:\/\/www.meydan.tv\/az\/#\/schema\/logo\/image\/","url":"https:\/\/www.meydan.tv\/wp-content\/uploads\/2021\/07\/meydan-logo.svg","contentUrl":"https:\/\/www.meydan.tv\/wp-content\/uploads\/2021\/07\/meydan-logo.svg","width":195,"height":46,"caption":"Meydan TV"},"image":{"@id":"https:\/\/www.meydan.tv\/az\/#\/schema\/logo\/image\/"}},{"@type":"Person","@id":"https:\/\/www.meydan.tv\/az\/#\/schema\/person\/8f23e01c4de63326c13c319fb65ee65d","name":"roma"}]}},"_links":{"self":[{"href":"https:\/\/www.meydan.tv\/az\/wp-json\/wp\/v2\/posts\/250619","targetHints":{"allow":["GET"]}}],"collection":[{"href":"https:\/\/www.meydan.tv\/az\/wp-json\/wp\/v2\/posts"}],"about":[{"href":"https:\/\/www.meydan.tv\/az\/wp-json\/wp\/v2\/types\/post"}],"author":[{"embeddable":true,"href":"https:\/\/www.meydan.tv\/az\/wp-json\/wp\/v2\/users\/14"}],"replies":[{"embeddable":true,"href":"https:\/\/www.meydan.tv\/az\/wp-json\/wp\/v2\/comments?post=250619"}],"version-history":[{"count":1,"href":"https:\/\/www.meydan.tv\/az\/wp-json\/wp\/v2\/posts\/250619\/revisions"}],"predecessor-version":[{"id":250632,"href":"https:\/\/www.meydan.tv\/az\/wp-json\/wp\/v2\/posts\/250619\/revisions\/250632"}],"wp:featuredmedia":[{"embeddable":true,"href":"https:\/\/www.meydan.tv\/az\/wp-json\/wp\/v2\/media\/250629"}],"wp:attachment":[{"href":"https:\/\/www.meydan.tv\/az\/wp-json\/wp\/v2\/media?parent=250619"}],"wp:term":[{"taxonomy":"category","embeddable":true,"href":"https:\/\/www.meydan.tv\/az\/wp-json\/wp\/v2\/categories?post=250619"},{"taxonomy":"post_tag","embeddable":true,"href":"https:\/\/www.meydan.tv\/az\/wp-json\/wp\/v2\/tags?post=250619"}],"curies":[{"name":"wp","href":"https:\/\/api.w.org\/{rel}","templated":true}]}}