{"id":250481,"date":"2022-07-08T16:50:18","date_gmt":"2022-07-08T12:50:18","guid":{"rendered":"https:\/\/www.meydan.tv\/?p=250481"},"modified":"2022-07-09T01:18:40","modified_gmt":"2022-07-08T21:18:40","slug":"tofiq-yaqublunun-aksiya-telebine-redd-cavabi-verilib","status":"publish","type":"post","link":"https:\/\/www.meydan.tv\/az\/article\/tofiq-yaqublunun-aksiya-telebine-redd-cavabi-verilib\/","title":{"rendered":"Tofiq Yaqublunun aksiya t\u0259l\u0259bin\u0259 r\u0259dd cavab\u0131 verilib"},"content":{"rendered":"\n<p><em>O, icra hakimiyy\u0259tin\u0259 yenid\u0259n m\u00fcraci\u0259t etdiyini deyir<\/em><\/p>\n\n\n\n<p>Bak\u0131 \u015e\u0259h\u0259r \u0130cra Hakimiyy\u0259ti Demokratik Q\u00fcvv\u0259l\u0259rin Milli \u015euras\u0131n\u0131n v\u0259 M\u00fcsavat Partiyas\u0131n\u0131n \u00fczv\u00fc Tofiq Yaqublunun Nazirl\u0259r Kabinetinin qar\u015f\u0131s\u0131nda iyulun 13-n\u0259 t\u0259yin etdiyi aksiyaya r\u0259dd cavab\u0131 verib.<\/p>\n\n\n\n<p>Tofiq Yaqublu aksiyan\u0131 h\u00f6kum\u0259tin quru s\u0259rh\u0259dl\u0259rinin ba\u011flanmas\u0131na etiraz \u0259lam\u0259ti olaraq t\u0259yin etmi\u015fdi.<\/p>\n\n\n\n<p>Daxili \u0130\u015fl\u0259r Nazirliyi d\u0259 icra hakimiyy\u0259ti orqanlar\u0131 il\u0259 raz\u0131la\u015fd\u0131r\u0131lmam\u0131\u015f h\u0259r hans\u0131 aksiyan\u0131n yolverilm\u0259z oldu\u011funu bildirib.<\/p>\n\n\n\n<p>Tofiq Yaqublunun s\u00f6zl\u0259rin\u0259 <a href=\"https:\/\/www.facebook.com\/tofiq.yaqublu\/posts\/pfbid034xRaeaxJkZwQZcGGFqejiwJNEpTiUX2bM3dsc8Sctm9xEpUyZygz81VgFU3R7B11l\" target=\"_blank\" rel=\"noreferrer noopener\">g\u00f6r\u0259<\/a>, meriya imtina cavab\u0131n\u0131 m\u00fcraci\u0259tin aksiya tarixind\u0259n \u0259n az 5 g\u00fcn \u0259vv\u0259l t\u0259qdim edilm\u0259m\u0259si il\u0259 \u0259sasland\u0131r\u0131b:<\/p>\n\n\n\n<p>&#8220;Ona g\u00f6r\u0259 d\u0259 yenid\u0259n meriyaya iyulun 20-d\u0259 aksiya ke\u00e7irilm\u0259sin\u0259 icaz\u0259 verm\u0259k \u00fc\u00e7\u00fcn m\u00fcraci\u0259t \u00fcnvanlad\u0131m\u201d.<\/p>\n\n\n\n<p>&#8220;M\u0259nc\u0259, aksiyan\u0131 c\u0259mi bir h\u0259ft\u0259 t\u0259xir\u0259 salmaq faci\u0259 say\u0131lmaz. \u018fg\u0259r dostlar\u0131n \u0259ks\u0259riyy\u0259ti r\u0259yl\u0259rd\u0259 raz\u0131la\u015fd\u0131r\u0131lmam\u0131\u015f aksiyaya \u00e7\u0131xma\u011f\u0131 t\u0259l\u0259b ed\u0259rl\u0259rs\u0259, o zaman deyil\u0259n vaxtda v\u0259 yerd\u0259 g\u00f6r\u00fc\u015f\u00fcr\u00fck&#8221;, &#8211; dey\u0259 Yaqublu bildirib.<\/p>\n\n\n\n<p>Tofiq Yaqublu onu da \u0259lav\u0259 edib ki, h\u00f6kum\u0259t\u0259 laz\u0131m olanda n\u0259inki bu t\u0259l\u0259b, he\u00e7 r\u0259smi m\u00fcraci\u0259tin olmamas\u0131 da yadlar\u0131na d\u00fc\u015fm\u00fcr.<\/p>\n\n\n\n<p>Az\u0259rbaycanla T\u00fcrkiy\u0259nin (Nax\u00e7\u0131van) quru s\u0259rh\u0259di d\u0259 sentyabr\u0131n 1-\u0259 kimi ba\u011flan\u0131b.<\/p>\n\n\n\n<p>S\u0259b\u0259b kimi pandemiya <a href=\"https:\/\/d9mc3ts4czbpr.cloudfront.net\/az\/article\/azerbaycan-turkiye-ile-de-quru-serhedi-bagladi\/\" target=\"_blank\" rel=\"noreferrer noopener\">g\u00f6st\u0259rilib<\/a>.<\/p>\n","protected":false},"excerpt":{"rendered":"<p>O, icra hakimiyy\u0259tin\u0259 yenid\u0259n m\u00fcraci\u0259t etdiyini deyir Bak\u0131 \u015e\u0259h\u0259r \u0130cra &#8230; <\/p>\n<p class=\"read-more-container\"><a title=\"Tofiq Yaqublunun aksiya t\u0259l\u0259bin\u0259 r\u0259dd cavab\u0131 verilib\" class=\"read-more button\" href=\"https:\/\/www.meydan.tv\/az\/article\/tofiq-yaqublunun-aksiya-telebine-redd-cavabi-verilib\/#more-250481\" aria-label=\"Read more about Tofiq Yaqublunun aksiya t\u0259l\u0259bin\u0259 r\u0259dd cavab\u0131 verilib\">Davam\u0131<\/a><\/p>\n","protected":false},"author":8,"featured_media":148040,"comment_status":"closed","ping_status":"closed","sticky":false,"template":"","format":"standard","meta":{"_acf_changed":false,"_sitemap_exclude":false,"_sitemap_priority":"","_sitemap_frequency":"","footnotes":""},"categories":[59,56],"tags":[],"class_list":["post-250481","post","type-post","status-publish","format-standard","has-post-thumbnail","hentry","category-siyaset","category-xeberler","infinite-scroll-item","generate-columns","tablet-grid-50","mobile-grid-100","grid-parent","grid-33","no-featured-image-padding"],"acf":[],"yoast_head":"<!-- This site is optimized with the Yoast SEO plugin v27.4 - https:\/\/yoast.com\/product\/yoast-seo-wordpress\/ -->\n<title>Tofiq Yaqublunun aksiya t\u0259l\u0259bin\u0259 r\u0259dd cavab\u0131 verilib - MEYDAN.TV<\/title>\n<meta name=\"robots\" content=\"index, follow, max-snippet:-1, max-image-preview:large, max-video-preview:-1\" \/>\n<link rel=\"canonical\" href=\"https:\/\/www.meydan.tv\/az\/article\/tofiq-yaqublunun-aksiya-telebine-redd-cavabi-verilib\/\" \/>\n<meta property=\"og:locale\" content=\"az_AZ\" \/>\n<meta property=\"og:type\" content=\"article\" \/>\n<meta property=\"og:title\" content=\"Tofiq Yaqublunun aksiya t\u0259l\u0259bin\u0259 r\u0259dd cavab\u0131 verilib - MEYDAN.TV\" \/>\n<meta property=\"og:description\" content=\"O, icra hakimiyy\u0259tin\u0259 yenid\u0259n m\u00fcraci\u0259t etdiyini deyir Bak\u0131 \u015e\u0259h\u0259r \u0130cra ... Davam\u0131\" \/>\n<meta property=\"og:url\" content=\"https:\/\/www.meydan.tv\/az\/article\/tofiq-yaqublunun-aksiya-telebine-redd-cavabi-verilib\/\" \/>\n<meta property=\"og:site_name\" content=\"MEYDAN.TV\" \/>\n<meta property=\"article:published_time\" content=\"2022-07-08T12:50:18+00:00\" \/>\n<meta property=\"article:modified_time\" content=\"2022-07-08T21:18:40+00:00\" \/>\n<meta property=\"og:image\" content=\"https:\/\/www.meydan.tv\/wp-content\/uploads\/207365b9-29e2-3b6f-aac4-6531910b8bad_850.jpg\" \/>\n\t<meta property=\"og:image:width\" content=\"850\" \/>\n\t<meta property=\"og:image:height\" content=\"530\" \/>\n\t<meta property=\"og:image:type\" content=\"image\/jpeg\" \/>\n<meta name=\"author\" content=\"elli\" \/>\n<meta name=\"twitter:card\" content=\"summary_large_image\" \/>\n<meta name=\"twitter:creator\" content=\"@elli\" \/>\n<script type=\"application\/ld+json\" class=\"yoast-schema-graph\">{\"@context\":\"https:\\\/\\\/schema.org\",\"@graph\":[{\"@type\":\"Article\",\"@id\":\"https:\\\/\\\/www.meydan.tv\\\/az\\\/article\\\/tofiq-yaqublunun-aksiya-telebine-redd-cavabi-verilib\\\/#article\",\"isPartOf\":{\"@id\":\"https:\\\/\\\/www.meydan.tv\\\/az\\\/article\\\/tofiq-yaqublunun-aksiya-telebine-redd-cavabi-verilib\\\/\"},\"author\":{\"name\":\"elli\",\"@id\":\"https:\\\/\\\/www.meydan.tv\\\/az\\\/#\\\/schema\\\/person\\\/9cdbecf90d17180ce1dfbd95b08dcf47\"},\"headline\":\"Tofiq Yaqublunun aksiya t\u0259l\u0259bin\u0259 r\u0259dd cavab\u0131 verilib\",\"datePublished\":\"2022-07-08T12:50:18+00:00\",\"dateModified\":\"2022-07-08T21:18:40+00:00\",\"mainEntityOfPage\":{\"@id\":\"https:\\\/\\\/www.meydan.tv\\\/az\\\/article\\\/tofiq-yaqublunun-aksiya-telebine-redd-cavabi-verilib\\\/\"},\"wordCount\":273,\"publisher\":{\"@id\":\"https:\\\/\\\/www.meydan.tv\\\/az\\\/#organization\"},\"image\":{\"@id\":\"https:\\\/\\\/www.meydan.tv\\\/az\\\/article\\\/tofiq-yaqublunun-aksiya-telebine-redd-cavabi-verilib\\\/#primaryimage\"},\"thumbnailUrl\":\"https:\\\/\\\/www.meydan.tv\\\/wp-content\\\/uploads\\\/207365b9-29e2-3b6f-aac4-6531910b8bad_850.jpg\",\"articleSection\":[\"Siyas\u0259t\",\"X\u0259b\u0259rl\u0259r\"],\"inLanguage\":\"az\"},{\"@type\":\"WebPage\",\"@id\":\"https:\\\/\\\/www.meydan.tv\\\/az\\\/article\\\/tofiq-yaqublunun-aksiya-telebine-redd-cavabi-verilib\\\/\",\"url\":\"https:\\\/\\\/www.meydan.tv\\\/az\\\/article\\\/tofiq-yaqublunun-aksiya-telebine-redd-cavabi-verilib\\\/\",\"name\":\"Tofiq Yaqublunun aksiya t\u0259l\u0259bin\u0259 r\u0259dd cavab\u0131 verilib - MEYDAN.TV\",\"isPartOf\":{\"@id\":\"https:\\\/\\\/www.meydan.tv\\\/az\\\/#website\"},\"primaryImageOfPage\":{\"@id\":\"https:\\\/\\\/www.meydan.tv\\\/az\\\/article\\\/tofiq-yaqublunun-aksiya-telebine-redd-cavabi-verilib\\\/#primaryimage\"},\"image\":{\"@id\":\"https:\\\/\\\/www.meydan.tv\\\/az\\\/article\\\/tofiq-yaqublunun-aksiya-telebine-redd-cavabi-verilib\\\/#primaryimage\"},\"thumbnailUrl\":\"https:\\\/\\\/www.meydan.tv\\\/wp-content\\\/uploads\\\/207365b9-29e2-3b6f-aac4-6531910b8bad_850.jpg\",\"datePublished\":\"2022-07-08T12:50:18+00:00\",\"dateModified\":\"2022-07-08T21:18:40+00:00\",\"breadcrumb\":{\"@id\":\"https:\\\/\\\/www.meydan.tv\\\/az\\\/article\\\/tofiq-yaqublunun-aksiya-telebine-redd-cavabi-verilib\\\/#breadcrumb\"},\"inLanguage\":\"az\",\"potentialAction\":[{\"@type\":\"ReadAction\",\"target\":[\"https:\\\/\\\/www.meydan.tv\\\/az\\\/article\\\/tofiq-yaqublunun-aksiya-telebine-redd-cavabi-verilib\\\/\"]}]},{\"@type\":\"ImageObject\",\"inLanguage\":\"az\",\"@id\":\"https:\\\/\\\/www.meydan.tv\\\/az\\\/article\\\/tofiq-yaqublunun-aksiya-telebine-redd-cavabi-verilib\\\/#primaryimage\",\"url\":\"https:\\\/\\\/www.meydan.tv\\\/wp-content\\\/uploads\\\/207365b9-29e2-3b6f-aac4-6531910b8bad_850.jpg\",\"contentUrl\":\"https:\\\/\\\/www.meydan.tv\\\/wp-content\\\/uploads\\\/207365b9-29e2-3b6f-aac4-6531910b8bad_850.jpg\",\"width\":850,\"height\":530,\"caption\":\"Foto: Tofiq Yaqublunun \u015f\u0259xsi arxivind\u0259n\"},{\"@type\":\"BreadcrumbList\",\"@id\":\"https:\\\/\\\/www.meydan.tv\\\/az\\\/article\\\/tofiq-yaqublunun-aksiya-telebine-redd-cavabi-verilib\\\/#breadcrumb\",\"itemListElement\":[{\"@type\":\"ListItem\",\"position\":1,\"name\":\"Ana s\u0259hif\u0259\",\"item\":\"https:\\\/\\\/www.meydan.tv\\\/az\\\/\"},{\"@type\":\"ListItem\",\"position\":2,\"name\":\"Siyas\u0259t\",\"item\":\"https:\\\/\\\/www.meydan.tv\\\/az\\\/section\\\/siyaset\\\/\"},{\"@type\":\"ListItem\",\"position\":3,\"name\":\"Tofiq Yaqublunun aksiya t\u0259l\u0259bin\u0259 r\u0259dd cavab\u0131 verilib\"}]},{\"@type\":\"WebSite\",\"@id\":\"https:\\\/\\\/www.meydan.tv\\\/az\\\/#website\",\"url\":\"https:\\\/\\\/www.meydan.tv\\\/az\\\/\",\"name\":\"MEYDAN.TV\",\"description\":\"Meydan TV Az\u0259rbaycan\u0131n media m\u0259kan\u0131ndak\u0131 alternativ s\u0259sidir\",\"publisher\":{\"@id\":\"https:\\\/\\\/www.meydan.tv\\\/az\\\/#organization\"},\"potentialAction\":[{\"@type\":\"SearchAction\",\"target\":{\"@type\":\"EntryPoint\",\"urlTemplate\":\"https:\\\/\\\/www.meydan.tv\\\/az\\\/?s={search_term_string}\"},\"query-input\":{\"@type\":\"PropertyValueSpecification\",\"valueRequired\":true,\"valueName\":\"search_term_string\"}}],\"inLanguage\":\"az\"},{\"@type\":\"Organization\",\"@id\":\"https:\\\/\\\/www.meydan.tv\\\/az\\\/#organization\",\"name\":\"Meydan TV\",\"url\":\"https:\\\/\\\/www.meydan.tv\\\/az\\\/\",\"logo\":{\"@type\":\"ImageObject\",\"inLanguage\":\"az\",\"@id\":\"https:\\\/\\\/www.meydan.tv\\\/az\\\/#\\\/schema\\\/logo\\\/image\\\/\",\"url\":\"https:\\\/\\\/www.meydan.tv\\\/wp-content\\\/uploads\\\/2021\\\/07\\\/meydan-logo.svg\",\"contentUrl\":\"https:\\\/\\\/www.meydan.tv\\\/wp-content\\\/uploads\\\/2021\\\/07\\\/meydan-logo.svg\",\"width\":195,\"height\":46,\"caption\":\"Meydan TV\"},\"image\":{\"@id\":\"https:\\\/\\\/www.meydan.tv\\\/az\\\/#\\\/schema\\\/logo\\\/image\\\/\"}},{\"@type\":\"Person\",\"@id\":\"https:\\\/\\\/www.meydan.tv\\\/az\\\/#\\\/schema\\\/person\\\/9cdbecf90d17180ce1dfbd95b08dcf47\",\"name\":\"elli\",\"sameAs\":[\"https:\\\/\\\/x.com\\\/elli\"]}]}<\/script>\n<!-- \/ Yoast SEO plugin. -->","yoast_head_json":{"title":"Tofiq Yaqublunun aksiya t\u0259l\u0259bin\u0259 r\u0259dd cavab\u0131 verilib - MEYDAN.TV","robots":{"index":"index","follow":"follow","max-snippet":"max-snippet:-1","max-image-preview":"max-image-preview:large","max-video-preview":"max-video-preview:-1"},"canonical":"https:\/\/www.meydan.tv\/az\/article\/tofiq-yaqublunun-aksiya-telebine-redd-cavabi-verilib\/","og_locale":"az_AZ","og_type":"article","og_title":"Tofiq Yaqublunun aksiya t\u0259l\u0259bin\u0259 r\u0259dd cavab\u0131 verilib - MEYDAN.TV","og_description":"O, icra hakimiyy\u0259tin\u0259 yenid\u0259n m\u00fcraci\u0259t etdiyini deyir Bak\u0131 \u015e\u0259h\u0259r \u0130cra ... Davam\u0131","og_url":"https:\/\/www.meydan.tv\/az\/article\/tofiq-yaqublunun-aksiya-telebine-redd-cavabi-verilib\/","og_site_name":"MEYDAN.TV","article_published_time":"2022-07-08T12:50:18+00:00","article_modified_time":"2022-07-08T21:18:40+00:00","og_image":[{"width":850,"height":530,"url":"https:\/\/www.meydan.tv\/wp-content\/uploads\/207365b9-29e2-3b6f-aac4-6531910b8bad_850.jpg","type":"image\/jpeg"}],"author":"elli","twitter_card":"summary_large_image","twitter_creator":"@elli","schema":{"@context":"https:\/\/schema.org","@graph":[{"@type":"Article","@id":"https:\/\/www.meydan.tv\/az\/article\/tofiq-yaqublunun-aksiya-telebine-redd-cavabi-verilib\/#article","isPartOf":{"@id":"https:\/\/www.meydan.tv\/az\/article\/tofiq-yaqublunun-aksiya-telebine-redd-cavabi-verilib\/"},"author":{"name":"elli","@id":"https:\/\/www.meydan.tv\/az\/#\/schema\/person\/9cdbecf90d17180ce1dfbd95b08dcf47"},"headline":"Tofiq Yaqublunun aksiya t\u0259l\u0259bin\u0259 r\u0259dd cavab\u0131 verilib","datePublished":"2022-07-08T12:50:18+00:00","dateModified":"2022-07-08T21:18:40+00:00","mainEntityOfPage":{"@id":"https:\/\/www.meydan.tv\/az\/article\/tofiq-yaqublunun-aksiya-telebine-redd-cavabi-verilib\/"},"wordCount":273,"publisher":{"@id":"https:\/\/www.meydan.tv\/az\/#organization"},"image":{"@id":"https:\/\/www.meydan.tv\/az\/article\/tofiq-yaqublunun-aksiya-telebine-redd-cavabi-verilib\/#primaryimage"},"thumbnailUrl":"https:\/\/www.meydan.tv\/wp-content\/uploads\/207365b9-29e2-3b6f-aac4-6531910b8bad_850.jpg","articleSection":["Siyas\u0259t","X\u0259b\u0259rl\u0259r"],"inLanguage":"az"},{"@type":"WebPage","@id":"https:\/\/www.meydan.tv\/az\/article\/tofiq-yaqublunun-aksiya-telebine-redd-cavabi-verilib\/","url":"https:\/\/www.meydan.tv\/az\/article\/tofiq-yaqublunun-aksiya-telebine-redd-cavabi-verilib\/","name":"Tofiq Yaqublunun aksiya t\u0259l\u0259bin\u0259 r\u0259dd cavab\u0131 verilib - MEYDAN.TV","isPartOf":{"@id":"https:\/\/www.meydan.tv\/az\/#website"},"primaryImageOfPage":{"@id":"https:\/\/www.meydan.tv\/az\/article\/tofiq-yaqublunun-aksiya-telebine-redd-cavabi-verilib\/#primaryimage"},"image":{"@id":"https:\/\/www.meydan.tv\/az\/article\/tofiq-yaqublunun-aksiya-telebine-redd-cavabi-verilib\/#primaryimage"},"thumbnailUrl":"https:\/\/www.meydan.tv\/wp-content\/uploads\/207365b9-29e2-3b6f-aac4-6531910b8bad_850.jpg","datePublished":"2022-07-08T12:50:18+00:00","dateModified":"2022-07-08T21:18:40+00:00","breadcrumb":{"@id":"https:\/\/www.meydan.tv\/az\/article\/tofiq-yaqublunun-aksiya-telebine-redd-cavabi-verilib\/#breadcrumb"},"inLanguage":"az","potentialAction":[{"@type":"ReadAction","target":["https:\/\/www.meydan.tv\/az\/article\/tofiq-yaqublunun-aksiya-telebine-redd-cavabi-verilib\/"]}]},{"@type":"ImageObject","inLanguage":"az","@id":"https:\/\/www.meydan.tv\/az\/article\/tofiq-yaqublunun-aksiya-telebine-redd-cavabi-verilib\/#primaryimage","url":"https:\/\/www.meydan.tv\/wp-content\/uploads\/207365b9-29e2-3b6f-aac4-6531910b8bad_850.jpg","contentUrl":"https:\/\/www.meydan.tv\/wp-content\/uploads\/207365b9-29e2-3b6f-aac4-6531910b8bad_850.jpg","width":850,"height":530,"caption":"Foto: Tofiq Yaqublunun \u015f\u0259xsi arxivind\u0259n"},{"@type":"BreadcrumbList","@id":"https:\/\/www.meydan.tv\/az\/article\/tofiq-yaqublunun-aksiya-telebine-redd-cavabi-verilib\/#breadcrumb","itemListElement":[{"@type":"ListItem","position":1,"name":"Ana s\u0259hif\u0259","item":"https:\/\/www.meydan.tv\/az\/"},{"@type":"ListItem","position":2,"name":"Siyas\u0259t","item":"https:\/\/www.meydan.tv\/az\/section\/siyaset\/"},{"@type":"ListItem","position":3,"name":"Tofiq Yaqublunun aksiya t\u0259l\u0259bin\u0259 r\u0259dd cavab\u0131 verilib"}]},{"@type":"WebSite","@id":"https:\/\/www.meydan.tv\/az\/#website","url":"https:\/\/www.meydan.tv\/az\/","name":"MEYDAN.TV","description":"Meydan TV Az\u0259rbaycan\u0131n media m\u0259kan\u0131ndak\u0131 alternativ s\u0259sidir","publisher":{"@id":"https:\/\/www.meydan.tv\/az\/#organization"},"potentialAction":[{"@type":"SearchAction","target":{"@type":"EntryPoint","urlTemplate":"https:\/\/www.meydan.tv\/az\/?s={search_term_string}"},"query-input":{"@type":"PropertyValueSpecification","valueRequired":true,"valueName":"search_term_string"}}],"inLanguage":"az"},{"@type":"Organization","@id":"https:\/\/www.meydan.tv\/az\/#organization","name":"Meydan TV","url":"https:\/\/www.meydan.tv\/az\/","logo":{"@type":"ImageObject","inLanguage":"az","@id":"https:\/\/www.meydan.tv\/az\/#\/schema\/logo\/image\/","url":"https:\/\/www.meydan.tv\/wp-content\/uploads\/2021\/07\/meydan-logo.svg","contentUrl":"https:\/\/www.meydan.tv\/wp-content\/uploads\/2021\/07\/meydan-logo.svg","width":195,"height":46,"caption":"Meydan TV"},"image":{"@id":"https:\/\/www.meydan.tv\/az\/#\/schema\/logo\/image\/"}},{"@type":"Person","@id":"https:\/\/www.meydan.tv\/az\/#\/schema\/person\/9cdbecf90d17180ce1dfbd95b08dcf47","name":"elli","sameAs":["https:\/\/x.com\/elli"]}]}},"_links":{"self":[{"href":"https:\/\/www.meydan.tv\/az\/wp-json\/wp\/v2\/posts\/250481","targetHints":{"allow":["GET"]}}],"collection":[{"href":"https:\/\/www.meydan.tv\/az\/wp-json\/wp\/v2\/posts"}],"about":[{"href":"https:\/\/www.meydan.tv\/az\/wp-json\/wp\/v2\/types\/post"}],"author":[{"embeddable":true,"href":"https:\/\/www.meydan.tv\/az\/wp-json\/wp\/v2\/users\/8"}],"replies":[{"embeddable":true,"href":"https:\/\/www.meydan.tv\/az\/wp-json\/wp\/v2\/comments?post=250481"}],"version-history":[{"count":4,"href":"https:\/\/www.meydan.tv\/az\/wp-json\/wp\/v2\/posts\/250481\/revisions"}],"predecessor-version":[{"id":250517,"href":"https:\/\/www.meydan.tv\/az\/wp-json\/wp\/v2\/posts\/250481\/revisions\/250517"}],"wp:featuredmedia":[{"embeddable":true,"href":"https:\/\/www.meydan.tv\/az\/wp-json\/wp\/v2\/media\/148040"}],"wp:attachment":[{"href":"https:\/\/www.meydan.tv\/az\/wp-json\/wp\/v2\/media?parent=250481"}],"wp:term":[{"taxonomy":"category","embeddable":true,"href":"https:\/\/www.meydan.tv\/az\/wp-json\/wp\/v2\/categories?post=250481"},{"taxonomy":"post_tag","embeddable":true,"href":"https:\/\/www.meydan.tv\/az\/wp-json\/wp\/v2\/tags?post=250481"}],"curies":[{"name":"wp","href":"https:\/\/api.w.org\/{rel}","templated":true}]}}