{"id":250401,"date":"2022-07-07T18:14:31","date_gmt":"2022-07-07T14:14:31","guid":{"rendered":"https:\/\/www.meydan.tv\/?p=250401"},"modified":"2022-07-07T18:14:32","modified_gmt":"2022-07-07T14:14:32","slug":"herbi-xidmetde-barmaqlarimi-itirmisem-elilliyimi-legv-edibler","status":"publish","type":"post","link":"https:\/\/www.meydan.tv\/az\/article\/herbi-xidmetde-barmaqlarimi-itirmisem-elilliyimi-legv-edibler\/","title":{"rendered":"\u201cH\u0259rbi xidm\u0259td\u0259 barmaqlar\u0131m\u0131 itirmi\u015f\u0259m, \u0259lilliyimi l\u0259\u011fv edibl\u0259r\u201d"},"content":{"rendered":"\n<p><\/p>\n\n\n\n<p><em>Astara sakini: \u201c\u015eikay\u0259tl\u0259rim n\u0259tic\u0259siz qal\u0131b, he\u00e7 bir yerd\u0259n m\u00fcraci\u0259tl\u0259rim\u0259 cavab ala bilmir\u0259m\u201d<\/em><\/p>\n\n\n\n<p>\u201c\u00dc\u00e7 ay h\u0259rbi hospitalda yatd\u0131m, h\u0259rbi h\u0259kim komissiyas\u0131ndan bildirdil\u0259r ki, s\u0259n daha bu ayaqla xidm\u0259t ed\u0259 bilm\u0259zs\u0259n, komissiyan\u0131n r\u0259yi \u0259sas\u0131nda ordudan t\u0259rxis olundum. \u0130ki il s\u0259n\u0259dl\u0259rim \u0259limd\u0259 qap\u0131lar\u0131 g\u0259z\u0259nd\u0259n sonra m\u0259n\u0259 h\u0259rbi \u0259lil kimi 2-ci d\u0259r\u0259c\u0259li \u0259lillik t\u0259yin olundu. Ancaq bir m\u00fcdd\u0259t sonra l\u0259\u011fv edildi. \u00dc\u00e7 ildir ki, yen\u0259 s\u0259n\u0259dl\u0259rim \u0259limd\u0259, d\u00f6vl\u0259t qurumlar\u0131n\u0131n qap\u0131lar\u0131nda qalm\u015fam\u201d.<\/p>\n\n\n\n<p>Bunu Meydan TV-y\u0259 Astaran\u0131n Marz\u0259s\u0259 k\u0259nd sakini Yusif Babazad\u0259 deyir.<\/p>\n\n\n\n<p>Yusif Babazad\u0259 dan\u0131\u015f\u0131r ki, 2015-ci ild\u0259 h\u0259rbi xidm\u0259t\u0259 \u00e7a\u011f\u0131r\u0131l\u0131b v\u0259 Nax\u00e7\u0131vanda S\u0259rh\u0259d Qo\u015funlar\u0131nda xidm\u0259t edib. Xidm\u0259tin \u00fc\u00e7\u00fcnc\u00fc ay\u0131nda sol aya\u011f\u0131n\u0131n ba\u015f barma\u011f\u0131nda qanqrena ba\u015flay\u0131b:<\/p>\n\n\n\n<p>\u201cM\u0259n\u0259 veril\u0259n h\u0259rbi \u00e7\u0259km\u0259 aya\u011f\u0131m\u0131n \u00f6l\u00e7\u00fcs\u00fcn\u0259 uy\u011fun olmad\u0131\u011f\u0131ndan barmaqlar\u0131m z\u0259d\u0259l\u0259nmi\u015fdi. \u00dc\u00e7 ay \u0259rzind\u0259 h\u0259rbi hiss\u0259 r\u0259hb\u0259rliyin\u0259 m\u00fcraci\u0259t ets\u0259m d\u0259, uy\u011fun \u00e7\u0259km\u0259 verilm\u0259di v\u0259 ba\u015f barma\u011f\u0131mda qanqrena ba\u015flad\u0131. Bir m\u00fcdd\u0259t h\u0259rbi hiss\u0259nin tibb m\u0259nt\u0259q\u0259sind\u0259 m\u00fcalic\u0259 etm\u0259y\u0259 \u00e7al\u0131\u015fd\u0131lar. Qanqrena dig\u0259r barmaqlar\u0131ma ke\u00e7\u0259nd\u0259 Bak\u0131ya \u2013 M\u0259rk\u0259zi H\u0259rbi Hospitala g\u00f6nd\u0259rdil\u0259r. Ancaq art\u0131q gec idi. Barmaqlar\u0131mda qanqrena s\u00fcr\u0259tl\u0259 ir\u0259lil\u0259mi\u015fdi, ba\u015f barmaq amputasiya olundu, dig\u0259r barmaqlar\u0131 xilas etm\u0259k \u00fc\u00e7\u00fcn 3 ay h\u0259rbi hospitalda yatmal\u0131 oldum\u201d.<\/p>\n\n\n\n<figure class=\"wp-block-image size-large\"><img decoding=\"async\" width=\"496\" height=\"821\" data-src=\"https:\/\/www.meydan.tv\/wp-content\/uploads\/yusif_babazade_sened1-496x821.jpeg\" alt=\"\" class=\"wp-image-250398 lazyload\" src=\"data:image\/svg+xml;base64,PHN2ZyB3aWR0aD0iMSIgaGVpZ2h0PSIxIiB4bWxucz0iaHR0cDovL3d3dy53My5vcmcvMjAwMC9zdmciPjwvc3ZnPg==\" style=\"--smush-placeholder-width: 496px; --smush-placeholder-aspect-ratio: 496\/821;\" \/><figcaption>Foto: Meydan TV<\/figcaption><\/figure>\n\n\n\n<p>Bel\u0259c\u0259, orduya yarars\u0131z kimi t\u0259rxis olunaraq k\u0259nd\u0259 qay\u0131dan Yusif Babazad\u0259 m\u00fcalic\u0259ni ev \u015f\u0259raitind\u0259 davam etdirib. Ancaq amputasiyadan xilas olunan barmaqlar iflic qal\u0131b. \u0130ki il sonra ona ikinci qrup h\u0259rbi \u0259lillik t\u0259yin olunub. 2019-cu ilin fevral\u0131nda \u0259lillik pensiyas\u0131 k\u0259silib. O g\u00fcn \u2013 bu g\u00fcn, Yusif Babazad\u0259 pensiyan\u0131 b\u0259rpa etdir\u0259 bilmir:<\/p>\n\n\n\n<p>\u201c\u0130kinci qrup h\u0259rbi \u0259lil olma\u011f\u0131ma v\u0259 v\u0259ziyy\u0259timin a\u011f\u0131r olmas\u0131na baxmayaraq, 2019-cu ilin fevral\u0131ndan he\u00e7 bir s\u0259b\u0259b g\u00f6st\u0259rilm\u0259d\u0259n pensiyam k\u0259silib. \u015eikay\u0259tl\u0259rim n\u0259tic\u0259siz qal\u0131b, he\u00e7 bir yerd\u0259n m\u00fcraci\u0259tl\u0259rim\u0259 cavab ala bilmir\u0259m. Barmaqlar\u0131m iflic oldu\u011fundan yerim\u0259k qabiliyy\u0259timi itirmi\u015f\u0259m. Buna g\u00f6r\u0259 \u0259m\u0259k f\u0259aliyy\u0259tiyl\u0259 d\u0259 m\u0259\u015f\u011ful ola bilmir\u0259m. \u0130ki azya\u015fl\u0131 \u00f6vlad\u0131m var. V\u0259ziyy\u0259tim \u00e7ox a\u011f\u0131rd\u0131r\u201d.<\/p>\n\n\n\n<p>Yusif Babazad\u0259y\u0259 DSX M\u0259rk\u0259zi H\u0259kim Komissiyas\u0131n\u0131n verdiyi 23 iyul 2015-ci il tarixli 840 n\u00f6mr\u0259li X\u0259st\u0259lik \u015e\u0259had\u0259tnam\u0259sind\u0259 x\u0259st\u0259liyi \u0259ksini tap\u0131b, x\u0259st\u0259liyi h\u0259rbi xidm\u0259t d\u00f6vr\u00fcnd\u0259 qazand\u0131\u011f\u0131 qeyd edilib.<\/p>\n\n\n\n<figure class=\"wp-block-image size-large\"><img decoding=\"async\" width=\"455\" height=\"821\" data-src=\"https:\/\/www.meydan.tv\/wp-content\/uploads\/yusif_babazade_sened2-455x821.jpeg\" alt=\"\" class=\"wp-image-250395 lazyload\" src=\"data:image\/svg+xml;base64,PHN2ZyB3aWR0aD0iMSIgaGVpZ2h0PSIxIiB4bWxucz0iaHR0cDovL3d3dy53My5vcmcvMjAwMC9zdmciPjwvc3ZnPg==\" style=\"--smush-placeholder-width: 455px; --smush-placeholder-aspect-ratio: 455\/821;\" \/><\/figure>\n\n\n\n<p>Meydan TV m\u00fcxbiri Tibbi-Sosial Ekspert Komissiyas\u0131n\u0131n (TSEK) Astara \u015f\u00f6b\u0259sind\u0259n m\u0259s\u0259l\u0259y\u0259 ayd\u0131nl\u0131q g\u0259tirilm\u0259sini ist\u0259yib. \u015e\u00f6b\u0259d\u0259n bildirilib ki, Yusif Babazad\u0259y\u0259 \u0259lilliyin l\u0259\u011fv edilm\u0259si il\u0259 ba\u011fl\u0131 r\u0259smi m\u0259ktub g\u00f6nd\u0259rilib. \u018fg\u0259r v\u0259t\u0259nda\u015f\u0131n naraz\u0131l\u0131\u011f\u0131 varsa, m\u0259hk\u0259m\u0259y\u0259 m\u00fcraci\u0259t ed\u0259 bil\u0259r. Yusif Babazad\u0259s\u0259 deyir, \u015f\u00f6b\u0259d\u0259n ona g\u0259l\u0259n m\u0259ktubda \u0259lilliyinin saxta oldu\u011fu qeyd edilib.<\/p>\n\n\n\n<p>El\u0259 h\u00fcquq\u015f\u00fcnas Namiz\u0259d S\u0259f\u0259rov da v\u0259t\u0259nda\u015fla TSEK aras\u0131ndak\u0131 m\u00fcbahis\u0259li m\u0259s\u0259l\u0259nin h\u00fcquqi m\u00fcst\u0259vid\u0259 h\u0259llini m\u00fcmk\u00fcn hesab edir: \u201cR\u0259smi imtina cavab\u0131 ald\u0131qdan sonra Tibbi-Sosial Ekspert Komissiyas\u0131na qar\u015f\u0131 iddia \u0259riz\u0259siyl\u0259 m\u0259hk\u0259m\u0259y\u0259 m\u00fcraci\u0259t etm\u0259lidir. \u018flilliyin t\u0259yinat\u0131 zaman\u0131 t\u0259qdim olunmu\u015f s\u0259n\u0259dl\u0259ri d\u0259 \u0259lav\u0259 etm\u0259lidir\u201d.<\/p>\n","protected":false},"excerpt":{"rendered":"<p>Astara sakini: \u201c\u015eikay\u0259tl\u0259rim n\u0259tic\u0259siz qal\u0131b, he\u00e7 bir yerd\u0259n m\u00fcraci\u0259tl\u0259rim\u0259 cavab &#8230; <\/p>\n<p class=\"read-more-container\"><a title=\"\u201cH\u0259rbi xidm\u0259td\u0259 barmaqlar\u0131m\u0131 itirmi\u015f\u0259m, \u0259lilliyimi l\u0259\u011fv edibl\u0259r\u201d\" class=\"read-more button\" href=\"https:\/\/www.meydan.tv\/az\/article\/herbi-xidmetde-barmaqlarimi-itirmisem-elilliyimi-legv-edibler\/#more-250401\" aria-label=\"Read more about \u201cH\u0259rbi xidm\u0259td\u0259 barmaqlar\u0131m\u0131 itirmi\u015f\u0259m, \u0259lilliyimi l\u0259\u011fv edibl\u0259r\u201d\">Davam\u0131<\/a><\/p>\n","protected":false},"author":8,"featured_media":250392,"comment_status":"closed","ping_status":"closed","sticky":false,"template":"","format":"standard","meta":{"_acf_changed":false,"_sitemap_exclude":false,"_sitemap_priority":"","_sitemap_frequency":"","footnotes":""},"categories":[60,56],"tags":[],"class_list":["post-250401","post","type-post","status-publish","format-standard","has-post-thumbnail","hentry","category-bolge","category-xeberler","infinite-scroll-item","generate-columns","tablet-grid-50","mobile-grid-100","grid-parent","grid-33","no-featured-image-padding"],"acf":[],"yoast_head":"<!-- This site is optimized with the Yoast SEO plugin v27.5 - https:\/\/yoast.com\/product\/yoast-seo-wordpress\/ -->\n<title>\u201cH\u0259rbi xidm\u0259td\u0259 barmaqlar\u0131m\u0131 itirmi\u015f\u0259m, \u0259lilliyimi l\u0259\u011fv edibl\u0259r\u201d - MEYDAN.TV<\/title>\n<meta name=\"robots\" content=\"index, follow, max-snippet:-1, max-image-preview:large, max-video-preview:-1\" \/>\n<link rel=\"canonical\" href=\"https:\/\/www.meydan.tv\/az\/article\/herbi-xidmetde-barmaqlarimi-itirmisem-elilliyimi-legv-edibler\/\" \/>\n<meta property=\"og:locale\" content=\"az_AZ\" \/>\n<meta property=\"og:type\" content=\"article\" \/>\n<meta property=\"og:title\" content=\"\u201cH\u0259rbi xidm\u0259td\u0259 barmaqlar\u0131m\u0131 itirmi\u015f\u0259m, \u0259lilliyimi l\u0259\u011fv edibl\u0259r\u201d - MEYDAN.TV\" \/>\n<meta property=\"og:description\" content=\"Astara sakini: \u201c\u015eikay\u0259tl\u0259rim n\u0259tic\u0259siz qal\u0131b, he\u00e7 bir yerd\u0259n m\u00fcraci\u0259tl\u0259rim\u0259 cavab ... Davam\u0131\" \/>\n<meta property=\"og:url\" content=\"https:\/\/www.meydan.tv\/az\/article\/herbi-xidmetde-barmaqlarimi-itirmisem-elilliyimi-legv-edibler\/\" \/>\n<meta property=\"og:site_name\" content=\"MEYDAN.TV\" \/>\n<meta property=\"article:published_time\" content=\"2022-07-07T14:14:31+00:00\" \/>\n<meta property=\"article:modified_time\" content=\"2022-07-07T14:14:32+00:00\" \/>\n<meta property=\"og:image\" content=\"https:\/\/www.meydan.tv\/wp-content\/uploads\/untitled-design-9-7.jpg\" \/>\n\t<meta property=\"og:image:width\" content=\"1200\" \/>\n\t<meta property=\"og:image:height\" content=\"800\" \/>\n\t<meta property=\"og:image:type\" content=\"image\/jpeg\" \/>\n<meta name=\"author\" content=\"elli\" \/>\n<meta name=\"twitter:card\" content=\"summary_large_image\" \/>\n<meta name=\"twitter:creator\" content=\"@elli\" \/>\n<script type=\"application\/ld+json\" class=\"yoast-schema-graph\">{\"@context\":\"https:\\\/\\\/schema.org\",\"@graph\":[{\"@type\":\"Article\",\"@id\":\"https:\\\/\\\/www.meydan.tv\\\/az\\\/article\\\/herbi-xidmetde-barmaqlarimi-itirmisem-elilliyimi-legv-edibler\\\/#article\",\"isPartOf\":{\"@id\":\"https:\\\/\\\/www.meydan.tv\\\/az\\\/article\\\/herbi-xidmetde-barmaqlarimi-itirmisem-elilliyimi-legv-edibler\\\/\"},\"author\":{\"name\":\"elli\",\"@id\":\"https:\\\/\\\/www.meydan.tv\\\/az\\\/#\\\/schema\\\/person\\\/9cdbecf90d17180ce1dfbd95b08dcf47\"},\"headline\":\"\u201cH\u0259rbi xidm\u0259td\u0259 barmaqlar\u0131m\u0131 itirmi\u015f\u0259m, \u0259lilliyimi l\u0259\u011fv edibl\u0259r\u201d\",\"datePublished\":\"2022-07-07T14:14:31+00:00\",\"dateModified\":\"2022-07-07T14:14:32+00:00\",\"mainEntityOfPage\":{\"@id\":\"https:\\\/\\\/www.meydan.tv\\\/az\\\/article\\\/herbi-xidmetde-barmaqlarimi-itirmisem-elilliyimi-legv-edibler\\\/\"},\"wordCount\":669,\"publisher\":{\"@id\":\"https:\\\/\\\/www.meydan.tv\\\/az\\\/#organization\"},\"image\":{\"@id\":\"https:\\\/\\\/www.meydan.tv\\\/az\\\/article\\\/herbi-xidmetde-barmaqlarimi-itirmisem-elilliyimi-legv-edibler\\\/#primaryimage\"},\"thumbnailUrl\":\"https:\\\/\\\/www.meydan.tv\\\/wp-content\\\/uploads\\\/untitled-design-9-7.jpg\",\"articleSection\":[\"B\u00f6lg\u0259\",\"X\u0259b\u0259rl\u0259r\"],\"inLanguage\":\"az\"},{\"@type\":\"WebPage\",\"@id\":\"https:\\\/\\\/www.meydan.tv\\\/az\\\/article\\\/herbi-xidmetde-barmaqlarimi-itirmisem-elilliyimi-legv-edibler\\\/\",\"url\":\"https:\\\/\\\/www.meydan.tv\\\/az\\\/article\\\/herbi-xidmetde-barmaqlarimi-itirmisem-elilliyimi-legv-edibler\\\/\",\"name\":\"\u201cH\u0259rbi xidm\u0259td\u0259 barmaqlar\u0131m\u0131 itirmi\u015f\u0259m, \u0259lilliyimi l\u0259\u011fv edibl\u0259r\u201d - MEYDAN.TV\",\"isPartOf\":{\"@id\":\"https:\\\/\\\/www.meydan.tv\\\/az\\\/#website\"},\"primaryImageOfPage\":{\"@id\":\"https:\\\/\\\/www.meydan.tv\\\/az\\\/article\\\/herbi-xidmetde-barmaqlarimi-itirmisem-elilliyimi-legv-edibler\\\/#primaryimage\"},\"image\":{\"@id\":\"https:\\\/\\\/www.meydan.tv\\\/az\\\/article\\\/herbi-xidmetde-barmaqlarimi-itirmisem-elilliyimi-legv-edibler\\\/#primaryimage\"},\"thumbnailUrl\":\"https:\\\/\\\/www.meydan.tv\\\/wp-content\\\/uploads\\\/untitled-design-9-7.jpg\",\"datePublished\":\"2022-07-07T14:14:31+00:00\",\"dateModified\":\"2022-07-07T14:14:32+00:00\",\"breadcrumb\":{\"@id\":\"https:\\\/\\\/www.meydan.tv\\\/az\\\/article\\\/herbi-xidmetde-barmaqlarimi-itirmisem-elilliyimi-legv-edibler\\\/#breadcrumb\"},\"inLanguage\":\"az\",\"potentialAction\":[{\"@type\":\"ReadAction\",\"target\":[\"https:\\\/\\\/www.meydan.tv\\\/az\\\/article\\\/herbi-xidmetde-barmaqlarimi-itirmisem-elilliyimi-legv-edibler\\\/\"]}]},{\"@type\":\"ImageObject\",\"inLanguage\":\"az\",\"@id\":\"https:\\\/\\\/www.meydan.tv\\\/az\\\/article\\\/herbi-xidmetde-barmaqlarimi-itirmisem-elilliyimi-legv-edibler\\\/#primaryimage\",\"url\":\"https:\\\/\\\/www.meydan.tv\\\/wp-content\\\/uploads\\\/untitled-design-9-7.jpg\",\"contentUrl\":\"https:\\\/\\\/www.meydan.tv\\\/wp-content\\\/uploads\\\/untitled-design-9-7.jpg\",\"width\":1200,\"height\":800,\"caption\":\"Foto: Yusif Babazad\u0259nin \u015f\u0259xsi arxivind\u0259n\"},{\"@type\":\"BreadcrumbList\",\"@id\":\"https:\\\/\\\/www.meydan.tv\\\/az\\\/article\\\/herbi-xidmetde-barmaqlarimi-itirmisem-elilliyimi-legv-edibler\\\/#breadcrumb\",\"itemListElement\":[{\"@type\":\"ListItem\",\"position\":1,\"name\":\"Ana s\u0259hif\u0259\",\"item\":\"https:\\\/\\\/www.meydan.tv\\\/az\\\/\"},{\"@type\":\"ListItem\",\"position\":2,\"name\":\"B\u00f6lg\u0259\",\"item\":\"https:\\\/\\\/www.meydan.tv\\\/az\\\/section\\\/bolge\\\/\"},{\"@type\":\"ListItem\",\"position\":3,\"name\":\"\u201cH\u0259rbi xidm\u0259td\u0259 barmaqlar\u0131m\u0131 itirmi\u015f\u0259m, \u0259lilliyimi l\u0259\u011fv edibl\u0259r\u201d\"}]},{\"@type\":\"WebSite\",\"@id\":\"https:\\\/\\\/www.meydan.tv\\\/az\\\/#website\",\"url\":\"https:\\\/\\\/www.meydan.tv\\\/az\\\/\",\"name\":\"MEYDAN.TV\",\"description\":\"Meydan TV Az\u0259rbaycan\u0131n media m\u0259kan\u0131ndak\u0131 alternativ s\u0259sidir\",\"publisher\":{\"@id\":\"https:\\\/\\\/www.meydan.tv\\\/az\\\/#organization\"},\"potentialAction\":[{\"@type\":\"SearchAction\",\"target\":{\"@type\":\"EntryPoint\",\"urlTemplate\":\"https:\\\/\\\/www.meydan.tv\\\/az\\\/?s={search_term_string}\"},\"query-input\":{\"@type\":\"PropertyValueSpecification\",\"valueRequired\":true,\"valueName\":\"search_term_string\"}}],\"inLanguage\":\"az\"},{\"@type\":\"Organization\",\"@id\":\"https:\\\/\\\/www.meydan.tv\\\/az\\\/#organization\",\"name\":\"Meydan TV\",\"url\":\"https:\\\/\\\/www.meydan.tv\\\/az\\\/\",\"logo\":{\"@type\":\"ImageObject\",\"inLanguage\":\"az\",\"@id\":\"https:\\\/\\\/www.meydan.tv\\\/az\\\/#\\\/schema\\\/logo\\\/image\\\/\",\"url\":\"https:\\\/\\\/www.meydan.tv\\\/wp-content\\\/uploads\\\/2021\\\/07\\\/meydan-logo.svg\",\"contentUrl\":\"https:\\\/\\\/www.meydan.tv\\\/wp-content\\\/uploads\\\/2021\\\/07\\\/meydan-logo.svg\",\"width\":195,\"height\":46,\"caption\":\"Meydan TV\"},\"image\":{\"@id\":\"https:\\\/\\\/www.meydan.tv\\\/az\\\/#\\\/schema\\\/logo\\\/image\\\/\"}},{\"@type\":\"Person\",\"@id\":\"https:\\\/\\\/www.meydan.tv\\\/az\\\/#\\\/schema\\\/person\\\/9cdbecf90d17180ce1dfbd95b08dcf47\",\"name\":\"elli\",\"sameAs\":[\"https:\\\/\\\/x.com\\\/elli\"]}]}<\/script>\n<!-- \/ Yoast SEO plugin. -->","yoast_head_json":{"title":"\u201cH\u0259rbi xidm\u0259td\u0259 barmaqlar\u0131m\u0131 itirmi\u015f\u0259m, \u0259lilliyimi l\u0259\u011fv edibl\u0259r\u201d - MEYDAN.TV","robots":{"index":"index","follow":"follow","max-snippet":"max-snippet:-1","max-image-preview":"max-image-preview:large","max-video-preview":"max-video-preview:-1"},"canonical":"https:\/\/www.meydan.tv\/az\/article\/herbi-xidmetde-barmaqlarimi-itirmisem-elilliyimi-legv-edibler\/","og_locale":"az_AZ","og_type":"article","og_title":"\u201cH\u0259rbi xidm\u0259td\u0259 barmaqlar\u0131m\u0131 itirmi\u015f\u0259m, \u0259lilliyimi l\u0259\u011fv edibl\u0259r\u201d - MEYDAN.TV","og_description":"Astara sakini: \u201c\u015eikay\u0259tl\u0259rim n\u0259tic\u0259siz qal\u0131b, he\u00e7 bir yerd\u0259n m\u00fcraci\u0259tl\u0259rim\u0259 cavab ... Davam\u0131","og_url":"https:\/\/www.meydan.tv\/az\/article\/herbi-xidmetde-barmaqlarimi-itirmisem-elilliyimi-legv-edibler\/","og_site_name":"MEYDAN.TV","article_published_time":"2022-07-07T14:14:31+00:00","article_modified_time":"2022-07-07T14:14:32+00:00","og_image":[{"width":1200,"height":800,"url":"https:\/\/www.meydan.tv\/wp-content\/uploads\/untitled-design-9-7.jpg","type":"image\/jpeg"}],"author":"elli","twitter_card":"summary_large_image","twitter_creator":"@elli","schema":{"@context":"https:\/\/schema.org","@graph":[{"@type":"Article","@id":"https:\/\/www.meydan.tv\/az\/article\/herbi-xidmetde-barmaqlarimi-itirmisem-elilliyimi-legv-edibler\/#article","isPartOf":{"@id":"https:\/\/www.meydan.tv\/az\/article\/herbi-xidmetde-barmaqlarimi-itirmisem-elilliyimi-legv-edibler\/"},"author":{"name":"elli","@id":"https:\/\/www.meydan.tv\/az\/#\/schema\/person\/9cdbecf90d17180ce1dfbd95b08dcf47"},"headline":"\u201cH\u0259rbi xidm\u0259td\u0259 barmaqlar\u0131m\u0131 itirmi\u015f\u0259m, \u0259lilliyimi l\u0259\u011fv edibl\u0259r\u201d","datePublished":"2022-07-07T14:14:31+00:00","dateModified":"2022-07-07T14:14:32+00:00","mainEntityOfPage":{"@id":"https:\/\/www.meydan.tv\/az\/article\/herbi-xidmetde-barmaqlarimi-itirmisem-elilliyimi-legv-edibler\/"},"wordCount":669,"publisher":{"@id":"https:\/\/www.meydan.tv\/az\/#organization"},"image":{"@id":"https:\/\/www.meydan.tv\/az\/article\/herbi-xidmetde-barmaqlarimi-itirmisem-elilliyimi-legv-edibler\/#primaryimage"},"thumbnailUrl":"https:\/\/www.meydan.tv\/wp-content\/uploads\/untitled-design-9-7.jpg","articleSection":["B\u00f6lg\u0259","X\u0259b\u0259rl\u0259r"],"inLanguage":"az"},{"@type":"WebPage","@id":"https:\/\/www.meydan.tv\/az\/article\/herbi-xidmetde-barmaqlarimi-itirmisem-elilliyimi-legv-edibler\/","url":"https:\/\/www.meydan.tv\/az\/article\/herbi-xidmetde-barmaqlarimi-itirmisem-elilliyimi-legv-edibler\/","name":"\u201cH\u0259rbi xidm\u0259td\u0259 barmaqlar\u0131m\u0131 itirmi\u015f\u0259m, \u0259lilliyimi l\u0259\u011fv edibl\u0259r\u201d - MEYDAN.TV","isPartOf":{"@id":"https:\/\/www.meydan.tv\/az\/#website"},"primaryImageOfPage":{"@id":"https:\/\/www.meydan.tv\/az\/article\/herbi-xidmetde-barmaqlarimi-itirmisem-elilliyimi-legv-edibler\/#primaryimage"},"image":{"@id":"https:\/\/www.meydan.tv\/az\/article\/herbi-xidmetde-barmaqlarimi-itirmisem-elilliyimi-legv-edibler\/#primaryimage"},"thumbnailUrl":"https:\/\/www.meydan.tv\/wp-content\/uploads\/untitled-design-9-7.jpg","datePublished":"2022-07-07T14:14:31+00:00","dateModified":"2022-07-07T14:14:32+00:00","breadcrumb":{"@id":"https:\/\/www.meydan.tv\/az\/article\/herbi-xidmetde-barmaqlarimi-itirmisem-elilliyimi-legv-edibler\/#breadcrumb"},"inLanguage":"az","potentialAction":[{"@type":"ReadAction","target":["https:\/\/www.meydan.tv\/az\/article\/herbi-xidmetde-barmaqlarimi-itirmisem-elilliyimi-legv-edibler\/"]}]},{"@type":"ImageObject","inLanguage":"az","@id":"https:\/\/www.meydan.tv\/az\/article\/herbi-xidmetde-barmaqlarimi-itirmisem-elilliyimi-legv-edibler\/#primaryimage","url":"https:\/\/www.meydan.tv\/wp-content\/uploads\/untitled-design-9-7.jpg","contentUrl":"https:\/\/www.meydan.tv\/wp-content\/uploads\/untitled-design-9-7.jpg","width":1200,"height":800,"caption":"Foto: Yusif Babazad\u0259nin \u015f\u0259xsi arxivind\u0259n"},{"@type":"BreadcrumbList","@id":"https:\/\/www.meydan.tv\/az\/article\/herbi-xidmetde-barmaqlarimi-itirmisem-elilliyimi-legv-edibler\/#breadcrumb","itemListElement":[{"@type":"ListItem","position":1,"name":"Ana s\u0259hif\u0259","item":"https:\/\/www.meydan.tv\/az\/"},{"@type":"ListItem","position":2,"name":"B\u00f6lg\u0259","item":"https:\/\/www.meydan.tv\/az\/section\/bolge\/"},{"@type":"ListItem","position":3,"name":"\u201cH\u0259rbi xidm\u0259td\u0259 barmaqlar\u0131m\u0131 itirmi\u015f\u0259m, \u0259lilliyimi l\u0259\u011fv edibl\u0259r\u201d"}]},{"@type":"WebSite","@id":"https:\/\/www.meydan.tv\/az\/#website","url":"https:\/\/www.meydan.tv\/az\/","name":"MEYDAN.TV","description":"Meydan TV Az\u0259rbaycan\u0131n media m\u0259kan\u0131ndak\u0131 alternativ s\u0259sidir","publisher":{"@id":"https:\/\/www.meydan.tv\/az\/#organization"},"potentialAction":[{"@type":"SearchAction","target":{"@type":"EntryPoint","urlTemplate":"https:\/\/www.meydan.tv\/az\/?s={search_term_string}"},"query-input":{"@type":"PropertyValueSpecification","valueRequired":true,"valueName":"search_term_string"}}],"inLanguage":"az"},{"@type":"Organization","@id":"https:\/\/www.meydan.tv\/az\/#organization","name":"Meydan TV","url":"https:\/\/www.meydan.tv\/az\/","logo":{"@type":"ImageObject","inLanguage":"az","@id":"https:\/\/www.meydan.tv\/az\/#\/schema\/logo\/image\/","url":"https:\/\/www.meydan.tv\/wp-content\/uploads\/2021\/07\/meydan-logo.svg","contentUrl":"https:\/\/www.meydan.tv\/wp-content\/uploads\/2021\/07\/meydan-logo.svg","width":195,"height":46,"caption":"Meydan TV"},"image":{"@id":"https:\/\/www.meydan.tv\/az\/#\/schema\/logo\/image\/"}},{"@type":"Person","@id":"https:\/\/www.meydan.tv\/az\/#\/schema\/person\/9cdbecf90d17180ce1dfbd95b08dcf47","name":"elli","sameAs":["https:\/\/x.com\/elli"]}]}},"_links":{"self":[{"href":"https:\/\/www.meydan.tv\/az\/wp-json\/wp\/v2\/posts\/250401","targetHints":{"allow":["GET"]}}],"collection":[{"href":"https:\/\/www.meydan.tv\/az\/wp-json\/wp\/v2\/posts"}],"about":[{"href":"https:\/\/www.meydan.tv\/az\/wp-json\/wp\/v2\/types\/post"}],"author":[{"embeddable":true,"href":"https:\/\/www.meydan.tv\/az\/wp-json\/wp\/v2\/users\/8"}],"replies":[{"embeddable":true,"href":"https:\/\/www.meydan.tv\/az\/wp-json\/wp\/v2\/comments?post=250401"}],"version-history":[{"count":1,"href":"https:\/\/www.meydan.tv\/az\/wp-json\/wp\/v2\/posts\/250401\/revisions"}],"predecessor-version":[{"id":250402,"href":"https:\/\/www.meydan.tv\/az\/wp-json\/wp\/v2\/posts\/250401\/revisions\/250402"}],"wp:featuredmedia":[{"embeddable":true,"href":"https:\/\/www.meydan.tv\/az\/wp-json\/wp\/v2\/media\/250392"}],"wp:attachment":[{"href":"https:\/\/www.meydan.tv\/az\/wp-json\/wp\/v2\/media?parent=250401"}],"wp:term":[{"taxonomy":"category","embeddable":true,"href":"https:\/\/www.meydan.tv\/az\/wp-json\/wp\/v2\/categories?post=250401"},{"taxonomy":"post_tag","embeddable":true,"href":"https:\/\/www.meydan.tv\/az\/wp-json\/wp\/v2\/tags?post=250401"}],"curies":[{"name":"wp","href":"https:\/\/api.w.org\/{rel}","templated":true}]}}