{"id":250331,"date":"2022-07-07T15:22:49","date_gmt":"2022-07-07T11:22:49","guid":{"rendered":"https:\/\/www.meydan.tv\/?p=250331"},"modified":"2022-07-07T15:22:50","modified_gmt":"2022-07-07T11:22:50","slug":"astara-icra-hakimiyyeti-bi-yaylaq-festivalina-icaze-vermeyib","status":"publish","type":"post","link":"https:\/\/www.meydan.tv\/az\/article\/astara-icra-hakimiyyeti-bi-yaylaq-festivalina-icaze-vermeyib\/","title":{"rendered":"Astara \u0130cra Hakimiyy\u0259ti &#8220;B\u0130&#8221; Yaylaq Festival\u0131na icaz\u0259 verm\u0259yib"},"content":{"rendered":"\n<p><\/p>\n\n\n\n<p><em>R\u00fcf\u0259t \u018fliyev: &#8220;\u0130cra n\u00fcmay\u0259nd\u0259l\u0259ri \u00f6nc\u0259d\u0259n \u00f6yr\u0259dilmi\u015fdi ki, guya biz haz\u0131r deyilik&#8221;<\/em><\/p>\n\n\n\n<p>Hamo\u015fam b\u0259l\u0259diyy\u0259 s\u0259dri R\u00fcf\u0259t \u018fliyev v\u0259 bir qrup sakin k\u0259ndd\u0259 turizmi inki\u015faf etdirm\u0259k m\u0259qs\u0259dil\u0259 festival t\u0259\u015fkil etm\u0259k q\u0259rar\u0131na g\u0259lib.<\/p>\n\n\n\n<p>B\u0259l\u0259diyy\u0259 s\u0259dri bununla \u0259laq\u0259dar Astara Rayon \u0130cra Hakimiyy\u0259tin\u0259 r\u0259smi m\u00fcraci\u0259t etdiyini v\u0259 \u015fifahi raz\u0131l\u0131q ald\u0131\u011f\u0131n\u0131 bildirir.<\/p>\n\n\n\n<p>\u201cBi\u201d Yaylaq Festival\u0131n\u0131 yaln\u0131z bir g\u00fcn &#8211; iyulun 16-da t\u0259\u015fkil etm\u0259k planla\u015fd\u0131r\u0131l\u0131b.<\/p>\n\n\n\n<p>R\u00fcf\u0259t \u018fliyev Meydan TV-y\u0259 deyib ki, icra hakimiyy\u0259ti sonradan festival\u0131n ke\u00e7irilm\u0259sin\u0259 icaz\u0259 verm\u0259yib: <\/p>\n\n\n\n<p>\u201cT\u0259dbirin ke\u00e7irilm\u0259sin\u0259 raz\u0131l\u0131q verm\u0259dil\u0259r. Bunu vaxt azl\u0131\u011f\u0131 il\u0259 \u0259laq\u0259l\u0259ndirdil\u0259r. \u0130ndiy\u0259 kimi haz\u0131rl\u0131q prosesin\u0259 he\u00e7 bir qatq\u0131s\u0131 olmayan icra n\u00fcmay\u0259nd\u0259l\u0259ri \u00f6nc\u0259d\u0259n \u00f6yr\u0259dilmi\u015fdi ki, guya biz haz\u0131r deyilik, \u00e7atd\u0131ra bilm\u0259y\u0259c\u0259yik. \u0130cra hakimiyy\u0259ti bildirib ki, \u0259razid\u0259 gec\u0259l\u0259m\u0259k \u00fc\u00e7\u00fcn mehmanxana, qonaq evi yoxdur&#8221;.<\/p>\n\n\n\n<p>&#8220;\u0130ddialar\u0131 \u0259sass\u0131z hesab edirik. \u00c7\u00fcnki qonaqlar\u0131n da\u015f\u0131nmas\u0131 \u00fc\u00e7\u00fcn avtomobill\u0259rin ayr\u0131lmas\u0131n\u0131 planla\u015fd\u0131rm\u0131\u015fd\u0131q. H\u0259m\u00e7ini t\u0259klif etmi\u015fdik ki, kim qalmaq ist\u0259s\u0259, kamp (\u00e7ad\u0131r) qurub \u0259razid\u0259 gec\u0259l\u0259y\u0259 bil\u0259r, \u00e7\u00fcnki xidm\u0259t sektoru f\u0259aliyy\u0259tini davam etdir\u0259c\u0259k. Qurumdan t\u0259klif etdil\u0259r ki, vaxt\u0131 5-10 g\u00fcn uzadaq. H\u0259min vaxtda icra hakimiyy\u0259ti \u0259razid\u0259 otel tikm\u0259y\u0259c\u0259kdi, hava liman\u0131 a\u00e7mayacaqd\u0131\u201d, &#8211; dey\u0259 o bildirib.<\/p>\n\n\n\n<p>B\u0259l\u0259diyy\u0259 s\u0259dri deyir ki, festival\u0131n ke\u00e7irilm\u0259sind\u0259 m\u0259qs\u0259d k\u0259ndd\u0259 ya\u015fayan insanlar\u0131n maddi v\u0259ziyy\u0259tini yax\u015f\u0131la\u015fd\u0131rmaq, eyni zamanda yaylaq ad\u0259t-\u0259n\u0259n\u0259l\u0259rini, h\u0259yat t\u0259rzini n\u00fcmayi\u015f etdirm\u0259k olub: <\/p>\n\n\n\n<p>&#8220;T\u0259dbirin proqram\u0131na s\u0259n\u0259tkarl\u0131q n\u00fcmun\u0259l\u0259rinin, orqanik k\u0259nd t\u0259s\u0259rr\u00fcfat\u0131 m\u0259hsullar\u0131n\u0131n v\u0259 h\u0259min \u0259razid\u0259 bit\u0259n d\u0259rman bitkil\u0259rinin sat\u0131\u015f\u0131 daxil idi&#8221;.<\/p>\n\n\n\n<p>Onun s\u00f6zl\u0259rin\u0259 g\u00f6r\u0259, festivalda folklor klublar\u0131n\u0131n \u00e7\u0131x\u0131\u015f\u0131, \u0259razid\u0259 olan tarixi abid\u0259l\u0259rin fotostendl\u0259ri d\u0259 n\u00fcmayi\u015f etdiril\u0259c\u0259kdi: <\/p>\n\n\n\n<p>&#8220;Ustad d\u0259rsl\u0259rinin t\u0259\u015fkili, h\u0259m d\u0259 milli m\u0259tb\u0259xd\u0259n n\u00fcman\u0259l\u0259r d\u0259 proqrama daxil idi&#8221;.<\/p>\n\n\n\n<figure class=\"wp-block-image size-large\"><img decoding=\"async\" width=\"1099\" height=\"821\" data-src=\"https:\/\/www.meydan.tv\/wp-content\/uploads\/151059775_3794060457352363_7627330164674816589_n-1099x821.jpg\" alt=\"\" class=\"wp-image-250335 lazyload\" src=\"data:image\/svg+xml;base64,PHN2ZyB3aWR0aD0iMSIgaGVpZ2h0PSIxIiB4bWxucz0iaHR0cDovL3d3dy53My5vcmcvMjAwMC9zdmciPjwvc3ZnPg==\" style=\"--smush-placeholder-width: 1099px; --smush-placeholder-aspect-ratio: 1099\/821;\" \/><figcaption>Foto: R\u00fcf\u0259t \u018fliyevin \u015f\u0259xsi arxivind\u0259n<\/figcaption><\/figure>\n\n\n\n<p>\u201c\u201cBi\u201d Yaylaq Festival\u0131n\u0131n ke\u00e7irilm\u0259si bizim \u00fc\u00e7\u00fcn m\u0259qs\u0259d yox, vasit\u0259 idi. Turizm sektorunun diqq\u0259tini bu \u0259razil\u0259r\u0259 c\u0259lb etm\u0259k ist\u0259yirdik. \u018frazi \u0259kin\u00e7ilik \u00fc\u00e7\u00fcn \u0259lveri\u015fli deyil. Burada insanlar \u0259sas\u0259n maldarl\u0131qla m\u0259\u015f\u011fuldur. Maldarl\u0131q \u00fczr\u0259 tender a\u015fa\u011f\u0131 d\u00fc\u015f\u00fcb, bu sah\u0259 art\u0131q tarix\u0259 qovu\u015fmaq \u00fczr\u0259dir. Bu da yerli idar\u0259etm\u0259 orqan\u0131 olaraq bizi ciddi narahat edir. B\u00fct\u00fcn normal \u00f6lk\u0259l\u0259rd\u0259 turizm d\u00f6vl\u0259t b\u00fcdc\u0259sinin \u0259sas\u0131n\u0131 t\u0259\u015fkil edir. Biz d\u0259 ist\u0259yirdik ki, turizmin diqq\u0259tini bu k\u0259nd\u0259 \u00e7\u0259k\u0259k, yerli camaat qazans\u0131n\u201d, &#8211; b\u0259l\u0259diyy\u0259 s\u0259dri deyir.<\/p>\n\n\n\n<p>Festival t\u0259\u015fkilat\u00e7\u0131lar\u0131 geni\u015fmiqyasl\u0131 t\u0259dbirin ke\u00e7irilm\u0259sin\u0259 icaz\u0259 verilm\u0259diyi \u00fc\u00e7\u00fcn alternativ vasit\u0259l\u0259rd\u0259n istifad\u0259 ed\u0259c\u0259kl\u0259r.<\/p>\n\n\n\n<p>R\u00fcf\u0259t \u018fliyev bildirib ki, bununla ba\u011fl\u0131 sosial media \u00fcz\u0259rind\u0259n t\u0259bli\u011fat apar\u0131lacaq, h\u0259m\u00e7inin turizm \u015firk\u0259tl\u0259rin\u0259 t\u0259klifl\u0259r g\u00f6nd\u0259ril\u0259c\u0259k.<\/p>\n\n\n\n<p>Astara Rayon \u0130cra Hakimiyy\u0259ti ba\u015f\u00e7\u0131s\u0131n\u0131n k\u00f6m\u0259k\u00e7isi Asiman Qas\u0131ml\u0131 Meydan TV-y\u0259 deyib ki, festival\u0131n ke\u00e7irilm\u0259si qeyri-m\u00fc\u0259yy\u0259n vaxta t\u0259xir\u0259 sal\u0131n\u0131b: <\/p>\n\n\n\n<p>\u201cFestival\u0131n y\u00fcks\u0259k s\u0259viyy\u0259d\u0259 t\u0259\u015fkil olunmas\u0131 \u00fc\u00e7\u00fcn daha \u00e7ox m\u00fcdd\u0259t laz\u0131md\u0131r. T\u0259\u015fkilati m\u0259s\u0259l\u0259l\u0259ri bu m\u00fcdd\u0259td\u0259 \u00e7atd\u0131maq \u00e7\u0259tindir. B\u00f6y\u00fck bir t\u0259dbirdir, g\u0259l\u0259nl\u0259r olacaq, qonaqlar\u0131 qar\u015f\u0131lamaq, onlara xidm\u0259t g\u00f6st\u0259rm\u0259k, rahatl\u0131qla al\u0131nan m\u0259s\u0259l\u0259 deyil, vaxta ehtiyac\u0131m\u0131z var. Festival\u0131n d\u0259qiq ke\u00e7iril\u0259c\u0259yi tarixl\u0259 ba\u011fl\u0131 h\u0259l\u0259 ki, bir q\u0259rara g\u0259linm\u0259yib\u201d.<\/p>\n\n\n\n<p>\u201cBi\u201d yayla\u011f\u0131 Hamo\u015fam k\u0259ndinin tac\u0131 adland\u0131r\u0131l\u0131r.<\/p>\n\n\n\n<p>\u201cBi\u201d toponiminin tal\u0131\u015fca m\u0259nas\u0131 \u201csoyuq yer\u201d dem\u0259kdir.<\/p>\n\n\n\n<p>Tarix\u00e7il\u0259rin ehtimal\u0131na g\u00f6r\u0259, \u201cBi\u201d \u0259srl\u0259r \u00f6nc\u0259 burada ya\u015fam\u0131\u015f tayfan\u0131n ad\u0131 il\u0259 ba\u011fl\u0131d\u0131r. \u00c7\u00fcnki burada q\u0259dim ya\u015fay\u0131\u015f m\u0259nt\u0259q\u0259sinin olmas\u0131na dair ni\u015fan\u0259l\u0259r var.<\/p>\n\n\n\n<p>Tunc d\u00f6vr\u00fcnd\u0259n qalma kurqanlar, q\u0259dim m\u0259zarl\u0131q, iki, \u00fc\u00e7 v\u0259 d\u00f6rdpill\u0259li yonma ba\u015fda\u015flar\u0131, \u201cPad\u015fah q\u0131z\u0131n\u0131n hovuzu\u201d, \u201cPad\u015fah hovuzu\u201d \u201cHaft\u00e7\u0259\u015fm\u0259\u201d bulaqlar\u0131 \u0259srl\u0259rin ni\u015fan\u0259l\u0259ridir.<\/p>\n\n\n\n<p>Hamo\u015fam k\u0259ndind\u0259 \u201cHac\u0131 \u018ffqani\u201d, \u201c\u015eeyx \u0130zac\u0259ddin\u201d, \u201cM\u0259h\u0259mm\u0259d Mazandarani\u201d, \u201cBaba R\u0259sul\u201d ziyar\u0259tgahlar\u0131 var.<\/p>\n\n\n\n<p>K\u0259nd \u0259razi icra n\u00fcmay\u0259nd\u0259liyin\u0259 daxil olan ya\u015fay\u0131\u015f m\u0259nt\u0259q\u0259l\u0259rind\u0259ki maddi-m\u0259d\u0259niyy\u0259t n\u00fcmun\u0259l\u0259rind\u0259n yaln\u0131z d\u00f6rd\u00fc d\u00f6vl\u0259t qeydiyyat\u0131na al\u0131n\u0131b.<\/p>\n\n\n\n<p>Onlardan ikisi \u2013 \u201cBi\u201d yayla\u011f\u0131 v\u0259 \u201cQalakafo\u201d qala qal\u0131qlar\u0131 \u00f6lk\u0259, dig\u0259r ikisi &#8211; Hamo\u015famdak\u0131 k\u00f6hn\u0259 m\u0259zarl\u0131q v\u0259 Toradi k\u0259ndind\u0259ki \u201cPe\u015ft\u0259\u201d q\u0259biristanl\u0131\u011f\u0131 is\u0259 yerli \u0259h\u0259miyy\u0259tli arxeoloji abid\u0259 kimi d\u00f6vl\u0259t qeydiyyat\u0131ndad\u0131r.<\/p>\n\n\n\n<p>Hamo\u015famda t\u0259dqiq olunmayan onlarca q\u0259dim tarix v\u0259 m\u0259d\u0259niyy\u0259t abid\u0259l\u0259rinin oldu\u011fu bildirilir.<\/p>\n","protected":false},"excerpt":{"rendered":"<p>R\u00fcf\u0259t \u018fliyev: &#8220;\u0130cra n\u00fcmay\u0259nd\u0259l\u0259ri \u00f6nc\u0259d\u0259n \u00f6yr\u0259dilmi\u015fdi ki, guya biz haz\u0131r &#8230; <\/p>\n<p class=\"read-more-container\"><a title=\"Astara \u0130cra Hakimiyy\u0259ti &#8220;B\u0130&#8221; Yaylaq Festival\u0131na icaz\u0259 verm\u0259yib\" class=\"read-more button\" href=\"https:\/\/www.meydan.tv\/az\/article\/astara-icra-hakimiyyeti-bi-yaylaq-festivalina-icaze-vermeyib\/#more-250331\" aria-label=\"Read more about Astara \u0130cra Hakimiyy\u0259ti &#8220;B\u0130&#8221; Yaylaq Festival\u0131na icaz\u0259 verm\u0259yib\">Davam\u0131<\/a><\/p>\n","protected":false},"author":8,"featured_media":250332,"comment_status":"closed","ping_status":"closed","sticky":false,"template":"","format":"standard","meta":{"_acf_changed":false,"_sitemap_exclude":false,"_sitemap_priority":"","_sitemap_frequency":"","footnotes":""},"categories":[60,56],"tags":[],"class_list":["post-250331","post","type-post","status-publish","format-standard","has-post-thumbnail","hentry","category-bolge","category-xeberler","infinite-scroll-item","generate-columns","tablet-grid-50","mobile-grid-100","grid-parent","grid-33","no-featured-image-padding"],"acf":[],"yoast_head":"<!-- This site is optimized with the Yoast SEO plugin v27.5 - https:\/\/yoast.com\/product\/yoast-seo-wordpress\/ -->\n<title>Astara \u0130cra Hakimiyy\u0259ti &quot;B\u0130&quot; Yaylaq Festival\u0131na icaz\u0259 verm\u0259yib - MEYDAN.TV<\/title>\n<meta name=\"robots\" content=\"index, follow, max-snippet:-1, max-image-preview:large, max-video-preview:-1\" \/>\n<link rel=\"canonical\" href=\"https:\/\/www.meydan.tv\/az\/article\/astara-icra-hakimiyyeti-bi-yaylaq-festivalina-icaze-vermeyib\/\" \/>\n<meta property=\"og:locale\" content=\"az_AZ\" \/>\n<meta property=\"og:type\" content=\"article\" \/>\n<meta property=\"og:title\" content=\"Astara \u0130cra Hakimiyy\u0259ti &quot;B\u0130&quot; Yaylaq Festival\u0131na icaz\u0259 verm\u0259yib - MEYDAN.TV\" \/>\n<meta property=\"og:description\" content=\"R\u00fcf\u0259t \u018fliyev: &#8220;\u0130cra n\u00fcmay\u0259nd\u0259l\u0259ri \u00f6nc\u0259d\u0259n \u00f6yr\u0259dilmi\u015fdi ki, guya biz haz\u0131r ... Davam\u0131\" \/>\n<meta property=\"og:url\" content=\"https:\/\/www.meydan.tv\/az\/article\/astara-icra-hakimiyyeti-bi-yaylaq-festivalina-icaze-vermeyib\/\" \/>\n<meta property=\"og:site_name\" content=\"MEYDAN.TV\" \/>\n<meta property=\"article:published_time\" content=\"2022-07-07T11:22:49+00:00\" \/>\n<meta property=\"article:modified_time\" content=\"2022-07-07T11:22:50+00:00\" \/>\n<meta property=\"og:image\" content=\"https:\/\/www.meydan.tv\/wp-content\/uploads\/1564089758.jpg\" \/>\n\t<meta property=\"og:image:width\" content=\"1200\" \/>\n\t<meta property=\"og:image:height\" content=\"720\" \/>\n\t<meta property=\"og:image:type\" content=\"image\/jpeg\" \/>\n<meta name=\"author\" content=\"elli\" \/>\n<meta name=\"twitter:card\" content=\"summary_large_image\" \/>\n<meta name=\"twitter:creator\" content=\"@elli\" \/>\n<script type=\"application\/ld+json\" class=\"yoast-schema-graph\">{\"@context\":\"https:\\\/\\\/schema.org\",\"@graph\":[{\"@type\":\"Article\",\"@id\":\"https:\\\/\\\/www.meydan.tv\\\/az\\\/article\\\/astara-icra-hakimiyyeti-bi-yaylaq-festivalina-icaze-vermeyib\\\/#article\",\"isPartOf\":{\"@id\":\"https:\\\/\\\/www.meydan.tv\\\/az\\\/article\\\/astara-icra-hakimiyyeti-bi-yaylaq-festivalina-icaze-vermeyib\\\/\"},\"author\":{\"name\":\"elli\",\"@id\":\"https:\\\/\\\/www.meydan.tv\\\/az\\\/#\\\/schema\\\/person\\\/9cdbecf90d17180ce1dfbd95b08dcf47\"},\"headline\":\"Astara \u0130cra Hakimiyy\u0259ti &#8220;B\u0130&#8221; Yaylaq Festival\u0131na icaz\u0259 verm\u0259yib\",\"datePublished\":\"2022-07-07T11:22:49+00:00\",\"dateModified\":\"2022-07-07T11:22:50+00:00\",\"mainEntityOfPage\":{\"@id\":\"https:\\\/\\\/www.meydan.tv\\\/az\\\/article\\\/astara-icra-hakimiyyeti-bi-yaylaq-festivalina-icaze-vermeyib\\\/\"},\"wordCount\":949,\"publisher\":{\"@id\":\"https:\\\/\\\/www.meydan.tv\\\/az\\\/#organization\"},\"image\":{\"@id\":\"https:\\\/\\\/www.meydan.tv\\\/az\\\/article\\\/astara-icra-hakimiyyeti-bi-yaylaq-festivalina-icaze-vermeyib\\\/#primaryimage\"},\"thumbnailUrl\":\"https:\\\/\\\/www.meydan.tv\\\/wp-content\\\/uploads\\\/1564089758.jpg\",\"articleSection\":[\"B\u00f6lg\u0259\",\"X\u0259b\u0259rl\u0259r\"],\"inLanguage\":\"az\"},{\"@type\":\"WebPage\",\"@id\":\"https:\\\/\\\/www.meydan.tv\\\/az\\\/article\\\/astara-icra-hakimiyyeti-bi-yaylaq-festivalina-icaze-vermeyib\\\/\",\"url\":\"https:\\\/\\\/www.meydan.tv\\\/az\\\/article\\\/astara-icra-hakimiyyeti-bi-yaylaq-festivalina-icaze-vermeyib\\\/\",\"name\":\"Astara \u0130cra Hakimiyy\u0259ti \\\"B\u0130\\\" Yaylaq Festival\u0131na icaz\u0259 verm\u0259yib - MEYDAN.TV\",\"isPartOf\":{\"@id\":\"https:\\\/\\\/www.meydan.tv\\\/az\\\/#website\"},\"primaryImageOfPage\":{\"@id\":\"https:\\\/\\\/www.meydan.tv\\\/az\\\/article\\\/astara-icra-hakimiyyeti-bi-yaylaq-festivalina-icaze-vermeyib\\\/#primaryimage\"},\"image\":{\"@id\":\"https:\\\/\\\/www.meydan.tv\\\/az\\\/article\\\/astara-icra-hakimiyyeti-bi-yaylaq-festivalina-icaze-vermeyib\\\/#primaryimage\"},\"thumbnailUrl\":\"https:\\\/\\\/www.meydan.tv\\\/wp-content\\\/uploads\\\/1564089758.jpg\",\"datePublished\":\"2022-07-07T11:22:49+00:00\",\"dateModified\":\"2022-07-07T11:22:50+00:00\",\"breadcrumb\":{\"@id\":\"https:\\\/\\\/www.meydan.tv\\\/az\\\/article\\\/astara-icra-hakimiyyeti-bi-yaylaq-festivalina-icaze-vermeyib\\\/#breadcrumb\"},\"inLanguage\":\"az\",\"potentialAction\":[{\"@type\":\"ReadAction\",\"target\":[\"https:\\\/\\\/www.meydan.tv\\\/az\\\/article\\\/astara-icra-hakimiyyeti-bi-yaylaq-festivalina-icaze-vermeyib\\\/\"]}]},{\"@type\":\"ImageObject\",\"inLanguage\":\"az\",\"@id\":\"https:\\\/\\\/www.meydan.tv\\\/az\\\/article\\\/astara-icra-hakimiyyeti-bi-yaylaq-festivalina-icaze-vermeyib\\\/#primaryimage\",\"url\":\"https:\\\/\\\/www.meydan.tv\\\/wp-content\\\/uploads\\\/1564089758.jpg\",\"contentUrl\":\"https:\\\/\\\/www.meydan.tv\\\/wp-content\\\/uploads\\\/1564089758.jpg\",\"width\":1200,\"height\":720,\"caption\":\"M\u0259nb\u0259: M\u0259d\u0259niyy\u0259t Nazirliyi\"},{\"@type\":\"BreadcrumbList\",\"@id\":\"https:\\\/\\\/www.meydan.tv\\\/az\\\/article\\\/astara-icra-hakimiyyeti-bi-yaylaq-festivalina-icaze-vermeyib\\\/#breadcrumb\",\"itemListElement\":[{\"@type\":\"ListItem\",\"position\":1,\"name\":\"Ana s\u0259hif\u0259\",\"item\":\"https:\\\/\\\/www.meydan.tv\\\/az\\\/\"},{\"@type\":\"ListItem\",\"position\":2,\"name\":\"B\u00f6lg\u0259\",\"item\":\"https:\\\/\\\/www.meydan.tv\\\/az\\\/section\\\/bolge\\\/\"},{\"@type\":\"ListItem\",\"position\":3,\"name\":\"Astara \u0130cra Hakimiyy\u0259ti &#8220;B\u0130&#8221; Yaylaq Festival\u0131na icaz\u0259 verm\u0259yib\"}]},{\"@type\":\"WebSite\",\"@id\":\"https:\\\/\\\/www.meydan.tv\\\/az\\\/#website\",\"url\":\"https:\\\/\\\/www.meydan.tv\\\/az\\\/\",\"name\":\"MEYDAN.TV\",\"description\":\"Meydan TV Az\u0259rbaycan\u0131n media m\u0259kan\u0131ndak\u0131 alternativ s\u0259sidir\",\"publisher\":{\"@id\":\"https:\\\/\\\/www.meydan.tv\\\/az\\\/#organization\"},\"potentialAction\":[{\"@type\":\"SearchAction\",\"target\":{\"@type\":\"EntryPoint\",\"urlTemplate\":\"https:\\\/\\\/www.meydan.tv\\\/az\\\/?s={search_term_string}\"},\"query-input\":{\"@type\":\"PropertyValueSpecification\",\"valueRequired\":true,\"valueName\":\"search_term_string\"}}],\"inLanguage\":\"az\"},{\"@type\":\"Organization\",\"@id\":\"https:\\\/\\\/www.meydan.tv\\\/az\\\/#organization\",\"name\":\"Meydan TV\",\"url\":\"https:\\\/\\\/www.meydan.tv\\\/az\\\/\",\"logo\":{\"@type\":\"ImageObject\",\"inLanguage\":\"az\",\"@id\":\"https:\\\/\\\/www.meydan.tv\\\/az\\\/#\\\/schema\\\/logo\\\/image\\\/\",\"url\":\"https:\\\/\\\/www.meydan.tv\\\/wp-content\\\/uploads\\\/2021\\\/07\\\/meydan-logo.svg\",\"contentUrl\":\"https:\\\/\\\/www.meydan.tv\\\/wp-content\\\/uploads\\\/2021\\\/07\\\/meydan-logo.svg\",\"width\":195,\"height\":46,\"caption\":\"Meydan TV\"},\"image\":{\"@id\":\"https:\\\/\\\/www.meydan.tv\\\/az\\\/#\\\/schema\\\/logo\\\/image\\\/\"}},{\"@type\":\"Person\",\"@id\":\"https:\\\/\\\/www.meydan.tv\\\/az\\\/#\\\/schema\\\/person\\\/9cdbecf90d17180ce1dfbd95b08dcf47\",\"name\":\"elli\",\"sameAs\":[\"https:\\\/\\\/x.com\\\/elli\"]}]}<\/script>\n<!-- \/ Yoast SEO plugin. -->","yoast_head_json":{"title":"Astara \u0130cra Hakimiyy\u0259ti \"B\u0130\" Yaylaq Festival\u0131na icaz\u0259 verm\u0259yib - MEYDAN.TV","robots":{"index":"index","follow":"follow","max-snippet":"max-snippet:-1","max-image-preview":"max-image-preview:large","max-video-preview":"max-video-preview:-1"},"canonical":"https:\/\/www.meydan.tv\/az\/article\/astara-icra-hakimiyyeti-bi-yaylaq-festivalina-icaze-vermeyib\/","og_locale":"az_AZ","og_type":"article","og_title":"Astara \u0130cra Hakimiyy\u0259ti \"B\u0130\" Yaylaq Festival\u0131na icaz\u0259 verm\u0259yib - MEYDAN.TV","og_description":"R\u00fcf\u0259t \u018fliyev: &#8220;\u0130cra n\u00fcmay\u0259nd\u0259l\u0259ri \u00f6nc\u0259d\u0259n \u00f6yr\u0259dilmi\u015fdi ki, guya biz haz\u0131r ... Davam\u0131","og_url":"https:\/\/www.meydan.tv\/az\/article\/astara-icra-hakimiyyeti-bi-yaylaq-festivalina-icaze-vermeyib\/","og_site_name":"MEYDAN.TV","article_published_time":"2022-07-07T11:22:49+00:00","article_modified_time":"2022-07-07T11:22:50+00:00","og_image":[{"width":1200,"height":720,"url":"https:\/\/www.meydan.tv\/wp-content\/uploads\/1564089758.jpg","type":"image\/jpeg"}],"author":"elli","twitter_card":"summary_large_image","twitter_creator":"@elli","schema":{"@context":"https:\/\/schema.org","@graph":[{"@type":"Article","@id":"https:\/\/www.meydan.tv\/az\/article\/astara-icra-hakimiyyeti-bi-yaylaq-festivalina-icaze-vermeyib\/#article","isPartOf":{"@id":"https:\/\/www.meydan.tv\/az\/article\/astara-icra-hakimiyyeti-bi-yaylaq-festivalina-icaze-vermeyib\/"},"author":{"name":"elli","@id":"https:\/\/www.meydan.tv\/az\/#\/schema\/person\/9cdbecf90d17180ce1dfbd95b08dcf47"},"headline":"Astara \u0130cra Hakimiyy\u0259ti &#8220;B\u0130&#8221; Yaylaq Festival\u0131na icaz\u0259 verm\u0259yib","datePublished":"2022-07-07T11:22:49+00:00","dateModified":"2022-07-07T11:22:50+00:00","mainEntityOfPage":{"@id":"https:\/\/www.meydan.tv\/az\/article\/astara-icra-hakimiyyeti-bi-yaylaq-festivalina-icaze-vermeyib\/"},"wordCount":949,"publisher":{"@id":"https:\/\/www.meydan.tv\/az\/#organization"},"image":{"@id":"https:\/\/www.meydan.tv\/az\/article\/astara-icra-hakimiyyeti-bi-yaylaq-festivalina-icaze-vermeyib\/#primaryimage"},"thumbnailUrl":"https:\/\/www.meydan.tv\/wp-content\/uploads\/1564089758.jpg","articleSection":["B\u00f6lg\u0259","X\u0259b\u0259rl\u0259r"],"inLanguage":"az"},{"@type":"WebPage","@id":"https:\/\/www.meydan.tv\/az\/article\/astara-icra-hakimiyyeti-bi-yaylaq-festivalina-icaze-vermeyib\/","url":"https:\/\/www.meydan.tv\/az\/article\/astara-icra-hakimiyyeti-bi-yaylaq-festivalina-icaze-vermeyib\/","name":"Astara \u0130cra Hakimiyy\u0259ti \"B\u0130\" Yaylaq Festival\u0131na icaz\u0259 verm\u0259yib - MEYDAN.TV","isPartOf":{"@id":"https:\/\/www.meydan.tv\/az\/#website"},"primaryImageOfPage":{"@id":"https:\/\/www.meydan.tv\/az\/article\/astara-icra-hakimiyyeti-bi-yaylaq-festivalina-icaze-vermeyib\/#primaryimage"},"image":{"@id":"https:\/\/www.meydan.tv\/az\/article\/astara-icra-hakimiyyeti-bi-yaylaq-festivalina-icaze-vermeyib\/#primaryimage"},"thumbnailUrl":"https:\/\/www.meydan.tv\/wp-content\/uploads\/1564089758.jpg","datePublished":"2022-07-07T11:22:49+00:00","dateModified":"2022-07-07T11:22:50+00:00","breadcrumb":{"@id":"https:\/\/www.meydan.tv\/az\/article\/astara-icra-hakimiyyeti-bi-yaylaq-festivalina-icaze-vermeyib\/#breadcrumb"},"inLanguage":"az","potentialAction":[{"@type":"ReadAction","target":["https:\/\/www.meydan.tv\/az\/article\/astara-icra-hakimiyyeti-bi-yaylaq-festivalina-icaze-vermeyib\/"]}]},{"@type":"ImageObject","inLanguage":"az","@id":"https:\/\/www.meydan.tv\/az\/article\/astara-icra-hakimiyyeti-bi-yaylaq-festivalina-icaze-vermeyib\/#primaryimage","url":"https:\/\/www.meydan.tv\/wp-content\/uploads\/1564089758.jpg","contentUrl":"https:\/\/www.meydan.tv\/wp-content\/uploads\/1564089758.jpg","width":1200,"height":720,"caption":"M\u0259nb\u0259: M\u0259d\u0259niyy\u0259t Nazirliyi"},{"@type":"BreadcrumbList","@id":"https:\/\/www.meydan.tv\/az\/article\/astara-icra-hakimiyyeti-bi-yaylaq-festivalina-icaze-vermeyib\/#breadcrumb","itemListElement":[{"@type":"ListItem","position":1,"name":"Ana s\u0259hif\u0259","item":"https:\/\/www.meydan.tv\/az\/"},{"@type":"ListItem","position":2,"name":"B\u00f6lg\u0259","item":"https:\/\/www.meydan.tv\/az\/section\/bolge\/"},{"@type":"ListItem","position":3,"name":"Astara \u0130cra Hakimiyy\u0259ti &#8220;B\u0130&#8221; Yaylaq Festival\u0131na icaz\u0259 verm\u0259yib"}]},{"@type":"WebSite","@id":"https:\/\/www.meydan.tv\/az\/#website","url":"https:\/\/www.meydan.tv\/az\/","name":"MEYDAN.TV","description":"Meydan TV Az\u0259rbaycan\u0131n media m\u0259kan\u0131ndak\u0131 alternativ s\u0259sidir","publisher":{"@id":"https:\/\/www.meydan.tv\/az\/#organization"},"potentialAction":[{"@type":"SearchAction","target":{"@type":"EntryPoint","urlTemplate":"https:\/\/www.meydan.tv\/az\/?s={search_term_string}"},"query-input":{"@type":"PropertyValueSpecification","valueRequired":true,"valueName":"search_term_string"}}],"inLanguage":"az"},{"@type":"Organization","@id":"https:\/\/www.meydan.tv\/az\/#organization","name":"Meydan TV","url":"https:\/\/www.meydan.tv\/az\/","logo":{"@type":"ImageObject","inLanguage":"az","@id":"https:\/\/www.meydan.tv\/az\/#\/schema\/logo\/image\/","url":"https:\/\/www.meydan.tv\/wp-content\/uploads\/2021\/07\/meydan-logo.svg","contentUrl":"https:\/\/www.meydan.tv\/wp-content\/uploads\/2021\/07\/meydan-logo.svg","width":195,"height":46,"caption":"Meydan TV"},"image":{"@id":"https:\/\/www.meydan.tv\/az\/#\/schema\/logo\/image\/"}},{"@type":"Person","@id":"https:\/\/www.meydan.tv\/az\/#\/schema\/person\/9cdbecf90d17180ce1dfbd95b08dcf47","name":"elli","sameAs":["https:\/\/x.com\/elli"]}]}},"_links":{"self":[{"href":"https:\/\/www.meydan.tv\/az\/wp-json\/wp\/v2\/posts\/250331","targetHints":{"allow":["GET"]}}],"collection":[{"href":"https:\/\/www.meydan.tv\/az\/wp-json\/wp\/v2\/posts"}],"about":[{"href":"https:\/\/www.meydan.tv\/az\/wp-json\/wp\/v2\/types\/post"}],"author":[{"embeddable":true,"href":"https:\/\/www.meydan.tv\/az\/wp-json\/wp\/v2\/users\/8"}],"replies":[{"embeddable":true,"href":"https:\/\/www.meydan.tv\/az\/wp-json\/wp\/v2\/comments?post=250331"}],"version-history":[{"count":2,"href":"https:\/\/www.meydan.tv\/az\/wp-json\/wp\/v2\/posts\/250331\/revisions"}],"predecessor-version":[{"id":250355,"href":"https:\/\/www.meydan.tv\/az\/wp-json\/wp\/v2\/posts\/250331\/revisions\/250355"}],"wp:featuredmedia":[{"embeddable":true,"href":"https:\/\/www.meydan.tv\/az\/wp-json\/wp\/v2\/media\/250332"}],"wp:attachment":[{"href":"https:\/\/www.meydan.tv\/az\/wp-json\/wp\/v2\/media?parent=250331"}],"wp:term":[{"taxonomy":"category","embeddable":true,"href":"https:\/\/www.meydan.tv\/az\/wp-json\/wp\/v2\/categories?post=250331"},{"taxonomy":"post_tag","embeddable":true,"href":"https:\/\/www.meydan.tv\/az\/wp-json\/wp\/v2\/tags?post=250331"}],"curies":[{"name":"wp","href":"https:\/\/api.w.org\/{rel}","templated":true}]}}