{"id":250222,"date":"2022-07-06T13:26:21","date_gmt":"2022-07-06T09:26:21","guid":{"rendered":"https:\/\/www.meydan.tv\/?p=250222"},"modified":"2022-07-06T14:02:32","modified_gmt":"2022-07-06T10:02:32","slug":"3-5-cekil-agaci-ile-baramaciliq-olmur","status":"publish","type":"post","link":"https:\/\/www.meydan.tv\/az\/article\/3-5-cekil-agaci-ile-baramaciliq-olmur\/","title":{"rendered":"\u201c3-5 \u00e7\u0259kil a\u011fac\u0131 il\u0259 barama\u00e7\u0131l\u0131q olmur\u201d"},"content":{"rendered":"\n<p><em>K\u00fcm\u00e7\u00fcl\u0259r probleml\u0259rinin \u00e7ox oldu\u011funu deyir<\/em><\/p>\n\n\n\n<p>\u201cRayon \u00fczr\u0259 \u0259n tan\u0131nm\u0131\u015f k\u00fcm\u00e7\u00fcy\u0259m. \u0130ki ildir m\u00fcraci\u0259t edir\u0259m, ancaq k\u00f6m\u0259klik g\u00f6st\u0259rilmir\u201d.<\/p>\n\n\n\n<p>Balak\u0259n rayonunun Talalar k\u0259nd sakini Vaqif H\u00fcmb\u0259tov bel\u0259 deyir. O, 8 ildir barama t\u0259s\u0259rr\u00fcfat\u0131 il\u0259 m\u0259\u015f\u011ful olur. H\u0259r il may\u0131n \u0259vv\u0259lind\u0259n g\u00f6t\u00fcrd\u00fcy\u00fc qurdu iyun ay\u0131nda yeti\u015fdir\u0259r\u0259k ya\u015f barama \u015f\u0259klind\u0259 al\u0131c\u0131lara t\u0259hvil verir.<\/p>\n\n\n\n<p>Deyir ki, a\u011f\u0131r z\u0259hm\u0259ti m\u00fcqabilind\u0259 \u201cF\u0259xri F\u0259rman\u201d v\u0259 \u201c\u018fm\u0259k ordeni\u201dn\u0259 layiq g\u00f6r\u00fcls\u0259 d\u0259, ya\u015fad\u0131\u011f\u0131 probleml\u0259r istehsal imkan\u0131n\u0131 azald\u0131r. \u0130lk iki t\u0259s\u0259rr\u00fcfatla ba\u015flasalar da, art\u0131q k\u0259ndd\u0259 bu t\u0259s\u0259rr\u00fcfatla m\u0259\u015f\u011ful olanlar\u0131n say\u0131 15-\u0259 \u00e7at\u0131b.<\/p>\n\n\n\n<p>Vaqif H\u00fcmb\u0259tovun s\u00f6zl\u0259rin\u0259 g\u00f6r\u0259, \u00f6t\u0259n il 100 qram qurda 450 kq-a yax\u0131n ya\u015f barama t\u0259dar\u00fck ets\u0259 d\u0259, ancaq bu il yem \u00e7at\u0131\u015fmazl\u0131\u011f\u0131 \u00fcz\u00fcnd\u0259n m\u0259hsuldarl\u0131q 267 kq-dan art\u0131q olmay\u0131b. Deyir ki, k\u0259ndd\u0259 \u00e7\u0259kil a\u011fac\u0131 azd\u0131r. O da m\u00fc\u0259yy\u0259n m\u0259bl\u0259\u011f pul m\u00fcqabilind\u0259dir. Torpaq laz\u0131md\u0131r ki, geni\u015f \u00e7\u0259kil ba\u011flar\u0131 sal\u0131ns\u0131n:<\/p>\n\n\n\n<p>\u201cNomalda 40 g\u00fcn\u0259 t\u0259hvil verils\u0259 d\u0259, yeti\u015fdirib 35 g\u00fcn\u0259 t\u0259hvil verdim. \u00c7ox \u00e7\u0259tin \u0259m\u0259k, \u0259n a\u011f\u0131r z\u0259hm\u0259t t\u0259l\u0259b ed\u0259n sah\u0259dir. Ail\u0259ml\u0259 birg\u0259 h\u0259tta \u0259lav\u0259 iki i\u015f\u00e7i d\u0259 tutmu\u015fdum. Bu sah\u0259d\u0259 \u0259n b\u00f6y\u00fck problemimiz \u00e7\u0259kil a\u011faclar\u0131n\u0131n \u00e7at\u0131\u015fmazl\u0131\u011f\u0131d\u0131r. \u00c7ind\u0259n g\u0259tiril\u0259n min a\u011fac g\u00f6t\u00fcr\u00fcb \u0259kmi\u015f\u0259m, tingl\u0259r istilikxanadad\u0131r. Yer laz\u0131md\u0131r ki, g\u00f6t\u00fcr\u00fcb \u0259k\u0259s\u0259n. \u018fg\u0259r g\u0259lirimiz d\u00f6vl\u0259t\u0259 xeyir verm\u0259kdirs\u0259, bu t\u0259s\u0259rr\u00fcfat\u0131 art\u0131rmaq ist\u0259yiriks\u0259, bizim geni\u015f \u00e7\u0259kil ba\u011flar\u0131m\u0131z olmal\u0131d\u0131r\u201d.<\/p>\n\n\n\n<p>\u201c<strong>B\u0259l\u0259diyy\u0259 deyir ki, sah\u0259 yoxdur\u201d<\/strong><\/p>\n\n\n\n<p>K\u00fcm\u00e7\u00fc deyir ki, bununla ba\u011fl\u0131 d\u00f6vl\u0259t qurumuna m\u00fcraci\u0259ti olub. \u0130st\u0259yib ki, \u00e7\u0259kil ba\u011flar\u0131 salmaq \u00fc\u00e7\u00fcn 1-2 hektar yer verilsin:<\/p>\n\n\n\n<p>\u201c\u00d6t\u0259n il K\u0259nd T\u0259s\u0259rr\u00fcfat\u0131 Nazirliyin\u0259 m\u00fcraci\u0259t etdim, o da b\u0259l\u0259diyy\u0259y\u0259. B\u0259l\u0259diyy\u0259 d\u0259 deyir ki, m\u0259nd\u0259 el\u0259 bir sah\u0259 yoxdur. H\u0259tta \u0259n yarars\u0131z sah\u0259ni ist\u0259dim ki, \u0259ziyy\u0259t \u00e7\u0259kib ba\u011f sal\u0131m. 17 sot pay torpa\u011f\u0131m var, onda da f\u0131nd\u0131q ba\u011flar\u0131 salm\u0131\u015fam. A\u011fac\u0131 nec\u0259 q\u0131r\u0131m, olmaz ax\u0131?\u201d<\/p>\n\n\n\n<figure class=\"wp-block-image size-full\"><img decoding=\"async\" width=\"1200\" height=\"800\" data-src=\"https:\/\/www.meydan.tv\/wp-content\/uploads\/untitled-design-4-24.jpg\" alt=\"\" class=\"wp-image-250216 lazyload\" src=\"data:image\/svg+xml;base64,PHN2ZyB3aWR0aD0iMSIgaGVpZ2h0PSIxIiB4bWxucz0iaHR0cDovL3d3dy53My5vcmcvMjAwMC9zdmciPjwvc3ZnPg==\" style=\"--smush-placeholder-width: 1200px; --smush-placeholder-aspect-ratio: 1200\/800;\" \/><figcaption>Barama. Foto: Meydan TV<\/figcaption><\/figure>\n\n\n\n<p>\u201cYoxsa bel\u0259 ham\u0131m\u0131z k\u0259ndl\u0259rd\u0259n yarpaqlar\u0131 pulla al\u0131r\u0131q. Ham\u0131n\u0131n \u00f6z t\u0259s\u0259rr\u00fcfat\u0131, \u0259kin-bi\u00e7ini var. A\u011fac \u00f6z\u00fcn\u0259 laz\u0131md\u0131r. M\u0259cbursan, xahi\u015f edib pulla alasan. 150-200 manat el\u0259 yarpa\u011fa verirs\u0259n. Qon\u015fu k\u0259ndd\u0259 \u00e7\u0259k\u0259l\u0259k olan ba\u011f var. M\u0259n o ba\u011f\u0131 icar\u0259y\u0259 g\u00f6t\u00fcrd\u00fcm. G\u0259l\u0259n il icar\u0259y\u0259 verm\u0259y\u0259 bil\u0259r. H\u0259r t\u0259s\u0259rr\u00fcfatda az \u00e7\u0259kil a\u011fac\u0131 olur. Sovet d\u00f6n\u0259mind\u0259n sonra \u00e7oxu q\u0131r\u0131l\u0131b. Onu pulla alsan bel\u0259, yen\u0259 qurda yeml\u0259m\u0259y\u0259 b\u0259s etmir. Torpaq olsa, ba\u011f sal\u0131nsa, m\u0259n ild\u0259 1-2 ton barama ver\u0259r\u0259m\u201d, &#8211; Vaqif H\u00fcmb\u0259tov deyir.<\/p>\n\n\n\n<p><strong>Ha\u015fiy\u0259:<\/strong><\/p>\n\n\n\n<p>Son ill\u0259r \u00f6lk\u0259d\u0259 qeyri-neft sektoru ad\u0131na dir\u00e7\u0259ldilm\u0259y\u0259 \u00e7al\u0131\u015f\u0131lan aqrar sah\u0259l\u0259rd\u0259n biri d\u0259 barama\u00e7\u0131l\u0131qd\u0131r. Barama\u00e7\u0131l\u0131\u011f\u0131n v\u0259 ip\u0259k\u00e7iliyin inki\u015faf\u0131na dair 2018\u20132025-ci ill\u0259r \u00fc\u00e7\u00fcn D\u00f6vl\u0259t Proqram\u0131n\u0131n icras\u0131 n\u0259tic\u0259sind\u0259 2025-ci il\u0259d\u0259k ya\u015f barama istehsal\u0131 h\u0259cminin 600 min tona \u00e7atd\u0131r\u0131lmas\u0131 n\u0259z\u0259rd\u0259 tutulur. Ancaq k\u00fcm\u00e7\u00fcl\u0259r deyir ki, barama istehsal\u0131n\u0131 a\u011f\u0131r z\u0259hm\u0259t v\u0259 \u00e7\u0259tinlikl\u0259r hesab\u0131na \u0259rs\u0259y\u0259 g\u0259tirirl\u0259r. Bu sah\u0259nin yet\u0259rli inki\u015faf\u0131na \u0259ng\u0259l olan probleml\u0259r var.<\/p>\n\n\n\n<p>\u00d6lk\u0259d\u0259 ya\u015f barama istehsal\u0131 il\u0259 m\u0259\u015f\u011ful olan 38 rayon aras\u0131nda Balak\u0259n rayonu barama t\u0259dar\u00fck\u00fcn\u0259 g\u00f6r\u0259 \u00f6nc\u00fcll\u0259rd\u0259ndir. Rayonun Talalar, H\u0259mz\u0259, Me\u015f\u0259\u015fampul, Qabaq\u00e7\u00f6l, Katex kimi iri k\u0259ndl\u0259rind\u0259 k\u00fcm\u00e7\u00fcl\u0259r\u0259 daha \u00e7ox rast g\u0259linir.<\/p>\n\n\n\n<p><strong>M\u0259n da\u011fa yarpaq q\u0131rma\u011fa ged\u0259nd\u0259 qurd ac qal\u0131rd\u0131<\/strong><\/p>\n\n\n\n<p>K\u00fcm\u00e7\u00fc Cavid \u0130smay\u0131lov da h\u0259m yem, h\u0259m d\u0259 yer \u00e7at\u0131\u015fmazl\u0131\u011f\u0131ndan \u0259ziyy\u0259t \u00e7\u0259kir. Ya\u011f\u0131\u015fl\u0131 ke\u00e7\u0259n hava \u015f\u0259raiti d\u0259 bu il m\u0259hsuldarl\u0131\u011fa m\u0259nfi t\u0259sir g\u00f6st\u0259rib. K\u00fcm\u00e7\u00fc deyir ki, qurd 4 yuxu yat\u0131r. Son 3-4-c\u00fc yuxularda onu yax\u015f\u0131 yeml\u0259m\u0259lis\u0259n ki, m\u0259hsuldarl\u0131q normal olsun. H\u0259m d\u0259 yeri rahat v\u0259 uy\u011fun temperaturda olmal\u0131d\u0131r. H\u0259\u015f\u0259ratlardan, qu\u015flardan qorumaq \u00fc\u00e7\u00fcn d\u0259 normal saxlanma yeri laz\u0131md\u0131r:<\/p>\n\n\n\n<p>\u201cS\u0259h\u0259r, ax\u015fam qurdu \u00e7ox qidaland\u0131rmal\u0131san. G\u00fcnd\u0259 normal 3 d\u0259f\u0259. 4-c\u00fc yuxuda h\u0259r g\u00fcn\u0259 50-60 ba\u011f yarpaq laz\u0131m olur. M\u0259n da\u011fa yarpaq q\u0131rma\u011fa ged\u0259nd\u0259 qurd ac qal\u0131rd\u0131. Ke\u00e7\u0259n il m\u0259hsuldarl\u0131q 260 kiloqram olmu\u015fdu, bu il is\u0259 240 kiloqram. Yarpaq i\u015fi \u00e7\u0259tindir, \u015f\u0259rait pisdir. Gedirik da\u011fdan kol-kos q\u0131r\u0131b, yarpaq tap\u0131b g\u0259tiririk. Yer vermirl\u0259r, \u00f6z\u00fcm\u00fcz\u00fcn d\u0259 yerimiz yoxdur ki, \u0259k\u0259k\u201d.<\/p>\n\n\n\n<figure class=\"wp-block-image size-full\"><img decoding=\"async\" width=\"1200\" height=\"800\" data-src=\"https:\/\/www.meydan.tv\/wp-content\/uploads\/untitled-design-5-19.jpg\" alt=\"\" class=\"wp-image-250219 lazyload\" src=\"data:image\/svg+xml;base64,PHN2ZyB3aWR0aD0iMSIgaGVpZ2h0PSIxIiB4bWxucz0iaHR0cDovL3d3dy53My5vcmcvMjAwMC9zdmciPjwvc3ZnPg==\" style=\"--smush-placeholder-width: 1200px; --smush-placeholder-aspect-ratio: 1200\/800;\" \/><\/figure>\n\n\n\n<p>\u201cZ\u00fclml\u00fc i\u015fdir, b\u00fct\u00fcn ail\u0259ni bu i\u015f\u0259 qatm\u0131\u015fam. U\u015fa\u011f\u0131m, h\u0259yat yolda\u015f\u0131m, ham\u0131s\u0131 da\u011fa gedir, yarpaq q\u0131r\u0131r. Onun qap\u0131s\u0131ndan bir \u00e7\u0259kil a\u011fac\u0131 tap, al, bunun qap\u0131s\u0131ndan birini tap al. 3-5 \u00e7\u0259kil a\u011fac\u0131 il\u0259 barama\u00e7\u0131l\u0131q olmur. Ya\u011f\u0131\u015fl\u0131 havada gedib da\u011fdan yarpa\u011f\u0131 g\u0259tirib, fenl\u0259 qurudub el\u0259 verirdik. 120 qram qurd verilmi\u015fdi m\u0259n\u0259. K\u0259nd m\u0259scidind\u0259n kiray\u0259 palatka g\u00f6t\u00fcr\u00fcb el\u0259 baxm\u0131\u015f\u0131q. Onu da k\u00fcl\u0259kli hava g\u00f6t\u00fcrd\u00fc apard\u0131, xeyli qurdum onda q\u0131r\u0131ld\u0131. Ona g\u00f6r\u0259 d\u0259 m\u0259hsuldarl\u0131q az oldu. Yax\u015f\u0131 barama sar\u0131ya bilm\u0259di\u201d, &#8211; Cavid \u0130smay\u0131lov deyir.<\/p>\n\n\n\n<p>Onun s\u00f6zl\u0259rin\u0259 g\u00f6r\u0259, sah\u0259l\u0259r m\u00fctl\u0259q olmal\u0131d\u0131r:<\/p>\n\n\n\n<p>\u201cOnda dig\u0259r sakinl\u0259ri d\u0259 c\u0259lb ed\u0259rik, 50-60 t\u0259s\u0259rr\u00fcfat m\u0259\u015f\u011ful olar. 300-500 qram g\u00f6t\u00fcr\u0259r\u0259m, \u00e7ox bec\u0259r\u0259r\u0259m. Bel\u0259 \u00e7ox qorxuram, art\u0131q g\u00f6t\u00fcr\u0259r\u0259m, yen\u0259 yem \u00e7\u0259tinliyi ya\u015fayaram v\u0259 qurdlar m\u0259hv olar. \u018fziyy\u0259t h\u0259d\u0259r ged\u0259r\u201d.<\/p>\n\n\n\n<p><strong>\u00d6d\u0259ni\u015fl\u0259r gecikdirilir<\/strong><\/p>\n\n\n\n<p>Art\u0131q \u00f6t\u0259n ild\u0259n k\u0259ndlil\u0259r yazl\u0131q barama\u00e7\u0131l\u0131q t\u0259s\u0259rr\u00fcfat\u0131 il\u0259 yana\u015f\u0131, pay\u0131zl\u0131q barama\u00e7\u0131l\u0131qla da m\u0259\u015f\u011ful olurlar. Ancaq yem, yer q\u0131tl\u0131\u011f\u0131 v\u0259 isti hava \u015f\u0259riati buna imkan vermir. Deyirl\u0259r ki, \u00fcst\u0259lik h\u0259r il gecikdiril\u0259n ya\u015f barama t\u0259dar\u00fck\u00fcn\u0259 g\u00f6r\u0259 \u00f6d\u0259ni\u015fl\u0259r barama\u00e7\u0131lar\u0131 \u00e7\u0131x\u0131lmaz durumda qoyur. \u0130yunun \u0259vv\u0259li m\u0259hsul t\u0259hvil verils\u0259 d\u0259, \u00f6d\u0259ni\u015fl\u0259r edilm\u0259yib. K\u00fcm\u00e7\u00fc Vaqif H\u00fcmb\u0259tov deyir ki, \u00e7\u0259kdiyi x\u0259rc alaca\u011f\u0131 v\u0259saitin yar\u0131s\u0131d\u0131r:<\/p>\n\n\n\n<p>\u201cYax\u015f\u0131 olar ki, al\u0131\u015f qiym\u0259tl\u0259ri qald\u0131r\u0131ls\u0131n v\u0259 \u00f6d\u0259m\u0259 zaman\u0131nda edilsin\u201d.<\/p>\n\n\n\n<p>\u201c1100 manat x\u0259rcim olub \u00fcmumi. Gec\u0259-g\u00fcnd\u00fcz odun sobas\u0131 yand\u0131rd\u0131m ki, t\u0259s\u0259rr\u00fcfat \u00fc\u00e7\u00fcn laz\u0131m olan 23-24 d\u0259r\u0259c\u0259 temperatur normas\u0131nda qals\u0131n. \u00d6d\u0259ni\u015fl\u0259 h\u0259m ma\u015f\u0131ndan, h\u0259m at arabas\u0131ndan istifad\u0259 edir\u0259m. Pulla yarpaq ald\u0131m, yer icar\u0259y\u0259 g\u00f6t\u00fcrd\u00fcm. Ancaq bu i\u015fd\u0259 nisy\u0259lik var. Y\u0259ni t\u0259hvil veril\u0259n zaman pulu almad\u0131q. \u00dcst\u00fcnd\u0259n iki h\u0259ft\u0259 ke\u00e7ir, ancaq pul \u00f6d\u0259nilm\u0259yib. Bizi d\u0259 ba\u015fa d\u00fc\u015fm\u0259k laz\u0131m ki, bu i\u015fi ail\u0259mizl\u0259 birlikd\u0259, h\u0259tta i\u015f\u00e7i tutaraq k\u00f6m\u0259kli edirik. Onun pulunu \u00f6d\u0259m\u0259k laz\u0131md\u0131r. Dig\u0259r bir \u00e7\u0259tinlik is\u0259 odur ki, \u00f6t\u0259n il baraman\u0131n kilosu 9 manat idi, bu il oldu 11 manat. 5 manat subsidiyad\u0131r, 6 manat\u0131 al\u0131c\u0131 verir. Yax\u015f\u0131 olard\u0131 ki, el\u0259 t\u0259hvil ver\u0259n kimi, ya da 2-3 g\u00fcnd\u0259n sonra tam \u015f\u0259kild\u0259 \u00f6d\u0259nilsin. \u00d6t\u0259n ilin avqustunda \u00f6lk\u0259d\u0259 ilk\u0259 imza at\u0131b pay\u0131zl\u0131q barama g\u00f6t\u00fcrd\u00fcm, ancaq bu il m\u0259n\u0259 \u00e7\u0259tin g\u0259lir\u201d, &#8211; k\u00fcm\u00e7\u00fc deyir.<\/p>\n\n\n\n<figure class=\"wp-block-image size-full\"><img decoding=\"async\" width=\"1200\" height=\"800\" data-src=\"https:\/\/www.meydan.tv\/wp-content\/uploads\/untitled-design-1-36.jpg\" alt=\"\" class=\"wp-image-250207 lazyload\" src=\"data:image\/svg+xml;base64,PHN2ZyB3aWR0aD0iMSIgaGVpZ2h0PSIxIiB4bWxucz0iaHR0cDovL3d3dy53My5vcmcvMjAwMC9zdmciPjwvc3ZnPg==\" style=\"--smush-placeholder-width: 1200px; --smush-placeholder-aspect-ratio: 1200\/800;\" \/><figcaption>Vaqif H\u00fcmb\u0259tov. Foto: Meydan TV<\/figcaption><\/figure>\n\n\n\n<p>Dig\u0259r k\u00fcm\u00e7\u00fc Akif Bayramovun da \u0259sas narahatl\u0131\u011f\u0131 gecik\u0259n v\u0259 a\u015fa\u011f\u0131 \u00f6d\u0259ni\u015f qiym\u0259tl\u0259ri il\u0259 ba\u011fl\u0131d\u0131r:<\/p>\n\n\n\n<p>\u201c7 n\u0259f\u0259r\u0259 160 qr qurd g\u00f6t\u00fcrm\u00fc\u015fd\u00fck. May\u0131n 3-\u00fc g\u00f6t\u00fcrd\u00fck v\u0259 iyunun 12-d\u0259 230 kq barama t\u0259hvil verdik. Onu da adamba\u015f\u0131na b\u00f6l\u0259nd\u0259 340 -350 manat pul d\u00fc\u015f\u00fcr. El\u0259 200 manata yarpaq ald\u0131q. \u00c7ox \u00e7\u0259tindir. Ke\u00e7\u0259n ill\u0259r 9 manatdan g\u00f6t\u00fcrd\u00fcl\u0259r. S\u00fcr\u00fcnd\u00fck. 5 manat bir verdil\u0259r, 2 manat bir, 2 manat da bir. Gecikdirm\u0259l\u0259r var. Bu il is\u0259 almam\u0131\u015f\u0131q h\u0259l\u0259. Yen\u0259 d\u0259 hiss\u0259-hiss\u0259 vuracaqlar pulu. Deyirl\u0259r ki, pul iyulun 10-dan sonra veril\u0259c\u0259k. Yazl\u0131q a\u011faclar\u0131n budaqlar\u0131 k\u0259silib dey\u0259 yarpaqlar\u0131 pay\u0131za q\u0259d\u0259r yeti\u015fdirm\u0259k olmur. Ona g\u00f6r\u0259 d\u0259 pay\u0131zl\u0131q qurdu da bec\u0259rm\u0259k m\u00fcmk\u00fcns\u00fczd\u00fcr. Ona he\u00e7 yarpaq tap\u0131lm\u0131r. Qurdun istiy\u0259 d\u0259 d\u00f6z\u00fcm\u00fc yoxdur dey\u0259 tez q\u0131r\u0131l\u0131r. Ona \u00e7\u0259kdiyin x\u0259rc\u0259 baxanda \u00f6d\u0259nil\u0259c\u0259k m\u0259bl\u0259\u011f he\u00e7 s\u0259rf etmir\u201d.<\/p>\n\n\n\n<p>K\u00fcm\u00e7\u00fc t\u0259klif edir ki, ba\u011flar\u0131 b\u0259l\u0259diyy\u0259 sals\u0131n:<\/p>\n\n\n\n<p>\u201cTutal\u0131m m\u0259n\u0259 100 qram qurd versin v\u0259 100 a\u011fac\u0131 da g\u00f6st\u0259rib desin ki, get o a\u011faclar\u0131 k\u0259s qulluq et. 17 sot yarars\u0131z pay torpa\u011f\u0131nda ba\u011f salmaq olmur, onda da ya f\u0131nd\u0131q var, ya da \u015f\u0259k\u0259r \u00e7u\u011funduru. Bu il pul verils\u0259, g\u0259l\u0259n il ancaq 2 n\u0259f\u0259r\u0259 qurd g\u00f6t\u00fcr\u0259 bil\u0259r\u0259m\u201d.<\/p>\n\n\n\n<p>Cavid \u0130smay\u0131lov is\u0259 d\u00fc\u015f\u00fcn\u00fcr ki, qiym\u0259tl\u0259r iki d\u0259f\u0259 art\u0131r\u0131lsa, k\u00fcm\u00e7\u00fcl\u0259rin \u0259ziyy\u0259ti v\u0259 qoydu\u011fu x\u0259rc n\u0259z\u0259r\u0259 al\u0131nm\u0131\u015f olar. \u018fks halda s\u0259rf etmir:<\/p>\n\n\n\n<p>\u201cH\u0259l\u0259 i\u015f\u00e7il\u0259rin pulu qal\u0131b, \u00f6d\u0259m\u0259mi\u015f\u0259m. 3 \u0259lav\u0259 i\u015f\u00e7i g\u00f6t\u00fcrm\u00fc\u015fd\u00fcm. Da\u011fdan \u0259lav\u0259, bir v\u0259t\u0259nda\u015f\u0131n ba\u011f\u0131nda \u00e7\u0259kil a\u011faclar\u0131 vard\u0131, o da 150 manatdan a\u015fa\u011f\u0131 vermirdi. Baraman\u0131n kiloqram\u0131 20-25 manat olsa, adam\u0131 qane ed\u0259r. \u00c7\u00fcnki tutdu\u011fun i\u015f\u00e7i g\u00fcn\u0259 15 manata ist\u0259yir. G\u0259r\u0259k i\u015f\u00e7inin d\u0259 pulunu g\u00fcnd\u0259lik ver\u0259s\u0259n ki, n\u00f6vb\u0259ti g\u00fcn i\u015fl\u0259sin. Bunu da 40 g\u00fcn\u0259 hesabla. Ail\u0259 il\u0259 birlikd\u0259 n\u0259 qazan\u0131l\u0131r? \u00c7\u0259kdiyin \u0259ziyy\u0259t \u00f6z\u00fcn\u0259 qal\u0131r. \u00d6z\u00fcm\u00fcn ba\u011f\u0131m var, yeni 200 a\u011fac \u0259kmi\u015f\u0259m. O da ne\u00e7\u0259 il\u0259 yeti\u015f\u0259c\u0259k. Yem v\u0259 yer m\u0259s\u0259l\u0259sin\u0259 g\u00f6r\u0259 pay\u0131zl\u0131q g\u00f6t\u00fcr\u0259 bilmir\u0259m\u201d.<\/p>\n\n\n\n<p><strong>\u201c\u018fhali \u00e7ox, torpaq azd\u0131r\u201d<\/strong><\/p>\n\n\n\n<p>Balak\u0259n rayon Talalar K\u0259nd B\u0259l\u0259diyy\u0259sinin s\u0259dri Nurlan \u018fhm\u0259dov Meydan TV-y\u0259 deyib ki, bu il k\u0259nd \u00fczr\u0259 15 k\u00fcm\u00e7\u00fcd\u0259n 1800 kq ya\u015f barama t\u0259dar\u00fck olub. Onun s\u00f6zl\u0259rin\u0259 g\u00f6r\u0259, son \u00fc\u00e7 ild\u0259 k\u0259ndd\u0259 1 hektar \u00e7\u0259k\u0259l\u0259k ba\u011f\u0131 sal\u0131n\u0131b. Ba\u011f sal\u0131nmas\u0131 \u00fc\u00e7\u00fcn k\u00fcm\u00e7\u00fcl\u0259r\u0259 torpaq sah\u0259sinin verilm\u0259sin\u0259 g\u0259ldikd\u0259 is\u0259 b\u0259l\u0259diyy\u0259 s\u0259dri deyib ki, ehtiyatda torpaq sah\u0259si yoxdur:<\/p>\n\n\n\n<figure class=\"wp-block-image size-full\"><img decoding=\"async\" width=\"1200\" height=\"800\" data-src=\"https:\/\/www.meydan.tv\/wp-content\/uploads\/untitled-design-3-27.jpg\" alt=\"\" class=\"wp-image-250213 lazyload\" src=\"data:image\/svg+xml;base64,PHN2ZyB3aWR0aD0iMSIgaGVpZ2h0PSIxIiB4bWxucz0iaHR0cDovL3d3dy53My5vcmcvMjAwMC9zdmciPjwvc3ZnPg==\" style=\"--smush-placeholder-width: 1200px; --smush-placeholder-aspect-ratio: 1200\/800;\" \/><figcaption>Vaqif H\u00fcmb\u0259tov. Foto: Meydan TV<\/figcaption><\/figure>\n\n\n\n<p>\u201cZaman\u0131nda torpaq sah\u0259l\u0259ri ail\u0259 t\u0259s\u0259rr\u00fcfatlar\u0131 \u00fczr\u0259 b\u00f6l\u00fcn\u00fcb. Bizim rayonda \u0259hali \u00e7ox, torpaq azd\u0131r. M\u0259s\u0259l\u0259n, \u015e\u0259kid\u0259 adamba\u015f\u0131na 50 sot sah\u0259 d\u00fc\u015f\u00fcrs\u0259, bizd\u0259 17-18 sot d\u00fc\u015f\u00fcr. K\u0259ndd\u0259 1600 ail\u0259 var, adamba\u015f\u0131na b\u00fct\u00fcn torpaqlar b\u00f6l\u00fcn\u00fcb. Torpaq olmad\u0131\u011f\u0131na g\u00f6r\u0259 h\u0259m k\u0259ndd\u0259 t\u0259s\u0259rr\u00fcfatlarda olan, h\u0259m d\u0259 me\u015f\u0259 \u0259razisind\u0259ki \u00e7\u0259kil a\u011faclar\u0131 barama\u00e7\u0131lar aras\u0131nda b\u00f6l\u00fcn\u00fcb ki, yarpaqlar\u0131 q\u0131r\u0131b apars\u0131nlar. H\u0259m d\u0259 \u00f6zl\u0259rinin pay torpaqlar\u0131n\u0131n, h\u0259y\u0259tyan\u0131 sah\u0259l\u0259rin k\u0259narlar\u0131nda \u00e7\u0259kil a\u011fac\u0131 \u0259km\u0259k m\u00fcmk\u00fcnd\u00fcr. Ehtiyat fondunda torpaq olmad\u0131\u011f\u0131ndan m\u00fcraci\u0259t olanda k\u00f6m\u0259k ed\u0259 bilmirik. Yer m\u0259s\u0259l\u0259sin\u0259 g\u0259ldikd\u0259 is\u0259 \u00f6z evl\u0259rind\u0259, t\u0259s\u0259rr\u00fcfatlar\u0131nda, k\u00f6hn\u0259 tikilil\u0259rd\u0259 saxlay\u0131rlar, ba\u015fqa yer yoxdur\u201d.<\/p>\n\n\n\n<p><strong>\u00d6d\u0259ni\u015f bir aya q\u0259d\u0259r \u00e7\u0259k\u0259c\u0259k<\/strong><\/p>\n\n\n\n<p>K\u00fcm\u00e7\u00fcl\u0259rin \u00f6d\u0259ni\u015finin gecikm\u0259sin\u0259 g\u0259linc\u0259, Balak\u0259n Rayon K\u0259nd T\u0259s\u0259rr\u00fcfat\u0131 \u0130dar\u0259sinin \u0259m\u0259kda\u015f\u0131 \u015eahin R\u0259himli deyib ki, \u00f6d\u0259ni\u015fl\u0259r bir aya q\u0259d\u0259r \u00e7\u0259k\u0259c\u0259k. S\u0259b\u0259b olaraq rayon \u00fczr\u0259 indiy\u0259 q\u0259d\u0259r 270 k\u00fcm\u00e7\u00fcd\u0259n 31 min tondan yuxar\u0131 ya\u015f barama t\u0259dar\u00fck edildiyini v\u0259 prosesin g\u0259l\u0259n h\u0259ft\u0259nin sonuna q\u0259d\u0259r davam ed\u0259c\u0259yini g\u00f6st\u0259rib:<\/p>\n\n\n\n<p>\u201c\u018fvv\u0259ll\u0259r el\u0259 \u0259l\u00fcst\u00fc \u00e7\u0259kib \u00f6d\u0259yirdil\u0259r. Onda k\u00fcm\u00e7\u00fc d\u0259, barama da az idi. Bu\u015e dey\u0259s\u0259n s\u0259rf etm\u0259di. Ancaq sonrak\u0131 ill\u0259rd\u0259 bel\u0259 al\u0131nmad\u0131. H\u0259tta qeyd etdil\u0259r ki, h\u0259m d\u00f6vl\u0259t, h\u0259m al\u0131c\u0131 ikisi birlikd\u0259 versin, ayr\u0131ca yox. O da al\u0131nmad\u0131. S\u0259b\u0259bi d\u0259 odur ki, \u00f6lk\u0259d\u0259 i\u015fin \u00fcmumi yekunla\u015fmas\u0131n\u0131 g\u00f6zl\u0259yirl\u0259r. Y\u0259ni b\u00fct\u00fcn rayonlar \u00fczr\u0259 ya\u015f barama tam t\u0259hvil al\u0131ns\u0131n, qeydiyyat r\u0259smil\u0259\u015fsin, d\u0259qiql\u0259\u015fm\u0259l\u0259r apar\u0131ls\u0131n, sonra \u00f6d\u0259m\u0259 olsun. \u00c7\u00fcnki b\u0259z\u0259n \u00e7\u0259kid\u0259 narazl\u0131qlar yaran\u0131r. Onu da ara\u015fd\u0131r\u0131rlar. Bir ay gecikm\u0259 olsa da, ham\u0131n\u0131n pulu \u00f6d\u0259nilir. Qiym\u0259ti Nazirl\u0259r Kabineti qald\u0131r\u0131r. Bu il 3 manat qald\u0131r\u0131ld\u0131. N\u00f6vb\u0259ti ill\u0259rd\u0259 b\u0259lk\u0259 inflyasiyaya g\u00f6r\u0259 qald\u0131r\u0131lacaq, indid\u0259n bilinmir\u201d.<\/p>\n\n\n\n<p>M\u00fct\u0259x\u0259ssis h\u0259m d\u0259 pay\u0131zl\u0131\u011f\u0131n yazl\u0131q barama q\u0259d\u0259r s\u0259m\u0259r\u0259 verm\u0259diyini deyib. K\u00fcm\u00e7\u00fcl\u0259rin icar\u0259y\u0259 torpaq g\u00f6t\u00fcrm\u0259k ist\u0259yini is\u0259 indiki d\u00f6vrd\u0259 m\u00fcmk\u00fcns\u00fcz hesab edib:<\/p>\n\n\n\n<p>\u201c\u0130car\u0259d\u0259 olan \u00e7oxillik, 100 illik torpaqlar var ki, onu nec\u0259 al\u0131b verm\u0259k olar onlara? B\u0259l\u0259diyy\u0259l\u0259rin d\u0259 torpaqlar\u0131 zaman\u0131nda b\u00f6l\u00fcn\u00fcb. \u015e\u0259xs\u0259n m\u0259n\u0259 torpaq \u00fc\u00e7\u00fcn m\u00fcraci\u0259t ed\u0259n olmay\u0131b, ed\u0259n olsa da, ham\u0131n\u0131n torpa\u011f\u0131 var, \u00f6z torpa\u011f\u0131nda \u0259ksin. H\u0259tta bir m\u00fcdd\u0259t qeyd edildi, d\u00f6vl\u0259t \u00e7\u0259kil a\u011faclar\u0131 \u00fc\u00e7\u00fcn subsidiya ay\u0131racaq ki, k\u00fcm\u00e7\u00fc onu \u00f6z torpa\u011f\u0131nda \u0259ksin, bec\u0259rsin. Bu q\u0259rar da h\u0259l\u0259 q\u00fcvv\u0259y\u0259 minm\u0259yib. Kim n\u0259 q\u0259d\u0259r x\u0259rc \u00e7\u0259kirs\u0259, sonda alaca\u011f\u0131 pulu il\u0259 \u00f6d\u0259m\u0259lidir\u201d.<\/p>\n","protected":false},"excerpt":{"rendered":"<p>K\u00fcm\u00e7\u00fcl\u0259r probleml\u0259rinin \u00e7ox oldu\u011funu deyir \u201cRayon \u00fczr\u0259 \u0259n tan\u0131nm\u0131\u015f k\u00fcm\u00e7\u00fcy\u0259m. &#8230; <\/p>\n<p class=\"read-more-container\"><a title=\"\u201c3-5 \u00e7\u0259kil a\u011fac\u0131 il\u0259 barama\u00e7\u0131l\u0131q olmur\u201d\" class=\"read-more button\" href=\"https:\/\/www.meydan.tv\/az\/article\/3-5-cekil-agaci-ile-baramaciliq-olmur\/#more-250222\" aria-label=\"Read more about \u201c3-5 \u00e7\u0259kil a\u011fac\u0131 il\u0259 barama\u00e7\u0131l\u0131q olmur\u201d\">Davam\u0131<\/a><\/p>\n","protected":false},"author":8,"featured_media":250210,"comment_status":"closed","ping_status":"closed","sticky":false,"template":"","format":"standard","meta":{"_acf_changed":false,"_sitemap_exclude":false,"_sitemap_priority":"","_sitemap_frequency":"","footnotes":""},"categories":[60,79,56],"tags":[],"class_list":["post-250222","post","type-post","status-publish","format-standard","has-post-thumbnail","hentry","category-bolge","category-featured","category-xeberler","infinite-scroll-item","generate-columns","tablet-grid-50","mobile-grid-100","grid-parent","grid-33","no-featured-image-padding"],"acf":[],"yoast_head":"<!-- This site is optimized with the Yoast SEO plugin v27.5 - https:\/\/yoast.com\/product\/yoast-seo-wordpress\/ -->\n<title>\u201c3-5 \u00e7\u0259kil a\u011fac\u0131 il\u0259 barama\u00e7\u0131l\u0131q olmur\u201d - MEYDAN.TV<\/title>\n<meta name=\"robots\" content=\"index, follow, max-snippet:-1, max-image-preview:large, max-video-preview:-1\" \/>\n<link rel=\"canonical\" href=\"https:\/\/www.meydan.tv\/az\/article\/3-5-cekil-agaci-ile-baramaciliq-olmur\/\" \/>\n<meta property=\"og:locale\" content=\"az_AZ\" \/>\n<meta property=\"og:type\" content=\"article\" \/>\n<meta property=\"og:title\" content=\"\u201c3-5 \u00e7\u0259kil a\u011fac\u0131 il\u0259 barama\u00e7\u0131l\u0131q olmur\u201d - MEYDAN.TV\" \/>\n<meta property=\"og:description\" content=\"K\u00fcm\u00e7\u00fcl\u0259r probleml\u0259rinin \u00e7ox oldu\u011funu deyir \u201cRayon \u00fczr\u0259 \u0259n tan\u0131nm\u0131\u015f k\u00fcm\u00e7\u00fcy\u0259m. ... Davam\u0131\" \/>\n<meta property=\"og:url\" content=\"https:\/\/www.meydan.tv\/az\/article\/3-5-cekil-agaci-ile-baramaciliq-olmur\/\" \/>\n<meta property=\"og:site_name\" content=\"MEYDAN.TV\" \/>\n<meta property=\"article:published_time\" content=\"2022-07-06T09:26:21+00:00\" \/>\n<meta property=\"article:modified_time\" content=\"2022-07-06T10:02:32+00:00\" \/>\n<meta property=\"og:image\" content=\"https:\/\/www.meydan.tv\/wp-content\/uploads\/untitled-design-2-36-e1657099493700.jpg\" \/>\n\t<meta property=\"og:image:width\" content=\"1200\" \/>\n\t<meta property=\"og:image:height\" content=\"711\" \/>\n\t<meta property=\"og:image:type\" content=\"image\/jpeg\" \/>\n<meta name=\"author\" content=\"elli\" \/>\n<meta name=\"twitter:card\" content=\"summary_large_image\" \/>\n<meta name=\"twitter:creator\" content=\"@elli\" \/>\n<script type=\"application\/ld+json\" class=\"yoast-schema-graph\">{\"@context\":\"https:\\\/\\\/schema.org\",\"@graph\":[{\"@type\":\"Article\",\"@id\":\"https:\\\/\\\/www.meydan.tv\\\/az\\\/article\\\/3-5-cekil-agaci-ile-baramaciliq-olmur\\\/#article\",\"isPartOf\":{\"@id\":\"https:\\\/\\\/www.meydan.tv\\\/az\\\/article\\\/3-5-cekil-agaci-ile-baramaciliq-olmur\\\/\"},\"author\":{\"name\":\"elli\",\"@id\":\"https:\\\/\\\/www.meydan.tv\\\/az\\\/#\\\/schema\\\/person\\\/9cdbecf90d17180ce1dfbd95b08dcf47\"},\"headline\":\"\u201c3-5 \u00e7\u0259kil a\u011fac\u0131 il\u0259 barama\u00e7\u0131l\u0131q olmur\u201d\",\"datePublished\":\"2022-07-06T09:26:21+00:00\",\"dateModified\":\"2022-07-06T10:02:32+00:00\",\"mainEntityOfPage\":{\"@id\":\"https:\\\/\\\/www.meydan.tv\\\/az\\\/article\\\/3-5-cekil-agaci-ile-baramaciliq-olmur\\\/\"},\"wordCount\":2553,\"publisher\":{\"@id\":\"https:\\\/\\\/www.meydan.tv\\\/az\\\/#organization\"},\"image\":{\"@id\":\"https:\\\/\\\/www.meydan.tv\\\/az\\\/article\\\/3-5-cekil-agaci-ile-baramaciliq-olmur\\\/#primaryimage\"},\"thumbnailUrl\":\"https:\\\/\\\/www.meydan.tv\\\/wp-content\\\/uploads\\\/untitled-design-2-36-e1657099493700.jpg\",\"articleSection\":[\"B\u00f6lg\u0259\",\"T\u00f6vsiy\u0259\",\"X\u0259b\u0259rl\u0259r\"],\"inLanguage\":\"az\"},{\"@type\":\"WebPage\",\"@id\":\"https:\\\/\\\/www.meydan.tv\\\/az\\\/article\\\/3-5-cekil-agaci-ile-baramaciliq-olmur\\\/\",\"url\":\"https:\\\/\\\/www.meydan.tv\\\/az\\\/article\\\/3-5-cekil-agaci-ile-baramaciliq-olmur\\\/\",\"name\":\"\u201c3-5 \u00e7\u0259kil a\u011fac\u0131 il\u0259 barama\u00e7\u0131l\u0131q olmur\u201d - MEYDAN.TV\",\"isPartOf\":{\"@id\":\"https:\\\/\\\/www.meydan.tv\\\/az\\\/#website\"},\"primaryImageOfPage\":{\"@id\":\"https:\\\/\\\/www.meydan.tv\\\/az\\\/article\\\/3-5-cekil-agaci-ile-baramaciliq-olmur\\\/#primaryimage\"},\"image\":{\"@id\":\"https:\\\/\\\/www.meydan.tv\\\/az\\\/article\\\/3-5-cekil-agaci-ile-baramaciliq-olmur\\\/#primaryimage\"},\"thumbnailUrl\":\"https:\\\/\\\/www.meydan.tv\\\/wp-content\\\/uploads\\\/untitled-design-2-36-e1657099493700.jpg\",\"datePublished\":\"2022-07-06T09:26:21+00:00\",\"dateModified\":\"2022-07-06T10:02:32+00:00\",\"breadcrumb\":{\"@id\":\"https:\\\/\\\/www.meydan.tv\\\/az\\\/article\\\/3-5-cekil-agaci-ile-baramaciliq-olmur\\\/#breadcrumb\"},\"inLanguage\":\"az\",\"potentialAction\":[{\"@type\":\"ReadAction\",\"target\":[\"https:\\\/\\\/www.meydan.tv\\\/az\\\/article\\\/3-5-cekil-agaci-ile-baramaciliq-olmur\\\/\"]}]},{\"@type\":\"ImageObject\",\"inLanguage\":\"az\",\"@id\":\"https:\\\/\\\/www.meydan.tv\\\/az\\\/article\\\/3-5-cekil-agaci-ile-baramaciliq-olmur\\\/#primaryimage\",\"url\":\"https:\\\/\\\/www.meydan.tv\\\/wp-content\\\/uploads\\\/untitled-design-2-36-e1657099493700.jpg\",\"contentUrl\":\"https:\\\/\\\/www.meydan.tv\\\/wp-content\\\/uploads\\\/untitled-design-2-36-e1657099493700.jpg\",\"width\":1200,\"height\":711,\"caption\":\"Vaqif H\u00fcmb\u0259tov. Foto: Meydan TV\"},{\"@type\":\"BreadcrumbList\",\"@id\":\"https:\\\/\\\/www.meydan.tv\\\/az\\\/article\\\/3-5-cekil-agaci-ile-baramaciliq-olmur\\\/#breadcrumb\",\"itemListElement\":[{\"@type\":\"ListItem\",\"position\":1,\"name\":\"Ana s\u0259hif\u0259\",\"item\":\"https:\\\/\\\/www.meydan.tv\\\/az\\\/\"},{\"@type\":\"ListItem\",\"position\":2,\"name\":\"B\u00f6lg\u0259\",\"item\":\"https:\\\/\\\/www.meydan.tv\\\/az\\\/section\\\/bolge\\\/\"},{\"@type\":\"ListItem\",\"position\":3,\"name\":\"\u201c3-5 \u00e7\u0259kil a\u011fac\u0131 il\u0259 barama\u00e7\u0131l\u0131q olmur\u201d\"}]},{\"@type\":\"WebSite\",\"@id\":\"https:\\\/\\\/www.meydan.tv\\\/az\\\/#website\",\"url\":\"https:\\\/\\\/www.meydan.tv\\\/az\\\/\",\"name\":\"MEYDAN.TV\",\"description\":\"Meydan TV Az\u0259rbaycan\u0131n media m\u0259kan\u0131ndak\u0131 alternativ s\u0259sidir\",\"publisher\":{\"@id\":\"https:\\\/\\\/www.meydan.tv\\\/az\\\/#organization\"},\"potentialAction\":[{\"@type\":\"SearchAction\",\"target\":{\"@type\":\"EntryPoint\",\"urlTemplate\":\"https:\\\/\\\/www.meydan.tv\\\/az\\\/?s={search_term_string}\"},\"query-input\":{\"@type\":\"PropertyValueSpecification\",\"valueRequired\":true,\"valueName\":\"search_term_string\"}}],\"inLanguage\":\"az\"},{\"@type\":\"Organization\",\"@id\":\"https:\\\/\\\/www.meydan.tv\\\/az\\\/#organization\",\"name\":\"Meydan TV\",\"url\":\"https:\\\/\\\/www.meydan.tv\\\/az\\\/\",\"logo\":{\"@type\":\"ImageObject\",\"inLanguage\":\"az\",\"@id\":\"https:\\\/\\\/www.meydan.tv\\\/az\\\/#\\\/schema\\\/logo\\\/image\\\/\",\"url\":\"https:\\\/\\\/www.meydan.tv\\\/wp-content\\\/uploads\\\/2021\\\/07\\\/meydan-logo.svg\",\"contentUrl\":\"https:\\\/\\\/www.meydan.tv\\\/wp-content\\\/uploads\\\/2021\\\/07\\\/meydan-logo.svg\",\"width\":195,\"height\":46,\"caption\":\"Meydan TV\"},\"image\":{\"@id\":\"https:\\\/\\\/www.meydan.tv\\\/az\\\/#\\\/schema\\\/logo\\\/image\\\/\"}},{\"@type\":\"Person\",\"@id\":\"https:\\\/\\\/www.meydan.tv\\\/az\\\/#\\\/schema\\\/person\\\/9cdbecf90d17180ce1dfbd95b08dcf47\",\"name\":\"elli\",\"sameAs\":[\"https:\\\/\\\/x.com\\\/elli\"]}]}<\/script>\n<!-- \/ Yoast SEO plugin. -->","yoast_head_json":{"title":"\u201c3-5 \u00e7\u0259kil a\u011fac\u0131 il\u0259 barama\u00e7\u0131l\u0131q olmur\u201d - MEYDAN.TV","robots":{"index":"index","follow":"follow","max-snippet":"max-snippet:-1","max-image-preview":"max-image-preview:large","max-video-preview":"max-video-preview:-1"},"canonical":"https:\/\/www.meydan.tv\/az\/article\/3-5-cekil-agaci-ile-baramaciliq-olmur\/","og_locale":"az_AZ","og_type":"article","og_title":"\u201c3-5 \u00e7\u0259kil a\u011fac\u0131 il\u0259 barama\u00e7\u0131l\u0131q olmur\u201d - MEYDAN.TV","og_description":"K\u00fcm\u00e7\u00fcl\u0259r probleml\u0259rinin \u00e7ox oldu\u011funu deyir \u201cRayon \u00fczr\u0259 \u0259n tan\u0131nm\u0131\u015f k\u00fcm\u00e7\u00fcy\u0259m. ... Davam\u0131","og_url":"https:\/\/www.meydan.tv\/az\/article\/3-5-cekil-agaci-ile-baramaciliq-olmur\/","og_site_name":"MEYDAN.TV","article_published_time":"2022-07-06T09:26:21+00:00","article_modified_time":"2022-07-06T10:02:32+00:00","og_image":[{"width":1200,"height":711,"url":"https:\/\/www.meydan.tv\/wp-content\/uploads\/untitled-design-2-36-e1657099493700.jpg","type":"image\/jpeg"}],"author":"elli","twitter_card":"summary_large_image","twitter_creator":"@elli","schema":{"@context":"https:\/\/schema.org","@graph":[{"@type":"Article","@id":"https:\/\/www.meydan.tv\/az\/article\/3-5-cekil-agaci-ile-baramaciliq-olmur\/#article","isPartOf":{"@id":"https:\/\/www.meydan.tv\/az\/article\/3-5-cekil-agaci-ile-baramaciliq-olmur\/"},"author":{"name":"elli","@id":"https:\/\/www.meydan.tv\/az\/#\/schema\/person\/9cdbecf90d17180ce1dfbd95b08dcf47"},"headline":"\u201c3-5 \u00e7\u0259kil a\u011fac\u0131 il\u0259 barama\u00e7\u0131l\u0131q olmur\u201d","datePublished":"2022-07-06T09:26:21+00:00","dateModified":"2022-07-06T10:02:32+00:00","mainEntityOfPage":{"@id":"https:\/\/www.meydan.tv\/az\/article\/3-5-cekil-agaci-ile-baramaciliq-olmur\/"},"wordCount":2553,"publisher":{"@id":"https:\/\/www.meydan.tv\/az\/#organization"},"image":{"@id":"https:\/\/www.meydan.tv\/az\/article\/3-5-cekil-agaci-ile-baramaciliq-olmur\/#primaryimage"},"thumbnailUrl":"https:\/\/www.meydan.tv\/wp-content\/uploads\/untitled-design-2-36-e1657099493700.jpg","articleSection":["B\u00f6lg\u0259","T\u00f6vsiy\u0259","X\u0259b\u0259rl\u0259r"],"inLanguage":"az"},{"@type":"WebPage","@id":"https:\/\/www.meydan.tv\/az\/article\/3-5-cekil-agaci-ile-baramaciliq-olmur\/","url":"https:\/\/www.meydan.tv\/az\/article\/3-5-cekil-agaci-ile-baramaciliq-olmur\/","name":"\u201c3-5 \u00e7\u0259kil a\u011fac\u0131 il\u0259 barama\u00e7\u0131l\u0131q olmur\u201d - MEYDAN.TV","isPartOf":{"@id":"https:\/\/www.meydan.tv\/az\/#website"},"primaryImageOfPage":{"@id":"https:\/\/www.meydan.tv\/az\/article\/3-5-cekil-agaci-ile-baramaciliq-olmur\/#primaryimage"},"image":{"@id":"https:\/\/www.meydan.tv\/az\/article\/3-5-cekil-agaci-ile-baramaciliq-olmur\/#primaryimage"},"thumbnailUrl":"https:\/\/www.meydan.tv\/wp-content\/uploads\/untitled-design-2-36-e1657099493700.jpg","datePublished":"2022-07-06T09:26:21+00:00","dateModified":"2022-07-06T10:02:32+00:00","breadcrumb":{"@id":"https:\/\/www.meydan.tv\/az\/article\/3-5-cekil-agaci-ile-baramaciliq-olmur\/#breadcrumb"},"inLanguage":"az","potentialAction":[{"@type":"ReadAction","target":["https:\/\/www.meydan.tv\/az\/article\/3-5-cekil-agaci-ile-baramaciliq-olmur\/"]}]},{"@type":"ImageObject","inLanguage":"az","@id":"https:\/\/www.meydan.tv\/az\/article\/3-5-cekil-agaci-ile-baramaciliq-olmur\/#primaryimage","url":"https:\/\/www.meydan.tv\/wp-content\/uploads\/untitled-design-2-36-e1657099493700.jpg","contentUrl":"https:\/\/www.meydan.tv\/wp-content\/uploads\/untitled-design-2-36-e1657099493700.jpg","width":1200,"height":711,"caption":"Vaqif H\u00fcmb\u0259tov. Foto: Meydan TV"},{"@type":"BreadcrumbList","@id":"https:\/\/www.meydan.tv\/az\/article\/3-5-cekil-agaci-ile-baramaciliq-olmur\/#breadcrumb","itemListElement":[{"@type":"ListItem","position":1,"name":"Ana s\u0259hif\u0259","item":"https:\/\/www.meydan.tv\/az\/"},{"@type":"ListItem","position":2,"name":"B\u00f6lg\u0259","item":"https:\/\/www.meydan.tv\/az\/section\/bolge\/"},{"@type":"ListItem","position":3,"name":"\u201c3-5 \u00e7\u0259kil a\u011fac\u0131 il\u0259 barama\u00e7\u0131l\u0131q olmur\u201d"}]},{"@type":"WebSite","@id":"https:\/\/www.meydan.tv\/az\/#website","url":"https:\/\/www.meydan.tv\/az\/","name":"MEYDAN.TV","description":"Meydan TV Az\u0259rbaycan\u0131n media m\u0259kan\u0131ndak\u0131 alternativ s\u0259sidir","publisher":{"@id":"https:\/\/www.meydan.tv\/az\/#organization"},"potentialAction":[{"@type":"SearchAction","target":{"@type":"EntryPoint","urlTemplate":"https:\/\/www.meydan.tv\/az\/?s={search_term_string}"},"query-input":{"@type":"PropertyValueSpecification","valueRequired":true,"valueName":"search_term_string"}}],"inLanguage":"az"},{"@type":"Organization","@id":"https:\/\/www.meydan.tv\/az\/#organization","name":"Meydan TV","url":"https:\/\/www.meydan.tv\/az\/","logo":{"@type":"ImageObject","inLanguage":"az","@id":"https:\/\/www.meydan.tv\/az\/#\/schema\/logo\/image\/","url":"https:\/\/www.meydan.tv\/wp-content\/uploads\/2021\/07\/meydan-logo.svg","contentUrl":"https:\/\/www.meydan.tv\/wp-content\/uploads\/2021\/07\/meydan-logo.svg","width":195,"height":46,"caption":"Meydan TV"},"image":{"@id":"https:\/\/www.meydan.tv\/az\/#\/schema\/logo\/image\/"}},{"@type":"Person","@id":"https:\/\/www.meydan.tv\/az\/#\/schema\/person\/9cdbecf90d17180ce1dfbd95b08dcf47","name":"elli","sameAs":["https:\/\/x.com\/elli"]}]}},"_links":{"self":[{"href":"https:\/\/www.meydan.tv\/az\/wp-json\/wp\/v2\/posts\/250222","targetHints":{"allow":["GET"]}}],"collection":[{"href":"https:\/\/www.meydan.tv\/az\/wp-json\/wp\/v2\/posts"}],"about":[{"href":"https:\/\/www.meydan.tv\/az\/wp-json\/wp\/v2\/types\/post"}],"author":[{"embeddable":true,"href":"https:\/\/www.meydan.tv\/az\/wp-json\/wp\/v2\/users\/8"}],"replies":[{"embeddable":true,"href":"https:\/\/www.meydan.tv\/az\/wp-json\/wp\/v2\/comments?post=250222"}],"version-history":[{"count":4,"href":"https:\/\/www.meydan.tv\/az\/wp-json\/wp\/v2\/posts\/250222\/revisions"}],"predecessor-version":[{"id":250235,"href":"https:\/\/www.meydan.tv\/az\/wp-json\/wp\/v2\/posts\/250222\/revisions\/250235"}],"wp:featuredmedia":[{"embeddable":true,"href":"https:\/\/www.meydan.tv\/az\/wp-json\/wp\/v2\/media\/250210"}],"wp:attachment":[{"href":"https:\/\/www.meydan.tv\/az\/wp-json\/wp\/v2\/media?parent=250222"}],"wp:term":[{"taxonomy":"category","embeddable":true,"href":"https:\/\/www.meydan.tv\/az\/wp-json\/wp\/v2\/categories?post=250222"},{"taxonomy":"post_tag","embeddable":true,"href":"https:\/\/www.meydan.tv\/az\/wp-json\/wp\/v2\/tags?post=250222"}],"curies":[{"name":"wp","href":"https:\/\/api.w.org\/{rel}","templated":true}]}}