{"id":250168,"date":"2022-07-05T16:09:55","date_gmt":"2022-07-05T12:09:55","guid":{"rendered":"https:\/\/www.meydan.tv\/?p=250168"},"modified":"2022-07-05T16:45:31","modified_gmt":"2022-07-05T12:45:31","slug":"necati-sasmaz-sarallarla-bagli-polise-cagirilib","status":"publish","type":"post","link":"https:\/\/www.meydan.tv\/az\/article\/necati-sasmaz-sarallarla-bagli-polise-cagirilib\/","title":{"rendered":"Necati \u015ea\u015fmaz \u201cSarallar\u201dla ba\u011fl\u0131 polis\u0259 \u00e7a\u011f\u0131r\u0131l\u0131b"},"content":{"rendered":"\n<p><em>Dindiril\u0259nl\u0259r aras\u0131nda dig\u0259r s\u0259n\u0259t adamlar\u0131 da var<\/em><\/p>\n\n\n\n<p>T\u00fcrkiy\u0259li aktyor Necati \u015ea\u015fmaz \u201cSarallar\u201d cinay\u0259t i\u015fi il\u0259 \u0259laq\u0259dar polis b\u00f6lm\u0259sin\u0259 \u00e7a\u011f\u0131r\u0131l\u0131b.<\/p>\n\n\n\n<p>T\u00fcrkiy\u0259 m\u0259tbuat\u0131n\u0131n yazd\u0131\u011f\u0131na g\u00f6r\u0259, dindiril\u0259nl\u0259r aras\u0131nda m\u00fc\u011f\u0259nni Aylin Co\u015fkun, aktyor Erkan Petekkaya, apar\u0131c\u0131 Sinan Engin d\u0259 <a href=\"https:\/\/www.ensonhaber.com\/gundem\/emniyet-sarallar-operasyonunda-unlu-isimleri-cagirdi\">var.<\/a><\/p>\n\n\n\n<p>\u0130stanbul M\u00fct\u0259\u015f\u0259kkil Cinay\u0259tkarl\u0131qla M\u00fcbariz\u0259 \u015f\u00f6b\u0259si iyulun 28-d\u0259 \u0130stanbulda mafiya d\u0259st\u0259l\u0259rin\u0259 qar\u015f\u0131 geni\u015f \u0259m\u0259liyyat ke\u00e7irib.<\/p>\n\n\n\n<p>\u018fm\u0259liyyat zaman\u0131 \u201cSarallar\u201d ad\u0131 il\u0259 tan\u0131nan m\u00fct\u0259\u015f\u0259kkil cinay\u0259t t\u0259\u015fkilat\u0131n\u0131n 119 \u00fczv\u00fc saxlan\u0131l\u0131b.<\/p>\n\n\n\n<p>H\u0259m\u00e7inin xeyli sayda silah-s\u00fcrsat, n\u0259\u011fd pul a\u015fkar olunaraq g\u00f6t\u00fcr\u00fcl\u00fcb.<\/p>\n\n\n\n<p>Necati \u015ea\u015fmaz t\u00fcrkiy\u0259li rejissor Osman S\u0131nav\u0131n \u00e7\u0259kdiyi \u201cKurtlar Vadisi\u201d (2003-2005) serial\u0131ndak\u0131 Polat Alemdar obraz\u0131 il\u0259 tan\u0131n\u0131b.<\/p>\n","protected":false},"excerpt":{"rendered":"<p>Dindiril\u0259nl\u0259r aras\u0131nda dig\u0259r s\u0259n\u0259t adamlar\u0131 da var T\u00fcrkiy\u0259li aktyor Necati &#8230; <\/p>\n<p class=\"read-more-container\"><a title=\"Necati \u015ea\u015fmaz \u201cSarallar\u201dla ba\u011fl\u0131 polis\u0259 \u00e7a\u011f\u0131r\u0131l\u0131b\" class=\"read-more button\" href=\"https:\/\/www.meydan.tv\/az\/article\/necati-sasmaz-sarallarla-bagli-polise-cagirilib\/#more-250168\" aria-label=\"Read more about Necati \u015ea\u015fmaz \u201cSarallar\u201dla ba\u011fl\u0131 polis\u0259 \u00e7a\u011f\u0131r\u0131l\u0131b\">Davam\u0131<\/a><\/p>\n","protected":false},"author":12,"featured_media":250169,"comment_status":"closed","ping_status":"closed","sticky":false,"template":"","format":"standard","meta":{"_acf_changed":false,"_sitemap_exclude":false,"_sitemap_priority":"","_sitemap_frequency":"","footnotes":""},"categories":[52,56],"tags":[],"class_list":["post-250168","post","type-post","status-publish","format-standard","has-post-thumbnail","hentry","category-medeniyyet","category-xeberler","infinite-scroll-item","generate-columns","tablet-grid-50","mobile-grid-100","grid-parent","grid-33","no-featured-image-padding"],"acf":[],"yoast_head":"<!-- This site is optimized with the Yoast SEO plugin v27.5 - https:\/\/yoast.com\/product\/yoast-seo-wordpress\/ -->\n<title>Necati \u015ea\u015fmaz \u201cSarallar\u201dla ba\u011fl\u0131 polis\u0259 \u00e7a\u011f\u0131r\u0131l\u0131b - MEYDAN.TV<\/title>\n<meta name=\"robots\" content=\"index, follow, max-snippet:-1, max-image-preview:large, max-video-preview:-1\" \/>\n<link rel=\"canonical\" href=\"https:\/\/www.meydan.tv\/az\/article\/necati-sasmaz-sarallarla-bagli-polise-cagirilib\/\" \/>\n<meta property=\"og:locale\" content=\"az_AZ\" \/>\n<meta property=\"og:type\" content=\"article\" \/>\n<meta property=\"og:title\" content=\"Necati \u015ea\u015fmaz \u201cSarallar\u201dla ba\u011fl\u0131 polis\u0259 \u00e7a\u011f\u0131r\u0131l\u0131b - MEYDAN.TV\" \/>\n<meta property=\"og:description\" content=\"Dindiril\u0259nl\u0259r aras\u0131nda dig\u0259r s\u0259n\u0259t adamlar\u0131 da var T\u00fcrkiy\u0259li aktyor Necati ... Davam\u0131\" \/>\n<meta property=\"og:url\" content=\"https:\/\/www.meydan.tv\/az\/article\/necati-sasmaz-sarallarla-bagli-polise-cagirilib\/\" \/>\n<meta property=\"og:site_name\" content=\"MEYDAN.TV\" \/>\n<meta property=\"article:published_time\" content=\"2022-07-05T12:09:55+00:00\" \/>\n<meta property=\"article:modified_time\" content=\"2022-07-05T12:45:31+00:00\" \/>\n<meta property=\"og:image\" content=\"https:\/\/www.meydan.tv\/wp-content\/uploads\/0x0-necati-sasmaz-kimdir-kac-yasinda-ibo-show-konugu-necati-sasmaz-aslen-nereli-iste-hayati-1644766067773.jpeg\" \/>\n\t<meta property=\"og:image:width\" content=\"1200\" \/>\n\t<meta property=\"og:image:height\" content=\"674\" \/>\n\t<meta property=\"og:image:type\" content=\"image\/jpeg\" \/>\n<meta name=\"author\" content=\"aleks\" \/>\n<meta name=\"twitter:card\" content=\"summary_large_image\" \/>\n<script type=\"application\/ld+json\" class=\"yoast-schema-graph\">{\"@context\":\"https:\\\/\\\/schema.org\",\"@graph\":[{\"@type\":\"Article\",\"@id\":\"https:\\\/\\\/www.meydan.tv\\\/az\\\/article\\\/necati-sasmaz-sarallarla-bagli-polise-cagirilib\\\/#article\",\"isPartOf\":{\"@id\":\"https:\\\/\\\/www.meydan.tv\\\/az\\\/article\\\/necati-sasmaz-sarallarla-bagli-polise-cagirilib\\\/\"},\"author\":{\"name\":\"aleks\",\"@id\":\"https:\\\/\\\/www.meydan.tv\\\/az\\\/#\\\/schema\\\/person\\\/476e9360e593fa131d5d71d51866f8da\"},\"headline\":\"Necati \u015ea\u015fmaz \u201cSarallar\u201dla ba\u011fl\u0131 polis\u0259 \u00e7a\u011f\u0131r\u0131l\u0131b\",\"datePublished\":\"2022-07-05T12:09:55+00:00\",\"dateModified\":\"2022-07-05T12:45:31+00:00\",\"mainEntityOfPage\":{\"@id\":\"https:\\\/\\\/www.meydan.tv\\\/az\\\/article\\\/necati-sasmaz-sarallarla-bagli-polise-cagirilib\\\/\"},\"wordCount\":165,\"publisher\":{\"@id\":\"https:\\\/\\\/www.meydan.tv\\\/az\\\/#organization\"},\"image\":{\"@id\":\"https:\\\/\\\/www.meydan.tv\\\/az\\\/article\\\/necati-sasmaz-sarallarla-bagli-polise-cagirilib\\\/#primaryimage\"},\"thumbnailUrl\":\"https:\\\/\\\/www.meydan.tv\\\/wp-content\\\/uploads\\\/0x0-necati-sasmaz-kimdir-kac-yasinda-ibo-show-konugu-necati-sasmaz-aslen-nereli-iste-hayati-1644766067773.jpeg\",\"articleSection\":[\"M\u0259d\u0259niyy\u0259t\",\"X\u0259b\u0259rl\u0259r\"],\"inLanguage\":\"az\"},{\"@type\":\"WebPage\",\"@id\":\"https:\\\/\\\/www.meydan.tv\\\/az\\\/article\\\/necati-sasmaz-sarallarla-bagli-polise-cagirilib\\\/\",\"url\":\"https:\\\/\\\/www.meydan.tv\\\/az\\\/article\\\/necati-sasmaz-sarallarla-bagli-polise-cagirilib\\\/\",\"name\":\"Necati \u015ea\u015fmaz \u201cSarallar\u201dla ba\u011fl\u0131 polis\u0259 \u00e7a\u011f\u0131r\u0131l\u0131b - MEYDAN.TV\",\"isPartOf\":{\"@id\":\"https:\\\/\\\/www.meydan.tv\\\/az\\\/#website\"},\"primaryImageOfPage\":{\"@id\":\"https:\\\/\\\/www.meydan.tv\\\/az\\\/article\\\/necati-sasmaz-sarallarla-bagli-polise-cagirilib\\\/#primaryimage\"},\"image\":{\"@id\":\"https:\\\/\\\/www.meydan.tv\\\/az\\\/article\\\/necati-sasmaz-sarallarla-bagli-polise-cagirilib\\\/#primaryimage\"},\"thumbnailUrl\":\"https:\\\/\\\/www.meydan.tv\\\/wp-content\\\/uploads\\\/0x0-necati-sasmaz-kimdir-kac-yasinda-ibo-show-konugu-necati-sasmaz-aslen-nereli-iste-hayati-1644766067773.jpeg\",\"datePublished\":\"2022-07-05T12:09:55+00:00\",\"dateModified\":\"2022-07-05T12:45:31+00:00\",\"breadcrumb\":{\"@id\":\"https:\\\/\\\/www.meydan.tv\\\/az\\\/article\\\/necati-sasmaz-sarallarla-bagli-polise-cagirilib\\\/#breadcrumb\"},\"inLanguage\":\"az\",\"potentialAction\":[{\"@type\":\"ReadAction\",\"target\":[\"https:\\\/\\\/www.meydan.tv\\\/az\\\/article\\\/necati-sasmaz-sarallarla-bagli-polise-cagirilib\\\/\"]}]},{\"@type\":\"ImageObject\",\"inLanguage\":\"az\",\"@id\":\"https:\\\/\\\/www.meydan.tv\\\/az\\\/article\\\/necati-sasmaz-sarallarla-bagli-polise-cagirilib\\\/#primaryimage\",\"url\":\"https:\\\/\\\/www.meydan.tv\\\/wp-content\\\/uploads\\\/0x0-necati-sasmaz-kimdir-kac-yasinda-ibo-show-konugu-necati-sasmaz-aslen-nereli-iste-hayati-1644766067773.jpeg\",\"contentUrl\":\"https:\\\/\\\/www.meydan.tv\\\/wp-content\\\/uploads\\\/0x0-necati-sasmaz-kimdir-kac-yasinda-ibo-show-konugu-necati-sasmaz-aslen-nereli-iste-hayati-1644766067773.jpeg\",\"width\":1200,\"height\":674,\"caption\":\"Necati \u015ea\u015fmaz\"},{\"@type\":\"BreadcrumbList\",\"@id\":\"https:\\\/\\\/www.meydan.tv\\\/az\\\/article\\\/necati-sasmaz-sarallarla-bagli-polise-cagirilib\\\/#breadcrumb\",\"itemListElement\":[{\"@type\":\"ListItem\",\"position\":1,\"name\":\"Ana s\u0259hif\u0259\",\"item\":\"https:\\\/\\\/www.meydan.tv\\\/az\\\/\"},{\"@type\":\"ListItem\",\"position\":2,\"name\":\"M\u0259d\u0259niyy\u0259t\",\"item\":\"https:\\\/\\\/www.meydan.tv\\\/az\\\/section\\\/medeniyyet\\\/\"},{\"@type\":\"ListItem\",\"position\":3,\"name\":\"Necati \u015ea\u015fmaz \u201cSarallar\u201dla ba\u011fl\u0131 polis\u0259 \u00e7a\u011f\u0131r\u0131l\u0131b\"}]},{\"@type\":\"WebSite\",\"@id\":\"https:\\\/\\\/www.meydan.tv\\\/az\\\/#website\",\"url\":\"https:\\\/\\\/www.meydan.tv\\\/az\\\/\",\"name\":\"MEYDAN.TV\",\"description\":\"Meydan TV Az\u0259rbaycan\u0131n media m\u0259kan\u0131ndak\u0131 alternativ s\u0259sidir\",\"publisher\":{\"@id\":\"https:\\\/\\\/www.meydan.tv\\\/az\\\/#organization\"},\"potentialAction\":[{\"@type\":\"SearchAction\",\"target\":{\"@type\":\"EntryPoint\",\"urlTemplate\":\"https:\\\/\\\/www.meydan.tv\\\/az\\\/?s={search_term_string}\"},\"query-input\":{\"@type\":\"PropertyValueSpecification\",\"valueRequired\":true,\"valueName\":\"search_term_string\"}}],\"inLanguage\":\"az\"},{\"@type\":\"Organization\",\"@id\":\"https:\\\/\\\/www.meydan.tv\\\/az\\\/#organization\",\"name\":\"Meydan TV\",\"url\":\"https:\\\/\\\/www.meydan.tv\\\/az\\\/\",\"logo\":{\"@type\":\"ImageObject\",\"inLanguage\":\"az\",\"@id\":\"https:\\\/\\\/www.meydan.tv\\\/az\\\/#\\\/schema\\\/logo\\\/image\\\/\",\"url\":\"https:\\\/\\\/www.meydan.tv\\\/wp-content\\\/uploads\\\/2021\\\/07\\\/meydan-logo.svg\",\"contentUrl\":\"https:\\\/\\\/www.meydan.tv\\\/wp-content\\\/uploads\\\/2021\\\/07\\\/meydan-logo.svg\",\"width\":195,\"height\":46,\"caption\":\"Meydan TV\"},\"image\":{\"@id\":\"https:\\\/\\\/www.meydan.tv\\\/az\\\/#\\\/schema\\\/logo\\\/image\\\/\"}},{\"@type\":\"Person\",\"@id\":\"https:\\\/\\\/www.meydan.tv\\\/az\\\/#\\\/schema\\\/person\\\/476e9360e593fa131d5d71d51866f8da\",\"name\":\"aleks\"}]}<\/script>\n<!-- \/ Yoast SEO plugin. -->","yoast_head_json":{"title":"Necati \u015ea\u015fmaz \u201cSarallar\u201dla ba\u011fl\u0131 polis\u0259 \u00e7a\u011f\u0131r\u0131l\u0131b - MEYDAN.TV","robots":{"index":"index","follow":"follow","max-snippet":"max-snippet:-1","max-image-preview":"max-image-preview:large","max-video-preview":"max-video-preview:-1"},"canonical":"https:\/\/www.meydan.tv\/az\/article\/necati-sasmaz-sarallarla-bagli-polise-cagirilib\/","og_locale":"az_AZ","og_type":"article","og_title":"Necati \u015ea\u015fmaz \u201cSarallar\u201dla ba\u011fl\u0131 polis\u0259 \u00e7a\u011f\u0131r\u0131l\u0131b - MEYDAN.TV","og_description":"Dindiril\u0259nl\u0259r aras\u0131nda dig\u0259r s\u0259n\u0259t adamlar\u0131 da var T\u00fcrkiy\u0259li aktyor Necati ... Davam\u0131","og_url":"https:\/\/www.meydan.tv\/az\/article\/necati-sasmaz-sarallarla-bagli-polise-cagirilib\/","og_site_name":"MEYDAN.TV","article_published_time":"2022-07-05T12:09:55+00:00","article_modified_time":"2022-07-05T12:45:31+00:00","og_image":[{"width":1200,"height":674,"url":"https:\/\/www.meydan.tv\/wp-content\/uploads\/0x0-necati-sasmaz-kimdir-kac-yasinda-ibo-show-konugu-necati-sasmaz-aslen-nereli-iste-hayati-1644766067773.jpeg","type":"image\/jpeg"}],"author":"aleks","twitter_card":"summary_large_image","schema":{"@context":"https:\/\/schema.org","@graph":[{"@type":"Article","@id":"https:\/\/www.meydan.tv\/az\/article\/necati-sasmaz-sarallarla-bagli-polise-cagirilib\/#article","isPartOf":{"@id":"https:\/\/www.meydan.tv\/az\/article\/necati-sasmaz-sarallarla-bagli-polise-cagirilib\/"},"author":{"name":"aleks","@id":"https:\/\/www.meydan.tv\/az\/#\/schema\/person\/476e9360e593fa131d5d71d51866f8da"},"headline":"Necati \u015ea\u015fmaz \u201cSarallar\u201dla ba\u011fl\u0131 polis\u0259 \u00e7a\u011f\u0131r\u0131l\u0131b","datePublished":"2022-07-05T12:09:55+00:00","dateModified":"2022-07-05T12:45:31+00:00","mainEntityOfPage":{"@id":"https:\/\/www.meydan.tv\/az\/article\/necati-sasmaz-sarallarla-bagli-polise-cagirilib\/"},"wordCount":165,"publisher":{"@id":"https:\/\/www.meydan.tv\/az\/#organization"},"image":{"@id":"https:\/\/www.meydan.tv\/az\/article\/necati-sasmaz-sarallarla-bagli-polise-cagirilib\/#primaryimage"},"thumbnailUrl":"https:\/\/www.meydan.tv\/wp-content\/uploads\/0x0-necati-sasmaz-kimdir-kac-yasinda-ibo-show-konugu-necati-sasmaz-aslen-nereli-iste-hayati-1644766067773.jpeg","articleSection":["M\u0259d\u0259niyy\u0259t","X\u0259b\u0259rl\u0259r"],"inLanguage":"az"},{"@type":"WebPage","@id":"https:\/\/www.meydan.tv\/az\/article\/necati-sasmaz-sarallarla-bagli-polise-cagirilib\/","url":"https:\/\/www.meydan.tv\/az\/article\/necati-sasmaz-sarallarla-bagli-polise-cagirilib\/","name":"Necati \u015ea\u015fmaz \u201cSarallar\u201dla ba\u011fl\u0131 polis\u0259 \u00e7a\u011f\u0131r\u0131l\u0131b - MEYDAN.TV","isPartOf":{"@id":"https:\/\/www.meydan.tv\/az\/#website"},"primaryImageOfPage":{"@id":"https:\/\/www.meydan.tv\/az\/article\/necati-sasmaz-sarallarla-bagli-polise-cagirilib\/#primaryimage"},"image":{"@id":"https:\/\/www.meydan.tv\/az\/article\/necati-sasmaz-sarallarla-bagli-polise-cagirilib\/#primaryimage"},"thumbnailUrl":"https:\/\/www.meydan.tv\/wp-content\/uploads\/0x0-necati-sasmaz-kimdir-kac-yasinda-ibo-show-konugu-necati-sasmaz-aslen-nereli-iste-hayati-1644766067773.jpeg","datePublished":"2022-07-05T12:09:55+00:00","dateModified":"2022-07-05T12:45:31+00:00","breadcrumb":{"@id":"https:\/\/www.meydan.tv\/az\/article\/necati-sasmaz-sarallarla-bagli-polise-cagirilib\/#breadcrumb"},"inLanguage":"az","potentialAction":[{"@type":"ReadAction","target":["https:\/\/www.meydan.tv\/az\/article\/necati-sasmaz-sarallarla-bagli-polise-cagirilib\/"]}]},{"@type":"ImageObject","inLanguage":"az","@id":"https:\/\/www.meydan.tv\/az\/article\/necati-sasmaz-sarallarla-bagli-polise-cagirilib\/#primaryimage","url":"https:\/\/www.meydan.tv\/wp-content\/uploads\/0x0-necati-sasmaz-kimdir-kac-yasinda-ibo-show-konugu-necati-sasmaz-aslen-nereli-iste-hayati-1644766067773.jpeg","contentUrl":"https:\/\/www.meydan.tv\/wp-content\/uploads\/0x0-necati-sasmaz-kimdir-kac-yasinda-ibo-show-konugu-necati-sasmaz-aslen-nereli-iste-hayati-1644766067773.jpeg","width":1200,"height":674,"caption":"Necati \u015ea\u015fmaz"},{"@type":"BreadcrumbList","@id":"https:\/\/www.meydan.tv\/az\/article\/necati-sasmaz-sarallarla-bagli-polise-cagirilib\/#breadcrumb","itemListElement":[{"@type":"ListItem","position":1,"name":"Ana s\u0259hif\u0259","item":"https:\/\/www.meydan.tv\/az\/"},{"@type":"ListItem","position":2,"name":"M\u0259d\u0259niyy\u0259t","item":"https:\/\/www.meydan.tv\/az\/section\/medeniyyet\/"},{"@type":"ListItem","position":3,"name":"Necati \u015ea\u015fmaz \u201cSarallar\u201dla ba\u011fl\u0131 polis\u0259 \u00e7a\u011f\u0131r\u0131l\u0131b"}]},{"@type":"WebSite","@id":"https:\/\/www.meydan.tv\/az\/#website","url":"https:\/\/www.meydan.tv\/az\/","name":"MEYDAN.TV","description":"Meydan TV Az\u0259rbaycan\u0131n media m\u0259kan\u0131ndak\u0131 alternativ s\u0259sidir","publisher":{"@id":"https:\/\/www.meydan.tv\/az\/#organization"},"potentialAction":[{"@type":"SearchAction","target":{"@type":"EntryPoint","urlTemplate":"https:\/\/www.meydan.tv\/az\/?s={search_term_string}"},"query-input":{"@type":"PropertyValueSpecification","valueRequired":true,"valueName":"search_term_string"}}],"inLanguage":"az"},{"@type":"Organization","@id":"https:\/\/www.meydan.tv\/az\/#organization","name":"Meydan TV","url":"https:\/\/www.meydan.tv\/az\/","logo":{"@type":"ImageObject","inLanguage":"az","@id":"https:\/\/www.meydan.tv\/az\/#\/schema\/logo\/image\/","url":"https:\/\/www.meydan.tv\/wp-content\/uploads\/2021\/07\/meydan-logo.svg","contentUrl":"https:\/\/www.meydan.tv\/wp-content\/uploads\/2021\/07\/meydan-logo.svg","width":195,"height":46,"caption":"Meydan TV"},"image":{"@id":"https:\/\/www.meydan.tv\/az\/#\/schema\/logo\/image\/"}},{"@type":"Person","@id":"https:\/\/www.meydan.tv\/az\/#\/schema\/person\/476e9360e593fa131d5d71d51866f8da","name":"aleks"}]}},"_links":{"self":[{"href":"https:\/\/www.meydan.tv\/az\/wp-json\/wp\/v2\/posts\/250168","targetHints":{"allow":["GET"]}}],"collection":[{"href":"https:\/\/www.meydan.tv\/az\/wp-json\/wp\/v2\/posts"}],"about":[{"href":"https:\/\/www.meydan.tv\/az\/wp-json\/wp\/v2\/types\/post"}],"author":[{"embeddable":true,"href":"https:\/\/www.meydan.tv\/az\/wp-json\/wp\/v2\/users\/12"}],"replies":[{"embeddable":true,"href":"https:\/\/www.meydan.tv\/az\/wp-json\/wp\/v2\/comments?post=250168"}],"version-history":[{"count":1,"href":"https:\/\/www.meydan.tv\/az\/wp-json\/wp\/v2\/posts\/250168\/revisions"}],"predecessor-version":[{"id":250172,"href":"https:\/\/www.meydan.tv\/az\/wp-json\/wp\/v2\/posts\/250168\/revisions\/250172"}],"wp:featuredmedia":[{"embeddable":true,"href":"https:\/\/www.meydan.tv\/az\/wp-json\/wp\/v2\/media\/250169"}],"wp:attachment":[{"href":"https:\/\/www.meydan.tv\/az\/wp-json\/wp\/v2\/media?parent=250168"}],"wp:term":[{"taxonomy":"category","embeddable":true,"href":"https:\/\/www.meydan.tv\/az\/wp-json\/wp\/v2\/categories?post=250168"},{"taxonomy":"post_tag","embeddable":true,"href":"https:\/\/www.meydan.tv\/az\/wp-json\/wp\/v2\/tags?post=250168"}],"curies":[{"name":"wp","href":"https:\/\/api.w.org\/{rel}","templated":true}]}}