{"id":250119,"date":"2022-07-05T12:07:10","date_gmt":"2022-07-05T08:07:10","guid":{"rendered":"https:\/\/www.meydan.tv\/?p=250119"},"modified":"2022-07-05T12:07:12","modified_gmt":"2022-07-05T08:07:12","slug":"ekspert-azerbaycanda-baramaciligi-yeniden-bataqliga-cekirler","status":"publish","type":"post","link":"https:\/\/www.meydan.tv\/az\/article\/ekspert-azerbaycanda-baramaciligi-yeniden-bataqliga-cekirler\/","title":{"rendered":"Ekspert: \u201cAz\u0259rbaycanda barama\u00e7\u0131l\u0131\u011f\u0131 yenid\u0259n bataql\u0131\u011fa \u00e7\u0259kirl\u0259r\u201d"},"content":{"rendered":"\n<p><em>\u201cD\u00f6vl\u0259t bu sah\u0259y\u0259 k\u00fclli miqdarda v\u0259sait ay\u0131r\u0131b, amma\u2026\u201d<\/em><\/p>\n\n\n\n<p>Az\u0259rbaycan\u0131n b\u0259zi b\u00f6lg\u0259l\u0259rind\u0259 builki barama t\u0259dar\u00fck\u00fc bitm\u0259k \u00fczr\u0259dir, b\u0259zil\u0259rind\u0259 is\u0259 bitib.<\/p>\n\n\n\n<p>H\u00f6kum\u0259t medias\u0131 bu sah\u0259ni b\u00f6y\u00fck g\u0259liri olan i\u015f kimi t\u0259qdim edir.<\/p>\n\n\n\n<p>Ba\u015fl\u0131qlara bir g\u00fcnd\u0259 400-500 manat qazanma\u011f\u0131n m\u00fcmk\u00fcn oldu\u011funu qeyd edirl\u0259r.<\/p>\n\n\n\n<p>Prezident \u0130lham \u018fliyev d\u0259 daimi \u00e7\u0131x\u0131\u015flar\u0131nda bu sah\u0259nin son ill\u0259r inki\u015faf etdiyini, ona q\u0259d\u0259r hardasa g\u00fcnd\u0259likd\u0259n \u00e7\u0131xar\u0131ld\u0131\u011f\u0131n\u0131 s\u00f6yl\u0259yir.<\/p>\n\n\n\n<p>O, indiki halda b\u00f6lg\u0259l\u0259rd\u0259 pamb\u0131q\u00e7\u0131l\u0131q, t\u00fct\u00fcn\u00e7\u00fcl\u00fck v\u0259 \u0259sas\u0259n d\u0259 barama\u00e7\u0131l\u0131\u011f\u0131n inki\u015faf etdiyini s\u00f6yl\u0259yir.<\/p>\n\n\n\n<p>K\u0259nd t\u0259s\u0259rr\u00fcfat\u0131 \u00fczr\u0259 ekspert Vahid M\u0259h\u0259rr\u0259mov is\u0259 deyir ki, haz\u0131rda barama\u00e7\u0131l\u0131\u011f\u0131 yenid\u0259n bataql\u0131\u011fa \u00e7\u0259km\u0259kl\u0259 m\u0259\u015f\u011fuldurlar.<\/p>\n\n\n\n<p>O bildirir ki, Prezident \u0130lham \u018fliyevin d\u00f6vr\u00fcnd\u0259, 2015-ci ild\u0259 c\u0259mi 236 kiloqram barama istehsal edilib. Bu da 1991-ci ill\u0259 m\u00fcqayis\u0259d\u0259 25 min 102 d\u0259f\u0259 azd\u0131r:<\/p>\n\n\n\n<p>\u201cT\u0259s\u0259vv\u00fcr edirsiniz?! Barama istehsal\u0131 2015-ci ild\u0259 1991-ci ill\u0259 m\u00fcqayis\u0259d\u0259 25 min 102 d\u0259f\u0259 azal\u0131b. 2016-c\u0131 ild\u0259 barama istehsal\u0131 70 tona \u00e7atanda \u0130lham \u018fliyev dedi ki, \u201cbarama\u00e7\u0131l\u0131qda b\u00f6y\u00fck inki\u015faf m\u00fc\u015fahid\u0259 olunur\u201d. Bel\u0259 ki, h\u0259min il Sabirabadda respublika m\u00fc\u015favir\u0259sind\u0259 \u0130lham \u018fliyev dedi ki, bir ne\u00e7\u0259 ild\u0259n sonra Az\u0259rbaycanda min ton barama t\u0259dar\u00fck edil\u0259c\u0259k. Bunu da t\u0259s\u0259vv\u00fcr edin: min ton. Bu m\u00fcdd\u0259t \u0259rzind\u0259 Az\u0259rbaycanda n\u0259inki \u201cmin ton barama t\u0259dar\u00fck\u201d edilm\u0259di, son bir ne\u00e7\u0259 ild\u0259 istehsal 500 tondan da a\u015fa\u011f\u0131 d\u00fc\u015fd\u00fc\u201d.<\/p>\n\n\n\n<p>Vahid M\u0259h\u0259rr\u0259mov deyir ki, bu il \u0259vv\u0259lki ilin eyni d\u00f6vr\u00fc il\u0259 m\u00fcqayis\u0259d\u0259 \u00f6lk\u0259d\u0259 barama istehsal\u0131 xeyli azal\u0131b.<\/p>\n\n\n\n<figure class=\"wp-block-image size-full\"><img decoding=\"async\" width=\"960\" height=\"720\" data-src=\"https:\/\/www.meydan.tv\/wp-content\/uploads\/42422.jpg\" alt=\"Vahid M\u0259h\u0259rr\u0259mov\" class=\"wp-image-106811 lazyload\" src=\"data:image\/svg+xml;base64,PHN2ZyB3aWR0aD0iMSIgaGVpZ2h0PSIxIiB4bWxucz0iaHR0cDovL3d3dy53My5vcmcvMjAwMC9zdmciPjwvc3ZnPg==\" style=\"--smush-placeholder-width: 960px; --smush-placeholder-aspect-ratio: 960\/720;\" \/><figcaption>Vahid M\u0259h\u0259rr\u0259mov. Foto: Meydan TV<\/figcaption><\/figure>\n\n\n\n<p>\u00d6t\u0259n il iyunun 14-d\u0259k \u00f6lk\u0259nin barama t\u0259dar\u00fck\u00fc m\u0259nt\u0259q\u0259l\u0259rin\u0259 428,29 ton ya\u015f barama t\u0259hvil verildiyi halda, bu il c\u0259mi 319 ton 366 kiloqram barama t\u0259hvil verilib:<\/p>\n\n\n\n<p>\u201cBu da 2021-ci ilin g\u00f6st\u0259ricisi il\u0259 m\u00fcqayis\u0259d\u0259 25,4 faiz azd\u0131r. Barama\u00e7\u0131l\u0131\u011f\u0131n v\u0259 ip\u0259k\u00e7iliyin inki\u015faf\u0131 ad\u0131 il\u0259 d\u00f6vl\u0259t b\u00fcdc\u0259sind\u0259n k\u00fclli miqdarda v\u0259sait ayr\u0131l\u0131b. M\u0259s\u0259l\u0259n, h\u00f6k\u00fcm\u0259t 2017-ci ild\u0259 barama\u00e7\u0131l\u0131\u011f\u0131n inki\u015faf\u0131 il\u0259 ba\u011fl\u0131 d\u00f6vl\u0259t proqram\u0131 q\u0259bul edib. H\u0259min proqramda hakimiyy\u0259t \u00f6lk\u0259d\u0259 barama istehsal\u0131n\u0131 6 min tona \u00e7atd\u0131rmaq \u00f6hd\u0259liyi g\u00f6t\u00fcr\u00fcb. Lakin d\u00f6vl\u0259t proqram\u0131 q\u0259bul edildikd\u0259n sonra, 2019-cu ild\u0259 \u00f6lk\u0259d\u0259 643,7 ton barama istehsal olunub. Sonrak\u0131 ill\u0259rd\u0259 is\u0259 istehsal azalma\u011fa ba\u015flay\u0131b. Bel\u0259 ki, 2019-cu il\u0259 nisb\u0259t\u0259n 2020-ci ild\u0259 barama istehsal\u0131 30,6 faiz azalaraq 446,6 tona enib\u201d.<\/p>\n\n\n\n<p>Ekspert bildirir ki, 2021-ci ild\u0259 barama istehsal\u0131 497,4 ton olub.<\/p>\n\n\n\n<p>Bu g\u00f6st\u0259rici d\u0259 2019-cu ill\u0259 m\u00fcqayis\u0259d\u0259 22,7 faiz azd\u0131r.<\/p>\n\n\n\n<p>Bu il barama t\u0259dar\u00fck\u00fcn\u00fcn art\u0131q ba\u015fa \u00e7atmaq \u00fczr\u0259 oldu\u011fu halda, istehsal 2019-cu ilin g\u00f6st\u0259ricisi il\u0259 m\u00fcqayis\u0259d\u0259 2 d\u0259f\u0259 azd\u0131r:<\/p>\n\n\n\n<p>\u201cSon 3 ild\u0259 barama istehsal\u0131n\u0131n a\u015fa\u011f\u0131 d\u00fc\u015fm\u0259si ondan x\u0259b\u0259r verir ki, h\u00f6kum\u0259tin 2017-ci ild\u0259 q\u0259bul etdiyi d\u00f6vl\u0259t proqram\u0131n\u0131n icra v\u0259ziyy\u0259ti qeyri-q\u0259na\u0259tb\u0259x\u015fdir. Bu gedi\u015fl\u0259 2025-ci il\u0259d\u0259k \u00f6lk\u0259d\u0259 ya\u015f barama istehsal\u0131n\u0131n h\u0259cminin 6 min tona \u00e7atd\u0131r\u0131lmas\u0131 qeyri-m\u00fcmk\u00fcn olacaq. D\u00f6vl\u0259t Proqram\u0131nda n\u0259z\u0259rd\u0259 tutulan h\u0259d\u0259f\u0259 nail olmaq \u00fc\u00e7\u00fcn Az\u0259rbaycanda barama istehsal\u0131 18 d\u0259f\u0259 art\u0131r\u0131lmal\u0131d\u0131r. Yax\u0131n 3 ild\u0259 is\u0259 barama istehsal\u0131n\u0131n bu q\u0259d\u0259r art\u0131r\u0131lmas\u0131 real g\u00f6r\u00fcnm\u00fcr\u201d.<\/p>\n\n\n\n<p>Ekspertin fikrinc\u0259, 2015-ci ild\u0259 (\u0130lham \u018fliyevin d\u00f6vr\u00fcnd\u0259) c\u0259mi 236 kiloqram barama istehsal edilib. Bu da 1992-ci ill\u0259 (\u018fb\u00fclf\u0259z El\u00e7ib\u0259y d\u00f6vr\u00fcnd\u0259 5222 ton) m\u00fcqayis\u0259d\u0259 22 min 127 d\u0259f\u0259 azd\u0131r.<\/p>\n\n\n\n<p>Onun s\u00f6zl\u0259rin\u0259 g\u00f6r\u0259, son ill\u0259r barama\u00e7\u0131l\u0131\u011f\u0131n inki\u015faf\u0131 il\u0259 ba\u011fl\u0131 s\u0259sl\u0259ndiril\u0259n fikirl\u0259r do\u011fru deyil.<\/p>\n\n\n\n<p>2015-ci ild\u0259 neftin qiym\u0259ti ucuzla\u015fanda Az\u0259rbaycan h\u00f6kum\u0259ti k\u0259nd t\u0259s\u0259rr\u00fcfat\u0131n\u0131n b\u0259zi sah\u0259l\u0259rini, o c\u00fcml\u0259d\u0259n barama\u00e7\u0131l\u0131\u011f\u0131 prioritet elan etdi.<br>H\u0259tta 2016-c\u0131 ild\u0259n etibar\u0259n baramaya g\u00f6r\u0259 d\u0259 subsidiya \u00f6d\u0259nilm\u0259sin\u0259 ba\u015fland\u0131.<\/p>\n\n\n\n<p>\u018fvv\u0259lc\u0259 bu m\u0259bl\u0259\u011f h\u0259r kiloqrama g\u00f6r\u0259 2 manat idis\u0259, sonra 5 manata qald\u0131r\u0131ld\u0131.<br>Bel\u0259likl\u0259, m\u00fcxt\u0259lif b\u00f6lg\u0259l\u0259rd\u0259 insanlara yeti\u015fdirm\u0259k \u00fc\u00e7\u00fcn barama verildi. H\u0259tta b\u00f6lg\u0259l\u0259rd\u0259 m\u0259kt\u0259bl\u0259rd\u0259 bel\u0259 barama saxlama\u011fa ba\u015flan\u0131ld\u0131.<\/p>\n","protected":false},"excerpt":{"rendered":"<p>\u201cD\u00f6vl\u0259t bu sah\u0259y\u0259 k\u00fclli miqdarda v\u0259sait ay\u0131r\u0131b, amma\u2026\u201d Az\u0259rbaycan\u0131n b\u0259zi &#8230; <\/p>\n<p class=\"read-more-container\"><a title=\"Ekspert: \u201cAz\u0259rbaycanda barama\u00e7\u0131l\u0131\u011f\u0131 yenid\u0259n bataql\u0131\u011fa \u00e7\u0259kirl\u0259r\u201d\" class=\"read-more button\" href=\"https:\/\/www.meydan.tv\/az\/article\/ekspert-azerbaycanda-baramaciligi-yeniden-bataqliga-cekirler\/#more-250119\" aria-label=\"Read more about Ekspert: \u201cAz\u0259rbaycanda barama\u00e7\u0131l\u0131\u011f\u0131 yenid\u0259n bataql\u0131\u011fa \u00e7\u0259kirl\u0259r\u201d\">Davam\u0131<\/a><\/p>\n","protected":false},"author":8,"featured_media":250120,"comment_status":"closed","ping_status":"closed","sticky":false,"template":"","format":"standard","meta":{"_acf_changed":false,"_sitemap_exclude":false,"_sitemap_priority":"","_sitemap_frequency":"","footnotes":""},"categories":[53,79,56],"tags":[],"class_list":["post-250119","post","type-post","status-publish","format-standard","has-post-thumbnail","hentry","category-iqtisadiyyat","category-featured","category-xeberler","infinite-scroll-item","generate-columns","tablet-grid-50","mobile-grid-100","grid-parent","grid-33","no-featured-image-padding"],"acf":[],"yoast_head":"<!-- This site is optimized with the Yoast SEO plugin v27.5 - https:\/\/yoast.com\/product\/yoast-seo-wordpress\/ -->\n<title>Ekspert: \u201cAz\u0259rbaycanda barama\u00e7\u0131l\u0131\u011f\u0131 yenid\u0259n bataql\u0131\u011fa \u00e7\u0259kirl\u0259r\u201d - MEYDAN.TV<\/title>\n<meta name=\"robots\" content=\"index, follow, max-snippet:-1, max-image-preview:large, max-video-preview:-1\" \/>\n<link rel=\"canonical\" href=\"https:\/\/www.meydan.tv\/az\/article\/ekspert-azerbaycanda-baramaciligi-yeniden-bataqliga-cekirler\/\" \/>\n<meta property=\"og:locale\" content=\"az_AZ\" \/>\n<meta property=\"og:type\" content=\"article\" \/>\n<meta property=\"og:title\" content=\"Ekspert: \u201cAz\u0259rbaycanda barama\u00e7\u0131l\u0131\u011f\u0131 yenid\u0259n bataql\u0131\u011fa \u00e7\u0259kirl\u0259r\u201d - MEYDAN.TV\" \/>\n<meta property=\"og:description\" content=\"\u201cD\u00f6vl\u0259t bu sah\u0259y\u0259 k\u00fclli miqdarda v\u0259sait ay\u0131r\u0131b, amma\u2026\u201d Az\u0259rbaycan\u0131n b\u0259zi ... Davam\u0131\" \/>\n<meta property=\"og:url\" content=\"https:\/\/www.meydan.tv\/az\/article\/ekspert-azerbaycanda-baramaciligi-yeniden-bataqliga-cekirler\/\" \/>\n<meta property=\"og:site_name\" content=\"MEYDAN.TV\" \/>\n<meta property=\"article:published_time\" content=\"2022-07-05T08:07:10+00:00\" \/>\n<meta property=\"article:modified_time\" content=\"2022-07-05T08:07:12+00:00\" \/>\n<meta property=\"og:image\" content=\"https:\/\/www.meydan.tv\/wp-content\/uploads\/1560601520_barama_150619_01.jpg\" \/>\n\t<meta property=\"og:image:width\" content=\"1200\" \/>\n\t<meta property=\"og:image:height\" content=\"801\" \/>\n\t<meta property=\"og:image:type\" content=\"image\/jpeg\" \/>\n<meta name=\"author\" content=\"elli\" \/>\n<meta name=\"twitter:card\" content=\"summary_large_image\" \/>\n<meta name=\"twitter:creator\" content=\"@elli\" \/>\n<script type=\"application\/ld+json\" class=\"yoast-schema-graph\">{\"@context\":\"https:\\\/\\\/schema.org\",\"@graph\":[{\"@type\":\"Article\",\"@id\":\"https:\\\/\\\/www.meydan.tv\\\/az\\\/article\\\/ekspert-azerbaycanda-baramaciligi-yeniden-bataqliga-cekirler\\\/#article\",\"isPartOf\":{\"@id\":\"https:\\\/\\\/www.meydan.tv\\\/az\\\/article\\\/ekspert-azerbaycanda-baramaciligi-yeniden-bataqliga-cekirler\\\/\"},\"author\":{\"name\":\"elli\",\"@id\":\"https:\\\/\\\/www.meydan.tv\\\/az\\\/#\\\/schema\\\/person\\\/9cdbecf90d17180ce1dfbd95b08dcf47\"},\"headline\":\"Ekspert: \u201cAz\u0259rbaycanda barama\u00e7\u0131l\u0131\u011f\u0131 yenid\u0259n bataql\u0131\u011fa \u00e7\u0259kirl\u0259r\u201d\",\"datePublished\":\"2022-07-05T08:07:10+00:00\",\"dateModified\":\"2022-07-05T08:07:12+00:00\",\"mainEntityOfPage\":{\"@id\":\"https:\\\/\\\/www.meydan.tv\\\/az\\\/article\\\/ekspert-azerbaycanda-baramaciligi-yeniden-bataqliga-cekirler\\\/\"},\"wordCount\":835,\"publisher\":{\"@id\":\"https:\\\/\\\/www.meydan.tv\\\/az\\\/#organization\"},\"image\":{\"@id\":\"https:\\\/\\\/www.meydan.tv\\\/az\\\/article\\\/ekspert-azerbaycanda-baramaciligi-yeniden-bataqliga-cekirler\\\/#primaryimage\"},\"thumbnailUrl\":\"https:\\\/\\\/www.meydan.tv\\\/wp-content\\\/uploads\\\/1560601520_barama_150619_01.jpg\",\"articleSection\":[\"\u0130qtisadiyyat\",\"T\u00f6vsiy\u0259\",\"X\u0259b\u0259rl\u0259r\"],\"inLanguage\":\"az\"},{\"@type\":\"WebPage\",\"@id\":\"https:\\\/\\\/www.meydan.tv\\\/az\\\/article\\\/ekspert-azerbaycanda-baramaciligi-yeniden-bataqliga-cekirler\\\/\",\"url\":\"https:\\\/\\\/www.meydan.tv\\\/az\\\/article\\\/ekspert-azerbaycanda-baramaciligi-yeniden-bataqliga-cekirler\\\/\",\"name\":\"Ekspert: \u201cAz\u0259rbaycanda barama\u00e7\u0131l\u0131\u011f\u0131 yenid\u0259n bataql\u0131\u011fa \u00e7\u0259kirl\u0259r\u201d - MEYDAN.TV\",\"isPartOf\":{\"@id\":\"https:\\\/\\\/www.meydan.tv\\\/az\\\/#website\"},\"primaryImageOfPage\":{\"@id\":\"https:\\\/\\\/www.meydan.tv\\\/az\\\/article\\\/ekspert-azerbaycanda-baramaciligi-yeniden-bataqliga-cekirler\\\/#primaryimage\"},\"image\":{\"@id\":\"https:\\\/\\\/www.meydan.tv\\\/az\\\/article\\\/ekspert-azerbaycanda-baramaciligi-yeniden-bataqliga-cekirler\\\/#primaryimage\"},\"thumbnailUrl\":\"https:\\\/\\\/www.meydan.tv\\\/wp-content\\\/uploads\\\/1560601520_barama_150619_01.jpg\",\"datePublished\":\"2022-07-05T08:07:10+00:00\",\"dateModified\":\"2022-07-05T08:07:12+00:00\",\"breadcrumb\":{\"@id\":\"https:\\\/\\\/www.meydan.tv\\\/az\\\/article\\\/ekspert-azerbaycanda-baramaciligi-yeniden-bataqliga-cekirler\\\/#breadcrumb\"},\"inLanguage\":\"az\",\"potentialAction\":[{\"@type\":\"ReadAction\",\"target\":[\"https:\\\/\\\/www.meydan.tv\\\/az\\\/article\\\/ekspert-azerbaycanda-baramaciligi-yeniden-bataqliga-cekirler\\\/\"]}]},{\"@type\":\"ImageObject\",\"inLanguage\":\"az\",\"@id\":\"https:\\\/\\\/www.meydan.tv\\\/az\\\/article\\\/ekspert-azerbaycanda-baramaciligi-yeniden-bataqliga-cekirler\\\/#primaryimage\",\"url\":\"https:\\\/\\\/www.meydan.tv\\\/wp-content\\\/uploads\\\/1560601520_barama_150619_01.jpg\",\"contentUrl\":\"https:\\\/\\\/www.meydan.tv\\\/wp-content\\\/uploads\\\/1560601520_barama_150619_01.jpg\",\"width\":1200,\"height\":801,\"caption\":\"Barama. Foto: \\\"Trend\\\"\"},{\"@type\":\"BreadcrumbList\",\"@id\":\"https:\\\/\\\/www.meydan.tv\\\/az\\\/article\\\/ekspert-azerbaycanda-baramaciligi-yeniden-bataqliga-cekirler\\\/#breadcrumb\",\"itemListElement\":[{\"@type\":\"ListItem\",\"position\":1,\"name\":\"Ana s\u0259hif\u0259\",\"item\":\"https:\\\/\\\/www.meydan.tv\\\/az\\\/\"},{\"@type\":\"ListItem\",\"position\":2,\"name\":\"\u0130qtisadiyyat\",\"item\":\"https:\\\/\\\/www.meydan.tv\\\/az\\\/section\\\/iqtisadiyyat\\\/\"},{\"@type\":\"ListItem\",\"position\":3,\"name\":\"Ekspert: \u201cAz\u0259rbaycanda barama\u00e7\u0131l\u0131\u011f\u0131 yenid\u0259n bataql\u0131\u011fa \u00e7\u0259kirl\u0259r\u201d\"}]},{\"@type\":\"WebSite\",\"@id\":\"https:\\\/\\\/www.meydan.tv\\\/az\\\/#website\",\"url\":\"https:\\\/\\\/www.meydan.tv\\\/az\\\/\",\"name\":\"MEYDAN.TV\",\"description\":\"Meydan TV Az\u0259rbaycan\u0131n media m\u0259kan\u0131ndak\u0131 alternativ s\u0259sidir\",\"publisher\":{\"@id\":\"https:\\\/\\\/www.meydan.tv\\\/az\\\/#organization\"},\"potentialAction\":[{\"@type\":\"SearchAction\",\"target\":{\"@type\":\"EntryPoint\",\"urlTemplate\":\"https:\\\/\\\/www.meydan.tv\\\/az\\\/?s={search_term_string}\"},\"query-input\":{\"@type\":\"PropertyValueSpecification\",\"valueRequired\":true,\"valueName\":\"search_term_string\"}}],\"inLanguage\":\"az\"},{\"@type\":\"Organization\",\"@id\":\"https:\\\/\\\/www.meydan.tv\\\/az\\\/#organization\",\"name\":\"Meydan TV\",\"url\":\"https:\\\/\\\/www.meydan.tv\\\/az\\\/\",\"logo\":{\"@type\":\"ImageObject\",\"inLanguage\":\"az\",\"@id\":\"https:\\\/\\\/www.meydan.tv\\\/az\\\/#\\\/schema\\\/logo\\\/image\\\/\",\"url\":\"https:\\\/\\\/www.meydan.tv\\\/wp-content\\\/uploads\\\/2021\\\/07\\\/meydan-logo.svg\",\"contentUrl\":\"https:\\\/\\\/www.meydan.tv\\\/wp-content\\\/uploads\\\/2021\\\/07\\\/meydan-logo.svg\",\"width\":195,\"height\":46,\"caption\":\"Meydan TV\"},\"image\":{\"@id\":\"https:\\\/\\\/www.meydan.tv\\\/az\\\/#\\\/schema\\\/logo\\\/image\\\/\"}},{\"@type\":\"Person\",\"@id\":\"https:\\\/\\\/www.meydan.tv\\\/az\\\/#\\\/schema\\\/person\\\/9cdbecf90d17180ce1dfbd95b08dcf47\",\"name\":\"elli\",\"sameAs\":[\"https:\\\/\\\/x.com\\\/elli\"]}]}<\/script>\n<!-- \/ Yoast SEO plugin. -->","yoast_head_json":{"title":"Ekspert: \u201cAz\u0259rbaycanda barama\u00e7\u0131l\u0131\u011f\u0131 yenid\u0259n bataql\u0131\u011fa \u00e7\u0259kirl\u0259r\u201d - MEYDAN.TV","robots":{"index":"index","follow":"follow","max-snippet":"max-snippet:-1","max-image-preview":"max-image-preview:large","max-video-preview":"max-video-preview:-1"},"canonical":"https:\/\/www.meydan.tv\/az\/article\/ekspert-azerbaycanda-baramaciligi-yeniden-bataqliga-cekirler\/","og_locale":"az_AZ","og_type":"article","og_title":"Ekspert: \u201cAz\u0259rbaycanda barama\u00e7\u0131l\u0131\u011f\u0131 yenid\u0259n bataql\u0131\u011fa \u00e7\u0259kirl\u0259r\u201d - MEYDAN.TV","og_description":"\u201cD\u00f6vl\u0259t bu sah\u0259y\u0259 k\u00fclli miqdarda v\u0259sait ay\u0131r\u0131b, amma\u2026\u201d Az\u0259rbaycan\u0131n b\u0259zi ... Davam\u0131","og_url":"https:\/\/www.meydan.tv\/az\/article\/ekspert-azerbaycanda-baramaciligi-yeniden-bataqliga-cekirler\/","og_site_name":"MEYDAN.TV","article_published_time":"2022-07-05T08:07:10+00:00","article_modified_time":"2022-07-05T08:07:12+00:00","og_image":[{"width":1200,"height":801,"url":"https:\/\/www.meydan.tv\/wp-content\/uploads\/1560601520_barama_150619_01.jpg","type":"image\/jpeg"}],"author":"elli","twitter_card":"summary_large_image","twitter_creator":"@elli","schema":{"@context":"https:\/\/schema.org","@graph":[{"@type":"Article","@id":"https:\/\/www.meydan.tv\/az\/article\/ekspert-azerbaycanda-baramaciligi-yeniden-bataqliga-cekirler\/#article","isPartOf":{"@id":"https:\/\/www.meydan.tv\/az\/article\/ekspert-azerbaycanda-baramaciligi-yeniden-bataqliga-cekirler\/"},"author":{"name":"elli","@id":"https:\/\/www.meydan.tv\/az\/#\/schema\/person\/9cdbecf90d17180ce1dfbd95b08dcf47"},"headline":"Ekspert: \u201cAz\u0259rbaycanda barama\u00e7\u0131l\u0131\u011f\u0131 yenid\u0259n bataql\u0131\u011fa \u00e7\u0259kirl\u0259r\u201d","datePublished":"2022-07-05T08:07:10+00:00","dateModified":"2022-07-05T08:07:12+00:00","mainEntityOfPage":{"@id":"https:\/\/www.meydan.tv\/az\/article\/ekspert-azerbaycanda-baramaciligi-yeniden-bataqliga-cekirler\/"},"wordCount":835,"publisher":{"@id":"https:\/\/www.meydan.tv\/az\/#organization"},"image":{"@id":"https:\/\/www.meydan.tv\/az\/article\/ekspert-azerbaycanda-baramaciligi-yeniden-bataqliga-cekirler\/#primaryimage"},"thumbnailUrl":"https:\/\/www.meydan.tv\/wp-content\/uploads\/1560601520_barama_150619_01.jpg","articleSection":["\u0130qtisadiyyat","T\u00f6vsiy\u0259","X\u0259b\u0259rl\u0259r"],"inLanguage":"az"},{"@type":"WebPage","@id":"https:\/\/www.meydan.tv\/az\/article\/ekspert-azerbaycanda-baramaciligi-yeniden-bataqliga-cekirler\/","url":"https:\/\/www.meydan.tv\/az\/article\/ekspert-azerbaycanda-baramaciligi-yeniden-bataqliga-cekirler\/","name":"Ekspert: \u201cAz\u0259rbaycanda barama\u00e7\u0131l\u0131\u011f\u0131 yenid\u0259n bataql\u0131\u011fa \u00e7\u0259kirl\u0259r\u201d - MEYDAN.TV","isPartOf":{"@id":"https:\/\/www.meydan.tv\/az\/#website"},"primaryImageOfPage":{"@id":"https:\/\/www.meydan.tv\/az\/article\/ekspert-azerbaycanda-baramaciligi-yeniden-bataqliga-cekirler\/#primaryimage"},"image":{"@id":"https:\/\/www.meydan.tv\/az\/article\/ekspert-azerbaycanda-baramaciligi-yeniden-bataqliga-cekirler\/#primaryimage"},"thumbnailUrl":"https:\/\/www.meydan.tv\/wp-content\/uploads\/1560601520_barama_150619_01.jpg","datePublished":"2022-07-05T08:07:10+00:00","dateModified":"2022-07-05T08:07:12+00:00","breadcrumb":{"@id":"https:\/\/www.meydan.tv\/az\/article\/ekspert-azerbaycanda-baramaciligi-yeniden-bataqliga-cekirler\/#breadcrumb"},"inLanguage":"az","potentialAction":[{"@type":"ReadAction","target":["https:\/\/www.meydan.tv\/az\/article\/ekspert-azerbaycanda-baramaciligi-yeniden-bataqliga-cekirler\/"]}]},{"@type":"ImageObject","inLanguage":"az","@id":"https:\/\/www.meydan.tv\/az\/article\/ekspert-azerbaycanda-baramaciligi-yeniden-bataqliga-cekirler\/#primaryimage","url":"https:\/\/www.meydan.tv\/wp-content\/uploads\/1560601520_barama_150619_01.jpg","contentUrl":"https:\/\/www.meydan.tv\/wp-content\/uploads\/1560601520_barama_150619_01.jpg","width":1200,"height":801,"caption":"Barama. Foto: \"Trend\""},{"@type":"BreadcrumbList","@id":"https:\/\/www.meydan.tv\/az\/article\/ekspert-azerbaycanda-baramaciligi-yeniden-bataqliga-cekirler\/#breadcrumb","itemListElement":[{"@type":"ListItem","position":1,"name":"Ana s\u0259hif\u0259","item":"https:\/\/www.meydan.tv\/az\/"},{"@type":"ListItem","position":2,"name":"\u0130qtisadiyyat","item":"https:\/\/www.meydan.tv\/az\/section\/iqtisadiyyat\/"},{"@type":"ListItem","position":3,"name":"Ekspert: \u201cAz\u0259rbaycanda barama\u00e7\u0131l\u0131\u011f\u0131 yenid\u0259n bataql\u0131\u011fa \u00e7\u0259kirl\u0259r\u201d"}]},{"@type":"WebSite","@id":"https:\/\/www.meydan.tv\/az\/#website","url":"https:\/\/www.meydan.tv\/az\/","name":"MEYDAN.TV","description":"Meydan TV Az\u0259rbaycan\u0131n media m\u0259kan\u0131ndak\u0131 alternativ s\u0259sidir","publisher":{"@id":"https:\/\/www.meydan.tv\/az\/#organization"},"potentialAction":[{"@type":"SearchAction","target":{"@type":"EntryPoint","urlTemplate":"https:\/\/www.meydan.tv\/az\/?s={search_term_string}"},"query-input":{"@type":"PropertyValueSpecification","valueRequired":true,"valueName":"search_term_string"}}],"inLanguage":"az"},{"@type":"Organization","@id":"https:\/\/www.meydan.tv\/az\/#organization","name":"Meydan TV","url":"https:\/\/www.meydan.tv\/az\/","logo":{"@type":"ImageObject","inLanguage":"az","@id":"https:\/\/www.meydan.tv\/az\/#\/schema\/logo\/image\/","url":"https:\/\/www.meydan.tv\/wp-content\/uploads\/2021\/07\/meydan-logo.svg","contentUrl":"https:\/\/www.meydan.tv\/wp-content\/uploads\/2021\/07\/meydan-logo.svg","width":195,"height":46,"caption":"Meydan TV"},"image":{"@id":"https:\/\/www.meydan.tv\/az\/#\/schema\/logo\/image\/"}},{"@type":"Person","@id":"https:\/\/www.meydan.tv\/az\/#\/schema\/person\/9cdbecf90d17180ce1dfbd95b08dcf47","name":"elli","sameAs":["https:\/\/x.com\/elli"]}]}},"_links":{"self":[{"href":"https:\/\/www.meydan.tv\/az\/wp-json\/wp\/v2\/posts\/250119","targetHints":{"allow":["GET"]}}],"collection":[{"href":"https:\/\/www.meydan.tv\/az\/wp-json\/wp\/v2\/posts"}],"about":[{"href":"https:\/\/www.meydan.tv\/az\/wp-json\/wp\/v2\/types\/post"}],"author":[{"embeddable":true,"href":"https:\/\/www.meydan.tv\/az\/wp-json\/wp\/v2\/users\/8"}],"replies":[{"embeddable":true,"href":"https:\/\/www.meydan.tv\/az\/wp-json\/wp\/v2\/comments?post=250119"}],"version-history":[{"count":1,"href":"https:\/\/www.meydan.tv\/az\/wp-json\/wp\/v2\/posts\/250119\/revisions"}],"predecessor-version":[{"id":250123,"href":"https:\/\/www.meydan.tv\/az\/wp-json\/wp\/v2\/posts\/250119\/revisions\/250123"}],"wp:featuredmedia":[{"embeddable":true,"href":"https:\/\/www.meydan.tv\/az\/wp-json\/wp\/v2\/media\/250120"}],"wp:attachment":[{"href":"https:\/\/www.meydan.tv\/az\/wp-json\/wp\/v2\/media?parent=250119"}],"wp:term":[{"taxonomy":"category","embeddable":true,"href":"https:\/\/www.meydan.tv\/az\/wp-json\/wp\/v2\/categories?post=250119"},{"taxonomy":"post_tag","embeddable":true,"href":"https:\/\/www.meydan.tv\/az\/wp-json\/wp\/v2\/tags?post=250119"}],"curies":[{"name":"wp","href":"https:\/\/api.w.org\/{rel}","templated":true}]}}