{"id":249993,"date":"2022-07-02T14:24:16","date_gmt":"2022-07-02T10:24:16","guid":{"rendered":"https:\/\/www.meydan.tv\/?p=249993"},"modified":"2022-07-02T14:24:18","modified_gmt":"2022-07-02T10:24:18","slug":"professor-nesib-nesibli-tarix-melikmemmedin-nagili-deyil-ciddi-elmdir","status":"publish","type":"post","link":"https:\/\/www.meydan.tv\/az\/article\/professor-nesib-nesibli-tarix-melikmemmedin-nagili-deyil-ciddi-elmdir\/","title":{"rendered":"Professor N\u0259sib N\u0259sibli: &#8220;Tarix M\u0259likm\u0259mm\u0259din na\u011f\u0131l\u0131 deyil, ciddi elmdir&#8221;"},"content":{"rendered":"\n<figure class=\"wp-block-embed is-type-video is-provider-youtube wp-block-embed-youtube wp-embed-aspect-16-9 wp-has-aspect-ratio\"><div class=\"wp-block-embed__wrapper\">\n<iframe title=\"Professor N\u0259sib N\u0259sibli: &quot;Tarix M\u0259likm\u0259mm\u0259din na\u011f\u0131l\u0131 deyil, ciddi elmdir&quot;\" width=\"1200\" height=\"675\" data-src=\"https:\/\/www.youtube.com\/embed\/6K87ssKX7_s?feature=oembed\" frameborder=\"0\" allow=\"accelerometer; autoplay; clipboard-write; encrypted-media; gyroscope; picture-in-picture\" allowfullscreen title=\"Professor N\u0259sib N\u0259sibli: \"Tarix M\u0259likm\u0259mm\u0259din na\u011f\u0131l\u0131 deyil, ciddi elmdir\"\" src=\"data:image\/svg+xml;base64,PHN2ZyB3aWR0aD0iMSIgaGVpZ2h0PSIxIiB4bWxucz0iaHR0cDovL3d3dy53My5vcmcvMjAwMC9zdmciPjwvc3ZnPg==\" class=\"lazyload\" data-load-mode=\"1\"><\/iframe>\n<\/div><\/figure>\n\n\n\n<!--more-->\n\n\n\n<p><strong><em>&#8220;Co\u011frafiyaya dayal\u0131 tarix bizim \u0259n naqis m\u0259s\u0259l\u0259l\u0259rimizd\u0259ndir&#8221;<\/em><\/strong><\/p>\n\n\n\n<p>Az\u0259rbaycan tarix\u015f\u00fcnasl\u0131\u011f\u0131n\u0131n d\u00fcn\u0259ni, bu g\u00fcn\u00fc v\u0259 sabah\u0131 h\u0259mi\u015f\u0259 m\u00fczakir\u0259 v\u0259 m\u00fcbahis\u0259 predmeti olub. Problemi daha \u00e7ox tarix\u015f\u00fcnasl\u0131\u011f\u0131n bir s\u0131ra ehkamlarda-tarixin ideologiyala\u015fd\u0131r\u0131lmas\u0131nda v\u0259 siyasil\u0259\u015fdirilm\u0259sind\u0259 g\u00f6r\u0259nl\u0259r d\u0259 var. Professor N\u0259sib N\u0259siblinin Meydan TV-y\u0259 m\u00fcsahib\u0259sind\u0259 sadalanan probleml\u0259r\u0259 qism\u0259n d\u0259 olsa, cavab alma\u011fa \u00e7al\u0131\u015fd\u0131q.<\/p>\n\n\n\n<p><strong>XIX \u0259srd\u0259 yaranan Az\u0259rbaycan tarix\u015f\u00fcnasl\u0131\u011f\u0131 \u00e7ar v\u0259 bol\u015fevik Rusiyas\u0131 d\u00f6vrl\u0259rind\u0259n m\u00fcst\u0259qillik ill\u0259rin\u0259 hans\u0131 miraslar g\u0259tirib?<\/strong><\/p>\n\n\n\n<p>XIX \u0259srd\u0259 yaranma\u011fa ba\u015flay\u0131b des\u0259k, daha yax\u015f\u0131 olar. H\u0259min \u0259sr boyu bizd\u0259 milli tarix\u015f\u00fcnasl\u0131q yaranmad\u0131, formala\u015fmad\u0131. Tarix\u015f\u00fcnasl\u0131\u011f\u0131n yaranmas\u0131 daha \u00e7ox sovet d\u00f6vr\u00fcn\u0259 d\u00fc\u015fd\u00fc. Sovet rejimi d\u0259 ist\u0259diyi tezisl\u0259ri r\u0259smi tarix\u015f\u00fcnasl\u0131\u011fa s\u0131zd\u0131ra v\u0259 hopdura bildi. \u00dcmumiyy\u0259tl\u0259, totalitar rejiml\u0259rd\u0259 tarix\u00e7ilik ideologiyan\u0131n \u0259sirin\u0259 \u00e7evrilir. Baxmayaraq ki, Az\u0259rbaycan\u0131n \u00e7ox istedadl\u0131 v\u0259 g\u00f6rk\u0259mli tarix\u00e7il\u0259ri d\u0259 o ill\u0259rd\u0259 yeti\u015fdi, amma h\u0259r ist\u0259dikl\u0259rini yaz\u0131b, ax\u0131ra \u00e7atd\u0131ra bilm\u0259dil\u0259r. \u00c7\u00fcnki i\u015fl\u0259rini dar \u00e7\u0259r\u00e7iv\u0259d\u0259 g\u00f6rm\u0259k m\u0259cburiyy\u0259tl\u0259ri vard\u0131.<\/p>\n\n\n\n<p>\u201cAz\u0259rbaycan tarixi: mill\u0259t, d\u00f6vl\u0259t, siyas\u0259t\u201d ara\u015fd\u0131rman\u0131zda Az\u0259rbaycan tarixinin 7 b\u0259las\u0131 oldu\u011funu bildirmisiniz. Hans\u0131lard\u0131r onlar?<\/p>\n\n\n\n<p>7 r\u0259q\u0259mi \u015f\u0259rtidir, 8, yaxud 9 b\u0259la da ola bil\u0259r. Fikrimc\u0259, \u0259n \u0259sas\u0131 7 b\u0259lald\u0131r:<\/p>\n\n\n\n<p>Birincisi tarix\u00e7iliyin ifrat \u015f\u0259kild\u0259 ideologiyala\u015fmas\u0131, ya da hakim ideologiyaya tabe edilm\u0259si.<\/p>\n\n\n\n<p>\u0130kincisi, ifrat \u015f\u0259kild\u0259 siyasil\u0259\u015fdirilm\u0259si.<\/p>\n\n\n\n<p>\u00dc\u00e7\u00fcnc\u00fcs\u00fc tarix\u00e7iliyin ifrat formada co\u011frafiyaya ba\u011fl\u0131 olmas\u0131.<\/p>\n\n\n\n<p>D\u00f6rd\u00fcnc\u00fc, tarix elmimizin fokusa sahib olmamas\u0131 v\u0259 dig\u0259r b\u0259lalar\u0131 da var.<\/p>\n\n\n\n<p>Bunlar\u0131n \u0259n \u0259sas\u0131 ideologiyad\u0131r. B\u0259lk\u0259 d\u0259, sovet d\u00f6vr\u00fcn\u00fcn rus tarix\u00e7iliyi \u00fc\u00e7\u00fcn bunlar o q\u0259d\u0259r \u00f6n\u0259mli deyildi. Ancaq qeyri-ruslar\u0131n tarix\u015f\u00fcnasl\u0131\u011f\u0131 \u00fc\u00e7\u00fcn hakim sinifl\u0259rin v\u0259 h\u00f6kmdarlar\u0131n \u015f\u0259xsiyy\u0259tin\u0259 baxsaq, ham\u0131s\u0131 m\u0259nfi i\u015far\u0259li verilib. M\u0259s\u0259l\u0259n, rus tarix\u015f\u00fcnasl\u0131\u011f\u0131nda Pyotr &#8220;B\u00f6y\u00fck Pyotr&#8221; adland\u0131r\u0131l\u0131b, el\u0259 Aleksandr Nevski d\u0259 el\u0259. Az\u0259rbaycan sovet tarix\u00e7iliyind\u0259 bir n\u0259f\u0259r bel\u0259 m\u00fcsb\u0259t h\u00f6kmdar yox idi. Bir istisna vard\u0131, o da \u015eah \u0130smay\u0131l X\u0259tai idi. Bu, art\u0131q ba\u015fqa m\u00f6vzudur.<\/p>\n\n\n\n<p><strong>Az\u0259rbaycan tarix\u015f\u00fcnasl\u0131\u011f\u0131nda \u0259n \u00e7ox m\u00fcbahis\u0259 do\u011furan \u0259z\u0259l\u00e7ilik v\u0259 etnogeniz probleminin yen\u0259 d\u0259 diskussiyaya \u00e7evrilm\u0259sin\u0259 ehtiyac varm\u0131?<\/strong><\/p>\n\n\n\n<p>Bu, bizim tarix\u00e7iliyin \u0259n h\u0259ssas m\u0259s\u0259l\u0259l\u0259rind\u0259n biridir. \u018fz\u0259l\u00e7ilik, elmi dild\u0259 &#8220;primordializm&#8221; adlan\u0131r. Y\u0259ni q\u0259dim tarix\u0259 ba\u011fl\u0131l\u0131q. M\u0259s\u0259l\u0259n, Sovet d\u00f6vr\u00fcnd\u0259 Moskvadan g\u00f6st\u0259ri\u015f g\u0259lmi\u015fdi ki, erm\u0259nil\u0259r b\u00f6lg\u0259nin \u0259n q\u0259dim xalq\u0131 say\u0131l\u0131r, dig\u0259rl\u0259ri is\u0259 g\u0259lm\u0259&#8230;<\/p>\n\n\n\n<p><strong>Eyni zamanda, g\u00fcrc\u00fcl\u0259r v\u0259 biz d\u0259?<\/strong><\/p>\n\n\n\n<p>G\u00fcrc\u00fcl\u0259r nisb\u0259t\u0259n, az\u0259rbaycanl\u0131lar is\u0259 g\u0259lm\u0259 v\u0259 h\u0259tta d\u00f6vl\u0259ti olmayan k\u00f6\u00e7\u0259ri xalq hesab olunurdular. H\u0259m d\u0259 g\u0259lm\u0259 m\u0259s\u0259l\u0259si tarixsev\u0259rl\u0259rin v\u0259 \u00fcmumiyy\u0259tl\u0259, v\u0259t\u0259nda\u015flar\u0131n \u0259n yaral\u0131 yeri idi. O s\u0259viyy\u0259y\u0259 q\u0259d\u0259r g\u0259tirib \u00e7\u0131xartd\u0131lar ki, insanlar \u00f6z tarixl\u0259rind\u0259n utanma\u011fa ba\u015flad\u0131. Bu haqda m\u0259nim t\u0259l\u0259b\u0259l\u0259rim d\u0259: \u201cM\u00fc\u0259llim, biz bura g\u0259lm\u0259yik d\u0259\u201d &#8211; dey\u0259, s\u00f6yl\u0259yirdil\u0259r. M\u0259n d\u0259 cavab verirdim ki, erm\u0259nil\u0259r d\u0259, farslar da, g\u00fcrc\u00fcl\u0259r d\u0259 g\u0259lm\u0259dir. \u00dcmumiyy\u0259tl\u0259, d\u00fcnyada el\u0259 bir xalq yoxdur ki, bu g\u00fcn ya\u015fad\u0131\u011f\u0131 \u0259razid\u0259 3-5 min \u0259vv\u0259ld\u0259n ya\u015fam\u0131\u015f olsun.<\/p>\n\n\n\n<p><strong>Y\u0259ni avtoxton m\u00fcbahis\u0259l\u0259rin\u0259 son qoymaq laz\u0131md\u0131r?<\/strong><\/p>\n\n\n\n<p>\u018flb\u0259tt\u0259. Az\u0259rbaycan art\u0131q m\u00fcst\u0259qildir v\u0259 x\u00fcsus\u0259n, bu d\u00f6vrd\u0259 Moskvadan idar\u0259 olunmayan bir tarix\u00e7ilik ifrat \u0259z\u0259l\u00e7iliy\u0259 son qoymal\u0131d\u0131r. \u015e\u00fcbh\u0259siz ki, biz q\u0259dim tariximizi ortal\u0131\u011fa qoymal\u0131y\u0131q. Bir zamanlar h\u00f6rm\u0259tli tarix\u00e7imiz S\u00fcleyman \u018fliyarl\u0131 deyirdi ki, t\u0259bii d\u0259rinl\u0259\u015fdirm\u0259 metodu olmal\u0131d\u0131r. Y\u0259ni s\u00fcni \u015f\u0259kild\u0259 q\u0259dim tarix yaratma\u011fa ehtiyac yoxdur v\u0259 bunun he\u00e7 k\u0259s\u0259 xeyri olmur. G\u0259lm\u0259 m\u0259s\u0259l\u0259si d\u0259 psixolojimiz\u0259 pis t\u0259sir ed\u0259n amill\u0259rd\u0259n idi. Tariximizd\u0259 o\u011fuz k\u00f6\u00e7\u00fc XI \u0259srd\u0259 olub, amma bunun \u0259sl ad\u0131 he\u00e7 k\u00f6\u00e7 d\u0259 deyildi. Bu, t\u00fcrkl\u0259rin tarixd\u0259 d\u00fcnyaya ikinci d\u0259f\u0259 yay\u0131lmas\u0131d\u0131r. D\u00fcnyada bir ne\u00e7\u0259 xalq fiziki v\u0259 k\u00fclt\u00fcr varl\u0131\u011f\u0131n\u0131 geni\u015f co\u011frafiyaya da\u015f\u0131y\u0131b. Bu, \u0259r\u0259bl\u0259rd\u0259, ispanlarda, portuqallarda, \u00e7inlil\u0259rd\u0259 olub&#8230;<\/p>\n\n\n\n<p><strong>Y\u0259hudil\u0259rd\u0259 d\u0259?<\/strong><\/p>\n\n\n\n<p>Yox, onlarda olmad\u0131, onlar \u00e7ox yay\u0131ld\u0131, amma geri \u00e7\u0259kilm\u0259k m\u0259cburiyy\u0259tind\u0259 qald\u0131lar. 7 mill\u0259t d\u00fcnyaya yay\u0131l\u0131b ki, onlardan biri t\u00fcrkl\u0259rdir. Y\u0259ni bu yay\u0131lman\u0131n \u00f6z\u00fc sa\u011flam passionar enerjinin varl\u0131\u011f\u0131na d\u0259lal\u0259t ed\u0259n bir m\u0259s\u0259l\u0259dir. Bundan utanmaq yox, o d\u00f6n\u0259min t\u00fcrk tarixi il\u0259 q\u00fcrur duymaq laz\u0131md\u0131r.<\/p>\n\n\n\n<p><strong>B\u0259s qon\u015fular\u0131m\u0131zda \u0259z\u0259l\u00e7ilik m\u0259s\u0259l\u0259si nec\u0259 qoyulur?<\/strong><\/p>\n\n\n\n<p>Onlarda Moskvan\u0131n t\u0259hrikiyl\u0259 q\u0259dim\u00e7iliy\u0259 meyl vard\u0131. Amma xaricd\u0259 ya\u015fayan erm\u0259ni aliml\u0259ri bu m\u0259s\u0259l\u0259ni g\u00fcl\u00fc\u015f obyektin\u0259 \u00e7evirirdi. M\u0259s\u0259l\u0259n, Los-Ancelesd\u0259 ya\u015fayan erm\u0259ni tarix\u00e7i Ri\u00e7ard Hovanesyan Erm\u0259nistanda ya\u015fayan tarix\u00e7il\u0259ri \u0259l\u0259 sal\u0131rd\u0131. Deyirdi, erm\u0259ni tarix\u00e7il\u0259r az qal\u0131rlar desinl\u0259r ki, em\u0259nil\u0259r meymundan yaran\u0131b. \u018fz\u0259l\u00e7ilik m\u0259s\u0259l\u0259sinin tarix\u00e7ilikd\u0259 v\u0259 beyn\u0259lxalq m\u00fcnasib\u0259tl\u0259rd\u0259 \u0259h\u0259miyy\u0259ti yoxdur. B\u0259zi v\u0259t\u0259nda\u015flar\u0131m\u0131z d\u00fc\u015f\u00fcn\u00fcr ki, biz bu regiona erm\u0259nil\u0259rd\u0259n gec g\u0259ldiyimizi iddia ets\u0259k, onlar az\u0259rbaycanl\u0131lara burda ya\u015famaq haqq\u0131 tan\u0131mazlar. El\u0259 bir \u015fey yoxdur v\u0259 d\u00fcnya da bunu ciddi q\u0259bul etmir. Bu m\u0259s\u0259l\u0259 eyni zamanda, farslara da aiddir. Q\u0259dim farslar regiona g\u0259l\u0259nd\u0259, \u018fh\u0259m\u0259nil\u0259r d\u00f6vr\u00fcnd\u0259n \u0259vv\u0259l \u00e7ox z\u0259ngin m\u0259d\u0259niyy\u0259t olub, s\u00f6hb\u0259t Elam m\u0259d\u0259niyy\u0259tind\u0259n gedir. Onlar da Elam m\u0259d\u0259niyy\u0259tinin \u00fcst\u00fcnd\u0259 d\u00f6vl\u0259t qurublar. Elam dili d\u0259 iltisaqi dill\u0259rd\u0259n biridir, y\u0259ni fars dil qrupuna daxil deyil.<\/p>\n\n\n\n<p><strong>Yenid\u0259n tarix\u015f\u00fcnasl\u0131\u011f\u0131m\u0131z\u0131n dediyiniz 7 b\u0259las\u0131na qay\u0131daq, n\u0259d\u0259n yarand\u0131 bunlar, yen\u0259 siyas\u0259t\u0259 gedib \u00e7\u0131x\u0131r?<\/strong><\/p>\n\n\n\n<p>\u018flb\u0259tt\u0259. \u00d6z\u0259llikl\u0259 avtoritar rejiml\u0259rd\u0259 ideologiyan\u0131n \u0259sas\u0131n\u0131 t\u0259\u015fkil ed\u0259n m\u0259s\u0259l\u0259l\u0259rd\u0259n biri tarix\u015f\u00fcnasl\u0131qd\u0131r. Biz onun ideolgiya t\u0259r\u0259fini a\u00e7d\u0131q, bir d\u0259 siyasi t\u0259r\u0259fi var. M\u0259s\u0259l\u0259n, \u00f6t\u0259n \u0259srin 60 v\u0259 80-ci ill\u0259rind\u0259 \u00e7ap olunan 3 v\u0259 7 cildlik \u201cAz\u0259rbaycan tarixi\u201d kitablar\u0131nda Rusiya xilaskar kimi verilir. Halbuki Az\u0259rbaycan \u00fc\u00e7\u00fcn xilaskar s\u00f6hb\u0259ti olmay\u0131b, \u0259ksin\u0259, Rusiya i\u015f\u011fal\u00e7\u0131yd\u0131. Yaxud deyilirdi ki, XIX \u0259srin \u0259vv\u0259ll\u0259rind\u0259 Az\u0259rbaycan 3 alternativ yoldan \u0259n do\u011frusunu se\u00e7di, y\u0259ni gerid\u0259 qalm\u0131\u015f feodal \u0130ran v\u0259 T\u00fcrkiy\u0259ni yox, daha y\u00fcks\u0259k inki\u015faf s\u0259viyy\u0259sind\u0259 olan Rusiyan\u0131 se\u00e7di. Bu, ifrat d\u0259r\u0259c\u0259d\u0259 siyasil\u0259\u015fm\u0259dir. Eyni zamanda, q\u0259hr\u0259manlara yana\u015fma, n\u0259d\u0259n qubal\u0131 F\u0259t\u0259li xan q\u0259hr\u0259man oldu? Onun xidm\u0259ti n\u0259dir? Sovet ill\u0259rind\u0259 \u0259n \u00e7ox v\u0259sf olunan q\u0259hr\u0259manlardan biridir. S\u0259b\u0259b Rusiya qo\u015funlar\u0131n\u0131 d\u0259v\u0259t etm\u0259sidir. Ancaq onun o\u011flu \u015eeyx \u018fli xan atas\u0131ndan f\u0259rqli olaraq 1822-ci il\u0259d\u0259k\u0259lind\u0259 silah rus i\u015f\u011fal\u0131na qar\u015f\u0131 m\u00fcqavim\u0259t g\u00f6st\u0259rib. Bel\u0259 bir adam\u0131n r\u0259smi tarix\u00e7ilikd\u0259 yeri yoxdur. H\u0259tta m\u00fcst\u0259qilliyimizin 30-cu ilind\u0259 d\u0259 d\u0259rs kitablar\u0131nda \u015eeyx \u018fli xan bar\u0259sind\u0259 he\u00e7 n\u0259 deyilmir.<\/p>\n\n\n\n<p><strong>N\u0259sib b\u0259y, sizi daha \u00e7ox tariximiz\u0259 etnik bax\u0131\u015fdan yana\u015fmada su\u00e7lay\u0131rlar, \u0259sas varm\u0131?<\/strong><\/p>\n\n\n\n<p>Bu ittiham\u0131n \u0259sas\u0131 yoxdur. \u00c7\u00fcnki &#8220;English history&#8221; deyirl\u0259r, \u0259lb\u0259tt\u0259 ki, &#8220;History of England&#8221; da var, y\u0259ni ingilis, frans\u0131z, alman, rus tarixi. Yaxud sovet d\u00f6vr\u00fcnd\u0259n indiy\u0259d\u0259k olan erm\u0259ni tarixi v\u0259 ya erm\u0259ni xalq\u0131n\u0131n tarixi. Ancaq bizd\u0259 Az\u0259rbaycan xalq\u0131n\u0131n tarixi yox, el\u0259c\u0259 Az\u0259rbaycan tarixi yaz\u0131rlar. Co\u011frafiyan\u0131n tarixi bizim tariximizin t\u0259hrif etm\u0259k yollar\u0131ndan biridir. Halbuki b\u00fct\u00fcn tarixl\u0259r \u0259razid\u0259 ya\u015fayan xalq\u0131n tarixini \u0259ks etdirm\u0259lidir, n\u0259inki me\u015f\u0259nin, \u00e7ay\u0131n, da\u011f\u0131n, y\u0259ni co\u011frafiyan\u0131n. Bir d\u0259 \u00f6n\u0259mli m\u0259s\u0259l\u0259l\u0259rd\u0259n biri d\u00fcnyada m\u00fct\u0259h\u0259rrik xalqlar var, b\u00fct\u00fcn xalqlar m\u00fct\u0259h\u0259rrikdir. Amma \u0259n \u00e7ox h\u0259r\u0259k\u0259td\u0259 olan xalqlardan biri t\u00fcrkl\u0259rdir. Az\u0259rbaycan Sovet Sosialist Respublikas\u0131n\u0131n s\u0259rh\u0259dl\u0259ri daxilind\u0259n xaric\u0259 \u00e7\u0131xmadan bu tarixi izah etm\u0259k m\u00fcmk\u00fcn deyil. Co\u011frafiyaya s\u00f6yk\u0259n\u0259n tarix bizim \u0259n naqis m\u0259s\u0259l\u0259l\u0259rimizd\u0259n biridir. H\u0259m\u00e7inin mill\u0259tin mill\u0259t olmas\u0131n\u0131n \u015f\u0259rtl\u0259rind\u0259n biri d\u0259 do\u011fru, inand\u0131r\u0131c\u0131 v\u0259 ke\u00e7mi\u015find\u0259n d\u0259rs almaq imkan\u0131 ver\u0259 bil\u0259n tarix\u015f\u00fcnasl\u0131\u011f\u0131n olmas\u0131d\u0131r. Mill\u0259t haqq\u0131nda onlarla t\u0259rif var. N\u0259 q\u0259d\u0259r d\u00f6vl\u0259t varsa, o q\u0259d\u0259r d\u0259 mill\u0259t t\u0259rifi var. H\u0259r d\u00f6vl\u0259t v\u0259 xalq \u00f6z \u015f\u0259rtl\u0259rin\u0259 uy\u011fun olaraq t\u0259rifini m\u00fc\u0259yy\u0259n edir. Elmi t\u0259rifl\u0259rd\u0259n biri budur ki, ke\u00e7mi\u015fi haqq\u0131nda payla\u015f\u0131lan ortaq d\u0259y\u0259rl\u0259r\u0259 sahib olan xalq &#8211; mill\u0259tdir. Y\u0259ni az-\u00e7ox d\u0259r\u0259c\u0259d\u0259 ham\u0131 \u00fc\u00e7\u00fcn ortaq bir d\u0259y\u0259r olan tarix \u015f\u00fcurunun olmas\u0131d\u0131r. Dig\u0259r t\u0259r\u0259fi d\u0259 odur ki, o da g\u0259l\u0259c\u0259k haqq\u0131nda payla\u015f\u0131lan ortaq konseptl\u0259rin v\u0259 bax\u0131\u015flar\u0131n olmas\u0131d\u0131r. Bel\u0259likl\u0259, birincisi ke\u00e7mi\u015f haqq\u0131nda ortaq d\u0259y\u0259rdir. \u018fg\u0259r bu, yoxdursa, mill\u0259t d\u0259 yoxdur.<\/p>\n\n\n\n<p><strong>Az\u0259rbaycanda m\u00fcxt\u0259lif xalqlar var: l\u0259zgi, tal\u0131\u015f, erm\u0259ni, rus, k\u00fcrd v\u0259 dig\u0259rl\u0259ri. Siz onlar\u0131n ham\u0131s\u0131n\u0131n az\u0259rbaycanl\u0131 adland\u0131r\u0131lmas\u0131n\u0131n t\u0259r\u0259fdar\u0131 deyilsiz?<\/strong><\/p>\n\n\n\n<p>Art\u0131q Az\u0259rbaycan xalq\u0131 ifad\u0259si d\u0259 var v\u0259 bu, oturu\u015fub. G\u00fcrc\u00fcstan xalq\u0131 deyildiyi kimi eyni zamanda, g\u00fcrc\u00fc mill\u0259ti d\u0259 var. Az\u0259rbaycanda bir t\u00fcrk mill\u0259ti d\u0259 var v\u0259 bunun yan\u0131nda tal\u0131\u015f xalq\u0131 da var, l\u0259zgi, rus v\u0259 dig\u0259rl\u0259ri d\u0259. Bunlar ham\u0131s\u0131 Az\u0259rbaycan xalq\u0131 ifad\u0259sin\u0259 daxildir. M\u0259nc\u0259, bu m\u0259s\u0259l\u0259d\u0259 m\u00fcbahis\u0259li bir \u015fey yoxdur. Say bax\u0131m\u0131ndan etnik \u00e7oxlu\u011fun g\u00fccl\u00fc olmas\u0131, tarix v\u0259 milli \u015f\u00fcura sahibl\u0259nm\u0259si dig\u0259r xalqlar\u0131n ziyan\u0131na yox, \u0259ksin\u0259, xeyrin\u0259dir. \u00c7\u00fcnki etnik \u00e7oxluq n\u0259 q\u0259d\u0259r \u015f\u00fcurlu olarsa, h\u0259min m\u0259ml\u0259k\u0259t \u00f6z\u00fcn\u00fcqoruma imkan\u0131na daha art\u0131q d\u0259r\u0259c\u0259d\u0259 sahib olar.<\/p>\n\n\n\n<p><strong>\u00a0Az\u0259rbaycan tarixin\u0259 t\u0259kan ver\u0259n iki \u015f\u0259xs &#8211; Axundov-Z\u0259rdabi tandemind\u0259 hans\u0131na \u00fcst\u00fcnl\u00fck ver\u0259rdiniz? Bir \u00e7oxlar\u0131 h\u0259r \u015feyin, y\u0259ni t\u0259kan\u0131n Axundovla ba\u015flad\u0131\u011f\u0131n\u0131 deyir. Siz n\u0259 d\u00fc\u015f\u00fcn\u00fcrs\u00fcn\u00fcz?<\/strong><\/p>\n\n\n\n<p>\u015e\u00fcbh\u0259siz, Mirz\u0259 F\u0259t\u0259li Axundovun Az\u0259rbaycanda modernizmin inki\u015faf\u0131nda m\u00fcst\u0259sna rolu var, amma ondan \u0259vv\u0259l Bak\u0131xanovu da dey\u0259rdim. Bak\u0131xanov pe\u015f\u0259kar tarix\u00e7iliyin (klassik mirz\u0259 tarix\u00e7iliyi yox, m\u0259nb\u0259l\u0259r\u0259 \u0259saslanan tarix\u00e7ilik) \u0259sas\u0131n\u0131 qoyub. Niy\u0259 onu g\u00f6t\u00fcrm\u0259y\u0259k? M\u0259s\u0259l\u0259 ondad\u0131r ki, Axundov t\u00fcrkl\u00fcy\u0259 \u00e7ox soyuq yana\u015fan, h\u0259tta b\u0259zi m\u0259s\u0259l\u0259l\u0259rd\u0259 d\u00fc\u015fm\u0259n m\u00fcnasib\u0259td\u0259 olan adamd\u0131r. \u201cKamal\u00fcd\u00f6vl\u0259 m\u0259ktublar\u0131\u201dn\u0131 oxumaq kifay\u0259tdir. Dig\u0259r yaz\u0131lar\u0131nda da bu m\u00fcnasib\u0259t g\u00f6r\u00fcn\u00fcr. \u0130slamla ba\u011fl\u0131 Axundovun fikirl\u0259ri b\u0259rbadd\u0131r. Y\u0259ni s\u0131radan bir v\u0259t\u0259nda\u015f\u0131 \u00e7ox narahat ed\u0259n m\u0259s\u0259l\u0259dir, o, \u00f6l\u0259nd\u0259 d\u0259fnin\u0259 bir m\u00fcs\u0259lman da getm\u0259yib.<\/p>\n\n\n\n<p><strong>B\u0259lk\u0259, xurafat\u0131n \u0259leyhin\u0259 olmas\u0131ndan ir\u0259li g\u0259lirdi?<\/strong><\/p>\n\n\n\n<p>Xurafat ba\u015fqa bir \u015feydir, Axundov \u00fcmumiyy\u0259tl\u0259, \u0130slam\u0131n, dinin \u0259leyhin\u0259 idi.<\/p>\n\n\n\n<p><strong>Ancaq 2 \u0259sr \u0259vv\u0259l xurafat\u00e7\u0131l\u0131q el\u0259 bir s\u0259viyy\u0259d\u0259ydi ki, Axundov fikirl\u0259rini o \u015f\u0259kild\u0259 ifad\u0259 ed\u0259 bil\u0259rdimi?<\/strong><\/p>\n\n\n\n<p>\u0130fad\u0259 \u00f6n\u0259mli m\u0259s\u0259l\u0259dir. Ancaq b\u0259z\u0259n h\u0259qiq\u0259ti dey\u0259nd\u0259 bel\u0259 ifad\u0259 t\u0259rzind\u0259 ifrata varanda m\u0259qs\u0259dini tam a\u00e7a bilmirs\u0259n. Tam t\u0259rsin\u0259 olur.<\/p>\n\n\n\n<p><strong>B\u0259s Z\u0259rdabi?<\/strong><\/p>\n\n\n\n<p>Z\u0259rdabi m\u00fck\u0259mm\u0259l v\u0259 yeni bir n\u0259slin, yeni bir c\u0259r\u0259yan\u0131n ba\u015f\u0131nda dayanan \u015f\u0259xsiyy\u0259tdir. Z\u0259rdabi h\u0259m t\u00fcrk\u00e7\u00fcd\u00fcr, h\u0259m milliyy\u0259t\u00e7idir, h\u0259m d\u0259 m\u00fcasirdir. Eyni zamanda, m\u0259n\u0259vi-\u0259xlaqi d\u0259y\u0259rl\u0259ri d\u0259 r\u0259dd etm\u0259y\u0259n \u015f\u0259xs olub, \u00fcmumiyy\u0259tl\u0259, Z\u0259rdabi \u00f6z\u00fc \u00fc\u00e7\u00fcn ya\u015fam\u0131rd\u0131. N\u0259hay\u0259t, bizim bayra\u011f\u0131m\u0131zda \u0259ksini tapan, \u018fli b\u0259y H\u00fcseynzad\u0259 t\u0259r\u0259find\u0259n formula olunan yana\u015fma r\u0259hm\u0259tlik H\u0259s\u0259n b\u0259y Z\u0259rdabinin h\u0259yat\u0131nda \u00f6z\u00fcn\u00fc g\u00f6st\u0259rib. Ona g\u00f6r\u0259 Z\u0259rdabi t\u0259kc\u0259 jurnalistikan\u0131n, q\u0259zet\u00e7iliyin banisi deyil, o, milli fikrin ba\u015f\u0131nda dayanan \u015f\u0259xsdir.<\/p>\n\n\n\n<p><strong>S\u00f6hb\u0259timizin yekununda rus jurnalisti Mixail Z\u0131qar\u0131n bir fikrini xat\u0131rlatmaq ist\u0259rdim. Z\u0131qar yaz\u0131r ki, m\u0259n tariximi sevir\u0259m, onu \u00f6yr\u0259nm\u0259liy\u0259m, ancaq ondan as\u0131l\u0131 qalmaq ist\u0259mir\u0259m. Siz\u0259 el\u0259 g\u0259mir ki, biz d\u0259, ruslar da, erm\u0259nil\u0259r d\u0259 g\u0259l\u0259c\u0259y\u0259 h\u0259d\u0259fl\u0259nm\u0259k \u0259v\u0259zin\u0259, tarixd\u0259n as\u0131l\u0131 qalm\u0131\u015f\u0131q?<\/strong><\/p>\n\n\n\n<p>Do\u011fru m\u00fc\u015fahid\u0259dir, \u00e7\u00fcnki tarix\u00e7ilik o q\u0259d\u0259r t\u0259hrif olunub ki, insanlar yeni tarix \u0259s\u0259rl\u0259ri axtar\u0131r. Eyni zamanda, sovet d\u00f6vr\u00fcnd\u0259 tarix elmi o q\u0259d\u0259r b\u0259rbad v\u0259ziyy\u0259t\u0259 sal\u0131n\u0131b ki, onun t\u0259siri alt\u0131na d\u00fc\u015f\u00fcb. Amerikal\u0131 alim Hoffin deyirdi ki, insan ke\u00e7mi\u015fini n\u0259 q\u0259d\u0259r yax\u015f\u0131 bilirs\u0259, onun o \u00f6l\u00e7\u00fcd\u0259 daha az k\u00f6l\u0259si, qulu olur. Amerikada, \u0130ngilt\u0259r\u0259d\u0259 v\u0259 dig\u0259r \u00f6lk\u0259l\u0259rd\u0259 tarix \u015f\u00fcuru il\u0259 ba\u011fl\u0131 b\u0259zi proqramlarda i\u015ftirak etmi\u015f\u0259m. H\u0259qiq\u0259t\u0259n bizim r\u0259smi tarix\u00e7ilikd\u0259n dil\u0259 g\u0259tirdiyiniz as\u0131l\u0131l\u0131\u011f\u0131 Q\u0259rb \u00f6lk\u0259l\u0259rind\u0259 g\u00f6r\u0259 bilm\u0259zsiniz. M\u0259s\u0259l\u0259n, siz bir q\u0259hr\u0259man\u0131 sevib onun filan xalq\u0131n tarixind\u0259 \u00e7ox b\u00f6y\u00fck rol oynad\u0131\u011f\u0131n\u0131 dey\u0259 bil\u0259rsiniz. O zaman sor\u011fulamayla qar\u015f\u0131lacaqs\u0131n\u0131z. \u00c7\u00fcnki &#8220;h\u0259min q\u0259hr\u0259man n\u0259 yaratd\u0131 v\u0259 n\u0259 qald\u0131?&#8221; &#8211; sual\u0131n\u0131 ver\u0259c\u0259kl\u0259r. \u018fg\u0259r d\u0259lill\u0259ri g\u0259tir\u0259 bilmirsinizs\u0259, q\u0259hr\u0259man havadan as\u0131l\u0131 qal\u0131r. Ona g\u00f6r\u0259 tarixi bilm\u0259k, ondan d\u0259rs almaq laz\u0131md\u0131r. Tarix M\u0259likm\u0259mm\u0259d na\u011f\u0131l\u0131 deyil, ciddi elmdir. M\u0259s\u0259l\u0259 ondad\u0131r ki, ke\u00e7mi\u015find\u0259n d\u0259rs almayan bir xalq\u0131n \u00f6z\u00fcn\u00fc d\u0259rk etm\u0259si d\u0259 m\u00fcmk\u00fcn deyil. \u0130br\u0259t d\u0259rsi tarixd\u0259n al\u0131n\u0131r, \u00f6z\u00fc d\u0259 obyektiv tarixd\u0259n.<\/p>\n","protected":false},"excerpt":{"rendered":"","protected":false},"author":14,"featured_media":249994,"comment_status":"closed","ping_status":"closed","sticky":false,"template":"","format":"standard","meta":{"_acf_changed":false,"_sitemap_exclude":false,"_sitemap_priority":"","_sitemap_frequency":"","footnotes":""},"categories":[63],"tags":[],"class_list":["post-249993","post","type-post","status-publish","format-standard","has-post-thumbnail","hentry","category-video-2","infinite-scroll-item","generate-columns","tablet-grid-50","mobile-grid-100","grid-parent","grid-33","no-featured-image-padding"],"acf":[],"yoast_head":"<!-- This site is optimized with the Yoast SEO plugin v27.5 - https:\/\/yoast.com\/product\/yoast-seo-wordpress\/ -->\n<title>Professor N\u0259sib N\u0259sibli: &quot;Tarix M\u0259likm\u0259mm\u0259din na\u011f\u0131l\u0131 deyil, ciddi elmdir&quot; - MEYDAN.TV<\/title>\n<meta name=\"robots\" content=\"index, follow, max-snippet:-1, max-image-preview:large, max-video-preview:-1\" \/>\n<link rel=\"canonical\" href=\"https:\/\/www.meydan.tv\/az\/article\/professor-nesib-nesibli-tarix-melikmemmedin-nagili-deyil-ciddi-elmdir\/\" \/>\n<meta property=\"og:locale\" content=\"az_AZ\" \/>\n<meta property=\"og:type\" content=\"article\" \/>\n<meta property=\"og:title\" content=\"Professor N\u0259sib N\u0259sibli: &quot;Tarix M\u0259likm\u0259mm\u0259din na\u011f\u0131l\u0131 deyil, ciddi elmdir&quot; - MEYDAN.TV\" \/>\n<meta property=\"og:url\" content=\"https:\/\/www.meydan.tv\/az\/article\/professor-nesib-nesibli-tarix-melikmemmedin-nagili-deyil-ciddi-elmdir\/\" \/>\n<meta property=\"og:site_name\" content=\"MEYDAN.TV\" \/>\n<meta property=\"article:published_time\" content=\"2022-07-02T10:24:16+00:00\" \/>\n<meta property=\"article:modified_time\" content=\"2022-07-02T10:24:18+00:00\" \/>\n<meta property=\"og:image\" content=\"https:\/\/www.meydan.tv\/wp-content\/uploads\/screenshot-at-jul-02-12-21-30-768x432.png\" \/>\n\t<meta property=\"og:image:width\" content=\"768\" \/>\n\t<meta property=\"og:image:height\" content=\"432\" \/>\n\t<meta property=\"og:image:type\" content=\"image\/png\" \/>\n<meta name=\"author\" content=\"roma\" \/>\n<meta name=\"twitter:card\" content=\"summary_large_image\" \/>\n<script type=\"application\/ld+json\" class=\"yoast-schema-graph\">{\"@context\":\"https:\\\/\\\/schema.org\",\"@graph\":[{\"@type\":\"Article\",\"@id\":\"https:\\\/\\\/www.meydan.tv\\\/az\\\/article\\\/professor-nesib-nesibli-tarix-melikmemmedin-nagili-deyil-ciddi-elmdir\\\/#article\",\"isPartOf\":{\"@id\":\"https:\\\/\\\/www.meydan.tv\\\/az\\\/article\\\/professor-nesib-nesibli-tarix-melikmemmedin-nagili-deyil-ciddi-elmdir\\\/\"},\"author\":{\"name\":\"roma\",\"@id\":\"https:\\\/\\\/www.meydan.tv\\\/az\\\/#\\\/schema\\\/person\\\/8f23e01c4de63326c13c319fb65ee65d\"},\"headline\":\"Professor N\u0259sib N\u0259sibli: &#8220;Tarix M\u0259likm\u0259mm\u0259din na\u011f\u0131l\u0131 deyil, ciddi elmdir&#8221;\",\"datePublished\":\"2022-07-02T10:24:16+00:00\",\"dateModified\":\"2022-07-02T10:24:18+00:00\",\"mainEntityOfPage\":{\"@id\":\"https:\\\/\\\/www.meydan.tv\\\/az\\\/article\\\/professor-nesib-nesibli-tarix-melikmemmedin-nagili-deyil-ciddi-elmdir\\\/\"},\"wordCount\":2678,\"publisher\":{\"@id\":\"https:\\\/\\\/www.meydan.tv\\\/az\\\/#organization\"},\"image\":{\"@id\":\"https:\\\/\\\/www.meydan.tv\\\/az\\\/article\\\/professor-nesib-nesibli-tarix-melikmemmedin-nagili-deyil-ciddi-elmdir\\\/#primaryimage\"},\"thumbnailUrl\":\"https:\\\/\\\/www.meydan.tv\\\/wp-content\\\/uploads\\\/screenshot-at-jul-02-12-21-30.png\",\"articleSection\":[\"Video\"],\"inLanguage\":\"az\"},{\"@type\":\"WebPage\",\"@id\":\"https:\\\/\\\/www.meydan.tv\\\/az\\\/article\\\/professor-nesib-nesibli-tarix-melikmemmedin-nagili-deyil-ciddi-elmdir\\\/\",\"url\":\"https:\\\/\\\/www.meydan.tv\\\/az\\\/article\\\/professor-nesib-nesibli-tarix-melikmemmedin-nagili-deyil-ciddi-elmdir\\\/\",\"name\":\"Professor N\u0259sib N\u0259sibli: \\\"Tarix M\u0259likm\u0259mm\u0259din na\u011f\u0131l\u0131 deyil, ciddi elmdir\\\" - MEYDAN.TV\",\"isPartOf\":{\"@id\":\"https:\\\/\\\/www.meydan.tv\\\/az\\\/#website\"},\"primaryImageOfPage\":{\"@id\":\"https:\\\/\\\/www.meydan.tv\\\/az\\\/article\\\/professor-nesib-nesibli-tarix-melikmemmedin-nagili-deyil-ciddi-elmdir\\\/#primaryimage\"},\"image\":{\"@id\":\"https:\\\/\\\/www.meydan.tv\\\/az\\\/article\\\/professor-nesib-nesibli-tarix-melikmemmedin-nagili-deyil-ciddi-elmdir\\\/#primaryimage\"},\"thumbnailUrl\":\"https:\\\/\\\/www.meydan.tv\\\/wp-content\\\/uploads\\\/screenshot-at-jul-02-12-21-30.png\",\"datePublished\":\"2022-07-02T10:24:16+00:00\",\"dateModified\":\"2022-07-02T10:24:18+00:00\",\"breadcrumb\":{\"@id\":\"https:\\\/\\\/www.meydan.tv\\\/az\\\/article\\\/professor-nesib-nesibli-tarix-melikmemmedin-nagili-deyil-ciddi-elmdir\\\/#breadcrumb\"},\"inLanguage\":\"az\",\"potentialAction\":[{\"@type\":\"ReadAction\",\"target\":[\"https:\\\/\\\/www.meydan.tv\\\/az\\\/article\\\/professor-nesib-nesibli-tarix-melikmemmedin-nagili-deyil-ciddi-elmdir\\\/\"]}]},{\"@type\":\"ImageObject\",\"inLanguage\":\"az\",\"@id\":\"https:\\\/\\\/www.meydan.tv\\\/az\\\/article\\\/professor-nesib-nesibli-tarix-melikmemmedin-nagili-deyil-ciddi-elmdir\\\/#primaryimage\",\"url\":\"https:\\\/\\\/www.meydan.tv\\\/wp-content\\\/uploads\\\/screenshot-at-jul-02-12-21-30.png\",\"contentUrl\":\"https:\\\/\\\/www.meydan.tv\\\/wp-content\\\/uploads\\\/screenshot-at-jul-02-12-21-30.png\",\"width\":1200,\"height\":675},{\"@type\":\"BreadcrumbList\",\"@id\":\"https:\\\/\\\/www.meydan.tv\\\/az\\\/article\\\/professor-nesib-nesibli-tarix-melikmemmedin-nagili-deyil-ciddi-elmdir\\\/#breadcrumb\",\"itemListElement\":[{\"@type\":\"ListItem\",\"position\":1,\"name\":\"Ana s\u0259hif\u0259\",\"item\":\"https:\\\/\\\/www.meydan.tv\\\/az\\\/\"},{\"@type\":\"ListItem\",\"position\":2,\"name\":\"Video\",\"item\":\"https:\\\/\\\/www.meydan.tv\\\/az\\\/section\\\/video-2\\\/\"},{\"@type\":\"ListItem\",\"position\":3,\"name\":\"Professor N\u0259sib N\u0259sibli: &#8220;Tarix M\u0259likm\u0259mm\u0259din na\u011f\u0131l\u0131 deyil, ciddi elmdir&#8221;\"}]},{\"@type\":\"WebSite\",\"@id\":\"https:\\\/\\\/www.meydan.tv\\\/az\\\/#website\",\"url\":\"https:\\\/\\\/www.meydan.tv\\\/az\\\/\",\"name\":\"MEYDAN.TV\",\"description\":\"Meydan TV Az\u0259rbaycan\u0131n media m\u0259kan\u0131ndak\u0131 alternativ s\u0259sidir\",\"publisher\":{\"@id\":\"https:\\\/\\\/www.meydan.tv\\\/az\\\/#organization\"},\"potentialAction\":[{\"@type\":\"SearchAction\",\"target\":{\"@type\":\"EntryPoint\",\"urlTemplate\":\"https:\\\/\\\/www.meydan.tv\\\/az\\\/?s={search_term_string}\"},\"query-input\":{\"@type\":\"PropertyValueSpecification\",\"valueRequired\":true,\"valueName\":\"search_term_string\"}}],\"inLanguage\":\"az\"},{\"@type\":\"Organization\",\"@id\":\"https:\\\/\\\/www.meydan.tv\\\/az\\\/#organization\",\"name\":\"Meydan TV\",\"url\":\"https:\\\/\\\/www.meydan.tv\\\/az\\\/\",\"logo\":{\"@type\":\"ImageObject\",\"inLanguage\":\"az\",\"@id\":\"https:\\\/\\\/www.meydan.tv\\\/az\\\/#\\\/schema\\\/logo\\\/image\\\/\",\"url\":\"https:\\\/\\\/www.meydan.tv\\\/wp-content\\\/uploads\\\/2021\\\/07\\\/meydan-logo.svg\",\"contentUrl\":\"https:\\\/\\\/www.meydan.tv\\\/wp-content\\\/uploads\\\/2021\\\/07\\\/meydan-logo.svg\",\"width\":195,\"height\":46,\"caption\":\"Meydan TV\"},\"image\":{\"@id\":\"https:\\\/\\\/www.meydan.tv\\\/az\\\/#\\\/schema\\\/logo\\\/image\\\/\"}},{\"@type\":\"Person\",\"@id\":\"https:\\\/\\\/www.meydan.tv\\\/az\\\/#\\\/schema\\\/person\\\/8f23e01c4de63326c13c319fb65ee65d\",\"name\":\"roma\"}]}<\/script>\n<!-- \/ Yoast SEO plugin. -->","yoast_head_json":{"title":"Professor N\u0259sib N\u0259sibli: \"Tarix M\u0259likm\u0259mm\u0259din na\u011f\u0131l\u0131 deyil, ciddi elmdir\" - MEYDAN.TV","robots":{"index":"index","follow":"follow","max-snippet":"max-snippet:-1","max-image-preview":"max-image-preview:large","max-video-preview":"max-video-preview:-1"},"canonical":"https:\/\/www.meydan.tv\/az\/article\/professor-nesib-nesibli-tarix-melikmemmedin-nagili-deyil-ciddi-elmdir\/","og_locale":"az_AZ","og_type":"article","og_title":"Professor N\u0259sib N\u0259sibli: \"Tarix M\u0259likm\u0259mm\u0259din na\u011f\u0131l\u0131 deyil, ciddi elmdir\" - MEYDAN.TV","og_url":"https:\/\/www.meydan.tv\/az\/article\/professor-nesib-nesibli-tarix-melikmemmedin-nagili-deyil-ciddi-elmdir\/","og_site_name":"MEYDAN.TV","article_published_time":"2022-07-02T10:24:16+00:00","article_modified_time":"2022-07-02T10:24:18+00:00","og_image":[{"width":768,"height":432,"url":"https:\/\/www.meydan.tv\/wp-content\/uploads\/screenshot-at-jul-02-12-21-30-768x432.png","type":"image\/png"}],"author":"roma","twitter_card":"summary_large_image","schema":{"@context":"https:\/\/schema.org","@graph":[{"@type":"Article","@id":"https:\/\/www.meydan.tv\/az\/article\/professor-nesib-nesibli-tarix-melikmemmedin-nagili-deyil-ciddi-elmdir\/#article","isPartOf":{"@id":"https:\/\/www.meydan.tv\/az\/article\/professor-nesib-nesibli-tarix-melikmemmedin-nagili-deyil-ciddi-elmdir\/"},"author":{"name":"roma","@id":"https:\/\/www.meydan.tv\/az\/#\/schema\/person\/8f23e01c4de63326c13c319fb65ee65d"},"headline":"Professor N\u0259sib N\u0259sibli: &#8220;Tarix M\u0259likm\u0259mm\u0259din na\u011f\u0131l\u0131 deyil, ciddi elmdir&#8221;","datePublished":"2022-07-02T10:24:16+00:00","dateModified":"2022-07-02T10:24:18+00:00","mainEntityOfPage":{"@id":"https:\/\/www.meydan.tv\/az\/article\/professor-nesib-nesibli-tarix-melikmemmedin-nagili-deyil-ciddi-elmdir\/"},"wordCount":2678,"publisher":{"@id":"https:\/\/www.meydan.tv\/az\/#organization"},"image":{"@id":"https:\/\/www.meydan.tv\/az\/article\/professor-nesib-nesibli-tarix-melikmemmedin-nagili-deyil-ciddi-elmdir\/#primaryimage"},"thumbnailUrl":"https:\/\/www.meydan.tv\/wp-content\/uploads\/screenshot-at-jul-02-12-21-30.png","articleSection":["Video"],"inLanguage":"az"},{"@type":"WebPage","@id":"https:\/\/www.meydan.tv\/az\/article\/professor-nesib-nesibli-tarix-melikmemmedin-nagili-deyil-ciddi-elmdir\/","url":"https:\/\/www.meydan.tv\/az\/article\/professor-nesib-nesibli-tarix-melikmemmedin-nagili-deyil-ciddi-elmdir\/","name":"Professor N\u0259sib N\u0259sibli: \"Tarix M\u0259likm\u0259mm\u0259din na\u011f\u0131l\u0131 deyil, ciddi elmdir\" - MEYDAN.TV","isPartOf":{"@id":"https:\/\/www.meydan.tv\/az\/#website"},"primaryImageOfPage":{"@id":"https:\/\/www.meydan.tv\/az\/article\/professor-nesib-nesibli-tarix-melikmemmedin-nagili-deyil-ciddi-elmdir\/#primaryimage"},"image":{"@id":"https:\/\/www.meydan.tv\/az\/article\/professor-nesib-nesibli-tarix-melikmemmedin-nagili-deyil-ciddi-elmdir\/#primaryimage"},"thumbnailUrl":"https:\/\/www.meydan.tv\/wp-content\/uploads\/screenshot-at-jul-02-12-21-30.png","datePublished":"2022-07-02T10:24:16+00:00","dateModified":"2022-07-02T10:24:18+00:00","breadcrumb":{"@id":"https:\/\/www.meydan.tv\/az\/article\/professor-nesib-nesibli-tarix-melikmemmedin-nagili-deyil-ciddi-elmdir\/#breadcrumb"},"inLanguage":"az","potentialAction":[{"@type":"ReadAction","target":["https:\/\/www.meydan.tv\/az\/article\/professor-nesib-nesibli-tarix-melikmemmedin-nagili-deyil-ciddi-elmdir\/"]}]},{"@type":"ImageObject","inLanguage":"az","@id":"https:\/\/www.meydan.tv\/az\/article\/professor-nesib-nesibli-tarix-melikmemmedin-nagili-deyil-ciddi-elmdir\/#primaryimage","url":"https:\/\/www.meydan.tv\/wp-content\/uploads\/screenshot-at-jul-02-12-21-30.png","contentUrl":"https:\/\/www.meydan.tv\/wp-content\/uploads\/screenshot-at-jul-02-12-21-30.png","width":1200,"height":675},{"@type":"BreadcrumbList","@id":"https:\/\/www.meydan.tv\/az\/article\/professor-nesib-nesibli-tarix-melikmemmedin-nagili-deyil-ciddi-elmdir\/#breadcrumb","itemListElement":[{"@type":"ListItem","position":1,"name":"Ana s\u0259hif\u0259","item":"https:\/\/www.meydan.tv\/az\/"},{"@type":"ListItem","position":2,"name":"Video","item":"https:\/\/www.meydan.tv\/az\/section\/video-2\/"},{"@type":"ListItem","position":3,"name":"Professor N\u0259sib N\u0259sibli: &#8220;Tarix M\u0259likm\u0259mm\u0259din na\u011f\u0131l\u0131 deyil, ciddi elmdir&#8221;"}]},{"@type":"WebSite","@id":"https:\/\/www.meydan.tv\/az\/#website","url":"https:\/\/www.meydan.tv\/az\/","name":"MEYDAN.TV","description":"Meydan TV Az\u0259rbaycan\u0131n media m\u0259kan\u0131ndak\u0131 alternativ s\u0259sidir","publisher":{"@id":"https:\/\/www.meydan.tv\/az\/#organization"},"potentialAction":[{"@type":"SearchAction","target":{"@type":"EntryPoint","urlTemplate":"https:\/\/www.meydan.tv\/az\/?s={search_term_string}"},"query-input":{"@type":"PropertyValueSpecification","valueRequired":true,"valueName":"search_term_string"}}],"inLanguage":"az"},{"@type":"Organization","@id":"https:\/\/www.meydan.tv\/az\/#organization","name":"Meydan TV","url":"https:\/\/www.meydan.tv\/az\/","logo":{"@type":"ImageObject","inLanguage":"az","@id":"https:\/\/www.meydan.tv\/az\/#\/schema\/logo\/image\/","url":"https:\/\/www.meydan.tv\/wp-content\/uploads\/2021\/07\/meydan-logo.svg","contentUrl":"https:\/\/www.meydan.tv\/wp-content\/uploads\/2021\/07\/meydan-logo.svg","width":195,"height":46,"caption":"Meydan TV"},"image":{"@id":"https:\/\/www.meydan.tv\/az\/#\/schema\/logo\/image\/"}},{"@type":"Person","@id":"https:\/\/www.meydan.tv\/az\/#\/schema\/person\/8f23e01c4de63326c13c319fb65ee65d","name":"roma"}]}},"_links":{"self":[{"href":"https:\/\/www.meydan.tv\/az\/wp-json\/wp\/v2\/posts\/249993","targetHints":{"allow":["GET"]}}],"collection":[{"href":"https:\/\/www.meydan.tv\/az\/wp-json\/wp\/v2\/posts"}],"about":[{"href":"https:\/\/www.meydan.tv\/az\/wp-json\/wp\/v2\/types\/post"}],"author":[{"embeddable":true,"href":"https:\/\/www.meydan.tv\/az\/wp-json\/wp\/v2\/users\/14"}],"replies":[{"embeddable":true,"href":"https:\/\/www.meydan.tv\/az\/wp-json\/wp\/v2\/comments?post=249993"}],"version-history":[{"count":1,"href":"https:\/\/www.meydan.tv\/az\/wp-json\/wp\/v2\/posts\/249993\/revisions"}],"predecessor-version":[{"id":249997,"href":"https:\/\/www.meydan.tv\/az\/wp-json\/wp\/v2\/posts\/249993\/revisions\/249997"}],"wp:featuredmedia":[{"embeddable":true,"href":"https:\/\/www.meydan.tv\/az\/wp-json\/wp\/v2\/media\/249994"}],"wp:attachment":[{"href":"https:\/\/www.meydan.tv\/az\/wp-json\/wp\/v2\/media?parent=249993"}],"wp:term":[{"taxonomy":"category","embeddable":true,"href":"https:\/\/www.meydan.tv\/az\/wp-json\/wp\/v2\/categories?post=249993"},{"taxonomy":"post_tag","embeddable":true,"href":"https:\/\/www.meydan.tv\/az\/wp-json\/wp\/v2\/tags?post=249993"}],"curies":[{"name":"wp","href":"https:\/\/api.w.org\/{rel}","templated":true}]}}