{"id":249940,"date":"2022-07-01T18:28:55","date_gmt":"2022-07-01T14:28:55","guid":{"rendered":"https:\/\/www.meydan.tv\/?p=249940"},"modified":"2022-07-01T20:24:36","modified_gmt":"2022-07-01T16:24:36","slug":"dil-komissiyasi-ifacilarin-dil-ve-nitq-qusurlarini-teftis-edecek","status":"publish","type":"post","link":"https:\/\/www.meydan.tv\/az\/article\/dil-komissiyasi-ifacilarin-dil-ve-nitq-qusurlarini-teftis-edecek\/","title":{"rendered":"M\u00fc\u011f\u0259nnil\u0259rin ifalar\u0131ndak\u0131 dil q\u00fcsurlar\u0131 ara\u015fd\u0131r\u0131lacaq\ufffc"},"content":{"rendered":"\n<p><strong><em>Xalq artisti: Efirl\u0259rd\u0259 biab\u0131r\u00e7\u0131l\u0131qd\u0131r, insanlar\u0131 televiziyadan k\u00fcsd\u00fcr\u00fcbl\u0259r&#8221;<\/em><\/strong><\/p>\n\n\n\n<p>Az\u0259rbaycan Respublikas\u0131n\u0131n D\u00f6vl\u0259t Dil Komissiyas\u0131 yan\u0131nda Monitorinq M\u0259rk\u0259zi mahn\u0131 ifa\u00e7\u0131lar\u0131n\u0131n nitqind\u0259 q\u00fcsurlar\u0131n m\u00fc\u0259yy\u0259nl\u0259\u015fdirilm\u0259si m\u0259qs\u0259dil\u0259 monitorinql\u0259r\u0259 ba\u015flay\u0131b.<\/p>\n\n\n\n<p>M\u0259rk\u0259zd\u0259n bildirilib ki, haz\u0131rda mahn\u0131lar\u0131n b\u00f6y\u00fck \u0259ks\u0259riyy\u0259ti pe\u015f\u0259kar b\u0259st\u0259karlar t\u0259r\u0259find\u0259n deyil, h\u0259v\u0259skar b\u0259st\u0259\u00e7i v\u0259 aranjiman\u00e7\u0131lar t\u0259r\u0259find\u0259n <a href=\"https:\/\/report.az\/elm-ve-tehsil-xeberleri\/azerbaycanda-mahni-ifacilarinin-nitqinde-qusurlarla-bagli-monitorinqlere-baslanilib\/\">haz\u0131rlan\u0131r<\/a>.<\/p>\n\n\n\n<p>Mahn\u0131 m\u0259tnl\u0259ri d\u0259 \u00e7ox vaxt el\u0259 b\u0259st\u0259\u00e7i t\u0259r\u0259find\u0259n musiqinin ritmin\u0259 uy\u011fun olaraq, \u0259d\u0259bi janr\u0131n t\u0259l\u0259bl\u0259rin\u0259 m\u0259h\u0259l qoyulmadan yaz\u0131l\u0131r.<\/p>\n\n\n\n<p>Bu kimi hallar ciddi norma pozuntusu kimi d\u0259y\u0259rl\u0259ndirilib.<\/p>\n\n\n\n<p>Xalq artisti, b\u0259st\u0259kar Faiq S\u00fcc\u0259ddinov Meydan TV-y\u0259 deyib ki, baya\u011f\u0131, qeyri-pe\u015f\u0259kar mahn\u0131lar\u0131n yay\u0131lmas\u0131n\u0131n qar\u015f\u0131s\u0131n\u0131 almaq \u00fc\u00e7\u00fcn ilk n\u00f6vb\u0259d\u0259 telekanallardan ba\u015flamaq laz\u0131md\u0131r:<\/p>\n\n\n\n<p>\u201cBu g\u00fcn meyarlar d\u0259yi\u015fib. Efirl\u0259rd\u0259 biab\u0131r\u00e7\u0131l\u0131qd\u0131r. Telekanallar ancaq fikirl\u0259\u015firl\u0259r ki, efirl\u0259rind\u0259 qalmaqal olsun. N\u0259 q\u0259d\u0259r \u00e7ox q\u0131\u015fq\u0131rsalar, o q\u0259d\u0259r d\u0259 \u00e7ox reytinq qazanarlar. \u0130nsanlar\u0131 televiziyadan k\u00fcsd\u00fcr\u00fcbl\u0259r&#8221;.<\/p>\n\n\n\n<p>&#8220;Audiovizual \u015eura bu biab\u0131r\u00e7\u0131l\u0131\u011f\u0131n qar\u015f\u0131s\u0131n\u0131 almal\u0131d\u0131r. Telekanallarda musiqi\u015f\u00fcnaslar olmasa, Az\u0259rbaycan musiqisinin qay\u011f\u0131s\u0131na qalmasa, he\u00e7 n\u0259 d\u00fcz\u0259lm\u0259y\u0259c\u0259k. Efir\u0259 \u00e7\u0131xan m\u00fc\u011f\u0259nnil\u0259rin \u00e7oxunu tan\u0131m\u0131ram. \u00d6zl\u0259ri \u00f6z m\u0259d\u0259niyy\u0259tl\u0259rin\u0259 g\u00f6r\u0259 mahn\u0131 oxuyurlar\u201d, &#8211; dey\u0259 o bildirib.<\/p>\n\n\n\n<p>B\u0259st\u0259kar deyib ki, telekanal r\u0259hb\u0259rl\u0259ri baya\u011f\u0131 mahn\u0131 oxuyan m\u00fc\u011f\u0259nnil\u0259ri efirl\u0259r\u0259 d\u0259v\u0259t etm\u0259m\u0259lidir: \u201cAf\u0259t F\u0259rmanq\u0131z\u0131 \u0130mad\u0259ddin N\u0259siminin \u201cM\u0259nd\u0259 s\u0131\u011far iki cahan, m\u0259n bu cahana s\u0131\u011fmazam\u201d q\u0259z\u0259lin\u0259 \u201cP\u0259ncu-\u015fe\u015f\u201d adl\u0131 mahn\u0131 yaz\u0131b-oxudu. \u018fb\u00fclf\u0259s Qarayev m\u0259d\u0259niyy\u0259t naziri kimi m\u0259s\u0259l\u0259y\u0259 irad\u0131n\u0131 bildirdi. H\u0259min irad\u0131 Af\u0259t F\u0259rmanq\u0131z\u0131 qulaqard\u0131 etdi. Dolay\u0131s\u0131 il\u0259 dedi ki, get, i\u015finl\u0259 m\u0259\u015f\u011ful ol. Bu m\u0259s\u0259l\u0259d\u0259 telekanal r\u0259hb\u0259rl\u0259ri rol oynad\u0131. H\u0259min ifan\u0131 t\u0259bli\u011f etdil\u0259r, yayd\u0131lar. Bel\u0259 m\u00fc\u011f\u0259nnil\u0259ri onlar efirl\u0259rin\u0259 \u00e7\u0131xarmasalar, bel\u0259 baya\u011f\u0131 mahn\u0131lar da ortaya \u00e7\u0131xmaz\u201d.<\/p>\n","protected":false},"excerpt":{"rendered":"<p>Xalq artisti: Efirl\u0259rd\u0259 biab\u0131r\u00e7\u0131l\u0131qd\u0131r, insanlar\u0131 televiziyadan k\u00fcsd\u00fcr\u00fcbl\u0259r&#8221; Az\u0259rbaycan Respublikas\u0131n\u0131n D\u00f6vl\u0259t &#8230; <\/p>\n<p class=\"read-more-container\"><a title=\"M\u00fc\u011f\u0259nnil\u0259rin ifalar\u0131ndak\u0131 dil q\u00fcsurlar\u0131 ara\u015fd\u0131r\u0131lacaq\ufffc\" class=\"read-more button\" href=\"https:\/\/www.meydan.tv\/az\/article\/dil-komissiyasi-ifacilarin-dil-ve-nitq-qusurlarini-teftis-edecek\/#more-249940\" aria-label=\"Read more about M\u00fc\u011f\u0259nnil\u0259rin ifalar\u0131ndak\u0131 dil q\u00fcsurlar\u0131 ara\u015fd\u0131r\u0131lacaq\ufffc\">Davam\u0131<\/a><\/p>\n","protected":false},"author":14,"featured_media":249942,"comment_status":"closed","ping_status":"closed","sticky":false,"template":"","format":"standard","meta":{"_acf_changed":false,"_sitemap_exclude":false,"_sitemap_priority":"","_sitemap_frequency":"","footnotes":""},"categories":[52,56],"tags":[],"class_list":["post-249940","post","type-post","status-publish","format-standard","has-post-thumbnail","hentry","category-medeniyyet","category-xeberler","infinite-scroll-item","generate-columns","tablet-grid-50","mobile-grid-100","grid-parent","grid-33","no-featured-image-padding"],"acf":[],"yoast_head":"<!-- This site is optimized with the Yoast SEO plugin v27.5 - https:\/\/yoast.com\/product\/yoast-seo-wordpress\/ -->\n<title>M\u00fc\u011f\u0259nnil\u0259rin ifalar\u0131ndak\u0131 dil q\u00fcsurlar\u0131 ara\u015fd\u0131r\u0131lacaq\ufffc - MEYDAN.TV<\/title>\n<meta name=\"robots\" content=\"index, follow, max-snippet:-1, max-image-preview:large, max-video-preview:-1\" \/>\n<link rel=\"canonical\" href=\"https:\/\/www.meydan.tv\/az\/article\/dil-komissiyasi-ifacilarin-dil-ve-nitq-qusurlarini-teftis-edecek\/\" \/>\n<meta property=\"og:locale\" content=\"az_AZ\" \/>\n<meta property=\"og:type\" content=\"article\" \/>\n<meta property=\"og:title\" content=\"M\u00fc\u011f\u0259nnil\u0259rin ifalar\u0131ndak\u0131 dil q\u00fcsurlar\u0131 ara\u015fd\u0131r\u0131lacaq\ufffc - MEYDAN.TV\" \/>\n<meta property=\"og:description\" content=\"Xalq artisti: Efirl\u0259rd\u0259 biab\u0131r\u00e7\u0131l\u0131qd\u0131r, insanlar\u0131 televiziyadan k\u00fcsd\u00fcr\u00fcbl\u0259r&#8221; Az\u0259rbaycan Respublikas\u0131n\u0131n D\u00f6vl\u0259t ... Davam\u0131\" \/>\n<meta property=\"og:url\" content=\"https:\/\/www.meydan.tv\/az\/article\/dil-komissiyasi-ifacilarin-dil-ve-nitq-qusurlarini-teftis-edecek\/\" \/>\n<meta property=\"og:site_name\" content=\"MEYDAN.TV\" \/>\n<meta property=\"article:published_time\" content=\"2022-07-01T14:28:55+00:00\" \/>\n<meta property=\"article:modified_time\" content=\"2022-07-01T16:24:36+00:00\" \/>\n<meta property=\"og:image\" content=\"https:\/\/www.meydan.tv\/wp-content\/uploads\/5b5d39b9-5369-3932-8eab-a7e36e825fb4_850.jpeg\" \/>\n\t<meta property=\"og:image:width\" content=\"850\" \/>\n\t<meta property=\"og:image:height\" content=\"530\" \/>\n\t<meta property=\"og:image:type\" content=\"image\/jpeg\" \/>\n<meta name=\"author\" content=\"roma\" \/>\n<meta name=\"twitter:card\" content=\"summary_large_image\" \/>\n<script type=\"application\/ld+json\" class=\"yoast-schema-graph\">{\"@context\":\"https:\\\/\\\/schema.org\",\"@graph\":[{\"@type\":\"Article\",\"@id\":\"https:\\\/\\\/www.meydan.tv\\\/az\\\/article\\\/dil-komissiyasi-ifacilarin-dil-ve-nitq-qusurlarini-teftis-edecek\\\/#article\",\"isPartOf\":{\"@id\":\"https:\\\/\\\/www.meydan.tv\\\/az\\\/article\\\/dil-komissiyasi-ifacilarin-dil-ve-nitq-qusurlarini-teftis-edecek\\\/\"},\"author\":{\"name\":\"roma\",\"@id\":\"https:\\\/\\\/www.meydan.tv\\\/az\\\/#\\\/schema\\\/person\\\/8f23e01c4de63326c13c319fb65ee65d\"},\"headline\":\"M\u00fc\u011f\u0259nnil\u0259rin ifalar\u0131ndak\u0131 dil q\u00fcsurlar\u0131 ara\u015fd\u0131r\u0131lacaq\ufffc\",\"datePublished\":\"2022-07-01T14:28:55+00:00\",\"dateModified\":\"2022-07-01T16:24:36+00:00\",\"mainEntityOfPage\":{\"@id\":\"https:\\\/\\\/www.meydan.tv\\\/az\\\/article\\\/dil-komissiyasi-ifacilarin-dil-ve-nitq-qusurlarini-teftis-edecek\\\/\"},\"wordCount\":426,\"publisher\":{\"@id\":\"https:\\\/\\\/www.meydan.tv\\\/az\\\/#organization\"},\"image\":{\"@id\":\"https:\\\/\\\/www.meydan.tv\\\/az\\\/article\\\/dil-komissiyasi-ifacilarin-dil-ve-nitq-qusurlarini-teftis-edecek\\\/#primaryimage\"},\"thumbnailUrl\":\"https:\\\/\\\/www.meydan.tv\\\/wp-content\\\/uploads\\\/5b5d39b9-5369-3932-8eab-a7e36e825fb4_850.jpeg\",\"articleSection\":[\"M\u0259d\u0259niyy\u0259t\",\"X\u0259b\u0259rl\u0259r\"],\"inLanguage\":\"az\"},{\"@type\":\"WebPage\",\"@id\":\"https:\\\/\\\/www.meydan.tv\\\/az\\\/article\\\/dil-komissiyasi-ifacilarin-dil-ve-nitq-qusurlarini-teftis-edecek\\\/\",\"url\":\"https:\\\/\\\/www.meydan.tv\\\/az\\\/article\\\/dil-komissiyasi-ifacilarin-dil-ve-nitq-qusurlarini-teftis-edecek\\\/\",\"name\":\"M\u00fc\u011f\u0259nnil\u0259rin ifalar\u0131ndak\u0131 dil q\u00fcsurlar\u0131 ara\u015fd\u0131r\u0131lacaq\ufffc - MEYDAN.TV\",\"isPartOf\":{\"@id\":\"https:\\\/\\\/www.meydan.tv\\\/az\\\/#website\"},\"primaryImageOfPage\":{\"@id\":\"https:\\\/\\\/www.meydan.tv\\\/az\\\/article\\\/dil-komissiyasi-ifacilarin-dil-ve-nitq-qusurlarini-teftis-edecek\\\/#primaryimage\"},\"image\":{\"@id\":\"https:\\\/\\\/www.meydan.tv\\\/az\\\/article\\\/dil-komissiyasi-ifacilarin-dil-ve-nitq-qusurlarini-teftis-edecek\\\/#primaryimage\"},\"thumbnailUrl\":\"https:\\\/\\\/www.meydan.tv\\\/wp-content\\\/uploads\\\/5b5d39b9-5369-3932-8eab-a7e36e825fb4_850.jpeg\",\"datePublished\":\"2022-07-01T14:28:55+00:00\",\"dateModified\":\"2022-07-01T16:24:36+00:00\",\"breadcrumb\":{\"@id\":\"https:\\\/\\\/www.meydan.tv\\\/az\\\/article\\\/dil-komissiyasi-ifacilarin-dil-ve-nitq-qusurlarini-teftis-edecek\\\/#breadcrumb\"},\"inLanguage\":\"az\",\"potentialAction\":[{\"@type\":\"ReadAction\",\"target\":[\"https:\\\/\\\/www.meydan.tv\\\/az\\\/article\\\/dil-komissiyasi-ifacilarin-dil-ve-nitq-qusurlarini-teftis-edecek\\\/\"]}]},{\"@type\":\"ImageObject\",\"inLanguage\":\"az\",\"@id\":\"https:\\\/\\\/www.meydan.tv\\\/az\\\/article\\\/dil-komissiyasi-ifacilarin-dil-ve-nitq-qusurlarini-teftis-edecek\\\/#primaryimage\",\"url\":\"https:\\\/\\\/www.meydan.tv\\\/wp-content\\\/uploads\\\/5b5d39b9-5369-3932-8eab-a7e36e825fb4_850.jpeg\",\"contentUrl\":\"https:\\\/\\\/www.meydan.tv\\\/wp-content\\\/uploads\\\/5b5d39b9-5369-3932-8eab-a7e36e825fb4_850.jpeg\",\"width\":850,\"height\":530,\"caption\":\"Report\"},{\"@type\":\"BreadcrumbList\",\"@id\":\"https:\\\/\\\/www.meydan.tv\\\/az\\\/article\\\/dil-komissiyasi-ifacilarin-dil-ve-nitq-qusurlarini-teftis-edecek\\\/#breadcrumb\",\"itemListElement\":[{\"@type\":\"ListItem\",\"position\":1,\"name\":\"Ana s\u0259hif\u0259\",\"item\":\"https:\\\/\\\/www.meydan.tv\\\/az\\\/\"},{\"@type\":\"ListItem\",\"position\":2,\"name\":\"M\u0259d\u0259niyy\u0259t\",\"item\":\"https:\\\/\\\/www.meydan.tv\\\/az\\\/section\\\/medeniyyet\\\/\"},{\"@type\":\"ListItem\",\"position\":3,\"name\":\"M\u00fc\u011f\u0259nnil\u0259rin ifalar\u0131ndak\u0131 dil q\u00fcsurlar\u0131 ara\u015fd\u0131r\u0131lacaq\ufffc\"}]},{\"@type\":\"WebSite\",\"@id\":\"https:\\\/\\\/www.meydan.tv\\\/az\\\/#website\",\"url\":\"https:\\\/\\\/www.meydan.tv\\\/az\\\/\",\"name\":\"MEYDAN.TV\",\"description\":\"Meydan TV Az\u0259rbaycan\u0131n media m\u0259kan\u0131ndak\u0131 alternativ s\u0259sidir\",\"publisher\":{\"@id\":\"https:\\\/\\\/www.meydan.tv\\\/az\\\/#organization\"},\"potentialAction\":[{\"@type\":\"SearchAction\",\"target\":{\"@type\":\"EntryPoint\",\"urlTemplate\":\"https:\\\/\\\/www.meydan.tv\\\/az\\\/?s={search_term_string}\"},\"query-input\":{\"@type\":\"PropertyValueSpecification\",\"valueRequired\":true,\"valueName\":\"search_term_string\"}}],\"inLanguage\":\"az\"},{\"@type\":\"Organization\",\"@id\":\"https:\\\/\\\/www.meydan.tv\\\/az\\\/#organization\",\"name\":\"Meydan TV\",\"url\":\"https:\\\/\\\/www.meydan.tv\\\/az\\\/\",\"logo\":{\"@type\":\"ImageObject\",\"inLanguage\":\"az\",\"@id\":\"https:\\\/\\\/www.meydan.tv\\\/az\\\/#\\\/schema\\\/logo\\\/image\\\/\",\"url\":\"https:\\\/\\\/www.meydan.tv\\\/wp-content\\\/uploads\\\/2021\\\/07\\\/meydan-logo.svg\",\"contentUrl\":\"https:\\\/\\\/www.meydan.tv\\\/wp-content\\\/uploads\\\/2021\\\/07\\\/meydan-logo.svg\",\"width\":195,\"height\":46,\"caption\":\"Meydan TV\"},\"image\":{\"@id\":\"https:\\\/\\\/www.meydan.tv\\\/az\\\/#\\\/schema\\\/logo\\\/image\\\/\"}},{\"@type\":\"Person\",\"@id\":\"https:\\\/\\\/www.meydan.tv\\\/az\\\/#\\\/schema\\\/person\\\/8f23e01c4de63326c13c319fb65ee65d\",\"name\":\"roma\"}]}<\/script>\n<!-- \/ Yoast SEO plugin. -->","yoast_head_json":{"title":"M\u00fc\u011f\u0259nnil\u0259rin ifalar\u0131ndak\u0131 dil q\u00fcsurlar\u0131 ara\u015fd\u0131r\u0131lacaq\ufffc - MEYDAN.TV","robots":{"index":"index","follow":"follow","max-snippet":"max-snippet:-1","max-image-preview":"max-image-preview:large","max-video-preview":"max-video-preview:-1"},"canonical":"https:\/\/www.meydan.tv\/az\/article\/dil-komissiyasi-ifacilarin-dil-ve-nitq-qusurlarini-teftis-edecek\/","og_locale":"az_AZ","og_type":"article","og_title":"M\u00fc\u011f\u0259nnil\u0259rin ifalar\u0131ndak\u0131 dil q\u00fcsurlar\u0131 ara\u015fd\u0131r\u0131lacaq\ufffc - MEYDAN.TV","og_description":"Xalq artisti: Efirl\u0259rd\u0259 biab\u0131r\u00e7\u0131l\u0131qd\u0131r, insanlar\u0131 televiziyadan k\u00fcsd\u00fcr\u00fcbl\u0259r&#8221; Az\u0259rbaycan Respublikas\u0131n\u0131n D\u00f6vl\u0259t ... Davam\u0131","og_url":"https:\/\/www.meydan.tv\/az\/article\/dil-komissiyasi-ifacilarin-dil-ve-nitq-qusurlarini-teftis-edecek\/","og_site_name":"MEYDAN.TV","article_published_time":"2022-07-01T14:28:55+00:00","article_modified_time":"2022-07-01T16:24:36+00:00","og_image":[{"width":850,"height":530,"url":"https:\/\/www.meydan.tv\/wp-content\/uploads\/5b5d39b9-5369-3932-8eab-a7e36e825fb4_850.jpeg","type":"image\/jpeg"}],"author":"roma","twitter_card":"summary_large_image","schema":{"@context":"https:\/\/schema.org","@graph":[{"@type":"Article","@id":"https:\/\/www.meydan.tv\/az\/article\/dil-komissiyasi-ifacilarin-dil-ve-nitq-qusurlarini-teftis-edecek\/#article","isPartOf":{"@id":"https:\/\/www.meydan.tv\/az\/article\/dil-komissiyasi-ifacilarin-dil-ve-nitq-qusurlarini-teftis-edecek\/"},"author":{"name":"roma","@id":"https:\/\/www.meydan.tv\/az\/#\/schema\/person\/8f23e01c4de63326c13c319fb65ee65d"},"headline":"M\u00fc\u011f\u0259nnil\u0259rin ifalar\u0131ndak\u0131 dil q\u00fcsurlar\u0131 ara\u015fd\u0131r\u0131lacaq\ufffc","datePublished":"2022-07-01T14:28:55+00:00","dateModified":"2022-07-01T16:24:36+00:00","mainEntityOfPage":{"@id":"https:\/\/www.meydan.tv\/az\/article\/dil-komissiyasi-ifacilarin-dil-ve-nitq-qusurlarini-teftis-edecek\/"},"wordCount":426,"publisher":{"@id":"https:\/\/www.meydan.tv\/az\/#organization"},"image":{"@id":"https:\/\/www.meydan.tv\/az\/article\/dil-komissiyasi-ifacilarin-dil-ve-nitq-qusurlarini-teftis-edecek\/#primaryimage"},"thumbnailUrl":"https:\/\/www.meydan.tv\/wp-content\/uploads\/5b5d39b9-5369-3932-8eab-a7e36e825fb4_850.jpeg","articleSection":["M\u0259d\u0259niyy\u0259t","X\u0259b\u0259rl\u0259r"],"inLanguage":"az"},{"@type":"WebPage","@id":"https:\/\/www.meydan.tv\/az\/article\/dil-komissiyasi-ifacilarin-dil-ve-nitq-qusurlarini-teftis-edecek\/","url":"https:\/\/www.meydan.tv\/az\/article\/dil-komissiyasi-ifacilarin-dil-ve-nitq-qusurlarini-teftis-edecek\/","name":"M\u00fc\u011f\u0259nnil\u0259rin ifalar\u0131ndak\u0131 dil q\u00fcsurlar\u0131 ara\u015fd\u0131r\u0131lacaq\ufffc - MEYDAN.TV","isPartOf":{"@id":"https:\/\/www.meydan.tv\/az\/#website"},"primaryImageOfPage":{"@id":"https:\/\/www.meydan.tv\/az\/article\/dil-komissiyasi-ifacilarin-dil-ve-nitq-qusurlarini-teftis-edecek\/#primaryimage"},"image":{"@id":"https:\/\/www.meydan.tv\/az\/article\/dil-komissiyasi-ifacilarin-dil-ve-nitq-qusurlarini-teftis-edecek\/#primaryimage"},"thumbnailUrl":"https:\/\/www.meydan.tv\/wp-content\/uploads\/5b5d39b9-5369-3932-8eab-a7e36e825fb4_850.jpeg","datePublished":"2022-07-01T14:28:55+00:00","dateModified":"2022-07-01T16:24:36+00:00","breadcrumb":{"@id":"https:\/\/www.meydan.tv\/az\/article\/dil-komissiyasi-ifacilarin-dil-ve-nitq-qusurlarini-teftis-edecek\/#breadcrumb"},"inLanguage":"az","potentialAction":[{"@type":"ReadAction","target":["https:\/\/www.meydan.tv\/az\/article\/dil-komissiyasi-ifacilarin-dil-ve-nitq-qusurlarini-teftis-edecek\/"]}]},{"@type":"ImageObject","inLanguage":"az","@id":"https:\/\/www.meydan.tv\/az\/article\/dil-komissiyasi-ifacilarin-dil-ve-nitq-qusurlarini-teftis-edecek\/#primaryimage","url":"https:\/\/www.meydan.tv\/wp-content\/uploads\/5b5d39b9-5369-3932-8eab-a7e36e825fb4_850.jpeg","contentUrl":"https:\/\/www.meydan.tv\/wp-content\/uploads\/5b5d39b9-5369-3932-8eab-a7e36e825fb4_850.jpeg","width":850,"height":530,"caption":"Report"},{"@type":"BreadcrumbList","@id":"https:\/\/www.meydan.tv\/az\/article\/dil-komissiyasi-ifacilarin-dil-ve-nitq-qusurlarini-teftis-edecek\/#breadcrumb","itemListElement":[{"@type":"ListItem","position":1,"name":"Ana s\u0259hif\u0259","item":"https:\/\/www.meydan.tv\/az\/"},{"@type":"ListItem","position":2,"name":"M\u0259d\u0259niyy\u0259t","item":"https:\/\/www.meydan.tv\/az\/section\/medeniyyet\/"},{"@type":"ListItem","position":3,"name":"M\u00fc\u011f\u0259nnil\u0259rin ifalar\u0131ndak\u0131 dil q\u00fcsurlar\u0131 ara\u015fd\u0131r\u0131lacaq\ufffc"}]},{"@type":"WebSite","@id":"https:\/\/www.meydan.tv\/az\/#website","url":"https:\/\/www.meydan.tv\/az\/","name":"MEYDAN.TV","description":"Meydan TV Az\u0259rbaycan\u0131n media m\u0259kan\u0131ndak\u0131 alternativ s\u0259sidir","publisher":{"@id":"https:\/\/www.meydan.tv\/az\/#organization"},"potentialAction":[{"@type":"SearchAction","target":{"@type":"EntryPoint","urlTemplate":"https:\/\/www.meydan.tv\/az\/?s={search_term_string}"},"query-input":{"@type":"PropertyValueSpecification","valueRequired":true,"valueName":"search_term_string"}}],"inLanguage":"az"},{"@type":"Organization","@id":"https:\/\/www.meydan.tv\/az\/#organization","name":"Meydan TV","url":"https:\/\/www.meydan.tv\/az\/","logo":{"@type":"ImageObject","inLanguage":"az","@id":"https:\/\/www.meydan.tv\/az\/#\/schema\/logo\/image\/","url":"https:\/\/www.meydan.tv\/wp-content\/uploads\/2021\/07\/meydan-logo.svg","contentUrl":"https:\/\/www.meydan.tv\/wp-content\/uploads\/2021\/07\/meydan-logo.svg","width":195,"height":46,"caption":"Meydan TV"},"image":{"@id":"https:\/\/www.meydan.tv\/az\/#\/schema\/logo\/image\/"}},{"@type":"Person","@id":"https:\/\/www.meydan.tv\/az\/#\/schema\/person\/8f23e01c4de63326c13c319fb65ee65d","name":"roma"}]}},"_links":{"self":[{"href":"https:\/\/www.meydan.tv\/az\/wp-json\/wp\/v2\/posts\/249940","targetHints":{"allow":["GET"]}}],"collection":[{"href":"https:\/\/www.meydan.tv\/az\/wp-json\/wp\/v2\/posts"}],"about":[{"href":"https:\/\/www.meydan.tv\/az\/wp-json\/wp\/v2\/types\/post"}],"author":[{"embeddable":true,"href":"https:\/\/www.meydan.tv\/az\/wp-json\/wp\/v2\/users\/14"}],"replies":[{"embeddable":true,"href":"https:\/\/www.meydan.tv\/az\/wp-json\/wp\/v2\/comments?post=249940"}],"version-history":[{"count":3,"href":"https:\/\/www.meydan.tv\/az\/wp-json\/wp\/v2\/posts\/249940\/revisions"}],"predecessor-version":[{"id":249958,"href":"https:\/\/www.meydan.tv\/az\/wp-json\/wp\/v2\/posts\/249940\/revisions\/249958"}],"wp:featuredmedia":[{"embeddable":true,"href":"https:\/\/www.meydan.tv\/az\/wp-json\/wp\/v2\/media\/249942"}],"wp:attachment":[{"href":"https:\/\/www.meydan.tv\/az\/wp-json\/wp\/v2\/media?parent=249940"}],"wp:term":[{"taxonomy":"category","embeddable":true,"href":"https:\/\/www.meydan.tv\/az\/wp-json\/wp\/v2\/categories?post=249940"},{"taxonomy":"post_tag","embeddable":true,"href":"https:\/\/www.meydan.tv\/az\/wp-json\/wp\/v2\/tags?post=249940"}],"curies":[{"name":"wp","href":"https:\/\/api.w.org\/{rel}","templated":true}]}}