{"id":249891,"date":"2022-07-01T14:09:31","date_gmt":"2022-07-01T10:09:31","guid":{"rendered":"https:\/\/www.meydan.tv\/?p=249891"},"modified":"2022-07-01T14:09:32","modified_gmt":"2022-07-01T10:09:32","slug":"vilyam-haciyeve-13-il-hebs-cezasi-istenilib","status":"publish","type":"post","link":"https:\/\/www.meydan.tv\/az\/article\/vilyam-haciyeve-13-il-hebs-cezasi-istenilib\/","title":{"rendered":"Vilyam Hac\u0131yev\u0259 13 il h\u0259bs c\u0259zas\u0131 ist\u0259nilib"},"content":{"rendered":"\n<p><\/p>\n\n\n\n<p><em>Prokuror onun 6.3 milyon \u0259mlak\u0131n\u0131n m\u00fcsadir\u0259 olunmas\u0131n\u0131 t\u0259l\u0259b edib<\/em><\/p>\n\n\n\n<p>\u0130yulun 1-d\u0259 \u0130mi\u015flinin h\u0259bsd\u0259 olan sabiq icra ba\u015f\u00e7\u0131s\u0131 Vilyam Hac\u0131yevin m\u0259hk\u0259m\u0259si yekunla\u015f\u0131b.<\/p>\n\n\n\n<p>Bak\u0131 A\u011f\u0131r Cinay\u0259tl\u0259r M\u0259hk\u0259m\u0259sind\u0259 hakim Az\u0259r Pa\u015fayevin s\u0259drliyil\u0259 ke\u00e7iril\u0259n m\u0259hk\u0259m\u0259d\u0259 prokuror Vilyam Hac\u0131yev\u0259 13 il h\u0259bs c\u0259zas\u0131 ist\u0259yib.<\/p>\n\n\n\n<p>O, \u00e7\u0131x\u0131\u015f\u0131nda bildirib ki, Vilyam Hac\u0131yev\u0259 Cinay\u0259t M\u0259c\u0259ll\u0259sinin 179.4 (x\u00fcsusil\u0259 k\u00fclli miqdarda ziyan vurmaqla m\u0259nims\u0259m\u0259), 228 (qanunsuz silah saxlama), 311 (r\u00fc\u015fv\u0259t alma), 308 (v\u0259zif\u0259 s\u0259lahiyy\u0259tl\u0259rind\u0259n sui-istifad\u0259 etm\u0259), 313-c\u00fc (v\u0259zif\u0259 saxtakarl\u0131\u011f\u0131) madd\u0259l\u0259ril\u0259 veril\u0259n ittihamlar m\u0259hk\u0259m\u0259d\u0259 s\u00fcbuta yetirilib.<\/p>\n\n\n\n<p>Prokuror Vilyam Hac\u0131yevin \u00fcz\u0259rind\u0259 h\u0259bs olan 6.3 milyon manatl\u0131q pul v\u0259 \u0259mlaklar\u0131n\u0131n m\u00fcsadir\u0259 olunmas\u0131n\u0131, ona veril\u0259c\u0259k c\u0259zan\u0131 ciddi rejimli c\u0259za\u00e7\u0259km\u0259 m\u00fc\u0259ssis\u0259sind\u0259 \u00e7\u0259km\u0259sini ist\u0259yib.<\/p>\n\n\n\n<p>Prosessual qaydalara g\u00f6r\u0259, prokurordan sonra v\u0259kil \u00e7\u0131x\u0131\u015f etm\u0259lidir. Lakin sabiq icra ba\u015f\u00e7\u0131s\u0131n\u0131n v\u0259kili \u00e7\u0131x\u0131\u015fa haz\u0131rla\u015fmaq \u00fc\u00e7\u00fcn m\u0259hk\u0259m\u0259d\u0259n vaxt ist\u0259yib.<\/p>\n\n\n\n<p>Ona iyulun 8-d\u0259k vaxt verilib.<\/p>\n\n\n\n<p>V\u0259kild\u0259n sonra is\u0259 Vilyam Hac\u0131yev son s\u00f6z\u00fcn\u00fc dey\u0259c\u0259k, ard\u0131nca ona h\u00f6km oxunacaq.<br>Bug\u00fcnk\u00fc m\u0259hk\u0259m\u0259 istintaq\u0131n\u0131n yekunla\u015fmas\u0131 t\u0259klif olunanda Vilyam Hac\u0131yev v\u0259 v\u0259kili Elmar K\u0259rimov buna etiraz edib.<\/p>\n\n\n\n<p>Bildiribl\u0259r ki, 44 cildlik cinay\u0259t i\u015fi kifay\u0259t q\u0259d\u0259r ara\u015fd\u0131r\u0131lmay\u0131b.<\/p>\n\n\n\n<p>M\u0259hk\u0259m\u0259d\u0259 dindiril\u0259n ekspertl\u0259r v\u0259kilin suallar\u0131na cavab olaraq deyibl\u0259r ki, onlar m\u00fcst\u0259qil \u015f\u0259kild\u0259 t\u0259dqiqat aparmay\u0131blar, gedib \u0130mi\u015flid\u0259 obyektl\u0259r\u0259 bax\u0131\u015f ke\u00e7irm\u0259yibl\u0259r, Maliyy\u0259 Nazirliyinin yoxlama aktlar\u0131 \u0259sas\u0131nda r\u0259y veribl\u0259r.<\/p>\n\n\n\n<p>\u201cHalbuki m\u00fcst\u0259qil t\u0259dqiqat apar\u0131lmal\u0131yd\u0131. Bu \u015f\u0259kild\u0259 ekspertiza r\u0259yi veril\u0259 bilm\u0259z\u201d, &#8211; dey\u0259 v\u0259kil bildirib.<\/p>\n\n\n\n<p>Onlar t\u0259krar ekspertiza ke\u00e7irilm\u0259sini ist\u0259s\u0259l\u0259r d\u0259, m\u0259hk\u0259m\u0259 bu bar\u0259d\u0259ki v\u0259sat\u0259tl\u0259rini t\u0259min etm\u0259yib.<\/p>\n\n\n\n<p>Vilyam Hac\u0131yev 2020-ci ilin may\u0131nda D\u00f6vl\u0259t T\u0259hl\u00fck\u0259sizliyi Xidm\u0259ti (DTX) \u0259m\u0259kda\u015flar\u0131n\u0131n \u0130mi\u015fli rayon \u0130cra Hakimiyy\u0259tind\u0259 ke\u00e7irdiyi \u0259m\u0259liyyatla h\u0259bs olunub.<\/p>\n\n\n\n<p>O, uzun m\u00fcdd\u0259t DTX-n\u0131n istintaq t\u0259cridxanas\u0131nda saxlan\u0131l\u0131b.<\/p>\n\n\n\n<p>M\u0259hk\u0259m\u0259 ba\u015flayanda Bak\u0131 \u0130stintaq T\u0259cridxanas\u0131na k\u00f6\u00e7\u00fcr\u00fcl\u00fcb.<\/p>\n\n\n\n<p>Sabiq icra ba\u015f\u00e7\u0131s\u0131 bir m\u00fcdd\u0259t \u0259vv\u0259l\u0259d\u0259k m\u00fcalic\u0259 m\u00fc\u0259ssis\u0259sind\u0259 saxlan\u0131l\u0131rd\u0131.<\/p>\n\n\n\n<p>Vilyam Hac\u0131yev Cinay\u0259t M\u0259c\u0259ll\u0259sinin 179.4 (x\u00fcsusil\u0259 k\u00fclli miqdarda m\u0259nims\u0259m\u0259), 311 (r\u00fc\u015fv\u0259t alma) v\u0259 ba\u015fqa madd\u0259l\u0259ril\u0259 ittiham olunur.<\/p>\n\n\n\n<p>O, 2004-2006-c\u0131 ill\u0259rd\u0259 G\u00f6yg\u00f6l rayonunun, 2006-2012-ci ill\u0259rd\u0259 Samuxun, 2012-2020-ci ill\u0259rd\u0259 is\u0259 \u0130mi\u015flinin icra ba\u015f\u00e7\u0131s\u0131 v\u0259zif\u0259sind\u0259 \u00e7al\u0131\u015f\u0131b.<\/p>\n\n\n\n<p>Vilyam Hac\u0131yevin h\u0259bsind\u0259n sonra DTX onun evind\u0259n, qaraj\u0131ndan qutularda milyonlarla manat, xarici valyutada pullar\u0131n, m\u00fcxt\u0259lif ma\u015f\u0131nlar\u0131n \u00e7\u0131xmas\u0131n\u0131 \u0259ks etdir\u0259n video- g\u00f6r\u00fcnt\u00fcl\u0259r yay\u0131mlay\u0131b.<\/p>\n\n\n\n<p>Vilyam Hac\u0131yev \u00f6z\u00fcn\u00fc t\u0259qsirli bilmir, ittihamlar\u0131n \u015f\u0259r-b\u00f6htan oldu\u011funu, sifari\u015fl\u0259 h\u0259bs edildiyini bildirir.<\/p>\n\n\n\n<p>Az\u0259rbaycanda icra ba\u015f\u00e7\u0131lar\u0131n\u0131n h\u0259bs dal\u011fas\u0131 2019-cu ilin dekabr\u0131ndan ba\u015flay\u0131b.<\/p>\n\n\n\n<p>\u0130lk h\u0259bs edil\u0259nl\u0259r A\u011fstafa rayonunun icra ba\u015f\u00e7\u0131s\u0131 Nizam\u0259ddin Quliyev v\u0259 Yevlax\u0131n sabiq icra ba\u015f\u00e7\u0131s\u0131 Qoca S\u0259m\u0259dov olub.<br>2020-ci ilin fevral\u0131nda Neft\u00e7alan\u0131n, mayda is\u0259 Bil\u0259suvar\u0131n v\u0259 \u0130mi\u015flinin icra ba\u015f\u00e7\u0131s\u0131 h\u0259bs edilib. Ard\u0131nca K\u00fcrd\u0259mir, C\u0259lilabad, \u015e\u0259mkir rayonlar\u0131nda da eyni \u0259m\u0259liyyatlar h\u0259yata ke\u00e7irilib.<\/p>\n","protected":false},"excerpt":{"rendered":"<p>Prokuror onun 6.3 milyon \u0259mlak\u0131n\u0131n m\u00fcsadir\u0259 olunmas\u0131n\u0131 t\u0259l\u0259b edib \u0130yulun &#8230; <\/p>\n<p class=\"read-more-container\"><a title=\"Vilyam Hac\u0131yev\u0259 13 il h\u0259bs c\u0259zas\u0131 ist\u0259nilib\" class=\"read-more button\" href=\"https:\/\/www.meydan.tv\/az\/article\/vilyam-haciyeve-13-il-hebs-cezasi-istenilib\/#more-249891\" aria-label=\"Read more about Vilyam Hac\u0131yev\u0259 13 il h\u0259bs c\u0259zas\u0131 ist\u0259nilib\">Davam\u0131<\/a><\/p>\n","protected":false},"author":8,"featured_media":240618,"comment_status":"closed","ping_status":"closed","sticky":false,"template":"","format":"standard","meta":{"_acf_changed":false,"_sitemap_exclude":false,"_sitemap_priority":"","_sitemap_frequency":"","footnotes":""},"categories":[60,79,56],"tags":[],"class_list":["post-249891","post","type-post","status-publish","format-standard","has-post-thumbnail","hentry","category-bolge","category-featured","category-xeberler","infinite-scroll-item","generate-columns","tablet-grid-50","mobile-grid-100","grid-parent","grid-33","no-featured-image-padding"],"acf":[],"yoast_head":"<!-- This site is optimized with the Yoast SEO plugin v27.5 - https:\/\/yoast.com\/product\/yoast-seo-wordpress\/ -->\n<title>Vilyam Hac\u0131yev\u0259 13 il h\u0259bs c\u0259zas\u0131 ist\u0259nilib - MEYDAN.TV<\/title>\n<meta name=\"robots\" content=\"index, follow, max-snippet:-1, max-image-preview:large, max-video-preview:-1\" \/>\n<link rel=\"canonical\" href=\"https:\/\/www.meydan.tv\/az\/article\/vilyam-haciyeve-13-il-hebs-cezasi-istenilib\/\" \/>\n<meta property=\"og:locale\" content=\"az_AZ\" \/>\n<meta property=\"og:type\" content=\"article\" \/>\n<meta property=\"og:title\" content=\"Vilyam Hac\u0131yev\u0259 13 il h\u0259bs c\u0259zas\u0131 ist\u0259nilib - MEYDAN.TV\" \/>\n<meta property=\"og:description\" content=\"Prokuror onun 6.3 milyon \u0259mlak\u0131n\u0131n m\u00fcsadir\u0259 olunmas\u0131n\u0131 t\u0259l\u0259b edib \u0130yulun ... Davam\u0131\" \/>\n<meta property=\"og:url\" content=\"https:\/\/www.meydan.tv\/az\/article\/vilyam-haciyeve-13-il-hebs-cezasi-istenilib\/\" \/>\n<meta property=\"og:site_name\" content=\"MEYDAN.TV\" \/>\n<meta property=\"article:published_time\" content=\"2022-07-01T10:09:31+00:00\" \/>\n<meta property=\"article:modified_time\" content=\"2022-07-01T10:09:32+00:00\" \/>\n<meta property=\"og:image\" content=\"https:\/\/www.meydan.tv\/wp-content\/uploads\/image_from_ios-25.jpg\" \/>\n\t<meta property=\"og:image:width\" content=\"1422\" \/>\n\t<meta property=\"og:image:height\" content=\"800\" \/>\n\t<meta property=\"og:image:type\" content=\"image\/jpeg\" \/>\n<meta name=\"author\" content=\"elli\" \/>\n<meta name=\"twitter:card\" content=\"summary_large_image\" \/>\n<meta name=\"twitter:creator\" content=\"@elli\" \/>\n<script type=\"application\/ld+json\" class=\"yoast-schema-graph\">{\"@context\":\"https:\\\/\\\/schema.org\",\"@graph\":[{\"@type\":\"Article\",\"@id\":\"https:\\\/\\\/www.meydan.tv\\\/az\\\/article\\\/vilyam-haciyeve-13-il-hebs-cezasi-istenilib\\\/#article\",\"isPartOf\":{\"@id\":\"https:\\\/\\\/www.meydan.tv\\\/az\\\/article\\\/vilyam-haciyeve-13-il-hebs-cezasi-istenilib\\\/\"},\"author\":{\"name\":\"elli\",\"@id\":\"https:\\\/\\\/www.meydan.tv\\\/az\\\/#\\\/schema\\\/person\\\/9cdbecf90d17180ce1dfbd95b08dcf47\"},\"headline\":\"Vilyam Hac\u0131yev\u0259 13 il h\u0259bs c\u0259zas\u0131 ist\u0259nilib\",\"datePublished\":\"2022-07-01T10:09:31+00:00\",\"dateModified\":\"2022-07-01T10:09:32+00:00\",\"mainEntityOfPage\":{\"@id\":\"https:\\\/\\\/www.meydan.tv\\\/az\\\/article\\\/vilyam-haciyeve-13-il-hebs-cezasi-istenilib\\\/\"},\"wordCount\":659,\"publisher\":{\"@id\":\"https:\\\/\\\/www.meydan.tv\\\/az\\\/#organization\"},\"image\":{\"@id\":\"https:\\\/\\\/www.meydan.tv\\\/az\\\/article\\\/vilyam-haciyeve-13-il-hebs-cezasi-istenilib\\\/#primaryimage\"},\"thumbnailUrl\":\"https:\\\/\\\/www.meydan.tv\\\/wp-content\\\/uploads\\\/image_from_ios-25.jpg\",\"articleSection\":[\"B\u00f6lg\u0259\",\"T\u00f6vsiy\u0259\",\"X\u0259b\u0259rl\u0259r\"],\"inLanguage\":\"az\"},{\"@type\":\"WebPage\",\"@id\":\"https:\\\/\\\/www.meydan.tv\\\/az\\\/article\\\/vilyam-haciyeve-13-il-hebs-cezasi-istenilib\\\/\",\"url\":\"https:\\\/\\\/www.meydan.tv\\\/az\\\/article\\\/vilyam-haciyeve-13-il-hebs-cezasi-istenilib\\\/\",\"name\":\"Vilyam Hac\u0131yev\u0259 13 il h\u0259bs c\u0259zas\u0131 ist\u0259nilib - MEYDAN.TV\",\"isPartOf\":{\"@id\":\"https:\\\/\\\/www.meydan.tv\\\/az\\\/#website\"},\"primaryImageOfPage\":{\"@id\":\"https:\\\/\\\/www.meydan.tv\\\/az\\\/article\\\/vilyam-haciyeve-13-il-hebs-cezasi-istenilib\\\/#primaryimage\"},\"image\":{\"@id\":\"https:\\\/\\\/www.meydan.tv\\\/az\\\/article\\\/vilyam-haciyeve-13-il-hebs-cezasi-istenilib\\\/#primaryimage\"},\"thumbnailUrl\":\"https:\\\/\\\/www.meydan.tv\\\/wp-content\\\/uploads\\\/image_from_ios-25.jpg\",\"datePublished\":\"2022-07-01T10:09:31+00:00\",\"dateModified\":\"2022-07-01T10:09:32+00:00\",\"breadcrumb\":{\"@id\":\"https:\\\/\\\/www.meydan.tv\\\/az\\\/article\\\/vilyam-haciyeve-13-il-hebs-cezasi-istenilib\\\/#breadcrumb\"},\"inLanguage\":\"az\",\"potentialAction\":[{\"@type\":\"ReadAction\",\"target\":[\"https:\\\/\\\/www.meydan.tv\\\/az\\\/article\\\/vilyam-haciyeve-13-il-hebs-cezasi-istenilib\\\/\"]}]},{\"@type\":\"ImageObject\",\"inLanguage\":\"az\",\"@id\":\"https:\\\/\\\/www.meydan.tv\\\/az\\\/article\\\/vilyam-haciyeve-13-il-hebs-cezasi-istenilib\\\/#primaryimage\",\"url\":\"https:\\\/\\\/www.meydan.tv\\\/wp-content\\\/uploads\\\/image_from_ios-25.jpg\",\"contentUrl\":\"https:\\\/\\\/www.meydan.tv\\\/wp-content\\\/uploads\\\/image_from_ios-25.jpg\",\"width\":1422,\"height\":800,\"caption\":\"Vilyam Hac\u0131yev. Foto: Meydan TV\"},{\"@type\":\"BreadcrumbList\",\"@id\":\"https:\\\/\\\/www.meydan.tv\\\/az\\\/article\\\/vilyam-haciyeve-13-il-hebs-cezasi-istenilib\\\/#breadcrumb\",\"itemListElement\":[{\"@type\":\"ListItem\",\"position\":1,\"name\":\"Ana s\u0259hif\u0259\",\"item\":\"https:\\\/\\\/www.meydan.tv\\\/az\\\/\"},{\"@type\":\"ListItem\",\"position\":2,\"name\":\"B\u00f6lg\u0259\",\"item\":\"https:\\\/\\\/www.meydan.tv\\\/az\\\/section\\\/bolge\\\/\"},{\"@type\":\"ListItem\",\"position\":3,\"name\":\"Vilyam Hac\u0131yev\u0259 13 il h\u0259bs c\u0259zas\u0131 ist\u0259nilib\"}]},{\"@type\":\"WebSite\",\"@id\":\"https:\\\/\\\/www.meydan.tv\\\/az\\\/#website\",\"url\":\"https:\\\/\\\/www.meydan.tv\\\/az\\\/\",\"name\":\"MEYDAN.TV\",\"description\":\"Meydan TV Az\u0259rbaycan\u0131n media m\u0259kan\u0131ndak\u0131 alternativ s\u0259sidir\",\"publisher\":{\"@id\":\"https:\\\/\\\/www.meydan.tv\\\/az\\\/#organization\"},\"potentialAction\":[{\"@type\":\"SearchAction\",\"target\":{\"@type\":\"EntryPoint\",\"urlTemplate\":\"https:\\\/\\\/www.meydan.tv\\\/az\\\/?s={search_term_string}\"},\"query-input\":{\"@type\":\"PropertyValueSpecification\",\"valueRequired\":true,\"valueName\":\"search_term_string\"}}],\"inLanguage\":\"az\"},{\"@type\":\"Organization\",\"@id\":\"https:\\\/\\\/www.meydan.tv\\\/az\\\/#organization\",\"name\":\"Meydan TV\",\"url\":\"https:\\\/\\\/www.meydan.tv\\\/az\\\/\",\"logo\":{\"@type\":\"ImageObject\",\"inLanguage\":\"az\",\"@id\":\"https:\\\/\\\/www.meydan.tv\\\/az\\\/#\\\/schema\\\/logo\\\/image\\\/\",\"url\":\"https:\\\/\\\/www.meydan.tv\\\/wp-content\\\/uploads\\\/2021\\\/07\\\/meydan-logo.svg\",\"contentUrl\":\"https:\\\/\\\/www.meydan.tv\\\/wp-content\\\/uploads\\\/2021\\\/07\\\/meydan-logo.svg\",\"width\":195,\"height\":46,\"caption\":\"Meydan TV\"},\"image\":{\"@id\":\"https:\\\/\\\/www.meydan.tv\\\/az\\\/#\\\/schema\\\/logo\\\/image\\\/\"}},{\"@type\":\"Person\",\"@id\":\"https:\\\/\\\/www.meydan.tv\\\/az\\\/#\\\/schema\\\/person\\\/9cdbecf90d17180ce1dfbd95b08dcf47\",\"name\":\"elli\",\"sameAs\":[\"https:\\\/\\\/x.com\\\/elli\"]}]}<\/script>\n<!-- \/ Yoast SEO plugin. -->","yoast_head_json":{"title":"Vilyam Hac\u0131yev\u0259 13 il h\u0259bs c\u0259zas\u0131 ist\u0259nilib - MEYDAN.TV","robots":{"index":"index","follow":"follow","max-snippet":"max-snippet:-1","max-image-preview":"max-image-preview:large","max-video-preview":"max-video-preview:-1"},"canonical":"https:\/\/www.meydan.tv\/az\/article\/vilyam-haciyeve-13-il-hebs-cezasi-istenilib\/","og_locale":"az_AZ","og_type":"article","og_title":"Vilyam Hac\u0131yev\u0259 13 il h\u0259bs c\u0259zas\u0131 ist\u0259nilib - MEYDAN.TV","og_description":"Prokuror onun 6.3 milyon \u0259mlak\u0131n\u0131n m\u00fcsadir\u0259 olunmas\u0131n\u0131 t\u0259l\u0259b edib \u0130yulun ... Davam\u0131","og_url":"https:\/\/www.meydan.tv\/az\/article\/vilyam-haciyeve-13-il-hebs-cezasi-istenilib\/","og_site_name":"MEYDAN.TV","article_published_time":"2022-07-01T10:09:31+00:00","article_modified_time":"2022-07-01T10:09:32+00:00","og_image":[{"width":1422,"height":800,"url":"https:\/\/www.meydan.tv\/wp-content\/uploads\/image_from_ios-25.jpg","type":"image\/jpeg"}],"author":"elli","twitter_card":"summary_large_image","twitter_creator":"@elli","schema":{"@context":"https:\/\/schema.org","@graph":[{"@type":"Article","@id":"https:\/\/www.meydan.tv\/az\/article\/vilyam-haciyeve-13-il-hebs-cezasi-istenilib\/#article","isPartOf":{"@id":"https:\/\/www.meydan.tv\/az\/article\/vilyam-haciyeve-13-il-hebs-cezasi-istenilib\/"},"author":{"name":"elli","@id":"https:\/\/www.meydan.tv\/az\/#\/schema\/person\/9cdbecf90d17180ce1dfbd95b08dcf47"},"headline":"Vilyam Hac\u0131yev\u0259 13 il h\u0259bs c\u0259zas\u0131 ist\u0259nilib","datePublished":"2022-07-01T10:09:31+00:00","dateModified":"2022-07-01T10:09:32+00:00","mainEntityOfPage":{"@id":"https:\/\/www.meydan.tv\/az\/article\/vilyam-haciyeve-13-il-hebs-cezasi-istenilib\/"},"wordCount":659,"publisher":{"@id":"https:\/\/www.meydan.tv\/az\/#organization"},"image":{"@id":"https:\/\/www.meydan.tv\/az\/article\/vilyam-haciyeve-13-il-hebs-cezasi-istenilib\/#primaryimage"},"thumbnailUrl":"https:\/\/www.meydan.tv\/wp-content\/uploads\/image_from_ios-25.jpg","articleSection":["B\u00f6lg\u0259","T\u00f6vsiy\u0259","X\u0259b\u0259rl\u0259r"],"inLanguage":"az"},{"@type":"WebPage","@id":"https:\/\/www.meydan.tv\/az\/article\/vilyam-haciyeve-13-il-hebs-cezasi-istenilib\/","url":"https:\/\/www.meydan.tv\/az\/article\/vilyam-haciyeve-13-il-hebs-cezasi-istenilib\/","name":"Vilyam Hac\u0131yev\u0259 13 il h\u0259bs c\u0259zas\u0131 ist\u0259nilib - MEYDAN.TV","isPartOf":{"@id":"https:\/\/www.meydan.tv\/az\/#website"},"primaryImageOfPage":{"@id":"https:\/\/www.meydan.tv\/az\/article\/vilyam-haciyeve-13-il-hebs-cezasi-istenilib\/#primaryimage"},"image":{"@id":"https:\/\/www.meydan.tv\/az\/article\/vilyam-haciyeve-13-il-hebs-cezasi-istenilib\/#primaryimage"},"thumbnailUrl":"https:\/\/www.meydan.tv\/wp-content\/uploads\/image_from_ios-25.jpg","datePublished":"2022-07-01T10:09:31+00:00","dateModified":"2022-07-01T10:09:32+00:00","breadcrumb":{"@id":"https:\/\/www.meydan.tv\/az\/article\/vilyam-haciyeve-13-il-hebs-cezasi-istenilib\/#breadcrumb"},"inLanguage":"az","potentialAction":[{"@type":"ReadAction","target":["https:\/\/www.meydan.tv\/az\/article\/vilyam-haciyeve-13-il-hebs-cezasi-istenilib\/"]}]},{"@type":"ImageObject","inLanguage":"az","@id":"https:\/\/www.meydan.tv\/az\/article\/vilyam-haciyeve-13-il-hebs-cezasi-istenilib\/#primaryimage","url":"https:\/\/www.meydan.tv\/wp-content\/uploads\/image_from_ios-25.jpg","contentUrl":"https:\/\/www.meydan.tv\/wp-content\/uploads\/image_from_ios-25.jpg","width":1422,"height":800,"caption":"Vilyam Hac\u0131yev. Foto: Meydan TV"},{"@type":"BreadcrumbList","@id":"https:\/\/www.meydan.tv\/az\/article\/vilyam-haciyeve-13-il-hebs-cezasi-istenilib\/#breadcrumb","itemListElement":[{"@type":"ListItem","position":1,"name":"Ana s\u0259hif\u0259","item":"https:\/\/www.meydan.tv\/az\/"},{"@type":"ListItem","position":2,"name":"B\u00f6lg\u0259","item":"https:\/\/www.meydan.tv\/az\/section\/bolge\/"},{"@type":"ListItem","position":3,"name":"Vilyam Hac\u0131yev\u0259 13 il h\u0259bs c\u0259zas\u0131 ist\u0259nilib"}]},{"@type":"WebSite","@id":"https:\/\/www.meydan.tv\/az\/#website","url":"https:\/\/www.meydan.tv\/az\/","name":"MEYDAN.TV","description":"Meydan TV Az\u0259rbaycan\u0131n media m\u0259kan\u0131ndak\u0131 alternativ s\u0259sidir","publisher":{"@id":"https:\/\/www.meydan.tv\/az\/#organization"},"potentialAction":[{"@type":"SearchAction","target":{"@type":"EntryPoint","urlTemplate":"https:\/\/www.meydan.tv\/az\/?s={search_term_string}"},"query-input":{"@type":"PropertyValueSpecification","valueRequired":true,"valueName":"search_term_string"}}],"inLanguage":"az"},{"@type":"Organization","@id":"https:\/\/www.meydan.tv\/az\/#organization","name":"Meydan TV","url":"https:\/\/www.meydan.tv\/az\/","logo":{"@type":"ImageObject","inLanguage":"az","@id":"https:\/\/www.meydan.tv\/az\/#\/schema\/logo\/image\/","url":"https:\/\/www.meydan.tv\/wp-content\/uploads\/2021\/07\/meydan-logo.svg","contentUrl":"https:\/\/www.meydan.tv\/wp-content\/uploads\/2021\/07\/meydan-logo.svg","width":195,"height":46,"caption":"Meydan TV"},"image":{"@id":"https:\/\/www.meydan.tv\/az\/#\/schema\/logo\/image\/"}},{"@type":"Person","@id":"https:\/\/www.meydan.tv\/az\/#\/schema\/person\/9cdbecf90d17180ce1dfbd95b08dcf47","name":"elli","sameAs":["https:\/\/x.com\/elli"]}]}},"_links":{"self":[{"href":"https:\/\/www.meydan.tv\/az\/wp-json\/wp\/v2\/posts\/249891","targetHints":{"allow":["GET"]}}],"collection":[{"href":"https:\/\/www.meydan.tv\/az\/wp-json\/wp\/v2\/posts"}],"about":[{"href":"https:\/\/www.meydan.tv\/az\/wp-json\/wp\/v2\/types\/post"}],"author":[{"embeddable":true,"href":"https:\/\/www.meydan.tv\/az\/wp-json\/wp\/v2\/users\/8"}],"replies":[{"embeddable":true,"href":"https:\/\/www.meydan.tv\/az\/wp-json\/wp\/v2\/comments?post=249891"}],"version-history":[{"count":1,"href":"https:\/\/www.meydan.tv\/az\/wp-json\/wp\/v2\/posts\/249891\/revisions"}],"predecessor-version":[{"id":249892,"href":"https:\/\/www.meydan.tv\/az\/wp-json\/wp\/v2\/posts\/249891\/revisions\/249892"}],"wp:featuredmedia":[{"embeddable":true,"href":"https:\/\/www.meydan.tv\/az\/wp-json\/wp\/v2\/media\/240618"}],"wp:attachment":[{"href":"https:\/\/www.meydan.tv\/az\/wp-json\/wp\/v2\/media?parent=249891"}],"wp:term":[{"taxonomy":"category","embeddable":true,"href":"https:\/\/www.meydan.tv\/az\/wp-json\/wp\/v2\/categories?post=249891"},{"taxonomy":"post_tag","embeddable":true,"href":"https:\/\/www.meydan.tv\/az\/wp-json\/wp\/v2\/tags?post=249891"}],"curies":[{"name":"wp","href":"https:\/\/api.w.org\/{rel}","templated":true}]}}