{"id":249833,"date":"2022-06-30T19:17:34","date_gmt":"2022-06-30T15:17:34","guid":{"rendered":"https:\/\/www.meydan.tv\/?p=249833"},"modified":"2022-06-30T19:17:35","modified_gmt":"2022-06-30T15:17:35","slug":"huquqsunas-zaur-kamalin-emek-muqavilesine-xitam-verilmelidir","status":"publish","type":"post","link":"https:\/\/www.meydan.tv\/az\/article\/huquqsunas-zaur-kamalin-emek-muqavilesine-xitam-verilmelidir\/","title":{"rendered":"H\u00fcquq\u015f\u00fcnas: &#8220;Zaur Kamal\u0131n \u0259m\u0259k m\u00fcqavil\u0259sin\u0259 xitam verilm\u0259lidir&#8221;"},"content":{"rendered":"\n<p><strong><em>&#8220;Televiziya qona\u011fa d\u0259y\u0259n z\u0259r\u0259ri kompensasiya etm\u0259lidir&#8221;<\/em><\/strong><\/p>\n\n\n\n<p>Apar\u0131c\u0131 Zaur Kamal\u0131n \u201cARB\u201d telekanal\u0131nda yay\u0131mlanan \u201cH\u0259min Zaur\u201d verili\u015find\u0259 qona\u011f\u0131 iranl\u0131 Af\u015fin Az\u0259rini efird\u0259n qovmas\u0131 sosial \u015f\u0259b\u0259k\u0259l\u0259rd\u0259 v\u0259 ictimaiyy\u0259t aras\u0131nda m\u00fczakir\u0259l\u0259r\u0259 s\u0259b\u0259b olub.<\/p>\n\n\n\n<p>M\u0259s\u0259l\u0259 il\u0259 ba\u011fl\u0131 televiziya v\u0259 media ekspertl\u0259ri d\u0259 m\u00f6vqel\u0259rini bildiribl\u0259r.<\/p>\n\n\n\n<p>Media \u00fczr\u0259 h\u00fcquq\u015f\u00fcnas \u018fl\u0259sg\u0259r M\u0259mm\u0259dli Meydan TV-y\u0259 deyib ki, apar\u0131c\u0131n\u0131n davran\u0131\u015f\u0131 il\u0259 \u201cMedia haqq\u0131nda\u201d Qanunun v\u0259 \u201cAz\u0259rbaycan Jurnalistl\u0259rinin Pe\u015f\u0259 Davran\u0131\u015f\u0131 Qaydalar\u0131\u201dn\u0131n t\u0259l\u0259bl\u0259ri ciddi \u015f\u0259kild\u0259 pozulub:<\/p>\n\n\n\n<p>&#8220;Bu, \u0259slind\u0259, \u00e7ox ciddi ictimai m\u00fczakir\u0259y\u0259 ehtiyac olan m\u0259s\u0259l\u0259dir &#8211; diskriminasiya elementi var. Apar\u0131c\u0131n\u0131n davran\u0131\u015f\u0131 f\u0259rd\u0259 yox, b\u0259lli bir qrupa, h\u0259tta b\u00fct\u00fcn g\u00fcneylil\u0259r\u0259 y\u00f6n\u0259lik davran\u0131\u015f kimi d\u0259 qiym\u0259tl\u0259ndiril\u0259 bil\u0259r\u201d.<\/p>\n\n\n\n<p>Ekspert bildirib ki, burada \u201cMedia haqq\u0131nda\u201d Qanunun 14.1.7-ci (\u015f\u0259r\u0259f v\u0259 l\u0259yaq\u0259tin al\u00e7ald\u0131lmas\u0131na, i\u015fg\u00fczar n\u00fcfuzun l\u0259k\u0259l\u0259nm\u0259sin\u0259 yol verilm\u0259m\u0259lidir) madd\u0259si pozulub.<\/p>\n\n\n\n<p>\u018flav\u0259 edib ki, apar\u0131c\u0131n\u0131n davran\u0131\u015f\u0131 birm\u0259nal\u0131 olaraq n\u00fcfuzu z\u0259d\u0259l\u0259m\u0259k \u00fc\u00e7\u00fcn q\u0259sd\u0259n t\u00f6r\u0259dilib.<\/p>\n\n\n\n<p>M\u0259s\u0259l\u0259d\u0259 telekanal\u0131n da m\u0259suliyy\u0259tini \u00f6n\u0259 \u00e7\u0259k\u0259n ekspert bildirib ki, yeni Qanunun 39.1-ci madd\u0259sind\u0259 audiovizual yay\u0131m\u00e7\u0131n\u0131n v\u0259zif\u0259l\u0259rind\u0259n biri d\u0259 14.1.7-ci madd\u0259sind\u0259 n\u0259z\u0259rd\u0259 tutulan t\u0259l\u0259bl\u0259r\u0259 \u0259m\u0259l etm\u0259kdir:<\/p>\n\n\n\n<p>\u201cTelekanal apar\u0131c\u0131n\u0131n etik davran\u0131\u015f qaydalar\u0131n\u0131 pozdu\u011funa g\u00f6r\u0259 aralar\u0131ndak\u0131 \u0259m\u0259k m\u00fcqavil\u0259sin\u0259 xitam verm\u0259lidir. D\u0259v\u0259t edil\u0259n qona\u011fa d\u0259y\u0259n z\u0259r\u0259r kompensasiya edilm\u0259lidir. N\u0259hay\u0259t, t\u0259kzib v\u0259 \u00fczrxahl\u0131q edilm\u0259lidir. Bunlar audiovizual yay\u0131m\u00e7\u0131n\u0131n v\u0259zif\u0259l\u0259ridir\u201d.<\/p>\n\n\n\n<p>\u018fl\u0259sg\u0259r M\u0259mm\u0259dli hesab edir ki, Audiovizual \u015eura bu m\u0259s\u0259l\u0259 il\u0259 ba\u011fl\u0131 h\u00f6km\u0259n telekanala x\u0259b\u0259rdarl\u0131q etm\u0259lidir.<\/p>\n\n\n\n<p>Ekspert h\u0259m\u00e7inin, qeyd edib ki, apar\u0131c\u0131 \u201cAz\u0259rbaycan Jurnalistl\u0259rinin Pe\u015f\u0259 Davran\u0131\u015f\u0131 Qaydalar\u0131\u201dn\u0131n 3.1 (Jurnalist adamlar\u0131 mill\u0259tin\u0259, irqin\u0259, cinsin\u0259, dilin\u0259, pe\u015f\u0259sin\u0259, dinin\u0259, ya\u015fad\u0131\u011f\u0131 v\u0259 ya anadan oldu\u011fu yerin\u0259 g\u00f6r\u0259 pisl\u0259m\u0259m\u0259li,onlar haqq\u0131nda bu q\u0259bild\u0259n olan bilgil\u0259ri qabartmamal\u0131d\u0131r) v\u0259 3.2-ci (Jurnalist g\u00f6r\u00fc\u015fd\u00fcy\u00fc, haqq\u0131nda yazd\u0131\u011f\u0131 h\u0259r bir \u015f\u0259xsin \u015f\u0259r\u0259f v\u0259 l\u0259yaq\u0259tin\u0259, \u015f\u0259xsi h\u0259yat\u0131n\u0131n toxunulmazl\u0131\u011f\u0131 prinsipin\u0259 h\u00f6rm\u0259tl\u0259 yana\u015fmal\u0131d\u0131r.) b\u0259ndl\u0259rini pozulub.<\/p>\n\n\n\n<p>Media eksperti, telet\u0259nqid\u00e7i Qulu M\u0259h\u0259rr\u0259mli Meydan TV-y\u0259 deyib ki, verili\u015fin qona\u011f\u0131 c\u0259miyy\u0259tin q\u0259bul etdiyi normalardan k\u0259nara \u00e7\u0131xd\u0131\u011f\u0131, etik normalar\u0131 kobud \u015f\u0259kild\u0259 pozdu\u011fu t\u0259qdird\u0259 apar\u0131c\u0131 maksimalist q\u0259rar\u0131 q\u0259bul ed\u0259, onu verili\u015fd\u0259n k\u0259narla\u015fd\u0131ra bil\u0259r:<\/p>\n\n\n\n<p>\u201c\u0130ndiki \u015f\u0259raitd\u0259 verili\u015fd\u0259n k\u0259narla\u015fd\u0131r\u0131lan i\u015ftirak\u00e7\u0131 qeyri-adi v\u0259 yaxud q\u0259z\u0259b\u0259 s\u0259b\u0259b olacaq he\u00e7 bir add\u0131m atmay\u0131b. Ona g\u00f6r\u0259 d\u0259 apar\u0131c\u0131, m\u0259nc\u0259, burada \u00f6z s\u0259lahiyy\u0259tl\u0259rini \u015fi\u015firdib v\u0259 kobud \u015f\u0259kild\u0259 i\u015ftirak\u00e7\u0131n\u0131 efird\u0259n k\u0259narla\u015fd\u0131r\u0131b. M\u0259n bunu \u00e7ox m\u0259nfi hal hesab edir\u0259m. \u00c7ox t\u0259\u0259ss\u00fcfl\u0259ndim ki, bizim televiziya m\u0259kan\u0131nda bu c\u00fcr hadis\u0259l\u0259r ba\u015f verir\u201d.<\/p>\n\n\n\n<p>M\u0259tbuat \u015euras\u0131 s\u0259drinin m\u00fcavini M\u00fc\u015ffiq \u018fl\u0259sg\u0259rli <a href=\"https:\/\/sfera.az\/cemiyyet\/186394\/zaur-kamal-efirde-bas-verenlere-gre-cezalanacaq-metbuat-surasindan-aiqlama\/\">\u201cSfera.az\u201da<\/a>\u00a0bildirib ki, apar\u0131c\u0131 Zaur Kamal\u0131n davran\u0131\u015f\u0131 il\u0259 ba\u011fl\u0131 \u00f6l\u00e7\u00fc g\u00f6t\u00fcr\u00fclm\u0259lidir.<\/p>\n\n\n\n<p>\u018flav\u0259 edib ki, Audiovizual \u015eura bu m\u0259s\u0259l\u0259 il\u0259 ba\u011fl\u0131 x\u0259b\u0259rdaredici add\u0131mlar atacaq.<\/p>\n\n\n\n<p>Audiovizual \u015euran\u0131n Aparat r\u0259hb\u0259ri Fazil Novruzov is\u0259 a\u00e7\u0131qlamas\u0131nda efird\u0259 qanun pozuntusu fakt\u0131n\u0131n olmad\u0131\u011f\u0131n\u0131 <a href=\"https:\/\/toplum.tv\/sosial\/qonaqperverliyin-ay-zaur-numunesi\">deyib<\/a>.<\/p>\n\n\n\n<p>O deyib ki, kimin efird\u0259 olub-olmamas\u0131n\u0131 apar\u0131c\u0131 m\u00fc\u0259yy\u0259n edir: \u201cApar\u0131c\u0131 qona\u011f\u0131 t\u0259hqir etm\u0259yib, fiziki g\u00fcc g\u00f6st\u0259r\u0259r\u0259k qovmay\u0131b\u201d.<\/p>\n\n\n\n<p>\u201cARB\u201d kanal\u0131nda yay\u0131mlanan \u201cH\u0259min Zaur\u201d verili\u015find\u0259 proqram\u0131n apar\u0131c\u0131s\u0131 Zaur Kamal v\u0259 iranl\u0131 m\u00fc\u011f\u0259nni Af\u015fin Az\u0259rin aras\u0131nda m\u00fcbahis\u0259 yaran\u0131b.<\/p>\n\n\n\n<p>M\u00fcbahis\u0259 \u0259snas\u0131nda apar\u0131c\u0131 qona\u011f\u0131 efird\u0259n qovub.<\/p>\n","protected":false},"excerpt":{"rendered":"<p>&#8220;Televiziya qona\u011fa d\u0259y\u0259n z\u0259r\u0259ri kompensasiya etm\u0259lidir&#8221; Apar\u0131c\u0131 Zaur Kamal\u0131n \u201cARB\u201d &#8230; <\/p>\n<p class=\"read-more-container\"><a title=\"H\u00fcquq\u015f\u00fcnas: &#8220;Zaur Kamal\u0131n \u0259m\u0259k m\u00fcqavil\u0259sin\u0259 xitam verilm\u0259lidir&#8221;\" class=\"read-more button\" href=\"https:\/\/www.meydan.tv\/az\/article\/huquqsunas-zaur-kamalin-emek-muqavilesine-xitam-verilmelidir\/#more-249833\" aria-label=\"Read more about H\u00fcquq\u015f\u00fcnas: &#8220;Zaur Kamal\u0131n \u0259m\u0259k m\u00fcqavil\u0259sin\u0259 xitam verilm\u0259lidir&#8221;\">Davam\u0131<\/a><\/p>\n","protected":false},"author":14,"featured_media":249834,"comment_status":"closed","ping_status":"closed","sticky":false,"template":"","format":"standard","meta":{"_acf_changed":false,"_sitemap_exclude":false,"_sitemap_priority":"","_sitemap_frequency":"","footnotes":""},"categories":[52,56],"tags":[],"class_list":["post-249833","post","type-post","status-publish","format-standard","has-post-thumbnail","hentry","category-medeniyyet","category-xeberler","infinite-scroll-item","generate-columns","tablet-grid-50","mobile-grid-100","grid-parent","grid-33","no-featured-image-padding"],"acf":[],"yoast_head":"<!-- This site is optimized with the Yoast SEO plugin v27.5 - https:\/\/yoast.com\/product\/yoast-seo-wordpress\/ -->\n<title>H\u00fcquq\u015f\u00fcnas: &quot;Zaur Kamal\u0131n \u0259m\u0259k m\u00fcqavil\u0259sin\u0259 xitam verilm\u0259lidir&quot; - MEYDAN.TV<\/title>\n<meta name=\"robots\" content=\"index, follow, max-snippet:-1, max-image-preview:large, max-video-preview:-1\" \/>\n<link rel=\"canonical\" href=\"https:\/\/www.meydan.tv\/az\/article\/huquqsunas-zaur-kamalin-emek-muqavilesine-xitam-verilmelidir\/\" \/>\n<meta property=\"og:locale\" content=\"az_AZ\" \/>\n<meta property=\"og:type\" content=\"article\" \/>\n<meta property=\"og:title\" content=\"H\u00fcquq\u015f\u00fcnas: &quot;Zaur Kamal\u0131n \u0259m\u0259k m\u00fcqavil\u0259sin\u0259 xitam verilm\u0259lidir&quot; - MEYDAN.TV\" \/>\n<meta property=\"og:description\" content=\"&#8220;Televiziya qona\u011fa d\u0259y\u0259n z\u0259r\u0259ri kompensasiya etm\u0259lidir&#8221; Apar\u0131c\u0131 Zaur Kamal\u0131n \u201cARB\u201d ... Davam\u0131\" \/>\n<meta property=\"og:url\" content=\"https:\/\/www.meydan.tv\/az\/article\/huquqsunas-zaur-kamalin-emek-muqavilesine-xitam-verilmelidir\/\" \/>\n<meta property=\"og:site_name\" content=\"MEYDAN.TV\" \/>\n<meta property=\"article:published_time\" content=\"2022-06-30T15:17:34+00:00\" \/>\n<meta property=\"article:modified_time\" content=\"2022-06-30T15:17:35+00:00\" \/>\n<meta property=\"og:image\" content=\"https:\/\/www.meydan.tv\/wp-content\/uploads\/zaur-kamal2021.jpeg\" \/>\n\t<meta property=\"og:image:width\" content=\"1200\" \/>\n\t<meta property=\"og:image:height\" content=\"800\" \/>\n\t<meta property=\"og:image:type\" content=\"image\/jpeg\" \/>\n<meta name=\"author\" content=\"roma\" \/>\n<meta name=\"twitter:card\" content=\"summary_large_image\" \/>\n<script type=\"application\/ld+json\" class=\"yoast-schema-graph\">{\"@context\":\"https:\\\/\\\/schema.org\",\"@graph\":[{\"@type\":\"Article\",\"@id\":\"https:\\\/\\\/www.meydan.tv\\\/az\\\/article\\\/huquqsunas-zaur-kamalin-emek-muqavilesine-xitam-verilmelidir\\\/#article\",\"isPartOf\":{\"@id\":\"https:\\\/\\\/www.meydan.tv\\\/az\\\/article\\\/huquqsunas-zaur-kamalin-emek-muqavilesine-xitam-verilmelidir\\\/\"},\"author\":{\"name\":\"roma\",\"@id\":\"https:\\\/\\\/www.meydan.tv\\\/az\\\/#\\\/schema\\\/person\\\/8f23e01c4de63326c13c319fb65ee65d\"},\"headline\":\"H\u00fcquq\u015f\u00fcnas: &#8220;Zaur Kamal\u0131n \u0259m\u0259k m\u00fcqavil\u0259sin\u0259 xitam verilm\u0259lidir&#8221;\",\"datePublished\":\"2022-06-30T15:17:34+00:00\",\"dateModified\":\"2022-06-30T15:17:35+00:00\",\"mainEntityOfPage\":{\"@id\":\"https:\\\/\\\/www.meydan.tv\\\/az\\\/article\\\/huquqsunas-zaur-kamalin-emek-muqavilesine-xitam-verilmelidir\\\/\"},\"wordCount\":747,\"publisher\":{\"@id\":\"https:\\\/\\\/www.meydan.tv\\\/az\\\/#organization\"},\"image\":{\"@id\":\"https:\\\/\\\/www.meydan.tv\\\/az\\\/article\\\/huquqsunas-zaur-kamalin-emek-muqavilesine-xitam-verilmelidir\\\/#primaryimage\"},\"thumbnailUrl\":\"https:\\\/\\\/www.meydan.tv\\\/wp-content\\\/uploads\\\/zaur-kamal2021.jpeg\",\"articleSection\":[\"M\u0259d\u0259niyy\u0259t\",\"X\u0259b\u0259rl\u0259r\"],\"inLanguage\":\"az\"},{\"@type\":\"WebPage\",\"@id\":\"https:\\\/\\\/www.meydan.tv\\\/az\\\/article\\\/huquqsunas-zaur-kamalin-emek-muqavilesine-xitam-verilmelidir\\\/\",\"url\":\"https:\\\/\\\/www.meydan.tv\\\/az\\\/article\\\/huquqsunas-zaur-kamalin-emek-muqavilesine-xitam-verilmelidir\\\/\",\"name\":\"H\u00fcquq\u015f\u00fcnas: \\\"Zaur Kamal\u0131n \u0259m\u0259k m\u00fcqavil\u0259sin\u0259 xitam verilm\u0259lidir\\\" - MEYDAN.TV\",\"isPartOf\":{\"@id\":\"https:\\\/\\\/www.meydan.tv\\\/az\\\/#website\"},\"primaryImageOfPage\":{\"@id\":\"https:\\\/\\\/www.meydan.tv\\\/az\\\/article\\\/huquqsunas-zaur-kamalin-emek-muqavilesine-xitam-verilmelidir\\\/#primaryimage\"},\"image\":{\"@id\":\"https:\\\/\\\/www.meydan.tv\\\/az\\\/article\\\/huquqsunas-zaur-kamalin-emek-muqavilesine-xitam-verilmelidir\\\/#primaryimage\"},\"thumbnailUrl\":\"https:\\\/\\\/www.meydan.tv\\\/wp-content\\\/uploads\\\/zaur-kamal2021.jpeg\",\"datePublished\":\"2022-06-30T15:17:34+00:00\",\"dateModified\":\"2022-06-30T15:17:35+00:00\",\"breadcrumb\":{\"@id\":\"https:\\\/\\\/www.meydan.tv\\\/az\\\/article\\\/huquqsunas-zaur-kamalin-emek-muqavilesine-xitam-verilmelidir\\\/#breadcrumb\"},\"inLanguage\":\"az\",\"potentialAction\":[{\"@type\":\"ReadAction\",\"target\":[\"https:\\\/\\\/www.meydan.tv\\\/az\\\/article\\\/huquqsunas-zaur-kamalin-emek-muqavilesine-xitam-verilmelidir\\\/\"]}]},{\"@type\":\"ImageObject\",\"inLanguage\":\"az\",\"@id\":\"https:\\\/\\\/www.meydan.tv\\\/az\\\/article\\\/huquqsunas-zaur-kamalin-emek-muqavilesine-xitam-verilmelidir\\\/#primaryimage\",\"url\":\"https:\\\/\\\/www.meydan.tv\\\/wp-content\\\/uploads\\\/zaur-kamal2021.jpeg\",\"contentUrl\":\"https:\\\/\\\/www.meydan.tv\\\/wp-content\\\/uploads\\\/zaur-kamal2021.jpeg\",\"width\":1200,\"height\":800},{\"@type\":\"BreadcrumbList\",\"@id\":\"https:\\\/\\\/www.meydan.tv\\\/az\\\/article\\\/huquqsunas-zaur-kamalin-emek-muqavilesine-xitam-verilmelidir\\\/#breadcrumb\",\"itemListElement\":[{\"@type\":\"ListItem\",\"position\":1,\"name\":\"Ana s\u0259hif\u0259\",\"item\":\"https:\\\/\\\/www.meydan.tv\\\/az\\\/\"},{\"@type\":\"ListItem\",\"position\":2,\"name\":\"X\u0259b\u0259rl\u0259r\",\"item\":\"https:\\\/\\\/www.meydan.tv\\\/az\\\/section\\\/xeberler\\\/\"},{\"@type\":\"ListItem\",\"position\":3,\"name\":\"H\u00fcquq\u015f\u00fcnas: &#8220;Zaur Kamal\u0131n \u0259m\u0259k m\u00fcqavil\u0259sin\u0259 xitam verilm\u0259lidir&#8221;\"}]},{\"@type\":\"WebSite\",\"@id\":\"https:\\\/\\\/www.meydan.tv\\\/az\\\/#website\",\"url\":\"https:\\\/\\\/www.meydan.tv\\\/az\\\/\",\"name\":\"MEYDAN.TV\",\"description\":\"Meydan TV Az\u0259rbaycan\u0131n media m\u0259kan\u0131ndak\u0131 alternativ s\u0259sidir\",\"publisher\":{\"@id\":\"https:\\\/\\\/www.meydan.tv\\\/az\\\/#organization\"},\"potentialAction\":[{\"@type\":\"SearchAction\",\"target\":{\"@type\":\"EntryPoint\",\"urlTemplate\":\"https:\\\/\\\/www.meydan.tv\\\/az\\\/?s={search_term_string}\"},\"query-input\":{\"@type\":\"PropertyValueSpecification\",\"valueRequired\":true,\"valueName\":\"search_term_string\"}}],\"inLanguage\":\"az\"},{\"@type\":\"Organization\",\"@id\":\"https:\\\/\\\/www.meydan.tv\\\/az\\\/#organization\",\"name\":\"Meydan TV\",\"url\":\"https:\\\/\\\/www.meydan.tv\\\/az\\\/\",\"logo\":{\"@type\":\"ImageObject\",\"inLanguage\":\"az\",\"@id\":\"https:\\\/\\\/www.meydan.tv\\\/az\\\/#\\\/schema\\\/logo\\\/image\\\/\",\"url\":\"https:\\\/\\\/www.meydan.tv\\\/wp-content\\\/uploads\\\/2021\\\/07\\\/meydan-logo.svg\",\"contentUrl\":\"https:\\\/\\\/www.meydan.tv\\\/wp-content\\\/uploads\\\/2021\\\/07\\\/meydan-logo.svg\",\"width\":195,\"height\":46,\"caption\":\"Meydan TV\"},\"image\":{\"@id\":\"https:\\\/\\\/www.meydan.tv\\\/az\\\/#\\\/schema\\\/logo\\\/image\\\/\"}},{\"@type\":\"Person\",\"@id\":\"https:\\\/\\\/www.meydan.tv\\\/az\\\/#\\\/schema\\\/person\\\/8f23e01c4de63326c13c319fb65ee65d\",\"name\":\"roma\"}]}<\/script>\n<!-- \/ Yoast SEO plugin. -->","yoast_head_json":{"title":"H\u00fcquq\u015f\u00fcnas: \"Zaur Kamal\u0131n \u0259m\u0259k m\u00fcqavil\u0259sin\u0259 xitam verilm\u0259lidir\" - MEYDAN.TV","robots":{"index":"index","follow":"follow","max-snippet":"max-snippet:-1","max-image-preview":"max-image-preview:large","max-video-preview":"max-video-preview:-1"},"canonical":"https:\/\/www.meydan.tv\/az\/article\/huquqsunas-zaur-kamalin-emek-muqavilesine-xitam-verilmelidir\/","og_locale":"az_AZ","og_type":"article","og_title":"H\u00fcquq\u015f\u00fcnas: \"Zaur Kamal\u0131n \u0259m\u0259k m\u00fcqavil\u0259sin\u0259 xitam verilm\u0259lidir\" - MEYDAN.TV","og_description":"&#8220;Televiziya qona\u011fa d\u0259y\u0259n z\u0259r\u0259ri kompensasiya etm\u0259lidir&#8221; Apar\u0131c\u0131 Zaur Kamal\u0131n \u201cARB\u201d ... Davam\u0131","og_url":"https:\/\/www.meydan.tv\/az\/article\/huquqsunas-zaur-kamalin-emek-muqavilesine-xitam-verilmelidir\/","og_site_name":"MEYDAN.TV","article_published_time":"2022-06-30T15:17:34+00:00","article_modified_time":"2022-06-30T15:17:35+00:00","og_image":[{"width":1200,"height":800,"url":"https:\/\/www.meydan.tv\/wp-content\/uploads\/zaur-kamal2021.jpeg","type":"image\/jpeg"}],"author":"roma","twitter_card":"summary_large_image","schema":{"@context":"https:\/\/schema.org","@graph":[{"@type":"Article","@id":"https:\/\/www.meydan.tv\/az\/article\/huquqsunas-zaur-kamalin-emek-muqavilesine-xitam-verilmelidir\/#article","isPartOf":{"@id":"https:\/\/www.meydan.tv\/az\/article\/huquqsunas-zaur-kamalin-emek-muqavilesine-xitam-verilmelidir\/"},"author":{"name":"roma","@id":"https:\/\/www.meydan.tv\/az\/#\/schema\/person\/8f23e01c4de63326c13c319fb65ee65d"},"headline":"H\u00fcquq\u015f\u00fcnas: &#8220;Zaur Kamal\u0131n \u0259m\u0259k m\u00fcqavil\u0259sin\u0259 xitam verilm\u0259lidir&#8221;","datePublished":"2022-06-30T15:17:34+00:00","dateModified":"2022-06-30T15:17:35+00:00","mainEntityOfPage":{"@id":"https:\/\/www.meydan.tv\/az\/article\/huquqsunas-zaur-kamalin-emek-muqavilesine-xitam-verilmelidir\/"},"wordCount":747,"publisher":{"@id":"https:\/\/www.meydan.tv\/az\/#organization"},"image":{"@id":"https:\/\/www.meydan.tv\/az\/article\/huquqsunas-zaur-kamalin-emek-muqavilesine-xitam-verilmelidir\/#primaryimage"},"thumbnailUrl":"https:\/\/www.meydan.tv\/wp-content\/uploads\/zaur-kamal2021.jpeg","articleSection":["M\u0259d\u0259niyy\u0259t","X\u0259b\u0259rl\u0259r"],"inLanguage":"az"},{"@type":"WebPage","@id":"https:\/\/www.meydan.tv\/az\/article\/huquqsunas-zaur-kamalin-emek-muqavilesine-xitam-verilmelidir\/","url":"https:\/\/www.meydan.tv\/az\/article\/huquqsunas-zaur-kamalin-emek-muqavilesine-xitam-verilmelidir\/","name":"H\u00fcquq\u015f\u00fcnas: \"Zaur Kamal\u0131n \u0259m\u0259k m\u00fcqavil\u0259sin\u0259 xitam verilm\u0259lidir\" - MEYDAN.TV","isPartOf":{"@id":"https:\/\/www.meydan.tv\/az\/#website"},"primaryImageOfPage":{"@id":"https:\/\/www.meydan.tv\/az\/article\/huquqsunas-zaur-kamalin-emek-muqavilesine-xitam-verilmelidir\/#primaryimage"},"image":{"@id":"https:\/\/www.meydan.tv\/az\/article\/huquqsunas-zaur-kamalin-emek-muqavilesine-xitam-verilmelidir\/#primaryimage"},"thumbnailUrl":"https:\/\/www.meydan.tv\/wp-content\/uploads\/zaur-kamal2021.jpeg","datePublished":"2022-06-30T15:17:34+00:00","dateModified":"2022-06-30T15:17:35+00:00","breadcrumb":{"@id":"https:\/\/www.meydan.tv\/az\/article\/huquqsunas-zaur-kamalin-emek-muqavilesine-xitam-verilmelidir\/#breadcrumb"},"inLanguage":"az","potentialAction":[{"@type":"ReadAction","target":["https:\/\/www.meydan.tv\/az\/article\/huquqsunas-zaur-kamalin-emek-muqavilesine-xitam-verilmelidir\/"]}]},{"@type":"ImageObject","inLanguage":"az","@id":"https:\/\/www.meydan.tv\/az\/article\/huquqsunas-zaur-kamalin-emek-muqavilesine-xitam-verilmelidir\/#primaryimage","url":"https:\/\/www.meydan.tv\/wp-content\/uploads\/zaur-kamal2021.jpeg","contentUrl":"https:\/\/www.meydan.tv\/wp-content\/uploads\/zaur-kamal2021.jpeg","width":1200,"height":800},{"@type":"BreadcrumbList","@id":"https:\/\/www.meydan.tv\/az\/article\/huquqsunas-zaur-kamalin-emek-muqavilesine-xitam-verilmelidir\/#breadcrumb","itemListElement":[{"@type":"ListItem","position":1,"name":"Ana s\u0259hif\u0259","item":"https:\/\/www.meydan.tv\/az\/"},{"@type":"ListItem","position":2,"name":"X\u0259b\u0259rl\u0259r","item":"https:\/\/www.meydan.tv\/az\/section\/xeberler\/"},{"@type":"ListItem","position":3,"name":"H\u00fcquq\u015f\u00fcnas: &#8220;Zaur Kamal\u0131n \u0259m\u0259k m\u00fcqavil\u0259sin\u0259 xitam verilm\u0259lidir&#8221;"}]},{"@type":"WebSite","@id":"https:\/\/www.meydan.tv\/az\/#website","url":"https:\/\/www.meydan.tv\/az\/","name":"MEYDAN.TV","description":"Meydan TV Az\u0259rbaycan\u0131n media m\u0259kan\u0131ndak\u0131 alternativ s\u0259sidir","publisher":{"@id":"https:\/\/www.meydan.tv\/az\/#organization"},"potentialAction":[{"@type":"SearchAction","target":{"@type":"EntryPoint","urlTemplate":"https:\/\/www.meydan.tv\/az\/?s={search_term_string}"},"query-input":{"@type":"PropertyValueSpecification","valueRequired":true,"valueName":"search_term_string"}}],"inLanguage":"az"},{"@type":"Organization","@id":"https:\/\/www.meydan.tv\/az\/#organization","name":"Meydan TV","url":"https:\/\/www.meydan.tv\/az\/","logo":{"@type":"ImageObject","inLanguage":"az","@id":"https:\/\/www.meydan.tv\/az\/#\/schema\/logo\/image\/","url":"https:\/\/www.meydan.tv\/wp-content\/uploads\/2021\/07\/meydan-logo.svg","contentUrl":"https:\/\/www.meydan.tv\/wp-content\/uploads\/2021\/07\/meydan-logo.svg","width":195,"height":46,"caption":"Meydan TV"},"image":{"@id":"https:\/\/www.meydan.tv\/az\/#\/schema\/logo\/image\/"}},{"@type":"Person","@id":"https:\/\/www.meydan.tv\/az\/#\/schema\/person\/8f23e01c4de63326c13c319fb65ee65d","name":"roma"}]}},"_links":{"self":[{"href":"https:\/\/www.meydan.tv\/az\/wp-json\/wp\/v2\/posts\/249833","targetHints":{"allow":["GET"]}}],"collection":[{"href":"https:\/\/www.meydan.tv\/az\/wp-json\/wp\/v2\/posts"}],"about":[{"href":"https:\/\/www.meydan.tv\/az\/wp-json\/wp\/v2\/types\/post"}],"author":[{"embeddable":true,"href":"https:\/\/www.meydan.tv\/az\/wp-json\/wp\/v2\/users\/14"}],"replies":[{"embeddable":true,"href":"https:\/\/www.meydan.tv\/az\/wp-json\/wp\/v2\/comments?post=249833"}],"version-history":[{"count":1,"href":"https:\/\/www.meydan.tv\/az\/wp-json\/wp\/v2\/posts\/249833\/revisions"}],"predecessor-version":[{"id":249837,"href":"https:\/\/www.meydan.tv\/az\/wp-json\/wp\/v2\/posts\/249833\/revisions\/249837"}],"wp:featuredmedia":[{"embeddable":true,"href":"https:\/\/www.meydan.tv\/az\/wp-json\/wp\/v2\/media\/249834"}],"wp:attachment":[{"href":"https:\/\/www.meydan.tv\/az\/wp-json\/wp\/v2\/media?parent=249833"}],"wp:term":[{"taxonomy":"category","embeddable":true,"href":"https:\/\/www.meydan.tv\/az\/wp-json\/wp\/v2\/categories?post=249833"},{"taxonomy":"post_tag","embeddable":true,"href":"https:\/\/www.meydan.tv\/az\/wp-json\/wp\/v2\/tags?post=249833"}],"curies":[{"name":"wp","href":"https:\/\/api.w.org\/{rel}","templated":true}]}}