{"id":249808,"date":"2022-06-30T16:50:56","date_gmt":"2022-06-30T12:50:56","guid":{"rendered":"https:\/\/www.meydan.tv\/?p=249808"},"modified":"2022-06-30T16:50:58","modified_gmt":"2022-06-30T12:50:58","slug":"sehid-anasi-qapilarda-qalmisam","status":"publish","type":"post","link":"https:\/\/www.meydan.tv\/az\/article\/sehid-anasi-qapilarda-qalmisam\/","title":{"rendered":"\u015e\u0259hid anas\u0131: &#8220;Qap\u0131larda qalm\u0131\u015fam&#8221;"},"content":{"rendered":"\n<p><\/p>\n\n\n\n<p><em>&#8220;Ba\u015f memar\u0131n q\u0259buluna gedir\u0259m, qap\u0131n\u0131 i\u00e7\u0259rid\u0259n ba\u011flay\u0131rlar, qal\u0131ram \u00e7\u00f6ld\u0259\u2026&#8221;<\/em><\/p>\n\n\n\n<p>\u201cPrezident deyir ki, \u015f\u0259hid ail\u0259l\u0259rinin, qazil\u0259rin probleml\u0259rini diqq\u0259td\u0259 saxlay\u0131n, onlarla h\u00f6rm\u0259tl\u0259 davran\u0131n, ancaq gedirs\u0259n icra hakimiyy\u0259tin\u0259, m\u0259mur qap\u0131n\u0131 arxadan ba\u011flay\u0131r, qal\u0131rsan \u00e7\u00f6ld\u0259\u201d.<br><\/p>\n\n\n\n<p>G\u0259nc\u0259 sakini N\u0259rmin\u0259 M\u0259mm\u0259dovan\u0131n o\u011flu 28 ya\u015fl\u0131 Nicat Qas\u0131mov \u0130kinci Qaraba\u011f m\u00fcharib\u0259sind\u0259 h\u0259lak olub.<\/p>\n\n\n\n<p>Nicat\u0131n iki \u00f6vlad\u0131 haz\u0131rda 5 v\u0259 8 ya\u015flar\u0131ndad\u0131r.<\/p>\n\n\n\n<p>H\u0259yat yolda\u015f\u0131 G\u00fclni\u015fan Qas\u0131mova ail\u0259nin dolan\u0131\u015f\u0131\u011f\u0131 \u00fc\u00e7\u00fcn d\u00f6vl\u0259tin \u00d6z\u00fcn\u0259m\u0259\u015f\u011fulluq Proqram\u0131na qo\u015fulub. Ona tiki\u015f ma\u015f\u0131n\u0131 v\u0259 d\u0259rzilik \u00fc\u00e7\u00fcn \u0259lav\u0259 l\u0259vazimatlar verilib. Ancaq G\u00fclni\u015fan Qas\u0131mova d\u0259rzilik f\u0259aliyy\u0259tin\u0259 ba\u015flamaq \u00fc\u00e7\u00fcn yer tapm\u0131r. El\u0259 N\u0259rmin\u0259 M\u0259mm\u0259dova da xeyli m\u00fcdd\u0259tdir ki, buna g\u00f6r\u0259 G\u0259nc\u0259 \u015e\u0259h\u0259r \u0130cra Hakimiyy\u0259tin\u0259 gedib g\u0259lir.<\/p>\n\n\n\n<p>Onun g\u0259li\u015find\u0259n x\u0259b\u0259r tutan ba\u015f memar qap\u0131n\u0131 arxadan kilidl\u0259yir, ana da kor-pe\u015fman geri qay\u0131d\u0131r: <\/p>\n\n\n\n<p>\u201cM\u0259n\u0259 el\u0259 icra hakimiyy\u0259tind\u0259 deyibl\u0259r ki, bu i\u015fl\u0259r\u0259 \u015f\u0259h\u0259rin ba\u015f memar\u0131 bax\u0131r. M\u0259n d\u0259 ba\u015f memar\u0131n q\u0259buluna d\u00fc\u015f\u0259 bilmir\u0259m. K\u00f6m\u0259k\u00e7isi deyir ki, g\u00f6zl\u0259, gedim bax\u0131m, ota\u011f\u0131ndad\u0131r ya yox. Sonra da qap\u0131n\u0131 arxadan ba\u011flay\u0131rlar, qal\u0131ram qap\u0131 arxas\u0131nda\u2026\u201d.<\/p>\n\n\n\n<p>N\u0259rmin\u0259 xan\u0131m sonuncu d\u0259f\u0259 icra hakimiyy\u0259tin\u0259 \u00f6t\u0259n h\u0259ft\u0259 gedib, ancaq yen\u0259 qap\u0131 arxas\u0131ndan qay\u0131d\u0131b.<br>N\u0259rmin\u0259 M\u0259mm\u0259dova icra hakimiyy\u0259tin\u0259 h\u0259m d\u0259 ya\u015fad\u0131\u011f\u0131 k\u00fc\u00e7\u0259nin i\u015f\u0131q sisteminin b\u0259rpa olunmas\u0131 \u00fc\u00e7\u00fcn gedib-g\u0259lir.<\/p>\n\n\n\n<p>Dediyin\u0259 g\u00f6r\u0259, 3 aydan \u00e7oxdur ki, ya\u015fad\u0131\u011f\u0131 Az\u0259rbaycan k\u00fc\u00e7\u0259si \u201cz\u00fclm\u0259t\u0259 q\u0259rq olub\u201d. K\u00fc\u00e7\u0259nin i\u015f\u0131qland\u0131rma sistemi s\u0131radan \u00e7\u0131x\u0131b. Ancaq aidiyy\u0259ti qurumlar problemi h\u0259ll etmir.<\/p>\n\n\n\n<p>O, bu s\u0259b\u0259bl\u0259 icra hakimiyy\u0259tinin m\u0259s\u0259l\u0259y\u0259 m\u00fcdaxil\u0259 etm\u0259sini ist\u0259yib: <\/p>\n\n\n\n<p>\u201c3 ayd\u0131r ki, b\u00f6y\u00fck k\u00fc\u00e7\u0259nin bir hiss\u0259si i\u015f\u0131qs\u0131z qal\u0131b, o\u011furluq, cinay\u0259t art\u0131b. Ya qap\u0131 arxas\u0131nda qal\u0131ram, ya da deyirl\u0259r, \u201cget, g\u0259lib d\u00fcz\u0259ld\u0259c\u0259kl\u0259r\u201d. H\u0259r d\u0259f\u0259 aldad\u0131rlar\u201d.<\/p>\n\n\n\n<p>N\u0259rmin\u0259 M\u0259mm\u0259dovan\u0131n ba\u015f\u0131na daha bir maraql\u0131 hadis\u0259 g\u0259lib. Bu yax\u0131nlarda G\u0259nc\u0259d\u0259ki \u201cT\u0259z\u0259 bazar\u201d deyil\u0259n bazar\u0131n a\u00e7\u0131l\u0131\u015f\u0131na d\u0259v\u0259t olunub. Bazar\u0131n sahibi bir ne\u00e7\u0259 \u015f\u0259hid ail\u0259sin\u0259 qay\u011f\u0131 m\u0259qs\u0259dil\u0259 ticar\u0259t etm\u0259l\u0259ri \u00fc\u00e7\u00fcn onlara bazarda yer ayr\u0131ld\u0131\u011f\u0131n\u0131 elan edib. H\u0259tta N\u0259rmin\u0259 M\u0259mm\u0259dovaya \u00fcmumi sah\u0259si 40 kvadratmetr olan yer d\u0259 g\u00f6st\u0259rilib. Ancaq sonradan h\u0259min yer ona verilm\u0259yib.<\/p>\n\n\n\n<p>G\u0259nc\u0259 \u015e\u0259h\u0259r \u0130cra Hakimiyy\u0259tind\u0259n Meydan TV-y\u0259 bildirilib ki, N\u0259rmin\u0259 M\u0259mm\u0259dova bir ne\u00e7\u0259 d\u0259f\u0259 icra ba\u015f\u00e7\u0131s\u0131n\u0131n m\u00fcavininin q\u0259bulunda olub, ona bir ne\u00e7\u0259 yer t\u0259klif olunsa da, raz\u0131la\u015fmay\u0131b, n\u0259tic\u0259d\u0259 se\u00e7imi \u00f6z\u00fcn\u0259 burax\u0131blar.<\/p>\n\n\n\n<p>Dedikl\u0259rin\u0259 g\u00f6r\u0259, t\u0259klif edibl\u0259r ki, \u00f6z\u00fc yer soraqlas\u0131n, icra hakimiyy\u0259ti imkanlar\u0131 daxilind\u0259 h\u0259min yerin \u015f\u0259hid ail\u0259sinin istifad\u0259sin\u0259 verilm\u0259sin\u0259 \u00e7al\u0131\u015facaq.<\/p>\n\n\n\n<p>\u0130\u015f\u0131qla ba\u011fl\u0131 m\u0259s\u0259l\u0259y\u0259 g\u0259linc\u0259, qurumdan bildirilib ki, qeyd olunan k\u00fc\u00e7\u0259nin i\u015f\u0131qland\u0131rma sistemind\u0259 yaranm\u0131\u015f probleml\u0259 ba\u011fl\u0131 aidiyy\u0259ti qurumlara m\u00fcraci\u0259t olunub.<\/p>\n\n\n\n<p>\u015e\u0259hid anas\u0131n\u0131n bu narahat\u00e7\u0131l\u0131\u011f\u0131 da dinl\u0259nilib v\u0259 yax\u0131n vaxtlarda problem h\u0259llini tapacaq.<\/p>\n","protected":false},"excerpt":{"rendered":"<p>&#8220;Ba\u015f memar\u0131n q\u0259buluna gedir\u0259m, qap\u0131n\u0131 i\u00e7\u0259rid\u0259n ba\u011flay\u0131rlar, qal\u0131ram \u00e7\u00f6ld\u0259\u2026&#8221; \u201cPrezident &#8230; <\/p>\n<p class=\"read-more-container\"><a title=\"\u015e\u0259hid anas\u0131: &#8220;Qap\u0131larda qalm\u0131\u015fam&#8221;\" class=\"read-more button\" href=\"https:\/\/www.meydan.tv\/az\/article\/sehid-anasi-qapilarda-qalmisam\/#more-249808\" aria-label=\"Read more about \u015e\u0259hid anas\u0131: &#8220;Qap\u0131larda qalm\u0131\u015fam&#8221;\">Davam\u0131<\/a><\/p>\n","protected":false},"author":8,"featured_media":249805,"comment_status":"closed","ping_status":"closed","sticky":false,"template":"","format":"standard","meta":{"_acf_changed":false,"_sitemap_exclude":false,"_sitemap_priority":"","_sitemap_frequency":"","footnotes":""},"categories":[60,79,56],"tags":[],"class_list":["post-249808","post","type-post","status-publish","format-standard","has-post-thumbnail","hentry","category-bolge","category-featured","category-xeberler","infinite-scroll-item","generate-columns","tablet-grid-50","mobile-grid-100","grid-parent","grid-33","no-featured-image-padding"],"acf":[],"yoast_head":"<!-- This site is optimized with the Yoast SEO plugin v27.5 - https:\/\/yoast.com\/product\/yoast-seo-wordpress\/ -->\n<title>\u015e\u0259hid anas\u0131: &quot;Qap\u0131larda qalm\u0131\u015fam&quot; - MEYDAN.TV<\/title>\n<meta name=\"robots\" content=\"index, follow, max-snippet:-1, max-image-preview:large, max-video-preview:-1\" \/>\n<link rel=\"canonical\" href=\"https:\/\/www.meydan.tv\/az\/article\/sehid-anasi-qapilarda-qalmisam\/\" \/>\n<meta property=\"og:locale\" content=\"az_AZ\" \/>\n<meta property=\"og:type\" content=\"article\" \/>\n<meta property=\"og:title\" content=\"\u015e\u0259hid anas\u0131: &quot;Qap\u0131larda qalm\u0131\u015fam&quot; - MEYDAN.TV\" \/>\n<meta property=\"og:description\" content=\"&#8220;Ba\u015f memar\u0131n q\u0259buluna gedir\u0259m, qap\u0131n\u0131 i\u00e7\u0259rid\u0259n ba\u011flay\u0131rlar, qal\u0131ram \u00e7\u00f6ld\u0259\u2026&#8221; \u201cPrezident ... Davam\u0131\" \/>\n<meta property=\"og:url\" content=\"https:\/\/www.meydan.tv\/az\/article\/sehid-anasi-qapilarda-qalmisam\/\" \/>\n<meta property=\"og:site_name\" content=\"MEYDAN.TV\" \/>\n<meta property=\"article:published_time\" content=\"2022-06-30T12:50:56+00:00\" \/>\n<meta property=\"article:modified_time\" content=\"2022-06-30T12:50:58+00:00\" \/>\n<meta property=\"og:image\" content=\"https:\/\/www.meydan.tv\/wp-content\/uploads\/untitled-design-4-23.jpg\" \/>\n\t<meta property=\"og:image:width\" content=\"1200\" \/>\n\t<meta property=\"og:image:height\" content=\"800\" \/>\n\t<meta property=\"og:image:type\" content=\"image\/jpeg\" \/>\n<meta name=\"author\" content=\"elli\" \/>\n<meta name=\"twitter:card\" content=\"summary_large_image\" \/>\n<meta name=\"twitter:creator\" content=\"@elli\" \/>\n<script type=\"application\/ld+json\" class=\"yoast-schema-graph\">{\"@context\":\"https:\\\/\\\/schema.org\",\"@graph\":[{\"@type\":\"Article\",\"@id\":\"https:\\\/\\\/www.meydan.tv\\\/az\\\/article\\\/sehid-anasi-qapilarda-qalmisam\\\/#article\",\"isPartOf\":{\"@id\":\"https:\\\/\\\/www.meydan.tv\\\/az\\\/article\\\/sehid-anasi-qapilarda-qalmisam\\\/\"},\"author\":{\"name\":\"elli\",\"@id\":\"https:\\\/\\\/www.meydan.tv\\\/az\\\/#\\\/schema\\\/person\\\/9cdbecf90d17180ce1dfbd95b08dcf47\"},\"headline\":\"\u015e\u0259hid anas\u0131: &#8220;Qap\u0131larda qalm\u0131\u015fam&#8221;\",\"datePublished\":\"2022-06-30T12:50:56+00:00\",\"dateModified\":\"2022-06-30T12:50:58+00:00\",\"mainEntityOfPage\":{\"@id\":\"https:\\\/\\\/www.meydan.tv\\\/az\\\/article\\\/sehid-anasi-qapilarda-qalmisam\\\/\"},\"wordCount\":622,\"publisher\":{\"@id\":\"https:\\\/\\\/www.meydan.tv\\\/az\\\/#organization\"},\"image\":{\"@id\":\"https:\\\/\\\/www.meydan.tv\\\/az\\\/article\\\/sehid-anasi-qapilarda-qalmisam\\\/#primaryimage\"},\"thumbnailUrl\":\"https:\\\/\\\/www.meydan.tv\\\/wp-content\\\/uploads\\\/untitled-design-4-23.jpg\",\"articleSection\":[\"B\u00f6lg\u0259\",\"T\u00f6vsiy\u0259\",\"X\u0259b\u0259rl\u0259r\"],\"inLanguage\":\"az\"},{\"@type\":\"WebPage\",\"@id\":\"https:\\\/\\\/www.meydan.tv\\\/az\\\/article\\\/sehid-anasi-qapilarda-qalmisam\\\/\",\"url\":\"https:\\\/\\\/www.meydan.tv\\\/az\\\/article\\\/sehid-anasi-qapilarda-qalmisam\\\/\",\"name\":\"\u015e\u0259hid anas\u0131: \\\"Qap\u0131larda qalm\u0131\u015fam\\\" - MEYDAN.TV\",\"isPartOf\":{\"@id\":\"https:\\\/\\\/www.meydan.tv\\\/az\\\/#website\"},\"primaryImageOfPage\":{\"@id\":\"https:\\\/\\\/www.meydan.tv\\\/az\\\/article\\\/sehid-anasi-qapilarda-qalmisam\\\/#primaryimage\"},\"image\":{\"@id\":\"https:\\\/\\\/www.meydan.tv\\\/az\\\/article\\\/sehid-anasi-qapilarda-qalmisam\\\/#primaryimage\"},\"thumbnailUrl\":\"https:\\\/\\\/www.meydan.tv\\\/wp-content\\\/uploads\\\/untitled-design-4-23.jpg\",\"datePublished\":\"2022-06-30T12:50:56+00:00\",\"dateModified\":\"2022-06-30T12:50:58+00:00\",\"breadcrumb\":{\"@id\":\"https:\\\/\\\/www.meydan.tv\\\/az\\\/article\\\/sehid-anasi-qapilarda-qalmisam\\\/#breadcrumb\"},\"inLanguage\":\"az\",\"potentialAction\":[{\"@type\":\"ReadAction\",\"target\":[\"https:\\\/\\\/www.meydan.tv\\\/az\\\/article\\\/sehid-anasi-qapilarda-qalmisam\\\/\"]}]},{\"@type\":\"ImageObject\",\"inLanguage\":\"az\",\"@id\":\"https:\\\/\\\/www.meydan.tv\\\/az\\\/article\\\/sehid-anasi-qapilarda-qalmisam\\\/#primaryimage\",\"url\":\"https:\\\/\\\/www.meydan.tv\\\/wp-content\\\/uploads\\\/untitled-design-4-23.jpg\",\"contentUrl\":\"https:\\\/\\\/www.meydan.tv\\\/wp-content\\\/uploads\\\/untitled-design-4-23.jpg\",\"width\":1200,\"height\":800,\"caption\":\"Foto: N\u0259rmin\u0259 M\u0259mm\u0259dovan\u0131n \u015f\u0259xsi arxivind\u0259n\"},{\"@type\":\"BreadcrumbList\",\"@id\":\"https:\\\/\\\/www.meydan.tv\\\/az\\\/article\\\/sehid-anasi-qapilarda-qalmisam\\\/#breadcrumb\",\"itemListElement\":[{\"@type\":\"ListItem\",\"position\":1,\"name\":\"Ana s\u0259hif\u0259\",\"item\":\"https:\\\/\\\/www.meydan.tv\\\/az\\\/\"},{\"@type\":\"ListItem\",\"position\":2,\"name\":\"B\u00f6lg\u0259\",\"item\":\"https:\\\/\\\/www.meydan.tv\\\/az\\\/section\\\/bolge\\\/\"},{\"@type\":\"ListItem\",\"position\":3,\"name\":\"\u015e\u0259hid anas\u0131: &#8220;Qap\u0131larda qalm\u0131\u015fam&#8221;\"}]},{\"@type\":\"WebSite\",\"@id\":\"https:\\\/\\\/www.meydan.tv\\\/az\\\/#website\",\"url\":\"https:\\\/\\\/www.meydan.tv\\\/az\\\/\",\"name\":\"MEYDAN.TV\",\"description\":\"Meydan TV Az\u0259rbaycan\u0131n media m\u0259kan\u0131ndak\u0131 alternativ s\u0259sidir\",\"publisher\":{\"@id\":\"https:\\\/\\\/www.meydan.tv\\\/az\\\/#organization\"},\"potentialAction\":[{\"@type\":\"SearchAction\",\"target\":{\"@type\":\"EntryPoint\",\"urlTemplate\":\"https:\\\/\\\/www.meydan.tv\\\/az\\\/?s={search_term_string}\"},\"query-input\":{\"@type\":\"PropertyValueSpecification\",\"valueRequired\":true,\"valueName\":\"search_term_string\"}}],\"inLanguage\":\"az\"},{\"@type\":\"Organization\",\"@id\":\"https:\\\/\\\/www.meydan.tv\\\/az\\\/#organization\",\"name\":\"Meydan TV\",\"url\":\"https:\\\/\\\/www.meydan.tv\\\/az\\\/\",\"logo\":{\"@type\":\"ImageObject\",\"inLanguage\":\"az\",\"@id\":\"https:\\\/\\\/www.meydan.tv\\\/az\\\/#\\\/schema\\\/logo\\\/image\\\/\",\"url\":\"https:\\\/\\\/www.meydan.tv\\\/wp-content\\\/uploads\\\/2021\\\/07\\\/meydan-logo.svg\",\"contentUrl\":\"https:\\\/\\\/www.meydan.tv\\\/wp-content\\\/uploads\\\/2021\\\/07\\\/meydan-logo.svg\",\"width\":195,\"height\":46,\"caption\":\"Meydan TV\"},\"image\":{\"@id\":\"https:\\\/\\\/www.meydan.tv\\\/az\\\/#\\\/schema\\\/logo\\\/image\\\/\"}},{\"@type\":\"Person\",\"@id\":\"https:\\\/\\\/www.meydan.tv\\\/az\\\/#\\\/schema\\\/person\\\/9cdbecf90d17180ce1dfbd95b08dcf47\",\"name\":\"elli\",\"sameAs\":[\"https:\\\/\\\/x.com\\\/elli\"]}]}<\/script>\n<!-- \/ Yoast SEO plugin. -->","yoast_head_json":{"title":"\u015e\u0259hid anas\u0131: \"Qap\u0131larda qalm\u0131\u015fam\" - MEYDAN.TV","robots":{"index":"index","follow":"follow","max-snippet":"max-snippet:-1","max-image-preview":"max-image-preview:large","max-video-preview":"max-video-preview:-1"},"canonical":"https:\/\/www.meydan.tv\/az\/article\/sehid-anasi-qapilarda-qalmisam\/","og_locale":"az_AZ","og_type":"article","og_title":"\u015e\u0259hid anas\u0131: \"Qap\u0131larda qalm\u0131\u015fam\" - MEYDAN.TV","og_description":"&#8220;Ba\u015f memar\u0131n q\u0259buluna gedir\u0259m, qap\u0131n\u0131 i\u00e7\u0259rid\u0259n ba\u011flay\u0131rlar, qal\u0131ram \u00e7\u00f6ld\u0259\u2026&#8221; \u201cPrezident ... Davam\u0131","og_url":"https:\/\/www.meydan.tv\/az\/article\/sehid-anasi-qapilarda-qalmisam\/","og_site_name":"MEYDAN.TV","article_published_time":"2022-06-30T12:50:56+00:00","article_modified_time":"2022-06-30T12:50:58+00:00","og_image":[{"width":1200,"height":800,"url":"https:\/\/www.meydan.tv\/wp-content\/uploads\/untitled-design-4-23.jpg","type":"image\/jpeg"}],"author":"elli","twitter_card":"summary_large_image","twitter_creator":"@elli","schema":{"@context":"https:\/\/schema.org","@graph":[{"@type":"Article","@id":"https:\/\/www.meydan.tv\/az\/article\/sehid-anasi-qapilarda-qalmisam\/#article","isPartOf":{"@id":"https:\/\/www.meydan.tv\/az\/article\/sehid-anasi-qapilarda-qalmisam\/"},"author":{"name":"elli","@id":"https:\/\/www.meydan.tv\/az\/#\/schema\/person\/9cdbecf90d17180ce1dfbd95b08dcf47"},"headline":"\u015e\u0259hid anas\u0131: &#8220;Qap\u0131larda qalm\u0131\u015fam&#8221;","datePublished":"2022-06-30T12:50:56+00:00","dateModified":"2022-06-30T12:50:58+00:00","mainEntityOfPage":{"@id":"https:\/\/www.meydan.tv\/az\/article\/sehid-anasi-qapilarda-qalmisam\/"},"wordCount":622,"publisher":{"@id":"https:\/\/www.meydan.tv\/az\/#organization"},"image":{"@id":"https:\/\/www.meydan.tv\/az\/article\/sehid-anasi-qapilarda-qalmisam\/#primaryimage"},"thumbnailUrl":"https:\/\/www.meydan.tv\/wp-content\/uploads\/untitled-design-4-23.jpg","articleSection":["B\u00f6lg\u0259","T\u00f6vsiy\u0259","X\u0259b\u0259rl\u0259r"],"inLanguage":"az"},{"@type":"WebPage","@id":"https:\/\/www.meydan.tv\/az\/article\/sehid-anasi-qapilarda-qalmisam\/","url":"https:\/\/www.meydan.tv\/az\/article\/sehid-anasi-qapilarda-qalmisam\/","name":"\u015e\u0259hid anas\u0131: \"Qap\u0131larda qalm\u0131\u015fam\" - MEYDAN.TV","isPartOf":{"@id":"https:\/\/www.meydan.tv\/az\/#website"},"primaryImageOfPage":{"@id":"https:\/\/www.meydan.tv\/az\/article\/sehid-anasi-qapilarda-qalmisam\/#primaryimage"},"image":{"@id":"https:\/\/www.meydan.tv\/az\/article\/sehid-anasi-qapilarda-qalmisam\/#primaryimage"},"thumbnailUrl":"https:\/\/www.meydan.tv\/wp-content\/uploads\/untitled-design-4-23.jpg","datePublished":"2022-06-30T12:50:56+00:00","dateModified":"2022-06-30T12:50:58+00:00","breadcrumb":{"@id":"https:\/\/www.meydan.tv\/az\/article\/sehid-anasi-qapilarda-qalmisam\/#breadcrumb"},"inLanguage":"az","potentialAction":[{"@type":"ReadAction","target":["https:\/\/www.meydan.tv\/az\/article\/sehid-anasi-qapilarda-qalmisam\/"]}]},{"@type":"ImageObject","inLanguage":"az","@id":"https:\/\/www.meydan.tv\/az\/article\/sehid-anasi-qapilarda-qalmisam\/#primaryimage","url":"https:\/\/www.meydan.tv\/wp-content\/uploads\/untitled-design-4-23.jpg","contentUrl":"https:\/\/www.meydan.tv\/wp-content\/uploads\/untitled-design-4-23.jpg","width":1200,"height":800,"caption":"Foto: N\u0259rmin\u0259 M\u0259mm\u0259dovan\u0131n \u015f\u0259xsi arxivind\u0259n"},{"@type":"BreadcrumbList","@id":"https:\/\/www.meydan.tv\/az\/article\/sehid-anasi-qapilarda-qalmisam\/#breadcrumb","itemListElement":[{"@type":"ListItem","position":1,"name":"Ana s\u0259hif\u0259","item":"https:\/\/www.meydan.tv\/az\/"},{"@type":"ListItem","position":2,"name":"B\u00f6lg\u0259","item":"https:\/\/www.meydan.tv\/az\/section\/bolge\/"},{"@type":"ListItem","position":3,"name":"\u015e\u0259hid anas\u0131: &#8220;Qap\u0131larda qalm\u0131\u015fam&#8221;"}]},{"@type":"WebSite","@id":"https:\/\/www.meydan.tv\/az\/#website","url":"https:\/\/www.meydan.tv\/az\/","name":"MEYDAN.TV","description":"Meydan TV Az\u0259rbaycan\u0131n media m\u0259kan\u0131ndak\u0131 alternativ s\u0259sidir","publisher":{"@id":"https:\/\/www.meydan.tv\/az\/#organization"},"potentialAction":[{"@type":"SearchAction","target":{"@type":"EntryPoint","urlTemplate":"https:\/\/www.meydan.tv\/az\/?s={search_term_string}"},"query-input":{"@type":"PropertyValueSpecification","valueRequired":true,"valueName":"search_term_string"}}],"inLanguage":"az"},{"@type":"Organization","@id":"https:\/\/www.meydan.tv\/az\/#organization","name":"Meydan TV","url":"https:\/\/www.meydan.tv\/az\/","logo":{"@type":"ImageObject","inLanguage":"az","@id":"https:\/\/www.meydan.tv\/az\/#\/schema\/logo\/image\/","url":"https:\/\/www.meydan.tv\/wp-content\/uploads\/2021\/07\/meydan-logo.svg","contentUrl":"https:\/\/www.meydan.tv\/wp-content\/uploads\/2021\/07\/meydan-logo.svg","width":195,"height":46,"caption":"Meydan TV"},"image":{"@id":"https:\/\/www.meydan.tv\/az\/#\/schema\/logo\/image\/"}},{"@type":"Person","@id":"https:\/\/www.meydan.tv\/az\/#\/schema\/person\/9cdbecf90d17180ce1dfbd95b08dcf47","name":"elli","sameAs":["https:\/\/x.com\/elli"]}]}},"_links":{"self":[{"href":"https:\/\/www.meydan.tv\/az\/wp-json\/wp\/v2\/posts\/249808","targetHints":{"allow":["GET"]}}],"collection":[{"href":"https:\/\/www.meydan.tv\/az\/wp-json\/wp\/v2\/posts"}],"about":[{"href":"https:\/\/www.meydan.tv\/az\/wp-json\/wp\/v2\/types\/post"}],"author":[{"embeddable":true,"href":"https:\/\/www.meydan.tv\/az\/wp-json\/wp\/v2\/users\/8"}],"replies":[{"embeddable":true,"href":"https:\/\/www.meydan.tv\/az\/wp-json\/wp\/v2\/comments?post=249808"}],"version-history":[{"count":1,"href":"https:\/\/www.meydan.tv\/az\/wp-json\/wp\/v2\/posts\/249808\/revisions"}],"predecessor-version":[{"id":249809,"href":"https:\/\/www.meydan.tv\/az\/wp-json\/wp\/v2\/posts\/249808\/revisions\/249809"}],"wp:featuredmedia":[{"embeddable":true,"href":"https:\/\/www.meydan.tv\/az\/wp-json\/wp\/v2\/media\/249805"}],"wp:attachment":[{"href":"https:\/\/www.meydan.tv\/az\/wp-json\/wp\/v2\/media?parent=249808"}],"wp:term":[{"taxonomy":"category","embeddable":true,"href":"https:\/\/www.meydan.tv\/az\/wp-json\/wp\/v2\/categories?post=249808"},{"taxonomy":"post_tag","embeddable":true,"href":"https:\/\/www.meydan.tv\/az\/wp-json\/wp\/v2\/tags?post=249808"}],"curies":[{"name":"wp","href":"https:\/\/api.w.org\/{rel}","templated":true}]}}