{"id":249792,"date":"2022-06-30T16:11:45","date_gmt":"2022-06-30T12:11:45","guid":{"rendered":"https:\/\/www.meydan.tv\/?p=249792"},"modified":"2022-06-30T16:11:48","modified_gmt":"2022-06-30T12:11:48","slug":"audiovizual-sura-daha-bir-telekanala-xeberdarliq-edib","status":"publish","type":"post","link":"https:\/\/www.meydan.tv\/az\/article\/audiovizual-sura-daha-bir-telekanala-xeberdarliq-edib\/","title":{"rendered":"Audiovizual \u015eura daha bir telekanala x\u0259b\u0259rdarl\u0131q edib"},"content":{"rendered":"\n<p><em>\u201cMuz TV\u201d \u201cMedia haqq\u0131nda\u201d Qanunu pozmaqda ittiham olundu<\/em><\/p>\n\n\n\n<p>Audiovizual \u015eura \u201cMuz TV Az\u0259rbaycan\u201d telekanal\u0131na x\u0259b\u0259rdarl\u0131q edib.<\/p>\n\n\n\n<p>\u015euran\u0131n iyunun 30-da ke\u00e7iril\u0259n iclas\u0131nda bildirilib ki, telekanalda yay\u0131mlanan \u201cMTV Maqazin\u201d proqram\u0131n\u0131n 25 iyun burax\u0131l\u0131\u015f\u0131nda \u201cMedia haqq\u0131nda\u201d Qanunun 14.1.4-c\u00fc madd\u0259sinin (irqi, dini, m\u0259n\u015f\u0259, cinsi, etnik v\u0259 dig\u0259r ayr\u0131-se\u00e7kiliyin t\u0259bli\u011f olunmas\u0131) t\u0259l\u0259binin pozulmas\u0131 fakt\u0131 qeyd\u0259 <a href=\"https:\/\/acra.gov.az\/az\/xeberler\/886\" target=\"_blank\" rel=\"noreferrer noopener\">al\u0131n\u0131b<\/a>. <\/p>\n\n\n\n<p>Verili\u015fd\u0259 m\u00fc\u011f\u0259nni K\u0259rim Abbasov bo\u015fanan qad\u0131n v\u0259 ki\u015fil\u0259rd\u0259n dan\u0131\u015f\u0131b.<\/p>\n\n\n\n<p>Ki\u015finin yenid\u0259n asanl\u0131qla ail\u0259 h\u0259yat\u0131 qura bil\u0259c\u0259yini qeyd edib: <\/p>\n\n\n\n<p>\u201cKi\u015fi yen\u0259 d\u0259 gedib ikinci d\u0259f\u0259 evl\u0259n\u0259c\u0259k. Ay qad\u0131n yaz\u0131q, b\u0259s s\u0259n neyl\u0259y\u0259c\u0259ks\u0259n? Bax, u\u015faqla da qalacaqsan evin bir k\u00fcnc\u00fcnd\u0259. \u0130kinci d\u0259f\u0259 \u0259r\u0259 ged\u0259c\u0259ks\u0259n. O ya \u00e7ata, ya bata. U\u015faqla kimdir s\u0259ni alan? Oturacaqsan evd\u0259 t\u0259k? Bo\u015fananlar var ha (qad\u0131nlar n\u0259z\u0259rd\u0259 tutulur), 99 faizi ham\u0131s\u0131 pe\u015fmand\u0131r. N\u0259y\u0259 g\u00f6r\u0259? Oturub evd\u0259, ail\u0259 yox, bir u\u015faqla, \u0259r\u0259 ged\u0259 bilmir, saxlayan\u0131 yoxdur. N\u0259 xan\u0131m kimi xan\u0131m, n\u0259 n\u00f6k\u0259r kimi n\u00f6k\u0259rdir\u201d.<\/p>\n\n\n\n<p>Audiovizual \u015eura efird\u0259n bu c\u00fcr ifad\u0259l\u0259rin s\u0259sl\u0259ndirilm\u0259sin\u0259 yay\u0131m\u00e7\u0131n\u0131n imkan yaratmas\u0131n\u0131, Az\u0259rbaycanda gender b\u0259rab\u0259rliyi, insan h\u00fcquqlar\u0131n\u0131n pozulmas\u0131, eyni zamanda, cinsi ayr\u0131-se\u00e7kiliyin t\u0259bli\u011fi hesab edib.<\/p>\n\n\n\n<p>\u015eura \u201cMuz TV Az\u0259rbaycan\u201d peyk yay\u0131m\u0131 h\u0259yata ke\u00e7ir\u0259n platforma yay\u0131m\u00e7\u0131s\u0131na bir daha bel\u0259 hal\u0131n t\u0259krarlanaca\u011f\u0131 t\u0259qdird\u0259 ciddi inzibati sanksiya t\u0259tbiq edil\u0259c\u0259yi il\u0259 ba\u011fl\u0131 x\u0259b\u0259rdarl\u0131q edilm\u0259si bar\u0259d\u0259 q\u0259rar q\u0259bul edib.<\/p>\n\n\n\n<p>X\u0259b\u0259rdarl\u0131qdan sonra \u201cMuz TV Az\u0259rbaycan\u201d\u0131n \u201cYouTube\u201d kanal\u0131ndan verili\u015fin h\u0259min burax\u0131l\u0131\u015f\u0131 gizl\u0259dilib.<\/p>\n\n\n\n<p>Audiovizual \u015eura iyunun 24-d\u0259 teleapar\u0131c\u0131 El\u00e7in \u018flib\u0259yliy\u0259 g\u00f6r\u0259 \u201cSpace\u201d kanal\u0131na x\u0259b\u0259rdarl\u0131q <a href=\"https:\/\/d9mc3ts4czbpr.cloudfront.net\/az\/article\/space-telekanali-elcin-elibeyliye-gore-xeberdarliq-alib\/\" target=\"_blank\" rel=\"noreferrer noopener\">edib<\/a>.<\/p>\n","protected":false},"excerpt":{"rendered":"<p>\u201cMuz TV\u201d \u201cMedia haqq\u0131nda\u201d Qanunu pozmaqda ittiham olundu Audiovizual \u015eura &#8230; <\/p>\n<p class=\"read-more-container\"><a title=\"Audiovizual \u015eura daha bir telekanala x\u0259b\u0259rdarl\u0131q edib\" class=\"read-more button\" href=\"https:\/\/www.meydan.tv\/az\/article\/audiovizual-sura-daha-bir-telekanala-xeberdarliq-edib\/#more-249792\" aria-label=\"Read more about Audiovizual \u015eura daha bir telekanala x\u0259b\u0259rdarl\u0131q edib\">Davam\u0131<\/a><\/p>\n","protected":false},"author":8,"featured_media":249793,"comment_status":"closed","ping_status":"closed","sticky":false,"template":"","format":"standard","meta":{"_acf_changed":false,"_sitemap_exclude":false,"_sitemap_priority":"","_sitemap_frequency":"","footnotes":""},"categories":[52,56],"tags":[],"class_list":["post-249792","post","type-post","status-publish","format-standard","has-post-thumbnail","hentry","category-medeniyyet","category-xeberler","infinite-scroll-item","generate-columns","tablet-grid-50","mobile-grid-100","grid-parent","grid-33","no-featured-image-padding"],"acf":[],"yoast_head":"<!-- This site is optimized with the Yoast SEO plugin v27.5 - https:\/\/yoast.com\/product\/yoast-seo-wordpress\/ -->\n<title>Audiovizual \u015eura daha bir telekanala x\u0259b\u0259rdarl\u0131q edib - MEYDAN.TV<\/title>\n<meta name=\"robots\" content=\"index, follow, max-snippet:-1, max-image-preview:large, max-video-preview:-1\" \/>\n<link rel=\"canonical\" href=\"https:\/\/www.meydan.tv\/az\/article\/audiovizual-sura-daha-bir-telekanala-xeberdarliq-edib\/\" \/>\n<meta property=\"og:locale\" content=\"az_AZ\" \/>\n<meta property=\"og:type\" content=\"article\" \/>\n<meta property=\"og:title\" content=\"Audiovizual \u015eura daha bir telekanala x\u0259b\u0259rdarl\u0131q edib - MEYDAN.TV\" \/>\n<meta property=\"og:description\" content=\"\u201cMuz TV\u201d \u201cMedia haqq\u0131nda\u201d Qanunu pozmaqda ittiham olundu Audiovizual \u015eura ... Davam\u0131\" \/>\n<meta property=\"og:url\" content=\"https:\/\/www.meydan.tv\/az\/article\/audiovizual-sura-daha-bir-telekanala-xeberdarliq-edib\/\" \/>\n<meta property=\"og:site_name\" content=\"MEYDAN.TV\" \/>\n<meta property=\"article:published_time\" content=\"2022-06-30T12:11:45+00:00\" \/>\n<meta property=\"article:modified_time\" content=\"2022-06-30T12:11:48+00:00\" \/>\n<meta property=\"og:image\" content=\"https:\/\/www.meydan.tv\/wp-content\/uploads\/mtv.jpg\" \/>\n\t<meta property=\"og:image:width\" content=\"1200\" \/>\n\t<meta property=\"og:image:height\" content=\"675\" \/>\n\t<meta property=\"og:image:type\" content=\"image\/jpeg\" \/>\n<meta name=\"author\" content=\"elli\" \/>\n<meta name=\"twitter:card\" content=\"summary_large_image\" \/>\n<meta name=\"twitter:creator\" content=\"@elli\" \/>\n<script type=\"application\/ld+json\" class=\"yoast-schema-graph\">{\"@context\":\"https:\\\/\\\/schema.org\",\"@graph\":[{\"@type\":\"Article\",\"@id\":\"https:\\\/\\\/www.meydan.tv\\\/az\\\/article\\\/audiovizual-sura-daha-bir-telekanala-xeberdarliq-edib\\\/#article\",\"isPartOf\":{\"@id\":\"https:\\\/\\\/www.meydan.tv\\\/az\\\/article\\\/audiovizual-sura-daha-bir-telekanala-xeberdarliq-edib\\\/\"},\"author\":{\"name\":\"elli\",\"@id\":\"https:\\\/\\\/www.meydan.tv\\\/az\\\/#\\\/schema\\\/person\\\/9cdbecf90d17180ce1dfbd95b08dcf47\"},\"headline\":\"Audiovizual \u015eura daha bir telekanala x\u0259b\u0259rdarl\u0131q edib\",\"datePublished\":\"2022-06-30T12:11:45+00:00\",\"dateModified\":\"2022-06-30T12:11:48+00:00\",\"mainEntityOfPage\":{\"@id\":\"https:\\\/\\\/www.meydan.tv\\\/az\\\/article\\\/audiovizual-sura-daha-bir-telekanala-xeberdarliq-edib\\\/\"},\"wordCount\":360,\"publisher\":{\"@id\":\"https:\\\/\\\/www.meydan.tv\\\/az\\\/#organization\"},\"image\":{\"@id\":\"https:\\\/\\\/www.meydan.tv\\\/az\\\/article\\\/audiovizual-sura-daha-bir-telekanala-xeberdarliq-edib\\\/#primaryimage\"},\"thumbnailUrl\":\"https:\\\/\\\/www.meydan.tv\\\/wp-content\\\/uploads\\\/mtv.jpg\",\"articleSection\":[\"M\u0259d\u0259niyy\u0259t\",\"X\u0259b\u0259rl\u0259r\"],\"inLanguage\":\"az\"},{\"@type\":\"WebPage\",\"@id\":\"https:\\\/\\\/www.meydan.tv\\\/az\\\/article\\\/audiovizual-sura-daha-bir-telekanala-xeberdarliq-edib\\\/\",\"url\":\"https:\\\/\\\/www.meydan.tv\\\/az\\\/article\\\/audiovizual-sura-daha-bir-telekanala-xeberdarliq-edib\\\/\",\"name\":\"Audiovizual \u015eura daha bir telekanala x\u0259b\u0259rdarl\u0131q edib - MEYDAN.TV\",\"isPartOf\":{\"@id\":\"https:\\\/\\\/www.meydan.tv\\\/az\\\/#website\"},\"primaryImageOfPage\":{\"@id\":\"https:\\\/\\\/www.meydan.tv\\\/az\\\/article\\\/audiovizual-sura-daha-bir-telekanala-xeberdarliq-edib\\\/#primaryimage\"},\"image\":{\"@id\":\"https:\\\/\\\/www.meydan.tv\\\/az\\\/article\\\/audiovizual-sura-daha-bir-telekanala-xeberdarliq-edib\\\/#primaryimage\"},\"thumbnailUrl\":\"https:\\\/\\\/www.meydan.tv\\\/wp-content\\\/uploads\\\/mtv.jpg\",\"datePublished\":\"2022-06-30T12:11:45+00:00\",\"dateModified\":\"2022-06-30T12:11:48+00:00\",\"breadcrumb\":{\"@id\":\"https:\\\/\\\/www.meydan.tv\\\/az\\\/article\\\/audiovizual-sura-daha-bir-telekanala-xeberdarliq-edib\\\/#breadcrumb\"},\"inLanguage\":\"az\",\"potentialAction\":[{\"@type\":\"ReadAction\",\"target\":[\"https:\\\/\\\/www.meydan.tv\\\/az\\\/article\\\/audiovizual-sura-daha-bir-telekanala-xeberdarliq-edib\\\/\"]}]},{\"@type\":\"ImageObject\",\"inLanguage\":\"az\",\"@id\":\"https:\\\/\\\/www.meydan.tv\\\/az\\\/article\\\/audiovizual-sura-daha-bir-telekanala-xeberdarliq-edib\\\/#primaryimage\",\"url\":\"https:\\\/\\\/www.meydan.tv\\\/wp-content\\\/uploads\\\/mtv.jpg\",\"contentUrl\":\"https:\\\/\\\/www.meydan.tv\\\/wp-content\\\/uploads\\\/mtv.jpg\",\"width\":1200,\"height\":675,\"caption\":\"M\u0259nb\u0259: \u201cMuz TV Az\u0259rbaycan\u201d\"},{\"@type\":\"BreadcrumbList\",\"@id\":\"https:\\\/\\\/www.meydan.tv\\\/az\\\/article\\\/audiovizual-sura-daha-bir-telekanala-xeberdarliq-edib\\\/#breadcrumb\",\"itemListElement\":[{\"@type\":\"ListItem\",\"position\":1,\"name\":\"Ana s\u0259hif\u0259\",\"item\":\"https:\\\/\\\/www.meydan.tv\\\/az\\\/\"},{\"@type\":\"ListItem\",\"position\":2,\"name\":\"M\u0259d\u0259niyy\u0259t\",\"item\":\"https:\\\/\\\/www.meydan.tv\\\/az\\\/section\\\/medeniyyet\\\/\"},{\"@type\":\"ListItem\",\"position\":3,\"name\":\"Audiovizual \u015eura daha bir telekanala x\u0259b\u0259rdarl\u0131q edib\"}]},{\"@type\":\"WebSite\",\"@id\":\"https:\\\/\\\/www.meydan.tv\\\/az\\\/#website\",\"url\":\"https:\\\/\\\/www.meydan.tv\\\/az\\\/\",\"name\":\"MEYDAN.TV\",\"description\":\"Meydan TV Az\u0259rbaycan\u0131n media m\u0259kan\u0131ndak\u0131 alternativ s\u0259sidir\",\"publisher\":{\"@id\":\"https:\\\/\\\/www.meydan.tv\\\/az\\\/#organization\"},\"potentialAction\":[{\"@type\":\"SearchAction\",\"target\":{\"@type\":\"EntryPoint\",\"urlTemplate\":\"https:\\\/\\\/www.meydan.tv\\\/az\\\/?s={search_term_string}\"},\"query-input\":{\"@type\":\"PropertyValueSpecification\",\"valueRequired\":true,\"valueName\":\"search_term_string\"}}],\"inLanguage\":\"az\"},{\"@type\":\"Organization\",\"@id\":\"https:\\\/\\\/www.meydan.tv\\\/az\\\/#organization\",\"name\":\"Meydan TV\",\"url\":\"https:\\\/\\\/www.meydan.tv\\\/az\\\/\",\"logo\":{\"@type\":\"ImageObject\",\"inLanguage\":\"az\",\"@id\":\"https:\\\/\\\/www.meydan.tv\\\/az\\\/#\\\/schema\\\/logo\\\/image\\\/\",\"url\":\"https:\\\/\\\/www.meydan.tv\\\/wp-content\\\/uploads\\\/2021\\\/07\\\/meydan-logo.svg\",\"contentUrl\":\"https:\\\/\\\/www.meydan.tv\\\/wp-content\\\/uploads\\\/2021\\\/07\\\/meydan-logo.svg\",\"width\":195,\"height\":46,\"caption\":\"Meydan TV\"},\"image\":{\"@id\":\"https:\\\/\\\/www.meydan.tv\\\/az\\\/#\\\/schema\\\/logo\\\/image\\\/\"}},{\"@type\":\"Person\",\"@id\":\"https:\\\/\\\/www.meydan.tv\\\/az\\\/#\\\/schema\\\/person\\\/9cdbecf90d17180ce1dfbd95b08dcf47\",\"name\":\"elli\",\"sameAs\":[\"https:\\\/\\\/x.com\\\/elli\"]}]}<\/script>\n<!-- \/ Yoast SEO plugin. -->","yoast_head_json":{"title":"Audiovizual \u015eura daha bir telekanala x\u0259b\u0259rdarl\u0131q edib - MEYDAN.TV","robots":{"index":"index","follow":"follow","max-snippet":"max-snippet:-1","max-image-preview":"max-image-preview:large","max-video-preview":"max-video-preview:-1"},"canonical":"https:\/\/www.meydan.tv\/az\/article\/audiovizual-sura-daha-bir-telekanala-xeberdarliq-edib\/","og_locale":"az_AZ","og_type":"article","og_title":"Audiovizual \u015eura daha bir telekanala x\u0259b\u0259rdarl\u0131q edib - MEYDAN.TV","og_description":"\u201cMuz TV\u201d \u201cMedia haqq\u0131nda\u201d Qanunu pozmaqda ittiham olundu Audiovizual \u015eura ... Davam\u0131","og_url":"https:\/\/www.meydan.tv\/az\/article\/audiovizual-sura-daha-bir-telekanala-xeberdarliq-edib\/","og_site_name":"MEYDAN.TV","article_published_time":"2022-06-30T12:11:45+00:00","article_modified_time":"2022-06-30T12:11:48+00:00","og_image":[{"width":1200,"height":675,"url":"https:\/\/www.meydan.tv\/wp-content\/uploads\/mtv.jpg","type":"image\/jpeg"}],"author":"elli","twitter_card":"summary_large_image","twitter_creator":"@elli","schema":{"@context":"https:\/\/schema.org","@graph":[{"@type":"Article","@id":"https:\/\/www.meydan.tv\/az\/article\/audiovizual-sura-daha-bir-telekanala-xeberdarliq-edib\/#article","isPartOf":{"@id":"https:\/\/www.meydan.tv\/az\/article\/audiovizual-sura-daha-bir-telekanala-xeberdarliq-edib\/"},"author":{"name":"elli","@id":"https:\/\/www.meydan.tv\/az\/#\/schema\/person\/9cdbecf90d17180ce1dfbd95b08dcf47"},"headline":"Audiovizual \u015eura daha bir telekanala x\u0259b\u0259rdarl\u0131q edib","datePublished":"2022-06-30T12:11:45+00:00","dateModified":"2022-06-30T12:11:48+00:00","mainEntityOfPage":{"@id":"https:\/\/www.meydan.tv\/az\/article\/audiovizual-sura-daha-bir-telekanala-xeberdarliq-edib\/"},"wordCount":360,"publisher":{"@id":"https:\/\/www.meydan.tv\/az\/#organization"},"image":{"@id":"https:\/\/www.meydan.tv\/az\/article\/audiovizual-sura-daha-bir-telekanala-xeberdarliq-edib\/#primaryimage"},"thumbnailUrl":"https:\/\/www.meydan.tv\/wp-content\/uploads\/mtv.jpg","articleSection":["M\u0259d\u0259niyy\u0259t","X\u0259b\u0259rl\u0259r"],"inLanguage":"az"},{"@type":"WebPage","@id":"https:\/\/www.meydan.tv\/az\/article\/audiovizual-sura-daha-bir-telekanala-xeberdarliq-edib\/","url":"https:\/\/www.meydan.tv\/az\/article\/audiovizual-sura-daha-bir-telekanala-xeberdarliq-edib\/","name":"Audiovizual \u015eura daha bir telekanala x\u0259b\u0259rdarl\u0131q edib - MEYDAN.TV","isPartOf":{"@id":"https:\/\/www.meydan.tv\/az\/#website"},"primaryImageOfPage":{"@id":"https:\/\/www.meydan.tv\/az\/article\/audiovizual-sura-daha-bir-telekanala-xeberdarliq-edib\/#primaryimage"},"image":{"@id":"https:\/\/www.meydan.tv\/az\/article\/audiovizual-sura-daha-bir-telekanala-xeberdarliq-edib\/#primaryimage"},"thumbnailUrl":"https:\/\/www.meydan.tv\/wp-content\/uploads\/mtv.jpg","datePublished":"2022-06-30T12:11:45+00:00","dateModified":"2022-06-30T12:11:48+00:00","breadcrumb":{"@id":"https:\/\/www.meydan.tv\/az\/article\/audiovizual-sura-daha-bir-telekanala-xeberdarliq-edib\/#breadcrumb"},"inLanguage":"az","potentialAction":[{"@type":"ReadAction","target":["https:\/\/www.meydan.tv\/az\/article\/audiovizual-sura-daha-bir-telekanala-xeberdarliq-edib\/"]}]},{"@type":"ImageObject","inLanguage":"az","@id":"https:\/\/www.meydan.tv\/az\/article\/audiovizual-sura-daha-bir-telekanala-xeberdarliq-edib\/#primaryimage","url":"https:\/\/www.meydan.tv\/wp-content\/uploads\/mtv.jpg","contentUrl":"https:\/\/www.meydan.tv\/wp-content\/uploads\/mtv.jpg","width":1200,"height":675,"caption":"M\u0259nb\u0259: \u201cMuz TV Az\u0259rbaycan\u201d"},{"@type":"BreadcrumbList","@id":"https:\/\/www.meydan.tv\/az\/article\/audiovizual-sura-daha-bir-telekanala-xeberdarliq-edib\/#breadcrumb","itemListElement":[{"@type":"ListItem","position":1,"name":"Ana s\u0259hif\u0259","item":"https:\/\/www.meydan.tv\/az\/"},{"@type":"ListItem","position":2,"name":"M\u0259d\u0259niyy\u0259t","item":"https:\/\/www.meydan.tv\/az\/section\/medeniyyet\/"},{"@type":"ListItem","position":3,"name":"Audiovizual \u015eura daha bir telekanala x\u0259b\u0259rdarl\u0131q edib"}]},{"@type":"WebSite","@id":"https:\/\/www.meydan.tv\/az\/#website","url":"https:\/\/www.meydan.tv\/az\/","name":"MEYDAN.TV","description":"Meydan TV Az\u0259rbaycan\u0131n media m\u0259kan\u0131ndak\u0131 alternativ s\u0259sidir","publisher":{"@id":"https:\/\/www.meydan.tv\/az\/#organization"},"potentialAction":[{"@type":"SearchAction","target":{"@type":"EntryPoint","urlTemplate":"https:\/\/www.meydan.tv\/az\/?s={search_term_string}"},"query-input":{"@type":"PropertyValueSpecification","valueRequired":true,"valueName":"search_term_string"}}],"inLanguage":"az"},{"@type":"Organization","@id":"https:\/\/www.meydan.tv\/az\/#organization","name":"Meydan TV","url":"https:\/\/www.meydan.tv\/az\/","logo":{"@type":"ImageObject","inLanguage":"az","@id":"https:\/\/www.meydan.tv\/az\/#\/schema\/logo\/image\/","url":"https:\/\/www.meydan.tv\/wp-content\/uploads\/2021\/07\/meydan-logo.svg","contentUrl":"https:\/\/www.meydan.tv\/wp-content\/uploads\/2021\/07\/meydan-logo.svg","width":195,"height":46,"caption":"Meydan TV"},"image":{"@id":"https:\/\/www.meydan.tv\/az\/#\/schema\/logo\/image\/"}},{"@type":"Person","@id":"https:\/\/www.meydan.tv\/az\/#\/schema\/person\/9cdbecf90d17180ce1dfbd95b08dcf47","name":"elli","sameAs":["https:\/\/x.com\/elli"]}]}},"_links":{"self":[{"href":"https:\/\/www.meydan.tv\/az\/wp-json\/wp\/v2\/posts\/249792","targetHints":{"allow":["GET"]}}],"collection":[{"href":"https:\/\/www.meydan.tv\/az\/wp-json\/wp\/v2\/posts"}],"about":[{"href":"https:\/\/www.meydan.tv\/az\/wp-json\/wp\/v2\/types\/post"}],"author":[{"embeddable":true,"href":"https:\/\/www.meydan.tv\/az\/wp-json\/wp\/v2\/users\/8"}],"replies":[{"embeddable":true,"href":"https:\/\/www.meydan.tv\/az\/wp-json\/wp\/v2\/comments?post=249792"}],"version-history":[{"count":1,"href":"https:\/\/www.meydan.tv\/az\/wp-json\/wp\/v2\/posts\/249792\/revisions"}],"predecessor-version":[{"id":249796,"href":"https:\/\/www.meydan.tv\/az\/wp-json\/wp\/v2\/posts\/249792\/revisions\/249796"}],"wp:featuredmedia":[{"embeddable":true,"href":"https:\/\/www.meydan.tv\/az\/wp-json\/wp\/v2\/media\/249793"}],"wp:attachment":[{"href":"https:\/\/www.meydan.tv\/az\/wp-json\/wp\/v2\/media?parent=249792"}],"wp:term":[{"taxonomy":"category","embeddable":true,"href":"https:\/\/www.meydan.tv\/az\/wp-json\/wp\/v2\/categories?post=249792"},{"taxonomy":"post_tag","embeddable":true,"href":"https:\/\/www.meydan.tv\/az\/wp-json\/wp\/v2\/tags?post=249792"}],"curies":[{"name":"wp","href":"https:\/\/api.w.org\/{rel}","templated":true}]}}