{"id":249763,"date":"2022-06-30T13:25:51","date_gmt":"2022-06-30T09:25:51","guid":{"rendered":"https:\/\/www.meydan.tv\/?p=249763"},"modified":"2022-06-30T13:25:53","modified_gmt":"2022-06-30T09:25:53","slug":"ilanlarla-yasayan-doyunca-yemek-yemeyen-azyaslilar","status":"publish","type":"post","link":"https:\/\/www.meydan.tv\/az\/article\/ilanlarla-yasayan-doyunca-yemek-yemeyen-azyaslilar\/","title":{"rendered":"\u0130lanlarla ya\u015fayan, doyunca yem\u0259k yem\u0259y\u0259n azya\u015fl\u0131lar\u2026"},"content":{"rendered":"\n<p><em>Ail\u0259 \u00fcnvanl\u0131 sosial yard\u0131m da ala bilmir<\/em><\/p>\n\n\n\n<p>\u015eabran\u0131n Qazbabal\u0131 k\u0259ndind\u0259 ya\u015fayan \u018fliyevl\u0259r ail\u0259sinin v\u0259ziyy\u0259ti ac\u0131nacaql\u0131d\u0131r. Onlar \u00fcnvanl\u0131 yard\u0131m da ala bilmirl\u0259r:<\/p>\n\n\n\n<p>\u201c2-3 il \u0259vv\u0259l bu \u015f\u0259rtl\u0259 d\u00fcz\u0259ltdil\u0259r ki, 1 ilin 4 ay\u0131n\u0131n pulu \u015f\u00f6b\u0259d\u0259ki adama \u00e7atacaq, ba\u015fqa \u00e7ar\u0259miz yox idi, raz\u0131la\u015fd\u0131q\u2026\u201d.<\/p>\n\n\n\n<p>T\u0259xmin\u0259n 14 kvadrat metrlik otaqda ya\u015fayan 6 n\u0259f\u0259rlik ail\u0259d\u0259ki 4 azya\u015fl\u0131 u\u015faq doyunca yem\u0259k d\u0259 yey\u0259 bilmir.<\/p>\n\n\n\n<p><strong>\u201c\u018ftraf\u0131 polietilenl\u0259 ba\u011flam\u0131\u015f\u0131q ki, ev\u0259 qurd-qu\u015f girm\u0259sin\u201d<\/strong><\/p>\n\n\n\n<p>U\u015faqlar\u0131n d\u00f6rd\u00fc d\u0259 q\u0131zd\u0131r &#8211; \u0259n b\u00f6y\u00fcy\u00fcn\u00fcn 11, \u0259n ki\u00e7iyinin is\u0259 3 ya\u015f\u0131 var.<\/p>\n\n\n\n<p>U\u015faqlar\u0131n atas\u0131 \u0130slam \u018fliyev g\u00fcn\u0259muzd f\u0259hl\u0259 i\u015fl\u0259yir. H\u0259yat yolda\u015f\u0131 Sevinc Al\u0131rzayeva Meydan TV-y\u0259 dan\u0131\u015f\u0131r ki, qazanc\u0131 ail\u0259nin \u0259n z\u0259ruri ehtiyaclar\u0131n\u0131 bel\u0259, tam \u00f6d\u0259m\u0259y\u0259 yetmir.<\/p>\n\n\n\n<figure class=\"wp-block-image size-large\"><img decoding=\"async\" width=\"1095\" height=\"821\" data-src=\"https:\/\/www.meydan.tv\/wp-content\/uploads\/290670162_559716695560374_3986244989463361964_n-1095x821.jpg\" alt=\"\" class=\"wp-image-249746 lazyload\" src=\"data:image\/svg+xml;base64,PHN2ZyB3aWR0aD0iMSIgaGVpZ2h0PSIxIiB4bWxucz0iaHR0cDovL3d3dy53My5vcmcvMjAwMC9zdmciPjwvc3ZnPg==\" style=\"--smush-placeholder-width: 1095px; --smush-placeholder-aspect-ratio: 1095\/821;\" \/><figcaption>Qazbabal\u0131 k\u0259ndi. Foto: Meydan TV<\/figcaption><\/figure>\n\n\n\n<p>Onun s\u00f6zl\u0259rin\u0259 g\u00f6r\u0259, da\u011f k\u0259ndi oldu\u011fundan Qazbabal\u0131da q\u0131\u015f da s\u0259rt ke\u00e7ir: <\/p>\n\n\n\n<p>\u201cH\u0259tta bu ki\u00e7ik ota\u011f\u0131 bel\u0259 q\u0131zd\u0131ra bilmirik. H\u0259m bu yerl\u0259rd\u0259 q\u0131\u015fda \u00e7ox soyuq olur, h\u0259m d\u0259 ota\u011f\u0131n d\u00fcz-\u0259m\u0259lli qap\u0131-p\u0259nc\u0259r\u0259si yoxdur. Qaz, \u0259l-\u00fcz yuyulan yer \u00e7\u00f6ld\u0259 &#8211; evin qar\u015f\u0131s\u0131ndad\u0131r. Sad\u0259c\u0259, \u0259traf\u0131n\u0131 polietilenl\u0259 ba\u011flam\u0131\u015f\u0131q ki, qurd-qu\u015f g\u0259lib ke\u00e7m\u0259sin\u201d.<\/p>\n\n\n\n<p><strong>Yay gir\u0259nd\u0259n ota\u011fa 2 d\u0259f\u0259 ilan girib<\/strong><\/p>\n\n\n\n<p>Yerli sakinl\u0259r deyir ki, bu k\u0259ndd\u0259 canavar, \u00e7aqqal \u00e7ox olur. X\u00fcsus\u0259n q\u0131\u015f vaxt\u0131 gec\u0259l\u0259r h\u0259y\u0259tl\u0259r\u0259 girib, mal-heyvan\u0131, toyuq-c\u00fcc\u0259ni yeyir.<\/p>\n\n\n\n<p>K\u00f6hn\u0259 evl\u0259rd\u0259 ya\u015fayanlar is\u0259 yayda ba\u015fqa bir t\u0259hl\u00fck\u0259 il\u0259 d\u0259 \u00fczl\u0259\u015firl\u0259r &#8211; ilanlar n\u0259inki h\u0259y\u0259tl\u0259rd\u0259 s\u00fcr\u00fcn\u00fcr, h\u0259tta evl\u0259r\u0259 d\u0259 daxil olur.<\/p>\n\n\n\n<figure class=\"wp-block-image size-large\"><img decoding=\"async\" width=\"1095\" height=\"821\" data-src=\"https:\/\/www.meydan.tv\/wp-content\/uploads\/290951292_353640763511367_3357473896686838920_n-1095x821.jpg\" alt=\"\" class=\"wp-image-249749 lazyload\" src=\"data:image\/svg+xml;base64,PHN2ZyB3aWR0aD0iMSIgaGVpZ2h0PSIxIiB4bWxucz0iaHR0cDovL3d3dy53My5vcmcvMjAwMC9zdmciPjwvc3ZnPg==\" style=\"--smush-placeholder-width: 1095px; --smush-placeholder-aspect-ratio: 1095\/821;\" \/><figcaption> \u018fliyevl\u0259r ail\u0259sinin evi. Foto: Meydan TV<\/figcaption><\/figure>\n\n\n\n<p>32 ya\u015fl\u0131 Sevinc Al\u0131rzayeva dan\u0131\u015f\u0131r ki, t\u0259kc\u0259, bu yay iki d\u0259f\u0259 qald\u0131qlar\u0131 ota\u011fa ilan girib: \u201cH\u0259tta bir d\u0259f\u0259 Z\u0259hra (evin 11 ya\u015fl\u0131 \u0259n b\u00f6y\u00fck u\u015fa\u011f\u0131) da g\u00f6r\u00fcb. U\u015faqlara g\u00f6r\u0259 \u00e7ox narahatam. Ki\u00e7ik q\u0131zlardan R\u0259hil\u0259nin 3, Ruq\u0259yyan\u0131n 5 ya\u015f\u0131 var. Onlar n\u0259 qan\u0131rlar ilan n\u0259dir? U\u015faqlar\u0131 qoyub \u00e7\u00f6l\u0259 \u00e7\u0131xma\u011fa da qorxuram\u201d.<\/p>\n\n\n\n<p><strong>\u201cDa\u011f\u0131n ba\u015f\u0131nda r\u0259smi i\u015f yerini haradan tap\u0131m?\u201d<\/strong><\/p>\n\n\n\n<p>Ac\u0131nacaql\u0131 v\u0259ziyy\u0259td\u0259 olan ail\u0259 \u00fcnvanl\u0131 sosial yard\u0131m da ala bilmir. Sevinc Al\u0131rzayevan\u0131n s\u00f6zl\u0259rin\u0259 g\u00f6r\u0259, t\u0259xmin\u0259n 2-3 il \u0259vv\u0259l ail\u0259y\u0259 1 il \u0259rzind\u0259 \u00fcnvanl\u0131 sosial yard\u0131m verilib:<\/p>\n\n\n\n<figure class=\"wp-block-image size-large\"><img decoding=\"async\" width=\"1095\" height=\"821\" data-src=\"https:\/\/www.meydan.tv\/wp-content\/uploads\/290284785_749845156462850_7074114611676848440_n-1095x821.jpg\" alt=\"\" class=\"wp-image-249734 lazyload\" src=\"data:image\/svg+xml;base64,PHN2ZyB3aWR0aD0iMSIgaGVpZ2h0PSIxIiB4bWxucz0iaHR0cDovL3d3dy53My5vcmcvMjAwMC9zdmciPjwvc3ZnPg==\" style=\"--smush-placeholder-width: 1095px; --smush-placeholder-aspect-ratio: 1095\/821;\" \/><figcaption>Qazbabal\u0131 k\u0259ndi. Foto: Meydan TV<\/figcaption><\/figure>\n\n\n\n<p>\u201cOnda da bu \u015f\u0259rtl\u0259 d\u00fcz\u0259ltdil\u0259r ki, 1 ilin 4 ay\u0131n\u0131n pulu o \u015f\u00f6b\u0259d\u0259ki adama \u00e7atacaq, qalan\u0131 biz\u0259. Ba\u015fqa \u00e7ar\u0259miz yox idi, raz\u0131la\u015fd\u0131q. \u00c7\u00fcnki bizim \u00fc\u00e7\u00fcn 10 manat da b\u00f6y\u00fck puldur. Fikirl\u0259\u015fdik ki, qalan 8 ay\u0131 almasaq neyl\u0259y\u0259c\u0259yik?! Bir ild\u0259n sonra o da k\u0259sildi. Maraqlanm\u0131\u015f\u0131q, biri deyir, \u201csiz\u0259 d\u00fc\u015fm\u00fcr\u201d, dig\u0259ri \u201cr\u0259smi i\u015f yeri olmal\u0131d\u0131r\u201d, &#8211; s\u00f6yl\u0259yir. Da\u011f\u0131n ba\u015f\u0131nda r\u0259smi i\u015f yerini haradan tap\u0131m?\u201d<\/p>\n\n\n\n<p><strong>D\u00f6vl\u0259t Sosial M\u00fcdafi\u0259 Fondu n\u0259 deyir?<\/strong><\/p>\n\n\n\n<p>D\u00f6vl\u0259t Sosial M\u00fcdafi\u0259 Fondunun (DSMF) ictimaiyy\u0259tl\u0259 \u0259laq\u0259l\u0259r deprtamentind\u0259n Meydan TV-y\u0259 bildirilib ki, ail\u0259y\u0259 \u00fcnvanl\u0131 sosial yard\u0131m t\u0259yin olunmas\u0131 m\u00fcqabilind\u0259 bu qurumun \u0259m\u0259kda\u015flar\u0131n\u0131n onlardan 4 ayl\u0131q \u00f6d\u0259ni\u015f t\u0259l\u0259b etm\u0259si haqda iddialar \u0259sass\u0131zd\u0131r:<\/p>\n\n\n\n<figure class=\"wp-block-image size-large\"><img decoding=\"async\" width=\"1095\" height=\"821\" data-src=\"https:\/\/www.meydan.tv\/wp-content\/uploads\/290482605_521664913048087_5583171504100796423_n__1_-1095x821.jpg\" alt=\"\" class=\"wp-image-249737 lazyload\" src=\"data:image\/svg+xml;base64,PHN2ZyB3aWR0aD0iMSIgaGVpZ2h0PSIxIiB4bWxucz0iaHR0cDovL3d3dy53My5vcmcvMjAwMC9zdmciPjwvc3ZnPg==\" style=\"--smush-placeholder-width: 1095px; --smush-placeholder-aspect-ratio: 1095\/821;\" \/><figcaption>Qazbabal\u0131 k\u0259ndi. Foto: Meydan TV<\/figcaption><\/figure>\n\n\n\n<p>\u201c\u018fg\u0259r v\u0259t\u0259nda\u015f\u0131n h\u0259r hans\u0131 bir fakt\u0131 varsa, m\u0259s\u0259l\u0259nin ara\u015fd\u0131r\u0131lmas\u0131 \u00fc\u00e7\u00fcn h\u00fcquq-m\u00fchafiz\u0259 orqanlar\u0131na v\u0259 DSMF-y\u0259 m\u00fcraci\u0259t ed\u0259 bil\u0259r\u201d.<\/p>\n\n\n\n<p>Departamentd\u0259n onu da \u0259lav\u0259 edibl\u0259r ki, bu ail\u0259 \u00fcnvanl\u0131 sosial yard\u0131mla ba\u011fl\u0131 2019-cu il avqustun 26-da m\u00fcraci\u0259t edib. H\u0259min zaman ail\u0259y\u0259 1 illik yard\u0131m t\u0259yin olunub:<\/p>\n\n\n\n<p>\u201cH\u0259min d\u00f6vrd\u0259 Sevinc Al\u0131rzayevan\u0131n h\u0259yat yolda\u015f\u0131 \u0130slam \u018fliyevin \u0259vv\u0259lki 12 ayda muzdlu i\u015fd\u0259n g\u0259liri qeyd\u0259 al\u0131n\u0131b. O, V\u00d6EN-l\u0259 istixanada ba\u011fban kimi \u0259m\u0259k f\u0259aliyy\u0259til\u0259 m\u0259\u015f\u011ful olub. Lakin sonradan V\u00d6EN-i ba\u011flatd\u0131r\u0131b. Haz\u0131rda \u0130slam \u018fliyev i\u015fsizdir. Bundan sonra v\u0259t\u0259nda\u015f\u0131n sosial yard\u0131mla ba\u011fl\u0131 elektron m\u00fcraci\u0259ti olmay\u0131b\u201d.<\/p>\n\n\n\n<figure class=\"wp-block-image size-large\"><img decoding=\"async\" width=\"1095\" height=\"821\" data-src=\"https:\/\/www.meydan.tv\/wp-content\/uploads\/290356957_1009754523062775_8005163425903504328_n-1095x821.jpg\" alt=\"\" class=\"wp-image-249731 lazyload\" src=\"data:image\/svg+xml;base64,PHN2ZyB3aWR0aD0iMSIgaGVpZ2h0PSIxIiB4bWxucz0iaHR0cDovL3d3dy53My5vcmcvMjAwMC9zdmciPjwvc3ZnPg==\" style=\"--smush-placeholder-width: 1095px; --smush-placeholder-aspect-ratio: 1095\/821;\" \/><figcaption>Qazbabal\u0131 k\u0259ndi. Foto: Meydan TV<\/figcaption><\/figure>\n\n\n\n<p>Meydan TV-nin sor\u011fusundan sonra DSMF \u0259m\u0259kda\u015flar\u0131 Sevinc Al\u0131rzayeva il\u0259 telefonla \u0259laq\u0259 saxlay\u0131b. Ail\u0259nin sosial yard\u0131m almaq h\u00fcququnun m\u00fc\u0259yy\u0259nl\u0259\u015fdirilm\u0259si \u00fc\u00e7\u00fcn ona suallar verilib:<\/p>\n\n\n\n<p>\u201cDedil\u0259r ki, ail\u0259 6 n\u0259f\u0259rd\u0259n (\u00f6z\u00fc, yolda\u015f\u0131 v\u0259 11, 9, 5, 3 ya\u015flar\u0131nda \u00f6vlad\u0131) ibar\u0259tdir v\u0259 \u015eabran rayonunda ya\u015fay\u0131rlar. Ail\u0259nin \u0259m\u0259k qabiliyy\u0259tli \u00fczv\u00fc \u0130slam Z\u0259bulla o\u011flu \u018fliyevin m\u0259\u015f\u011fullu\u011fu t\u0259min olunar v\u0259 yenid\u0259n m\u00fcraci\u0259t edil\u0259rs\u0259, ail\u0259nin \u00fcnvanl\u0131 sosial yard\u0131mla ba\u011fl\u0131 m\u00fcraci\u0259tin\u0259 bax\u0131la bil\u0259r\u201d, &#8211; dey\u0259 DSMF-d\u0259n bildirilib.<\/p>\n","protected":false},"excerpt":{"rendered":"<p>Ail\u0259 \u00fcnvanl\u0131 sosial yard\u0131m da ala bilmir \u015eabran\u0131n Qazbabal\u0131 k\u0259ndind\u0259 &#8230; <\/p>\n<p class=\"read-more-container\"><a title=\"\u0130lanlarla ya\u015fayan, doyunca yem\u0259k yem\u0259y\u0259n azya\u015fl\u0131lar\u2026\" class=\"read-more button\" href=\"https:\/\/www.meydan.tv\/az\/article\/ilanlarla-yasayan-doyunca-yemek-yemeyen-azyaslilar\/#more-249763\" aria-label=\"Read more about \u0130lanlarla ya\u015fayan, doyunca yem\u0259k yem\u0259y\u0259n azya\u015fl\u0131lar\u2026\">Davam\u0131<\/a><\/p>\n","protected":false},"author":8,"featured_media":249743,"comment_status":"closed","ping_status":"closed","sticky":false,"template":"","format":"standard","meta":{"_acf_changed":false,"_sitemap_exclude":false,"_sitemap_priority":"","_sitemap_frequency":"","footnotes":""},"categories":[60,79,56],"tags":[],"class_list":["post-249763","post","type-post","status-publish","format-standard","has-post-thumbnail","hentry","category-bolge","category-featured","category-xeberler","infinite-scroll-item","generate-columns","tablet-grid-50","mobile-grid-100","grid-parent","grid-33","no-featured-image-padding"],"acf":[],"yoast_head":"<!-- This site is optimized with the Yoast SEO plugin v27.5 - https:\/\/yoast.com\/product\/yoast-seo-wordpress\/ -->\n<title>\u0130lanlarla ya\u015fayan, doyunca yem\u0259k yem\u0259y\u0259n azya\u015fl\u0131lar\u2026 - MEYDAN.TV<\/title>\n<meta name=\"robots\" content=\"index, follow, max-snippet:-1, max-image-preview:large, max-video-preview:-1\" \/>\n<link rel=\"canonical\" href=\"https:\/\/www.meydan.tv\/az\/article\/ilanlarla-yasayan-doyunca-yemek-yemeyen-azyaslilar\/\" \/>\n<meta property=\"og:locale\" content=\"az_AZ\" \/>\n<meta property=\"og:type\" content=\"article\" \/>\n<meta property=\"og:title\" content=\"\u0130lanlarla ya\u015fayan, doyunca yem\u0259k yem\u0259y\u0259n azya\u015fl\u0131lar\u2026 - MEYDAN.TV\" \/>\n<meta property=\"og:description\" content=\"Ail\u0259 \u00fcnvanl\u0131 sosial yard\u0131m da ala bilmir \u015eabran\u0131n Qazbabal\u0131 k\u0259ndind\u0259 ... Davam\u0131\" \/>\n<meta property=\"og:url\" content=\"https:\/\/www.meydan.tv\/az\/article\/ilanlarla-yasayan-doyunca-yemek-yemeyen-azyaslilar\/\" \/>\n<meta property=\"og:site_name\" content=\"MEYDAN.TV\" \/>\n<meta property=\"article:published_time\" content=\"2022-06-30T09:25:51+00:00\" \/>\n<meta property=\"article:modified_time\" content=\"2022-06-30T09:25:53+00:00\" \/>\n<meta property=\"og:image\" content=\"https:\/\/www.meydan.tv\/wp-content\/uploads\/290363081_2058549321006624_2981678140755254617_n-1.jpg\" \/>\n\t<meta property=\"og:image:width\" content=\"1200\" \/>\n\t<meta property=\"og:image:height\" content=\"900\" \/>\n\t<meta property=\"og:image:type\" content=\"image\/jpeg\" \/>\n<meta name=\"author\" content=\"elli\" \/>\n<meta name=\"twitter:card\" content=\"summary_large_image\" \/>\n<meta name=\"twitter:creator\" content=\"@elli\" \/>\n<script type=\"application\/ld+json\" class=\"yoast-schema-graph\">{\"@context\":\"https:\\\/\\\/schema.org\",\"@graph\":[{\"@type\":\"Article\",\"@id\":\"https:\\\/\\\/www.meydan.tv\\\/az\\\/article\\\/ilanlarla-yasayan-doyunca-yemek-yemeyen-azyaslilar\\\/#article\",\"isPartOf\":{\"@id\":\"https:\\\/\\\/www.meydan.tv\\\/az\\\/article\\\/ilanlarla-yasayan-doyunca-yemek-yemeyen-azyaslilar\\\/\"},\"author\":{\"name\":\"elli\",\"@id\":\"https:\\\/\\\/www.meydan.tv\\\/az\\\/#\\\/schema\\\/person\\\/9cdbecf90d17180ce1dfbd95b08dcf47\"},\"headline\":\"\u0130lanlarla ya\u015fayan, doyunca yem\u0259k yem\u0259y\u0259n azya\u015fl\u0131lar\u2026\",\"datePublished\":\"2022-06-30T09:25:51+00:00\",\"dateModified\":\"2022-06-30T09:25:53+00:00\",\"mainEntityOfPage\":{\"@id\":\"https:\\\/\\\/www.meydan.tv\\\/az\\\/article\\\/ilanlarla-yasayan-doyunca-yemek-yemeyen-azyaslilar\\\/\"},\"wordCount\":885,\"publisher\":{\"@id\":\"https:\\\/\\\/www.meydan.tv\\\/az\\\/#organization\"},\"image\":{\"@id\":\"https:\\\/\\\/www.meydan.tv\\\/az\\\/article\\\/ilanlarla-yasayan-doyunca-yemek-yemeyen-azyaslilar\\\/#primaryimage\"},\"thumbnailUrl\":\"https:\\\/\\\/www.meydan.tv\\\/wp-content\\\/uploads\\\/290363081_2058549321006624_2981678140755254617_n-1.jpg\",\"articleSection\":[\"B\u00f6lg\u0259\",\"T\u00f6vsiy\u0259\",\"X\u0259b\u0259rl\u0259r\"],\"inLanguage\":\"az\"},{\"@type\":\"WebPage\",\"@id\":\"https:\\\/\\\/www.meydan.tv\\\/az\\\/article\\\/ilanlarla-yasayan-doyunca-yemek-yemeyen-azyaslilar\\\/\",\"url\":\"https:\\\/\\\/www.meydan.tv\\\/az\\\/article\\\/ilanlarla-yasayan-doyunca-yemek-yemeyen-azyaslilar\\\/\",\"name\":\"\u0130lanlarla ya\u015fayan, doyunca yem\u0259k yem\u0259y\u0259n azya\u015fl\u0131lar\u2026 - MEYDAN.TV\",\"isPartOf\":{\"@id\":\"https:\\\/\\\/www.meydan.tv\\\/az\\\/#website\"},\"primaryImageOfPage\":{\"@id\":\"https:\\\/\\\/www.meydan.tv\\\/az\\\/article\\\/ilanlarla-yasayan-doyunca-yemek-yemeyen-azyaslilar\\\/#primaryimage\"},\"image\":{\"@id\":\"https:\\\/\\\/www.meydan.tv\\\/az\\\/article\\\/ilanlarla-yasayan-doyunca-yemek-yemeyen-azyaslilar\\\/#primaryimage\"},\"thumbnailUrl\":\"https:\\\/\\\/www.meydan.tv\\\/wp-content\\\/uploads\\\/290363081_2058549321006624_2981678140755254617_n-1.jpg\",\"datePublished\":\"2022-06-30T09:25:51+00:00\",\"dateModified\":\"2022-06-30T09:25:53+00:00\",\"breadcrumb\":{\"@id\":\"https:\\\/\\\/www.meydan.tv\\\/az\\\/article\\\/ilanlarla-yasayan-doyunca-yemek-yemeyen-azyaslilar\\\/#breadcrumb\"},\"inLanguage\":\"az\",\"potentialAction\":[{\"@type\":\"ReadAction\",\"target\":[\"https:\\\/\\\/www.meydan.tv\\\/az\\\/article\\\/ilanlarla-yasayan-doyunca-yemek-yemeyen-azyaslilar\\\/\"]}]},{\"@type\":\"ImageObject\",\"inLanguage\":\"az\",\"@id\":\"https:\\\/\\\/www.meydan.tv\\\/az\\\/article\\\/ilanlarla-yasayan-doyunca-yemek-yemeyen-azyaslilar\\\/#primaryimage\",\"url\":\"https:\\\/\\\/www.meydan.tv\\\/wp-content\\\/uploads\\\/290363081_2058549321006624_2981678140755254617_n-1.jpg\",\"contentUrl\":\"https:\\\/\\\/www.meydan.tv\\\/wp-content\\\/uploads\\\/290363081_2058549321006624_2981678140755254617_n-1.jpg\",\"width\":1200,\"height\":900,\"caption\":\"Qazbabal\u0131 k\u0259ndi, \u018fliyevl\u0259r ail\u0259sinin \u00f6vladlar\u0131. Foto: Meydan TV\"},{\"@type\":\"BreadcrumbList\",\"@id\":\"https:\\\/\\\/www.meydan.tv\\\/az\\\/article\\\/ilanlarla-yasayan-doyunca-yemek-yemeyen-azyaslilar\\\/#breadcrumb\",\"itemListElement\":[{\"@type\":\"ListItem\",\"position\":1,\"name\":\"Ana s\u0259hif\u0259\",\"item\":\"https:\\\/\\\/www.meydan.tv\\\/az\\\/\"},{\"@type\":\"ListItem\",\"position\":2,\"name\":\"B\u00f6lg\u0259\",\"item\":\"https:\\\/\\\/www.meydan.tv\\\/az\\\/section\\\/bolge\\\/\"},{\"@type\":\"ListItem\",\"position\":3,\"name\":\"\u0130lanlarla ya\u015fayan, doyunca yem\u0259k yem\u0259y\u0259n azya\u015fl\u0131lar\u2026\"}]},{\"@type\":\"WebSite\",\"@id\":\"https:\\\/\\\/www.meydan.tv\\\/az\\\/#website\",\"url\":\"https:\\\/\\\/www.meydan.tv\\\/az\\\/\",\"name\":\"MEYDAN.TV\",\"description\":\"Meydan TV Az\u0259rbaycan\u0131n media m\u0259kan\u0131ndak\u0131 alternativ s\u0259sidir\",\"publisher\":{\"@id\":\"https:\\\/\\\/www.meydan.tv\\\/az\\\/#organization\"},\"potentialAction\":[{\"@type\":\"SearchAction\",\"target\":{\"@type\":\"EntryPoint\",\"urlTemplate\":\"https:\\\/\\\/www.meydan.tv\\\/az\\\/?s={search_term_string}\"},\"query-input\":{\"@type\":\"PropertyValueSpecification\",\"valueRequired\":true,\"valueName\":\"search_term_string\"}}],\"inLanguage\":\"az\"},{\"@type\":\"Organization\",\"@id\":\"https:\\\/\\\/www.meydan.tv\\\/az\\\/#organization\",\"name\":\"Meydan TV\",\"url\":\"https:\\\/\\\/www.meydan.tv\\\/az\\\/\",\"logo\":{\"@type\":\"ImageObject\",\"inLanguage\":\"az\",\"@id\":\"https:\\\/\\\/www.meydan.tv\\\/az\\\/#\\\/schema\\\/logo\\\/image\\\/\",\"url\":\"https:\\\/\\\/www.meydan.tv\\\/wp-content\\\/uploads\\\/2021\\\/07\\\/meydan-logo.svg\",\"contentUrl\":\"https:\\\/\\\/www.meydan.tv\\\/wp-content\\\/uploads\\\/2021\\\/07\\\/meydan-logo.svg\",\"width\":195,\"height\":46,\"caption\":\"Meydan TV\"},\"image\":{\"@id\":\"https:\\\/\\\/www.meydan.tv\\\/az\\\/#\\\/schema\\\/logo\\\/image\\\/\"}},{\"@type\":\"Person\",\"@id\":\"https:\\\/\\\/www.meydan.tv\\\/az\\\/#\\\/schema\\\/person\\\/9cdbecf90d17180ce1dfbd95b08dcf47\",\"name\":\"elli\",\"sameAs\":[\"https:\\\/\\\/x.com\\\/elli\"]}]}<\/script>\n<!-- \/ Yoast SEO plugin. -->","yoast_head_json":{"title":"\u0130lanlarla ya\u015fayan, doyunca yem\u0259k yem\u0259y\u0259n azya\u015fl\u0131lar\u2026 - MEYDAN.TV","robots":{"index":"index","follow":"follow","max-snippet":"max-snippet:-1","max-image-preview":"max-image-preview:large","max-video-preview":"max-video-preview:-1"},"canonical":"https:\/\/www.meydan.tv\/az\/article\/ilanlarla-yasayan-doyunca-yemek-yemeyen-azyaslilar\/","og_locale":"az_AZ","og_type":"article","og_title":"\u0130lanlarla ya\u015fayan, doyunca yem\u0259k yem\u0259y\u0259n azya\u015fl\u0131lar\u2026 - MEYDAN.TV","og_description":"Ail\u0259 \u00fcnvanl\u0131 sosial yard\u0131m da ala bilmir \u015eabran\u0131n Qazbabal\u0131 k\u0259ndind\u0259 ... Davam\u0131","og_url":"https:\/\/www.meydan.tv\/az\/article\/ilanlarla-yasayan-doyunca-yemek-yemeyen-azyaslilar\/","og_site_name":"MEYDAN.TV","article_published_time":"2022-06-30T09:25:51+00:00","article_modified_time":"2022-06-30T09:25:53+00:00","og_image":[{"width":1200,"height":900,"url":"https:\/\/www.meydan.tv\/wp-content\/uploads\/290363081_2058549321006624_2981678140755254617_n-1.jpg","type":"image\/jpeg"}],"author":"elli","twitter_card":"summary_large_image","twitter_creator":"@elli","schema":{"@context":"https:\/\/schema.org","@graph":[{"@type":"Article","@id":"https:\/\/www.meydan.tv\/az\/article\/ilanlarla-yasayan-doyunca-yemek-yemeyen-azyaslilar\/#article","isPartOf":{"@id":"https:\/\/www.meydan.tv\/az\/article\/ilanlarla-yasayan-doyunca-yemek-yemeyen-azyaslilar\/"},"author":{"name":"elli","@id":"https:\/\/www.meydan.tv\/az\/#\/schema\/person\/9cdbecf90d17180ce1dfbd95b08dcf47"},"headline":"\u0130lanlarla ya\u015fayan, doyunca yem\u0259k yem\u0259y\u0259n azya\u015fl\u0131lar\u2026","datePublished":"2022-06-30T09:25:51+00:00","dateModified":"2022-06-30T09:25:53+00:00","mainEntityOfPage":{"@id":"https:\/\/www.meydan.tv\/az\/article\/ilanlarla-yasayan-doyunca-yemek-yemeyen-azyaslilar\/"},"wordCount":885,"publisher":{"@id":"https:\/\/www.meydan.tv\/az\/#organization"},"image":{"@id":"https:\/\/www.meydan.tv\/az\/article\/ilanlarla-yasayan-doyunca-yemek-yemeyen-azyaslilar\/#primaryimage"},"thumbnailUrl":"https:\/\/www.meydan.tv\/wp-content\/uploads\/290363081_2058549321006624_2981678140755254617_n-1.jpg","articleSection":["B\u00f6lg\u0259","T\u00f6vsiy\u0259","X\u0259b\u0259rl\u0259r"],"inLanguage":"az"},{"@type":"WebPage","@id":"https:\/\/www.meydan.tv\/az\/article\/ilanlarla-yasayan-doyunca-yemek-yemeyen-azyaslilar\/","url":"https:\/\/www.meydan.tv\/az\/article\/ilanlarla-yasayan-doyunca-yemek-yemeyen-azyaslilar\/","name":"\u0130lanlarla ya\u015fayan, doyunca yem\u0259k yem\u0259y\u0259n azya\u015fl\u0131lar\u2026 - MEYDAN.TV","isPartOf":{"@id":"https:\/\/www.meydan.tv\/az\/#website"},"primaryImageOfPage":{"@id":"https:\/\/www.meydan.tv\/az\/article\/ilanlarla-yasayan-doyunca-yemek-yemeyen-azyaslilar\/#primaryimage"},"image":{"@id":"https:\/\/www.meydan.tv\/az\/article\/ilanlarla-yasayan-doyunca-yemek-yemeyen-azyaslilar\/#primaryimage"},"thumbnailUrl":"https:\/\/www.meydan.tv\/wp-content\/uploads\/290363081_2058549321006624_2981678140755254617_n-1.jpg","datePublished":"2022-06-30T09:25:51+00:00","dateModified":"2022-06-30T09:25:53+00:00","breadcrumb":{"@id":"https:\/\/www.meydan.tv\/az\/article\/ilanlarla-yasayan-doyunca-yemek-yemeyen-azyaslilar\/#breadcrumb"},"inLanguage":"az","potentialAction":[{"@type":"ReadAction","target":["https:\/\/www.meydan.tv\/az\/article\/ilanlarla-yasayan-doyunca-yemek-yemeyen-azyaslilar\/"]}]},{"@type":"ImageObject","inLanguage":"az","@id":"https:\/\/www.meydan.tv\/az\/article\/ilanlarla-yasayan-doyunca-yemek-yemeyen-azyaslilar\/#primaryimage","url":"https:\/\/www.meydan.tv\/wp-content\/uploads\/290363081_2058549321006624_2981678140755254617_n-1.jpg","contentUrl":"https:\/\/www.meydan.tv\/wp-content\/uploads\/290363081_2058549321006624_2981678140755254617_n-1.jpg","width":1200,"height":900,"caption":"Qazbabal\u0131 k\u0259ndi, \u018fliyevl\u0259r ail\u0259sinin \u00f6vladlar\u0131. Foto: Meydan TV"},{"@type":"BreadcrumbList","@id":"https:\/\/www.meydan.tv\/az\/article\/ilanlarla-yasayan-doyunca-yemek-yemeyen-azyaslilar\/#breadcrumb","itemListElement":[{"@type":"ListItem","position":1,"name":"Ana s\u0259hif\u0259","item":"https:\/\/www.meydan.tv\/az\/"},{"@type":"ListItem","position":2,"name":"B\u00f6lg\u0259","item":"https:\/\/www.meydan.tv\/az\/section\/bolge\/"},{"@type":"ListItem","position":3,"name":"\u0130lanlarla ya\u015fayan, doyunca yem\u0259k yem\u0259y\u0259n azya\u015fl\u0131lar\u2026"}]},{"@type":"WebSite","@id":"https:\/\/www.meydan.tv\/az\/#website","url":"https:\/\/www.meydan.tv\/az\/","name":"MEYDAN.TV","description":"Meydan TV Az\u0259rbaycan\u0131n media m\u0259kan\u0131ndak\u0131 alternativ s\u0259sidir","publisher":{"@id":"https:\/\/www.meydan.tv\/az\/#organization"},"potentialAction":[{"@type":"SearchAction","target":{"@type":"EntryPoint","urlTemplate":"https:\/\/www.meydan.tv\/az\/?s={search_term_string}"},"query-input":{"@type":"PropertyValueSpecification","valueRequired":true,"valueName":"search_term_string"}}],"inLanguage":"az"},{"@type":"Organization","@id":"https:\/\/www.meydan.tv\/az\/#organization","name":"Meydan TV","url":"https:\/\/www.meydan.tv\/az\/","logo":{"@type":"ImageObject","inLanguage":"az","@id":"https:\/\/www.meydan.tv\/az\/#\/schema\/logo\/image\/","url":"https:\/\/www.meydan.tv\/wp-content\/uploads\/2021\/07\/meydan-logo.svg","contentUrl":"https:\/\/www.meydan.tv\/wp-content\/uploads\/2021\/07\/meydan-logo.svg","width":195,"height":46,"caption":"Meydan TV"},"image":{"@id":"https:\/\/www.meydan.tv\/az\/#\/schema\/logo\/image\/"}},{"@type":"Person","@id":"https:\/\/www.meydan.tv\/az\/#\/schema\/person\/9cdbecf90d17180ce1dfbd95b08dcf47","name":"elli","sameAs":["https:\/\/x.com\/elli"]}]}},"_links":{"self":[{"href":"https:\/\/www.meydan.tv\/az\/wp-json\/wp\/v2\/posts\/249763","targetHints":{"allow":["GET"]}}],"collection":[{"href":"https:\/\/www.meydan.tv\/az\/wp-json\/wp\/v2\/posts"}],"about":[{"href":"https:\/\/www.meydan.tv\/az\/wp-json\/wp\/v2\/types\/post"}],"author":[{"embeddable":true,"href":"https:\/\/www.meydan.tv\/az\/wp-json\/wp\/v2\/users\/8"}],"replies":[{"embeddable":true,"href":"https:\/\/www.meydan.tv\/az\/wp-json\/wp\/v2\/comments?post=249763"}],"version-history":[{"count":1,"href":"https:\/\/www.meydan.tv\/az\/wp-json\/wp\/v2\/posts\/249763\/revisions"}],"predecessor-version":[{"id":249764,"href":"https:\/\/www.meydan.tv\/az\/wp-json\/wp\/v2\/posts\/249763\/revisions\/249764"}],"wp:featuredmedia":[{"embeddable":true,"href":"https:\/\/www.meydan.tv\/az\/wp-json\/wp\/v2\/media\/249743"}],"wp:attachment":[{"href":"https:\/\/www.meydan.tv\/az\/wp-json\/wp\/v2\/media?parent=249763"}],"wp:term":[{"taxonomy":"category","embeddable":true,"href":"https:\/\/www.meydan.tv\/az\/wp-json\/wp\/v2\/categories?post=249763"},{"taxonomy":"post_tag","embeddable":true,"href":"https:\/\/www.meydan.tv\/az\/wp-json\/wp\/v2\/tags?post=249763"}],"curies":[{"name":"wp","href":"https:\/\/api.w.org\/{rel}","templated":true}]}}