{"id":249719,"date":"2022-06-30T11:00:09","date_gmt":"2022-06-30T07:00:09","guid":{"rendered":"https:\/\/www.meydan.tv\/?p=249719"},"modified":"2022-06-30T11:00:10","modified_gmt":"2022-06-30T07:00:10","slug":"513-min-170-manatliq-susa-ili-plani","status":"publish","type":"post","link":"https:\/\/www.meydan.tv\/az\/article\/513-min-170-manatliq-susa-ili-plani\/","title":{"rendered":"513 min 170 manatl\u0131q \u201c\u015eu\u015fa ili\u201d plan\u0131"},"content":{"rendered":"\n<p><em>Yaxud QHT Agentliyinin &#8220;Qaraba\u011f d\u0259rdi\u2026&#8221;<\/em><\/p>\n\n\n\n<p>QHT \u015euras\u0131, ba\u011f\u0131\u015flay\u0131n, Agentliyi t\u0259\u0259cc\u00fcbl\u0259ndirm\u0259kd\u0259 davam edir. Qaraba\u011f d\u0259rdi bu t\u0259\u015fkilat\u0131n ax\u0131r\u0131na \u00e7\u0131xmasa, yax\u015f\u0131d\u0131r. Bir ne\u00e7\u0259 il qabaq QHT \u015euras\u0131n\u0131n Qaraba\u011fla ba\u011fl\u0131 xaricd\u0259 v\u0259 daxild\u0259 h\u0259yata ke\u00e7irdiyi layih\u0259l\u0259rind\u0259n yazm\u0131\u015fd\u0131m (\u201cQaraba\u011f h\u0259qiq\u0259tl\u0259ri: \u00e7atd\u0131r\u0131lma\u2026 pulludur\u201d).<\/p>\n\n\n\n<p>Onda h\u0259l\u0259 torpaqlar i\u015f\u011faldayd\u0131 v\u0259 QHT \u015euras\u0131 ard\u0131c\u0131l olaraq \u201cQaraba\u011f h\u0259qiq\u0259tl\u0259rinin d\u00fcnya ictimaiyy\u0259tin\u0259 \u00e7atd\u0131r\u0131lmas\u0131\u201d \u00fc\u00e7\u00fcn m\u00fcxt\u0259lif t\u0259\u015fkilatlara qrantlar ay\u0131r\u0131rd\u0131, onlar da layih\u0259l\u0259rini, \u0259sas\u0259n, T\u00fcrkiy\u0259d\u0259 ger\u00e7\u0259kl\u0259\u015fdirirdi. Az da m\u0259bl\u0259\u011f deyildi. D\u00fczd\u00fcr, Qaraba\u011f h\u0259qiq\u0259tl\u0259rinin d\u00fcnyaya \u00e7at\u0131b-\u00e7atmamas\u0131ndan h\u0259l\u0259 d\u0259 x\u0259b\u0259r yoxdur, ancaq situasiya d\u0259yi\u015fib, indi Qaraba\u011f\u0131n bir hiss\u0259si bizd\u0259dir. \u00dcst\u0259lik, h\u00f6kum\u0259timiz 2022-ci ili \u201c\u015eu\u015fa ili\u201d elan edib. QHT Agentliyi d\u0259 Qaraba\u011f h\u0259qiq\u0259tl\u0259rini d\u00fcnyaya \u00e7atd\u0131rmaqda yenid\u0259n israrl\u0131d\u0131r, g\u00f6r\u00fcn\u00fcr, \u0259vv\u0259lki layih\u0259l\u0259rd\u0259 \u00e7atd\u0131ra bilm\u0259yib\u2026<\/p>\n\n\n\n<p>\u018fslind\u0259, bizd\u0259 2020-ci ilin sonlar\u0131ndan \u201c\u015eu\u015fa ili\u201ddir. Prezident \u0130lham \u018fliyev \u00f6lk\u0259nin probleml\u0259rini bir k\u0259nara qoyub b\u00fct\u00fcn diqq\u0259tini \u015eu\u015faya y\u00f6n\u0259ldib. 2020-ci ilin noyabr\u0131ndan \u00fcz\u00fc b\u0259ri \u0130lham \u018fliyev 11 d\u0259f\u0259 \u015eu\u015faya gedib. Ba\u015f\u00e7\u0131 ora bax\u0131rsa, dem\u0259k, ham\u0131 da o istiqam\u0259t\u0259 d\u00fczl\u0259nm\u0259lidir.<\/p>\n\n\n\n<p>\u018fdal\u0259t V\u0259liyev siyasi partiya r\u0259hb\u0259rl\u0259rini avtobusa doldurub ora apar\u0131r. \u018fhm\u0259d m\u00fc\u0259llim redaktorlar\u0131, Azay m\u00fc\u0259llim QHT r\u0259hb\u0259rl\u0259rini &#8211; bir s\u00f6zl\u0259, m\u00fcxt\u0259lif qurumlardak\u0131 m\u0259sul \u015f\u0259xsl\u0259r h\u0259r\u0259 \u00f6z sah\u0259sinin adamlar\u0131n\u0131 vaxta\u015f\u0131r\u0131 \u015eu\u015faya apar\u0131r.<\/p>\n\n\n\n<p>Biri d\u0259 aliml\u0259ri \u015eu\u015faya aparmaq ad\u0131yla aldad\u0131b pullar\u0131n\u0131 alm\u0131\u015fd\u0131. Prezidentin qibl\u0259si ora olandan sonra ba\u015fqalar\u0131 neyl\u0259m\u0259lidi?!<\/p>\n\n\n\n<p>Yada m\u0259\u015fhur \u015feird\u0259n bu misralar d\u00fc\u015f\u00fcr:<\/p>\n\n\n\n<p>Bax\u0131ram Leninin kitablar\u0131na<br>D\u0259st\u0259d\u0259n gerid\u0259 qalmamaq \u00fc\u00e7\u00fcn.<\/p>\n\n\n\n<p>QHT \u015euras\u0131 da d\u0259st\u0259d\u0259n geri qalmamaq \u00fc\u00e7\u00fcn \u201c2022-ci il \u201c\u015eu\u015fa ili\u201d x\u00fcsusi qrant m\u00fcsabiq\u0259si\u201d elan edib. Aprelin 7-d\u0259n m\u00fcsabiq\u0259d\u0259 i\u015ftirak \u00fc\u00e7\u00fcn s\u0259n\u0259d q\u0259bulu ba\u015flay\u0131b. Elanda m\u00fcsabiq\u0259nin 4 m\u0259rh\u0259l\u0259d\u0259 ke\u00e7iril\u0259c\u0259yi bildirilirdi. S\u0259n\u0259d q\u0259bulu 7-27 aprel, layih\u0259l\u0259rin ekspertizas\u0131 28 aprel-20 may, n\u0259tic\u0259l\u0259rin elan olunmas\u0131 25 may, qalib t\u0259\u015fkilatlarla qrant m\u00fcqavil\u0259sinin imzalanmas\u0131 10 iyunad\u0259k yekunla\u015fmal\u0131 idi.<\/p>\n\n\n\n<p>G\u00f6r\u00fcnd\u00fcy\u00fc kimi, m\u00fcsabiq\u0259nin qaydalar\u0131na el\u0259 bu ba\u015fdan \u0259m\u0259l olunmay\u0131b. N\u0259tic\u0259l\u0259r v\u0259d edildiyind\u0259n 33 g\u00fcn sonra &#8211; 28 iyunda elan olunub. Yay\u0131lan x\u0259b\u0259rd\u0259 bildirilir ki, m\u00fcsabiq\u0259y\u0259 8 istiqam\u0259t \u00fczr\u0259 227 layih\u0259 verilib, ancaq onlardan yaln\u0131z 22-si qalib olub. Maraql\u0131 m\u00fcsabiq\u0259 olaca\u011f\u0131 g\u00f6z \u00f6n\u00fcnd\u0259dir. M\u0259s\u0259l\u0259n, ke\u00e7mi\u015f maliyy\u0259 naziri Fikr\u0259t Yusifov \u00f6z\u00fcn\u00fc \u00e7ox u\u011furlu \u015f\u0259kild\u0259 QHT sektorunda s\u0131nay\u0131r. \u201c\u015eu\u015fa ili\u201dn\u0259 t\u00f6hf\u0259si AB\u015e-da v\u0259 Avstriyada silsil\u0259 t\u0259dbirl\u0259rin ke\u00e7irilm\u0259si olacaq, al\u0131nsa\u2026 Siz\u0259 zarafat g\u0259lm\u0259sin, 33 min manatla (20 min dollara yax\u0131n) xaricd\u0259, uzaq Amerikada, okean\u0131n o tay\u0131nda, h\u0259m d\u0259 Avropada silsil\u0259 t\u0259dbirl\u0259r ke\u00e7irm\u0259k asan deyil. Ancaq ke\u00e7mi\u015f ba\u015f maliyy\u0259\u00e7i h\u0259r \u015feyi hesablam\u0131\u015f olar\u2026<\/p>\n\n\n\n<p>Parlamentin qocaman \u00fczv\u00fc Ziyad S\u0259m\u0259dzad\u0259 d\u0259 sin\u0259sini qaba\u011fa ver\u0259n t\u0259\u015fkilat r\u0259hb\u0259rl\u0259rind\u0259ndir. O da \u015eu\u015fada silsil\u0259 t\u0259dbirl\u0259r ke\u00e7irm\u0259k, daha do\u011frusu, t\u0259dqiqatlar aparmaq niyy\u0259tind\u0259dir. O, \u201c\u015eu\u015fa rayonunun demoqrafik, sosial-iqtisadi inki\u015faf v\u0259ziyy\u0259ti v\u0259 perspektivl\u0259ri\u201d adl\u0131 layih\u0259 il\u0259 t\u0259dqiqat aparacaq.<\/p>\n\n\n\n<figure class=\"wp-block-image size-large\"><img decoding=\"async\" width=\"1136\" height=\"821\" data-src=\"https:\/\/www.meydan.tv\/wp-content\/uploads\/3-4-1136x821.jpg\" alt=\"\" class=\"wp-image-249713 lazyload\" src=\"data:image\/svg+xml;base64,PHN2ZyB3aWR0aD0iMSIgaGVpZ2h0PSIxIiB4bWxucz0iaHR0cDovL3d3dy53My5vcmcvMjAwMC9zdmciPjwvc3ZnPg==\" style=\"--smush-placeholder-width: 1136px; --smush-placeholder-aspect-ratio: 1136\/821;\" \/><\/figure>\n\n\n\n<p>A\u00e7\u0131\u011f\u0131, 82 ya\u015fl\u0131 akademikin h\u0259m d\u0259 deputat\u0131n bu casar\u0259tli add\u0131m\u0131n\u0131 alq\u0131\u015flamaqdan ba\u015fqa \u0259limizd\u0259n he\u00e7 n\u0259 g\u0259lmir. Sad\u0259c\u0259, bir problem var: \u015eu\u015fan\u0131n k\u0259ndl\u0259rinin \u00e7oxu h\u0259l\u0259 d\u0259 i\u015f\u011fal alt\u0131ndad\u0131r, y\u0259ni oralara bizi buraxm\u0131rlar, ged\u0259 bilm\u0259diyimiz yerl\u0259rd\u0259 t\u0259dqiqat aparma\u011f\u0131m\u0131z \u00e7\u0259tin g\u00f6r\u00fcn\u00fcr. \u00dcst\u0259lik, he\u00e7 \u015fu\u015fal\u0131lar\u0131 da ora qoymurlar, icra ba\u015f\u00e7\u0131s\u0131 Bayram S\u0259f\u0259rov bel\u0259 \u015eu\u015faya sar\u0131 baxa-baxa qal\u0131b. \u0130nsan ya\u015famayan yerd\u0259 demoqrafik t\u0259dqiqat hans\u0131 \u00fcsulla apar\u0131lacaq, sosial-iqtisadi v\u0259ziyy\u0259t nec\u0259 \u00f6yr\u0259nil\u0259c\u0259k?<\/p>\n\n\n\n<p>D\u00fc\u015f\u00fcn\u00fcr\u0259m ki, QHT \u015euras\u0131nda da bunu bilm\u0259mi\u015f olmazlar, onlar a\u011flabatan layih\u0259l\u0259ri maliyy\u0259l\u0259\u015fdir\u0259rl\u0259r. 227 layih\u0259d\u0259n 22 layih\u0259nin se\u00e7ilm\u0259si d\u0259 bunu dem\u0259y\u0259 \u0259sas verir. Ancaq akademikin d\u0259 bu add\u0131m\u0131 d\u00fc\u015f\u00fcn\u0259r\u0259k atd\u0131\u011f\u0131na inam\u0131m\u0131z g\u00fccl\u00fcd\u00fcr. Bu i\u015f\u0259 \u015f\u0259xs\u0259n \u00f6z t\u00f6hf\u0259sini verm\u0259k ist\u0259yi ortadad\u0131r, \u00e7\u00fcnki ne\u00e7\u0259 ill\u0259rdir onun t\u0259\u015fkilat\u0131na (Az\u0259rbaycan \u0130qtisad\u00e7\u0131lar \u0130ttifaq\u0131) q\u0131z\u0131 Ayt\u0259n S\u0259m\u0259dzad\u0259 r\u0259hb\u0259rlik edirdi. G\u00f6r\u00fcn\u00fcr, \u201c\u015eu\u015fa ili\u201dn\u0259 g\u00f6r\u0259 q\u0131z\u0131na bel\u0259 g\u00fcz\u0259\u015ft\u0259 getm\u0259yib\u2026<\/p>\n\n\n\n<p>Ziyad m\u00fc\u0259llimin t\u0259\u015fkilat\u0131n\u0131n sayt\u0131 is\u0259 g\u00fcmanlar\u0131m\u0131z\u0131n \u00fcz\u0259rind\u0259n \u00e7al\u0131n-\u00e7arpaz x\u0259tt \u00e7\u0259kir. H\u0259r il QHT \u015euras\u0131ndan qrant alan bu t\u0259\u015fkilat\u0131n sayt\u0131nda sonuncu x\u0259b\u0259r 16 iyul 2020-ci ild\u0259 qoyulub. \u015eu\u015fan\u0131n i\u015f\u011faldan azad edilm\u0259si x\u0259b\u0259ri bel\u0259 yoxdur bu saytda\u2026<\/p>\n\n\n\n<p>Sayt\u0131n \u201cAktual probleml\u0259r m\u0259qal\u0259l\u0259rd\u0259\u201d b\u00f6lm\u0259sin\u0259 sonuncu yaz\u0131 2018-ci ilin iyulunda qoyulub. Saytda \u201cA\u0130\u0130-nin \u0259sas f\u0259aliyy\u0259ti\u201d b\u00f6lm\u0259si is\u0259 bo\u015fdur, bunun iki s\u0259b\u0259bi ola bil\u0259r: ya f\u0259aliyy\u0259t, \u00fcmumiyy\u0259tl\u0259, yoxdur, ya da o q\u0259d\u0259r s\u0131xd\u0131r ki, \u00e7atd\u0131r\u0131b sayta yerl\u0259\u015fdir\u0259 bilmirl\u0259r\u2026<\/p>\n\n\n\n<figure class=\"wp-block-image size-large\"><img decoding=\"async\" width=\"1200\" height=\"732\" data-src=\"https:\/\/www.meydan.tv\/wp-content\/uploads\/2-5-1200x732.jpg\" alt=\"\" class=\"wp-image-249716 lazyload\" src=\"data:image\/svg+xml;base64,PHN2ZyB3aWR0aD0iMSIgaGVpZ2h0PSIxIiB4bWxucz0iaHR0cDovL3d3dy53My5vcmcvMjAwMC9zdmciPjwvc3ZnPg==\" style=\"--smush-placeholder-width: 1200px; --smush-placeholder-aspect-ratio: 1200\/732;\" \/><\/figure>\n\n\n\n<p>Bundan ba\u015fqa, 20 min manatl\u0131q layih\u0259 ke\u00e7ir\u0259n Nurka M\u00fcbariz q\u0131z\u0131 \u018fhm\u0259dova \u015eu\u015fada yay m\u0259kt\u0259bl\u0259ri v\u0259 d\u00fc\u015f\u0259rg\u0259l\u0259rini nec\u0259 t\u0259\u015fkil ed\u0259c\u0259k? R\u0259sul C\u0259f\u0259rov \u201c\u015eu\u015fa insan h\u00fcquqlar\u0131 t\u0259\u015f\u0259bb\u00fcs\u00fc\u201d layih\u0259sini (26 min manat) insan ya\u015famayan (s\u00f6hb\u0259t yerli \u0259halid\u0259n gedir) \u015f\u0259h\u0259rd\u0259 kiminl\u0259 h\u0259yata ke\u00e7ir\u0259c\u0259k?<\/p>\n\n\n\n<p>Az\u0259rbaycan Vikipediya K\u00f6n\u00fcll\u00fcl\u0259ri (20 min manat) \u015eu\u015fan\u0131n 270 illiyi il\u0259 ba\u011fl\u0131 yazaca\u011f\u0131 270 m\u00f6vzu \u00fczr\u0259 m\u0259qal\u0259l\u0259ri &#8220;Vikipediya&#8221;n\u0131n haras\u0131na yerl\u0259\u015fdir\u0259c\u0259k?!<\/p>\n\n\n\n<p>AzTV-l\u0259rd\u0259n birinin apar\u0131c\u0131s\u0131 Lal\u0259 Az\u0259rta\u015f \u201c\u015eu\u015fan\u0131 tan\u0131yaq, tan\u0131daq\u201d layih\u0259si (26 min 500 manat) il\u0259 \u015eu\u015fan\u0131 nec\u0259 tan\u0131yacaq v\u0259 kim\u0259 tan\u0131dacaq?!<\/p>\n\n\n\n<p>22 layih\u0259nin h\u0259r biri il\u0259 ba\u011fl\u0131 \u00e7oxlu suallar var. 513 min 170 manat\u0131 daha yax\u015f\u0131, s\u0259m\u0259r\u0259li, qa\u00e7q\u0131nlar\u0131n yurd-yuvas\u0131na qay\u0131tmas\u0131na xidm\u0259t ed\u0259n i\u015fl\u0259r\u0259 s\u0259rf etm\u0259k olmazd\u0131m\u0131?..<\/p>\n\n\n\n<p>Kim bilir, b\u0259lk\u0259, qalib g\u0259l\u0259 bilm\u0259y\u0259n 205 layih\u0259 i\u00e7\u0259risind\u0259 sual do\u011furmayacaq \u00e7oxlu ideyalar olub\u2026<\/p>\n","protected":false},"excerpt":{"rendered":"<p>Yaxud QHT Agentliyinin &#8220;Qaraba\u011f d\u0259rdi\u2026&#8221; QHT \u015euras\u0131, ba\u011f\u0131\u015flay\u0131n, Agentliyi t\u0259\u0259cc\u00fcbl\u0259ndirm\u0259kd\u0259 &#8230; <\/p>\n<p class=\"read-more-container\"><a title=\"513 min 170 manatl\u0131q \u201c\u015eu\u015fa ili\u201d plan\u0131\" class=\"read-more button\" href=\"https:\/\/www.meydan.tv\/az\/article\/513-min-170-manatliq-susa-ili-plani\/#more-249719\" aria-label=\"Read more about 513 min 170 manatl\u0131q \u201c\u015eu\u015fa ili\u201d plan\u0131\">Davam\u0131<\/a><\/p>\n","protected":false},"author":8,"featured_media":249720,"comment_status":"closed","ping_status":"closed","sticky":false,"template":"","format":"standard","meta":{"_acf_changed":false,"_sitemap_exclude":false,"_sitemap_priority":"","_sitemap_frequency":"","footnotes":""},"categories":[57,79],"tags":[],"class_list":["post-249719","post","type-post","status-publish","format-standard","has-post-thumbnail","hentry","category-menim-fikrimce","category-featured","infinite-scroll-item","generate-columns","tablet-grid-50","mobile-grid-100","grid-parent","grid-33","no-featured-image-padding"],"acf":[],"yoast_head":"<!-- This site is optimized with the Yoast SEO plugin v27.4 - https:\/\/yoast.com\/product\/yoast-seo-wordpress\/ -->\n<title>513 min 170 manatl\u0131q \u201c\u015eu\u015fa ili\u201d plan\u0131 - MEYDAN.TV<\/title>\n<meta name=\"robots\" content=\"index, follow, max-snippet:-1, max-image-preview:large, max-video-preview:-1\" \/>\n<link rel=\"canonical\" href=\"https:\/\/www.meydan.tv\/az\/article\/513-min-170-manatliq-susa-ili-plani\/\" \/>\n<meta property=\"og:locale\" content=\"az_AZ\" \/>\n<meta property=\"og:type\" content=\"article\" \/>\n<meta property=\"og:title\" content=\"513 min 170 manatl\u0131q \u201c\u015eu\u015fa ili\u201d plan\u0131 - MEYDAN.TV\" \/>\n<meta property=\"og:description\" content=\"Yaxud QHT Agentliyinin &#8220;Qaraba\u011f d\u0259rdi\u2026&#8221; QHT \u015euras\u0131, ba\u011f\u0131\u015flay\u0131n, Agentliyi t\u0259\u0259cc\u00fcbl\u0259ndirm\u0259kd\u0259 ... Davam\u0131\" \/>\n<meta property=\"og:url\" content=\"https:\/\/www.meydan.tv\/az\/article\/513-min-170-manatliq-susa-ili-plani\/\" \/>\n<meta property=\"og:site_name\" content=\"MEYDAN.TV\" \/>\n<meta property=\"article:published_time\" content=\"2022-06-30T07:00:09+00:00\" \/>\n<meta property=\"article:modified_time\" content=\"2022-06-30T07:00:10+00:00\" \/>\n<meta property=\"og:image\" content=\"https:\/\/www.meydan.tv\/wp-content\/uploads\/16458075542209752844_1000x669.jpg\" \/>\n\t<meta property=\"og:image:width\" content=\"1000\" \/>\n\t<meta property=\"og:image:height\" content=\"562\" \/>\n\t<meta property=\"og:image:type\" content=\"image\/jpeg\" \/>\n<meta name=\"author\" content=\"elli\" \/>\n<meta name=\"twitter:card\" content=\"summary_large_image\" \/>\n<meta name=\"twitter:creator\" content=\"@elli\" \/>\n<script type=\"application\/ld+json\" class=\"yoast-schema-graph\">{\"@context\":\"https:\\\/\\\/schema.org\",\"@graph\":[{\"@type\":\"Article\",\"@id\":\"https:\\\/\\\/www.meydan.tv\\\/az\\\/article\\\/513-min-170-manatliq-susa-ili-plani\\\/#article\",\"isPartOf\":{\"@id\":\"https:\\\/\\\/www.meydan.tv\\\/az\\\/article\\\/513-min-170-manatliq-susa-ili-plani\\\/\"},\"author\":{\"name\":\"elli\",\"@id\":\"https:\\\/\\\/www.meydan.tv\\\/az\\\/#\\\/schema\\\/person\\\/9cdbecf90d17180ce1dfbd95b08dcf47\"},\"headline\":\"513 min 170 manatl\u0131q \u201c\u015eu\u015fa ili\u201d plan\u0131\",\"datePublished\":\"2022-06-30T07:00:09+00:00\",\"dateModified\":\"2022-06-30T07:00:10+00:00\",\"mainEntityOfPage\":{\"@id\":\"https:\\\/\\\/www.meydan.tv\\\/az\\\/article\\\/513-min-170-manatliq-susa-ili-plani\\\/\"},\"wordCount\":1202,\"publisher\":{\"@id\":\"https:\\\/\\\/www.meydan.tv\\\/az\\\/#organization\"},\"image\":{\"@id\":\"https:\\\/\\\/www.meydan.tv\\\/az\\\/article\\\/513-min-170-manatliq-susa-ili-plani\\\/#primaryimage\"},\"thumbnailUrl\":\"https:\\\/\\\/www.meydan.tv\\\/wp-content\\\/uploads\\\/16458075542209752844_1000x669.jpg\",\"articleSection\":[\"M\u0259nim Fikrimc\u0259\",\"T\u00f6vsiy\u0259\"],\"inLanguage\":\"az\"},{\"@type\":\"WebPage\",\"@id\":\"https:\\\/\\\/www.meydan.tv\\\/az\\\/article\\\/513-min-170-manatliq-susa-ili-plani\\\/\",\"url\":\"https:\\\/\\\/www.meydan.tv\\\/az\\\/article\\\/513-min-170-manatliq-susa-ili-plani\\\/\",\"name\":\"513 min 170 manatl\u0131q \u201c\u015eu\u015fa ili\u201d plan\u0131 - MEYDAN.TV\",\"isPartOf\":{\"@id\":\"https:\\\/\\\/www.meydan.tv\\\/az\\\/#website\"},\"primaryImageOfPage\":{\"@id\":\"https:\\\/\\\/www.meydan.tv\\\/az\\\/article\\\/513-min-170-manatliq-susa-ili-plani\\\/#primaryimage\"},\"image\":{\"@id\":\"https:\\\/\\\/www.meydan.tv\\\/az\\\/article\\\/513-min-170-manatliq-susa-ili-plani\\\/#primaryimage\"},\"thumbnailUrl\":\"https:\\\/\\\/www.meydan.tv\\\/wp-content\\\/uploads\\\/16458075542209752844_1000x669.jpg\",\"datePublished\":\"2022-06-30T07:00:09+00:00\",\"dateModified\":\"2022-06-30T07:00:10+00:00\",\"breadcrumb\":{\"@id\":\"https:\\\/\\\/www.meydan.tv\\\/az\\\/article\\\/513-min-170-manatliq-susa-ili-plani\\\/#breadcrumb\"},\"inLanguage\":\"az\",\"potentialAction\":[{\"@type\":\"ReadAction\",\"target\":[\"https:\\\/\\\/www.meydan.tv\\\/az\\\/article\\\/513-min-170-manatliq-susa-ili-plani\\\/\"]}]},{\"@type\":\"ImageObject\",\"inLanguage\":\"az\",\"@id\":\"https:\\\/\\\/www.meydan.tv\\\/az\\\/article\\\/513-min-170-manatliq-susa-ili-plani\\\/#primaryimage\",\"url\":\"https:\\\/\\\/www.meydan.tv\\\/wp-content\\\/uploads\\\/16458075542209752844_1000x669.jpg\",\"contentUrl\":\"https:\\\/\\\/www.meydan.tv\\\/wp-content\\\/uploads\\\/16458075542209752844_1000x669.jpg\",\"width\":1000,\"height\":562,\"caption\":\"\u015eu\u015fa. M\u0259nb\u0259: Az\u0259rtac\"},{\"@type\":\"BreadcrumbList\",\"@id\":\"https:\\\/\\\/www.meydan.tv\\\/az\\\/article\\\/513-min-170-manatliq-susa-ili-plani\\\/#breadcrumb\",\"itemListElement\":[{\"@type\":\"ListItem\",\"position\":1,\"name\":\"Ana s\u0259hif\u0259\",\"item\":\"https:\\\/\\\/www.meydan.tv\\\/az\\\/\"},{\"@type\":\"ListItem\",\"position\":2,\"name\":\"M\u0259nim Fikrimc\u0259\",\"item\":\"https:\\\/\\\/www.meydan.tv\\\/az\\\/section\\\/menim-fikrimce\\\/\"},{\"@type\":\"ListItem\",\"position\":3,\"name\":\"513 min 170 manatl\u0131q \u201c\u015eu\u015fa ili\u201d plan\u0131\"}]},{\"@type\":\"WebSite\",\"@id\":\"https:\\\/\\\/www.meydan.tv\\\/az\\\/#website\",\"url\":\"https:\\\/\\\/www.meydan.tv\\\/az\\\/\",\"name\":\"MEYDAN.TV\",\"description\":\"Meydan TV Az\u0259rbaycan\u0131n media m\u0259kan\u0131ndak\u0131 alternativ s\u0259sidir\",\"publisher\":{\"@id\":\"https:\\\/\\\/www.meydan.tv\\\/az\\\/#organization\"},\"potentialAction\":[{\"@type\":\"SearchAction\",\"target\":{\"@type\":\"EntryPoint\",\"urlTemplate\":\"https:\\\/\\\/www.meydan.tv\\\/az\\\/?s={search_term_string}\"},\"query-input\":{\"@type\":\"PropertyValueSpecification\",\"valueRequired\":true,\"valueName\":\"search_term_string\"}}],\"inLanguage\":\"az\"},{\"@type\":\"Organization\",\"@id\":\"https:\\\/\\\/www.meydan.tv\\\/az\\\/#organization\",\"name\":\"Meydan TV\",\"url\":\"https:\\\/\\\/www.meydan.tv\\\/az\\\/\",\"logo\":{\"@type\":\"ImageObject\",\"inLanguage\":\"az\",\"@id\":\"https:\\\/\\\/www.meydan.tv\\\/az\\\/#\\\/schema\\\/logo\\\/image\\\/\",\"url\":\"https:\\\/\\\/www.meydan.tv\\\/wp-content\\\/uploads\\\/2021\\\/07\\\/meydan-logo.svg\",\"contentUrl\":\"https:\\\/\\\/www.meydan.tv\\\/wp-content\\\/uploads\\\/2021\\\/07\\\/meydan-logo.svg\",\"width\":195,\"height\":46,\"caption\":\"Meydan TV\"},\"image\":{\"@id\":\"https:\\\/\\\/www.meydan.tv\\\/az\\\/#\\\/schema\\\/logo\\\/image\\\/\"}},{\"@type\":\"Person\",\"@id\":\"https:\\\/\\\/www.meydan.tv\\\/az\\\/#\\\/schema\\\/person\\\/9cdbecf90d17180ce1dfbd95b08dcf47\",\"name\":\"elli\",\"sameAs\":[\"https:\\\/\\\/x.com\\\/elli\"]}]}<\/script>\n<!-- \/ Yoast SEO plugin. -->","yoast_head_json":{"title":"513 min 170 manatl\u0131q \u201c\u015eu\u015fa ili\u201d plan\u0131 - MEYDAN.TV","robots":{"index":"index","follow":"follow","max-snippet":"max-snippet:-1","max-image-preview":"max-image-preview:large","max-video-preview":"max-video-preview:-1"},"canonical":"https:\/\/www.meydan.tv\/az\/article\/513-min-170-manatliq-susa-ili-plani\/","og_locale":"az_AZ","og_type":"article","og_title":"513 min 170 manatl\u0131q \u201c\u015eu\u015fa ili\u201d plan\u0131 - MEYDAN.TV","og_description":"Yaxud QHT Agentliyinin &#8220;Qaraba\u011f d\u0259rdi\u2026&#8221; QHT \u015euras\u0131, ba\u011f\u0131\u015flay\u0131n, Agentliyi t\u0259\u0259cc\u00fcbl\u0259ndirm\u0259kd\u0259 ... Davam\u0131","og_url":"https:\/\/www.meydan.tv\/az\/article\/513-min-170-manatliq-susa-ili-plani\/","og_site_name":"MEYDAN.TV","article_published_time":"2022-06-30T07:00:09+00:00","article_modified_time":"2022-06-30T07:00:10+00:00","og_image":[{"width":1000,"height":562,"url":"https:\/\/www.meydan.tv\/wp-content\/uploads\/16458075542209752844_1000x669.jpg","type":"image\/jpeg"}],"author":"elli","twitter_card":"summary_large_image","twitter_creator":"@elli","schema":{"@context":"https:\/\/schema.org","@graph":[{"@type":"Article","@id":"https:\/\/www.meydan.tv\/az\/article\/513-min-170-manatliq-susa-ili-plani\/#article","isPartOf":{"@id":"https:\/\/www.meydan.tv\/az\/article\/513-min-170-manatliq-susa-ili-plani\/"},"author":{"name":"elli","@id":"https:\/\/www.meydan.tv\/az\/#\/schema\/person\/9cdbecf90d17180ce1dfbd95b08dcf47"},"headline":"513 min 170 manatl\u0131q \u201c\u015eu\u015fa ili\u201d plan\u0131","datePublished":"2022-06-30T07:00:09+00:00","dateModified":"2022-06-30T07:00:10+00:00","mainEntityOfPage":{"@id":"https:\/\/www.meydan.tv\/az\/article\/513-min-170-manatliq-susa-ili-plani\/"},"wordCount":1202,"publisher":{"@id":"https:\/\/www.meydan.tv\/az\/#organization"},"image":{"@id":"https:\/\/www.meydan.tv\/az\/article\/513-min-170-manatliq-susa-ili-plani\/#primaryimage"},"thumbnailUrl":"https:\/\/www.meydan.tv\/wp-content\/uploads\/16458075542209752844_1000x669.jpg","articleSection":["M\u0259nim Fikrimc\u0259","T\u00f6vsiy\u0259"],"inLanguage":"az"},{"@type":"WebPage","@id":"https:\/\/www.meydan.tv\/az\/article\/513-min-170-manatliq-susa-ili-plani\/","url":"https:\/\/www.meydan.tv\/az\/article\/513-min-170-manatliq-susa-ili-plani\/","name":"513 min 170 manatl\u0131q \u201c\u015eu\u015fa ili\u201d plan\u0131 - MEYDAN.TV","isPartOf":{"@id":"https:\/\/www.meydan.tv\/az\/#website"},"primaryImageOfPage":{"@id":"https:\/\/www.meydan.tv\/az\/article\/513-min-170-manatliq-susa-ili-plani\/#primaryimage"},"image":{"@id":"https:\/\/www.meydan.tv\/az\/article\/513-min-170-manatliq-susa-ili-plani\/#primaryimage"},"thumbnailUrl":"https:\/\/www.meydan.tv\/wp-content\/uploads\/16458075542209752844_1000x669.jpg","datePublished":"2022-06-30T07:00:09+00:00","dateModified":"2022-06-30T07:00:10+00:00","breadcrumb":{"@id":"https:\/\/www.meydan.tv\/az\/article\/513-min-170-manatliq-susa-ili-plani\/#breadcrumb"},"inLanguage":"az","potentialAction":[{"@type":"ReadAction","target":["https:\/\/www.meydan.tv\/az\/article\/513-min-170-manatliq-susa-ili-plani\/"]}]},{"@type":"ImageObject","inLanguage":"az","@id":"https:\/\/www.meydan.tv\/az\/article\/513-min-170-manatliq-susa-ili-plani\/#primaryimage","url":"https:\/\/www.meydan.tv\/wp-content\/uploads\/16458075542209752844_1000x669.jpg","contentUrl":"https:\/\/www.meydan.tv\/wp-content\/uploads\/16458075542209752844_1000x669.jpg","width":1000,"height":562,"caption":"\u015eu\u015fa. M\u0259nb\u0259: Az\u0259rtac"},{"@type":"BreadcrumbList","@id":"https:\/\/www.meydan.tv\/az\/article\/513-min-170-manatliq-susa-ili-plani\/#breadcrumb","itemListElement":[{"@type":"ListItem","position":1,"name":"Ana s\u0259hif\u0259","item":"https:\/\/www.meydan.tv\/az\/"},{"@type":"ListItem","position":2,"name":"M\u0259nim Fikrimc\u0259","item":"https:\/\/www.meydan.tv\/az\/section\/menim-fikrimce\/"},{"@type":"ListItem","position":3,"name":"513 min 170 manatl\u0131q \u201c\u015eu\u015fa ili\u201d plan\u0131"}]},{"@type":"WebSite","@id":"https:\/\/www.meydan.tv\/az\/#website","url":"https:\/\/www.meydan.tv\/az\/","name":"MEYDAN.TV","description":"Meydan TV Az\u0259rbaycan\u0131n media m\u0259kan\u0131ndak\u0131 alternativ s\u0259sidir","publisher":{"@id":"https:\/\/www.meydan.tv\/az\/#organization"},"potentialAction":[{"@type":"SearchAction","target":{"@type":"EntryPoint","urlTemplate":"https:\/\/www.meydan.tv\/az\/?s={search_term_string}"},"query-input":{"@type":"PropertyValueSpecification","valueRequired":true,"valueName":"search_term_string"}}],"inLanguage":"az"},{"@type":"Organization","@id":"https:\/\/www.meydan.tv\/az\/#organization","name":"Meydan TV","url":"https:\/\/www.meydan.tv\/az\/","logo":{"@type":"ImageObject","inLanguage":"az","@id":"https:\/\/www.meydan.tv\/az\/#\/schema\/logo\/image\/","url":"https:\/\/www.meydan.tv\/wp-content\/uploads\/2021\/07\/meydan-logo.svg","contentUrl":"https:\/\/www.meydan.tv\/wp-content\/uploads\/2021\/07\/meydan-logo.svg","width":195,"height":46,"caption":"Meydan TV"},"image":{"@id":"https:\/\/www.meydan.tv\/az\/#\/schema\/logo\/image\/"}},{"@type":"Person","@id":"https:\/\/www.meydan.tv\/az\/#\/schema\/person\/9cdbecf90d17180ce1dfbd95b08dcf47","name":"elli","sameAs":["https:\/\/x.com\/elli"]}]}},"_links":{"self":[{"href":"https:\/\/www.meydan.tv\/az\/wp-json\/wp\/v2\/posts\/249719","targetHints":{"allow":["GET"]}}],"collection":[{"href":"https:\/\/www.meydan.tv\/az\/wp-json\/wp\/v2\/posts"}],"about":[{"href":"https:\/\/www.meydan.tv\/az\/wp-json\/wp\/v2\/types\/post"}],"author":[{"embeddable":true,"href":"https:\/\/www.meydan.tv\/az\/wp-json\/wp\/v2\/users\/8"}],"replies":[{"embeddable":true,"href":"https:\/\/www.meydan.tv\/az\/wp-json\/wp\/v2\/comments?post=249719"}],"version-history":[{"count":1,"href":"https:\/\/www.meydan.tv\/az\/wp-json\/wp\/v2\/posts\/249719\/revisions"}],"predecessor-version":[{"id":249723,"href":"https:\/\/www.meydan.tv\/az\/wp-json\/wp\/v2\/posts\/249719\/revisions\/249723"}],"wp:featuredmedia":[{"embeddable":true,"href":"https:\/\/www.meydan.tv\/az\/wp-json\/wp\/v2\/media\/249720"}],"wp:attachment":[{"href":"https:\/\/www.meydan.tv\/az\/wp-json\/wp\/v2\/media?parent=249719"}],"wp:term":[{"taxonomy":"category","embeddable":true,"href":"https:\/\/www.meydan.tv\/az\/wp-json\/wp\/v2\/categories?post=249719"},{"taxonomy":"post_tag","embeddable":true,"href":"https:\/\/www.meydan.tv\/az\/wp-json\/wp\/v2\/tags?post=249719"}],"curies":[{"name":"wp","href":"https:\/\/api.w.org\/{rel}","templated":true}]}}