{"id":249648,"date":"2022-06-29T20:59:37","date_gmt":"2022-06-29T16:59:37","guid":{"rendered":"https:\/\/www.meydan.tv\/?p=249648"},"modified":"2022-06-29T20:59:38","modified_gmt":"2022-06-29T16:59:38","slug":"pensiyasi-kesilen-mingecevir-sakini-bu-elillere-isgence-mexanizmidir","status":"publish","type":"post","link":"https:\/\/www.meydan.tv\/az\/article\/pensiyasi-kesilen-mingecevir-sakini-bu-elillere-isgence-mexanizmidir\/","title":{"rendered":"Pensiyas\u0131 k\u0259sil\u0259n Ming\u0259\u00e7evir sakini: \u201cBu, \u0259lill\u0259r\u0259 i\u015fg\u0259nc\u0259 mexanizmidir\u201d"},"content":{"rendered":"\n<p><em>D\u00fcrdan\u0259 Mirz\u0259yeva: \u201cAyaq \u00fcst\u0259 dura bilm\u0259y\u0259n insan \u00fc\u00e7\u00fcn s\u00fcr\u00fcnd\u00fcrm\u0259\u00e7iliyin n\u0259 oldu\u011funu t\u0259s\u0259vv\u00fcr etm\u0259k \u00e7\u0259tin deyil\u201d<\/em><\/p>\n\n\n\n<p>Ming\u0259\u00e7evir \u015f\u0259h\u0259rind\u0259 ya\u015fayan D\u00fcrdan\u0259 Mirz\u0259yeva 2008-ci ild\u0259n \u0259lil kimi pensiya al\u0131r.<\/p>\n\n\n\n<p>Onun sa\u011f aya\u011f\u0131nda \u2013 bud \u00e7anaq nahiy\u0259sind\u0259 anadang\u0259lm\u0259 \u00e7\u0131x\u0131q var.<\/p>\n\n\n\n<p>U\u015faq ya\u015flar\u0131nda 2 il\u0259 yax\u0131n Bak\u0131da m\u00fcxt\u0259lif x\u0259st\u0259xanalarda m\u00fcalic\u0259 alsa da, n\u0259tic\u0259si olmay\u0131b.<\/p>\n\n\n\n<p><strong>\u201cBunun ad\u0131 i\u015fg\u0259nc\u0259 deyil, b\u0259s n\u0259dir?\u201d<\/strong><\/p>\n\n\n\n<p>55 ya\u015fl\u0131 D\u00fcrdan\u0259 Mirz\u0259yeva Meydan TV-y\u0259 deyir ki, ya\u015fa dolduqca a\u011fr\u0131lar\u0131 art\u0131b, pill\u0259k\u0259nl\u0259ri qalx\u0131b-d\u00fc\u015fm\u0259k, piyada yerim\u0259k onun \u00fc\u00e7\u00fcn \u00e7\u0259tinl\u0259\u015fib. Bundan sonra \u0259lillik t\u0259yin olunmas\u0131 \u00fc\u00e7\u00fcn laz\u0131mi d\u00f6vl\u0259t orqanlar\u0131na \u00fcz tutub.<\/p>\n\n\n\n<p>Ona 2008-ci ilin oktyabr\u0131nda ikinci qrup \u0259lillik t\u0259yin edilib, buna uy\u011fun pensiya al\u0131b.<\/p>\n\n\n\n<p>2015-ci ild\u0259 n\u00f6vb\u0259ti yoxlamadan sonra yen\u0259 ona 5 il m\u00fcdd\u0259tin\u0259 ikinci qrup \u0259lillik d\u0259r\u0259c\u0259si t\u0259yin edilib. 5 ilin tamam\u0131nda \u2013 2021-ci ilin oktyabr\u0131nda pensiyas\u0131 k\u0259silib.<\/p>\n\n\n\n<figure class=\"wp-block-image size-large\"><img decoding=\"async\" width=\"652\" height=\"821\" data-src=\"https:\/\/www.meydan.tv\/wp-content\/uploads\/889d9770-492e-4ee8-80c6-f73b91e8cd34-652x821.jpeg\" alt=\"\" class=\"wp-image-249661 lazyload\" src=\"data:image\/svg+xml;base64,PHN2ZyB3aWR0aD0iMSIgaGVpZ2h0PSIxIiB4bWxucz0iaHR0cDovL3d3dy53My5vcmcvMjAwMC9zdmciPjwvc3ZnPg==\" style=\"--smush-placeholder-width: 652px; --smush-placeholder-aspect-ratio: 652\/821;\" \/><figcaption>Foto: Meydan TV<\/figcaption><\/figure>\n\n\n\n<p>\u201cN\u00f6vb\u0259ti d\u00f6vr \u00fc\u00e7\u00fcn \u0259lillik t\u0259yinat\u0131yla ba\u011fl\u0131 i\u015fl\u0259r\u0259 ba\u015flad\u0131m. \u018fslind\u0259 is\u0259 bu proses \u0259lill\u0259r \u00fc\u00e7\u00fcn i\u015fg\u0259nc\u0259 mexanizmidir. T\u0259s\u0259vv\u00fcr edin, m\u0259ni &#8211; g\u0259zm\u0259kd\u0259 \u00e7\u0259tinlik \u00e7\u0259k\u0259n adam\u0131 aylarla s\u00fcr\u00fcnd\u00fcrd\u00fcl\u0259r. Bir x\u0259st\u0259xana deyir, m\u00fcayin\u0259 etm\u0259k \u00fc\u00e7\u00fcn travmatoloq yoxdur, bir ba\u015fqas\u0131nda aparat i\u015fl\u0259mir. A\u011fr\u0131ya-a\u011fr\u0131ya saatlarla n\u00f6vb\u0259l\u0259rd\u0259 g\u00f6zl\u0259mi\u015f\u0259m. Aya\u011f\u0131m\u0131n a\u011fr\u0131s\u0131 f\u0259q\u0259r\u0259l\u0259rim\u0259 vururdu. Gah Ming\u0259\u00e7evird\u0259, gah G\u0259nc\u0259d\u0259, gah Bak\u0131da m\u00fcayin\u0259l\u0259rd\u0259n ke\u00e7dim. Ax\u0131rda da dedil\u0259r ki, h\u0259kim r\u0259yi yar\u0131m\u00e7\u0131q verib. Bunun ad\u0131 i\u015fg\u0259nc\u0259 deyil, b\u0259s n\u0259dir?\u201d, &#8211; D\u00fcrdan\u0259 Mirz\u0259yeva \u0259lilliyi olan \u015f\u0259xsl\u0259r\u0259 qar\u015f\u0131 etinas\u0131zl\u0131qdan \u015fikay\u0259tl\u0259nir.<\/p>\n\n\n\n<p><strong>\u201cH\u0259kim r\u0259yi yar\u0131m\u00e7\u0131q yaz\u0131b, m\u0259ni \u0259lav\u0259 z\u00fclm\u0259 sal\u0131b\u201d<\/strong><\/p>\n\n\n\n<p>Onun s\u00f6zl\u0259rin\u0259 g\u00f6r\u0259, t\u0259kc\u0259, Ming\u0259\u00e7evird\u0259 travmatoloqun q\u0259buluna d\u00fc\u015fm\u0259y\u0259 45 g\u00fcn laz\u0131m olub.<\/p>\n\n\n\n<p>Deyir ki, dekabr\u0131n 28-d\u0259 Ming\u0259\u00e7evird\u0259 Tibbi Sosial Ekspert Komissiyas\u0131nda ondan al\u0131nm\u0131\u015f s\u0259n\u0259dl\u0259ri 2 ay yar\u0131m sonra \u2013 5 mart 2022-ci ild\u0259 sistem\u0259 daxil edibl\u0259r.<\/p>\n\n\n\n<p>Mart\u0131n 29-da is\u0259 \u201cForma-88 natamam doldurulub\u201d \u0259sas\u0131yla s\u0259n\u0259dl\u0259ri geri qaytar\u0131l\u0131b: <\/p>\n\n\n\n<p>\u201cMing\u0259\u00e7evir Tibbi Sosial Ekspert Komissiyas\u0131ndan m\u0259n\u0259 dedil\u0259r ki, Travmatologiya \u0130nstitutundan veril\u0259n aray\u0131\u015f yar\u0131m\u00e7\u0131q olub. Aprelin 26-dan 28-n\u0259 q\u0259d\u0259r d\u0259f\u0259l\u0259rl\u0259 Elmi-T\u0259dqiqat Travmatologiya v\u0259 Ortopediya \u0130nstitutuna getdim. Oran\u0131n bir ne\u00e7\u0259 korpusu var. Biri o birin\u0259 g\u00f6nd\u0259rir. H\u0259kimin yerini tap\u0131b, 4 saat n\u00f6vb\u0259d\u0259 g\u00f6zl\u0259mi\u015f\u0259m. Ax\u0131rda h\u0259kim \u0259m\u0259liyyatdan \u00e7\u0131x\u0131b, gedirdi. S\u0259s-k\u00fcy sald\u0131m ki, insan\u0131 bel\u0259 \u0259l\u0259 salmaq olmaz. R\u0259yi siz yar\u0131m\u00e7\u0131q yazm\u0131s\u0131n\u0131z, m\u0259ni \u0259lav\u0259 z\u00fclm\u0259 salm\u0131s\u0131n\u0131z. Dedi ki, yax\u015f\u0131 r\u0259y ist\u0259yirsinizs\u0259, sabah g\u0259lin. Qay\u0131d\u0131b bir d\u0259 ert\u0259si g\u00fcn getdim&#8221;.<\/p>\n\n\n\n<p>&#8220;Onu da deyim ki, Ming\u0259\u00e7evird\u0259 MRT-nin cavab\u0131n\u0131n getm\u0259m\u0259sin\u0259 g\u00f6r\u0259 d\u0259 m\u0259ni g\u00fcnahkar \u00e7\u0131xarma\u011fa \u00e7al\u0131\u015f\u0131rd\u0131lar. Yax\u015f\u0131 ki, bir az ba\u015f\u0131m \u00e7\u0131x\u0131r, savad\u0131m var, onlara dedim ki, nec\u0259 olur, burada s\u0259n\u0259dd\u0259 \u0259ksini tap\u0131b, amma komp\u00fcterl\u0259 Bak\u0131ya g\u00f6nd\u0259ril\u0259nd\u0259 yaz\u0131lmay\u0131b? Sonra boyunlar\u0131na ald\u0131lar ki, g\u00fcnah \u00f6zl\u0259rind\u0259 olub\u201d, &#8211; dey\u0259 o vur\u011fulay\u0131b.<\/p>\n\n\n\n<figure class=\"wp-block-image size-large\"><img decoding=\"async\" width=\"566\" height=\"821\" data-src=\"https:\/\/www.meydan.tv\/wp-content\/uploads\/3302f631-8881-43b5-ab58-19f5a2e4e3b2-566x821.jpeg\" alt=\"\" class=\"wp-image-249658 lazyload\" src=\"data:image\/svg+xml;base64,PHN2ZyB3aWR0aD0iMSIgaGVpZ2h0PSIxIiB4bWxucz0iaHR0cDovL3d3dy53My5vcmcvMjAwMC9zdmciPjwvc3ZnPg==\" style=\"--smush-placeholder-width: 566px; --smush-placeholder-aspect-ratio: 566\/821;\" \/><\/figure>\n\n\n\n<p><strong>\u201cV\u0259ziyy\u0259tim a\u011f\u0131rla\u015f\u0131b, buna baxmayaraq, ikinci qrupu \u00fc\u00e7 el\u0259dil\u0259r\u201d<\/strong><\/p>\n\n\n\n<p>Son n\u0259tic\u0259d\u0259 Respublika \u018flill\u0259rin Reabilitasiyas\u0131 M\u0259rk\u0259zind\u0259 D\u00fcrdan\u0259 Mirz\u0259yevaya bildirilib ki, ona \u00fc\u00e7\u00fcnc\u00fc qrup \u0259lillik d\u0259r\u0259c\u0259si t\u0259yin olunur.<\/p>\n\n\n\n<p>O is\u0259 bunun \u0259dal\u0259tsiz oldu\u011funu d\u00fc\u015f\u00fcn\u00fcr: <\/p>\n\n\n\n<p>\u201cOnlara da dedim ki, m\u0259n 13 il ikinci qrup \u0259lil kimi pensiya alm\u0131\u015fam. Qanunda da yaz\u0131l\u0131b ki, 10 il ard\u0131c\u0131l hans\u0131 qrupla al\u0131rsansa, o qrup olmal\u0131d\u0131r. M\u0259nd\u0259 v\u0259ziyy\u0259t \u0259ksin\u0259, a\u011f\u0131rla\u015f\u0131b, buna baxmayaraq, ikinci qrupu \u00fc\u00e7 el\u0259dil\u0259r. \u018fslind\u0259, bu aylar \u0259rzind\u0259 \u015fahidi olduqlar\u0131mdan, Respublika \u018flill\u0259rin Reabilitasiyas\u0131 M\u0259rk\u0259zind\u0259 \u0259lill\u0259r\u0259, v\u0259ziyy\u0259ti a\u011f\u0131r olan insanlara qar\u015f\u0131 m\u00fcnasib\u0259td\u0259n sonra onlar\u0131n bu h\u0259r\u0259k\u0259tin\u0259 t\u0259\u0259cc\u00fcbl\u0259nmir\u0259m. Yar\u0131m saat ayaq \u00fcst\u0259 dura bilm\u0259y\u0259n, 10-15 add\u0131m gedib dayanan insan \u00fc\u00e7\u00fcn bu s\u00fcr\u00fcnd\u00fcrm\u0259\u00e7ilikl\u0259ri ya\u015fama\u011f\u0131n n\u0259 oldu\u011funu t\u0259s\u0259vv\u00fcr etm\u0259k \u00e7\u0259tin deyil&#8221;.<\/p>\n\n\n\n<p>&#8220;Reabilitasiya M\u0259rk\u0259zind\u0259 v\u0259ziyy\u0259ti m\u0259nd\u0259n d\u0259 a\u011f\u0131r olan x\u0259st\u0259l\u0259r vard\u0131, he\u00e7 fikir vermirl\u0259r. A\u011f\u0131r v\u0259ziyy\u0259td\u0259 olan m\u00fcharib\u0259 i\u015ftirak\u00e7\u0131s\u0131 g\u0259tirmi\u015fdil\u0259r, dayana bilmirdi, he\u00e7 vecl\u0259rin\u0259 d\u0259 olmad\u0131\u201d, &#8211; D\u00fcrdan\u0259 Mirz\u0259yeva bel\u0259 deyir.<\/p>\n\n\n\n<figure class=\"wp-block-image size-large\"><img decoding=\"async\" width=\"582\" height=\"821\" data-src=\"https:\/\/www.meydan.tv\/wp-content\/uploads\/9c700385-7300-49e7-af01-a9ee8fb1b617-1-582x821.jpeg\" alt=\"\" class=\"wp-image-249670 lazyload\" src=\"data:image\/svg+xml;base64,PHN2ZyB3aWR0aD0iMSIgaGVpZ2h0PSIxIiB4bWxucz0iaHR0cDovL3d3dy53My5vcmcvMjAwMC9zdmciPjwvc3ZnPg==\" style=\"--smush-placeholder-width: 582px; --smush-placeholder-aspect-ratio: 582\/821;\" \/><\/figure>\n\n\n\n<p><strong>\u201cG\u00f6nd\u0259ri\u015f natamam doldurulmu\u015fdu\u201d<\/strong><\/p>\n\n\n\n<p>D\u00f6vl\u0259t Tibbi-Sosial Ekspertiza v\u0259 Reabilitasiya Agentliyi is\u0259 v\u0259t\u0259nda\u015fa qar\u015f\u0131 \u0259sass\u0131z s\u00fcr\u00fcnd\u00fcrm\u0259\u00e7ilik iddias\u0131yla raz\u0131la\u015fm\u0131r.<\/p>\n\n\n\n<p>Bu qurumdan bildirilib ki, s\u0259n\u0259dl\u0259rin geri qaytar\u0131lmas\u0131 \u0259sasl\u0131 olub. \u00c7\u00fcnki D\u00fcrdan\u0259 Mirz\u0259yeva il\u0259 ba\u011fl\u0131 x\u0259st\u0259xana t\u0259r\u0259find\u0259n r\u0259smil\u0259\u015fdirilmi\u015f g\u00f6nd\u0259ri\u015f natamam doldurulub:<\/p>\n\n\n\n<p>\u201cEkspertiza \u00fc\u00e7\u00fcn \u0259h\u0259miyy\u0259tli olan patofunksional d\u0259yi\u015fiklikl\u0259r d\u0259qiql\u0259\u015fdirilm\u0259mi\u015fdi. M\u00fct\u0259x\u0259ssis h\u0259kiml\u0259rin r\u0259yi v\u0259 k\u00f6m\u0259k\u00e7i-diaqnostik m\u00fcayin\u0259l\u0259r yet\u0259rli deyildi\u201d.<\/p>\n","protected":false},"excerpt":{"rendered":"<p>D\u00fcrdan\u0259 Mirz\u0259yeva: \u201cAyaq \u00fcst\u0259 dura bilm\u0259y\u0259n insan \u00fc\u00e7\u00fcn s\u00fcr\u00fcnd\u00fcrm\u0259\u00e7iliyin n\u0259 &#8230; <\/p>\n<p class=\"read-more-container\"><a title=\"Pensiyas\u0131 k\u0259sil\u0259n Ming\u0259\u00e7evir sakini: \u201cBu, \u0259lill\u0259r\u0259 i\u015fg\u0259nc\u0259 mexanizmidir\u201d\" class=\"read-more button\" href=\"https:\/\/www.meydan.tv\/az\/article\/pensiyasi-kesilen-mingecevir-sakini-bu-elillere-isgence-mexanizmidir\/#more-249648\" aria-label=\"Read more about Pensiyas\u0131 k\u0259sil\u0259n Ming\u0259\u00e7evir sakini: \u201cBu, \u0259lill\u0259r\u0259 i\u015fg\u0259nc\u0259 mexanizmidir\u201d\">Davam\u0131<\/a><\/p>\n","protected":false},"author":8,"featured_media":226414,"comment_status":"closed","ping_status":"closed","sticky":false,"template":"","format":"standard","meta":{"_acf_changed":false,"_sitemap_exclude":false,"_sitemap_priority":"","_sitemap_frequency":"","footnotes":""},"categories":[60,56],"tags":[],"class_list":["post-249648","post","type-post","status-publish","format-standard","has-post-thumbnail","hentry","category-bolge","category-xeberler","infinite-scroll-item","generate-columns","tablet-grid-50","mobile-grid-100","grid-parent","grid-33","no-featured-image-padding"],"acf":[],"yoast_head":"<!-- This site is optimized with the Yoast SEO plugin v27.5 - https:\/\/yoast.com\/product\/yoast-seo-wordpress\/ -->\n<title>Pensiyas\u0131 k\u0259sil\u0259n Ming\u0259\u00e7evir sakini: \u201cBu, \u0259lill\u0259r\u0259 i\u015fg\u0259nc\u0259 mexanizmidir\u201d - MEYDAN.TV<\/title>\n<meta name=\"robots\" content=\"index, follow, max-snippet:-1, max-image-preview:large, max-video-preview:-1\" \/>\n<link rel=\"canonical\" href=\"https:\/\/www.meydan.tv\/az\/article\/pensiyasi-kesilen-mingecevir-sakini-bu-elillere-isgence-mexanizmidir\/\" \/>\n<meta property=\"og:locale\" content=\"az_AZ\" \/>\n<meta property=\"og:type\" content=\"article\" \/>\n<meta property=\"og:title\" content=\"Pensiyas\u0131 k\u0259sil\u0259n Ming\u0259\u00e7evir sakini: \u201cBu, \u0259lill\u0259r\u0259 i\u015fg\u0259nc\u0259 mexanizmidir\u201d - MEYDAN.TV\" \/>\n<meta property=\"og:description\" content=\"D\u00fcrdan\u0259 Mirz\u0259yeva: \u201cAyaq \u00fcst\u0259 dura bilm\u0259y\u0259n insan \u00fc\u00e7\u00fcn s\u00fcr\u00fcnd\u00fcrm\u0259\u00e7iliyin n\u0259 ... Davam\u0131\" \/>\n<meta property=\"og:url\" content=\"https:\/\/www.meydan.tv\/az\/article\/pensiyasi-kesilen-mingecevir-sakini-bu-elillere-isgence-mexanizmidir\/\" \/>\n<meta property=\"og:site_name\" content=\"MEYDAN.TV\" \/>\n<meta property=\"article:published_time\" content=\"2022-06-29T16:59:37+00:00\" \/>\n<meta property=\"article:modified_time\" content=\"2022-06-29T16:59:38+00:00\" \/>\n<meta property=\"og:image\" content=\"https:\/\/www.meydan.tv\/wp-content\/uploads\/pensiya-bankomat-e1637159770511.jpg\" \/>\n\t<meta property=\"og:image:width\" content=\"1200\" \/>\n\t<meta property=\"og:image:height\" content=\"800\" \/>\n\t<meta property=\"og:image:type\" content=\"image\/jpeg\" \/>\n<meta name=\"author\" content=\"elli\" \/>\n<meta name=\"twitter:card\" content=\"summary_large_image\" \/>\n<meta name=\"twitter:creator\" content=\"@elli\" \/>\n<script type=\"application\/ld+json\" class=\"yoast-schema-graph\">{\"@context\":\"https:\\\/\\\/schema.org\",\"@graph\":[{\"@type\":\"Article\",\"@id\":\"https:\\\/\\\/www.meydan.tv\\\/az\\\/article\\\/pensiyasi-kesilen-mingecevir-sakini-bu-elillere-isgence-mexanizmidir\\\/#article\",\"isPartOf\":{\"@id\":\"https:\\\/\\\/www.meydan.tv\\\/az\\\/article\\\/pensiyasi-kesilen-mingecevir-sakini-bu-elillere-isgence-mexanizmidir\\\/\"},\"author\":{\"name\":\"elli\",\"@id\":\"https:\\\/\\\/www.meydan.tv\\\/az\\\/#\\\/schema\\\/person\\\/9cdbecf90d17180ce1dfbd95b08dcf47\"},\"headline\":\"Pensiyas\u0131 k\u0259sil\u0259n Ming\u0259\u00e7evir sakini: \u201cBu, \u0259lill\u0259r\u0259 i\u015fg\u0259nc\u0259 mexanizmidir\u201d\",\"datePublished\":\"2022-06-29T16:59:37+00:00\",\"dateModified\":\"2022-06-29T16:59:38+00:00\",\"mainEntityOfPage\":{\"@id\":\"https:\\\/\\\/www.meydan.tv\\\/az\\\/article\\\/pensiyasi-kesilen-mingecevir-sakini-bu-elillere-isgence-mexanizmidir\\\/\"},\"wordCount\":983,\"publisher\":{\"@id\":\"https:\\\/\\\/www.meydan.tv\\\/az\\\/#organization\"},\"image\":{\"@id\":\"https:\\\/\\\/www.meydan.tv\\\/az\\\/article\\\/pensiyasi-kesilen-mingecevir-sakini-bu-elillere-isgence-mexanizmidir\\\/#primaryimage\"},\"thumbnailUrl\":\"https:\\\/\\\/www.meydan.tv\\\/wp-content\\\/uploads\\\/pensiya-bankomat-e1701160034703.jpg\",\"articleSection\":[\"B\u00f6lg\u0259\",\"X\u0259b\u0259rl\u0259r\"],\"inLanguage\":\"az\"},{\"@type\":\"WebPage\",\"@id\":\"https:\\\/\\\/www.meydan.tv\\\/az\\\/article\\\/pensiyasi-kesilen-mingecevir-sakini-bu-elillere-isgence-mexanizmidir\\\/\",\"url\":\"https:\\\/\\\/www.meydan.tv\\\/az\\\/article\\\/pensiyasi-kesilen-mingecevir-sakini-bu-elillere-isgence-mexanizmidir\\\/\",\"name\":\"Pensiyas\u0131 k\u0259sil\u0259n Ming\u0259\u00e7evir sakini: \u201cBu, \u0259lill\u0259r\u0259 i\u015fg\u0259nc\u0259 mexanizmidir\u201d - MEYDAN.TV\",\"isPartOf\":{\"@id\":\"https:\\\/\\\/www.meydan.tv\\\/az\\\/#website\"},\"primaryImageOfPage\":{\"@id\":\"https:\\\/\\\/www.meydan.tv\\\/az\\\/article\\\/pensiyasi-kesilen-mingecevir-sakini-bu-elillere-isgence-mexanizmidir\\\/#primaryimage\"},\"image\":{\"@id\":\"https:\\\/\\\/www.meydan.tv\\\/az\\\/article\\\/pensiyasi-kesilen-mingecevir-sakini-bu-elillere-isgence-mexanizmidir\\\/#primaryimage\"},\"thumbnailUrl\":\"https:\\\/\\\/www.meydan.tv\\\/wp-content\\\/uploads\\\/pensiya-bankomat-e1701160034703.jpg\",\"datePublished\":\"2022-06-29T16:59:37+00:00\",\"dateModified\":\"2022-06-29T16:59:38+00:00\",\"breadcrumb\":{\"@id\":\"https:\\\/\\\/www.meydan.tv\\\/az\\\/article\\\/pensiyasi-kesilen-mingecevir-sakini-bu-elillere-isgence-mexanizmidir\\\/#breadcrumb\"},\"inLanguage\":\"az\",\"potentialAction\":[{\"@type\":\"ReadAction\",\"target\":[\"https:\\\/\\\/www.meydan.tv\\\/az\\\/article\\\/pensiyasi-kesilen-mingecevir-sakini-bu-elillere-isgence-mexanizmidir\\\/\"]}]},{\"@type\":\"ImageObject\",\"inLanguage\":\"az\",\"@id\":\"https:\\\/\\\/www.meydan.tv\\\/az\\\/article\\\/pensiyasi-kesilen-mingecevir-sakini-bu-elillere-isgence-mexanizmidir\\\/#primaryimage\",\"url\":\"https:\\\/\\\/www.meydan.tv\\\/wp-content\\\/uploads\\\/pensiya-bankomat-e1701160034703.jpg\",\"contentUrl\":\"https:\\\/\\\/www.meydan.tv\\\/wp-content\\\/uploads\\\/pensiya-bankomat-e1701160034703.jpg\",\"width\":1089,\"height\":422,\"caption\":\"Foto: hedgehog94\\\/shutterstock.com\"},{\"@type\":\"BreadcrumbList\",\"@id\":\"https:\\\/\\\/www.meydan.tv\\\/az\\\/article\\\/pensiyasi-kesilen-mingecevir-sakini-bu-elillere-isgence-mexanizmidir\\\/#breadcrumb\",\"itemListElement\":[{\"@type\":\"ListItem\",\"position\":1,\"name\":\"Ana s\u0259hif\u0259\",\"item\":\"https:\\\/\\\/www.meydan.tv\\\/az\\\/\"},{\"@type\":\"ListItem\",\"position\":2,\"name\":\"B\u00f6lg\u0259\",\"item\":\"https:\\\/\\\/www.meydan.tv\\\/az\\\/section\\\/bolge\\\/\"},{\"@type\":\"ListItem\",\"position\":3,\"name\":\"Pensiyas\u0131 k\u0259sil\u0259n Ming\u0259\u00e7evir sakini: \u201cBu, \u0259lill\u0259r\u0259 i\u015fg\u0259nc\u0259 mexanizmidir\u201d\"}]},{\"@type\":\"WebSite\",\"@id\":\"https:\\\/\\\/www.meydan.tv\\\/az\\\/#website\",\"url\":\"https:\\\/\\\/www.meydan.tv\\\/az\\\/\",\"name\":\"MEYDAN.TV\",\"description\":\"Meydan TV Az\u0259rbaycan\u0131n media m\u0259kan\u0131ndak\u0131 alternativ s\u0259sidir\",\"publisher\":{\"@id\":\"https:\\\/\\\/www.meydan.tv\\\/az\\\/#organization\"},\"potentialAction\":[{\"@type\":\"SearchAction\",\"target\":{\"@type\":\"EntryPoint\",\"urlTemplate\":\"https:\\\/\\\/www.meydan.tv\\\/az\\\/?s={search_term_string}\"},\"query-input\":{\"@type\":\"PropertyValueSpecification\",\"valueRequired\":true,\"valueName\":\"search_term_string\"}}],\"inLanguage\":\"az\"},{\"@type\":\"Organization\",\"@id\":\"https:\\\/\\\/www.meydan.tv\\\/az\\\/#organization\",\"name\":\"Meydan TV\",\"url\":\"https:\\\/\\\/www.meydan.tv\\\/az\\\/\",\"logo\":{\"@type\":\"ImageObject\",\"inLanguage\":\"az\",\"@id\":\"https:\\\/\\\/www.meydan.tv\\\/az\\\/#\\\/schema\\\/logo\\\/image\\\/\",\"url\":\"https:\\\/\\\/www.meydan.tv\\\/wp-content\\\/uploads\\\/2021\\\/07\\\/meydan-logo.svg\",\"contentUrl\":\"https:\\\/\\\/www.meydan.tv\\\/wp-content\\\/uploads\\\/2021\\\/07\\\/meydan-logo.svg\",\"width\":195,\"height\":46,\"caption\":\"Meydan TV\"},\"image\":{\"@id\":\"https:\\\/\\\/www.meydan.tv\\\/az\\\/#\\\/schema\\\/logo\\\/image\\\/\"}},{\"@type\":\"Person\",\"@id\":\"https:\\\/\\\/www.meydan.tv\\\/az\\\/#\\\/schema\\\/person\\\/9cdbecf90d17180ce1dfbd95b08dcf47\",\"name\":\"elli\",\"sameAs\":[\"https:\\\/\\\/x.com\\\/elli\"]}]}<\/script>\n<!-- \/ Yoast SEO plugin. -->","yoast_head_json":{"title":"Pensiyas\u0131 k\u0259sil\u0259n Ming\u0259\u00e7evir sakini: \u201cBu, \u0259lill\u0259r\u0259 i\u015fg\u0259nc\u0259 mexanizmidir\u201d - MEYDAN.TV","robots":{"index":"index","follow":"follow","max-snippet":"max-snippet:-1","max-image-preview":"max-image-preview:large","max-video-preview":"max-video-preview:-1"},"canonical":"https:\/\/www.meydan.tv\/az\/article\/pensiyasi-kesilen-mingecevir-sakini-bu-elillere-isgence-mexanizmidir\/","og_locale":"az_AZ","og_type":"article","og_title":"Pensiyas\u0131 k\u0259sil\u0259n Ming\u0259\u00e7evir sakini: \u201cBu, \u0259lill\u0259r\u0259 i\u015fg\u0259nc\u0259 mexanizmidir\u201d - MEYDAN.TV","og_description":"D\u00fcrdan\u0259 Mirz\u0259yeva: \u201cAyaq \u00fcst\u0259 dura bilm\u0259y\u0259n insan \u00fc\u00e7\u00fcn s\u00fcr\u00fcnd\u00fcrm\u0259\u00e7iliyin n\u0259 ... Davam\u0131","og_url":"https:\/\/www.meydan.tv\/az\/article\/pensiyasi-kesilen-mingecevir-sakini-bu-elillere-isgence-mexanizmidir\/","og_site_name":"MEYDAN.TV","article_published_time":"2022-06-29T16:59:37+00:00","article_modified_time":"2022-06-29T16:59:38+00:00","og_image":[{"width":1200,"height":800,"url":"https:\/\/www.meydan.tv\/wp-content\/uploads\/pensiya-bankomat-e1637159770511.jpg","type":"image\/jpeg"}],"author":"elli","twitter_card":"summary_large_image","twitter_creator":"@elli","schema":{"@context":"https:\/\/schema.org","@graph":[{"@type":"Article","@id":"https:\/\/www.meydan.tv\/az\/article\/pensiyasi-kesilen-mingecevir-sakini-bu-elillere-isgence-mexanizmidir\/#article","isPartOf":{"@id":"https:\/\/www.meydan.tv\/az\/article\/pensiyasi-kesilen-mingecevir-sakini-bu-elillere-isgence-mexanizmidir\/"},"author":{"name":"elli","@id":"https:\/\/www.meydan.tv\/az\/#\/schema\/person\/9cdbecf90d17180ce1dfbd95b08dcf47"},"headline":"Pensiyas\u0131 k\u0259sil\u0259n Ming\u0259\u00e7evir sakini: \u201cBu, \u0259lill\u0259r\u0259 i\u015fg\u0259nc\u0259 mexanizmidir\u201d","datePublished":"2022-06-29T16:59:37+00:00","dateModified":"2022-06-29T16:59:38+00:00","mainEntityOfPage":{"@id":"https:\/\/www.meydan.tv\/az\/article\/pensiyasi-kesilen-mingecevir-sakini-bu-elillere-isgence-mexanizmidir\/"},"wordCount":983,"publisher":{"@id":"https:\/\/www.meydan.tv\/az\/#organization"},"image":{"@id":"https:\/\/www.meydan.tv\/az\/article\/pensiyasi-kesilen-mingecevir-sakini-bu-elillere-isgence-mexanizmidir\/#primaryimage"},"thumbnailUrl":"https:\/\/www.meydan.tv\/wp-content\/uploads\/pensiya-bankomat-e1701160034703.jpg","articleSection":["B\u00f6lg\u0259","X\u0259b\u0259rl\u0259r"],"inLanguage":"az"},{"@type":"WebPage","@id":"https:\/\/www.meydan.tv\/az\/article\/pensiyasi-kesilen-mingecevir-sakini-bu-elillere-isgence-mexanizmidir\/","url":"https:\/\/www.meydan.tv\/az\/article\/pensiyasi-kesilen-mingecevir-sakini-bu-elillere-isgence-mexanizmidir\/","name":"Pensiyas\u0131 k\u0259sil\u0259n Ming\u0259\u00e7evir sakini: \u201cBu, \u0259lill\u0259r\u0259 i\u015fg\u0259nc\u0259 mexanizmidir\u201d - MEYDAN.TV","isPartOf":{"@id":"https:\/\/www.meydan.tv\/az\/#website"},"primaryImageOfPage":{"@id":"https:\/\/www.meydan.tv\/az\/article\/pensiyasi-kesilen-mingecevir-sakini-bu-elillere-isgence-mexanizmidir\/#primaryimage"},"image":{"@id":"https:\/\/www.meydan.tv\/az\/article\/pensiyasi-kesilen-mingecevir-sakini-bu-elillere-isgence-mexanizmidir\/#primaryimage"},"thumbnailUrl":"https:\/\/www.meydan.tv\/wp-content\/uploads\/pensiya-bankomat-e1701160034703.jpg","datePublished":"2022-06-29T16:59:37+00:00","dateModified":"2022-06-29T16:59:38+00:00","breadcrumb":{"@id":"https:\/\/www.meydan.tv\/az\/article\/pensiyasi-kesilen-mingecevir-sakini-bu-elillere-isgence-mexanizmidir\/#breadcrumb"},"inLanguage":"az","potentialAction":[{"@type":"ReadAction","target":["https:\/\/www.meydan.tv\/az\/article\/pensiyasi-kesilen-mingecevir-sakini-bu-elillere-isgence-mexanizmidir\/"]}]},{"@type":"ImageObject","inLanguage":"az","@id":"https:\/\/www.meydan.tv\/az\/article\/pensiyasi-kesilen-mingecevir-sakini-bu-elillere-isgence-mexanizmidir\/#primaryimage","url":"https:\/\/www.meydan.tv\/wp-content\/uploads\/pensiya-bankomat-e1701160034703.jpg","contentUrl":"https:\/\/www.meydan.tv\/wp-content\/uploads\/pensiya-bankomat-e1701160034703.jpg","width":1089,"height":422,"caption":"Foto: hedgehog94\/shutterstock.com"},{"@type":"BreadcrumbList","@id":"https:\/\/www.meydan.tv\/az\/article\/pensiyasi-kesilen-mingecevir-sakini-bu-elillere-isgence-mexanizmidir\/#breadcrumb","itemListElement":[{"@type":"ListItem","position":1,"name":"Ana s\u0259hif\u0259","item":"https:\/\/www.meydan.tv\/az\/"},{"@type":"ListItem","position":2,"name":"B\u00f6lg\u0259","item":"https:\/\/www.meydan.tv\/az\/section\/bolge\/"},{"@type":"ListItem","position":3,"name":"Pensiyas\u0131 k\u0259sil\u0259n Ming\u0259\u00e7evir sakini: \u201cBu, \u0259lill\u0259r\u0259 i\u015fg\u0259nc\u0259 mexanizmidir\u201d"}]},{"@type":"WebSite","@id":"https:\/\/www.meydan.tv\/az\/#website","url":"https:\/\/www.meydan.tv\/az\/","name":"MEYDAN.TV","description":"Meydan TV Az\u0259rbaycan\u0131n media m\u0259kan\u0131ndak\u0131 alternativ s\u0259sidir","publisher":{"@id":"https:\/\/www.meydan.tv\/az\/#organization"},"potentialAction":[{"@type":"SearchAction","target":{"@type":"EntryPoint","urlTemplate":"https:\/\/www.meydan.tv\/az\/?s={search_term_string}"},"query-input":{"@type":"PropertyValueSpecification","valueRequired":true,"valueName":"search_term_string"}}],"inLanguage":"az"},{"@type":"Organization","@id":"https:\/\/www.meydan.tv\/az\/#organization","name":"Meydan TV","url":"https:\/\/www.meydan.tv\/az\/","logo":{"@type":"ImageObject","inLanguage":"az","@id":"https:\/\/www.meydan.tv\/az\/#\/schema\/logo\/image\/","url":"https:\/\/www.meydan.tv\/wp-content\/uploads\/2021\/07\/meydan-logo.svg","contentUrl":"https:\/\/www.meydan.tv\/wp-content\/uploads\/2021\/07\/meydan-logo.svg","width":195,"height":46,"caption":"Meydan TV"},"image":{"@id":"https:\/\/www.meydan.tv\/az\/#\/schema\/logo\/image\/"}},{"@type":"Person","@id":"https:\/\/www.meydan.tv\/az\/#\/schema\/person\/9cdbecf90d17180ce1dfbd95b08dcf47","name":"elli","sameAs":["https:\/\/x.com\/elli"]}]}},"_links":{"self":[{"href":"https:\/\/www.meydan.tv\/az\/wp-json\/wp\/v2\/posts\/249648","targetHints":{"allow":["GET"]}}],"collection":[{"href":"https:\/\/www.meydan.tv\/az\/wp-json\/wp\/v2\/posts"}],"about":[{"href":"https:\/\/www.meydan.tv\/az\/wp-json\/wp\/v2\/types\/post"}],"author":[{"embeddable":true,"href":"https:\/\/www.meydan.tv\/az\/wp-json\/wp\/v2\/users\/8"}],"replies":[{"embeddable":true,"href":"https:\/\/www.meydan.tv\/az\/wp-json\/wp\/v2\/comments?post=249648"}],"version-history":[{"count":1,"href":"https:\/\/www.meydan.tv\/az\/wp-json\/wp\/v2\/posts\/249648\/revisions"}],"predecessor-version":[{"id":249673,"href":"https:\/\/www.meydan.tv\/az\/wp-json\/wp\/v2\/posts\/249648\/revisions\/249673"}],"wp:featuredmedia":[{"embeddable":true,"href":"https:\/\/www.meydan.tv\/az\/wp-json\/wp\/v2\/media\/226414"}],"wp:attachment":[{"href":"https:\/\/www.meydan.tv\/az\/wp-json\/wp\/v2\/media?parent=249648"}],"wp:term":[{"taxonomy":"category","embeddable":true,"href":"https:\/\/www.meydan.tv\/az\/wp-json\/wp\/v2\/categories?post=249648"},{"taxonomy":"post_tag","embeddable":true,"href":"https:\/\/www.meydan.tv\/az\/wp-json\/wp\/v2\/tags?post=249648"}],"curies":[{"name":"wp","href":"https:\/\/api.w.org\/{rel}","templated":true}]}}