{"id":249620,"date":"2022-06-29T15:55:39","date_gmt":"2022-06-29T11:55:39","guid":{"rendered":"https:\/\/www.meydan.tv\/?p=249620"},"modified":"2022-06-29T15:56:20","modified_gmt":"2022-06-29T11:56:20","slug":"kinoda-evvelki-heyecan-yoxdur","status":"publish","type":"post","link":"https:\/\/www.meydan.tv\/az\/article\/kinoda-evvelki-heyecan-yoxdur\/","title":{"rendered":"\u201cKinoda \u0259vv\u0259lki h\u0259y\u0259can yoxdur\u201d"},"content":{"rendered":"\n<p><em>Vudi Allen kino karyeras\u0131n\u0131 sonland\u0131r\u0131r<\/em><\/p>\n\n\n\n<p>Amerikal\u0131 rejssor Vudi Allen karyeras\u0131na son qoyaca\u011f\u0131n\u0131 deyib.<\/p>\n\n\n\n<p>Bildirib ki, bundan sonra yaln\u0131z bir-iki film \u00e7\u0259km\u0259yi <a href=\"https:\/\/deadline.com\/2022\/06\/woody-allen-plans-to-make-one-more-movie-theaters-decline-alec-baldwin-1235053312\/\">planla\u015fd\u0131r\u0131r<\/a>.<\/p>\n\n\n\n<p>Filml\u0259rd\u0259n birinin \u00e7\u0259kili\u015fl\u0259ri bu il yay\u0131n sonu, pay\u0131z\u0131n \u0259vv\u0259ll\u0259rind\u0259 Parisd\u0259 olacaq.<\/p>\n\n\n\n<p>H\u0259r iki filmin \u00e7\u0259kili\u015fl\u0259ri yekunla\u015fandan sonra o, kinematoqrafiya il\u0259 vidala\u015facaq.<\/p>\n\n\n\n<p>Onun s\u00f6zl\u0259rin\u0259 g\u00f6r\u0259, art\u0131q kinoda \u0259vv\u0259lki h\u0259y\u0259can yoxdur.<\/p>\n\n\n\n<p>Rejissor h\u0259l\u0259 pandemiyadan \u00f6nc\u0259 \u0259n\u0259n\u0259vi teatr premyeralar\u0131 zaman\u0131 \u00e7\u0259tinlikl\u0259rl\u0259 \u00fczl\u0259\u015fdiyini etiraf edib.<\/p>\n\n\n\n<p>Onun s\u00f6zl\u0259rin\u0259 g\u00f6r\u0259, \u0259vv\u0259ll\u0259r filml\u0259r uzun m\u00fcdd\u0259t kinoteatrlarda n\u00fcmayi\u015f etdirilirdi v\u0259 \u00f6lk\u0259nin h\u0259r yerind\u0259n y\u00fczl\u0259rl\u0259 insan kinoya baxma\u011fa g\u0259lirdi: \u201c\u0130ndi is\u0259 film kinoteatrlarda bir ne\u00e7\u0259 h\u0259ft\u0259 yay\u0131mland\u0131qdan sonra internet \u00fcz\u0259rind\u0259n n\u00fcmayi\u015f\u0259 ke\u00e7ilir. Bu da m\u0259nim xo\u015fuma g\u0259lmir\u201d.<\/p>\n\n\n\n<p>Rejissor qeyd edib ki, teatr \u00fc\u00e7\u00fcn iki yeni pyes yaz\u0131b. Amma h\u0259l\u0259 ki onlar\u0131 Brodvey Teatr\u0131nda s\u0259hn\u0259l\u0259\u015fdirm\u0259yi d\u00fc\u015f\u00fcnm\u00fcr. \u00c7\u00fcnki kinoteatrlar kimi teatrlarda da v\u0259ziyy\u0259t \u00fcr\u0259ka\u00e7an deyil:<\/p>\n\n\n\n<p>\u201cM\u0259n cavan olanda insanlar teatrlara ged\u0259rdi. Teatr s\u0259hn\u0259si \u00e7ox i\u015f\u0131ql\u0131 olard\u0131, bir-birinin ard\u0131nca maraql\u0131 pyesl\u0259r g\u00f6st\u0259ril\u0259rdi. \u0130ndi is\u0259 Brodvey Teatr\u0131 ticar\u0259t m\u0259rk\u0259zin\u0259 \u00e7evrilib&#8221;.<\/p>\n\n\n\n<p>Vudi Allen 1960-c\u0131 ild\u0259n 2010-cu ill\u0259r \u0259rzind\u0259 \u0259llid\u0259n \u00e7ox filmin ssenari m\u00fc\u0259llifi v\u0259 rejissoru olub.<\/p>\n\n\n\n<p>1993-c\u00fc ild\u0259 Allenin ke\u00e7mi\u015f h\u0259yat yolda\u015f\u0131 Mia Ferrou v\u0259 onlar\u0131n \u00f6vladl\u0131\u011fa g\u00f6t\u00fcrd\u00fcy\u00fc q\u0131z\u0131 Dilan Ferrou rejissoru seksual t\u0259cav\u00fczd\u0259 g\u00fcnahland\u0131r\u0131blar.<\/p>\n\n\n\n<p>\u0130ddia olunub ki, rejissor Dilan\u0131n 7 ya\u015f\u0131 olanda ona qar\u015f\u0131 seksual h\u0259r\u0259k\u0259tl\u0259r edib.<\/p>\n\n\n\n<p>H\u0259min vaxt rejissora qar\u015f\u0131 cinay\u0259t i\u015fi a\u00e7\u0131lmay\u0131b.<\/p>\n\n\n\n<p>Dilan 2014-c\u00fc ild\u0259 yenid\u0259n m\u0259s\u0259l\u0259ni g\u00fcnd\u0259m\u0259 g\u0259tirib.<\/p>\n\n\n\n<p>\u201cThe New York Times\u201dda a\u00e7\u0131q m\u0259ktub yazaraq, atal\u0131\u011f\u0131n\u0131n ona t\u0259cav\u00fcz etdiyini <a href=\"https:\/\/www.nytimes.com\/2014\/02\/09\/opinion\/sunday\/woody-allen-speaks-out.html\">bildirib<\/a>.<\/p>\n\n\n\n<p>Bu da rejissorun karyeras\u0131na ciddi t\u0259sir edib.<\/p>\n\n\n\n<p>N\u0259tic\u0259d\u0259 Allen yeni film \u00e7\u0259kli\u015fl\u0259ri zaman\u0131 mane\u0259l\u0259rl\u0259 \u00fczl\u0259\u015fib. Bir ne\u00e7\u0259 n\u0259\u015friyyat is\u0259 onun memuarlar\u0131n\u0131n \u00e7ap\u0131ndan imtina edib.<\/p>\n\n\n\n<p>H\u0259min hadis\u0259 il\u0259 \u0259laq\u0259dar olaraq, 2022-ci ilin fevral\u0131nda rejissorun sonuncu filmi \u201cRifkin&#8217;s Festival\u201d Amerika kinoteatrlar\u0131nda \u0259n a\u015fa\u011f\u0131 kassa toplay\u0131b.<\/p>\n","protected":false},"excerpt":{"rendered":"<p>Vudi Allen kino karyeras\u0131n\u0131 sonland\u0131r\u0131r Amerikal\u0131 rejssor Vudi Allen karyeras\u0131na &#8230; <\/p>\n<p class=\"read-more-container\"><a title=\"\u201cKinoda \u0259vv\u0259lki h\u0259y\u0259can yoxdur\u201d\" class=\"read-more button\" href=\"https:\/\/www.meydan.tv\/az\/article\/kinoda-evvelki-heyecan-yoxdur\/#more-249620\" aria-label=\"Read more about \u201cKinoda \u0259vv\u0259lki h\u0259y\u0259can yoxdur\u201d\">Davam\u0131<\/a><\/p>\n","protected":false},"author":12,"featured_media":249621,"comment_status":"closed","ping_status":"closed","sticky":false,"template":"","format":"standard","meta":{"_acf_changed":false,"_sitemap_exclude":false,"_sitemap_priority":"","_sitemap_frequency":"","footnotes":""},"categories":[52,56],"tags":[],"class_list":["post-249620","post","type-post","status-publish","format-standard","has-post-thumbnail","hentry","category-medeniyyet","category-xeberler","infinite-scroll-item","generate-columns","tablet-grid-50","mobile-grid-100","grid-parent","grid-33","no-featured-image-padding"],"acf":[],"yoast_head":"<!-- This site is optimized with the Yoast SEO plugin v27.5 - https:\/\/yoast.com\/product\/yoast-seo-wordpress\/ -->\n<title>\u201cKinoda \u0259vv\u0259lki h\u0259y\u0259can yoxdur\u201d - MEYDAN.TV<\/title>\n<meta name=\"robots\" content=\"index, follow, max-snippet:-1, max-image-preview:large, max-video-preview:-1\" \/>\n<link rel=\"canonical\" href=\"https:\/\/www.meydan.tv\/az\/article\/kinoda-evvelki-heyecan-yoxdur\/\" \/>\n<meta property=\"og:locale\" content=\"az_AZ\" \/>\n<meta property=\"og:type\" content=\"article\" \/>\n<meta property=\"og:title\" content=\"\u201cKinoda \u0259vv\u0259lki h\u0259y\u0259can yoxdur\u201d - MEYDAN.TV\" \/>\n<meta property=\"og:description\" content=\"Vudi Allen kino karyeras\u0131n\u0131 sonland\u0131r\u0131r Amerikal\u0131 rejssor Vudi Allen karyeras\u0131na ... Davam\u0131\" \/>\n<meta property=\"og:url\" content=\"https:\/\/www.meydan.tv\/az\/article\/kinoda-evvelki-heyecan-yoxdur\/\" \/>\n<meta property=\"og:site_name\" content=\"MEYDAN.TV\" \/>\n<meta property=\"article:published_time\" content=\"2022-06-29T11:55:39+00:00\" \/>\n<meta property=\"article:modified_time\" content=\"2022-06-29T11:56:20+00:00\" \/>\n<meta property=\"og:image\" content=\"https:\/\/www.meydan.tv\/wp-content\/uploads\/826e9be1-a960-479d-ab0a-8c1d5f8ccdad.jpeg\" \/>\n\t<meta property=\"og:image:width\" content=\"620\" \/>\n\t<meta property=\"og:image:height\" content=\"387\" \/>\n\t<meta property=\"og:image:type\" content=\"image\/jpeg\" \/>\n<meta name=\"author\" content=\"aleks\" \/>\n<meta name=\"twitter:card\" content=\"summary_large_image\" \/>\n<script type=\"application\/ld+json\" class=\"yoast-schema-graph\">{\"@context\":\"https:\\\/\\\/schema.org\",\"@graph\":[{\"@type\":\"Article\",\"@id\":\"https:\\\/\\\/www.meydan.tv\\\/az\\\/article\\\/kinoda-evvelki-heyecan-yoxdur\\\/#article\",\"isPartOf\":{\"@id\":\"https:\\\/\\\/www.meydan.tv\\\/az\\\/article\\\/kinoda-evvelki-heyecan-yoxdur\\\/\"},\"author\":{\"name\":\"aleks\",\"@id\":\"https:\\\/\\\/www.meydan.tv\\\/az\\\/#\\\/schema\\\/person\\\/476e9360e593fa131d5d71d51866f8da\"},\"headline\":\"\u201cKinoda \u0259vv\u0259lki h\u0259y\u0259can yoxdur\u201d\",\"datePublished\":\"2022-06-29T11:55:39+00:00\",\"dateModified\":\"2022-06-29T11:56:20+00:00\",\"mainEntityOfPage\":{\"@id\":\"https:\\\/\\\/www.meydan.tv\\\/az\\\/article\\\/kinoda-evvelki-heyecan-yoxdur\\\/\"},\"wordCount\":420,\"publisher\":{\"@id\":\"https:\\\/\\\/www.meydan.tv\\\/az\\\/#organization\"},\"image\":{\"@id\":\"https:\\\/\\\/www.meydan.tv\\\/az\\\/article\\\/kinoda-evvelki-heyecan-yoxdur\\\/#primaryimage\"},\"thumbnailUrl\":\"https:\\\/\\\/www.meydan.tv\\\/wp-content\\\/uploads\\\/826e9be1-a960-479d-ab0a-8c1d5f8ccdad.jpeg\",\"articleSection\":[\"M\u0259d\u0259niyy\u0259t\",\"X\u0259b\u0259rl\u0259r\"],\"inLanguage\":\"az\"},{\"@type\":\"WebPage\",\"@id\":\"https:\\\/\\\/www.meydan.tv\\\/az\\\/article\\\/kinoda-evvelki-heyecan-yoxdur\\\/\",\"url\":\"https:\\\/\\\/www.meydan.tv\\\/az\\\/article\\\/kinoda-evvelki-heyecan-yoxdur\\\/\",\"name\":\"\u201cKinoda \u0259vv\u0259lki h\u0259y\u0259can yoxdur\u201d - MEYDAN.TV\",\"isPartOf\":{\"@id\":\"https:\\\/\\\/www.meydan.tv\\\/az\\\/#website\"},\"primaryImageOfPage\":{\"@id\":\"https:\\\/\\\/www.meydan.tv\\\/az\\\/article\\\/kinoda-evvelki-heyecan-yoxdur\\\/#primaryimage\"},\"image\":{\"@id\":\"https:\\\/\\\/www.meydan.tv\\\/az\\\/article\\\/kinoda-evvelki-heyecan-yoxdur\\\/#primaryimage\"},\"thumbnailUrl\":\"https:\\\/\\\/www.meydan.tv\\\/wp-content\\\/uploads\\\/826e9be1-a960-479d-ab0a-8c1d5f8ccdad.jpeg\",\"datePublished\":\"2022-06-29T11:55:39+00:00\",\"dateModified\":\"2022-06-29T11:56:20+00:00\",\"breadcrumb\":{\"@id\":\"https:\\\/\\\/www.meydan.tv\\\/az\\\/article\\\/kinoda-evvelki-heyecan-yoxdur\\\/#breadcrumb\"},\"inLanguage\":\"az\",\"potentialAction\":[{\"@type\":\"ReadAction\",\"target\":[\"https:\\\/\\\/www.meydan.tv\\\/az\\\/article\\\/kinoda-evvelki-heyecan-yoxdur\\\/\"]}]},{\"@type\":\"ImageObject\",\"inLanguage\":\"az\",\"@id\":\"https:\\\/\\\/www.meydan.tv\\\/az\\\/article\\\/kinoda-evvelki-heyecan-yoxdur\\\/#primaryimage\",\"url\":\"https:\\\/\\\/www.meydan.tv\\\/wp-content\\\/uploads\\\/826e9be1-a960-479d-ab0a-8c1d5f8ccdad.jpeg\",\"contentUrl\":\"https:\\\/\\\/www.meydan.tv\\\/wp-content\\\/uploads\\\/826e9be1-a960-479d-ab0a-8c1d5f8ccdad.jpeg\",\"width\":620,\"height\":387},{\"@type\":\"BreadcrumbList\",\"@id\":\"https:\\\/\\\/www.meydan.tv\\\/az\\\/article\\\/kinoda-evvelki-heyecan-yoxdur\\\/#breadcrumb\",\"itemListElement\":[{\"@type\":\"ListItem\",\"position\":1,\"name\":\"Ana s\u0259hif\u0259\",\"item\":\"https:\\\/\\\/www.meydan.tv\\\/az\\\/\"},{\"@type\":\"ListItem\",\"position\":2,\"name\":\"M\u0259d\u0259niyy\u0259t\",\"item\":\"https:\\\/\\\/www.meydan.tv\\\/az\\\/section\\\/medeniyyet\\\/\"},{\"@type\":\"ListItem\",\"position\":3,\"name\":\"\u201cKinoda \u0259vv\u0259lki h\u0259y\u0259can yoxdur\u201d\"}]},{\"@type\":\"WebSite\",\"@id\":\"https:\\\/\\\/www.meydan.tv\\\/az\\\/#website\",\"url\":\"https:\\\/\\\/www.meydan.tv\\\/az\\\/\",\"name\":\"MEYDAN.TV\",\"description\":\"Meydan TV Az\u0259rbaycan\u0131n media m\u0259kan\u0131ndak\u0131 alternativ s\u0259sidir\",\"publisher\":{\"@id\":\"https:\\\/\\\/www.meydan.tv\\\/az\\\/#organization\"},\"potentialAction\":[{\"@type\":\"SearchAction\",\"target\":{\"@type\":\"EntryPoint\",\"urlTemplate\":\"https:\\\/\\\/www.meydan.tv\\\/az\\\/?s={search_term_string}\"},\"query-input\":{\"@type\":\"PropertyValueSpecification\",\"valueRequired\":true,\"valueName\":\"search_term_string\"}}],\"inLanguage\":\"az\"},{\"@type\":\"Organization\",\"@id\":\"https:\\\/\\\/www.meydan.tv\\\/az\\\/#organization\",\"name\":\"Meydan TV\",\"url\":\"https:\\\/\\\/www.meydan.tv\\\/az\\\/\",\"logo\":{\"@type\":\"ImageObject\",\"inLanguage\":\"az\",\"@id\":\"https:\\\/\\\/www.meydan.tv\\\/az\\\/#\\\/schema\\\/logo\\\/image\\\/\",\"url\":\"https:\\\/\\\/www.meydan.tv\\\/wp-content\\\/uploads\\\/2021\\\/07\\\/meydan-logo.svg\",\"contentUrl\":\"https:\\\/\\\/www.meydan.tv\\\/wp-content\\\/uploads\\\/2021\\\/07\\\/meydan-logo.svg\",\"width\":195,\"height\":46,\"caption\":\"Meydan TV\"},\"image\":{\"@id\":\"https:\\\/\\\/www.meydan.tv\\\/az\\\/#\\\/schema\\\/logo\\\/image\\\/\"}},{\"@type\":\"Person\",\"@id\":\"https:\\\/\\\/www.meydan.tv\\\/az\\\/#\\\/schema\\\/person\\\/476e9360e593fa131d5d71d51866f8da\",\"name\":\"aleks\"}]}<\/script>\n<!-- \/ Yoast SEO plugin. -->","yoast_head_json":{"title":"\u201cKinoda \u0259vv\u0259lki h\u0259y\u0259can yoxdur\u201d - MEYDAN.TV","robots":{"index":"index","follow":"follow","max-snippet":"max-snippet:-1","max-image-preview":"max-image-preview:large","max-video-preview":"max-video-preview:-1"},"canonical":"https:\/\/www.meydan.tv\/az\/article\/kinoda-evvelki-heyecan-yoxdur\/","og_locale":"az_AZ","og_type":"article","og_title":"\u201cKinoda \u0259vv\u0259lki h\u0259y\u0259can yoxdur\u201d - MEYDAN.TV","og_description":"Vudi Allen kino karyeras\u0131n\u0131 sonland\u0131r\u0131r Amerikal\u0131 rejssor Vudi Allen karyeras\u0131na ... Davam\u0131","og_url":"https:\/\/www.meydan.tv\/az\/article\/kinoda-evvelki-heyecan-yoxdur\/","og_site_name":"MEYDAN.TV","article_published_time":"2022-06-29T11:55:39+00:00","article_modified_time":"2022-06-29T11:56:20+00:00","og_image":[{"width":620,"height":387,"url":"https:\/\/www.meydan.tv\/wp-content\/uploads\/826e9be1-a960-479d-ab0a-8c1d5f8ccdad.jpeg","type":"image\/jpeg"}],"author":"aleks","twitter_card":"summary_large_image","schema":{"@context":"https:\/\/schema.org","@graph":[{"@type":"Article","@id":"https:\/\/www.meydan.tv\/az\/article\/kinoda-evvelki-heyecan-yoxdur\/#article","isPartOf":{"@id":"https:\/\/www.meydan.tv\/az\/article\/kinoda-evvelki-heyecan-yoxdur\/"},"author":{"name":"aleks","@id":"https:\/\/www.meydan.tv\/az\/#\/schema\/person\/476e9360e593fa131d5d71d51866f8da"},"headline":"\u201cKinoda \u0259vv\u0259lki h\u0259y\u0259can yoxdur\u201d","datePublished":"2022-06-29T11:55:39+00:00","dateModified":"2022-06-29T11:56:20+00:00","mainEntityOfPage":{"@id":"https:\/\/www.meydan.tv\/az\/article\/kinoda-evvelki-heyecan-yoxdur\/"},"wordCount":420,"publisher":{"@id":"https:\/\/www.meydan.tv\/az\/#organization"},"image":{"@id":"https:\/\/www.meydan.tv\/az\/article\/kinoda-evvelki-heyecan-yoxdur\/#primaryimage"},"thumbnailUrl":"https:\/\/www.meydan.tv\/wp-content\/uploads\/826e9be1-a960-479d-ab0a-8c1d5f8ccdad.jpeg","articleSection":["M\u0259d\u0259niyy\u0259t","X\u0259b\u0259rl\u0259r"],"inLanguage":"az"},{"@type":"WebPage","@id":"https:\/\/www.meydan.tv\/az\/article\/kinoda-evvelki-heyecan-yoxdur\/","url":"https:\/\/www.meydan.tv\/az\/article\/kinoda-evvelki-heyecan-yoxdur\/","name":"\u201cKinoda \u0259vv\u0259lki h\u0259y\u0259can yoxdur\u201d - MEYDAN.TV","isPartOf":{"@id":"https:\/\/www.meydan.tv\/az\/#website"},"primaryImageOfPage":{"@id":"https:\/\/www.meydan.tv\/az\/article\/kinoda-evvelki-heyecan-yoxdur\/#primaryimage"},"image":{"@id":"https:\/\/www.meydan.tv\/az\/article\/kinoda-evvelki-heyecan-yoxdur\/#primaryimage"},"thumbnailUrl":"https:\/\/www.meydan.tv\/wp-content\/uploads\/826e9be1-a960-479d-ab0a-8c1d5f8ccdad.jpeg","datePublished":"2022-06-29T11:55:39+00:00","dateModified":"2022-06-29T11:56:20+00:00","breadcrumb":{"@id":"https:\/\/www.meydan.tv\/az\/article\/kinoda-evvelki-heyecan-yoxdur\/#breadcrumb"},"inLanguage":"az","potentialAction":[{"@type":"ReadAction","target":["https:\/\/www.meydan.tv\/az\/article\/kinoda-evvelki-heyecan-yoxdur\/"]}]},{"@type":"ImageObject","inLanguage":"az","@id":"https:\/\/www.meydan.tv\/az\/article\/kinoda-evvelki-heyecan-yoxdur\/#primaryimage","url":"https:\/\/www.meydan.tv\/wp-content\/uploads\/826e9be1-a960-479d-ab0a-8c1d5f8ccdad.jpeg","contentUrl":"https:\/\/www.meydan.tv\/wp-content\/uploads\/826e9be1-a960-479d-ab0a-8c1d5f8ccdad.jpeg","width":620,"height":387},{"@type":"BreadcrumbList","@id":"https:\/\/www.meydan.tv\/az\/article\/kinoda-evvelki-heyecan-yoxdur\/#breadcrumb","itemListElement":[{"@type":"ListItem","position":1,"name":"Ana s\u0259hif\u0259","item":"https:\/\/www.meydan.tv\/az\/"},{"@type":"ListItem","position":2,"name":"M\u0259d\u0259niyy\u0259t","item":"https:\/\/www.meydan.tv\/az\/section\/medeniyyet\/"},{"@type":"ListItem","position":3,"name":"\u201cKinoda \u0259vv\u0259lki h\u0259y\u0259can yoxdur\u201d"}]},{"@type":"WebSite","@id":"https:\/\/www.meydan.tv\/az\/#website","url":"https:\/\/www.meydan.tv\/az\/","name":"MEYDAN.TV","description":"Meydan TV Az\u0259rbaycan\u0131n media m\u0259kan\u0131ndak\u0131 alternativ s\u0259sidir","publisher":{"@id":"https:\/\/www.meydan.tv\/az\/#organization"},"potentialAction":[{"@type":"SearchAction","target":{"@type":"EntryPoint","urlTemplate":"https:\/\/www.meydan.tv\/az\/?s={search_term_string}"},"query-input":{"@type":"PropertyValueSpecification","valueRequired":true,"valueName":"search_term_string"}}],"inLanguage":"az"},{"@type":"Organization","@id":"https:\/\/www.meydan.tv\/az\/#organization","name":"Meydan TV","url":"https:\/\/www.meydan.tv\/az\/","logo":{"@type":"ImageObject","inLanguage":"az","@id":"https:\/\/www.meydan.tv\/az\/#\/schema\/logo\/image\/","url":"https:\/\/www.meydan.tv\/wp-content\/uploads\/2021\/07\/meydan-logo.svg","contentUrl":"https:\/\/www.meydan.tv\/wp-content\/uploads\/2021\/07\/meydan-logo.svg","width":195,"height":46,"caption":"Meydan TV"},"image":{"@id":"https:\/\/www.meydan.tv\/az\/#\/schema\/logo\/image\/"}},{"@type":"Person","@id":"https:\/\/www.meydan.tv\/az\/#\/schema\/person\/476e9360e593fa131d5d71d51866f8da","name":"aleks"}]}},"_links":{"self":[{"href":"https:\/\/www.meydan.tv\/az\/wp-json\/wp\/v2\/posts\/249620","targetHints":{"allow":["GET"]}}],"collection":[{"href":"https:\/\/www.meydan.tv\/az\/wp-json\/wp\/v2\/posts"}],"about":[{"href":"https:\/\/www.meydan.tv\/az\/wp-json\/wp\/v2\/types\/post"}],"author":[{"embeddable":true,"href":"https:\/\/www.meydan.tv\/az\/wp-json\/wp\/v2\/users\/12"}],"replies":[{"embeddable":true,"href":"https:\/\/www.meydan.tv\/az\/wp-json\/wp\/v2\/comments?post=249620"}],"version-history":[{"count":1,"href":"https:\/\/www.meydan.tv\/az\/wp-json\/wp\/v2\/posts\/249620\/revisions"}],"predecessor-version":[{"id":249624,"href":"https:\/\/www.meydan.tv\/az\/wp-json\/wp\/v2\/posts\/249620\/revisions\/249624"}],"wp:featuredmedia":[{"embeddable":true,"href":"https:\/\/www.meydan.tv\/az\/wp-json\/wp\/v2\/media\/249621"}],"wp:attachment":[{"href":"https:\/\/www.meydan.tv\/az\/wp-json\/wp\/v2\/media?parent=249620"}],"wp:term":[{"taxonomy":"category","embeddable":true,"href":"https:\/\/www.meydan.tv\/az\/wp-json\/wp\/v2\/categories?post=249620"},{"taxonomy":"post_tag","embeddable":true,"href":"https:\/\/www.meydan.tv\/az\/wp-json\/wp\/v2\/tags?post=249620"}],"curies":[{"name":"wp","href":"https:\/\/api.w.org\/{rel}","templated":true}]}}