{"id":249612,"date":"2022-06-29T14:03:21","date_gmt":"2022-06-29T10:03:21","guid":{"rendered":"https:\/\/www.meydan.tv\/?p=249612"},"modified":"2022-06-29T14:03:23","modified_gmt":"2022-06-29T10:03:23","slug":"gencede-dagintilar-altindan-cixarilan-xedicenin-yaxinlari-narazidir","status":"publish","type":"post","link":"https:\/\/www.meydan.tv\/az\/article\/gencede-dagintilar-altindan-cixarilan-xedicenin-yaxinlari-narazidir\/","title":{"rendered":"G\u0259nc\u0259d\u0259 da\u011f\u0131nt\u0131lar alt\u0131ndan \u00e7\u0131xar\u0131lan X\u0259dic\u0259nin yax\u0131nlar\u0131 naraz\u0131d\u0131r"},"content":{"rendered":"\n<p><em>&#8220;Kiray\u0259 pulu verilmir, \u0130cra Hakimiyy\u0259ti d\u0259 deyir ki, &#8220;bizlik&#8221; deyil&#8221;<\/em><\/p>\n\n\n\n<p>G\u0259nc\u0259y\u0259 raket at\u0131lmas\u0131 n\u0259tic\u0259sind\u0259 da\u011f\u0131nt\u0131lar alt\u0131ndan \u00e7\u0131xar\u0131lan 3 ya\u015fl\u0131 X\u0259dic\u0259 \u015eahn\u0259z\u0259rovan\u0131n yax\u0131nlar\u0131 naraz\u0131d\u0131r.<\/p>\n\n\n\n<p>S\u0259b\u0259b is\u0259 onun ya\u015fad\u0131\u011f\u0131 evin h\u0259l\u0259 d\u0259 tikilib ba\u015fa \u00e7atd\u0131r\u0131lmamas\u0131, kiray\u0259 pulunun verilm\u0259m\u0259sidir.<br><\/p>\n\n\n\n<p><strong>\u201cM\u0259s\u0259l\u0259 b\u00f6y\u00fcy\u0259nd\u0259n sonra g\u0259tirib ax\u0131r\u0131nc\u0131 ay\u0131n kiray\u0259 pulunu verdil\u0259r\u201d<\/strong><br><\/p>\n\n\n\n<p>2020-ci il oktyabr\u0131n 17-d\u0259 G\u0259nc\u0259y\u0259 raket h\u00fccumu n\u0259tic\u0259sind\u0259 Muxtar Hac\u0131yev k\u00fc\u00e7\u0259sind\u0259 II d\u00f6ng\u0259d\u0259ki 24 sayl\u0131 ev d\u0259 da\u011f\u0131l\u0131b.<\/p>\n\n\n\n<p>Hadis\u0259 zaman\u0131 X\u0259dic\u0259nin atas\u0131 R\u00f6yal \u015eahn\u0259z\u0259rov, anas\u0131 Z\u00fcleyxa \u015eahn\u0259z\u0259rova v\u0259 1 ya\u015fl\u0131 bac\u0131s\u0131 M\u0259din\u0259 h\u0259lak olub. H\u0259min ev X\u0259dic\u0259nin n\u0259n\u0259si, 64 ya\u015fl\u0131 T\u0259z\u0259g\u00fcl \u015eahn\u0259z\u0259rovaya m\u0259xsusdur.<\/p>\n\n\n\n<p>O, xeyli vaxtd\u0131r ki, dig\u0259r o\u011flu v\u0259 onun ail\u0259 \u00fczvl\u0259riyl\u0259 birlikd\u0259 ya\u015fay\u0131r.<\/p>\n\n\n\n<p>G\u0259lini N\u0259rmin\u0259 \u015eahn\u0259z\u0259rova Meydan TV-y\u0259 dan\u0131\u015f\u0131r ki, iki il\u0259 yax\u0131nd\u0131r kiray\u0259d\u0259 qal\u0131rlar. M\u00fcvafiq qurumlar n\u0259 evi tikib ba\u015fa \u00e7atd\u0131r\u0131r, n\u0259 d\u0259 kiray\u0259 pulunu \u00f6d\u0259yirl\u0259r:<\/p>\n\n\n\n<p>\u201cYa evi t\u0259hvil versinl\u0259r, gedib ya\u015fayaq, ya da qayda-qanuna uy\u011fun kiray\u0259 pulu versinl\u0259r. Ne\u00e7\u0259 ay biz\u0259 bir q\u0259pik kiray\u0259 pulu verilm\u0259di. Bir m\u00fcdd\u0259t \u0259vv\u0259l \u015fikay\u0259t etmi\u015fdim. M\u0259s\u0259l\u0259 b\u00f6y\u00fcy\u0259nd\u0259n sonra 2-3 g\u00fcn \u00f6nc\u0259 g\u0259tirib ax\u0131r\u0131nc\u0131 ay\u0131n kiray\u0259 pulunu verdil\u0259r\u201d.<br><\/p>\n\n\n\n<p><strong>\u201cOnun \u00fc\u00e7\u00fcn orada qalmaq \u00e7ox \u00e7\u0259tin olacaqd\u0131\u201d<\/strong><br><\/p>\n\n\n\n<p>N\u0259rmin\u0259 \u015eahn\u0259z\u0259rovan\u0131n s\u00f6zl\u0259rin\u0259 g\u00f6r\u0259, m\u0259s\u0259l\u0259 il\u0259 \u0259laq\u0259dar G\u0259nc\u0259 \u015e\u0259h\u0259r \u0130cra Hakimiyy\u0259tin\u0259 d\u0259f\u0259l\u0259rl\u0259 m\u00fcraci\u0259t ets\u0259l\u0259r d\u0259, \u201cbizlik deyil\u201d cavab\u0131n\u0131 al\u0131blar. Kiray\u0259 pulu verilm\u0259m\u0259sinin s\u0259b\u0259bi is\u0259 bel\u0259 izah edilib: <\/p>\n\n\n\n<p>\u201cHadis\u0259d\u0259n sonra evi da\u011f\u0131lan bir \u00e7ox v\u0259t\u0259nda\u015flar yataqxanada ya\u015fay\u0131b. Amma m\u0259nim qay\u0131nanam orada qala bilm\u0259di. D\u00fcz\u00fc, buna imkan ver\u0259 bilm\u0259zdik. Q\u0259fild\u0259n ail\u0259sinin \u00fc\u00e7 \u00fczv\u00fcn\u00fc itirmi\u015f, ya\u015fl\u0131, x\u0259st\u0259 adamd\u0131r. Onun \u00fc\u00e7\u00fcn orada qalmaq \u00e7ox \u00e7\u0259tin olacaqd\u0131. Kiray\u0259l\u0259rd\u0259 d\u0259 onun \u00fc\u00e7\u00fcn \u00e7ox a\u011f\u0131rd\u0131\u2026\u201d<br><\/p>\n\n\n\n<figure class=\"wp-block-image size-full\"><img decoding=\"async\" width=\"1200\" height=\"724\" data-src=\"https:\/\/www.meydan.tv\/wp-content\/uploads\/6c804a91-a072-4f0a-bf4d-9311b5983fe2.jpeg\" alt=\"\" class=\"wp-image-249601 lazyload\" src=\"data:image\/svg+xml;base64,PHN2ZyB3aWR0aD0iMSIgaGVpZ2h0PSIxIiB4bWxucz0iaHR0cDovL3d3dy53My5vcmcvMjAwMC9zdmciPjwvc3ZnPg==\" style=\"--smush-placeholder-width: 1200px; --smush-placeholder-aspect-ratio: 1200\/724;\" \/><figcaption>Foto: Meydan TV<\/figcaption><\/figure>\n\n\n\n<p><strong>\u201cEvl\u0259rd\u0259 az qala, h\u0259r g\u00fcn usta davas\u0131 d\u00f6y\u00fcl\u00fcr\u201d<\/strong><br><\/p>\n\n\n\n<p>Tikil\u0259n evin haz\u0131rk\u0131 v\u0259ziyy\u0259tin\u0259 g\u0259linc\u0259, N\u0259rmin\u0259 \u015eahn\u0259z\u0259rova deyir ki, tamamlama i\u015fl\u0259rin\u0259 h\u0259l\u0259 \u00e7ox var.<br>Onun s\u00f6zl\u0259rin\u0259 g\u00f6r\u0259, sad\u0259c\u0259, divarlar\u0131 tikilib, evin dam\u0131 vurulub, indi i\u00e7ind\u0259 suvaq i\u015fl\u0259ri gedir.<\/p>\n\n\n\n<p>Hesab edir ki, bu vaxta q\u0259d\u0259r yubanman\u0131n s\u0259b\u0259bi i\u015fl\u0259rin l\u0259ng getm\u0259si, yet\u0259rinc\u0259 ustan\u0131n c\u0259lb olunmamas\u0131d\u0131r: <\/p>\n\n\n\n<p>\u201cGuya demi\u015fdil\u0259r ki, avqustun ax\u0131r\u0131na q\u0259d\u0259r bitirib t\u0259hvil verilm\u0259lidir. Biz d\u0259 g\u00f6zl\u0259yirik. Amma avqustun ax\u0131r\u0131na \u00e7atas\u0131 deyil. F\u0259hl\u0259 verilmir. Haz\u0131rda bir bizim evd\u0259 i\u015f gedir. O da ona g\u00f6r\u0259 ki h\u0259yat yolda\u015f\u0131m i\u015f-g\u00fcc\u00fcn\u00fc at\u0131b, gedib orada i\u015f g\u00f6r\u00fcr. Dig\u0259r evl\u0259rd\u0259 az qala, h\u0259r g\u00fcn usta davas\u0131 d\u00f6y\u00fcl\u00fcr. Usta yoxdur. Bizim evd\u0259 h\u0259l\u0259 indi hasar\u0131n b\u00fcn\u00f6vr\u0259sini qoyurlar\u201d.<br><\/p>\n\n\n\n<p><strong>\u201cEv haz\u0131rd\u0131r, tamamlama i\u015fl\u0259ri gedir\u201d<\/strong><br><\/p>\n\n\n\n<p>O \u0259lav\u0259 edib ki, h\u00fccum zaman\u0131 evi da\u011f\u0131lan dig\u0259r sakinl\u0259rin durumu da a\u011f\u0131rd\u0131r. Onlar\u0131n da evl\u0259ri t\u0259hvil verilmir, kiray\u0259l\u0259rd\u0259 \u0259ziyy\u0259t \u00e7\u0259kirl\u0259r.<\/p>\n\n\n\n<p>G\u0259nc\u0259 sakini R\u00fcf\u0259t \u018fsg\u0259rov d\u0259 hadis\u0259 zaman\u0131 evi yarars\u0131z hala d\u00fc\u015f\u0259nl\u0259rd\u0259n biridir.<\/p>\n\n\n\n<p>Onun s\u00f6zl\u0259rin\u0259 g\u00f6r\u0259, raket onun evind\u0259n t\u0259xmin\u0259n 200 metr aral\u0131 d\u00fc\u015f\u00fcb. N\u0259tic\u0259d\u0259 onun da evi da\u011f\u0131l\u0131b. O v\u0259ziyy\u0259td\u0259 evd\u0259 ya\u015famaq m\u00fcmk\u00fcn olmad\u0131\u011f\u0131na g\u00f6r\u0259 m\u0259cbur qal\u0131b, kiray\u0259 qal\u0131b.<\/p>\n\n\n\n<figure class=\"wp-block-image size-full\"><img decoding=\"async\" width=\"1200\" height=\"752\" data-src=\"https:\/\/www.meydan.tv\/wp-content\/uploads\/af05de99-0430-4e00-a54a-600ec41dffbe__1_.jpeg\" alt=\"\" class=\"wp-image-249604 lazyload\" src=\"data:image\/svg+xml;base64,PHN2ZyB3aWR0aD0iMSIgaGVpZ2h0PSIxIiB4bWxucz0iaHR0cDovL3d3dy53My5vcmcvMjAwMC9zdmciPjwvc3ZnPg==\" style=\"--smush-placeholder-width: 1200px; --smush-placeholder-aspect-ratio: 1200\/752;\" \/><figcaption>Foto: Meydan TV<\/figcaption><\/figure>\n\n\n\n<p>R\u00fcf\u0259t \u018fsg\u0259rov da t\u0259mir-b\u0259rpa i\u015fl\u0259rinin l\u0259ng getm\u0259sind\u0259n \u015fikay\u0259t\u00e7idir.<\/p>\n\n\n\n<p>Deyir ki, evi tikib, dam\u0131n\u0131 vurmu\u015fdular, amma bir m\u00fcdd\u0259t \u0259vv\u0259l g\u0259lib s\u00f6k\u00fcbl\u0259r.<\/p>\n\n\n\n<p>Onlara bildirilib ki, i\u015f d\u00fczg\u00fcn g\u00f6r\u00fclm\u0259yib. H\u0259min m\u00fcdd\u0259td\u0259 evin \u00fcst\u00fc a\u00e7\u0131q oldu\u011funa g\u00f6r\u0259 ya\u011fan ya\u011f\u0131\u015f i\u00e7\u0259rid\u0259 olan m\u0259i\u015f\u0259t \u0259\u015fyalar\u0131n\u0131 s\u0131radan \u00e7\u0131xar\u0131b.<\/p>\n\n\n\n<p>D\u00f6vl\u0259t \u015e\u0259h\u0259rsalma v\u0259 Arxitektura Komit\u0259sind\u0259n bildirilib ki, T\u0259z\u0259g\u00fcl \u015eahn\u0259z\u0259rovan\u0131n evi \u00e7ox da\u011f\u0131ld\u0131\u011f\u0131na g\u00f6r\u0259 onun \u0259v\u0259zin\u0259 yeni ev tikilib. \u0130n\u015faat i\u015fl\u0259ri is\u0259 m\u00fclkiyy\u0259t\u00e7inin ist\u0259yin\u0259 uy\u011fun layih\u0259 \u0259sas\u0131nda h\u0259yata ke\u00e7irilib:<\/p>\n\n\n\n<p>\u201cT\u0259z\u0259g\u00fcl \u015eahn\u0259z\u0259rovan\u0131n evi haz\u0131rd\u0131r, sad\u0259c\u0259, tamamlanma i\u015fl\u0259ri qal\u0131b\u201d.<\/p>\n\n\n\n<p>R\u00fcf\u0259t \u018fsg\u0259rovun evi s\u0131ra il\u0259 t\u0259mir edil\u0259nl\u0259rin siyah\u0131s\u0131nda olub. Bu evd\u0259 d\u0259 yax\u0131n zamanlarda t\u0259mirin yekunla\u015fd\u0131r\u0131laca\u011f\u0131 bildirilib.<\/p>\n","protected":false},"excerpt":{"rendered":"<p>&#8220;Kiray\u0259 pulu verilmir, \u0130cra Hakimiyy\u0259ti d\u0259 deyir ki, &#8220;bizlik&#8221; deyil&#8221; &#8230; <\/p>\n<p class=\"read-more-container\"><a title=\"G\u0259nc\u0259d\u0259 da\u011f\u0131nt\u0131lar alt\u0131ndan \u00e7\u0131xar\u0131lan X\u0259dic\u0259nin yax\u0131nlar\u0131 naraz\u0131d\u0131r\" class=\"read-more button\" href=\"https:\/\/www.meydan.tv\/az\/article\/gencede-dagintilar-altindan-cixarilan-xedicenin-yaxinlari-narazidir\/#more-249612\" aria-label=\"Read more about G\u0259nc\u0259d\u0259 da\u011f\u0131nt\u0131lar alt\u0131ndan \u00e7\u0131xar\u0131lan X\u0259dic\u0259nin yax\u0131nlar\u0131 naraz\u0131d\u0131r\">Davam\u0131<\/a><\/p>\n","protected":false},"author":8,"featured_media":249607,"comment_status":"closed","ping_status":"closed","sticky":false,"template":"","format":"standard","meta":{"_acf_changed":false,"_sitemap_exclude":false,"_sitemap_priority":"","_sitemap_frequency":"","footnotes":""},"categories":[60,56],"tags":[],"class_list":["post-249612","post","type-post","status-publish","format-standard","has-post-thumbnail","hentry","category-bolge","category-xeberler","infinite-scroll-item","generate-columns","tablet-grid-50","mobile-grid-100","grid-parent","grid-33","no-featured-image-padding"],"acf":[],"yoast_head":"<!-- This site is optimized with the Yoast SEO plugin v27.5 - https:\/\/yoast.com\/product\/yoast-seo-wordpress\/ -->\n<title>G\u0259nc\u0259d\u0259 da\u011f\u0131nt\u0131lar alt\u0131ndan \u00e7\u0131xar\u0131lan X\u0259dic\u0259nin yax\u0131nlar\u0131 naraz\u0131d\u0131r - MEYDAN.TV<\/title>\n<meta name=\"robots\" content=\"index, follow, max-snippet:-1, max-image-preview:large, max-video-preview:-1\" \/>\n<link rel=\"canonical\" href=\"https:\/\/www.meydan.tv\/az\/article\/gencede-dagintilar-altindan-cixarilan-xedicenin-yaxinlari-narazidir\/\" \/>\n<meta property=\"og:locale\" content=\"az_AZ\" \/>\n<meta property=\"og:type\" content=\"article\" \/>\n<meta property=\"og:title\" content=\"G\u0259nc\u0259d\u0259 da\u011f\u0131nt\u0131lar alt\u0131ndan \u00e7\u0131xar\u0131lan X\u0259dic\u0259nin yax\u0131nlar\u0131 naraz\u0131d\u0131r - MEYDAN.TV\" \/>\n<meta property=\"og:description\" content=\"&#8220;Kiray\u0259 pulu verilmir, \u0130cra Hakimiyy\u0259ti d\u0259 deyir ki, &#8220;bizlik&#8221; deyil&#8221; ... Davam\u0131\" \/>\n<meta property=\"og:url\" content=\"https:\/\/www.meydan.tv\/az\/article\/gencede-dagintilar-altindan-cixarilan-xedicenin-yaxinlari-narazidir\/\" \/>\n<meta property=\"og:site_name\" content=\"MEYDAN.TV\" \/>\n<meta property=\"article:published_time\" content=\"2022-06-29T10:03:21+00:00\" \/>\n<meta property=\"article:modified_time\" content=\"2022-06-29T10:03:23+00:00\" \/>\n<meta property=\"og:image\" content=\"https:\/\/www.meydan.tv\/wp-content\/uploads\/1a30fc89-b418-408c-a139-f1896e97784f.jpeg\" \/>\n\t<meta property=\"og:image:width\" content=\"1200\" \/>\n\t<meta property=\"og:image:height\" content=\"809\" \/>\n\t<meta property=\"og:image:type\" content=\"image\/jpeg\" \/>\n<meta name=\"author\" content=\"elli\" \/>\n<meta name=\"twitter:card\" content=\"summary_large_image\" \/>\n<meta name=\"twitter:creator\" content=\"@elli\" \/>\n<script type=\"application\/ld+json\" class=\"yoast-schema-graph\">{\"@context\":\"https:\\\/\\\/schema.org\",\"@graph\":[{\"@type\":\"Article\",\"@id\":\"https:\\\/\\\/www.meydan.tv\\\/az\\\/article\\\/gencede-dagintilar-altindan-cixarilan-xedicenin-yaxinlari-narazidir\\\/#article\",\"isPartOf\":{\"@id\":\"https:\\\/\\\/www.meydan.tv\\\/az\\\/article\\\/gencede-dagintilar-altindan-cixarilan-xedicenin-yaxinlari-narazidir\\\/\"},\"author\":{\"name\":\"elli\",\"@id\":\"https:\\\/\\\/www.meydan.tv\\\/az\\\/#\\\/schema\\\/person\\\/9cdbecf90d17180ce1dfbd95b08dcf47\"},\"headline\":\"G\u0259nc\u0259d\u0259 da\u011f\u0131nt\u0131lar alt\u0131ndan \u00e7\u0131xar\u0131lan X\u0259dic\u0259nin yax\u0131nlar\u0131 naraz\u0131d\u0131r\",\"datePublished\":\"2022-06-29T10:03:21+00:00\",\"dateModified\":\"2022-06-29T10:03:23+00:00\",\"mainEntityOfPage\":{\"@id\":\"https:\\\/\\\/www.meydan.tv\\\/az\\\/article\\\/gencede-dagintilar-altindan-cixarilan-xedicenin-yaxinlari-narazidir\\\/\"},\"wordCount\":900,\"publisher\":{\"@id\":\"https:\\\/\\\/www.meydan.tv\\\/az\\\/#organization\"},\"image\":{\"@id\":\"https:\\\/\\\/www.meydan.tv\\\/az\\\/article\\\/gencede-dagintilar-altindan-cixarilan-xedicenin-yaxinlari-narazidir\\\/#primaryimage\"},\"thumbnailUrl\":\"https:\\\/\\\/www.meydan.tv\\\/wp-content\\\/uploads\\\/1a30fc89-b418-408c-a139-f1896e97784f.jpeg\",\"articleSection\":[\"B\u00f6lg\u0259\",\"X\u0259b\u0259rl\u0259r\"],\"inLanguage\":\"az\"},{\"@type\":\"WebPage\",\"@id\":\"https:\\\/\\\/www.meydan.tv\\\/az\\\/article\\\/gencede-dagintilar-altindan-cixarilan-xedicenin-yaxinlari-narazidir\\\/\",\"url\":\"https:\\\/\\\/www.meydan.tv\\\/az\\\/article\\\/gencede-dagintilar-altindan-cixarilan-xedicenin-yaxinlari-narazidir\\\/\",\"name\":\"G\u0259nc\u0259d\u0259 da\u011f\u0131nt\u0131lar alt\u0131ndan \u00e7\u0131xar\u0131lan X\u0259dic\u0259nin yax\u0131nlar\u0131 naraz\u0131d\u0131r - MEYDAN.TV\",\"isPartOf\":{\"@id\":\"https:\\\/\\\/www.meydan.tv\\\/az\\\/#website\"},\"primaryImageOfPage\":{\"@id\":\"https:\\\/\\\/www.meydan.tv\\\/az\\\/article\\\/gencede-dagintilar-altindan-cixarilan-xedicenin-yaxinlari-narazidir\\\/#primaryimage\"},\"image\":{\"@id\":\"https:\\\/\\\/www.meydan.tv\\\/az\\\/article\\\/gencede-dagintilar-altindan-cixarilan-xedicenin-yaxinlari-narazidir\\\/#primaryimage\"},\"thumbnailUrl\":\"https:\\\/\\\/www.meydan.tv\\\/wp-content\\\/uploads\\\/1a30fc89-b418-408c-a139-f1896e97784f.jpeg\",\"datePublished\":\"2022-06-29T10:03:21+00:00\",\"dateModified\":\"2022-06-29T10:03:23+00:00\",\"breadcrumb\":{\"@id\":\"https:\\\/\\\/www.meydan.tv\\\/az\\\/article\\\/gencede-dagintilar-altindan-cixarilan-xedicenin-yaxinlari-narazidir\\\/#breadcrumb\"},\"inLanguage\":\"az\",\"potentialAction\":[{\"@type\":\"ReadAction\",\"target\":[\"https:\\\/\\\/www.meydan.tv\\\/az\\\/article\\\/gencede-dagintilar-altindan-cixarilan-xedicenin-yaxinlari-narazidir\\\/\"]}]},{\"@type\":\"ImageObject\",\"inLanguage\":\"az\",\"@id\":\"https:\\\/\\\/www.meydan.tv\\\/az\\\/article\\\/gencede-dagintilar-altindan-cixarilan-xedicenin-yaxinlari-narazidir\\\/#primaryimage\",\"url\":\"https:\\\/\\\/www.meydan.tv\\\/wp-content\\\/uploads\\\/1a30fc89-b418-408c-a139-f1896e97784f.jpeg\",\"contentUrl\":\"https:\\\/\\\/www.meydan.tv\\\/wp-content\\\/uploads\\\/1a30fc89-b418-408c-a139-f1896e97784f.jpeg\",\"width\":1200,\"height\":809,\"caption\":\"Foto: Meydan TV\"},{\"@type\":\"BreadcrumbList\",\"@id\":\"https:\\\/\\\/www.meydan.tv\\\/az\\\/article\\\/gencede-dagintilar-altindan-cixarilan-xedicenin-yaxinlari-narazidir\\\/#breadcrumb\",\"itemListElement\":[{\"@type\":\"ListItem\",\"position\":1,\"name\":\"Ana s\u0259hif\u0259\",\"item\":\"https:\\\/\\\/www.meydan.tv\\\/az\\\/\"},{\"@type\":\"ListItem\",\"position\":2,\"name\":\"B\u00f6lg\u0259\",\"item\":\"https:\\\/\\\/www.meydan.tv\\\/az\\\/section\\\/bolge\\\/\"},{\"@type\":\"ListItem\",\"position\":3,\"name\":\"G\u0259nc\u0259d\u0259 da\u011f\u0131nt\u0131lar alt\u0131ndan \u00e7\u0131xar\u0131lan X\u0259dic\u0259nin yax\u0131nlar\u0131 naraz\u0131d\u0131r\"}]},{\"@type\":\"WebSite\",\"@id\":\"https:\\\/\\\/www.meydan.tv\\\/az\\\/#website\",\"url\":\"https:\\\/\\\/www.meydan.tv\\\/az\\\/\",\"name\":\"MEYDAN.TV\",\"description\":\"Meydan TV Az\u0259rbaycan\u0131n media m\u0259kan\u0131ndak\u0131 alternativ s\u0259sidir\",\"publisher\":{\"@id\":\"https:\\\/\\\/www.meydan.tv\\\/az\\\/#organization\"},\"potentialAction\":[{\"@type\":\"SearchAction\",\"target\":{\"@type\":\"EntryPoint\",\"urlTemplate\":\"https:\\\/\\\/www.meydan.tv\\\/az\\\/?s={search_term_string}\"},\"query-input\":{\"@type\":\"PropertyValueSpecification\",\"valueRequired\":true,\"valueName\":\"search_term_string\"}}],\"inLanguage\":\"az\"},{\"@type\":\"Organization\",\"@id\":\"https:\\\/\\\/www.meydan.tv\\\/az\\\/#organization\",\"name\":\"Meydan TV\",\"url\":\"https:\\\/\\\/www.meydan.tv\\\/az\\\/\",\"logo\":{\"@type\":\"ImageObject\",\"inLanguage\":\"az\",\"@id\":\"https:\\\/\\\/www.meydan.tv\\\/az\\\/#\\\/schema\\\/logo\\\/image\\\/\",\"url\":\"https:\\\/\\\/www.meydan.tv\\\/wp-content\\\/uploads\\\/2021\\\/07\\\/meydan-logo.svg\",\"contentUrl\":\"https:\\\/\\\/www.meydan.tv\\\/wp-content\\\/uploads\\\/2021\\\/07\\\/meydan-logo.svg\",\"width\":195,\"height\":46,\"caption\":\"Meydan TV\"},\"image\":{\"@id\":\"https:\\\/\\\/www.meydan.tv\\\/az\\\/#\\\/schema\\\/logo\\\/image\\\/\"}},{\"@type\":\"Person\",\"@id\":\"https:\\\/\\\/www.meydan.tv\\\/az\\\/#\\\/schema\\\/person\\\/9cdbecf90d17180ce1dfbd95b08dcf47\",\"name\":\"elli\",\"sameAs\":[\"https:\\\/\\\/x.com\\\/elli\"]}]}<\/script>\n<!-- \/ Yoast SEO plugin. -->","yoast_head_json":{"title":"G\u0259nc\u0259d\u0259 da\u011f\u0131nt\u0131lar alt\u0131ndan \u00e7\u0131xar\u0131lan X\u0259dic\u0259nin yax\u0131nlar\u0131 naraz\u0131d\u0131r - MEYDAN.TV","robots":{"index":"index","follow":"follow","max-snippet":"max-snippet:-1","max-image-preview":"max-image-preview:large","max-video-preview":"max-video-preview:-1"},"canonical":"https:\/\/www.meydan.tv\/az\/article\/gencede-dagintilar-altindan-cixarilan-xedicenin-yaxinlari-narazidir\/","og_locale":"az_AZ","og_type":"article","og_title":"G\u0259nc\u0259d\u0259 da\u011f\u0131nt\u0131lar alt\u0131ndan \u00e7\u0131xar\u0131lan X\u0259dic\u0259nin yax\u0131nlar\u0131 naraz\u0131d\u0131r - MEYDAN.TV","og_description":"&#8220;Kiray\u0259 pulu verilmir, \u0130cra Hakimiyy\u0259ti d\u0259 deyir ki, &#8220;bizlik&#8221; deyil&#8221; ... Davam\u0131","og_url":"https:\/\/www.meydan.tv\/az\/article\/gencede-dagintilar-altindan-cixarilan-xedicenin-yaxinlari-narazidir\/","og_site_name":"MEYDAN.TV","article_published_time":"2022-06-29T10:03:21+00:00","article_modified_time":"2022-06-29T10:03:23+00:00","og_image":[{"width":1200,"height":809,"url":"https:\/\/www.meydan.tv\/wp-content\/uploads\/1a30fc89-b418-408c-a139-f1896e97784f.jpeg","type":"image\/jpeg"}],"author":"elli","twitter_card":"summary_large_image","twitter_creator":"@elli","schema":{"@context":"https:\/\/schema.org","@graph":[{"@type":"Article","@id":"https:\/\/www.meydan.tv\/az\/article\/gencede-dagintilar-altindan-cixarilan-xedicenin-yaxinlari-narazidir\/#article","isPartOf":{"@id":"https:\/\/www.meydan.tv\/az\/article\/gencede-dagintilar-altindan-cixarilan-xedicenin-yaxinlari-narazidir\/"},"author":{"name":"elli","@id":"https:\/\/www.meydan.tv\/az\/#\/schema\/person\/9cdbecf90d17180ce1dfbd95b08dcf47"},"headline":"G\u0259nc\u0259d\u0259 da\u011f\u0131nt\u0131lar alt\u0131ndan \u00e7\u0131xar\u0131lan X\u0259dic\u0259nin yax\u0131nlar\u0131 naraz\u0131d\u0131r","datePublished":"2022-06-29T10:03:21+00:00","dateModified":"2022-06-29T10:03:23+00:00","mainEntityOfPage":{"@id":"https:\/\/www.meydan.tv\/az\/article\/gencede-dagintilar-altindan-cixarilan-xedicenin-yaxinlari-narazidir\/"},"wordCount":900,"publisher":{"@id":"https:\/\/www.meydan.tv\/az\/#organization"},"image":{"@id":"https:\/\/www.meydan.tv\/az\/article\/gencede-dagintilar-altindan-cixarilan-xedicenin-yaxinlari-narazidir\/#primaryimage"},"thumbnailUrl":"https:\/\/www.meydan.tv\/wp-content\/uploads\/1a30fc89-b418-408c-a139-f1896e97784f.jpeg","articleSection":["B\u00f6lg\u0259","X\u0259b\u0259rl\u0259r"],"inLanguage":"az"},{"@type":"WebPage","@id":"https:\/\/www.meydan.tv\/az\/article\/gencede-dagintilar-altindan-cixarilan-xedicenin-yaxinlari-narazidir\/","url":"https:\/\/www.meydan.tv\/az\/article\/gencede-dagintilar-altindan-cixarilan-xedicenin-yaxinlari-narazidir\/","name":"G\u0259nc\u0259d\u0259 da\u011f\u0131nt\u0131lar alt\u0131ndan \u00e7\u0131xar\u0131lan X\u0259dic\u0259nin yax\u0131nlar\u0131 naraz\u0131d\u0131r - MEYDAN.TV","isPartOf":{"@id":"https:\/\/www.meydan.tv\/az\/#website"},"primaryImageOfPage":{"@id":"https:\/\/www.meydan.tv\/az\/article\/gencede-dagintilar-altindan-cixarilan-xedicenin-yaxinlari-narazidir\/#primaryimage"},"image":{"@id":"https:\/\/www.meydan.tv\/az\/article\/gencede-dagintilar-altindan-cixarilan-xedicenin-yaxinlari-narazidir\/#primaryimage"},"thumbnailUrl":"https:\/\/www.meydan.tv\/wp-content\/uploads\/1a30fc89-b418-408c-a139-f1896e97784f.jpeg","datePublished":"2022-06-29T10:03:21+00:00","dateModified":"2022-06-29T10:03:23+00:00","breadcrumb":{"@id":"https:\/\/www.meydan.tv\/az\/article\/gencede-dagintilar-altindan-cixarilan-xedicenin-yaxinlari-narazidir\/#breadcrumb"},"inLanguage":"az","potentialAction":[{"@type":"ReadAction","target":["https:\/\/www.meydan.tv\/az\/article\/gencede-dagintilar-altindan-cixarilan-xedicenin-yaxinlari-narazidir\/"]}]},{"@type":"ImageObject","inLanguage":"az","@id":"https:\/\/www.meydan.tv\/az\/article\/gencede-dagintilar-altindan-cixarilan-xedicenin-yaxinlari-narazidir\/#primaryimage","url":"https:\/\/www.meydan.tv\/wp-content\/uploads\/1a30fc89-b418-408c-a139-f1896e97784f.jpeg","contentUrl":"https:\/\/www.meydan.tv\/wp-content\/uploads\/1a30fc89-b418-408c-a139-f1896e97784f.jpeg","width":1200,"height":809,"caption":"Foto: Meydan TV"},{"@type":"BreadcrumbList","@id":"https:\/\/www.meydan.tv\/az\/article\/gencede-dagintilar-altindan-cixarilan-xedicenin-yaxinlari-narazidir\/#breadcrumb","itemListElement":[{"@type":"ListItem","position":1,"name":"Ana s\u0259hif\u0259","item":"https:\/\/www.meydan.tv\/az\/"},{"@type":"ListItem","position":2,"name":"B\u00f6lg\u0259","item":"https:\/\/www.meydan.tv\/az\/section\/bolge\/"},{"@type":"ListItem","position":3,"name":"G\u0259nc\u0259d\u0259 da\u011f\u0131nt\u0131lar alt\u0131ndan \u00e7\u0131xar\u0131lan X\u0259dic\u0259nin yax\u0131nlar\u0131 naraz\u0131d\u0131r"}]},{"@type":"WebSite","@id":"https:\/\/www.meydan.tv\/az\/#website","url":"https:\/\/www.meydan.tv\/az\/","name":"MEYDAN.TV","description":"Meydan TV Az\u0259rbaycan\u0131n media m\u0259kan\u0131ndak\u0131 alternativ s\u0259sidir","publisher":{"@id":"https:\/\/www.meydan.tv\/az\/#organization"},"potentialAction":[{"@type":"SearchAction","target":{"@type":"EntryPoint","urlTemplate":"https:\/\/www.meydan.tv\/az\/?s={search_term_string}"},"query-input":{"@type":"PropertyValueSpecification","valueRequired":true,"valueName":"search_term_string"}}],"inLanguage":"az"},{"@type":"Organization","@id":"https:\/\/www.meydan.tv\/az\/#organization","name":"Meydan TV","url":"https:\/\/www.meydan.tv\/az\/","logo":{"@type":"ImageObject","inLanguage":"az","@id":"https:\/\/www.meydan.tv\/az\/#\/schema\/logo\/image\/","url":"https:\/\/www.meydan.tv\/wp-content\/uploads\/2021\/07\/meydan-logo.svg","contentUrl":"https:\/\/www.meydan.tv\/wp-content\/uploads\/2021\/07\/meydan-logo.svg","width":195,"height":46,"caption":"Meydan TV"},"image":{"@id":"https:\/\/www.meydan.tv\/az\/#\/schema\/logo\/image\/"}},{"@type":"Person","@id":"https:\/\/www.meydan.tv\/az\/#\/schema\/person\/9cdbecf90d17180ce1dfbd95b08dcf47","name":"elli","sameAs":["https:\/\/x.com\/elli"]}]}},"_links":{"self":[{"href":"https:\/\/www.meydan.tv\/az\/wp-json\/wp\/v2\/posts\/249612","targetHints":{"allow":["GET"]}}],"collection":[{"href":"https:\/\/www.meydan.tv\/az\/wp-json\/wp\/v2\/posts"}],"about":[{"href":"https:\/\/www.meydan.tv\/az\/wp-json\/wp\/v2\/types\/post"}],"author":[{"embeddable":true,"href":"https:\/\/www.meydan.tv\/az\/wp-json\/wp\/v2\/users\/8"}],"replies":[{"embeddable":true,"href":"https:\/\/www.meydan.tv\/az\/wp-json\/wp\/v2\/comments?post=249612"}],"version-history":[{"count":1,"href":"https:\/\/www.meydan.tv\/az\/wp-json\/wp\/v2\/posts\/249612\/revisions"}],"predecessor-version":[{"id":249613,"href":"https:\/\/www.meydan.tv\/az\/wp-json\/wp\/v2\/posts\/249612\/revisions\/249613"}],"wp:featuredmedia":[{"embeddable":true,"href":"https:\/\/www.meydan.tv\/az\/wp-json\/wp\/v2\/media\/249607"}],"wp:attachment":[{"href":"https:\/\/www.meydan.tv\/az\/wp-json\/wp\/v2\/media?parent=249612"}],"wp:term":[{"taxonomy":"category","embeddable":true,"href":"https:\/\/www.meydan.tv\/az\/wp-json\/wp\/v2\/categories?post=249612"},{"taxonomy":"post_tag","embeddable":true,"href":"https:\/\/www.meydan.tv\/az\/wp-json\/wp\/v2\/tags?post=249612"}],"curies":[{"name":"wp","href":"https:\/\/api.w.org\/{rel}","templated":true}]}}