{"id":249590,"date":"2022-06-29T13:06:39","date_gmt":"2022-06-29T09:06:39","guid":{"rendered":"https:\/\/www.meydan.tv\/?p=249590"},"modified":"2022-06-29T13:06:40","modified_gmt":"2022-06-29T09:06:40","slug":"kelbehuseynli-sakini-yonca-sahelerimiz-susuzluqdan-cadar-cadar-olub","status":"publish","type":"post","link":"https:\/\/www.meydan.tv\/az\/article\/kelbehuseynli-sakini-yonca-sahelerimiz-susuzluqdan-cadar-cadar-olub\/","title":{"rendered":"K\u0259lb\u0259h\u00fcseynli sakini: &#8220;Yonca sah\u0259l\u0259rimiz susuzluqdan cadar-cadar olub&#8221;"},"content":{"rendered":"\n<p><em>\u201cKim pul verirs\u0259, ona su verilir\u201d<\/em><\/p>\n\n\n\n<p>\u201c\u0130l yar\u0131 olub, ilin \u0259vv\u0259li \u0259kdiyim yoncan\u0131 vur-tut iki d\u0259f\u0259 suvara bilmi\u015f\u0259m. Torpaq susuzluqdan cadar-cadar olub, yoncalar yan\u0131b. Sah\u0259ni suvarmaq \u00fc\u00e7\u00fcn g\u0259r\u0259k ya hans\u0131sa qurumda adam\u0131n ola, z\u0259ng el\u0259tdir\u0259s\u0259n, ya da g\u0259r\u0259k \u015f\u0259hid ail\u0259si olasan. El\u0259 qazil\u0259r d\u0259 ora-bura \u015fikay\u0259t etm\u0259sin dey\u0259 sah\u0259l\u0259rin\u0259 su verilir\u201d.<\/p>\n\n\n\n<p>A\u011fdam\u0131n X\u0131nd\u0131r\u0131stan q\u0259s\u0259b\u0259sinin K\u0259lb\u0259h\u00fcseynli k\u0259nd sakini M\u00fc\u015ffiq Ab\u0131\u015fov \u00f6t\u0259n il 600 manat x\u0259rc \u00e7\u0259k\u0259r\u0259k yonca \u0259kib.<\/p>\n\n\n\n<p>Deyir ki, ilin \u0259vv\u0259lind\u0259n indiy\u0259d\u0259k yonca sah\u0259sini c\u0259mi iki d\u0259f\u0259 suvara bilib. \u00c7\u0259kdiyi x\u0259rcd\u0259n he\u00e7 bir manat da qazanc g\u00f6t\u00fcr\u0259 bilm\u0259yib.<\/p>\n\n\n\n<p><strong>\u201cB\u0259rab\u0259rlik qorunmur\u201d<\/strong><\/p>\n\n\n\n<p>M\u00fc\u015ffiq Ab\u0131\u015fovun s\u00f6zl\u0259rin\u0259 g\u00f6r\u0259, yonca sah\u0259si ayda iki d\u0259f\u0259 suvar\u0131lmal\u0131d\u0131r. Ancaq A\u011fdam rayon Suvarma Sisteml\u0259ri \u0130dar\u0259si \u015f\u0259rait yaratm\u0131r:<\/p>\n\n\n\n<p>\u201cBizim k\u0259ndin 400 hektar \u0259kin sah\u0259si var. H\u0259r 60 hektar \u0259kin yerin\u0259 bir artezian d\u00fc\u015f\u00fcr. C\u0259mi d\u00f6rd artezian\u0131m\u0131z var. Milyonlarla x\u0259rc \u00e7\u0259kib Qaraba\u011f su kanal\u0131ndan A\u011fdam\u0131n \u0259kin sah\u0259l\u0259ri \u00fc\u00e7\u00fcn su k\u0259m\u0259rl\u0259ri \u00e7\u0259kibl\u0259r. Ancaq suvarma m\u0259s\u0259l\u0259sind\u0259 b\u0259rab\u0259r b\u00f6lg\u00fc yoxdur. Biri sah\u0259sini h\u0259ft\u0259d\u0259 iki d\u0259f\u0259 suvara bil\u0259r, biri aylarla suvara bilm\u0259z. Bu problem t\u0259k m\u0259n\u0259 aid deyil, g\u0259lin sah\u0259l\u0259r\u0259, k\u0259ndlil\u0259rin n\u0259 z\u00fclm \u00e7\u0259kdiyini \u00f6z\u00fcn\u00fcz g\u00f6r\u00fcn\u201d.<\/p>\n\n\n\n<p><strong>\u201cKim pul verirs\u0259, ona su verirl\u0259r\u201d<\/strong><\/p>\n\n\n\n<p>K\u0259ndli deyir, g\u00fcnd\u00fczl\u0259r 10-12 saat \u0259rzind\u0259 veril\u0259n su el\u0259 vaxta\u015f\u0131r\u0131 suvar\u0131lan sah\u0259l\u0259r\u0259 ax\u0131d\u0131l\u0131r. Sah\u0259l\u0259ri susuz qalan k\u0259ndlil\u0259r rayonun Suvarma Sisteml\u0259ri \u0130dar\u0259sin\u0259 m\u00fcraci\u0259t edibl\u0259r ki, he\u00e7 olmasa, gec\u0259l\u0259r onlara da n\u00f6vb\u0259 verilsin:<br><\/p>\n\n\n\n<p>\u201cAx\u015fam olanda artezianlar\u0131 ba\u011flay\u0131rlar. Biz\u0259 su vermirl\u0259r. Kim pul verirs\u0259, kimin adam\u0131 varsa, suyu ona verirl\u0259r. Bu d\u0259qiq\u0259 g\u0259ls\u0259niz, apararam, \u00f6z\u00fcn\u00fcz g\u00f6r\u0259rsiniz ki, eyni adamlar\u0131n sah\u0259l\u0259ri suvar\u0131l\u0131r. Adam\u0131 olmayanlar da yanan \u0259kin sah\u0259l\u0259rin\u0259 baxa-baxa qal\u0131rlar. Deyirik, bir halda ki, biz\u0259 g\u00fcnd\u00fcz n\u00f6vb\u0259 \u00e7atm\u0131r, he\u00e7 olmasa, gec\u0259l\u0259r suyu burax\u0131n, biz d\u0259 sah\u0259l\u0259rimizi suvara bil\u0259k. Deyirl\u0259r ki, olmaz\u201d.<\/p>\n\n\n\n<p><strong>&#8220;D\u00f6vl\u0259t milyonlarla pul ay\u0131r\u0131b\u2026&#8221;<\/strong><\/p>\n\n\n\n<p>K\u0259ndlil\u0259rin ist\u0259diyi odur ki, sah\u0259l\u0259r b\u0259rab\u0259r qaydada suvar\u0131ls\u0131n v\u0259 ham\u0131 m\u0259hsul g\u00f6t\u00fcr\u0259 bilsin: <\/p>\n\n\n\n<p>\u201cAx\u0131 bu borular k\u0259ndin \u0259kin sah\u0259sin\u0259 xalqdan al\u0131nan vergil\u0259rl\u0259 \u00e7\u0259kilib. He\u00e7 k\u0259s o borular\u0131 \u00f6z cibinin puluyla \u00e7\u0259km\u0259yib ki, birin\u0259 su ver\u0259l\u0259r, o birin\u0259 yox\u2026 D\u00f6vl\u0259t milyonlarla pul ay\u0131r\u0131b ki, k\u0259ndli sah\u0259ni suvar\u0131b m\u0259hsul g\u00f6t\u00fcrs\u00fcn, ail\u0259sini doland\u0131rs\u0131n. 1 hektar sah\u0259m susuzluqdan yan\u0131r, h\u0259rt\u0259r\u0259fli z\u0259r\u0259r \u00e7\u0259kir\u0259m. O yoncan\u0131 y\u0131\u011fsam, h\u0259m \u00f6z heyvanlar\u0131m\u0131n yemin\u0259 pul x\u0259rcl\u0259m\u0259r\u0259m, h\u0259m d\u0259 sat\u0131b dolan\u0131\u015f\u0131q ed\u0259r\u0259m. O suyu da sah\u0259y\u0259 pulsuz buraxm\u0131rlar, 15 manat pul \u00f6d\u0259yirik. Bununla bel\u0259, su vermirl\u0259r\u201d.<\/p>\n\n\n\n<p><strong>Suvarma Sisteml\u0259ri \u0130dar\u0259si: &#8220;B\u00fct\u00fcn sah\u0259l\u0259r n\u00f6vb\u0259li qaydada suvar\u0131l\u0131r&#8221;<\/strong><\/p>\n\n\n\n<p>A\u011fdam Rayon Suvarma Sisteml\u0259ri \u0130dar\u0259sinin m\u00fcdir m\u00fcavini El\u015f\u0259n H\u00fcseynovsa k\u0259ndlil\u0259rin \u015fikay\u0259tini \u0259sass\u0131z hesab edir: <\/p>\n\n\n\n<p>\u201cBel\u0259 bir m\u0259s\u0259l\u0259 m\u00fcmk\u00fcn deyil, b\u00fct\u00fcn sah\u0259l\u0259r n\u00f6vb\u0259li qaydada suvar\u0131l\u0131r. Biz yen\u0259 d\u0259 sah\u0259y\u0259 i\u015f\u00e7i g\u00f6nd\u0259rib ara\u015fd\u0131rar\u0131q\u201d.<br><\/p>\n\n\n\n<p>M\u00fc\u015ffiq Ab\u0131\u015fovsa deyir ki, El\u015f\u0259n H\u00fcseynovun dediyi n\u00f6vb\u0259li qayda yaln\u0131z pamb\u0131q sah\u0259l\u0259rin\u0259 aiddir, dig\u0259r \u0259kin sah\u0259l\u0259rind\u0259 n\u00f6vb\u0259lilik prinsipi yoxdur.<\/p>\n","protected":false},"excerpt":{"rendered":"<p>\u201cKim pul verirs\u0259, ona su verilir\u201d \u201c\u0130l yar\u0131 olub, ilin &#8230; <\/p>\n<p class=\"read-more-container\"><a title=\"K\u0259lb\u0259h\u00fcseynli sakini: &#8220;Yonca sah\u0259l\u0259rimiz susuzluqdan cadar-cadar olub&#8221;\" class=\"read-more button\" href=\"https:\/\/www.meydan.tv\/az\/article\/kelbehuseynli-sakini-yonca-sahelerimiz-susuzluqdan-cadar-cadar-olub\/#more-249590\" aria-label=\"Read more about K\u0259lb\u0259h\u00fcseynli sakini: &#8220;Yonca sah\u0259l\u0259rimiz susuzluqdan cadar-cadar olub&#8221;\">Davam\u0131<\/a><\/p>\n","protected":false},"author":8,"featured_media":249586,"comment_status":"closed","ping_status":"closed","sticky":false,"template":"","format":"standard","meta":{"_acf_changed":false,"_sitemap_exclude":false,"_sitemap_priority":"","_sitemap_frequency":"","footnotes":""},"categories":[60,79,56],"tags":[],"class_list":["post-249590","post","type-post","status-publish","format-standard","has-post-thumbnail","hentry","category-bolge","category-featured","category-xeberler","infinite-scroll-item","generate-columns","tablet-grid-50","mobile-grid-100","grid-parent","grid-33","no-featured-image-padding"],"acf":[],"yoast_head":"<!-- This site is optimized with the Yoast SEO plugin v27.5 - https:\/\/yoast.com\/product\/yoast-seo-wordpress\/ -->\n<title>K\u0259lb\u0259h\u00fcseynli sakini: &quot;Yonca sah\u0259l\u0259rimiz susuzluqdan cadar-cadar olub&quot; - MEYDAN.TV<\/title>\n<meta name=\"robots\" content=\"index, follow, max-snippet:-1, max-image-preview:large, max-video-preview:-1\" \/>\n<link rel=\"canonical\" href=\"https:\/\/www.meydan.tv\/az\/article\/kelbehuseynli-sakini-yonca-sahelerimiz-susuzluqdan-cadar-cadar-olub\/\" \/>\n<meta property=\"og:locale\" content=\"az_AZ\" \/>\n<meta property=\"og:type\" content=\"article\" \/>\n<meta property=\"og:title\" content=\"K\u0259lb\u0259h\u00fcseynli sakini: &quot;Yonca sah\u0259l\u0259rimiz susuzluqdan cadar-cadar olub&quot; - MEYDAN.TV\" \/>\n<meta property=\"og:description\" content=\"\u201cKim pul verirs\u0259, ona su verilir\u201d \u201c\u0130l yar\u0131 olub, ilin ... Davam\u0131\" \/>\n<meta property=\"og:url\" content=\"https:\/\/www.meydan.tv\/az\/article\/kelbehuseynli-sakini-yonca-sahelerimiz-susuzluqdan-cadar-cadar-olub\/\" \/>\n<meta property=\"og:site_name\" content=\"MEYDAN.TV\" \/>\n<meta property=\"article:published_time\" content=\"2022-06-29T09:06:39+00:00\" \/>\n<meta property=\"article:modified_time\" content=\"2022-06-29T09:06:40+00:00\" \/>\n<meta property=\"og:image\" content=\"https:\/\/www.meydan.tv\/wp-content\/uploads\/mushfiq_abishov.jpeg\" \/>\n\t<meta property=\"og:image:width\" content=\"1200\" \/>\n\t<meta property=\"og:image:height\" content=\"1200\" \/>\n\t<meta property=\"og:image:type\" content=\"image\/jpeg\" \/>\n<meta name=\"author\" content=\"elli\" \/>\n<meta name=\"twitter:card\" content=\"summary_large_image\" \/>\n<meta name=\"twitter:creator\" content=\"@elli\" \/>\n<script type=\"application\/ld+json\" class=\"yoast-schema-graph\">{\"@context\":\"https:\\\/\\\/schema.org\",\"@graph\":[{\"@type\":\"Article\",\"@id\":\"https:\\\/\\\/www.meydan.tv\\\/az\\\/article\\\/kelbehuseynli-sakini-yonca-sahelerimiz-susuzluqdan-cadar-cadar-olub\\\/#article\",\"isPartOf\":{\"@id\":\"https:\\\/\\\/www.meydan.tv\\\/az\\\/article\\\/kelbehuseynli-sakini-yonca-sahelerimiz-susuzluqdan-cadar-cadar-olub\\\/\"},\"author\":{\"name\":\"elli\",\"@id\":\"https:\\\/\\\/www.meydan.tv\\\/az\\\/#\\\/schema\\\/person\\\/9cdbecf90d17180ce1dfbd95b08dcf47\"},\"headline\":\"K\u0259lb\u0259h\u00fcseynli sakini: &#8220;Yonca sah\u0259l\u0259rimiz susuzluqdan cadar-cadar olub&#8221;\",\"datePublished\":\"2022-06-29T09:06:39+00:00\",\"dateModified\":\"2022-06-29T09:06:40+00:00\",\"mainEntityOfPage\":{\"@id\":\"https:\\\/\\\/www.meydan.tv\\\/az\\\/article\\\/kelbehuseynli-sakini-yonca-sahelerimiz-susuzluqdan-cadar-cadar-olub\\\/\"},\"wordCount\":702,\"publisher\":{\"@id\":\"https:\\\/\\\/www.meydan.tv\\\/az\\\/#organization\"},\"image\":{\"@id\":\"https:\\\/\\\/www.meydan.tv\\\/az\\\/article\\\/kelbehuseynli-sakini-yonca-sahelerimiz-susuzluqdan-cadar-cadar-olub\\\/#primaryimage\"},\"thumbnailUrl\":\"https:\\\/\\\/www.meydan.tv\\\/wp-content\\\/uploads\\\/mushfiq_abishov.jpeg\",\"articleSection\":[\"B\u00f6lg\u0259\",\"T\u00f6vsiy\u0259\",\"X\u0259b\u0259rl\u0259r\"],\"inLanguage\":\"az\"},{\"@type\":\"WebPage\",\"@id\":\"https:\\\/\\\/www.meydan.tv\\\/az\\\/article\\\/kelbehuseynli-sakini-yonca-sahelerimiz-susuzluqdan-cadar-cadar-olub\\\/\",\"url\":\"https:\\\/\\\/www.meydan.tv\\\/az\\\/article\\\/kelbehuseynli-sakini-yonca-sahelerimiz-susuzluqdan-cadar-cadar-olub\\\/\",\"name\":\"K\u0259lb\u0259h\u00fcseynli sakini: \\\"Yonca sah\u0259l\u0259rimiz susuzluqdan cadar-cadar olub\\\" - MEYDAN.TV\",\"isPartOf\":{\"@id\":\"https:\\\/\\\/www.meydan.tv\\\/az\\\/#website\"},\"primaryImageOfPage\":{\"@id\":\"https:\\\/\\\/www.meydan.tv\\\/az\\\/article\\\/kelbehuseynli-sakini-yonca-sahelerimiz-susuzluqdan-cadar-cadar-olub\\\/#primaryimage\"},\"image\":{\"@id\":\"https:\\\/\\\/www.meydan.tv\\\/az\\\/article\\\/kelbehuseynli-sakini-yonca-sahelerimiz-susuzluqdan-cadar-cadar-olub\\\/#primaryimage\"},\"thumbnailUrl\":\"https:\\\/\\\/www.meydan.tv\\\/wp-content\\\/uploads\\\/mushfiq_abishov.jpeg\",\"datePublished\":\"2022-06-29T09:06:39+00:00\",\"dateModified\":\"2022-06-29T09:06:40+00:00\",\"breadcrumb\":{\"@id\":\"https:\\\/\\\/www.meydan.tv\\\/az\\\/article\\\/kelbehuseynli-sakini-yonca-sahelerimiz-susuzluqdan-cadar-cadar-olub\\\/#breadcrumb\"},\"inLanguage\":\"az\",\"potentialAction\":[{\"@type\":\"ReadAction\",\"target\":[\"https:\\\/\\\/www.meydan.tv\\\/az\\\/article\\\/kelbehuseynli-sakini-yonca-sahelerimiz-susuzluqdan-cadar-cadar-olub\\\/\"]}]},{\"@type\":\"ImageObject\",\"inLanguage\":\"az\",\"@id\":\"https:\\\/\\\/www.meydan.tv\\\/az\\\/article\\\/kelbehuseynli-sakini-yonca-sahelerimiz-susuzluqdan-cadar-cadar-olub\\\/#primaryimage\",\"url\":\"https:\\\/\\\/www.meydan.tv\\\/wp-content\\\/uploads\\\/mushfiq_abishov.jpeg\",\"contentUrl\":\"https:\\\/\\\/www.meydan.tv\\\/wp-content\\\/uploads\\\/mushfiq_abishov.jpeg\",\"width\":1200,\"height\":1200,\"caption\":\"M\u00fc\u015ffiq Ab\u0131\u015fov. Foto: Meydan TV\"},{\"@type\":\"BreadcrumbList\",\"@id\":\"https:\\\/\\\/www.meydan.tv\\\/az\\\/article\\\/kelbehuseynli-sakini-yonca-sahelerimiz-susuzluqdan-cadar-cadar-olub\\\/#breadcrumb\",\"itemListElement\":[{\"@type\":\"ListItem\",\"position\":1,\"name\":\"Ana s\u0259hif\u0259\",\"item\":\"https:\\\/\\\/www.meydan.tv\\\/az\\\/\"},{\"@type\":\"ListItem\",\"position\":2,\"name\":\"B\u00f6lg\u0259\",\"item\":\"https:\\\/\\\/www.meydan.tv\\\/az\\\/section\\\/bolge\\\/\"},{\"@type\":\"ListItem\",\"position\":3,\"name\":\"K\u0259lb\u0259h\u00fcseynli sakini: &#8220;Yonca sah\u0259l\u0259rimiz susuzluqdan cadar-cadar olub&#8221;\"}]},{\"@type\":\"WebSite\",\"@id\":\"https:\\\/\\\/www.meydan.tv\\\/az\\\/#website\",\"url\":\"https:\\\/\\\/www.meydan.tv\\\/az\\\/\",\"name\":\"MEYDAN.TV\",\"description\":\"Meydan TV Az\u0259rbaycan\u0131n media m\u0259kan\u0131ndak\u0131 alternativ s\u0259sidir\",\"publisher\":{\"@id\":\"https:\\\/\\\/www.meydan.tv\\\/az\\\/#organization\"},\"potentialAction\":[{\"@type\":\"SearchAction\",\"target\":{\"@type\":\"EntryPoint\",\"urlTemplate\":\"https:\\\/\\\/www.meydan.tv\\\/az\\\/?s={search_term_string}\"},\"query-input\":{\"@type\":\"PropertyValueSpecification\",\"valueRequired\":true,\"valueName\":\"search_term_string\"}}],\"inLanguage\":\"az\"},{\"@type\":\"Organization\",\"@id\":\"https:\\\/\\\/www.meydan.tv\\\/az\\\/#organization\",\"name\":\"Meydan TV\",\"url\":\"https:\\\/\\\/www.meydan.tv\\\/az\\\/\",\"logo\":{\"@type\":\"ImageObject\",\"inLanguage\":\"az\",\"@id\":\"https:\\\/\\\/www.meydan.tv\\\/az\\\/#\\\/schema\\\/logo\\\/image\\\/\",\"url\":\"https:\\\/\\\/www.meydan.tv\\\/wp-content\\\/uploads\\\/2021\\\/07\\\/meydan-logo.svg\",\"contentUrl\":\"https:\\\/\\\/www.meydan.tv\\\/wp-content\\\/uploads\\\/2021\\\/07\\\/meydan-logo.svg\",\"width\":195,\"height\":46,\"caption\":\"Meydan TV\"},\"image\":{\"@id\":\"https:\\\/\\\/www.meydan.tv\\\/az\\\/#\\\/schema\\\/logo\\\/image\\\/\"}},{\"@type\":\"Person\",\"@id\":\"https:\\\/\\\/www.meydan.tv\\\/az\\\/#\\\/schema\\\/person\\\/9cdbecf90d17180ce1dfbd95b08dcf47\",\"name\":\"elli\",\"sameAs\":[\"https:\\\/\\\/x.com\\\/elli\"]}]}<\/script>\n<!-- \/ Yoast SEO plugin. -->","yoast_head_json":{"title":"K\u0259lb\u0259h\u00fcseynli sakini: \"Yonca sah\u0259l\u0259rimiz susuzluqdan cadar-cadar olub\" - MEYDAN.TV","robots":{"index":"index","follow":"follow","max-snippet":"max-snippet:-1","max-image-preview":"max-image-preview:large","max-video-preview":"max-video-preview:-1"},"canonical":"https:\/\/www.meydan.tv\/az\/article\/kelbehuseynli-sakini-yonca-sahelerimiz-susuzluqdan-cadar-cadar-olub\/","og_locale":"az_AZ","og_type":"article","og_title":"K\u0259lb\u0259h\u00fcseynli sakini: \"Yonca sah\u0259l\u0259rimiz susuzluqdan cadar-cadar olub\" - MEYDAN.TV","og_description":"\u201cKim pul verirs\u0259, ona su verilir\u201d \u201c\u0130l yar\u0131 olub, ilin ... Davam\u0131","og_url":"https:\/\/www.meydan.tv\/az\/article\/kelbehuseynli-sakini-yonca-sahelerimiz-susuzluqdan-cadar-cadar-olub\/","og_site_name":"MEYDAN.TV","article_published_time":"2022-06-29T09:06:39+00:00","article_modified_time":"2022-06-29T09:06:40+00:00","og_image":[{"width":1200,"height":1200,"url":"https:\/\/www.meydan.tv\/wp-content\/uploads\/mushfiq_abishov.jpeg","type":"image\/jpeg"}],"author":"elli","twitter_card":"summary_large_image","twitter_creator":"@elli","schema":{"@context":"https:\/\/schema.org","@graph":[{"@type":"Article","@id":"https:\/\/www.meydan.tv\/az\/article\/kelbehuseynli-sakini-yonca-sahelerimiz-susuzluqdan-cadar-cadar-olub\/#article","isPartOf":{"@id":"https:\/\/www.meydan.tv\/az\/article\/kelbehuseynli-sakini-yonca-sahelerimiz-susuzluqdan-cadar-cadar-olub\/"},"author":{"name":"elli","@id":"https:\/\/www.meydan.tv\/az\/#\/schema\/person\/9cdbecf90d17180ce1dfbd95b08dcf47"},"headline":"K\u0259lb\u0259h\u00fcseynli sakini: &#8220;Yonca sah\u0259l\u0259rimiz susuzluqdan cadar-cadar olub&#8221;","datePublished":"2022-06-29T09:06:39+00:00","dateModified":"2022-06-29T09:06:40+00:00","mainEntityOfPage":{"@id":"https:\/\/www.meydan.tv\/az\/article\/kelbehuseynli-sakini-yonca-sahelerimiz-susuzluqdan-cadar-cadar-olub\/"},"wordCount":702,"publisher":{"@id":"https:\/\/www.meydan.tv\/az\/#organization"},"image":{"@id":"https:\/\/www.meydan.tv\/az\/article\/kelbehuseynli-sakini-yonca-sahelerimiz-susuzluqdan-cadar-cadar-olub\/#primaryimage"},"thumbnailUrl":"https:\/\/www.meydan.tv\/wp-content\/uploads\/mushfiq_abishov.jpeg","articleSection":["B\u00f6lg\u0259","T\u00f6vsiy\u0259","X\u0259b\u0259rl\u0259r"],"inLanguage":"az"},{"@type":"WebPage","@id":"https:\/\/www.meydan.tv\/az\/article\/kelbehuseynli-sakini-yonca-sahelerimiz-susuzluqdan-cadar-cadar-olub\/","url":"https:\/\/www.meydan.tv\/az\/article\/kelbehuseynli-sakini-yonca-sahelerimiz-susuzluqdan-cadar-cadar-olub\/","name":"K\u0259lb\u0259h\u00fcseynli sakini: \"Yonca sah\u0259l\u0259rimiz susuzluqdan cadar-cadar olub\" - MEYDAN.TV","isPartOf":{"@id":"https:\/\/www.meydan.tv\/az\/#website"},"primaryImageOfPage":{"@id":"https:\/\/www.meydan.tv\/az\/article\/kelbehuseynli-sakini-yonca-sahelerimiz-susuzluqdan-cadar-cadar-olub\/#primaryimage"},"image":{"@id":"https:\/\/www.meydan.tv\/az\/article\/kelbehuseynli-sakini-yonca-sahelerimiz-susuzluqdan-cadar-cadar-olub\/#primaryimage"},"thumbnailUrl":"https:\/\/www.meydan.tv\/wp-content\/uploads\/mushfiq_abishov.jpeg","datePublished":"2022-06-29T09:06:39+00:00","dateModified":"2022-06-29T09:06:40+00:00","breadcrumb":{"@id":"https:\/\/www.meydan.tv\/az\/article\/kelbehuseynli-sakini-yonca-sahelerimiz-susuzluqdan-cadar-cadar-olub\/#breadcrumb"},"inLanguage":"az","potentialAction":[{"@type":"ReadAction","target":["https:\/\/www.meydan.tv\/az\/article\/kelbehuseynli-sakini-yonca-sahelerimiz-susuzluqdan-cadar-cadar-olub\/"]}]},{"@type":"ImageObject","inLanguage":"az","@id":"https:\/\/www.meydan.tv\/az\/article\/kelbehuseynli-sakini-yonca-sahelerimiz-susuzluqdan-cadar-cadar-olub\/#primaryimage","url":"https:\/\/www.meydan.tv\/wp-content\/uploads\/mushfiq_abishov.jpeg","contentUrl":"https:\/\/www.meydan.tv\/wp-content\/uploads\/mushfiq_abishov.jpeg","width":1200,"height":1200,"caption":"M\u00fc\u015ffiq Ab\u0131\u015fov. Foto: Meydan TV"},{"@type":"BreadcrumbList","@id":"https:\/\/www.meydan.tv\/az\/article\/kelbehuseynli-sakini-yonca-sahelerimiz-susuzluqdan-cadar-cadar-olub\/#breadcrumb","itemListElement":[{"@type":"ListItem","position":1,"name":"Ana s\u0259hif\u0259","item":"https:\/\/www.meydan.tv\/az\/"},{"@type":"ListItem","position":2,"name":"B\u00f6lg\u0259","item":"https:\/\/www.meydan.tv\/az\/section\/bolge\/"},{"@type":"ListItem","position":3,"name":"K\u0259lb\u0259h\u00fcseynli sakini: &#8220;Yonca sah\u0259l\u0259rimiz susuzluqdan cadar-cadar olub&#8221;"}]},{"@type":"WebSite","@id":"https:\/\/www.meydan.tv\/az\/#website","url":"https:\/\/www.meydan.tv\/az\/","name":"MEYDAN.TV","description":"Meydan TV Az\u0259rbaycan\u0131n media m\u0259kan\u0131ndak\u0131 alternativ s\u0259sidir","publisher":{"@id":"https:\/\/www.meydan.tv\/az\/#organization"},"potentialAction":[{"@type":"SearchAction","target":{"@type":"EntryPoint","urlTemplate":"https:\/\/www.meydan.tv\/az\/?s={search_term_string}"},"query-input":{"@type":"PropertyValueSpecification","valueRequired":true,"valueName":"search_term_string"}}],"inLanguage":"az"},{"@type":"Organization","@id":"https:\/\/www.meydan.tv\/az\/#organization","name":"Meydan TV","url":"https:\/\/www.meydan.tv\/az\/","logo":{"@type":"ImageObject","inLanguage":"az","@id":"https:\/\/www.meydan.tv\/az\/#\/schema\/logo\/image\/","url":"https:\/\/www.meydan.tv\/wp-content\/uploads\/2021\/07\/meydan-logo.svg","contentUrl":"https:\/\/www.meydan.tv\/wp-content\/uploads\/2021\/07\/meydan-logo.svg","width":195,"height":46,"caption":"Meydan TV"},"image":{"@id":"https:\/\/www.meydan.tv\/az\/#\/schema\/logo\/image\/"}},{"@type":"Person","@id":"https:\/\/www.meydan.tv\/az\/#\/schema\/person\/9cdbecf90d17180ce1dfbd95b08dcf47","name":"elli","sameAs":["https:\/\/x.com\/elli"]}]}},"_links":{"self":[{"href":"https:\/\/www.meydan.tv\/az\/wp-json\/wp\/v2\/posts\/249590","targetHints":{"allow":["GET"]}}],"collection":[{"href":"https:\/\/www.meydan.tv\/az\/wp-json\/wp\/v2\/posts"}],"about":[{"href":"https:\/\/www.meydan.tv\/az\/wp-json\/wp\/v2\/types\/post"}],"author":[{"embeddable":true,"href":"https:\/\/www.meydan.tv\/az\/wp-json\/wp\/v2\/users\/8"}],"replies":[{"embeddable":true,"href":"https:\/\/www.meydan.tv\/az\/wp-json\/wp\/v2\/comments?post=249590"}],"version-history":[{"count":1,"href":"https:\/\/www.meydan.tv\/az\/wp-json\/wp\/v2\/posts\/249590\/revisions"}],"predecessor-version":[{"id":249591,"href":"https:\/\/www.meydan.tv\/az\/wp-json\/wp\/v2\/posts\/249590\/revisions\/249591"}],"wp:featuredmedia":[{"embeddable":true,"href":"https:\/\/www.meydan.tv\/az\/wp-json\/wp\/v2\/media\/249586"}],"wp:attachment":[{"href":"https:\/\/www.meydan.tv\/az\/wp-json\/wp\/v2\/media?parent=249590"}],"wp:term":[{"taxonomy":"category","embeddable":true,"href":"https:\/\/www.meydan.tv\/az\/wp-json\/wp\/v2\/categories?post=249590"},{"taxonomy":"post_tag","embeddable":true,"href":"https:\/\/www.meydan.tv\/az\/wp-json\/wp\/v2\/tags?post=249590"}],"curies":[{"name":"wp","href":"https:\/\/api.w.org\/{rel}","templated":true}]}}