{"id":249485,"date":"2022-06-28T13:51:59","date_gmt":"2022-06-28T09:51:59","guid":{"rendered":"https:\/\/www.meydan.tv\/?p=249485"},"modified":"2022-06-28T14:53:49","modified_gmt":"2022-06-28T10:53:49","slug":"goycay-sakini-reis-muavini-almaciq-sumuyumu-vurub-sindirdi","status":"publish","type":"post","link":"https:\/\/www.meydan.tv\/az\/article\/goycay-sakini-reis-muavini-almaciq-sumuyumu-vurub-sindirdi\/","title":{"rendered":"G\u00f6y\u00e7ay sakini: \u201cR\u0259is m\u00fcavini almac\u0131q s\u00fcm\u00fcy\u00fcm\u00fc vurub s\u0131nd\u0131rd\u0131\u201d"},"content":{"rendered":"\n<p><\/p>\n\n\n\n<p><em>&#8220;Dedil\u0259r, pul verm\u0259s\u0259niz, i\u015fi \u201cBandotdel\u201d\u0259 g\u00f6nd\u0259r\u0259c\u0259yik&#8221;<\/em><\/p>\n\n\n\n<p>\u201cPolis \u0259m\u0259liyyat\u00e7\u0131s\u0131 P\u0259rviz \u0130srafilov KPZ-y\u0259 (m\u00fcv\u0259qq\u0259ti saxlama t\u0259cridxanas\u0131 &#8211; red) yax\u0131nla\u015f\u0131b m\u0259ni v\u0259 dostlar\u0131m\u0131 qorxudurdu ki, 5 min manat toplay\u0131b \u0130stintaq T\u0259hqiqat B\u00f6lm\u0259sinin r\u0259isi Azad m\u00fc\u0259llim\u0259 verm\u0259s\u0259k, bizi Bak\u0131ya \u2013 \u201cBandotdel\u201d\u0259 g\u00f6nd\u0259r\u0259c\u0259kl\u0259r. Oradan can\u0131m\u0131z\u0131 qurtarmaq \u00fc\u00e7\u00fcn daha \u00e7ox pul x\u0259rcl\u0259m\u0259li olaca\u011f\u0131q. N\u0259tic\u0259d\u0259 2 min manata raz\u0131la\u015fd\u0131q. O pulu da Azad m\u00fc\u0259llim\u0259 bizim yerimiz\u0259 el\u0259 h\u0259min \u0259m\u0259liyyat\u00e7\u0131 \u00f6z pul kart\u0131ndan \u00e7\u0259kib verdi. Biz \u015f\u00f6b\u0259d\u0259n burax\u0131landan sonra 2 min manat\u0131 ona qaytard\u0131q\u201d.<\/p>\n\n\n\n<p>Bunu Meydan TV-y\u0259 G\u00f6y\u00e7ay\u0131n Potu k\u0259nd sakini Cavad Qafarov deyir.<\/p>\n\n\n\n<p>Onun s\u00f6zl\u0259rin\u0259 g\u00f6r\u0259, bu il aprelin 22-d\u0259 rayonun polis \u015f\u00f6b\u0259sinin cinay\u0259t-axtar\u0131\u015f b\u00f6lm\u0259sinin r\u0259isi R\u0259\u015fid V\u0259liyevl\u0259 daha bir ne\u00e7\u0259 polis i\u015f\u00e7isi onu v\u0259 d\u00f6rd dostunu \u015f\u00f6b\u0259y\u0259 apar\u0131b.<\/p>\n\n\n\n<p>S\u0259b\u0259b kimi G\u00f6y\u00e7ay sakini Nicat \u018fliyevin onlardan \u015fikay\u0259t\u00e7i olmas\u0131 bildirilib: \u201cNicat &#8220;102 Xidm\u0259ti&#8221;n\u0259 z\u0259ng vurub demi\u015fdi ki, guya qarda\u015f\u0131 R\u0259\u015fad\u0131 d\u00f6ym\u00fc\u015f\u00fck. Bizi el\u0259 tutub apard\u0131lar ki, sanki qat\u0131 cinay\u0259tkarlar\u0131q. \u015e\u00f6b\u0259d\u0259 olanda R\u0259\u015fad \u00f6z\u00fc ora g\u0259ldi, bel\u0259 bir hadis\u0259nin olmad\u0131\u011f\u0131n\u0131 dedi. Buna baxmayaraq, bizi polis \u015f\u00f6b\u0259sind\u0259n buraxmaq \u00fc\u00e7\u00fcn 2 min manat ald\u0131lar\u201d.<\/p>\n\n\n\n<p>Cavad Qafarov deyir ki, bundan sonra onlar\u0131 Bak\u0131ya \u2013 \u201cBandotdel\u201d\u0259 g\u00f6nd\u0259r\u0259c\u0259kl\u0259ri il\u0259 h\u0259d\u0259l\u0259yibl\u0259r: \u201cBiz d\u0259 \u201cBandotdel\u201d\u0259 apar\u0131lmamaq \u00fc\u00e7\u00fcn onunla raz\u0131la\u015fmaq m\u0259cburiyy\u0259tind\u0259 qald\u0131q. \u00c7\u00fcnki 30 saat idi ki, g\u00fcnahs\u0131z v\u0259 s\u0259b\u0259bsiz yer\u0259 \u015f\u00f6b\u0259d\u0259 saxlan\u0131l\u0131rd\u0131q. Gedib-g\u0259lib &#8220;&#8221;Bandotdel\u201d\u0259 apar\u0131lacaqs\u0131n\u0131z&#8221; dem\u0259kl\u0259 biz\u0259 psixoloji t\u0259zyiql\u0259r g\u00f6st\u0259rirdil\u0259r\u201d.<\/p>\n\n\n\n<p>Cavad Qafarovun dediyin\u0259 g\u00f6r\u0259, h\u0259l\u0259 \u015f\u00f6b\u0259y\u0259 g\u0259tiril\u0259nd\u0259 \u015f\u00f6b\u0259nin r\u0259is m\u00fcavini Rasim Mirz\u0259yev onu \u00f6z i\u015f ota\u011f\u0131nda d\u00f6y\u0259r\u0259k sol \u00fcz nahiy\u0259sinin almac\u0131q s\u00fcm\u00fcy\u00fcn\u00fc s\u0131nd\u0131r\u0131b.<\/p>\n\n\n\n<p>O, \u015f\u00f6b\u0259d\u0259n burax\u0131landan sonra buna g\u00f6r\u0259 \u0259m\u0259liyyat olunub.<\/p>\n\n\n\n<p>Hadis\u0259nin dig\u0259r detallar\u0131n\u0131 Cavad Qafarovun yax\u0131n qohumu S\u0259xav\u0259t Qafarov dan\u0131\u015f\u0131r.<\/p>\n\n\n\n<p>Deyir ki, Cavad\u0131n ba\u015f\u0131na g\u0259l\u0259nl\u0259r\u0259 h\u00fcquqi qiym\u0259t verilm\u0259si, polisl\u0259rin c\u0259zaland\u0131r\u0131lmas\u0131 \u00fc\u00e7\u00fcn o da \u0259lind\u0259n g\u0259l\u0259ni edir:<\/p>\n\n\n\n<figure class=\"wp-block-image size-large\"><img decoding=\"async\" width=\"616\" height=\"821\" data-src=\"https:\/\/www.meydan.tv\/wp-content\/uploads\/goycay_cavadqafarov_sened-616x821.jpeg\" alt=\"\" class=\"wp-image-249489 lazyload\" src=\"data:image\/svg+xml;base64,PHN2ZyB3aWR0aD0iMSIgaGVpZ2h0PSIxIiB4bWxucz0iaHR0cDovL3d3dy53My5vcmcvMjAwMC9zdmciPjwvc3ZnPg==\" style=\"--smush-placeholder-width: 616px; --smush-placeholder-aspect-ratio: 616\/821;\" \/><figcaption>Epikriz. Foto: Meydan TV<\/figcaption><\/figure>\n\n\n\n<p>\u201cAprelin 29-da daxili i\u015fl\u0259r naziri Vilay\u0259t Eyvazov G\u00f6y\u00e7ay Rayon Polis \u015e\u00f6b\u0259sind\u0259 v\u0259t\u0259nda\u015flar\u0131n q\u0259bulunu ke\u00e7ir\u0259nd\u0259 m\u0259n d\u0259 nazirl\u0259 g\u00f6r\u00fc\u015f\u0259 bildim. Ba\u015f ver\u0259nl\u0259rl\u0259 ba\u011fl\u0131 ona dan\u0131\u015fd\u0131m. Nazir d\u0259 m\u0259s\u0259l\u0259nin ara\u015fd\u0131r\u0131lmas\u0131, t\u0259dbir g\u00f6r\u00fclm\u0259si \u00fc\u00e7\u00fcn nazirlik \u0259m\u0259kda\u015flar\u0131na tap\u015f\u0131r\u0131q verdi. Ancaq nazir ged\u0259nd\u0259n sonra polis bizim \u00fcz\u0259rimiz\u0259 kriminal \u00e7evr\u0259l\u0259rin adamlar\u0131n\u0131 g\u00f6nd\u0259rdi, h\u0259min \u015f\u0259xsl\u0259r bizd\u0259n \u015fikay\u0259timizi geri g\u00f6t\u00fcrm\u0259yi t\u0259l\u0259b etdil\u0259r, \u00f6l\u00fcml\u0259 h\u0259d\u0259l\u0259dil\u0259r. Biz b\u00fct\u00fcn bunlarla ba\u011fl\u0131 Ba\u015f Prokurorlu\u011fa m\u0259lumat vermi\u015fik\u201d.<\/p>\n\n\n\n<p>S\u0259xav\u0259t Qafarov deyir, ki Cavad Qafarovun atas\u0131 birinci, anas\u0131 ikinci qrup \u0259lildir v\u0259 h\u0259r ikisi yataq x\u0259st\u0259sidir.<\/p>\n\n\n\n<p>G\u00f6y\u00e7ay rayon Polis \u015e\u00f6b\u0259sind\u0259ns\u0259 bildirilib ki, aprelin 22-d\u0259 Cavad Qafarov, El\u00e7in Babayev, R\u0259hman H\u00fcseynov, \u018fli Qurbanov v\u0259 Qafur Qas\u0131mov \u015f\u00f6b\u0259y\u0259 v\u0259t\u0259nda\u015f Nicat \u018flyevin r\u0259smi m\u00fcraci\u0259ti \u0259sas\u0131nda g\u0259tirilib.<\/p>\n\n\n\n<p>\u0130stintaq b\u00f6lm\u0259sinin m\u00fcst\u0259ntiqi H\u00fcseyn R\u00fcst\u0259mb\u0259yli onlar\u0131n izahatlar\u0131n\u0131 ald\u0131qdan sonra s\u0259rb\u0259st burax\u0131l\u0131blar.<\/p>\n\n\n\n<p>Cavad Qafarovun onlardan 2 min manat al\u0131nmas\u0131 v\u0259 G\u00f6y\u00e7ay RP\u015e-nin \u0259m\u0259liyyat i\u015fi \u00fczr\u0259 r\u0259is m\u00fcavini Rasim Mirz\u0259yev t\u0259r\u0259find\u0259n fiziki zorak\u0131l\u0131\u011fa m\u0259ruz qalmas\u0131 bar\u0259d\u0259 dedikl\u0259ri is\u0259 xidm\u0259ti t\u0259hqiqatla t\u0259sdiqini tapmay\u0131b.<\/p>\n\n\n\n<p>\u015e\u00f6b\u0259d\u0259n S\u0259xav\u0259t Qafarovun h\u0259d\u0259l\u0259nm\u0259kl\u0259 ba\u011fl\u0131 dedikl\u0259rin\u0259 g\u00f6r\u0259 is\u0259 bel\u0259 reaksiya verilib: &#8220;V\u0259t\u0259nda\u015f bununla ba\u011fl\u0131 r\u0259smi m\u00fcraci\u0259t etsin, ara\u015fd\u0131r\u0131ls\u0131n&#8221;.<\/p>\n\n\n\n<p>Bildirilir ki, Cavad Qafarovun v\u0259 S\u0259xav\u0259t Qafarovun \u015fikay\u0259tl\u0259ri G\u00f6y\u00e7ay Rayon Prokurorlu\u011funda ara\u015fd\u0131r\u0131l\u0131r.<\/p>\n","protected":false},"excerpt":{"rendered":"<p>&#8220;Dedil\u0259r, pul verm\u0259s\u0259niz, i\u015fi \u201cBandotdel\u201d\u0259 g\u00f6nd\u0259r\u0259c\u0259yik&#8221; \u201cPolis \u0259m\u0259liyyat\u00e7\u0131s\u0131 P\u0259rviz \u0130srafilov &#8230; <\/p>\n<p class=\"read-more-container\"><a title=\"G\u00f6y\u00e7ay sakini: \u201cR\u0259is m\u00fcavini almac\u0131q s\u00fcm\u00fcy\u00fcm\u00fc vurub s\u0131nd\u0131rd\u0131\u201d\" class=\"read-more button\" href=\"https:\/\/www.meydan.tv\/az\/article\/goycay-sakini-reis-muavini-almaciq-sumuyumu-vurub-sindirdi\/#more-249485\" aria-label=\"Read more about G\u00f6y\u00e7ay sakini: \u201cR\u0259is m\u00fcavini almac\u0131q s\u00fcm\u00fcy\u00fcm\u00fc vurub s\u0131nd\u0131rd\u0131\u201d\">Davam\u0131<\/a><\/p>\n","protected":false},"author":8,"featured_media":249486,"comment_status":"closed","ping_status":"closed","sticky":false,"template":"","format":"standard","meta":{"_acf_changed":false,"_sitemap_exclude":false,"_sitemap_priority":"","_sitemap_frequency":"","footnotes":""},"categories":[60,79,56],"tags":[],"class_list":["post-249485","post","type-post","status-publish","format-standard","has-post-thumbnail","hentry","category-bolge","category-featured","category-xeberler","infinite-scroll-item","generate-columns","tablet-grid-50","mobile-grid-100","grid-parent","grid-33","no-featured-image-padding"],"acf":[],"yoast_head":"<!-- This site is optimized with the Yoast SEO plugin v27.5 - https:\/\/yoast.com\/product\/yoast-seo-wordpress\/ -->\n<title>G\u00f6y\u00e7ay sakini: \u201cR\u0259is m\u00fcavini almac\u0131q s\u00fcm\u00fcy\u00fcm\u00fc vurub s\u0131nd\u0131rd\u0131\u201d - MEYDAN.TV<\/title>\n<meta name=\"robots\" content=\"index, follow, max-snippet:-1, max-image-preview:large, max-video-preview:-1\" \/>\n<link rel=\"canonical\" href=\"https:\/\/www.meydan.tv\/az\/article\/goycay-sakini-reis-muavini-almaciq-sumuyumu-vurub-sindirdi\/\" \/>\n<meta property=\"og:locale\" content=\"az_AZ\" \/>\n<meta property=\"og:type\" content=\"article\" \/>\n<meta property=\"og:title\" content=\"G\u00f6y\u00e7ay sakini: \u201cR\u0259is m\u00fcavini almac\u0131q s\u00fcm\u00fcy\u00fcm\u00fc vurub s\u0131nd\u0131rd\u0131\u201d - MEYDAN.TV\" \/>\n<meta property=\"og:description\" content=\"&#8220;Dedil\u0259r, pul verm\u0259s\u0259niz, i\u015fi \u201cBandotdel\u201d\u0259 g\u00f6nd\u0259r\u0259c\u0259yik&#8221; \u201cPolis \u0259m\u0259liyyat\u00e7\u0131s\u0131 P\u0259rviz \u0130srafilov ... Davam\u0131\" \/>\n<meta property=\"og:url\" content=\"https:\/\/www.meydan.tv\/az\/article\/goycay-sakini-reis-muavini-almaciq-sumuyumu-vurub-sindirdi\/\" \/>\n<meta property=\"og:site_name\" content=\"MEYDAN.TV\" \/>\n<meta property=\"article:published_time\" content=\"2022-06-28T09:51:59+00:00\" \/>\n<meta property=\"article:modified_time\" content=\"2022-06-28T10:53:49+00:00\" \/>\n<meta property=\"og:image\" content=\"https:\/\/www.meydan.tv\/wp-content\/uploads\/untitled-design-2-35.jpg\" \/>\n\t<meta property=\"og:image:width\" content=\"1200\" \/>\n\t<meta property=\"og:image:height\" content=\"800\" \/>\n\t<meta property=\"og:image:type\" content=\"image\/jpeg\" \/>\n<meta name=\"author\" content=\"elli\" \/>\n<meta name=\"twitter:card\" content=\"summary_large_image\" \/>\n<meta name=\"twitter:creator\" content=\"@elli\" \/>\n<script type=\"application\/ld+json\" class=\"yoast-schema-graph\">{\"@context\":\"https:\\\/\\\/schema.org\",\"@graph\":[{\"@type\":\"Article\",\"@id\":\"https:\\\/\\\/www.meydan.tv\\\/az\\\/article\\\/goycay-sakini-reis-muavini-almaciq-sumuyumu-vurub-sindirdi\\\/#article\",\"isPartOf\":{\"@id\":\"https:\\\/\\\/www.meydan.tv\\\/az\\\/article\\\/goycay-sakini-reis-muavini-almaciq-sumuyumu-vurub-sindirdi\\\/\"},\"author\":{\"name\":\"elli\",\"@id\":\"https:\\\/\\\/www.meydan.tv\\\/az\\\/#\\\/schema\\\/person\\\/9cdbecf90d17180ce1dfbd95b08dcf47\"},\"headline\":\"G\u00f6y\u00e7ay sakini: \u201cR\u0259is m\u00fcavini almac\u0131q s\u00fcm\u00fcy\u00fcm\u00fc vurub s\u0131nd\u0131rd\u0131\u201d\",\"datePublished\":\"2022-06-28T09:51:59+00:00\",\"dateModified\":\"2022-06-28T10:53:49+00:00\",\"mainEntityOfPage\":{\"@id\":\"https:\\\/\\\/www.meydan.tv\\\/az\\\/article\\\/goycay-sakini-reis-muavini-almaciq-sumuyumu-vurub-sindirdi\\\/\"},\"wordCount\":781,\"publisher\":{\"@id\":\"https:\\\/\\\/www.meydan.tv\\\/az\\\/#organization\"},\"image\":{\"@id\":\"https:\\\/\\\/www.meydan.tv\\\/az\\\/article\\\/goycay-sakini-reis-muavini-almaciq-sumuyumu-vurub-sindirdi\\\/#primaryimage\"},\"thumbnailUrl\":\"https:\\\/\\\/www.meydan.tv\\\/wp-content\\\/uploads\\\/untitled-design-2-35.jpg\",\"articleSection\":[\"B\u00f6lg\u0259\",\"T\u00f6vsiy\u0259\",\"X\u0259b\u0259rl\u0259r\"],\"inLanguage\":\"az\"},{\"@type\":\"WebPage\",\"@id\":\"https:\\\/\\\/www.meydan.tv\\\/az\\\/article\\\/goycay-sakini-reis-muavini-almaciq-sumuyumu-vurub-sindirdi\\\/\",\"url\":\"https:\\\/\\\/www.meydan.tv\\\/az\\\/article\\\/goycay-sakini-reis-muavini-almaciq-sumuyumu-vurub-sindirdi\\\/\",\"name\":\"G\u00f6y\u00e7ay sakini: \u201cR\u0259is m\u00fcavini almac\u0131q s\u00fcm\u00fcy\u00fcm\u00fc vurub s\u0131nd\u0131rd\u0131\u201d - MEYDAN.TV\",\"isPartOf\":{\"@id\":\"https:\\\/\\\/www.meydan.tv\\\/az\\\/#website\"},\"primaryImageOfPage\":{\"@id\":\"https:\\\/\\\/www.meydan.tv\\\/az\\\/article\\\/goycay-sakini-reis-muavini-almaciq-sumuyumu-vurub-sindirdi\\\/#primaryimage\"},\"image\":{\"@id\":\"https:\\\/\\\/www.meydan.tv\\\/az\\\/article\\\/goycay-sakini-reis-muavini-almaciq-sumuyumu-vurub-sindirdi\\\/#primaryimage\"},\"thumbnailUrl\":\"https:\\\/\\\/www.meydan.tv\\\/wp-content\\\/uploads\\\/untitled-design-2-35.jpg\",\"datePublished\":\"2022-06-28T09:51:59+00:00\",\"dateModified\":\"2022-06-28T10:53:49+00:00\",\"breadcrumb\":{\"@id\":\"https:\\\/\\\/www.meydan.tv\\\/az\\\/article\\\/goycay-sakini-reis-muavini-almaciq-sumuyumu-vurub-sindirdi\\\/#breadcrumb\"},\"inLanguage\":\"az\",\"potentialAction\":[{\"@type\":\"ReadAction\",\"target\":[\"https:\\\/\\\/www.meydan.tv\\\/az\\\/article\\\/goycay-sakini-reis-muavini-almaciq-sumuyumu-vurub-sindirdi\\\/\"]}]},{\"@type\":\"ImageObject\",\"inLanguage\":\"az\",\"@id\":\"https:\\\/\\\/www.meydan.tv\\\/az\\\/article\\\/goycay-sakini-reis-muavini-almaciq-sumuyumu-vurub-sindirdi\\\/#primaryimage\",\"url\":\"https:\\\/\\\/www.meydan.tv\\\/wp-content\\\/uploads\\\/untitled-design-2-35.jpg\",\"contentUrl\":\"https:\\\/\\\/www.meydan.tv\\\/wp-content\\\/uploads\\\/untitled-design-2-35.jpg\",\"width\":1200,\"height\":800,\"caption\":\"Cavad Qafarov. Foto: Meydan TV\"},{\"@type\":\"BreadcrumbList\",\"@id\":\"https:\\\/\\\/www.meydan.tv\\\/az\\\/article\\\/goycay-sakini-reis-muavini-almaciq-sumuyumu-vurub-sindirdi\\\/#breadcrumb\",\"itemListElement\":[{\"@type\":\"ListItem\",\"position\":1,\"name\":\"Ana s\u0259hif\u0259\",\"item\":\"https:\\\/\\\/www.meydan.tv\\\/az\\\/\"},{\"@type\":\"ListItem\",\"position\":2,\"name\":\"B\u00f6lg\u0259\",\"item\":\"https:\\\/\\\/www.meydan.tv\\\/az\\\/section\\\/bolge\\\/\"},{\"@type\":\"ListItem\",\"position\":3,\"name\":\"G\u00f6y\u00e7ay sakini: \u201cR\u0259is m\u00fcavini almac\u0131q s\u00fcm\u00fcy\u00fcm\u00fc vurub s\u0131nd\u0131rd\u0131\u201d\"}]},{\"@type\":\"WebSite\",\"@id\":\"https:\\\/\\\/www.meydan.tv\\\/az\\\/#website\",\"url\":\"https:\\\/\\\/www.meydan.tv\\\/az\\\/\",\"name\":\"MEYDAN.TV\",\"description\":\"Meydan TV Az\u0259rbaycan\u0131n media m\u0259kan\u0131ndak\u0131 alternativ s\u0259sidir\",\"publisher\":{\"@id\":\"https:\\\/\\\/www.meydan.tv\\\/az\\\/#organization\"},\"potentialAction\":[{\"@type\":\"SearchAction\",\"target\":{\"@type\":\"EntryPoint\",\"urlTemplate\":\"https:\\\/\\\/www.meydan.tv\\\/az\\\/?s={search_term_string}\"},\"query-input\":{\"@type\":\"PropertyValueSpecification\",\"valueRequired\":true,\"valueName\":\"search_term_string\"}}],\"inLanguage\":\"az\"},{\"@type\":\"Organization\",\"@id\":\"https:\\\/\\\/www.meydan.tv\\\/az\\\/#organization\",\"name\":\"Meydan TV\",\"url\":\"https:\\\/\\\/www.meydan.tv\\\/az\\\/\",\"logo\":{\"@type\":\"ImageObject\",\"inLanguage\":\"az\",\"@id\":\"https:\\\/\\\/www.meydan.tv\\\/az\\\/#\\\/schema\\\/logo\\\/image\\\/\",\"url\":\"https:\\\/\\\/www.meydan.tv\\\/wp-content\\\/uploads\\\/2021\\\/07\\\/meydan-logo.svg\",\"contentUrl\":\"https:\\\/\\\/www.meydan.tv\\\/wp-content\\\/uploads\\\/2021\\\/07\\\/meydan-logo.svg\",\"width\":195,\"height\":46,\"caption\":\"Meydan TV\"},\"image\":{\"@id\":\"https:\\\/\\\/www.meydan.tv\\\/az\\\/#\\\/schema\\\/logo\\\/image\\\/\"}},{\"@type\":\"Person\",\"@id\":\"https:\\\/\\\/www.meydan.tv\\\/az\\\/#\\\/schema\\\/person\\\/9cdbecf90d17180ce1dfbd95b08dcf47\",\"name\":\"elli\",\"sameAs\":[\"https:\\\/\\\/x.com\\\/elli\"]}]}<\/script>\n<!-- \/ Yoast SEO plugin. -->","yoast_head_json":{"title":"G\u00f6y\u00e7ay sakini: \u201cR\u0259is m\u00fcavini almac\u0131q s\u00fcm\u00fcy\u00fcm\u00fc vurub s\u0131nd\u0131rd\u0131\u201d - MEYDAN.TV","robots":{"index":"index","follow":"follow","max-snippet":"max-snippet:-1","max-image-preview":"max-image-preview:large","max-video-preview":"max-video-preview:-1"},"canonical":"https:\/\/www.meydan.tv\/az\/article\/goycay-sakini-reis-muavini-almaciq-sumuyumu-vurub-sindirdi\/","og_locale":"az_AZ","og_type":"article","og_title":"G\u00f6y\u00e7ay sakini: \u201cR\u0259is m\u00fcavini almac\u0131q s\u00fcm\u00fcy\u00fcm\u00fc vurub s\u0131nd\u0131rd\u0131\u201d - MEYDAN.TV","og_description":"&#8220;Dedil\u0259r, pul verm\u0259s\u0259niz, i\u015fi \u201cBandotdel\u201d\u0259 g\u00f6nd\u0259r\u0259c\u0259yik&#8221; \u201cPolis \u0259m\u0259liyyat\u00e7\u0131s\u0131 P\u0259rviz \u0130srafilov ... Davam\u0131","og_url":"https:\/\/www.meydan.tv\/az\/article\/goycay-sakini-reis-muavini-almaciq-sumuyumu-vurub-sindirdi\/","og_site_name":"MEYDAN.TV","article_published_time":"2022-06-28T09:51:59+00:00","article_modified_time":"2022-06-28T10:53:49+00:00","og_image":[{"width":1200,"height":800,"url":"https:\/\/www.meydan.tv\/wp-content\/uploads\/untitled-design-2-35.jpg","type":"image\/jpeg"}],"author":"elli","twitter_card":"summary_large_image","twitter_creator":"@elli","schema":{"@context":"https:\/\/schema.org","@graph":[{"@type":"Article","@id":"https:\/\/www.meydan.tv\/az\/article\/goycay-sakini-reis-muavini-almaciq-sumuyumu-vurub-sindirdi\/#article","isPartOf":{"@id":"https:\/\/www.meydan.tv\/az\/article\/goycay-sakini-reis-muavini-almaciq-sumuyumu-vurub-sindirdi\/"},"author":{"name":"elli","@id":"https:\/\/www.meydan.tv\/az\/#\/schema\/person\/9cdbecf90d17180ce1dfbd95b08dcf47"},"headline":"G\u00f6y\u00e7ay sakini: \u201cR\u0259is m\u00fcavini almac\u0131q s\u00fcm\u00fcy\u00fcm\u00fc vurub s\u0131nd\u0131rd\u0131\u201d","datePublished":"2022-06-28T09:51:59+00:00","dateModified":"2022-06-28T10:53:49+00:00","mainEntityOfPage":{"@id":"https:\/\/www.meydan.tv\/az\/article\/goycay-sakini-reis-muavini-almaciq-sumuyumu-vurub-sindirdi\/"},"wordCount":781,"publisher":{"@id":"https:\/\/www.meydan.tv\/az\/#organization"},"image":{"@id":"https:\/\/www.meydan.tv\/az\/article\/goycay-sakini-reis-muavini-almaciq-sumuyumu-vurub-sindirdi\/#primaryimage"},"thumbnailUrl":"https:\/\/www.meydan.tv\/wp-content\/uploads\/untitled-design-2-35.jpg","articleSection":["B\u00f6lg\u0259","T\u00f6vsiy\u0259","X\u0259b\u0259rl\u0259r"],"inLanguage":"az"},{"@type":"WebPage","@id":"https:\/\/www.meydan.tv\/az\/article\/goycay-sakini-reis-muavini-almaciq-sumuyumu-vurub-sindirdi\/","url":"https:\/\/www.meydan.tv\/az\/article\/goycay-sakini-reis-muavini-almaciq-sumuyumu-vurub-sindirdi\/","name":"G\u00f6y\u00e7ay sakini: \u201cR\u0259is m\u00fcavini almac\u0131q s\u00fcm\u00fcy\u00fcm\u00fc vurub s\u0131nd\u0131rd\u0131\u201d - MEYDAN.TV","isPartOf":{"@id":"https:\/\/www.meydan.tv\/az\/#website"},"primaryImageOfPage":{"@id":"https:\/\/www.meydan.tv\/az\/article\/goycay-sakini-reis-muavini-almaciq-sumuyumu-vurub-sindirdi\/#primaryimage"},"image":{"@id":"https:\/\/www.meydan.tv\/az\/article\/goycay-sakini-reis-muavini-almaciq-sumuyumu-vurub-sindirdi\/#primaryimage"},"thumbnailUrl":"https:\/\/www.meydan.tv\/wp-content\/uploads\/untitled-design-2-35.jpg","datePublished":"2022-06-28T09:51:59+00:00","dateModified":"2022-06-28T10:53:49+00:00","breadcrumb":{"@id":"https:\/\/www.meydan.tv\/az\/article\/goycay-sakini-reis-muavini-almaciq-sumuyumu-vurub-sindirdi\/#breadcrumb"},"inLanguage":"az","potentialAction":[{"@type":"ReadAction","target":["https:\/\/www.meydan.tv\/az\/article\/goycay-sakini-reis-muavini-almaciq-sumuyumu-vurub-sindirdi\/"]}]},{"@type":"ImageObject","inLanguage":"az","@id":"https:\/\/www.meydan.tv\/az\/article\/goycay-sakini-reis-muavini-almaciq-sumuyumu-vurub-sindirdi\/#primaryimage","url":"https:\/\/www.meydan.tv\/wp-content\/uploads\/untitled-design-2-35.jpg","contentUrl":"https:\/\/www.meydan.tv\/wp-content\/uploads\/untitled-design-2-35.jpg","width":1200,"height":800,"caption":"Cavad Qafarov. Foto: Meydan TV"},{"@type":"BreadcrumbList","@id":"https:\/\/www.meydan.tv\/az\/article\/goycay-sakini-reis-muavini-almaciq-sumuyumu-vurub-sindirdi\/#breadcrumb","itemListElement":[{"@type":"ListItem","position":1,"name":"Ana s\u0259hif\u0259","item":"https:\/\/www.meydan.tv\/az\/"},{"@type":"ListItem","position":2,"name":"B\u00f6lg\u0259","item":"https:\/\/www.meydan.tv\/az\/section\/bolge\/"},{"@type":"ListItem","position":3,"name":"G\u00f6y\u00e7ay sakini: \u201cR\u0259is m\u00fcavini almac\u0131q s\u00fcm\u00fcy\u00fcm\u00fc vurub s\u0131nd\u0131rd\u0131\u201d"}]},{"@type":"WebSite","@id":"https:\/\/www.meydan.tv\/az\/#website","url":"https:\/\/www.meydan.tv\/az\/","name":"MEYDAN.TV","description":"Meydan TV Az\u0259rbaycan\u0131n media m\u0259kan\u0131ndak\u0131 alternativ s\u0259sidir","publisher":{"@id":"https:\/\/www.meydan.tv\/az\/#organization"},"potentialAction":[{"@type":"SearchAction","target":{"@type":"EntryPoint","urlTemplate":"https:\/\/www.meydan.tv\/az\/?s={search_term_string}"},"query-input":{"@type":"PropertyValueSpecification","valueRequired":true,"valueName":"search_term_string"}}],"inLanguage":"az"},{"@type":"Organization","@id":"https:\/\/www.meydan.tv\/az\/#organization","name":"Meydan TV","url":"https:\/\/www.meydan.tv\/az\/","logo":{"@type":"ImageObject","inLanguage":"az","@id":"https:\/\/www.meydan.tv\/az\/#\/schema\/logo\/image\/","url":"https:\/\/www.meydan.tv\/wp-content\/uploads\/2021\/07\/meydan-logo.svg","contentUrl":"https:\/\/www.meydan.tv\/wp-content\/uploads\/2021\/07\/meydan-logo.svg","width":195,"height":46,"caption":"Meydan TV"},"image":{"@id":"https:\/\/www.meydan.tv\/az\/#\/schema\/logo\/image\/"}},{"@type":"Person","@id":"https:\/\/www.meydan.tv\/az\/#\/schema\/person\/9cdbecf90d17180ce1dfbd95b08dcf47","name":"elli","sameAs":["https:\/\/x.com\/elli"]}]}},"_links":{"self":[{"href":"https:\/\/www.meydan.tv\/az\/wp-json\/wp\/v2\/posts\/249485","targetHints":{"allow":["GET"]}}],"collection":[{"href":"https:\/\/www.meydan.tv\/az\/wp-json\/wp\/v2\/posts"}],"about":[{"href":"https:\/\/www.meydan.tv\/az\/wp-json\/wp\/v2\/types\/post"}],"author":[{"embeddable":true,"href":"https:\/\/www.meydan.tv\/az\/wp-json\/wp\/v2\/users\/8"}],"replies":[{"embeddable":true,"href":"https:\/\/www.meydan.tv\/az\/wp-json\/wp\/v2\/comments?post=249485"}],"version-history":[{"count":3,"href":"https:\/\/www.meydan.tv\/az\/wp-json\/wp\/v2\/posts\/249485\/revisions"}],"predecessor-version":[{"id":249509,"href":"https:\/\/www.meydan.tv\/az\/wp-json\/wp\/v2\/posts\/249485\/revisions\/249509"}],"wp:featuredmedia":[{"embeddable":true,"href":"https:\/\/www.meydan.tv\/az\/wp-json\/wp\/v2\/media\/249486"}],"wp:attachment":[{"href":"https:\/\/www.meydan.tv\/az\/wp-json\/wp\/v2\/media?parent=249485"}],"wp:term":[{"taxonomy":"category","embeddable":true,"href":"https:\/\/www.meydan.tv\/az\/wp-json\/wp\/v2\/categories?post=249485"},{"taxonomy":"post_tag","embeddable":true,"href":"https:\/\/www.meydan.tv\/az\/wp-json\/wp\/v2\/tags?post=249485"}],"curies":[{"name":"wp","href":"https:\/\/api.w.org\/{rel}","templated":true}]}}