{"id":249388,"date":"2022-06-26T19:08:12","date_gmt":"2022-06-26T15:08:12","guid":{"rendered":"https:\/\/www.meydan.tv\/?p=249388"},"modified":"2022-06-26T19:08:14","modified_gmt":"2022-06-26T15:08:14","slug":"masallida-gozden-elil-dtx-adiyla-aldadildigini-deyir","status":"publish","type":"post","link":"https:\/\/www.meydan.tv\/az\/article\/masallida-gozden-elil-dtx-adiyla-aldadildigini-deyir\/","title":{"rendered":"Masall\u0131da g\u00f6zd\u0259n \u0259lil DTX ad\u0131yla aldad\u0131ld\u0131\u011f\u0131n\u0131 deyir"},"content":{"rendered":"\n<p><em>Cavid H\u00fcseynov: \u201cD\u00fc\u015f\u00fcnd\u00fcm ki, d\u00f6vl\u0259t qulluq\u00e7usudular, yalan dan\u0131\u015fmayacaqlar ki\u2026\u201d<\/em><\/p>\n\n\n\n<p>Masall\u0131 rayonunun \u0130si k\u0259nd sakini Cavid H\u00fcseynov d\u0259l\u0259duzluqla \u00fczl\u0259\u015fdiyini deyir. Gileyl\u0259nir ki, h\u00fcquq-m\u00fchafiz\u0259 orqanlar\u0131 ba\u015f ver\u0259nl\u0259ri cinay\u0259t kimi q\u0259bul etm\u0259k ist\u0259mir. Onun s\u00f6zl\u0259rin\u0259 g\u00f6r\u0259, qar\u015f\u0131 t\u0259r\u0259f d\u0259 bundan istifad\u0259 edib, ona vurulan ziyan\u0131 \u00f6d\u0259mir.<\/p>\n\n\n\n<p><strong>\u201cDemi\u015fdil\u0259r ki, DTX i\u015f\u00e7isiyik, m\u0259n d\u0259 inand\u0131m\u201d<\/strong><\/p>\n\n\n\n<p>51 ya\u015fl\u0131 Cavid H\u00fcseynov ikinci qrup \u0259lildir. Bir g\u00f6z\u00fc g\u00f6rm\u0259 qabiliyy\u0259tini tamamil\u0259 itirib, ikinci g\u00f6z\u00fc is\u0259 qism\u0259n g\u00f6r\u00fcr.<\/p>\n\n\n\n<p>O, Meydan TV-y\u0259 dan\u0131\u015f\u0131r ki, ya\u015fad\u0131\u011f\u0131 k\u0259ndd\u0259 2020-ci ild\u0259 4 sot torpaq sah\u0259si al\u0131b. Buna g\u00f6r\u0259 10 min manat pul \u00f6d\u0259yib. Cavid H\u00fcseynovun s\u00f6zl\u0259rin\u0259 g\u00f6r\u0259, torpa\u011f\u0131 satanlar da \u00f6zl\u0259rini D\u00f6vl\u0259t T\u0259hl\u00fck\u0259sizliyi Xidm\u0259tinin (DTX) \u0259m\u0259kda\u015flar\u0131 kimi t\u0259qdim edib:<\/p>\n\n\n\n<p>\u201cH\u0259min torpaq sah\u0259si k\u0259nd sakinl\u0259rind\u0259n birinin olub. Torpa\u011f\u0131n bir hiss\u0259sini k\u0259sib, \u00f6z qohumuna sat\u0131b. Alan adam da m\u0259nd\u0259n pul al\u0131b ki, s\u0259n\u0259 sat\u0131ram. Satanda daha baha deyirdi, dan\u0131\u015f\u0131qlardan sonra 10 min manata d\u00fc\u015fd\u00fc. Mal-heyvan\u0131m\u0131, evd\u0259 olan q\u0131z\u0131l\u0131 \u2013 n\u0259yim varsa, sat\u0131b, ald\u0131m. Satanlar da \u0259mio\u011fludular &#8211; Aslan Mansurov Yard\u0131ml\u0131 rayonunda, \u018ffsus Mansurov is\u0259 C\u0259lilabad rayonunda ya\u015fay\u0131r. Akt yazd\u0131lar, \u015f\u0259xsiyy\u0259t v\u0259siq\u0259sinin sur\u0259tini d\u0259 \u0259lav\u0259 el\u0259dil\u0259r. Orada g\u00f6st\u0259rilib ki, pul verib, bu torpaq sah\u0259sini alm\u0131\u015fam. Satanlardan birinin q\u0131z\u0131n\u0131n toyu olacaqd\u0131. Dedi ki, toyu yola verim, sonra gedib notariusda r\u0259smil\u0259\u015fdir\u0259k. Demi\u015fdil\u0259r ki, DTX i\u015f\u00e7isiyik, m\u0259n d\u0259 inand\u0131m. D\u00fc\u015f\u00fcnd\u00fcm ki, d\u00f6vl\u0259t qulluq\u00e7usudular, yalan dan\u0131\u015fmayacaqlar ki\u2026\u201d<\/p>\n\n\n\n<figure class=\"wp-block-image size-full\"><img decoding=\"async\" width=\"674\" height=\"503\" data-src=\"https:\/\/www.meydan.tv\/wp-content\/uploads\/08ec3063-7403-4d65-ade4-e3561c01b29e.jpeg\" alt=\"\" class=\"wp-image-249382 lazyload\" src=\"data:image\/svg+xml;base64,PHN2ZyB3aWR0aD0iMSIgaGVpZ2h0PSIxIiB4bWxucz0iaHR0cDovL3d3dy53My5vcmcvMjAwMC9zdmciPjwvc3ZnPg==\" style=\"--smush-placeholder-width: 674px; --smush-placeholder-aspect-ratio: 674\/503;\" \/><figcaption>Foto: Meydan TV<\/figcaption><\/figure>\n\n\n\n<p><strong>\u201cEl\u0259 bilirs\u0259n, m\u0259ni oradan pulsuz buraxd\u0131lar?\u201d<\/strong><\/p>\n\n\n\n<p>Cavid H\u00fcseynov deyir ki, ona sat\u0131lan torpaq sah\u0259sind\u0259 nimda\u015f bir tikili vard\u0131. O, ald\u0131\u011f\u0131 \u0259mlakdan istifad\u0259 etm\u0259k ist\u0259y\u0259nd\u0259 probleml\u0259 \u00fczl\u0259\u015fib. N\u0259 s\u0259n\u0259dl\u0259\u015fm\u0259 i\u015fl\u0259rini h\u0259yata ke\u00e7ir\u0259 bilib, n\u0259 d\u0259 verdiyi pul geri qay\u0131d\u0131b:<\/p>\n\n\n\n<p>\u201cTorpaq m\u0259n\u0259 satanlara da akt \u0259sas\u0131nda verilibmi\u015f. O akt da b\u0259l\u0259diyy\u0259 s\u0259drinin i\u015ftirak\u0131yla ba\u011flan\u0131b, orada s\u0259drin d\u0259 imzas\u0131 var. Satan ki\u015fi bir m\u00fcdd\u0259t sonra v\u0259fat edib. Ki\u015finin bac\u0131s\u0131 indi g\u0259lib ki, qarda\u015f\u0131m\u0131n torpa\u011f\u0131d\u0131r, m\u0259n\u0259 \u00e7at\u0131r. \u00c7\u00fcnki qarda\u015f\u0131n\u0131n arvad\u0131yla aralar\u0131nda \u0259dav\u0259t var. Son n\u0259tic\u0259d\u0259 bundan ziyan g\u00f6r\u0259n m\u0259n oluram. Qap\u0131ya q\u0131f\u0131l vurub, m\u0259ni ora buraxm\u0131rlar. Ona g\u00f6r\u0259 torpa\u011f\u0131 m\u0259n\u0259 satanlara dedim ki, ya s\u0259n\u0259dimi verin, ya da pulumu qaytar\u0131n. He\u00e7 birini el\u0259m\u0259dil\u0259r\u2026\u201d.<\/p>\n\n\n\n<p>Cavid H\u00fcseynov d\u0259l\u0259duzluqla \u00fczl\u0259\u015fdiyini iddia ed\u0259r\u0259k, polis\u0259 \u015fikay\u0259t edib. \u018flind\u0259ki akt\u0131 v\u0259 ba\u015fqa s\u00fcbutlar\u0131 t\u0259qdim edib. Amma bu add\u0131m\u0131 da n\u0259tic\u0259siz qal\u0131b \u2013 pulu qay\u0131tmay\u0131b. Ona g\u00f6r\u0259 daha yuxar\u0131 instansiyalara \u2013 Daxili \u0130\u015fl\u0259r Nazirliyin\u0259, Ba\u015f Prokurorlu\u011fa, Prezident Administrasiyas\u0131na \u015fikay\u0259tl\u0259r g\u00f6nd\u0259rib.<\/p>\n\n\n\n<figure class=\"wp-block-image size-large\"><img decoding=\"async\" width=\"755\" height=\"821\" data-src=\"https:\/\/www.meydan.tv\/wp-content\/uploads\/21eeb5e9-d9a5-4ad9-bcb3-62bccec02d8d-755x821.jpeg\" alt=\"\" class=\"wp-image-249376 lazyload\" src=\"data:image\/svg+xml;base64,PHN2ZyB3aWR0aD0iMSIgaGVpZ2h0PSIxIiB4bWxucz0iaHR0cDovL3d3dy53My5vcmcvMjAwMC9zdmciPjwvc3ZnPg==\" style=\"--smush-placeholder-width: 755px; --smush-placeholder-aspect-ratio: 755\/821;\" \/><figcaption>Foto:  Cavid H\u00fcseynovun \u015f\u0259xsi arxivind\u0259n <\/figcaption><\/figure>\n\n\n\n<p>\u201cBak\u0131da ne\u00e7\u0259 d\u00f6vl\u0259t orqan\u0131nda q\u0259bulda olmu\u015fam. Bunlar DTX ad\u0131ndan istifad\u0259 edibl\u0259r. \u018fm\u0259ll\u0259ri azm\u0131\u015f kimi, h\u0259l\u0259 pulumu ist\u0259diyim\u0259, \u015fikay\u0259t\u00e7i oldu\u011fuma g\u00f6r\u0259 m\u0259ni d\u00f6ym\u00fc\u015fd\u00fcl\u0259r. C\u0259lilabadda polis r\u0259isi onlardan birini &#8211; \u018ffsus Mansurovu \u00e7a\u011f\u0131rtd\u0131rd\u0131. El\u0259 yan\u0131mda \u00fcst\u00fcn\u0259 q\u0131\u015fq\u0131rd\u0131 ki, bu adam\u0131n pulunu niy\u0259 vermirs\u0259n? Onda s\u00f6z verdi ki, \u00fc\u00e7 g\u00fcn \u0259rzind\u0259 pulunu qaytaracam. Sonra telefonlar\u0131ma cavab verm\u0259di. Ba\u015fqa bir n\u00f6mr\u0259d\u0259n z\u0259ng el\u0259y\u0259nd\u0259 g\u00f6t\u00fcrd\u00fc. M\u0259n\u0259 deyir ki, el\u0259 bilirs\u0259n, m\u0259ni oradan pulsuz buraxd\u0131lar?\u201d.<\/p>\n\n\n\n<p>\u0130si k\u0259nd sakini deyir ki, maddi durumu a\u011f\u0131rd\u0131r, art\u0131q \u015fikay\u0259t etm\u0259y\u0259 d\u0259 pulu \u00e7atm\u0131r. \u00d6z g\u00f6zl\u0259ri g\u00f6rm\u0259diyin\u0259 g\u00f6r\u0259 \u015fikay\u0259t m\u0259ktublar\u0131n\u0131 \u00f6d\u0259ni\u015fl\u0259 ba\u015fqalar\u0131na yazd\u0131rd\u0131\u011f\u0131n\u0131 dey\u0259n Cavid H\u00fcseynovun s\u00f6zl\u0259rin\u0259 g\u00f6r\u0259, Bak\u0131ya m\u0259murlar\u0131n q\u0259buluna g\u0259lib-getm\u0259kd\u0259n \u00f6tr\u00fc d\u0259 xeyli pul x\u0259rcl\u0259yib.<\/p>\n\n\n\n<p><strong>Cinay\u0259t i\u015fi ba\u015flanmas\u0131 r\u0259dd edilib<\/strong><\/p>\n\n\n\n<p>Bu m\u0259s\u0259l\u0259 il\u0259 \u0259laq\u0259dar Masall\u0131 Rayon Polis \u015e\u00f6b\u0259sind\u0259 ara\u015fd\u0131rma apar\u0131l\u0131b. Polis \u015f\u00f6b\u0259sinin t\u0259dqiqat\u00e7\u0131s\u0131 Rail \u018fkb\u0259rov ara\u015fd\u0131rmalardan sonra bel\u0259 q\u0259na\u0259t\u0259 g\u0259lib ki, bu m\u0259s\u0259l\u0259d\u0259 cinay\u0259t t\u0259rkibi yoxdur, m\u00fcbahis\u0259 m\u00fclki xarakterlidir v\u0259 t\u0259r\u0259fl\u0259r problemin h\u0259lli \u00fc\u00e7\u00fcn m\u00fclki qaydada m\u0259hk\u0259m\u0259y\u0259 m\u00fcraci\u0259t ed\u0259 bil\u0259r. Ona g\u00f6r\u0259 d\u0259 cinay\u0259t i\u015fi ba\u015flanmas\u0131 r\u0259dd edilib.<\/p>\n\n\n\n<figure class=\"wp-block-image size-large\"><img decoding=\"async\" width=\"633\" height=\"821\" data-src=\"https:\/\/www.meydan.tv\/wp-content\/uploads\/89084fe0-b981-48e0-9870-ef55df28d74f-633x821.jpeg\" alt=\"\" class=\"wp-image-249379 lazyload\" src=\"data:image\/svg+xml;base64,PHN2ZyB3aWR0aD0iMSIgaGVpZ2h0PSIxIiB4bWxucz0iaHR0cDovL3d3dy53My5vcmcvMjAwMC9zdmciPjwvc3ZnPg==\" style=\"--smush-placeholder-width: 633px; --smush-placeholder-aspect-ratio: 633\/821;\" \/><figcaption>Foto: Meydan TV<\/figcaption><\/figure>\n\n\n\n<p>\u015eikay\u0259t\u00e7i is\u0259 bu q\u0259rarla raz\u0131la\u015fm\u0131r:<\/p>\n\n\n\n<p>\u201cOnlar \u00f6zl\u0259rini DTX \u0259m\u0259kda\u015f\u0131 kimi t\u0259qdim ed\u0259r\u0259k m\u0259ni aldad\u0131blar. Bu, d\u0259l\u0259duzluq deyils\u0259, b\u0259s n\u0259dir?\u201d.<\/p>\n\n\n\n<p><strong>\u201cEvi v\u0259 hasar\u0131 \u0259vv\u0259lki v\u0259ziyy\u0259tin\u0259 g\u0259tir\u0259nd\u0259n sonra\u2026\u201d<\/strong><\/p>\n\n\n\n<p>Aslan Mansurov is\u0259 bildirib ki, s\u00f6z\u00fcged\u0259n torpaq sah\u0259sini 2017-ci ild\u0259 \u018fhliman Allahverdiyevd\u0259n al\u0131b, orada birm\u0259rt\u0259b\u0259li ev v\u0259 \u0259lav\u0259 yard\u0131m\u00e7\u0131 tikili in\u015fa etdirib. Sonradan maddi durumu yax\u015f\u0131 olmad\u0131\u011f\u0131na g\u00f6r\u0259 torpaq sah\u0259sini 2020-ci ilin aprelind\u0259 Cavid H\u00fcseynova sat\u0131b:<\/p>\n\n\n\n<p>\u201cO, evin qar\u015f\u0131s\u0131n\u0131 s\u00f6k\u00fcb, ba\u015fqa tikili \u00fc\u00e7\u00fcn b\u00fcn\u00f6vr\u0259 qazd\u0131rd\u0131. Bir m\u00fcdd\u0259t sonra \u018fhliman Allahverdiyevin qohumlar\u0131yla onun aras\u0131nda m\u00fcbahis\u0259 yarand\u0131. Z\u0259ng el\u0259yib dedi ki, torpa\u011f\u0131 qaytarmaq ist\u0259yir. Verdiyi 10 min manat\u0131 da geri t\u0259l\u0259b etdi. G\u0259lib g\u00f6rd\u00fcm ki, evin qar\u015f\u0131s\u0131n\u0131 s\u00f6k\u00fcb, D\u0259mir \u015fifer hasar\u0131n yeri d\u0259yi\u015fdirilib. Evi v\u0259 hasar\u0131 \u0259vv\u0259lki v\u0259ziyy\u0259t\u0259 g\u0259tir\u0259nd\u0259n sonra m\u0259n onun pulunu qaytararam\u201d.<\/p>\n\n\n\n<p>Cavid H\u00fcseynov is\u0259 deyir ki, orada ev olmay\u0131b:<\/p>\n\n\n\n<p>\u201cNimda\u015f bir c\u00fcc\u0259dam\u0131 idi. Ona da m\u0259n yox, \u018fhliman Allahverdiyevin bac\u0131s\u0131 ziyan vurub. M\u0259ni ora buraxd\u0131lar ki, n\u0259yis\u0259 s\u00f6k\u00fcm?\u201d.<\/p>\n\n\n\n<figure class=\"wp-block-image size-full\"><img decoding=\"async\" width=\"809\" height=\"788\" data-src=\"https:\/\/www.meydan.tv\/wp-content\/uploads\/f20e5138-79f9-49cc-8f4b-514855df29dd.jpeg\" alt=\"\" class=\"wp-image-249385 lazyload\" src=\"data:image\/svg+xml;base64,PHN2ZyB3aWR0aD0iMSIgaGVpZ2h0PSIxIiB4bWxucz0iaHR0cDovL3d3dy53My5vcmcvMjAwMC9zdmciPjwvc3ZnPg==\" style=\"--smush-placeholder-width: 809px; --smush-placeholder-aspect-ratio: 809\/788;\" \/><\/figure>\n","protected":false},"excerpt":{"rendered":"<p>Cavid H\u00fcseynov: \u201cD\u00fc\u015f\u00fcnd\u00fcm ki, d\u00f6vl\u0259t qulluq\u00e7usudular, yalan dan\u0131\u015fmayacaqlar ki\u2026\u201d Masall\u0131 &#8230; <\/p>\n<p class=\"read-more-container\"><a title=\"Masall\u0131da g\u00f6zd\u0259n \u0259lil DTX ad\u0131yla aldad\u0131ld\u0131\u011f\u0131n\u0131 deyir\" class=\"read-more button\" href=\"https:\/\/www.meydan.tv\/az\/article\/masallida-gozden-elil-dtx-adiyla-aldadildigini-deyir\/#more-249388\" aria-label=\"Read more about Masall\u0131da g\u00f6zd\u0259n \u0259lil DTX ad\u0131yla aldad\u0131ld\u0131\u011f\u0131n\u0131 deyir\">Davam\u0131<\/a><\/p>\n","protected":false},"author":8,"featured_media":108640,"comment_status":"closed","ping_status":"closed","sticky":false,"template":"","format":"standard","meta":{"_acf_changed":false,"_sitemap_exclude":false,"_sitemap_priority":"","_sitemap_frequency":"","footnotes":""},"categories":[60,79,56],"tags":[],"class_list":["post-249388","post","type-post","status-publish","format-standard","has-post-thumbnail","hentry","category-bolge","category-featured","category-xeberler","infinite-scroll-item","generate-columns","tablet-grid-50","mobile-grid-100","grid-parent","grid-33","no-featured-image-padding"],"acf":[],"yoast_head":"<!-- This site is optimized with the Yoast SEO plugin v27.5 - https:\/\/yoast.com\/product\/yoast-seo-wordpress\/ -->\n<title>Masall\u0131da g\u00f6zd\u0259n \u0259lil DTX ad\u0131yla aldad\u0131ld\u0131\u011f\u0131n\u0131 deyir - MEYDAN.TV<\/title>\n<meta name=\"robots\" content=\"index, follow, max-snippet:-1, max-image-preview:large, max-video-preview:-1\" \/>\n<link rel=\"canonical\" href=\"https:\/\/www.meydan.tv\/az\/article\/masallida-gozden-elil-dtx-adiyla-aldadildigini-deyir\/\" \/>\n<meta property=\"og:locale\" content=\"az_AZ\" \/>\n<meta property=\"og:type\" content=\"article\" \/>\n<meta property=\"og:title\" content=\"Masall\u0131da g\u00f6zd\u0259n \u0259lil DTX ad\u0131yla aldad\u0131ld\u0131\u011f\u0131n\u0131 deyir - MEYDAN.TV\" \/>\n<meta property=\"og:description\" content=\"Cavid H\u00fcseynov: \u201cD\u00fc\u015f\u00fcnd\u00fcm ki, d\u00f6vl\u0259t qulluq\u00e7usudular, yalan dan\u0131\u015fmayacaqlar ki\u2026\u201d Masall\u0131 ... Davam\u0131\" \/>\n<meta property=\"og:url\" content=\"https:\/\/www.meydan.tv\/az\/article\/masallida-gozden-elil-dtx-adiyla-aldadildigini-deyir\/\" \/>\n<meta property=\"og:site_name\" content=\"MEYDAN.TV\" \/>\n<meta property=\"article:published_time\" content=\"2022-06-26T15:08:12+00:00\" \/>\n<meta property=\"article:modified_time\" content=\"2022-06-26T15:08:14+00:00\" \/>\n<meta property=\"og:image\" content=\"https:\/\/www.meydan.tv\/wp-content\/uploads\/43192.jpg\" \/>\n\t<meta property=\"og:image:width\" content=\"1200\" \/>\n\t<meta property=\"og:image:height\" content=\"900\" \/>\n\t<meta property=\"og:image:type\" content=\"image\/jpeg\" \/>\n<meta name=\"author\" content=\"elli\" \/>\n<meta name=\"twitter:card\" content=\"summary_large_image\" \/>\n<meta name=\"twitter:creator\" content=\"@elli\" \/>\n<script type=\"application\/ld+json\" class=\"yoast-schema-graph\">{\"@context\":\"https:\\\/\\\/schema.org\",\"@graph\":[{\"@type\":\"Article\",\"@id\":\"https:\\\/\\\/www.meydan.tv\\\/az\\\/article\\\/masallida-gozden-elil-dtx-adiyla-aldadildigini-deyir\\\/#article\",\"isPartOf\":{\"@id\":\"https:\\\/\\\/www.meydan.tv\\\/az\\\/article\\\/masallida-gozden-elil-dtx-adiyla-aldadildigini-deyir\\\/\"},\"author\":{\"name\":\"elli\",\"@id\":\"https:\\\/\\\/www.meydan.tv\\\/az\\\/#\\\/schema\\\/person\\\/9cdbecf90d17180ce1dfbd95b08dcf47\"},\"headline\":\"Masall\u0131da g\u00f6zd\u0259n \u0259lil DTX ad\u0131yla aldad\u0131ld\u0131\u011f\u0131n\u0131 deyir\",\"datePublished\":\"2022-06-26T15:08:12+00:00\",\"dateModified\":\"2022-06-26T15:08:14+00:00\",\"mainEntityOfPage\":{\"@id\":\"https:\\\/\\\/www.meydan.tv\\\/az\\\/article\\\/masallida-gozden-elil-dtx-adiyla-aldadildigini-deyir\\\/\"},\"wordCount\":1096,\"publisher\":{\"@id\":\"https:\\\/\\\/www.meydan.tv\\\/az\\\/#organization\"},\"image\":{\"@id\":\"https:\\\/\\\/www.meydan.tv\\\/az\\\/article\\\/masallida-gozden-elil-dtx-adiyla-aldadildigini-deyir\\\/#primaryimage\"},\"thumbnailUrl\":\"https:\\\/\\\/www.meydan.tv\\\/wp-content\\\/uploads\\\/43192.jpg\",\"articleSection\":[\"B\u00f6lg\u0259\",\"T\u00f6vsiy\u0259\",\"X\u0259b\u0259rl\u0259r\"],\"inLanguage\":\"az\"},{\"@type\":\"WebPage\",\"@id\":\"https:\\\/\\\/www.meydan.tv\\\/az\\\/article\\\/masallida-gozden-elil-dtx-adiyla-aldadildigini-deyir\\\/\",\"url\":\"https:\\\/\\\/www.meydan.tv\\\/az\\\/article\\\/masallida-gozden-elil-dtx-adiyla-aldadildigini-deyir\\\/\",\"name\":\"Masall\u0131da g\u00f6zd\u0259n \u0259lil DTX ad\u0131yla aldad\u0131ld\u0131\u011f\u0131n\u0131 deyir - MEYDAN.TV\",\"isPartOf\":{\"@id\":\"https:\\\/\\\/www.meydan.tv\\\/az\\\/#website\"},\"primaryImageOfPage\":{\"@id\":\"https:\\\/\\\/www.meydan.tv\\\/az\\\/article\\\/masallida-gozden-elil-dtx-adiyla-aldadildigini-deyir\\\/#primaryimage\"},\"image\":{\"@id\":\"https:\\\/\\\/www.meydan.tv\\\/az\\\/article\\\/masallida-gozden-elil-dtx-adiyla-aldadildigini-deyir\\\/#primaryimage\"},\"thumbnailUrl\":\"https:\\\/\\\/www.meydan.tv\\\/wp-content\\\/uploads\\\/43192.jpg\",\"datePublished\":\"2022-06-26T15:08:12+00:00\",\"dateModified\":\"2022-06-26T15:08:14+00:00\",\"breadcrumb\":{\"@id\":\"https:\\\/\\\/www.meydan.tv\\\/az\\\/article\\\/masallida-gozden-elil-dtx-adiyla-aldadildigini-deyir\\\/#breadcrumb\"},\"inLanguage\":\"az\",\"potentialAction\":[{\"@type\":\"ReadAction\",\"target\":[\"https:\\\/\\\/www.meydan.tv\\\/az\\\/article\\\/masallida-gozden-elil-dtx-adiyla-aldadildigini-deyir\\\/\"]}]},{\"@type\":\"ImageObject\",\"inLanguage\":\"az\",\"@id\":\"https:\\\/\\\/www.meydan.tv\\\/az\\\/article\\\/masallida-gozden-elil-dtx-adiyla-aldadildigini-deyir\\\/#primaryimage\",\"url\":\"https:\\\/\\\/www.meydan.tv\\\/wp-content\\\/uploads\\\/43192.jpg\",\"contentUrl\":\"https:\\\/\\\/www.meydan.tv\\\/wp-content\\\/uploads\\\/43192.jpg\",\"width\":1200,\"height\":900,\"caption\":\"Foto: Trend.az\"},{\"@type\":\"BreadcrumbList\",\"@id\":\"https:\\\/\\\/www.meydan.tv\\\/az\\\/article\\\/masallida-gozden-elil-dtx-adiyla-aldadildigini-deyir\\\/#breadcrumb\",\"itemListElement\":[{\"@type\":\"ListItem\",\"position\":1,\"name\":\"Ana s\u0259hif\u0259\",\"item\":\"https:\\\/\\\/www.meydan.tv\\\/az\\\/\"},{\"@type\":\"ListItem\",\"position\":2,\"name\":\"B\u00f6lg\u0259\",\"item\":\"https:\\\/\\\/www.meydan.tv\\\/az\\\/section\\\/bolge\\\/\"},{\"@type\":\"ListItem\",\"position\":3,\"name\":\"Masall\u0131da g\u00f6zd\u0259n \u0259lil DTX ad\u0131yla aldad\u0131ld\u0131\u011f\u0131n\u0131 deyir\"}]},{\"@type\":\"WebSite\",\"@id\":\"https:\\\/\\\/www.meydan.tv\\\/az\\\/#website\",\"url\":\"https:\\\/\\\/www.meydan.tv\\\/az\\\/\",\"name\":\"MEYDAN.TV\",\"description\":\"Meydan TV Az\u0259rbaycan\u0131n media m\u0259kan\u0131ndak\u0131 alternativ s\u0259sidir\",\"publisher\":{\"@id\":\"https:\\\/\\\/www.meydan.tv\\\/az\\\/#organization\"},\"potentialAction\":[{\"@type\":\"SearchAction\",\"target\":{\"@type\":\"EntryPoint\",\"urlTemplate\":\"https:\\\/\\\/www.meydan.tv\\\/az\\\/?s={search_term_string}\"},\"query-input\":{\"@type\":\"PropertyValueSpecification\",\"valueRequired\":true,\"valueName\":\"search_term_string\"}}],\"inLanguage\":\"az\"},{\"@type\":\"Organization\",\"@id\":\"https:\\\/\\\/www.meydan.tv\\\/az\\\/#organization\",\"name\":\"Meydan TV\",\"url\":\"https:\\\/\\\/www.meydan.tv\\\/az\\\/\",\"logo\":{\"@type\":\"ImageObject\",\"inLanguage\":\"az\",\"@id\":\"https:\\\/\\\/www.meydan.tv\\\/az\\\/#\\\/schema\\\/logo\\\/image\\\/\",\"url\":\"https:\\\/\\\/www.meydan.tv\\\/wp-content\\\/uploads\\\/2021\\\/07\\\/meydan-logo.svg\",\"contentUrl\":\"https:\\\/\\\/www.meydan.tv\\\/wp-content\\\/uploads\\\/2021\\\/07\\\/meydan-logo.svg\",\"width\":195,\"height\":46,\"caption\":\"Meydan TV\"},\"image\":{\"@id\":\"https:\\\/\\\/www.meydan.tv\\\/az\\\/#\\\/schema\\\/logo\\\/image\\\/\"}},{\"@type\":\"Person\",\"@id\":\"https:\\\/\\\/www.meydan.tv\\\/az\\\/#\\\/schema\\\/person\\\/9cdbecf90d17180ce1dfbd95b08dcf47\",\"name\":\"elli\",\"sameAs\":[\"https:\\\/\\\/x.com\\\/elli\"]}]}<\/script>\n<!-- \/ Yoast SEO plugin. -->","yoast_head_json":{"title":"Masall\u0131da g\u00f6zd\u0259n \u0259lil DTX ad\u0131yla aldad\u0131ld\u0131\u011f\u0131n\u0131 deyir - MEYDAN.TV","robots":{"index":"index","follow":"follow","max-snippet":"max-snippet:-1","max-image-preview":"max-image-preview:large","max-video-preview":"max-video-preview:-1"},"canonical":"https:\/\/www.meydan.tv\/az\/article\/masallida-gozden-elil-dtx-adiyla-aldadildigini-deyir\/","og_locale":"az_AZ","og_type":"article","og_title":"Masall\u0131da g\u00f6zd\u0259n \u0259lil DTX ad\u0131yla aldad\u0131ld\u0131\u011f\u0131n\u0131 deyir - MEYDAN.TV","og_description":"Cavid H\u00fcseynov: \u201cD\u00fc\u015f\u00fcnd\u00fcm ki, d\u00f6vl\u0259t qulluq\u00e7usudular, yalan dan\u0131\u015fmayacaqlar ki\u2026\u201d Masall\u0131 ... Davam\u0131","og_url":"https:\/\/www.meydan.tv\/az\/article\/masallida-gozden-elil-dtx-adiyla-aldadildigini-deyir\/","og_site_name":"MEYDAN.TV","article_published_time":"2022-06-26T15:08:12+00:00","article_modified_time":"2022-06-26T15:08:14+00:00","og_image":[{"width":1200,"height":900,"url":"https:\/\/www.meydan.tv\/wp-content\/uploads\/43192.jpg","type":"image\/jpeg"}],"author":"elli","twitter_card":"summary_large_image","twitter_creator":"@elli","schema":{"@context":"https:\/\/schema.org","@graph":[{"@type":"Article","@id":"https:\/\/www.meydan.tv\/az\/article\/masallida-gozden-elil-dtx-adiyla-aldadildigini-deyir\/#article","isPartOf":{"@id":"https:\/\/www.meydan.tv\/az\/article\/masallida-gozden-elil-dtx-adiyla-aldadildigini-deyir\/"},"author":{"name":"elli","@id":"https:\/\/www.meydan.tv\/az\/#\/schema\/person\/9cdbecf90d17180ce1dfbd95b08dcf47"},"headline":"Masall\u0131da g\u00f6zd\u0259n \u0259lil DTX ad\u0131yla aldad\u0131ld\u0131\u011f\u0131n\u0131 deyir","datePublished":"2022-06-26T15:08:12+00:00","dateModified":"2022-06-26T15:08:14+00:00","mainEntityOfPage":{"@id":"https:\/\/www.meydan.tv\/az\/article\/masallida-gozden-elil-dtx-adiyla-aldadildigini-deyir\/"},"wordCount":1096,"publisher":{"@id":"https:\/\/www.meydan.tv\/az\/#organization"},"image":{"@id":"https:\/\/www.meydan.tv\/az\/article\/masallida-gozden-elil-dtx-adiyla-aldadildigini-deyir\/#primaryimage"},"thumbnailUrl":"https:\/\/www.meydan.tv\/wp-content\/uploads\/43192.jpg","articleSection":["B\u00f6lg\u0259","T\u00f6vsiy\u0259","X\u0259b\u0259rl\u0259r"],"inLanguage":"az"},{"@type":"WebPage","@id":"https:\/\/www.meydan.tv\/az\/article\/masallida-gozden-elil-dtx-adiyla-aldadildigini-deyir\/","url":"https:\/\/www.meydan.tv\/az\/article\/masallida-gozden-elil-dtx-adiyla-aldadildigini-deyir\/","name":"Masall\u0131da g\u00f6zd\u0259n \u0259lil DTX ad\u0131yla aldad\u0131ld\u0131\u011f\u0131n\u0131 deyir - MEYDAN.TV","isPartOf":{"@id":"https:\/\/www.meydan.tv\/az\/#website"},"primaryImageOfPage":{"@id":"https:\/\/www.meydan.tv\/az\/article\/masallida-gozden-elil-dtx-adiyla-aldadildigini-deyir\/#primaryimage"},"image":{"@id":"https:\/\/www.meydan.tv\/az\/article\/masallida-gozden-elil-dtx-adiyla-aldadildigini-deyir\/#primaryimage"},"thumbnailUrl":"https:\/\/www.meydan.tv\/wp-content\/uploads\/43192.jpg","datePublished":"2022-06-26T15:08:12+00:00","dateModified":"2022-06-26T15:08:14+00:00","breadcrumb":{"@id":"https:\/\/www.meydan.tv\/az\/article\/masallida-gozden-elil-dtx-adiyla-aldadildigini-deyir\/#breadcrumb"},"inLanguage":"az","potentialAction":[{"@type":"ReadAction","target":["https:\/\/www.meydan.tv\/az\/article\/masallida-gozden-elil-dtx-adiyla-aldadildigini-deyir\/"]}]},{"@type":"ImageObject","inLanguage":"az","@id":"https:\/\/www.meydan.tv\/az\/article\/masallida-gozden-elil-dtx-adiyla-aldadildigini-deyir\/#primaryimage","url":"https:\/\/www.meydan.tv\/wp-content\/uploads\/43192.jpg","contentUrl":"https:\/\/www.meydan.tv\/wp-content\/uploads\/43192.jpg","width":1200,"height":900,"caption":"Foto: Trend.az"},{"@type":"BreadcrumbList","@id":"https:\/\/www.meydan.tv\/az\/article\/masallida-gozden-elil-dtx-adiyla-aldadildigini-deyir\/#breadcrumb","itemListElement":[{"@type":"ListItem","position":1,"name":"Ana s\u0259hif\u0259","item":"https:\/\/www.meydan.tv\/az\/"},{"@type":"ListItem","position":2,"name":"B\u00f6lg\u0259","item":"https:\/\/www.meydan.tv\/az\/section\/bolge\/"},{"@type":"ListItem","position":3,"name":"Masall\u0131da g\u00f6zd\u0259n \u0259lil DTX ad\u0131yla aldad\u0131ld\u0131\u011f\u0131n\u0131 deyir"}]},{"@type":"WebSite","@id":"https:\/\/www.meydan.tv\/az\/#website","url":"https:\/\/www.meydan.tv\/az\/","name":"MEYDAN.TV","description":"Meydan TV Az\u0259rbaycan\u0131n media m\u0259kan\u0131ndak\u0131 alternativ s\u0259sidir","publisher":{"@id":"https:\/\/www.meydan.tv\/az\/#organization"},"potentialAction":[{"@type":"SearchAction","target":{"@type":"EntryPoint","urlTemplate":"https:\/\/www.meydan.tv\/az\/?s={search_term_string}"},"query-input":{"@type":"PropertyValueSpecification","valueRequired":true,"valueName":"search_term_string"}}],"inLanguage":"az"},{"@type":"Organization","@id":"https:\/\/www.meydan.tv\/az\/#organization","name":"Meydan TV","url":"https:\/\/www.meydan.tv\/az\/","logo":{"@type":"ImageObject","inLanguage":"az","@id":"https:\/\/www.meydan.tv\/az\/#\/schema\/logo\/image\/","url":"https:\/\/www.meydan.tv\/wp-content\/uploads\/2021\/07\/meydan-logo.svg","contentUrl":"https:\/\/www.meydan.tv\/wp-content\/uploads\/2021\/07\/meydan-logo.svg","width":195,"height":46,"caption":"Meydan TV"},"image":{"@id":"https:\/\/www.meydan.tv\/az\/#\/schema\/logo\/image\/"}},{"@type":"Person","@id":"https:\/\/www.meydan.tv\/az\/#\/schema\/person\/9cdbecf90d17180ce1dfbd95b08dcf47","name":"elli","sameAs":["https:\/\/x.com\/elli"]}]}},"_links":{"self":[{"href":"https:\/\/www.meydan.tv\/az\/wp-json\/wp\/v2\/posts\/249388","targetHints":{"allow":["GET"]}}],"collection":[{"href":"https:\/\/www.meydan.tv\/az\/wp-json\/wp\/v2\/posts"}],"about":[{"href":"https:\/\/www.meydan.tv\/az\/wp-json\/wp\/v2\/types\/post"}],"author":[{"embeddable":true,"href":"https:\/\/www.meydan.tv\/az\/wp-json\/wp\/v2\/users\/8"}],"replies":[{"embeddable":true,"href":"https:\/\/www.meydan.tv\/az\/wp-json\/wp\/v2\/comments?post=249388"}],"version-history":[{"count":2,"href":"https:\/\/www.meydan.tv\/az\/wp-json\/wp\/v2\/posts\/249388\/revisions"}],"predecessor-version":[{"id":249390,"href":"https:\/\/www.meydan.tv\/az\/wp-json\/wp\/v2\/posts\/249388\/revisions\/249390"}],"wp:featuredmedia":[{"embeddable":true,"href":"https:\/\/www.meydan.tv\/az\/wp-json\/wp\/v2\/media\/108640"}],"wp:attachment":[{"href":"https:\/\/www.meydan.tv\/az\/wp-json\/wp\/v2\/media?parent=249388"}],"wp:term":[{"taxonomy":"category","embeddable":true,"href":"https:\/\/www.meydan.tv\/az\/wp-json\/wp\/v2\/categories?post=249388"},{"taxonomy":"post_tag","embeddable":true,"href":"https:\/\/www.meydan.tv\/az\/wp-json\/wp\/v2\/tags?post=249388"}],"curies":[{"name":"wp","href":"https:\/\/api.w.org\/{rel}","templated":true}]}}