{"id":249374,"date":"2022-06-26T18:41:45","date_gmt":"2022-06-26T14:41:45","guid":{"rendered":"https:\/\/www.meydan.tv\/?p=249374"},"modified":"2022-06-26T19:22:57","modified_gmt":"2022-06-26T15:22:57","slug":"axcp-nin-rayon-teskilatinin-sedri-qetle-yetirilib","status":"publish","type":"post","link":"https:\/\/www.meydan.tv\/az\/article\/axcp-nin-rayon-teskilatinin-sedri-qetle-yetirilib\/","title":{"rendered":"AXCP-nin rayon t\u0259\u015fkilat\u0131n\u0131n s\u0259dri q\u0259tl\u0259 yetirilib"},"content":{"rendered":"\n<p><em>D\u0130N: &#8220;Hadis\u0259ni t\u00f6r\u0259d\u0259n \u015f\u0259xs saxlan\u0131l\u0131b&#8221;<\/em><\/p>\n\n\n\n<p>\u0130yunun 26-da Az\u0259rbaycan Xalq C\u0259bh\u0259si Partiyas\u0131n\u0131n (AXCP) \u0412\u0259rd\u0259 rayon t\u0259\u015fkilat\u0131n\u0131n s\u0259dri \u00c7apay Sad\u0131ql\u0131n\u0131n q\u0259tl\u0259 yetirildiyi bildirilir.<\/p>\n\n\n\n<p>Hadis\u0259nin B\u0259rd\u0259nin Samux k\u0259ndind\u0259 qeyd\u0259 al\u0131nd\u0131\u011f\u0131 deyilir.<\/p>\n\n\n\n<p>Daxili \u0130\u015fl\u0259r Nazirliyinin (D\u0130N) M\u0259tbuat Xidm\u0259tinin K\u0130V v\u0259 ictimaiyy\u0259tl\u0259 \u0259laq\u0259l\u0259r \u015f\u00f6b\u0259sinin r\u0259isi El\u015fad Hac\u0131yev m\u0259lumat\u0131 Meydan TV-y\u0259 t\u0259sdiql\u0259yib.<\/p>\n\n\n\n<p>El\u015fad Hac\u0131yevin s\u00f6zl\u0259rin\u0259 g\u00f6r\u0259, \u00c7apay Sad\u0131ql\u0131yla qon\u015fusu, 1968-ci il t\u0259v\u0259ll\u00fcdl\u00fc Xaz\u0259r M\u0259mm\u0259dov aras\u0131nda m\u00fcbahis\u0259 yaran\u0131b: <\/p>\n\n\n\n<p>&#8220;M\u00fcbahis\u0259y\u0259 s\u0259b\u0259b haz\u0131rda m\u0259hk\u0259m\u0259 \u00e7\u0259ki\u015fm\u0259sind\u0259 olan 2 hektarl\u0131q torpaq sah\u0259si olub. N\u0259tic\u0259d\u0259 Xaz\u0259r M\u0259mm\u0259dov \u00c7apay Sad\u0131ql\u0131n\u0131 d\u0259ryazla vuraraq \u00f6ld\u00fcr\u00fcb&#8221;.<\/p>\n\n\n\n<p>D\u0130N r\u0259smisi deyib ki, B\u0259rd\u0259 Rayon Polis \u015e\u00f6b\u0259sinin \u0259m\u0259kda\u015flar\u0131n\u0131n ke\u00e7irdiyi \u0259m\u0259liyyat t\u0259dbirl\u0259ri n\u0259tic\u0259sind\u0259 hadis\u0259ni t\u00f6r\u0259tm\u0259kd\u0259 \u015f\u00fcbh\u0259li bilin\u0259n Xaz\u0259r M\u0259mm\u0259dov saxlan\u0131l\u0131b: <\/p>\n\n\n\n<p>&#8220;Onun bar\u0259sind\u0259 cinay\u0259t i\u015fi ba\u015flan\u0131b&#8221;.<\/p>\n\n\n\n<p>O, \u00c7apay Sad\u0131ql\u0131n\u0131n \u00f6l\u00fcm\u00fcnd\u0259 h\u0259r hans\u0131 siyasi motivin olmad\u0131\u011f\u0131n\u0131 \u0259lav\u0259 edib.<\/p>\n\n\n\n<p>AXCP R\u0259yas\u0259t Hey\u0259tinin \u00fczv\u00fc Nem\u0259t \u018fliyev partiyada\u015f\u0131n\u0131n q\u0259tlind\u0259n bir ne\u00e7\u0259 d\u0259qiq\u0259 \u0259vv\u0259l x\u0259b\u0259r ald\u0131\u011f\u0131n\u0131 s\u00f6yl\u0259yib: <\/p>\n\n\n\n<p>&#8220;\u00c7apay m\u00fc\u0259lliml\u0259 \u00e7ox yax\u0131n olmu\u015fuq. O, rayonda h\u0259m riyaziyyat m\u00fc\u0259llimi, h\u0259m d\u0259 f\u0259al c\u0259bh\u0259\u00e7i kimi n\u00fcfuz qazanm\u0131\u015fd\u0131. \u00d6l\u00fcm\u00fc ham\u0131m\u0131z\u0131 sars\u0131d\u0131b, h\u0259l\u0259 d\u0259 inana bilmirik&#8221;. <\/p>\n\n\n\n<p>N. \u018fliyev yerli m\u0259hk\u0259m\u0259nin \u00c7.Sad\u0131ql\u0131n\u0131n lehin\u0259 q\u0259rar \u00e7\u0131xartd\u0131\u011f\u0131n\u0131 bildirib: <\/p>\n\n\n\n<p>&#8220;B\u0259li, m\u00fcbahis\u0259li torpaq sah\u0259si olub, rayon m\u0259hk\u0259m\u0259si d\u0259 \u00c7apay b\u0259yin lehin\u0259 q\u0259rar \u00e7\u0131xar\u0131b, m\u0259s\u0259l\u0259 bitib. Ancaq qon\u015fu bu g\u00fcn g\u0259lib \u00c7apay m\u00fc\u0259lliml\u0259 yenid\u0259n m\u00fcbahis\u0259 edib v\u0259 m\u0259lum h\u0259r\u0259k\u0259ti t\u00f6r\u0259dib. Ona g\u00f6r\u0259 indiki halda \u0259razini m\u00fcbahis\u0259li hesab etm\u0259k do\u011fru olmazd\u0131&#8221;.  <\/p>\n","protected":false},"excerpt":{"rendered":"<p>D\u0130N: &#8220;Hadis\u0259ni t\u00f6r\u0259d\u0259n \u015f\u0259xs saxlan\u0131l\u0131b&#8221; \u0130yunun 26-da Az\u0259rbaycan Xalq C\u0259bh\u0259si &#8230; <\/p>\n<p class=\"read-more-container\"><a title=\"AXCP-nin rayon t\u0259\u015fkilat\u0131n\u0131n s\u0259dri q\u0259tl\u0259 yetirilib\" class=\"read-more button\" href=\"https:\/\/www.meydan.tv\/az\/article\/axcp-nin-rayon-teskilatinin-sedri-qetle-yetirilib\/#more-249374\" aria-label=\"Read more about AXCP-nin rayon t\u0259\u015fkilat\u0131n\u0131n s\u0259dri q\u0259tl\u0259 yetirilib\">Davam\u0131<\/a><\/p>\n","protected":false},"author":8,"featured_media":249371,"comment_status":"closed","ping_status":"closed","sticky":false,"template":"","format":"standard","meta":{"_acf_changed":false,"_sitemap_exclude":false,"_sitemap_priority":"","_sitemap_frequency":"","footnotes":""},"categories":[60,79,56],"tags":[],"class_list":["post-249374","post","type-post","status-publish","format-standard","has-post-thumbnail","hentry","category-bolge","category-featured","category-xeberler","infinite-scroll-item","generate-columns","tablet-grid-50","mobile-grid-100","grid-parent","grid-33","no-featured-image-padding"],"acf":[],"yoast_head":"<!-- This site is optimized with the Yoast SEO plugin v27.5 - https:\/\/yoast.com\/product\/yoast-seo-wordpress\/ -->\n<title>AXCP-nin rayon t\u0259\u015fkilat\u0131n\u0131n s\u0259dri q\u0259tl\u0259 yetirilib - MEYDAN.TV<\/title>\n<meta name=\"robots\" content=\"index, follow, max-snippet:-1, max-image-preview:large, max-video-preview:-1\" \/>\n<link rel=\"canonical\" href=\"https:\/\/www.meydan.tv\/az\/article\/axcp-nin-rayon-teskilatinin-sedri-qetle-yetirilib\/\" \/>\n<meta property=\"og:locale\" content=\"az_AZ\" \/>\n<meta property=\"og:type\" content=\"article\" \/>\n<meta property=\"og:title\" content=\"AXCP-nin rayon t\u0259\u015fkilat\u0131n\u0131n s\u0259dri q\u0259tl\u0259 yetirilib - MEYDAN.TV\" \/>\n<meta property=\"og:description\" content=\"D\u0130N: &#8220;Hadis\u0259ni t\u00f6r\u0259d\u0259n \u015f\u0259xs saxlan\u0131l\u0131b&#8221; \u0130yunun 26-da Az\u0259rbaycan Xalq C\u0259bh\u0259si ... Davam\u0131\" \/>\n<meta property=\"og:url\" content=\"https:\/\/www.meydan.tv\/az\/article\/axcp-nin-rayon-teskilatinin-sedri-qetle-yetirilib\/\" \/>\n<meta property=\"og:site_name\" content=\"MEYDAN.TV\" \/>\n<meta property=\"article:published_time\" content=\"2022-06-26T14:41:45+00:00\" \/>\n<meta property=\"article:modified_time\" content=\"2022-06-26T15:22:57+00:00\" \/>\n<meta property=\"og:image\" content=\"https:\/\/www.meydan.tv\/wp-content\/uploads\/untitled-design-47.jpg\" \/>\n\t<meta property=\"og:image:width\" content=\"1200\" \/>\n\t<meta property=\"og:image:height\" content=\"800\" \/>\n\t<meta property=\"og:image:type\" content=\"image\/jpeg\" \/>\n<meta name=\"author\" content=\"elli\" \/>\n<meta name=\"twitter:card\" content=\"summary_large_image\" \/>\n<meta name=\"twitter:creator\" content=\"@elli\" \/>\n<script type=\"application\/ld+json\" class=\"yoast-schema-graph\">{\"@context\":\"https:\\\/\\\/schema.org\",\"@graph\":[{\"@type\":\"Article\",\"@id\":\"https:\\\/\\\/www.meydan.tv\\\/az\\\/article\\\/axcp-nin-rayon-teskilatinin-sedri-qetle-yetirilib\\\/#article\",\"isPartOf\":{\"@id\":\"https:\\\/\\\/www.meydan.tv\\\/az\\\/article\\\/axcp-nin-rayon-teskilatinin-sedri-qetle-yetirilib\\\/\"},\"author\":{\"name\":\"elli\",\"@id\":\"https:\\\/\\\/www.meydan.tv\\\/az\\\/#\\\/schema\\\/person\\\/9cdbecf90d17180ce1dfbd95b08dcf47\"},\"headline\":\"AXCP-nin rayon t\u0259\u015fkilat\u0131n\u0131n s\u0259dri q\u0259tl\u0259 yetirilib\",\"datePublished\":\"2022-06-26T14:41:45+00:00\",\"dateModified\":\"2022-06-26T15:22:57+00:00\",\"mainEntityOfPage\":{\"@id\":\"https:\\\/\\\/www.meydan.tv\\\/az\\\/article\\\/axcp-nin-rayon-teskilatinin-sedri-qetle-yetirilib\\\/\"},\"wordCount\":461,\"publisher\":{\"@id\":\"https:\\\/\\\/www.meydan.tv\\\/az\\\/#organization\"},\"image\":{\"@id\":\"https:\\\/\\\/www.meydan.tv\\\/az\\\/article\\\/axcp-nin-rayon-teskilatinin-sedri-qetle-yetirilib\\\/#primaryimage\"},\"thumbnailUrl\":\"https:\\\/\\\/www.meydan.tv\\\/wp-content\\\/uploads\\\/untitled-design-47.jpg\",\"articleSection\":[\"B\u00f6lg\u0259\",\"T\u00f6vsiy\u0259\",\"X\u0259b\u0259rl\u0259r\"],\"inLanguage\":\"az\"},{\"@type\":\"WebPage\",\"@id\":\"https:\\\/\\\/www.meydan.tv\\\/az\\\/article\\\/axcp-nin-rayon-teskilatinin-sedri-qetle-yetirilib\\\/\",\"url\":\"https:\\\/\\\/www.meydan.tv\\\/az\\\/article\\\/axcp-nin-rayon-teskilatinin-sedri-qetle-yetirilib\\\/\",\"name\":\"AXCP-nin rayon t\u0259\u015fkilat\u0131n\u0131n s\u0259dri q\u0259tl\u0259 yetirilib - MEYDAN.TV\",\"isPartOf\":{\"@id\":\"https:\\\/\\\/www.meydan.tv\\\/az\\\/#website\"},\"primaryImageOfPage\":{\"@id\":\"https:\\\/\\\/www.meydan.tv\\\/az\\\/article\\\/axcp-nin-rayon-teskilatinin-sedri-qetle-yetirilib\\\/#primaryimage\"},\"image\":{\"@id\":\"https:\\\/\\\/www.meydan.tv\\\/az\\\/article\\\/axcp-nin-rayon-teskilatinin-sedri-qetle-yetirilib\\\/#primaryimage\"},\"thumbnailUrl\":\"https:\\\/\\\/www.meydan.tv\\\/wp-content\\\/uploads\\\/untitled-design-47.jpg\",\"datePublished\":\"2022-06-26T14:41:45+00:00\",\"dateModified\":\"2022-06-26T15:22:57+00:00\",\"breadcrumb\":{\"@id\":\"https:\\\/\\\/www.meydan.tv\\\/az\\\/article\\\/axcp-nin-rayon-teskilatinin-sedri-qetle-yetirilib\\\/#breadcrumb\"},\"inLanguage\":\"az\",\"potentialAction\":[{\"@type\":\"ReadAction\",\"target\":[\"https:\\\/\\\/www.meydan.tv\\\/az\\\/article\\\/axcp-nin-rayon-teskilatinin-sedri-qetle-yetirilib\\\/\"]}]},{\"@type\":\"ImageObject\",\"inLanguage\":\"az\",\"@id\":\"https:\\\/\\\/www.meydan.tv\\\/az\\\/article\\\/axcp-nin-rayon-teskilatinin-sedri-qetle-yetirilib\\\/#primaryimage\",\"url\":\"https:\\\/\\\/www.meydan.tv\\\/wp-content\\\/uploads\\\/untitled-design-47.jpg\",\"contentUrl\":\"https:\\\/\\\/www.meydan.tv\\\/wp-content\\\/uploads\\\/untitled-design-47.jpg\",\"width\":1200,\"height\":800,\"caption\":\"Saday Sad\u0131ql\u0131. M\u0259nb\u0259: \\\"Facebook\\\"\"},{\"@type\":\"BreadcrumbList\",\"@id\":\"https:\\\/\\\/www.meydan.tv\\\/az\\\/article\\\/axcp-nin-rayon-teskilatinin-sedri-qetle-yetirilib\\\/#breadcrumb\",\"itemListElement\":[{\"@type\":\"ListItem\",\"position\":1,\"name\":\"Ana s\u0259hif\u0259\",\"item\":\"https:\\\/\\\/www.meydan.tv\\\/az\\\/\"},{\"@type\":\"ListItem\",\"position\":2,\"name\":\"B\u00f6lg\u0259\",\"item\":\"https:\\\/\\\/www.meydan.tv\\\/az\\\/section\\\/bolge\\\/\"},{\"@type\":\"ListItem\",\"position\":3,\"name\":\"AXCP-nin rayon t\u0259\u015fkilat\u0131n\u0131n s\u0259dri q\u0259tl\u0259 yetirilib\"}]},{\"@type\":\"WebSite\",\"@id\":\"https:\\\/\\\/www.meydan.tv\\\/az\\\/#website\",\"url\":\"https:\\\/\\\/www.meydan.tv\\\/az\\\/\",\"name\":\"MEYDAN.TV\",\"description\":\"Meydan TV Az\u0259rbaycan\u0131n media m\u0259kan\u0131ndak\u0131 alternativ s\u0259sidir\",\"publisher\":{\"@id\":\"https:\\\/\\\/www.meydan.tv\\\/az\\\/#organization\"},\"potentialAction\":[{\"@type\":\"SearchAction\",\"target\":{\"@type\":\"EntryPoint\",\"urlTemplate\":\"https:\\\/\\\/www.meydan.tv\\\/az\\\/?s={search_term_string}\"},\"query-input\":{\"@type\":\"PropertyValueSpecification\",\"valueRequired\":true,\"valueName\":\"search_term_string\"}}],\"inLanguage\":\"az\"},{\"@type\":\"Organization\",\"@id\":\"https:\\\/\\\/www.meydan.tv\\\/az\\\/#organization\",\"name\":\"Meydan TV\",\"url\":\"https:\\\/\\\/www.meydan.tv\\\/az\\\/\",\"logo\":{\"@type\":\"ImageObject\",\"inLanguage\":\"az\",\"@id\":\"https:\\\/\\\/www.meydan.tv\\\/az\\\/#\\\/schema\\\/logo\\\/image\\\/\",\"url\":\"https:\\\/\\\/www.meydan.tv\\\/wp-content\\\/uploads\\\/2021\\\/07\\\/meydan-logo.svg\",\"contentUrl\":\"https:\\\/\\\/www.meydan.tv\\\/wp-content\\\/uploads\\\/2021\\\/07\\\/meydan-logo.svg\",\"width\":195,\"height\":46,\"caption\":\"Meydan TV\"},\"image\":{\"@id\":\"https:\\\/\\\/www.meydan.tv\\\/az\\\/#\\\/schema\\\/logo\\\/image\\\/\"}},{\"@type\":\"Person\",\"@id\":\"https:\\\/\\\/www.meydan.tv\\\/az\\\/#\\\/schema\\\/person\\\/9cdbecf90d17180ce1dfbd95b08dcf47\",\"name\":\"elli\",\"sameAs\":[\"https:\\\/\\\/x.com\\\/elli\"]}]}<\/script>\n<!-- \/ Yoast SEO plugin. -->","yoast_head_json":{"title":"AXCP-nin rayon t\u0259\u015fkilat\u0131n\u0131n s\u0259dri q\u0259tl\u0259 yetirilib - MEYDAN.TV","robots":{"index":"index","follow":"follow","max-snippet":"max-snippet:-1","max-image-preview":"max-image-preview:large","max-video-preview":"max-video-preview:-1"},"canonical":"https:\/\/www.meydan.tv\/az\/article\/axcp-nin-rayon-teskilatinin-sedri-qetle-yetirilib\/","og_locale":"az_AZ","og_type":"article","og_title":"AXCP-nin rayon t\u0259\u015fkilat\u0131n\u0131n s\u0259dri q\u0259tl\u0259 yetirilib - MEYDAN.TV","og_description":"D\u0130N: &#8220;Hadis\u0259ni t\u00f6r\u0259d\u0259n \u015f\u0259xs saxlan\u0131l\u0131b&#8221; \u0130yunun 26-da Az\u0259rbaycan Xalq C\u0259bh\u0259si ... Davam\u0131","og_url":"https:\/\/www.meydan.tv\/az\/article\/axcp-nin-rayon-teskilatinin-sedri-qetle-yetirilib\/","og_site_name":"MEYDAN.TV","article_published_time":"2022-06-26T14:41:45+00:00","article_modified_time":"2022-06-26T15:22:57+00:00","og_image":[{"width":1200,"height":800,"url":"https:\/\/www.meydan.tv\/wp-content\/uploads\/untitled-design-47.jpg","type":"image\/jpeg"}],"author":"elli","twitter_card":"summary_large_image","twitter_creator":"@elli","schema":{"@context":"https:\/\/schema.org","@graph":[{"@type":"Article","@id":"https:\/\/www.meydan.tv\/az\/article\/axcp-nin-rayon-teskilatinin-sedri-qetle-yetirilib\/#article","isPartOf":{"@id":"https:\/\/www.meydan.tv\/az\/article\/axcp-nin-rayon-teskilatinin-sedri-qetle-yetirilib\/"},"author":{"name":"elli","@id":"https:\/\/www.meydan.tv\/az\/#\/schema\/person\/9cdbecf90d17180ce1dfbd95b08dcf47"},"headline":"AXCP-nin rayon t\u0259\u015fkilat\u0131n\u0131n s\u0259dri q\u0259tl\u0259 yetirilib","datePublished":"2022-06-26T14:41:45+00:00","dateModified":"2022-06-26T15:22:57+00:00","mainEntityOfPage":{"@id":"https:\/\/www.meydan.tv\/az\/article\/axcp-nin-rayon-teskilatinin-sedri-qetle-yetirilib\/"},"wordCount":461,"publisher":{"@id":"https:\/\/www.meydan.tv\/az\/#organization"},"image":{"@id":"https:\/\/www.meydan.tv\/az\/article\/axcp-nin-rayon-teskilatinin-sedri-qetle-yetirilib\/#primaryimage"},"thumbnailUrl":"https:\/\/www.meydan.tv\/wp-content\/uploads\/untitled-design-47.jpg","articleSection":["B\u00f6lg\u0259","T\u00f6vsiy\u0259","X\u0259b\u0259rl\u0259r"],"inLanguage":"az"},{"@type":"WebPage","@id":"https:\/\/www.meydan.tv\/az\/article\/axcp-nin-rayon-teskilatinin-sedri-qetle-yetirilib\/","url":"https:\/\/www.meydan.tv\/az\/article\/axcp-nin-rayon-teskilatinin-sedri-qetle-yetirilib\/","name":"AXCP-nin rayon t\u0259\u015fkilat\u0131n\u0131n s\u0259dri q\u0259tl\u0259 yetirilib - MEYDAN.TV","isPartOf":{"@id":"https:\/\/www.meydan.tv\/az\/#website"},"primaryImageOfPage":{"@id":"https:\/\/www.meydan.tv\/az\/article\/axcp-nin-rayon-teskilatinin-sedri-qetle-yetirilib\/#primaryimage"},"image":{"@id":"https:\/\/www.meydan.tv\/az\/article\/axcp-nin-rayon-teskilatinin-sedri-qetle-yetirilib\/#primaryimage"},"thumbnailUrl":"https:\/\/www.meydan.tv\/wp-content\/uploads\/untitled-design-47.jpg","datePublished":"2022-06-26T14:41:45+00:00","dateModified":"2022-06-26T15:22:57+00:00","breadcrumb":{"@id":"https:\/\/www.meydan.tv\/az\/article\/axcp-nin-rayon-teskilatinin-sedri-qetle-yetirilib\/#breadcrumb"},"inLanguage":"az","potentialAction":[{"@type":"ReadAction","target":["https:\/\/www.meydan.tv\/az\/article\/axcp-nin-rayon-teskilatinin-sedri-qetle-yetirilib\/"]}]},{"@type":"ImageObject","inLanguage":"az","@id":"https:\/\/www.meydan.tv\/az\/article\/axcp-nin-rayon-teskilatinin-sedri-qetle-yetirilib\/#primaryimage","url":"https:\/\/www.meydan.tv\/wp-content\/uploads\/untitled-design-47.jpg","contentUrl":"https:\/\/www.meydan.tv\/wp-content\/uploads\/untitled-design-47.jpg","width":1200,"height":800,"caption":"Saday Sad\u0131ql\u0131. M\u0259nb\u0259: \"Facebook\""},{"@type":"BreadcrumbList","@id":"https:\/\/www.meydan.tv\/az\/article\/axcp-nin-rayon-teskilatinin-sedri-qetle-yetirilib\/#breadcrumb","itemListElement":[{"@type":"ListItem","position":1,"name":"Ana s\u0259hif\u0259","item":"https:\/\/www.meydan.tv\/az\/"},{"@type":"ListItem","position":2,"name":"B\u00f6lg\u0259","item":"https:\/\/www.meydan.tv\/az\/section\/bolge\/"},{"@type":"ListItem","position":3,"name":"AXCP-nin rayon t\u0259\u015fkilat\u0131n\u0131n s\u0259dri q\u0259tl\u0259 yetirilib"}]},{"@type":"WebSite","@id":"https:\/\/www.meydan.tv\/az\/#website","url":"https:\/\/www.meydan.tv\/az\/","name":"MEYDAN.TV","description":"Meydan TV Az\u0259rbaycan\u0131n media m\u0259kan\u0131ndak\u0131 alternativ s\u0259sidir","publisher":{"@id":"https:\/\/www.meydan.tv\/az\/#organization"},"potentialAction":[{"@type":"SearchAction","target":{"@type":"EntryPoint","urlTemplate":"https:\/\/www.meydan.tv\/az\/?s={search_term_string}"},"query-input":{"@type":"PropertyValueSpecification","valueRequired":true,"valueName":"search_term_string"}}],"inLanguage":"az"},{"@type":"Organization","@id":"https:\/\/www.meydan.tv\/az\/#organization","name":"Meydan TV","url":"https:\/\/www.meydan.tv\/az\/","logo":{"@type":"ImageObject","inLanguage":"az","@id":"https:\/\/www.meydan.tv\/az\/#\/schema\/logo\/image\/","url":"https:\/\/www.meydan.tv\/wp-content\/uploads\/2021\/07\/meydan-logo.svg","contentUrl":"https:\/\/www.meydan.tv\/wp-content\/uploads\/2021\/07\/meydan-logo.svg","width":195,"height":46,"caption":"Meydan TV"},"image":{"@id":"https:\/\/www.meydan.tv\/az\/#\/schema\/logo\/image\/"}},{"@type":"Person","@id":"https:\/\/www.meydan.tv\/az\/#\/schema\/person\/9cdbecf90d17180ce1dfbd95b08dcf47","name":"elli","sameAs":["https:\/\/x.com\/elli"]}]}},"_links":{"self":[{"href":"https:\/\/www.meydan.tv\/az\/wp-json\/wp\/v2\/posts\/249374","targetHints":{"allow":["GET"]}}],"collection":[{"href":"https:\/\/www.meydan.tv\/az\/wp-json\/wp\/v2\/posts"}],"about":[{"href":"https:\/\/www.meydan.tv\/az\/wp-json\/wp\/v2\/types\/post"}],"author":[{"embeddable":true,"href":"https:\/\/www.meydan.tv\/az\/wp-json\/wp\/v2\/users\/8"}],"replies":[{"embeddable":true,"href":"https:\/\/www.meydan.tv\/az\/wp-json\/wp\/v2\/comments?post=249374"}],"version-history":[{"count":4,"href":"https:\/\/www.meydan.tv\/az\/wp-json\/wp\/v2\/posts\/249374\/revisions"}],"predecessor-version":[{"id":249394,"href":"https:\/\/www.meydan.tv\/az\/wp-json\/wp\/v2\/posts\/249374\/revisions\/249394"}],"wp:featuredmedia":[{"embeddable":true,"href":"https:\/\/www.meydan.tv\/az\/wp-json\/wp\/v2\/media\/249371"}],"wp:attachment":[{"href":"https:\/\/www.meydan.tv\/az\/wp-json\/wp\/v2\/media?parent=249374"}],"wp:term":[{"taxonomy":"category","embeddable":true,"href":"https:\/\/www.meydan.tv\/az\/wp-json\/wp\/v2\/categories?post=249374"},{"taxonomy":"post_tag","embeddable":true,"href":"https:\/\/www.meydan.tv\/az\/wp-json\/wp\/v2\/tags?post=249374"}],"curies":[{"name":"wp","href":"https:\/\/api.w.org\/{rel}","templated":true}]}}