{"id":249350,"date":"2022-06-25T17:53:08","date_gmt":"2022-06-25T13:53:08","guid":{"rendered":"https:\/\/www.meydan.tv\/?p=249350"},"modified":"2022-06-25T17:53:10","modified_gmt":"2022-06-25T13:53:10","slug":"zerdab-sakini-demek-isteyirler-ki-ayagini-uzat-ol","status":"publish","type":"post","link":"https:\/\/www.meydan.tv\/az\/article\/zerdab-sakini-demek-isteyirler-ki-ayagini-uzat-ol\/","title":{"rendered":"Z\u0259rdab sakini: Dem\u0259k ist\u0259yirl\u0259r ki, aya\u011f\u0131n\u0131 uzat, \u00f6l\u2026"},"content":{"rendered":"\n<p><\/p>\n\n\n\n<p><em>Yataq x\u0259st\u0259si olan 39 ya\u015fl\u0131 Samir \u0130sayev n\u0259 m\u00fcalic\u0259 olundu\u011funu, n\u0259 d\u0259 t\u0259qa\u00fcd ala bildiyini deyir<\/em><\/p>\n\n\n\n<p>Z\u0259rdab rayonunun \u00c7all\u0131 k\u0259nd sakini Samir \u0130sayev xeyli vaxtd\u0131r ki, yataq x\u0259st\u0259sidir. O, t\u0259kba\u015f\u0131na h\u0259r\u0259k\u0259t ed\u0259 bilmir, h\u0259tta t\u0259bii ehtiyaclar\u0131n\u0131 \u00f6d\u0259m\u0259k \u00fc\u00e7\u00fcn yax\u0131nlar\u0131n\u0131n k\u00f6m\u0259yin\u0259 ehtiyac duyur. Onu \u0259n \u00e7ox a\u011fr\u0131dan budur ki, bu v\u0259ziyy\u0259tin n\u0259 q\u0259d\u0259r davam ed\u0259c\u0259yi b\u0259lli deyil. \u00c7\u00fcnki ail\u0259nin maddi durumu ona m\u00fcalic\u0259 olunma\u011fa imkan vermir.<\/p>\n\n\n\n<p><strong>\u201cLaz\u0131mi m\u00fcalic\u0259 ala bilm\u0259diyim\u0259 g\u00f6r\u0259 v\u0259ziyy\u0259tim g\u00fcnd\u0259n-g\u00fcn\u0259 pisl\u0259\u015fir\u201d<\/strong><\/p>\n\n\n\n<p>39 ya\u015fl\u0131 Samir \u0130sayevin \u00fc\u00e7 \u00f6vlad\u0131 var, he\u00e7 biri yetkinlik ya\u015f\u0131na \u00e7atmay\u0131b. O, ail\u0259d\u0259 s\u0259hh\u0259tind\u0259 problem olan yegan\u0259 adam deyil \u2013 ortanc\u0131l q\u0131z\u0131 da epilepsiya x\u0259st\u0259liyind\u0259n \u0259ziyy\u0259t \u00e7\u0259kir.<\/p>\n\n\n\n<p>\u201cUtan\u0131ram, x\u0259cal\u0259t \u00e7\u0259kir\u0259m. 65 ya\u015fl\u0131 anam, h\u0259yat yolda\u015f\u0131m g\u00fcn\u00fc 10 manata pamb\u0131\u011fa gedir, ail\u0259 bunun hesab\u0131na dolan\u0131r. Laz\u0131m olan m\u00fcalic\u0259ni ala bilm\u0259diyim\u0259 g\u00f6r\u0259 v\u0259ziyy\u0259tim g\u00fcnd\u0259n-g\u00fcn\u0259 pisl\u0259\u015fir. \u0130mkan ancaq a\u011fr\u0131k\u0259siciy\u0259 \u00e7at\u0131r, onu al\u0131r\u0131q. B\u0259z\u0259n m\u0259cbur olub T\u0259cili Tibbi Yard\u0131m \u00e7a\u011f\u0131r\u0131r\u0131q, onlar da g\u0259lib, \u201cAnalgin\u201d, \u201cDimedrol\u201d, \u201cDibazol\u201d vurub gedirl\u0259r. Bununla m\u00fcalic\u0259 olmur ax\u0131. Evin probleml\u0259ri, u\u015fa\u011f\u0131n x\u0259st\u0259liyi d\u0259 bir yandan\u2026\u201d.<\/p>\n\n\n\n<p><strong>\u201cN\u0259inki m\u00fcalic\u0259y\u0259, he\u00e7 Bak\u0131ya getm\u0259y\u0259 pul tapm\u0131ram\u201d<\/strong><\/p>\n\n\n\n<p>Samir \u0130sayev dan\u0131\u015f\u0131r ki, \u0259vv\u0259ll\u0259r Bak\u0131da taksi f\u0259aliyy\u0259til\u0259 ail\u0259nin dolan\u0131\u015f\u0131\u011f\u0131n\u0131 t\u0259min edirdi. Bak\u0131da qazand\u0131\u011f\u0131 pulu Z\u0259rdaba &#8211; ail\u0259sin\u0259 g\u00f6nd\u0259rirdi. Onun s\u00f6zl\u0259rin\u0259 g\u00f6r\u0259, s\u00fcrd\u00fcy\u00fc avtomobili d\u0259 bibisi o\u011flu vermi\u015fdi ki, u\u015faqlar\u0131 ac qalmas\u0131n. Ancaq x\u0259st\u0259liy\u0259 g\u00f6r\u0259 o ma\u015f\u0131n\u0131 sat\u0131b, m\u00fcalic\u0259y\u0259 x\u0259rcl\u0259yib:<\/p>\n\n\n\n<p>\u201c2020-ci ild\u0259 a\u00e7\u0131q \u00fcr\u0259k \u0259m\u0259liyyat\u0131 ke\u00e7irdim. O ma\u015f\u0131n\u0131 da satd\u0131m, kredit d\u0259 g\u00f6t\u00fcrd\u00fcm. Sonra m\u0259nd\u0259 da\u011f\u0131n\u0131q skleroz x\u0259st\u0259liyi yarand\u0131. 1 ay 20 g\u00fcn\u00fcn i\u00e7ind\u0259 \u00fc\u00e7 d\u0259f\u0259 MRT, bir d\u0259f\u0259 KT olundum. Onda dedil\u0259r ki, da\u011f\u0131n\u0131q sklerozdur. Bu x\u0259st\u0259liyin m\u00fcayin\u0259 v\u0259 m\u00fcalic\u0259si \u00fc\u00e7\u00fcn xeyli v\u0259sait laz\u0131md\u0131r. Bak\u0131da x\u0259st\u0259xanada m\u0259n\u0259 dedil\u0259r ki, \u201cfunksiya el\u0259m\u0259liyik\u201d. \u0130mkan\u0131m \u00e7atmad\u0131, el\u0259tdirm\u0259dim. Yar\u0131m\u00e7\u0131q qay\u0131d\u0131b g\u0259ldim. \u0130ndi n\u0259inki m\u00fcalic\u0259y\u0259, he\u00e7 Bak\u0131ya getm\u0259y\u0259 d\u0259 imkan\u0131m \u00e7atm\u0131r\u201d.<\/p>\n\n\n<div class=\"wp-block-image\">\n<figure class=\"alignleft size-full is-resized\"><img decoding=\"async\" data-src=\"https:\/\/www.meydan.tv\/wp-content\/uploads\/photo-2022-06-25-12-28-22-1.jpg\" alt=\"\" class=\"wp-image-249347 lazyload\" width=\"254\" height=\"452\" src=\"data:image\/svg+xml;base64,PHN2ZyB3aWR0aD0iMSIgaGVpZ2h0PSIxIiB4bWxucz0iaHR0cDovL3d3dy53My5vcmcvMjAwMC9zdmciPjwvc3ZnPg==\" style=\"--smush-placeholder-width: 254px; --smush-placeholder-aspect-ratio: 254\/452;\" \/><figcaption>Samir \u0130sayev. Foto: Meydan TV<\/figcaption><\/figure>\n<\/div>\n\n\n<p>\u00c7all\u0131 sakini deyir ki, durumunun a\u011f\u0131rl\u0131\u011f\u0131na g\u00f6r\u0259 Z\u0259rdab Rayon \u0130cra Hakimiyy\u0259tind\u0259n d\u0259 k\u00f6m\u0259k ist\u0259yib. Onun s\u00f6zl\u0259rin\u0259 g\u00f6r\u0259, \u00e7\u0259tinlikl\u0259 d\u0259 olsa, rayona \u2013 icra ba\u015f\u00e7\u0131s\u0131 M\u0259rdan Camalzad\u0259nin q\u0259buluna gedib. Amma icra ba\u015f\u00e7\u0131s\u0131yla g\u00f6r\u00fc\u015f\u0259 bilm\u0259yib.<\/p>\n\n\n\n<p><strong>\u201cD\u0259rdimi dan\u0131\u015f\u0131ram, m\u0259n\u0259 deyir ki, m\u0259ktub yaz\u201d<\/strong><\/p>\n\n\n\n<p>\u201c\u0130cra ba\u015f\u00e7\u0131s\u0131 m\u0259ni q\u0259bul el\u0259m\u0259di, a\u015fa\u011f\u0131da bir qad\u0131n q\u0259bul el\u0259di. Ona v\u0259ziyy\u0259timi dan\u0131\u015fd\u0131m. Dedi ki, icra hakimiyy\u0259tinin b\u00fcdc\u0259sind\u0259 bel\u0259 hallar \u00fc\u00e7\u00fcn v\u0259sait n\u0259z\u0259rd\u0259 tutulmay\u0131b. Prezident\u0259, vitse-prezident\u0259, S\u0259hiyy\u0259 Nazirliyin\u0259, \u018fm\u0259k v\u0259 \u018fhalinin Sosial M\u00fcdafi\u0259si nazirin\u0259 n\u0259 q\u0259d\u0259r m\u0259ktublar yazm\u0131\u015fam. Bizim t\u0259r\u0259fin deputat\u0131 Jal\u0259 \u018fliyeva da v\u0259ziyy\u0259timd\u0259n x\u0259b\u0259rdard\u0131r. O, t\u0259xmin\u0259n 1 il \u0259vv\u0259l rayona g\u0259lmi\u015fdi, g\u00f6r\u00fc\u015f ke\u00e7irirdi. Onda gedib dan\u0131\u015fd\u0131m. D\u0259rdimi dan\u0131\u015f\u0131ram, m\u0259n\u0259 deyir ki, \u201cm\u0259ktub yaz\u201d. \u0130nan\u0131n, art\u0131q m\u0259ktub yaz\u0131b g\u00f6nd\u0259rm\u0259y\u0259 d\u0259 pulum \u00e7atm\u0131r\u2026\u201d, &#8211; gileyl\u0259nir.<\/p>\n\n\n\n<p>Samir \u0130sayev vur\u011fulay\u0131b ki, \u0259sas ist\u0259yi sa\u011fal\u0131b aya\u011fa qalxmaqd\u0131r. O, \u0259lilliy\u0259 g\u00f6r\u0259 t\u0259qa\u00fcd almaqdan \u00f6tr\u00fc d\u0259 bir s\u0131ra d\u00f6vl\u0259t orqanlar\u0131na \u00fcz tutub. Deyir ki, he\u00e7 olmasa, pensiyan\u0131n hesab\u0131na m\u00fcalic\u0259 olunaca\u011f\u0131na \u00fcmid edirdi. Amma oradan da \u201cyox\u201d cavab\u0131 g\u0259lib: <\/p>\n\n\n\n<p>\u201cB\u0259d\u0259nimin bir hiss\u0259si i\u015fl\u0259mir, m\u0259n\u0259 imtina el\u0259dil\u0259r. Bunlar kim\u0259 \u0259lillik, pensiya verirl\u0259r? N\u0259 m\u00fcalic\u0259 oluna bilir\u0259m, n\u0259 pensiya al\u0131ram. Dem\u0259k ist\u0259yirl\u0259r ki, aya\u011f\u0131n\u0131 uzat, \u00f6l. Ba\u015fqa s\u00f6z tapa bilmir\u0259m. V\u0259t\u0259nda\u015fa qar\u015f\u0131 bu q\u0259d\u0259r etinas\u0131zl\u0131q olar?\u201d<\/p>\n\n\n\n<p><strong>\u0130mtinan\u0131n s\u0259b\u0259bl\u0259ri: \u201cX\u0259st\u0259nin stasionar m\u00fcalic\u0259l\u0259ri yet\u0259rli deyil\u201d<\/strong><\/p>\n\n\n\n<p>\u018fm\u0259k v\u0259 \u018fhalinin Sosial M\u00fcdafi\u0259si Nazirliyinin tabeliyind\u0259 olan D\u00f6vl\u0259t Tibbi-Sosial Ekspertiza v\u0259 Reabilitasiya Agentliyinin \u0130dar\u0259 Hey\u0259tinin s\u0259dr m\u00fcavini M\u0259tan\u0259t M\u0259mm\u0259dova bildirib ki, Samir \u0130sayevin \u0259lillik v\u0259ziyy\u0259ti K\u00fcrd\u0259mir Rayon M\u0259rk\u0259zi X\u0259st\u0259xanas\u0131n\u0131n g\u00f6nd\u0259ri\u015fi \u0259sas\u0131nda qiym\u0259tl\u0259ndirilib. Bel\u0259 n\u0259tic\u0259y\u0259 g\u0259libl\u0259r ki, g\u00f6nd\u0259ri\u015f natamam doldurulub.<\/p>\n\n\n<div class=\"wp-block-image\">\n<figure class=\"alignright size-large is-resized\"><img decoding=\"async\" data-src=\"https:\/\/www.meydan.tv\/wp-content\/uploads\/photo-2022-06-25-12-28-20-712x821.jpg\" alt=\"\" class=\"wp-image-249341 lazyload\" width=\"338\" height=\"390\" src=\"data:image\/svg+xml;base64,PHN2ZyB3aWR0aD0iMSIgaGVpZ2h0PSIxIiB4bWxucz0iaHR0cDovL3d3dy53My5vcmcvMjAwMC9zdmciPjwvc3ZnPg==\" style=\"--smush-placeholder-width: 338px; --smush-placeholder-aspect-ratio: 338\/390;\" \/><figcaption>\u018fm\u0259k v\u0259 \u018fhalinin Sosial M\u00fcdafi\u0259si Nazirliyinin tabeliyind\u0259 olan D\u00f6vl\u0259t Tibbi-Sosial Ekspertiza v\u0259 Reabilitasiya Agentliyinin cavab\u0131<\/figcaption><\/figure>\n<\/div>\n\n\n<p>\u201cX\u0259st\u0259liyin a\u011f\u0131rla\u015fmalar\u0131 diaqnostik m\u00fcayin\u0259l\u0259rd\u0259 t\u0259sdiqini tapmay\u0131b. X\u0259st\u0259nin k\u00f6m\u0259k\u00e7i m\u00fcayin\u0259l\u0259ri apar\u0131lmay\u0131b ki, haz\u0131rk\u0131 v\u0259ziyy\u0259ti, funksional poz\u011funlu\u011fu d\u0259qiql\u0259\u015fdirilsin. X\u0259st\u0259nin stasionar m\u00fcalic\u0259l\u0259ri yet\u0259rli deyil. X\u0259st\u0259y\u0259 ixtisasla\u015fm\u0131\u015f m\u00fcayin\u0259 m\u0259sl\u0259h\u0259t g\u00f6r\u00fcl\u00fcr\u201d, &#8211; M\u0259tan\u0259t M\u0259mm\u0259dova cavab\u0131nda bildirib.<\/p>\n\n\n\n<p><strong>\u0130cra ba\u015f\u00e7\u0131s\u0131n\u0131n k\u00f6m\u0259k\u00e7isi: \u201c\u0130mkan daxilind\u0259 ona k\u00f6m\u0259k edil\u0259c\u0259k\u201d<\/strong><\/p>\n\n\n\n<p>Z\u0259rdab\u0131n icra ba\u015f\u00e7\u0131s\u0131 M\u0259rdan Camalzad\u0259nin k\u00f6m\u0259k\u00e7isi S\u0259m\u0259d C\u0259f\u0259rov Meydan TV-y\u0259 bildirib ki, icra hakimiyy\u0259tin\u0259 m\u00fcraci\u0259t ed\u0259n b\u00fct\u00fcn v\u0259t\u0259nda\u015flar\u0131n \u015fikay\u0259tl\u0259ri ara\u015fd\u0131r\u0131l\u0131r, onlara imkan daxilind\u0259 \u0259n m\u00fcxt\u0259lif m\u0259s\u0259l\u0259l\u0259rd\u0259 yard\u0131m g\u00f6st\u0259rilir:<\/p>\n\n\n\n<p>\u201cM\u0259s\u0259l\u0259n, x\u0259st\u0259xanaya \u00e7atd\u0131r\u0131lma problemi varsa, g\u00f6nd\u0259rilir. \u0130\u015fsizlikl\u0259 ba\u011fl\u0131 m\u0259s\u0259l\u0259l\u0259rin h\u0259llin\u0259 k\u00f6m\u0259k g\u00f6st\u0259rilir. D\u00fczd\u00fcr, \u0259razid\u0259 i\u015fl\u0259 t\u0259min olunmada meyar budur ki, \u00f6nc\u0259 \u015f\u0259hid ail\u0259l\u0259ri, qazi ail\u0259l\u0259ri yerl\u0259\u015fdirilir. Amma bu o dem\u0259k deyil ki, dig\u0259r v\u0259t\u0259nda\u015flar diqq\u0259td\u0259n k\u0259narda qal\u0131r. M\u00fcraci\u0259t ed\u0259nl\u0259rin ham\u0131s\u0131n\u0131n durumuna h\u0259ssas yana\u015f\u0131l\u0131r. H\u0259qiq\u0259t\u0259n ciddi ehtiyac\u0131 olan \u015f\u0259xsl\u0259r\u0259 g\u00fcc n\u0259y\u0259 \u00e7at\u0131rsa, o q\u0259d\u0259r k\u00f6m\u0259k olunur\u201d.<\/p>\n\n\n\n<p>\u0130cra ba\u015f\u00e7\u0131s\u0131n\u0131n k\u00f6m\u0259k\u00e7isi \u0259lav\u0259 edib ki, Samir \u0130sayevin d\u0259 problemi ara\u015fd\u0131r\u0131lacaq:<\/p>\n\n\n\n<p>\u201cBak\u0131ya x\u0259st\u0259xanaya \u00e7atd\u0131r\u0131lmas\u0131 v\u0259 s. istiqam\u0259tl\u0259rd\u0259 imkan daxilind\u0259 ona k\u00f6m\u0259k edil\u0259c\u0259k\u201d.<\/p>\n","protected":false},"excerpt":{"rendered":"<p>Yataq x\u0259st\u0259si olan 39 ya\u015fl\u0131 Samir \u0130sayev n\u0259 m\u00fcalic\u0259 olundu\u011funu, &#8230; <\/p>\n<p class=\"read-more-container\"><a title=\"Z\u0259rdab sakini: Dem\u0259k ist\u0259yirl\u0259r ki, aya\u011f\u0131n\u0131 uzat, \u00f6l\u2026\" class=\"read-more button\" href=\"https:\/\/www.meydan.tv\/az\/article\/zerdab-sakini-demek-isteyirler-ki-ayagini-uzat-ol\/#more-249350\" aria-label=\"Read more about Z\u0259rdab sakini: Dem\u0259k ist\u0259yirl\u0259r ki, aya\u011f\u0131n\u0131 uzat, \u00f6l\u2026\">Davam\u0131<\/a><\/p>\n","protected":false},"author":8,"featured_media":249344,"comment_status":"closed","ping_status":"closed","sticky":false,"template":"","format":"standard","meta":{"_acf_changed":false,"_sitemap_exclude":false,"_sitemap_priority":"","_sitemap_frequency":"","footnotes":""},"categories":[60,79,56],"tags":[],"class_list":["post-249350","post","type-post","status-publish","format-standard","has-post-thumbnail","hentry","category-bolge","category-featured","category-xeberler","infinite-scroll-item","generate-columns","tablet-grid-50","mobile-grid-100","grid-parent","grid-33","no-featured-image-padding"],"acf":[],"yoast_head":"<!-- This site is optimized with the Yoast SEO plugin v27.5 - https:\/\/yoast.com\/product\/yoast-seo-wordpress\/ -->\n<title>Z\u0259rdab sakini: Dem\u0259k ist\u0259yirl\u0259r ki, aya\u011f\u0131n\u0131 uzat, \u00f6l\u2026 - MEYDAN.TV<\/title>\n<meta name=\"robots\" content=\"index, follow, max-snippet:-1, max-image-preview:large, max-video-preview:-1\" \/>\n<link rel=\"canonical\" href=\"https:\/\/www.meydan.tv\/az\/article\/zerdab-sakini-demek-isteyirler-ki-ayagini-uzat-ol\/\" \/>\n<meta property=\"og:locale\" content=\"az_AZ\" \/>\n<meta property=\"og:type\" content=\"article\" \/>\n<meta property=\"og:title\" content=\"Z\u0259rdab sakini: Dem\u0259k ist\u0259yirl\u0259r ki, aya\u011f\u0131n\u0131 uzat, \u00f6l\u2026 - MEYDAN.TV\" \/>\n<meta property=\"og:description\" content=\"Yataq x\u0259st\u0259si olan 39 ya\u015fl\u0131 Samir \u0130sayev n\u0259 m\u00fcalic\u0259 olundu\u011funu, ... Davam\u0131\" \/>\n<meta property=\"og:url\" content=\"https:\/\/www.meydan.tv\/az\/article\/zerdab-sakini-demek-isteyirler-ki-ayagini-uzat-ol\/\" \/>\n<meta property=\"og:site_name\" content=\"MEYDAN.TV\" \/>\n<meta property=\"article:published_time\" content=\"2022-06-25T13:53:08+00:00\" \/>\n<meta property=\"article:modified_time\" content=\"2022-06-25T13:53:10+00:00\" \/>\n<meta property=\"og:image\" content=\"https:\/\/www.meydan.tv\/wp-content\/uploads\/photo-2022-06-25-12-28-23.jpg\" \/>\n\t<meta property=\"og:image:width\" content=\"1200\" \/>\n\t<meta property=\"og:image:height\" content=\"675\" \/>\n\t<meta property=\"og:image:type\" content=\"image\/jpeg\" \/>\n<meta name=\"author\" content=\"elli\" \/>\n<meta name=\"twitter:card\" content=\"summary_large_image\" \/>\n<meta name=\"twitter:creator\" content=\"@elli\" \/>\n<script type=\"application\/ld+json\" class=\"yoast-schema-graph\">{\"@context\":\"https:\\\/\\\/schema.org\",\"@graph\":[{\"@type\":\"Article\",\"@id\":\"https:\\\/\\\/www.meydan.tv\\\/az\\\/article\\\/zerdab-sakini-demek-isteyirler-ki-ayagini-uzat-ol\\\/#article\",\"isPartOf\":{\"@id\":\"https:\\\/\\\/www.meydan.tv\\\/az\\\/article\\\/zerdab-sakini-demek-isteyirler-ki-ayagini-uzat-ol\\\/\"},\"author\":{\"name\":\"elli\",\"@id\":\"https:\\\/\\\/www.meydan.tv\\\/az\\\/#\\\/schema\\\/person\\\/9cdbecf90d17180ce1dfbd95b08dcf47\"},\"headline\":\"Z\u0259rdab sakini: Dem\u0259k ist\u0259yirl\u0259r ki, aya\u011f\u0131n\u0131 uzat, \u00f6l\u2026\",\"datePublished\":\"2022-06-25T13:53:08+00:00\",\"dateModified\":\"2022-06-25T13:53:10+00:00\",\"mainEntityOfPage\":{\"@id\":\"https:\\\/\\\/www.meydan.tv\\\/az\\\/article\\\/zerdab-sakini-demek-isteyirler-ki-ayagini-uzat-ol\\\/\"},\"wordCount\":1218,\"publisher\":{\"@id\":\"https:\\\/\\\/www.meydan.tv\\\/az\\\/#organization\"},\"image\":{\"@id\":\"https:\\\/\\\/www.meydan.tv\\\/az\\\/article\\\/zerdab-sakini-demek-isteyirler-ki-ayagini-uzat-ol\\\/#primaryimage\"},\"thumbnailUrl\":\"https:\\\/\\\/www.meydan.tv\\\/wp-content\\\/uploads\\\/photo-2022-06-25-12-28-23.jpg\",\"articleSection\":[\"B\u00f6lg\u0259\",\"T\u00f6vsiy\u0259\",\"X\u0259b\u0259rl\u0259r\"],\"inLanguage\":\"az\"},{\"@type\":\"WebPage\",\"@id\":\"https:\\\/\\\/www.meydan.tv\\\/az\\\/article\\\/zerdab-sakini-demek-isteyirler-ki-ayagini-uzat-ol\\\/\",\"url\":\"https:\\\/\\\/www.meydan.tv\\\/az\\\/article\\\/zerdab-sakini-demek-isteyirler-ki-ayagini-uzat-ol\\\/\",\"name\":\"Z\u0259rdab sakini: Dem\u0259k ist\u0259yirl\u0259r ki, aya\u011f\u0131n\u0131 uzat, \u00f6l\u2026 - MEYDAN.TV\",\"isPartOf\":{\"@id\":\"https:\\\/\\\/www.meydan.tv\\\/az\\\/#website\"},\"primaryImageOfPage\":{\"@id\":\"https:\\\/\\\/www.meydan.tv\\\/az\\\/article\\\/zerdab-sakini-demek-isteyirler-ki-ayagini-uzat-ol\\\/#primaryimage\"},\"image\":{\"@id\":\"https:\\\/\\\/www.meydan.tv\\\/az\\\/article\\\/zerdab-sakini-demek-isteyirler-ki-ayagini-uzat-ol\\\/#primaryimage\"},\"thumbnailUrl\":\"https:\\\/\\\/www.meydan.tv\\\/wp-content\\\/uploads\\\/photo-2022-06-25-12-28-23.jpg\",\"datePublished\":\"2022-06-25T13:53:08+00:00\",\"dateModified\":\"2022-06-25T13:53:10+00:00\",\"breadcrumb\":{\"@id\":\"https:\\\/\\\/www.meydan.tv\\\/az\\\/article\\\/zerdab-sakini-demek-isteyirler-ki-ayagini-uzat-ol\\\/#breadcrumb\"},\"inLanguage\":\"az\",\"potentialAction\":[{\"@type\":\"ReadAction\",\"target\":[\"https:\\\/\\\/www.meydan.tv\\\/az\\\/article\\\/zerdab-sakini-demek-isteyirler-ki-ayagini-uzat-ol\\\/\"]}]},{\"@type\":\"ImageObject\",\"inLanguage\":\"az\",\"@id\":\"https:\\\/\\\/www.meydan.tv\\\/az\\\/article\\\/zerdab-sakini-demek-isteyirler-ki-ayagini-uzat-ol\\\/#primaryimage\",\"url\":\"https:\\\/\\\/www.meydan.tv\\\/wp-content\\\/uploads\\\/photo-2022-06-25-12-28-23.jpg\",\"contentUrl\":\"https:\\\/\\\/www.meydan.tv\\\/wp-content\\\/uploads\\\/photo-2022-06-25-12-28-23.jpg\",\"width\":1200,\"height\":675,\"caption\":\"Samir \u0130sayev. Foto: Meydan TV\"},{\"@type\":\"BreadcrumbList\",\"@id\":\"https:\\\/\\\/www.meydan.tv\\\/az\\\/article\\\/zerdab-sakini-demek-isteyirler-ki-ayagini-uzat-ol\\\/#breadcrumb\",\"itemListElement\":[{\"@type\":\"ListItem\",\"position\":1,\"name\":\"Ana s\u0259hif\u0259\",\"item\":\"https:\\\/\\\/www.meydan.tv\\\/az\\\/\"},{\"@type\":\"ListItem\",\"position\":2,\"name\":\"B\u00f6lg\u0259\",\"item\":\"https:\\\/\\\/www.meydan.tv\\\/az\\\/section\\\/bolge\\\/\"},{\"@type\":\"ListItem\",\"position\":3,\"name\":\"Z\u0259rdab sakini: Dem\u0259k ist\u0259yirl\u0259r ki, aya\u011f\u0131n\u0131 uzat, \u00f6l\u2026\"}]},{\"@type\":\"WebSite\",\"@id\":\"https:\\\/\\\/www.meydan.tv\\\/az\\\/#website\",\"url\":\"https:\\\/\\\/www.meydan.tv\\\/az\\\/\",\"name\":\"MEYDAN.TV\",\"description\":\"Meydan TV Az\u0259rbaycan\u0131n media m\u0259kan\u0131ndak\u0131 alternativ s\u0259sidir\",\"publisher\":{\"@id\":\"https:\\\/\\\/www.meydan.tv\\\/az\\\/#organization\"},\"potentialAction\":[{\"@type\":\"SearchAction\",\"target\":{\"@type\":\"EntryPoint\",\"urlTemplate\":\"https:\\\/\\\/www.meydan.tv\\\/az\\\/?s={search_term_string}\"},\"query-input\":{\"@type\":\"PropertyValueSpecification\",\"valueRequired\":true,\"valueName\":\"search_term_string\"}}],\"inLanguage\":\"az\"},{\"@type\":\"Organization\",\"@id\":\"https:\\\/\\\/www.meydan.tv\\\/az\\\/#organization\",\"name\":\"Meydan TV\",\"url\":\"https:\\\/\\\/www.meydan.tv\\\/az\\\/\",\"logo\":{\"@type\":\"ImageObject\",\"inLanguage\":\"az\",\"@id\":\"https:\\\/\\\/www.meydan.tv\\\/az\\\/#\\\/schema\\\/logo\\\/image\\\/\",\"url\":\"https:\\\/\\\/www.meydan.tv\\\/wp-content\\\/uploads\\\/2021\\\/07\\\/meydan-logo.svg\",\"contentUrl\":\"https:\\\/\\\/www.meydan.tv\\\/wp-content\\\/uploads\\\/2021\\\/07\\\/meydan-logo.svg\",\"width\":195,\"height\":46,\"caption\":\"Meydan TV\"},\"image\":{\"@id\":\"https:\\\/\\\/www.meydan.tv\\\/az\\\/#\\\/schema\\\/logo\\\/image\\\/\"}},{\"@type\":\"Person\",\"@id\":\"https:\\\/\\\/www.meydan.tv\\\/az\\\/#\\\/schema\\\/person\\\/9cdbecf90d17180ce1dfbd95b08dcf47\",\"name\":\"elli\",\"sameAs\":[\"https:\\\/\\\/x.com\\\/elli\"]}]}<\/script>\n<!-- \/ Yoast SEO plugin. -->","yoast_head_json":{"title":"Z\u0259rdab sakini: Dem\u0259k ist\u0259yirl\u0259r ki, aya\u011f\u0131n\u0131 uzat, \u00f6l\u2026 - MEYDAN.TV","robots":{"index":"index","follow":"follow","max-snippet":"max-snippet:-1","max-image-preview":"max-image-preview:large","max-video-preview":"max-video-preview:-1"},"canonical":"https:\/\/www.meydan.tv\/az\/article\/zerdab-sakini-demek-isteyirler-ki-ayagini-uzat-ol\/","og_locale":"az_AZ","og_type":"article","og_title":"Z\u0259rdab sakini: Dem\u0259k ist\u0259yirl\u0259r ki, aya\u011f\u0131n\u0131 uzat, \u00f6l\u2026 - MEYDAN.TV","og_description":"Yataq x\u0259st\u0259si olan 39 ya\u015fl\u0131 Samir \u0130sayev n\u0259 m\u00fcalic\u0259 olundu\u011funu, ... Davam\u0131","og_url":"https:\/\/www.meydan.tv\/az\/article\/zerdab-sakini-demek-isteyirler-ki-ayagini-uzat-ol\/","og_site_name":"MEYDAN.TV","article_published_time":"2022-06-25T13:53:08+00:00","article_modified_time":"2022-06-25T13:53:10+00:00","og_image":[{"width":1200,"height":675,"url":"https:\/\/www.meydan.tv\/wp-content\/uploads\/photo-2022-06-25-12-28-23.jpg","type":"image\/jpeg"}],"author":"elli","twitter_card":"summary_large_image","twitter_creator":"@elli","schema":{"@context":"https:\/\/schema.org","@graph":[{"@type":"Article","@id":"https:\/\/www.meydan.tv\/az\/article\/zerdab-sakini-demek-isteyirler-ki-ayagini-uzat-ol\/#article","isPartOf":{"@id":"https:\/\/www.meydan.tv\/az\/article\/zerdab-sakini-demek-isteyirler-ki-ayagini-uzat-ol\/"},"author":{"name":"elli","@id":"https:\/\/www.meydan.tv\/az\/#\/schema\/person\/9cdbecf90d17180ce1dfbd95b08dcf47"},"headline":"Z\u0259rdab sakini: Dem\u0259k ist\u0259yirl\u0259r ki, aya\u011f\u0131n\u0131 uzat, \u00f6l\u2026","datePublished":"2022-06-25T13:53:08+00:00","dateModified":"2022-06-25T13:53:10+00:00","mainEntityOfPage":{"@id":"https:\/\/www.meydan.tv\/az\/article\/zerdab-sakini-demek-isteyirler-ki-ayagini-uzat-ol\/"},"wordCount":1218,"publisher":{"@id":"https:\/\/www.meydan.tv\/az\/#organization"},"image":{"@id":"https:\/\/www.meydan.tv\/az\/article\/zerdab-sakini-demek-isteyirler-ki-ayagini-uzat-ol\/#primaryimage"},"thumbnailUrl":"https:\/\/www.meydan.tv\/wp-content\/uploads\/photo-2022-06-25-12-28-23.jpg","articleSection":["B\u00f6lg\u0259","T\u00f6vsiy\u0259","X\u0259b\u0259rl\u0259r"],"inLanguage":"az"},{"@type":"WebPage","@id":"https:\/\/www.meydan.tv\/az\/article\/zerdab-sakini-demek-isteyirler-ki-ayagini-uzat-ol\/","url":"https:\/\/www.meydan.tv\/az\/article\/zerdab-sakini-demek-isteyirler-ki-ayagini-uzat-ol\/","name":"Z\u0259rdab sakini: Dem\u0259k ist\u0259yirl\u0259r ki, aya\u011f\u0131n\u0131 uzat, \u00f6l\u2026 - MEYDAN.TV","isPartOf":{"@id":"https:\/\/www.meydan.tv\/az\/#website"},"primaryImageOfPage":{"@id":"https:\/\/www.meydan.tv\/az\/article\/zerdab-sakini-demek-isteyirler-ki-ayagini-uzat-ol\/#primaryimage"},"image":{"@id":"https:\/\/www.meydan.tv\/az\/article\/zerdab-sakini-demek-isteyirler-ki-ayagini-uzat-ol\/#primaryimage"},"thumbnailUrl":"https:\/\/www.meydan.tv\/wp-content\/uploads\/photo-2022-06-25-12-28-23.jpg","datePublished":"2022-06-25T13:53:08+00:00","dateModified":"2022-06-25T13:53:10+00:00","breadcrumb":{"@id":"https:\/\/www.meydan.tv\/az\/article\/zerdab-sakini-demek-isteyirler-ki-ayagini-uzat-ol\/#breadcrumb"},"inLanguage":"az","potentialAction":[{"@type":"ReadAction","target":["https:\/\/www.meydan.tv\/az\/article\/zerdab-sakini-demek-isteyirler-ki-ayagini-uzat-ol\/"]}]},{"@type":"ImageObject","inLanguage":"az","@id":"https:\/\/www.meydan.tv\/az\/article\/zerdab-sakini-demek-isteyirler-ki-ayagini-uzat-ol\/#primaryimage","url":"https:\/\/www.meydan.tv\/wp-content\/uploads\/photo-2022-06-25-12-28-23.jpg","contentUrl":"https:\/\/www.meydan.tv\/wp-content\/uploads\/photo-2022-06-25-12-28-23.jpg","width":1200,"height":675,"caption":"Samir \u0130sayev. Foto: Meydan TV"},{"@type":"BreadcrumbList","@id":"https:\/\/www.meydan.tv\/az\/article\/zerdab-sakini-demek-isteyirler-ki-ayagini-uzat-ol\/#breadcrumb","itemListElement":[{"@type":"ListItem","position":1,"name":"Ana s\u0259hif\u0259","item":"https:\/\/www.meydan.tv\/az\/"},{"@type":"ListItem","position":2,"name":"B\u00f6lg\u0259","item":"https:\/\/www.meydan.tv\/az\/section\/bolge\/"},{"@type":"ListItem","position":3,"name":"Z\u0259rdab sakini: Dem\u0259k ist\u0259yirl\u0259r ki, aya\u011f\u0131n\u0131 uzat, \u00f6l\u2026"}]},{"@type":"WebSite","@id":"https:\/\/www.meydan.tv\/az\/#website","url":"https:\/\/www.meydan.tv\/az\/","name":"MEYDAN.TV","description":"Meydan TV Az\u0259rbaycan\u0131n media m\u0259kan\u0131ndak\u0131 alternativ s\u0259sidir","publisher":{"@id":"https:\/\/www.meydan.tv\/az\/#organization"},"potentialAction":[{"@type":"SearchAction","target":{"@type":"EntryPoint","urlTemplate":"https:\/\/www.meydan.tv\/az\/?s={search_term_string}"},"query-input":{"@type":"PropertyValueSpecification","valueRequired":true,"valueName":"search_term_string"}}],"inLanguage":"az"},{"@type":"Organization","@id":"https:\/\/www.meydan.tv\/az\/#organization","name":"Meydan TV","url":"https:\/\/www.meydan.tv\/az\/","logo":{"@type":"ImageObject","inLanguage":"az","@id":"https:\/\/www.meydan.tv\/az\/#\/schema\/logo\/image\/","url":"https:\/\/www.meydan.tv\/wp-content\/uploads\/2021\/07\/meydan-logo.svg","contentUrl":"https:\/\/www.meydan.tv\/wp-content\/uploads\/2021\/07\/meydan-logo.svg","width":195,"height":46,"caption":"Meydan TV"},"image":{"@id":"https:\/\/www.meydan.tv\/az\/#\/schema\/logo\/image\/"}},{"@type":"Person","@id":"https:\/\/www.meydan.tv\/az\/#\/schema\/person\/9cdbecf90d17180ce1dfbd95b08dcf47","name":"elli","sameAs":["https:\/\/x.com\/elli"]}]}},"_links":{"self":[{"href":"https:\/\/www.meydan.tv\/az\/wp-json\/wp\/v2\/posts\/249350","targetHints":{"allow":["GET"]}}],"collection":[{"href":"https:\/\/www.meydan.tv\/az\/wp-json\/wp\/v2\/posts"}],"about":[{"href":"https:\/\/www.meydan.tv\/az\/wp-json\/wp\/v2\/types\/post"}],"author":[{"embeddable":true,"href":"https:\/\/www.meydan.tv\/az\/wp-json\/wp\/v2\/users\/8"}],"replies":[{"embeddable":true,"href":"https:\/\/www.meydan.tv\/az\/wp-json\/wp\/v2\/comments?post=249350"}],"version-history":[{"count":1,"href":"https:\/\/www.meydan.tv\/az\/wp-json\/wp\/v2\/posts\/249350\/revisions"}],"predecessor-version":[{"id":249351,"href":"https:\/\/www.meydan.tv\/az\/wp-json\/wp\/v2\/posts\/249350\/revisions\/249351"}],"wp:featuredmedia":[{"embeddable":true,"href":"https:\/\/www.meydan.tv\/az\/wp-json\/wp\/v2\/media\/249344"}],"wp:attachment":[{"href":"https:\/\/www.meydan.tv\/az\/wp-json\/wp\/v2\/media?parent=249350"}],"wp:term":[{"taxonomy":"category","embeddable":true,"href":"https:\/\/www.meydan.tv\/az\/wp-json\/wp\/v2\/categories?post=249350"},{"taxonomy":"post_tag","embeddable":true,"href":"https:\/\/www.meydan.tv\/az\/wp-json\/wp\/v2\/tags?post=249350"}],"curies":[{"name":"wp","href":"https:\/\/api.w.org\/{rel}","templated":true}]}}