{"id":249331,"date":"2022-06-25T15:27:40","date_gmt":"2022-06-25T11:27:40","guid":{"rendered":"https:\/\/www.meydan.tv\/?p=249331"},"modified":"2022-06-25T15:27:41","modified_gmt":"2022-06-25T11:27:41","slug":"meyart-azerbaycan-iranla-kino-sahesinde-emekdasliq-qurur","status":"publish","type":"post","link":"https:\/\/www.meydan.tv\/az\/article\/meyart-azerbaycan-iranla-kino-sahesinde-emekdasliq-qurur\/","title":{"rendered":"MeyArt &#8211; Az\u0259rbaycan \u0130ranla kino sah\u0259sind\u0259 \u0259m\u0259kda\u015fl\u0131q qurur"},"content":{"rendered":"\n<figure class=\"wp-block-embed is-type-video is-provider-youtube wp-block-embed-youtube wp-embed-aspect-16-9 wp-has-aspect-ratio\"><div class=\"wp-block-embed__wrapper\">\n <iframe title=\"MeyArt - Az\u0259rbaycan \u0130ranla kino sah\u0259sind\u0259 \u0259m\u0259kda\u015fl\u0131q qurur\" width=\"1200\" height=\"675\" data-src=\"https:\/\/www.youtube.com\/embed\/DGBi2viScAQ?feature=oembed\" frameborder=\"0\" allow=\"accelerometer; autoplay; clipboard-write; encrypted-media; gyroscope; picture-in-picture\" allowfullscreen src=\"data:image\/svg+xml;base64,PHN2ZyB3aWR0aD0iMSIgaGVpZ2h0PSIxIiB4bWxucz0iaHR0cDovL3d3dy53My5vcmcvMjAwMC9zdmciPjwvc3ZnPg==\" class=\"lazyload\" data-load-mode=\"1\"><\/iframe>\n<\/div><\/figure>\n\n\n\n<!--more-->\n\n\n\n<p>Az\u0259rbaycan \u0130ranla kino sah\u0259sind\u0259ki \u0259m\u0259kda\u015fl\u0131\u011f\u0131 geni\u015fl\u0259ndirir. M\u0259d\u0259niyy\u0259t naziri Anar K\u0259rimov bu h\u0259ft\u0259 \u0130rana s\u0259f\u0259r edib. Nazir M\u0259d\u0259niyy\u0259t v\u0259 \u0130slam \u0130r\u015fad\u0131 Nazirliyinin n\u0259zdind\u0259 f\u0259aliyy\u0259t g\u00f6st\u0259r\u0259n \u0130ran Kino v\u0259 Audiovizual i\u015fl\u0259ri t\u0259\u015fkilat\u0131n\u0131n r\u0259hb\u0259rliyi il\u0259 g\u00f6r\u00fc\u015f\u00fcb. \u0130ran\u0131n kino sah\u0259sind\u0259 geni\u015f t\u0259cr\u00fcb\u0259y\u0259 malik oldu\u011fu, bu sah\u0259d\u0259 qar\u015f\u0131l\u0131ql\u0131 \u0259m\u0259kda\u015fl\u0131\u011f\u0131n faydal\u0131 olaca\u011f\u0131 qeyd olunub. M\u00fc\u015ft\u0259r\u0259k kino festivallar\u0131n\u0131n, qar\u015f\u0131l\u0131ql\u0131 kino h\u0259ft\u0259l\u0259rinin, birg\u0259 b\u0259dii, s\u0259n\u0259dli el\u0259c\u0259 d\u0259 cizgi filml\u0259rinin \u00e7\u0259kilm\u0259si \u00fc\u00e7\u00fcn m\u00f6vcud imkanlar\u0131n istifad\u0259 edilm\u0259sinin vacibliyi vur\u011fulan\u0131b.<\/p>\n\n\n\n<p>Bu il Yaz\u0131\u00e7\u0131lar Birliyinin qurultay\u0131 ke\u00e7iril\u0259c\u0259k. 35 ildir Yaz\u0131\u00e7\u0131lar Birliyinin s\u0259dri olan Anar Rzayev bu d\u0259f\u0259 d\u0259 namiz\u0259dliyini ir\u0259li s\u00fcr\u0259c\u0259k. M\u0259tbuata a\u00e7\u0131qlamas\u0131nda \u201c\u018fg\u0259r etimad g\u00f6st\u0259r\u0259rl\u0259rs\u0259, s\u0259drlik f\u0259aliyy\u0259timi davam etdir\u0259c\u0259y\u0259m\u201d, dey\u0259 yaz\u0131\u00e7\u0131 bildirib. Qurultay sentyabrda ya Bak\u0131da, ya da \u015eabranda Yarad\u0131c\u0131l\u0131q Evind\u0259 ke\u00e7iril\u0259c\u0259k.<\/p>\n\n\n\n<p>\u00d6lk\u0259 ba\u015f\u00e7\u0131s\u0131 \u0130lham \u018fliyev iyunun 23-d\u0259 R\u0259sul Rzan\u0131n ev-muzeyinin yarad\u0131lmas\u0131 haqq\u0131nda s\u0259r\u0259ncam imzalay\u0131b.<\/p>\n\n\n\n<p>&nbsp;R\u0259sul Rzan\u0131n o\u011flu, Az\u0259rbaycan Yaz\u0131\u00e7\u0131lar Birliyinin s\u0259dri Anar Rzayev x\u0259b\u0259r\u0259 \u00e7ox sevindiyini deyib. O bildirib ki, R\u0259sul Rzan\u0131n Bak\u0131 \u015f\u0259h\u0259ri, S\u0259bail rayonunda, \u00f6z ad\u0131n\u0131 da\u015f\u0131yan k\u00fc\u00e7\u0259d\u0259 yerl\u0259\u015f\u0259n m\u0259nzilind\u0259 haz\u0131rda ya\u015fay\u0131\u015f yoxdur. Anar Rzayev R\u0259sul Rzaya m\u0259xsus b\u00fct\u00fcn \u0259\u015fyalar\u0131n &#8211; fotolar\u0131n, kitablar\u0131n, \u0259lyazmalar\u0131n qorunub saxlan\u0131ld\u0131\u011f\u0131n\u0131 deyir. H\u0259m\u00e7inin m\u0259nzilin qism\u0259n t\u0259mir\u0259 ehtiyac\u0131 oldu\u011funu da vur\u011fulay\u0131b.<\/p>\n\n\n\n<p>Rusiyan\u0131n m\u00fcst\u0259qil q\u0259zeti \u2013 \u201cNovaya Qazeta\u201dn\u0131n ba\u015f redaktoru Dmitri Muratovun h\u0259rraca \u00e7\u0131xard\u0131\u011f\u0131 Nobel S\u00fclh M\u00fckafat\u0131 t\u0259xmin\u0259n 103 milyon dollara sat\u0131l\u0131b. O h\u0259rracdan \u0259ld\u0259 onunan g\u0259liri Ukrayna Qa\u00e7q\u0131nlar Fonduna ian\u0259 ed\u0259c\u0259k. Dmitri Muratov Nobel S\u00fclh M\u00fckafat\u0131n\u0131 2021-ci ild\u0259 \u201cifad\u0259 azadl\u0131\u011f\u0131n\u0131 qorumaq c\u0259hdl\u0259rin\u0259 g\u00f6r\u0259\u201d al\u0131b.<\/p>\n\n\n\n<p>Q\u0259zetin \u201conline\u201d variant\u0131n\u0131n f\u0259aliyy\u0259ti v\u0259 ka\u011f\u0131z \u00fcz\u0259rind\u0259 n\u0259\u015fri bu ilin mart\u0131nda Rusiyan\u0131n Ukraynaya h\u0259rbi m\u00fcdaxil\u0259sini \u201cm\u00fcharib\u0259\u201d adland\u0131rd\u0131\u011f\u0131 \u00fc\u00e7\u00fcn bloklan\u0131b.<\/p>\n\n\n\n<p>Sovet d\u00f6vr\u00fcn\u00fcn m\u0259h\u015fur qrupu \u201c\u041b\u0430\u0441\u043a\u043e\u0432\u044b\u0439 \u043c\u0430\u0439\u201d\u0131n ke\u00e7mi\u015f solisti, m\u00fc\u011f\u0259nni Yuri \u015eatunov v\u0259fat edib. 48 ya\u015fl\u0131 m\u00fc\u011f\u0259nninin \u00fcr\u0259k \u00e7at\u0131\u015fmazl\u0131\u011f\u0131ndan ke\u00e7indiyi deyilir. \u015eatunov \u201cBel\u0131ye roz\u0131\u201d, \u201cSedaya no\u00e7\u201d&nbsp; mahn\u0131lar\u0131 il\u0259 \u015f\u00f6hr\u0259t qazan\u0131b.<\/p>\n\n\n\n<p>U\u015faqlar evind\u0259 b\u00f6y\u00fcy\u0259n Yuri orada musiqi m\u00fc\u0259llimi kimi \u00e7al\u0131\u015fan Sergey Kuznetsovla birlikd\u0259 \u201cLaskoviy May\u201d (\u201cTender May\u201d) adl\u0131 qrup yarad\u0131r. \u015eatunovun solisti oldu\u011fu bu qrup 1986-1992-ci ill\u0259rd\u0259 f\u0259aliyy\u0259t g\u00f6st\u0259rib. Bel\u0259c\u0259 13 ya\u015f\u0131nda solist olan g\u0259nc milyonlar\u0131n sevimlisin\u0259 \u00e7evrilib.<\/p>\n","protected":false},"excerpt":{"rendered":"","protected":false},"author":14,"featured_media":249332,"comment_status":"closed","ping_status":"closed","sticky":false,"template":"","format":"standard","meta":{"_acf_changed":false,"_sitemap_exclude":false,"_sitemap_priority":"","_sitemap_frequency":"","footnotes":""},"categories":[52,63],"tags":[],"class_list":["post-249331","post","type-post","status-publish","format-standard","has-post-thumbnail","hentry","category-medeniyyet","category-video-2","infinite-scroll-item","generate-columns","tablet-grid-50","mobile-grid-100","grid-parent","grid-33","no-featured-image-padding"],"acf":[],"yoast_head":"<!-- This site is optimized with the Yoast SEO plugin v27.5 - https:\/\/yoast.com\/product\/yoast-seo-wordpress\/ -->\n<title>MeyArt - Az\u0259rbaycan \u0130ranla kino sah\u0259sind\u0259 \u0259m\u0259kda\u015fl\u0131q qurur - MEYDAN.TV<\/title>\n<meta name=\"robots\" content=\"index, follow, max-snippet:-1, max-image-preview:large, max-video-preview:-1\" \/>\n<link rel=\"canonical\" href=\"https:\/\/www.meydan.tv\/az\/article\/meyart-azerbaycan-iranla-kino-sahesinde-emekdasliq-qurur\/\" \/>\n<meta property=\"og:locale\" content=\"az_AZ\" \/>\n<meta property=\"og:type\" content=\"article\" \/>\n<meta property=\"og:title\" content=\"MeyArt - Az\u0259rbaycan \u0130ranla kino sah\u0259sind\u0259 \u0259m\u0259kda\u015fl\u0131q qurur - MEYDAN.TV\" \/>\n<meta property=\"og:url\" content=\"https:\/\/www.meydan.tv\/az\/article\/meyart-azerbaycan-iranla-kino-sahesinde-emekdasliq-qurur\/\" \/>\n<meta property=\"og:site_name\" content=\"MEYDAN.TV\" \/>\n<meta property=\"article:published_time\" content=\"2022-06-25T11:27:40+00:00\" \/>\n<meta property=\"article:modified_time\" content=\"2022-06-25T11:27:41+00:00\" \/>\n<meta property=\"og:image\" content=\"https:\/\/www.meydan.tv\/wp-content\/uploads\/anar_karimov.jpeg\" \/>\n\t<meta property=\"og:image:width\" content=\"1500\" \/>\n\t<meta property=\"og:image:height\" content=\"1267\" \/>\n\t<meta property=\"og:image:type\" content=\"image\/jpeg\" \/>\n<meta name=\"author\" content=\"roma\" \/>\n<meta name=\"twitter:card\" content=\"summary_large_image\" \/>\n<script type=\"application\/ld+json\" class=\"yoast-schema-graph\">{\"@context\":\"https:\\\/\\\/schema.org\",\"@graph\":[{\"@type\":\"Article\",\"@id\":\"https:\\\/\\\/www.meydan.tv\\\/az\\\/article\\\/meyart-azerbaycan-iranla-kino-sahesinde-emekdasliq-qurur\\\/#article\",\"isPartOf\":{\"@id\":\"https:\\\/\\\/www.meydan.tv\\\/az\\\/article\\\/meyart-azerbaycan-iranla-kino-sahesinde-emekdasliq-qurur\\\/\"},\"author\":{\"name\":\"roma\",\"@id\":\"https:\\\/\\\/www.meydan.tv\\\/az\\\/#\\\/schema\\\/person\\\/8f23e01c4de63326c13c319fb65ee65d\"},\"headline\":\"MeyArt &#8211; Az\u0259rbaycan \u0130ranla kino sah\u0259sind\u0259 \u0259m\u0259kda\u015fl\u0131q qurur\",\"datePublished\":\"2022-06-25T11:27:40+00:00\",\"dateModified\":\"2022-06-25T11:27:41+00:00\",\"mainEntityOfPage\":{\"@id\":\"https:\\\/\\\/www.meydan.tv\\\/az\\\/article\\\/meyart-azerbaycan-iranla-kino-sahesinde-emekdasliq-qurur\\\/\"},\"wordCount\":648,\"publisher\":{\"@id\":\"https:\\\/\\\/www.meydan.tv\\\/az\\\/#organization\"},\"image\":{\"@id\":\"https:\\\/\\\/www.meydan.tv\\\/az\\\/article\\\/meyart-azerbaycan-iranla-kino-sahesinde-emekdasliq-qurur\\\/#primaryimage\"},\"thumbnailUrl\":\"https:\\\/\\\/www.meydan.tv\\\/wp-content\\\/uploads\\\/anar_karimov-e1671021011169.jpeg\",\"articleSection\":[\"M\u0259d\u0259niyy\u0259t\",\"Video\"],\"inLanguage\":\"az\"},{\"@type\":\"WebPage\",\"@id\":\"https:\\\/\\\/www.meydan.tv\\\/az\\\/article\\\/meyart-azerbaycan-iranla-kino-sahesinde-emekdasliq-qurur\\\/\",\"url\":\"https:\\\/\\\/www.meydan.tv\\\/az\\\/article\\\/meyart-azerbaycan-iranla-kino-sahesinde-emekdasliq-qurur\\\/\",\"name\":\"MeyArt - Az\u0259rbaycan \u0130ranla kino sah\u0259sind\u0259 \u0259m\u0259kda\u015fl\u0131q qurur - MEYDAN.TV\",\"isPartOf\":{\"@id\":\"https:\\\/\\\/www.meydan.tv\\\/az\\\/#website\"},\"primaryImageOfPage\":{\"@id\":\"https:\\\/\\\/www.meydan.tv\\\/az\\\/article\\\/meyart-azerbaycan-iranla-kino-sahesinde-emekdasliq-qurur\\\/#primaryimage\"},\"image\":{\"@id\":\"https:\\\/\\\/www.meydan.tv\\\/az\\\/article\\\/meyart-azerbaycan-iranla-kino-sahesinde-emekdasliq-qurur\\\/#primaryimage\"},\"thumbnailUrl\":\"https:\\\/\\\/www.meydan.tv\\\/wp-content\\\/uploads\\\/anar_karimov-e1671021011169.jpeg\",\"datePublished\":\"2022-06-25T11:27:40+00:00\",\"dateModified\":\"2022-06-25T11:27:41+00:00\",\"breadcrumb\":{\"@id\":\"https:\\\/\\\/www.meydan.tv\\\/az\\\/article\\\/meyart-azerbaycan-iranla-kino-sahesinde-emekdasliq-qurur\\\/#breadcrumb\"},\"inLanguage\":\"az\",\"potentialAction\":[{\"@type\":\"ReadAction\",\"target\":[\"https:\\\/\\\/www.meydan.tv\\\/az\\\/article\\\/meyart-azerbaycan-iranla-kino-sahesinde-emekdasliq-qurur\\\/\"]}]},{\"@type\":\"ImageObject\",\"inLanguage\":\"az\",\"@id\":\"https:\\\/\\\/www.meydan.tv\\\/az\\\/article\\\/meyart-azerbaycan-iranla-kino-sahesinde-emekdasliq-qurur\\\/#primaryimage\",\"url\":\"https:\\\/\\\/www.meydan.tv\\\/wp-content\\\/uploads\\\/anar_karimov-e1671021011169.jpeg\",\"contentUrl\":\"https:\\\/\\\/www.meydan.tv\\\/wp-content\\\/uploads\\\/anar_karimov-e1671021011169.jpeg\",\"width\":1500,\"height\":1038,\"caption\":\"M\u0259d\u0259niyy\u0259t naziri Anar K\u0259rimov\"},{\"@type\":\"BreadcrumbList\",\"@id\":\"https:\\\/\\\/www.meydan.tv\\\/az\\\/article\\\/meyart-azerbaycan-iranla-kino-sahesinde-emekdasliq-qurur\\\/#breadcrumb\",\"itemListElement\":[{\"@type\":\"ListItem\",\"position\":1,\"name\":\"Ana s\u0259hif\u0259\",\"item\":\"https:\\\/\\\/www.meydan.tv\\\/az\\\/\"},{\"@type\":\"ListItem\",\"position\":2,\"name\":\"Video\",\"item\":\"https:\\\/\\\/www.meydan.tv\\\/az\\\/section\\\/video-2\\\/\"},{\"@type\":\"ListItem\",\"position\":3,\"name\":\"MeyArt &#8211; Az\u0259rbaycan \u0130ranla kino sah\u0259sind\u0259 \u0259m\u0259kda\u015fl\u0131q qurur\"}]},{\"@type\":\"WebSite\",\"@id\":\"https:\\\/\\\/www.meydan.tv\\\/az\\\/#website\",\"url\":\"https:\\\/\\\/www.meydan.tv\\\/az\\\/\",\"name\":\"MEYDAN.TV\",\"description\":\"Meydan TV Az\u0259rbaycan\u0131n media m\u0259kan\u0131ndak\u0131 alternativ s\u0259sidir\",\"publisher\":{\"@id\":\"https:\\\/\\\/www.meydan.tv\\\/az\\\/#organization\"},\"potentialAction\":[{\"@type\":\"SearchAction\",\"target\":{\"@type\":\"EntryPoint\",\"urlTemplate\":\"https:\\\/\\\/www.meydan.tv\\\/az\\\/?s={search_term_string}\"},\"query-input\":{\"@type\":\"PropertyValueSpecification\",\"valueRequired\":true,\"valueName\":\"search_term_string\"}}],\"inLanguage\":\"az\"},{\"@type\":\"Organization\",\"@id\":\"https:\\\/\\\/www.meydan.tv\\\/az\\\/#organization\",\"name\":\"Meydan TV\",\"url\":\"https:\\\/\\\/www.meydan.tv\\\/az\\\/\",\"logo\":{\"@type\":\"ImageObject\",\"inLanguage\":\"az\",\"@id\":\"https:\\\/\\\/www.meydan.tv\\\/az\\\/#\\\/schema\\\/logo\\\/image\\\/\",\"url\":\"https:\\\/\\\/www.meydan.tv\\\/wp-content\\\/uploads\\\/2021\\\/07\\\/meydan-logo.svg\",\"contentUrl\":\"https:\\\/\\\/www.meydan.tv\\\/wp-content\\\/uploads\\\/2021\\\/07\\\/meydan-logo.svg\",\"width\":195,\"height\":46,\"caption\":\"Meydan TV\"},\"image\":{\"@id\":\"https:\\\/\\\/www.meydan.tv\\\/az\\\/#\\\/schema\\\/logo\\\/image\\\/\"}},{\"@type\":\"Person\",\"@id\":\"https:\\\/\\\/www.meydan.tv\\\/az\\\/#\\\/schema\\\/person\\\/8f23e01c4de63326c13c319fb65ee65d\",\"name\":\"roma\"}]}<\/script>\n<!-- \/ Yoast SEO plugin. -->","yoast_head_json":{"title":"MeyArt - Az\u0259rbaycan \u0130ranla kino sah\u0259sind\u0259 \u0259m\u0259kda\u015fl\u0131q qurur - MEYDAN.TV","robots":{"index":"index","follow":"follow","max-snippet":"max-snippet:-1","max-image-preview":"max-image-preview:large","max-video-preview":"max-video-preview:-1"},"canonical":"https:\/\/www.meydan.tv\/az\/article\/meyart-azerbaycan-iranla-kino-sahesinde-emekdasliq-qurur\/","og_locale":"az_AZ","og_type":"article","og_title":"MeyArt - Az\u0259rbaycan \u0130ranla kino sah\u0259sind\u0259 \u0259m\u0259kda\u015fl\u0131q qurur - MEYDAN.TV","og_url":"https:\/\/www.meydan.tv\/az\/article\/meyart-azerbaycan-iranla-kino-sahesinde-emekdasliq-qurur\/","og_site_name":"MEYDAN.TV","article_published_time":"2022-06-25T11:27:40+00:00","article_modified_time":"2022-06-25T11:27:41+00:00","og_image":[{"width":1500,"height":1267,"url":"https:\/\/www.meydan.tv\/wp-content\/uploads\/anar_karimov.jpeg","type":"image\/jpeg"}],"author":"roma","twitter_card":"summary_large_image","schema":{"@context":"https:\/\/schema.org","@graph":[{"@type":"Article","@id":"https:\/\/www.meydan.tv\/az\/article\/meyart-azerbaycan-iranla-kino-sahesinde-emekdasliq-qurur\/#article","isPartOf":{"@id":"https:\/\/www.meydan.tv\/az\/article\/meyart-azerbaycan-iranla-kino-sahesinde-emekdasliq-qurur\/"},"author":{"name":"roma","@id":"https:\/\/www.meydan.tv\/az\/#\/schema\/person\/8f23e01c4de63326c13c319fb65ee65d"},"headline":"MeyArt &#8211; Az\u0259rbaycan \u0130ranla kino sah\u0259sind\u0259 \u0259m\u0259kda\u015fl\u0131q qurur","datePublished":"2022-06-25T11:27:40+00:00","dateModified":"2022-06-25T11:27:41+00:00","mainEntityOfPage":{"@id":"https:\/\/www.meydan.tv\/az\/article\/meyart-azerbaycan-iranla-kino-sahesinde-emekdasliq-qurur\/"},"wordCount":648,"publisher":{"@id":"https:\/\/www.meydan.tv\/az\/#organization"},"image":{"@id":"https:\/\/www.meydan.tv\/az\/article\/meyart-azerbaycan-iranla-kino-sahesinde-emekdasliq-qurur\/#primaryimage"},"thumbnailUrl":"https:\/\/www.meydan.tv\/wp-content\/uploads\/anar_karimov-e1671021011169.jpeg","articleSection":["M\u0259d\u0259niyy\u0259t","Video"],"inLanguage":"az"},{"@type":"WebPage","@id":"https:\/\/www.meydan.tv\/az\/article\/meyart-azerbaycan-iranla-kino-sahesinde-emekdasliq-qurur\/","url":"https:\/\/www.meydan.tv\/az\/article\/meyart-azerbaycan-iranla-kino-sahesinde-emekdasliq-qurur\/","name":"MeyArt - Az\u0259rbaycan \u0130ranla kino sah\u0259sind\u0259 \u0259m\u0259kda\u015fl\u0131q qurur - MEYDAN.TV","isPartOf":{"@id":"https:\/\/www.meydan.tv\/az\/#website"},"primaryImageOfPage":{"@id":"https:\/\/www.meydan.tv\/az\/article\/meyart-azerbaycan-iranla-kino-sahesinde-emekdasliq-qurur\/#primaryimage"},"image":{"@id":"https:\/\/www.meydan.tv\/az\/article\/meyart-azerbaycan-iranla-kino-sahesinde-emekdasliq-qurur\/#primaryimage"},"thumbnailUrl":"https:\/\/www.meydan.tv\/wp-content\/uploads\/anar_karimov-e1671021011169.jpeg","datePublished":"2022-06-25T11:27:40+00:00","dateModified":"2022-06-25T11:27:41+00:00","breadcrumb":{"@id":"https:\/\/www.meydan.tv\/az\/article\/meyart-azerbaycan-iranla-kino-sahesinde-emekdasliq-qurur\/#breadcrumb"},"inLanguage":"az","potentialAction":[{"@type":"ReadAction","target":["https:\/\/www.meydan.tv\/az\/article\/meyart-azerbaycan-iranla-kino-sahesinde-emekdasliq-qurur\/"]}]},{"@type":"ImageObject","inLanguage":"az","@id":"https:\/\/www.meydan.tv\/az\/article\/meyart-azerbaycan-iranla-kino-sahesinde-emekdasliq-qurur\/#primaryimage","url":"https:\/\/www.meydan.tv\/wp-content\/uploads\/anar_karimov-e1671021011169.jpeg","contentUrl":"https:\/\/www.meydan.tv\/wp-content\/uploads\/anar_karimov-e1671021011169.jpeg","width":1500,"height":1038,"caption":"M\u0259d\u0259niyy\u0259t naziri Anar K\u0259rimov"},{"@type":"BreadcrumbList","@id":"https:\/\/www.meydan.tv\/az\/article\/meyart-azerbaycan-iranla-kino-sahesinde-emekdasliq-qurur\/#breadcrumb","itemListElement":[{"@type":"ListItem","position":1,"name":"Ana s\u0259hif\u0259","item":"https:\/\/www.meydan.tv\/az\/"},{"@type":"ListItem","position":2,"name":"Video","item":"https:\/\/www.meydan.tv\/az\/section\/video-2\/"},{"@type":"ListItem","position":3,"name":"MeyArt &#8211; Az\u0259rbaycan \u0130ranla kino sah\u0259sind\u0259 \u0259m\u0259kda\u015fl\u0131q qurur"}]},{"@type":"WebSite","@id":"https:\/\/www.meydan.tv\/az\/#website","url":"https:\/\/www.meydan.tv\/az\/","name":"MEYDAN.TV","description":"Meydan TV Az\u0259rbaycan\u0131n media m\u0259kan\u0131ndak\u0131 alternativ s\u0259sidir","publisher":{"@id":"https:\/\/www.meydan.tv\/az\/#organization"},"potentialAction":[{"@type":"SearchAction","target":{"@type":"EntryPoint","urlTemplate":"https:\/\/www.meydan.tv\/az\/?s={search_term_string}"},"query-input":{"@type":"PropertyValueSpecification","valueRequired":true,"valueName":"search_term_string"}}],"inLanguage":"az"},{"@type":"Organization","@id":"https:\/\/www.meydan.tv\/az\/#organization","name":"Meydan TV","url":"https:\/\/www.meydan.tv\/az\/","logo":{"@type":"ImageObject","inLanguage":"az","@id":"https:\/\/www.meydan.tv\/az\/#\/schema\/logo\/image\/","url":"https:\/\/www.meydan.tv\/wp-content\/uploads\/2021\/07\/meydan-logo.svg","contentUrl":"https:\/\/www.meydan.tv\/wp-content\/uploads\/2021\/07\/meydan-logo.svg","width":195,"height":46,"caption":"Meydan TV"},"image":{"@id":"https:\/\/www.meydan.tv\/az\/#\/schema\/logo\/image\/"}},{"@type":"Person","@id":"https:\/\/www.meydan.tv\/az\/#\/schema\/person\/8f23e01c4de63326c13c319fb65ee65d","name":"roma"}]}},"_links":{"self":[{"href":"https:\/\/www.meydan.tv\/az\/wp-json\/wp\/v2\/posts\/249331","targetHints":{"allow":["GET"]}}],"collection":[{"href":"https:\/\/www.meydan.tv\/az\/wp-json\/wp\/v2\/posts"}],"about":[{"href":"https:\/\/www.meydan.tv\/az\/wp-json\/wp\/v2\/types\/post"}],"author":[{"embeddable":true,"href":"https:\/\/www.meydan.tv\/az\/wp-json\/wp\/v2\/users\/14"}],"replies":[{"embeddable":true,"href":"https:\/\/www.meydan.tv\/az\/wp-json\/wp\/v2\/comments?post=249331"}],"version-history":[{"count":1,"href":"https:\/\/www.meydan.tv\/az\/wp-json\/wp\/v2\/posts\/249331\/revisions"}],"predecessor-version":[{"id":249335,"href":"https:\/\/www.meydan.tv\/az\/wp-json\/wp\/v2\/posts\/249331\/revisions\/249335"}],"wp:featuredmedia":[{"embeddable":true,"href":"https:\/\/www.meydan.tv\/az\/wp-json\/wp\/v2\/media\/249332"}],"wp:attachment":[{"href":"https:\/\/www.meydan.tv\/az\/wp-json\/wp\/v2\/media?parent=249331"}],"wp:term":[{"taxonomy":"category","embeddable":true,"href":"https:\/\/www.meydan.tv\/az\/wp-json\/wp\/v2\/categories?post=249331"},{"taxonomy":"post_tag","embeddable":true,"href":"https:\/\/www.meydan.tv\/az\/wp-json\/wp\/v2\/tags?post=249331"}],"curies":[{"name":"wp","href":"https:\/\/api.w.org\/{rel}","templated":true}]}}