{"id":249326,"date":"2022-06-25T13:21:38","date_gmt":"2022-06-25T09:21:38","guid":{"rendered":"https:\/\/www.meydan.tv\/?p=249326"},"modified":"2022-06-25T13:21:41","modified_gmt":"2022-06-25T09:21:41","slug":"ismayilli-sakini-indi-teqaud-derdi-cekmek-yox-istirahet-etmek-vaxtimdir","status":"publish","type":"post","link":"https:\/\/www.meydan.tv\/az\/article\/ismayilli-sakini-indi-teqaud-derdi-cekmek-yox-istirahet-etmek-vaxtimdir\/","title":{"rendered":"\u0130smay\u0131ll\u0131 sakini: \u201c\u0130ndi t\u0259qa\u00fcd d\u0259rdi \u00e7\u0259km\u0259k yox, istirah\u0259t etm\u0259k vaxt\u0131md\u0131r\u201d"},"content":{"rendered":"\n<p><em>67 ya\u015fl\u0131 \u018fmrullah Oruc\u0259liyev bu ya\u015fdan sonra h\u0259yatda qalma\u011f\u0131n yollar\u0131n\u0131 axtar\u0131r<\/em><\/p>\n\n\n\n<p>\u201cN\u0259 x\u0259b\u0259rdarl\u0131q edirl\u0259r, n\u0259 bir \u015fey\u2026 Kart\u0131 sal\u0131rsan bankomata, bir g\u00fcn, iki g\u00fcn, \u00fc\u00e7 g\u00fcn\u2026 \u018fs\u0259bl\u0259rin tar\u0131ma \u00e7\u0259kilir, g\u0259rginlik\u2026 Biri 1 ay \u0259vv\u0259l bir m\u0259ktub yazm\u0131r ki, ay \u0259lil, 1 aydan sonra s\u0259nin t\u0259qa\u00fcd\u00fcn k\u0259sil\u0259c\u0259k. Get, g\u0259l\u0259n ay\u0131n d\u0259rman\u0131n\u0131n pulunu tap, qoy yast\u0131\u011f\u0131n\u0131n alt\u0131na, h\u00f6kum\u0259tin t\u0259qa\u00fcd\u00fcn\u0259 arxay\u0131n olma. M\u0259nim d\u0259 t\u0259qa\u00fcd\u00fcm\u00fc bel\u0259 k\u0259sdil\u0259r, x\u0259b\u0259rdarl\u0131qs\u0131z, izahats\u0131z\u2026\u201d.<\/p>\n\n\n\n<p>\u0130smay\u0131ll\u0131 sakini, 67 ya\u015fl\u0131 \u018fmrullah Oruc\u0259liyevin II qrup \u0259lilliyi l\u0259\u011fv edilib, sosial t\u0259qa\u00fcd, \u0259m\u0259k pensiyas\u0131 \u00fc\u00e7\u00fcn etdiyi m\u00fcraci\u0259tl\u0259r\u0259 is\u0259 imtina cavab\u0131 al\u0131b.<\/p>\n\n\n\n<p><strong>\u0130ndi onu bir sual d\u00fc\u015f\u00fcnd\u00fcr\u00fcr: Nec\u0259 dolanmal\u0131?..<\/strong><\/p>\n\n\n\n<p>\u018fmrullah Oruc\u0259liyevin bir b\u00f6yr\u0259yi 46 il \u0259vv\u0259l c\u0259rrahiyy\u0259 \u0259m\u0259liyyat\u0131 il\u0259 g\u00f6t\u00fcr\u00fcl\u00fcb. Buna g\u00f6r\u0259 ona II qrup \u0259lillik t\u0259yin olunub. Uzun ill\u0259rdir ki, \u018fmrullah Oruc\u0259liyev \u0259lillik t\u0259qa\u00fcd\u00fc al\u0131rm\u0131\u015f. Ancaq \u00f6t\u0259n ilin may\u0131nda \u0259lilliyi x\u0259b\u0259rdarl\u0131qs\u0131z l\u0259\u011fv olunub. \u018fmrullah Oruc\u0259liyev t\u0259qa\u00fcd\u00fcn karta k\u00f6\u00e7\u00fcr\u00fclm\u0259m\u0259sind\u0259n narahat olduqda rayondak\u0131 Sosial M\u00fcdafi\u0259 Fonduna m\u00fcraci\u0259t edib.<\/p>\n\n\n\n<p><strong>&#8220;Dedil\u0259r ki, b\u00f6yr\u0259kdir d\u0259, sabah t\u0259z\u0259sini qoydurarsan, sa\u011flaml\u0131\u011f\u0131n b\u0259rpa olunar&#8221;<\/strong><\/p>\n\n\n\n<p>S\u0259b\u0259bini \u00f6yr\u0259n\u0259nd\u0259 t\u0259\u0259cc\u00fcbl\u0259nib: <\/p>\n\n\n\n<p>\u201c\u018fslind\u0259 2016-c\u0131 ild\u0259 m\u0259nim m\u00fcdd\u0259tli t\u0259qa\u00fcd\u00fcm l\u0259\u011fv edilm\u0259li, \u0259v\u0259zin\u0259 \u00f6m\u00fcrl\u00fck t\u0259qa\u00fcd t\u0259yin olunmal\u0131yd\u0131, ancaq etm\u0259dil\u0259r, yen\u0259 d\u0259 t\u0259qa\u00fcd m\u00fcdd\u0259tini 5 illik uzatd\u0131lar. \u00d6t\u0259n il is\u0259 t\u0259qa\u00fcd\u00fcm\u00fc yerli-dibli k\u0259sdil\u0259r. Dedil\u0259r ki, s\u0259n\u0259 t\u0259qa\u00fcd d\u00fc\u015fm\u00fcr d\u0259, a\u011fsaqqal, d\u00fc\u015fm\u00fcr. B\u00f6yr\u0259kdir d\u0259, sabah t\u0259z\u0259sini qoydurarsan, sa\u011flaml\u0131\u011f\u0131n b\u0259rpa olunar. Bu, bunlar\u0131n m\u0259n\u0259 ciddi cavablar\u0131 idi. Bu cavabdan sonra onlara h\u0259r hans\u0131 s\u00f6z dem\u0259yin yeri yox idi\u201d.<\/p>\n\n\n\n<p>\u0130\u015f oras\u0131ndad\u0131r ki, \u018fmrullah Oruc\u0259liyevin dig\u0259r b\u00f6yr\u0259yi d\u0259 funksiyas\u0131n\u0131 yerin\u0259 yetir\u0259 bilmir. Deyir ki, b\u00f6yr\u0259k 50 faizd\u0259n d\u0259 az f\u0259aliyy\u0259t g\u00f6st\u0259rir. \u0130ll\u0259rdir ki, xaricd\u0259n d\u0259rmanlar g\u0259tizdirir: <\/p>\n\n\n\n<p>\u201cAz\u0259rbaycanda o d\u0259rmanlar yoxdur. \u0130ld\u0259 d\u00f6rd d\u0259f\u0259 Rusiyadan, ba\u015fqa \u00f6lk\u0259l\u0259rd\u0259n g\u0259tizdirir\u0259m. T\u0259qa\u00fcd\u00fcm\u00fc y\u0131\u011f\u0131rd\u0131m, h\u0259y\u0259td\u0259ki meyv\u0259l\u0259rd\u0259n d\u0259 sat\u0131b ild\u0259 d\u00f6rd d\u0259f\u0259 d\u0259rmanpulu d\u00fcz\u0259ldirdim. T\u0259qa\u00fcd\u00fcm 259 manat idi. O pul he\u00e7 olmasa d\u0259rmanlar\u0131m\u0131n bir qismini \u00f6d\u0259yirdi\u201d.<\/p>\n\n\n\n<p><strong>&#8220;D\u0259rdim t\u0259kc\u0259 b\u00f6yr\u0259k deyil, h\u0259m d\u0259 a\u011f\u0131r d\u0259r\u0259c\u0259li diabet\u0259m&#8221;<\/strong><\/p>\n\n\n\n<p>\u018fmrullah Oruc\u0259liyev \u0259m\u0259k pensiyas\u0131na g\u00f6r\u0259 d\u0259 m\u00fcraci\u0259t edib. Aidiyy\u0259ti qurum i\u015f staj\u0131n\u0131n yet\u0259rli olmad\u0131\u011f\u0131n\u0131 s\u0259b\u0259b g\u0259tir\u0259r\u0259k ona imtina cavab\u0131 verib.<\/p>\n\n\n\n<p>N\u0259hay\u0259t, o, sosial t\u0259qa\u00fcd \u00fc\u00e7\u00fcn m\u00fcraci\u0259t edib, ancaq, bu d\u0259f\u0259 d\u0259 ad\u0131nda olan 25 sot torpaq sah\u0259sini v\u0259 aktiv olan V\u00d6EN-i s\u0259b\u0259b g\u0259tiribl\u0259r: <\/p>\n\n\n\n<p>\u201cYa\u015fl\u0131 insanlar\u0131n yolu h\u0259rt\u0259r\u0259fli ba\u011fl\u0131d\u0131r. 67 ya\u015f\u0131m var, d\u0259rdim t\u0259kc\u0259 b\u00f6yr\u0259k deyil, h\u0259m d\u0259 a\u011f\u0131r d\u0259r\u0259c\u0259li diabet\u0259m. 1 ild\u0259n \u00e7oxdur ki, t\u0259qa\u00fcd\u00fcn k\u0259silm\u0259s\u0259 \u00fcz\u00fcnd\u0259n \u0259ziyy\u0259t \u00e7\u0259kir\u0259m. Sanki 67 ya\u015f\u0131na \u00e7atan v\u0259t\u0259nda\u015f \u0259l-aya\u011f\u0131n\u0131 uzad\u0131b \u00f6lm\u0259lidir. M\u0259nim indi t\u0259qa\u00fcd fikirl\u0259\u015fib \u00fcr\u0259ka\u011fr\u0131s\u0131na d\u00fc\u015f\u0259n ya\u015f\u0131m deyil, m\u0259nim indi istirah\u0259t ed\u0259n d\u00f6vr\u00fcmd\u00fcr. Ancaq m\u0259n t\u0259qa\u00fcd d\u0259rdi \u00e7\u0259kir\u0259m, sabah n\u0259 yey\u0259c\u0259y\u0259m, onu d\u00fc\u015f\u00fcn\u00fcr\u0259m, d\u0259rmanlar\u0131m\u0131 g\u0259tizdirm\u0259k \u00fc\u00e7\u00fcn pul d\u0259rdi \u00e7\u0259kir\u0259m\u201d.<\/p>\n\n\n\n<p>\u018fmrullah Oruc\u0259liyev \u0259m\u0259k pensiyas\u0131na g\u00f6r\u0259 d\u0259 m\u00fcraci\u0259t edib. \u0130\u015f staj\u0131n\u0131n az olmas\u0131n\u0131 s\u0259b\u0259b g\u0259tir\u0259r\u0259k yen\u0259 imtina cavab\u0131 veribl\u0259r.<\/p>\n\n\n\n<p>Meydan TV m\u0259s\u0259l\u0259y\u0259 D\u00f6vl\u0259t Sosial M\u00fcdafi\u0259 Fondundan m\u00fcnasib\u0259t \u00f6yr\u0259nm\u0259y\u0259 \u00e7al\u0131\u015f\u0131b.<\/p>\n\n\n\n<p>Fonddan jurnalisti \u0130smay\u0131ll\u0131 Rayon \u015e\u00f6b\u0259sin\u0259 y\u00f6nl\u0259ndiribl\u0259r. \u018fvv\u0259lc\u0259 \u015f\u00f6b\u0259d\u0259n v\u0259t\u0259nda\u015f\u0131n \u015fikay\u0259tini ara\u015fd\u0131r\u0131b cavab ver\u0259c\u0259kl\u0259rini des\u0259l\u0259r d\u0259, sonrak\u0131 \u00fc\u00e7 g\u00fcn \u0259rzind\u0259 telefon z\u0259ngl\u0259rin\u0259 cavab verilm\u0259yib.<\/p>\n\n\n\n<p><strong>H\u00fcquq\u015f\u00fcnas: &#8220;M\u0259hk\u0259m\u0259y\u0259 m\u00fcraci\u0259t ed\u0259, pensiya h\u00fcquqlar\u0131n\u0131 tan\u0131td\u0131ra bil\u0259r&#8221;<\/strong><\/p>\n\n\n\n<p>H\u00fcquq\u015f\u00fcnas Namiz\u0259d S\u0259f\u0259rov deyir ki, \u0259vv\u0259lki d\u00f6vrl\u0259rd\u0259 s\u0259rt staj v\u0259 pensiya kapital\u0131 t\u0259l\u0259binin olmas\u0131 minl\u0259rl\u0259 v\u0259t\u0259nda\u015f\u0131 \u0259m\u0259k pensiyas\u0131ndan m\u0259hrum edirdis\u0259, 2019-cu ilin 1 yanvar tarixind\u0259n \u201c\u018fm\u0259k pensiyalar\u0131 haqq\u0131nda\u201d Qanuna edilmi\u015f d\u0259yi\u015fiklikl\u0259r pensiya ya\u015f h\u0259ddin\u0259 \u00e7atm\u0131\u015f v\u0259t\u0259nda\u015flara \u201cya\u015f\u0131l i\u015f\u0131q\u201d yand\u0131r\u0131b:<\/p>\n\n\n\n<p>\u201cH\u0259min d\u0259yi\u015fiklikl\u0259r\u0259 g\u00f6r\u0259, pensiya ya\u015f h\u0259ddin\u0259 \u00e7atm\u0131\u015f v\u0259t\u0259nda\u015flar\u0131n 2006-ci il tarix\u0259d\u0259k 25 il s\u0131\u011forta staj\u0131n\u0131n tan\u0131nmas\u0131 il\u0259 onlar\u0131n pensiyaya \u00e7\u0131xma imkanlar\u0131 y\u00fcng\u00fcll\u0259\u015fir. Bu yenilik \u0259snas\u0131nda t\u0259l\u0259b olunan t\u0259k \u015f\u0259rt, 1 yanvar 2006-c\u0131 ild\u0259n 1 iyul 2018-c\u0131 il tarix\u0259d\u0259k \u0259n az\u0131 1 ay olsa bel\u0259, i\u015fl\u0259yib sosial s\u0131\u011forta haqq\u0131 \u00f6d\u0259ni\u015finin v\u0259t\u0259nda\u015f\u0131n f\u0259rdi hesab\u0131nda pensiya kapital\u0131 \u015f\u0259klind\u0259 formala\u015fmas\u0131d\u0131r\u201d.<\/p>\n\n\n\n<p>H\u00fcquq\u015f\u00fcnas deyir ki, \u018fmrullah Oruc\u0259liyev qeyd olunan ill\u0259r \u0259rzind\u0259 i\u015fl\u0259yib sosial s\u0131\u011fortahaqq\u0131 \u00f6d\u0259yibs\u0259, m\u0259hk\u0259m\u0259y\u0259 m\u00fcraci\u0259t ed\u0259, pensiya h\u00fcquqlar\u0131n\u0131 tan\u0131td\u0131ra bil\u0259r.<\/p>\n\n\n\n<figure class=\"wp-block-image size-large\"><img decoding=\"async\" width=\"1200\" height=\"675\" data-src=\"https:\/\/www.meydan.tv\/wp-content\/uploads\/maxresdefault-7-1200x675.jpg\" alt=\"\" class=\"wp-image-249327 lazyload\" src=\"data:image\/svg+xml;base64,PHN2ZyB3aWR0aD0iMSIgaGVpZ2h0PSIxIiB4bWxucz0iaHR0cDovL3d3dy53My5vcmcvMjAwMC9zdmciPjwvc3ZnPg==\" style=\"--smush-placeholder-width: 1200px; --smush-placeholder-aspect-ratio: 1200\/675;\" \/><figcaption>Namiz\u0259d S\u0259f\u0259rov. M\u0259nb\u0259: &#8220;Amerikaninsesi&#8221;<\/figcaption><\/figure>\n\n\n\n<p>\u018fmrullah Oruc\u0259liyev 1975-ci ild\u0259n 1994-c\u00fc il\u0259d\u0259k \u0130smay\u0131ll\u0131 \u015e\u0259h\u0259r Sovetind\u0259 (sonradan ad\u0131 d\u0259yi\u015fdiril\u0259r\u0259k \u0130smay\u0131ll\u0131 \u015e\u0259h\u0259r \u0130cra N\u00fcmay\u0259nd\u0259liyi adlan\u0131r) i\u015fl\u0259yib.<\/p>\n\n\n\n<p>20 il 10 ay i\u015f staj\u0131 var. Deyir ki, Prezidentin s\u00f6z\u00fcged\u0259n F\u0259rman\u0131ndan da x\u0259b\u0259rdard\u0131r.<\/p>\n\n\n\n<p>O, 2006-c\u0131 ild\u0259n m\u0259cburi sosial s\u0131\u011forta \u00f6d\u0259ni\u015fl\u0259ri edib. \u018fm\u0259k pensiyas\u0131 h\u00fcquqlar\u0131n\u0131 b\u0259rpa etm\u0259k \u00fc\u00e7\u00fcn D\u00f6vl\u0259t Sosial M\u00fcdafi\u0259 Fonduna qar\u015f\u0131 \u015e\u0259ki \u0130nzibati M\u0259hk\u0259m\u0259sind\u0259 iddia qald\u0131r\u0131b.<\/p>\n","protected":false},"excerpt":{"rendered":"<p>67 ya\u015fl\u0131 \u018fmrullah Oruc\u0259liyev bu ya\u015fdan sonra h\u0259yatda qalma\u011f\u0131n yollar\u0131n\u0131 &#8230; <\/p>\n<p class=\"read-more-container\"><a title=\"\u0130smay\u0131ll\u0131 sakini: \u201c\u0130ndi t\u0259qa\u00fcd d\u0259rdi \u00e7\u0259km\u0259k yox, istirah\u0259t etm\u0259k vaxt\u0131md\u0131r\u201d\" class=\"read-more button\" href=\"https:\/\/www.meydan.tv\/az\/article\/ismayilli-sakini-indi-teqaud-derdi-cekmek-yox-istirahet-etmek-vaxtimdir\/#more-249326\" aria-label=\"Read more about \u0130smay\u0131ll\u0131 sakini: \u201c\u0130ndi t\u0259qa\u00fcd d\u0259rdi \u00e7\u0259km\u0259k yox, istirah\u0259t etm\u0259k vaxt\u0131md\u0131r\u201d\">Davam\u0131<\/a><\/p>\n","protected":false},"author":8,"featured_media":249323,"comment_status":"closed","ping_status":"closed","sticky":false,"template":"","format":"standard","meta":{"_acf_changed":false,"_sitemap_exclude":false,"_sitemap_priority":"","_sitemap_frequency":"","footnotes":""},"categories":[60,79,56],"tags":[],"class_list":["post-249326","post","type-post","status-publish","format-standard","has-post-thumbnail","hentry","category-bolge","category-featured","category-xeberler","infinite-scroll-item","generate-columns","tablet-grid-50","mobile-grid-100","grid-parent","grid-33","no-featured-image-padding"],"acf":[],"yoast_head":"<!-- This site is optimized with the Yoast SEO plugin v27.5 - https:\/\/yoast.com\/product\/yoast-seo-wordpress\/ -->\n<title>\u0130smay\u0131ll\u0131 sakini: \u201c\u0130ndi t\u0259qa\u00fcd d\u0259rdi \u00e7\u0259km\u0259k yox, istirah\u0259t etm\u0259k vaxt\u0131md\u0131r\u201d - MEYDAN.TV<\/title>\n<meta name=\"robots\" content=\"index, follow, max-snippet:-1, max-image-preview:large, max-video-preview:-1\" \/>\n<link rel=\"canonical\" href=\"https:\/\/www.meydan.tv\/az\/article\/ismayilli-sakini-indi-teqaud-derdi-cekmek-yox-istirahet-etmek-vaxtimdir\/\" \/>\n<meta property=\"og:locale\" content=\"az_AZ\" \/>\n<meta property=\"og:type\" content=\"article\" \/>\n<meta property=\"og:title\" content=\"\u0130smay\u0131ll\u0131 sakini: \u201c\u0130ndi t\u0259qa\u00fcd d\u0259rdi \u00e7\u0259km\u0259k yox, istirah\u0259t etm\u0259k vaxt\u0131md\u0131r\u201d - MEYDAN.TV\" \/>\n<meta property=\"og:description\" content=\"67 ya\u015fl\u0131 \u018fmrullah Oruc\u0259liyev bu ya\u015fdan sonra h\u0259yatda qalma\u011f\u0131n yollar\u0131n\u0131 ... Davam\u0131\" \/>\n<meta property=\"og:url\" content=\"https:\/\/www.meydan.tv\/az\/article\/ismayilli-sakini-indi-teqaud-derdi-cekmek-yox-istirahet-etmek-vaxtimdir\/\" \/>\n<meta property=\"og:site_name\" content=\"MEYDAN.TV\" \/>\n<meta property=\"article:published_time\" content=\"2022-06-25T09:21:38+00:00\" \/>\n<meta property=\"article:modified_time\" content=\"2022-06-25T09:21:41+00:00\" \/>\n<meta property=\"og:image\" content=\"https:\/\/www.meydan.tv\/wp-content\/uploads\/untitled_design-6.png\" \/>\n\t<meta property=\"og:image:width\" content=\"1200\" \/>\n\t<meta property=\"og:image:height\" content=\"940\" \/>\n\t<meta property=\"og:image:type\" content=\"image\/png\" \/>\n<meta name=\"author\" content=\"elli\" \/>\n<meta name=\"twitter:card\" content=\"summary_large_image\" \/>\n<meta name=\"twitter:creator\" content=\"@elli\" \/>\n<script type=\"application\/ld+json\" class=\"yoast-schema-graph\">{\"@context\":\"https:\\\/\\\/schema.org\",\"@graph\":[{\"@type\":\"Article\",\"@id\":\"https:\\\/\\\/www.meydan.tv\\\/az\\\/article\\\/ismayilli-sakini-indi-teqaud-derdi-cekmek-yox-istirahet-etmek-vaxtimdir\\\/#article\",\"isPartOf\":{\"@id\":\"https:\\\/\\\/www.meydan.tv\\\/az\\\/article\\\/ismayilli-sakini-indi-teqaud-derdi-cekmek-yox-istirahet-etmek-vaxtimdir\\\/\"},\"author\":{\"name\":\"elli\",\"@id\":\"https:\\\/\\\/www.meydan.tv\\\/az\\\/#\\\/schema\\\/person\\\/9cdbecf90d17180ce1dfbd95b08dcf47\"},\"headline\":\"\u0130smay\u0131ll\u0131 sakini: \u201c\u0130ndi t\u0259qa\u00fcd d\u0259rdi \u00e7\u0259km\u0259k yox, istirah\u0259t etm\u0259k vaxt\u0131md\u0131r\u201d\",\"datePublished\":\"2022-06-25T09:21:38+00:00\",\"dateModified\":\"2022-06-25T09:21:41+00:00\",\"mainEntityOfPage\":{\"@id\":\"https:\\\/\\\/www.meydan.tv\\\/az\\\/article\\\/ismayilli-sakini-indi-teqaud-derdi-cekmek-yox-istirahet-etmek-vaxtimdir\\\/\"},\"wordCount\":1151,\"publisher\":{\"@id\":\"https:\\\/\\\/www.meydan.tv\\\/az\\\/#organization\"},\"image\":{\"@id\":\"https:\\\/\\\/www.meydan.tv\\\/az\\\/article\\\/ismayilli-sakini-indi-teqaud-derdi-cekmek-yox-istirahet-etmek-vaxtimdir\\\/#primaryimage\"},\"thumbnailUrl\":\"https:\\\/\\\/www.meydan.tv\\\/wp-content\\\/uploads\\\/untitled_design-6.png\",\"articleSection\":[\"B\u00f6lg\u0259\",\"T\u00f6vsiy\u0259\",\"X\u0259b\u0259rl\u0259r\"],\"inLanguage\":\"az\"},{\"@type\":\"WebPage\",\"@id\":\"https:\\\/\\\/www.meydan.tv\\\/az\\\/article\\\/ismayilli-sakini-indi-teqaud-derdi-cekmek-yox-istirahet-etmek-vaxtimdir\\\/\",\"url\":\"https:\\\/\\\/www.meydan.tv\\\/az\\\/article\\\/ismayilli-sakini-indi-teqaud-derdi-cekmek-yox-istirahet-etmek-vaxtimdir\\\/\",\"name\":\"\u0130smay\u0131ll\u0131 sakini: \u201c\u0130ndi t\u0259qa\u00fcd d\u0259rdi \u00e7\u0259km\u0259k yox, istirah\u0259t etm\u0259k vaxt\u0131md\u0131r\u201d - MEYDAN.TV\",\"isPartOf\":{\"@id\":\"https:\\\/\\\/www.meydan.tv\\\/az\\\/#website\"},\"primaryImageOfPage\":{\"@id\":\"https:\\\/\\\/www.meydan.tv\\\/az\\\/article\\\/ismayilli-sakini-indi-teqaud-derdi-cekmek-yox-istirahet-etmek-vaxtimdir\\\/#primaryimage\"},\"image\":{\"@id\":\"https:\\\/\\\/www.meydan.tv\\\/az\\\/article\\\/ismayilli-sakini-indi-teqaud-derdi-cekmek-yox-istirahet-etmek-vaxtimdir\\\/#primaryimage\"},\"thumbnailUrl\":\"https:\\\/\\\/www.meydan.tv\\\/wp-content\\\/uploads\\\/untitled_design-6.png\",\"datePublished\":\"2022-06-25T09:21:38+00:00\",\"dateModified\":\"2022-06-25T09:21:41+00:00\",\"breadcrumb\":{\"@id\":\"https:\\\/\\\/www.meydan.tv\\\/az\\\/article\\\/ismayilli-sakini-indi-teqaud-derdi-cekmek-yox-istirahet-etmek-vaxtimdir\\\/#breadcrumb\"},\"inLanguage\":\"az\",\"potentialAction\":[{\"@type\":\"ReadAction\",\"target\":[\"https:\\\/\\\/www.meydan.tv\\\/az\\\/article\\\/ismayilli-sakini-indi-teqaud-derdi-cekmek-yox-istirahet-etmek-vaxtimdir\\\/\"]}]},{\"@type\":\"ImageObject\",\"inLanguage\":\"az\",\"@id\":\"https:\\\/\\\/www.meydan.tv\\\/az\\\/article\\\/ismayilli-sakini-indi-teqaud-derdi-cekmek-yox-istirahet-etmek-vaxtimdir\\\/#primaryimage\",\"url\":\"https:\\\/\\\/www.meydan.tv\\\/wp-content\\\/uploads\\\/untitled_design-6.png\",\"contentUrl\":\"https:\\\/\\\/www.meydan.tv\\\/wp-content\\\/uploads\\\/untitled_design-6.png\",\"width\":1200,\"height\":940,\"caption\":\"\u018fmrullah Oruc\u0259liyev. Foto: Meydan TV\"},{\"@type\":\"BreadcrumbList\",\"@id\":\"https:\\\/\\\/www.meydan.tv\\\/az\\\/article\\\/ismayilli-sakini-indi-teqaud-derdi-cekmek-yox-istirahet-etmek-vaxtimdir\\\/#breadcrumb\",\"itemListElement\":[{\"@type\":\"ListItem\",\"position\":1,\"name\":\"Ana s\u0259hif\u0259\",\"item\":\"https:\\\/\\\/www.meydan.tv\\\/az\\\/\"},{\"@type\":\"ListItem\",\"position\":2,\"name\":\"B\u00f6lg\u0259\",\"item\":\"https:\\\/\\\/www.meydan.tv\\\/az\\\/section\\\/bolge\\\/\"},{\"@type\":\"ListItem\",\"position\":3,\"name\":\"\u0130smay\u0131ll\u0131 sakini: \u201c\u0130ndi t\u0259qa\u00fcd d\u0259rdi \u00e7\u0259km\u0259k yox, istirah\u0259t etm\u0259k vaxt\u0131md\u0131r\u201d\"}]},{\"@type\":\"WebSite\",\"@id\":\"https:\\\/\\\/www.meydan.tv\\\/az\\\/#website\",\"url\":\"https:\\\/\\\/www.meydan.tv\\\/az\\\/\",\"name\":\"MEYDAN.TV\",\"description\":\"Meydan TV Az\u0259rbaycan\u0131n media m\u0259kan\u0131ndak\u0131 alternativ s\u0259sidir\",\"publisher\":{\"@id\":\"https:\\\/\\\/www.meydan.tv\\\/az\\\/#organization\"},\"potentialAction\":[{\"@type\":\"SearchAction\",\"target\":{\"@type\":\"EntryPoint\",\"urlTemplate\":\"https:\\\/\\\/www.meydan.tv\\\/az\\\/?s={search_term_string}\"},\"query-input\":{\"@type\":\"PropertyValueSpecification\",\"valueRequired\":true,\"valueName\":\"search_term_string\"}}],\"inLanguage\":\"az\"},{\"@type\":\"Organization\",\"@id\":\"https:\\\/\\\/www.meydan.tv\\\/az\\\/#organization\",\"name\":\"Meydan TV\",\"url\":\"https:\\\/\\\/www.meydan.tv\\\/az\\\/\",\"logo\":{\"@type\":\"ImageObject\",\"inLanguage\":\"az\",\"@id\":\"https:\\\/\\\/www.meydan.tv\\\/az\\\/#\\\/schema\\\/logo\\\/image\\\/\",\"url\":\"https:\\\/\\\/www.meydan.tv\\\/wp-content\\\/uploads\\\/2021\\\/07\\\/meydan-logo.svg\",\"contentUrl\":\"https:\\\/\\\/www.meydan.tv\\\/wp-content\\\/uploads\\\/2021\\\/07\\\/meydan-logo.svg\",\"width\":195,\"height\":46,\"caption\":\"Meydan TV\"},\"image\":{\"@id\":\"https:\\\/\\\/www.meydan.tv\\\/az\\\/#\\\/schema\\\/logo\\\/image\\\/\"}},{\"@type\":\"Person\",\"@id\":\"https:\\\/\\\/www.meydan.tv\\\/az\\\/#\\\/schema\\\/person\\\/9cdbecf90d17180ce1dfbd95b08dcf47\",\"name\":\"elli\",\"sameAs\":[\"https:\\\/\\\/x.com\\\/elli\"]}]}<\/script>\n<!-- \/ Yoast SEO plugin. -->","yoast_head_json":{"title":"\u0130smay\u0131ll\u0131 sakini: \u201c\u0130ndi t\u0259qa\u00fcd d\u0259rdi \u00e7\u0259km\u0259k yox, istirah\u0259t etm\u0259k vaxt\u0131md\u0131r\u201d - MEYDAN.TV","robots":{"index":"index","follow":"follow","max-snippet":"max-snippet:-1","max-image-preview":"max-image-preview:large","max-video-preview":"max-video-preview:-1"},"canonical":"https:\/\/www.meydan.tv\/az\/article\/ismayilli-sakini-indi-teqaud-derdi-cekmek-yox-istirahet-etmek-vaxtimdir\/","og_locale":"az_AZ","og_type":"article","og_title":"\u0130smay\u0131ll\u0131 sakini: \u201c\u0130ndi t\u0259qa\u00fcd d\u0259rdi \u00e7\u0259km\u0259k yox, istirah\u0259t etm\u0259k vaxt\u0131md\u0131r\u201d - MEYDAN.TV","og_description":"67 ya\u015fl\u0131 \u018fmrullah Oruc\u0259liyev bu ya\u015fdan sonra h\u0259yatda qalma\u011f\u0131n yollar\u0131n\u0131 ... Davam\u0131","og_url":"https:\/\/www.meydan.tv\/az\/article\/ismayilli-sakini-indi-teqaud-derdi-cekmek-yox-istirahet-etmek-vaxtimdir\/","og_site_name":"MEYDAN.TV","article_published_time":"2022-06-25T09:21:38+00:00","article_modified_time":"2022-06-25T09:21:41+00:00","og_image":[{"width":1200,"height":940,"url":"https:\/\/www.meydan.tv\/wp-content\/uploads\/untitled_design-6.png","type":"image\/png"}],"author":"elli","twitter_card":"summary_large_image","twitter_creator":"@elli","schema":{"@context":"https:\/\/schema.org","@graph":[{"@type":"Article","@id":"https:\/\/www.meydan.tv\/az\/article\/ismayilli-sakini-indi-teqaud-derdi-cekmek-yox-istirahet-etmek-vaxtimdir\/#article","isPartOf":{"@id":"https:\/\/www.meydan.tv\/az\/article\/ismayilli-sakini-indi-teqaud-derdi-cekmek-yox-istirahet-etmek-vaxtimdir\/"},"author":{"name":"elli","@id":"https:\/\/www.meydan.tv\/az\/#\/schema\/person\/9cdbecf90d17180ce1dfbd95b08dcf47"},"headline":"\u0130smay\u0131ll\u0131 sakini: \u201c\u0130ndi t\u0259qa\u00fcd d\u0259rdi \u00e7\u0259km\u0259k yox, istirah\u0259t etm\u0259k vaxt\u0131md\u0131r\u201d","datePublished":"2022-06-25T09:21:38+00:00","dateModified":"2022-06-25T09:21:41+00:00","mainEntityOfPage":{"@id":"https:\/\/www.meydan.tv\/az\/article\/ismayilli-sakini-indi-teqaud-derdi-cekmek-yox-istirahet-etmek-vaxtimdir\/"},"wordCount":1151,"publisher":{"@id":"https:\/\/www.meydan.tv\/az\/#organization"},"image":{"@id":"https:\/\/www.meydan.tv\/az\/article\/ismayilli-sakini-indi-teqaud-derdi-cekmek-yox-istirahet-etmek-vaxtimdir\/#primaryimage"},"thumbnailUrl":"https:\/\/www.meydan.tv\/wp-content\/uploads\/untitled_design-6.png","articleSection":["B\u00f6lg\u0259","T\u00f6vsiy\u0259","X\u0259b\u0259rl\u0259r"],"inLanguage":"az"},{"@type":"WebPage","@id":"https:\/\/www.meydan.tv\/az\/article\/ismayilli-sakini-indi-teqaud-derdi-cekmek-yox-istirahet-etmek-vaxtimdir\/","url":"https:\/\/www.meydan.tv\/az\/article\/ismayilli-sakini-indi-teqaud-derdi-cekmek-yox-istirahet-etmek-vaxtimdir\/","name":"\u0130smay\u0131ll\u0131 sakini: \u201c\u0130ndi t\u0259qa\u00fcd d\u0259rdi \u00e7\u0259km\u0259k yox, istirah\u0259t etm\u0259k vaxt\u0131md\u0131r\u201d - MEYDAN.TV","isPartOf":{"@id":"https:\/\/www.meydan.tv\/az\/#website"},"primaryImageOfPage":{"@id":"https:\/\/www.meydan.tv\/az\/article\/ismayilli-sakini-indi-teqaud-derdi-cekmek-yox-istirahet-etmek-vaxtimdir\/#primaryimage"},"image":{"@id":"https:\/\/www.meydan.tv\/az\/article\/ismayilli-sakini-indi-teqaud-derdi-cekmek-yox-istirahet-etmek-vaxtimdir\/#primaryimage"},"thumbnailUrl":"https:\/\/www.meydan.tv\/wp-content\/uploads\/untitled_design-6.png","datePublished":"2022-06-25T09:21:38+00:00","dateModified":"2022-06-25T09:21:41+00:00","breadcrumb":{"@id":"https:\/\/www.meydan.tv\/az\/article\/ismayilli-sakini-indi-teqaud-derdi-cekmek-yox-istirahet-etmek-vaxtimdir\/#breadcrumb"},"inLanguage":"az","potentialAction":[{"@type":"ReadAction","target":["https:\/\/www.meydan.tv\/az\/article\/ismayilli-sakini-indi-teqaud-derdi-cekmek-yox-istirahet-etmek-vaxtimdir\/"]}]},{"@type":"ImageObject","inLanguage":"az","@id":"https:\/\/www.meydan.tv\/az\/article\/ismayilli-sakini-indi-teqaud-derdi-cekmek-yox-istirahet-etmek-vaxtimdir\/#primaryimage","url":"https:\/\/www.meydan.tv\/wp-content\/uploads\/untitled_design-6.png","contentUrl":"https:\/\/www.meydan.tv\/wp-content\/uploads\/untitled_design-6.png","width":1200,"height":940,"caption":"\u018fmrullah Oruc\u0259liyev. Foto: Meydan TV"},{"@type":"BreadcrumbList","@id":"https:\/\/www.meydan.tv\/az\/article\/ismayilli-sakini-indi-teqaud-derdi-cekmek-yox-istirahet-etmek-vaxtimdir\/#breadcrumb","itemListElement":[{"@type":"ListItem","position":1,"name":"Ana s\u0259hif\u0259","item":"https:\/\/www.meydan.tv\/az\/"},{"@type":"ListItem","position":2,"name":"B\u00f6lg\u0259","item":"https:\/\/www.meydan.tv\/az\/section\/bolge\/"},{"@type":"ListItem","position":3,"name":"\u0130smay\u0131ll\u0131 sakini: \u201c\u0130ndi t\u0259qa\u00fcd d\u0259rdi \u00e7\u0259km\u0259k yox, istirah\u0259t etm\u0259k vaxt\u0131md\u0131r\u201d"}]},{"@type":"WebSite","@id":"https:\/\/www.meydan.tv\/az\/#website","url":"https:\/\/www.meydan.tv\/az\/","name":"MEYDAN.TV","description":"Meydan TV Az\u0259rbaycan\u0131n media m\u0259kan\u0131ndak\u0131 alternativ s\u0259sidir","publisher":{"@id":"https:\/\/www.meydan.tv\/az\/#organization"},"potentialAction":[{"@type":"SearchAction","target":{"@type":"EntryPoint","urlTemplate":"https:\/\/www.meydan.tv\/az\/?s={search_term_string}"},"query-input":{"@type":"PropertyValueSpecification","valueRequired":true,"valueName":"search_term_string"}}],"inLanguage":"az"},{"@type":"Organization","@id":"https:\/\/www.meydan.tv\/az\/#organization","name":"Meydan TV","url":"https:\/\/www.meydan.tv\/az\/","logo":{"@type":"ImageObject","inLanguage":"az","@id":"https:\/\/www.meydan.tv\/az\/#\/schema\/logo\/image\/","url":"https:\/\/www.meydan.tv\/wp-content\/uploads\/2021\/07\/meydan-logo.svg","contentUrl":"https:\/\/www.meydan.tv\/wp-content\/uploads\/2021\/07\/meydan-logo.svg","width":195,"height":46,"caption":"Meydan TV"},"image":{"@id":"https:\/\/www.meydan.tv\/az\/#\/schema\/logo\/image\/"}},{"@type":"Person","@id":"https:\/\/www.meydan.tv\/az\/#\/schema\/person\/9cdbecf90d17180ce1dfbd95b08dcf47","name":"elli","sameAs":["https:\/\/x.com\/elli"]}]}},"_links":{"self":[{"href":"https:\/\/www.meydan.tv\/az\/wp-json\/wp\/v2\/posts\/249326","targetHints":{"allow":["GET"]}}],"collection":[{"href":"https:\/\/www.meydan.tv\/az\/wp-json\/wp\/v2\/posts"}],"about":[{"href":"https:\/\/www.meydan.tv\/az\/wp-json\/wp\/v2\/types\/post"}],"author":[{"embeddable":true,"href":"https:\/\/www.meydan.tv\/az\/wp-json\/wp\/v2\/users\/8"}],"replies":[{"embeddable":true,"href":"https:\/\/www.meydan.tv\/az\/wp-json\/wp\/v2\/comments?post=249326"}],"version-history":[{"count":1,"href":"https:\/\/www.meydan.tv\/az\/wp-json\/wp\/v2\/posts\/249326\/revisions"}],"predecessor-version":[{"id":249330,"href":"https:\/\/www.meydan.tv\/az\/wp-json\/wp\/v2\/posts\/249326\/revisions\/249330"}],"wp:featuredmedia":[{"embeddable":true,"href":"https:\/\/www.meydan.tv\/az\/wp-json\/wp\/v2\/media\/249323"}],"wp:attachment":[{"href":"https:\/\/www.meydan.tv\/az\/wp-json\/wp\/v2\/media?parent=249326"}],"wp:term":[{"taxonomy":"category","embeddable":true,"href":"https:\/\/www.meydan.tv\/az\/wp-json\/wp\/v2\/categories?post=249326"},{"taxonomy":"post_tag","embeddable":true,"href":"https:\/\/www.meydan.tv\/az\/wp-json\/wp\/v2\/tags?post=249326"}],"curies":[{"name":"wp","href":"https:\/\/api.w.org\/{rel}","templated":true}]}}