{"id":249292,"date":"2022-06-24T15:15:36","date_gmt":"2022-06-24T11:15:36","guid":{"rendered":"https:\/\/www.meydan.tv\/?p=249292"},"modified":"2022-06-24T15:15:38","modified_gmt":"2022-06-24T11:15:38","slug":"avropa-yayim-birliyi-ukrayna-ile-bagli-son-qerarini-verdi","status":"publish","type":"post","link":"https:\/\/www.meydan.tv\/az\/article\/avropa-yayim-birliyi-ukrayna-ile-bagli-son-qerarini-verdi\/","title":{"rendered":"Avropa Yay\u0131m Birliyi Ukrayna il\u0259 ba\u011fl\u0131 son q\u0259rar\u0131n\u0131 verdi"},"content":{"rendered":"\n<p><em>Yar\u0131\u015fman\u0131n ba\u015fqa \u00f6lk\u0259d\u0259 ke\u00e7irilm\u0259si planla\u015fd\u0131r\u0131l\u0131r<\/em><\/p>\n\n\n\n<p>Avropa Yay\u0131m Birliyi Ukrayna il\u0259 \u0259laq\u0259dar yekun q\u0259rar\u0131n\u0131 verib.<\/p>\n\n\n\n<p>Qurumun yayd\u0131\u011f\u0131 m\u0259lumatda qeyd olunur ki, Ukrayna \u201cEurovision 2022\u201d Mahn\u0131 M\u00fcsabiq\u0259sinin qalib olsa da, yar\u0131\u015fmaya g\u0259l\u0259n il ev sahibliyi ed\u0259 <a href=\"https:\/\/www.ebu.ch\/news\/2022\/06\/ebu-statement-on-the-hosting-of-the-2023-eurovision-song-contest\" target=\"_blank\" rel=\"noreferrer noopener\">bilm\u0259y\u0259c\u0259k<\/a>.<\/p>\n\n\n\n<p>\u201cEurovision 2023\u201d yar\u0131\u015fmas\u0131n\u0131n hans\u0131 \u00f6lk\u0259d\u0259 ke\u00e7irilm\u0259si il\u0259 ba\u011fl\u0131 dan\u0131\u015f\u0131qlar is\u0259 h\u0259l\u0259 davam edir.<\/p>\n\n\n\n<p>2022-ci il iyunun 17-d\u0259 Avropa Yay\u0131m Birliyi Ukraynan\u0131n \u201cEurovision 2023\u201d Mahn\u0131 M\u00fcsabiq\u0259sin\u0259 ev sahibliyi etm\u0259y\u0259c\u0259yini dair b\u0259yanat <a href=\"https:\/\/www.ebu.ch\/news\/2022\/06\/ebu-statement-on-hosting-of-2023-eurovision-song-contest\" target=\"_blank\" rel=\"noreferrer noopener\">yaym\u0131\u015fd\u0131<\/a>.<\/p>\n\n\n\n<p>Bildirilmi\u015fdi ki, haz\u0131rk\u0131 m\u00fcharib\u0259 \u015f\u0259raiti il\u0259 \u0259laq\u0259dar yar\u0131\u015fman\u0131n Ukraynada ke\u00e7irilm\u0259si t\u0259hl\u00fck\u0259sizlik t\u0259l\u0259bl\u0259rin\u0259 cavab vermir.<\/p>\n\n\n\n<p>Avropa Yay\u0131m Birliyi m\u00f6vcud \u015f\u0259raiti n\u0259z\u0259r\u0259 alaraq, m\u00fcsabiq\u0259nin 2023-c\u00fc ild\u0259 m\u00fcsabiq\u0259nin ikincisi olmu\u015f B\u00f6y\u00fck Britaniyada ke\u00e7irilm\u0259sin\u0259 q\u0259rarla\u015fd\u0131rm\u0131\u015fd\u0131.<\/p>\n\n\n\n<p>Ukrayna Prezident Ofisi ba\u015f\u00e7\u0131s\u0131n\u0131n m\u00fcavini Kirill Timo\u015fenko is\u0259 \u00f6lk\u0259nin bu q\u0259rarla raz\u0131la\u015fmad\u0131\u011f\u0131n\u0131 bildirmi\u015fdi.<\/p>\n\n\n\n<p>B\u00f6y\u00fck Britaniyan\u0131n ba\u015f naziri Boris Conson is\u0259 demi\u015fdi ki, \u201cEurovision 2023\u201d m\u00fcsabiq\u0259si m\u00fctl\u0259q Ukraynada ke\u00e7irilm\u0259lidir.<\/p>\n\n\n\n<p>2022-ci il fevral\u0131n 24-d\u0259 Rusiya Ukraynada h\u0259rbi \u0259m\u0259liyyatlara ba\u015flay\u0131b.<\/p>\n\n\n\n<p>Buna g\u00f6r\u0259 d\u0259 Avropa Yay\u0131m Birliyi t\u0259r\u0259find\u0259n \u201cEurovision 2022\u201d mahn\u0131 m\u00fcsabiq\u0259sind\u0259n uzaqla\u015fd\u0131r\u0131l\u0131b.<\/p>\n\n\n\n<p>2022-ci il may\u0131n 10-dan 14-d\u0259k \u0130taliyan\u0131n Turin \u015f\u0259h\u0259rind\u0259 \u201cEurovision 2022\u201d Beyn\u0259lxalq Musiqi M\u00fcsabiq\u0259si ke\u00e7irilib.<\/p>\n\n\n\n<p>\u00dcmumilikd\u0259 25 \u00f6lk\u0259nin i\u015ftirak etdiyi yar\u0131\u015fman\u0131n final m\u0259rh\u0259l\u0259sind\u0259 631 s\u0259sl\u0259 Ukrayna (\u201cKalush Orchestra\u201d \u2013 \u201cStefania\u201d) qalib olub.<\/p>\n\n\n\n<p>B\u00f6y\u00fck Britaniya (Sam Ryder \u2013 \u201cSpace Man\u201d) ikinci, \u0130spaniya is\u0259 (Chanel \u2013 \u201cSloMo\u201d) \u00fc\u00e7\u00fcnc\u00fc olub.<\/p>\n","protected":false},"excerpt":{"rendered":"<p>Yar\u0131\u015fman\u0131n ba\u015fqa \u00f6lk\u0259d\u0259 ke\u00e7irilm\u0259si planla\u015fd\u0131r\u0131l\u0131r Avropa Yay\u0131m Birliyi Ukrayna il\u0259 &#8230; <\/p>\n<p class=\"read-more-container\"><a title=\"Avropa Yay\u0131m Birliyi Ukrayna il\u0259 ba\u011fl\u0131 son q\u0259rar\u0131n\u0131 verdi\" class=\"read-more button\" href=\"https:\/\/www.meydan.tv\/az\/article\/avropa-yayim-birliyi-ukrayna-ile-bagli-son-qerarini-verdi\/#more-249292\" aria-label=\"Read more about Avropa Yay\u0131m Birliyi Ukrayna il\u0259 ba\u011fl\u0131 son q\u0259rar\u0131n\u0131 verdi\">Davam\u0131<\/a><\/p>\n","protected":false},"author":8,"featured_media":236083,"comment_status":"closed","ping_status":"closed","sticky":false,"template":"","format":"standard","meta":{"_acf_changed":false,"_sitemap_exclude":false,"_sitemap_priority":"","_sitemap_frequency":"","footnotes":""},"categories":[52,56],"tags":[],"class_list":["post-249292","post","type-post","status-publish","format-standard","has-post-thumbnail","hentry","category-medeniyyet","category-xeberler","infinite-scroll-item","generate-columns","tablet-grid-50","mobile-grid-100","grid-parent","grid-33","no-featured-image-padding"],"acf":[],"yoast_head":"<!-- This site is optimized with the Yoast SEO plugin v27.5 - https:\/\/yoast.com\/product\/yoast-seo-wordpress\/ -->\n<title>Avropa Yay\u0131m Birliyi Ukrayna il\u0259 ba\u011fl\u0131 son q\u0259rar\u0131n\u0131 verdi - MEYDAN.TV<\/title>\n<meta name=\"robots\" content=\"index, follow, max-snippet:-1, max-image-preview:large, max-video-preview:-1\" \/>\n<link rel=\"canonical\" href=\"https:\/\/www.meydan.tv\/az\/article\/avropa-yayim-birliyi-ukrayna-ile-bagli-son-qerarini-verdi\/\" \/>\n<meta property=\"og:locale\" content=\"az_AZ\" \/>\n<meta property=\"og:type\" content=\"article\" \/>\n<meta property=\"og:title\" content=\"Avropa Yay\u0131m Birliyi Ukrayna il\u0259 ba\u011fl\u0131 son q\u0259rar\u0131n\u0131 verdi - MEYDAN.TV\" \/>\n<meta property=\"og:description\" content=\"Yar\u0131\u015fman\u0131n ba\u015fqa \u00f6lk\u0259d\u0259 ke\u00e7irilm\u0259si planla\u015fd\u0131r\u0131l\u0131r Avropa Yay\u0131m Birliyi Ukrayna il\u0259 ... Davam\u0131\" \/>\n<meta property=\"og:url\" content=\"https:\/\/www.meydan.tv\/az\/article\/avropa-yayim-birliyi-ukrayna-ile-bagli-son-qerarini-verdi\/\" \/>\n<meta property=\"og:site_name\" content=\"MEYDAN.TV\" \/>\n<meta property=\"article:published_time\" content=\"2022-06-24T11:15:36+00:00\" \/>\n<meta property=\"article:modified_time\" content=\"2022-06-24T11:15:38+00:00\" \/>\n<meta property=\"og:image\" content=\"https:\/\/www.meydan.tv\/wp-content\/uploads\/shutterstock_1643769724.jpg\" \/>\n\t<meta property=\"og:image:width\" content=\"1200\" \/>\n\t<meta property=\"og:image:height\" content=\"799\" \/>\n\t<meta property=\"og:image:type\" content=\"image\/jpeg\" \/>\n<meta name=\"author\" content=\"elli\" \/>\n<meta name=\"twitter:card\" content=\"summary_large_image\" \/>\n<meta name=\"twitter:creator\" content=\"@elli\" \/>\n<script type=\"application\/ld+json\" class=\"yoast-schema-graph\">{\"@context\":\"https:\\\/\\\/schema.org\",\"@graph\":[{\"@type\":\"Article\",\"@id\":\"https:\\\/\\\/www.meydan.tv\\\/az\\\/article\\\/avropa-yayim-birliyi-ukrayna-ile-bagli-son-qerarini-verdi\\\/#article\",\"isPartOf\":{\"@id\":\"https:\\\/\\\/www.meydan.tv\\\/az\\\/article\\\/avropa-yayim-birliyi-ukrayna-ile-bagli-son-qerarini-verdi\\\/\"},\"author\":{\"name\":\"elli\",\"@id\":\"https:\\\/\\\/www.meydan.tv\\\/az\\\/#\\\/schema\\\/person\\\/9cdbecf90d17180ce1dfbd95b08dcf47\"},\"headline\":\"Avropa Yay\u0131m Birliyi Ukrayna il\u0259 ba\u011fl\u0131 son q\u0259rar\u0131n\u0131 verdi\",\"datePublished\":\"2022-06-24T11:15:36+00:00\",\"dateModified\":\"2022-06-24T11:15:38+00:00\",\"mainEntityOfPage\":{\"@id\":\"https:\\\/\\\/www.meydan.tv\\\/az\\\/article\\\/avropa-yayim-birliyi-ukrayna-ile-bagli-son-qerarini-verdi\\\/\"},\"wordCount\":321,\"publisher\":{\"@id\":\"https:\\\/\\\/www.meydan.tv\\\/az\\\/#organization\"},\"image\":{\"@id\":\"https:\\\/\\\/www.meydan.tv\\\/az\\\/article\\\/avropa-yayim-birliyi-ukrayna-ile-bagli-son-qerarini-verdi\\\/#primaryimage\"},\"thumbnailUrl\":\"https:\\\/\\\/www.meydan.tv\\\/wp-content\\\/uploads\\\/shutterstock_1643769724.jpg\",\"articleSection\":[\"M\u0259d\u0259niyy\u0259t\",\"X\u0259b\u0259rl\u0259r\"],\"inLanguage\":\"az\"},{\"@type\":\"WebPage\",\"@id\":\"https:\\\/\\\/www.meydan.tv\\\/az\\\/article\\\/avropa-yayim-birliyi-ukrayna-ile-bagli-son-qerarini-verdi\\\/\",\"url\":\"https:\\\/\\\/www.meydan.tv\\\/az\\\/article\\\/avropa-yayim-birliyi-ukrayna-ile-bagli-son-qerarini-verdi\\\/\",\"name\":\"Avropa Yay\u0131m Birliyi Ukrayna il\u0259 ba\u011fl\u0131 son q\u0259rar\u0131n\u0131 verdi - MEYDAN.TV\",\"isPartOf\":{\"@id\":\"https:\\\/\\\/www.meydan.tv\\\/az\\\/#website\"},\"primaryImageOfPage\":{\"@id\":\"https:\\\/\\\/www.meydan.tv\\\/az\\\/article\\\/avropa-yayim-birliyi-ukrayna-ile-bagli-son-qerarini-verdi\\\/#primaryimage\"},\"image\":{\"@id\":\"https:\\\/\\\/www.meydan.tv\\\/az\\\/article\\\/avropa-yayim-birliyi-ukrayna-ile-bagli-son-qerarini-verdi\\\/#primaryimage\"},\"thumbnailUrl\":\"https:\\\/\\\/www.meydan.tv\\\/wp-content\\\/uploads\\\/shutterstock_1643769724.jpg\",\"datePublished\":\"2022-06-24T11:15:36+00:00\",\"dateModified\":\"2022-06-24T11:15:38+00:00\",\"breadcrumb\":{\"@id\":\"https:\\\/\\\/www.meydan.tv\\\/az\\\/article\\\/avropa-yayim-birliyi-ukrayna-ile-bagli-son-qerarini-verdi\\\/#breadcrumb\"},\"inLanguage\":\"az\",\"potentialAction\":[{\"@type\":\"ReadAction\",\"target\":[\"https:\\\/\\\/www.meydan.tv\\\/az\\\/article\\\/avropa-yayim-birliyi-ukrayna-ile-bagli-son-qerarini-verdi\\\/\"]}]},{\"@type\":\"ImageObject\",\"inLanguage\":\"az\",\"@id\":\"https:\\\/\\\/www.meydan.tv\\\/az\\\/article\\\/avropa-yayim-birliyi-ukrayna-ile-bagli-son-qerarini-verdi\\\/#primaryimage\",\"url\":\"https:\\\/\\\/www.meydan.tv\\\/wp-content\\\/uploads\\\/shutterstock_1643769724.jpg\",\"contentUrl\":\"https:\\\/\\\/www.meydan.tv\\\/wp-content\\\/uploads\\\/shutterstock_1643769724.jpg\",\"width\":1200,\"height\":799,\"caption\":\"\u201cEurovision\u201d. M\u0259nb\u0259: Review News\\\/shutterstock\"},{\"@type\":\"BreadcrumbList\",\"@id\":\"https:\\\/\\\/www.meydan.tv\\\/az\\\/article\\\/avropa-yayim-birliyi-ukrayna-ile-bagli-son-qerarini-verdi\\\/#breadcrumb\",\"itemListElement\":[{\"@type\":\"ListItem\",\"position\":1,\"name\":\"Ana s\u0259hif\u0259\",\"item\":\"https:\\\/\\\/www.meydan.tv\\\/az\\\/\"},{\"@type\":\"ListItem\",\"position\":2,\"name\":\"M\u0259d\u0259niyy\u0259t\",\"item\":\"https:\\\/\\\/www.meydan.tv\\\/az\\\/section\\\/medeniyyet\\\/\"},{\"@type\":\"ListItem\",\"position\":3,\"name\":\"Avropa Yay\u0131m Birliyi Ukrayna il\u0259 ba\u011fl\u0131 son q\u0259rar\u0131n\u0131 verdi\"}]},{\"@type\":\"WebSite\",\"@id\":\"https:\\\/\\\/www.meydan.tv\\\/az\\\/#website\",\"url\":\"https:\\\/\\\/www.meydan.tv\\\/az\\\/\",\"name\":\"MEYDAN.TV\",\"description\":\"Meydan TV Az\u0259rbaycan\u0131n media m\u0259kan\u0131ndak\u0131 alternativ s\u0259sidir\",\"publisher\":{\"@id\":\"https:\\\/\\\/www.meydan.tv\\\/az\\\/#organization\"},\"potentialAction\":[{\"@type\":\"SearchAction\",\"target\":{\"@type\":\"EntryPoint\",\"urlTemplate\":\"https:\\\/\\\/www.meydan.tv\\\/az\\\/?s={search_term_string}\"},\"query-input\":{\"@type\":\"PropertyValueSpecification\",\"valueRequired\":true,\"valueName\":\"search_term_string\"}}],\"inLanguage\":\"az\"},{\"@type\":\"Organization\",\"@id\":\"https:\\\/\\\/www.meydan.tv\\\/az\\\/#organization\",\"name\":\"Meydan TV\",\"url\":\"https:\\\/\\\/www.meydan.tv\\\/az\\\/\",\"logo\":{\"@type\":\"ImageObject\",\"inLanguage\":\"az\",\"@id\":\"https:\\\/\\\/www.meydan.tv\\\/az\\\/#\\\/schema\\\/logo\\\/image\\\/\",\"url\":\"https:\\\/\\\/www.meydan.tv\\\/wp-content\\\/uploads\\\/2021\\\/07\\\/meydan-logo.svg\",\"contentUrl\":\"https:\\\/\\\/www.meydan.tv\\\/wp-content\\\/uploads\\\/2021\\\/07\\\/meydan-logo.svg\",\"width\":195,\"height\":46,\"caption\":\"Meydan TV\"},\"image\":{\"@id\":\"https:\\\/\\\/www.meydan.tv\\\/az\\\/#\\\/schema\\\/logo\\\/image\\\/\"}},{\"@type\":\"Person\",\"@id\":\"https:\\\/\\\/www.meydan.tv\\\/az\\\/#\\\/schema\\\/person\\\/9cdbecf90d17180ce1dfbd95b08dcf47\",\"name\":\"elli\",\"sameAs\":[\"https:\\\/\\\/x.com\\\/elli\"]}]}<\/script>\n<!-- \/ Yoast SEO plugin. -->","yoast_head_json":{"title":"Avropa Yay\u0131m Birliyi Ukrayna il\u0259 ba\u011fl\u0131 son q\u0259rar\u0131n\u0131 verdi - MEYDAN.TV","robots":{"index":"index","follow":"follow","max-snippet":"max-snippet:-1","max-image-preview":"max-image-preview:large","max-video-preview":"max-video-preview:-1"},"canonical":"https:\/\/www.meydan.tv\/az\/article\/avropa-yayim-birliyi-ukrayna-ile-bagli-son-qerarini-verdi\/","og_locale":"az_AZ","og_type":"article","og_title":"Avropa Yay\u0131m Birliyi Ukrayna il\u0259 ba\u011fl\u0131 son q\u0259rar\u0131n\u0131 verdi - MEYDAN.TV","og_description":"Yar\u0131\u015fman\u0131n ba\u015fqa \u00f6lk\u0259d\u0259 ke\u00e7irilm\u0259si planla\u015fd\u0131r\u0131l\u0131r Avropa Yay\u0131m Birliyi Ukrayna il\u0259 ... Davam\u0131","og_url":"https:\/\/www.meydan.tv\/az\/article\/avropa-yayim-birliyi-ukrayna-ile-bagli-son-qerarini-verdi\/","og_site_name":"MEYDAN.TV","article_published_time":"2022-06-24T11:15:36+00:00","article_modified_time":"2022-06-24T11:15:38+00:00","og_image":[{"width":1200,"height":799,"url":"https:\/\/www.meydan.tv\/wp-content\/uploads\/shutterstock_1643769724.jpg","type":"image\/jpeg"}],"author":"elli","twitter_card":"summary_large_image","twitter_creator":"@elli","schema":{"@context":"https:\/\/schema.org","@graph":[{"@type":"Article","@id":"https:\/\/www.meydan.tv\/az\/article\/avropa-yayim-birliyi-ukrayna-ile-bagli-son-qerarini-verdi\/#article","isPartOf":{"@id":"https:\/\/www.meydan.tv\/az\/article\/avropa-yayim-birliyi-ukrayna-ile-bagli-son-qerarini-verdi\/"},"author":{"name":"elli","@id":"https:\/\/www.meydan.tv\/az\/#\/schema\/person\/9cdbecf90d17180ce1dfbd95b08dcf47"},"headline":"Avropa Yay\u0131m Birliyi Ukrayna il\u0259 ba\u011fl\u0131 son q\u0259rar\u0131n\u0131 verdi","datePublished":"2022-06-24T11:15:36+00:00","dateModified":"2022-06-24T11:15:38+00:00","mainEntityOfPage":{"@id":"https:\/\/www.meydan.tv\/az\/article\/avropa-yayim-birliyi-ukrayna-ile-bagli-son-qerarini-verdi\/"},"wordCount":321,"publisher":{"@id":"https:\/\/www.meydan.tv\/az\/#organization"},"image":{"@id":"https:\/\/www.meydan.tv\/az\/article\/avropa-yayim-birliyi-ukrayna-ile-bagli-son-qerarini-verdi\/#primaryimage"},"thumbnailUrl":"https:\/\/www.meydan.tv\/wp-content\/uploads\/shutterstock_1643769724.jpg","articleSection":["M\u0259d\u0259niyy\u0259t","X\u0259b\u0259rl\u0259r"],"inLanguage":"az"},{"@type":"WebPage","@id":"https:\/\/www.meydan.tv\/az\/article\/avropa-yayim-birliyi-ukrayna-ile-bagli-son-qerarini-verdi\/","url":"https:\/\/www.meydan.tv\/az\/article\/avropa-yayim-birliyi-ukrayna-ile-bagli-son-qerarini-verdi\/","name":"Avropa Yay\u0131m Birliyi Ukrayna il\u0259 ba\u011fl\u0131 son q\u0259rar\u0131n\u0131 verdi - MEYDAN.TV","isPartOf":{"@id":"https:\/\/www.meydan.tv\/az\/#website"},"primaryImageOfPage":{"@id":"https:\/\/www.meydan.tv\/az\/article\/avropa-yayim-birliyi-ukrayna-ile-bagli-son-qerarini-verdi\/#primaryimage"},"image":{"@id":"https:\/\/www.meydan.tv\/az\/article\/avropa-yayim-birliyi-ukrayna-ile-bagli-son-qerarini-verdi\/#primaryimage"},"thumbnailUrl":"https:\/\/www.meydan.tv\/wp-content\/uploads\/shutterstock_1643769724.jpg","datePublished":"2022-06-24T11:15:36+00:00","dateModified":"2022-06-24T11:15:38+00:00","breadcrumb":{"@id":"https:\/\/www.meydan.tv\/az\/article\/avropa-yayim-birliyi-ukrayna-ile-bagli-son-qerarini-verdi\/#breadcrumb"},"inLanguage":"az","potentialAction":[{"@type":"ReadAction","target":["https:\/\/www.meydan.tv\/az\/article\/avropa-yayim-birliyi-ukrayna-ile-bagli-son-qerarini-verdi\/"]}]},{"@type":"ImageObject","inLanguage":"az","@id":"https:\/\/www.meydan.tv\/az\/article\/avropa-yayim-birliyi-ukrayna-ile-bagli-son-qerarini-verdi\/#primaryimage","url":"https:\/\/www.meydan.tv\/wp-content\/uploads\/shutterstock_1643769724.jpg","contentUrl":"https:\/\/www.meydan.tv\/wp-content\/uploads\/shutterstock_1643769724.jpg","width":1200,"height":799,"caption":"\u201cEurovision\u201d. M\u0259nb\u0259: Review News\/shutterstock"},{"@type":"BreadcrumbList","@id":"https:\/\/www.meydan.tv\/az\/article\/avropa-yayim-birliyi-ukrayna-ile-bagli-son-qerarini-verdi\/#breadcrumb","itemListElement":[{"@type":"ListItem","position":1,"name":"Ana s\u0259hif\u0259","item":"https:\/\/www.meydan.tv\/az\/"},{"@type":"ListItem","position":2,"name":"M\u0259d\u0259niyy\u0259t","item":"https:\/\/www.meydan.tv\/az\/section\/medeniyyet\/"},{"@type":"ListItem","position":3,"name":"Avropa Yay\u0131m Birliyi Ukrayna il\u0259 ba\u011fl\u0131 son q\u0259rar\u0131n\u0131 verdi"}]},{"@type":"WebSite","@id":"https:\/\/www.meydan.tv\/az\/#website","url":"https:\/\/www.meydan.tv\/az\/","name":"MEYDAN.TV","description":"Meydan TV Az\u0259rbaycan\u0131n media m\u0259kan\u0131ndak\u0131 alternativ s\u0259sidir","publisher":{"@id":"https:\/\/www.meydan.tv\/az\/#organization"},"potentialAction":[{"@type":"SearchAction","target":{"@type":"EntryPoint","urlTemplate":"https:\/\/www.meydan.tv\/az\/?s={search_term_string}"},"query-input":{"@type":"PropertyValueSpecification","valueRequired":true,"valueName":"search_term_string"}}],"inLanguage":"az"},{"@type":"Organization","@id":"https:\/\/www.meydan.tv\/az\/#organization","name":"Meydan TV","url":"https:\/\/www.meydan.tv\/az\/","logo":{"@type":"ImageObject","inLanguage":"az","@id":"https:\/\/www.meydan.tv\/az\/#\/schema\/logo\/image\/","url":"https:\/\/www.meydan.tv\/wp-content\/uploads\/2021\/07\/meydan-logo.svg","contentUrl":"https:\/\/www.meydan.tv\/wp-content\/uploads\/2021\/07\/meydan-logo.svg","width":195,"height":46,"caption":"Meydan TV"},"image":{"@id":"https:\/\/www.meydan.tv\/az\/#\/schema\/logo\/image\/"}},{"@type":"Person","@id":"https:\/\/www.meydan.tv\/az\/#\/schema\/person\/9cdbecf90d17180ce1dfbd95b08dcf47","name":"elli","sameAs":["https:\/\/x.com\/elli"]}]}},"_links":{"self":[{"href":"https:\/\/www.meydan.tv\/az\/wp-json\/wp\/v2\/posts\/249292","targetHints":{"allow":["GET"]}}],"collection":[{"href":"https:\/\/www.meydan.tv\/az\/wp-json\/wp\/v2\/posts"}],"about":[{"href":"https:\/\/www.meydan.tv\/az\/wp-json\/wp\/v2\/types\/post"}],"author":[{"embeddable":true,"href":"https:\/\/www.meydan.tv\/az\/wp-json\/wp\/v2\/users\/8"}],"replies":[{"embeddable":true,"href":"https:\/\/www.meydan.tv\/az\/wp-json\/wp\/v2\/comments?post=249292"}],"version-history":[{"count":1,"href":"https:\/\/www.meydan.tv\/az\/wp-json\/wp\/v2\/posts\/249292\/revisions"}],"predecessor-version":[{"id":249293,"href":"https:\/\/www.meydan.tv\/az\/wp-json\/wp\/v2\/posts\/249292\/revisions\/249293"}],"wp:featuredmedia":[{"embeddable":true,"href":"https:\/\/www.meydan.tv\/az\/wp-json\/wp\/v2\/media\/236083"}],"wp:attachment":[{"href":"https:\/\/www.meydan.tv\/az\/wp-json\/wp\/v2\/media?parent=249292"}],"wp:term":[{"taxonomy":"category","embeddable":true,"href":"https:\/\/www.meydan.tv\/az\/wp-json\/wp\/v2\/categories?post=249292"},{"taxonomy":"post_tag","embeddable":true,"href":"https:\/\/www.meydan.tv\/az\/wp-json\/wp\/v2\/tags?post=249292"}],"curies":[{"name":"wp","href":"https:\/\/api.w.org\/{rel}","templated":true}]}}