{"id":249277,"date":"2022-06-24T13:41:48","date_gmt":"2022-06-24T09:41:48","guid":{"rendered":"https:\/\/www.meydan.tv\/?p=249277"},"modified":"2022-06-24T13:54:35","modified_gmt":"2022-06-24T09:54:35","slug":"space-telekanali-elcin-elibeyliye-gore-xeberdarliq-alib","status":"publish","type":"post","link":"https:\/\/www.meydan.tv\/az\/article\/space-telekanali-elcin-elibeyliye-gore-xeberdarliq-alib\/","title":{"rendered":"\u201cSpace\u201d telekanal\u0131 El\u00e7in \u018flib\u0259yliy\u0259 g\u00f6r\u0259 x\u0259b\u0259rdarl\u0131q al\u0131b"},"content":{"rendered":"\n<p><em>\u201cElin s\u00f6z\u00fc\u201d verili\u015fi irqi ayr\u0131-se\u00e7kiliyin t\u0259bli\u011f olunmas\u0131nda g\u00fcnahland\u0131r\u0131l\u0131b<\/em><\/p>\n\n\n\n<p>Audiovizual \u015eura \u201cSpace\u201d telekanal\u0131na x\u0259b\u0259rdarl\u0131q edib.<\/p>\n\n\n\n<p>\u015euran\u0131n iyunun 24-d\u0259 ke\u00e7iril\u0259n iclaz\u0131 zaman\u0131 telekanalda yay\u0131mlanan \u201cElin s\u00f6z\u00fc\u201d verili\u015find\u0259 \u201cMedia haqq\u0131nda\u201d Qanununun 14.1.4-c\u00fc (irqi, dini, m\u0259n\u015f\u0259, cinsi, etnik v\u0259 dig\u0259r ayr\u0131-se\u00e7kiliyin t\u0259bli\u011f olunmas\u0131) v\u0259 14.1.12-ci madd\u0259l\u0259rinin (parapsixologiya (ekstrasens, medium v\u0259 s.), m\u00f6vhumat\u00e7\u0131l\u0131q v\u0259 ya dig\u0259r x\u00fcraf\u0259l\u0259rin t\u0259bli\u011fin\u0259 yol verilm\u0259si) t\u0259l\u0259bl\u0259rinin pozulmas\u0131 faktlar\u0131 m\u00fczakir\u0259 <a href=\"https:\/\/acra.gov.az\/az\/xeberler\/885\" target=\"_blank\" rel=\"noreferrer noopener\">olunub.<\/a><\/p>\n\n\n\n<p>Bildirilib ki, verili\u015fin 21 iyun 22:30-23:40 saatlar\u0131nda n\u00fcmayi\u015f olunan burax\u0131l\u0131\u015f\u0131nda apar\u0131c\u0131 El\u00e7in \u018flib\u0259yli \u201cBiz hindu a\u011fl\u0131nda olmamal\u0131y\u0131q ax\u0131. Bir az inki\u015faf etmi\u015f v\u0259ziyy\u0259td\u0259 olmal\u0131y\u0131q\u201d, &#8211; deyib.<\/p>\n\n\n\n<p>\u201cBilm\u0259y\u0259r\u0259kd\u0259n,&nbsp; x\u00fcsusi bir m\u0259qs\u0259d olmadan, Az\u0259rbaycanda ya\u015famayan etnik qruplar haqq\u0131nda i\u015fl\u0259dil\u0259n bel\u0259 a\u00e7\u0131qlamalar, c\u0259miyy\u0259timiz\u0259 xas olmayan ksenofobiyan\u0131n yay\u0131lmas\u0131na, ayr\u0131-ayr\u0131 tama\u015fa\u00e7\u0131larda milli v\u0259 ya irqi \u00fcst\u00fcnl\u00fck hissl\u0259rinin yaranmas\u0131na g\u0259tirib \u00e7\u0131xara bil\u0259r\u201d, &#8211; \u015euran\u0131n sayt\u0131nda yerl\u0259\u015fdiril\u0259n m\u0259lumatda deyilir.<\/p>\n\n\n\n<p>M\u00fczakir\u0259l\u0259rd\u0259n sonra \u015eura \u00fczvl\u0259ri \u201cSpace\u201din efirind\u0259 ilk d\u0259f\u0259 bel\u0259 hal\u0131n ba\u015f verdiyi v\u0259 El\u00e7in \u018flib\u0259ylinin uzunm\u00fcdd\u0259tli jurnalist f\u0259aliyy\u0259tini n\u0259z\u0259r\u0259 alaraq x\u0259b\u0259rdarl\u0131q edibl\u0259r.<\/p>\n\n\n\n<p>\u015eura h\u0259m\u00e7inin \u201cSpace\u201din efirind\u0259 ekstrasens, parapsixoloqlar\u0131n f\u0259aliyy\u0259tl\u0259rinin t\u0259bli\u011fin\u0259 imkan yarad\u0131lmas\u0131 fakt\u0131n\u0131 da qeyd\u0259 al\u0131b.<\/p>\n\n\n\n<p>Bu da yeni \u201cMedia haqq\u0131nda\u201d Qanunun m\u00fcvafiq m\u00fcdd\u0259as\u0131n\u0131n t\u0259l\u0259bl\u0259rinin pozulmas\u0131d\u0131r.<\/p>\n\n\n\n<p>Bel\u0259 hallar t\u0259krarlanaca\u011f\u0131 t\u0259qdird\u0259 telekanala v\u0259 apar\u0131c\u0131ya qar\u015f\u0131 ciddi inzibati sanksiyalar t\u0259tbiq olunacaq.<\/p>\n\n\n\n<p>El\u00e7in \u018flib\u0259yli Meydan TV-nin z\u0259ngl\u0259rin\u0259 cavab verm\u0259yib.<\/p>\n\n\n\n<p>Milli M\u0259clisin 2021-ci il dekabr\u0131n 30-da ke\u00e7iril\u0259n iclas\u0131nda \u201cMedia haqq\u0131nda\u201d Qanun layih\u0259si \u00fc\u00e7\u00fcnc\u00fc oxunu\u015fda q\u0259bul olunub.<\/p>\n\n\n\n<p>2022-ci il fevral\u0131n 8-d\u0259 Prezident \u0130lham \u018fliyev \u201cMedia haqq\u0131nda\u201d Qanunu t\u0259sdiql\u0259yib.<\/p>\n","protected":false},"excerpt":{"rendered":"<p>\u201cElin s\u00f6z\u00fc\u201d verili\u015fi irqi ayr\u0131-se\u00e7kiliyin t\u0259bli\u011f olunmas\u0131nda g\u00fcnahland\u0131r\u0131l\u0131b Audiovizual \u015eura &#8230; <\/p>\n<p class=\"read-more-container\"><a title=\"\u201cSpace\u201d telekanal\u0131 El\u00e7in \u018flib\u0259yliy\u0259 g\u00f6r\u0259 x\u0259b\u0259rdarl\u0131q al\u0131b\" class=\"read-more button\" href=\"https:\/\/www.meydan.tv\/az\/article\/space-telekanali-elcin-elibeyliye-gore-xeberdarliq-alib\/#more-249277\" aria-label=\"Read more about \u201cSpace\u201d telekanal\u0131 El\u00e7in \u018flib\u0259yliy\u0259 g\u00f6r\u0259 x\u0259b\u0259rdarl\u0131q al\u0131b\">Davam\u0131<\/a><\/p>\n","protected":false},"author":8,"featured_media":249278,"comment_status":"closed","ping_status":"closed","sticky":false,"template":"","format":"standard","meta":{"_acf_changed":false,"_sitemap_exclude":false,"_sitemap_priority":"","_sitemap_frequency":"","footnotes":""},"categories":[52,56],"tags":[],"class_list":["post-249277","post","type-post","status-publish","format-standard","has-post-thumbnail","hentry","category-medeniyyet","category-xeberler","infinite-scroll-item","generate-columns","tablet-grid-50","mobile-grid-100","grid-parent","grid-33","no-featured-image-padding"],"acf":[],"yoast_head":"<!-- This site is optimized with the Yoast SEO plugin v27.5 - https:\/\/yoast.com\/product\/yoast-seo-wordpress\/ -->\n<title>\u201cSpace\u201d telekanal\u0131 El\u00e7in \u018flib\u0259yliy\u0259 g\u00f6r\u0259 x\u0259b\u0259rdarl\u0131q al\u0131b - MEYDAN.TV<\/title>\n<meta name=\"robots\" content=\"index, follow, max-snippet:-1, max-image-preview:large, max-video-preview:-1\" \/>\n<link rel=\"canonical\" href=\"https:\/\/www.meydan.tv\/az\/article\/space-telekanali-elcin-elibeyliye-gore-xeberdarliq-alib\/\" \/>\n<meta property=\"og:locale\" content=\"az_AZ\" \/>\n<meta property=\"og:type\" content=\"article\" \/>\n<meta property=\"og:title\" content=\"\u201cSpace\u201d telekanal\u0131 El\u00e7in \u018flib\u0259yliy\u0259 g\u00f6r\u0259 x\u0259b\u0259rdarl\u0131q al\u0131b - MEYDAN.TV\" \/>\n<meta property=\"og:description\" content=\"\u201cElin s\u00f6z\u00fc\u201d verili\u015fi irqi ayr\u0131-se\u00e7kiliyin t\u0259bli\u011f olunmas\u0131nda g\u00fcnahland\u0131r\u0131l\u0131b Audiovizual \u015eura ... Davam\u0131\" \/>\n<meta property=\"og:url\" content=\"https:\/\/www.meydan.tv\/az\/article\/space-telekanali-elcin-elibeyliye-gore-xeberdarliq-alib\/\" \/>\n<meta property=\"og:site_name\" content=\"MEYDAN.TV\" \/>\n<meta property=\"article:published_time\" content=\"2022-06-24T09:41:48+00:00\" \/>\n<meta property=\"article:modified_time\" content=\"2022-06-24T09:54:35+00:00\" \/>\n<meta property=\"og:image\" content=\"https:\/\/www.meydan.tv\/wp-content\/uploads\/elcin-elibeyli-1.jpg\" \/>\n\t<meta property=\"og:image:width\" content=\"1200\" \/>\n\t<meta property=\"og:image:height\" content=\"800\" \/>\n\t<meta property=\"og:image:type\" content=\"image\/jpeg\" \/>\n<meta name=\"author\" content=\"elli\" \/>\n<meta name=\"twitter:card\" content=\"summary_large_image\" \/>\n<meta name=\"twitter:creator\" content=\"@elli\" \/>\n<script type=\"application\/ld+json\" class=\"yoast-schema-graph\">{\"@context\":\"https:\\\/\\\/schema.org\",\"@graph\":[{\"@type\":\"Article\",\"@id\":\"https:\\\/\\\/www.meydan.tv\\\/az\\\/article\\\/space-telekanali-elcin-elibeyliye-gore-xeberdarliq-alib\\\/#article\",\"isPartOf\":{\"@id\":\"https:\\\/\\\/www.meydan.tv\\\/az\\\/article\\\/space-telekanali-elcin-elibeyliye-gore-xeberdarliq-alib\\\/\"},\"author\":{\"name\":\"elli\",\"@id\":\"https:\\\/\\\/www.meydan.tv\\\/az\\\/#\\\/schema\\\/person\\\/9cdbecf90d17180ce1dfbd95b08dcf47\"},\"headline\":\"\u201cSpace\u201d telekanal\u0131 El\u00e7in \u018flib\u0259yliy\u0259 g\u00f6r\u0259 x\u0259b\u0259rdarl\u0131q al\u0131b\",\"datePublished\":\"2022-06-24T09:41:48+00:00\",\"dateModified\":\"2022-06-24T09:54:35+00:00\",\"mainEntityOfPage\":{\"@id\":\"https:\\\/\\\/www.meydan.tv\\\/az\\\/article\\\/space-telekanali-elcin-elibeyliye-gore-xeberdarliq-alib\\\/\"},\"wordCount\":387,\"publisher\":{\"@id\":\"https:\\\/\\\/www.meydan.tv\\\/az\\\/#organization\"},\"image\":{\"@id\":\"https:\\\/\\\/www.meydan.tv\\\/az\\\/article\\\/space-telekanali-elcin-elibeyliye-gore-xeberdarliq-alib\\\/#primaryimage\"},\"thumbnailUrl\":\"https:\\\/\\\/www.meydan.tv\\\/wp-content\\\/uploads\\\/elcin-elibeyli-1.jpg\",\"articleSection\":[\"M\u0259d\u0259niyy\u0259t\",\"X\u0259b\u0259rl\u0259r\"],\"inLanguage\":\"az\"},{\"@type\":\"WebPage\",\"@id\":\"https:\\\/\\\/www.meydan.tv\\\/az\\\/article\\\/space-telekanali-elcin-elibeyliye-gore-xeberdarliq-alib\\\/\",\"url\":\"https:\\\/\\\/www.meydan.tv\\\/az\\\/article\\\/space-telekanali-elcin-elibeyliye-gore-xeberdarliq-alib\\\/\",\"name\":\"\u201cSpace\u201d telekanal\u0131 El\u00e7in \u018flib\u0259yliy\u0259 g\u00f6r\u0259 x\u0259b\u0259rdarl\u0131q al\u0131b - MEYDAN.TV\",\"isPartOf\":{\"@id\":\"https:\\\/\\\/www.meydan.tv\\\/az\\\/#website\"},\"primaryImageOfPage\":{\"@id\":\"https:\\\/\\\/www.meydan.tv\\\/az\\\/article\\\/space-telekanali-elcin-elibeyliye-gore-xeberdarliq-alib\\\/#primaryimage\"},\"image\":{\"@id\":\"https:\\\/\\\/www.meydan.tv\\\/az\\\/article\\\/space-telekanali-elcin-elibeyliye-gore-xeberdarliq-alib\\\/#primaryimage\"},\"thumbnailUrl\":\"https:\\\/\\\/www.meydan.tv\\\/wp-content\\\/uploads\\\/elcin-elibeyli-1.jpg\",\"datePublished\":\"2022-06-24T09:41:48+00:00\",\"dateModified\":\"2022-06-24T09:54:35+00:00\",\"breadcrumb\":{\"@id\":\"https:\\\/\\\/www.meydan.tv\\\/az\\\/article\\\/space-telekanali-elcin-elibeyliye-gore-xeberdarliq-alib\\\/#breadcrumb\"},\"inLanguage\":\"az\",\"potentialAction\":[{\"@type\":\"ReadAction\",\"target\":[\"https:\\\/\\\/www.meydan.tv\\\/az\\\/article\\\/space-telekanali-elcin-elibeyliye-gore-xeberdarliq-alib\\\/\"]}]},{\"@type\":\"ImageObject\",\"inLanguage\":\"az\",\"@id\":\"https:\\\/\\\/www.meydan.tv\\\/az\\\/article\\\/space-telekanali-elcin-elibeyliye-gore-xeberdarliq-alib\\\/#primaryimage\",\"url\":\"https:\\\/\\\/www.meydan.tv\\\/wp-content\\\/uploads\\\/elcin-elibeyli-1.jpg\",\"contentUrl\":\"https:\\\/\\\/www.meydan.tv\\\/wp-content\\\/uploads\\\/elcin-elibeyli-1.jpg\",\"width\":1200,\"height\":800,\"caption\":\"El\u00e7in \u018flib\u0259yli. M\u0259nb\u0259: \\\"azpost.info\\\"\"},{\"@type\":\"BreadcrumbList\",\"@id\":\"https:\\\/\\\/www.meydan.tv\\\/az\\\/article\\\/space-telekanali-elcin-elibeyliye-gore-xeberdarliq-alib\\\/#breadcrumb\",\"itemListElement\":[{\"@type\":\"ListItem\",\"position\":1,\"name\":\"Ana s\u0259hif\u0259\",\"item\":\"https:\\\/\\\/www.meydan.tv\\\/az\\\/\"},{\"@type\":\"ListItem\",\"position\":2,\"name\":\"M\u0259d\u0259niyy\u0259t\",\"item\":\"https:\\\/\\\/www.meydan.tv\\\/az\\\/section\\\/medeniyyet\\\/\"},{\"@type\":\"ListItem\",\"position\":3,\"name\":\"\u201cSpace\u201d telekanal\u0131 El\u00e7in \u018flib\u0259yliy\u0259 g\u00f6r\u0259 x\u0259b\u0259rdarl\u0131q al\u0131b\"}]},{\"@type\":\"WebSite\",\"@id\":\"https:\\\/\\\/www.meydan.tv\\\/az\\\/#website\",\"url\":\"https:\\\/\\\/www.meydan.tv\\\/az\\\/\",\"name\":\"MEYDAN.TV\",\"description\":\"Meydan TV Az\u0259rbaycan\u0131n media m\u0259kan\u0131ndak\u0131 alternativ s\u0259sidir\",\"publisher\":{\"@id\":\"https:\\\/\\\/www.meydan.tv\\\/az\\\/#organization\"},\"potentialAction\":[{\"@type\":\"SearchAction\",\"target\":{\"@type\":\"EntryPoint\",\"urlTemplate\":\"https:\\\/\\\/www.meydan.tv\\\/az\\\/?s={search_term_string}\"},\"query-input\":{\"@type\":\"PropertyValueSpecification\",\"valueRequired\":true,\"valueName\":\"search_term_string\"}}],\"inLanguage\":\"az\"},{\"@type\":\"Organization\",\"@id\":\"https:\\\/\\\/www.meydan.tv\\\/az\\\/#organization\",\"name\":\"Meydan TV\",\"url\":\"https:\\\/\\\/www.meydan.tv\\\/az\\\/\",\"logo\":{\"@type\":\"ImageObject\",\"inLanguage\":\"az\",\"@id\":\"https:\\\/\\\/www.meydan.tv\\\/az\\\/#\\\/schema\\\/logo\\\/image\\\/\",\"url\":\"https:\\\/\\\/www.meydan.tv\\\/wp-content\\\/uploads\\\/2021\\\/07\\\/meydan-logo.svg\",\"contentUrl\":\"https:\\\/\\\/www.meydan.tv\\\/wp-content\\\/uploads\\\/2021\\\/07\\\/meydan-logo.svg\",\"width\":195,\"height\":46,\"caption\":\"Meydan TV\"},\"image\":{\"@id\":\"https:\\\/\\\/www.meydan.tv\\\/az\\\/#\\\/schema\\\/logo\\\/image\\\/\"}},{\"@type\":\"Person\",\"@id\":\"https:\\\/\\\/www.meydan.tv\\\/az\\\/#\\\/schema\\\/person\\\/9cdbecf90d17180ce1dfbd95b08dcf47\",\"name\":\"elli\",\"sameAs\":[\"https:\\\/\\\/x.com\\\/elli\"]}]}<\/script>\n<!-- \/ Yoast SEO plugin. -->","yoast_head_json":{"title":"\u201cSpace\u201d telekanal\u0131 El\u00e7in \u018flib\u0259yliy\u0259 g\u00f6r\u0259 x\u0259b\u0259rdarl\u0131q al\u0131b - MEYDAN.TV","robots":{"index":"index","follow":"follow","max-snippet":"max-snippet:-1","max-image-preview":"max-image-preview:large","max-video-preview":"max-video-preview:-1"},"canonical":"https:\/\/www.meydan.tv\/az\/article\/space-telekanali-elcin-elibeyliye-gore-xeberdarliq-alib\/","og_locale":"az_AZ","og_type":"article","og_title":"\u201cSpace\u201d telekanal\u0131 El\u00e7in \u018flib\u0259yliy\u0259 g\u00f6r\u0259 x\u0259b\u0259rdarl\u0131q al\u0131b - MEYDAN.TV","og_description":"\u201cElin s\u00f6z\u00fc\u201d verili\u015fi irqi ayr\u0131-se\u00e7kiliyin t\u0259bli\u011f olunmas\u0131nda g\u00fcnahland\u0131r\u0131l\u0131b Audiovizual \u015eura ... Davam\u0131","og_url":"https:\/\/www.meydan.tv\/az\/article\/space-telekanali-elcin-elibeyliye-gore-xeberdarliq-alib\/","og_site_name":"MEYDAN.TV","article_published_time":"2022-06-24T09:41:48+00:00","article_modified_time":"2022-06-24T09:54:35+00:00","og_image":[{"width":1200,"height":800,"url":"https:\/\/www.meydan.tv\/wp-content\/uploads\/elcin-elibeyli-1.jpg","type":"image\/jpeg"}],"author":"elli","twitter_card":"summary_large_image","twitter_creator":"@elli","schema":{"@context":"https:\/\/schema.org","@graph":[{"@type":"Article","@id":"https:\/\/www.meydan.tv\/az\/article\/space-telekanali-elcin-elibeyliye-gore-xeberdarliq-alib\/#article","isPartOf":{"@id":"https:\/\/www.meydan.tv\/az\/article\/space-telekanali-elcin-elibeyliye-gore-xeberdarliq-alib\/"},"author":{"name":"elli","@id":"https:\/\/www.meydan.tv\/az\/#\/schema\/person\/9cdbecf90d17180ce1dfbd95b08dcf47"},"headline":"\u201cSpace\u201d telekanal\u0131 El\u00e7in \u018flib\u0259yliy\u0259 g\u00f6r\u0259 x\u0259b\u0259rdarl\u0131q al\u0131b","datePublished":"2022-06-24T09:41:48+00:00","dateModified":"2022-06-24T09:54:35+00:00","mainEntityOfPage":{"@id":"https:\/\/www.meydan.tv\/az\/article\/space-telekanali-elcin-elibeyliye-gore-xeberdarliq-alib\/"},"wordCount":387,"publisher":{"@id":"https:\/\/www.meydan.tv\/az\/#organization"},"image":{"@id":"https:\/\/www.meydan.tv\/az\/article\/space-telekanali-elcin-elibeyliye-gore-xeberdarliq-alib\/#primaryimage"},"thumbnailUrl":"https:\/\/www.meydan.tv\/wp-content\/uploads\/elcin-elibeyli-1.jpg","articleSection":["M\u0259d\u0259niyy\u0259t","X\u0259b\u0259rl\u0259r"],"inLanguage":"az"},{"@type":"WebPage","@id":"https:\/\/www.meydan.tv\/az\/article\/space-telekanali-elcin-elibeyliye-gore-xeberdarliq-alib\/","url":"https:\/\/www.meydan.tv\/az\/article\/space-telekanali-elcin-elibeyliye-gore-xeberdarliq-alib\/","name":"\u201cSpace\u201d telekanal\u0131 El\u00e7in \u018flib\u0259yliy\u0259 g\u00f6r\u0259 x\u0259b\u0259rdarl\u0131q al\u0131b - MEYDAN.TV","isPartOf":{"@id":"https:\/\/www.meydan.tv\/az\/#website"},"primaryImageOfPage":{"@id":"https:\/\/www.meydan.tv\/az\/article\/space-telekanali-elcin-elibeyliye-gore-xeberdarliq-alib\/#primaryimage"},"image":{"@id":"https:\/\/www.meydan.tv\/az\/article\/space-telekanali-elcin-elibeyliye-gore-xeberdarliq-alib\/#primaryimage"},"thumbnailUrl":"https:\/\/www.meydan.tv\/wp-content\/uploads\/elcin-elibeyli-1.jpg","datePublished":"2022-06-24T09:41:48+00:00","dateModified":"2022-06-24T09:54:35+00:00","breadcrumb":{"@id":"https:\/\/www.meydan.tv\/az\/article\/space-telekanali-elcin-elibeyliye-gore-xeberdarliq-alib\/#breadcrumb"},"inLanguage":"az","potentialAction":[{"@type":"ReadAction","target":["https:\/\/www.meydan.tv\/az\/article\/space-telekanali-elcin-elibeyliye-gore-xeberdarliq-alib\/"]}]},{"@type":"ImageObject","inLanguage":"az","@id":"https:\/\/www.meydan.tv\/az\/article\/space-telekanali-elcin-elibeyliye-gore-xeberdarliq-alib\/#primaryimage","url":"https:\/\/www.meydan.tv\/wp-content\/uploads\/elcin-elibeyli-1.jpg","contentUrl":"https:\/\/www.meydan.tv\/wp-content\/uploads\/elcin-elibeyli-1.jpg","width":1200,"height":800,"caption":"El\u00e7in \u018flib\u0259yli. M\u0259nb\u0259: \"azpost.info\""},{"@type":"BreadcrumbList","@id":"https:\/\/www.meydan.tv\/az\/article\/space-telekanali-elcin-elibeyliye-gore-xeberdarliq-alib\/#breadcrumb","itemListElement":[{"@type":"ListItem","position":1,"name":"Ana s\u0259hif\u0259","item":"https:\/\/www.meydan.tv\/az\/"},{"@type":"ListItem","position":2,"name":"M\u0259d\u0259niyy\u0259t","item":"https:\/\/www.meydan.tv\/az\/section\/medeniyyet\/"},{"@type":"ListItem","position":3,"name":"\u201cSpace\u201d telekanal\u0131 El\u00e7in \u018flib\u0259yliy\u0259 g\u00f6r\u0259 x\u0259b\u0259rdarl\u0131q al\u0131b"}]},{"@type":"WebSite","@id":"https:\/\/www.meydan.tv\/az\/#website","url":"https:\/\/www.meydan.tv\/az\/","name":"MEYDAN.TV","description":"Meydan TV Az\u0259rbaycan\u0131n media m\u0259kan\u0131ndak\u0131 alternativ s\u0259sidir","publisher":{"@id":"https:\/\/www.meydan.tv\/az\/#organization"},"potentialAction":[{"@type":"SearchAction","target":{"@type":"EntryPoint","urlTemplate":"https:\/\/www.meydan.tv\/az\/?s={search_term_string}"},"query-input":{"@type":"PropertyValueSpecification","valueRequired":true,"valueName":"search_term_string"}}],"inLanguage":"az"},{"@type":"Organization","@id":"https:\/\/www.meydan.tv\/az\/#organization","name":"Meydan TV","url":"https:\/\/www.meydan.tv\/az\/","logo":{"@type":"ImageObject","inLanguage":"az","@id":"https:\/\/www.meydan.tv\/az\/#\/schema\/logo\/image\/","url":"https:\/\/www.meydan.tv\/wp-content\/uploads\/2021\/07\/meydan-logo.svg","contentUrl":"https:\/\/www.meydan.tv\/wp-content\/uploads\/2021\/07\/meydan-logo.svg","width":195,"height":46,"caption":"Meydan TV"},"image":{"@id":"https:\/\/www.meydan.tv\/az\/#\/schema\/logo\/image\/"}},{"@type":"Person","@id":"https:\/\/www.meydan.tv\/az\/#\/schema\/person\/9cdbecf90d17180ce1dfbd95b08dcf47","name":"elli","sameAs":["https:\/\/x.com\/elli"]}]}},"_links":{"self":[{"href":"https:\/\/www.meydan.tv\/az\/wp-json\/wp\/v2\/posts\/249277","targetHints":{"allow":["GET"]}}],"collection":[{"href":"https:\/\/www.meydan.tv\/az\/wp-json\/wp\/v2\/posts"}],"about":[{"href":"https:\/\/www.meydan.tv\/az\/wp-json\/wp\/v2\/types\/post"}],"author":[{"embeddable":true,"href":"https:\/\/www.meydan.tv\/az\/wp-json\/wp\/v2\/users\/8"}],"replies":[{"embeddable":true,"href":"https:\/\/www.meydan.tv\/az\/wp-json\/wp\/v2\/comments?post=249277"}],"version-history":[{"count":3,"href":"https:\/\/www.meydan.tv\/az\/wp-json\/wp\/v2\/posts\/249277\/revisions"}],"predecessor-version":[{"id":249283,"href":"https:\/\/www.meydan.tv\/az\/wp-json\/wp\/v2\/posts\/249277\/revisions\/249283"}],"wp:featuredmedia":[{"embeddable":true,"href":"https:\/\/www.meydan.tv\/az\/wp-json\/wp\/v2\/media\/249278"}],"wp:attachment":[{"href":"https:\/\/www.meydan.tv\/az\/wp-json\/wp\/v2\/media?parent=249277"}],"wp:term":[{"taxonomy":"category","embeddable":true,"href":"https:\/\/www.meydan.tv\/az\/wp-json\/wp\/v2\/categories?post=249277"},{"taxonomy":"post_tag","embeddable":true,"href":"https:\/\/www.meydan.tv\/az\/wp-json\/wp\/v2\/tags?post=249277"}],"curies":[{"name":"wp","href":"https:\/\/api.w.org\/{rel}","templated":true}]}}