{"id":249230,"date":"2022-06-23T20:32:17","date_gmt":"2022-06-23T16:32:17","guid":{"rendered":"https:\/\/www.meydan.tv\/?p=249230"},"modified":"2022-06-23T20:32:19","modified_gmt":"2022-06-23T16:32:19","slug":"zelzeleden-zerer-cekenler-dediler-nazirlik-pul-kocurmur-isi-yarimciq-qoyub-getdiler","status":"publish","type":"post","link":"https:\/\/www.meydan.tv\/az\/article\/zelzeleden-zerer-cekenler-dediler-nazirlik-pul-kocurmur-isi-yarimciq-qoyub-getdiler\/","title":{"rendered":"Z\u0259lz\u0259l\u0259d\u0259n z\u0259r\u0259r \u00e7\u0259k\u0259nl\u0259r: \u201cDedil\u0259r, nazirlik pul k\u00f6\u00e7\u00fcrm\u00fcr, i\u015fi yar\u0131m\u00e7\u0131q qoyub getdil\u0259r\u201d"},"content":{"rendered":"\n<p><strong><em>\u201cPrezident Administrasiyas\u0131na getdik, Zeynal Na\u011fd\u0259liyevl\u0259 g\u00f6r\u00fc\u015fd\u00fck, amma n\u0259tic\u0259 yoxdur\u201d<\/em><\/strong><\/p>\n\n\n\n<p>\u201c\u00d6t\u0259n ilin avqust-sentyabr aylar\u0131 \u0259rzind\u0259 evin fasad\u0131nda armatur h\u00f6rg\u00fc i\u015fl\u0259ri g\u00f6rd\u00fcl\u0259r, divar\u0131 suvaqlad\u0131lar, b\u0259zi p\u0259nc\u0259r\u0259l\u0259ri d\u0259yi\u015fdirdil\u0259r, evin i\u00e7\u0259risind\u0259 d\u0259 bir az suvaq i\u015fl\u0259ri g\u00f6rd\u00fcl\u0259r. Sonra da dedil\u0259r ki, F\u00f6vq\u0259lad\u0259 Hallar Nazirliyi podrat\u00e7\u0131 \u015firk\u0259tin pulunu vermir, ona g\u00f6r\u0259 d\u0259 i\u015fl\u0259r dayand\u0131r\u0131ld\u0131, \u00e7\u0131x\u0131b getdil\u0259r\u201d.<\/p>\n\n\n\n<p>\u015eamax\u0131n\u0131n \u0130kinci \u00c7a\u011fan k\u0259nd sakini Nahid \u018fdilov Meydan TV-y\u0259 dan\u0131\u015f\u0131r ki, iki il yar\u0131m \u0259vv\u0259l ba\u015f vermi\u015f z\u0259lz\u0259l\u0259 n\u0259tic\u0259sind\u0259 ya\u015fad\u0131qlar\u0131 ev q\u0259zal\u0131 v\u0259ziyy\u0259t\u0259 d\u00fc\u015f\u00fcb.<\/p>\n\n\n\n<p>Bununla ba\u011fl\u0131 F\u00f6vq\u0259lad\u0259 Hallar Komissiyas\u0131 t\u0259r\u0259find\u0259n k\u0259ndd\u0259ki bir \u00e7ox evl\u0259r\u0259, o c\u00fcml\u0259d\u0259n \u018fdilovlar\u0131n da evin\u0259 bax\u0131\u015f ke\u00e7irilib. Tikili g\u00fccl\u0259ndirm\u0259-b\u0259rpa siyah\u0131s\u0131na daxil edilib.<\/p>\n\n\n\n<p>Hadis\u0259d\u0259n yaln\u0131z ilyar\u0131m sonra &#8211; \u00f6t\u0259n ilin avqustunda, n\u0259hay\u0259t, t\u0259mir-b\u0259rpa i\u015fl\u0259ri aparacaq \u015firk\u0259t ail\u0259y\u0259 smeta-layih\u0259 s\u0259n\u0259di g\u00f6st\u0259r\u0259r\u0259k evd\u0259 i\u015fl\u0259r\u0259 ba\u015flay\u0131b.<\/p>\n\n\n\n<figure class=\"wp-block-image size-large\"><img decoding=\"async\" width=\"1200\" height=\"539\" data-src=\"https:\/\/www.meydan.tv\/wp-content\/uploads\/resulovlarin-evi2-1200x539.jpeg\" alt=\"\" class=\"wp-image-249234 lazyload\" src=\"data:image\/svg+xml;base64,PHN2ZyB3aWR0aD0iMSIgaGVpZ2h0PSIxIiB4bWxucz0iaHR0cDovL3d3dy53My5vcmcvMjAwMC9zdmciPjwvc3ZnPg==\" style=\"--smush-placeholder-width: 1200px; --smush-placeholder-aspect-ratio: 1200\/539;\" \/><\/figure>\n\n\n\n<p>Nahid \u018fdilovun s\u00f6zl\u0259rin\u0259 g\u00f6r\u0259, h\u0259min smeta-layih\u0259d\u0259 ikim\u0259rt\u0259b\u0259li v\u0259 7 otaqdan ibar\u0259t olan evin \u00e7\u00f6l fasadlar\u0131 armaturlarla, evin divar\u0131 beton k\u0259m\u0259rl\u0259 h\u00f6r\u00fclm\u0259li, divarlar suvaqlanmal\u0131, r\u0259ngl\u0259nm\u0259li, qap\u0131-p\u0259nc\u0259r\u0259l\u0259r, d\u00f6\u015f\u0259m\u0259 v\u0259 tavan d\u0259yi\u015fdirilm\u0259li, arak\u0259sm\u0259l\u0259r s\u00f6k\u00fcl\u0259r\u0259k mi\u015far da\u015flar\u0131yla yenid\u0259n tikilm\u0259li, evin dam \u00f6rt\u00fcy\u00fc d\u0259yi\u015fdirilm\u0259li imi\u015f.<\/p>\n\n\n\n<p>F\u0259hl\u0259l\u0259r iki aya yax\u0131n m\u00fcdd\u0259t \u0259rzind\u0259 bu i\u015fl\u0259rin yaln\u0131z bir qismini g\u00f6r\u00fcb v\u0259 \u00e7\u0131x\u0131b gedibl\u0259r:<\/p>\n\n\n\n<p>\u201cEvin \u00e7\u00f6l fasad\u0131 armaturla toxundu, divara suvaq vuruldu, b\u0259zi p\u0259nc\u0259r\u0259l\u0259r d\u0259yi\u015fdirildi, evin i\u00e7ind\u0259 b\u0259zi suvaq i\u015fl\u0259ri g\u00f6r\u00fcld\u00fc. Sonra da dedil\u0259r ki, pul bitib. F\u00f6vq\u0259lad\u0259 Hallar Nazirliyi i\u015fl\u0259ri yekunla\u015fd\u0131rmaq \u00fc\u00e7\u00fcn pulun n\u00f6vb\u0259ti m\u0259rh\u0259l\u0259sini k\u00f6\u00e7\u00fcrm\u0259yib, n\u0259 vaxt k\u00f6\u00e7\u00fcrs\u0259, g\u0259lib davam ed\u0259rik\u201d.<\/p>\n\n\n\n<p>\u201c1 il\u0259 yax\u0131n vaxt ke\u00e7ib, F\u00f6vq\u0259lad\u0259 Hallar Nazirliyind\u0259 olduq, bu yax\u0131nlarda Prezident Administrasiyas\u0131na getdik, Prezidentin \u0259razi-t\u0259\u015fkilati m\u0259s\u0259l\u0259l\u0259r \u00fczr\u0259 k\u00f6m\u0259k\u00e7isi Zeynal Na\u011fd\u0259liyevin q\u0259bulunda olduq. Q\u0259buldan da 20 g\u00fcn \u00f6t\u00fcb, n\u0259tic\u0259 yoxdur\u201d, &#8211; \u015fikay\u0259t\u00e7il\u0259r bel\u0259 deyibl\u0259r.<\/p>\n\n\n\n<p>\u018fdilovlar bildirir ki, t\u0259mir-b\u0259rpa i\u015fl\u0259ri aparan \u015firk\u0259tin ad\u0131n\u0131 bilmirl\u0259r, i\u015fl\u0259r\u0259 n\u0259zar\u0259t ed\u0259n V\u00fcqar Haqverdiyev adl\u0131 \u015f\u0259xs is\u0259 h\u0259r d\u0259f\u0259 ayr\u0131-ayr\u0131 \u015firk\u0259tl\u0259rin ad\u0131n\u0131 \u00e7\u0259kirmi\u015f.<\/p>\n\n\n\n<p>Meydan TV V\u00fcqar Haqverdiyevl\u0259 \u0259laq\u0259 saxlay\u0131b.<br>O, i\u015fl\u0259diyi \u015firk\u0259tin ad\u0131n\u0131 dem\u0259yib, m\u00fcxbirin suallar\u0131n\u0131 cavabland\u0131rmay\u0131b: \u201cM\u0259nim n\u00f6mr\u0259mi niy\u0259 siz\u0259 veribl\u0259r? M\u0259n\u0259 niy\u0259 z\u0259ng edirsiniz? M\u0259n kim\u0259m ki? M\u0259n balaca adamam, gedin yuxar\u0131lardan soru\u015fun\u201d, &#8211; deyib v\u0259 telefonu qapad\u0131b.<\/p>\n\n\n\n<figure class=\"wp-block-image size-large\"><img decoding=\"async\" width=\"616\" height=\"821\" data-src=\"https:\/\/www.meydan.tv\/wp-content\/uploads\/edilovlarin-evi5-616x821.jpeg\" alt=\"\" class=\"wp-image-249237 lazyload\" src=\"data:image\/svg+xml;base64,PHN2ZyB3aWR0aD0iMSIgaGVpZ2h0PSIxIiB4bWxucz0iaHR0cDovL3d3dy53My5vcmcvMjAwMC9zdmciPjwvc3ZnPg==\" style=\"--smush-placeholder-width: 616px; --smush-placeholder-aspect-ratio: 616\/821;\" \/><\/figure>\n\n\n\n<p>F\u00f6vq\u0259lad\u0259 Hallar Nazirliyi is\u0259 \u018fdilovlar ail\u0259sin\u0259 g\u00f6nd\u0259rdiyi sonuncu m\u0259ktubda yaz\u0131b ki, tikilid\u0259ki b\u0259rpa i\u015fl\u0259ri yax\u0131n vaxtlarda ba\u015fa \u00e7atd\u0131r\u0131lacaq.<\/p>\n\n\n\n<p>K\u0259ndd\u0259 z\u0259lz\u0259l\u0259d\u0259n sonra t\u0259mir-b\u0259rpas\u0131 yar\u0131m\u00e7\u0131q qalan t\u0259kc\u0259 \u018fdilovlar\u0131n evi deyil.<\/p>\n\n\n\n<p>Qon\u015fuluqdak\u0131 Sabir R\u0259sulov Meydan TV-y\u0259 deyir ki, eyni s\u0259b\u0259bd\u0259n i\u015fl\u0259ri yar\u0131m\u00e7\u0131q qoyan f\u0259hl\u0259l\u0259r \u201cdanqrat\u201d\u0131 el\u0259 evin \u00fcz\u0259rind\u0259 saxlay\u0131b, gedibl\u0259r:<\/p>\n\n\n\n<p>\u201cT\u0259mir-b\u0259rpa i\u015fl\u0259rin\u0259 el\u0259 2019-cu ild\u0259 ba\u015flad\u0131lar. Danqratlar el\u0259 evin \u00fcst\u00fcnd\u0259 qal\u0131b. Ev q\u0259zal\u0131d\u0131r, h\u0259r an da\u011f\u0131la bil\u0259r. U\u015faqlar\u0131 ba\u015fqa yer\u0259 g\u00f6nd\u0259rmi\u015fik, \u00f6z\u00fcm\u00fcz t\u0259s\u0259rr\u00fcfat adamlar\u0131y\u0131q dey\u0259 k\u0259nara ged\u0259 bilmirik, m\u0259cburiyy\u0259td\u0259n el\u0259 bu \u201cdanqrat\u201d\u0131n alt\u0131nda s\u0259ks\u0259k\u0259 i\u00e7ind\u0259 ya\u015fay\u0131r\u0131q\u201d.<\/p>\n\n\n\n<p>Bu evd\u0259 m\u00f6hk\u0259ml\u0259ndirm\u0259 i\u015fl\u0259rini podrat\u00e7\u0131 \u015firk\u0259tl\u0259rd\u0259n biri \u201cMahal Construction\u201d Tikinti \u015eirk\u0259ti g\u00f6r\u00fcrm\u00fc\u015f.<br>\u015eirk\u0259tin n\u00fcmay\u0259nd\u0259si \u015e\u00fckran R\u0259himov Meydan TV-y\u0259 bunlar\u0131 deyib:<\/p>\n\n\n\n<p>\u201cOrda el\u0259 evl\u0259r vard\u0131 ki, \u0259vv\u0259l bu evl\u0259rin b\u0259rpa oluna bil\u0259c\u0259yini d\u00fc\u015f\u00fcn\u00fcrd\u00fcl\u0259r. Sonra F\u00f6vq\u0259lad\u0259 Hallar Nazirliyinin m\u00fcvafiq qurumlar\u0131 g\u0259lib bax\u0131\u015f ke\u00e7irdil\u0259r, m\u0259lum oldu ki, b\u0259zi evl\u0259rin b\u0259rpas\u0131 m\u00fcmk\u00fcn deyil, h\u0259min evl\u0259ri s\u00f6k\u00fcb t\u0259m\u0259ld\u0259n tikm\u0259yi m\u0259qs\u0259d\u0259uy\u011fun hesab etdil\u0259r. Biz bel\u0259 evl\u0259rin imtinas\u0131n\u0131 yaz\u0131b t\u0259hvil verdik nazirliy\u0259 ki yenid\u0259n layih\u0259l\u0259ndirilsin, smeta tutulsun, t\u0259m\u0259ld\u0259n tikinti i\u015fl\u0259ri ba\u015flas\u0131n\u201d.<\/p>\n\n\n\n<p>\u201cBiz orda podrat\u00e7\u0131 \u015firk\u0259t olaraq yaln\u0131z t\u0259mir-b\u0259rpa i\u015fl\u0259ri g\u00f6r\u00fcr\u00fck, tikinti<br>i\u015fl\u0259ri aparm\u0131r\u0131q. \u0130ndiy\u0259d\u0259k b\u0259rpaya ehtiyac\u0131 olan evl\u0259rin b\u0259rpas\u0131yla m\u0259\u015f\u011ful olub, t\u0259hvil vermi\u015fik. B\u0259rpas\u0131 m\u00fcmk\u00fcn olmayanlar\u0131 dediyim kimi, nazirliy\u0259 qaytarm\u0131\u015f\u0131q\u201d, &#8211; dey\u0259 o qeyd edib.<\/p>\n\n\n\n<p>K\u0259ndd\u0259 t\u0259mir-b\u0259rpas\u0131n\u0131 g\u00f6zl\u0259y\u0259n xeyli evi is\u0259 z\u0259lz\u0259l\u0259d\u0259n sonra el\u0259c\u0259<br>siyah\u0131ya al\u0131b, gedibl\u0259r, h\u0259min evl\u0259rd\u0259 he\u00e7 bir i\u015f g\u00f6r\u00fclm\u0259yib.<\/p>\n\n\n\n<p>5 fevral 2019-cu ild\u0259 \u015eamax\u0131 v\u0259 \u0259traf rayonlarda ba\u015f vermi\u015f z\u0259lz\u0259l\u0259 n\u0259tic\u0259sind\u0259 y\u00fczl\u0259rl\u0259 ya\u015fay\u0131\u015f v\u0259 qeyri-ya\u015fay\u0131\u015f tikilil\u0259rin\u0259, inzibati binalara z\u0259r\u0259r d\u0259yib.<\/p>\n\n\n\n<p>Bel\u0259 tikilil\u0259rin bir qisminin t\u0259mir-b\u0259rpas\u0131, bir qisminin yenid\u0259n tikilm\u0259si \u00fc\u00e7\u00fcn b\u00fcdc\u0259d\u0259n milyonlarla manat pul v\u0259saiti ayr\u0131l\u0131b.<\/p>\n\n\n\n<p>Ancaq 2 ild\u0259n \u00e7oxdur ki, m\u00fcxt\u0259lif b\u00f6lg\u0259l\u0259rd\u0259n Meydan TV-y\u0259 m\u00fcraci\u0259t ed\u0259n v\u0259t\u0259nda\u015flar h\u0259l\u0259 d\u0259 q\u0259zal\u0131 evl\u0259rd\u0259 ya\u015fad\u0131qlar\u0131n\u0131 bildirirl\u0259r.<\/p>\n","protected":false},"excerpt":{"rendered":"<p>\u201cPrezident Administrasiyas\u0131na getdik, Zeynal Na\u011fd\u0259liyevl\u0259 g\u00f6r\u00fc\u015fd\u00fck, amma n\u0259tic\u0259 yoxdur\u201d \u201c\u00d6t\u0259n &#8230; <\/p>\n<p class=\"read-more-container\"><a title=\"Z\u0259lz\u0259l\u0259d\u0259n z\u0259r\u0259r \u00e7\u0259k\u0259nl\u0259r: \u201cDedil\u0259r, nazirlik pul k\u00f6\u00e7\u00fcrm\u00fcr, i\u015fi yar\u0131m\u00e7\u0131q qoyub getdil\u0259r\u201d\" class=\"read-more button\" href=\"https:\/\/www.meydan.tv\/az\/article\/zelzeleden-zerer-cekenler-dediler-nazirlik-pul-kocurmur-isi-yarimciq-qoyub-getdiler\/#more-249230\" aria-label=\"Read more about Z\u0259lz\u0259l\u0259d\u0259n z\u0259r\u0259r \u00e7\u0259k\u0259nl\u0259r: \u201cDedil\u0259r, nazirlik pul k\u00f6\u00e7\u00fcrm\u00fcr, i\u015fi yar\u0131m\u00e7\u0131q qoyub getdil\u0259r\u201d\">Davam\u0131<\/a><\/p>\n","protected":false},"author":14,"featured_media":249231,"comment_status":"closed","ping_status":"closed","sticky":false,"template":"","format":"standard","meta":{"_acf_changed":false,"_sitemap_exclude":false,"_sitemap_priority":"","_sitemap_frequency":"","footnotes":""},"categories":[60,56],"tags":[],"class_list":["post-249230","post","type-post","status-publish","format-standard","has-post-thumbnail","hentry","category-bolge","category-xeberler","infinite-scroll-item","generate-columns","tablet-grid-50","mobile-grid-100","grid-parent","grid-33","no-featured-image-padding"],"acf":[],"yoast_head":"<!-- This site is optimized with the Yoast SEO plugin v27.5 - https:\/\/yoast.com\/product\/yoast-seo-wordpress\/ -->\n<title>Z\u0259lz\u0259l\u0259d\u0259n z\u0259r\u0259r \u00e7\u0259k\u0259nl\u0259r: \u201cDedil\u0259r, nazirlik pul k\u00f6\u00e7\u00fcrm\u00fcr, i\u015fi yar\u0131m\u00e7\u0131q qoyub getdil\u0259r\u201d - MEYDAN.TV<\/title>\n<meta name=\"robots\" content=\"index, follow, max-snippet:-1, max-image-preview:large, max-video-preview:-1\" \/>\n<link rel=\"canonical\" href=\"https:\/\/www.meydan.tv\/az\/article\/zelzeleden-zerer-cekenler-dediler-nazirlik-pul-kocurmur-isi-yarimciq-qoyub-getdiler\/\" \/>\n<meta property=\"og:locale\" content=\"az_AZ\" \/>\n<meta property=\"og:type\" content=\"article\" \/>\n<meta property=\"og:title\" content=\"Z\u0259lz\u0259l\u0259d\u0259n z\u0259r\u0259r \u00e7\u0259k\u0259nl\u0259r: \u201cDedil\u0259r, nazirlik pul k\u00f6\u00e7\u00fcrm\u00fcr, i\u015fi yar\u0131m\u00e7\u0131q qoyub getdil\u0259r\u201d - MEYDAN.TV\" \/>\n<meta property=\"og:description\" content=\"\u201cPrezident Administrasiyas\u0131na getdik, Zeynal Na\u011fd\u0259liyevl\u0259 g\u00f6r\u00fc\u015fd\u00fck, amma n\u0259tic\u0259 yoxdur\u201d \u201c\u00d6t\u0259n ... Davam\u0131\" \/>\n<meta property=\"og:url\" content=\"https:\/\/www.meydan.tv\/az\/article\/zelzeleden-zerer-cekenler-dediler-nazirlik-pul-kocurmur-isi-yarimciq-qoyub-getdiler\/\" \/>\n<meta property=\"og:site_name\" content=\"MEYDAN.TV\" \/>\n<meta property=\"article:published_time\" content=\"2022-06-23T16:32:17+00:00\" \/>\n<meta property=\"article:modified_time\" content=\"2022-06-23T16:32:19+00:00\" \/>\n<meta property=\"og:image\" content=\"https:\/\/www.meydan.tv\/wp-content\/uploads\/resulovlarin-evi1.jpeg\" \/>\n\t<meta property=\"og:image:width\" content=\"1600\" \/>\n\t<meta property=\"og:image:height\" content=\"718\" \/>\n\t<meta property=\"og:image:type\" content=\"image\/jpeg\" \/>\n<meta name=\"author\" content=\"roma\" \/>\n<meta name=\"twitter:card\" content=\"summary_large_image\" \/>\n<script type=\"application\/ld+json\" class=\"yoast-schema-graph\">{\"@context\":\"https:\\\/\\\/schema.org\",\"@graph\":[{\"@type\":\"Article\",\"@id\":\"https:\\\/\\\/www.meydan.tv\\\/az\\\/article\\\/zelzeleden-zerer-cekenler-dediler-nazirlik-pul-kocurmur-isi-yarimciq-qoyub-getdiler\\\/#article\",\"isPartOf\":{\"@id\":\"https:\\\/\\\/www.meydan.tv\\\/az\\\/article\\\/zelzeleden-zerer-cekenler-dediler-nazirlik-pul-kocurmur-isi-yarimciq-qoyub-getdiler\\\/\"},\"author\":{\"name\":\"roma\",\"@id\":\"https:\\\/\\\/www.meydan.tv\\\/az\\\/#\\\/schema\\\/person\\\/8f23e01c4de63326c13c319fb65ee65d\"},\"headline\":\"Z\u0259lz\u0259l\u0259d\u0259n z\u0259r\u0259r \u00e7\u0259k\u0259nl\u0259r: \u201cDedil\u0259r, nazirlik pul k\u00f6\u00e7\u00fcrm\u00fcr, i\u015fi yar\u0131m\u00e7\u0131q qoyub getdil\u0259r\u201d\",\"datePublished\":\"2022-06-23T16:32:17+00:00\",\"dateModified\":\"2022-06-23T16:32:19+00:00\",\"mainEntityOfPage\":{\"@id\":\"https:\\\/\\\/www.meydan.tv\\\/az\\\/article\\\/zelzeleden-zerer-cekenler-dediler-nazirlik-pul-kocurmur-isi-yarimciq-qoyub-getdiler\\\/\"},\"wordCount\":1075,\"publisher\":{\"@id\":\"https:\\\/\\\/www.meydan.tv\\\/az\\\/#organization\"},\"image\":{\"@id\":\"https:\\\/\\\/www.meydan.tv\\\/az\\\/article\\\/zelzeleden-zerer-cekenler-dediler-nazirlik-pul-kocurmur-isi-yarimciq-qoyub-getdiler\\\/#primaryimage\"},\"thumbnailUrl\":\"https:\\\/\\\/www.meydan.tv\\\/wp-content\\\/uploads\\\/resulovlarin-evi1.jpeg\",\"articleSection\":[\"B\u00f6lg\u0259\",\"X\u0259b\u0259rl\u0259r\"],\"inLanguage\":\"az\"},{\"@type\":\"WebPage\",\"@id\":\"https:\\\/\\\/www.meydan.tv\\\/az\\\/article\\\/zelzeleden-zerer-cekenler-dediler-nazirlik-pul-kocurmur-isi-yarimciq-qoyub-getdiler\\\/\",\"url\":\"https:\\\/\\\/www.meydan.tv\\\/az\\\/article\\\/zelzeleden-zerer-cekenler-dediler-nazirlik-pul-kocurmur-isi-yarimciq-qoyub-getdiler\\\/\",\"name\":\"Z\u0259lz\u0259l\u0259d\u0259n z\u0259r\u0259r \u00e7\u0259k\u0259nl\u0259r: \u201cDedil\u0259r, nazirlik pul k\u00f6\u00e7\u00fcrm\u00fcr, i\u015fi yar\u0131m\u00e7\u0131q qoyub getdil\u0259r\u201d - MEYDAN.TV\",\"isPartOf\":{\"@id\":\"https:\\\/\\\/www.meydan.tv\\\/az\\\/#website\"},\"primaryImageOfPage\":{\"@id\":\"https:\\\/\\\/www.meydan.tv\\\/az\\\/article\\\/zelzeleden-zerer-cekenler-dediler-nazirlik-pul-kocurmur-isi-yarimciq-qoyub-getdiler\\\/#primaryimage\"},\"image\":{\"@id\":\"https:\\\/\\\/www.meydan.tv\\\/az\\\/article\\\/zelzeleden-zerer-cekenler-dediler-nazirlik-pul-kocurmur-isi-yarimciq-qoyub-getdiler\\\/#primaryimage\"},\"thumbnailUrl\":\"https:\\\/\\\/www.meydan.tv\\\/wp-content\\\/uploads\\\/resulovlarin-evi1.jpeg\",\"datePublished\":\"2022-06-23T16:32:17+00:00\",\"dateModified\":\"2022-06-23T16:32:19+00:00\",\"breadcrumb\":{\"@id\":\"https:\\\/\\\/www.meydan.tv\\\/az\\\/article\\\/zelzeleden-zerer-cekenler-dediler-nazirlik-pul-kocurmur-isi-yarimciq-qoyub-getdiler\\\/#breadcrumb\"},\"inLanguage\":\"az\",\"potentialAction\":[{\"@type\":\"ReadAction\",\"target\":[\"https:\\\/\\\/www.meydan.tv\\\/az\\\/article\\\/zelzeleden-zerer-cekenler-dediler-nazirlik-pul-kocurmur-isi-yarimciq-qoyub-getdiler\\\/\"]}]},{\"@type\":\"ImageObject\",\"inLanguage\":\"az\",\"@id\":\"https:\\\/\\\/www.meydan.tv\\\/az\\\/article\\\/zelzeleden-zerer-cekenler-dediler-nazirlik-pul-kocurmur-isi-yarimciq-qoyub-getdiler\\\/#primaryimage\",\"url\":\"https:\\\/\\\/www.meydan.tv\\\/wp-content\\\/uploads\\\/resulovlarin-evi1.jpeg\",\"contentUrl\":\"https:\\\/\\\/www.meydan.tv\\\/wp-content\\\/uploads\\\/resulovlarin-evi1.jpeg\",\"width\":1600,\"height\":718},{\"@type\":\"BreadcrumbList\",\"@id\":\"https:\\\/\\\/www.meydan.tv\\\/az\\\/article\\\/zelzeleden-zerer-cekenler-dediler-nazirlik-pul-kocurmur-isi-yarimciq-qoyub-getdiler\\\/#breadcrumb\",\"itemListElement\":[{\"@type\":\"ListItem\",\"position\":1,\"name\":\"Ana s\u0259hif\u0259\",\"item\":\"https:\\\/\\\/www.meydan.tv\\\/az\\\/\"},{\"@type\":\"ListItem\",\"position\":2,\"name\":\"X\u0259b\u0259rl\u0259r\",\"item\":\"https:\\\/\\\/www.meydan.tv\\\/az\\\/section\\\/xeberler\\\/\"},{\"@type\":\"ListItem\",\"position\":3,\"name\":\"Z\u0259lz\u0259l\u0259d\u0259n z\u0259r\u0259r \u00e7\u0259k\u0259nl\u0259r: \u201cDedil\u0259r, nazirlik pul k\u00f6\u00e7\u00fcrm\u00fcr, i\u015fi yar\u0131m\u00e7\u0131q qoyub getdil\u0259r\u201d\"}]},{\"@type\":\"WebSite\",\"@id\":\"https:\\\/\\\/www.meydan.tv\\\/az\\\/#website\",\"url\":\"https:\\\/\\\/www.meydan.tv\\\/az\\\/\",\"name\":\"MEYDAN.TV\",\"description\":\"Meydan TV Az\u0259rbaycan\u0131n media m\u0259kan\u0131ndak\u0131 alternativ s\u0259sidir\",\"publisher\":{\"@id\":\"https:\\\/\\\/www.meydan.tv\\\/az\\\/#organization\"},\"potentialAction\":[{\"@type\":\"SearchAction\",\"target\":{\"@type\":\"EntryPoint\",\"urlTemplate\":\"https:\\\/\\\/www.meydan.tv\\\/az\\\/?s={search_term_string}\"},\"query-input\":{\"@type\":\"PropertyValueSpecification\",\"valueRequired\":true,\"valueName\":\"search_term_string\"}}],\"inLanguage\":\"az\"},{\"@type\":\"Organization\",\"@id\":\"https:\\\/\\\/www.meydan.tv\\\/az\\\/#organization\",\"name\":\"Meydan TV\",\"url\":\"https:\\\/\\\/www.meydan.tv\\\/az\\\/\",\"logo\":{\"@type\":\"ImageObject\",\"inLanguage\":\"az\",\"@id\":\"https:\\\/\\\/www.meydan.tv\\\/az\\\/#\\\/schema\\\/logo\\\/image\\\/\",\"url\":\"https:\\\/\\\/www.meydan.tv\\\/wp-content\\\/uploads\\\/2021\\\/07\\\/meydan-logo.svg\",\"contentUrl\":\"https:\\\/\\\/www.meydan.tv\\\/wp-content\\\/uploads\\\/2021\\\/07\\\/meydan-logo.svg\",\"width\":195,\"height\":46,\"caption\":\"Meydan TV\"},\"image\":{\"@id\":\"https:\\\/\\\/www.meydan.tv\\\/az\\\/#\\\/schema\\\/logo\\\/image\\\/\"}},{\"@type\":\"Person\",\"@id\":\"https:\\\/\\\/www.meydan.tv\\\/az\\\/#\\\/schema\\\/person\\\/8f23e01c4de63326c13c319fb65ee65d\",\"name\":\"roma\"}]}<\/script>\n<!-- \/ Yoast SEO plugin. -->","yoast_head_json":{"title":"Z\u0259lz\u0259l\u0259d\u0259n z\u0259r\u0259r \u00e7\u0259k\u0259nl\u0259r: \u201cDedil\u0259r, nazirlik pul k\u00f6\u00e7\u00fcrm\u00fcr, i\u015fi yar\u0131m\u00e7\u0131q qoyub getdil\u0259r\u201d - MEYDAN.TV","robots":{"index":"index","follow":"follow","max-snippet":"max-snippet:-1","max-image-preview":"max-image-preview:large","max-video-preview":"max-video-preview:-1"},"canonical":"https:\/\/www.meydan.tv\/az\/article\/zelzeleden-zerer-cekenler-dediler-nazirlik-pul-kocurmur-isi-yarimciq-qoyub-getdiler\/","og_locale":"az_AZ","og_type":"article","og_title":"Z\u0259lz\u0259l\u0259d\u0259n z\u0259r\u0259r \u00e7\u0259k\u0259nl\u0259r: \u201cDedil\u0259r, nazirlik pul k\u00f6\u00e7\u00fcrm\u00fcr, i\u015fi yar\u0131m\u00e7\u0131q qoyub getdil\u0259r\u201d - MEYDAN.TV","og_description":"\u201cPrezident Administrasiyas\u0131na getdik, Zeynal Na\u011fd\u0259liyevl\u0259 g\u00f6r\u00fc\u015fd\u00fck, amma n\u0259tic\u0259 yoxdur\u201d \u201c\u00d6t\u0259n ... Davam\u0131","og_url":"https:\/\/www.meydan.tv\/az\/article\/zelzeleden-zerer-cekenler-dediler-nazirlik-pul-kocurmur-isi-yarimciq-qoyub-getdiler\/","og_site_name":"MEYDAN.TV","article_published_time":"2022-06-23T16:32:17+00:00","article_modified_time":"2022-06-23T16:32:19+00:00","og_image":[{"width":1600,"height":718,"url":"https:\/\/www.meydan.tv\/wp-content\/uploads\/resulovlarin-evi1.jpeg","type":"image\/jpeg"}],"author":"roma","twitter_card":"summary_large_image","schema":{"@context":"https:\/\/schema.org","@graph":[{"@type":"Article","@id":"https:\/\/www.meydan.tv\/az\/article\/zelzeleden-zerer-cekenler-dediler-nazirlik-pul-kocurmur-isi-yarimciq-qoyub-getdiler\/#article","isPartOf":{"@id":"https:\/\/www.meydan.tv\/az\/article\/zelzeleden-zerer-cekenler-dediler-nazirlik-pul-kocurmur-isi-yarimciq-qoyub-getdiler\/"},"author":{"name":"roma","@id":"https:\/\/www.meydan.tv\/az\/#\/schema\/person\/8f23e01c4de63326c13c319fb65ee65d"},"headline":"Z\u0259lz\u0259l\u0259d\u0259n z\u0259r\u0259r \u00e7\u0259k\u0259nl\u0259r: \u201cDedil\u0259r, nazirlik pul k\u00f6\u00e7\u00fcrm\u00fcr, i\u015fi yar\u0131m\u00e7\u0131q qoyub getdil\u0259r\u201d","datePublished":"2022-06-23T16:32:17+00:00","dateModified":"2022-06-23T16:32:19+00:00","mainEntityOfPage":{"@id":"https:\/\/www.meydan.tv\/az\/article\/zelzeleden-zerer-cekenler-dediler-nazirlik-pul-kocurmur-isi-yarimciq-qoyub-getdiler\/"},"wordCount":1075,"publisher":{"@id":"https:\/\/www.meydan.tv\/az\/#organization"},"image":{"@id":"https:\/\/www.meydan.tv\/az\/article\/zelzeleden-zerer-cekenler-dediler-nazirlik-pul-kocurmur-isi-yarimciq-qoyub-getdiler\/#primaryimage"},"thumbnailUrl":"https:\/\/www.meydan.tv\/wp-content\/uploads\/resulovlarin-evi1.jpeg","articleSection":["B\u00f6lg\u0259","X\u0259b\u0259rl\u0259r"],"inLanguage":"az"},{"@type":"WebPage","@id":"https:\/\/www.meydan.tv\/az\/article\/zelzeleden-zerer-cekenler-dediler-nazirlik-pul-kocurmur-isi-yarimciq-qoyub-getdiler\/","url":"https:\/\/www.meydan.tv\/az\/article\/zelzeleden-zerer-cekenler-dediler-nazirlik-pul-kocurmur-isi-yarimciq-qoyub-getdiler\/","name":"Z\u0259lz\u0259l\u0259d\u0259n z\u0259r\u0259r \u00e7\u0259k\u0259nl\u0259r: \u201cDedil\u0259r, nazirlik pul k\u00f6\u00e7\u00fcrm\u00fcr, i\u015fi yar\u0131m\u00e7\u0131q qoyub getdil\u0259r\u201d - MEYDAN.TV","isPartOf":{"@id":"https:\/\/www.meydan.tv\/az\/#website"},"primaryImageOfPage":{"@id":"https:\/\/www.meydan.tv\/az\/article\/zelzeleden-zerer-cekenler-dediler-nazirlik-pul-kocurmur-isi-yarimciq-qoyub-getdiler\/#primaryimage"},"image":{"@id":"https:\/\/www.meydan.tv\/az\/article\/zelzeleden-zerer-cekenler-dediler-nazirlik-pul-kocurmur-isi-yarimciq-qoyub-getdiler\/#primaryimage"},"thumbnailUrl":"https:\/\/www.meydan.tv\/wp-content\/uploads\/resulovlarin-evi1.jpeg","datePublished":"2022-06-23T16:32:17+00:00","dateModified":"2022-06-23T16:32:19+00:00","breadcrumb":{"@id":"https:\/\/www.meydan.tv\/az\/article\/zelzeleden-zerer-cekenler-dediler-nazirlik-pul-kocurmur-isi-yarimciq-qoyub-getdiler\/#breadcrumb"},"inLanguage":"az","potentialAction":[{"@type":"ReadAction","target":["https:\/\/www.meydan.tv\/az\/article\/zelzeleden-zerer-cekenler-dediler-nazirlik-pul-kocurmur-isi-yarimciq-qoyub-getdiler\/"]}]},{"@type":"ImageObject","inLanguage":"az","@id":"https:\/\/www.meydan.tv\/az\/article\/zelzeleden-zerer-cekenler-dediler-nazirlik-pul-kocurmur-isi-yarimciq-qoyub-getdiler\/#primaryimage","url":"https:\/\/www.meydan.tv\/wp-content\/uploads\/resulovlarin-evi1.jpeg","contentUrl":"https:\/\/www.meydan.tv\/wp-content\/uploads\/resulovlarin-evi1.jpeg","width":1600,"height":718},{"@type":"BreadcrumbList","@id":"https:\/\/www.meydan.tv\/az\/article\/zelzeleden-zerer-cekenler-dediler-nazirlik-pul-kocurmur-isi-yarimciq-qoyub-getdiler\/#breadcrumb","itemListElement":[{"@type":"ListItem","position":1,"name":"Ana s\u0259hif\u0259","item":"https:\/\/www.meydan.tv\/az\/"},{"@type":"ListItem","position":2,"name":"X\u0259b\u0259rl\u0259r","item":"https:\/\/www.meydan.tv\/az\/section\/xeberler\/"},{"@type":"ListItem","position":3,"name":"Z\u0259lz\u0259l\u0259d\u0259n z\u0259r\u0259r \u00e7\u0259k\u0259nl\u0259r: \u201cDedil\u0259r, nazirlik pul k\u00f6\u00e7\u00fcrm\u00fcr, i\u015fi yar\u0131m\u00e7\u0131q qoyub getdil\u0259r\u201d"}]},{"@type":"WebSite","@id":"https:\/\/www.meydan.tv\/az\/#website","url":"https:\/\/www.meydan.tv\/az\/","name":"MEYDAN.TV","description":"Meydan TV Az\u0259rbaycan\u0131n media m\u0259kan\u0131ndak\u0131 alternativ s\u0259sidir","publisher":{"@id":"https:\/\/www.meydan.tv\/az\/#organization"},"potentialAction":[{"@type":"SearchAction","target":{"@type":"EntryPoint","urlTemplate":"https:\/\/www.meydan.tv\/az\/?s={search_term_string}"},"query-input":{"@type":"PropertyValueSpecification","valueRequired":true,"valueName":"search_term_string"}}],"inLanguage":"az"},{"@type":"Organization","@id":"https:\/\/www.meydan.tv\/az\/#organization","name":"Meydan TV","url":"https:\/\/www.meydan.tv\/az\/","logo":{"@type":"ImageObject","inLanguage":"az","@id":"https:\/\/www.meydan.tv\/az\/#\/schema\/logo\/image\/","url":"https:\/\/www.meydan.tv\/wp-content\/uploads\/2021\/07\/meydan-logo.svg","contentUrl":"https:\/\/www.meydan.tv\/wp-content\/uploads\/2021\/07\/meydan-logo.svg","width":195,"height":46,"caption":"Meydan TV"},"image":{"@id":"https:\/\/www.meydan.tv\/az\/#\/schema\/logo\/image\/"}},{"@type":"Person","@id":"https:\/\/www.meydan.tv\/az\/#\/schema\/person\/8f23e01c4de63326c13c319fb65ee65d","name":"roma"}]}},"_links":{"self":[{"href":"https:\/\/www.meydan.tv\/az\/wp-json\/wp\/v2\/posts\/249230","targetHints":{"allow":["GET"]}}],"collection":[{"href":"https:\/\/www.meydan.tv\/az\/wp-json\/wp\/v2\/posts"}],"about":[{"href":"https:\/\/www.meydan.tv\/az\/wp-json\/wp\/v2\/types\/post"}],"author":[{"embeddable":true,"href":"https:\/\/www.meydan.tv\/az\/wp-json\/wp\/v2\/users\/14"}],"replies":[{"embeddable":true,"href":"https:\/\/www.meydan.tv\/az\/wp-json\/wp\/v2\/comments?post=249230"}],"version-history":[{"count":1,"href":"https:\/\/www.meydan.tv\/az\/wp-json\/wp\/v2\/posts\/249230\/revisions"}],"predecessor-version":[{"id":249240,"href":"https:\/\/www.meydan.tv\/az\/wp-json\/wp\/v2\/posts\/249230\/revisions\/249240"}],"wp:featuredmedia":[{"embeddable":true,"href":"https:\/\/www.meydan.tv\/az\/wp-json\/wp\/v2\/media\/249231"}],"wp:attachment":[{"href":"https:\/\/www.meydan.tv\/az\/wp-json\/wp\/v2\/media?parent=249230"}],"wp:term":[{"taxonomy":"category","embeddable":true,"href":"https:\/\/www.meydan.tv\/az\/wp-json\/wp\/v2\/categories?post=249230"},{"taxonomy":"post_tag","embeddable":true,"href":"https:\/\/www.meydan.tv\/az\/wp-json\/wp\/v2\/tags?post=249230"}],"curies":[{"name":"wp","href":"https:\/\/api.w.org\/{rel}","templated":true}]}}