{"id":249151,"date":"2022-06-23T14:04:07","date_gmt":"2022-06-23T10:04:07","guid":{"rendered":"https:\/\/www.meydan.tv\/?p=249151"},"modified":"2022-06-23T14:52:56","modified_gmt":"2022-06-23T10:52:56","slug":"magazasi-yanmis-sahibkar-sigorta-sirketi-meni-surundurur","status":"publish","type":"post","link":"https:\/\/www.meydan.tv\/az\/article\/magazasi-yanmis-sahibkar-sigorta-sirketi-meni-surundurur\/","title":{"rendered":"Ma\u011fazas\u0131 yanm\u0131\u015f sahibkar: \u201cS\u0131\u011forta \u015firk\u0259ti m\u0259ni s\u00fcr\u00fcnd\u00fcr\u00fcr\u201d"},"content":{"rendered":"\n<p><\/p>\n\n\n\n<p><em>H\u00fcquq\u015f\u00fcnas: &#8220;Ma\u011faza sahibi m\u0259hk\u0259m\u0259y\u0259 m\u00fcraci\u0259t ed\u0259 bil\u0259r&#8221;<\/em><\/p>\n\n\n\n<p>\u201c5 ayd\u0131r ki, s\u0131\u011forta \u015firk\u0259tinin arxas\u0131nca d\u00fc\u015fm\u00fc\u015f\u0259m. Gah deyir, \u201c\u00f6d\u0259mir\u0259m\u201d, gah da deyir ki, az m\u0259bl\u0259\u011f \u00f6d\u0259yir\u0259m\u2026 \u015eirk\u0259t s\u0131\u011forta pulunu \u0259mlak\u0131ma d\u0259y\u0259n z\u0259r\u0259r\u0259 uy\u011fun \u00f6d\u0259m\u0259k ist\u0259mir\u201d.<\/p>\n\n\n\n<p>2022-ci ilin yanvar\u0131n 20-d\u0259 Saatl\u0131n\u0131n \u00c7olp\u0131 k\u0259ndind\u0259 yerl\u0259\u015f\u0259n ma\u011fazalardan birind\u0259 yan\u011f\u0131n olub. Ma\u011faza i\u00e7\u0259risind\u0259ki \u0259\u015fyalarla birlikd\u0259 yan\u0131b.<\/p>\n\n\n\n<p>Obyektin sahibi Nabatk\u0259nd k\u0259ndinin sakini Bilal Abdullayevdir.<\/p>\n\n\n\n<p>O, Meydan TV-y\u0259 5 aydan \u00e7oxdur ki, ma\u011fazaya d\u0259ymi\u015f z\u0259r\u0259r\u0259 g\u00f6r\u0259 s\u0131\u011fortan\u0131 ala bilm\u0259diyini deyir.<\/p>\n\n\n\n<p>Bilal Abdullayevin s\u00f6zl\u0259rin\u0259 g\u00f6r\u0259, hadis\u0259y\u0259 s\u0259b\u0259b elektrik naqill\u0259rind\u0259ki q\u0131saqapanma olub. Hadis\u0259d\u0259n sonra m\u00fcvafiq s\u0259n\u0259dl\u0259ri toplayaraq s\u0131\u011forta m\u00fcqavil\u0259si olan \u201cAzs\u0131\u011forta\u201dya \u00fcz tutub:<\/p>\n\n\n\n<p>\u201cSoru\u015fdular \u201cn\u0259 etm\u0259k fikrind\u0259s\u0259n?\u201d Dedim, he\u00e7 n\u0259, sizinl\u0259 ba\u011flad\u0131\u011f\u0131m m\u00fcqavil\u0259y\u0259 uy\u011fun olaraq, s\u0131\u011fortam\u0131 ist\u0259yir\u0259m. Dedil\u0259r, \u201consuz da biz s\u0259n\u0259 m\u0259bl\u0259\u011fin ham\u0131s\u0131n\u0131 verm\u0259y\u0259c\u0259yik\u201d. Bir s\u00f6zl\u0259, \u015firk\u0259t s\u0131\u011fortan\u0131 verm\u0259m\u0259k \u00fc\u00e7\u00fcn min bir b\u0259han\u0259 uydurur\u201d.<\/p>\n\n\n\n<p>Bilal Abdullayev deyir ki, \u201cAzs\u0131\u011forta\u201d ona d\u0259ymi\u015f z\u0259r\u0259r\u0259 g\u00f6r\u0259 c\u0259mi 29 min 500 manat s\u0131\u011forta \u00f6d\u0259m\u0259lidir, ancaq \u015firk\u0259t 4 min 900 manatdan \u00e7ox \u00f6d\u0259m\u0259k ist\u0259mir.<\/p>\n\n\n\n<p>Bilal Abdullayev yar\u0131m il\u0259 yax\u0131nd\u0131r ki, gah ekspertiza r\u0259yinin l\u0259ngidilm\u0259si, gah da s\u0131\u011forta \u015firk\u0259tinin pulu \u00f6d\u0259m\u0259m\u0259si \u00fcz\u00fcnd\u0259n f\u0259aliyy\u0259tsiz qald\u0131\u011f\u0131n\u0131 deyir:   <\/p>\n\n\n\n<p>\u201c\u018fvv\u0259lc\u0259 aylarla Ekspertiza M\u0259rk\u0259zi r\u0259yi l\u0259ngitdi. \u0130ndi d\u0259 iki aydan \u00e7oxdur ki, s\u0131\u011forta \u015firk\u0259ti \u00f6d\u0259ni\u015fi l\u0259ngidir, daha do\u011frusu, d\u0259ymi\u015f z\u0259r\u0259ri tam \u00f6d\u0259m\u0259k ist\u0259mir. Ba\u015fqa dolan\u0131\u015f\u0131q yerim yoxdur, ail\u0259mi o ma\u011fazadan \u0259ld\u0259 etdiyim g\u0259lirl\u0259 saxlay\u0131rd\u0131m. G\u00f6z\u00fcm\u00fc o s\u0131\u011forta puluna dikmi\u015f\u0259m ki, yanm\u0131\u015f ma\u011fazan\u0131 t\u0259mir etdirib ki\u00e7ik sahibkarl\u0131q f\u0259aliyy\u0259timi b\u0259rpa edim. \u015eirk\u0259ts\u0259 \u0259s\u0259bl\u0259rimi tar\u0131ma \u00e7\u0259kib\u201d.<\/p>\n\n\n\n<p>\u018fdliyy\u0259 Nazirliyi M\u0259hk\u0259m\u0259 Ekspertizas\u0131 M\u0259rk\u0259zinin 8 aprel 2022-ci il tarixli r\u0259yind\u0259 qeyd olunub ki, yanm\u0131\u015f ma\u011fazan\u0131n t\u0259miri \u00fc\u00e7\u00fcn g\u00f6r\u00fclm\u0259li olan i\u015fl\u0259rin \u00fcmumi d\u0259y\u0259ri haz\u0131rk\u0131 bazar qiym\u0259tl\u0259rin\u0259 uy\u011fun olaraq 11.520 manatd\u0131r.<\/p>\n\n\n\n<p>Ekspertiza M\u0259rk\u0259zinin 20 aprel 2022-ci il tarixli \u0259mt\u0259\u0259\u015f\u00fcnasl\u0131q ekspertizas\u0131n\u0131n r\u0259yind\u0259 is\u0259 bildirilir ki, ma\u011fazadak\u0131 sat\u0131\u015fda olan geyiml\u0259rin \u0259vv\u0259lki orta bazar qiym\u0259ti il\u0259 \u00fcmumi d\u0259y\u0259ri n\u0259z\u0259ri olaraq t\u0259xmin\u0259n 28 min 212 manat m\u00fc\u0259yy\u0259n edilib.<\/p>\n\n\n\n<p>\u201cAzs\u0131\u011forta\u201d ASC-d\u0259n bildirilib ki, Saatl\u0131 rayonu, \u00c7olp\u0131 k\u0259ndind\u0259 yerl\u0259\u015f\u0259n v\u0259 Bilal Abdullayevin sahibkarl\u0131q f\u0259aliyy\u0259tiyl\u0259 m\u0259\u015f\u011ful oldu\u011fu ma\u011faza &#8220;Azs\u0131\u011forta&#8221; ASC-d\u0259 \u201cDa\u015f\u0131nmaz \u018fmlak\u0131n \u0130cbari S\u0131\u011fortas\u0131\u201d \u015e\u0259had\u0259tnam\u0259si il\u0259 1 illik s\u0131\u011fortalan\u0131b.<\/p>\n\n\n<div class=\"wp-block-image\">\n<figure class=\"alignleft size-large\"><img decoding=\"async\" width=\"462\" height=\"821\" data-src=\"https:\/\/www.meydan.tv\/wp-content\/uploads\/azsigorta2-462x821.jpeg\" alt=\"\" class=\"wp-image-249137 lazyload\" src=\"data:image\/svg+xml;base64,PHN2ZyB3aWR0aD0iMSIgaGVpZ2h0PSIxIiB4bWxucz0iaHR0cDovL3d3dy53My5vcmcvMjAwMC9zdmciPjwvc3ZnPg==\" style=\"--smush-placeholder-width: 462px; --smush-placeholder-aspect-ratio: 462\/821;\" \/><figcaption>Foto: Meydan TV<\/figcaption><\/figure>\n<\/div>\n\n\n<p>.Bu il yanvar\u0131n 23-d\u0259 ASC-y\u0259 ma\u011fazaya yan\u011f\u0131n n\u0259tis\u0259cind\u0259 z\u0259r\u0259r d\u0259ym\u0259si bar\u0259d\u0259 m\u00fcraci\u0259t daxil olub.<br>\u018fmlaka d\u0259ymi\u015f z\u0259r\u0259rin m\u00fc\u0259yy\u0259n edilm\u0259si \u00fc\u00e7\u00fcn hadis\u0259 yerin\u0259 s\u0131\u011forta sah\u0259sind\u0259 yard\u0131m\u00e7\u0131 f\u0259aliyy\u0259t g\u00f6st\u0259r\u0259n m\u00fcst\u0259qil ekspert c\u0259lb olunub.<\/p>\n\n\n\n<p>M\u00fcst\u0259qil ekspertin 4 fevral 2022-ci il tarixli r\u0259yin\u0259 \u0259sas\u0259n, da\u015f\u0131nmaz \u0259mlaka d\u0259ymi\u015f z\u0259r\u0259r 5 min manat m\u0259bl\u0259\u011find\u0259 m\u00fc\u0259yy\u0259n edilib.<\/p>\n\n\n\n<p>Bu m\u0259bl\u0259\u011fd\u0259n 100 manat azadolma m\u0259bl\u0259\u011fi (s\u0131\u011forta hadis\u0259si n\u0259tic\u0259sind\u0259 yaranan itkil\u0259rin v\u0259 ya d\u0259y\u0259n z\u0259r\u0259rin s\u0131\u011forta t\u0259minat\u0131 il\u0259 \u0259hat\u0259 olunmayan v\u0259 s\u0131\u011fortal\u0131n\u0131n \u00fcz\u0259rind\u0259 qalan hiss\u0259si dem\u0259kdir) \u00e7\u0131x\u0131laraq ASC t\u0259r\u0259find\u0259n 4900 manat s\u0131\u011forta \u00f6d\u0259ni\u015fi hesablan\u0131b.<\/p>\n\n\n\n<p>Bilal Abdullayevs\u0259 bununla raz\u0131la\u015fm\u0131r. O deyir ki, \u00f6t\u0259n ilin fevral\u0131nda \u201cAzs\u0131\u011forta\u201d h\u0259m d\u0259 ma\u011fazadak\u0131 mallar\u0131 24 min manat m\u0259bl\u0259\u011find\u0259 s\u0131\u011fortalay\u0131b:<\/p>\n\n\n\n<p>\u201c\u0130ndis\u0259 b\u0259han\u0259 g\u0259tirir ki, h\u0259min mallar\u0131n hesab-fakturas\u0131 t\u0259qdim olunmay\u0131b ki, ona g\u00f6r\u0259 d\u0259 s\u0131\u011forta \u00f6d\u0259nsin. M\u0259n geyiml\u0259ri \u201cS\u0259d\u0259r\u0259k\u201d Ticar\u0259t M\u0259rk\u0259zind\u0259n al\u0131b g\u0259tirirdim, \u201cS\u0259d\u0259r\u0259k\u201dd\u0259 indiy\u0259 kimi hans\u0131 mala g\u00f6r\u0259 hesab-faktura verilib ki?.. \u018fsas\u0259n yanan \u0259\u015fyalar geyiml\u0259r olub, onlar da dediyim kimi, \u201cS\u0259d\u0259r\u0259k\u201dd\u0259n al\u0131n\u0131b.<\/p>\n\n\n\n<p>H\u00fcquq\u015f\u00fcnas Namiz\u0259d S\u0259f\u0259rov deyir ki, \u0259g\u0259r s\u0131\u011forta \u015firk\u0259tiyl\u0259 v\u0259t\u0259nda\u015f aras\u0131nda fikir ayr\u0131l\u0131\u011f\u0131 yaran\u0131bsa, v\u0259t\u0259nda\u015f bunu m\u0259hk\u0259m\u0259d\u0259 m\u00fcbahis\u0259l\u0259ndir\u0259 bil\u0259r:<\/p>\n\n\n\n<p>\u201cEkspertiza qurumunun \u015fifahi m\u0259lumatlara \u0259saslanaraq v\u0259 t\u0259xmini apard\u0131\u011f\u0131 hesablamalar \u0259sas\u0131nda yazd\u0131\u011f\u0131 r\u0259y\u0259 \u0259ks\u0259r hallarda s\u0131\u011forta \u015firk\u0259tl\u0259ri t\u0259r\u0259find\u0259n \u015f\u00fcbh\u0259li yana\u015f\u0131l\u0131r. Bel\u0259 olan halda ma\u011faza sahibi m\u0259hk\u0259m\u0259y\u0259 m\u00fcraci\u0259t ed\u0259 bil\u0259r. M\u0259hk\u0259m\u0259y\u0259 fotolar, videolar t\u0259qdim ed\u0259 bil\u0259r&#8221;.<\/p>\n\n\n\n<p>H\u00fcquq\u015f\u00fcnas bildirir ki, m\u0259hk\u0259m\u0259 t\u0259r\u0259find\u0259n h\u0259min ma\u011fazan\u0131n \u0259traf\u0131nda ya\u015fayan, oradan al\u0131\u015f-veri\u015f ed\u0259n insanlar\u0131n ma\u011fazadak\u0131 alq\u0131-satq\u0131 predmeti olan mallarla ba\u011fl\u0131 \u015fahid izahatlar\u0131 da al\u0131na bil\u0259r:<\/p>\n\n\n\n<p>\u201cM\u0259hk\u0259m\u0259d\u0259 s\u00fcbuta yetirils\u0259, m\u0259hk\u0259m\u0259 s\u0131\u011forta \u015firk\u0259tinin \u00fcz\u0259rin\u0259 m\u0259bl\u0259\u011fin \u00f6d\u0259nilm\u0259si \u00f6hd\u0259liyi qoya bil\u0259r\u201d.<\/p>\n","protected":false},"excerpt":{"rendered":"<p>H\u00fcquq\u015f\u00fcnas: &#8220;Ma\u011faza sahibi m\u0259hk\u0259m\u0259y\u0259 m\u00fcraci\u0259t ed\u0259 bil\u0259r&#8221; \u201c5 ayd\u0131r ki, &#8230; <\/p>\n<p class=\"read-more-container\"><a title=\"Ma\u011fazas\u0131 yanm\u0131\u015f sahibkar: \u201cS\u0131\u011forta \u015firk\u0259ti m\u0259ni s\u00fcr\u00fcnd\u00fcr\u00fcr\u201d\" class=\"read-more button\" href=\"https:\/\/www.meydan.tv\/az\/article\/magazasi-yanmis-sahibkar-sigorta-sirketi-meni-surundurur\/#more-249151\" aria-label=\"Read more about Ma\u011fazas\u0131 yanm\u0131\u015f sahibkar: \u201cS\u0131\u011forta \u015firk\u0259ti m\u0259ni s\u00fcr\u00fcnd\u00fcr\u00fcr\u201d\">Davam\u0131<\/a><\/p>\n","protected":false},"author":8,"featured_media":249129,"comment_status":"closed","ping_status":"closed","sticky":false,"template":"","format":"standard","meta":{"_acf_changed":false,"_sitemap_exclude":false,"_sitemap_priority":"","_sitemap_frequency":"","footnotes":""},"categories":[60,56],"tags":[],"class_list":["post-249151","post","type-post","status-publish","format-standard","has-post-thumbnail","hentry","category-bolge","category-xeberler","infinite-scroll-item","generate-columns","tablet-grid-50","mobile-grid-100","grid-parent","grid-33","no-featured-image-padding"],"acf":[],"yoast_head":"<!-- This site is optimized with the Yoast SEO plugin v27.5 - https:\/\/yoast.com\/product\/yoast-seo-wordpress\/ -->\n<title>Ma\u011fazas\u0131 yanm\u0131\u015f sahibkar: \u201cS\u0131\u011forta \u015firk\u0259ti m\u0259ni s\u00fcr\u00fcnd\u00fcr\u00fcr\u201d - MEYDAN.TV<\/title>\n<meta name=\"robots\" content=\"index, follow, max-snippet:-1, max-image-preview:large, max-video-preview:-1\" \/>\n<link rel=\"canonical\" href=\"https:\/\/www.meydan.tv\/az\/article\/magazasi-yanmis-sahibkar-sigorta-sirketi-meni-surundurur\/\" \/>\n<meta property=\"og:locale\" content=\"az_AZ\" \/>\n<meta property=\"og:type\" content=\"article\" \/>\n<meta property=\"og:title\" content=\"Ma\u011fazas\u0131 yanm\u0131\u015f sahibkar: \u201cS\u0131\u011forta \u015firk\u0259ti m\u0259ni s\u00fcr\u00fcnd\u00fcr\u00fcr\u201d - MEYDAN.TV\" \/>\n<meta property=\"og:description\" content=\"H\u00fcquq\u015f\u00fcnas: &#8220;Ma\u011faza sahibi m\u0259hk\u0259m\u0259y\u0259 m\u00fcraci\u0259t ed\u0259 bil\u0259r&#8221; \u201c5 ayd\u0131r ki, ... Davam\u0131\" \/>\n<meta property=\"og:url\" content=\"https:\/\/www.meydan.tv\/az\/article\/magazasi-yanmis-sahibkar-sigorta-sirketi-meni-surundurur\/\" \/>\n<meta property=\"og:site_name\" content=\"MEYDAN.TV\" \/>\n<meta property=\"article:published_time\" content=\"2022-06-23T10:04:07+00:00\" \/>\n<meta property=\"article:modified_time\" content=\"2022-06-23T10:52:56+00:00\" \/>\n<meta property=\"og:image\" content=\"https:\/\/www.meydan.tv\/wp-content\/uploads\/untitled_design-5-e1655979159557.png\" \/>\n\t<meta property=\"og:image:width\" content=\"1200\" \/>\n\t<meta property=\"og:image:height\" content=\"801\" \/>\n\t<meta property=\"og:image:type\" content=\"image\/png\" \/>\n<meta name=\"author\" content=\"elli\" \/>\n<meta name=\"twitter:card\" content=\"summary_large_image\" \/>\n<meta name=\"twitter:creator\" content=\"@elli\" \/>\n<script type=\"application\/ld+json\" class=\"yoast-schema-graph\">{\"@context\":\"https:\\\/\\\/schema.org\",\"@graph\":[{\"@type\":\"Article\",\"@id\":\"https:\\\/\\\/www.meydan.tv\\\/az\\\/article\\\/magazasi-yanmis-sahibkar-sigorta-sirketi-meni-surundurur\\\/#article\",\"isPartOf\":{\"@id\":\"https:\\\/\\\/www.meydan.tv\\\/az\\\/article\\\/magazasi-yanmis-sahibkar-sigorta-sirketi-meni-surundurur\\\/\"},\"author\":{\"name\":\"elli\",\"@id\":\"https:\\\/\\\/www.meydan.tv\\\/az\\\/#\\\/schema\\\/person\\\/9cdbecf90d17180ce1dfbd95b08dcf47\"},\"headline\":\"Ma\u011fazas\u0131 yanm\u0131\u015f sahibkar: \u201cS\u0131\u011forta \u015firk\u0259ti m\u0259ni s\u00fcr\u00fcnd\u00fcr\u00fcr\u201d\",\"datePublished\":\"2022-06-23T10:04:07+00:00\",\"dateModified\":\"2022-06-23T10:52:56+00:00\",\"mainEntityOfPage\":{\"@id\":\"https:\\\/\\\/www.meydan.tv\\\/az\\\/article\\\/magazasi-yanmis-sahibkar-sigorta-sirketi-meni-surundurur\\\/\"},\"wordCount\":973,\"publisher\":{\"@id\":\"https:\\\/\\\/www.meydan.tv\\\/az\\\/#organization\"},\"image\":{\"@id\":\"https:\\\/\\\/www.meydan.tv\\\/az\\\/article\\\/magazasi-yanmis-sahibkar-sigorta-sirketi-meni-surundurur\\\/#primaryimage\"},\"thumbnailUrl\":\"https:\\\/\\\/www.meydan.tv\\\/wp-content\\\/uploads\\\/untitled_design-5-e1655979159557.png\",\"articleSection\":[\"B\u00f6lg\u0259\",\"X\u0259b\u0259rl\u0259r\"],\"inLanguage\":\"az\"},{\"@type\":\"WebPage\",\"@id\":\"https:\\\/\\\/www.meydan.tv\\\/az\\\/article\\\/magazasi-yanmis-sahibkar-sigorta-sirketi-meni-surundurur\\\/\",\"url\":\"https:\\\/\\\/www.meydan.tv\\\/az\\\/article\\\/magazasi-yanmis-sahibkar-sigorta-sirketi-meni-surundurur\\\/\",\"name\":\"Ma\u011fazas\u0131 yanm\u0131\u015f sahibkar: \u201cS\u0131\u011forta \u015firk\u0259ti m\u0259ni s\u00fcr\u00fcnd\u00fcr\u00fcr\u201d - MEYDAN.TV\",\"isPartOf\":{\"@id\":\"https:\\\/\\\/www.meydan.tv\\\/az\\\/#website\"},\"primaryImageOfPage\":{\"@id\":\"https:\\\/\\\/www.meydan.tv\\\/az\\\/article\\\/magazasi-yanmis-sahibkar-sigorta-sirketi-meni-surundurur\\\/#primaryimage\"},\"image\":{\"@id\":\"https:\\\/\\\/www.meydan.tv\\\/az\\\/article\\\/magazasi-yanmis-sahibkar-sigorta-sirketi-meni-surundurur\\\/#primaryimage\"},\"thumbnailUrl\":\"https:\\\/\\\/www.meydan.tv\\\/wp-content\\\/uploads\\\/untitled_design-5-e1655979159557.png\",\"datePublished\":\"2022-06-23T10:04:07+00:00\",\"dateModified\":\"2022-06-23T10:52:56+00:00\",\"breadcrumb\":{\"@id\":\"https:\\\/\\\/www.meydan.tv\\\/az\\\/article\\\/magazasi-yanmis-sahibkar-sigorta-sirketi-meni-surundurur\\\/#breadcrumb\"},\"inLanguage\":\"az\",\"potentialAction\":[{\"@type\":\"ReadAction\",\"target\":[\"https:\\\/\\\/www.meydan.tv\\\/az\\\/article\\\/magazasi-yanmis-sahibkar-sigorta-sirketi-meni-surundurur\\\/\"]}]},{\"@type\":\"ImageObject\",\"inLanguage\":\"az\",\"@id\":\"https:\\\/\\\/www.meydan.tv\\\/az\\\/article\\\/magazasi-yanmis-sahibkar-sigorta-sirketi-meni-surundurur\\\/#primaryimage\",\"url\":\"https:\\\/\\\/www.meydan.tv\\\/wp-content\\\/uploads\\\/untitled_design-5-e1655979159557.png\",\"contentUrl\":\"https:\\\/\\\/www.meydan.tv\\\/wp-content\\\/uploads\\\/untitled_design-5-e1655979159557.png\",\"width\":1200,\"height\":801,\"caption\":\"Bilal Abdullayev. Foto: Meydan TV\"},{\"@type\":\"BreadcrumbList\",\"@id\":\"https:\\\/\\\/www.meydan.tv\\\/az\\\/article\\\/magazasi-yanmis-sahibkar-sigorta-sirketi-meni-surundurur\\\/#breadcrumb\",\"itemListElement\":[{\"@type\":\"ListItem\",\"position\":1,\"name\":\"Ana s\u0259hif\u0259\",\"item\":\"https:\\\/\\\/www.meydan.tv\\\/az\\\/\"},{\"@type\":\"ListItem\",\"position\":2,\"name\":\"B\u00f6lg\u0259\",\"item\":\"https:\\\/\\\/www.meydan.tv\\\/az\\\/section\\\/bolge\\\/\"},{\"@type\":\"ListItem\",\"position\":3,\"name\":\"Ma\u011fazas\u0131 yanm\u0131\u015f sahibkar: \u201cS\u0131\u011forta \u015firk\u0259ti m\u0259ni s\u00fcr\u00fcnd\u00fcr\u00fcr\u201d\"}]},{\"@type\":\"WebSite\",\"@id\":\"https:\\\/\\\/www.meydan.tv\\\/az\\\/#website\",\"url\":\"https:\\\/\\\/www.meydan.tv\\\/az\\\/\",\"name\":\"MEYDAN.TV\",\"description\":\"Meydan TV Az\u0259rbaycan\u0131n media m\u0259kan\u0131ndak\u0131 alternativ s\u0259sidir\",\"publisher\":{\"@id\":\"https:\\\/\\\/www.meydan.tv\\\/az\\\/#organization\"},\"potentialAction\":[{\"@type\":\"SearchAction\",\"target\":{\"@type\":\"EntryPoint\",\"urlTemplate\":\"https:\\\/\\\/www.meydan.tv\\\/az\\\/?s={search_term_string}\"},\"query-input\":{\"@type\":\"PropertyValueSpecification\",\"valueRequired\":true,\"valueName\":\"search_term_string\"}}],\"inLanguage\":\"az\"},{\"@type\":\"Organization\",\"@id\":\"https:\\\/\\\/www.meydan.tv\\\/az\\\/#organization\",\"name\":\"Meydan TV\",\"url\":\"https:\\\/\\\/www.meydan.tv\\\/az\\\/\",\"logo\":{\"@type\":\"ImageObject\",\"inLanguage\":\"az\",\"@id\":\"https:\\\/\\\/www.meydan.tv\\\/az\\\/#\\\/schema\\\/logo\\\/image\\\/\",\"url\":\"https:\\\/\\\/www.meydan.tv\\\/wp-content\\\/uploads\\\/2021\\\/07\\\/meydan-logo.svg\",\"contentUrl\":\"https:\\\/\\\/www.meydan.tv\\\/wp-content\\\/uploads\\\/2021\\\/07\\\/meydan-logo.svg\",\"width\":195,\"height\":46,\"caption\":\"Meydan TV\"},\"image\":{\"@id\":\"https:\\\/\\\/www.meydan.tv\\\/az\\\/#\\\/schema\\\/logo\\\/image\\\/\"}},{\"@type\":\"Person\",\"@id\":\"https:\\\/\\\/www.meydan.tv\\\/az\\\/#\\\/schema\\\/person\\\/9cdbecf90d17180ce1dfbd95b08dcf47\",\"name\":\"elli\",\"sameAs\":[\"https:\\\/\\\/x.com\\\/elli\"]}]}<\/script>\n<!-- \/ Yoast SEO plugin. -->","yoast_head_json":{"title":"Ma\u011fazas\u0131 yanm\u0131\u015f sahibkar: \u201cS\u0131\u011forta \u015firk\u0259ti m\u0259ni s\u00fcr\u00fcnd\u00fcr\u00fcr\u201d - MEYDAN.TV","robots":{"index":"index","follow":"follow","max-snippet":"max-snippet:-1","max-image-preview":"max-image-preview:large","max-video-preview":"max-video-preview:-1"},"canonical":"https:\/\/www.meydan.tv\/az\/article\/magazasi-yanmis-sahibkar-sigorta-sirketi-meni-surundurur\/","og_locale":"az_AZ","og_type":"article","og_title":"Ma\u011fazas\u0131 yanm\u0131\u015f sahibkar: \u201cS\u0131\u011forta \u015firk\u0259ti m\u0259ni s\u00fcr\u00fcnd\u00fcr\u00fcr\u201d - MEYDAN.TV","og_description":"H\u00fcquq\u015f\u00fcnas: &#8220;Ma\u011faza sahibi m\u0259hk\u0259m\u0259y\u0259 m\u00fcraci\u0259t ed\u0259 bil\u0259r&#8221; \u201c5 ayd\u0131r ki, ... Davam\u0131","og_url":"https:\/\/www.meydan.tv\/az\/article\/magazasi-yanmis-sahibkar-sigorta-sirketi-meni-surundurur\/","og_site_name":"MEYDAN.TV","article_published_time":"2022-06-23T10:04:07+00:00","article_modified_time":"2022-06-23T10:52:56+00:00","og_image":[{"width":1200,"height":801,"url":"https:\/\/www.meydan.tv\/wp-content\/uploads\/untitled_design-5-e1655979159557.png","type":"image\/png"}],"author":"elli","twitter_card":"summary_large_image","twitter_creator":"@elli","schema":{"@context":"https:\/\/schema.org","@graph":[{"@type":"Article","@id":"https:\/\/www.meydan.tv\/az\/article\/magazasi-yanmis-sahibkar-sigorta-sirketi-meni-surundurur\/#article","isPartOf":{"@id":"https:\/\/www.meydan.tv\/az\/article\/magazasi-yanmis-sahibkar-sigorta-sirketi-meni-surundurur\/"},"author":{"name":"elli","@id":"https:\/\/www.meydan.tv\/az\/#\/schema\/person\/9cdbecf90d17180ce1dfbd95b08dcf47"},"headline":"Ma\u011fazas\u0131 yanm\u0131\u015f sahibkar: \u201cS\u0131\u011forta \u015firk\u0259ti m\u0259ni s\u00fcr\u00fcnd\u00fcr\u00fcr\u201d","datePublished":"2022-06-23T10:04:07+00:00","dateModified":"2022-06-23T10:52:56+00:00","mainEntityOfPage":{"@id":"https:\/\/www.meydan.tv\/az\/article\/magazasi-yanmis-sahibkar-sigorta-sirketi-meni-surundurur\/"},"wordCount":973,"publisher":{"@id":"https:\/\/www.meydan.tv\/az\/#organization"},"image":{"@id":"https:\/\/www.meydan.tv\/az\/article\/magazasi-yanmis-sahibkar-sigorta-sirketi-meni-surundurur\/#primaryimage"},"thumbnailUrl":"https:\/\/www.meydan.tv\/wp-content\/uploads\/untitled_design-5-e1655979159557.png","articleSection":["B\u00f6lg\u0259","X\u0259b\u0259rl\u0259r"],"inLanguage":"az"},{"@type":"WebPage","@id":"https:\/\/www.meydan.tv\/az\/article\/magazasi-yanmis-sahibkar-sigorta-sirketi-meni-surundurur\/","url":"https:\/\/www.meydan.tv\/az\/article\/magazasi-yanmis-sahibkar-sigorta-sirketi-meni-surundurur\/","name":"Ma\u011fazas\u0131 yanm\u0131\u015f sahibkar: \u201cS\u0131\u011forta \u015firk\u0259ti m\u0259ni s\u00fcr\u00fcnd\u00fcr\u00fcr\u201d - MEYDAN.TV","isPartOf":{"@id":"https:\/\/www.meydan.tv\/az\/#website"},"primaryImageOfPage":{"@id":"https:\/\/www.meydan.tv\/az\/article\/magazasi-yanmis-sahibkar-sigorta-sirketi-meni-surundurur\/#primaryimage"},"image":{"@id":"https:\/\/www.meydan.tv\/az\/article\/magazasi-yanmis-sahibkar-sigorta-sirketi-meni-surundurur\/#primaryimage"},"thumbnailUrl":"https:\/\/www.meydan.tv\/wp-content\/uploads\/untitled_design-5-e1655979159557.png","datePublished":"2022-06-23T10:04:07+00:00","dateModified":"2022-06-23T10:52:56+00:00","breadcrumb":{"@id":"https:\/\/www.meydan.tv\/az\/article\/magazasi-yanmis-sahibkar-sigorta-sirketi-meni-surundurur\/#breadcrumb"},"inLanguage":"az","potentialAction":[{"@type":"ReadAction","target":["https:\/\/www.meydan.tv\/az\/article\/magazasi-yanmis-sahibkar-sigorta-sirketi-meni-surundurur\/"]}]},{"@type":"ImageObject","inLanguage":"az","@id":"https:\/\/www.meydan.tv\/az\/article\/magazasi-yanmis-sahibkar-sigorta-sirketi-meni-surundurur\/#primaryimage","url":"https:\/\/www.meydan.tv\/wp-content\/uploads\/untitled_design-5-e1655979159557.png","contentUrl":"https:\/\/www.meydan.tv\/wp-content\/uploads\/untitled_design-5-e1655979159557.png","width":1200,"height":801,"caption":"Bilal Abdullayev. Foto: Meydan TV"},{"@type":"BreadcrumbList","@id":"https:\/\/www.meydan.tv\/az\/article\/magazasi-yanmis-sahibkar-sigorta-sirketi-meni-surundurur\/#breadcrumb","itemListElement":[{"@type":"ListItem","position":1,"name":"Ana s\u0259hif\u0259","item":"https:\/\/www.meydan.tv\/az\/"},{"@type":"ListItem","position":2,"name":"B\u00f6lg\u0259","item":"https:\/\/www.meydan.tv\/az\/section\/bolge\/"},{"@type":"ListItem","position":3,"name":"Ma\u011fazas\u0131 yanm\u0131\u015f sahibkar: \u201cS\u0131\u011forta \u015firk\u0259ti m\u0259ni s\u00fcr\u00fcnd\u00fcr\u00fcr\u201d"}]},{"@type":"WebSite","@id":"https:\/\/www.meydan.tv\/az\/#website","url":"https:\/\/www.meydan.tv\/az\/","name":"MEYDAN.TV","description":"Meydan TV Az\u0259rbaycan\u0131n media m\u0259kan\u0131ndak\u0131 alternativ s\u0259sidir","publisher":{"@id":"https:\/\/www.meydan.tv\/az\/#organization"},"potentialAction":[{"@type":"SearchAction","target":{"@type":"EntryPoint","urlTemplate":"https:\/\/www.meydan.tv\/az\/?s={search_term_string}"},"query-input":{"@type":"PropertyValueSpecification","valueRequired":true,"valueName":"search_term_string"}}],"inLanguage":"az"},{"@type":"Organization","@id":"https:\/\/www.meydan.tv\/az\/#organization","name":"Meydan TV","url":"https:\/\/www.meydan.tv\/az\/","logo":{"@type":"ImageObject","inLanguage":"az","@id":"https:\/\/www.meydan.tv\/az\/#\/schema\/logo\/image\/","url":"https:\/\/www.meydan.tv\/wp-content\/uploads\/2021\/07\/meydan-logo.svg","contentUrl":"https:\/\/www.meydan.tv\/wp-content\/uploads\/2021\/07\/meydan-logo.svg","width":195,"height":46,"caption":"Meydan TV"},"image":{"@id":"https:\/\/www.meydan.tv\/az\/#\/schema\/logo\/image\/"}},{"@type":"Person","@id":"https:\/\/www.meydan.tv\/az\/#\/schema\/person\/9cdbecf90d17180ce1dfbd95b08dcf47","name":"elli","sameAs":["https:\/\/x.com\/elli"]}]}},"_links":{"self":[{"href":"https:\/\/www.meydan.tv\/az\/wp-json\/wp\/v2\/posts\/249151","targetHints":{"allow":["GET"]}}],"collection":[{"href":"https:\/\/www.meydan.tv\/az\/wp-json\/wp\/v2\/posts"}],"about":[{"href":"https:\/\/www.meydan.tv\/az\/wp-json\/wp\/v2\/types\/post"}],"author":[{"embeddable":true,"href":"https:\/\/www.meydan.tv\/az\/wp-json\/wp\/v2\/users\/8"}],"replies":[{"embeddable":true,"href":"https:\/\/www.meydan.tv\/az\/wp-json\/wp\/v2\/comments?post=249151"}],"version-history":[{"count":2,"href":"https:\/\/www.meydan.tv\/az\/wp-json\/wp\/v2\/posts\/249151\/revisions"}],"predecessor-version":[{"id":249167,"href":"https:\/\/www.meydan.tv\/az\/wp-json\/wp\/v2\/posts\/249151\/revisions\/249167"}],"wp:featuredmedia":[{"embeddable":true,"href":"https:\/\/www.meydan.tv\/az\/wp-json\/wp\/v2\/media\/249129"}],"wp:attachment":[{"href":"https:\/\/www.meydan.tv\/az\/wp-json\/wp\/v2\/media?parent=249151"}],"wp:term":[{"taxonomy":"category","embeddable":true,"href":"https:\/\/www.meydan.tv\/az\/wp-json\/wp\/v2\/categories?post=249151"},{"taxonomy":"post_tag","embeddable":true,"href":"https:\/\/www.meydan.tv\/az\/wp-json\/wp\/v2\/tags?post=249151"}],"curies":[{"name":"wp","href":"https:\/\/api.w.org\/{rel}","templated":true}]}}