{"id":249143,"date":"2022-06-23T12:57:56","date_gmt":"2022-06-23T08:57:56","guid":{"rendered":"https:\/\/www.meydan.tv\/?p=249143"},"modified":"2022-06-23T12:57:58","modified_gmt":"2022-06-23T08:57:58","slug":"beyleqanda-pambiq-beceren-15-nefer-zeherlenib","status":"publish","type":"post","link":"https:\/\/www.meydan.tv\/az\/article\/beyleqanda-pambiq-beceren-15-nefer-zeherlenib\/","title":{"rendered":"Beyl\u0259qanda pamb\u0131q bec\u0259r\u0259n 15 n\u0259f\u0259r z\u0259h\u0259rl\u0259nib"},"content":{"rendered":"\n<p><\/p>\n\n\n\n<p><em>Z\u0259h\u0259rl\u0259nm\u0259nin kimy\u0259vi d\u0259rmandan oldu\u011fu g\u00fcman edilir<\/em><\/p>\n\n\n\n<p>Beyl\u0259qanda pamb\u0131q tarlas\u0131nda \u00e7al\u0131\u015fanlar aras\u0131nda k\u00fctl\u0259vi z\u0259h\u0259rl\u0259nm\u0259nin oldu\u011fu bildirilir.<\/p>\n\n\n\n<p>M\u0259lumata g\u00f6r\u0259, hadis\u0259 iyunun 22-d\u0259 ba\u015f verib.<\/p>\n\n\n\n<p>Bildirilir ki, pamb\u0131q bec\u0259rm\u0259kl\u0259 m\u0259\u015f\u011ful olan 15 rayon sakini z\u0259h\u0259rl\u0259nm\u0259 diaqnozu il\u0259 Beyl\u0259qan Rayon M\u0259rk\u0259zi X\u0259st\u0259xanas\u0131na yerl\u0259\u015fdirilib.<\/p>\n\n\n\n<p>T\u018fB\u0130B-d\u0259n bildirilib ki, z\u0259h\u0259rl\u0259n\u0259nl\u0259rin v\u0259ziyy\u0259ti q\u0259na\u0259tb\u0259x\u015fdir: &#8220;X\u0259st\u0259xanaya g\u0259tiril\u0259nl\u0259r bu g\u00fcn \u0259rzind\u0259 ambulator m\u00fcalic\u0259 \u00fc\u00e7\u00fcn ev\u0259 burax\u0131lacaqlar&#8221;.<\/p>\n\n\n\n<p>Z\u0259h\u0259rl\u0259nm\u0259nin sah\u0259y\u0259 s\u0259pil\u0259n kimy\u0259vi d\u0259rmandan ba\u015f verdiyi g\u00fcman edilir.<\/p>\n\n\n\n<p>&#8220;Sah\u0259 f\u0259rdi sahibkara m\u0259xsusdur, sah\u0259 d\u0259rmanlan\u0131b, amma bir ne\u00e7\u0259 g\u00fcn g\u00f6zl\u0259m\u0259yibl\u0259r. Qaydalara g\u00f6r\u0259 h\u0259min sah\u0259y\u0259 i\u015f\u00e7i burax\u0131lmamald\u0131r. Qad\u0131nlara el\u0259 h\u0259min g\u00fcn sah\u0259d\u0259 alaq t\u0259mizl\u0259dibl\u0259r&#8221;, &#8211; m\u0259lumatl\u0131 m\u0259nb\u0259 Meydan TV-y\u0259 deyib.<\/p>\n\n\n\n<p>Ba\u015f Prokurorluqdan bildirilib ki, qeyd olunan faktla ba\u011fl\u0131 haz\u0131rda Beyl\u0259qan Rayon Prokurorlu\u011funda ara\u015fd\u0131rma apar\u0131l\u0131r.<\/p>\n","protected":false},"excerpt":{"rendered":"<p>Z\u0259h\u0259rl\u0259nm\u0259nin kimy\u0259vi d\u0259rmandan oldu\u011fu g\u00fcman edilir Beyl\u0259qanda pamb\u0131q tarlas\u0131nda \u00e7al\u0131\u015fanlar &#8230; <\/p>\n<p class=\"read-more-container\"><a title=\"Beyl\u0259qanda pamb\u0131q bec\u0259r\u0259n 15 n\u0259f\u0259r z\u0259h\u0259rl\u0259nib\" class=\"read-more button\" href=\"https:\/\/www.meydan.tv\/az\/article\/beyleqanda-pambiq-beceren-15-nefer-zeherlenib\/#more-249143\" aria-label=\"Read more about Beyl\u0259qanda pamb\u0131q bec\u0259r\u0259n 15 n\u0259f\u0259r z\u0259h\u0259rl\u0259nib\">Davam\u0131<\/a><\/p>\n","protected":false},"author":8,"featured_media":229853,"comment_status":"closed","ping_status":"closed","sticky":false,"template":"","format":"standard","meta":{"_acf_changed":false,"_sitemap_exclude":false,"_sitemap_priority":"","_sitemap_frequency":"","footnotes":""},"categories":[60,79,56],"tags":[],"class_list":["post-249143","post","type-post","status-publish","format-standard","has-post-thumbnail","hentry","category-bolge","category-featured","category-xeberler","infinite-scroll-item","generate-columns","tablet-grid-50","mobile-grid-100","grid-parent","grid-33","no-featured-image-padding"],"acf":[],"yoast_head":"<!-- This site is optimized with the Yoast SEO plugin v27.5 - https:\/\/yoast.com\/product\/yoast-seo-wordpress\/ -->\n<title>Beyl\u0259qanda pamb\u0131q bec\u0259r\u0259n 15 n\u0259f\u0259r z\u0259h\u0259rl\u0259nib - MEYDAN.TV<\/title>\n<meta name=\"robots\" content=\"index, follow, max-snippet:-1, max-image-preview:large, max-video-preview:-1\" \/>\n<link rel=\"canonical\" href=\"https:\/\/www.meydan.tv\/az\/article\/beyleqanda-pambiq-beceren-15-nefer-zeherlenib\/\" \/>\n<meta property=\"og:locale\" content=\"az_AZ\" \/>\n<meta property=\"og:type\" content=\"article\" \/>\n<meta property=\"og:title\" content=\"Beyl\u0259qanda pamb\u0131q bec\u0259r\u0259n 15 n\u0259f\u0259r z\u0259h\u0259rl\u0259nib - MEYDAN.TV\" \/>\n<meta property=\"og:description\" content=\"Z\u0259h\u0259rl\u0259nm\u0259nin kimy\u0259vi d\u0259rmandan oldu\u011fu g\u00fcman edilir Beyl\u0259qanda pamb\u0131q tarlas\u0131nda \u00e7al\u0131\u015fanlar ... Davam\u0131\" \/>\n<meta property=\"og:url\" content=\"https:\/\/www.meydan.tv\/az\/article\/beyleqanda-pambiq-beceren-15-nefer-zeherlenib\/\" \/>\n<meta property=\"og:site_name\" content=\"MEYDAN.TV\" \/>\n<meta property=\"article:published_time\" content=\"2022-06-23T08:57:56+00:00\" \/>\n<meta property=\"article:modified_time\" content=\"2022-06-23T08:57:58+00:00\" \/>\n<meta property=\"og:image\" content=\"https:\/\/www.meydan.tv\/wp-content\/uploads\/shutterstock_761764177.jpg\" \/>\n\t<meta property=\"og:image:width\" content=\"1200\" \/>\n\t<meta property=\"og:image:height\" content=\"800\" \/>\n\t<meta property=\"og:image:type\" content=\"image\/jpeg\" \/>\n<meta name=\"author\" content=\"elli\" \/>\n<meta name=\"twitter:card\" content=\"summary_large_image\" \/>\n<meta name=\"twitter:creator\" content=\"@elli\" \/>\n<script type=\"application\/ld+json\" class=\"yoast-schema-graph\">{\"@context\":\"https:\\\/\\\/schema.org\",\"@graph\":[{\"@type\":\"Article\",\"@id\":\"https:\\\/\\\/www.meydan.tv\\\/az\\\/article\\\/beyleqanda-pambiq-beceren-15-nefer-zeherlenib\\\/#article\",\"isPartOf\":{\"@id\":\"https:\\\/\\\/www.meydan.tv\\\/az\\\/article\\\/beyleqanda-pambiq-beceren-15-nefer-zeherlenib\\\/\"},\"author\":{\"name\":\"elli\",\"@id\":\"https:\\\/\\\/www.meydan.tv\\\/az\\\/#\\\/schema\\\/person\\\/9cdbecf90d17180ce1dfbd95b08dcf47\"},\"headline\":\"Beyl\u0259qanda pamb\u0131q bec\u0259r\u0259n 15 n\u0259f\u0259r z\u0259h\u0259rl\u0259nib\",\"datePublished\":\"2022-06-23T08:57:56+00:00\",\"dateModified\":\"2022-06-23T08:57:58+00:00\",\"mainEntityOfPage\":{\"@id\":\"https:\\\/\\\/www.meydan.tv\\\/az\\\/article\\\/beyleqanda-pambiq-beceren-15-nefer-zeherlenib\\\/\"},\"wordCount\":221,\"publisher\":{\"@id\":\"https:\\\/\\\/www.meydan.tv\\\/az\\\/#organization\"},\"image\":{\"@id\":\"https:\\\/\\\/www.meydan.tv\\\/az\\\/article\\\/beyleqanda-pambiq-beceren-15-nefer-zeherlenib\\\/#primaryimage\"},\"thumbnailUrl\":\"https:\\\/\\\/www.meydan.tv\\\/wp-content\\\/uploads\\\/shutterstock_761764177.jpg\",\"articleSection\":[\"B\u00f6lg\u0259\",\"T\u00f6vsiy\u0259\",\"X\u0259b\u0259rl\u0259r\"],\"inLanguage\":\"az\"},{\"@type\":\"WebPage\",\"@id\":\"https:\\\/\\\/www.meydan.tv\\\/az\\\/article\\\/beyleqanda-pambiq-beceren-15-nefer-zeherlenib\\\/\",\"url\":\"https:\\\/\\\/www.meydan.tv\\\/az\\\/article\\\/beyleqanda-pambiq-beceren-15-nefer-zeherlenib\\\/\",\"name\":\"Beyl\u0259qanda pamb\u0131q bec\u0259r\u0259n 15 n\u0259f\u0259r z\u0259h\u0259rl\u0259nib - MEYDAN.TV\",\"isPartOf\":{\"@id\":\"https:\\\/\\\/www.meydan.tv\\\/az\\\/#website\"},\"primaryImageOfPage\":{\"@id\":\"https:\\\/\\\/www.meydan.tv\\\/az\\\/article\\\/beyleqanda-pambiq-beceren-15-nefer-zeherlenib\\\/#primaryimage\"},\"image\":{\"@id\":\"https:\\\/\\\/www.meydan.tv\\\/az\\\/article\\\/beyleqanda-pambiq-beceren-15-nefer-zeherlenib\\\/#primaryimage\"},\"thumbnailUrl\":\"https:\\\/\\\/www.meydan.tv\\\/wp-content\\\/uploads\\\/shutterstock_761764177.jpg\",\"datePublished\":\"2022-06-23T08:57:56+00:00\",\"dateModified\":\"2022-06-23T08:57:58+00:00\",\"breadcrumb\":{\"@id\":\"https:\\\/\\\/www.meydan.tv\\\/az\\\/article\\\/beyleqanda-pambiq-beceren-15-nefer-zeherlenib\\\/#breadcrumb\"},\"inLanguage\":\"az\",\"potentialAction\":[{\"@type\":\"ReadAction\",\"target\":[\"https:\\\/\\\/www.meydan.tv\\\/az\\\/article\\\/beyleqanda-pambiq-beceren-15-nefer-zeherlenib\\\/\"]}]},{\"@type\":\"ImageObject\",\"inLanguage\":\"az\",\"@id\":\"https:\\\/\\\/www.meydan.tv\\\/az\\\/article\\\/beyleqanda-pambiq-beceren-15-nefer-zeherlenib\\\/#primaryimage\",\"url\":\"https:\\\/\\\/www.meydan.tv\\\/wp-content\\\/uploads\\\/shutterstock_761764177.jpg\",\"contentUrl\":\"https:\\\/\\\/www.meydan.tv\\\/wp-content\\\/uploads\\\/shutterstock_761764177.jpg\",\"width\":1200,\"height\":800,\"caption\":\"Pamb\u0131q\u00e7\u0131, Ruad\\\/Shutterstock\"},{\"@type\":\"BreadcrumbList\",\"@id\":\"https:\\\/\\\/www.meydan.tv\\\/az\\\/article\\\/beyleqanda-pambiq-beceren-15-nefer-zeherlenib\\\/#breadcrumb\",\"itemListElement\":[{\"@type\":\"ListItem\",\"position\":1,\"name\":\"Ana s\u0259hif\u0259\",\"item\":\"https:\\\/\\\/www.meydan.tv\\\/az\\\/\"},{\"@type\":\"ListItem\",\"position\":2,\"name\":\"B\u00f6lg\u0259\",\"item\":\"https:\\\/\\\/www.meydan.tv\\\/az\\\/section\\\/bolge\\\/\"},{\"@type\":\"ListItem\",\"position\":3,\"name\":\"Beyl\u0259qanda pamb\u0131q bec\u0259r\u0259n 15 n\u0259f\u0259r z\u0259h\u0259rl\u0259nib\"}]},{\"@type\":\"WebSite\",\"@id\":\"https:\\\/\\\/www.meydan.tv\\\/az\\\/#website\",\"url\":\"https:\\\/\\\/www.meydan.tv\\\/az\\\/\",\"name\":\"MEYDAN.TV\",\"description\":\"Meydan TV Az\u0259rbaycan\u0131n media m\u0259kan\u0131ndak\u0131 alternativ s\u0259sidir\",\"publisher\":{\"@id\":\"https:\\\/\\\/www.meydan.tv\\\/az\\\/#organization\"},\"potentialAction\":[{\"@type\":\"SearchAction\",\"target\":{\"@type\":\"EntryPoint\",\"urlTemplate\":\"https:\\\/\\\/www.meydan.tv\\\/az\\\/?s={search_term_string}\"},\"query-input\":{\"@type\":\"PropertyValueSpecification\",\"valueRequired\":true,\"valueName\":\"search_term_string\"}}],\"inLanguage\":\"az\"},{\"@type\":\"Organization\",\"@id\":\"https:\\\/\\\/www.meydan.tv\\\/az\\\/#organization\",\"name\":\"Meydan TV\",\"url\":\"https:\\\/\\\/www.meydan.tv\\\/az\\\/\",\"logo\":{\"@type\":\"ImageObject\",\"inLanguage\":\"az\",\"@id\":\"https:\\\/\\\/www.meydan.tv\\\/az\\\/#\\\/schema\\\/logo\\\/image\\\/\",\"url\":\"https:\\\/\\\/www.meydan.tv\\\/wp-content\\\/uploads\\\/2021\\\/07\\\/meydan-logo.svg\",\"contentUrl\":\"https:\\\/\\\/www.meydan.tv\\\/wp-content\\\/uploads\\\/2021\\\/07\\\/meydan-logo.svg\",\"width\":195,\"height\":46,\"caption\":\"Meydan TV\"},\"image\":{\"@id\":\"https:\\\/\\\/www.meydan.tv\\\/az\\\/#\\\/schema\\\/logo\\\/image\\\/\"}},{\"@type\":\"Person\",\"@id\":\"https:\\\/\\\/www.meydan.tv\\\/az\\\/#\\\/schema\\\/person\\\/9cdbecf90d17180ce1dfbd95b08dcf47\",\"name\":\"elli\",\"sameAs\":[\"https:\\\/\\\/x.com\\\/elli\"]}]}<\/script>\n<!-- \/ Yoast SEO plugin. -->","yoast_head_json":{"title":"Beyl\u0259qanda pamb\u0131q bec\u0259r\u0259n 15 n\u0259f\u0259r z\u0259h\u0259rl\u0259nib - MEYDAN.TV","robots":{"index":"index","follow":"follow","max-snippet":"max-snippet:-1","max-image-preview":"max-image-preview:large","max-video-preview":"max-video-preview:-1"},"canonical":"https:\/\/www.meydan.tv\/az\/article\/beyleqanda-pambiq-beceren-15-nefer-zeherlenib\/","og_locale":"az_AZ","og_type":"article","og_title":"Beyl\u0259qanda pamb\u0131q bec\u0259r\u0259n 15 n\u0259f\u0259r z\u0259h\u0259rl\u0259nib - MEYDAN.TV","og_description":"Z\u0259h\u0259rl\u0259nm\u0259nin kimy\u0259vi d\u0259rmandan oldu\u011fu g\u00fcman edilir Beyl\u0259qanda pamb\u0131q tarlas\u0131nda \u00e7al\u0131\u015fanlar ... Davam\u0131","og_url":"https:\/\/www.meydan.tv\/az\/article\/beyleqanda-pambiq-beceren-15-nefer-zeherlenib\/","og_site_name":"MEYDAN.TV","article_published_time":"2022-06-23T08:57:56+00:00","article_modified_time":"2022-06-23T08:57:58+00:00","og_image":[{"width":1200,"height":800,"url":"https:\/\/www.meydan.tv\/wp-content\/uploads\/shutterstock_761764177.jpg","type":"image\/jpeg"}],"author":"elli","twitter_card":"summary_large_image","twitter_creator":"@elli","schema":{"@context":"https:\/\/schema.org","@graph":[{"@type":"Article","@id":"https:\/\/www.meydan.tv\/az\/article\/beyleqanda-pambiq-beceren-15-nefer-zeherlenib\/#article","isPartOf":{"@id":"https:\/\/www.meydan.tv\/az\/article\/beyleqanda-pambiq-beceren-15-nefer-zeherlenib\/"},"author":{"name":"elli","@id":"https:\/\/www.meydan.tv\/az\/#\/schema\/person\/9cdbecf90d17180ce1dfbd95b08dcf47"},"headline":"Beyl\u0259qanda pamb\u0131q bec\u0259r\u0259n 15 n\u0259f\u0259r z\u0259h\u0259rl\u0259nib","datePublished":"2022-06-23T08:57:56+00:00","dateModified":"2022-06-23T08:57:58+00:00","mainEntityOfPage":{"@id":"https:\/\/www.meydan.tv\/az\/article\/beyleqanda-pambiq-beceren-15-nefer-zeherlenib\/"},"wordCount":221,"publisher":{"@id":"https:\/\/www.meydan.tv\/az\/#organization"},"image":{"@id":"https:\/\/www.meydan.tv\/az\/article\/beyleqanda-pambiq-beceren-15-nefer-zeherlenib\/#primaryimage"},"thumbnailUrl":"https:\/\/www.meydan.tv\/wp-content\/uploads\/shutterstock_761764177.jpg","articleSection":["B\u00f6lg\u0259","T\u00f6vsiy\u0259","X\u0259b\u0259rl\u0259r"],"inLanguage":"az"},{"@type":"WebPage","@id":"https:\/\/www.meydan.tv\/az\/article\/beyleqanda-pambiq-beceren-15-nefer-zeherlenib\/","url":"https:\/\/www.meydan.tv\/az\/article\/beyleqanda-pambiq-beceren-15-nefer-zeherlenib\/","name":"Beyl\u0259qanda pamb\u0131q bec\u0259r\u0259n 15 n\u0259f\u0259r z\u0259h\u0259rl\u0259nib - MEYDAN.TV","isPartOf":{"@id":"https:\/\/www.meydan.tv\/az\/#website"},"primaryImageOfPage":{"@id":"https:\/\/www.meydan.tv\/az\/article\/beyleqanda-pambiq-beceren-15-nefer-zeherlenib\/#primaryimage"},"image":{"@id":"https:\/\/www.meydan.tv\/az\/article\/beyleqanda-pambiq-beceren-15-nefer-zeherlenib\/#primaryimage"},"thumbnailUrl":"https:\/\/www.meydan.tv\/wp-content\/uploads\/shutterstock_761764177.jpg","datePublished":"2022-06-23T08:57:56+00:00","dateModified":"2022-06-23T08:57:58+00:00","breadcrumb":{"@id":"https:\/\/www.meydan.tv\/az\/article\/beyleqanda-pambiq-beceren-15-nefer-zeherlenib\/#breadcrumb"},"inLanguage":"az","potentialAction":[{"@type":"ReadAction","target":["https:\/\/www.meydan.tv\/az\/article\/beyleqanda-pambiq-beceren-15-nefer-zeherlenib\/"]}]},{"@type":"ImageObject","inLanguage":"az","@id":"https:\/\/www.meydan.tv\/az\/article\/beyleqanda-pambiq-beceren-15-nefer-zeherlenib\/#primaryimage","url":"https:\/\/www.meydan.tv\/wp-content\/uploads\/shutterstock_761764177.jpg","contentUrl":"https:\/\/www.meydan.tv\/wp-content\/uploads\/shutterstock_761764177.jpg","width":1200,"height":800,"caption":"Pamb\u0131q\u00e7\u0131, Ruad\/Shutterstock"},{"@type":"BreadcrumbList","@id":"https:\/\/www.meydan.tv\/az\/article\/beyleqanda-pambiq-beceren-15-nefer-zeherlenib\/#breadcrumb","itemListElement":[{"@type":"ListItem","position":1,"name":"Ana s\u0259hif\u0259","item":"https:\/\/www.meydan.tv\/az\/"},{"@type":"ListItem","position":2,"name":"B\u00f6lg\u0259","item":"https:\/\/www.meydan.tv\/az\/section\/bolge\/"},{"@type":"ListItem","position":3,"name":"Beyl\u0259qanda pamb\u0131q bec\u0259r\u0259n 15 n\u0259f\u0259r z\u0259h\u0259rl\u0259nib"}]},{"@type":"WebSite","@id":"https:\/\/www.meydan.tv\/az\/#website","url":"https:\/\/www.meydan.tv\/az\/","name":"MEYDAN.TV","description":"Meydan TV Az\u0259rbaycan\u0131n media m\u0259kan\u0131ndak\u0131 alternativ s\u0259sidir","publisher":{"@id":"https:\/\/www.meydan.tv\/az\/#organization"},"potentialAction":[{"@type":"SearchAction","target":{"@type":"EntryPoint","urlTemplate":"https:\/\/www.meydan.tv\/az\/?s={search_term_string}"},"query-input":{"@type":"PropertyValueSpecification","valueRequired":true,"valueName":"search_term_string"}}],"inLanguage":"az"},{"@type":"Organization","@id":"https:\/\/www.meydan.tv\/az\/#organization","name":"Meydan TV","url":"https:\/\/www.meydan.tv\/az\/","logo":{"@type":"ImageObject","inLanguage":"az","@id":"https:\/\/www.meydan.tv\/az\/#\/schema\/logo\/image\/","url":"https:\/\/www.meydan.tv\/wp-content\/uploads\/2021\/07\/meydan-logo.svg","contentUrl":"https:\/\/www.meydan.tv\/wp-content\/uploads\/2021\/07\/meydan-logo.svg","width":195,"height":46,"caption":"Meydan TV"},"image":{"@id":"https:\/\/www.meydan.tv\/az\/#\/schema\/logo\/image\/"}},{"@type":"Person","@id":"https:\/\/www.meydan.tv\/az\/#\/schema\/person\/9cdbecf90d17180ce1dfbd95b08dcf47","name":"elli","sameAs":["https:\/\/x.com\/elli"]}]}},"_links":{"self":[{"href":"https:\/\/www.meydan.tv\/az\/wp-json\/wp\/v2\/posts\/249143","targetHints":{"allow":["GET"]}}],"collection":[{"href":"https:\/\/www.meydan.tv\/az\/wp-json\/wp\/v2\/posts"}],"about":[{"href":"https:\/\/www.meydan.tv\/az\/wp-json\/wp\/v2\/types\/post"}],"author":[{"embeddable":true,"href":"https:\/\/www.meydan.tv\/az\/wp-json\/wp\/v2\/users\/8"}],"replies":[{"embeddable":true,"href":"https:\/\/www.meydan.tv\/az\/wp-json\/wp\/v2\/comments?post=249143"}],"version-history":[{"count":1,"href":"https:\/\/www.meydan.tv\/az\/wp-json\/wp\/v2\/posts\/249143\/revisions"}],"predecessor-version":[{"id":249144,"href":"https:\/\/www.meydan.tv\/az\/wp-json\/wp\/v2\/posts\/249143\/revisions\/249144"}],"wp:featuredmedia":[{"embeddable":true,"href":"https:\/\/www.meydan.tv\/az\/wp-json\/wp\/v2\/media\/229853"}],"wp:attachment":[{"href":"https:\/\/www.meydan.tv\/az\/wp-json\/wp\/v2\/media?parent=249143"}],"wp:term":[{"taxonomy":"category","embeddable":true,"href":"https:\/\/www.meydan.tv\/az\/wp-json\/wp\/v2\/categories?post=249143"},{"taxonomy":"post_tag","embeddable":true,"href":"https:\/\/www.meydan.tv\/az\/wp-json\/wp\/v2\/tags?post=249143"}],"curies":[{"name":"wp","href":"https:\/\/api.w.org\/{rel}","templated":true}]}}