{"id":249135,"date":"2022-06-23T15:18:16","date_gmt":"2022-06-23T11:18:16","guid":{"rendered":"https:\/\/www.meydan.tv\/?p=249135"},"modified":"2022-06-23T15:18:18","modified_gmt":"2022-06-23T11:18:18","slug":"elcin-qasimov-acliq-aksiyasi-oz-hedefine-catib","status":"publish","type":"post","link":"https:\/\/www.meydan.tv\/az\/article\/elcin-qasimov-acliq-aksiyasi-oz-hedefine-catib\/","title":{"rendered":"El\u00e7in Qas\u0131mov: \u201cAcl\u0131q aksiyas\u0131 \u00f6z h\u0259d\u0259fin\u0259 \u00e7at\u0131b\u201d"},"content":{"rendered":"\n<figure class=\"wp-block-embed is-type-video is-provider-youtube wp-block-embed-youtube wp-embed-aspect-16-9 wp-has-aspect-ratio\"><div class=\"wp-block-embed__wrapper\">\n<iframe title=\"El\u00e7in Qas\u0131mov: \u201cAcl\u0131q aksiyas\u0131 \u00f6z h\u0259d\u0259fin\u0259 \u00e7at\u0131b\u201d\" width=\"1200\" height=\"675\" data-src=\"https:\/\/www.youtube.com\/embed\/sOq2Eh48gak?feature=oembed\" frameborder=\"0\" allow=\"accelerometer; autoplay; clipboard-write; encrypted-media; gyroscope; picture-in-picture\" allowfullscreen src=\"data:image\/svg+xml;base64,PHN2ZyB3aWR0aD0iMSIgaGVpZ2h0PSIxIiB4bWxucz0iaHR0cDovL3d3dy53My5vcmcvMjAwMC9zdmciPjwvc3ZnPg==\" class=\"lazyload\" data-load-mode=\"1\"><\/iframe>\n<\/div><\/figure>\n\n\n\n<!--more-->\n\n\n\n<p><strong><em>\u201c\u0130ctimai-siyasi xadiml\u0259r, ziyal\u0131lar, islam aliml\u0259ri Taleh Ba\u011f\u0131rzad\u0259y\u0259 t\u0259kidl\u0259 x\u0259b\u0259r g\u00f6nd\u0259rirl\u0259r ki, aksiyan\u0131 dayand\u0131rs\u0131n\u201d<\/em><\/strong><\/p>\n\n\n\n<p>M\u00fcs\u0259lman Birliyi H\u0259r\u0259kat\u0131n\u0131n s\u0259dri Taleh Ba\u011f\u0131rzad\u0259 20 g\u00fcnd\u00fcr acl\u0131q aksiyas\u0131 ke\u00e7irir. O, inancl\u0131 insanlar\u0131n polis idar\u0259l\u0259rind\u0259 i\u015fg\u0259nc\u0259y\u0259 m\u0259ruz qald\u0131qlar\u0131n\u0131 v\u0259 bu zaman Allah\u0131n t\u0259hqir edildiyini bildirir, buna etiraz edir. H\u0259r\u0259kat s\u0259drinin aksiyas\u0131na inancl\u0131 insanlardan da d\u0259st\u0259k ver\u0259nl\u0259r var.<\/p>\n\n\n\n<p>Meydan TV v\u0259ziyy\u0259tl\u0259 ba\u011fl\u0131 yaranm\u0131\u015f suallara M\u00fcs\u0259lman Birliyi H\u0259r\u0259kat\u0131n\u0131n s\u0259dr m\u00fcavini El\u00e7in Qas\u0131movdan cavab alma\u011fa \u00e7al\u0131\u015f\u0131b.<\/p>\n\n\n\n<p><strong>El\u00e7in b\u0259y, Taleh Ba\u011f\u0131rzad\u0259 20 g\u00fcnd\u00fcr acl\u0131q aksiyas\u0131 ke\u00e7irir, s\u0259b\u0259b kimi polisl\u0259rin Allah\u0131 t\u0259hqir etm\u0259sini g\u00f6st\u0259rir. Konkret hans\u0131 polis idar\u0259sind\u0259, yaxud b\u00f6lm\u0259sind\u0259 bel\u0259 bir hadis\u0259 olub v\u0259 kiml\u0259r t\u0259r\u0259find\u0259n edilib?<\/strong><\/p>\n\n\n\n<p>\u018fvv\u0259la, polisl\u0259rin adlar\u0131 bilinmir v\u0259 yaln\u0131z Daxili \u0130\u015fl\u0259r Nazirliyi o bar\u0259d\u0259 a\u00e7\u0131qlama ver\u0259 bil\u0259r. Amma H\u0259r\u0259kat \u00fczvl\u0259rini N\u0259simi Rayon M\u0259hk\u0259m\u0259sinin \u00f6n\u00fcnd\u0259 saxlay\u0131b 22-ci polis b\u00f6lm\u0259sin\u0259 aparm\u0131\u015fd\u0131lar. Maraql\u0131 n\u00fcans odur ki, saxlan\u0131lan 5 n\u0259f\u0259rd\u0259n \u00fc\u00e7\u00fc inzibati qaydada m\u0259hk\u0259m\u0259y\u0259 \u00e7\u0131xar\u0131l\u0131b, 2 n\u0259f\u0259r is\u0259 el\u0259 h\u0259min g\u00fcn s\u0259rb\u0259st burax\u0131l\u0131b. Onlardan S\u00fcleyman \u018fl\u0259kb\u0259rov i\u015fg\u0259nc\u0259 haqq\u0131nda dan\u0131\u015f\u0131b. \u0130\u015fg\u0259nc\u0259nin d\u0259 motivl\u0259ri eynidir, ba\u015fa torba ke\u00e7irilir, z\u0259nn edirl\u0259r ki, hans\u0131sa ma\u015f\u0131nda Daxili \u0130\u015fl\u0259r Nazirliyinin M\u00fct\u0259\u015f\u0259kkil Cinay\u0259tkarl\u0131qla M\u00fcbariz\u0259 Ba\u015f \u0130dar\u0259sin\u0259 apar\u0131l\u0131r. Ancaq sonradan Bak\u0131 \u015e\u0259h\u0259r Ba\u015f Polis \u0130dar\u0259si onlar\u0131n N\u0259simi Rayon Polis \u0130dar\u0259sin\u0259 apar\u0131ld\u0131qlar\u0131n\u0131 bildirir. H\u0259min idar\u0259nin d\u0259hlizind\u0259 d\u0259 onlara i\u015fg\u0259nc\u0259 verilib v\u0259 Allah da el\u0259 orada t\u0259hqir edilib. Bu bar\u0259d\u0259 i\u015fg\u0259nc\u0259y\u0259 m\u0259ruz olanlardan biri deyib.<\/p>\n\n\n\n<p><strong>Bu bar\u0259d\u0259 konkret kim dan\u0131\u015fd\u0131?<\/strong><\/p>\n\n\n\n<p>S\u00fcleyman \u018fl\u0259kb\u0259rov. H\u0259min vaxt bu m\u0259s\u0259l\u0259nin \u00fcz\u0259rind\u0259 \u00e7ox dayan\u0131lmad\u0131. Sonradan N\u0259simi Rayon M\u0259hk\u0259m\u0259sin\u0259 inzibati qaydada \u00e7\u0131xar\u0131lan 3 n\u0259f\u0259rl\u0259 ba\u011fl\u0131 bir s\u0131ra m\u0259qamlar ayd\u0131n oldu. Y\u0259ni onlar\u0131n h\u0259r birin\u0259 30 sutka c\u0259za verildi v\u0259 yenid\u0259n h\u0259min \u00fcslubda ba\u015flar\u0131na torba ke\u00e7iril\u0259r\u0259k i\u015fg\u0259nc\u0259y\u0259 m\u0259ruz qoyublar. Burada bir m\u0259qam var, polis N\u0259simi Rayon Polis B\u00f6lm\u0259sind\u0259 ba\u015f verdiyini s\u00f6yl\u0259yir, h\u0259bs olunanlar is\u0259 Daxili \u0130\u015fl\u0259r Nazirliyinin M\u00fct\u0259\u015f\u0259kkil Cinay\u0259tkarl\u0131qla M\u00fcbariz\u0259 Ba\u015f \u0130dar\u0259sini deyirl\u0259r. B\u00fct\u00fcn bu i\u015fg\u0259nc\u0259l\u0259r m\u0259hk\u0259m\u0259 q\u0259rar\u0131ndan sonra olub, y\u0259ni i\u015fg\u0259nc\u0259d\u0259n sonra Bin\u0259q\u0259did\u0259 inzibati c\u0259za alanlar\u0131n saxland\u0131\u011f\u0131 yer\u0259 apar\u0131rlar. S\u0259hv etmir\u0259ms\u0259, iyunun 2-d\u0259 A\u011fa\u0259li Y\u0259hyayevin Apelyasiya M\u0259hk\u0259m\u0259sind\u0259 ail\u0259 \u00fczvl\u0259ri d\u0259 i\u015ftirak ed\u0259n zaman i\u015fg\u0259nc\u0259l\u0259r bar\u0259sind\u0259 m\u0259s\u0259l\u0259 yenid\u0259n g\u00fcnd\u0259m\u0259 g\u0259lib. Onun ail\u0259 \u00fczvl\u0259ri d\u0259 i\u015fg\u0259nc\u0259 zaman\u0131 Allah\u0131n m\u00fcxt\u0259lif formalarda t\u0259kzib, yaxud t\u0259hqir olunmas\u0131 bar\u0259d\u0259 dan\u0131\u015f\u0131rlar. Hac\u0131 Taleh d\u0259 s\u0259h\u0259risi g\u00fcn telefon \u0259laq\u0259sin\u0259 \u00e7\u0131xanda bu haqda ona m\u0259lumat verilib.<\/p>\n\n\n\n<p><strong>Ancaq A\u011f\u0259li Y\u0259hyayev jurnalist \u018fv\u0259z Zeynall\u0131yla m\u00fcsahib\u0259sind\u0259 Allah\u0131n t\u0259hqir edilm\u0259diyini, m\u0259s\u0259l\u0259nin kontekstd\u0259n \u00e7\u0131xar\u0131ld\u0131\u011f\u0131n\u0131 bildirib. O zaman bu bar\u0259d\u0259 n\u0259 dey\u0259 bil\u0259rsiniz?<\/strong><\/p>\n\n\n\n<p>Biz A\u011f\u0259li Y\u0259hyayevin yalan dan\u0131\u015fmayaca\u011f\u0131na etibar edirik. T\u0259bii ki, bu m\u0259s\u0259l\u0259d\u0259 m\u0259hk\u0259m\u0259 ifad\u0259l\u0259ri, ail\u0259 \u00fczvl\u0259rinin h\u0259ssasl\u0131\u011f\u0131 ola bil\u0259r. \u00dcmumiyy\u0259tl\u0259, bu hadis\u0259l\u0259rd\u0259 a\u00e7\u0131lmayan suallar \u00e7oxdur. \u0130lk d\u0259f\u0259 ail\u0259 \u00fczvl\u0259rinin dediyi, sonra A\u011f\u0259li Y\u0259hyayevin 30 sutkal\u0131q inzibati c\u0259za m\u00fcdd\u0259ti bitm\u0259mi\u015f 1 g\u00fcn tez burax\u0131laraq birba\u015fa \u201cXural TV\u201dnin studiyas\u0131na apar\u0131lmas\u0131 v\u0259 orda bu bar\u0259d\u0259 dan\u0131\u015fmas\u0131\u2026 Biz ondan soru\u015fduq, cavab verdi ki, ona \u00f6lk\u0259d\u0259 durumun g\u0259rgin oldu\u011funu v\u0259 d\u00f6vl\u0259t \u00fc\u00e7\u00fcn polis-v\u0259t\u0259nda\u015f qar\u015f\u0131durmas\u0131n\u0131n yax\u015f\u0131 hal olmad\u0131\u011f\u0131n\u0131 deyibl\u0259r. V\u0259 b\u00fct\u00fcn bunlar da ona g\u00f6r\u0259 olub. A\u011f\u0259li Y\u0259hyayev d\u0259 sakitlik \u00fc\u00e7\u00fcn bel\u0259 dan\u0131\u015f\u0131b, bir ne\u00e7\u0259 saat sonra sosial \u015f\u0259b\u0259k\u0259d\u0259 onun yeni a\u00e7\u0131qlamas\u0131 yay\u0131ld\u0131. \u00d6z\u00fc deyir ki, polis onu \u201cXural TV\u201dy\u0259 apar\u0131b v\u0259 m\u00fcsahib\u0259 verib.<\/p>\n\n\n\n<p><strong>Y\u0259ni m\u00fcsahib\u0259y\u0259 polisl\u0259r \u00f6zl\u0259ri apar\u0131b?<\/strong><\/p>\n\n\n\n<p>Onun dediyin\u0259 g\u00f6r\u0259 kims\u0259 apar\u0131b. H\u0259r halda \u00f6z\u00fc bel\u0259 deyib. N\u0259hay\u0259t, B\u0259xtiyar Hac\u0131yevin d\u0259 s\u0259hv etmir\u0259ms\u0259, mart ay\u0131nda ba\u015f\u0131na g\u0259l\u0259n m\u0259lum hadis\u0259d\u0259n sonra yaz\u0131s\u0131 \u00e7\u0131xd\u0131. B\u0259xtiyar b\u0259y d\u0259 deyir ki, ona i\u015fg\u0259nc\u0259 ver\u0259n zaman \u201cAllah\u0131n\u0131z olsun\u201d s\u00f6yl\u0259y\u0259rk\u0259n, Allah\u0131 t\u0259hqir edirmi\u015fl\u0259r. Sonradan mediada \u201cT\u0259rt\u0259r i\u015fi\u201dnd\u0259 analoji ifad\u0259l\u0259rin s\u0259sl\u0259ndiyi bar\u0259d\u0259 qeydl\u0259r oldu. Bel\u0259likl\u0259, n\u0259 q\u0259d\u0259r bu ifad\u0259nin deyildiyini t\u0259kzib ets\u0259l\u0259r d\u0259, birm\u0259nal\u0131 deyil. \u018fn az\u0131ndan i\u015fg\u0259nc\u0259 faktlar\u0131 var, i\u015fg\u0259nc\u0259nin d\u0259 insanl\u0131\u011fa s\u0131\u011fmayan n\u00f6vl\u0259ri olub. M\u0259n bu haqda \u0259hat\u0259li dan\u0131\u015fmaq ist\u0259mir\u0259m. Y\u0259ni o i\u015fg\u0259nc\u0259ni ver\u0259n insanlar\u0131n Allah\u0131 t\u0259hqir etm\u0259si g\u00f6zl\u0259nil\u0259ndir.<\/p>\n\n\n\n<p><strong>B\u0259s i\u015fg\u0259nc\u0259l\u0259rl\u0259 ba\u011fl\u0131 m\u0259hk\u0259m\u0259 iddias\u0131 qald\u0131racaqs\u0131n\u0131zm\u0131?<\/strong><\/p>\n\n\n\n<p>Biz 2015-ci ild\u0259 K\u00fcrd\u0259xan\u0131 h\u0259bsxanas\u0131nda olanda i\u015fg\u0259nc\u0259l\u0259rl\u0259 ba\u011fl\u0131 kifay\u0259t q\u0259d\u0259r \u0259riz\u0259l\u0259r yazm\u0131\u015fd\u0131q, o c\u00fcml\u0259d\u0259n, v\u0259kill\u0259rimiz d\u0259. Sonradan Ba\u015f Prokurorluqdan g\u0259lib 15 d\u0259qiq\u0259lik ifad\u0259 al\u0131b getdil\u0259r, davam\u0131 olmad\u0131, y\u0259ni reaksiya verilm\u0259di. \u00dcmumiyy\u0259tl\u0259, polisin insanlara i\u015fg\u0259nc\u0259 verm\u0259si il\u0259 ba\u011fl\u0131 indiy\u0259 q\u0259d\u0259r olan \u015fikay\u0259tl\u0259r\u0259 cavab verilibmi? M\u0259nim yad\u0131ma g\u0259lmir. S\u00f6hb\u0259timizin \u0259vv\u0259lind\u0259 dedim, m\u0259hk\u0259m\u0259nin \u00f6n\u00fcnd\u0259 saxlan\u0131lan 2 n\u0259f\u0259r \u0259riz\u0259 il\u0259 m\u00fcraci\u0259t edibl\u0259r, b\u0259li, \u0259riz\u0259l\u0259r\u0259 bax\u0131l\u0131b, amma cavab verilm\u0259yib. \u0130yunun 22-d\u0259 inzibati c\u0259zas\u0131 bit\u0259n Elgiz M\u0259mm\u0259dov Bak\u0131 \u015e\u0259h\u0259r Ba\u015f Polis \u0130dar\u0259sind\u0259 \u0259riz\u0259sinin al\u0131nd\u0131\u011f\u0131n\u0131 v\u0259 ara\u015fd\u0131r\u0131laca\u011f\u0131n\u0131 s\u00f6yl\u0259di. M\u0259s\u0259l\u0259 ondad\u0131r ki, i\u015fg\u0259nc\u0259 verilir, ard\u0131nca da \u0259riz\u0259 yazd\u0131rmaq \u0259n\u0259n\u0259 hal\u0131n\u0131 al\u0131b, y\u0259ni n\u0259tic\u0259 yoxdur. Yaxud Tofiq Yaqublu, B\u0259xtiyar Hac\u0131yev v\u0259 \u00f6z\u00fcm\u00fczl\u0259 ba\u011fl\u0131 i\u015fg\u0259nc\u0259l\u0259rd\u0259 g\u00f6rd\u00fck ki, dedikl\u0259rimiz t\u0259kzib olunur. Sanki polis he\u00e7 vaxt i\u015fg\u0259nc\u0259 vermir, h\u0259tta Daxili \u0130\u015fl\u0259r Nazirliyi a\u00e7\u0131qlama yayd\u0131 ki, polisd\u0259 h\u0259r k\u0259s Allaha inand\u0131\u011f\u0131ndan t\u0259hqir etm\u0259zl\u0259r. Ancaq ortada \u0259n az\u0131ndan insanlar\u0131n iddias\u0131 var. Ola bil\u0259r, hans\u0131sa bir \u015f\u0259xs\u0259 m\u0259n\u0259vi-psixoloji t\u0259zyiq etsinl\u0259r ki, t\u0259hqiri t\u0259kzib etsin, yaxud \u00f6lk\u0259d\u0259 v\u0259ziyy\u0259tin qar\u0131\u015fmamas\u0131 \u00fc\u00e7\u00fcn bel\u0259 dan\u0131\u015fs\u0131n.<\/p>\n\n\n\n<p><strong>Y\u0259ni Y\u0259hyayevin a\u00e7\u0131qlamas\u0131n\u0131 n\u0259z\u0259rd\u0259 tutursunuz?<\/strong><\/p>\n\n\n\n<p>Bilmir\u0259m, ola bil\u0259r. Bu m\u0259s\u0259l\u0259ni insanlar\u0131n \u00f6z ixtiyar\u0131na burax\u0131r\u0131q. A\u011f\u0259li Y\u0259hyayev dedi ki, Allah\u0131n t\u0259hqir olunmas\u0131n\u0131 bils\u0259ydi, \u00f6z etiraz\u0131n\u0131 ba\u015fqa formada bildir\u0259rdi. Orda insanlar\u0131n \u0259ll\u0259ri arxadan ba\u011flan\u0131r, ba\u015flar\u0131na torba ke\u00e7irilir, ard\u0131nca 5-6 n\u0259f\u0259r t\u0259r\u0259find\u0259n d\u00f6y\u00fcl\u00fcrl\u0259r. Bu v\u0259ziyy\u0259td\u0259 insan\u0131n n\u0259yis\u0259 xat\u0131rlamamas\u0131, yaxud unutmas\u0131 t\u0259bii hald\u0131r.<\/p>\n\n\n\n<p><strong>Az\u0259rbaycan\u0131n Konstitusiyas\u0131nda vicdan azadl\u0131\u011f\u0131 bar\u0259d\u0259 madd\u0259 var v\u0259 dig\u0259r qanunvericilik aktlar\u0131 da o c\u00fcml\u0259d\u0259n. Bu m\u0259nada Allah\u0131n t\u0259hqir olunmas\u0131n\u0131 nec\u0259 m\u0259hk\u0259m\u0259 predmetin\u0259 \u00e7evir\u0259c\u0259ksiniz?<\/strong><\/p>\n\n\n\n<p>Qanun insanlara qar\u015f\u0131 fiziki v\u0259 m\u0259n\u0259vi i\u015fg\u0259nc\u0259ni yolverilm\u0259z say\u0131r. El\u0259 bununla \u0259sasland\u0131rmaq olar ki, m\u0259lum t\u0259hqir insanlar\u0131n m\u0259n\u0259vi inanc\u0131na qar\u015f\u0131 t\u0259cav\u00fczd\u00fcr. Eyni zamanda, fiziki v\u0259 psixoloji i\u015fg\u0259nc\u0259l\u0259rl\u0259 ba\u011fl\u0131 madd\u0259l\u0259r var. Adamlar i\u015fg\u0259nc\u0259 zaman\u0131 yax\u0131nlar\u0131n\u0131n s\u00f6y\u00fcld\u00fcy\u00fcn\u00fc bildirirl\u0259r, y\u0259ni insan\u0131n \u015f\u0259xsiyy\u0259tin\u0259 y\u00f6n\u0259l\u0259n kifay\u0259t q\u0259d\u0259r faktlar var. Qanunvericilik d\u0259 bu \u0259saslarla h\u0259min \u015f\u0259xsl\u0259r bar\u0259sind\u0259 \u00f6l\u00e7\u00fc g\u00f6t\u00fcrm\u0259sini t\u0259l\u0259b edir. Problem ondad\u0131r ki, \u0259riz\u0259 il\u0259 m\u00fcraci\u0259t edirs\u0259n, D\u0130N ara\u015fd\u0131rm\u0131r, el\u0259 h\u0259min \u0259riz\u0259yl\u0259 m\u0259hk\u0259m\u0259y\u0259 m\u00fcraci\u0259t edirs\u0259n, ancaq normal m\u0259hk\u0259m\u0259 sistemi olmad\u0131\u011f\u0131ndan bax\u0131lm\u0131r. Bel\u0259 olanda insanlar d\u0259rdl\u0259rini kim\u0259 dey\u0259c\u0259yini bilmirl\u0259r.<\/p>\n\n\n\n<p><strong>Aksiyan\u0131n m\u0259qs\u0259di b\u0259llidir. B\u0259s hans\u0131 halda dayand\u0131r\u0131lacaq?<\/strong><\/p>\n\n\n\n<p>Acl\u0131q aksiyas\u0131n\u0131n \u0259sas t\u0259l\u0259bi ondan ibar\u0259tdir ki, i\u015fg\u0259nc\u0259 ver\u0259nl\u0259rin, Allah\u0131 t\u0259hqir ed\u0259nl\u0259rin kimliyi ictimaiyy\u0259t\u0259 a\u00e7\u0131qlans\u0131n v\u0259 c\u0259zaland\u0131r\u0131ls\u0131n. T\u0259bii ki, acl\u0131q aksiyas\u0131 \u00f6z h\u0259d\u0259fin\u0259 \u00e7at\u0131b, m\u0259s\u0259l\u0259 kifay\u0259t q\u0259d\u0259r ictimail\u0259\u015fib. X\u00fcsusi d\u0259 Taleh Ba\u011f\u0131rzad\u0259nin t\u0259kidi budur ki, Allah\u0131 t\u0259hqir ed\u0259n v\u0259 insanlar\u0131 i\u015fg\u0259nc\u0259y\u0259 m\u0259ruz qoyan polisl\u0259r c\u0259zaland\u0131r\u0131ls\u0131n. \u018fks t\u0259qdird\u0259, acl\u0131q aksiyas\u0131n\u0131 saxlamaq niyy\u0259tind\u0259 olmad\u0131\u011f\u0131n\u0131 bildirir. B\u0259li, biz narahat\u0131q, ictimai-siyasi xadiml\u0259r, ziyal\u0131lar, islam aliml\u0259ri Taleh Ba\u011f\u0131rzad\u0259y\u0259 t\u0259kidl\u0259 x\u0259b\u0259r g\u00f6nd\u0259rirl\u0259r ki, aksiyan\u0131 dayand\u0131rs\u0131n. \u00c7\u00fcnki onlar d\u0259y\u0259rli \u015f\u0259xsiyy\u0259tl\u0259r oldu\u011fundan canlar\u0131n\u0131 qorumal\u0131d\u0131rlar. T\u0259bii ki, bu da m\u0259s\u0259l\u0259ni h\u0259ll olunmam\u0131\u015f m\u0259rh\u0259l\u0259sin\u0259 g\u0259tirib \u00e7\u0131xar\u0131r. Taleh b\u0259y d\u0259 alternativ kimi hans\u0131sa bir forma t\u0259klif edir, y\u0259ni v\u0259t\u0259nda\u015f i\u015fg\u0259nc\u0259y\u0259 v\u0259 t\u0259hqir\u0259 m\u0259ruz qalmas\u0131n.<\/p>\n\n\n\n<p><strong>Alternativ forma dey\u0259nd\u0259, n\u0259yi g\u00f6r\u00fcrs\u00fcn\u00fcz?<\/strong><\/p>\n\n\n\n<p>Bununla ba\u011fl\u0131 m\u00fc\u0259yy\u0259n d\u0259yirmi masalar ke\u00e7irilib, insanlar yen\u0259 d\u0259 h\u00fcquqi yollar\u0131n t\u0259r\u0259fdar\u0131d\u0131rlar. X\u00fcsus\u0259n ziyal\u0131lar, t\u0259\u0259ss\u00fcf ki, Az\u0259rbaycanda h\u00fcquq sistemi i\u015fl\u0259k durumda deyil.<\/p>\n\n\n\n<p><strong>Siz Allah\u0131 t\u0259hqir ed\u0259n polisl\u0259rin b\u0259lli olmas\u0131n\u0131 v\u0259 c\u0259zaland\u0131r\u0131lmas\u0131n\u0131 ist\u0259yirsiniz?<\/strong><\/p>\n\n\n\n<p>B\u0259lli olmas\u0131na g\u0259linc\u0259, polis d\u00f6vl\u0259t qulluq\u00e7usudur, onun h\u0259yat\u0131n\u0131 qorumaq da \u015f\u0259rt olmal\u0131d\u0131r. M\u0259s\u0259l\u0259 ondad\u0131r ki, bunu ed\u0259nl\u0259r \u00fcmumi polisin ad\u0131na l\u0259k\u0259 g\u0259tirirl\u0259r. Ona g\u00f6r\u0259 h\u0259min polisl\u0259rin ad\u0131 hans\u0131sa formada deyilm\u0259y\u0259, yaxud \u00fczl\u0259ri g\u00f6st\u0259rilm\u0259y\u0259 bil\u0259r. Amma \u0259n az\u0131ndan daxili prosedur qaydalar\u0131na uy\u011fun olaraq qanunvercilikd\u0259 d\u00f6vl\u0259t i\u015f\u00e7isinin v\u0259t\u0259nda\u015fa i\u015fg\u0259nc\u0259 verilm\u0259si haqda madd\u0259 var. Y\u0259ni m\u00fcvafiq madd\u0259yl\u0259 m\u0259suliyy\u0259t\u0259 c\u0259lb oluna bil\u0259r. \u018fn az\u0131ndan bunlardan biri icra olunsa, kifay\u0259t ed\u0259r, g\u0259l\u0259c\u0259kd\u0259 d\u0259 bel\u0259 hallar\u0131n t\u0259krarlanmamas\u0131 z\u0259ruriliyi yaranar.<\/p>\n\n\n\n<p><strong>B\u00fct\u00fcn dan\u0131\u015fd\u0131qlar\u0131n\u0131za r\u0259\u011fm\u0259n Az\u0259rbaycanda d\u00f6vl\u0259t-din m\u00fcnasib\u0259tl\u0259rinin unikal oldu\u011funu dey\u0259nl\u0259r var, bu bar\u0259d\u0259 fikrinizi bilm\u0259k ist\u0259rdik?<\/strong><\/p>\n\n\n\n<p>D\u00f6vl\u0259t-din m\u00fcnasib\u0259tl\u0259rinin unikal oldu\u011funu vur\u011fulamaq \u00fc\u00e7\u00fcn 1997-ci ild\u0259n \u00fcmumv\u0259t\u0259nda\u015f \u015f\u0259xsiyy\u0259t v\u0259siql\u0259rind\u0259 dini inancl\u0131 insanlar\u0131n hicabla \u015f\u0259kil \u00e7\u0259kdirm\u0259sinin qada\u011fan olundu\u011funu yada salmaq laz\u0131md\u0131r. T\u0259kc\u0259, bu \u0259sas kifay\u0259t edir ki, d\u00f6vl\u0259t-din m\u00fcnasib\u0259tl\u0259rinin n\u0259 v\u0259ziyy\u0259td\u0259 oldu\u011fu m\u0259lum olsun.<\/p>\n\n\n\n<p><strong>Amma Az\u0259rbaycan d\u00fcny\u0259vi d\u00f6vl\u0259tdir\u2026<\/strong><\/p>\n\n\n\n<p>D\u00fcny\u0259vi d\u00f6vl\u0259t olsa da, he\u00e7 bir qanunla qada\u011fas\u0131 olmayan bu m\u0259s\u0259l\u0259 s\u00fcni \u015f\u0259kild\u0259 \u0259ng\u0259ll\u0259nir. H\u0259tta \u201cBeyn\u0259lxalq Aviasiya haqq\u0131nda\u201d konvensiyada deyilir ki, insan\u0131n g\u00f6r\u00fcnt\u00fcs\u00fc n\u0259dirs\u0259, o formada \u015f\u0259kil \u00e7\u0259kdir\u0259 bil\u0259r. Bir daha deyir\u0259m, bizd\u0259 bununla ba\u011fl\u0131 qada\u011fa yoxdur, sad\u0259c\u0259, s\u00fcni \u015f\u0259kild\u0259 \u0259ng\u0259l var. Eyni zamanda, bunun fonunda dig\u0259r m\u0259s\u0259l\u0259l\u0259r var ki, din-d\u00f6vl\u0259t m\u00fcnasib\u0259tl\u0259rinin n\u0259 d\u0259r\u0259c\u0259d\u0259 g\u0259rgin v\u0259 t\u0259nziml\u0259nm\u0259mi\u015f oldu\u011fu g\u00f6r\u00fcns\u00fcn. T\u0259nziml\u0259nm\u0259 d\u0259 olsa, s\u00fcnidir. Az\u0259rbaycan\u0131n m\u00fcst\u0259qilliyind\u0259 inancl\u0131 insanlar\u0131n misilsiz xidm\u0259tl\u0259ri var, d\u00f6vl\u0259tin d\u0259 qanun v\u0259 h\u00fcquqi bax\u0131mdan inanca normal yana\u015fmas\u0131 bir v\u0259zif\u0259dir. Y\u0259qin ki, Az\u0259rbaycan Xarici \u0130\u015fl\u0259r Nazirliyinin Hindistan\u0131n s\u0259firini \u00e7a\u011f\u0131r\u0131b nota t\u0259qdim etm\u0259sini bilirsiniz. Bunlar ham\u0131s\u0131 s\u00fcni g\u00f6r\u00fcnt\u00fc xarakter da\u015f\u0131y\u0131r, h\u0259qiq\u0259td\u0259 is\u0259 inancl\u0131 insanlar\u0131n t\u0259dbirl\u0259rini normal ke\u00e7irm\u0259sin\u0259 ciddi probleml\u0259r var.<\/p>\n","protected":false},"excerpt":{"rendered":"","protected":false},"author":14,"featured_media":249170,"comment_status":"closed","ping_status":"closed","sticky":false,"template":"","format":"standard","meta":{"_acf_changed":false,"_sitemap_exclude":false,"_sitemap_priority":"","_sitemap_frequency":"","footnotes":""},"categories":[63],"tags":[],"class_list":["post-249135","post","type-post","status-publish","format-standard","has-post-thumbnail","hentry","category-video-2","infinite-scroll-item","generate-columns","tablet-grid-50","mobile-grid-100","grid-parent","grid-33","no-featured-image-padding"],"acf":[],"yoast_head":"<!-- This site is optimized with the Yoast SEO plugin v27.5 - https:\/\/yoast.com\/product\/yoast-seo-wordpress\/ -->\n<title>El\u00e7in Qas\u0131mov: \u201cAcl\u0131q aksiyas\u0131 \u00f6z h\u0259d\u0259fin\u0259 \u00e7at\u0131b\u201d - MEYDAN.TV<\/title>\n<meta name=\"robots\" content=\"index, follow, max-snippet:-1, max-image-preview:large, max-video-preview:-1\" \/>\n<link rel=\"canonical\" href=\"https:\/\/www.meydan.tv\/az\/article\/elcin-qasimov-acliq-aksiyasi-oz-hedefine-catib\/\" \/>\n<meta property=\"og:locale\" content=\"az_AZ\" \/>\n<meta property=\"og:type\" content=\"article\" \/>\n<meta property=\"og:title\" content=\"El\u00e7in Qas\u0131mov: \u201cAcl\u0131q aksiyas\u0131 \u00f6z h\u0259d\u0259fin\u0259 \u00e7at\u0131b\u201d - MEYDAN.TV\" \/>\n<meta property=\"og:url\" content=\"https:\/\/www.meydan.tv\/az\/article\/elcin-qasimov-acliq-aksiyasi-oz-hedefine-catib\/\" \/>\n<meta property=\"og:site_name\" content=\"MEYDAN.TV\" \/>\n<meta property=\"article:published_time\" content=\"2022-06-23T11:18:16+00:00\" \/>\n<meta property=\"article:modified_time\" content=\"2022-06-23T11:18:18+00:00\" \/>\n<meta property=\"og:image\" content=\"https:\/\/www.meydan.tv\/wp-content\/uploads\/screenshot-2022-06-23-at-12.57.47.png\" \/>\n\t<meta property=\"og:image:width\" content=\"1530\" \/>\n\t<meta property=\"og:image:height\" content=\"852\" \/>\n\t<meta property=\"og:image:type\" content=\"image\/png\" \/>\n<meta name=\"author\" content=\"roma\" \/>\n<meta name=\"twitter:card\" content=\"summary_large_image\" \/>\n<script type=\"application\/ld+json\" class=\"yoast-schema-graph\">{\"@context\":\"https:\\\/\\\/schema.org\",\"@graph\":[{\"@type\":\"Article\",\"@id\":\"https:\\\/\\\/www.meydan.tv\\\/az\\\/article\\\/elcin-qasimov-acliq-aksiyasi-oz-hedefine-catib\\\/#article\",\"isPartOf\":{\"@id\":\"https:\\\/\\\/www.meydan.tv\\\/az\\\/article\\\/elcin-qasimov-acliq-aksiyasi-oz-hedefine-catib\\\/\"},\"author\":{\"name\":\"roma\",\"@id\":\"https:\\\/\\\/www.meydan.tv\\\/az\\\/#\\\/schema\\\/person\\\/8f23e01c4de63326c13c319fb65ee65d\"},\"headline\":\"El\u00e7in Qas\u0131mov: \u201cAcl\u0131q aksiyas\u0131 \u00f6z h\u0259d\u0259fin\u0259 \u00e7at\u0131b\u201d\",\"datePublished\":\"2022-06-23T11:18:16+00:00\",\"dateModified\":\"2022-06-23T11:18:18+00:00\",\"mainEntityOfPage\":{\"@id\":\"https:\\\/\\\/www.meydan.tv\\\/az\\\/article\\\/elcin-qasimov-acliq-aksiyasi-oz-hedefine-catib\\\/\"},\"wordCount\":2316,\"publisher\":{\"@id\":\"https:\\\/\\\/www.meydan.tv\\\/az\\\/#organization\"},\"image\":{\"@id\":\"https:\\\/\\\/www.meydan.tv\\\/az\\\/article\\\/elcin-qasimov-acliq-aksiyasi-oz-hedefine-catib\\\/#primaryimage\"},\"thumbnailUrl\":\"https:\\\/\\\/www.meydan.tv\\\/wp-content\\\/uploads\\\/screenshot-2022-06-23-at-12.57.47.png\",\"articleSection\":[\"Video\"],\"inLanguage\":\"az\"},{\"@type\":\"WebPage\",\"@id\":\"https:\\\/\\\/www.meydan.tv\\\/az\\\/article\\\/elcin-qasimov-acliq-aksiyasi-oz-hedefine-catib\\\/\",\"url\":\"https:\\\/\\\/www.meydan.tv\\\/az\\\/article\\\/elcin-qasimov-acliq-aksiyasi-oz-hedefine-catib\\\/\",\"name\":\"El\u00e7in Qas\u0131mov: \u201cAcl\u0131q aksiyas\u0131 \u00f6z h\u0259d\u0259fin\u0259 \u00e7at\u0131b\u201d - MEYDAN.TV\",\"isPartOf\":{\"@id\":\"https:\\\/\\\/www.meydan.tv\\\/az\\\/#website\"},\"primaryImageOfPage\":{\"@id\":\"https:\\\/\\\/www.meydan.tv\\\/az\\\/article\\\/elcin-qasimov-acliq-aksiyasi-oz-hedefine-catib\\\/#primaryimage\"},\"image\":{\"@id\":\"https:\\\/\\\/www.meydan.tv\\\/az\\\/article\\\/elcin-qasimov-acliq-aksiyasi-oz-hedefine-catib\\\/#primaryimage\"},\"thumbnailUrl\":\"https:\\\/\\\/www.meydan.tv\\\/wp-content\\\/uploads\\\/screenshot-2022-06-23-at-12.57.47.png\",\"datePublished\":\"2022-06-23T11:18:16+00:00\",\"dateModified\":\"2022-06-23T11:18:18+00:00\",\"breadcrumb\":{\"@id\":\"https:\\\/\\\/www.meydan.tv\\\/az\\\/article\\\/elcin-qasimov-acliq-aksiyasi-oz-hedefine-catib\\\/#breadcrumb\"},\"inLanguage\":\"az\",\"potentialAction\":[{\"@type\":\"ReadAction\",\"target\":[\"https:\\\/\\\/www.meydan.tv\\\/az\\\/article\\\/elcin-qasimov-acliq-aksiyasi-oz-hedefine-catib\\\/\"]}]},{\"@type\":\"ImageObject\",\"inLanguage\":\"az\",\"@id\":\"https:\\\/\\\/www.meydan.tv\\\/az\\\/article\\\/elcin-qasimov-acliq-aksiyasi-oz-hedefine-catib\\\/#primaryimage\",\"url\":\"https:\\\/\\\/www.meydan.tv\\\/wp-content\\\/uploads\\\/screenshot-2022-06-23-at-12.57.47.png\",\"contentUrl\":\"https:\\\/\\\/www.meydan.tv\\\/wp-content\\\/uploads\\\/screenshot-2022-06-23-at-12.57.47.png\",\"width\":1530,\"height\":852},{\"@type\":\"BreadcrumbList\",\"@id\":\"https:\\\/\\\/www.meydan.tv\\\/az\\\/article\\\/elcin-qasimov-acliq-aksiyasi-oz-hedefine-catib\\\/#breadcrumb\",\"itemListElement\":[{\"@type\":\"ListItem\",\"position\":1,\"name\":\"Ana s\u0259hif\u0259\",\"item\":\"https:\\\/\\\/www.meydan.tv\\\/az\\\/\"},{\"@type\":\"ListItem\",\"position\":2,\"name\":\"Video\",\"item\":\"https:\\\/\\\/www.meydan.tv\\\/az\\\/section\\\/video-2\\\/\"},{\"@type\":\"ListItem\",\"position\":3,\"name\":\"El\u00e7in Qas\u0131mov: \u201cAcl\u0131q aksiyas\u0131 \u00f6z h\u0259d\u0259fin\u0259 \u00e7at\u0131b\u201d\"}]},{\"@type\":\"WebSite\",\"@id\":\"https:\\\/\\\/www.meydan.tv\\\/az\\\/#website\",\"url\":\"https:\\\/\\\/www.meydan.tv\\\/az\\\/\",\"name\":\"MEYDAN.TV\",\"description\":\"Meydan TV Az\u0259rbaycan\u0131n media m\u0259kan\u0131ndak\u0131 alternativ s\u0259sidir\",\"publisher\":{\"@id\":\"https:\\\/\\\/www.meydan.tv\\\/az\\\/#organization\"},\"potentialAction\":[{\"@type\":\"SearchAction\",\"target\":{\"@type\":\"EntryPoint\",\"urlTemplate\":\"https:\\\/\\\/www.meydan.tv\\\/az\\\/?s={search_term_string}\"},\"query-input\":{\"@type\":\"PropertyValueSpecification\",\"valueRequired\":true,\"valueName\":\"search_term_string\"}}],\"inLanguage\":\"az\"},{\"@type\":\"Organization\",\"@id\":\"https:\\\/\\\/www.meydan.tv\\\/az\\\/#organization\",\"name\":\"Meydan TV\",\"url\":\"https:\\\/\\\/www.meydan.tv\\\/az\\\/\",\"logo\":{\"@type\":\"ImageObject\",\"inLanguage\":\"az\",\"@id\":\"https:\\\/\\\/www.meydan.tv\\\/az\\\/#\\\/schema\\\/logo\\\/image\\\/\",\"url\":\"https:\\\/\\\/www.meydan.tv\\\/wp-content\\\/uploads\\\/2021\\\/07\\\/meydan-logo.svg\",\"contentUrl\":\"https:\\\/\\\/www.meydan.tv\\\/wp-content\\\/uploads\\\/2021\\\/07\\\/meydan-logo.svg\",\"width\":195,\"height\":46,\"caption\":\"Meydan TV\"},\"image\":{\"@id\":\"https:\\\/\\\/www.meydan.tv\\\/az\\\/#\\\/schema\\\/logo\\\/image\\\/\"}},{\"@type\":\"Person\",\"@id\":\"https:\\\/\\\/www.meydan.tv\\\/az\\\/#\\\/schema\\\/person\\\/8f23e01c4de63326c13c319fb65ee65d\",\"name\":\"roma\"}]}<\/script>\n<!-- \/ Yoast SEO plugin. -->","yoast_head_json":{"title":"El\u00e7in Qas\u0131mov: \u201cAcl\u0131q aksiyas\u0131 \u00f6z h\u0259d\u0259fin\u0259 \u00e7at\u0131b\u201d - MEYDAN.TV","robots":{"index":"index","follow":"follow","max-snippet":"max-snippet:-1","max-image-preview":"max-image-preview:large","max-video-preview":"max-video-preview:-1"},"canonical":"https:\/\/www.meydan.tv\/az\/article\/elcin-qasimov-acliq-aksiyasi-oz-hedefine-catib\/","og_locale":"az_AZ","og_type":"article","og_title":"El\u00e7in Qas\u0131mov: \u201cAcl\u0131q aksiyas\u0131 \u00f6z h\u0259d\u0259fin\u0259 \u00e7at\u0131b\u201d - MEYDAN.TV","og_url":"https:\/\/www.meydan.tv\/az\/article\/elcin-qasimov-acliq-aksiyasi-oz-hedefine-catib\/","og_site_name":"MEYDAN.TV","article_published_time":"2022-06-23T11:18:16+00:00","article_modified_time":"2022-06-23T11:18:18+00:00","og_image":[{"width":1530,"height":852,"url":"https:\/\/www.meydan.tv\/wp-content\/uploads\/screenshot-2022-06-23-at-12.57.47.png","type":"image\/png"}],"author":"roma","twitter_card":"summary_large_image","schema":{"@context":"https:\/\/schema.org","@graph":[{"@type":"Article","@id":"https:\/\/www.meydan.tv\/az\/article\/elcin-qasimov-acliq-aksiyasi-oz-hedefine-catib\/#article","isPartOf":{"@id":"https:\/\/www.meydan.tv\/az\/article\/elcin-qasimov-acliq-aksiyasi-oz-hedefine-catib\/"},"author":{"name":"roma","@id":"https:\/\/www.meydan.tv\/az\/#\/schema\/person\/8f23e01c4de63326c13c319fb65ee65d"},"headline":"El\u00e7in Qas\u0131mov: \u201cAcl\u0131q aksiyas\u0131 \u00f6z h\u0259d\u0259fin\u0259 \u00e7at\u0131b\u201d","datePublished":"2022-06-23T11:18:16+00:00","dateModified":"2022-06-23T11:18:18+00:00","mainEntityOfPage":{"@id":"https:\/\/www.meydan.tv\/az\/article\/elcin-qasimov-acliq-aksiyasi-oz-hedefine-catib\/"},"wordCount":2316,"publisher":{"@id":"https:\/\/www.meydan.tv\/az\/#organization"},"image":{"@id":"https:\/\/www.meydan.tv\/az\/article\/elcin-qasimov-acliq-aksiyasi-oz-hedefine-catib\/#primaryimage"},"thumbnailUrl":"https:\/\/www.meydan.tv\/wp-content\/uploads\/screenshot-2022-06-23-at-12.57.47.png","articleSection":["Video"],"inLanguage":"az"},{"@type":"WebPage","@id":"https:\/\/www.meydan.tv\/az\/article\/elcin-qasimov-acliq-aksiyasi-oz-hedefine-catib\/","url":"https:\/\/www.meydan.tv\/az\/article\/elcin-qasimov-acliq-aksiyasi-oz-hedefine-catib\/","name":"El\u00e7in Qas\u0131mov: \u201cAcl\u0131q aksiyas\u0131 \u00f6z h\u0259d\u0259fin\u0259 \u00e7at\u0131b\u201d - MEYDAN.TV","isPartOf":{"@id":"https:\/\/www.meydan.tv\/az\/#website"},"primaryImageOfPage":{"@id":"https:\/\/www.meydan.tv\/az\/article\/elcin-qasimov-acliq-aksiyasi-oz-hedefine-catib\/#primaryimage"},"image":{"@id":"https:\/\/www.meydan.tv\/az\/article\/elcin-qasimov-acliq-aksiyasi-oz-hedefine-catib\/#primaryimage"},"thumbnailUrl":"https:\/\/www.meydan.tv\/wp-content\/uploads\/screenshot-2022-06-23-at-12.57.47.png","datePublished":"2022-06-23T11:18:16+00:00","dateModified":"2022-06-23T11:18:18+00:00","breadcrumb":{"@id":"https:\/\/www.meydan.tv\/az\/article\/elcin-qasimov-acliq-aksiyasi-oz-hedefine-catib\/#breadcrumb"},"inLanguage":"az","potentialAction":[{"@type":"ReadAction","target":["https:\/\/www.meydan.tv\/az\/article\/elcin-qasimov-acliq-aksiyasi-oz-hedefine-catib\/"]}]},{"@type":"ImageObject","inLanguage":"az","@id":"https:\/\/www.meydan.tv\/az\/article\/elcin-qasimov-acliq-aksiyasi-oz-hedefine-catib\/#primaryimage","url":"https:\/\/www.meydan.tv\/wp-content\/uploads\/screenshot-2022-06-23-at-12.57.47.png","contentUrl":"https:\/\/www.meydan.tv\/wp-content\/uploads\/screenshot-2022-06-23-at-12.57.47.png","width":1530,"height":852},{"@type":"BreadcrumbList","@id":"https:\/\/www.meydan.tv\/az\/article\/elcin-qasimov-acliq-aksiyasi-oz-hedefine-catib\/#breadcrumb","itemListElement":[{"@type":"ListItem","position":1,"name":"Ana s\u0259hif\u0259","item":"https:\/\/www.meydan.tv\/az\/"},{"@type":"ListItem","position":2,"name":"Video","item":"https:\/\/www.meydan.tv\/az\/section\/video-2\/"},{"@type":"ListItem","position":3,"name":"El\u00e7in Qas\u0131mov: \u201cAcl\u0131q aksiyas\u0131 \u00f6z h\u0259d\u0259fin\u0259 \u00e7at\u0131b\u201d"}]},{"@type":"WebSite","@id":"https:\/\/www.meydan.tv\/az\/#website","url":"https:\/\/www.meydan.tv\/az\/","name":"MEYDAN.TV","description":"Meydan TV Az\u0259rbaycan\u0131n media m\u0259kan\u0131ndak\u0131 alternativ s\u0259sidir","publisher":{"@id":"https:\/\/www.meydan.tv\/az\/#organization"},"potentialAction":[{"@type":"SearchAction","target":{"@type":"EntryPoint","urlTemplate":"https:\/\/www.meydan.tv\/az\/?s={search_term_string}"},"query-input":{"@type":"PropertyValueSpecification","valueRequired":true,"valueName":"search_term_string"}}],"inLanguage":"az"},{"@type":"Organization","@id":"https:\/\/www.meydan.tv\/az\/#organization","name":"Meydan TV","url":"https:\/\/www.meydan.tv\/az\/","logo":{"@type":"ImageObject","inLanguage":"az","@id":"https:\/\/www.meydan.tv\/az\/#\/schema\/logo\/image\/","url":"https:\/\/www.meydan.tv\/wp-content\/uploads\/2021\/07\/meydan-logo.svg","contentUrl":"https:\/\/www.meydan.tv\/wp-content\/uploads\/2021\/07\/meydan-logo.svg","width":195,"height":46,"caption":"Meydan TV"},"image":{"@id":"https:\/\/www.meydan.tv\/az\/#\/schema\/logo\/image\/"}},{"@type":"Person","@id":"https:\/\/www.meydan.tv\/az\/#\/schema\/person\/8f23e01c4de63326c13c319fb65ee65d","name":"roma"}]}},"_links":{"self":[{"href":"https:\/\/www.meydan.tv\/az\/wp-json\/wp\/v2\/posts\/249135","targetHints":{"allow":["GET"]}}],"collection":[{"href":"https:\/\/www.meydan.tv\/az\/wp-json\/wp\/v2\/posts"}],"about":[{"href":"https:\/\/www.meydan.tv\/az\/wp-json\/wp\/v2\/types\/post"}],"author":[{"embeddable":true,"href":"https:\/\/www.meydan.tv\/az\/wp-json\/wp\/v2\/users\/14"}],"replies":[{"embeddable":true,"href":"https:\/\/www.meydan.tv\/az\/wp-json\/wp\/v2\/comments?post=249135"}],"version-history":[{"count":2,"href":"https:\/\/www.meydan.tv\/az\/wp-json\/wp\/v2\/posts\/249135\/revisions"}],"predecessor-version":[{"id":249180,"href":"https:\/\/www.meydan.tv\/az\/wp-json\/wp\/v2\/posts\/249135\/revisions\/249180"}],"wp:featuredmedia":[{"embeddable":true,"href":"https:\/\/www.meydan.tv\/az\/wp-json\/wp\/v2\/media\/249170"}],"wp:attachment":[{"href":"https:\/\/www.meydan.tv\/az\/wp-json\/wp\/v2\/media?parent=249135"}],"wp:term":[{"taxonomy":"category","embeddable":true,"href":"https:\/\/www.meydan.tv\/az\/wp-json\/wp\/v2\/categories?post=249135"},{"taxonomy":"post_tag","embeddable":true,"href":"https:\/\/www.meydan.tv\/az\/wp-json\/wp\/v2\/tags?post=249135"}],"curies":[{"name":"wp","href":"https:\/\/api.w.org\/{rel}","templated":true}]}}