{"id":249100,"date":"2022-06-23T11:48:12","date_gmt":"2022-06-23T07:48:12","guid":{"rendered":"https:\/\/www.meydan.tv\/?p=249100"},"modified":"2022-06-23T11:48:13","modified_gmt":"2022-06-23T07:48:13","slug":"general-jurnalistleri-tehqir-edib","status":"publish","type":"post","link":"https:\/\/www.meydan.tv\/az\/article\/general-jurnalistleri-tehqir-edib\/","title":{"rendered":"General jurnalistl\u0259ri t\u0259hqir edib"},"content":{"rendered":"\n<figure class=\"wp-block-embed is-type-video is-provider-youtube wp-block-embed-youtube wp-embed-aspect-16-9 wp-has-aspect-ratio\"><div class=\"wp-block-embed__wrapper\">\n<iframe title=\"General jurnalistl\u0259ri t\u0259hqir edib\" width=\"1200\" height=\"675\" data-src=\"https:\/\/www.youtube.com\/embed\/E8lI034KpvE?feature=oembed\" frameborder=\"0\" allow=\"accelerometer; autoplay; clipboard-write; encrypted-media; gyroscope; picture-in-picture\" allowfullscreen src=\"data:image\/svg+xml;base64,PHN2ZyB3aWR0aD0iMSIgaGVpZ2h0PSIxIiB4bWxucz0iaHR0cDovL3d3dy53My5vcmcvMjAwMC9zdmciPjwvc3ZnPg==\" class=\"lazyload\" data-load-mode=\"1\"><\/iframe>\n<\/div><\/figure>\n\n\n\n<!--more-->\n\n\n\n<p>Milli T\u0259hl\u00fck\u0259sizlik Nazirliyinin \u0130stintaq Ba\u015f \u0130dar\u0259sinin sabiq r\u0259isi, general M\u00f6vlam \u015e\u0131x\u0259liyev v\u0259 onun tabeliyind\u0259 i\u015fl\u0259mi\u015f \u00fc\u00e7 polkovnikin \u2013 \u015f\u00f6b\u0259 r\u0259isl\u0259ri V\u00fcsal \u018fl\u0259kb\u0259rov v\u0259 Yasin M\u0259mm\u0259dov, \u015f\u00f6b\u0259 r\u0259isinin m\u00fcavini Sahib \u018fl\u0259kb\u0259rovun m\u0259hk\u0259m\u0259 prosesi davam edir.<br>Bak\u0131 H\u0259rbi M\u0259hk\u0259m\u0259sind\u0259 ke\u00e7iril\u0259n iclasdan sonra V\u00fcqar \u018fl\u0259kb\u0259rova sual verm\u0259k ist\u0259y\u0259n \u201cYeni M\u00fcsavat\u201d q\u0259zetinin \u0259m\u0259kda\u015f\u0131 El\u015f\u0259n Balakanski v\u0259 \u201cAzadl\u0131q\u201d q\u0259zetinin \u0259m\u0259kda\u015f\u0131 Ayt\u0259n M\u0259mm\u0259dova ona yax\u0131nla\u015f\u0131blar.<br>Lakin o bar\u0259sind\u0259ki ittihamlara cavab verm\u0259kd\u0259n boyun qa\u00e7\u0131r\u0131b v\u0259 uzaqla\u015fma\u011fa ba\u015flay\u0131b. Jurnalistl\u0259rin arxas\u0131nca g\u0259ldiyini g\u00f6r\u0259n MTN polkovniki onlar t\u0259hqir edib.<br>V.\u018fl\u0259kb\u0259rov 2015-ci ild\u0259 MTN-d\u0259 ke\u00e7iril\u0259n \u0259m\u0259liyyat zaman\u0131 saxlan\u0131l\u0131b. Bak\u0131 H\u0259rbi M\u0259hk\u0259m\u0259sinin h\u00f6km\u00fc il\u0259 12 il m\u00fcdd\u0259t\u0259 azadl\u0131qdan m\u0259hrum edils\u0259 d\u0259, Ali M\u0259hk\u0259m\u0259 t\u0259r\u0259find\u0259n c\u0259zas\u0131 \u015f\u0259rti hesab edilib v\u0259 V.\u018fl\u0259kb\u0259rov 3 ild\u0259n sonra azadl\u0131\u011fa \u00e7\u0131x\u0131b.<br>O, 2008-2014-c\u00fc ill\u0259rd\u0259 MTN-d\u0259 \u0130stintaq Ba\u015f \u0130dar\u0259sind\u0259 \u015f\u00f6b\u0259 r\u0259isi oldu\u011fu d\u00f6vrd\u0259 m\u00fct\u0259\u015f\u0259kkil d\u0259st\u0259 t\u0259rkibind\u0259 i\u015f adamlar\u0131ndan h\u0259d\u0259-qorxu yolu il\u0259 k\u00fclli miqdarda pul t\u0259l\u0259b etm\u0259kd\u0259 ittiham olunur.<br>Haz\u0131rki cinay\u0259t i\u015fi \u00fczr\u0259 32 z\u0259r\u0259r\u00e7\u0259kmi\u015f var v\u0259 bir \u00e7oxu V\u00fcsal \u018fl\u0259kb\u0259rov t\u0259r\u0259find\u0259n qanunsuz h\u0259bs edildiyini, k\u00fclli miqdarda pul qar\u015f\u0131l\u0131\u011f\u0131nda azadl\u0131\u011fa burax\u0131ld\u0131qlar\u0131n\u0131 iddia edirl\u0259r.<\/p>\n","protected":false},"excerpt":{"rendered":"","protected":false},"author":14,"featured_media":249102,"comment_status":"closed","ping_status":"closed","sticky":false,"template":"","format":"standard","meta":{"_acf_changed":false,"_sitemap_exclude":false,"_sitemap_priority":"","_sitemap_frequency":"","footnotes":""},"categories":[63],"tags":[],"class_list":["post-249100","post","type-post","status-publish","format-standard","has-post-thumbnail","hentry","category-video-2","infinite-scroll-item","generate-columns","tablet-grid-50","mobile-grid-100","grid-parent","grid-33","no-featured-image-padding"],"acf":[],"yoast_head":"<!-- This site is optimized with the Yoast SEO plugin v27.5 - https:\/\/yoast.com\/product\/yoast-seo-wordpress\/ -->\n<title>General jurnalistl\u0259ri t\u0259hqir edib - MEYDAN.TV<\/title>\n<meta name=\"robots\" content=\"index, follow, max-snippet:-1, max-image-preview:large, max-video-preview:-1\" \/>\n<link rel=\"canonical\" href=\"https:\/\/www.meydan.tv\/az\/article\/general-jurnalistleri-tehqir-edib\/\" \/>\n<meta property=\"og:locale\" content=\"az_AZ\" \/>\n<meta property=\"og:type\" content=\"article\" \/>\n<meta property=\"og:title\" content=\"General jurnalistl\u0259ri t\u0259hqir edib - MEYDAN.TV\" \/>\n<meta property=\"og:url\" content=\"https:\/\/www.meydan.tv\/az\/article\/general-jurnalistleri-tehqir-edib\/\" \/>\n<meta property=\"og:site_name\" content=\"MEYDAN.TV\" \/>\n<meta property=\"article:published_time\" content=\"2022-06-23T07:48:12+00:00\" \/>\n<meta property=\"article:modified_time\" content=\"2022-06-23T07:48:13+00:00\" \/>\n<meta property=\"og:image\" content=\"https:\/\/www.meydan.tv\/wp-content\/uploads\/screenshot-at-jun-23-09-45-55-768x431.png\" \/>\n\t<meta property=\"og:image:width\" content=\"768\" \/>\n\t<meta property=\"og:image:height\" content=\"431\" \/>\n\t<meta property=\"og:image:type\" content=\"image\/png\" \/>\n<meta name=\"author\" content=\"roma\" \/>\n<meta name=\"twitter:card\" content=\"summary_large_image\" \/>\n<script type=\"application\/ld+json\" class=\"yoast-schema-graph\">{\"@context\":\"https:\\\/\\\/schema.org\",\"@graph\":[{\"@type\":\"Article\",\"@id\":\"https:\\\/\\\/www.meydan.tv\\\/az\\\/article\\\/general-jurnalistleri-tehqir-edib\\\/#article\",\"isPartOf\":{\"@id\":\"https:\\\/\\\/www.meydan.tv\\\/az\\\/article\\\/general-jurnalistleri-tehqir-edib\\\/\"},\"author\":{\"name\":\"roma\",\"@id\":\"https:\\\/\\\/www.meydan.tv\\\/az\\\/#\\\/schema\\\/person\\\/8f23e01c4de63326c13c319fb65ee65d\"},\"headline\":\"General jurnalistl\u0259ri t\u0259hqir edib\",\"datePublished\":\"2022-06-23T07:48:12+00:00\",\"dateModified\":\"2022-06-23T07:48:13+00:00\",\"mainEntityOfPage\":{\"@id\":\"https:\\\/\\\/www.meydan.tv\\\/az\\\/article\\\/general-jurnalistleri-tehqir-edib\\\/\"},\"wordCount\":299,\"publisher\":{\"@id\":\"https:\\\/\\\/www.meydan.tv\\\/az\\\/#organization\"},\"image\":{\"@id\":\"https:\\\/\\\/www.meydan.tv\\\/az\\\/article\\\/general-jurnalistleri-tehqir-edib\\\/#primaryimage\"},\"thumbnailUrl\":\"https:\\\/\\\/www.meydan.tv\\\/wp-content\\\/uploads\\\/screenshot-at-jun-23-09-45-55.png\",\"articleSection\":[\"Video\"],\"inLanguage\":\"az\"},{\"@type\":\"WebPage\",\"@id\":\"https:\\\/\\\/www.meydan.tv\\\/az\\\/article\\\/general-jurnalistleri-tehqir-edib\\\/\",\"url\":\"https:\\\/\\\/www.meydan.tv\\\/az\\\/article\\\/general-jurnalistleri-tehqir-edib\\\/\",\"name\":\"General jurnalistl\u0259ri t\u0259hqir edib - MEYDAN.TV\",\"isPartOf\":{\"@id\":\"https:\\\/\\\/www.meydan.tv\\\/az\\\/#website\"},\"primaryImageOfPage\":{\"@id\":\"https:\\\/\\\/www.meydan.tv\\\/az\\\/article\\\/general-jurnalistleri-tehqir-edib\\\/#primaryimage\"},\"image\":{\"@id\":\"https:\\\/\\\/www.meydan.tv\\\/az\\\/article\\\/general-jurnalistleri-tehqir-edib\\\/#primaryimage\"},\"thumbnailUrl\":\"https:\\\/\\\/www.meydan.tv\\\/wp-content\\\/uploads\\\/screenshot-at-jun-23-09-45-55.png\",\"datePublished\":\"2022-06-23T07:48:12+00:00\",\"dateModified\":\"2022-06-23T07:48:13+00:00\",\"breadcrumb\":{\"@id\":\"https:\\\/\\\/www.meydan.tv\\\/az\\\/article\\\/general-jurnalistleri-tehqir-edib\\\/#breadcrumb\"},\"inLanguage\":\"az\",\"potentialAction\":[{\"@type\":\"ReadAction\",\"target\":[\"https:\\\/\\\/www.meydan.tv\\\/az\\\/article\\\/general-jurnalistleri-tehqir-edib\\\/\"]}]},{\"@type\":\"ImageObject\",\"inLanguage\":\"az\",\"@id\":\"https:\\\/\\\/www.meydan.tv\\\/az\\\/article\\\/general-jurnalistleri-tehqir-edib\\\/#primaryimage\",\"url\":\"https:\\\/\\\/www.meydan.tv\\\/wp-content\\\/uploads\\\/screenshot-at-jun-23-09-45-55.png\",\"contentUrl\":\"https:\\\/\\\/www.meydan.tv\\\/wp-content\\\/uploads\\\/screenshot-at-jun-23-09-45-55.png\",\"width\":1000,\"height\":561},{\"@type\":\"BreadcrumbList\",\"@id\":\"https:\\\/\\\/www.meydan.tv\\\/az\\\/article\\\/general-jurnalistleri-tehqir-edib\\\/#breadcrumb\",\"itemListElement\":[{\"@type\":\"ListItem\",\"position\":1,\"name\":\"Ana s\u0259hif\u0259\",\"item\":\"https:\\\/\\\/www.meydan.tv\\\/az\\\/\"},{\"@type\":\"ListItem\",\"position\":2,\"name\":\"Video\",\"item\":\"https:\\\/\\\/www.meydan.tv\\\/az\\\/section\\\/video-2\\\/\"},{\"@type\":\"ListItem\",\"position\":3,\"name\":\"General jurnalistl\u0259ri t\u0259hqir edib\"}]},{\"@type\":\"WebSite\",\"@id\":\"https:\\\/\\\/www.meydan.tv\\\/az\\\/#website\",\"url\":\"https:\\\/\\\/www.meydan.tv\\\/az\\\/\",\"name\":\"MEYDAN.TV\",\"description\":\"Meydan TV Az\u0259rbaycan\u0131n media m\u0259kan\u0131ndak\u0131 alternativ s\u0259sidir\",\"publisher\":{\"@id\":\"https:\\\/\\\/www.meydan.tv\\\/az\\\/#organization\"},\"potentialAction\":[{\"@type\":\"SearchAction\",\"target\":{\"@type\":\"EntryPoint\",\"urlTemplate\":\"https:\\\/\\\/www.meydan.tv\\\/az\\\/?s={search_term_string}\"},\"query-input\":{\"@type\":\"PropertyValueSpecification\",\"valueRequired\":true,\"valueName\":\"search_term_string\"}}],\"inLanguage\":\"az\"},{\"@type\":\"Organization\",\"@id\":\"https:\\\/\\\/www.meydan.tv\\\/az\\\/#organization\",\"name\":\"Meydan TV\",\"url\":\"https:\\\/\\\/www.meydan.tv\\\/az\\\/\",\"logo\":{\"@type\":\"ImageObject\",\"inLanguage\":\"az\",\"@id\":\"https:\\\/\\\/www.meydan.tv\\\/az\\\/#\\\/schema\\\/logo\\\/image\\\/\",\"url\":\"https:\\\/\\\/www.meydan.tv\\\/wp-content\\\/uploads\\\/2021\\\/07\\\/meydan-logo.svg\",\"contentUrl\":\"https:\\\/\\\/www.meydan.tv\\\/wp-content\\\/uploads\\\/2021\\\/07\\\/meydan-logo.svg\",\"width\":195,\"height\":46,\"caption\":\"Meydan TV\"},\"image\":{\"@id\":\"https:\\\/\\\/www.meydan.tv\\\/az\\\/#\\\/schema\\\/logo\\\/image\\\/\"}},{\"@type\":\"Person\",\"@id\":\"https:\\\/\\\/www.meydan.tv\\\/az\\\/#\\\/schema\\\/person\\\/8f23e01c4de63326c13c319fb65ee65d\",\"name\":\"roma\"}]}<\/script>\n<!-- \/ Yoast SEO plugin. -->","yoast_head_json":{"title":"General jurnalistl\u0259ri t\u0259hqir edib - MEYDAN.TV","robots":{"index":"index","follow":"follow","max-snippet":"max-snippet:-1","max-image-preview":"max-image-preview:large","max-video-preview":"max-video-preview:-1"},"canonical":"https:\/\/www.meydan.tv\/az\/article\/general-jurnalistleri-tehqir-edib\/","og_locale":"az_AZ","og_type":"article","og_title":"General jurnalistl\u0259ri t\u0259hqir edib - MEYDAN.TV","og_url":"https:\/\/www.meydan.tv\/az\/article\/general-jurnalistleri-tehqir-edib\/","og_site_name":"MEYDAN.TV","article_published_time":"2022-06-23T07:48:12+00:00","article_modified_time":"2022-06-23T07:48:13+00:00","og_image":[{"width":768,"height":431,"url":"https:\/\/www.meydan.tv\/wp-content\/uploads\/screenshot-at-jun-23-09-45-55-768x431.png","type":"image\/png"}],"author":"roma","twitter_card":"summary_large_image","schema":{"@context":"https:\/\/schema.org","@graph":[{"@type":"Article","@id":"https:\/\/www.meydan.tv\/az\/article\/general-jurnalistleri-tehqir-edib\/#article","isPartOf":{"@id":"https:\/\/www.meydan.tv\/az\/article\/general-jurnalistleri-tehqir-edib\/"},"author":{"name":"roma","@id":"https:\/\/www.meydan.tv\/az\/#\/schema\/person\/8f23e01c4de63326c13c319fb65ee65d"},"headline":"General jurnalistl\u0259ri t\u0259hqir edib","datePublished":"2022-06-23T07:48:12+00:00","dateModified":"2022-06-23T07:48:13+00:00","mainEntityOfPage":{"@id":"https:\/\/www.meydan.tv\/az\/article\/general-jurnalistleri-tehqir-edib\/"},"wordCount":299,"publisher":{"@id":"https:\/\/www.meydan.tv\/az\/#organization"},"image":{"@id":"https:\/\/www.meydan.tv\/az\/article\/general-jurnalistleri-tehqir-edib\/#primaryimage"},"thumbnailUrl":"https:\/\/www.meydan.tv\/wp-content\/uploads\/screenshot-at-jun-23-09-45-55.png","articleSection":["Video"],"inLanguage":"az"},{"@type":"WebPage","@id":"https:\/\/www.meydan.tv\/az\/article\/general-jurnalistleri-tehqir-edib\/","url":"https:\/\/www.meydan.tv\/az\/article\/general-jurnalistleri-tehqir-edib\/","name":"General jurnalistl\u0259ri t\u0259hqir edib - MEYDAN.TV","isPartOf":{"@id":"https:\/\/www.meydan.tv\/az\/#website"},"primaryImageOfPage":{"@id":"https:\/\/www.meydan.tv\/az\/article\/general-jurnalistleri-tehqir-edib\/#primaryimage"},"image":{"@id":"https:\/\/www.meydan.tv\/az\/article\/general-jurnalistleri-tehqir-edib\/#primaryimage"},"thumbnailUrl":"https:\/\/www.meydan.tv\/wp-content\/uploads\/screenshot-at-jun-23-09-45-55.png","datePublished":"2022-06-23T07:48:12+00:00","dateModified":"2022-06-23T07:48:13+00:00","breadcrumb":{"@id":"https:\/\/www.meydan.tv\/az\/article\/general-jurnalistleri-tehqir-edib\/#breadcrumb"},"inLanguage":"az","potentialAction":[{"@type":"ReadAction","target":["https:\/\/www.meydan.tv\/az\/article\/general-jurnalistleri-tehqir-edib\/"]}]},{"@type":"ImageObject","inLanguage":"az","@id":"https:\/\/www.meydan.tv\/az\/article\/general-jurnalistleri-tehqir-edib\/#primaryimage","url":"https:\/\/www.meydan.tv\/wp-content\/uploads\/screenshot-at-jun-23-09-45-55.png","contentUrl":"https:\/\/www.meydan.tv\/wp-content\/uploads\/screenshot-at-jun-23-09-45-55.png","width":1000,"height":561},{"@type":"BreadcrumbList","@id":"https:\/\/www.meydan.tv\/az\/article\/general-jurnalistleri-tehqir-edib\/#breadcrumb","itemListElement":[{"@type":"ListItem","position":1,"name":"Ana s\u0259hif\u0259","item":"https:\/\/www.meydan.tv\/az\/"},{"@type":"ListItem","position":2,"name":"Video","item":"https:\/\/www.meydan.tv\/az\/section\/video-2\/"},{"@type":"ListItem","position":3,"name":"General jurnalistl\u0259ri t\u0259hqir edib"}]},{"@type":"WebSite","@id":"https:\/\/www.meydan.tv\/az\/#website","url":"https:\/\/www.meydan.tv\/az\/","name":"MEYDAN.TV","description":"Meydan TV Az\u0259rbaycan\u0131n media m\u0259kan\u0131ndak\u0131 alternativ s\u0259sidir","publisher":{"@id":"https:\/\/www.meydan.tv\/az\/#organization"},"potentialAction":[{"@type":"SearchAction","target":{"@type":"EntryPoint","urlTemplate":"https:\/\/www.meydan.tv\/az\/?s={search_term_string}"},"query-input":{"@type":"PropertyValueSpecification","valueRequired":true,"valueName":"search_term_string"}}],"inLanguage":"az"},{"@type":"Organization","@id":"https:\/\/www.meydan.tv\/az\/#organization","name":"Meydan TV","url":"https:\/\/www.meydan.tv\/az\/","logo":{"@type":"ImageObject","inLanguage":"az","@id":"https:\/\/www.meydan.tv\/az\/#\/schema\/logo\/image\/","url":"https:\/\/www.meydan.tv\/wp-content\/uploads\/2021\/07\/meydan-logo.svg","contentUrl":"https:\/\/www.meydan.tv\/wp-content\/uploads\/2021\/07\/meydan-logo.svg","width":195,"height":46,"caption":"Meydan TV"},"image":{"@id":"https:\/\/www.meydan.tv\/az\/#\/schema\/logo\/image\/"}},{"@type":"Person","@id":"https:\/\/www.meydan.tv\/az\/#\/schema\/person\/8f23e01c4de63326c13c319fb65ee65d","name":"roma"}]}},"_links":{"self":[{"href":"https:\/\/www.meydan.tv\/az\/wp-json\/wp\/v2\/posts\/249100","targetHints":{"allow":["GET"]}}],"collection":[{"href":"https:\/\/www.meydan.tv\/az\/wp-json\/wp\/v2\/posts"}],"about":[{"href":"https:\/\/www.meydan.tv\/az\/wp-json\/wp\/v2\/types\/post"}],"author":[{"embeddable":true,"href":"https:\/\/www.meydan.tv\/az\/wp-json\/wp\/v2\/users\/14"}],"replies":[{"embeddable":true,"href":"https:\/\/www.meydan.tv\/az\/wp-json\/wp\/v2\/comments?post=249100"}],"version-history":[{"count":1,"href":"https:\/\/www.meydan.tv\/az\/wp-json\/wp\/v2\/posts\/249100\/revisions"}],"predecessor-version":[{"id":249105,"href":"https:\/\/www.meydan.tv\/az\/wp-json\/wp\/v2\/posts\/249100\/revisions\/249105"}],"wp:featuredmedia":[{"embeddable":true,"href":"https:\/\/www.meydan.tv\/az\/wp-json\/wp\/v2\/media\/249102"}],"wp:attachment":[{"href":"https:\/\/www.meydan.tv\/az\/wp-json\/wp\/v2\/media?parent=249100"}],"wp:term":[{"taxonomy":"category","embeddable":true,"href":"https:\/\/www.meydan.tv\/az\/wp-json\/wp\/v2\/categories?post=249100"},{"taxonomy":"post_tag","embeddable":true,"href":"https:\/\/www.meydan.tv\/az\/wp-json\/wp\/v2\/tags?post=249100"}],"curies":[{"name":"wp","href":"https:\/\/api.w.org\/{rel}","templated":true}]}}