{"id":249080,"date":"2022-06-22T18:33:25","date_gmt":"2022-06-22T14:33:25","guid":{"rendered":"https:\/\/www.meydan.tv\/?p=249080"},"modified":"2022-06-22T18:33:27","modified_gmt":"2022-06-22T14:33:27","slug":"bakida-jurnalist-polis-zorakiligi-ile-uzlesdi-vesiqesi-alindi","status":"publish","type":"post","link":"https:\/\/www.meydan.tv\/az\/article\/bakida-jurnalist-polis-zorakiligi-ile-uzlesdi-vesiqesi-alindi\/","title":{"rendered":"Bak\u0131da jurnalist polis zorak\u0131l\u0131\u011f\u0131 il\u0259 \u00fczl\u0259\u015fdi, v\u0259siq\u0259si al\u0131nd\u0131"},"content":{"rendered":"\n<p><\/p>\n\n\n\n<p><em>N\u0259rgiz Absalamova: \u201cV\u0259siq\u0259mi c\u0131r\u0131b qaytard\u0131lar\u201d<\/em><\/p>\n\n\n\n<p>\u0130yunun 22-d\u0259 jurnalist N\u0259rgiz Absalamova pe\u015f\u0259 f\u0259aliyy\u0259tini yerin\u0259 yetir\u0259rk\u0259n polisin zorak\u0131l\u0131\u011f\u0131na m\u0259ruz qal\u0131b.<\/p>\n\n\n\n<p>Jurnalist Meydan TV-y\u0259 bildirib ki, hadis\u0259 \u201cKoro\u011flu\u201d metrosu yax\u0131nl\u0131\u011f\u0131nda ba\u015f verib.<\/p>\n\n\n\n<p>O, \u0259vv\u0259lc\u0259 \u0259razid\u0259 bir ne\u00e7\u0259 qad\u0131n v\u0259 ki\u015finin polisl\u0259 m\u00fcbahis\u0259 etdiyini g\u00f6r\u00fcb v\u0259 yax\u0131nla\u015f\u0131b.<\/p>\n\n\n\n<p>Polisinin h\u0259min insanlar\u0131 b\u00f6lm\u0259y\u0259 aparmaq ist\u0259diyini g\u00f6r\u0259nd\u0259 is\u0259 \u00e7\u0259kili\u015f etm\u0259y\u0259 ba\u015flay\u0131b v\u0259 bu zaman zorak\u0131l\u0131\u011fa m\u0259ruz qal\u0131b:<\/p>\n\n\n\n<p>\u201cOnlardan n\u0259 ba\u015f verdiyini soru\u015fdum. Dedil\u0259r ki, biz Allah\u0131 m\u00fcdafi\u0259 etdiyimiz\u0259 g\u00f6r\u0259 c\u0259zaland\u0131r\u0131l\u0131r\u0131q. Ev\u0259 qay\u0131d\u0131rd\u0131q, bizi saxlad\u0131lar. S\u0259b\u0259b kimi d\u0259 d\u00f6vl\u0259t\u0259, banka borcumuz oldu\u011funu g\u00f6st\u0259rdil\u0259r. Bu zaman m\u0259n \u00e7\u0259kili\u015f etm\u0259y\u0259 ba\u015flad\u0131m. Polisin biri m\u0259n\u0259 yax\u0131nla\u015fd\u0131 v\u0259 dedi ki, qapal\u0131 yerd\u0259 \u00e7\u0259kili\u015f etm\u0259k olmaz. Bunu \u00e7ox kobud formada etdi\u201d.<\/p>\n\n\n\n<p>N\u0259rgiz Absalamova deyir ki, o, \u00e7\u0259kili\u015fi metronun i\u00e7ind\u0259 etmirdi v\u0259 h\u0259min \u0259razid\u0259 \u00e7\u0259kili\u015f \u00fc\u00e7\u00fcn h\u0259r hans\u0131 qada\u011fa olmay\u0131b:<\/p>\n\n\n\n<p>\u201c\u018fvv\u0259lc\u0259 \u0259lini telefonuma atd\u0131, onu gizl\u0259tdim, verm\u0259dim. Sonra dedi ki, jurnalist deyils\u0259n, \u00e7\u0259kili\u015f apara bilm\u0259zs\u0259n. V\u0259siq\u0259mi g\u00f6st\u0259rdim, bu zaman onu \u0259limd\u0259n kobuscas\u0131na ald\u0131 v\u0259 k\u0259narla\u015fd\u0131. Sonra d\u0259f\u0259l\u0259rl\u0259 v\u0259siq\u0259mi ist\u0259s\u0259m d\u0259, verm\u0259di. M\u0259ni metronun i\u00e7ind\u0259ki polis ota\u011f\u0131na aparma\u011fa \u00e7al\u0131\u015f\u0131rd\u0131, getm\u0259dim. \u00c7ox kobud \u015f\u0259kild\u0259 dan\u0131\u015f\u0131rd\u0131 v\u0259 \u00fcst\u00fcm\u0259 q\u0131\u015fq\u0131r\u0131rd\u0131. Ba\u015f\u0131 qad\u0131nlara qar\u0131\u015fd\u0131\u011f\u0131 anda m\u0259n \u0259razid\u0259n k\u0259narla\u015fd\u0131m. Arxamca g\u0259ls\u0259l\u0259r d\u0259, \u00e7ata bilm\u0259dil\u0259r, avtobusa mindim\u201d.<\/p>\n\n\n\n<p>Jurnalist bildirir ki, daha sonra o, Daxili \u0130\u015fl\u0259r Nazirliyinin (D\u0130N) M\u0259tbuat Xidm\u0259tinin K\u0130V v\u0259 ictimaiyy\u0259tl\u0259 \u0259laq\u0259l\u0259r \u015f\u00f6b\u0259sinin r\u0259isi El\u015fad Hac\u0131yevl\u0259 \u0259laq\u0259 saxlay\u0131b, ba\u015f ver\u0259nl\u0259r bar\u0259d\u0259 ona m\u0259lumat verib:<\/p>\n\n\n\n<p>\u201cDedi ki, 40 d\u0259qiq\u0259 sonra metronun \u201cNizami\u201d stansiyas\u0131 yax\u0131nl\u0131\u011f\u0131ndak\u0131 polis \u015f\u00f6b\u0259sind\u0259n v\u0259siq\u0259ni g\u00f6t\u00fcr\u0259 bil\u0259rs\u0259n. Getdim g\u00f6t\u00fcrd\u00fcm, lakin onlar v\u0259siq\u0259mi c\u0131r\u0131b, yarars\u0131z hala salm\u0131\u015fd\u0131lar\u201d.<\/p>\n\n\n\n<p>Jurnalist\u0259 kobudluq ed\u0259n polis bar\u0259sind\u0259 t\u0259dbir g\u00f6r\u00fcl\u0259c\u0259kmi, polis jurnalistin v\u0259siq\u0259sini niy\u0259 al\u0131b v\u0259 yarars\u0131z hala sal\u0131b &#8211; suallar\u0131na Daxili \u0130\u015fl\u0259r Nazirliyind\u0259n cavab almaq m\u00fcmk\u00fcn olmay\u0131b.<\/p>\n\n\n\n<p>\u201c\u0130\u015fg\u0259nc\u0259l\u0259r \u018fleyhin\u0259 Ara\u015fd\u0131rmalar M\u0259rk\u0259zi\u201d iyunun 22-d\u0259 yayd\u0131\u011f\u0131 <a href=\"https:\/\/www.facebook.com\/Camiyyet\/photos\/pcb.517446093508078\/517445936841427\/\" target=\"_blank\" rel=\"noreferrer noopener\">b\u0259yanat<\/a>da jurnalistl\u0259r\u0259 qar\u015f\u0131 kobudluq g\u00f6st\u0259rilm\u0259si, pe\u015f\u0259 f\u0259aliyy\u0259tl\u0259rin\u0259 mane\u0259l\u0259r yarad\u0131lmas\u0131n\u0131 yolverilm\u0259z say\u0131b.<\/p>\n\n\n\n<p>Bu hal\u0131 s\u00f6z v\u0259 m\u0259tbuat azadl\u0131\u011f\u0131n\u0131n kobudcas\u0131na pozulmas\u0131 kimi qiym\u0259tl\u0259ndirib: \u201cJurnalist N\u0259rgiz Absalamova pe\u015f\u0259 f\u0259aliyy\u0259tini yerin\u0259 yetir\u0259rk\u0259n \u00e7\u0259kili\u015f vasit\u0259si kimi istifad\u0259 etdiyi telefonu polis \u0259m\u0259kda\u015flar\u0131 t\u0259r\u0259find\u0259n \u0259lind\u0259n alma\u011fa c\u0259hd g\u00f6st\u0259rilib. Onun jurnalist v\u0259siq\u0259si \u0259lind\u0259n al\u0131n\u0131b v\u0259 geri qaytar\u0131lmay\u0131b. Jurnalist v\u0259siq\u0259sinin geri qaytar\u0131lmas\u0131n\u0131 t\u0259l\u0259b ed\u0259n N\u0259rgiz Absalamova polis \u0259m\u0259kda\u015flar\u0131 t\u0259r\u0259find\u0259n kobudluqla qar\u015f\u0131la\u015f\u0131b\u201d.<\/p>\n\n\n\n<p>&#8220;\u0130\u015fg\u0259nc\u0259l\u0259r \u018fleyhin\u0259 Ara\u015fd\u0131rmalar M\u0259rk\u0259zi&#8221; hesab edir ki, Daxili \u0130\u015fl\u0259r Nazirliyi pe\u015f\u0259 f\u0259aliyy\u0259tini yerin\u0259 yetir\u0259n jurnalist\u0259 kobudluq ed\u0259n, etik \u00e7\u0259r\u00e7iv\u0259ni a\u015fan polis \u0259m\u0259kda\u015flar\u0131n\u0131 c\u0259zaland\u0131rmal\u0131d\u0131r.<\/p>\n","protected":false},"excerpt":{"rendered":"<p>N\u0259rgiz Absalamova: \u201cV\u0259siq\u0259mi c\u0131r\u0131b qaytard\u0131lar\u201d \u0130yunun 22-d\u0259 jurnalist N\u0259rgiz Absalamova &#8230; <\/p>\n<p class=\"read-more-container\"><a title=\"Bak\u0131da jurnalist polis zorak\u0131l\u0131\u011f\u0131 il\u0259 \u00fczl\u0259\u015fdi, v\u0259siq\u0259si al\u0131nd\u0131\" class=\"read-more button\" href=\"https:\/\/www.meydan.tv\/az\/article\/bakida-jurnalist-polis-zorakiligi-ile-uzlesdi-vesiqesi-alindi\/#more-249080\" aria-label=\"Read more about Bak\u0131da jurnalist polis zorak\u0131l\u0131\u011f\u0131 il\u0259 \u00fczl\u0259\u015fdi, v\u0259siq\u0259si al\u0131nd\u0131\">Davam\u0131<\/a><\/p>\n","protected":false},"author":8,"featured_media":230532,"comment_status":"closed","ping_status":"closed","sticky":false,"template":"","format":"standard","meta":{"_acf_changed":false,"_sitemap_exclude":false,"_sitemap_priority":"","_sitemap_frequency":"","footnotes":""},"categories":[59,79,56],"tags":[],"class_list":["post-249080","post","type-post","status-publish","format-standard","has-post-thumbnail","hentry","category-siyaset","category-featured","category-xeberler","infinite-scroll-item","generate-columns","tablet-grid-50","mobile-grid-100","grid-parent","grid-33","no-featured-image-padding"],"acf":[],"yoast_head":"<!-- This site is optimized with the Yoast SEO plugin v27.4 - https:\/\/yoast.com\/product\/yoast-seo-wordpress\/ -->\n<title>Bak\u0131da jurnalist polis zorak\u0131l\u0131\u011f\u0131 il\u0259 \u00fczl\u0259\u015fdi, v\u0259siq\u0259si al\u0131nd\u0131 - MEYDAN.TV<\/title>\n<meta name=\"robots\" content=\"index, follow, max-snippet:-1, max-image-preview:large, max-video-preview:-1\" \/>\n<link rel=\"canonical\" href=\"https:\/\/www.meydan.tv\/az\/article\/bakida-jurnalist-polis-zorakiligi-ile-uzlesdi-vesiqesi-alindi\/\" \/>\n<meta property=\"og:locale\" content=\"az_AZ\" \/>\n<meta property=\"og:type\" content=\"article\" \/>\n<meta property=\"og:title\" content=\"Bak\u0131da jurnalist polis zorak\u0131l\u0131\u011f\u0131 il\u0259 \u00fczl\u0259\u015fdi, v\u0259siq\u0259si al\u0131nd\u0131 - MEYDAN.TV\" \/>\n<meta property=\"og:description\" content=\"N\u0259rgiz Absalamova: \u201cV\u0259siq\u0259mi c\u0131r\u0131b qaytard\u0131lar\u201d \u0130yunun 22-d\u0259 jurnalist N\u0259rgiz Absalamova ... Davam\u0131\" \/>\n<meta property=\"og:url\" content=\"https:\/\/www.meydan.tv\/az\/article\/bakida-jurnalist-polis-zorakiligi-ile-uzlesdi-vesiqesi-alindi\/\" \/>\n<meta property=\"og:site_name\" content=\"MEYDAN.TV\" \/>\n<meta property=\"article:published_time\" content=\"2022-06-22T14:33:25+00:00\" \/>\n<meta property=\"article:modified_time\" content=\"2022-06-22T14:33:27+00:00\" \/>\n<meta property=\"og:image\" content=\"https:\/\/www.meydan.tv\/wp-content\/uploads\/krmv1968.jpg\" \/>\n\t<meta property=\"og:image:width\" content=\"1800\" \/>\n\t<meta property=\"og:image:height\" content=\"1200\" \/>\n\t<meta property=\"og:image:type\" content=\"image\/jpeg\" \/>\n<meta name=\"author\" content=\"elli\" \/>\n<meta name=\"twitter:card\" content=\"summary_large_image\" \/>\n<meta name=\"twitter:creator\" content=\"@elli\" \/>\n<script type=\"application\/ld+json\" class=\"yoast-schema-graph\">{\"@context\":\"https:\\\/\\\/schema.org\",\"@graph\":[{\"@type\":\"Article\",\"@id\":\"https:\\\/\\\/www.meydan.tv\\\/az\\\/article\\\/bakida-jurnalist-polis-zorakiligi-ile-uzlesdi-vesiqesi-alindi\\\/#article\",\"isPartOf\":{\"@id\":\"https:\\\/\\\/www.meydan.tv\\\/az\\\/article\\\/bakida-jurnalist-polis-zorakiligi-ile-uzlesdi-vesiqesi-alindi\\\/\"},\"author\":{\"name\":\"elli\",\"@id\":\"https:\\\/\\\/www.meydan.tv\\\/az\\\/#\\\/schema\\\/person\\\/9cdbecf90d17180ce1dfbd95b08dcf47\"},\"headline\":\"Bak\u0131da jurnalist polis zorak\u0131l\u0131\u011f\u0131 il\u0259 \u00fczl\u0259\u015fdi, v\u0259siq\u0259si al\u0131nd\u0131\",\"datePublished\":\"2022-06-22T14:33:25+00:00\",\"dateModified\":\"2022-06-22T14:33:27+00:00\",\"mainEntityOfPage\":{\"@id\":\"https:\\\/\\\/www.meydan.tv\\\/az\\\/article\\\/bakida-jurnalist-polis-zorakiligi-ile-uzlesdi-vesiqesi-alindi\\\/\"},\"wordCount\":632,\"publisher\":{\"@id\":\"https:\\\/\\\/www.meydan.tv\\\/az\\\/#organization\"},\"image\":{\"@id\":\"https:\\\/\\\/www.meydan.tv\\\/az\\\/article\\\/bakida-jurnalist-polis-zorakiligi-ile-uzlesdi-vesiqesi-alindi\\\/#primaryimage\"},\"thumbnailUrl\":\"https:\\\/\\\/www.meydan.tv\\\/wp-content\\\/uploads\\\/krmv1968.jpg\",\"articleSection\":[\"Siyas\u0259t\",\"T\u00f6vsiy\u0259\",\"X\u0259b\u0259rl\u0259r\"],\"inLanguage\":\"az\"},{\"@type\":\"WebPage\",\"@id\":\"https:\\\/\\\/www.meydan.tv\\\/az\\\/article\\\/bakida-jurnalist-polis-zorakiligi-ile-uzlesdi-vesiqesi-alindi\\\/\",\"url\":\"https:\\\/\\\/www.meydan.tv\\\/az\\\/article\\\/bakida-jurnalist-polis-zorakiligi-ile-uzlesdi-vesiqesi-alindi\\\/\",\"name\":\"Bak\u0131da jurnalist polis zorak\u0131l\u0131\u011f\u0131 il\u0259 \u00fczl\u0259\u015fdi, v\u0259siq\u0259si al\u0131nd\u0131 - MEYDAN.TV\",\"isPartOf\":{\"@id\":\"https:\\\/\\\/www.meydan.tv\\\/az\\\/#website\"},\"primaryImageOfPage\":{\"@id\":\"https:\\\/\\\/www.meydan.tv\\\/az\\\/article\\\/bakida-jurnalist-polis-zorakiligi-ile-uzlesdi-vesiqesi-alindi\\\/#primaryimage\"},\"image\":{\"@id\":\"https:\\\/\\\/www.meydan.tv\\\/az\\\/article\\\/bakida-jurnalist-polis-zorakiligi-ile-uzlesdi-vesiqesi-alindi\\\/#primaryimage\"},\"thumbnailUrl\":\"https:\\\/\\\/www.meydan.tv\\\/wp-content\\\/uploads\\\/krmv1968.jpg\",\"datePublished\":\"2022-06-22T14:33:25+00:00\",\"dateModified\":\"2022-06-22T14:33:27+00:00\",\"breadcrumb\":{\"@id\":\"https:\\\/\\\/www.meydan.tv\\\/az\\\/article\\\/bakida-jurnalist-polis-zorakiligi-ile-uzlesdi-vesiqesi-alindi\\\/#breadcrumb\"},\"inLanguage\":\"az\",\"potentialAction\":[{\"@type\":\"ReadAction\",\"target\":[\"https:\\\/\\\/www.meydan.tv\\\/az\\\/article\\\/bakida-jurnalist-polis-zorakiligi-ile-uzlesdi-vesiqesi-alindi\\\/\"]}]},{\"@type\":\"ImageObject\",\"inLanguage\":\"az\",\"@id\":\"https:\\\/\\\/www.meydan.tv\\\/az\\\/article\\\/bakida-jurnalist-polis-zorakiligi-ile-uzlesdi-vesiqesi-alindi\\\/#primaryimage\",\"url\":\"https:\\\/\\\/www.meydan.tv\\\/wp-content\\\/uploads\\\/krmv1968.jpg\",\"contentUrl\":\"https:\\\/\\\/www.meydan.tv\\\/wp-content\\\/uploads\\\/krmv1968.jpg\",\"width\":1800,\"height\":1200,\"caption\":\"N\u0259rgiz Absalamova (ortada q\u0131rm\u0131z\u0131 paltarda), Foto: Meydan TV\"},{\"@type\":\"BreadcrumbList\",\"@id\":\"https:\\\/\\\/www.meydan.tv\\\/az\\\/article\\\/bakida-jurnalist-polis-zorakiligi-ile-uzlesdi-vesiqesi-alindi\\\/#breadcrumb\",\"itemListElement\":[{\"@type\":\"ListItem\",\"position\":1,\"name\":\"Ana s\u0259hif\u0259\",\"item\":\"https:\\\/\\\/www.meydan.tv\\\/az\\\/\"},{\"@type\":\"ListItem\",\"position\":2,\"name\":\"Siyas\u0259t\",\"item\":\"https:\\\/\\\/www.meydan.tv\\\/az\\\/section\\\/siyaset\\\/\"},{\"@type\":\"ListItem\",\"position\":3,\"name\":\"Bak\u0131da jurnalist polis zorak\u0131l\u0131\u011f\u0131 il\u0259 \u00fczl\u0259\u015fdi, v\u0259siq\u0259si al\u0131nd\u0131\"}]},{\"@type\":\"WebSite\",\"@id\":\"https:\\\/\\\/www.meydan.tv\\\/az\\\/#website\",\"url\":\"https:\\\/\\\/www.meydan.tv\\\/az\\\/\",\"name\":\"MEYDAN.TV\",\"description\":\"Meydan TV Az\u0259rbaycan\u0131n media m\u0259kan\u0131ndak\u0131 alternativ s\u0259sidir\",\"publisher\":{\"@id\":\"https:\\\/\\\/www.meydan.tv\\\/az\\\/#organization\"},\"potentialAction\":[{\"@type\":\"SearchAction\",\"target\":{\"@type\":\"EntryPoint\",\"urlTemplate\":\"https:\\\/\\\/www.meydan.tv\\\/az\\\/?s={search_term_string}\"},\"query-input\":{\"@type\":\"PropertyValueSpecification\",\"valueRequired\":true,\"valueName\":\"search_term_string\"}}],\"inLanguage\":\"az\"},{\"@type\":\"Organization\",\"@id\":\"https:\\\/\\\/www.meydan.tv\\\/az\\\/#organization\",\"name\":\"Meydan TV\",\"url\":\"https:\\\/\\\/www.meydan.tv\\\/az\\\/\",\"logo\":{\"@type\":\"ImageObject\",\"inLanguage\":\"az\",\"@id\":\"https:\\\/\\\/www.meydan.tv\\\/az\\\/#\\\/schema\\\/logo\\\/image\\\/\",\"url\":\"https:\\\/\\\/www.meydan.tv\\\/wp-content\\\/uploads\\\/2021\\\/07\\\/meydan-logo.svg\",\"contentUrl\":\"https:\\\/\\\/www.meydan.tv\\\/wp-content\\\/uploads\\\/2021\\\/07\\\/meydan-logo.svg\",\"width\":195,\"height\":46,\"caption\":\"Meydan TV\"},\"image\":{\"@id\":\"https:\\\/\\\/www.meydan.tv\\\/az\\\/#\\\/schema\\\/logo\\\/image\\\/\"}},{\"@type\":\"Person\",\"@id\":\"https:\\\/\\\/www.meydan.tv\\\/az\\\/#\\\/schema\\\/person\\\/9cdbecf90d17180ce1dfbd95b08dcf47\",\"name\":\"elli\",\"sameAs\":[\"https:\\\/\\\/x.com\\\/elli\"]}]}<\/script>\n<!-- \/ Yoast SEO plugin. -->","yoast_head_json":{"title":"Bak\u0131da jurnalist polis zorak\u0131l\u0131\u011f\u0131 il\u0259 \u00fczl\u0259\u015fdi, v\u0259siq\u0259si al\u0131nd\u0131 - MEYDAN.TV","robots":{"index":"index","follow":"follow","max-snippet":"max-snippet:-1","max-image-preview":"max-image-preview:large","max-video-preview":"max-video-preview:-1"},"canonical":"https:\/\/www.meydan.tv\/az\/article\/bakida-jurnalist-polis-zorakiligi-ile-uzlesdi-vesiqesi-alindi\/","og_locale":"az_AZ","og_type":"article","og_title":"Bak\u0131da jurnalist polis zorak\u0131l\u0131\u011f\u0131 il\u0259 \u00fczl\u0259\u015fdi, v\u0259siq\u0259si al\u0131nd\u0131 - MEYDAN.TV","og_description":"N\u0259rgiz Absalamova: \u201cV\u0259siq\u0259mi c\u0131r\u0131b qaytard\u0131lar\u201d \u0130yunun 22-d\u0259 jurnalist N\u0259rgiz Absalamova ... Davam\u0131","og_url":"https:\/\/www.meydan.tv\/az\/article\/bakida-jurnalist-polis-zorakiligi-ile-uzlesdi-vesiqesi-alindi\/","og_site_name":"MEYDAN.TV","article_published_time":"2022-06-22T14:33:25+00:00","article_modified_time":"2022-06-22T14:33:27+00:00","og_image":[{"width":1800,"height":1200,"url":"https:\/\/www.meydan.tv\/wp-content\/uploads\/krmv1968.jpg","type":"image\/jpeg"}],"author":"elli","twitter_card":"summary_large_image","twitter_creator":"@elli","schema":{"@context":"https:\/\/schema.org","@graph":[{"@type":"Article","@id":"https:\/\/www.meydan.tv\/az\/article\/bakida-jurnalist-polis-zorakiligi-ile-uzlesdi-vesiqesi-alindi\/#article","isPartOf":{"@id":"https:\/\/www.meydan.tv\/az\/article\/bakida-jurnalist-polis-zorakiligi-ile-uzlesdi-vesiqesi-alindi\/"},"author":{"name":"elli","@id":"https:\/\/www.meydan.tv\/az\/#\/schema\/person\/9cdbecf90d17180ce1dfbd95b08dcf47"},"headline":"Bak\u0131da jurnalist polis zorak\u0131l\u0131\u011f\u0131 il\u0259 \u00fczl\u0259\u015fdi, v\u0259siq\u0259si al\u0131nd\u0131","datePublished":"2022-06-22T14:33:25+00:00","dateModified":"2022-06-22T14:33:27+00:00","mainEntityOfPage":{"@id":"https:\/\/www.meydan.tv\/az\/article\/bakida-jurnalist-polis-zorakiligi-ile-uzlesdi-vesiqesi-alindi\/"},"wordCount":632,"publisher":{"@id":"https:\/\/www.meydan.tv\/az\/#organization"},"image":{"@id":"https:\/\/www.meydan.tv\/az\/article\/bakida-jurnalist-polis-zorakiligi-ile-uzlesdi-vesiqesi-alindi\/#primaryimage"},"thumbnailUrl":"https:\/\/www.meydan.tv\/wp-content\/uploads\/krmv1968.jpg","articleSection":["Siyas\u0259t","T\u00f6vsiy\u0259","X\u0259b\u0259rl\u0259r"],"inLanguage":"az"},{"@type":"WebPage","@id":"https:\/\/www.meydan.tv\/az\/article\/bakida-jurnalist-polis-zorakiligi-ile-uzlesdi-vesiqesi-alindi\/","url":"https:\/\/www.meydan.tv\/az\/article\/bakida-jurnalist-polis-zorakiligi-ile-uzlesdi-vesiqesi-alindi\/","name":"Bak\u0131da jurnalist polis zorak\u0131l\u0131\u011f\u0131 il\u0259 \u00fczl\u0259\u015fdi, v\u0259siq\u0259si al\u0131nd\u0131 - MEYDAN.TV","isPartOf":{"@id":"https:\/\/www.meydan.tv\/az\/#website"},"primaryImageOfPage":{"@id":"https:\/\/www.meydan.tv\/az\/article\/bakida-jurnalist-polis-zorakiligi-ile-uzlesdi-vesiqesi-alindi\/#primaryimage"},"image":{"@id":"https:\/\/www.meydan.tv\/az\/article\/bakida-jurnalist-polis-zorakiligi-ile-uzlesdi-vesiqesi-alindi\/#primaryimage"},"thumbnailUrl":"https:\/\/www.meydan.tv\/wp-content\/uploads\/krmv1968.jpg","datePublished":"2022-06-22T14:33:25+00:00","dateModified":"2022-06-22T14:33:27+00:00","breadcrumb":{"@id":"https:\/\/www.meydan.tv\/az\/article\/bakida-jurnalist-polis-zorakiligi-ile-uzlesdi-vesiqesi-alindi\/#breadcrumb"},"inLanguage":"az","potentialAction":[{"@type":"ReadAction","target":["https:\/\/www.meydan.tv\/az\/article\/bakida-jurnalist-polis-zorakiligi-ile-uzlesdi-vesiqesi-alindi\/"]}]},{"@type":"ImageObject","inLanguage":"az","@id":"https:\/\/www.meydan.tv\/az\/article\/bakida-jurnalist-polis-zorakiligi-ile-uzlesdi-vesiqesi-alindi\/#primaryimage","url":"https:\/\/www.meydan.tv\/wp-content\/uploads\/krmv1968.jpg","contentUrl":"https:\/\/www.meydan.tv\/wp-content\/uploads\/krmv1968.jpg","width":1800,"height":1200,"caption":"N\u0259rgiz Absalamova (ortada q\u0131rm\u0131z\u0131 paltarda), Foto: Meydan TV"},{"@type":"BreadcrumbList","@id":"https:\/\/www.meydan.tv\/az\/article\/bakida-jurnalist-polis-zorakiligi-ile-uzlesdi-vesiqesi-alindi\/#breadcrumb","itemListElement":[{"@type":"ListItem","position":1,"name":"Ana s\u0259hif\u0259","item":"https:\/\/www.meydan.tv\/az\/"},{"@type":"ListItem","position":2,"name":"Siyas\u0259t","item":"https:\/\/www.meydan.tv\/az\/section\/siyaset\/"},{"@type":"ListItem","position":3,"name":"Bak\u0131da jurnalist polis zorak\u0131l\u0131\u011f\u0131 il\u0259 \u00fczl\u0259\u015fdi, v\u0259siq\u0259si al\u0131nd\u0131"}]},{"@type":"WebSite","@id":"https:\/\/www.meydan.tv\/az\/#website","url":"https:\/\/www.meydan.tv\/az\/","name":"MEYDAN.TV","description":"Meydan TV Az\u0259rbaycan\u0131n media m\u0259kan\u0131ndak\u0131 alternativ s\u0259sidir","publisher":{"@id":"https:\/\/www.meydan.tv\/az\/#organization"},"potentialAction":[{"@type":"SearchAction","target":{"@type":"EntryPoint","urlTemplate":"https:\/\/www.meydan.tv\/az\/?s={search_term_string}"},"query-input":{"@type":"PropertyValueSpecification","valueRequired":true,"valueName":"search_term_string"}}],"inLanguage":"az"},{"@type":"Organization","@id":"https:\/\/www.meydan.tv\/az\/#organization","name":"Meydan TV","url":"https:\/\/www.meydan.tv\/az\/","logo":{"@type":"ImageObject","inLanguage":"az","@id":"https:\/\/www.meydan.tv\/az\/#\/schema\/logo\/image\/","url":"https:\/\/www.meydan.tv\/wp-content\/uploads\/2021\/07\/meydan-logo.svg","contentUrl":"https:\/\/www.meydan.tv\/wp-content\/uploads\/2021\/07\/meydan-logo.svg","width":195,"height":46,"caption":"Meydan TV"},"image":{"@id":"https:\/\/www.meydan.tv\/az\/#\/schema\/logo\/image\/"}},{"@type":"Person","@id":"https:\/\/www.meydan.tv\/az\/#\/schema\/person\/9cdbecf90d17180ce1dfbd95b08dcf47","name":"elli","sameAs":["https:\/\/x.com\/elli"]}]}},"_links":{"self":[{"href":"https:\/\/www.meydan.tv\/az\/wp-json\/wp\/v2\/posts\/249080","targetHints":{"allow":["GET"]}}],"collection":[{"href":"https:\/\/www.meydan.tv\/az\/wp-json\/wp\/v2\/posts"}],"about":[{"href":"https:\/\/www.meydan.tv\/az\/wp-json\/wp\/v2\/types\/post"}],"author":[{"embeddable":true,"href":"https:\/\/www.meydan.tv\/az\/wp-json\/wp\/v2\/users\/8"}],"replies":[{"embeddable":true,"href":"https:\/\/www.meydan.tv\/az\/wp-json\/wp\/v2\/comments?post=249080"}],"version-history":[{"count":1,"href":"https:\/\/www.meydan.tv\/az\/wp-json\/wp\/v2\/posts\/249080\/revisions"}],"predecessor-version":[{"id":249081,"href":"https:\/\/www.meydan.tv\/az\/wp-json\/wp\/v2\/posts\/249080\/revisions\/249081"}],"wp:featuredmedia":[{"embeddable":true,"href":"https:\/\/www.meydan.tv\/az\/wp-json\/wp\/v2\/media\/230532"}],"wp:attachment":[{"href":"https:\/\/www.meydan.tv\/az\/wp-json\/wp\/v2\/media?parent=249080"}],"wp:term":[{"taxonomy":"category","embeddable":true,"href":"https:\/\/www.meydan.tv\/az\/wp-json\/wp\/v2\/categories?post=249080"},{"taxonomy":"post_tag","embeddable":true,"href":"https:\/\/www.meydan.tv\/az\/wp-json\/wp\/v2\/tags?post=249080"}],"curies":[{"name":"wp","href":"https:\/\/api.w.org\/{rel}","templated":true}]}}