{"id":249012,"date":"2022-06-22T08:35:06","date_gmt":"2022-06-22T04:35:06","guid":{"rendered":"https:\/\/www.meydan.tv\/?p=249012"},"modified":"2022-06-22T08:35:08","modified_gmt":"2022-06-22T04:35:08","slug":"nugedililer-mescidimizden-her-gun-bir-das-qopub-dusur","status":"publish","type":"post","link":"https:\/\/www.meydan.tv\/az\/article\/nugedililer-mescidimizden-her-gun-bir-das-qopub-dusur\/","title":{"rendered":"N\u00fcg\u0259dilil\u0259r: \u201cM\u0259scidimizd\u0259n h\u0259r g\u00fcn bir da\u015f qopub d\u00fc\u015f\u00fcr\u201d"},"content":{"rendered":"\n<p><\/p>\n\n\n\n<p><em>K\u0259nd sakinl\u0259ri m\u0259scidin bax\u0131ms\u0131z qald\u0131\u011f\u0131n\u0131, nazirliks\u0259 tikilinin b\u0259rpas\u0131n\u0131n diqq\u0259td\u0259 saxland\u0131\u011f\u0131n\u0131 iddia edir<\/em><\/p>\n\n\n\n<p>\u201cM\u0259scidimiz da\u011f\u0131l\u0131r, da\u015flar qopub d\u00fc\u015f\u00fcr. D\u0259f\u0259l\u0259rl\u0259 aidiyy\u0259ti qurumlara m\u00fcraci\u0259t etmi\u015fik. Q\u0259zal\u0131 bina kimi siyah\u0131ya al\u0131nsa da, he\u00e7 bir i\u015f g\u00f6r\u00fclm\u00fcr\u201d.<\/p>\n\n\n\n<p>Quban\u0131n Birinci N\u00fcg\u0259di k\u0259nd sakinl\u0259ri Meydan TV-y\u0259 dan\u0131\u015f\u0131rlar ki, k\u0259ndd\u0259ki yegan\u0259 ibad\u0259t yeri olan m\u0259scid da\u011f\u0131l\u0131b, yox olmaq \u00fczr\u0259dir.<\/p>\n\n\n\n<p>M\u0259scid XIX \u0259srin \u0259vv\u0259ll\u0259rin\u0259 aiddir. Tikili \u00e7iy k\u0259rpicd\u0259ndir, minar\u0259s\u0259 q\u0131rm\u0131z\u0131 k\u0259rpicd\u0259n in\u015fa olunub. Minar\u0259nin \u00fcz\u0259rind\u0259ki yaz\u0131l\u0131ya g\u00f6r\u0259, m\u0259scidi Molla Z\u0259ki Solban o\u011flu tikdirib.<\/p>\n\n\n\n<p>Sovet d\u00f6vr\u00fcnd\u0259 m\u0259scidd\u0259n kinoklub, idman zal\u0131 v\u0259 anbar kimi istifad\u0259 olunub. \u018ftraf\u0131ndak\u0131 h\u00fccr\u0259l\u0259rs\u0259 u\u015faq ba\u011f\u00e7as\u0131na verilib. Anbar kimi f\u0259aliyy\u0259t g\u00f6st\u0259r\u0259n vaxt m\u0259scidin taxta d\u00f6\u015f\u0259m\u0259l\u0259ri s\u00f6k\u00fcl\u00fcb, \u00fczl\u00fck da\u015flarla \u0259v\u0259z edilib. Binan\u0131n dam \u00f6rt\u00fcy\u00fc eroziyaya u\u011frad\u0131\u011f\u0131 \u00fc\u00e7\u00fcn 1986-c\u0131 ild\u0259 d\u0259yi\u015fdirilib, xarici fasadlar\u0131 yenil\u0259nib. Lakin i\u00e7\u0259ri t\u0259r\u0259fi t\u0259mir olunmay\u0131b. Sovet h\u00f6kum\u0259ti da\u011f\u0131landan sonra bina yen\u0259 m\u0259scid kimi istifad\u0259 olunma\u011fa ba\u015flay\u0131b. Ancaq haz\u0131rda m\u0259scid q\u0259zal\u0131 v\u0259ziyy\u0259td\u0259dir.<\/p>\n\n\n\n<figure class=\"wp-block-image size-large\"><img decoding=\"async\" width=\"1113\" height=\"821\" data-src=\"https:\/\/www.meydan.tv\/wp-content\/uploads\/mescid_1-1113x821.jpeg\" alt=\"\" class=\"wp-image-249009 lazyload\" src=\"data:image\/svg+xml;base64,PHN2ZyB3aWR0aD0iMSIgaGVpZ2h0PSIxIiB4bWxucz0iaHR0cDovL3d3dy53My5vcmcvMjAwMC9zdmciPjwvc3ZnPg==\" style=\"--smush-placeholder-width: 1113px; --smush-placeholder-aspect-ratio: 1113\/821;\" \/><figcaption>Foto: Meydan TV<\/figcaption><\/figure>\n\n\n\n<p>M\u0259scidin dini icmas\u0131 Dini Qurumlarla \u0130\u015f \u00fczr\u0259 D\u00f6vl\u0259t Komit\u0259sind\u0259n qeydiyyatdan ke\u00e7\u0259r\u0259k f\u0259aliyy\u0259t g\u00f6st\u0259rir. K\u0259nd sakinl\u0259ri m\u0259scidin t\u0259mir olunmas\u0131n\u0131 ist\u0259yir:<\/p>\n\n\n\n<p>\u201c\u00c7\u00f6l divarlar\u0131 da\u011f\u0131l\u0131b, i\u00e7\u0259risi d\u0259 b\u0259rbad v\u0259ziyy\u0259td\u0259dir. Haz\u0131rda qap\u0131s\u0131 q\u0131f\u0131ll\u0131d\u0131r dey\u0259, fotolar\u0131n\u0131 \u00e7\u0259kib g\u00f6nd\u0259r\u0259 bilmirik. Bel\u0259 gets\u0259, bir tarixi abid\u0259 yox olacaq\u201d.<\/p>\n\n\n\n<p>M\u0259scidin imam\u0131 b\u0259rpa i\u015fl\u0259ri \u00fc\u00e7\u00fcn d\u0259f\u0259l\u0259rl\u0259 Dini Qurumlarla \u0130\u015f \u00fczr\u0259 D\u00f6vl\u0259t Komit\u0259sin\u0259, M\u0259d\u0259niyy\u0259t Nazirliyin\u0259 m\u00fcraci\u0259t edib. Nazirlikd\u0259n n\u00fcmay\u0259nd\u0259l\u0259r g\u0259lib, m\u0259scidin \u015f\u0259kill\u0259rini \u00e7\u0259kibl\u0259r, smetas\u0131n\u0131 da haz\u0131rlay\u0131blar. Deyibl\u0259r ki, t\u0259mir olunacaq.<\/p>\n\n\n\n<p>\u201cLakin ill\u0259r ke\u00e7s\u0259 d\u0259, qurumdan s\u0259s \u00e7\u0131xmay\u0131b. K\u0259nd camaat\u0131 \u00f6z hesablar\u0131na t\u0259mir i\u015fl\u0259rin\u0259 t\u0259\u015f\u0259bb\u00fcs g\u00f6st\u0259ribl\u0259r. Onlar eroziyaya u\u011fram\u0131\u015f taxta p\u0259nc\u0259r\u0259l\u0259ri plastik p\u0259nc\u0259r\u0259 il\u0259 \u0259v\u0259z edibl\u0259r\u201d, &#8211; k\u0259nd sakinl\u0259ri deyir.<\/p>\n\n\n\n<figure class=\"wp-block-image size-full\"><img decoding=\"async\" width=\"1200\" height=\"539\" data-src=\"https:\/\/www.meydan.tv\/wp-content\/uploads\/mescid3.jpeg\" alt=\"\" class=\"wp-image-249006 lazyload\" src=\"data:image\/svg+xml;base64,PHN2ZyB3aWR0aD0iMSIgaGVpZ2h0PSIxIiB4bWxucz0iaHR0cDovL3d3dy53My5vcmcvMjAwMC9zdmciPjwvc3ZnPg==\" style=\"--smush-placeholder-width: 1200px; --smush-placeholder-aspect-ratio: 1200\/539;\" \/><figcaption>Foto: Meydan TV<\/figcaption><\/figure>\n\n\n\n<p>Q\u0259zal\u0131 v\u0259ziyy\u0259td\u0259 olmas\u0131na baxmayaraq, sakinl\u0259r m\u0259scidd\u0259n istifad\u0259 edirl\u0259r. \u018fsas\u0259n c\u00fcm\u0259 g\u00fcnl\u0259ri bura y\u0131\u011f\u0131\u015f\u0131r, ibad\u0259tl\u0259 m\u0259\u015f\u011ful olurlar.<\/p>\n\n\n\n<p>M\u0259d\u0259niyy\u0259t Nazirliyi Yan\u0131nda M\u0259d\u0259ni \u0130rsin Qorunmas\u0131, \u0130nki\u015faf\u0131 v\u0259 B\u0259rpas\u0131 \u00fczr\u0259 D\u00f6vl\u0259t Xidm\u0259tinin sektor m\u00fcdiri Nurid\u0259 Allahyarova Meydan TV-y\u0259 bildirib ki, bu tikili Nazirl\u0259r Kabinetinin 2 avqust 2001-ci il tarixli q\u0259rar\u0131 il\u0259 d\u00f6vl\u0259t qeydiyyat\u0131na g\u00f6t\u00fcr\u00fclm\u00fc\u015f da\u015f\u0131nmaz tarix v\u0259 m\u0259d\u0259niyy\u0259t abid\u0259l\u0259rinin siyah\u0131s\u0131na yerli \u0259h\u0259miyy\u0259tli memarl\u0131q abid\u0259si qismind\u0259 daxil edilib:<\/p>\n\n\n\n<p>\u201cTarixi abid\u0259nin b\u0259rpa olunmas\u0131na ehtiyac var. Yerli \u0259h\u0259miyy\u0259tli memarl\u0131q abid\u0259si olan bu m\u0259scidin b\u0259rpa olunaraq istifad\u0259 edilm\u0259si m\u0259s\u0259l\u0259si diqq\u0259td\u0259 saxlan\u0131l\u0131r. Bu m\u0259qs\u0259dl\u0259 m\u0259scidin b\u0259rpa olunmas\u0131 \u00fc\u00e7\u00fcn d\u00f6vl\u0259t b\u00fcdc\u0259sind\u0259 d\u00f6vl\u0259t \u0259sasl\u0131 v\u0259sait qoyulu\u015fu hesab\u0131na tikintisi n\u0259z\u0259rd\u0259 tutulmu\u015f layih\u0259l\u0259rin siyah\u0131s\u0131na daxil edilib\u201d.<\/p>\n\n\n\n<figure class=\"wp-block-image size-large\"><img decoding=\"async\" width=\"625\" height=\"821\" data-src=\"https:\/\/www.meydan.tv\/wp-content\/uploads\/mescid_2-625x821.jpeg\" alt=\"\" class=\"wp-image-249000 lazyload\" src=\"data:image\/svg+xml;base64,PHN2ZyB3aWR0aD0iMSIgaGVpZ2h0PSIxIiB4bWxucz0iaHR0cDovL3d3dy53My5vcmcvMjAwMC9zdmciPjwvc3ZnPg==\" style=\"--smush-placeholder-width: 625px; --smush-placeholder-aspect-ratio: 625\/821;\" \/><figcaption>Foto: Meydan TV<\/figcaption><\/figure>\n\n\n\n<p>Nurid\u0259 Allahyarova deyib ki, tarixi abid\u0259l\u0259r m\u00fcvafiq siyah\u0131ya daxil edil\u0259r\u0259k m\u0259rh\u0259l\u0259li \u015f\u0259kild\u0259 b\u0259rpa, konservasiya i\u015fl\u0259ri h\u0259yata ke\u00e7irilir. H\u0259min m\u0259scidin d\u0259 investisiya layih\u0259l\u0259rinin icras\u0131 \u00e7\u0259r\u00e7iv\u0259sind\u0259 b\u0259rpas\u0131 planla\u015fd\u0131r\u0131l\u0131r. O bildirib ki, bu c\u00fcr abid\u0259l\u0259rin t\u0259mir-b\u0259rpa v\u0259 tikintisi \u00fc\u00e7\u00fcn f\u0259rdi sahibkarlar, h\u00fcquqi \u015f\u0259xsl\u0259r, v\u0259t\u0259nda\u015flar da D\u00f6vl\u0259t Xidm\u0259tin\u0259 m\u00fcraci\u0259t ed\u0259 bil\u0259rl\u0259r: <\/p>\n\n\n\n<p>\u201cM\u00fcraci\u0259tl\u0259r\u0259 bax\u0131lacaq v\u0259 m\u00fct\u0259x\u0259ssisl\u0259r t\u0259r\u0259find\u0259n n\u0259z\u0259r\u0259 al\u0131nacaq v\u0259 m\u00fcvafiq layih\u0259l\u0259ri haz\u0131rland\u0131qdan sonra uy\u011fun \u015f\u0259kild\u0259 D\u00f6vl\u0259t Xidm\u0259tinin \u0259m\u0259kda\u015flar\u0131n\u0131n i\u015ftirak\u0131 il\u0259 t\u0259mir-b\u0259rpa v\u0259 tikintisi t\u0259min oluna bil\u0259r\u201d.<\/p>\n\n\n\n<p><\/p>\n","protected":false},"excerpt":{"rendered":"<p>K\u0259nd sakinl\u0259ri m\u0259scidin bax\u0131ms\u0131z qald\u0131\u011f\u0131n\u0131, nazirliks\u0259 tikilinin b\u0259rpas\u0131n\u0131n diqq\u0259td\u0259 saxland\u0131\u011f\u0131n\u0131 &#8230; <\/p>\n<p class=\"read-more-container\"><a title=\"N\u00fcg\u0259dilil\u0259r: \u201cM\u0259scidimizd\u0259n h\u0259r g\u00fcn bir da\u015f qopub d\u00fc\u015f\u00fcr\u201d\" class=\"read-more button\" href=\"https:\/\/www.meydan.tv\/az\/article\/nugedililer-mescidimizden-her-gun-bir-das-qopub-dusur\/#more-249012\" aria-label=\"Read more about N\u00fcg\u0259dilil\u0259r: \u201cM\u0259scidimizd\u0259n h\u0259r g\u00fcn bir da\u015f qopub d\u00fc\u015f\u00fcr\u201d\">Davam\u0131<\/a><\/p>\n","protected":false},"author":8,"featured_media":249003,"comment_status":"closed","ping_status":"closed","sticky":false,"template":"","format":"standard","meta":{"_acf_changed":false,"_sitemap_exclude":false,"_sitemap_priority":"","_sitemap_frequency":"","footnotes":""},"categories":[60,79,56],"tags":[],"class_list":["post-249012","post","type-post","status-publish","format-standard","has-post-thumbnail","hentry","category-bolge","category-featured","category-xeberler","infinite-scroll-item","generate-columns","tablet-grid-50","mobile-grid-100","grid-parent","grid-33","no-featured-image-padding"],"acf":[],"yoast_head":"<!-- This site is optimized with the Yoast SEO plugin v27.5 - https:\/\/yoast.com\/product\/yoast-seo-wordpress\/ -->\n<title>N\u00fcg\u0259dilil\u0259r: \u201cM\u0259scidimizd\u0259n h\u0259r g\u00fcn bir da\u015f qopub d\u00fc\u015f\u00fcr\u201d - MEYDAN.TV<\/title>\n<meta name=\"robots\" content=\"index, follow, max-snippet:-1, max-image-preview:large, max-video-preview:-1\" \/>\n<link rel=\"canonical\" href=\"https:\/\/www.meydan.tv\/az\/article\/nugedililer-mescidimizden-her-gun-bir-das-qopub-dusur\/\" \/>\n<meta property=\"og:locale\" content=\"az_AZ\" \/>\n<meta property=\"og:type\" content=\"article\" \/>\n<meta property=\"og:title\" content=\"N\u00fcg\u0259dilil\u0259r: \u201cM\u0259scidimizd\u0259n h\u0259r g\u00fcn bir da\u015f qopub d\u00fc\u015f\u00fcr\u201d - MEYDAN.TV\" \/>\n<meta property=\"og:description\" content=\"K\u0259nd sakinl\u0259ri m\u0259scidin bax\u0131ms\u0131z qald\u0131\u011f\u0131n\u0131, nazirliks\u0259 tikilinin b\u0259rpas\u0131n\u0131n diqq\u0259td\u0259 saxland\u0131\u011f\u0131n\u0131 ... Davam\u0131\" \/>\n<meta property=\"og:url\" content=\"https:\/\/www.meydan.tv\/az\/article\/nugedililer-mescidimizden-her-gun-bir-das-qopub-dusur\/\" \/>\n<meta property=\"og:site_name\" content=\"MEYDAN.TV\" \/>\n<meta property=\"article:published_time\" content=\"2022-06-22T04:35:06+00:00\" \/>\n<meta property=\"article:modified_time\" content=\"2022-06-22T04:35:08+00:00\" \/>\n<meta property=\"og:image\" content=\"https:\/\/www.meydan.tv\/wp-content\/uploads\/mescid4.jpeg\" \/>\n\t<meta property=\"og:image:width\" content=\"1200\" \/>\n\t<meta property=\"og:image:height\" content=\"539\" \/>\n\t<meta property=\"og:image:type\" content=\"image\/jpeg\" \/>\n<meta name=\"author\" content=\"elli\" \/>\n<meta name=\"twitter:card\" content=\"summary_large_image\" \/>\n<meta name=\"twitter:creator\" content=\"@elli\" \/>\n<script type=\"application\/ld+json\" class=\"yoast-schema-graph\">{\"@context\":\"https:\\\/\\\/schema.org\",\"@graph\":[{\"@type\":\"Article\",\"@id\":\"https:\\\/\\\/www.meydan.tv\\\/az\\\/article\\\/nugedililer-mescidimizden-her-gun-bir-das-qopub-dusur\\\/#article\",\"isPartOf\":{\"@id\":\"https:\\\/\\\/www.meydan.tv\\\/az\\\/article\\\/nugedililer-mescidimizden-her-gun-bir-das-qopub-dusur\\\/\"},\"author\":{\"name\":\"elli\",\"@id\":\"https:\\\/\\\/www.meydan.tv\\\/az\\\/#\\\/schema\\\/person\\\/9cdbecf90d17180ce1dfbd95b08dcf47\"},\"headline\":\"N\u00fcg\u0259dilil\u0259r: \u201cM\u0259scidimizd\u0259n h\u0259r g\u00fcn bir da\u015f qopub d\u00fc\u015f\u00fcr\u201d\",\"datePublished\":\"2022-06-22T04:35:06+00:00\",\"dateModified\":\"2022-06-22T04:35:08+00:00\",\"mainEntityOfPage\":{\"@id\":\"https:\\\/\\\/www.meydan.tv\\\/az\\\/article\\\/nugedililer-mescidimizden-her-gun-bir-das-qopub-dusur\\\/\"},\"wordCount\":788,\"publisher\":{\"@id\":\"https:\\\/\\\/www.meydan.tv\\\/az\\\/#organization\"},\"image\":{\"@id\":\"https:\\\/\\\/www.meydan.tv\\\/az\\\/article\\\/nugedililer-mescidimizden-her-gun-bir-das-qopub-dusur\\\/#primaryimage\"},\"thumbnailUrl\":\"https:\\\/\\\/www.meydan.tv\\\/wp-content\\\/uploads\\\/mescid4.jpeg\",\"articleSection\":[\"B\u00f6lg\u0259\",\"T\u00f6vsiy\u0259\",\"X\u0259b\u0259rl\u0259r\"],\"inLanguage\":\"az\"},{\"@type\":\"WebPage\",\"@id\":\"https:\\\/\\\/www.meydan.tv\\\/az\\\/article\\\/nugedililer-mescidimizden-her-gun-bir-das-qopub-dusur\\\/\",\"url\":\"https:\\\/\\\/www.meydan.tv\\\/az\\\/article\\\/nugedililer-mescidimizden-her-gun-bir-das-qopub-dusur\\\/\",\"name\":\"N\u00fcg\u0259dilil\u0259r: \u201cM\u0259scidimizd\u0259n h\u0259r g\u00fcn bir da\u015f qopub d\u00fc\u015f\u00fcr\u201d - MEYDAN.TV\",\"isPartOf\":{\"@id\":\"https:\\\/\\\/www.meydan.tv\\\/az\\\/#website\"},\"primaryImageOfPage\":{\"@id\":\"https:\\\/\\\/www.meydan.tv\\\/az\\\/article\\\/nugedililer-mescidimizden-her-gun-bir-das-qopub-dusur\\\/#primaryimage\"},\"image\":{\"@id\":\"https:\\\/\\\/www.meydan.tv\\\/az\\\/article\\\/nugedililer-mescidimizden-her-gun-bir-das-qopub-dusur\\\/#primaryimage\"},\"thumbnailUrl\":\"https:\\\/\\\/www.meydan.tv\\\/wp-content\\\/uploads\\\/mescid4.jpeg\",\"datePublished\":\"2022-06-22T04:35:06+00:00\",\"dateModified\":\"2022-06-22T04:35:08+00:00\",\"breadcrumb\":{\"@id\":\"https:\\\/\\\/www.meydan.tv\\\/az\\\/article\\\/nugedililer-mescidimizden-her-gun-bir-das-qopub-dusur\\\/#breadcrumb\"},\"inLanguage\":\"az\",\"potentialAction\":[{\"@type\":\"ReadAction\",\"target\":[\"https:\\\/\\\/www.meydan.tv\\\/az\\\/article\\\/nugedililer-mescidimizden-her-gun-bir-das-qopub-dusur\\\/\"]}]},{\"@type\":\"ImageObject\",\"inLanguage\":\"az\",\"@id\":\"https:\\\/\\\/www.meydan.tv\\\/az\\\/article\\\/nugedililer-mescidimizden-her-gun-bir-das-qopub-dusur\\\/#primaryimage\",\"url\":\"https:\\\/\\\/www.meydan.tv\\\/wp-content\\\/uploads\\\/mescid4.jpeg\",\"contentUrl\":\"https:\\\/\\\/www.meydan.tv\\\/wp-content\\\/uploads\\\/mescid4.jpeg\",\"width\":1200,\"height\":539,\"caption\":\"Foto: Meydan TV\"},{\"@type\":\"BreadcrumbList\",\"@id\":\"https:\\\/\\\/www.meydan.tv\\\/az\\\/article\\\/nugedililer-mescidimizden-her-gun-bir-das-qopub-dusur\\\/#breadcrumb\",\"itemListElement\":[{\"@type\":\"ListItem\",\"position\":1,\"name\":\"Ana s\u0259hif\u0259\",\"item\":\"https:\\\/\\\/www.meydan.tv\\\/az\\\/\"},{\"@type\":\"ListItem\",\"position\":2,\"name\":\"B\u00f6lg\u0259\",\"item\":\"https:\\\/\\\/www.meydan.tv\\\/az\\\/section\\\/bolge\\\/\"},{\"@type\":\"ListItem\",\"position\":3,\"name\":\"N\u00fcg\u0259dilil\u0259r: \u201cM\u0259scidimizd\u0259n h\u0259r g\u00fcn bir da\u015f qopub d\u00fc\u015f\u00fcr\u201d\"}]},{\"@type\":\"WebSite\",\"@id\":\"https:\\\/\\\/www.meydan.tv\\\/az\\\/#website\",\"url\":\"https:\\\/\\\/www.meydan.tv\\\/az\\\/\",\"name\":\"MEYDAN.TV\",\"description\":\"Meydan TV Az\u0259rbaycan\u0131n media m\u0259kan\u0131ndak\u0131 alternativ s\u0259sidir\",\"publisher\":{\"@id\":\"https:\\\/\\\/www.meydan.tv\\\/az\\\/#organization\"},\"potentialAction\":[{\"@type\":\"SearchAction\",\"target\":{\"@type\":\"EntryPoint\",\"urlTemplate\":\"https:\\\/\\\/www.meydan.tv\\\/az\\\/?s={search_term_string}\"},\"query-input\":{\"@type\":\"PropertyValueSpecification\",\"valueRequired\":true,\"valueName\":\"search_term_string\"}}],\"inLanguage\":\"az\"},{\"@type\":\"Organization\",\"@id\":\"https:\\\/\\\/www.meydan.tv\\\/az\\\/#organization\",\"name\":\"Meydan TV\",\"url\":\"https:\\\/\\\/www.meydan.tv\\\/az\\\/\",\"logo\":{\"@type\":\"ImageObject\",\"inLanguage\":\"az\",\"@id\":\"https:\\\/\\\/www.meydan.tv\\\/az\\\/#\\\/schema\\\/logo\\\/image\\\/\",\"url\":\"https:\\\/\\\/www.meydan.tv\\\/wp-content\\\/uploads\\\/2021\\\/07\\\/meydan-logo.svg\",\"contentUrl\":\"https:\\\/\\\/www.meydan.tv\\\/wp-content\\\/uploads\\\/2021\\\/07\\\/meydan-logo.svg\",\"width\":195,\"height\":46,\"caption\":\"Meydan TV\"},\"image\":{\"@id\":\"https:\\\/\\\/www.meydan.tv\\\/az\\\/#\\\/schema\\\/logo\\\/image\\\/\"}},{\"@type\":\"Person\",\"@id\":\"https:\\\/\\\/www.meydan.tv\\\/az\\\/#\\\/schema\\\/person\\\/9cdbecf90d17180ce1dfbd95b08dcf47\",\"name\":\"elli\",\"sameAs\":[\"https:\\\/\\\/x.com\\\/elli\"]}]}<\/script>\n<!-- \/ Yoast SEO plugin. -->","yoast_head_json":{"title":"N\u00fcg\u0259dilil\u0259r: \u201cM\u0259scidimizd\u0259n h\u0259r g\u00fcn bir da\u015f qopub d\u00fc\u015f\u00fcr\u201d - MEYDAN.TV","robots":{"index":"index","follow":"follow","max-snippet":"max-snippet:-1","max-image-preview":"max-image-preview:large","max-video-preview":"max-video-preview:-1"},"canonical":"https:\/\/www.meydan.tv\/az\/article\/nugedililer-mescidimizden-her-gun-bir-das-qopub-dusur\/","og_locale":"az_AZ","og_type":"article","og_title":"N\u00fcg\u0259dilil\u0259r: \u201cM\u0259scidimizd\u0259n h\u0259r g\u00fcn bir da\u015f qopub d\u00fc\u015f\u00fcr\u201d - MEYDAN.TV","og_description":"K\u0259nd sakinl\u0259ri m\u0259scidin bax\u0131ms\u0131z qald\u0131\u011f\u0131n\u0131, nazirliks\u0259 tikilinin b\u0259rpas\u0131n\u0131n diqq\u0259td\u0259 saxland\u0131\u011f\u0131n\u0131 ... Davam\u0131","og_url":"https:\/\/www.meydan.tv\/az\/article\/nugedililer-mescidimizden-her-gun-bir-das-qopub-dusur\/","og_site_name":"MEYDAN.TV","article_published_time":"2022-06-22T04:35:06+00:00","article_modified_time":"2022-06-22T04:35:08+00:00","og_image":[{"width":1200,"height":539,"url":"https:\/\/www.meydan.tv\/wp-content\/uploads\/mescid4.jpeg","type":"image\/jpeg"}],"author":"elli","twitter_card":"summary_large_image","twitter_creator":"@elli","schema":{"@context":"https:\/\/schema.org","@graph":[{"@type":"Article","@id":"https:\/\/www.meydan.tv\/az\/article\/nugedililer-mescidimizden-her-gun-bir-das-qopub-dusur\/#article","isPartOf":{"@id":"https:\/\/www.meydan.tv\/az\/article\/nugedililer-mescidimizden-her-gun-bir-das-qopub-dusur\/"},"author":{"name":"elli","@id":"https:\/\/www.meydan.tv\/az\/#\/schema\/person\/9cdbecf90d17180ce1dfbd95b08dcf47"},"headline":"N\u00fcg\u0259dilil\u0259r: \u201cM\u0259scidimizd\u0259n h\u0259r g\u00fcn bir da\u015f qopub d\u00fc\u015f\u00fcr\u201d","datePublished":"2022-06-22T04:35:06+00:00","dateModified":"2022-06-22T04:35:08+00:00","mainEntityOfPage":{"@id":"https:\/\/www.meydan.tv\/az\/article\/nugedililer-mescidimizden-her-gun-bir-das-qopub-dusur\/"},"wordCount":788,"publisher":{"@id":"https:\/\/www.meydan.tv\/az\/#organization"},"image":{"@id":"https:\/\/www.meydan.tv\/az\/article\/nugedililer-mescidimizden-her-gun-bir-das-qopub-dusur\/#primaryimage"},"thumbnailUrl":"https:\/\/www.meydan.tv\/wp-content\/uploads\/mescid4.jpeg","articleSection":["B\u00f6lg\u0259","T\u00f6vsiy\u0259","X\u0259b\u0259rl\u0259r"],"inLanguage":"az"},{"@type":"WebPage","@id":"https:\/\/www.meydan.tv\/az\/article\/nugedililer-mescidimizden-her-gun-bir-das-qopub-dusur\/","url":"https:\/\/www.meydan.tv\/az\/article\/nugedililer-mescidimizden-her-gun-bir-das-qopub-dusur\/","name":"N\u00fcg\u0259dilil\u0259r: \u201cM\u0259scidimizd\u0259n h\u0259r g\u00fcn bir da\u015f qopub d\u00fc\u015f\u00fcr\u201d - MEYDAN.TV","isPartOf":{"@id":"https:\/\/www.meydan.tv\/az\/#website"},"primaryImageOfPage":{"@id":"https:\/\/www.meydan.tv\/az\/article\/nugedililer-mescidimizden-her-gun-bir-das-qopub-dusur\/#primaryimage"},"image":{"@id":"https:\/\/www.meydan.tv\/az\/article\/nugedililer-mescidimizden-her-gun-bir-das-qopub-dusur\/#primaryimage"},"thumbnailUrl":"https:\/\/www.meydan.tv\/wp-content\/uploads\/mescid4.jpeg","datePublished":"2022-06-22T04:35:06+00:00","dateModified":"2022-06-22T04:35:08+00:00","breadcrumb":{"@id":"https:\/\/www.meydan.tv\/az\/article\/nugedililer-mescidimizden-her-gun-bir-das-qopub-dusur\/#breadcrumb"},"inLanguage":"az","potentialAction":[{"@type":"ReadAction","target":["https:\/\/www.meydan.tv\/az\/article\/nugedililer-mescidimizden-her-gun-bir-das-qopub-dusur\/"]}]},{"@type":"ImageObject","inLanguage":"az","@id":"https:\/\/www.meydan.tv\/az\/article\/nugedililer-mescidimizden-her-gun-bir-das-qopub-dusur\/#primaryimage","url":"https:\/\/www.meydan.tv\/wp-content\/uploads\/mescid4.jpeg","contentUrl":"https:\/\/www.meydan.tv\/wp-content\/uploads\/mescid4.jpeg","width":1200,"height":539,"caption":"Foto: Meydan TV"},{"@type":"BreadcrumbList","@id":"https:\/\/www.meydan.tv\/az\/article\/nugedililer-mescidimizden-her-gun-bir-das-qopub-dusur\/#breadcrumb","itemListElement":[{"@type":"ListItem","position":1,"name":"Ana s\u0259hif\u0259","item":"https:\/\/www.meydan.tv\/az\/"},{"@type":"ListItem","position":2,"name":"B\u00f6lg\u0259","item":"https:\/\/www.meydan.tv\/az\/section\/bolge\/"},{"@type":"ListItem","position":3,"name":"N\u00fcg\u0259dilil\u0259r: \u201cM\u0259scidimizd\u0259n h\u0259r g\u00fcn bir da\u015f qopub d\u00fc\u015f\u00fcr\u201d"}]},{"@type":"WebSite","@id":"https:\/\/www.meydan.tv\/az\/#website","url":"https:\/\/www.meydan.tv\/az\/","name":"MEYDAN.TV","description":"Meydan TV Az\u0259rbaycan\u0131n media m\u0259kan\u0131ndak\u0131 alternativ s\u0259sidir","publisher":{"@id":"https:\/\/www.meydan.tv\/az\/#organization"},"potentialAction":[{"@type":"SearchAction","target":{"@type":"EntryPoint","urlTemplate":"https:\/\/www.meydan.tv\/az\/?s={search_term_string}"},"query-input":{"@type":"PropertyValueSpecification","valueRequired":true,"valueName":"search_term_string"}}],"inLanguage":"az"},{"@type":"Organization","@id":"https:\/\/www.meydan.tv\/az\/#organization","name":"Meydan TV","url":"https:\/\/www.meydan.tv\/az\/","logo":{"@type":"ImageObject","inLanguage":"az","@id":"https:\/\/www.meydan.tv\/az\/#\/schema\/logo\/image\/","url":"https:\/\/www.meydan.tv\/wp-content\/uploads\/2021\/07\/meydan-logo.svg","contentUrl":"https:\/\/www.meydan.tv\/wp-content\/uploads\/2021\/07\/meydan-logo.svg","width":195,"height":46,"caption":"Meydan TV"},"image":{"@id":"https:\/\/www.meydan.tv\/az\/#\/schema\/logo\/image\/"}},{"@type":"Person","@id":"https:\/\/www.meydan.tv\/az\/#\/schema\/person\/9cdbecf90d17180ce1dfbd95b08dcf47","name":"elli","sameAs":["https:\/\/x.com\/elli"]}]}},"_links":{"self":[{"href":"https:\/\/www.meydan.tv\/az\/wp-json\/wp\/v2\/posts\/249012","targetHints":{"allow":["GET"]}}],"collection":[{"href":"https:\/\/www.meydan.tv\/az\/wp-json\/wp\/v2\/posts"}],"about":[{"href":"https:\/\/www.meydan.tv\/az\/wp-json\/wp\/v2\/types\/post"}],"author":[{"embeddable":true,"href":"https:\/\/www.meydan.tv\/az\/wp-json\/wp\/v2\/users\/8"}],"replies":[{"embeddable":true,"href":"https:\/\/www.meydan.tv\/az\/wp-json\/wp\/v2\/comments?post=249012"}],"version-history":[{"count":1,"href":"https:\/\/www.meydan.tv\/az\/wp-json\/wp\/v2\/posts\/249012\/revisions"}],"predecessor-version":[{"id":249013,"href":"https:\/\/www.meydan.tv\/az\/wp-json\/wp\/v2\/posts\/249012\/revisions\/249013"}],"wp:featuredmedia":[{"embeddable":true,"href":"https:\/\/www.meydan.tv\/az\/wp-json\/wp\/v2\/media\/249003"}],"wp:attachment":[{"href":"https:\/\/www.meydan.tv\/az\/wp-json\/wp\/v2\/media?parent=249012"}],"wp:term":[{"taxonomy":"category","embeddable":true,"href":"https:\/\/www.meydan.tv\/az\/wp-json\/wp\/v2\/categories?post=249012"},{"taxonomy":"post_tag","embeddable":true,"href":"https:\/\/www.meydan.tv\/az\/wp-json\/wp\/v2\/tags?post=249012"}],"curies":[{"name":"wp","href":"https:\/\/api.w.org\/{rel}","templated":true}]}}