{"id":248935,"date":"2022-06-21T15:10:22","date_gmt":"2022-06-21T11:10:22","guid":{"rendered":"https:\/\/www.meydan.tv\/?p=248935"},"modified":"2022-06-21T15:10:23","modified_gmt":"2022-06-21T11:10:23","slug":"azerbaycan-futbolunu-nece-xilas-etmeli","status":"publish","type":"post","link":"https:\/\/www.meydan.tv\/az\/article\/azerbaycan-futbolunu-nece-xilas-etmeli\/","title":{"rendered":"Az\u0259rbaycan futbolunu nec\u0259 xilas etm\u0259li?"},"content":{"rendered":"\n<p><\/p>\n\n\n\n<p><em>Futbol \u201c22 n\u0259f\u0259rin bir topun arxas\u0131nca qa\u00e7d\u0131\u011f\u0131 oyun\u201d deyil<\/em><\/p>\n\n\n\n<p><\/p>\n\n\n\n<p>Futbol \u00fczr\u0259 Az\u0259rbaycan milli komandas\u0131n\u0131n UEFA Mill\u0259tl\u0259r Liqas\u0131ndak\u0131 son oyunlar\u0131 g\u00f6st\u0259rdi ki, \u00f6lk\u0259d\u0259 bu idman n\u00f6v\u00fcyl\u0259 ba\u011fl\u0131 bu g\u00fcn\u0259 q\u0259d\u0259r g\u00f6r\u00fcl\u0259n (guya) i\u015fl\u0259r, at\u0131lan add\u0131mlar imitasiyadan ba\u015fqa bir \u015fey olmay\u0131b.<\/p>\n\n\n\n<p>D\u00fcnyada az qala ham\u0131n\u0131n futbol oynama\u011f\u0131 bacard\u0131\u011f\u0131 d\u00f6vrd\u0259 c\u0259mi az\u0259rbaycanl\u0131lar milli komandan\u0131n ild\u0259 bir d\u0259f\u0259 q\u0259l\u0259b\u0259 qazanmas\u0131na sevinir \u2013 F\u0130FA reytinqind\u0259 129-cu yerd\u0259 olan komandan\u0131n\u2026<\/p>\n\n\n\n<p>Nikolay \u00c7ern\u0131\u015fevskinin m\u0259\u015fhur \u0259s\u0259rinin ad\u0131 olan sual adam\u0131n beynini m\u0259\u015f\u011ful etm\u0259kd\u0259n yorulmur: \u201cN\u0259 etm\u0259li?\u201d N\u0259 etm\u0259li ki, Az\u0259rbaycanda da futbol olsun, \u00f6lm\u0259sin? N\u0259 etm\u0259li ki, az\u0259rbaycanl\u0131 futbol\u00e7ular\u0131n s\u0259si d\u0259 Avropa klublar\u0131ndan g\u0259lsin? \u00c7\u0131x\u0131\u015f yollar\u0131, l\u0259n\u0259t \u015feytana, ax\u0131 he\u00e7 olmasa, \u0259n az\u0131 bir \u00e7\u0131x\u0131\u015f yolu olmal\u0131d\u0131r. \u018fslind\u0259 \u00e7\u0131x\u0131\u015f yolu var. Sad\u0259c\u0259, Az\u0259rbaycan futboluna r\u0259hb\u0259rlik ed\u0259nl\u0259r papaqlar\u0131n\u0131 qar\u015f\u0131lar\u0131na qoyub d\u00fc\u015f\u00fcnm\u0259li, real, h\u0259d\u0259f\u0259 y\u00f6n\u0259lik add\u0131mlar atmal\u0131d\u0131rlar.<\/p>\n\n\n\n<p><strong>Milli komandalar\u0131 unutmaq, klub futboluna diqq\u0259t<\/strong><\/p>\n\n\n\n<p>Yar\u0131mba\u015fl\u0131\u011f\u0131 g\u00f6r\u00fcb, d\u0259rhal \u00f6z\u00fcn\u00fczd\u0259n \u00e7\u0131xmay\u0131n, \u201cbu, n\u0259 yaz\u0131r\u201d sual\u0131n\u0131 hirsl\u0259 beyninizd\u0259 s\u0259sl\u0259ndirm\u0259yin. Onsuz da, milli komandalar\u0131 unutsaq da, unutmasaq da, n\u0259tic\u0259l\u0259r g\u00f6z qaba\u011f\u0131ndad\u0131r. \u018fsas milli komandadan ba\u015flam\u0131\u015f, a\u015fa\u011f\u0131 ya\u015f qruplar\u0131 \u00fczr\u0259 y\u0131\u011fmalara kimi, ham\u0131s\u0131 qat\u0131ld\u0131qlar\u0131 yar\u0131\u015flarda \u00fcz\u00fcm\u00fcz\u00fc qara etm\u0259kd\u0259n ba\u015fqa bir \u015fey bacarm\u0131rlar. H\u0259, arabir hans\u0131sa milli komanda u\u011furlu n\u0259tic\u0259 qazan\u0131r. Amma ad\u0131 \u00fcst\u00fcnd\u0259 &#8211; ARAB\u0130R. Arabir, b\u0259z\u0259n, h\u0259rd\u0259n \u2013 bunlar\u0131n da \u00f6z ad\u0131 var \u2013 T\u018fSAD\u00dcF. Biz is\u0259 t\u0259sad\u00fcfi q\u0259l\u0259b\u0259l\u0259r deyil, davaml\u0131 u\u011furlu n\u0259tic\u0259l\u0259r qazanma\u011f\u0131n d\u0259rdind\u0259yik.<\/p>\n\n\n\n<p>T\u0259sad\u00fcfi q\u0259l\u0259b\u0259l\u0259rd\u0259n qa\u00e7\u0131b, g\u0259l\u0259c\u0259kd\u0259 davaml\u0131 olacaq u\u011furlu n\u0259tic\u0259l\u0259r \u0259ld\u0259 etm\u0259k \u00fc\u00e7\u00fcn s\u0259br laz\u0131md\u0131r. Amma s\u0259br ed\u0259rk\u0259n d\u0259, futbol t\u0259s\u0259rr\u00fcfat\u0131ndak\u0131 s\u00f6z sahibl\u0259ri \u0259ll\u0259rini yanlar\u0131na sal\u0131b, g\u00f6zl\u0259m\u0259m\u0259l\u0259dir.<\/p>\n\n\n\n<p>Son ill\u0259rd\u0259 Az\u0259rbaycan\u0131 avrokuboklarda t\u0259kba\u015f\u0131na, u\u011furla t\u0259msil ed\u0259n \u201cQaraba\u011f\u201da ger\u00e7\u0259k bir r\u0259qibin meydanda olmas\u0131 vacibdir. Az\u0259rbaycan Premyer Liqas\u0131n\u0131n son m\u00f6vs\u00fcm\u00fcn\u00fc \u201cQaraba\u011f\u201d \u00e7empion kimi ba\u015fa vurdu. \u00d6z\u00fc d\u0259 bilirsiz nec\u0259? \u018fn yax\u0131n r\u0259qibi olan \u201cNeft\u00e7i\u201dni 19 xal (!) qabaqlayaraq. T\u0259kc\u0259 bu fakt \u00f6lk\u0259nin klub futbolunda da i\u015fl\u0259rin qaydas\u0131nda getm\u0259diyini g\u00f6st\u0259rir. \u0130\u015fl\u0259r qaydas\u0131nda deyil ki, h\u0259r il Az\u0259rbaycan\u0131 avrokuboklarda az-\u00e7ox u\u011furla t\u0259msil ed\u0259n \u201cQaraba\u011f\u201dd\u0131r. R\u0259qab\u0259tin olmad\u0131\u011f\u0131 \u00e7empionatda az qala yeriy\u0259-yeriy\u0259 \u00e7empion olan \u201cQaraba\u011f\u201d. Ancaq eyni zamanda, A\u011fdam t\u0259msil\u00e7isinin h\u0259r il avrokuboklar\u0131n qrup m\u0259rh\u0259l\u0259l\u0259rin\u0259 v\u0259siq\u0259 qazanmas\u0131 o mesaj\u0131 verir ki, bizim u\u011furlu n\u0259tic\u0259 \u0259ld\u0259 ed\u0259 bil\u0259c\u0259yimiz \u0259n yax\u0131n, \u0259n real olan klub futboluna diqq\u0259t ay\u0131rmaqd\u0131r. Bunun \u00fc\u00e7\u00fcn is\u0259 Premyer Liqada r\u0259qab\u0259t yaranmal\u0131, \u201cQaraba\u011f\u201d\u0131n qar\u015f\u0131s\u0131na \u00e7\u0131xacaq r\u0259qib olmal\u0131d\u0131r. F\u0259rqi yoxdur, bu r\u0259qib \u201cNeft\u00e7i\u201d d\u0259 ola bil\u0259r, \u201cZir\u0259\u201d d\u0259, \u201cSabah\u201d da. \u018fsas odur ki, Az\u0259rbaycan\u0131n milli \u00e7empionat\u0131 bir klubun \u201csolo\u201d istedad\u0131n\u0131 g\u00f6st\u0259rdiyi yer olmas\u0131n.<\/p>\n\n\n\n<figure class=\"wp-block-image size-full\"><img decoding=\"async\" width=\"1200\" height=\"800\" data-src=\"https:\/\/www.meydan.tv\/wp-content\/uploads\/mail-2.jpeg\" alt=\"\" class=\"wp-image-248936 lazyload\" src=\"data:image\/svg+xml;base64,PHN2ZyB3aWR0aD0iMSIgaGVpZ2h0PSIxIiB4bWxucz0iaHR0cDovL3d3dy53My5vcmcvMjAwMC9zdmciPjwvc3ZnPg==\" style=\"--smush-placeholder-width: 1200px; --smush-placeholder-aspect-ratio: 1200\/800;\" \/><figcaption>&#8220;Qaraba\u011f&#8221; klub. M\u0259nb\u0259: PFL-in sayt\u0131<\/figcaption><\/figure>\n\n\n\n<p>Q\u0131sas\u0131, n\u00fcmun\u0259 verm\u0259k laz\u0131md\u0131rsa, \u015eotlandiya \u00e7empionat\u0131nda \u201cReyncers\u201dl\u0259 \u201cSeltik\u201d klublar\u0131 nec\u0259 r\u0259qab\u0259t yarad\u0131rsa, Az\u0259rbaycanda da \u201cQaraba\u011f\u201d\u0131n qar\u015f\u0131s\u0131na \u00e7\u0131xacaq klub olmal\u0131d\u0131r. Bu, h\u0259m daha haz\u0131rl\u0131ql\u0131 \u201cQaraba\u011f\u201d\u0131n avrokuboklarda ir\u0259li getm\u0259sin\u0259 k\u00f6m\u0259k ed\u0259 bil\u0259r, h\u0259m d\u0259, Az\u0259rbaycan\u0131 Avropada bir yox, iki komanda u\u011furla t\u0259msil ed\u0259r.<\/p>\n\n\n\n<p>Klub futbolunda u\u011furlu n\u0259tic\u0259 \u0259ld\u0259 etm\u0259k daha asan, daha q\u0131sa yoldur. Sad\u0259c\u0259, d\u00fczg\u00fcn transferl\u0259r etm\u0259k, d\u00fczg\u00fcn ba\u015f m\u0259\u015fq\u00e7iyl\u0259 i\u015fl\u0259m\u0259k, i\u015f\u0259 vicdanla yana\u015fmaq b\u0259s ed\u0259r. Milli komandalarla ba\u011fl\u0131 v\u0259ziyy\u0259t bel\u0259 deyil ax\u0131. S\u0259n milli komandaya futbol\u00e7u transfer ed\u0259 bilmirs\u0259n, futbol\u00e7unu \u00f6z\u00fcn yeti\u015fdirm\u0259lis\u0259n. B\u0259s, futbol\u00e7unu nec\u0259 yeti\u015fdirm\u0259k laz\u0131md\u0131r? Bu sual\u0131n cavab\u0131 Az\u0259rbaycan futbolunun xilas\u0131 dem\u0259kdir.<\/p>\n\n\n\n<p><strong>N\u0259 etm\u0259li?<\/strong><\/p>\n\n\n\n<p>M\u00fcasir futbolun t\u0259l\u0259bl\u0259ri, qaydalar\u0131 ba\u015fqad\u0131r. Futbol \u00e7oxdan, lap \u00e7oxdan \u201c22 n\u0259f\u0259rin bir topun arxas\u0131nca qa\u00e7d\u0131\u011f\u0131 oyun\u201d n\u00f6v\u00fc statusundan \u00e7\u0131x\u0131b, daha d\u0259rin, daha sistematik, daha m\u00fcr\u0259kk\u0259b bir oyuna \u00e7evrilib. Az\u0259rbaycanl\u0131 u\u015faq m\u0259\u015fq\u00e7il\u0259ri bu m\u00fcr\u0259kk\u0259b oyunun inc\u0259likl\u0259rini n\u0259 q\u0259d\u0259r d\u0259rind\u0259n bilirl\u0259r? Milli komandan\u0131n \u00fczv\u00fc, haz\u0131rda Xorvatiyan\u0131n \u201cDinamo\u201d (Zaqreb) klubunda forma geyin\u0259n Mahir Emrelinin az qala dill\u0259r\u0259 dastan olan bir fikri var idi. Mahir Pol\u015fan\u0131n \u201cLegiya\u201d klubunda \u00e7\u0131x\u0131\u015f ed\u0259nd\u0259 \u201cu\u015faq futbolunda \u00f6yr\u0259nm\u0259li oldu\u011fum \u015feyl\u0259ri burda \u00f6yr\u0259nir\u0259m\u201d kimi bir fikir s\u0259sl\u0259ndirmi\u015fdi. T\u0259s\u0259vv\u00fcr edirsiz, bunu Az\u0259rbaycan\u0131n \u0259n yax\u015f\u0131, \u0259n \u00fczd\u0259 olan futbol\u00e7ular\u0131ndan biri deyirs\u0259, g\u00f6r\u00fcn, ba\u015fqa az\u0259rbaycanl\u0131 oyun\u00e7ular n\u0259 v\u0259ziyy\u0259td\u0259dir, onlar\u0131n \u00f6yr\u0259nm\u0259li oldu\u011fu n\u0259 q\u0259d\u0259r \u015feyl\u0259r var.<\/p>\n\n\n\n<figure class=\"wp-block-image size-full\"><img decoding=\"async\" width=\"1200\" height=\"630\" data-src=\"https:\/\/www.meydan.tv\/wp-content\/uploads\/mail-1-1.jpeg\" alt=\"\" class=\"wp-image-248939 lazyload\" src=\"data:image\/svg+xml;base64,PHN2ZyB3aWR0aD0iMSIgaGVpZ2h0PSIxIiB4bWxucz0iaHR0cDovL3d3dy53My5vcmcvMjAwMC9zdmciPjwvc3ZnPg==\" style=\"--smush-placeholder-width: 1200px; --smush-placeholder-aspect-ratio: 1200\/630;\" \/><figcaption> Mahir Emreli. M\u0259nb\u0259: &#8220;Legiya&#8221;n\u0131n r\u0259smi sayt\u0131<\/figcaption><\/figure>\n\n\n\n<p>V\u0259\u2026 \u201cN\u0259 etm\u0259li\u201d sual\u0131n\u0131n cavab\u0131 \u2013 az\u0259rbaycanl\u0131 u\u015faq m\u0259\u015fq\u00e7il\u0259rini Avropaya g\u00f6nd\u0259rm\u0259k laz\u0131md\u0131r, vacibdir, m\u00fctl\u0259qdir! U\u015faqlar\u0131 yox ha, u\u015faq m\u0259\u015fq\u00e7il\u0259rini! Bu s\u0259tirl\u0259ri oxuyan biri varsa v\u0259 futbol haqda \u00e7ox da m\u0259lumatl\u0131 deyils\u0259, daha sad\u0259 dill\u0259 izah ed\u0259k. Az\u0259rbaycanda t\u0259hsilin hans\u0131 s\u0259viyy\u0259d\u0259 oldu\u011fu m\u0259lumdur. Avropan\u0131n \u00e7ox inki\u015faf etmi\u015f \u00f6lk\u0259l\u0259ri bir yana, qon\u015fu T\u00fcrkiy\u0259d\u0259n t\u0259hsil sah\u0259sind\u0259 y\u0259qin az\u0131 yar\u0131m \u0259sr gerid\u0259yik. Bunun bir s\u0259b\u0259bi t\u0259hsild\u0259ki r\u00fc\u015fv\u0259t v\u0259 ba\u015fqa qanunsuzluqlard\u0131rsa, bir s\u0259b\u0259bi d\u0259 t\u0259hsil ver\u0259nin &#8211; m\u00fc\u0259lliml\u0259rin \u00f6zl\u0259rinin laz\u0131mi savad\u0131n\u0131n olmamas\u0131, m\u00fcasir t\u0259l\u0259bl\u0259rl\u0259 ayaqla\u015fmamas\u0131d\u0131r. Adi bir misal: sosial \u015f\u0259b\u0259k\u0259 \u201cingilis dilind\u0259n normal s\u0259viyy\u0259d\u0259 \u00f6yr\u0259d\u0259c\u0259k m\u00fc\u0259llim tapa bilmir\u0259m\u201d \u015fikay\u0259tl\u0259ri il\u0259 doludur. Bax, Az\u0259rbaycandak\u0131 u\u015faq futbol m\u0259\u015fq\u00e7il\u0259ri d\u0259 o \u201claz\u0131mi s\u0259viyy\u0259d\u0259 \u00f6yr\u0259d\u0259 bilm\u0259y\u0259n ingilis dili m\u00fc\u0259lliml\u0259ri\u201d statusundad\u0131r.<\/p>\n\n\n\n<p>15-20 ild\u0259n sonra Az\u0259rbaycandan futbolu normal &#8211; Avropa s\u0259viyy\u0259sind\u0259 oynama\u011f\u0131 bacaran futbol\u00e7ular \u00e7\u0131xmas\u0131n\u0131 ist\u0259yiriks\u0259, u\u015faq m\u0259\u015fq\u00e7il\u0259ri Niderland, \u0130ngilt\u0259r\u0259, Almaniya, Xorvatiya kimi \u00f6lk\u0259l\u0259r\u0259 g\u00f6nd\u0259rilm\u0259lidir. Bu \u00f6lk\u0259l\u0259r u\u015faq futbolundak\u0131 u\u011furlar\u0131 il\u0259 h\u0259r zaman \u00f6y\u00fcn\u00fcrl\u0259r.<\/p>\n\n\n\n<p>AFFA r\u0259hb\u0259rliyi \u00e7oxunun anlad\u0131\u011f\u0131 h\u0259qiq\u0259ti n\u0259hay\u0259t, anlamal\u0131d\u0131r: futbol 22 n\u0259f\u0259rin bir topun arxas\u0131nca qa\u00e7d\u0131\u011f\u0131 oyun n\u00f6v\u00fc statusundan \u00e7oxdan \u00e7\u0131x\u0131b. Onlar bunu anlamal\u0131d\u0131r ki, u\u015faq m\u0259\u015fq\u00e7il\u0259rin\u0259 d\u0259 anlats\u0131nlar, izah etsinl\u0259r. \u0130zah etm\u0259kl\u0259 qalmay\u0131b, Avropan\u0131n futbolu inki\u015faf etmi\u015f \u00f6lk\u0259l\u0259rinin federasiyalar\u0131 il\u0259 dan\u0131\u015f\u0131qlara ba\u015flay\u0131b, m\u00fcqavil\u0259 \u0259sas\u0131nda u\u015faq m\u0259\u015fq\u00e7il\u0259rini \u00f6yr\u0259nm\u0259k \u00fc\u00e7\u00fcn oralara g\u00f6nd\u0259rm\u0259lidirl\u0259r. V\u0259 bunu art\u0131q indi etm\u0259k laz\u0131md\u0131r, vaxt itirm\u0259d\u0259n. Yoxsa\u2026<\/p>\n\n\n\n<p>Yoxsa g\u0259l\u0259c\u0259kd\u0259 Avropan\u0131n hans\u0131sa klubuna transfer olunub, \u201cm\u0259n u\u015faq futbolunda \u00f6yr\u0259nm\u0259li oldu\u011fum \u015feyl\u0259ri burda \u00f6yr\u0259nir\u0259m\u201d dey\u0259n az\u0259rbaycanl\u0131 futbol\u00e7ular\u0131n say\u0131 \u00e7ox olacaq.<\/p>\n","protected":false},"excerpt":{"rendered":"<p>Futbol \u201c22 n\u0259f\u0259rin bir topun arxas\u0131nca qa\u00e7d\u0131\u011f\u0131 oyun\u201d deyil Futbol &#8230; <\/p>\n<p class=\"read-more-container\"><a title=\"Az\u0259rbaycan futbolunu nec\u0259 xilas etm\u0259li?\" class=\"read-more button\" href=\"https:\/\/www.meydan.tv\/az\/article\/azerbaycan-futbolunu-nece-xilas-etmeli\/#more-248935\" aria-label=\"Read more about Az\u0259rbaycan futbolunu nec\u0259 xilas etm\u0259li?\">Davam\u0131<\/a><\/p>\n","protected":false},"author":8,"featured_media":248942,"comment_status":"closed","ping_status":"closed","sticky":false,"template":"","format":"standard","meta":{"_acf_changed":false,"_sitemap_exclude":false,"_sitemap_priority":"","_sitemap_frequency":"","footnotes":""},"categories":[57],"tags":[],"class_list":["post-248935","post","type-post","status-publish","format-standard","has-post-thumbnail","hentry","category-menim-fikrimce","infinite-scroll-item","generate-columns","tablet-grid-50","mobile-grid-100","grid-parent","grid-33","no-featured-image-padding"],"acf":[],"yoast_head":"<!-- This site is optimized with the Yoast SEO plugin v27.4 - https:\/\/yoast.com\/product\/yoast-seo-wordpress\/ -->\n<title>Az\u0259rbaycan futbolunu nec\u0259 xilas etm\u0259li? - MEYDAN.TV<\/title>\n<meta name=\"robots\" content=\"index, follow, max-snippet:-1, max-image-preview:large, max-video-preview:-1\" \/>\n<link rel=\"canonical\" href=\"https:\/\/www.meydan.tv\/az\/article\/azerbaycan-futbolunu-nece-xilas-etmeli\/\" \/>\n<meta property=\"og:locale\" content=\"az_AZ\" \/>\n<meta property=\"og:type\" content=\"article\" \/>\n<meta property=\"og:title\" content=\"Az\u0259rbaycan futbolunu nec\u0259 xilas etm\u0259li? - MEYDAN.TV\" \/>\n<meta property=\"og:description\" content=\"Futbol \u201c22 n\u0259f\u0259rin bir topun arxas\u0131nca qa\u00e7d\u0131\u011f\u0131 oyun\u201d deyil Futbol ... Davam\u0131\" \/>\n<meta property=\"og:url\" content=\"https:\/\/www.meydan.tv\/az\/article\/azerbaycan-futbolunu-nece-xilas-etmeli\/\" \/>\n<meta property=\"og:site_name\" content=\"MEYDAN.TV\" \/>\n<meta property=\"article:published_time\" content=\"2022-06-21T11:10:22+00:00\" \/>\n<meta property=\"article:modified_time\" content=\"2022-06-21T11:10:23+00:00\" \/>\n<meta property=\"og:image\" content=\"https:\/\/www.meydan.tv\/wp-content\/uploads\/mail-3-e1655809805832.jpeg\" \/>\n\t<meta property=\"og:image:width\" content=\"1200\" \/>\n\t<meta property=\"og:image:height\" content=\"738\" \/>\n\t<meta property=\"og:image:type\" content=\"image\/jpeg\" \/>\n<meta name=\"author\" content=\"elli\" \/>\n<meta name=\"twitter:card\" content=\"summary_large_image\" \/>\n<meta name=\"twitter:creator\" content=\"@elli\" \/>\n<script type=\"application\/ld+json\" class=\"yoast-schema-graph\">{\"@context\":\"https:\\\/\\\/schema.org\",\"@graph\":[{\"@type\":\"Article\",\"@id\":\"https:\\\/\\\/www.meydan.tv\\\/az\\\/article\\\/azerbaycan-futbolunu-nece-xilas-etmeli\\\/#article\",\"isPartOf\":{\"@id\":\"https:\\\/\\\/www.meydan.tv\\\/az\\\/article\\\/azerbaycan-futbolunu-nece-xilas-etmeli\\\/\"},\"author\":{\"name\":\"elli\",\"@id\":\"https:\\\/\\\/www.meydan.tv\\\/az\\\/#\\\/schema\\\/person\\\/9cdbecf90d17180ce1dfbd95b08dcf47\"},\"headline\":\"Az\u0259rbaycan futbolunu nec\u0259 xilas etm\u0259li?\",\"datePublished\":\"2022-06-21T11:10:22+00:00\",\"dateModified\":\"2022-06-21T11:10:23+00:00\",\"mainEntityOfPage\":{\"@id\":\"https:\\\/\\\/www.meydan.tv\\\/az\\\/article\\\/azerbaycan-futbolunu-nece-xilas-etmeli\\\/\"},\"wordCount\":1389,\"publisher\":{\"@id\":\"https:\\\/\\\/www.meydan.tv\\\/az\\\/#organization\"},\"image\":{\"@id\":\"https:\\\/\\\/www.meydan.tv\\\/az\\\/article\\\/azerbaycan-futbolunu-nece-xilas-etmeli\\\/#primaryimage\"},\"thumbnailUrl\":\"https:\\\/\\\/www.meydan.tv\\\/wp-content\\\/uploads\\\/mail-3-e1694964773464.jpeg\",\"articleSection\":[\"M\u0259nim Fikrimc\u0259\"],\"inLanguage\":\"az\"},{\"@type\":\"WebPage\",\"@id\":\"https:\\\/\\\/www.meydan.tv\\\/az\\\/article\\\/azerbaycan-futbolunu-nece-xilas-etmeli\\\/\",\"url\":\"https:\\\/\\\/www.meydan.tv\\\/az\\\/article\\\/azerbaycan-futbolunu-nece-xilas-etmeli\\\/\",\"name\":\"Az\u0259rbaycan futbolunu nec\u0259 xilas etm\u0259li? - MEYDAN.TV\",\"isPartOf\":{\"@id\":\"https:\\\/\\\/www.meydan.tv\\\/az\\\/#website\"},\"primaryImageOfPage\":{\"@id\":\"https:\\\/\\\/www.meydan.tv\\\/az\\\/article\\\/azerbaycan-futbolunu-nece-xilas-etmeli\\\/#primaryimage\"},\"image\":{\"@id\":\"https:\\\/\\\/www.meydan.tv\\\/az\\\/article\\\/azerbaycan-futbolunu-nece-xilas-etmeli\\\/#primaryimage\"},\"thumbnailUrl\":\"https:\\\/\\\/www.meydan.tv\\\/wp-content\\\/uploads\\\/mail-3-e1694964773464.jpeg\",\"datePublished\":\"2022-06-21T11:10:22+00:00\",\"dateModified\":\"2022-06-21T11:10:23+00:00\",\"breadcrumb\":{\"@id\":\"https:\\\/\\\/www.meydan.tv\\\/az\\\/article\\\/azerbaycan-futbolunu-nece-xilas-etmeli\\\/#breadcrumb\"},\"inLanguage\":\"az\",\"potentialAction\":[{\"@type\":\"ReadAction\",\"target\":[\"https:\\\/\\\/www.meydan.tv\\\/az\\\/article\\\/azerbaycan-futbolunu-nece-xilas-etmeli\\\/\"]}]},{\"@type\":\"ImageObject\",\"inLanguage\":\"az\",\"@id\":\"https:\\\/\\\/www.meydan.tv\\\/az\\\/article\\\/azerbaycan-futbolunu-nece-xilas-etmeli\\\/#primaryimage\",\"url\":\"https:\\\/\\\/www.meydan.tv\\\/wp-content\\\/uploads\\\/mail-3-e1694964773464.jpeg\",\"contentUrl\":\"https:\\\/\\\/www.meydan.tv\\\/wp-content\\\/uploads\\\/mail-3-e1694964773464.jpeg\",\"width\":1200,\"height\":612,\"caption\":\"M\u0259nb\u0259: AFFA\"},{\"@type\":\"BreadcrumbList\",\"@id\":\"https:\\\/\\\/www.meydan.tv\\\/az\\\/article\\\/azerbaycan-futbolunu-nece-xilas-etmeli\\\/#breadcrumb\",\"itemListElement\":[{\"@type\":\"ListItem\",\"position\":1,\"name\":\"Ana s\u0259hif\u0259\",\"item\":\"https:\\\/\\\/www.meydan.tv\\\/az\\\/\"},{\"@type\":\"ListItem\",\"position\":2,\"name\":\"M\u0259nim Fikrimc\u0259\",\"item\":\"https:\\\/\\\/www.meydan.tv\\\/az\\\/section\\\/menim-fikrimce\\\/\"},{\"@type\":\"ListItem\",\"position\":3,\"name\":\"Az\u0259rbaycan futbolunu nec\u0259 xilas etm\u0259li?\"}]},{\"@type\":\"WebSite\",\"@id\":\"https:\\\/\\\/www.meydan.tv\\\/az\\\/#website\",\"url\":\"https:\\\/\\\/www.meydan.tv\\\/az\\\/\",\"name\":\"MEYDAN.TV\",\"description\":\"Meydan TV Az\u0259rbaycan\u0131n media m\u0259kan\u0131ndak\u0131 alternativ s\u0259sidir\",\"publisher\":{\"@id\":\"https:\\\/\\\/www.meydan.tv\\\/az\\\/#organization\"},\"potentialAction\":[{\"@type\":\"SearchAction\",\"target\":{\"@type\":\"EntryPoint\",\"urlTemplate\":\"https:\\\/\\\/www.meydan.tv\\\/az\\\/?s={search_term_string}\"},\"query-input\":{\"@type\":\"PropertyValueSpecification\",\"valueRequired\":true,\"valueName\":\"search_term_string\"}}],\"inLanguage\":\"az\"},{\"@type\":\"Organization\",\"@id\":\"https:\\\/\\\/www.meydan.tv\\\/az\\\/#organization\",\"name\":\"Meydan TV\",\"url\":\"https:\\\/\\\/www.meydan.tv\\\/az\\\/\",\"logo\":{\"@type\":\"ImageObject\",\"inLanguage\":\"az\",\"@id\":\"https:\\\/\\\/www.meydan.tv\\\/az\\\/#\\\/schema\\\/logo\\\/image\\\/\",\"url\":\"https:\\\/\\\/www.meydan.tv\\\/wp-content\\\/uploads\\\/2021\\\/07\\\/meydan-logo.svg\",\"contentUrl\":\"https:\\\/\\\/www.meydan.tv\\\/wp-content\\\/uploads\\\/2021\\\/07\\\/meydan-logo.svg\",\"width\":195,\"height\":46,\"caption\":\"Meydan TV\"},\"image\":{\"@id\":\"https:\\\/\\\/www.meydan.tv\\\/az\\\/#\\\/schema\\\/logo\\\/image\\\/\"}},{\"@type\":\"Person\",\"@id\":\"https:\\\/\\\/www.meydan.tv\\\/az\\\/#\\\/schema\\\/person\\\/9cdbecf90d17180ce1dfbd95b08dcf47\",\"name\":\"elli\",\"sameAs\":[\"https:\\\/\\\/x.com\\\/elli\"]}]}<\/script>\n<!-- \/ Yoast SEO plugin. -->","yoast_head_json":{"title":"Az\u0259rbaycan futbolunu nec\u0259 xilas etm\u0259li? - MEYDAN.TV","robots":{"index":"index","follow":"follow","max-snippet":"max-snippet:-1","max-image-preview":"max-image-preview:large","max-video-preview":"max-video-preview:-1"},"canonical":"https:\/\/www.meydan.tv\/az\/article\/azerbaycan-futbolunu-nece-xilas-etmeli\/","og_locale":"az_AZ","og_type":"article","og_title":"Az\u0259rbaycan futbolunu nec\u0259 xilas etm\u0259li? - MEYDAN.TV","og_description":"Futbol \u201c22 n\u0259f\u0259rin bir topun arxas\u0131nca qa\u00e7d\u0131\u011f\u0131 oyun\u201d deyil Futbol ... Davam\u0131","og_url":"https:\/\/www.meydan.tv\/az\/article\/azerbaycan-futbolunu-nece-xilas-etmeli\/","og_site_name":"MEYDAN.TV","article_published_time":"2022-06-21T11:10:22+00:00","article_modified_time":"2022-06-21T11:10:23+00:00","og_image":[{"width":1200,"height":738,"url":"https:\/\/www.meydan.tv\/wp-content\/uploads\/mail-3-e1655809805832.jpeg","type":"image\/jpeg"}],"author":"elli","twitter_card":"summary_large_image","twitter_creator":"@elli","schema":{"@context":"https:\/\/schema.org","@graph":[{"@type":"Article","@id":"https:\/\/www.meydan.tv\/az\/article\/azerbaycan-futbolunu-nece-xilas-etmeli\/#article","isPartOf":{"@id":"https:\/\/www.meydan.tv\/az\/article\/azerbaycan-futbolunu-nece-xilas-etmeli\/"},"author":{"name":"elli","@id":"https:\/\/www.meydan.tv\/az\/#\/schema\/person\/9cdbecf90d17180ce1dfbd95b08dcf47"},"headline":"Az\u0259rbaycan futbolunu nec\u0259 xilas etm\u0259li?","datePublished":"2022-06-21T11:10:22+00:00","dateModified":"2022-06-21T11:10:23+00:00","mainEntityOfPage":{"@id":"https:\/\/www.meydan.tv\/az\/article\/azerbaycan-futbolunu-nece-xilas-etmeli\/"},"wordCount":1389,"publisher":{"@id":"https:\/\/www.meydan.tv\/az\/#organization"},"image":{"@id":"https:\/\/www.meydan.tv\/az\/article\/azerbaycan-futbolunu-nece-xilas-etmeli\/#primaryimage"},"thumbnailUrl":"https:\/\/www.meydan.tv\/wp-content\/uploads\/mail-3-e1694964773464.jpeg","articleSection":["M\u0259nim Fikrimc\u0259"],"inLanguage":"az"},{"@type":"WebPage","@id":"https:\/\/www.meydan.tv\/az\/article\/azerbaycan-futbolunu-nece-xilas-etmeli\/","url":"https:\/\/www.meydan.tv\/az\/article\/azerbaycan-futbolunu-nece-xilas-etmeli\/","name":"Az\u0259rbaycan futbolunu nec\u0259 xilas etm\u0259li? - MEYDAN.TV","isPartOf":{"@id":"https:\/\/www.meydan.tv\/az\/#website"},"primaryImageOfPage":{"@id":"https:\/\/www.meydan.tv\/az\/article\/azerbaycan-futbolunu-nece-xilas-etmeli\/#primaryimage"},"image":{"@id":"https:\/\/www.meydan.tv\/az\/article\/azerbaycan-futbolunu-nece-xilas-etmeli\/#primaryimage"},"thumbnailUrl":"https:\/\/www.meydan.tv\/wp-content\/uploads\/mail-3-e1694964773464.jpeg","datePublished":"2022-06-21T11:10:22+00:00","dateModified":"2022-06-21T11:10:23+00:00","breadcrumb":{"@id":"https:\/\/www.meydan.tv\/az\/article\/azerbaycan-futbolunu-nece-xilas-etmeli\/#breadcrumb"},"inLanguage":"az","potentialAction":[{"@type":"ReadAction","target":["https:\/\/www.meydan.tv\/az\/article\/azerbaycan-futbolunu-nece-xilas-etmeli\/"]}]},{"@type":"ImageObject","inLanguage":"az","@id":"https:\/\/www.meydan.tv\/az\/article\/azerbaycan-futbolunu-nece-xilas-etmeli\/#primaryimage","url":"https:\/\/www.meydan.tv\/wp-content\/uploads\/mail-3-e1694964773464.jpeg","contentUrl":"https:\/\/www.meydan.tv\/wp-content\/uploads\/mail-3-e1694964773464.jpeg","width":1200,"height":612,"caption":"M\u0259nb\u0259: AFFA"},{"@type":"BreadcrumbList","@id":"https:\/\/www.meydan.tv\/az\/article\/azerbaycan-futbolunu-nece-xilas-etmeli\/#breadcrumb","itemListElement":[{"@type":"ListItem","position":1,"name":"Ana s\u0259hif\u0259","item":"https:\/\/www.meydan.tv\/az\/"},{"@type":"ListItem","position":2,"name":"M\u0259nim Fikrimc\u0259","item":"https:\/\/www.meydan.tv\/az\/section\/menim-fikrimce\/"},{"@type":"ListItem","position":3,"name":"Az\u0259rbaycan futbolunu nec\u0259 xilas etm\u0259li?"}]},{"@type":"WebSite","@id":"https:\/\/www.meydan.tv\/az\/#website","url":"https:\/\/www.meydan.tv\/az\/","name":"MEYDAN.TV","description":"Meydan TV Az\u0259rbaycan\u0131n media m\u0259kan\u0131ndak\u0131 alternativ s\u0259sidir","publisher":{"@id":"https:\/\/www.meydan.tv\/az\/#organization"},"potentialAction":[{"@type":"SearchAction","target":{"@type":"EntryPoint","urlTemplate":"https:\/\/www.meydan.tv\/az\/?s={search_term_string}"},"query-input":{"@type":"PropertyValueSpecification","valueRequired":true,"valueName":"search_term_string"}}],"inLanguage":"az"},{"@type":"Organization","@id":"https:\/\/www.meydan.tv\/az\/#organization","name":"Meydan TV","url":"https:\/\/www.meydan.tv\/az\/","logo":{"@type":"ImageObject","inLanguage":"az","@id":"https:\/\/www.meydan.tv\/az\/#\/schema\/logo\/image\/","url":"https:\/\/www.meydan.tv\/wp-content\/uploads\/2021\/07\/meydan-logo.svg","contentUrl":"https:\/\/www.meydan.tv\/wp-content\/uploads\/2021\/07\/meydan-logo.svg","width":195,"height":46,"caption":"Meydan TV"},"image":{"@id":"https:\/\/www.meydan.tv\/az\/#\/schema\/logo\/image\/"}},{"@type":"Person","@id":"https:\/\/www.meydan.tv\/az\/#\/schema\/person\/9cdbecf90d17180ce1dfbd95b08dcf47","name":"elli","sameAs":["https:\/\/x.com\/elli"]}]}},"_links":{"self":[{"href":"https:\/\/www.meydan.tv\/az\/wp-json\/wp\/v2\/posts\/248935","targetHints":{"allow":["GET"]}}],"collection":[{"href":"https:\/\/www.meydan.tv\/az\/wp-json\/wp\/v2\/posts"}],"about":[{"href":"https:\/\/www.meydan.tv\/az\/wp-json\/wp\/v2\/types\/post"}],"author":[{"embeddable":true,"href":"https:\/\/www.meydan.tv\/az\/wp-json\/wp\/v2\/users\/8"}],"replies":[{"embeddable":true,"href":"https:\/\/www.meydan.tv\/az\/wp-json\/wp\/v2\/comments?post=248935"}],"version-history":[{"count":1,"href":"https:\/\/www.meydan.tv\/az\/wp-json\/wp\/v2\/posts\/248935\/revisions"}],"predecessor-version":[{"id":248946,"href":"https:\/\/www.meydan.tv\/az\/wp-json\/wp\/v2\/posts\/248935\/revisions\/248946"}],"wp:featuredmedia":[{"embeddable":true,"href":"https:\/\/www.meydan.tv\/az\/wp-json\/wp\/v2\/media\/248942"}],"wp:attachment":[{"href":"https:\/\/www.meydan.tv\/az\/wp-json\/wp\/v2\/media?parent=248935"}],"wp:term":[{"taxonomy":"category","embeddable":true,"href":"https:\/\/www.meydan.tv\/az\/wp-json\/wp\/v2\/categories?post=248935"},{"taxonomy":"post_tag","embeddable":true,"href":"https:\/\/www.meydan.tv\/az\/wp-json\/wp\/v2\/tags?post=248935"}],"curies":[{"name":"wp","href":"https:\/\/api.w.org\/{rel}","templated":true}]}}