{"id":248889,"date":"2022-06-21T13:09:40","date_gmt":"2022-06-21T09:09:40","guid":{"rendered":"https:\/\/www.meydan.tv\/?p=248889"},"modified":"2022-06-21T13:09:41","modified_gmt":"2022-06-21T09:09:41","slug":"kod-adi-v-x-a-veten-xainlerinin-arvadlari","status":"publish","type":"post","link":"https:\/\/www.meydan.tv\/az\/article\/kod-adi-v-x-a-veten-xainlerinin-arvadlari\/","title":{"rendered":"Kod ad\u0131: &#8220;V.X.A &#8211; V\u0259t\u0259n xainl\u0259rinin arvadlar\u0131&#8230;&#8221;"},"content":{"rendered":"\n<p><\/p>\n\n\n\n<p><em>Mehriban \u018fl\u0259kb\u0259rzad\u0259 m\u00fc\u0259llifi oldu\u011fu pyes\u0259 qurulu\u015f verib<\/em><\/p>\n\n\n\n<p>G\u0259nc Tama\u015fa\u00e7\u0131lar Teatr\u0131nda yeni tama\u015fa s\u0259hn\u0259l\u0259\u015fdirilir.<\/p>\n\n\n\n<p>Teatr\u0131n ba\u015f rejissoru, \u018fm\u0259kdar inc\u0259s\u0259n\u0259t xadimi Mehriban \u018fl\u0259kb\u0259rzad\u0259 m\u00fc\u0259llifi oldu\u011fu \u201cKod ad\u0131: \u201cV.X.A \u2013 Xalq d\u00fc\u015fm\u0259nl\u0259rinin arvadlar\u0131\u201d pyesin\u0259 qurulu\u015f <a href=\"https:\/\/gtt.az\/2021.php?go=xeber19\" target=\"_blank\" rel=\"noreferrer noopener\">verir<\/a>.<\/p>\n\n\n\n<p>\u018fs\u0259r Sovet s\u00fcrg\u00fcnl\u0259rind\u0259, m\u0259hb\u0259sl\u0259rind\u0259 min bir iztirab \u00e7\u0259k\u0259n, Orta Asiyan\u0131n Akmol d\u00fc\u015f\u0259rg\u0259sind\u0259 h\u0259yat v\u0259 \u00f6l\u00fcm aras\u0131nda \u00e7arp\u0131\u015fan az\u0259rbaycanl\u0131 qad\u0131nlar\u0131n faci\u0259vi taleyind\u0259n b\u0259hs edir.<\/p>\n\n\n\n<p>Az\u0259rbaycan teatr tarixind\u0259 bu m\u00f6vzuda v\u0259 miqyasda ilk tama\u015fan\u0131n m\u0259\u015fql\u0259rin\u0259 ba\u015flayan Mehriban \u018fl\u0259kb\u0259rzad\u0259 uzun ill\u0259r boyu tarixi faktlar\u0131 ara\u015fd\u0131rd\u0131\u011f\u0131n\u0131 v\u0259 bel\u0259 bir s\u0259hn\u0259 \u0259s\u0259rinin vacibliyini qeyd edib:<\/p>\n\n\n<div class=\"wp-block-image\">\n<figure class=\"alignleft size-full is-resized\"><img decoding=\"async\" data-src=\"https:\/\/www.meydan.tv\/wp-content\/uploads\/mehriban___l__kb__rzad__.jpeg\" alt=\"\" class=\"wp-image-248886 lazyload\" width=\"350\" height=\"233\" src=\"data:image\/svg+xml;base64,PHN2ZyB3aWR0aD0iMSIgaGVpZ2h0PSIxIiB4bWxucz0iaHR0cDovL3d3dy53My5vcmcvMjAwMC9zdmciPjwvc3ZnPg==\" style=\"--smush-placeholder-width: 350px; --smush-placeholder-aspect-ratio: 350\/233;\" \/><figcaption>Mehriban \u018fl\u0259kb\u0259rzad\u0259. Foto: GTT<\/figcaption><\/figure>\n<\/div>\n\n\n<p>\u201cH\u0259l\u0259 televiziyada Mirc\u0259f\u0259r Ba\u011f\u0131rov haqda silsil\u0259 s\u0259n\u0259dli filml\u0259r haz\u0131rlad\u0131\u011f\u0131m zamandan bu m\u00f6vzu m\u0259ni d\u00fc\u015f\u00fcnd\u00fcr\u00fcb. \u0130\u015fl\u0259diyimi bir \u00e7ox arxiv materiallar\u0131ndan, bu insanlar\u0131n ail\u0259l\u0259ri il\u0259 s\u00f6hb\u0259tl\u0259rimd\u0259n anlam\u0131\u015fam ki, Az\u0259rbaycan xalq\u0131 \u00f6z f\u0259dakar, m\u0259tan\u0259tli qad\u0131nlar\u0131n\u0131 tan\u0131mal\u0131d\u0131r. Ke\u00e7mi\u015fimizin Qad\u0131n \u00fcz\u00fc h\u0259m d\u0259 bu adamlard\u0131r. Onlar\u0131n, sad\u0259c\u0259, qad\u0131n olduqlar\u0131na g\u00f6r\u0259, &#8220;xalq d\u00fc\u015fm\u0259ni&#8221; elan olunduqlar\u0131na g\u00f6r\u0259 ya\u015fad\u0131\u011f\u0131 d\u0259h\u015f\u0259tl\u0259rdi v\u0259 x\u00fcsus\u0259n g\u0259nc n\u0259slin bunu bilm\u0259si, g\u00f6rm\u0259si vacibdir\u201d.<\/p>\n\n\n\n<p>Tama\u015fa \u015fair \u018fhm\u0259d Cavad\u0131n 130 illiyin\u0259, 1937-38-ci ill\u0259rd\u0259 repressiya qurban\u0131 olmu\u015f b\u00f6y\u00fck fikir adamlar\u0131na v\u0259 onlar\u0131n ail\u0259 \u00fczvl\u0259rin\u0259, xan\u0131mlar\u0131na ithaf olunur.<\/p>\n","protected":false},"excerpt":{"rendered":"<p>Mehriban \u018fl\u0259kb\u0259rzad\u0259 m\u00fc\u0259llifi oldu\u011fu pyes\u0259 qurulu\u015f verib G\u0259nc Tama\u015fa\u00e7\u0131lar Teatr\u0131nda &#8230; <\/p>\n<p class=\"read-more-container\"><a title=\"Kod ad\u0131: &#8220;V.X.A &#8211; V\u0259t\u0259n xainl\u0259rinin arvadlar\u0131&#8230;&#8221;\" class=\"read-more button\" href=\"https:\/\/www.meydan.tv\/az\/article\/kod-adi-v-x-a-veten-xainlerinin-arvadlari\/#more-248889\" aria-label=\"Read more about Kod ad\u0131: &#8220;V.X.A &#8211; V\u0259t\u0259n xainl\u0259rinin arvadlar\u0131&#8230;&#8221;\">Davam\u0131<\/a><\/p>\n","protected":false},"author":8,"featured_media":248880,"comment_status":"closed","ping_status":"closed","sticky":false,"template":"","format":"standard","meta":{"_acf_changed":false,"_sitemap_exclude":false,"_sitemap_priority":"","_sitemap_frequency":"","footnotes":""},"categories":[52,56],"tags":[],"class_list":["post-248889","post","type-post","status-publish","format-standard","has-post-thumbnail","hentry","category-medeniyyet","category-xeberler","infinite-scroll-item","generate-columns","tablet-grid-50","mobile-grid-100","grid-parent","grid-33","no-featured-image-padding"],"acf":[],"yoast_head":"<!-- This site is optimized with the Yoast SEO plugin v27.5 - https:\/\/yoast.com\/product\/yoast-seo-wordpress\/ -->\n<title>Kod ad\u0131: &quot;V.X.A - V\u0259t\u0259n xainl\u0259rinin arvadlar\u0131...&quot; - MEYDAN.TV<\/title>\n<meta name=\"robots\" content=\"index, follow, max-snippet:-1, max-image-preview:large, max-video-preview:-1\" \/>\n<link rel=\"canonical\" href=\"https:\/\/www.meydan.tv\/az\/article\/kod-adi-v-x-a-veten-xainlerinin-arvadlari\/\" \/>\n<meta property=\"og:locale\" content=\"az_AZ\" \/>\n<meta property=\"og:type\" content=\"article\" \/>\n<meta property=\"og:title\" content=\"Kod ad\u0131: &quot;V.X.A - V\u0259t\u0259n xainl\u0259rinin arvadlar\u0131...&quot; - MEYDAN.TV\" \/>\n<meta property=\"og:description\" content=\"Mehriban \u018fl\u0259kb\u0259rzad\u0259 m\u00fc\u0259llifi oldu\u011fu pyes\u0259 qurulu\u015f verib G\u0259nc Tama\u015fa\u00e7\u0131lar Teatr\u0131nda ... Davam\u0131\" \/>\n<meta property=\"og:url\" content=\"https:\/\/www.meydan.tv\/az\/article\/kod-adi-v-x-a-veten-xainlerinin-arvadlari\/\" \/>\n<meta property=\"og:site_name\" content=\"MEYDAN.TV\" \/>\n<meta property=\"article:published_time\" content=\"2022-06-21T09:09:40+00:00\" \/>\n<meta property=\"article:modified_time\" content=\"2022-06-21T09:09:41+00:00\" \/>\n<meta property=\"og:image\" content=\"https:\/\/www.meydan.tv\/wp-content\/uploads\/tama__a.jpeg\" \/>\n\t<meta property=\"og:image:width\" content=\"1200\" \/>\n\t<meta property=\"og:image:height\" content=\"674\" \/>\n\t<meta property=\"og:image:type\" content=\"image\/jpeg\" \/>\n<meta name=\"author\" content=\"elli\" \/>\n<meta name=\"twitter:card\" content=\"summary_large_image\" \/>\n<meta name=\"twitter:creator\" content=\"@elli\" \/>\n<script type=\"application\/ld+json\" class=\"yoast-schema-graph\">{\"@context\":\"https:\\\/\\\/schema.org\",\"@graph\":[{\"@type\":\"Article\",\"@id\":\"https:\\\/\\\/www.meydan.tv\\\/az\\\/article\\\/kod-adi-v-x-a-veten-xainlerinin-arvadlari\\\/#article\",\"isPartOf\":{\"@id\":\"https:\\\/\\\/www.meydan.tv\\\/az\\\/article\\\/kod-adi-v-x-a-veten-xainlerinin-arvadlari\\\/\"},\"author\":{\"name\":\"elli\",\"@id\":\"https:\\\/\\\/www.meydan.tv\\\/az\\\/#\\\/schema\\\/person\\\/9cdbecf90d17180ce1dfbd95b08dcf47\"},\"headline\":\"Kod ad\u0131: &#8220;V.X.A &#8211; V\u0259t\u0259n xainl\u0259rinin arvadlar\u0131&#8230;&#8221;\",\"datePublished\":\"2022-06-21T09:09:40+00:00\",\"dateModified\":\"2022-06-21T09:09:41+00:00\",\"mainEntityOfPage\":{\"@id\":\"https:\\\/\\\/www.meydan.tv\\\/az\\\/article\\\/kod-adi-v-x-a-veten-xainlerinin-arvadlari\\\/\"},\"wordCount\":312,\"publisher\":{\"@id\":\"https:\\\/\\\/www.meydan.tv\\\/az\\\/#organization\"},\"image\":{\"@id\":\"https:\\\/\\\/www.meydan.tv\\\/az\\\/article\\\/kod-adi-v-x-a-veten-xainlerinin-arvadlari\\\/#primaryimage\"},\"thumbnailUrl\":\"https:\\\/\\\/www.meydan.tv\\\/wp-content\\\/uploads\\\/tama__a.jpeg\",\"articleSection\":[\"M\u0259d\u0259niyy\u0259t\",\"X\u0259b\u0259rl\u0259r\"],\"inLanguage\":\"az\"},{\"@type\":\"WebPage\",\"@id\":\"https:\\\/\\\/www.meydan.tv\\\/az\\\/article\\\/kod-adi-v-x-a-veten-xainlerinin-arvadlari\\\/\",\"url\":\"https:\\\/\\\/www.meydan.tv\\\/az\\\/article\\\/kod-adi-v-x-a-veten-xainlerinin-arvadlari\\\/\",\"name\":\"Kod ad\u0131: \\\"V.X.A - V\u0259t\u0259n xainl\u0259rinin arvadlar\u0131...\\\" - MEYDAN.TV\",\"isPartOf\":{\"@id\":\"https:\\\/\\\/www.meydan.tv\\\/az\\\/#website\"},\"primaryImageOfPage\":{\"@id\":\"https:\\\/\\\/www.meydan.tv\\\/az\\\/article\\\/kod-adi-v-x-a-veten-xainlerinin-arvadlari\\\/#primaryimage\"},\"image\":{\"@id\":\"https:\\\/\\\/www.meydan.tv\\\/az\\\/article\\\/kod-adi-v-x-a-veten-xainlerinin-arvadlari\\\/#primaryimage\"},\"thumbnailUrl\":\"https:\\\/\\\/www.meydan.tv\\\/wp-content\\\/uploads\\\/tama__a.jpeg\",\"datePublished\":\"2022-06-21T09:09:40+00:00\",\"dateModified\":\"2022-06-21T09:09:41+00:00\",\"breadcrumb\":{\"@id\":\"https:\\\/\\\/www.meydan.tv\\\/az\\\/article\\\/kod-adi-v-x-a-veten-xainlerinin-arvadlari\\\/#breadcrumb\"},\"inLanguage\":\"az\",\"potentialAction\":[{\"@type\":\"ReadAction\",\"target\":[\"https:\\\/\\\/www.meydan.tv\\\/az\\\/article\\\/kod-adi-v-x-a-veten-xainlerinin-arvadlari\\\/\"]}]},{\"@type\":\"ImageObject\",\"inLanguage\":\"az\",\"@id\":\"https:\\\/\\\/www.meydan.tv\\\/az\\\/article\\\/kod-adi-v-x-a-veten-xainlerinin-arvadlari\\\/#primaryimage\",\"url\":\"https:\\\/\\\/www.meydan.tv\\\/wp-content\\\/uploads\\\/tama__a.jpeg\",\"contentUrl\":\"https:\\\/\\\/www.meydan.tv\\\/wp-content\\\/uploads\\\/tama__a.jpeg\",\"width\":1200,\"height\":674,\"caption\":\"Foto: GTT\"},{\"@type\":\"BreadcrumbList\",\"@id\":\"https:\\\/\\\/www.meydan.tv\\\/az\\\/article\\\/kod-adi-v-x-a-veten-xainlerinin-arvadlari\\\/#breadcrumb\",\"itemListElement\":[{\"@type\":\"ListItem\",\"position\":1,\"name\":\"Ana s\u0259hif\u0259\",\"item\":\"https:\\\/\\\/www.meydan.tv\\\/az\\\/\"},{\"@type\":\"ListItem\",\"position\":2,\"name\":\"M\u0259d\u0259niyy\u0259t\",\"item\":\"https:\\\/\\\/www.meydan.tv\\\/az\\\/section\\\/medeniyyet\\\/\"},{\"@type\":\"ListItem\",\"position\":3,\"name\":\"Kod ad\u0131: &#8220;V.X.A &#8211; V\u0259t\u0259n xainl\u0259rinin arvadlar\u0131&#8230;&#8221;\"}]},{\"@type\":\"WebSite\",\"@id\":\"https:\\\/\\\/www.meydan.tv\\\/az\\\/#website\",\"url\":\"https:\\\/\\\/www.meydan.tv\\\/az\\\/\",\"name\":\"MEYDAN.TV\",\"description\":\"Meydan TV Az\u0259rbaycan\u0131n media m\u0259kan\u0131ndak\u0131 alternativ s\u0259sidir\",\"publisher\":{\"@id\":\"https:\\\/\\\/www.meydan.tv\\\/az\\\/#organization\"},\"potentialAction\":[{\"@type\":\"SearchAction\",\"target\":{\"@type\":\"EntryPoint\",\"urlTemplate\":\"https:\\\/\\\/www.meydan.tv\\\/az\\\/?s={search_term_string}\"},\"query-input\":{\"@type\":\"PropertyValueSpecification\",\"valueRequired\":true,\"valueName\":\"search_term_string\"}}],\"inLanguage\":\"az\"},{\"@type\":\"Organization\",\"@id\":\"https:\\\/\\\/www.meydan.tv\\\/az\\\/#organization\",\"name\":\"Meydan TV\",\"url\":\"https:\\\/\\\/www.meydan.tv\\\/az\\\/\",\"logo\":{\"@type\":\"ImageObject\",\"inLanguage\":\"az\",\"@id\":\"https:\\\/\\\/www.meydan.tv\\\/az\\\/#\\\/schema\\\/logo\\\/image\\\/\",\"url\":\"https:\\\/\\\/www.meydan.tv\\\/wp-content\\\/uploads\\\/2021\\\/07\\\/meydan-logo.svg\",\"contentUrl\":\"https:\\\/\\\/www.meydan.tv\\\/wp-content\\\/uploads\\\/2021\\\/07\\\/meydan-logo.svg\",\"width\":195,\"height\":46,\"caption\":\"Meydan TV\"},\"image\":{\"@id\":\"https:\\\/\\\/www.meydan.tv\\\/az\\\/#\\\/schema\\\/logo\\\/image\\\/\"}},{\"@type\":\"Person\",\"@id\":\"https:\\\/\\\/www.meydan.tv\\\/az\\\/#\\\/schema\\\/person\\\/9cdbecf90d17180ce1dfbd95b08dcf47\",\"name\":\"elli\",\"sameAs\":[\"https:\\\/\\\/x.com\\\/elli\"]}]}<\/script>\n<!-- \/ Yoast SEO plugin. -->","yoast_head_json":{"title":"Kod ad\u0131: \"V.X.A - V\u0259t\u0259n xainl\u0259rinin arvadlar\u0131...\" - MEYDAN.TV","robots":{"index":"index","follow":"follow","max-snippet":"max-snippet:-1","max-image-preview":"max-image-preview:large","max-video-preview":"max-video-preview:-1"},"canonical":"https:\/\/www.meydan.tv\/az\/article\/kod-adi-v-x-a-veten-xainlerinin-arvadlari\/","og_locale":"az_AZ","og_type":"article","og_title":"Kod ad\u0131: \"V.X.A - V\u0259t\u0259n xainl\u0259rinin arvadlar\u0131...\" - MEYDAN.TV","og_description":"Mehriban \u018fl\u0259kb\u0259rzad\u0259 m\u00fc\u0259llifi oldu\u011fu pyes\u0259 qurulu\u015f verib G\u0259nc Tama\u015fa\u00e7\u0131lar Teatr\u0131nda ... Davam\u0131","og_url":"https:\/\/www.meydan.tv\/az\/article\/kod-adi-v-x-a-veten-xainlerinin-arvadlari\/","og_site_name":"MEYDAN.TV","article_published_time":"2022-06-21T09:09:40+00:00","article_modified_time":"2022-06-21T09:09:41+00:00","og_image":[{"width":1200,"height":674,"url":"https:\/\/www.meydan.tv\/wp-content\/uploads\/tama__a.jpeg","type":"image\/jpeg"}],"author":"elli","twitter_card":"summary_large_image","twitter_creator":"@elli","schema":{"@context":"https:\/\/schema.org","@graph":[{"@type":"Article","@id":"https:\/\/www.meydan.tv\/az\/article\/kod-adi-v-x-a-veten-xainlerinin-arvadlari\/#article","isPartOf":{"@id":"https:\/\/www.meydan.tv\/az\/article\/kod-adi-v-x-a-veten-xainlerinin-arvadlari\/"},"author":{"name":"elli","@id":"https:\/\/www.meydan.tv\/az\/#\/schema\/person\/9cdbecf90d17180ce1dfbd95b08dcf47"},"headline":"Kod ad\u0131: &#8220;V.X.A &#8211; V\u0259t\u0259n xainl\u0259rinin arvadlar\u0131&#8230;&#8221;","datePublished":"2022-06-21T09:09:40+00:00","dateModified":"2022-06-21T09:09:41+00:00","mainEntityOfPage":{"@id":"https:\/\/www.meydan.tv\/az\/article\/kod-adi-v-x-a-veten-xainlerinin-arvadlari\/"},"wordCount":312,"publisher":{"@id":"https:\/\/www.meydan.tv\/az\/#organization"},"image":{"@id":"https:\/\/www.meydan.tv\/az\/article\/kod-adi-v-x-a-veten-xainlerinin-arvadlari\/#primaryimage"},"thumbnailUrl":"https:\/\/www.meydan.tv\/wp-content\/uploads\/tama__a.jpeg","articleSection":["M\u0259d\u0259niyy\u0259t","X\u0259b\u0259rl\u0259r"],"inLanguage":"az"},{"@type":"WebPage","@id":"https:\/\/www.meydan.tv\/az\/article\/kod-adi-v-x-a-veten-xainlerinin-arvadlari\/","url":"https:\/\/www.meydan.tv\/az\/article\/kod-adi-v-x-a-veten-xainlerinin-arvadlari\/","name":"Kod ad\u0131: \"V.X.A - V\u0259t\u0259n xainl\u0259rinin arvadlar\u0131...\" - MEYDAN.TV","isPartOf":{"@id":"https:\/\/www.meydan.tv\/az\/#website"},"primaryImageOfPage":{"@id":"https:\/\/www.meydan.tv\/az\/article\/kod-adi-v-x-a-veten-xainlerinin-arvadlari\/#primaryimage"},"image":{"@id":"https:\/\/www.meydan.tv\/az\/article\/kod-adi-v-x-a-veten-xainlerinin-arvadlari\/#primaryimage"},"thumbnailUrl":"https:\/\/www.meydan.tv\/wp-content\/uploads\/tama__a.jpeg","datePublished":"2022-06-21T09:09:40+00:00","dateModified":"2022-06-21T09:09:41+00:00","breadcrumb":{"@id":"https:\/\/www.meydan.tv\/az\/article\/kod-adi-v-x-a-veten-xainlerinin-arvadlari\/#breadcrumb"},"inLanguage":"az","potentialAction":[{"@type":"ReadAction","target":["https:\/\/www.meydan.tv\/az\/article\/kod-adi-v-x-a-veten-xainlerinin-arvadlari\/"]}]},{"@type":"ImageObject","inLanguage":"az","@id":"https:\/\/www.meydan.tv\/az\/article\/kod-adi-v-x-a-veten-xainlerinin-arvadlari\/#primaryimage","url":"https:\/\/www.meydan.tv\/wp-content\/uploads\/tama__a.jpeg","contentUrl":"https:\/\/www.meydan.tv\/wp-content\/uploads\/tama__a.jpeg","width":1200,"height":674,"caption":"Foto: GTT"},{"@type":"BreadcrumbList","@id":"https:\/\/www.meydan.tv\/az\/article\/kod-adi-v-x-a-veten-xainlerinin-arvadlari\/#breadcrumb","itemListElement":[{"@type":"ListItem","position":1,"name":"Ana s\u0259hif\u0259","item":"https:\/\/www.meydan.tv\/az\/"},{"@type":"ListItem","position":2,"name":"M\u0259d\u0259niyy\u0259t","item":"https:\/\/www.meydan.tv\/az\/section\/medeniyyet\/"},{"@type":"ListItem","position":3,"name":"Kod ad\u0131: &#8220;V.X.A &#8211; V\u0259t\u0259n xainl\u0259rinin arvadlar\u0131&#8230;&#8221;"}]},{"@type":"WebSite","@id":"https:\/\/www.meydan.tv\/az\/#website","url":"https:\/\/www.meydan.tv\/az\/","name":"MEYDAN.TV","description":"Meydan TV Az\u0259rbaycan\u0131n media m\u0259kan\u0131ndak\u0131 alternativ s\u0259sidir","publisher":{"@id":"https:\/\/www.meydan.tv\/az\/#organization"},"potentialAction":[{"@type":"SearchAction","target":{"@type":"EntryPoint","urlTemplate":"https:\/\/www.meydan.tv\/az\/?s={search_term_string}"},"query-input":{"@type":"PropertyValueSpecification","valueRequired":true,"valueName":"search_term_string"}}],"inLanguage":"az"},{"@type":"Organization","@id":"https:\/\/www.meydan.tv\/az\/#organization","name":"Meydan TV","url":"https:\/\/www.meydan.tv\/az\/","logo":{"@type":"ImageObject","inLanguage":"az","@id":"https:\/\/www.meydan.tv\/az\/#\/schema\/logo\/image\/","url":"https:\/\/www.meydan.tv\/wp-content\/uploads\/2021\/07\/meydan-logo.svg","contentUrl":"https:\/\/www.meydan.tv\/wp-content\/uploads\/2021\/07\/meydan-logo.svg","width":195,"height":46,"caption":"Meydan TV"},"image":{"@id":"https:\/\/www.meydan.tv\/az\/#\/schema\/logo\/image\/"}},{"@type":"Person","@id":"https:\/\/www.meydan.tv\/az\/#\/schema\/person\/9cdbecf90d17180ce1dfbd95b08dcf47","name":"elli","sameAs":["https:\/\/x.com\/elli"]}]}},"_links":{"self":[{"href":"https:\/\/www.meydan.tv\/az\/wp-json\/wp\/v2\/posts\/248889","targetHints":{"allow":["GET"]}}],"collection":[{"href":"https:\/\/www.meydan.tv\/az\/wp-json\/wp\/v2\/posts"}],"about":[{"href":"https:\/\/www.meydan.tv\/az\/wp-json\/wp\/v2\/types\/post"}],"author":[{"embeddable":true,"href":"https:\/\/www.meydan.tv\/az\/wp-json\/wp\/v2\/users\/8"}],"replies":[{"embeddable":true,"href":"https:\/\/www.meydan.tv\/az\/wp-json\/wp\/v2\/comments?post=248889"}],"version-history":[{"count":1,"href":"https:\/\/www.meydan.tv\/az\/wp-json\/wp\/v2\/posts\/248889\/revisions"}],"predecessor-version":[{"id":248890,"href":"https:\/\/www.meydan.tv\/az\/wp-json\/wp\/v2\/posts\/248889\/revisions\/248890"}],"wp:featuredmedia":[{"embeddable":true,"href":"https:\/\/www.meydan.tv\/az\/wp-json\/wp\/v2\/media\/248880"}],"wp:attachment":[{"href":"https:\/\/www.meydan.tv\/az\/wp-json\/wp\/v2\/media?parent=248889"}],"wp:term":[{"taxonomy":"category","embeddable":true,"href":"https:\/\/www.meydan.tv\/az\/wp-json\/wp\/v2\/categories?post=248889"},{"taxonomy":"post_tag","embeddable":true,"href":"https:\/\/www.meydan.tv\/az\/wp-json\/wp\/v2\/tags?post=248889"}],"curies":[{"name":"wp","href":"https:\/\/api.w.org\/{rel}","templated":true}]}}