{"id":248869,"date":"2022-06-21T12:55:53","date_gmt":"2022-06-21T08:55:53","guid":{"rendered":"https:\/\/www.meydan.tv\/?p=248869"},"modified":"2022-06-21T12:55:55","modified_gmt":"2022-06-21T08:55:55","slug":"baki-yay-caz-gunleri-berpa-edilir","status":"publish","type":"post","link":"https:\/\/www.meydan.tv\/az\/article\/baki-yay-caz-gunleri-berpa-edilir\/","title":{"rendered":"\u201cBak\u0131 Yay Caz g\u00fcnl\u0259ri\u201d b\u0259rpa edilir"},"content":{"rendered":"\n<p><\/p>\n\n\n\n<p><em>Festival\u0131 amerikal\u0131 caz piano\u00e7usu Emmet Kohen a\u00e7acaq<\/em><\/p>\n\n\n\n<p>Pandemiya il\u0259 \u0259laq\u0259dar iki ildir ki, ke\u00e7irilm\u0259y\u0259n \u201cBak\u0131 Yay Caz g\u00fcnl\u0259ri\u201d (\u201cBaku Summer Jazz Days\u201d) festival\u0131 yenid\u0259n f\u0259aliyy\u0259tini b\u0259rpa edir.<\/p>\n\n\n\n<p>Festival 6-7 iyul tarixl\u0259rind\u0259 <a href=\"https:\/\/culture.gov.az\/az\/umumi-xeberler\/14465\" target=\"_blank\" rel=\"noreferrer noopener\">realla\u015facaq<\/a>.<\/p>\n\n\n\n<p>T\u0259dbir \u00e7\u0259r\u00e7iv\u0259sind\u0259 t\u0259\u015fkil olunacaq konsertl\u0259r Heyd\u0259r \u018fliyev M\u0259rk\u0259zinin park\u0131nda a\u00e7\u0131q havada olacaq.<\/p>\n\n\n\n<p>\u0130yulun 6-da festival\u0131 amerikal\u0131 caz piano\u00e7usu v\u0259 b\u0259st\u0259kar\u0131 Emmet Kohen \u00f6z triosu il\u0259 a\u00e7acaq.<\/p>\n\n\n\n<p>\u0130yulun 7-d\u0259 proqram \u0130sve\u00e7-T\u00fcrkiy\u0259 saksofon\u00e7usu, b\u0259st\u0259kar, aktyor, prod\u00fcser \u0130lhan Er\u015fahinin kvarteti il\u0259 davam ed\u0259c\u0259k.<\/p>\n\n\n\n<p>\u0130fa\u00e7\u0131 Bak\u0131da T\u00fcrkiy\u0259d\u0259n olan cazmenl\u0259rin \u00e7\u0131x\u0131\u015f ed\u0259c\u0259yi m\u0259\u015fhur \u201c\u0130stanbul Sessions\u201d layih\u0259sini t\u0259qdim ed\u0259c\u0259k.<\/p>\n\n\n\n<p>Festivalda az\u0259rbaycanl\u0131 cazmenl\u0259rin d\u0259 \u00e7\u0131x\u0131\u015f\u0131 olacaq.<\/p>\n\n\n\n<p>Diana Hac\u0131yeva, Firudin H\u0259midov da konsert proqram\u0131 il\u0259 \u00e7\u0131x\u0131\u015f ed\u0259c\u0259kl\u0259r.<\/p>\n\n\n\n<p>Festival Heyd\u0259r \u018fliyev M\u0259rk\u0259zi, Az\u0259rbaycan M\u0259d\u0259niyy\u0259t Nazirliyi v\u0259 \u201cPremier LTD\u201d \u015firk\u0259tinin t\u0259\u015fkilat\u00e7\u0131l\u0131\u011f\u0131 realla\u015f\u0131r.<\/p>\n\n\n\n<p>\u00d6nc\u0259ki festivallarda \u0130sve\u00e7r\u0259, Fransa, \u0130srail, G\u00fcrc\u00fcstan, AB\u015e, T\u00fcrkiy\u0259, Macar\u0131stan, Rusiyadan t\u0259msil\u00e7il\u0259r i\u015ftirak edib.<\/p>\n\n\n\n<p>Festival\u0131n proqramlar\u0131nda Avichai Kohen, Erik Eruffaz, Jacky Terrasson, Stephane Belmondo, Nik West v\u0259 bir \u00e7ox musiqi\u00e7il\u0259r \u00e7\u0131x\u0131\u015f edibl\u0259r.<\/p>\n\n\n\n<p>Konsertl\u0259r\u0259 giri\u015f s\u0259rb\u0259stdir.<\/p>\n","protected":false},"excerpt":{"rendered":"<p>Festival\u0131 amerikal\u0131 caz piano\u00e7usu Emmet Kohen a\u00e7acaq Pandemiya il\u0259 \u0259laq\u0259dar &#8230; <\/p>\n<p class=\"read-more-container\"><a title=\"\u201cBak\u0131 Yay Caz g\u00fcnl\u0259ri\u201d b\u0259rpa edilir\" class=\"read-more button\" href=\"https:\/\/www.meydan.tv\/az\/article\/baki-yay-caz-gunleri-berpa-edilir\/#more-248869\" aria-label=\"Read more about \u201cBak\u0131 Yay Caz g\u00fcnl\u0259ri\u201d b\u0259rpa edilir\">Davam\u0131<\/a><\/p>\n","protected":false},"author":8,"featured_media":248870,"comment_status":"closed","ping_status":"closed","sticky":false,"template":"","format":"standard","meta":{"_acf_changed":false,"_sitemap_exclude":false,"_sitemap_priority":"","_sitemap_frequency":"","footnotes":""},"categories":[52,56],"tags":[],"class_list":["post-248869","post","type-post","status-publish","format-standard","has-post-thumbnail","hentry","category-medeniyyet","category-xeberler","infinite-scroll-item","generate-columns","tablet-grid-50","mobile-grid-100","grid-parent","grid-33","no-featured-image-padding"],"acf":[],"yoast_head":"<!-- This site is optimized with the Yoast SEO plugin v27.5 - https:\/\/yoast.com\/product\/yoast-seo-wordpress\/ -->\n<title>\u201cBak\u0131 Yay Caz g\u00fcnl\u0259ri\u201d b\u0259rpa edilir - MEYDAN.TV<\/title>\n<meta name=\"robots\" content=\"index, follow, max-snippet:-1, max-image-preview:large, max-video-preview:-1\" \/>\n<link rel=\"canonical\" href=\"https:\/\/www.meydan.tv\/az\/article\/baki-yay-caz-gunleri-berpa-edilir\/\" \/>\n<meta property=\"og:locale\" content=\"az_AZ\" \/>\n<meta property=\"og:type\" content=\"article\" \/>\n<meta property=\"og:title\" content=\"\u201cBak\u0131 Yay Caz g\u00fcnl\u0259ri\u201d b\u0259rpa edilir - MEYDAN.TV\" \/>\n<meta property=\"og:description\" content=\"Festival\u0131 amerikal\u0131 caz piano\u00e7usu Emmet Kohen a\u00e7acaq Pandemiya il\u0259 \u0259laq\u0259dar ... Davam\u0131\" \/>\n<meta property=\"og:url\" content=\"https:\/\/www.meydan.tv\/az\/article\/baki-yay-caz-gunleri-berpa-edilir\/\" \/>\n<meta property=\"og:site_name\" content=\"MEYDAN.TV\" \/>\n<meta property=\"article:published_time\" content=\"2022-06-21T08:55:53+00:00\" \/>\n<meta property=\"article:modified_time\" content=\"2022-06-21T08:55:55+00:00\" \/>\n<meta property=\"og:image\" content=\"https:\/\/www.meydan.tv\/wp-content\/uploads\/caz-gunu.jpg\" \/>\n\t<meta property=\"og:image:width\" content=\"1200\" \/>\n\t<meta property=\"og:image:height\" content=\"720\" \/>\n\t<meta property=\"og:image:type\" content=\"image\/jpeg\" \/>\n<meta name=\"author\" content=\"elli\" \/>\n<meta name=\"twitter:card\" content=\"summary_large_image\" \/>\n<meta name=\"twitter:creator\" content=\"@elli\" \/>\n<script type=\"application\/ld+json\" class=\"yoast-schema-graph\">{\"@context\":\"https:\\\/\\\/schema.org\",\"@graph\":[{\"@type\":\"Article\",\"@id\":\"https:\\\/\\\/www.meydan.tv\\\/az\\\/article\\\/baki-yay-caz-gunleri-berpa-edilir\\\/#article\",\"isPartOf\":{\"@id\":\"https:\\\/\\\/www.meydan.tv\\\/az\\\/article\\\/baki-yay-caz-gunleri-berpa-edilir\\\/\"},\"author\":{\"name\":\"elli\",\"@id\":\"https:\\\/\\\/www.meydan.tv\\\/az\\\/#\\\/schema\\\/person\\\/9cdbecf90d17180ce1dfbd95b08dcf47\"},\"headline\":\"\u201cBak\u0131 Yay Caz g\u00fcnl\u0259ri\u201d b\u0259rpa edilir\",\"datePublished\":\"2022-06-21T08:55:53+00:00\",\"dateModified\":\"2022-06-21T08:55:55+00:00\",\"mainEntityOfPage\":{\"@id\":\"https:\\\/\\\/www.meydan.tv\\\/az\\\/article\\\/baki-yay-caz-gunleri-berpa-edilir\\\/\"},\"wordCount\":242,\"publisher\":{\"@id\":\"https:\\\/\\\/www.meydan.tv\\\/az\\\/#organization\"},\"image\":{\"@id\":\"https:\\\/\\\/www.meydan.tv\\\/az\\\/article\\\/baki-yay-caz-gunleri-berpa-edilir\\\/#primaryimage\"},\"thumbnailUrl\":\"https:\\\/\\\/www.meydan.tv\\\/wp-content\\\/uploads\\\/caz-gunu.jpg\",\"articleSection\":[\"M\u0259d\u0259niyy\u0259t\",\"X\u0259b\u0259rl\u0259r\"],\"inLanguage\":\"az\"},{\"@type\":\"WebPage\",\"@id\":\"https:\\\/\\\/www.meydan.tv\\\/az\\\/article\\\/baki-yay-caz-gunleri-berpa-edilir\\\/\",\"url\":\"https:\\\/\\\/www.meydan.tv\\\/az\\\/article\\\/baki-yay-caz-gunleri-berpa-edilir\\\/\",\"name\":\"\u201cBak\u0131 Yay Caz g\u00fcnl\u0259ri\u201d b\u0259rpa edilir - MEYDAN.TV\",\"isPartOf\":{\"@id\":\"https:\\\/\\\/www.meydan.tv\\\/az\\\/#website\"},\"primaryImageOfPage\":{\"@id\":\"https:\\\/\\\/www.meydan.tv\\\/az\\\/article\\\/baki-yay-caz-gunleri-berpa-edilir\\\/#primaryimage\"},\"image\":{\"@id\":\"https:\\\/\\\/www.meydan.tv\\\/az\\\/article\\\/baki-yay-caz-gunleri-berpa-edilir\\\/#primaryimage\"},\"thumbnailUrl\":\"https:\\\/\\\/www.meydan.tv\\\/wp-content\\\/uploads\\\/caz-gunu.jpg\",\"datePublished\":\"2022-06-21T08:55:53+00:00\",\"dateModified\":\"2022-06-21T08:55:55+00:00\",\"breadcrumb\":{\"@id\":\"https:\\\/\\\/www.meydan.tv\\\/az\\\/article\\\/baki-yay-caz-gunleri-berpa-edilir\\\/#breadcrumb\"},\"inLanguage\":\"az\",\"potentialAction\":[{\"@type\":\"ReadAction\",\"target\":[\"https:\\\/\\\/www.meydan.tv\\\/az\\\/article\\\/baki-yay-caz-gunleri-berpa-edilir\\\/\"]}]},{\"@type\":\"ImageObject\",\"inLanguage\":\"az\",\"@id\":\"https:\\\/\\\/www.meydan.tv\\\/az\\\/article\\\/baki-yay-caz-gunleri-berpa-edilir\\\/#primaryimage\",\"url\":\"https:\\\/\\\/www.meydan.tv\\\/wp-content\\\/uploads\\\/caz-gunu.jpg\",\"contentUrl\":\"https:\\\/\\\/www.meydan.tv\\\/wp-content\\\/uploads\\\/caz-gunu.jpg\",\"width\":1200,\"height\":720,\"caption\":\"M\u0259nb\u0259: \\\"medeniyyettv.az\\\"\"},{\"@type\":\"BreadcrumbList\",\"@id\":\"https:\\\/\\\/www.meydan.tv\\\/az\\\/article\\\/baki-yay-caz-gunleri-berpa-edilir\\\/#breadcrumb\",\"itemListElement\":[{\"@type\":\"ListItem\",\"position\":1,\"name\":\"Ana s\u0259hif\u0259\",\"item\":\"https:\\\/\\\/www.meydan.tv\\\/az\\\/\"},{\"@type\":\"ListItem\",\"position\":2,\"name\":\"M\u0259d\u0259niyy\u0259t\",\"item\":\"https:\\\/\\\/www.meydan.tv\\\/az\\\/section\\\/medeniyyet\\\/\"},{\"@type\":\"ListItem\",\"position\":3,\"name\":\"\u201cBak\u0131 Yay Caz g\u00fcnl\u0259ri\u201d b\u0259rpa edilir\"}]},{\"@type\":\"WebSite\",\"@id\":\"https:\\\/\\\/www.meydan.tv\\\/az\\\/#website\",\"url\":\"https:\\\/\\\/www.meydan.tv\\\/az\\\/\",\"name\":\"MEYDAN.TV\",\"description\":\"Meydan TV Az\u0259rbaycan\u0131n media m\u0259kan\u0131ndak\u0131 alternativ s\u0259sidir\",\"publisher\":{\"@id\":\"https:\\\/\\\/www.meydan.tv\\\/az\\\/#organization\"},\"potentialAction\":[{\"@type\":\"SearchAction\",\"target\":{\"@type\":\"EntryPoint\",\"urlTemplate\":\"https:\\\/\\\/www.meydan.tv\\\/az\\\/?s={search_term_string}\"},\"query-input\":{\"@type\":\"PropertyValueSpecification\",\"valueRequired\":true,\"valueName\":\"search_term_string\"}}],\"inLanguage\":\"az\"},{\"@type\":\"Organization\",\"@id\":\"https:\\\/\\\/www.meydan.tv\\\/az\\\/#organization\",\"name\":\"Meydan TV\",\"url\":\"https:\\\/\\\/www.meydan.tv\\\/az\\\/\",\"logo\":{\"@type\":\"ImageObject\",\"inLanguage\":\"az\",\"@id\":\"https:\\\/\\\/www.meydan.tv\\\/az\\\/#\\\/schema\\\/logo\\\/image\\\/\",\"url\":\"https:\\\/\\\/www.meydan.tv\\\/wp-content\\\/uploads\\\/2021\\\/07\\\/meydan-logo.svg\",\"contentUrl\":\"https:\\\/\\\/www.meydan.tv\\\/wp-content\\\/uploads\\\/2021\\\/07\\\/meydan-logo.svg\",\"width\":195,\"height\":46,\"caption\":\"Meydan TV\"},\"image\":{\"@id\":\"https:\\\/\\\/www.meydan.tv\\\/az\\\/#\\\/schema\\\/logo\\\/image\\\/\"}},{\"@type\":\"Person\",\"@id\":\"https:\\\/\\\/www.meydan.tv\\\/az\\\/#\\\/schema\\\/person\\\/9cdbecf90d17180ce1dfbd95b08dcf47\",\"name\":\"elli\",\"sameAs\":[\"https:\\\/\\\/x.com\\\/elli\"]}]}<\/script>\n<!-- \/ Yoast SEO plugin. -->","yoast_head_json":{"title":"\u201cBak\u0131 Yay Caz g\u00fcnl\u0259ri\u201d b\u0259rpa edilir - MEYDAN.TV","robots":{"index":"index","follow":"follow","max-snippet":"max-snippet:-1","max-image-preview":"max-image-preview:large","max-video-preview":"max-video-preview:-1"},"canonical":"https:\/\/www.meydan.tv\/az\/article\/baki-yay-caz-gunleri-berpa-edilir\/","og_locale":"az_AZ","og_type":"article","og_title":"\u201cBak\u0131 Yay Caz g\u00fcnl\u0259ri\u201d b\u0259rpa edilir - MEYDAN.TV","og_description":"Festival\u0131 amerikal\u0131 caz piano\u00e7usu Emmet Kohen a\u00e7acaq Pandemiya il\u0259 \u0259laq\u0259dar ... Davam\u0131","og_url":"https:\/\/www.meydan.tv\/az\/article\/baki-yay-caz-gunleri-berpa-edilir\/","og_site_name":"MEYDAN.TV","article_published_time":"2022-06-21T08:55:53+00:00","article_modified_time":"2022-06-21T08:55:55+00:00","og_image":[{"width":1200,"height":720,"url":"https:\/\/www.meydan.tv\/wp-content\/uploads\/caz-gunu.jpg","type":"image\/jpeg"}],"author":"elli","twitter_card":"summary_large_image","twitter_creator":"@elli","schema":{"@context":"https:\/\/schema.org","@graph":[{"@type":"Article","@id":"https:\/\/www.meydan.tv\/az\/article\/baki-yay-caz-gunleri-berpa-edilir\/#article","isPartOf":{"@id":"https:\/\/www.meydan.tv\/az\/article\/baki-yay-caz-gunleri-berpa-edilir\/"},"author":{"name":"elli","@id":"https:\/\/www.meydan.tv\/az\/#\/schema\/person\/9cdbecf90d17180ce1dfbd95b08dcf47"},"headline":"\u201cBak\u0131 Yay Caz g\u00fcnl\u0259ri\u201d b\u0259rpa edilir","datePublished":"2022-06-21T08:55:53+00:00","dateModified":"2022-06-21T08:55:55+00:00","mainEntityOfPage":{"@id":"https:\/\/www.meydan.tv\/az\/article\/baki-yay-caz-gunleri-berpa-edilir\/"},"wordCount":242,"publisher":{"@id":"https:\/\/www.meydan.tv\/az\/#organization"},"image":{"@id":"https:\/\/www.meydan.tv\/az\/article\/baki-yay-caz-gunleri-berpa-edilir\/#primaryimage"},"thumbnailUrl":"https:\/\/www.meydan.tv\/wp-content\/uploads\/caz-gunu.jpg","articleSection":["M\u0259d\u0259niyy\u0259t","X\u0259b\u0259rl\u0259r"],"inLanguage":"az"},{"@type":"WebPage","@id":"https:\/\/www.meydan.tv\/az\/article\/baki-yay-caz-gunleri-berpa-edilir\/","url":"https:\/\/www.meydan.tv\/az\/article\/baki-yay-caz-gunleri-berpa-edilir\/","name":"\u201cBak\u0131 Yay Caz g\u00fcnl\u0259ri\u201d b\u0259rpa edilir - MEYDAN.TV","isPartOf":{"@id":"https:\/\/www.meydan.tv\/az\/#website"},"primaryImageOfPage":{"@id":"https:\/\/www.meydan.tv\/az\/article\/baki-yay-caz-gunleri-berpa-edilir\/#primaryimage"},"image":{"@id":"https:\/\/www.meydan.tv\/az\/article\/baki-yay-caz-gunleri-berpa-edilir\/#primaryimage"},"thumbnailUrl":"https:\/\/www.meydan.tv\/wp-content\/uploads\/caz-gunu.jpg","datePublished":"2022-06-21T08:55:53+00:00","dateModified":"2022-06-21T08:55:55+00:00","breadcrumb":{"@id":"https:\/\/www.meydan.tv\/az\/article\/baki-yay-caz-gunleri-berpa-edilir\/#breadcrumb"},"inLanguage":"az","potentialAction":[{"@type":"ReadAction","target":["https:\/\/www.meydan.tv\/az\/article\/baki-yay-caz-gunleri-berpa-edilir\/"]}]},{"@type":"ImageObject","inLanguage":"az","@id":"https:\/\/www.meydan.tv\/az\/article\/baki-yay-caz-gunleri-berpa-edilir\/#primaryimage","url":"https:\/\/www.meydan.tv\/wp-content\/uploads\/caz-gunu.jpg","contentUrl":"https:\/\/www.meydan.tv\/wp-content\/uploads\/caz-gunu.jpg","width":1200,"height":720,"caption":"M\u0259nb\u0259: \"medeniyyettv.az\""},{"@type":"BreadcrumbList","@id":"https:\/\/www.meydan.tv\/az\/article\/baki-yay-caz-gunleri-berpa-edilir\/#breadcrumb","itemListElement":[{"@type":"ListItem","position":1,"name":"Ana s\u0259hif\u0259","item":"https:\/\/www.meydan.tv\/az\/"},{"@type":"ListItem","position":2,"name":"M\u0259d\u0259niyy\u0259t","item":"https:\/\/www.meydan.tv\/az\/section\/medeniyyet\/"},{"@type":"ListItem","position":3,"name":"\u201cBak\u0131 Yay Caz g\u00fcnl\u0259ri\u201d b\u0259rpa edilir"}]},{"@type":"WebSite","@id":"https:\/\/www.meydan.tv\/az\/#website","url":"https:\/\/www.meydan.tv\/az\/","name":"MEYDAN.TV","description":"Meydan TV Az\u0259rbaycan\u0131n media m\u0259kan\u0131ndak\u0131 alternativ s\u0259sidir","publisher":{"@id":"https:\/\/www.meydan.tv\/az\/#organization"},"potentialAction":[{"@type":"SearchAction","target":{"@type":"EntryPoint","urlTemplate":"https:\/\/www.meydan.tv\/az\/?s={search_term_string}"},"query-input":{"@type":"PropertyValueSpecification","valueRequired":true,"valueName":"search_term_string"}}],"inLanguage":"az"},{"@type":"Organization","@id":"https:\/\/www.meydan.tv\/az\/#organization","name":"Meydan TV","url":"https:\/\/www.meydan.tv\/az\/","logo":{"@type":"ImageObject","inLanguage":"az","@id":"https:\/\/www.meydan.tv\/az\/#\/schema\/logo\/image\/","url":"https:\/\/www.meydan.tv\/wp-content\/uploads\/2021\/07\/meydan-logo.svg","contentUrl":"https:\/\/www.meydan.tv\/wp-content\/uploads\/2021\/07\/meydan-logo.svg","width":195,"height":46,"caption":"Meydan TV"},"image":{"@id":"https:\/\/www.meydan.tv\/az\/#\/schema\/logo\/image\/"}},{"@type":"Person","@id":"https:\/\/www.meydan.tv\/az\/#\/schema\/person\/9cdbecf90d17180ce1dfbd95b08dcf47","name":"elli","sameAs":["https:\/\/x.com\/elli"]}]}},"_links":{"self":[{"href":"https:\/\/www.meydan.tv\/az\/wp-json\/wp\/v2\/posts\/248869","targetHints":{"allow":["GET"]}}],"collection":[{"href":"https:\/\/www.meydan.tv\/az\/wp-json\/wp\/v2\/posts"}],"about":[{"href":"https:\/\/www.meydan.tv\/az\/wp-json\/wp\/v2\/types\/post"}],"author":[{"embeddable":true,"href":"https:\/\/www.meydan.tv\/az\/wp-json\/wp\/v2\/users\/8"}],"replies":[{"embeddable":true,"href":"https:\/\/www.meydan.tv\/az\/wp-json\/wp\/v2\/comments?post=248869"}],"version-history":[{"count":1,"href":"https:\/\/www.meydan.tv\/az\/wp-json\/wp\/v2\/posts\/248869\/revisions"}],"predecessor-version":[{"id":248873,"href":"https:\/\/www.meydan.tv\/az\/wp-json\/wp\/v2\/posts\/248869\/revisions\/248873"}],"wp:featuredmedia":[{"embeddable":true,"href":"https:\/\/www.meydan.tv\/az\/wp-json\/wp\/v2\/media\/248870"}],"wp:attachment":[{"href":"https:\/\/www.meydan.tv\/az\/wp-json\/wp\/v2\/media?parent=248869"}],"wp:term":[{"taxonomy":"category","embeddable":true,"href":"https:\/\/www.meydan.tv\/az\/wp-json\/wp\/v2\/categories?post=248869"},{"taxonomy":"post_tag","embeddable":true,"href":"https:\/\/www.meydan.tv\/az\/wp-json\/wp\/v2\/tags?post=248869"}],"curies":[{"name":"wp","href":"https:\/\/api.w.org\/{rel}","templated":true}]}}