{"id":248860,"date":"2022-06-20T23:07:16","date_gmt":"2022-06-20T19:07:16","guid":{"rendered":"https:\/\/www.meydan.tv\/?p=248860"},"modified":"2022-06-20T23:07:18","modified_gmt":"2022-06-20T19:07:18","slug":"quru-serhedleri-niye-acilmir","status":"publish","type":"post","link":"https:\/\/www.meydan.tv\/az\/article\/quru-serhedleri-niye-acilmir\/","title":{"rendered":"Quru s\u0259rh\u0259dl\u0259ri niy\u0259 a\u00e7\u0131lm\u0131r?"},"content":{"rendered":"\n<figure class=\"wp-block-embed is-type-video is-provider-youtube wp-block-embed-youtube wp-embed-aspect-16-9 wp-has-aspect-ratio\"><div class=\"wp-block-embed__wrapper\">\n<iframe title=\"Quru s\u0259rh\u0259dl\u0259ri niy\u0259 a\u00e7\u0131lm\u0131r?\" width=\"1200\" height=\"675\" data-src=\"https:\/\/www.youtube.com\/embed\/DwHdV2KmyrY?feature=oembed\" frameborder=\"0\" allow=\"accelerometer; autoplay; clipboard-write; encrypted-media; gyroscope; picture-in-picture\" allowfullscreen src=\"data:image\/svg+xml;base64,PHN2ZyB3aWR0aD0iMSIgaGVpZ2h0PSIxIiB4bWxucz0iaHR0cDovL3d3dy53My5vcmcvMjAwMC9zdmciPjwvc3ZnPg==\" class=\"lazyload\" data-load-mode=\"1\"><\/iframe>\n<\/div><\/figure>\n\n\n\n<!--more-->\n\n\n\n<p>\u201cCovid -19\u201d pandemiyas\u0131 il\u0259 ba\u011fl\u0131 s\u0259rt t\u0259dbirl\u0259r aradan qalxsa da, quru s\u0259rh\u0259dl\u0259r h\u0259l\u0259 a\u00e7\u0131lmay\u0131b. Son g\u00fcnl\u0259r s\u0259rh\u0259dl\u0259rin a\u00e7\u0131lmamas\u0131 il\u0259 ba\u011fl\u0131 sosial \u015f\u0259b\u0259k\u0259l\u0259rd\u0259n d\u0259 etiraz s\u0259sl\u0259ri y\u00fcks\u0259lir. \u0130ki ild\u0259n \u00e7oxdur insanlar \u00f6lk\u0259ni yaln\u0131z hava yolu il\u0259, y\u00fcks\u0259k aviabilet qiym\u0259tl\u0259ri hesab\u0131na t\u0259rk ed\u0259 bilir.&nbsp;<\/p>\n\n\n\n<p>\u0130qtisad\u00e7\u0131 F\u0259rid Mehral\u0131zad\u0259 deyir ki, s\u0259rh\u0259dl\u0259rin ba\u011fl\u0131 qalmas\u0131 x\u00fcsusil\u0259 \u00f6lk\u0259ni s\u0259hiyy\u0259, t\u0259hsil m\u0259qs\u0259dil\u0259 tez-tez t\u0259rk etm\u0259k m\u0259cburiyy\u0259tind\u0259 qalan sosial qruplara t\u0259sir edir.&nbsp;<\/p>\n\n\n\n<p>H\u0259m\u00e7inin quru yollar\u0131n ba\u011fl\u0131 olmas\u0131 Rusiya Federasiyas\u0131, G\u00fcrc\u00fcstan v\u0259 \u0130ranla daimi ticar\u0259t \u0259laq\u0259l\u0259ri hesab\u0131na dolan\u0131\u015f\u0131\u011f\u0131n\u0131 qar\u015f\u0131layan s\u0259rh\u0259d rayonlar\u0131nda ya\u015fayanlar \u00fc\u00e7\u00fcn d\u0259 \u00e7\u0259tinlik yarad\u0131r.<\/p>\n\n\n\n<p>Quru yollar\u0131n a\u00e7\u0131lmas\u0131n\u0131 mill\u0259t v\u0259kill\u0259ri d\u0259 s\u0259sl\u0259ndirib. Deputat Elman M\u0259mm\u0259dov \u00e7\u0131x\u0131\u015f\u0131nda AZAL-\u0131 t\u0259nqid ed\u0259r\u0259k, t\u0259yyar\u0259 biletl\u0259rin bahal\u0131\u011f\u0131ndan naraz\u0131l\u0131\u011f\u0131n\u0131 dil\u0259 g\u0259tirib. &nbsp;<\/p>\n\n\n\n<p>Yay m\u00f6vs\u00fcm\u00fc il\u0259 ba\u011fl\u0131 t\u0259til x\u0259yallar\u0131 quranlar da s\u0259rh\u0259dl\u0259rin ba\u011fl\u0131 qalmas\u0131ndan \u0259ziyy\u0259t \u00e7\u0259k\u0259c\u0259kl\u0259rini deyirl\u0259r. S\u0259yah\u0259t\u00e7i Az\u0259r \u0130smay\u0131l bildirir ki, ba\u011fl\u0131 qalan yollar da insanlar\u0131n s\u0259yah\u0259t se\u00e7iml\u0259rini m\u0259hdudla\u015fd\u0131r\u0131r.&nbsp;<\/p>\n\n\n\n<p>Az\u0259rbaycanda haz\u0131rki aktiv koronavirus x\u0259st\u0259 say\u0131 130-dur. T\u0259nqid\u00e7il\u0259r quru s\u0259rh\u0259dl\u0259rinin ba\u011fl\u0131 qalmas\u0131n\u0131n tibbi \u0259sas\u0131n\u0131n olmad\u0131\u011f\u0131n\u0131 d\u00fc\u015f\u00fcn\u00fcr.<\/p>\n","protected":false},"excerpt":{"rendered":"","protected":false},"author":14,"featured_media":248861,"comment_status":"closed","ping_status":"closed","sticky":false,"template":"","format":"standard","meta":{"_acf_changed":false,"_sitemap_exclude":false,"_sitemap_priority":"","_sitemap_frequency":"","footnotes":""},"categories":[61,63],"tags":[],"class_list":["post-248860","post","type-post","status-publish","format-standard","has-post-thumbnail","hentry","category-reportaj","category-video-2","infinite-scroll-item","generate-columns","tablet-grid-50","mobile-grid-100","grid-parent","grid-33","no-featured-image-padding"],"acf":[],"yoast_head":"<!-- This site is optimized with the Yoast SEO plugin v27.4 - https:\/\/yoast.com\/product\/yoast-seo-wordpress\/ -->\n<title>Quru s\u0259rh\u0259dl\u0259ri niy\u0259 a\u00e7\u0131lm\u0131r? - MEYDAN.TV<\/title>\n<meta name=\"robots\" content=\"index, follow, max-snippet:-1, max-image-preview:large, max-video-preview:-1\" \/>\n<link rel=\"canonical\" href=\"https:\/\/www.meydan.tv\/az\/article\/quru-serhedleri-niye-acilmir\/\" \/>\n<meta property=\"og:locale\" content=\"az_AZ\" \/>\n<meta property=\"og:type\" content=\"article\" \/>\n<meta property=\"og:title\" content=\"Quru s\u0259rh\u0259dl\u0259ri niy\u0259 a\u00e7\u0131lm\u0131r? - MEYDAN.TV\" \/>\n<meta property=\"og:url\" content=\"https:\/\/www.meydan.tv\/az\/article\/quru-serhedleri-niye-acilmir\/\" \/>\n<meta property=\"og:site_name\" content=\"MEYDAN.TV\" \/>\n<meta property=\"article:published_time\" content=\"2022-06-20T19:07:16+00:00\" \/>\n<meta property=\"article:modified_time\" content=\"2022-06-20T19:07:18+00:00\" \/>\n<meta property=\"og:image\" content=\"https:\/\/www.meydan.tv\/wp-content\/uploads\/screenshot-at-jun-20-21-04-28-1200x672.png\" \/>\n\t<meta property=\"og:image:width\" content=\"1200\" \/>\n\t<meta property=\"og:image:height\" content=\"672\" \/>\n\t<meta property=\"og:image:type\" content=\"image\/png\" \/>\n<meta name=\"author\" content=\"roma\" \/>\n<meta name=\"twitter:card\" content=\"summary_large_image\" \/>\n<script type=\"application\/ld+json\" class=\"yoast-schema-graph\">{\"@context\":\"https:\\\/\\\/schema.org\",\"@graph\":[{\"@type\":\"Article\",\"@id\":\"https:\\\/\\\/www.meydan.tv\\\/az\\\/article\\\/quru-serhedleri-niye-acilmir\\\/#article\",\"isPartOf\":{\"@id\":\"https:\\\/\\\/www.meydan.tv\\\/az\\\/article\\\/quru-serhedleri-niye-acilmir\\\/\"},\"author\":{\"name\":\"roma\",\"@id\":\"https:\\\/\\\/www.meydan.tv\\\/az\\\/#\\\/schema\\\/person\\\/8f23e01c4de63326c13c319fb65ee65d\"},\"headline\":\"Quru s\u0259rh\u0259dl\u0259ri niy\u0259 a\u00e7\u0131lm\u0131r?\",\"datePublished\":\"2022-06-20T19:07:16+00:00\",\"dateModified\":\"2022-06-20T19:07:18+00:00\",\"mainEntityOfPage\":{\"@id\":\"https:\\\/\\\/www.meydan.tv\\\/az\\\/article\\\/quru-serhedleri-niye-acilmir\\\/\"},\"wordCount\":303,\"publisher\":{\"@id\":\"https:\\\/\\\/www.meydan.tv\\\/az\\\/#organization\"},\"image\":{\"@id\":\"https:\\\/\\\/www.meydan.tv\\\/az\\\/article\\\/quru-serhedleri-niye-acilmir\\\/#primaryimage\"},\"thumbnailUrl\":\"https:\\\/\\\/www.meydan.tv\\\/wp-content\\\/uploads\\\/screenshot-at-jun-20-21-04-28.png\",\"articleSection\":[\"Reportaj\",\"Video\"],\"inLanguage\":\"az\"},{\"@type\":\"WebPage\",\"@id\":\"https:\\\/\\\/www.meydan.tv\\\/az\\\/article\\\/quru-serhedleri-niye-acilmir\\\/\",\"url\":\"https:\\\/\\\/www.meydan.tv\\\/az\\\/article\\\/quru-serhedleri-niye-acilmir\\\/\",\"name\":\"Quru s\u0259rh\u0259dl\u0259ri niy\u0259 a\u00e7\u0131lm\u0131r? - MEYDAN.TV\",\"isPartOf\":{\"@id\":\"https:\\\/\\\/www.meydan.tv\\\/az\\\/#website\"},\"primaryImageOfPage\":{\"@id\":\"https:\\\/\\\/www.meydan.tv\\\/az\\\/article\\\/quru-serhedleri-niye-acilmir\\\/#primaryimage\"},\"image\":{\"@id\":\"https:\\\/\\\/www.meydan.tv\\\/az\\\/article\\\/quru-serhedleri-niye-acilmir\\\/#primaryimage\"},\"thumbnailUrl\":\"https:\\\/\\\/www.meydan.tv\\\/wp-content\\\/uploads\\\/screenshot-at-jun-20-21-04-28.png\",\"datePublished\":\"2022-06-20T19:07:16+00:00\",\"dateModified\":\"2022-06-20T19:07:18+00:00\",\"breadcrumb\":{\"@id\":\"https:\\\/\\\/www.meydan.tv\\\/az\\\/article\\\/quru-serhedleri-niye-acilmir\\\/#breadcrumb\"},\"inLanguage\":\"az\",\"potentialAction\":[{\"@type\":\"ReadAction\",\"target\":[\"https:\\\/\\\/www.meydan.tv\\\/az\\\/article\\\/quru-serhedleri-niye-acilmir\\\/\"]}]},{\"@type\":\"ImageObject\",\"inLanguage\":\"az\",\"@id\":\"https:\\\/\\\/www.meydan.tv\\\/az\\\/article\\\/quru-serhedleri-niye-acilmir\\\/#primaryimage\",\"url\":\"https:\\\/\\\/www.meydan.tv\\\/wp-content\\\/uploads\\\/screenshot-at-jun-20-21-04-28.png\",\"contentUrl\":\"https:\\\/\\\/www.meydan.tv\\\/wp-content\\\/uploads\\\/screenshot-at-jun-20-21-04-28.png\",\"width\":1722,\"height\":964},{\"@type\":\"BreadcrumbList\",\"@id\":\"https:\\\/\\\/www.meydan.tv\\\/az\\\/article\\\/quru-serhedleri-niye-acilmir\\\/#breadcrumb\",\"itemListElement\":[{\"@type\":\"ListItem\",\"position\":1,\"name\":\"Ana s\u0259hif\u0259\",\"item\":\"https:\\\/\\\/www.meydan.tv\\\/az\\\/\"},{\"@type\":\"ListItem\",\"position\":2,\"name\":\"Video\",\"item\":\"https:\\\/\\\/www.meydan.tv\\\/az\\\/section\\\/video-2\\\/\"},{\"@type\":\"ListItem\",\"position\":3,\"name\":\"Quru s\u0259rh\u0259dl\u0259ri niy\u0259 a\u00e7\u0131lm\u0131r?\"}]},{\"@type\":\"WebSite\",\"@id\":\"https:\\\/\\\/www.meydan.tv\\\/az\\\/#website\",\"url\":\"https:\\\/\\\/www.meydan.tv\\\/az\\\/\",\"name\":\"MEYDAN.TV\",\"description\":\"Meydan TV Az\u0259rbaycan\u0131n media m\u0259kan\u0131ndak\u0131 alternativ s\u0259sidir\",\"publisher\":{\"@id\":\"https:\\\/\\\/www.meydan.tv\\\/az\\\/#organization\"},\"potentialAction\":[{\"@type\":\"SearchAction\",\"target\":{\"@type\":\"EntryPoint\",\"urlTemplate\":\"https:\\\/\\\/www.meydan.tv\\\/az\\\/?s={search_term_string}\"},\"query-input\":{\"@type\":\"PropertyValueSpecification\",\"valueRequired\":true,\"valueName\":\"search_term_string\"}}],\"inLanguage\":\"az\"},{\"@type\":\"Organization\",\"@id\":\"https:\\\/\\\/www.meydan.tv\\\/az\\\/#organization\",\"name\":\"Meydan TV\",\"url\":\"https:\\\/\\\/www.meydan.tv\\\/az\\\/\",\"logo\":{\"@type\":\"ImageObject\",\"inLanguage\":\"az\",\"@id\":\"https:\\\/\\\/www.meydan.tv\\\/az\\\/#\\\/schema\\\/logo\\\/image\\\/\",\"url\":\"https:\\\/\\\/www.meydan.tv\\\/wp-content\\\/uploads\\\/2021\\\/07\\\/meydan-logo.svg\",\"contentUrl\":\"https:\\\/\\\/www.meydan.tv\\\/wp-content\\\/uploads\\\/2021\\\/07\\\/meydan-logo.svg\",\"width\":195,\"height\":46,\"caption\":\"Meydan TV\"},\"image\":{\"@id\":\"https:\\\/\\\/www.meydan.tv\\\/az\\\/#\\\/schema\\\/logo\\\/image\\\/\"}},{\"@type\":\"Person\",\"@id\":\"https:\\\/\\\/www.meydan.tv\\\/az\\\/#\\\/schema\\\/person\\\/8f23e01c4de63326c13c319fb65ee65d\",\"name\":\"roma\"}]}<\/script>\n<!-- \/ Yoast SEO plugin. -->","yoast_head_json":{"title":"Quru s\u0259rh\u0259dl\u0259ri niy\u0259 a\u00e7\u0131lm\u0131r? - MEYDAN.TV","robots":{"index":"index","follow":"follow","max-snippet":"max-snippet:-1","max-image-preview":"max-image-preview:large","max-video-preview":"max-video-preview:-1"},"canonical":"https:\/\/www.meydan.tv\/az\/article\/quru-serhedleri-niye-acilmir\/","og_locale":"az_AZ","og_type":"article","og_title":"Quru s\u0259rh\u0259dl\u0259ri niy\u0259 a\u00e7\u0131lm\u0131r? - MEYDAN.TV","og_url":"https:\/\/www.meydan.tv\/az\/article\/quru-serhedleri-niye-acilmir\/","og_site_name":"MEYDAN.TV","article_published_time":"2022-06-20T19:07:16+00:00","article_modified_time":"2022-06-20T19:07:18+00:00","og_image":[{"width":1200,"height":672,"url":"https:\/\/www.meydan.tv\/wp-content\/uploads\/screenshot-at-jun-20-21-04-28-1200x672.png","type":"image\/png"}],"author":"roma","twitter_card":"summary_large_image","schema":{"@context":"https:\/\/schema.org","@graph":[{"@type":"Article","@id":"https:\/\/www.meydan.tv\/az\/article\/quru-serhedleri-niye-acilmir\/#article","isPartOf":{"@id":"https:\/\/www.meydan.tv\/az\/article\/quru-serhedleri-niye-acilmir\/"},"author":{"name":"roma","@id":"https:\/\/www.meydan.tv\/az\/#\/schema\/person\/8f23e01c4de63326c13c319fb65ee65d"},"headline":"Quru s\u0259rh\u0259dl\u0259ri niy\u0259 a\u00e7\u0131lm\u0131r?","datePublished":"2022-06-20T19:07:16+00:00","dateModified":"2022-06-20T19:07:18+00:00","mainEntityOfPage":{"@id":"https:\/\/www.meydan.tv\/az\/article\/quru-serhedleri-niye-acilmir\/"},"wordCount":303,"publisher":{"@id":"https:\/\/www.meydan.tv\/az\/#organization"},"image":{"@id":"https:\/\/www.meydan.tv\/az\/article\/quru-serhedleri-niye-acilmir\/#primaryimage"},"thumbnailUrl":"https:\/\/www.meydan.tv\/wp-content\/uploads\/screenshot-at-jun-20-21-04-28.png","articleSection":["Reportaj","Video"],"inLanguage":"az"},{"@type":"WebPage","@id":"https:\/\/www.meydan.tv\/az\/article\/quru-serhedleri-niye-acilmir\/","url":"https:\/\/www.meydan.tv\/az\/article\/quru-serhedleri-niye-acilmir\/","name":"Quru s\u0259rh\u0259dl\u0259ri niy\u0259 a\u00e7\u0131lm\u0131r? - MEYDAN.TV","isPartOf":{"@id":"https:\/\/www.meydan.tv\/az\/#website"},"primaryImageOfPage":{"@id":"https:\/\/www.meydan.tv\/az\/article\/quru-serhedleri-niye-acilmir\/#primaryimage"},"image":{"@id":"https:\/\/www.meydan.tv\/az\/article\/quru-serhedleri-niye-acilmir\/#primaryimage"},"thumbnailUrl":"https:\/\/www.meydan.tv\/wp-content\/uploads\/screenshot-at-jun-20-21-04-28.png","datePublished":"2022-06-20T19:07:16+00:00","dateModified":"2022-06-20T19:07:18+00:00","breadcrumb":{"@id":"https:\/\/www.meydan.tv\/az\/article\/quru-serhedleri-niye-acilmir\/#breadcrumb"},"inLanguage":"az","potentialAction":[{"@type":"ReadAction","target":["https:\/\/www.meydan.tv\/az\/article\/quru-serhedleri-niye-acilmir\/"]}]},{"@type":"ImageObject","inLanguage":"az","@id":"https:\/\/www.meydan.tv\/az\/article\/quru-serhedleri-niye-acilmir\/#primaryimage","url":"https:\/\/www.meydan.tv\/wp-content\/uploads\/screenshot-at-jun-20-21-04-28.png","contentUrl":"https:\/\/www.meydan.tv\/wp-content\/uploads\/screenshot-at-jun-20-21-04-28.png","width":1722,"height":964},{"@type":"BreadcrumbList","@id":"https:\/\/www.meydan.tv\/az\/article\/quru-serhedleri-niye-acilmir\/#breadcrumb","itemListElement":[{"@type":"ListItem","position":1,"name":"Ana s\u0259hif\u0259","item":"https:\/\/www.meydan.tv\/az\/"},{"@type":"ListItem","position":2,"name":"Video","item":"https:\/\/www.meydan.tv\/az\/section\/video-2\/"},{"@type":"ListItem","position":3,"name":"Quru s\u0259rh\u0259dl\u0259ri niy\u0259 a\u00e7\u0131lm\u0131r?"}]},{"@type":"WebSite","@id":"https:\/\/www.meydan.tv\/az\/#website","url":"https:\/\/www.meydan.tv\/az\/","name":"MEYDAN.TV","description":"Meydan TV Az\u0259rbaycan\u0131n media m\u0259kan\u0131ndak\u0131 alternativ s\u0259sidir","publisher":{"@id":"https:\/\/www.meydan.tv\/az\/#organization"},"potentialAction":[{"@type":"SearchAction","target":{"@type":"EntryPoint","urlTemplate":"https:\/\/www.meydan.tv\/az\/?s={search_term_string}"},"query-input":{"@type":"PropertyValueSpecification","valueRequired":true,"valueName":"search_term_string"}}],"inLanguage":"az"},{"@type":"Organization","@id":"https:\/\/www.meydan.tv\/az\/#organization","name":"Meydan TV","url":"https:\/\/www.meydan.tv\/az\/","logo":{"@type":"ImageObject","inLanguage":"az","@id":"https:\/\/www.meydan.tv\/az\/#\/schema\/logo\/image\/","url":"https:\/\/www.meydan.tv\/wp-content\/uploads\/2021\/07\/meydan-logo.svg","contentUrl":"https:\/\/www.meydan.tv\/wp-content\/uploads\/2021\/07\/meydan-logo.svg","width":195,"height":46,"caption":"Meydan TV"},"image":{"@id":"https:\/\/www.meydan.tv\/az\/#\/schema\/logo\/image\/"}},{"@type":"Person","@id":"https:\/\/www.meydan.tv\/az\/#\/schema\/person\/8f23e01c4de63326c13c319fb65ee65d","name":"roma"}]}},"_links":{"self":[{"href":"https:\/\/www.meydan.tv\/az\/wp-json\/wp\/v2\/posts\/248860","targetHints":{"allow":["GET"]}}],"collection":[{"href":"https:\/\/www.meydan.tv\/az\/wp-json\/wp\/v2\/posts"}],"about":[{"href":"https:\/\/www.meydan.tv\/az\/wp-json\/wp\/v2\/types\/post"}],"author":[{"embeddable":true,"href":"https:\/\/www.meydan.tv\/az\/wp-json\/wp\/v2\/users\/14"}],"replies":[{"embeddable":true,"href":"https:\/\/www.meydan.tv\/az\/wp-json\/wp\/v2\/comments?post=248860"}],"version-history":[{"count":1,"href":"https:\/\/www.meydan.tv\/az\/wp-json\/wp\/v2\/posts\/248860\/revisions"}],"predecessor-version":[{"id":248864,"href":"https:\/\/www.meydan.tv\/az\/wp-json\/wp\/v2\/posts\/248860\/revisions\/248864"}],"wp:featuredmedia":[{"embeddable":true,"href":"https:\/\/www.meydan.tv\/az\/wp-json\/wp\/v2\/media\/248861"}],"wp:attachment":[{"href":"https:\/\/www.meydan.tv\/az\/wp-json\/wp\/v2\/media?parent=248860"}],"wp:term":[{"taxonomy":"category","embeddable":true,"href":"https:\/\/www.meydan.tv\/az\/wp-json\/wp\/v2\/categories?post=248860"},{"taxonomy":"post_tag","embeddable":true,"href":"https:\/\/www.meydan.tv\/az\/wp-json\/wp\/v2\/tags?post=248860"}],"curies":[{"name":"wp","href":"https:\/\/api.w.org\/{rel}","templated":true}]}}