{"id":248859,"date":"2022-06-21T16:15:30","date_gmt":"2022-06-21T12:15:30","guid":{"rendered":"https:\/\/www.meydan.tv\/?p=248859"},"modified":"2022-06-22T15:27:07","modified_gmt":"2022-06-22T11:27:07","slug":"vuqar-bayramov-erzaq-mehsullarinin-qiymeti-daha-cox-artib%ef%bf%bc","status":"publish","type":"post","link":"https:\/\/www.meydan.tv\/az\/article\/vuqar-bayramov-erzaq-mehsullarinin-qiymeti-daha-cox-artib%ef%bf%bc\/","title":{"rendered":"V\u00fcqar Bayramov: \u201c\u018frzaq m\u0259hsullar\u0131n\u0131n qiym\u0259ti daha \u00e7ox art\u0131b\u201d\ufffc"},"content":{"rendered":"\n<figure class=\"wp-block-embed is-type-video is-provider-youtube wp-block-embed-youtube wp-embed-aspect-16-9 wp-has-aspect-ratio\"><div class=\"wp-block-embed__wrapper\">\n<iframe title=\"\u0130qtisad\u00e7\u0131 deputat V\u00fcqar Bayramov: \u201c\u018frzaq m\u0259hsullar\u0131n\u0131n qiym\u0259ti daha \u00e7ox art\u0131b\u201d\" width=\"1200\" height=\"675\" data-src=\"https:\/\/www.youtube.com\/embed\/UxOuiVlBelk?feature=oembed\" frameborder=\"0\" allow=\"accelerometer; autoplay; clipboard-write; encrypted-media; gyroscope; picture-in-picture\" allowfullscreen src=\"data:image\/svg+xml;base64,PHN2ZyB3aWR0aD0iMSIgaGVpZ2h0PSIxIiB4bWxucz0iaHR0cDovL3d3dy53My5vcmcvMjAwMC9zdmciPjwvc3ZnPg==\" class=\"lazyload\" data-load-mode=\"1\"><\/iframe>\n<\/div><\/figure>\n\n\n\n<!--more-->\n\n\n\n<p><strong><em>\u201cQiym\u0259t art\u0131rsa, v\u0259t\u0259nda\u015f \u00f6z ail\u0259 b\u00fcdc\u0259sind\u0259n daha v\u0259sait x\u0259rcl\u0259m\u0259k m\u0259cburiyy\u0259tind\u0259 qal\u0131r\u201d<\/em><\/strong><\/p>\n\n\n\n<p>Milli M\u0259clisin Sosial Siyas\u0259t Komit\u0259sinin \u00fczv\u00fc, deputat V\u00fcqar Bayramov \u00f6lk\u0259d\u0259 qiym\u0259t art\u0131mlar\u0131 il\u0259 ba\u011fl\u0131 Meydan TV-nin suallar\u0131na cavab verir.<\/p>\n\n\n\n<p>&#8211;&nbsp;&nbsp;&nbsp;&nbsp;&nbsp;&nbsp;&nbsp;<em>V\u00fcqar b\u0259y, Federal Ehtiyatlar Sistemi (FED) iyunun 16-da u\u00e7ot d\u0259r\u0259c\u0259sini 0,75-1,0 faizd\u0259n 1,50-1,75 faiz\u0259 aral\u0131\u011f\u0131na \u00e7atd\u0131r\u0131b. 1994-c\u00fc ild\u0259n bug\u00fcn\u0259 q\u0259d\u0259r bu s\u0259viyy\u0259d\u0259 art\u0131m olmam\u0131\u015fd\u0131. Q\u0259rar\u0131n Az\u0259rbaycan\u0131n valyuta bazar\u0131na, dollar-manat m\u00fcnasib\u0259tl\u0259rin\u0259 t\u0259siri olacaqm\u0131?<\/em><\/p>\n\n\n\n<p>&#8211;&nbsp;&nbsp;&nbsp;&nbsp;&nbsp;&nbsp;&nbsp;\u018fslind\u0259, FED-nin u\u00e7ot faiz d\u0259r\u0259c\u0259sini art\u0131rmas\u0131 il\u0259 ba\u011fl\u0131 q\u0259rar\u0131 g\u00f6zl\u0259nil\u0259n idi, n\u0259z\u0259r\u0259 alsaq ki, AB\u015e-da inflyasiya s\u0259viyy\u0259si proqnozla\u015fd\u0131r\u0131landan daha \u00e7oxdur. Bel\u0259 ki, 2022-ci ild\u0259 FED AB\u015e-da 2 faiz inflyasiya proqnozla\u015fd\u0131r\u0131rd\u0131, amma reall\u0131qda son may ay\u0131n\u0131n yekunlar\u0131 g\u00f6st\u0259rdi ki, qiym\u0259t art\u0131m\u0131 6.3 faiz olub. Eyni zamanda, \u00dcmudi Daxili M\u0259hsuldak\u0131 (\u00dcDM) art\u0131m da proqnozla\u015fd\u0131r\u0131ld\u0131\u011f\u0131ndan nisb\u0259t\u0259n azd\u0131r, n\u0259tic\u0259d\u0259 FED u\u00e7ot d\u0259r\u0259c\u0259sinin art\u0131r\u0131lmas\u0131 il\u0259 ba\u011fl\u0131 q\u0259rar q\u0259bul etdi. \u018fslind\u0259, art\u0131m\u0131n ilin sonuna q\u0259d\u0259r davam ed\u0259c\u0259yi g\u00f6zl\u0259nilir. \u00c7\u00fcnki haz\u0131rda FED-in u\u00e7ot d\u0259r\u0259c\u0259si 1.75 faiz interval\u0131ndad\u0131r, ilin sonuna q\u0259d\u0259r 3.4 faiz\u0259 q\u0259d\u0259r y\u00fcks\u0259l\u0259c\u0259k. T\u0259bii ki, yum\u015faq des\u0259k, FED-in u\u00e7ot d\u0259r\u0259c\u0259si AB\u015e \u00fc\u00e7\u00fcn ke\u00e7\u0259rli deyil, h\u0259m d\u0259 dig\u0259r \u00f6lk\u0259l\u0259rin valyuta bazarlar\u0131na t\u0259sir g\u00f6st\u0259rir. S\u00f6zs\u00fcz ki, qlobal olaraq valyuta bazarlar\u0131nda psixoloji t\u0259sirl\u0259ri var. N\u0259z\u0259r\u0259 alsaq ki, FED u\u00e7ot d\u0259r\u0259c\u0259sini art\u0131ran zaman biz q\u0131sa m\u00fcdd\u0259t d\u0259 olsa dollara t\u0259l\u0259bin artmas\u0131n\u0131 m\u00fc\u015fahid\u0259 edirik. \u0130yunun 16-da da FED-in q\u0259rar\u0131 a\u00e7\u0131qland\u0131qdan sonra monitorinql\u0259r g\u00f6st\u0259rir ki, dollara t\u0259l\u0259bd\u0259 m\u00fc\u0259yy\u0259n add\u0131mlar var. Amma Az\u0259rbaycan h\u0259l\u0259lik \u00fcz\u0259n m\u0259z\u0259nn\u0259 rejimin\u0259 ke\u00e7m\u0259diyind\u0259n manat\u0131n m\u0259z\u0259nn\u0259si t\u0259nziml\u0259nir. Y\u0259ni kursu M\u0259rk\u0259zi Bank m\u00fc\u0259yy\u0259nl\u0259\u015fdirir. N\u00f6vb\u0259ti d\u00f6vrd\u0259, x\u00fcsus\u0259n FED-in u\u00e7ot d\u0259r\u0259c\u0259sini art\u0131raca\u011f\u0131n\u0131 n\u0259z\u0259r\u0259 alsaq, M\u0259rk\u0259zi Bank\u0131n manat\u0131n m\u0259z\u0259nn\u0259sinin m\u00fc\u0259yy\u0259nl\u0259\u015fdirilm\u0259sind\u0259 m\u00f6vqeyi h\u0259lledici olacaq. &nbsp;&nbsp;&nbsp;&nbsp;&nbsp;&nbsp;&nbsp;<\/p>\n\n\n\n<p>&#8211;&nbsp;<em>Son bir ne\u00e7\u0259 ayd\u0131r \u00f6lk\u0259d\u0259 daha \u00e7ox qiym\u0259t art\u0131mlar\u0131 m\u00fczakir\u0259 m\u00f6vzusudur. Az\u0259rbaycan r\u0259smi 12,4 faiz inflyasiya s\u0259viyy\u0259sin\u0259 g\u00f6r\u0259, d\u00fcnyada 46-ci yerd\u0259dir. \u0130lk 40-l\u0131qda Q\u0259rb d\u00f6vl\u0259tl\u0259ri yoxdur, \u0130ran, Rusiya, T\u00fcrkiy\u0259, postsovet v\u0259 Afrika \u00f6lk\u0259l\u0259ri g\u0259lir. Bu m\u0259nada Az\u0259rbaycanda inflyas\u0131yan\u0131n bel\u0259 y\u00fcks\u0259k olmas\u0131n\u0131n s\u0259b\u0259bi n\u0259dir?<\/em><\/p>\n\n\n\n<p>&#8211; Xat\u0131rlay\u0131rs\u0131n\u0131zsa, \u00f6t\u0259n il siz\u0259 m\u00fcsahib\u0259md\u0259 2022-ci ild\u0259 qiym\u0259t art\u0131m\u0131n\u0131n davam ed\u0259c\u0259yini s\u00f6yl\u0259mi\u015fdim. T\u0259bii ki, Rusiya-Ukrayna m\u00fcharib\u0259si qiym\u0259t art\u0131mlar\u0131n\u0131 daha da s\u00fcr\u0259tl\u0259ndirdi. Az\u0259rbaycanda qiym\u0259t art\u0131mlar\u0131n\u0131n s\u0259b\u0259bl\u0259rin\u0259 diqq\u0259t yetirs\u0259k, &#8211; n\u0259z\u0259r\u0259 alsaq ki, D\u00f6vl\u0259t Statistika Komit\u0259sinin r\u0259smi m\u0259lumat\u0131nda da inflyasiya s\u0259viyy\u0259sinin artmas\u0131 qeyd olunur &#8211; t\u0259xmin\u0259n 12.6 faiz\u0259 yax\u0131n \u00fcmumi qiym\u0259t art\u0131m\u0131 var. Bu, \u0259vv\u0259lki ill\u0259rl\u0259 m\u00fcqayis\u0259d\u0259 kifay\u0259t q\u0259d\u0259r b\u00f6y\u00fck qiym\u0259t art\u0131m\u0131d\u0131r. Eyni zamanda, \u0259rzaq m\u0259hsullar\u0131n\u0131n qiym\u0259tl\u0259ri \u00fcmumi qiym\u0259t art\u0131mlar\u0131 il\u0259 m\u00fcqayis\u0259d\u0259 daha \u00e7ox art\u0131b. \u018frzaq m\u0259hsullar\u0131nda t\u0259xmin\u0259n 18 faiz\u0259 yax\u0131n art\u0131m qeyd\u0259 al\u0131n\u0131b, bura spirtli i\u00e7kil\u0259r v\u0259 dig\u0259r m\u0259hsullar daxildir. \u0130nflyasiya strukturuna diqq\u0259t yetirs\u0259k, \u0259rzaq m\u0259hsullar\u0131ndak\u0131 qiym\u0259t art\u0131mlar\u0131 daha \u00f6nd\u0259dir. X\u00fcsus\u0259n d\u0259, \u00fcmumi qiym\u0259t art\u0131m\u0131na t\u0259sir g\u00f6st\u0259r\u0259n faktordur. \u018fsas s\u0259b\u0259b\u0259 g\u0259ldikd\u0259, bu, idxal inflyasiyas\u0131d\u0131r. Biz \u0259vv\u0259ll\u0259r d\u0259 demi\u015fdik ki, idxal inflyasiyas\u0131 qa\u00e7\u0131lmaz olacaq. \u018fg\u0259r d\u00fcnya, x\u00fcsus\u0259n region bazar\u0131nda qiym\u0259tl\u0259r art\u0131rsa, n\u0259tic\u0259 etibar\u0131 il\u0259 Az\u0259rbaycana idxal edil\u0259n m\u0259hsullar\u0131n qiym\u0259tl\u0259rin\u0259 t\u0259sir g\u00f6st\u0259r\u0259c\u0259k. H\u0259m\u00e7inin, biz \u00fcmumi istehlak\u0131m\u0131z\u0131n t\u0259xmin\u0259n yar\u0131ya q\u0259d\u0259rini idxal edirik. X\u00fcsus\u0259n illik 10 milyard dollarl\u0131q idxal\u0131m\u0131z var, onun da 3 milyard\u0131 \u0259rzaq m\u0259hsullar\u0131n\u0131n idxal\u0131d\u0131r. H\u0259min m\u0259hsullar\u0131n qiym\u0259tl\u0259rinin region bazar\u0131nda artmas\u0131 n\u0259tic\u0259d\u0259 \u00f6lk\u0259y\u0259 g\u0259tiril\u0259n m\u0259hsullar\u0131n qiym\u0259tl\u0259rinin artmas\u0131 il\u0259 sonuclanacaq. Eyni zamanda, idxal \u0259laq\u0259l\u0259rimiz\u0259 diqq\u0259t yetirs\u0259k, art\u0131m orda da \u00f6z\u00fcn\u00fc g\u00f6st\u0259rir. M\u0259s\u0259l\u0259n, Rusiya v\u0259 Ukraynan\u0131n Az\u0259rbaycan\u0131n ticar\u0259t d\u00f6vriyy\u0259si aspektind\u0259n qiym\u0259t art\u0131mlar\u0131na baxsaq, Bak\u0131 il\u0259 Moskva aras\u0131nda \u00f6t\u0259n il ticar\u0259t d\u00f6vriyy\u0259si 3.1 milyard dollar idi. Ukraynayla t\u0259xmin\u0259n 8.1 milyon dollarl\u0131q xarici ticar\u0259t d\u00f6vriyy\u0259miz var. H\u0259min \u00f6lk\u0259l\u0259rd\u0259n ald\u0131\u011f\u0131m\u0131z \u0259rzaq m\u0259hsullar\u0131n\u0131n \u0259ks\u0259riyy\u0259tini indi idxal etmirik. T\u0259bii ki, Ukrayna ixracat\u0131 texniki bax\u0131mdan h\u0259yata ke\u00e7ir\u0259 bilmir, Rusiya da \u0259rzaq t\u0259hl\u00fck\u0259sizliyi v\u0259 sanksiyalar bax\u0131m\u0131ndan qada\u011falar m\u00fc\u0259yy\u0259\u015fdirib.<\/p>\n\n\n\n<p>&#8211;&nbsp;<em>Ancaq enerji bazar\u0131 Rusiyadan as\u0131l\u0131 olan Q\u0259rb \u00f6lk\u0259l\u0259rind\u0259, yaxud \u00c7in v\u0259 Hindistanda qiym\u0259t art\u0131m\u0131 bizd\u0259ki kimi deyil&#8230;<\/em><\/p>\n\n\n\n<p>&#8211; M\u0259s\u0259l\u0259n, AB\u015e-da qiym\u0259t art\u0131mlar\u0131 son onillikl\u0259rin \u0259n y\u00fcks\u0259k art\u0131m say\u0131l\u0131r, 6.3 faiz qiym\u0259t art\u0131m\u0131 var. Bu, AB\u015e \u00fc\u00e7\u00fcn he\u00e7 d\u0259 g\u00f6zl\u0259nil\u0259n qiym\u0259t art\u0131mlar\u0131 deyil. Avrozonada 8.1 faiz qiym\u0259t art\u0131mlar\u0131 m\u00fc\u015fahid\u0259 olunur. F\u0259rq\u0259 g\u0259ldikd\u0259, baza inflyasiya faizl\u0259rinin f\u0259rql\u0259ri il\u0259 ba\u011fl\u0131d\u0131r. AB\u015e bu il 2 faiz qiym\u0259t art\u0131mlar\u0131n\u0131 proqnozla\u015fd\u0131r\u0131rd\u0131, amma haz\u0131rda 6.3 faiz qiym\u0259t art\u0131m\u0131 var. Az\u0259rbaycanda is\u0259 proqnozla\u015fd\u0131r\u0131lan qiym\u0259t art\u0131m\u0131 t\u0259xmin\u0259n 7 faiz \u0259traf\u0131ndayd\u0131, haz\u0131rda r\u0259smi r\u0259q\u0259ml\u0259rd\u0259 12-13 faiz g\u00f6st\u0259rilir. \u00c7\u00fcnki baza inflyasiya s\u0259viyy\u0259si y\u00fcks\u0259k olanda n\u0259tic\u0259 etibar\u0131 il\u0259 illik v\u0259 ayl\u0131q inflyasiya s\u0259viyy\u0259l\u0259rin\u0259 t\u0259sir g\u00f6st\u0259rir. Amma \u00fcmum\u0259n qlobal bax\u0131mdan yana\u015fsaq, 2021-c ill\u0259 m\u00fcqayis\u0259d\u0259 bu il praktik olaraq b\u00fct\u00fcn \u00f6lk\u0259l\u0259rd\u0259 qiym\u0259tl\u0259rd\u0259 art\u0131mlar var, o c\u00fcml\u0259d\u0259n, inki\u015faf etmi\u015f \u00f6lk\u0259l\u0259rd\u0259. S\u00f6zs\u00fcz, bu, he\u00e7 d\u0259 o anlama g\u0259lmir ki, anti-inflyasiya t\u0259dbirl\u0259ri gen\u015fl\u0259ndirilm\u0259m\u0259lidir, yaxud buna ehtiyac yoxdur. \u0130nflyasiyaya qar\u015f\u0131 m\u00fcbariz\u0259 t\u0259dbirl\u0259ri prioritetdir v\u0259 n\u00f6vb\u0259ti d\u00f6vrl\u0259rd\u0259 d\u0259 bunun davam etdirilm\u0259si vacibdir.<\/p>\n\n\n\n<p><em>&#8211; Siz Avrozonan\u0131 xat\u0131rlatd\u0131n\u0131z, ancaq pandemiyadan daha \u00e7ox \u0259ziyy\u0259t \u00e7\u0259k\u0259n Avropa inflyasiyan\u0131 cilovlaya bildi. \u0130kinci, \u0259g\u0259r Rusiyan\u0131n idxal t\u0259sirind\u0259n dan\u0131\u015f\u0131r\u0131qsa, o zaman \u015fimal d\u00f6vl\u0259t yaln\u0131z siyasi yox, h\u0259m d\u0259 iqtisadi bax\u0131mdan da t\u0259hl\u00fck\u0259y\u0259 \u00e7evrilm\u0259yibmi, y\u0259ni bu y\u00f6nd\u0259n as\u0131l\u0131 deyilikmi?<\/em><\/p>\n\n\n\n<p>&#8211; Rusiyayla d\u00f6vriyy\u0259miz b\u00f6y\u00fckd\u00fcr, amma onlardan iqtisadi bax\u0131mdan as\u0131l\u0131 oldu\u011fumuzu g\u00fcman etmir\u0259m v\u0259 sizinl\u0259 raz\u0131la\u015fm\u0131ram. \u00c7\u00fcnki \u00fcmumi ticar\u0259t d\u00f6vriyy\u0259mizd\u0259 Avropa birincidir. Az\u0259rbaycan\u0131n \u00fcmumi ticar\u0259t d\u00f6vriyy\u0259sinin t\u0259xmin\u0259n 40 faizind\u0259n \u00e7oxu Avropan\u0131n pay\u0131na d\u00fc\u015f\u00fcr, o c\u00fcml\u0259d\u0259n, ixracatda yar\u0131dan \u00e7oxu. Amma siz dey\u0259n m\u0259s\u0259l\u0259d\u0259 bir m\u0259qam var, biz bir s\u0131ra \u0259rzaq m\u0259hsullar\u0131n\u0131 Rusiyadan al\u0131rd\u0131q. Az\u0259rbaycan\u0131n idxal etdiyi bu\u011fdan\u0131n 80 faizi Rusiyadan g\u0259lir. 2021-ci ild\u0259 Rusiyadan bu\u011fda idxal\u0131nda t\u0259xmin\u0259n 310 milyon dollar v\u0259sait x\u0259rcl\u0259nib, kifay\u0259t q\u0259d\u0259r ciddi r\u0259q\u0259mdir. \u0130dxal bu\u011fdan\u0131n strukturuna diqq\u0259t yetirils\u0259, Rusiya aparc\u0131yd\u0131, Qazax\u0131stan v\u0259 dig\u0259r \u00f6lk\u0259l\u0259rin pay\u0131 nisb\u0259t\u0259n az idi. T\u0259bii ki, Az\u0259rbaycan\u0131n bu\u011fda idxal\u0131nda Rusiyadan as\u0131l\u0131l\u0131\u011f\u0131 var idi, haz\u0131rda qon\u015fu \u00f6lk\u0259 bu\u011fda ixrac\u0131n\u0131 dayand\u0131r\u0131b. X\u00fcsus\u0259n b\u0259zi m\u0259hsullar\u0131n Rusiyadan idxal\u0131 daha ucuz ba\u015fa g\u0259lirdi, ona g\u00f6r\u0259 d\u0259 i\u015f adamlar\u0131 h\u0259min m\u0259hsullar\u0131 ordan idxal etm\u0259kd\u0259 daha maraql\u0131 g\u00f6r\u00fcn\u00fcrd\u00fc. Son qiym\u0259t art\u0131m\u0131 bir m\u0259s\u0259l\u0259ni prioritetl\u0259\u015fdirib g\u00fcnd\u0259m\u0259 g\u0259tirib ki, istehlak\u0131n yerli istehsal hesab\u0131na \u00f6d\u0259nm\u0259si il\u0259 idxaldan as\u0131l\u0131l\u0131\u011f\u0131n aradan qald\u0131r\u0131lmas\u0131 \u00e7ox vacibdir. \u018fslind\u0259, n\u00f6vb\u0259ti d\u00f6vr \u00fc\u00e7\u00fcn d\u0259 x\u00fcsus\u0259n \u0259rzaq m\u0259hsullar\u0131na olan t\u0259l\u0259bin daha \u00e7ox yerli istehsal hesab\u0131na \u00f6d\u0259nilm\u0259sidir.<\/p>\n\n\n\n<p><em>&#8211; \u00dcmumiyy\u0259tl\u0259, h\u00f6kum\u0259tin r\u0259smi inflyasiyas\u0131ndak\u0131 r\u0259q\u0259mi n\u0259 q\u0259d\u0259r reald\u0131r? Biz 12,4 fazilik inflyasiyan\u0131 n\u0259d\u0259ns\u0259 marketl\u0259rd\u0259, g\u0259lirimizd\u0259 hiss etmirik, y\u0259ni g\u0259lirl\u0259rimiz daha s\u00fcr\u0259tl\u0259 \u0259riyir&#8230;<\/em><\/p>\n\n\n\n<p>&#8211; R\u0259smi inflyasiya g\u00f6st\u0259ricisi hesablanan zaman burda istehlak m\u0259hsullar\u0131n\u0131n s\u0259b\u0259tin\u0259 diqq\u0259t yetirm\u0259liyik. S\u0259b\u0259td\u0259 olan m\u0259hsullardak\u0131 qiym\u0259t art\u0131m\u0131na uy\u011fun olaraq \u00fcmumi inflyasiya s\u0259viyy\u0259si hesablan\u0131r. Bir d\u0259 var g\u00f6zl\u0259nti, hans\u0131 ki, v\u0259t\u0259nda\u015f\u0131n qiym\u0259t art\u0131mlar\u0131 bar\u0259d\u0259 g\u00f6zl\u0259ntisi v\u0259 ya g\u00fcnd\u0259lik m\u0259hsullarda qiym\u0259t art\u0131m\u0131. Biz g\u00fcnd\u0259lik istehlak olunan bir s\u0131ra \u0259rzaq m\u0259hsullar\u0131n qiym\u0259tin\u0259 baxsaq, ordak\u0131 art\u0131m \u00fcmumi inflyasiya s\u0259viyy\u0259sind\u0259n daha y\u00fcks\u0259kdir. D\u00f6vl\u0259t Statistika Komit\u0259sinin (DSK) m\u0259lumat\u0131nda da \u0259rzaq m\u0259hsullar\u0131n\u0131n qiym\u0259tl\u0259rind\u0259ki art\u0131mlar\u0131n daha \u00e7ox oldu\u011fu g\u00f6rs\u0259nir. Amma \u00fcmumi istehlak bazar\u0131nda qiym\u0259t art\u0131mlar\u0131 yaln\u0131z \u0259rzaq m\u0259hsullar\u0131 \u00fczr\u0259 hesablanm\u0131r. H\u0259m d\u0259 qeyri-\u0259rzaq m\u0259hsullar\u0131 \u00fczr\u0259 qiym\u0259t art\u0131mlar\u0131 n\u0259z\u0259r\u0259 al\u0131nmaqla hesablan\u0131r. T\u0259bii metodologiya v\u0259 qiym\u0259tl\u0259rin toplanmas\u0131 m\u00fczakir\u0259 oluna bil\u0259r. Ancaq s\u00f6zs\u00fcz reall\u0131q bundan ibar\u0259tdir ki, \u0259rzaq m\u0259hsullar\u0131n\u0131n qiym\u0259ti \u00fcmumi qiym\u0259t art\u0131mlar\u0131 il\u0259 m\u00fcqayis\u0259d\u0259 daha \u00e7ox art\u0131b. X\u00fcsus\u0259n d\u0259 idxal olunan \u0259rzaq m\u0259hsullar\u0131nda inflyasiya s\u0259viyy\u0259sinin daha y\u00fcks\u0259k oldu\u011funu m\u00fc\u015fahid\u0259 edirik.<\/p>\n\n\n\n<p><em>&#8211; M\u00f6vcud bahala\u015fma Az\u0259rbaycan \u0259halisinin g\u0259lirl\u0259rind\u0259 n\u0259 q\u0259d\u0259r azalma yarad\u0131b v\u0259 insanlar\u0131n y\u0131\u011f\u0131m etm\u0259 imkanlar\u0131 haz\u0131rda hans\u0131 s\u0259viyy\u0259y\u0259 d\u00fc\u015f\u00fcb?<\/em><\/p>\n\n\n\n<p>&#8211; \u0130st\u0259nil\u0259n qiym\u0259t art\u0131mlar\u0131 v\u0259t\u0259nda\u015f\u0131n g\u0259lirl\u0259ri v\u0259 x\u0259rcl\u0259m\u0259l\u0259ri \u00fc\u00e7\u00fcn arzuolunan deyil. Qiym\u0259t art\u0131rsa, v\u0259t\u0259nda\u015f \u00f6z ail\u0259 b\u00fcdc\u0259sind\u0259n daha \u00e7ox v\u0259sait x\u0259rcl\u0259m\u0259k m\u0259cburiyy\u0259tind\u0259 qal\u0131r. \u00c7\u00fcnki qiym\u0259t art\u0131mlar\u0131 n\u0259tic\u0259 etibar\u0131 il\u0259 ail\u0259 b\u00fcdc\u0259sin\u0259 t\u0259sir g\u00f6st\u0259rir v\u0259 ail\u0259 b\u00fcdc\u0259sin\u0259 bu istiqam\u0259td\u0259 v\u0259saitin x\u0259rcl\u0259m\u0259sin\u0259 g\u0259tirib \u00e7\u0131xar\u0131r. Ona g\u00f6r\u0259 d\u0259 b\u00fct\u00fcn hallarda qiym\u0259t art\u0131mlar\u0131 arzuolunan deyil. Qiym\u0259t art\u0131mlar\u0131na qar\u015f\u0131 m\u00fcbariz\u0259nin g\u00fccl\u0259ndirilm\u0259sin\u0259 g\u0259linc\u0259, Nazirl\u0259r Kabineti t\u0259r\u0259find\u0259n anti-inflyasiya t\u0259dbirl\u0259ri g\u00f6r\u00fcl\u00fcr. X\u00fcsus\u0259n d\u0259 minimum istehlak s\u0259b\u0259tin\u0259 daxil olan m\u0259hsullar\u0131n istehsal\u0131 il\u0259 m\u0259\u015f\u011ful olan sahibkarlara d\u0259st\u0259k mexanizmi h\u0259yata ke\u00e7irilir. Bunlar vacib idi, \u00e7\u00fcnki yerli istehsal\u0131n geni\u015fl\u0259nm\u0259sin\u0259 ehtiyac var ki, idxaldan as\u0131l\u0131l\u0131q azals\u0131n v\u0259 n\u0259tic\u0259d\u0259 qiym\u0259tl\u0259rin t\u0259nziml\u0259nm\u0259sin\u0259 imkan versin. Bildiyiniz kimi minimum istehlak s\u0259b\u0259tin\u0259 daxil olan \u0259rzaq m\u0259hsullar\u0131n\u0131n ixracat\u0131 da t\u0259nziml\u0259nib. \u018fg\u0259r h\u0259min m\u0259hsullara daxili t\u0259l\u0259b varsa, o zaman Nazirl\u0259r Kabinetinin son q\u0259rarlar\u0131ndan birin\u0259 \u0259sas\u0259n \u0130qtisadiyyat Nazirliyi il\u0259 raz\u0131la\u015fd\u0131r\u0131l\u0131b bu m\u0259hsullar\u0131n ixracat\u0131 h\u0259yata ke\u00e7irilir. T\u0259xmin\u0259n 85 milyon dollarl\u0131q ixracatdan s\u00f6hb\u0259t gedir, 2021-ci ild\u0259 istehlak s\u0259b\u0259tin\u0259 daxil olan mallar\u0131n ixracat\u0131 t\u0259xmin\u0259n 85 milyon dollar \u0259traf\u0131nda d\u0259yi\u015fmi\u015fdi. \u00dcmumiyy\u0259tl\u0259, qiym\u0259tin artmas\u0131na bir aspektd\u0259n d\u0259 yana\u015faq, nominal v\u0259 real g\u0259lirl\u0259r, birincisi, v\u0259t\u0259nda\u015f\u0131n da, d\u00f6vl\u0259tin d\u0259, hans\u0131sa \u015firk\u0259tin d\u0259 \u0259ld\u0259 etdiyi g\u0259lirdir. Amma real g\u0259lir m\u0259hz qiym\u0259t art\u0131mlar\u0131 n\u0259z\u0259r\u0259 al\u0131naraq olan g\u0259lirl\u0259rdir. S\u00f6zs\u00fcz ki, qiym\u0259t art\u0131mlar\u0131 davam etdikc\u0259, n\u0259tic\u0259d\u0259 v\u0259t\u0259nda\u015f\u0131n daha \u00e7ox v\u0259sait x\u0259rcl\u0259m\u0259sin\u0259 s\u0259b\u0259b olur. Ona g\u00f6r\u0259 qiym\u0259tl\u0259rin artmas\u0131 iqtisadi v\u0259 sosial bax\u0131mdan arzuolunan deyil. T\u0259bii ki, m\u00fc\u0259yy\u0259n t\u0259nziml\u0259n\u0259n inflyasiya investisiyan\u0131 t\u0259\u015fviq ed\u0259 bil\u0259r, amma y\u00fcks\u0259k qiym\u0259t art\u0131mlar\u0131 he\u00e7 bir halda arzuolunan deyil.<\/p>\n\n\n\n<p><em>&#8211; O zaman sual yaran\u0131r, minimum \u0259m\u0259k haqq\u0131 v\u0259 t\u0259qa\u00fcdl\u0259rin art\u0131m\u0131 indiki bahala\u015fma faizi il\u0259 n\u0259 d\u0259r\u0259c\u0259d\u0259 adekvatd\u0131r?<\/em><\/p>\n\n\n\n<p>&#8211; N\u0259z\u0259r\u0259 alsaq ki, minimum v\u0259 orta ayl\u0131q \u0259m\u0259k haqq\u0131 2022-ci ilin yanvar\u0131n 1-d\u0259n art\u0131r\u0131ld\u0131, o c\u00fcml\u0259d\u0259n, minimum pensiya da, h\u0259r iki m\u0259bl\u0259\u011fd\u0259 20 faiz art\u0131m qeyd\u0259 al\u0131nd\u0131. M\u0259qs\u0259d d\u0259 g\u00f6zl\u0259nil\u0259n qiym\u0259t art\u0131mlar\u0131n\u0131n t\u0259sirl\u0259rini minimalla\u015fd\u0131rmaq, el\u0259c\u0259 d\u0259 \u00f6t\u0259n il ba\u015f ver\u0259n qiym\u0259t art\u0131mlar\u0131n\u0131 m\u0259hz bu art\u0131mlarla konpensasiya etm\u0259kd\u0259n ibar\u0259t idi. Amma t\u0259bii ki, h\u0259m minimum \u0259m\u0259k haqq\u0131, h\u0259m d\u0259 minimum pensiyada art\u0131m\u0131n davam etdirilm\u0259si vacibdir. \u018fslind\u0259 sosial paketin mahiyy\u0259ti ondan ibar\u0259tdir ki, yaln\u0131z pensiya v\u0259 \u0259m\u0259k haqq\u0131 deyil, b\u00fct\u00f6vl\u00fckd\u0259 sosial proqramlara daha \u00e7ox v\u0259saitin ayr\u0131lmas\u0131 m\u00fcmk\u00fcn olsun. Sad\u0259c\u0259, m\u00fcqayis\u0259 \u00fc\u00e7\u00fcn bir fakt\u0131 qeyd edim ki, 2022-ci ilin d\u00f6vl\u0259t b\u00fcdc\u0259si Az\u0259rbaycan\u0131n m\u00fcst\u0259qillik d\u00f6vr\u00fcnd\u0259 \u0259n b\u00f6y\u00fck b\u00fcdc\u0259dir, t\u0259xmin\u0259n 30 milyard dollara yax\u0131n x\u0259rcl\u0259m\u0259l\u0259r\u0259 malik b\u00fcdc\u0259dir. H\u0259m d\u0259 m\u00fcst\u0259qillik ill\u0259rind\u0259 birinci d\u0259f\u0259dir ki, d\u00f6vl\u0259t b\u00fcdc\u0259sinin x\u0259rcl\u0259rinin 46.5 faizi sosial istiqam\u0259t\u0259 y\u00f6n\u0259lib. Y\u0259ni iki manatdan birinin sosial istiqam\u0259t\u0259 y\u00f6n\u0259ldilm\u0259si anlam\u0131na g\u0259lir. T\u0259bii ki, sosial istiqam\u0259t\u0259 ayr\u0131lan v\u0259saitin art\u0131r\u0131lmas\u0131 g\u00fcnd\u0259mdir v\u0259 n\u00f6vb\u0259ti ill\u0259r \u00fc\u00e7\u00fcn d\u0259 prioritetdir. Qiym\u0259t art\u0131m\u0131 v\u0259 orta ayl\u0131q \u0259m\u0259k haqq\u0131 bax\u0131m\u0131ndan dig\u0259r m\u0259qam minimum pensiyan\u0131n indeksasiyas\u0131d\u0131r. H\u0259r ilin sonunda illik qiym\u0259t art\u0131mlar\u0131na uy\u011fun olaraq n\u00f6vb\u0259ti ilin \u0259vv\u0259ll\u0259rind\u0259 pensiyalar indeksasiya olunur. G\u00f6zl\u0259nilir ki, art\u0131q 2023-c\u00fc ilin yanvar\u0131nda indeksasiya s\u0259viyy\u0259si bu ill\u0259 m\u00fcqayis\u0259d\u0259 daha y\u00fcks\u0259k olacaq. Bizim g\u00f6zl\u0259nti ondan ibar\u0259tdir ki, g\u0259l\u0259n ilin \u0259vv\u0259lind\u0259 minimum pensiyalarda yaln\u0131z indeksasiya n\u0259tic\u0259sind\u0259 t\u0259xmin\u0259n 14-15 faizlik art\u0131m qeyd\u0259 al\u0131nacaq. &nbsp;&nbsp;&nbsp;&nbsp;&nbsp;&nbsp;&nbsp;&nbsp;&nbsp;&nbsp;&nbsp;&nbsp;<\/p>\n\n\n\n<p>&#8211;&nbsp;<em>V\u00fcqar b\u0259y, insanlar\u0131 d\u00fc\u015f\u00fcnd\u00fcr\u0259n v\u0259 sosial \u015f\u0259b\u0259k\u0259l\u0259rd\u0259 vur\u011fulanan suallardan biri budur ki, Az\u0259rbaycanda &nbsp;inflyasiyadan kiml\u0259r, hans\u0131 qruplar qazana bilir?<\/em><\/p>\n\n\n\n<p>&#8211; \u0130dxal olunan inflyasiya xaric\u0259 y\u00f6n\u0259ldil\u0259n v\u0259saitdir. Y\u0259ni xarici \u015firk\u0259tl\u0259r\u0259 v\u0259sait \u00f6d\u0259nilir ki, \u00f6lk\u0259y\u0259 m\u0259hsullar g\u0259tirilsin. S\u00f6zs\u00fcz ki, burda sat\u0131c\u0131 v\u0259 al\u0131c\u0131 var, birincil\u0259r sahibkarlar v\u0259 \u015firk\u0259tl\u0259rdir, onlar n\u0259 q\u0259d\u0259r baha sat\u0131rlarsa, o q\u0259d\u0259r \u00e7ox g\u0259lir \u0259ld\u0259 edirl\u0259r. Ancaq bu \u015f\u0259rtl\u0259 ki, dig\u0259r x\u0259rcl\u0259rind\u0259 art\u0131mlar olmas\u0131n. \u018fg\u0259r x\u0259rcl\u0259rind\u0259 art\u0131mlar olsa, onun sat\u0131\u015fdan \u0259ld\u0259 etdiyi g\u0259lirin bir hiss\u0259si d\u0259 inflyasiya t\u0259r\u0259find\u0131n praktiki olaraq yeyilir. Ona g\u00f6r\u0259 d\u0259 d\u00f6vl\u0259t birm\u0259nal\u0131 \u015f\u0259kild\u0259 y\u00fcks\u0259k inflyasiyada maraql\u0131 deyil. Bu bax\u0131mdan Nazirl\u0259r Kabineti t\u0259r\u0259find\u0259n anti-inflyasiya t\u0259dbirl\u0259ri h\u0259yata ke\u00e7irilir, o c\u00fcml\u0259d\u0259n, biznesin t\u0259\u015fviq edim\u0259si y\u00f6n\u00fcnd\u0259. X\u00fcsus\u0259n d\u0259 h\u00f6kum\u0259t \u0259rzaq m\u0259hsullar\u0131n\u0131n istehsal\u0131 il\u0259 m\u0259\u015f\u011ful olanlar \u00fc\u00e7\u00fcn 2 yeni mexanizm t\u0259klif etdi, onlardan biri g\u00fcz\u0259\u015ftli kreditl\u0259r partfelinin geni\u015fl\u0259ndirilm\u0259si v\u0259 bunlara \u00e7\u0131x\u0131\u015f imkanlar\u0131n\u0131n art\u0131r\u0131lmas\u0131. Dig\u0259r mexanizm is\u0259 \u0259vv\u0259l g\u00f6t\u00fcr\u00fclm\u00fc\u015f kredit faizl\u0259rinin subsidiya edilm\u0259si idi. M\u0259qs\u0259d ondan ibar\u0259t idi ki, sahibkar\u0131n kredit x\u0259rci azals\u0131n, n\u0259tic\u0259d\u0259 yerli istehsal etdiyi m\u0259hsulun qiym\u0259t art\u0131m\u0131na getm\u0259sin. &nbsp;&nbsp;&nbsp;&nbsp;&nbsp;<\/p>\n\n\n\n<p><em>&#8211; B\u0259s h\u00f6kum\u0259tin bahala\u015fman\u0131 cilovlamaq v\u0259 rifah hal\u0131n\u0131n\u0131 a\u015fa\u011f\u0131 d\u00fc\u015fm\u0259sinin qar\u015f\u0131s\u0131n\u0131n al\u0131nmas\u0131 \u00fc\u00e7\u00fcn atd\u0131\u011f\u0131 add\u0131mlar effekt verirmi?<\/em><\/p>\n\n\n\n<p><em>&#8211;<\/em>&nbsp;Orta v\u0259 strateji bax\u0131mdan yana\u015fsaq, t\u0259bii ki, anti-inflyasiya t\u0259dbirl\u0259ri olmasa, o zaman daha y\u00fcks\u0259k qiym\u0259t art\u0131mlar\u0131n\u0131 m\u00fc\u015fahid\u0259 ed\u0259rik. \u00c7\u00fcnki d\u00fcnya bazar\u0131ndan idxal edil\u0259n m\u0259hsullar\u0131n qiym\u0259tind\u0259 art\u0131mlar var. S\u00f6zs\u00fcz, anti-inflyasiya t\u0259dbirl\u0259ri davaml\u0131d\u0131r. X\u00fcsus\u0259n Nazirl\u0259r Kabinetinin t\u0259\u015fviq t\u0259dbirl\u0259rin\u0259 diqq\u0259t yetirs\u0259k, t\u0259bii ki, taktiki add\u0131mlar da var, \u0259sas\u0259n d\u0259 minimum istehlak s\u0259b\u0259tin\u0259 daxil olan m\u0259hsullar\u0131n ixracat\u0131n\u0131n t\u0259nziml\u0259nm\u0259si. O c\u00fcml\u0259d\u0259n, x\u00fcsus\u0259n idxalda b\u0259zi vergi g\u00fcz\u0259\u015ftl\u0259rinin t\u0259tbiq edilm\u0259sind\u0259 m\u0259qs\u0259d x\u0259rcl\u0259rin azald\u0131lmas\u0131na nail olmaq v\u0259 qiym\u0259t art\u0131mlar\u0131n\u0131 minimumla\u015fd\u0131rma\u011fa \u00e7al\u0131\u015fmaqd\u0131r. \u018fg\u0259r idxal n\u0259tic\u0259sind\u0259 qiym\u0259t art\u0131mlar\u0131 yaran\u0131rsa, praktik olaraq onu minimumla\u015fd\u0131rmaq m\u00fcmk\u00fcnd\u00fcr. \u00c7\u00fcnki bu, idxal inflyasiyas\u0131d\u0131r. Amma bizim d\u0259 t\u0259klif etdiyimiz strateji yana\u015fma yerli istehsal\u0131n hesab\u0131na istehlak\u0131n \u00f6d\u0259nilm\u0259sind\u0259n ibar\u0259tdir. \u018fsas \u0259rzaq m\u0259hsullar\u0131 \u00fczr\u0259 daha \u00e7ox yerli istehsal hesab\u0131na istehlak\u0131n \u00f6d\u0259nm\u0259si ba\u015f ver\u0259rs\u0259, n\u0259tic\u0259 etibar\u0131 il\u0259 biz art\u0131q d\u00fcnya bazar\u0131nda qiym\u0259t art\u0131mlar\u0131n\u0131n t\u0259sirl\u0259rini azalda bil\u0259rik.&nbsp;&nbsp;&nbsp;&nbsp; &nbsp;&nbsp;<\/p>\n\n\n\n<p><em>&#8211; N\u0259hay\u0259t, son sual, iqtisadiyyatda yaranm\u0131\u015f m\u00f6vcud situasiyan\u0131n g\u0259lir b\u0259rab\u0259rsizliyini daha da d\u0259rinl\u0259\u015fdirdiyini dey\u0259 bil\u0259rikmi?<\/em><\/p>\n\n\n\n<p>&#8211; Etiraf etm\u0259k laz\u0131md\u0131r ki, qiym\u0259t art\u0131mlar\u0131 v\u0259t\u0259nda\u015flar\u0131n g\u0259lirl\u0259rin\u0259 v\u0259 x\u0259rcl\u0259m\u0259l\u0259rin\u0259 t\u0259sir g\u00f6st\u0259rir. \u00c7\u00fcnki h\u0259r bir m\u0259hsulun qiym\u0259tinin artmas\u0131 v\u0259t\u0259nda\u015f\u0131n ail\u0259 b\u00fcdc\u0259sin\u0259 t\u0259sir g\u00f6st\u0259rir. Adi bir m\u0259hsulu bu g\u00fcn 5 manat, sabah 6 manat al\u0131r\u0131qsa, dem\u0259li, ail\u0259 bir manat art\u0131q v\u0259sait x\u0259rcl\u0259yir. Ona g\u00f6r\u0259 d\u0259 qiym\u0259t art\u0131mlar\u0131n\u0131n t\u0259sirl\u0259rinin t\u0259nziml\u0259nm\u0259si, x\u00fcsus\u0259n, idxal inflyasiyas\u0131n\u0131n minimalla\u015fd\u0131r\u0131lmas\u0131nda m\u0259qs\u0259d ail\u0259 b\u00fcdc\u0259sin\u0259 ciddi t\u0259sirin g\u00f6st\u0259rilm\u0259m\u0259sidir. T\u0259bii ki, qiym\u0259t art\u0131mlar\u0131 davam etdikc\u0259, ail\u0259l\u0259rin daha \u00e7ox x\u0259rcl\u0259m\u0259l\u0259ri il\u0259 n\u0259tic\u0259l\u0259n\u0259c\u0259k. Ancaq h\u00f6kum\u0259tin apard\u0131\u011f\u0131 siyas\u0259tin d\u0259 h\u0259d\u0259fi ondan ibar\u0259tdir ki, ail\u0259 b\u00fcdc\u0259sin\u0259 t\u0259sirl\u0259ri minimumla\u015fd\u0131rmaq m\u00fcmk\u00fcn olsun. Bunun b\u0259lk\u0259 d\u0259 yegan\u0259 yolu yerli istehsal hesab\u0131na istehlak\u0131n \u00f6d\u0259nilm\u0259sidir.&nbsp;<\/p>\n","protected":false},"excerpt":{"rendered":"","protected":false},"author":14,"featured_media":248981,"comment_status":"closed","ping_status":"closed","sticky":false,"template":"","format":"standard","meta":{"_acf_changed":false,"_sitemap_exclude":false,"_sitemap_priority":"","_sitemap_frequency":"","footnotes":""},"categories":[63],"tags":[],"class_list":["post-248859","post","type-post","status-publish","format-standard","has-post-thumbnail","hentry","category-video-2","infinite-scroll-item","generate-columns","tablet-grid-50","mobile-grid-100","grid-parent","grid-33","no-featured-image-padding"],"acf":[],"yoast_head":"<!-- This site is optimized with the Yoast SEO plugin v27.5 - https:\/\/yoast.com\/product\/yoast-seo-wordpress\/ -->\n<title>V\u00fcqar Bayramov: \u201c\u018frzaq m\u0259hsullar\u0131n\u0131n qiym\u0259ti daha \u00e7ox art\u0131b\u201d\ufffc - MEYDAN.TV<\/title>\n<meta name=\"robots\" content=\"index, follow, max-snippet:-1, max-image-preview:large, max-video-preview:-1\" \/>\n<link rel=\"canonical\" href=\"https:\/\/www.meydan.tv\/az\/article\/vuqar-bayramov-erzaq-mehsullarinin-qiymeti-daha-cox-artib%ef%bf%bc\/\" \/>\n<meta property=\"og:locale\" content=\"az_AZ\" \/>\n<meta property=\"og:type\" content=\"article\" \/>\n<meta property=\"og:title\" content=\"V\u00fcqar Bayramov: \u201c\u018frzaq m\u0259hsullar\u0131n\u0131n qiym\u0259ti daha \u00e7ox art\u0131b\u201d\ufffc - MEYDAN.TV\" \/>\n<meta property=\"og:url\" content=\"https:\/\/www.meydan.tv\/az\/article\/vuqar-bayramov-erzaq-mehsullarinin-qiymeti-daha-cox-artib%ef%bf%bc\/\" \/>\n<meta property=\"og:site_name\" content=\"MEYDAN.TV\" \/>\n<meta property=\"article:published_time\" content=\"2022-06-21T12:15:30+00:00\" \/>\n<meta property=\"article:modified_time\" content=\"2022-06-22T11:27:07+00:00\" \/>\n<meta property=\"og:image\" content=\"https:\/\/www.meydan.tv\/wp-content\/uploads\/screenshot-2022-06-21-at-14.13.53.png\" \/>\n\t<meta property=\"og:image:width\" content=\"1200\" \/>\n\t<meta property=\"og:image:height\" content=\"676\" \/>\n\t<meta property=\"og:image:type\" content=\"image\/png\" \/>\n<meta name=\"author\" content=\"roma\" \/>\n<meta name=\"twitter:card\" content=\"summary_large_image\" \/>\n<script type=\"application\/ld+json\" class=\"yoast-schema-graph\">{\"@context\":\"https:\\\/\\\/schema.org\",\"@graph\":[{\"@type\":\"Article\",\"@id\":\"https:\\\/\\\/www.meydan.tv\\\/az\\\/article\\\/vuqar-bayramov-erzaq-mehsullarinin-qiymeti-daha-cox-artib%ef%bf%bc\\\/#article\",\"isPartOf\":{\"@id\":\"https:\\\/\\\/www.meydan.tv\\\/az\\\/article\\\/vuqar-bayramov-erzaq-mehsullarinin-qiymeti-daha-cox-artib%ef%bf%bc\\\/\"},\"author\":{\"name\":\"roma\",\"@id\":\"https:\\\/\\\/www.meydan.tv\\\/az\\\/#\\\/schema\\\/person\\\/8f23e01c4de63326c13c319fb65ee65d\"},\"headline\":\"V\u00fcqar Bayramov: \u201c\u018frzaq m\u0259hsullar\u0131n\u0131n qiym\u0259ti daha \u00e7ox art\u0131b\u201d\ufffc\",\"datePublished\":\"2022-06-21T12:15:30+00:00\",\"dateModified\":\"2022-06-22T11:27:07+00:00\",\"mainEntityOfPage\":{\"@id\":\"https:\\\/\\\/www.meydan.tv\\\/az\\\/article\\\/vuqar-bayramov-erzaq-mehsullarinin-qiymeti-daha-cox-artib%ef%bf%bc\\\/\"},\"wordCount\":3543,\"publisher\":{\"@id\":\"https:\\\/\\\/www.meydan.tv\\\/az\\\/#organization\"},\"image\":{\"@id\":\"https:\\\/\\\/www.meydan.tv\\\/az\\\/article\\\/vuqar-bayramov-erzaq-mehsullarinin-qiymeti-daha-cox-artib%ef%bf%bc\\\/#primaryimage\"},\"thumbnailUrl\":\"https:\\\/\\\/www.meydan.tv\\\/wp-content\\\/uploads\\\/screenshot-2022-06-21-at-14.13.53.png\",\"articleSection\":[\"Video\"],\"inLanguage\":\"az\"},{\"@type\":\"WebPage\",\"@id\":\"https:\\\/\\\/www.meydan.tv\\\/az\\\/article\\\/vuqar-bayramov-erzaq-mehsullarinin-qiymeti-daha-cox-artib%ef%bf%bc\\\/\",\"url\":\"https:\\\/\\\/www.meydan.tv\\\/az\\\/article\\\/vuqar-bayramov-erzaq-mehsullarinin-qiymeti-daha-cox-artib%ef%bf%bc\\\/\",\"name\":\"V\u00fcqar Bayramov: \u201c\u018frzaq m\u0259hsullar\u0131n\u0131n qiym\u0259ti daha \u00e7ox art\u0131b\u201d\ufffc - MEYDAN.TV\",\"isPartOf\":{\"@id\":\"https:\\\/\\\/www.meydan.tv\\\/az\\\/#website\"},\"primaryImageOfPage\":{\"@id\":\"https:\\\/\\\/www.meydan.tv\\\/az\\\/article\\\/vuqar-bayramov-erzaq-mehsullarinin-qiymeti-daha-cox-artib%ef%bf%bc\\\/#primaryimage\"},\"image\":{\"@id\":\"https:\\\/\\\/www.meydan.tv\\\/az\\\/article\\\/vuqar-bayramov-erzaq-mehsullarinin-qiymeti-daha-cox-artib%ef%bf%bc\\\/#primaryimage\"},\"thumbnailUrl\":\"https:\\\/\\\/www.meydan.tv\\\/wp-content\\\/uploads\\\/screenshot-2022-06-21-at-14.13.53.png\",\"datePublished\":\"2022-06-21T12:15:30+00:00\",\"dateModified\":\"2022-06-22T11:27:07+00:00\",\"breadcrumb\":{\"@id\":\"https:\\\/\\\/www.meydan.tv\\\/az\\\/article\\\/vuqar-bayramov-erzaq-mehsullarinin-qiymeti-daha-cox-artib%ef%bf%bc\\\/#breadcrumb\"},\"inLanguage\":\"az\",\"potentialAction\":[{\"@type\":\"ReadAction\",\"target\":[\"https:\\\/\\\/www.meydan.tv\\\/az\\\/article\\\/vuqar-bayramov-erzaq-mehsullarinin-qiymeti-daha-cox-artib%ef%bf%bc\\\/\"]}]},{\"@type\":\"ImageObject\",\"inLanguage\":\"az\",\"@id\":\"https:\\\/\\\/www.meydan.tv\\\/az\\\/article\\\/vuqar-bayramov-erzaq-mehsullarinin-qiymeti-daha-cox-artib%ef%bf%bc\\\/#primaryimage\",\"url\":\"https:\\\/\\\/www.meydan.tv\\\/wp-content\\\/uploads\\\/screenshot-2022-06-21-at-14.13.53.png\",\"contentUrl\":\"https:\\\/\\\/www.meydan.tv\\\/wp-content\\\/uploads\\\/screenshot-2022-06-21-at-14.13.53.png\",\"width\":1200,\"height\":676},{\"@type\":\"BreadcrumbList\",\"@id\":\"https:\\\/\\\/www.meydan.tv\\\/az\\\/article\\\/vuqar-bayramov-erzaq-mehsullarinin-qiymeti-daha-cox-artib%ef%bf%bc\\\/#breadcrumb\",\"itemListElement\":[{\"@type\":\"ListItem\",\"position\":1,\"name\":\"Ana s\u0259hif\u0259\",\"item\":\"https:\\\/\\\/www.meydan.tv\\\/az\\\/\"},{\"@type\":\"ListItem\",\"position\":2,\"name\":\"Video\",\"item\":\"https:\\\/\\\/www.meydan.tv\\\/az\\\/section\\\/video-2\\\/\"},{\"@type\":\"ListItem\",\"position\":3,\"name\":\"V\u00fcqar Bayramov: \u201c\u018frzaq m\u0259hsullar\u0131n\u0131n qiym\u0259ti daha \u00e7ox art\u0131b\u201d\ufffc\"}]},{\"@type\":\"WebSite\",\"@id\":\"https:\\\/\\\/www.meydan.tv\\\/az\\\/#website\",\"url\":\"https:\\\/\\\/www.meydan.tv\\\/az\\\/\",\"name\":\"MEYDAN.TV\",\"description\":\"Meydan TV Az\u0259rbaycan\u0131n media m\u0259kan\u0131ndak\u0131 alternativ s\u0259sidir\",\"publisher\":{\"@id\":\"https:\\\/\\\/www.meydan.tv\\\/az\\\/#organization\"},\"potentialAction\":[{\"@type\":\"SearchAction\",\"target\":{\"@type\":\"EntryPoint\",\"urlTemplate\":\"https:\\\/\\\/www.meydan.tv\\\/az\\\/?s={search_term_string}\"},\"query-input\":{\"@type\":\"PropertyValueSpecification\",\"valueRequired\":true,\"valueName\":\"search_term_string\"}}],\"inLanguage\":\"az\"},{\"@type\":\"Organization\",\"@id\":\"https:\\\/\\\/www.meydan.tv\\\/az\\\/#organization\",\"name\":\"Meydan TV\",\"url\":\"https:\\\/\\\/www.meydan.tv\\\/az\\\/\",\"logo\":{\"@type\":\"ImageObject\",\"inLanguage\":\"az\",\"@id\":\"https:\\\/\\\/www.meydan.tv\\\/az\\\/#\\\/schema\\\/logo\\\/image\\\/\",\"url\":\"https:\\\/\\\/www.meydan.tv\\\/wp-content\\\/uploads\\\/2021\\\/07\\\/meydan-logo.svg\",\"contentUrl\":\"https:\\\/\\\/www.meydan.tv\\\/wp-content\\\/uploads\\\/2021\\\/07\\\/meydan-logo.svg\",\"width\":195,\"height\":46,\"caption\":\"Meydan TV\"},\"image\":{\"@id\":\"https:\\\/\\\/www.meydan.tv\\\/az\\\/#\\\/schema\\\/logo\\\/image\\\/\"}},{\"@type\":\"Person\",\"@id\":\"https:\\\/\\\/www.meydan.tv\\\/az\\\/#\\\/schema\\\/person\\\/8f23e01c4de63326c13c319fb65ee65d\",\"name\":\"roma\"}]}<\/script>\n<!-- \/ Yoast SEO plugin. -->","yoast_head_json":{"title":"V\u00fcqar Bayramov: \u201c\u018frzaq m\u0259hsullar\u0131n\u0131n qiym\u0259ti daha \u00e7ox art\u0131b\u201d\ufffc - MEYDAN.TV","robots":{"index":"index","follow":"follow","max-snippet":"max-snippet:-1","max-image-preview":"max-image-preview:large","max-video-preview":"max-video-preview:-1"},"canonical":"https:\/\/www.meydan.tv\/az\/article\/vuqar-bayramov-erzaq-mehsullarinin-qiymeti-daha-cox-artib%ef%bf%bc\/","og_locale":"az_AZ","og_type":"article","og_title":"V\u00fcqar Bayramov: \u201c\u018frzaq m\u0259hsullar\u0131n\u0131n qiym\u0259ti daha \u00e7ox art\u0131b\u201d\ufffc - MEYDAN.TV","og_url":"https:\/\/www.meydan.tv\/az\/article\/vuqar-bayramov-erzaq-mehsullarinin-qiymeti-daha-cox-artib%ef%bf%bc\/","og_site_name":"MEYDAN.TV","article_published_time":"2022-06-21T12:15:30+00:00","article_modified_time":"2022-06-22T11:27:07+00:00","og_image":[{"width":1200,"height":676,"url":"https:\/\/www.meydan.tv\/wp-content\/uploads\/screenshot-2022-06-21-at-14.13.53.png","type":"image\/png"}],"author":"roma","twitter_card":"summary_large_image","schema":{"@context":"https:\/\/schema.org","@graph":[{"@type":"Article","@id":"https:\/\/www.meydan.tv\/az\/article\/vuqar-bayramov-erzaq-mehsullarinin-qiymeti-daha-cox-artib%ef%bf%bc\/#article","isPartOf":{"@id":"https:\/\/www.meydan.tv\/az\/article\/vuqar-bayramov-erzaq-mehsullarinin-qiymeti-daha-cox-artib%ef%bf%bc\/"},"author":{"name":"roma","@id":"https:\/\/www.meydan.tv\/az\/#\/schema\/person\/8f23e01c4de63326c13c319fb65ee65d"},"headline":"V\u00fcqar Bayramov: \u201c\u018frzaq m\u0259hsullar\u0131n\u0131n qiym\u0259ti daha \u00e7ox art\u0131b\u201d\ufffc","datePublished":"2022-06-21T12:15:30+00:00","dateModified":"2022-06-22T11:27:07+00:00","mainEntityOfPage":{"@id":"https:\/\/www.meydan.tv\/az\/article\/vuqar-bayramov-erzaq-mehsullarinin-qiymeti-daha-cox-artib%ef%bf%bc\/"},"wordCount":3543,"publisher":{"@id":"https:\/\/www.meydan.tv\/az\/#organization"},"image":{"@id":"https:\/\/www.meydan.tv\/az\/article\/vuqar-bayramov-erzaq-mehsullarinin-qiymeti-daha-cox-artib%ef%bf%bc\/#primaryimage"},"thumbnailUrl":"https:\/\/www.meydan.tv\/wp-content\/uploads\/screenshot-2022-06-21-at-14.13.53.png","articleSection":["Video"],"inLanguage":"az"},{"@type":"WebPage","@id":"https:\/\/www.meydan.tv\/az\/article\/vuqar-bayramov-erzaq-mehsullarinin-qiymeti-daha-cox-artib%ef%bf%bc\/","url":"https:\/\/www.meydan.tv\/az\/article\/vuqar-bayramov-erzaq-mehsullarinin-qiymeti-daha-cox-artib%ef%bf%bc\/","name":"V\u00fcqar Bayramov: \u201c\u018frzaq m\u0259hsullar\u0131n\u0131n qiym\u0259ti daha \u00e7ox art\u0131b\u201d\ufffc - MEYDAN.TV","isPartOf":{"@id":"https:\/\/www.meydan.tv\/az\/#website"},"primaryImageOfPage":{"@id":"https:\/\/www.meydan.tv\/az\/article\/vuqar-bayramov-erzaq-mehsullarinin-qiymeti-daha-cox-artib%ef%bf%bc\/#primaryimage"},"image":{"@id":"https:\/\/www.meydan.tv\/az\/article\/vuqar-bayramov-erzaq-mehsullarinin-qiymeti-daha-cox-artib%ef%bf%bc\/#primaryimage"},"thumbnailUrl":"https:\/\/www.meydan.tv\/wp-content\/uploads\/screenshot-2022-06-21-at-14.13.53.png","datePublished":"2022-06-21T12:15:30+00:00","dateModified":"2022-06-22T11:27:07+00:00","breadcrumb":{"@id":"https:\/\/www.meydan.tv\/az\/article\/vuqar-bayramov-erzaq-mehsullarinin-qiymeti-daha-cox-artib%ef%bf%bc\/#breadcrumb"},"inLanguage":"az","potentialAction":[{"@type":"ReadAction","target":["https:\/\/www.meydan.tv\/az\/article\/vuqar-bayramov-erzaq-mehsullarinin-qiymeti-daha-cox-artib%ef%bf%bc\/"]}]},{"@type":"ImageObject","inLanguage":"az","@id":"https:\/\/www.meydan.tv\/az\/article\/vuqar-bayramov-erzaq-mehsullarinin-qiymeti-daha-cox-artib%ef%bf%bc\/#primaryimage","url":"https:\/\/www.meydan.tv\/wp-content\/uploads\/screenshot-2022-06-21-at-14.13.53.png","contentUrl":"https:\/\/www.meydan.tv\/wp-content\/uploads\/screenshot-2022-06-21-at-14.13.53.png","width":1200,"height":676},{"@type":"BreadcrumbList","@id":"https:\/\/www.meydan.tv\/az\/article\/vuqar-bayramov-erzaq-mehsullarinin-qiymeti-daha-cox-artib%ef%bf%bc\/#breadcrumb","itemListElement":[{"@type":"ListItem","position":1,"name":"Ana s\u0259hif\u0259","item":"https:\/\/www.meydan.tv\/az\/"},{"@type":"ListItem","position":2,"name":"Video","item":"https:\/\/www.meydan.tv\/az\/section\/video-2\/"},{"@type":"ListItem","position":3,"name":"V\u00fcqar Bayramov: \u201c\u018frzaq m\u0259hsullar\u0131n\u0131n qiym\u0259ti daha \u00e7ox art\u0131b\u201d\ufffc"}]},{"@type":"WebSite","@id":"https:\/\/www.meydan.tv\/az\/#website","url":"https:\/\/www.meydan.tv\/az\/","name":"MEYDAN.TV","description":"Meydan TV Az\u0259rbaycan\u0131n media m\u0259kan\u0131ndak\u0131 alternativ s\u0259sidir","publisher":{"@id":"https:\/\/www.meydan.tv\/az\/#organization"},"potentialAction":[{"@type":"SearchAction","target":{"@type":"EntryPoint","urlTemplate":"https:\/\/www.meydan.tv\/az\/?s={search_term_string}"},"query-input":{"@type":"PropertyValueSpecification","valueRequired":true,"valueName":"search_term_string"}}],"inLanguage":"az"},{"@type":"Organization","@id":"https:\/\/www.meydan.tv\/az\/#organization","name":"Meydan TV","url":"https:\/\/www.meydan.tv\/az\/","logo":{"@type":"ImageObject","inLanguage":"az","@id":"https:\/\/www.meydan.tv\/az\/#\/schema\/logo\/image\/","url":"https:\/\/www.meydan.tv\/wp-content\/uploads\/2021\/07\/meydan-logo.svg","contentUrl":"https:\/\/www.meydan.tv\/wp-content\/uploads\/2021\/07\/meydan-logo.svg","width":195,"height":46,"caption":"Meydan TV"},"image":{"@id":"https:\/\/www.meydan.tv\/az\/#\/schema\/logo\/image\/"}},{"@type":"Person","@id":"https:\/\/www.meydan.tv\/az\/#\/schema\/person\/8f23e01c4de63326c13c319fb65ee65d","name":"roma"}]}},"_links":{"self":[{"href":"https:\/\/www.meydan.tv\/az\/wp-json\/wp\/v2\/posts\/248859","targetHints":{"allow":["GET"]}}],"collection":[{"href":"https:\/\/www.meydan.tv\/az\/wp-json\/wp\/v2\/posts"}],"about":[{"href":"https:\/\/www.meydan.tv\/az\/wp-json\/wp\/v2\/types\/post"}],"author":[{"embeddable":true,"href":"https:\/\/www.meydan.tv\/az\/wp-json\/wp\/v2\/users\/14"}],"replies":[{"embeddable":true,"href":"https:\/\/www.meydan.tv\/az\/wp-json\/wp\/v2\/comments?post=248859"}],"version-history":[{"count":2,"href":"https:\/\/www.meydan.tv\/az\/wp-json\/wp\/v2\/posts\/248859\/revisions"}],"predecessor-version":[{"id":248899,"href":"https:\/\/www.meydan.tv\/az\/wp-json\/wp\/v2\/posts\/248859\/revisions\/248899"}],"wp:featuredmedia":[{"embeddable":true,"href":"https:\/\/www.meydan.tv\/az\/wp-json\/wp\/v2\/media\/248981"}],"wp:attachment":[{"href":"https:\/\/www.meydan.tv\/az\/wp-json\/wp\/v2\/media?parent=248859"}],"wp:term":[{"taxonomy":"category","embeddable":true,"href":"https:\/\/www.meydan.tv\/az\/wp-json\/wp\/v2\/categories?post=248859"},{"taxonomy":"post_tag","embeddable":true,"href":"https:\/\/www.meydan.tv\/az\/wp-json\/wp\/v2\/tags?post=248859"}],"curies":[{"name":"wp","href":"https:\/\/api.w.org\/{rel}","templated":true}]}}