{"id":248850,"date":"2022-06-20T18:30:09","date_gmt":"2022-06-20T14:30:09","guid":{"rendered":"https:\/\/www.meydan.tv\/?p=248850"},"modified":"2022-06-20T18:30:11","modified_gmt":"2022-06-20T14:30:11","slug":"eurovision-2023-musabiqesinin-britaniyada-kecirilmesine-etiraz","status":"publish","type":"post","link":"https:\/\/www.meydan.tv\/az\/article\/eurovision-2023-musabiqesinin-britaniyada-kecirilmesine-etiraz\/","title":{"rendered":"\u201cEurovision 2023\u201d m\u00fcsabiq\u0259sinin Britaniyada ke\u00e7irilm\u0259sin\u0259 etiraz"},"content":{"rendered":"\n<p><\/p>\n\n\n\n<p><em>Oleh Psyuk: &#8220;Q\u0259rar\u0131n d\u0259yi\u015f\u0259c\u0259yin\u0259 \u00fcmid edirik&#8221;<\/em><\/p>\n\n\n\n<p>\u201cKalu\u015f Orkestri\u201dnin solisti Oleh Psyuk \u201cEurovision 2023\u201d mahn\u0131 m\u00fcsabiq\u0259sinin Ukraynada deyil, B\u00f6y\u00fck Britaniyada ke\u00e7irilm\u0259sin\u0259 etiraz edib.<\/p>\n\n\n\n<p>\u0130fa\u00e7\u0131 Avropa Yay\u0131m Birliyinin iyunun 17-d\u0259 verdiyi q\u0259rar\u0131n do\u011fru olmad\u0131\u011f\u0131n\u0131 deyib.<\/p>\n\n\n\n<p>\u201cQ\u0259rar\u0131n d\u0259yi\u015f\u0259c\u0259yin\u0259 \u00fcmid edirik. \u00c7\u00fcnki biz \u201cEurovision\u201du Ukraynada ke\u00e7irm\u0259yi \u00e7ox ist\u0259yirik. \u018fmin\u0259m ki, Ukrayna Silahl\u0131 Q\u00fcvv\u0259l\u0259ri m\u00fcsabiq\u0259nin t\u0259hl\u00fck\u0259siz ke\u00e7irilm\u0259si \u00fc\u00e7\u00fcn \u00e7al\u0131\u015facaq. Ona g\u00f6r\u0259 d\u0259 Avropa Yay\u0131m Birliyind\u0259n biz\u0259 bir az vaxt verm\u0259yi xahi\u015f edirik. Biz\u0259 zaman vers\u0259l\u0259r, yar\u0131\u015fman\u0131n u\u011furla ke\u00e7iril\u0259c\u0259yini s\u00fcbut ed\u0259rik\u201d, &#8211; Oleh Psyuk s\u00f6yl\u0259yib.<\/p>\n\n\n\n<p>\u0130yunun 17-d\u0259 Avropa Yay\u0131m Birliyi Ukraynan\u0131n \u201cEurovision 2023\u201d Mahn\u0131 M\u00fcsabiq\u0259sin\u0259 ev sahibliyi etm\u0259y\u0259c\u0259yini dair b\u0259yanat <a href=\"https:\/\/www.ebu.ch\/news\/2022\/06\/ebu-statement-on-hosting-of-2023-eurovision-song-contest\" target=\"_blank\" rel=\"noreferrer noopener\">yay\u0131b<\/a>.<\/p>\n\n\n\n<p>Qeyd olunub ki, m\u00fcsabiq\u0259nin haz\u0131rl\u0131q m\u0259rh\u0259l\u0259si 12 ay\u0131 \u0259hat\u0259 edir.<\/p>\n\n\n\n<p>Haz\u0131rda is\u0259 Ukraynada m\u00fcharib\u0259 davam edir. Bel\u0259 bir v\u0259ziyy\u0259td\u0259 insanlar\u0131n t\u0259hl\u00fck\u0259sizliyini t\u0259min etm\u0259k \u00e7\u0259tindir.<\/p>\n\n\n\n<p>Avropa Yay\u0131m Birliyi m\u00f6vcud \u015f\u0259raiti n\u0259z\u0259r\u0259 alaraq, m\u00fcsabiq\u0259nin 2023-c\u00fc ild\u0259 m\u00fcsabiq\u0259nin ikincisi olmu\u015f B\u00f6y\u00fck Britaniyada ke\u00e7irilm\u0259sin\u0259 q\u0259rar verib.<\/p>\n\n\n\n<p>Daha \u00f6nc\u0259 Ukrayna Prezident Ofisi ba\u015f\u00e7\u0131s\u0131n\u0131n m\u00fcavini Kirill Timo\u015fenko \u00f6lk\u0259nin 2023-c\u00fc ild\u0259 \u201cEurovision\u201d mahn\u0131 m\u00fcsabiq\u0259sin\u0259 ev sahibliyi etm\u0259k \u00fc\u00e7\u00fcn haz\u0131rl\u0131qlara ba\u015flad\u0131\u011f\u0131n\u0131 <a href=\"https:\/\/lenta.ru\/news\/2022\/06\/13\/euroukr\/\" target=\"_blank\" rel=\"noreferrer noopener\">bildirmi\u015fdi<\/a>.<\/p>\n\n\n\n<p>Onun s\u00f6zl\u0259rin\u0259 g\u00f6r\u0259, Ukrayna hakimiyy\u0259ti v\u0259 Avropa Yay\u0131m Birliyi \u00fc\u00e7\u00fcn prioritet m\u0259s\u0259l\u0259 mahn\u0131 m\u00fcsabiq\u0259sinin t\u0259hl\u00fck\u0259sizliyidir, ona g\u00f6r\u0259 d\u0259 haz\u0131rl\u0131q i\u015fl\u0259rin\u0259 Ukrayna M\u00fcdafi\u0259 Nazirliyi v\u0259 Daxili \u0130\u015fl\u0259r Nazirliyi c\u0259lb olunub.<\/p>\n\n\n\n<p>B\u00f6y\u00fck Britaniyan\u0131n ba\u015f naziri Boris Conson is\u0259 deyib ki, \u201cEurovision 2023\u201d m\u00fcsabiq\u0259si m\u00fctl\u0259q Ukraynada <a href=\"https:\/\/aussiedlerbote.de\/2022\/06\/ukraina-dostojna-provedeniya-evrovideniya\/\" target=\"_blank\" rel=\"noreferrer noopener\">ke\u00e7irilm\u0259lidir<\/a>. <\/p>\n\n\n\n<p>\u201cD\u00fczd\u00fcr, \u201cEurovision\u201dda \u00f6lk\u0259miz \u00e7ox yax\u015f\u0131 t\u0259msil olunub v\u0259 ikinci yeri tutub. Lakin Ukraynan\u0131n birinci yeri tutmas\u0131 faktd\u0131r. Ukrayna m\u00fcsabiq\u0259y\u0259 ev sahibliyi ed\u0259 bil\u0259r v\u0259 etm\u0259lidir. Qar\u015f\u0131da bir il var. Ukraynada s\u00fclh\u00fcn b\u0259rq\u0259rar olaca\u011f\u0131na inan\u0131ram\u201d, &#8211; Ba\u015f nazir bildirib.<\/p>\n\n\n\n<p>2022-ci il fevral\u0131n 24-d\u0259 Rusiya Ukraynada h\u0259rbi \u0259m\u0259liyyatlara ba\u015flay\u0131b.<\/p>\n\n\n\n<p>Buna g\u00f6r\u0259 d\u0259 Avropa Yay\u0131m Birliyi t\u0259r\u0259find\u0259n \u201cEurovision 2022\u201d mahn\u0131 m\u00fcsabiq\u0259sind\u0259n <a href=\"https:\/\/d9mc3ts4czbpr.cloudfront.net\/az\/article\/rusiya-eurovision-yarismasindan-uzaqlasdirildi\/\" target=\"_blank\" rel=\"noreferrer noopener\">uzaqla\u015fd\u0131r\u0131l\u0131b<\/a>.<\/p>\n\n\n\n<p>2022-ci il may\u0131n 10-dan 14-d\u0259k \u0130taliyan\u0131n Turin \u015f\u0259h\u0259rind\u0259 \u201cEurovision 2022\u201d Beyn\u0259lxalq Musiqi M\u00fcsabiq\u0259si ke\u00e7irilib.<\/p>\n\n\n\n<p>\u00dcmumilikd\u0259 25 \u00f6lk\u0259nin i\u015ftirak etdiyi yar\u0131\u015fman\u0131n final m\u0259rh\u0259l\u0259sind\u0259 631 s\u0259sl\u0259 Ukrayna (\u201cKalush Orchestra\u201d \u2013 \u201cStefania\u201d) qalib olub.<\/p>\n\n\n\n<p>B\u00f6y\u00fck Britaniya (Sam Ryder \u2013 \u201cSpace Man\u201d) ikinci, \u0130spaniya is\u0259 (Chanel \u2013 \u201cSloMo\u201d) \u00fc\u00e7\u00fcnc\u00fc olub.<\/p>\n","protected":false},"excerpt":{"rendered":"<p>Oleh Psyuk: &#8220;Q\u0259rar\u0131n d\u0259yi\u015f\u0259c\u0259yin\u0259 \u00fcmid edirik&#8221; \u201cKalu\u015f Orkestri\u201dnin solisti Oleh &#8230; <\/p>\n<p class=\"read-more-container\"><a title=\"\u201cEurovision 2023\u201d m\u00fcsabiq\u0259sinin Britaniyada ke\u00e7irilm\u0259sin\u0259 etiraz\" class=\"read-more button\" href=\"https:\/\/www.meydan.tv\/az\/article\/eurovision-2023-musabiqesinin-britaniyada-kecirilmesine-etiraz\/#more-248850\" aria-label=\"Read more about \u201cEurovision 2023\u201d m\u00fcsabiq\u0259sinin Britaniyada ke\u00e7irilm\u0259sin\u0259 etiraz\">Davam\u0131<\/a><\/p>\n","protected":false},"author":8,"featured_media":236083,"comment_status":"closed","ping_status":"closed","sticky":false,"template":"","format":"standard","meta":{"_acf_changed":false,"_sitemap_exclude":false,"_sitemap_priority":"","_sitemap_frequency":"","footnotes":""},"categories":[52,56],"tags":[],"class_list":["post-248850","post","type-post","status-publish","format-standard","has-post-thumbnail","hentry","category-medeniyyet","category-xeberler","infinite-scroll-item","generate-columns","tablet-grid-50","mobile-grid-100","grid-parent","grid-33","no-featured-image-padding"],"acf":[],"yoast_head":"<!-- This site is optimized with the Yoast SEO plugin v27.5 - https:\/\/yoast.com\/product\/yoast-seo-wordpress\/ -->\n<title>\u201cEurovision 2023\u201d m\u00fcsabiq\u0259sinin Britaniyada ke\u00e7irilm\u0259sin\u0259 etiraz - MEYDAN.TV<\/title>\n<meta name=\"robots\" content=\"index, follow, max-snippet:-1, max-image-preview:large, max-video-preview:-1\" \/>\n<link rel=\"canonical\" href=\"https:\/\/www.meydan.tv\/az\/article\/eurovision-2023-musabiqesinin-britaniyada-kecirilmesine-etiraz\/\" \/>\n<meta property=\"og:locale\" content=\"az_AZ\" \/>\n<meta property=\"og:type\" content=\"article\" \/>\n<meta property=\"og:title\" content=\"\u201cEurovision 2023\u201d m\u00fcsabiq\u0259sinin Britaniyada ke\u00e7irilm\u0259sin\u0259 etiraz - MEYDAN.TV\" \/>\n<meta property=\"og:description\" content=\"Oleh Psyuk: &#8220;Q\u0259rar\u0131n d\u0259yi\u015f\u0259c\u0259yin\u0259 \u00fcmid edirik&#8221; \u201cKalu\u015f Orkestri\u201dnin solisti Oleh ... Davam\u0131\" \/>\n<meta property=\"og:url\" content=\"https:\/\/www.meydan.tv\/az\/article\/eurovision-2023-musabiqesinin-britaniyada-kecirilmesine-etiraz\/\" \/>\n<meta property=\"og:site_name\" content=\"MEYDAN.TV\" \/>\n<meta property=\"article:published_time\" content=\"2022-06-20T14:30:09+00:00\" \/>\n<meta property=\"article:modified_time\" content=\"2022-06-20T14:30:11+00:00\" \/>\n<meta property=\"og:image\" content=\"https:\/\/www.meydan.tv\/wp-content\/uploads\/shutterstock_1643769724.jpg\" \/>\n\t<meta property=\"og:image:width\" content=\"1200\" \/>\n\t<meta property=\"og:image:height\" content=\"799\" \/>\n\t<meta property=\"og:image:type\" content=\"image\/jpeg\" \/>\n<meta name=\"author\" content=\"elli\" \/>\n<meta name=\"twitter:card\" content=\"summary_large_image\" \/>\n<meta name=\"twitter:creator\" content=\"@elli\" \/>\n<script type=\"application\/ld+json\" class=\"yoast-schema-graph\">{\"@context\":\"https:\\\/\\\/schema.org\",\"@graph\":[{\"@type\":\"Article\",\"@id\":\"https:\\\/\\\/www.meydan.tv\\\/az\\\/article\\\/eurovision-2023-musabiqesinin-britaniyada-kecirilmesine-etiraz\\\/#article\",\"isPartOf\":{\"@id\":\"https:\\\/\\\/www.meydan.tv\\\/az\\\/article\\\/eurovision-2023-musabiqesinin-britaniyada-kecirilmesine-etiraz\\\/\"},\"author\":{\"name\":\"elli\",\"@id\":\"https:\\\/\\\/www.meydan.tv\\\/az\\\/#\\\/schema\\\/person\\\/9cdbecf90d17180ce1dfbd95b08dcf47\"},\"headline\":\"\u201cEurovision 2023\u201d m\u00fcsabiq\u0259sinin Britaniyada ke\u00e7irilm\u0259sin\u0259 etiraz\",\"datePublished\":\"2022-06-20T14:30:09+00:00\",\"dateModified\":\"2022-06-20T14:30:11+00:00\",\"mainEntityOfPage\":{\"@id\":\"https:\\\/\\\/www.meydan.tv\\\/az\\\/article\\\/eurovision-2023-musabiqesinin-britaniyada-kecirilmesine-etiraz\\\/\"},\"wordCount\":495,\"publisher\":{\"@id\":\"https:\\\/\\\/www.meydan.tv\\\/az\\\/#organization\"},\"image\":{\"@id\":\"https:\\\/\\\/www.meydan.tv\\\/az\\\/article\\\/eurovision-2023-musabiqesinin-britaniyada-kecirilmesine-etiraz\\\/#primaryimage\"},\"thumbnailUrl\":\"https:\\\/\\\/www.meydan.tv\\\/wp-content\\\/uploads\\\/shutterstock_1643769724.jpg\",\"articleSection\":[\"M\u0259d\u0259niyy\u0259t\",\"X\u0259b\u0259rl\u0259r\"],\"inLanguage\":\"az\"},{\"@type\":\"WebPage\",\"@id\":\"https:\\\/\\\/www.meydan.tv\\\/az\\\/article\\\/eurovision-2023-musabiqesinin-britaniyada-kecirilmesine-etiraz\\\/\",\"url\":\"https:\\\/\\\/www.meydan.tv\\\/az\\\/article\\\/eurovision-2023-musabiqesinin-britaniyada-kecirilmesine-etiraz\\\/\",\"name\":\"\u201cEurovision 2023\u201d m\u00fcsabiq\u0259sinin Britaniyada ke\u00e7irilm\u0259sin\u0259 etiraz - MEYDAN.TV\",\"isPartOf\":{\"@id\":\"https:\\\/\\\/www.meydan.tv\\\/az\\\/#website\"},\"primaryImageOfPage\":{\"@id\":\"https:\\\/\\\/www.meydan.tv\\\/az\\\/article\\\/eurovision-2023-musabiqesinin-britaniyada-kecirilmesine-etiraz\\\/#primaryimage\"},\"image\":{\"@id\":\"https:\\\/\\\/www.meydan.tv\\\/az\\\/article\\\/eurovision-2023-musabiqesinin-britaniyada-kecirilmesine-etiraz\\\/#primaryimage\"},\"thumbnailUrl\":\"https:\\\/\\\/www.meydan.tv\\\/wp-content\\\/uploads\\\/shutterstock_1643769724.jpg\",\"datePublished\":\"2022-06-20T14:30:09+00:00\",\"dateModified\":\"2022-06-20T14:30:11+00:00\",\"breadcrumb\":{\"@id\":\"https:\\\/\\\/www.meydan.tv\\\/az\\\/article\\\/eurovision-2023-musabiqesinin-britaniyada-kecirilmesine-etiraz\\\/#breadcrumb\"},\"inLanguage\":\"az\",\"potentialAction\":[{\"@type\":\"ReadAction\",\"target\":[\"https:\\\/\\\/www.meydan.tv\\\/az\\\/article\\\/eurovision-2023-musabiqesinin-britaniyada-kecirilmesine-etiraz\\\/\"]}]},{\"@type\":\"ImageObject\",\"inLanguage\":\"az\",\"@id\":\"https:\\\/\\\/www.meydan.tv\\\/az\\\/article\\\/eurovision-2023-musabiqesinin-britaniyada-kecirilmesine-etiraz\\\/#primaryimage\",\"url\":\"https:\\\/\\\/www.meydan.tv\\\/wp-content\\\/uploads\\\/shutterstock_1643769724.jpg\",\"contentUrl\":\"https:\\\/\\\/www.meydan.tv\\\/wp-content\\\/uploads\\\/shutterstock_1643769724.jpg\",\"width\":1200,\"height\":799,\"caption\":\"\u201cEurovision\u201d. M\u0259nb\u0259: Review News\\\/shutterstock\"},{\"@type\":\"BreadcrumbList\",\"@id\":\"https:\\\/\\\/www.meydan.tv\\\/az\\\/article\\\/eurovision-2023-musabiqesinin-britaniyada-kecirilmesine-etiraz\\\/#breadcrumb\",\"itemListElement\":[{\"@type\":\"ListItem\",\"position\":1,\"name\":\"Ana s\u0259hif\u0259\",\"item\":\"https:\\\/\\\/www.meydan.tv\\\/az\\\/\"},{\"@type\":\"ListItem\",\"position\":2,\"name\":\"M\u0259d\u0259niyy\u0259t\",\"item\":\"https:\\\/\\\/www.meydan.tv\\\/az\\\/section\\\/medeniyyet\\\/\"},{\"@type\":\"ListItem\",\"position\":3,\"name\":\"\u201cEurovision 2023\u201d m\u00fcsabiq\u0259sinin Britaniyada ke\u00e7irilm\u0259sin\u0259 etiraz\"}]},{\"@type\":\"WebSite\",\"@id\":\"https:\\\/\\\/www.meydan.tv\\\/az\\\/#website\",\"url\":\"https:\\\/\\\/www.meydan.tv\\\/az\\\/\",\"name\":\"MEYDAN.TV\",\"description\":\"Meydan TV Az\u0259rbaycan\u0131n media m\u0259kan\u0131ndak\u0131 alternativ s\u0259sidir\",\"publisher\":{\"@id\":\"https:\\\/\\\/www.meydan.tv\\\/az\\\/#organization\"},\"potentialAction\":[{\"@type\":\"SearchAction\",\"target\":{\"@type\":\"EntryPoint\",\"urlTemplate\":\"https:\\\/\\\/www.meydan.tv\\\/az\\\/?s={search_term_string}\"},\"query-input\":{\"@type\":\"PropertyValueSpecification\",\"valueRequired\":true,\"valueName\":\"search_term_string\"}}],\"inLanguage\":\"az\"},{\"@type\":\"Organization\",\"@id\":\"https:\\\/\\\/www.meydan.tv\\\/az\\\/#organization\",\"name\":\"Meydan TV\",\"url\":\"https:\\\/\\\/www.meydan.tv\\\/az\\\/\",\"logo\":{\"@type\":\"ImageObject\",\"inLanguage\":\"az\",\"@id\":\"https:\\\/\\\/www.meydan.tv\\\/az\\\/#\\\/schema\\\/logo\\\/image\\\/\",\"url\":\"https:\\\/\\\/www.meydan.tv\\\/wp-content\\\/uploads\\\/2021\\\/07\\\/meydan-logo.svg\",\"contentUrl\":\"https:\\\/\\\/www.meydan.tv\\\/wp-content\\\/uploads\\\/2021\\\/07\\\/meydan-logo.svg\",\"width\":195,\"height\":46,\"caption\":\"Meydan TV\"},\"image\":{\"@id\":\"https:\\\/\\\/www.meydan.tv\\\/az\\\/#\\\/schema\\\/logo\\\/image\\\/\"}},{\"@type\":\"Person\",\"@id\":\"https:\\\/\\\/www.meydan.tv\\\/az\\\/#\\\/schema\\\/person\\\/9cdbecf90d17180ce1dfbd95b08dcf47\",\"name\":\"elli\",\"sameAs\":[\"https:\\\/\\\/x.com\\\/elli\"]}]}<\/script>\n<!-- \/ Yoast SEO plugin. -->","yoast_head_json":{"title":"\u201cEurovision 2023\u201d m\u00fcsabiq\u0259sinin Britaniyada ke\u00e7irilm\u0259sin\u0259 etiraz - MEYDAN.TV","robots":{"index":"index","follow":"follow","max-snippet":"max-snippet:-1","max-image-preview":"max-image-preview:large","max-video-preview":"max-video-preview:-1"},"canonical":"https:\/\/www.meydan.tv\/az\/article\/eurovision-2023-musabiqesinin-britaniyada-kecirilmesine-etiraz\/","og_locale":"az_AZ","og_type":"article","og_title":"\u201cEurovision 2023\u201d m\u00fcsabiq\u0259sinin Britaniyada ke\u00e7irilm\u0259sin\u0259 etiraz - MEYDAN.TV","og_description":"Oleh Psyuk: &#8220;Q\u0259rar\u0131n d\u0259yi\u015f\u0259c\u0259yin\u0259 \u00fcmid edirik&#8221; \u201cKalu\u015f Orkestri\u201dnin solisti Oleh ... Davam\u0131","og_url":"https:\/\/www.meydan.tv\/az\/article\/eurovision-2023-musabiqesinin-britaniyada-kecirilmesine-etiraz\/","og_site_name":"MEYDAN.TV","article_published_time":"2022-06-20T14:30:09+00:00","article_modified_time":"2022-06-20T14:30:11+00:00","og_image":[{"width":1200,"height":799,"url":"https:\/\/www.meydan.tv\/wp-content\/uploads\/shutterstock_1643769724.jpg","type":"image\/jpeg"}],"author":"elli","twitter_card":"summary_large_image","twitter_creator":"@elli","schema":{"@context":"https:\/\/schema.org","@graph":[{"@type":"Article","@id":"https:\/\/www.meydan.tv\/az\/article\/eurovision-2023-musabiqesinin-britaniyada-kecirilmesine-etiraz\/#article","isPartOf":{"@id":"https:\/\/www.meydan.tv\/az\/article\/eurovision-2023-musabiqesinin-britaniyada-kecirilmesine-etiraz\/"},"author":{"name":"elli","@id":"https:\/\/www.meydan.tv\/az\/#\/schema\/person\/9cdbecf90d17180ce1dfbd95b08dcf47"},"headline":"\u201cEurovision 2023\u201d m\u00fcsabiq\u0259sinin Britaniyada ke\u00e7irilm\u0259sin\u0259 etiraz","datePublished":"2022-06-20T14:30:09+00:00","dateModified":"2022-06-20T14:30:11+00:00","mainEntityOfPage":{"@id":"https:\/\/www.meydan.tv\/az\/article\/eurovision-2023-musabiqesinin-britaniyada-kecirilmesine-etiraz\/"},"wordCount":495,"publisher":{"@id":"https:\/\/www.meydan.tv\/az\/#organization"},"image":{"@id":"https:\/\/www.meydan.tv\/az\/article\/eurovision-2023-musabiqesinin-britaniyada-kecirilmesine-etiraz\/#primaryimage"},"thumbnailUrl":"https:\/\/www.meydan.tv\/wp-content\/uploads\/shutterstock_1643769724.jpg","articleSection":["M\u0259d\u0259niyy\u0259t","X\u0259b\u0259rl\u0259r"],"inLanguage":"az"},{"@type":"WebPage","@id":"https:\/\/www.meydan.tv\/az\/article\/eurovision-2023-musabiqesinin-britaniyada-kecirilmesine-etiraz\/","url":"https:\/\/www.meydan.tv\/az\/article\/eurovision-2023-musabiqesinin-britaniyada-kecirilmesine-etiraz\/","name":"\u201cEurovision 2023\u201d m\u00fcsabiq\u0259sinin Britaniyada ke\u00e7irilm\u0259sin\u0259 etiraz - MEYDAN.TV","isPartOf":{"@id":"https:\/\/www.meydan.tv\/az\/#website"},"primaryImageOfPage":{"@id":"https:\/\/www.meydan.tv\/az\/article\/eurovision-2023-musabiqesinin-britaniyada-kecirilmesine-etiraz\/#primaryimage"},"image":{"@id":"https:\/\/www.meydan.tv\/az\/article\/eurovision-2023-musabiqesinin-britaniyada-kecirilmesine-etiraz\/#primaryimage"},"thumbnailUrl":"https:\/\/www.meydan.tv\/wp-content\/uploads\/shutterstock_1643769724.jpg","datePublished":"2022-06-20T14:30:09+00:00","dateModified":"2022-06-20T14:30:11+00:00","breadcrumb":{"@id":"https:\/\/www.meydan.tv\/az\/article\/eurovision-2023-musabiqesinin-britaniyada-kecirilmesine-etiraz\/#breadcrumb"},"inLanguage":"az","potentialAction":[{"@type":"ReadAction","target":["https:\/\/www.meydan.tv\/az\/article\/eurovision-2023-musabiqesinin-britaniyada-kecirilmesine-etiraz\/"]}]},{"@type":"ImageObject","inLanguage":"az","@id":"https:\/\/www.meydan.tv\/az\/article\/eurovision-2023-musabiqesinin-britaniyada-kecirilmesine-etiraz\/#primaryimage","url":"https:\/\/www.meydan.tv\/wp-content\/uploads\/shutterstock_1643769724.jpg","contentUrl":"https:\/\/www.meydan.tv\/wp-content\/uploads\/shutterstock_1643769724.jpg","width":1200,"height":799,"caption":"\u201cEurovision\u201d. M\u0259nb\u0259: Review News\/shutterstock"},{"@type":"BreadcrumbList","@id":"https:\/\/www.meydan.tv\/az\/article\/eurovision-2023-musabiqesinin-britaniyada-kecirilmesine-etiraz\/#breadcrumb","itemListElement":[{"@type":"ListItem","position":1,"name":"Ana s\u0259hif\u0259","item":"https:\/\/www.meydan.tv\/az\/"},{"@type":"ListItem","position":2,"name":"M\u0259d\u0259niyy\u0259t","item":"https:\/\/www.meydan.tv\/az\/section\/medeniyyet\/"},{"@type":"ListItem","position":3,"name":"\u201cEurovision 2023\u201d m\u00fcsabiq\u0259sinin Britaniyada ke\u00e7irilm\u0259sin\u0259 etiraz"}]},{"@type":"WebSite","@id":"https:\/\/www.meydan.tv\/az\/#website","url":"https:\/\/www.meydan.tv\/az\/","name":"MEYDAN.TV","description":"Meydan TV Az\u0259rbaycan\u0131n media m\u0259kan\u0131ndak\u0131 alternativ s\u0259sidir","publisher":{"@id":"https:\/\/www.meydan.tv\/az\/#organization"},"potentialAction":[{"@type":"SearchAction","target":{"@type":"EntryPoint","urlTemplate":"https:\/\/www.meydan.tv\/az\/?s={search_term_string}"},"query-input":{"@type":"PropertyValueSpecification","valueRequired":true,"valueName":"search_term_string"}}],"inLanguage":"az"},{"@type":"Organization","@id":"https:\/\/www.meydan.tv\/az\/#organization","name":"Meydan TV","url":"https:\/\/www.meydan.tv\/az\/","logo":{"@type":"ImageObject","inLanguage":"az","@id":"https:\/\/www.meydan.tv\/az\/#\/schema\/logo\/image\/","url":"https:\/\/www.meydan.tv\/wp-content\/uploads\/2021\/07\/meydan-logo.svg","contentUrl":"https:\/\/www.meydan.tv\/wp-content\/uploads\/2021\/07\/meydan-logo.svg","width":195,"height":46,"caption":"Meydan TV"},"image":{"@id":"https:\/\/www.meydan.tv\/az\/#\/schema\/logo\/image\/"}},{"@type":"Person","@id":"https:\/\/www.meydan.tv\/az\/#\/schema\/person\/9cdbecf90d17180ce1dfbd95b08dcf47","name":"elli","sameAs":["https:\/\/x.com\/elli"]}]}},"_links":{"self":[{"href":"https:\/\/www.meydan.tv\/az\/wp-json\/wp\/v2\/posts\/248850","targetHints":{"allow":["GET"]}}],"collection":[{"href":"https:\/\/www.meydan.tv\/az\/wp-json\/wp\/v2\/posts"}],"about":[{"href":"https:\/\/www.meydan.tv\/az\/wp-json\/wp\/v2\/types\/post"}],"author":[{"embeddable":true,"href":"https:\/\/www.meydan.tv\/az\/wp-json\/wp\/v2\/users\/8"}],"replies":[{"embeddable":true,"href":"https:\/\/www.meydan.tv\/az\/wp-json\/wp\/v2\/comments?post=248850"}],"version-history":[{"count":1,"href":"https:\/\/www.meydan.tv\/az\/wp-json\/wp\/v2\/posts\/248850\/revisions"}],"predecessor-version":[{"id":248851,"href":"https:\/\/www.meydan.tv\/az\/wp-json\/wp\/v2\/posts\/248850\/revisions\/248851"}],"wp:featuredmedia":[{"embeddable":true,"href":"https:\/\/www.meydan.tv\/az\/wp-json\/wp\/v2\/media\/236083"}],"wp:attachment":[{"href":"https:\/\/www.meydan.tv\/az\/wp-json\/wp\/v2\/media?parent=248850"}],"wp:term":[{"taxonomy":"category","embeddable":true,"href":"https:\/\/www.meydan.tv\/az\/wp-json\/wp\/v2\/categories?post=248850"},{"taxonomy":"post_tag","embeddable":true,"href":"https:\/\/www.meydan.tv\/az\/wp-json\/wp\/v2\/tags?post=248850"}],"curies":[{"name":"wp","href":"https:\/\/api.w.org\/{rel}","templated":true}]}}