{"id":248808,"date":"2022-06-20T13:57:28","date_gmt":"2022-06-20T09:57:28","guid":{"rendered":"https:\/\/www.meydan.tv\/?p=248808"},"modified":"2022-06-20T14:09:44","modified_gmt":"2022-06-20T10:09:44","slug":"evez-hafizlinin-qetli-ile-bagli-mehkeme-basladi","status":"publish","type":"post","link":"https:\/\/www.meydan.tv\/az\/article\/evez-hafizlinin-qetli-ile-bagli-mehkeme-basladi\/","title":{"rendered":"\u018fv\u0259z Hafizlinin q\u0259tli il\u0259 ba\u011fl\u0131 m\u0259hk\u0259m\u0259 ba\u015flad\u0131"},"content":{"rendered":"\n<p><\/p>\n\n\n\n<p><em>\u0130ctimai f\u0259allar v\u0259 jurnalistl\u0259r m\u0259hk\u0259m\u0259 prosesin\u0259 burax\u0131lmay\u0131b<\/em><br><\/p>\n\n\n\n<p>Bir s\u0131ra internet televiziyalar\u0131yla \u0259m\u0259kda\u015fl\u0131q ed\u0259n reportyor \u018fv\u0259z \u015e\u0131xm\u0259mm\u0259dovun (Hafizli) q\u0259tli il\u0259 ba\u011fl\u0131 m\u0259hk\u0259m\u0259 prosesi ba\u015flay\u0131b. Onu q\u0259tl\u0259 yetirm\u0259kd\u0259 ittiham olunan \u0259misi o\u011flu \u018fmrulla G\u00fcl\u0259liyevin i\u015fin\u0259 Bak\u0131 A\u011f\u0131r Cinay\u0259tl\u0259r M\u0259hk\u0259m\u0259sind\u0259 bax\u0131l\u0131r.<br><\/p>\n\n\n\n<p>\u0130yunun 20-d\u0259 hakim \u018fli M\u0259mm\u0259dovun s\u0259drliyil\u0259 m\u0259hk\u0259m\u0259nin haz\u0131rl\u0131q iclas\u0131 ke\u00e7irilib. M\u0259hk\u0259m\u0259y\u0259 t\u0259qsirl\u0259ndiril\u0259n \u018fmrulla G\u00fcl\u0259liyevi g\u0259tirm\u0259yibl\u0259r. Amma v\u0259kili m\u0259hk\u0259m\u0259d\u0259 i\u015ftirak edib.<br><\/p>\n\n\n\n<p>24 ya\u015fl\u0131 \u018fmrulla G\u00fcl\u0259liyev K\u00fcrd\u0259xan\u0131da yerl\u0259\u015f\u0259n Bak\u0131 \u0130stintaq T\u0259cridxanas\u0131nda saxlan\u0131l\u0131r. O, t\u0259cridxanadan m\u0259hk\u0259m\u0259y\u0259 onlayn \u015f\u0259kild\u0259 qo\u015fulub.<br><\/p>\n\n\n\n<p>\u018fv\u0259z Hafizlinin yax\u0131nlar\u0131ndan he\u00e7 kim m\u0259hk\u0259m\u0259 prosesin\u0259 g\u0259lm\u0259yib. Prosesi izl\u0259m\u0259y\u0259 g\u0259l\u0259n LGBT+ f\u0259allar\u0131, feministl\u0259r, jurnalistl\u0259rin he\u00e7 biri m\u0259hk\u0259m\u0259 zal\u0131na burax\u0131lmay\u0131b.<br><\/p>\n\n\n\n<p>M\u0259hk\u0259m\u0259 prosesini izl\u0259m\u0259y\u0259 g\u0259l\u0259nl\u0259r aras\u0131nda B\u00f6y\u00fck Britaniya s\u0259firliyinin t\u0259msil\u00e7il\u0259ri d\u0259 vard\u0131. Onlara is\u0259 m\u0259hk\u0259m\u0259d\u0259 i\u015ftirak etm\u0259y\u0259 imkan yarad\u0131l\u0131b.<br><\/p>\n\n\n\n<p>Proses\u0259 burax\u0131lmayan aktivistl\u0259r Bak\u0131 A\u011f\u0131r Cinay\u0259tl\u0259r M\u0259hk\u0259m\u0259sinin qar\u015f\u0131s\u0131nda etiraz aksiyas\u0131 ke\u00e7iribl\u0259r. Onlar a\u00e7\u0131q m\u0259hk\u0259m\u0259 prosesinin faktiki qapal\u0131 ke\u00e7irilm\u0259sin\u0259 etiraz edibl\u0259r. F\u0259al Cavid N\u0259biyev bildirib ki, bu, qanun pozuntusu olmaqla yana\u015f\u0131, h\u0259m d\u0259 d\u00f6vl\u0259tin \u00f6z v\u0259t\u0259nda\u015flar\u0131n\u0131 saymamas\u0131n\u0131n g\u00f6st\u0259ricisidir:<br><\/p>\n\n\n\n<p>\u201cB\u00f6y\u00fck Britaniya s\u0259firliyinin n\u00fcmay\u0259nd\u0259l\u0259rini burax\u0131rlar, \u00f6z v\u0259t\u0259nda\u015flar\u0131n\u0131 yox. \u00c7\u00fcnki v\u0259t\u0259nda\u015f\u0131 saym\u0131rlar\u201d.<br><\/p>\n\n\n\n<figure class=\"wp-block-image size-full\"><img decoding=\"async\" width=\"1200\" height=\"800\" data-src=\"https:\/\/www.meydan.tv\/wp-content\/uploads\/image_from_ios-40.jpg\" alt=\"\" class=\"wp-image-248805 lazyload\" src=\"data:image\/svg+xml;base64,PHN2ZyB3aWR0aD0iMSIgaGVpZ2h0PSIxIiB4bWxucz0iaHR0cDovL3d3dy53My5vcmcvMjAwMC9zdmciPjwvc3ZnPg==\" style=\"--smush-placeholder-width: 1200px; --smush-placeholder-aspect-ratio: 1200\/800;\" \/><figcaption>M\u0259hk\u0259m\u0259. Foto: Meydan TV<\/figcaption><\/figure>\n\n\n\n<p>Etiraz\u00e7\u0131lar \u0259ll\u0259rind\u0259 LGBT+ bayra\u011f\u0131, \u201c\u018fv\u0259zin qatili d\u00f6vl\u0259tdir!\u201d yaz\u0131lm\u0131\u015f plakatlar qald\u0131r\u0131blar. Onlar daha sonra h\u0259min plakatlar\u0131 m\u0259hk\u0259m\u0259 binas\u0131n\u0131n divar\u0131na yap\u0131\u015fd\u0131r\u0131blar.<br><\/p>\n\n\n\n<p>\u201cSevinc H\u00fcseynova translar\u0131n, LGBT f\u0259allar\u0131n\u0131n d\u00f6y\u00fclm\u0259sin\u0259, \u00f6ld\u00fcr\u00fclm\u0259sin\u0259 \u00e7a\u011f\u0131r\u0131\u015f etmi\u015fdi. Lakin he\u00e7 bir d\u00f6vl\u0259t orqan\u0131 t\u0259dbir g\u00f6rm\u0259di. DTX-dan \u015f\u0259xs\u0259n m\u0259n\u0259 bildirdil\u0259r ki, \u201cbiz bel\u0259 \u00e7a\u011f\u0131r\u0131\u015flara reaksiya vermirik, translar\u0131n q\u0259tlin\u0259 kimins\u0259 \u00e7a\u011f\u0131r\u0131\u015f etm\u0259si biz\u0259 maraql\u0131 deyil\u201d. N\u0259tic\u0259 olaraq da \u018fv\u0259z q\u0259tl\u0259 yetirildi. \u018fg\u0259r vaxt\u0131nda t\u0259dbir g\u00f6r\u00fcls\u0259ydi, n\u0259tic\u0259 bel\u0259 olmazd\u0131\u201d, &#8211; feminist f\u0259al G\u00fclnar\u0259 Mehdiyeva bildirib.<br><\/p>\n\n\n\n<p>24 ya\u015fl\u0131 \u018fv\u0259z Hafizlinin q\u0259tlil\u0259 ba\u011fl\u0131 m\u0259hk\u0259m\u0259 prosesi iyulun 4-d\u0259 davam ed\u0259c\u0259k.<br><\/p>\n\n\n\n<p>Hadis\u0259 fevral\u0131n 22-d\u0259 g\u00fcnorta saat 16.00 rad\u0259l\u0259rind\u0259 Bak\u0131n\u0131n Sabun\u00e7u rayonu, Balaxan\u0131 q\u0259s\u0259b\u0259sind\u0259 \u018fv\u0259z Hafizlinin ya\u015fad\u0131\u011f\u0131 evin h\u0259y\u0259tind\u0259 ba\u015f <a href=\"https:\/\/www.meydan.tv\/az\/article\/reportyor-evez-hafizli-oldurulub\/\" target=\"_blank\" rel=\"noreferrer noopener\">verib<\/a>. M\u0259lumata g\u00f6r\u0259, hadis\u0259 zaman\u0131 \u018fmrulla G\u00fcl\u0259liyev s\u0259rxo\u015f v\u0259ziyy\u0259td\u0259 olub. O, ifad\u0259sind\u0259 bildirib ki, hadis\u0259 \u0259misi o\u011flu il\u0259 aralar\u0131nda yaranm\u0131\u015f \u015f\u0259xsi m\u00fcbahis\u0259 z\u0259minind\u0259 ba\u015f verib.<br><\/p>\n\n\n\n<p>\u018fmrulla G\u00fcl\u0259liyev Cinay\u0259t M\u0259c\u0259ll\u0259sinin 120.1 (q\u0259sd\u0259n adam \u00f6ld\u00fcrm\u0259) madd\u0259sil\u0259 ittiham olunur.<br>Bu i\u015fd\u0259 z\u0259r\u0259r\u00e7\u0259kmi\u015fin h\u00fcquqi varisi qismind\u0259 \u018fv\u0259z Hafizlinin qarda\u015f\u0131 tan\u0131n\u0131b. \u0130ctimaiyy\u0259t n\u00fcmay\u0259nd\u0259l\u0259ri m\u0259rhum jurnalistin cinsi oriyentasiyas\u0131na g\u00f6r\u0259 \u00f6ld\u00fcr\u00fcld\u00fcy\u00fc, nifr\u0259tin qurban\u0131 oldu\u011funu <a href=\"https:\/\/www.meydan.tv\/az\/article\/evez-hafizlinin-qetli-nifret-cinayetidir\/\" target=\"_blank\" rel=\"noreferrer noopener\">bildirirl\u0259r<\/a>.<\/p>\n","protected":false},"excerpt":{"rendered":"<p>\u0130ctimai f\u0259allar v\u0259 jurnalistl\u0259r m\u0259hk\u0259m\u0259 prosesin\u0259 burax\u0131lmay\u0131b Bir s\u0131ra internet &#8230; <\/p>\n<p class=\"read-more-container\"><a title=\"\u018fv\u0259z Hafizlinin q\u0259tli il\u0259 ba\u011fl\u0131 m\u0259hk\u0259m\u0259 ba\u015flad\u0131\" class=\"read-more button\" href=\"https:\/\/www.meydan.tv\/az\/article\/evez-hafizlinin-qetli-ile-bagli-mehkeme-basladi\/#more-248808\" aria-label=\"Read more about \u018fv\u0259z Hafizlinin q\u0259tli il\u0259 ba\u011fl\u0131 m\u0259hk\u0259m\u0259 ba\u015flad\u0131\">Davam\u0131<\/a><\/p>\n","protected":false},"author":8,"featured_media":248802,"comment_status":"closed","ping_status":"closed","sticky":false,"template":"","format":"standard","meta":{"_acf_changed":false,"_sitemap_exclude":false,"_sitemap_priority":"","_sitemap_frequency":"","footnotes":""},"categories":[59,79,56],"tags":[],"class_list":["post-248808","post","type-post","status-publish","format-standard","has-post-thumbnail","hentry","category-siyaset","category-featured","category-xeberler","infinite-scroll-item","generate-columns","tablet-grid-50","mobile-grid-100","grid-parent","grid-33","no-featured-image-padding"],"acf":[],"yoast_head":"<!-- This site is optimized with the Yoast SEO plugin v27.4 - https:\/\/yoast.com\/product\/yoast-seo-wordpress\/ -->\n<title>\u018fv\u0259z Hafizlinin q\u0259tli il\u0259 ba\u011fl\u0131 m\u0259hk\u0259m\u0259 ba\u015flad\u0131 - MEYDAN.TV<\/title>\n<meta name=\"robots\" content=\"index, follow, max-snippet:-1, max-image-preview:large, max-video-preview:-1\" \/>\n<link rel=\"canonical\" href=\"https:\/\/www.meydan.tv\/az\/article\/evez-hafizlinin-qetli-ile-bagli-mehkeme-basladi\/\" \/>\n<meta property=\"og:locale\" content=\"az_AZ\" \/>\n<meta property=\"og:type\" content=\"article\" \/>\n<meta property=\"og:title\" content=\"\u018fv\u0259z Hafizlinin q\u0259tli il\u0259 ba\u011fl\u0131 m\u0259hk\u0259m\u0259 ba\u015flad\u0131 - MEYDAN.TV\" \/>\n<meta property=\"og:description\" content=\"\u0130ctimai f\u0259allar v\u0259 jurnalistl\u0259r m\u0259hk\u0259m\u0259 prosesin\u0259 burax\u0131lmay\u0131b Bir s\u0131ra internet ... Davam\u0131\" \/>\n<meta property=\"og:url\" content=\"https:\/\/www.meydan.tv\/az\/article\/evez-hafizlinin-qetli-ile-bagli-mehkeme-basladi\/\" \/>\n<meta property=\"og:site_name\" content=\"MEYDAN.TV\" \/>\n<meta property=\"article:published_time\" content=\"2022-06-20T09:57:28+00:00\" \/>\n<meta property=\"article:modified_time\" content=\"2022-06-20T10:09:44+00:00\" \/>\n<meta property=\"og:image\" content=\"https:\/\/www.meydan.tv\/wp-content\/uploads\/image_from_ios-1-21.jpg\" \/>\n\t<meta property=\"og:image:width\" content=\"1200\" \/>\n\t<meta property=\"og:image:height\" content=\"800\" \/>\n\t<meta property=\"og:image:type\" content=\"image\/jpeg\" \/>\n<meta name=\"author\" content=\"elli\" \/>\n<meta name=\"twitter:card\" content=\"summary_large_image\" \/>\n<meta name=\"twitter:creator\" content=\"@elli\" \/>\n<script type=\"application\/ld+json\" class=\"yoast-schema-graph\">{\"@context\":\"https:\\\/\\\/schema.org\",\"@graph\":[{\"@type\":\"Article\",\"@id\":\"https:\\\/\\\/www.meydan.tv\\\/az\\\/article\\\/evez-hafizlinin-qetli-ile-bagli-mehkeme-basladi\\\/#article\",\"isPartOf\":{\"@id\":\"https:\\\/\\\/www.meydan.tv\\\/az\\\/article\\\/evez-hafizlinin-qetli-ile-bagli-mehkeme-basladi\\\/\"},\"author\":{\"name\":\"elli\",\"@id\":\"https:\\\/\\\/www.meydan.tv\\\/az\\\/#\\\/schema\\\/person\\\/9cdbecf90d17180ce1dfbd95b08dcf47\"},\"headline\":\"\u018fv\u0259z Hafizlinin q\u0259tli il\u0259 ba\u011fl\u0131 m\u0259hk\u0259m\u0259 ba\u015flad\u0131\",\"datePublished\":\"2022-06-20T09:57:28+00:00\",\"dateModified\":\"2022-06-20T10:09:44+00:00\",\"mainEntityOfPage\":{\"@id\":\"https:\\\/\\\/www.meydan.tv\\\/az\\\/article\\\/evez-hafizlinin-qetli-ile-bagli-mehkeme-basladi\\\/\"},\"wordCount\":620,\"publisher\":{\"@id\":\"https:\\\/\\\/www.meydan.tv\\\/az\\\/#organization\"},\"image\":{\"@id\":\"https:\\\/\\\/www.meydan.tv\\\/az\\\/article\\\/evez-hafizlinin-qetli-ile-bagli-mehkeme-basladi\\\/#primaryimage\"},\"thumbnailUrl\":\"https:\\\/\\\/www.meydan.tv\\\/wp-content\\\/uploads\\\/image_from_ios-1-21.jpg\",\"articleSection\":[\"Siyas\u0259t\",\"T\u00f6vsiy\u0259\",\"X\u0259b\u0259rl\u0259r\"],\"inLanguage\":\"az\"},{\"@type\":\"WebPage\",\"@id\":\"https:\\\/\\\/www.meydan.tv\\\/az\\\/article\\\/evez-hafizlinin-qetli-ile-bagli-mehkeme-basladi\\\/\",\"url\":\"https:\\\/\\\/www.meydan.tv\\\/az\\\/article\\\/evez-hafizlinin-qetli-ile-bagli-mehkeme-basladi\\\/\",\"name\":\"\u018fv\u0259z Hafizlinin q\u0259tli il\u0259 ba\u011fl\u0131 m\u0259hk\u0259m\u0259 ba\u015flad\u0131 - MEYDAN.TV\",\"isPartOf\":{\"@id\":\"https:\\\/\\\/www.meydan.tv\\\/az\\\/#website\"},\"primaryImageOfPage\":{\"@id\":\"https:\\\/\\\/www.meydan.tv\\\/az\\\/article\\\/evez-hafizlinin-qetli-ile-bagli-mehkeme-basladi\\\/#primaryimage\"},\"image\":{\"@id\":\"https:\\\/\\\/www.meydan.tv\\\/az\\\/article\\\/evez-hafizlinin-qetli-ile-bagli-mehkeme-basladi\\\/#primaryimage\"},\"thumbnailUrl\":\"https:\\\/\\\/www.meydan.tv\\\/wp-content\\\/uploads\\\/image_from_ios-1-21.jpg\",\"datePublished\":\"2022-06-20T09:57:28+00:00\",\"dateModified\":\"2022-06-20T10:09:44+00:00\",\"breadcrumb\":{\"@id\":\"https:\\\/\\\/www.meydan.tv\\\/az\\\/article\\\/evez-hafizlinin-qetli-ile-bagli-mehkeme-basladi\\\/#breadcrumb\"},\"inLanguage\":\"az\",\"potentialAction\":[{\"@type\":\"ReadAction\",\"target\":[\"https:\\\/\\\/www.meydan.tv\\\/az\\\/article\\\/evez-hafizlinin-qetli-ile-bagli-mehkeme-basladi\\\/\"]}]},{\"@type\":\"ImageObject\",\"inLanguage\":\"az\",\"@id\":\"https:\\\/\\\/www.meydan.tv\\\/az\\\/article\\\/evez-hafizlinin-qetli-ile-bagli-mehkeme-basladi\\\/#primaryimage\",\"url\":\"https:\\\/\\\/www.meydan.tv\\\/wp-content\\\/uploads\\\/image_from_ios-1-21.jpg\",\"contentUrl\":\"https:\\\/\\\/www.meydan.tv\\\/wp-content\\\/uploads\\\/image_from_ios-1-21.jpg\",\"width\":1200,\"height\":800,\"caption\":\"M\u0259hk\u0259m\u0259 binas\u0131n\u0131n qar\u015f\u0131s\u0131. Foto: Meydan TV\"},{\"@type\":\"BreadcrumbList\",\"@id\":\"https:\\\/\\\/www.meydan.tv\\\/az\\\/article\\\/evez-hafizlinin-qetli-ile-bagli-mehkeme-basladi\\\/#breadcrumb\",\"itemListElement\":[{\"@type\":\"ListItem\",\"position\":1,\"name\":\"Ana s\u0259hif\u0259\",\"item\":\"https:\\\/\\\/www.meydan.tv\\\/az\\\/\"},{\"@type\":\"ListItem\",\"position\":2,\"name\":\"Siyas\u0259t\",\"item\":\"https:\\\/\\\/www.meydan.tv\\\/az\\\/section\\\/siyaset\\\/\"},{\"@type\":\"ListItem\",\"position\":3,\"name\":\"\u018fv\u0259z Hafizlinin q\u0259tli il\u0259 ba\u011fl\u0131 m\u0259hk\u0259m\u0259 ba\u015flad\u0131\"}]},{\"@type\":\"WebSite\",\"@id\":\"https:\\\/\\\/www.meydan.tv\\\/az\\\/#website\",\"url\":\"https:\\\/\\\/www.meydan.tv\\\/az\\\/\",\"name\":\"MEYDAN.TV\",\"description\":\"Meydan TV Az\u0259rbaycan\u0131n media m\u0259kan\u0131ndak\u0131 alternativ s\u0259sidir\",\"publisher\":{\"@id\":\"https:\\\/\\\/www.meydan.tv\\\/az\\\/#organization\"},\"potentialAction\":[{\"@type\":\"SearchAction\",\"target\":{\"@type\":\"EntryPoint\",\"urlTemplate\":\"https:\\\/\\\/www.meydan.tv\\\/az\\\/?s={search_term_string}\"},\"query-input\":{\"@type\":\"PropertyValueSpecification\",\"valueRequired\":true,\"valueName\":\"search_term_string\"}}],\"inLanguage\":\"az\"},{\"@type\":\"Organization\",\"@id\":\"https:\\\/\\\/www.meydan.tv\\\/az\\\/#organization\",\"name\":\"Meydan TV\",\"url\":\"https:\\\/\\\/www.meydan.tv\\\/az\\\/\",\"logo\":{\"@type\":\"ImageObject\",\"inLanguage\":\"az\",\"@id\":\"https:\\\/\\\/www.meydan.tv\\\/az\\\/#\\\/schema\\\/logo\\\/image\\\/\",\"url\":\"https:\\\/\\\/www.meydan.tv\\\/wp-content\\\/uploads\\\/2021\\\/07\\\/meydan-logo.svg\",\"contentUrl\":\"https:\\\/\\\/www.meydan.tv\\\/wp-content\\\/uploads\\\/2021\\\/07\\\/meydan-logo.svg\",\"width\":195,\"height\":46,\"caption\":\"Meydan TV\"},\"image\":{\"@id\":\"https:\\\/\\\/www.meydan.tv\\\/az\\\/#\\\/schema\\\/logo\\\/image\\\/\"}},{\"@type\":\"Person\",\"@id\":\"https:\\\/\\\/www.meydan.tv\\\/az\\\/#\\\/schema\\\/person\\\/9cdbecf90d17180ce1dfbd95b08dcf47\",\"name\":\"elli\",\"sameAs\":[\"https:\\\/\\\/x.com\\\/elli\"]}]}<\/script>\n<!-- \/ Yoast SEO plugin. -->","yoast_head_json":{"title":"\u018fv\u0259z Hafizlinin q\u0259tli il\u0259 ba\u011fl\u0131 m\u0259hk\u0259m\u0259 ba\u015flad\u0131 - MEYDAN.TV","robots":{"index":"index","follow":"follow","max-snippet":"max-snippet:-1","max-image-preview":"max-image-preview:large","max-video-preview":"max-video-preview:-1"},"canonical":"https:\/\/www.meydan.tv\/az\/article\/evez-hafizlinin-qetli-ile-bagli-mehkeme-basladi\/","og_locale":"az_AZ","og_type":"article","og_title":"\u018fv\u0259z Hafizlinin q\u0259tli il\u0259 ba\u011fl\u0131 m\u0259hk\u0259m\u0259 ba\u015flad\u0131 - MEYDAN.TV","og_description":"\u0130ctimai f\u0259allar v\u0259 jurnalistl\u0259r m\u0259hk\u0259m\u0259 prosesin\u0259 burax\u0131lmay\u0131b Bir s\u0131ra internet ... Davam\u0131","og_url":"https:\/\/www.meydan.tv\/az\/article\/evez-hafizlinin-qetli-ile-bagli-mehkeme-basladi\/","og_site_name":"MEYDAN.TV","article_published_time":"2022-06-20T09:57:28+00:00","article_modified_time":"2022-06-20T10:09:44+00:00","og_image":[{"width":1200,"height":800,"url":"https:\/\/www.meydan.tv\/wp-content\/uploads\/image_from_ios-1-21.jpg","type":"image\/jpeg"}],"author":"elli","twitter_card":"summary_large_image","twitter_creator":"@elli","schema":{"@context":"https:\/\/schema.org","@graph":[{"@type":"Article","@id":"https:\/\/www.meydan.tv\/az\/article\/evez-hafizlinin-qetli-ile-bagli-mehkeme-basladi\/#article","isPartOf":{"@id":"https:\/\/www.meydan.tv\/az\/article\/evez-hafizlinin-qetli-ile-bagli-mehkeme-basladi\/"},"author":{"name":"elli","@id":"https:\/\/www.meydan.tv\/az\/#\/schema\/person\/9cdbecf90d17180ce1dfbd95b08dcf47"},"headline":"\u018fv\u0259z Hafizlinin q\u0259tli il\u0259 ba\u011fl\u0131 m\u0259hk\u0259m\u0259 ba\u015flad\u0131","datePublished":"2022-06-20T09:57:28+00:00","dateModified":"2022-06-20T10:09:44+00:00","mainEntityOfPage":{"@id":"https:\/\/www.meydan.tv\/az\/article\/evez-hafizlinin-qetli-ile-bagli-mehkeme-basladi\/"},"wordCount":620,"publisher":{"@id":"https:\/\/www.meydan.tv\/az\/#organization"},"image":{"@id":"https:\/\/www.meydan.tv\/az\/article\/evez-hafizlinin-qetli-ile-bagli-mehkeme-basladi\/#primaryimage"},"thumbnailUrl":"https:\/\/www.meydan.tv\/wp-content\/uploads\/image_from_ios-1-21.jpg","articleSection":["Siyas\u0259t","T\u00f6vsiy\u0259","X\u0259b\u0259rl\u0259r"],"inLanguage":"az"},{"@type":"WebPage","@id":"https:\/\/www.meydan.tv\/az\/article\/evez-hafizlinin-qetli-ile-bagli-mehkeme-basladi\/","url":"https:\/\/www.meydan.tv\/az\/article\/evez-hafizlinin-qetli-ile-bagli-mehkeme-basladi\/","name":"\u018fv\u0259z Hafizlinin q\u0259tli il\u0259 ba\u011fl\u0131 m\u0259hk\u0259m\u0259 ba\u015flad\u0131 - MEYDAN.TV","isPartOf":{"@id":"https:\/\/www.meydan.tv\/az\/#website"},"primaryImageOfPage":{"@id":"https:\/\/www.meydan.tv\/az\/article\/evez-hafizlinin-qetli-ile-bagli-mehkeme-basladi\/#primaryimage"},"image":{"@id":"https:\/\/www.meydan.tv\/az\/article\/evez-hafizlinin-qetli-ile-bagli-mehkeme-basladi\/#primaryimage"},"thumbnailUrl":"https:\/\/www.meydan.tv\/wp-content\/uploads\/image_from_ios-1-21.jpg","datePublished":"2022-06-20T09:57:28+00:00","dateModified":"2022-06-20T10:09:44+00:00","breadcrumb":{"@id":"https:\/\/www.meydan.tv\/az\/article\/evez-hafizlinin-qetli-ile-bagli-mehkeme-basladi\/#breadcrumb"},"inLanguage":"az","potentialAction":[{"@type":"ReadAction","target":["https:\/\/www.meydan.tv\/az\/article\/evez-hafizlinin-qetli-ile-bagli-mehkeme-basladi\/"]}]},{"@type":"ImageObject","inLanguage":"az","@id":"https:\/\/www.meydan.tv\/az\/article\/evez-hafizlinin-qetli-ile-bagli-mehkeme-basladi\/#primaryimage","url":"https:\/\/www.meydan.tv\/wp-content\/uploads\/image_from_ios-1-21.jpg","contentUrl":"https:\/\/www.meydan.tv\/wp-content\/uploads\/image_from_ios-1-21.jpg","width":1200,"height":800,"caption":"M\u0259hk\u0259m\u0259 binas\u0131n\u0131n qar\u015f\u0131s\u0131. Foto: Meydan TV"},{"@type":"BreadcrumbList","@id":"https:\/\/www.meydan.tv\/az\/article\/evez-hafizlinin-qetli-ile-bagli-mehkeme-basladi\/#breadcrumb","itemListElement":[{"@type":"ListItem","position":1,"name":"Ana s\u0259hif\u0259","item":"https:\/\/www.meydan.tv\/az\/"},{"@type":"ListItem","position":2,"name":"Siyas\u0259t","item":"https:\/\/www.meydan.tv\/az\/section\/siyaset\/"},{"@type":"ListItem","position":3,"name":"\u018fv\u0259z Hafizlinin q\u0259tli il\u0259 ba\u011fl\u0131 m\u0259hk\u0259m\u0259 ba\u015flad\u0131"}]},{"@type":"WebSite","@id":"https:\/\/www.meydan.tv\/az\/#website","url":"https:\/\/www.meydan.tv\/az\/","name":"MEYDAN.TV","description":"Meydan TV Az\u0259rbaycan\u0131n media m\u0259kan\u0131ndak\u0131 alternativ s\u0259sidir","publisher":{"@id":"https:\/\/www.meydan.tv\/az\/#organization"},"potentialAction":[{"@type":"SearchAction","target":{"@type":"EntryPoint","urlTemplate":"https:\/\/www.meydan.tv\/az\/?s={search_term_string}"},"query-input":{"@type":"PropertyValueSpecification","valueRequired":true,"valueName":"search_term_string"}}],"inLanguage":"az"},{"@type":"Organization","@id":"https:\/\/www.meydan.tv\/az\/#organization","name":"Meydan TV","url":"https:\/\/www.meydan.tv\/az\/","logo":{"@type":"ImageObject","inLanguage":"az","@id":"https:\/\/www.meydan.tv\/az\/#\/schema\/logo\/image\/","url":"https:\/\/www.meydan.tv\/wp-content\/uploads\/2021\/07\/meydan-logo.svg","contentUrl":"https:\/\/www.meydan.tv\/wp-content\/uploads\/2021\/07\/meydan-logo.svg","width":195,"height":46,"caption":"Meydan TV"},"image":{"@id":"https:\/\/www.meydan.tv\/az\/#\/schema\/logo\/image\/"}},{"@type":"Person","@id":"https:\/\/www.meydan.tv\/az\/#\/schema\/person\/9cdbecf90d17180ce1dfbd95b08dcf47","name":"elli","sameAs":["https:\/\/x.com\/elli"]}]}},"_links":{"self":[{"href":"https:\/\/www.meydan.tv\/az\/wp-json\/wp\/v2\/posts\/248808","targetHints":{"allow":["GET"]}}],"collection":[{"href":"https:\/\/www.meydan.tv\/az\/wp-json\/wp\/v2\/posts"}],"about":[{"href":"https:\/\/www.meydan.tv\/az\/wp-json\/wp\/v2\/types\/post"}],"author":[{"embeddable":true,"href":"https:\/\/www.meydan.tv\/az\/wp-json\/wp\/v2\/users\/8"}],"replies":[{"embeddable":true,"href":"https:\/\/www.meydan.tv\/az\/wp-json\/wp\/v2\/comments?post=248808"}],"version-history":[{"count":3,"href":"https:\/\/www.meydan.tv\/az\/wp-json\/wp\/v2\/posts\/248808\/revisions"}],"predecessor-version":[{"id":248819,"href":"https:\/\/www.meydan.tv\/az\/wp-json\/wp\/v2\/posts\/248808\/revisions\/248819"}],"wp:featuredmedia":[{"embeddable":true,"href":"https:\/\/www.meydan.tv\/az\/wp-json\/wp\/v2\/media\/248802"}],"wp:attachment":[{"href":"https:\/\/www.meydan.tv\/az\/wp-json\/wp\/v2\/media?parent=248808"}],"wp:term":[{"taxonomy":"category","embeddable":true,"href":"https:\/\/www.meydan.tv\/az\/wp-json\/wp\/v2\/categories?post=248808"},{"taxonomy":"post_tag","embeddable":true,"href":"https:\/\/www.meydan.tv\/az\/wp-json\/wp\/v2\/tags?post=248808"}],"curies":[{"name":"wp","href":"https:\/\/api.w.org\/{rel}","templated":true}]}}