{"id":248776,"date":"2022-06-20T13:05:37","date_gmt":"2022-06-20T09:05:37","guid":{"rendered":"https:\/\/www.meydan.tv\/?p=248776"},"modified":"2022-06-20T13:05:39","modified_gmt":"2022-06-20T09:05:39","slug":"cenubda-kino-gunleri-kecirilecek","status":"publish","type":"post","link":"https:\/\/www.meydan.tv\/az\/article\/cenubda-kino-gunleri-kecirilecek\/","title":{"rendered":"\u201cC\u0259nubda kino g\u00fcnl\u0259ri\u201d ke\u00e7iril\u0259c\u0259k"},"content":{"rendered":"\n<p><\/p>\n\n\n\n<p><em>&#8220;M\u0259qs\u0259d Az\u0259rbaycan filml\u0259rini tan\u0131tmaqd\u0131r&#8221;<\/em><\/p>\n\n\n\n<p>Az\u0259rbaycan Kinematoqraf\u00e7\u0131lar \u0130ttifaq\u0131 \u201cC\u0259nubda kino g\u00fcnl\u0259ri\u201d layih\u0259sin\u0259 start verib.<\/p>\n\n\n\n<p>Bu bar\u0259d\u0259 Az\u0259rbaycan Kinematoqraf\u00e7\u0131lar \u0130ttifaq\u0131 m\u0259lumat <a href=\"https:\/\/aki.az\/aki-c%C9%99nubda-kino-gunl%C9%99ri-layih%C9%99sin%C9%99-start-verib\/?fbclid=IwAR2NJhU-g8QdAaWy9yJvT5As1Qt3rQ_BoemLDrzB2NNYgnBCUBPSOWoDbJo\" target=\"_blank\" rel=\"noreferrer noopener\">yay\u0131b<\/a>.<\/p>\n\n\n\n<p>Bildirilir ki, layih\u0259 \u00e7\u0259r\u00e7iv\u0259sind\u0259 son ill\u0259rd\u0259 d\u00f6vl\u0259t sifari\u015fi \u0259sas\u0131nda v\u0259 m\u00fcst\u0259qil \u015f\u0259kild\u0259 istehsal olunan b\u0259zi filml\u0259r yerli tama\u015fa\u00e7\u0131lara \u00e7atd\u0131r\u0131lacaq: <\/p>\n\n\n\n<p>&#8220;M\u0259qs\u0259d Az\u0259rbaycan filml\u0259rini geni\u015f ekranlarda yerli tama\u015fa\u00e7\u0131lara n\u00fcmayi\u015f etdirm\u0259kl\u0259 kino h\u0259v\u0259skarlar\u0131na son ill\u0259rd\u0259 istehsal olunan, el\u0259c\u0259 d\u0259 b\u0259zi beyn\u0259lxalq kino festivallarda u\u011furlar qazanan filml\u0259rimizi v\u0259 rejissorlar\u0131m\u0131z\u0131 tan\u0131tmaqd\u0131r&#8221;.<\/p>\n\n\n\n<figure class=\"wp-block-image size-full\"><img decoding=\"async\" width=\"1200\" height=\"798\" data-src=\"https:\/\/www.meydan.tv\/wp-content\/uploads\/intiqam-hacili.jpg\" alt=\"\" class=\"wp-image-246530 lazyload\" src=\"data:image\/svg+xml;base64,PHN2ZyB3aWR0aD0iMSIgaGVpZ2h0PSIxIiB4bWxucz0iaHR0cDovL3d3dy53My5vcmcvMjAwMC9zdmciPjwvc3ZnPg==\" style=\"--smush-placeholder-width: 1200px; --smush-placeholder-aspect-ratio: 1200\/798;\" \/><figcaption>\u0130ntiqam Hac\u0131l\u0131. M\u0259nb\u0259: &#8220;Azlogos.eu&#8221;<\/figcaption><\/figure>\n\n\n\n<p>2022-ci ilin iyun-iyul aylar\u0131nda n\u0259z\u0259rd\u0259 tutulan bax\u0131\u015flar ilk olaraq 25-26 iyun Bil\u0259suvar M\u0259rk\u0259zi Park\u0131nda v\u0259 N\u0259rimank\u0259nd k\u0259nd Folklor Evind\u0259 ke\u00e7iril\u0259c\u0259k.<\/p>\n\n\n\n<p>\u0130ki g\u00fcn \u0259rzind\u0259 tama\u015fa\u00e7\u0131lara \u201cQ\u0131rm\u0131z\u0131 ba\u011f\u201d (rejissor Mirbala S\u0259limli), \u201cBil\u0259suvar\u201d (rejissor Elvin Ad\u0131g\u00f6z\u0259l, \u201cNar ba\u011f\u0131\u201d (rejissor \u0130lqar N\u0259c\u0259f), \u201cSiz\u0259 m\u0259ktub var\u201d (rejissor M\u0259zahir Ha\u015f\u0131mov), \u201cTitr\u0259m\u0259\u201d (rejissor Amil Amal), \u201cDan yeli\u201d (rejissor Kamal Ya\u015far) v\u0259 \u201cD\u0259hlizd\u0259\u201d (rejissor Amil Amal) q\u0131sametrajl\u0131 v\u0259 tammetrajl\u0131 filml\u0259r g\u00f6st\u0259ril\u0259c\u0259k.<\/p>\n\n\n\n<p>Ard\u0131nca bax\u0131\u015flar iyul ay\u0131nda L\u0259nk\u0259ran v\u0259 Lerik rayonlar\u0131nda davam etdiril\u0259c\u0259k.<\/p>\n\n\n\n<p>\u201cC\u0259nubda kino g\u00fcnl\u0259ri\u201d layih\u0259sinin icra\u00e7\u0131 prod\u00fcseri \u0130ntiqam Hac\u0131l\u0131d\u0131r.<\/p>\n","protected":false},"excerpt":{"rendered":"<p>&#8220;M\u0259qs\u0259d Az\u0259rbaycan filml\u0259rini tan\u0131tmaqd\u0131r&#8221; Az\u0259rbaycan Kinematoqraf\u00e7\u0131lar \u0130ttifaq\u0131 \u201cC\u0259nubda kino g\u00fcnl\u0259ri\u201d &#8230; <\/p>\n<p class=\"read-more-container\"><a title=\"\u201cC\u0259nubda kino g\u00fcnl\u0259ri\u201d ke\u00e7iril\u0259c\u0259k\" class=\"read-more button\" href=\"https:\/\/www.meydan.tv\/az\/article\/cenubda-kino-gunleri-kecirilecek\/#more-248776\" aria-label=\"Read more about \u201cC\u0259nubda kino g\u00fcnl\u0259ri\u201d ke\u00e7iril\u0259c\u0259k\">Davam\u0131<\/a><\/p>\n","protected":false},"author":8,"featured_media":247331,"comment_status":"closed","ping_status":"closed","sticky":false,"template":"","format":"standard","meta":{"_acf_changed":false,"_sitemap_exclude":false,"_sitemap_priority":"","_sitemap_frequency":"","footnotes":""},"categories":[52,56],"tags":[],"class_list":["post-248776","post","type-post","status-publish","format-standard","has-post-thumbnail","hentry","category-medeniyyet","category-xeberler","infinite-scroll-item","generate-columns","tablet-grid-50","mobile-grid-100","grid-parent","grid-33","no-featured-image-padding"],"acf":[],"yoast_head":"<!-- This site is optimized with the Yoast SEO plugin v27.5 - https:\/\/yoast.com\/product\/yoast-seo-wordpress\/ -->\n<title>\u201cC\u0259nubda kino g\u00fcnl\u0259ri\u201d ke\u00e7iril\u0259c\u0259k - MEYDAN.TV<\/title>\n<meta name=\"robots\" content=\"index, follow, max-snippet:-1, max-image-preview:large, max-video-preview:-1\" \/>\n<link rel=\"canonical\" href=\"https:\/\/www.meydan.tv\/az\/article\/cenubda-kino-gunleri-kecirilecek\/\" \/>\n<meta property=\"og:locale\" content=\"az_AZ\" \/>\n<meta property=\"og:type\" content=\"article\" \/>\n<meta property=\"og:title\" content=\"\u201cC\u0259nubda kino g\u00fcnl\u0259ri\u201d ke\u00e7iril\u0259c\u0259k - MEYDAN.TV\" \/>\n<meta property=\"og:description\" content=\"&#8220;M\u0259qs\u0259d Az\u0259rbaycan filml\u0259rini tan\u0131tmaqd\u0131r&#8221; Az\u0259rbaycan Kinematoqraf\u00e7\u0131lar \u0130ttifaq\u0131 \u201cC\u0259nubda kino g\u00fcnl\u0259ri\u201d ... Davam\u0131\" \/>\n<meta property=\"og:url\" content=\"https:\/\/www.meydan.tv\/az\/article\/cenubda-kino-gunleri-kecirilecek\/\" \/>\n<meta property=\"og:site_name\" content=\"MEYDAN.TV\" \/>\n<meta property=\"article:published_time\" content=\"2022-06-20T09:05:37+00:00\" \/>\n<meta property=\"article:modified_time\" content=\"2022-06-20T09:05:39+00:00\" \/>\n<meta property=\"og:image\" content=\"https:\/\/www.meydan.tv\/wp-content\/uploads\/kino_budget-scaled.jpg\" \/>\n\t<meta property=\"og:image:width\" content=\"2560\" \/>\n\t<meta property=\"og:image:height\" content=\"1440\" \/>\n\t<meta property=\"og:image:type\" content=\"image\/jpeg\" \/>\n<meta name=\"author\" content=\"elli\" \/>\n<meta name=\"twitter:card\" content=\"summary_large_image\" \/>\n<meta name=\"twitter:creator\" content=\"@elli\" \/>\n<script type=\"application\/ld+json\" class=\"yoast-schema-graph\">{\"@context\":\"https:\\\/\\\/schema.org\",\"@graph\":[{\"@type\":\"Article\",\"@id\":\"https:\\\/\\\/www.meydan.tv\\\/az\\\/article\\\/cenubda-kino-gunleri-kecirilecek\\\/#article\",\"isPartOf\":{\"@id\":\"https:\\\/\\\/www.meydan.tv\\\/az\\\/article\\\/cenubda-kino-gunleri-kecirilecek\\\/\"},\"author\":{\"name\":\"elli\",\"@id\":\"https:\\\/\\\/www.meydan.tv\\\/az\\\/#\\\/schema\\\/person\\\/9cdbecf90d17180ce1dfbd95b08dcf47\"},\"headline\":\"\u201cC\u0259nubda kino g\u00fcnl\u0259ri\u201d ke\u00e7iril\u0259c\u0259k\",\"datePublished\":\"2022-06-20T09:05:37+00:00\",\"dateModified\":\"2022-06-20T09:05:39+00:00\",\"mainEntityOfPage\":{\"@id\":\"https:\\\/\\\/www.meydan.tv\\\/az\\\/article\\\/cenubda-kino-gunleri-kecirilecek\\\/\"},\"wordCount\":271,\"publisher\":{\"@id\":\"https:\\\/\\\/www.meydan.tv\\\/az\\\/#organization\"},\"image\":{\"@id\":\"https:\\\/\\\/www.meydan.tv\\\/az\\\/article\\\/cenubda-kino-gunleri-kecirilecek\\\/#primaryimage\"},\"thumbnailUrl\":\"https:\\\/\\\/www.meydan.tv\\\/wp-content\\\/uploads\\\/kino_budget-scaled-e1668775699603.jpg\",\"articleSection\":[\"M\u0259d\u0259niyy\u0259t\",\"X\u0259b\u0259rl\u0259r\"],\"inLanguage\":\"az\"},{\"@type\":\"WebPage\",\"@id\":\"https:\\\/\\\/www.meydan.tv\\\/az\\\/article\\\/cenubda-kino-gunleri-kecirilecek\\\/\",\"url\":\"https:\\\/\\\/www.meydan.tv\\\/az\\\/article\\\/cenubda-kino-gunleri-kecirilecek\\\/\",\"name\":\"\u201cC\u0259nubda kino g\u00fcnl\u0259ri\u201d ke\u00e7iril\u0259c\u0259k - MEYDAN.TV\",\"isPartOf\":{\"@id\":\"https:\\\/\\\/www.meydan.tv\\\/az\\\/#website\"},\"primaryImageOfPage\":{\"@id\":\"https:\\\/\\\/www.meydan.tv\\\/az\\\/article\\\/cenubda-kino-gunleri-kecirilecek\\\/#primaryimage\"},\"image\":{\"@id\":\"https:\\\/\\\/www.meydan.tv\\\/az\\\/article\\\/cenubda-kino-gunleri-kecirilecek\\\/#primaryimage\"},\"thumbnailUrl\":\"https:\\\/\\\/www.meydan.tv\\\/wp-content\\\/uploads\\\/kino_budget-scaled-e1668775699603.jpg\",\"datePublished\":\"2022-06-20T09:05:37+00:00\",\"dateModified\":\"2022-06-20T09:05:39+00:00\",\"breadcrumb\":{\"@id\":\"https:\\\/\\\/www.meydan.tv\\\/az\\\/article\\\/cenubda-kino-gunleri-kecirilecek\\\/#breadcrumb\"},\"inLanguage\":\"az\",\"potentialAction\":[{\"@type\":\"ReadAction\",\"target\":[\"https:\\\/\\\/www.meydan.tv\\\/az\\\/article\\\/cenubda-kino-gunleri-kecirilecek\\\/\"]}]},{\"@type\":\"ImageObject\",\"inLanguage\":\"az\",\"@id\":\"https:\\\/\\\/www.meydan.tv\\\/az\\\/article\\\/cenubda-kino-gunleri-kecirilecek\\\/#primaryimage\",\"url\":\"https:\\\/\\\/www.meydan.tv\\\/wp-content\\\/uploads\\\/kino_budget-scaled-e1668775699603.jpg\",\"contentUrl\":\"https:\\\/\\\/www.meydan.tv\\\/wp-content\\\/uploads\\\/kino_budget-scaled-e1668775699603.jpg\",\"width\":2560,\"height\":1222,\"caption\":\"Illustration: Meydan TV.\"},{\"@type\":\"BreadcrumbList\",\"@id\":\"https:\\\/\\\/www.meydan.tv\\\/az\\\/article\\\/cenubda-kino-gunleri-kecirilecek\\\/#breadcrumb\",\"itemListElement\":[{\"@type\":\"ListItem\",\"position\":1,\"name\":\"Ana s\u0259hif\u0259\",\"item\":\"https:\\\/\\\/www.meydan.tv\\\/az\\\/\"},{\"@type\":\"ListItem\",\"position\":2,\"name\":\"M\u0259d\u0259niyy\u0259t\",\"item\":\"https:\\\/\\\/www.meydan.tv\\\/az\\\/section\\\/medeniyyet\\\/\"},{\"@type\":\"ListItem\",\"position\":3,\"name\":\"\u201cC\u0259nubda kino g\u00fcnl\u0259ri\u201d ke\u00e7iril\u0259c\u0259k\"}]},{\"@type\":\"WebSite\",\"@id\":\"https:\\\/\\\/www.meydan.tv\\\/az\\\/#website\",\"url\":\"https:\\\/\\\/www.meydan.tv\\\/az\\\/\",\"name\":\"MEYDAN.TV\",\"description\":\"Meydan TV Az\u0259rbaycan\u0131n media m\u0259kan\u0131ndak\u0131 alternativ s\u0259sidir\",\"publisher\":{\"@id\":\"https:\\\/\\\/www.meydan.tv\\\/az\\\/#organization\"},\"potentialAction\":[{\"@type\":\"SearchAction\",\"target\":{\"@type\":\"EntryPoint\",\"urlTemplate\":\"https:\\\/\\\/www.meydan.tv\\\/az\\\/?s={search_term_string}\"},\"query-input\":{\"@type\":\"PropertyValueSpecification\",\"valueRequired\":true,\"valueName\":\"search_term_string\"}}],\"inLanguage\":\"az\"},{\"@type\":\"Organization\",\"@id\":\"https:\\\/\\\/www.meydan.tv\\\/az\\\/#organization\",\"name\":\"Meydan TV\",\"url\":\"https:\\\/\\\/www.meydan.tv\\\/az\\\/\",\"logo\":{\"@type\":\"ImageObject\",\"inLanguage\":\"az\",\"@id\":\"https:\\\/\\\/www.meydan.tv\\\/az\\\/#\\\/schema\\\/logo\\\/image\\\/\",\"url\":\"https:\\\/\\\/www.meydan.tv\\\/wp-content\\\/uploads\\\/2021\\\/07\\\/meydan-logo.svg\",\"contentUrl\":\"https:\\\/\\\/www.meydan.tv\\\/wp-content\\\/uploads\\\/2021\\\/07\\\/meydan-logo.svg\",\"width\":195,\"height\":46,\"caption\":\"Meydan TV\"},\"image\":{\"@id\":\"https:\\\/\\\/www.meydan.tv\\\/az\\\/#\\\/schema\\\/logo\\\/image\\\/\"}},{\"@type\":\"Person\",\"@id\":\"https:\\\/\\\/www.meydan.tv\\\/az\\\/#\\\/schema\\\/person\\\/9cdbecf90d17180ce1dfbd95b08dcf47\",\"name\":\"elli\",\"sameAs\":[\"https:\\\/\\\/x.com\\\/elli\"]}]}<\/script>\n<!-- \/ Yoast SEO plugin. -->","yoast_head_json":{"title":"\u201cC\u0259nubda kino g\u00fcnl\u0259ri\u201d ke\u00e7iril\u0259c\u0259k - MEYDAN.TV","robots":{"index":"index","follow":"follow","max-snippet":"max-snippet:-1","max-image-preview":"max-image-preview:large","max-video-preview":"max-video-preview:-1"},"canonical":"https:\/\/www.meydan.tv\/az\/article\/cenubda-kino-gunleri-kecirilecek\/","og_locale":"az_AZ","og_type":"article","og_title":"\u201cC\u0259nubda kino g\u00fcnl\u0259ri\u201d ke\u00e7iril\u0259c\u0259k - MEYDAN.TV","og_description":"&#8220;M\u0259qs\u0259d Az\u0259rbaycan filml\u0259rini tan\u0131tmaqd\u0131r&#8221; Az\u0259rbaycan Kinematoqraf\u00e7\u0131lar \u0130ttifaq\u0131 \u201cC\u0259nubda kino g\u00fcnl\u0259ri\u201d ... Davam\u0131","og_url":"https:\/\/www.meydan.tv\/az\/article\/cenubda-kino-gunleri-kecirilecek\/","og_site_name":"MEYDAN.TV","article_published_time":"2022-06-20T09:05:37+00:00","article_modified_time":"2022-06-20T09:05:39+00:00","og_image":[{"width":2560,"height":1440,"url":"https:\/\/www.meydan.tv\/wp-content\/uploads\/kino_budget-scaled.jpg","type":"image\/jpeg"}],"author":"elli","twitter_card":"summary_large_image","twitter_creator":"@elli","schema":{"@context":"https:\/\/schema.org","@graph":[{"@type":"Article","@id":"https:\/\/www.meydan.tv\/az\/article\/cenubda-kino-gunleri-kecirilecek\/#article","isPartOf":{"@id":"https:\/\/www.meydan.tv\/az\/article\/cenubda-kino-gunleri-kecirilecek\/"},"author":{"name":"elli","@id":"https:\/\/www.meydan.tv\/az\/#\/schema\/person\/9cdbecf90d17180ce1dfbd95b08dcf47"},"headline":"\u201cC\u0259nubda kino g\u00fcnl\u0259ri\u201d ke\u00e7iril\u0259c\u0259k","datePublished":"2022-06-20T09:05:37+00:00","dateModified":"2022-06-20T09:05:39+00:00","mainEntityOfPage":{"@id":"https:\/\/www.meydan.tv\/az\/article\/cenubda-kino-gunleri-kecirilecek\/"},"wordCount":271,"publisher":{"@id":"https:\/\/www.meydan.tv\/az\/#organization"},"image":{"@id":"https:\/\/www.meydan.tv\/az\/article\/cenubda-kino-gunleri-kecirilecek\/#primaryimage"},"thumbnailUrl":"https:\/\/www.meydan.tv\/wp-content\/uploads\/kino_budget-scaled-e1668775699603.jpg","articleSection":["M\u0259d\u0259niyy\u0259t","X\u0259b\u0259rl\u0259r"],"inLanguage":"az"},{"@type":"WebPage","@id":"https:\/\/www.meydan.tv\/az\/article\/cenubda-kino-gunleri-kecirilecek\/","url":"https:\/\/www.meydan.tv\/az\/article\/cenubda-kino-gunleri-kecirilecek\/","name":"\u201cC\u0259nubda kino g\u00fcnl\u0259ri\u201d ke\u00e7iril\u0259c\u0259k - MEYDAN.TV","isPartOf":{"@id":"https:\/\/www.meydan.tv\/az\/#website"},"primaryImageOfPage":{"@id":"https:\/\/www.meydan.tv\/az\/article\/cenubda-kino-gunleri-kecirilecek\/#primaryimage"},"image":{"@id":"https:\/\/www.meydan.tv\/az\/article\/cenubda-kino-gunleri-kecirilecek\/#primaryimage"},"thumbnailUrl":"https:\/\/www.meydan.tv\/wp-content\/uploads\/kino_budget-scaled-e1668775699603.jpg","datePublished":"2022-06-20T09:05:37+00:00","dateModified":"2022-06-20T09:05:39+00:00","breadcrumb":{"@id":"https:\/\/www.meydan.tv\/az\/article\/cenubda-kino-gunleri-kecirilecek\/#breadcrumb"},"inLanguage":"az","potentialAction":[{"@type":"ReadAction","target":["https:\/\/www.meydan.tv\/az\/article\/cenubda-kino-gunleri-kecirilecek\/"]}]},{"@type":"ImageObject","inLanguage":"az","@id":"https:\/\/www.meydan.tv\/az\/article\/cenubda-kino-gunleri-kecirilecek\/#primaryimage","url":"https:\/\/www.meydan.tv\/wp-content\/uploads\/kino_budget-scaled-e1668775699603.jpg","contentUrl":"https:\/\/www.meydan.tv\/wp-content\/uploads\/kino_budget-scaled-e1668775699603.jpg","width":2560,"height":1222,"caption":"Illustration: Meydan TV."},{"@type":"BreadcrumbList","@id":"https:\/\/www.meydan.tv\/az\/article\/cenubda-kino-gunleri-kecirilecek\/#breadcrumb","itemListElement":[{"@type":"ListItem","position":1,"name":"Ana s\u0259hif\u0259","item":"https:\/\/www.meydan.tv\/az\/"},{"@type":"ListItem","position":2,"name":"M\u0259d\u0259niyy\u0259t","item":"https:\/\/www.meydan.tv\/az\/section\/medeniyyet\/"},{"@type":"ListItem","position":3,"name":"\u201cC\u0259nubda kino g\u00fcnl\u0259ri\u201d ke\u00e7iril\u0259c\u0259k"}]},{"@type":"WebSite","@id":"https:\/\/www.meydan.tv\/az\/#website","url":"https:\/\/www.meydan.tv\/az\/","name":"MEYDAN.TV","description":"Meydan TV Az\u0259rbaycan\u0131n media m\u0259kan\u0131ndak\u0131 alternativ s\u0259sidir","publisher":{"@id":"https:\/\/www.meydan.tv\/az\/#organization"},"potentialAction":[{"@type":"SearchAction","target":{"@type":"EntryPoint","urlTemplate":"https:\/\/www.meydan.tv\/az\/?s={search_term_string}"},"query-input":{"@type":"PropertyValueSpecification","valueRequired":true,"valueName":"search_term_string"}}],"inLanguage":"az"},{"@type":"Organization","@id":"https:\/\/www.meydan.tv\/az\/#organization","name":"Meydan TV","url":"https:\/\/www.meydan.tv\/az\/","logo":{"@type":"ImageObject","inLanguage":"az","@id":"https:\/\/www.meydan.tv\/az\/#\/schema\/logo\/image\/","url":"https:\/\/www.meydan.tv\/wp-content\/uploads\/2021\/07\/meydan-logo.svg","contentUrl":"https:\/\/www.meydan.tv\/wp-content\/uploads\/2021\/07\/meydan-logo.svg","width":195,"height":46,"caption":"Meydan TV"},"image":{"@id":"https:\/\/www.meydan.tv\/az\/#\/schema\/logo\/image\/"}},{"@type":"Person","@id":"https:\/\/www.meydan.tv\/az\/#\/schema\/person\/9cdbecf90d17180ce1dfbd95b08dcf47","name":"elli","sameAs":["https:\/\/x.com\/elli"]}]}},"_links":{"self":[{"href":"https:\/\/www.meydan.tv\/az\/wp-json\/wp\/v2\/posts\/248776","targetHints":{"allow":["GET"]}}],"collection":[{"href":"https:\/\/www.meydan.tv\/az\/wp-json\/wp\/v2\/posts"}],"about":[{"href":"https:\/\/www.meydan.tv\/az\/wp-json\/wp\/v2\/types\/post"}],"author":[{"embeddable":true,"href":"https:\/\/www.meydan.tv\/az\/wp-json\/wp\/v2\/users\/8"}],"replies":[{"embeddable":true,"href":"https:\/\/www.meydan.tv\/az\/wp-json\/wp\/v2\/comments?post=248776"}],"version-history":[{"count":2,"href":"https:\/\/www.meydan.tv\/az\/wp-json\/wp\/v2\/posts\/248776\/revisions"}],"predecessor-version":[{"id":248779,"href":"https:\/\/www.meydan.tv\/az\/wp-json\/wp\/v2\/posts\/248776\/revisions\/248779"}],"wp:featuredmedia":[{"embeddable":true,"href":"https:\/\/www.meydan.tv\/az\/wp-json\/wp\/v2\/media\/247331"}],"wp:attachment":[{"href":"https:\/\/www.meydan.tv\/az\/wp-json\/wp\/v2\/media?parent=248776"}],"wp:term":[{"taxonomy":"category","embeddable":true,"href":"https:\/\/www.meydan.tv\/az\/wp-json\/wp\/v2\/categories?post=248776"},{"taxonomy":"post_tag","embeddable":true,"href":"https:\/\/www.meydan.tv\/az\/wp-json\/wp\/v2\/tags?post=248776"}],"curies":[{"name":"wp","href":"https:\/\/api.w.org\/{rel}","templated":true}]}}