{"id":248657,"date":"2022-06-17T17:39:26","date_gmt":"2022-06-17T13:39:26","guid":{"rendered":"https:\/\/www.meydan.tv\/?p=248657"},"modified":"2022-06-17T17:39:28","modified_gmt":"2022-06-17T13:39:28","slug":"nermin-itmemisden-evvel-atasi-anasini-niye-bicaqlamaq-isteyib","status":"publish","type":"post","link":"https:\/\/www.meydan.tv\/az\/article\/nermin-itmemisden-evvel-atasi-anasini-niye-bicaqlamaq-isteyib\/","title":{"rendered":"N\u0259rmin itm\u0259mi\u015fd\u0259n \u0259vv\u0259l atas\u0131 anas\u0131n\u0131 niy\u0259 b\u0131\u00e7aqlamaq ist\u0259yib?"},"content":{"rendered":"\n<p><em>N\u0259n\u0259 Minay\u0259 \u0130smay\u0131lova: \u201cQayn\u0131 L\u0259tifd\u0259n \u015f\u00fcbh\u0259l\u0259ndiyimi demi\u015f\u0259m, ona g\u00f6r\u0259 q\u0131z\u0131m m\u0259niml\u0259 dan\u0131\u015fm\u0131r\u201d<\/em><\/p>\n\n\n\n<p>Tovuz rayonunun Dondar Qu\u015f\u00e7u k\u0259ndind\u0259 2019-cu il noyabr\u0131n 21-d\u0259 10 ya\u015fl\u0131 N\u0259rmin Quliyevan\u0131n itkin d\u00fc\u015fm\u0259si, 47 g\u00fcn sonra k\u0259ndd\u0259 yanm\u0131\u015f meyitin tap\u0131lmas\u0131yla ba\u011fl\u0131 m\u0259hk\u0259m\u0259 prosesi iyunun 16-da davam edib. G\u0259nc\u0259 A\u011f\u0131r Cinay\u0259tl\u0259r M\u0259hk\u0259m\u0259sind\u0259 hakim Dada\u015f \u0130manovun s\u0259drliyil\u0259 ke\u00e7iril\u0259n bu m\u0259hk\u0259m\u0259 prosesind\u0259 s\u0259n\u0259dl\u0259rin elan\u0131 m\u0259rh\u0259l\u0259sidir.<\/p>\n\n\n\n<p>Bud\u0259f\u0259ki m\u0259hk\u0259m\u0259 iclas\u0131nda k\u0259nd sakinl\u0259rinin, el\u0259c\u0259 d\u0259 N\u0259rminin n\u0259n\u0259si (anas\u0131 Aynur\u0259 \u0130smay\u0131lovan\u0131n anas\u0131) Minay\u0259 \u0130smay\u0131lovan\u0131n istintaqdak\u0131 ifad\u0259l\u0259ri elan edilib. Bu \u015f\u0259xsl\u0259r vaxtil\u0259 prokurorluqda dindirils\u0259l\u0259r d\u0259, adlar\u0131 m\u0259hk\u0259m\u0259d\u0259 ittiham t\u0259r\u0259fin \u015fahidl\u0259ri siyah\u0131s\u0131na daxil edilm\u0259yib. Baxmayaraq ki, t\u0259qsirl\u0259ndiril\u0259n \u0130lkin S\u00fcleymanovun v\u0259kill\u0259ri Minay\u0259 \u0130smay\u0131lovan\u0131n m\u0259hk\u0259m\u0259y\u0259 d\u0259 \u00e7a\u011f\u0131r\u0131l\u0131b dindirilm\u0259sini t\u0259l\u0259b edirdi, m\u0259hk\u0259m\u0259 onu dindirm\u0259kd\u0259n imtina etdi.<\/p>\n\n\n\n<p>K\u0259nd sakinl\u0259rind\u0259n Adil Abdullayev bildirib ki, u\u015faq itkin d\u00fc\u015fd\u00fcy\u00fc g\u00fcn s\u0259h\u0259r saat 9-dan ax\u015fam saat 18.00-a q\u0259d\u0259r Dondar Qu\u015f\u00e7uda qohum-qon\u015fuya d\u0259v\u0259tnam\u0259 paylay\u0131b. Bu m\u00fcdd\u0259td\u0259 k\u00fc\u00e7\u0259d\u0259 n\u0259 N\u0259rmini g\u00f6r\u00fcb, n\u0259 d\u0259 onu o\u011furlay\u0131b \u00f6ld\u00fcrm\u0259kd\u0259 ittiham olunan \u0130lkin S\u00fcleymanovu.<\/p>\n\n\n\n<p>Ba\u015fqa bir k\u0259nd sakini is\u0259 u\u015fa\u011f\u0131n axtar\u0131\u015flar\u0131nda i\u015ftirak etdiyini bildirib. Deyib ki, \u00e7\u00f6ld\u0259ki sah\u0259l\u0259ri axtar\u0131rd\u0131lar.<\/p>\n\n\n\n<p>Daha sonra Minay\u0259 \u0130smay\u0131lovan\u0131n ifad\u0259si elan edilib. O, ifad\u0259sind\u0259 g\u00f6st\u0259rib ki, q\u0131z\u0131 Aynur\u0259 2007-ci ild\u0259 \u015e\u0259rif Quliyevl\u0259 ail\u0259 qurub. Onun s\u00f6zl\u0259rin\u0259 g\u00f6r\u0259, k\u00fcr\u0259k\u0259ni \u015e\u0259rif Quliyev\u0259 ciy\u0259r x\u0259st\u0259liyil\u0259 \u0259laq\u0259dar \u0259lillik t\u0259yin edilib.<\/p>\n\n\n\n<p>Minay\u0259t \u0130smay\u0131lova bildirib ki, k\u00fcr\u0259k\u0259ninin anas\u0131 Leyb\u0259 Quliyeva il\u0259 m\u00fcnasib\u0259tl\u0259ri yax\u015f\u0131 deyil. \u00c7\u00fcnki ill\u0259r \u00f6nc\u0259 Leyb\u0259 Quliyeva onun q\u0131z\u0131 Aynur\u0259ni iki u\u015faqla birlikd\u0259 evd\u0259n \u00e7\u0131xar\u0131b:<\/p>\n\n\n\n<p>\u201cOnda h\u0259l\u0259 \u00fc\u00e7\u00fcnc\u00fc q\u0131z \u015e\u0259han\u0259 do\u011fulmam\u0131\u015fd\u0131, \u015e\u0259bn\u0259m v\u0259 N\u0259rmin var idi. \u015e\u0259han\u0259 onlar m\u0259nim evimd\u0259 qalanda d\u00fcnyaya g\u0259ldi. Bir m\u00fcdd\u0259t m\u0259nim evimd\u0259 qald\u0131lar. Bir m\u00fcdd\u0259t d\u0259 kiray\u0259d\u0259 qald\u0131lar. Sonradan m\u0259nim d\u0259 d\u0259st\u0259yiml\u0259 ev tikib k\u00f6\u00e7d\u00fcl\u0259r. Bu h\u0259r\u0259k\u0259tin\u0259 g\u00f6r\u0259 Leyb\u0259 il\u0259 dan\u0131\u015fm\u0131rd\u0131m\u201d.<\/p>\n\n\n\n<p>Minay\u0259 \u0130smay\u0131lova istintaqda dindiril\u0259rk\u0259n \u00f6z q\u0131z\u0131 Aynur\u0259 \u0130smay\u0131lova il\u0259 d\u0259 k\u00fcs\u00fcl\u00fc olub. S\u0259b\u0259bini is\u0259 bel\u0259 izah edib:<\/p>\n\n\n\n<p>\u201cHaz\u0131rda q\u0131z\u0131m m\u0259niml\u0259 k\u00fcs\u00fcl\u00fcd\u00fcr. S\u0259b\u0259b is\u0259 telekanallarda dan\u0131\u015fanda qayn\u0131 L\u0259tifin ad\u0131n\u0131 \u00e7\u0259km\u0259yim olub. M\u0259n L\u0259tifd\u0259n \u015f\u00fcbh\u0259l\u0259ndiyimi demi\u015f\u0259m\u201d.<\/p>\n\n\n\n<p>N\u0259n\u0259si bildirib ki, u\u015fa\u011f\u0131 sonuncu d\u0259f\u0259 itkin d\u00fc\u015fm\u0259mi\u015fd\u0259n 7-8 g\u00fcn \u0259vv\u0259l g\u00f6rm\u00fc\u015fd\u00fc. Hadis\u0259 g\u00fcn\u00fcn\u0259 g\u0259linc\u0259, Minay\u0259 \u0130smay\u0131lova bunlar\u0131 dan\u0131\u015f\u0131b:<\/p>\n\n\n\n<p>\u201cQovlar q\u0259s\u0259b\u0259sind\u0259 i\u015fl\u0259yir\u0259m, h\u0259min g\u00fcn s\u0259h\u0259r i\u015f\u0259 getdim. Qay\u0131dandan sonra saat 19.00 rad\u0259l\u0259rind\u0259 \u015e\u0259bn\u0259m g\u0259ldi ki, N\u0259rmin burada deyil? Dedim ki, yox. \u00c7\u0131x\u0131b getdi. Gec\u0259 saat 1 rad\u0259l\u0259rind\u0259 qap\u0131m d\u00f6y\u00fcld\u00fc, dedil\u0259r ki, polisdir. Bir ne\u00e7\u0259 polis \u0259m\u0259kda\u015f\u0131 ev\u0259 daxil oldu, baxd\u0131lar. Sonra m\u0259n d\u0259 onlarla birlikd\u0259 ma\u015f\u0131nla q\u0131z\u0131mgil\u0259 getdim. Orada e\u015fitdim ki, g\u00fcnorta Arif \u0259misigil\u0259 g\u00f6d\u0259k\u00e7\u0259 apar\u0131b verib, sonra ke\u00e7ib L\u0259tifgild\u0259n d\u0259 atas\u0131n\u0131n g\u00f6d\u0259k\u00e7\u0259sini g\u00f6t\u00fcr\u00fcb, ondan sonra yoxdur. Bir m\u00fcdd\u0259t sonra \u015e\u0259bn\u0259m onun arxas\u0131nca gedib, deyibl\u0259r ki, d\u0259rhal \u00e7\u0131x\u0131b gedib. \u015e\u0259bn\u0259m qay\u0131danda onu bir sar\u0131 ma\u015f\u0131na mindirm\u0259k ist\u0259yibl\u0259r, minm\u0259yib\u201d.<\/p>\n\n\n\n<p>N\u0259rminin atas\u0131 \u015e\u0259rif Quliyev m\u0259hk\u0259m\u0259d\u0259 ifad\u0259sind\u0259 bildirmi\u015fdi ki, h\u0259min g\u00fcn toyax\u015fam\u0131ndan qay\u0131dandan sonra ax\u015fam saat 21.00-22.00 rad\u0259l\u0259rind\u0259 qay\u0131nanas\u0131gil\u0259 gedib, u\u015fa\u011f\u0131n\u0131 soru\u015fub. Lakin qay\u0131nanas\u0131 onun evin\u0259 daha tez \u2013 saat 19.00 rad\u0259l\u0259rind\u0259 n\u0259v\u0259si \u015e\u0259bn\u0259min g\u0259ldiyini bildirib.<\/p>\n\n\n\n<p>V\u0259kill\u0259r bu ziddiyy\u0259ti \u015e\u0259rif Quliyevl\u0259 ayd\u0131nla\u015fd\u0131rma\u011fa \u00e7al\u0131\u015f\u0131b. O bildirib ki, q\u0131z\u0131 \u015e\u0259bn\u0259ml\u0259 birlikd\u0259 \u00f6z\u00fc d\u0259 getmi\u015fdi. Halbuki, \u015e\u0259rif Quliyev \u00f6z\u00fc d\u0259 ifad\u0259sind\u0259 deyib ki, o g\u00fcn saat 18.00 rad\u0259l\u0259rind\u0259n 20.00 rad\u0259l\u0259rin\u0259 q\u0259d\u0259r ba\u015fqa k\u0259ndd\u0259 toyax\u015fam\u0131nda olub. Bu bax\u0131mdan 19.00 rad\u0259l\u0259rind\u0259 qay\u0131nanas\u0131gild\u0259 ola bilm\u0259zdi.<\/p>\n\n\n\n<p>V\u0259kill\u0259r ondan soru\u015fub ki, b\u0259s niy\u0259 q\u0131z\u0131 \u015e\u0259bn\u0259m g\u00fcnorta g\u0259lib ona N\u0259rminin yoxa \u00e7\u0131xd\u0131\u011f\u0131n\u0131 x\u0259b\u0259r ver\u0259nd\u0259n d\u0259rhal sonra u\u015fa\u011f\u0131 axtarma\u011fa ba\u015flamay\u0131b?<\/p>\n\n\n\n<figure class=\"wp-block-image size-full\"><img decoding=\"async\" width=\"1200\" height=\"800\" data-src=\"https:\/\/www.meydan.tv\/wp-content\/uploads\/untitled-design-2-2.gif\" alt=\"\" class=\"wp-image-227379 lazyload\" src=\"data:image\/svg+xml;base64,PHN2ZyB3aWR0aD0iMSIgaGVpZ2h0PSIxIiB4bWxucz0iaHR0cDovL3d3dy53My5vcmcvMjAwMC9zdmciPjwvc3ZnPg==\" style=\"--smush-placeholder-width: 1200px; --smush-placeholder-aspect-ratio: 1200\/800;\" \/><figcaption>N\u0259rmin Quliyevan\u0131n atas\u0131 \u015e\u0259rif Quliyev, Foto: Meydan TV<\/figcaption><\/figure>\n\n\n\n<p>\u201cB\u0259lk\u0259 d\u0259 s\u0259n o u\u015fa\u011f\u0131 vaxt\u0131nda axtarsayd\u0131n, he\u00e7 i\u015fl\u0259r g\u0259lib bu yer\u0259 \u00e7\u0131xmazd\u0131\u2026\u201d, &#8211; v\u0259kill\u0259rd\u0259n biri bel\u0259 deyib.<\/p>\n\n\n\n<p>O is\u0259 cavab\u0131nda deyib ki, u\u015fa\u011f\u0131n\u0131 47 g\u00fcn axtar\u0131b.<\/p>\n\n\n\n<p>Minay\u0259 \u0130smay\u0131lovan\u0131n i\u015f materiallar\u0131nda daha bir ifad\u0259si var. H\u0259min ifad\u0259d\u0259 is\u0259 o bildirib ki, q\u0131z\u0131 Aynur\u0259 kafed\u0259 i\u015fl\u0259yirdi. Hadis\u0259d\u0259n bir m\u00fcdd\u0259t \u0259vv\u0259l k\u00fcr\u0259k\u0259ni \u015e\u0259rif Quliyev s\u0259rxo\u015f v\u0259ziyy\u0259td\u0259 Aynur\u0259 \u0130smay\u0131lovan\u0131n i\u015fl\u0259diyi kafey\u0259 g\u0259l\u0259r\u0259k, onu b\u0131\u00e7aqlamaq ist\u0259yib. H\u0259min vaxt qorxuya d\u00fc\u015f\u0259n q\u0131z\u0131 ona z\u0259ng edib, i\u015f yerin\u0259 g\u0259lm\u0259sini ist\u0259yib. O da taksi il\u0259 q\u0131z\u0131n\u0131n i\u015fin\u0259 gedib. H\u0259min g\u00fcn yolda \u015e\u0259rif Quliyevi g\u00f6r\u00fcb \u00e7a\u011f\u0131rsa da, k\u00fcr\u0259k\u0259ni ona \u0259h\u0259miyy\u0259t verm\u0259yib. Q\u0131z\u0131n\u0131 i\u015f yerind\u0259n g\u00f6t\u00fcr\u00fcb, birlikd\u0259 polis \u015f\u00f6b\u0259sin\u0259 gedibl\u0259r, orada \u0259rinin Aynur\u0259 \u0130smay\u0131lovan\u0131n ba\u015f\u0131na g\u0259tirdikl\u0259rini dan\u0131\u015f\u0131blar. Bir ne\u00e7\u0259 g\u00fcn sonra yenid\u0259n polis \u015f\u00f6b\u0259sin\u0259 gedibl\u0259r. Bu d\u0259f\u0259 is\u0259 q\u0131z\u0131 \u0259ri il\u0259 bar\u0131\u015fd\u0131\u011f\u0131n\u0131 bildirib.<\/p>\n\n\n\n<p>M\u0259hk\u0259m\u0259 prosesi iyulun 13-d\u0259 davam ed\u0259c\u0259k.<\/p>\n\n\n\n<p>1973-c\u00fc il t\u0259v\u0259ll\u00fcdl\u00fc \u0130lkin S\u00fcleymanov Cinay\u0259t M\u0259c\u0259ll\u0259sinin 120.2.4 (x\u00fcsusi amans\u0131zl\u0131qla q\u0259sd\u0259n adam \u00f6ld\u00fcrm\u0259), 120.2.9 (t\u0259qsirkar \u015f\u0259xs \u00fc\u00e7\u00fcn a\u015fkar sur\u0259td\u0259 k\u00f6m\u0259ksiz v\u0259ziyy\u0259td\u0259 olan adam\u0131 q\u0259sd\u0259n \u00f6ld\u00fcrm\u0259), 133.2.1 (o\u011furlanm\u0131\u015f \u015f\u0259xs\u0259 \u0259zab verm\u0259), 133.2.4 (yetkinlik ya\u015f\u0131na \u00e7atmayan, k\u00f6m\u0259ksiz v\u0259ziyy\u0259td\u0259 olan \u015f\u0259xs\u0259 \u0259zab verm\u0259), 144-c\u00fc (adam o\u011furlu\u011fu) madd\u0259l\u0259ril\u0259 ittiham olunur.<\/p>\n\n\n\n<p>\u0130ttihama \u0259sas\u0259n, o, sinif yolda\u015f\u0131 \u015e\u0259rif Quliyevin ail\u0259si, u\u015faqlar\u0131 oldu\u011funa g\u00f6r\u0259 onu q\u0131sqan\u0131b, buna g\u00f6r\u0259 d\u0259 onun q\u0131z\u0131 N\u0259rmini o\u011furlayaraq, 47 g\u00fcn sonra q\u0259tl\u0259 yetirib.<\/p>\n\n\n\n<p>\u0130lkin S\u00fcleymanov is\u0259 azya\u015fl\u0131n\u0131n \u00f6l\u00fcm\u00fcn\u0259 aidiyy\u0259ti olmad\u0131\u011f\u0131n\u0131 deyir. \u0130lkin ifad\u0259sind\u0259ki etirafa g\u0259linc\u0259, o bildirib ki, 2020-ci il yanvar\u0131n 6-dan 10-na q\u0259d\u0259r Tovuz rayon Polis \u015e\u00f6b\u0259sind\u0259 i\u015fg\u0259nc\u0259y\u0259 m\u0259ruz qal\u0131b. D\u00f6rd g\u00fcn sonra i\u015fg\u0259nc\u0259l\u0259r\u0259 d\u00f6zm\u0259y\u0259r\u0259k, etiraf ifad\u0259sin\u0259 imza atma\u011fa m\u0259cbur olub.<\/p>\n\n\n\n<p>Ba\u015f Prokurorluq is\u0259 i\u015fg\u0259nc\u0259 iddialar\u0131n\u0131 t\u0259kzib edib.<\/p>\n","protected":false},"excerpt":{"rendered":"<p>N\u0259n\u0259 Minay\u0259 \u0130smay\u0131lova: \u201cQayn\u0131 L\u0259tifd\u0259n \u015f\u00fcbh\u0259l\u0259ndiyimi demi\u015f\u0259m, ona g\u00f6r\u0259 q\u0131z\u0131m &#8230; <\/p>\n<p class=\"read-more-container\"><a title=\"N\u0259rmin itm\u0259mi\u015fd\u0259n \u0259vv\u0259l atas\u0131 anas\u0131n\u0131 niy\u0259 b\u0131\u00e7aqlamaq ist\u0259yib?\" class=\"read-more button\" href=\"https:\/\/www.meydan.tv\/az\/article\/nermin-itmemisden-evvel-atasi-anasini-niye-bicaqlamaq-isteyib\/#more-248657\" aria-label=\"Read more about N\u0259rmin itm\u0259mi\u015fd\u0259n \u0259vv\u0259l atas\u0131 anas\u0131n\u0131 niy\u0259 b\u0131\u00e7aqlamaq ist\u0259yib?\">Davam\u0131<\/a><\/p>\n","protected":false},"author":8,"featured_media":241424,"comment_status":"closed","ping_status":"closed","sticky":false,"template":"","format":"standard","meta":{"_acf_changed":false,"_sitemap_exclude":false,"_sitemap_priority":"","_sitemap_frequency":"","footnotes":""},"categories":[60,79,56],"tags":[],"class_list":["post-248657","post","type-post","status-publish","format-standard","has-post-thumbnail","hentry","category-bolge","category-featured","category-xeberler","infinite-scroll-item","generate-columns","tablet-grid-50","mobile-grid-100","grid-parent","grid-33","no-featured-image-padding"],"acf":[],"yoast_head":"<!-- This site is optimized with the Yoast SEO plugin v27.5 - https:\/\/yoast.com\/product\/yoast-seo-wordpress\/ -->\n<title>N\u0259rmin itm\u0259mi\u015fd\u0259n \u0259vv\u0259l atas\u0131 anas\u0131n\u0131 niy\u0259 b\u0131\u00e7aqlamaq ist\u0259yib? - MEYDAN.TV<\/title>\n<meta name=\"robots\" content=\"index, follow, max-snippet:-1, max-image-preview:large, max-video-preview:-1\" \/>\n<link rel=\"canonical\" href=\"https:\/\/www.meydan.tv\/az\/article\/nermin-itmemisden-evvel-atasi-anasini-niye-bicaqlamaq-isteyib\/\" \/>\n<meta property=\"og:locale\" content=\"az_AZ\" \/>\n<meta property=\"og:type\" content=\"article\" \/>\n<meta property=\"og:title\" content=\"N\u0259rmin itm\u0259mi\u015fd\u0259n \u0259vv\u0259l atas\u0131 anas\u0131n\u0131 niy\u0259 b\u0131\u00e7aqlamaq ist\u0259yib? - MEYDAN.TV\" \/>\n<meta property=\"og:description\" content=\"N\u0259n\u0259 Minay\u0259 \u0130smay\u0131lova: \u201cQayn\u0131 L\u0259tifd\u0259n \u015f\u00fcbh\u0259l\u0259ndiyimi demi\u015f\u0259m, ona g\u00f6r\u0259 q\u0131z\u0131m ... Davam\u0131\" \/>\n<meta property=\"og:url\" content=\"https:\/\/www.meydan.tv\/az\/article\/nermin-itmemisden-evvel-atasi-anasini-niye-bicaqlamaq-isteyib\/\" \/>\n<meta property=\"og:site_name\" content=\"MEYDAN.TV\" \/>\n<meta property=\"article:published_time\" content=\"2022-06-17T13:39:26+00:00\" \/>\n<meta property=\"article:modified_time\" content=\"2022-06-17T13:39:28+00:00\" \/>\n<meta property=\"og:image\" content=\"https:\/\/www.meydan.tv\/wp-content\/uploads\/photo-2022-04-11-16-04-01-e1649746574597.jpg\" \/>\n\t<meta property=\"og:image:width\" content=\"1200\" \/>\n\t<meta property=\"og:image:height\" content=\"711\" \/>\n\t<meta property=\"og:image:type\" content=\"image\/jpeg\" \/>\n<meta name=\"author\" content=\"elli\" \/>\n<meta name=\"twitter:card\" content=\"summary_large_image\" \/>\n<meta name=\"twitter:creator\" content=\"@elli\" \/>\n<script type=\"application\/ld+json\" class=\"yoast-schema-graph\">{\"@context\":\"https:\\\/\\\/schema.org\",\"@graph\":[{\"@type\":\"Article\",\"@id\":\"https:\\\/\\\/www.meydan.tv\\\/az\\\/article\\\/nermin-itmemisden-evvel-atasi-anasini-niye-bicaqlamaq-isteyib\\\/#article\",\"isPartOf\":{\"@id\":\"https:\\\/\\\/www.meydan.tv\\\/az\\\/article\\\/nermin-itmemisden-evvel-atasi-anasini-niye-bicaqlamaq-isteyib\\\/\"},\"author\":{\"name\":\"elli\",\"@id\":\"https:\\\/\\\/www.meydan.tv\\\/az\\\/#\\\/schema\\\/person\\\/9cdbecf90d17180ce1dfbd95b08dcf47\"},\"headline\":\"N\u0259rmin itm\u0259mi\u015fd\u0259n \u0259vv\u0259l atas\u0131 anas\u0131n\u0131 niy\u0259 b\u0131\u00e7aqlamaq ist\u0259yib?\",\"datePublished\":\"2022-06-17T13:39:26+00:00\",\"dateModified\":\"2022-06-17T13:39:28+00:00\",\"mainEntityOfPage\":{\"@id\":\"https:\\\/\\\/www.meydan.tv\\\/az\\\/article\\\/nermin-itmemisden-evvel-atasi-anasini-niye-bicaqlamaq-isteyib\\\/\"},\"wordCount\":1311,\"publisher\":{\"@id\":\"https:\\\/\\\/www.meydan.tv\\\/az\\\/#organization\"},\"image\":{\"@id\":\"https:\\\/\\\/www.meydan.tv\\\/az\\\/article\\\/nermin-itmemisden-evvel-atasi-anasini-niye-bicaqlamaq-isteyib\\\/#primaryimage\"},\"thumbnailUrl\":\"https:\\\/\\\/www.meydan.tv\\\/wp-content\\\/uploads\\\/photo-2022-04-11-16-04-01-e1685950918665.jpg\",\"articleSection\":[\"B\u00f6lg\u0259\",\"T\u00f6vsiy\u0259\",\"X\u0259b\u0259rl\u0259r\"],\"inLanguage\":\"az\"},{\"@type\":\"WebPage\",\"@id\":\"https:\\\/\\\/www.meydan.tv\\\/az\\\/article\\\/nermin-itmemisden-evvel-atasi-anasini-niye-bicaqlamaq-isteyib\\\/\",\"url\":\"https:\\\/\\\/www.meydan.tv\\\/az\\\/article\\\/nermin-itmemisden-evvel-atasi-anasini-niye-bicaqlamaq-isteyib\\\/\",\"name\":\"N\u0259rmin itm\u0259mi\u015fd\u0259n \u0259vv\u0259l atas\u0131 anas\u0131n\u0131 niy\u0259 b\u0131\u00e7aqlamaq ist\u0259yib? - MEYDAN.TV\",\"isPartOf\":{\"@id\":\"https:\\\/\\\/www.meydan.tv\\\/az\\\/#website\"},\"primaryImageOfPage\":{\"@id\":\"https:\\\/\\\/www.meydan.tv\\\/az\\\/article\\\/nermin-itmemisden-evvel-atasi-anasini-niye-bicaqlamaq-isteyib\\\/#primaryimage\"},\"image\":{\"@id\":\"https:\\\/\\\/www.meydan.tv\\\/az\\\/article\\\/nermin-itmemisden-evvel-atasi-anasini-niye-bicaqlamaq-isteyib\\\/#primaryimage\"},\"thumbnailUrl\":\"https:\\\/\\\/www.meydan.tv\\\/wp-content\\\/uploads\\\/photo-2022-04-11-16-04-01-e1685950918665.jpg\",\"datePublished\":\"2022-06-17T13:39:26+00:00\",\"dateModified\":\"2022-06-17T13:39:28+00:00\",\"breadcrumb\":{\"@id\":\"https:\\\/\\\/www.meydan.tv\\\/az\\\/article\\\/nermin-itmemisden-evvel-atasi-anasini-niye-bicaqlamaq-isteyib\\\/#breadcrumb\"},\"inLanguage\":\"az\",\"potentialAction\":[{\"@type\":\"ReadAction\",\"target\":[\"https:\\\/\\\/www.meydan.tv\\\/az\\\/article\\\/nermin-itmemisden-evvel-atasi-anasini-niye-bicaqlamaq-isteyib\\\/\"]}]},{\"@type\":\"ImageObject\",\"inLanguage\":\"az\",\"@id\":\"https:\\\/\\\/www.meydan.tv\\\/az\\\/article\\\/nermin-itmemisden-evvel-atasi-anasini-niye-bicaqlamaq-isteyib\\\/#primaryimage\",\"url\":\"https:\\\/\\\/www.meydan.tv\\\/wp-content\\\/uploads\\\/photo-2022-04-11-16-04-01-e1685950918665.jpg\",\"contentUrl\":\"https:\\\/\\\/www.meydan.tv\\\/wp-content\\\/uploads\\\/photo-2022-04-11-16-04-01-e1685950918665.jpg\",\"width\":1200,\"height\":450,\"caption\":\"\u0130lkin S\u00fcleymanov. Foto: Meydan TV\"},{\"@type\":\"BreadcrumbList\",\"@id\":\"https:\\\/\\\/www.meydan.tv\\\/az\\\/article\\\/nermin-itmemisden-evvel-atasi-anasini-niye-bicaqlamaq-isteyib\\\/#breadcrumb\",\"itemListElement\":[{\"@type\":\"ListItem\",\"position\":1,\"name\":\"Ana s\u0259hif\u0259\",\"item\":\"https:\\\/\\\/www.meydan.tv\\\/az\\\/\"},{\"@type\":\"ListItem\",\"position\":2,\"name\":\"B\u00f6lg\u0259\",\"item\":\"https:\\\/\\\/www.meydan.tv\\\/az\\\/section\\\/bolge\\\/\"},{\"@type\":\"ListItem\",\"position\":3,\"name\":\"N\u0259rmin itm\u0259mi\u015fd\u0259n \u0259vv\u0259l atas\u0131 anas\u0131n\u0131 niy\u0259 b\u0131\u00e7aqlamaq ist\u0259yib?\"}]},{\"@type\":\"WebSite\",\"@id\":\"https:\\\/\\\/www.meydan.tv\\\/az\\\/#website\",\"url\":\"https:\\\/\\\/www.meydan.tv\\\/az\\\/\",\"name\":\"MEYDAN.TV\",\"description\":\"Meydan TV Az\u0259rbaycan\u0131n media m\u0259kan\u0131ndak\u0131 alternativ s\u0259sidir\",\"publisher\":{\"@id\":\"https:\\\/\\\/www.meydan.tv\\\/az\\\/#organization\"},\"potentialAction\":[{\"@type\":\"SearchAction\",\"target\":{\"@type\":\"EntryPoint\",\"urlTemplate\":\"https:\\\/\\\/www.meydan.tv\\\/az\\\/?s={search_term_string}\"},\"query-input\":{\"@type\":\"PropertyValueSpecification\",\"valueRequired\":true,\"valueName\":\"search_term_string\"}}],\"inLanguage\":\"az\"},{\"@type\":\"Organization\",\"@id\":\"https:\\\/\\\/www.meydan.tv\\\/az\\\/#organization\",\"name\":\"Meydan TV\",\"url\":\"https:\\\/\\\/www.meydan.tv\\\/az\\\/\",\"logo\":{\"@type\":\"ImageObject\",\"inLanguage\":\"az\",\"@id\":\"https:\\\/\\\/www.meydan.tv\\\/az\\\/#\\\/schema\\\/logo\\\/image\\\/\",\"url\":\"https:\\\/\\\/www.meydan.tv\\\/wp-content\\\/uploads\\\/2021\\\/07\\\/meydan-logo.svg\",\"contentUrl\":\"https:\\\/\\\/www.meydan.tv\\\/wp-content\\\/uploads\\\/2021\\\/07\\\/meydan-logo.svg\",\"width\":195,\"height\":46,\"caption\":\"Meydan TV\"},\"image\":{\"@id\":\"https:\\\/\\\/www.meydan.tv\\\/az\\\/#\\\/schema\\\/logo\\\/image\\\/\"}},{\"@type\":\"Person\",\"@id\":\"https:\\\/\\\/www.meydan.tv\\\/az\\\/#\\\/schema\\\/person\\\/9cdbecf90d17180ce1dfbd95b08dcf47\",\"name\":\"elli\",\"sameAs\":[\"https:\\\/\\\/x.com\\\/elli\"]}]}<\/script>\n<!-- \/ Yoast SEO plugin. -->","yoast_head_json":{"title":"N\u0259rmin itm\u0259mi\u015fd\u0259n \u0259vv\u0259l atas\u0131 anas\u0131n\u0131 niy\u0259 b\u0131\u00e7aqlamaq ist\u0259yib? - MEYDAN.TV","robots":{"index":"index","follow":"follow","max-snippet":"max-snippet:-1","max-image-preview":"max-image-preview:large","max-video-preview":"max-video-preview:-1"},"canonical":"https:\/\/www.meydan.tv\/az\/article\/nermin-itmemisden-evvel-atasi-anasini-niye-bicaqlamaq-isteyib\/","og_locale":"az_AZ","og_type":"article","og_title":"N\u0259rmin itm\u0259mi\u015fd\u0259n \u0259vv\u0259l atas\u0131 anas\u0131n\u0131 niy\u0259 b\u0131\u00e7aqlamaq ist\u0259yib? - MEYDAN.TV","og_description":"N\u0259n\u0259 Minay\u0259 \u0130smay\u0131lova: \u201cQayn\u0131 L\u0259tifd\u0259n \u015f\u00fcbh\u0259l\u0259ndiyimi demi\u015f\u0259m, ona g\u00f6r\u0259 q\u0131z\u0131m ... Davam\u0131","og_url":"https:\/\/www.meydan.tv\/az\/article\/nermin-itmemisden-evvel-atasi-anasini-niye-bicaqlamaq-isteyib\/","og_site_name":"MEYDAN.TV","article_published_time":"2022-06-17T13:39:26+00:00","article_modified_time":"2022-06-17T13:39:28+00:00","og_image":[{"width":1200,"height":711,"url":"https:\/\/www.meydan.tv\/wp-content\/uploads\/photo-2022-04-11-16-04-01-e1649746574597.jpg","type":"image\/jpeg"}],"author":"elli","twitter_card":"summary_large_image","twitter_creator":"@elli","schema":{"@context":"https:\/\/schema.org","@graph":[{"@type":"Article","@id":"https:\/\/www.meydan.tv\/az\/article\/nermin-itmemisden-evvel-atasi-anasini-niye-bicaqlamaq-isteyib\/#article","isPartOf":{"@id":"https:\/\/www.meydan.tv\/az\/article\/nermin-itmemisden-evvel-atasi-anasini-niye-bicaqlamaq-isteyib\/"},"author":{"name":"elli","@id":"https:\/\/www.meydan.tv\/az\/#\/schema\/person\/9cdbecf90d17180ce1dfbd95b08dcf47"},"headline":"N\u0259rmin itm\u0259mi\u015fd\u0259n \u0259vv\u0259l atas\u0131 anas\u0131n\u0131 niy\u0259 b\u0131\u00e7aqlamaq ist\u0259yib?","datePublished":"2022-06-17T13:39:26+00:00","dateModified":"2022-06-17T13:39:28+00:00","mainEntityOfPage":{"@id":"https:\/\/www.meydan.tv\/az\/article\/nermin-itmemisden-evvel-atasi-anasini-niye-bicaqlamaq-isteyib\/"},"wordCount":1311,"publisher":{"@id":"https:\/\/www.meydan.tv\/az\/#organization"},"image":{"@id":"https:\/\/www.meydan.tv\/az\/article\/nermin-itmemisden-evvel-atasi-anasini-niye-bicaqlamaq-isteyib\/#primaryimage"},"thumbnailUrl":"https:\/\/www.meydan.tv\/wp-content\/uploads\/photo-2022-04-11-16-04-01-e1685950918665.jpg","articleSection":["B\u00f6lg\u0259","T\u00f6vsiy\u0259","X\u0259b\u0259rl\u0259r"],"inLanguage":"az"},{"@type":"WebPage","@id":"https:\/\/www.meydan.tv\/az\/article\/nermin-itmemisden-evvel-atasi-anasini-niye-bicaqlamaq-isteyib\/","url":"https:\/\/www.meydan.tv\/az\/article\/nermin-itmemisden-evvel-atasi-anasini-niye-bicaqlamaq-isteyib\/","name":"N\u0259rmin itm\u0259mi\u015fd\u0259n \u0259vv\u0259l atas\u0131 anas\u0131n\u0131 niy\u0259 b\u0131\u00e7aqlamaq ist\u0259yib? - MEYDAN.TV","isPartOf":{"@id":"https:\/\/www.meydan.tv\/az\/#website"},"primaryImageOfPage":{"@id":"https:\/\/www.meydan.tv\/az\/article\/nermin-itmemisden-evvel-atasi-anasini-niye-bicaqlamaq-isteyib\/#primaryimage"},"image":{"@id":"https:\/\/www.meydan.tv\/az\/article\/nermin-itmemisden-evvel-atasi-anasini-niye-bicaqlamaq-isteyib\/#primaryimage"},"thumbnailUrl":"https:\/\/www.meydan.tv\/wp-content\/uploads\/photo-2022-04-11-16-04-01-e1685950918665.jpg","datePublished":"2022-06-17T13:39:26+00:00","dateModified":"2022-06-17T13:39:28+00:00","breadcrumb":{"@id":"https:\/\/www.meydan.tv\/az\/article\/nermin-itmemisden-evvel-atasi-anasini-niye-bicaqlamaq-isteyib\/#breadcrumb"},"inLanguage":"az","potentialAction":[{"@type":"ReadAction","target":["https:\/\/www.meydan.tv\/az\/article\/nermin-itmemisden-evvel-atasi-anasini-niye-bicaqlamaq-isteyib\/"]}]},{"@type":"ImageObject","inLanguage":"az","@id":"https:\/\/www.meydan.tv\/az\/article\/nermin-itmemisden-evvel-atasi-anasini-niye-bicaqlamaq-isteyib\/#primaryimage","url":"https:\/\/www.meydan.tv\/wp-content\/uploads\/photo-2022-04-11-16-04-01-e1685950918665.jpg","contentUrl":"https:\/\/www.meydan.tv\/wp-content\/uploads\/photo-2022-04-11-16-04-01-e1685950918665.jpg","width":1200,"height":450,"caption":"\u0130lkin S\u00fcleymanov. Foto: Meydan TV"},{"@type":"BreadcrumbList","@id":"https:\/\/www.meydan.tv\/az\/article\/nermin-itmemisden-evvel-atasi-anasini-niye-bicaqlamaq-isteyib\/#breadcrumb","itemListElement":[{"@type":"ListItem","position":1,"name":"Ana s\u0259hif\u0259","item":"https:\/\/www.meydan.tv\/az\/"},{"@type":"ListItem","position":2,"name":"B\u00f6lg\u0259","item":"https:\/\/www.meydan.tv\/az\/section\/bolge\/"},{"@type":"ListItem","position":3,"name":"N\u0259rmin itm\u0259mi\u015fd\u0259n \u0259vv\u0259l atas\u0131 anas\u0131n\u0131 niy\u0259 b\u0131\u00e7aqlamaq ist\u0259yib?"}]},{"@type":"WebSite","@id":"https:\/\/www.meydan.tv\/az\/#website","url":"https:\/\/www.meydan.tv\/az\/","name":"MEYDAN.TV","description":"Meydan TV Az\u0259rbaycan\u0131n media m\u0259kan\u0131ndak\u0131 alternativ s\u0259sidir","publisher":{"@id":"https:\/\/www.meydan.tv\/az\/#organization"},"potentialAction":[{"@type":"SearchAction","target":{"@type":"EntryPoint","urlTemplate":"https:\/\/www.meydan.tv\/az\/?s={search_term_string}"},"query-input":{"@type":"PropertyValueSpecification","valueRequired":true,"valueName":"search_term_string"}}],"inLanguage":"az"},{"@type":"Organization","@id":"https:\/\/www.meydan.tv\/az\/#organization","name":"Meydan TV","url":"https:\/\/www.meydan.tv\/az\/","logo":{"@type":"ImageObject","inLanguage":"az","@id":"https:\/\/www.meydan.tv\/az\/#\/schema\/logo\/image\/","url":"https:\/\/www.meydan.tv\/wp-content\/uploads\/2021\/07\/meydan-logo.svg","contentUrl":"https:\/\/www.meydan.tv\/wp-content\/uploads\/2021\/07\/meydan-logo.svg","width":195,"height":46,"caption":"Meydan TV"},"image":{"@id":"https:\/\/www.meydan.tv\/az\/#\/schema\/logo\/image\/"}},{"@type":"Person","@id":"https:\/\/www.meydan.tv\/az\/#\/schema\/person\/9cdbecf90d17180ce1dfbd95b08dcf47","name":"elli","sameAs":["https:\/\/x.com\/elli"]}]}},"_links":{"self":[{"href":"https:\/\/www.meydan.tv\/az\/wp-json\/wp\/v2\/posts\/248657","targetHints":{"allow":["GET"]}}],"collection":[{"href":"https:\/\/www.meydan.tv\/az\/wp-json\/wp\/v2\/posts"}],"about":[{"href":"https:\/\/www.meydan.tv\/az\/wp-json\/wp\/v2\/types\/post"}],"author":[{"embeddable":true,"href":"https:\/\/www.meydan.tv\/az\/wp-json\/wp\/v2\/users\/8"}],"replies":[{"embeddable":true,"href":"https:\/\/www.meydan.tv\/az\/wp-json\/wp\/v2\/comments?post=248657"}],"version-history":[{"count":1,"href":"https:\/\/www.meydan.tv\/az\/wp-json\/wp\/v2\/posts\/248657\/revisions"}],"predecessor-version":[{"id":248658,"href":"https:\/\/www.meydan.tv\/az\/wp-json\/wp\/v2\/posts\/248657\/revisions\/248658"}],"wp:featuredmedia":[{"embeddable":true,"href":"https:\/\/www.meydan.tv\/az\/wp-json\/wp\/v2\/media\/241424"}],"wp:attachment":[{"href":"https:\/\/www.meydan.tv\/az\/wp-json\/wp\/v2\/media?parent=248657"}],"wp:term":[{"taxonomy":"category","embeddable":true,"href":"https:\/\/www.meydan.tv\/az\/wp-json\/wp\/v2\/categories?post=248657"},{"taxonomy":"post_tag","embeddable":true,"href":"https:\/\/www.meydan.tv\/az\/wp-json\/wp\/v2\/tags?post=248657"}],"curies":[{"name":"wp","href":"https:\/\/api.w.org\/{rel}","templated":true}]}}